{"id":2056,"date":"2025-10-30T20:42:54","date_gmt":"2025-10-30T23:42:54","guid":{"rendered":"https:\/\/lacerdaai.com\/br\/o-verdadeiro-motivo-das-demissoes-na-amazon-nao-e-ia-e-a-cultura-empresarial\/"},"modified":"2025-10-30T20:42:55","modified_gmt":"2025-10-30T23:42:55","slug":"o-verdadeiro-motivo-das-demissoes-na-amazon-nao-e-ia-e-a-cultura-empresarial","status":"publish","type":"post","link":"https:\/\/lacerdaai.com\/br\/o-verdadeiro-motivo-das-demissoes-na-amazon-nao-e-ia-e-a-cultura-empresarial\/","title":{"rendered":"O Verdadeiro Motivo das Demiss\u00f5es na Amazon: N\u00e3o \u00e9 IA, \u00e9 a Cultura Empresarial"},"content":{"rendered":"<p>Em um cen\u00e1rio global de constante transforma\u00e7\u00e3o, as grandes empresas de tecnologia s\u00e3o frequentemente o epicentro de not\u00edcias que moldam o futuro do trabalho e da economia. Quando a Amazon, um dos gigantes incontest\u00e1veis do setor, anunciou a demiss\u00e3o de cerca de 14 mil funcion\u00e1rios, o mundo tecnol\u00f3gico parou para especular. As raz\u00f5es mais comuns que vieram \u00e0 mente? Instabilidade econ\u00f4mica, reajustes p\u00f3s-pandemia, ou, quem sabe, a ascens\u00e3o impar\u00e1vel da intelig\u00eancia artificial assumindo fun\u00e7\u00f5es antes desempenhadas por humanos. No entanto, a explica\u00e7\u00e3o de Andy Jassy, CEO da Amazon, surpreendeu a muitos: o motivo principal n\u00e3o foi dinheiro e nem mesmo a IA, mas sim a &#8220;cultura&#8221; da empresa.<\/p>\n<p>Essa revela\u00e7\u00e3o de Jassy nos convida a uma reflex\u00e3o profunda sobre o que realmente move as decis\u00f5es estrat\u00e9gicas em grandes corpora\u00e7\u00f5es e como a ess\u00eancia de uma organiza\u00e7\u00e3o pode ser t\u00e3o crucial quanto seus balan\u00e7os financeiros ou suas inova\u00e7\u00f5es tecnol\u00f3gicas. Longe de ser apenas um jarg\u00e3o corporativo, a cultura \u00e9 a espinha dorsal de qualquer empresa, ditando como as equipes colaboram, como os problemas s\u00e3o resolvidos e, em \u00faltima inst\u00e2ncia, como o sucesso \u00e9 alcan\u00e7ado ou n\u00e3o. Mergulhemos nessa an\u00e1lise para entender o que significa essa afirma\u00e7\u00e3o e quais s\u00e3o as li\u00e7\u00f5es para o presente e o futuro do trabalho.<\/p>\n<h2>A <strong>Cultura Empresarial<\/strong> como Fator Decisivo nas Demiss\u00f5es da Amazon<\/h2>\n<p>A Amazon \u00e9 conhecida por sua <a href=\"https:\/\/www.aboutamazon.com\/about-us\/leadership-principles\" target=\"_blank\" rel=\"noopener\">cultura corporativa<\/a> intensa, orientada para resultados, obcecada pelo cliente e pautada pelos seus &#8220;Princ\u00edpios de Lideran\u00e7a&#8221;. A filosofia &#8220;Dia 1&#8221;, popularizada por Jeff Bezos, prega uma mentalidade de startup, de constante inova\u00e7\u00e3o e agilidade, evitando a complac\u00eancia do &#8220;Dia 2&#8221; \u2013 o in\u00edcio do decl\u00ednio. No entanto, o que acontece quando uma empresa de milh\u00f5es de funcion\u00e1rios em todo o mundo tenta manter essa agilidade de startup?<\/p>\n<p>A declara\u00e7\u00e3o de Jassy sugere que, em algum ponto, essa cultura, ou a forma como ela foi implementada e evoluiu em diferentes departamentos, come\u00e7ou a gerar desafios. A Amazon passou por um per\u00edodo de crescimento exponencial, especialmente durante a pandemia de COVID-19, quando a demanda por e-commerce e servi\u00e7os em nuvem (AWS) explodiu. Esse crescimento r\u00e1pido levou \u00e0 contrata\u00e7\u00e3o em massa, muitas vezes para atender a necessidades urgentes e tempor\u00e1rias. Conforme o cen\u00e1rio p\u00f3s-pand\u00eamico se estabiliza, e com as press\u00f5es econ\u00f4micas latentes, uma reavalia\u00e7\u00e3o se torna inevit\u00e1vel.<\/p>\n<p>Mas, se n\u00e3o \u00e9 dinheiro, por que a cultura? Podemos inferir que a &#8220;cultura&#8221; aqui se refere a uma s\u00e9rie de fatores interligados: poss\u00edvel redund\u00e2ncia de fun\u00e7\u00f5es criadas em ambientes de r\u00e1pido crescimento sem a devida coordena\u00e7\u00e3o, equipes que podem ter se tornado menos eficientes ou mais burocr\u00e1ticas, e talvez uma dilui\u00e7\u00e3o dos princ\u00edpios de agilidade e obsess\u00e3o pelo cliente em algumas \u00e1reas. Quando uma organiza\u00e7\u00e3o cresce t\u00e3o rapidamente, \u00e9 comum que silos se formem, que a comunica\u00e7\u00e3o se torne mais desafiadora e que a replica\u00e7\u00e3o de esfor\u00e7os aconte\u00e7a. Uma cultura que antes promovia inova\u00e7\u00e3o e rapidez pode, em escala massiva, inadvertidamente gerar complexidade e inefici\u00eancia.<\/p>\n<p>Imagine uma estrutura onde departamentos, outrora enxutos e altamente integrados, se expandiram desordenadamente, com sobreposi\u00e7\u00f5es de responsabilidades ou projetos que n\u00e3o se alinham mais com as prioridades estrat\u00e9gicas da empresa. Jassy, ao citar a cultura, pode estar apontando para a necessidade de realinhar a empresa \u00e0 sua ess\u00eancia original de performance e efici\u00eancia, garantindo que cada equipe e cada fun\u00e7\u00e3o contribuam de forma otimizada para os objetivos globais. Essa reorganiza\u00e7\u00e3o visa restaurar a agilidade e a mentalidade de &#8220;Dia 1&#8221; em um gigante que, em alguns aspectos, pode ter se tornado mais lento e disperso do que o ideal.<\/p>\n<p>\u00c9 uma manobra complexa, onde o corte de pessoal n\u00e3o \u00e9 apenas uma quest\u00e3o de n\u00fameros, mas de redefinir a estrutura, os processos e a forma como as pessoas trabalham juntas. Trata-se de uma tentativa de podar o excesso para que a \u00e1rvore possa crescer mais forte e direcionada, garantindo que a <a href=\"https:\/\/hbr.org\/2022\/07\/how-to-build-a-strong-organizational-culture\" target=\"_blank\" rel=\"noopener\">cultura empresarial<\/a> continue sendo um motor de inova\u00e7\u00e3o e n\u00e3o um entrave \u00e0 evolu\u00e7\u00e3o.<\/p>\n<h2>O Espectro da IA e o Mito do Substituto Rob\u00f3tico<\/h2>\n<p>Em meio a discuss\u00f5es sobre o futuro do trabalho, a intelig\u00eancia artificial frequentemente emerge como o principal &#8220;vil\u00e3o&#8221;, ou her\u00f3i, dependendo da perspectiva. A ideia de que rob\u00f4s e algoritmos est\u00e3o prestes a roubar nossos empregos \u00e9 um medo persistente e, em certa medida, compreens\u00edvel. No entanto, o caso da Amazon, segundo Jassy, nos oferece uma nuance importante: nem toda demiss\u00e3o em massa \u00e9, ou ser\u00e1, diretamente atribu\u00edda \u00e0 IA.<\/p>\n<p>\u00c9 ineg\u00e1vel que a IA est\u00e1 revolucionando ind\u00fastrias e redefinindo a natureza de muitos trabalhos. Tarefas repetitivas e baseadas em regras s\u00e3o as primeiras a serem automatizadas. Em setores como manufatura, log\u00edstica e atendimento ao cliente, a presen\u00e7a da IA e da automa\u00e7\u00e3o \u00e9 cada vez mais vis\u00edvel. A pr\u00f3pria Amazon \u00e9 pioneira no uso de rob\u00f3tica em seus centros de distribui\u00e7\u00e3o para otimizar o fluxo de trabalho e aumentar a efici\u00eancia. Contudo, essa otimiza\u00e7\u00e3o visa, muitas vezes, escalar opera\u00e7\u00f5es e liberar humanos para tarefas mais complexas, estrat\u00e9gicas ou que exigem intera\u00e7\u00f5es sociais e criatividade.<\/p>\n<p>A explica\u00e7\u00e3o de Jassy nos lembra que, em muitas situa\u00e7\u00f5es, a reorganiza\u00e7\u00e3o de uma for\u00e7a de trabalho \u00e9 multifacetada. No contexto da Amazon, os cortes podem ter sido motivados por uma an\u00e1lise de onde a <a href=\"https:\/\/www.gartner.com\/en\/articles\/the-role-of-culture-in-digital-transformation\" target=\"_blank\" rel=\"noopener\">cultura empresarial<\/a> n\u00e3o estava mais promovendo a efici\u00eancia desejada ou onde a expans\u00e3o acelerada criou incha\u00e7os. Isso n\u00e3o significa que a IA n\u00e3o tenha um papel de destaque na estrat\u00e9gia de longo prazo da Amazon \u2013 muito pelo contr\u00e1rio. A empresa investe massivamente em IA para aprimorar seus algoritmos de recomenda\u00e7\u00e3o, otimizar a cadeia de suprimentos, desenvolver assistentes de voz como a Alexa e impulsionar os servi\u00e7os da AWS. No entanto, o impacto da IA muitas vezes se manifesta como uma transforma\u00e7\u00e3o dos pap\u00e9is existentes, criando a necessidade de novas habilidades, em vez de uma substitui\u00e7\u00e3o pura e simples em grande escala, especialmente em fun\u00e7\u00f5es de gest\u00e3o, desenvolvimento de software e estrat\u00e9gia.<\/p>\n<p>Em vez de um &#8220;substituto rob\u00f3tico&#8221;, a IA funciona como um &#8220;agregador de valor&#8221;. Ela automatiza o mundano, permitindo que os humanos se concentrem no excepcional. Essa din\u00e2mica exige uma adapta\u00e7\u00e3o cont\u00ednua da for\u00e7a de trabalho, com foco em reskilling e upskilling para que os profissionais possam trabalhar *com* a IA, e n\u00e3o *contra* ela. O caso da Amazon, ao dissociar as demiss\u00f5es da IA, nos convida a pensar de forma mais cr\u00edtica sobre as complexas intera\u00e7\u00f5es entre tecnologia, economia e, crucialmente, a gest\u00e3o e a <a href=\"https:\/\/www.mckinsey.com\/capabilities\/people-and-organizational-performance\/our-insights\/the-future-of-work-in-a-changing-world\" target=\"_blank\" rel=\"noopener\">cultura empresarial<\/a>.<\/p>\n<h2>Li\u00e7\u00f5es Aprendidas: Adapta\u00e7\u00e3o, Reorganiza\u00e7\u00e3o e o Futuro do Trabalho<\/h2>\n<p>A surpreendente explica\u00e7\u00e3o de Andy Jassy oferece li\u00e7\u00f5es valiosas n\u00e3o apenas para grandes corpora\u00e7\u00f5es como a Amazon, mas para empresas de todos os portes e para profissionais em qualquer fase de suas carreiras. A primeira e mais evidente \u00e9 que a <strong>cultura empresarial<\/strong> n\u00e3o \u00e9 um luxo, mas um pilar estrat\u00e9gico. Uma cultura forte e bem alinhada com os objetivos da organiza\u00e7\u00e3o pode ser um diferencial competitivo inestim\u00e1vel. Por outro lado, uma cultura que se torna ineficiente, burocr\u00e1tica ou desconectada das necessidades do mercado pode ser um fardo pesado, exigindo reorganiza\u00e7\u00f5es dolorosas.<\/p>\n<p>Para as empresas, a principal li\u00e7\u00e3o \u00e9 a necessidade de constante autocr\u00edtica e adapta\u00e7\u00e3o. O que funciona bem em uma fase de crescimento explosivo pode n\u00e3o ser sustent\u00e1vel no longo prazo. \u00c9 fundamental que l\u00edderes avaliem continuamente a efic\u00e1cia de suas estruturas, processos e, sim, de sua cultura. Isso implica em questionar se as equipes est\u00e3o realmente trabalhando de forma coesa, se h\u00e1 duplica\u00e7\u00e3o de esfor\u00e7os, se a inova\u00e7\u00e3o \u00e9 incentivada e se a agilidade n\u00e3o est\u00e1 sendo sacrificada em nome do tamanho. A transpar\u00eancia na comunica\u00e7\u00e3o dessas mudan\u00e7as, por mais dif\u00edceis que sejam, \u00e9 crucial para manter a confian\u00e7a dos colaboradores e a reputa\u00e7\u00e3o da marca.<\/p>\n<p>Para os profissionais, a mensagem \u00e9 igualmente poderosa: a adaptabilidade \u00e9 a moeda do futuro. A capacidade de aprender novas habilidades (reskilling), aprimorar as existentes (upskilling) e de ser flex\u00edvel diante das mudan\u00e7as organizacionais e tecnol\u00f3gicas \u00e9 mais importante do que nunca. O foco deve estar em desenvolver compet\u00eancias que a IA ainda n\u00e3o consegue replicar facilmente \u2013 criatividade, pensamento cr\u00edtico, intelig\u00eancia emocional, resolu\u00e7\u00e3o complexa de problemas e colabora\u00e7\u00e3o. Al\u00e9m disso, entender a <a href=\"https:\/\/www.forbes.com\/sites\/forbescoachescouncil\/2023\/07\/26\/the-impact-of-organizational-culture-on-employee-engagement-and-retention\/\" target=\"_blank\" rel=\"noopener\">cultura empresarial<\/a> da organiza\u00e7\u00e3o em que se trabalha, e como ela evolui, pode ser um fator decisivo para a longevidade e o sucesso na carreira.<\/p>\n<p>O futuro do trabalho n\u00e3o ser\u00e1 definido apenas por avan\u00e7os tecnol\u00f3gicos como a IA, mas tamb\u00e9m pela forma como as organiza\u00e7\u00f5es se estruturam, como valorizam seus talentos e como cultivam ambientes que promovam a efici\u00eancia e a inova\u00e7\u00e3o. As demiss\u00f5es na Amazon, motivadas pela busca por uma <strong>cultura empresarial<\/strong> mais alinhada e eficiente, s\u00e3o um lembrete v\u00edvido de que, no tabuleiro corporativo, a estrat\u00e9gia humana e organizacional \u00e9 t\u00e3o vital quanto a tecnol\u00f3gica. \u00c9 um convite para pensarmos al\u00e9m dos clich\u00eas e aprofundarmos a compreens\u00e3o das for\u00e7as que moldam o mercado de trabalho.<\/p>\n<p>Em \u00faltima an\u00e1lise, a decis\u00e3o da Amazon nos ensina que a gest\u00e3o de pessoas e a constru\u00e7\u00e3o de uma cultura s\u00f3lida e adapt\u00e1vel s\u00e3o desafios cont\u00ednuos e complexos. O mundo corporativo est\u00e1 em constante fluxo, e a capacidade de se reinventar, de priorizar a efici\u00eancia e de manter uma cultura que realmente impulsione a empresa para frente ser\u00e1 o grande diferencial para sobreviver e prosperar em um cen\u00e1rio cada vez mais competitivo e impulsionado pela tecnologia. Mais do que nunca, o fator humano e a ess\u00eancia de como trabalhamos juntos permanecem no centro das transforma\u00e7\u00f5es, provando que, mesmo na era da IA, a cultura ainda \u00e9 rei.<\/p>\n","protected":false},"excerpt":{"rendered":"<p>Em um cen\u00e1rio global de constante transforma\u00e7\u00e3o, as grandes empresas de tecnologia s\u00e3o frequentemente o epicentro de not\u00edcias que moldam o futuro do trabalho e da economia. Quando a Amazon, um dos gigantes incontest\u00e1veis do setor, anunciou a demiss\u00e3o de cerca de 14 mil funcion\u00e1rios, o mundo tecnol\u00f3gico parou para especular. As raz\u00f5es mais comuns [&hellip;]<\/p>\n","protected":false},"author":1,"featured_media":2055,"comment_status":"open","ping_status":"open","sticky":false,"template":"","format":"standard","meta":{"_yoast_wpseo_focuskw":"cultura empresarial","_yoast_wpseo_metadesc":"Descubra a surpreendente raz\u00e3o por tr\u00e1s das demiss\u00f5es em massa na Amazon. Andy Jassy revela que o fator decisivo n\u00e3o foi dinheiro ou IA, mas a cultura empresarial. Entenda o impacto e as li\u00e7\u00f5es para o futuro do trabalho e das organiza\u00e7\u00f5es.","footnotes":""},"categories":[2],"tags":[],"class_list":["post-2056","post","type-post","status-publish","format-standard","has-post-thumbnail","hentry","category-novidades"],"yoast_head":"<!-- This site is optimized with the Yoast SEO plugin v25.6 - https:\/\/yoast.com\/wordpress\/plugins\/seo\/ -->\n<title>O Verdadeiro Motivo das Demiss\u00f5es na Amazon: N\u00e3o \u00e9 IA, \u00e9 a Cultura Empresarial - Lacerda AI<\/title>\n<meta name=\"description\" content=\"Descubra a surpreendente raz\u00e3o por tr\u00e1s das demiss\u00f5es em massa na Amazon. Andy Jassy revela que o fator decisivo n\u00e3o foi dinheiro ou IA, mas a cultura empresarial. Entenda o impacto e as li\u00e7\u00f5es para o futuro do trabalho e das organiza\u00e7\u00f5es.\" \/>\n<meta name=\"robots\" content=\"index, follow, max-snippet:-1, max-image-preview:large, max-video-preview:-1\" \/>\n<link rel=\"canonical\" href=\"https:\/\/lacerdaai.com\/br\/o-verdadeiro-motivo-das-demissoes-na-amazon-nao-e-ia-e-a-cultura-empresarial\/\" \/>\n<meta property=\"og:locale\" content=\"pt_BR\" \/>\n<meta property=\"og:type\" content=\"article\" \/>\n<meta property=\"og:title\" content=\"O Verdadeiro Motivo das Demiss\u00f5es na Amazon: N\u00e3o \u00e9 IA, \u00e9 a Cultura Empresarial - Lacerda AI\" \/>\n<meta property=\"og:description\" content=\"Descubra a surpreendente raz\u00e3o por tr\u00e1s das demiss\u00f5es em massa na Amazon. Andy Jassy revela que o fator decisivo n\u00e3o foi dinheiro ou IA, mas a cultura empresarial. Entenda o impacto e as li\u00e7\u00f5es para o futuro do trabalho e das organiza\u00e7\u00f5es.\" \/>\n<meta property=\"og:url\" content=\"https:\/\/lacerdaai.com\/br\/o-verdadeiro-motivo-das-demissoes-na-amazon-nao-e-ia-e-a-cultura-empresarial\/\" \/>\n<meta property=\"og:site_name\" content=\"Lacerda AI\" \/>\n<meta property=\"article:published_time\" content=\"2025-10-30T23:42:54+00:00\" \/>\n<meta property=\"article:modified_time\" content=\"2025-10-30T23:42:55+00:00\" \/>\n<meta name=\"author\" content=\"Andr\u00e9 Lacerda\" \/>\n<meta name=\"twitter:card\" content=\"summary_large_image\" \/>\n<meta name=\"twitter:label1\" content=\"Escrito por\" \/>\n\t<meta name=\"twitter:data1\" content=\"Andr\u00e9 Lacerda\" \/>\n\t<meta name=\"twitter:label2\" content=\"Est. tempo de leitura\" \/>\n\t<meta name=\"twitter:data2\" content=\"9 minutos\" \/>\n<script type=\"application\/ld+json\" class=\"yoast-schema-graph\">{\"@context\":\"https:\/\/schema.org\",\"@graph\":[{\"@type\":\"WebPage\",\"@id\":\"https:\/\/lacerdaai.com\/br\/o-verdadeiro-motivo-das-demissoes-na-amazon-nao-e-ia-e-a-cultura-empresarial\/\",\"url\":\"https:\/\/lacerdaai.com\/br\/o-verdadeiro-motivo-das-demissoes-na-amazon-nao-e-ia-e-a-cultura-empresarial\/\",\"name\":\"O Verdadeiro Motivo das Demiss\u00f5es na Amazon: N\u00e3o \u00e9 IA, \u00e9 a Cultura Empresarial - Lacerda AI\",\"isPartOf\":{\"@id\":\"https:\/\/lacerdaai.com\/br\/#website\"},\"primaryImageOfPage\":{\"@id\":\"https:\/\/lacerdaai.com\/br\/o-verdadeiro-motivo-das-demissoes-na-amazon-nao-e-ia-e-a-cultura-empresarial\/#primaryimage\"},\"image\":{\"@id\":\"https:\/\/lacerdaai.com\/br\/o-verdadeiro-motivo-das-demissoes-na-amazon-nao-e-ia-e-a-cultura-empresarial\/#primaryimage\"},\"thumbnailUrl\":\"https:\/\/lacerdaai.com\/br\/wp-content\/uploads\/2025\/10\/imagem-153.jpg\",\"datePublished\":\"2025-10-30T23:42:54+00:00\",\"dateModified\":\"2025-10-30T23:42:55+00:00\",\"author\":{\"@id\":\"https:\/\/lacerdaai.com\/br\/#\/schema\/person\/8bad803c2e83a0c5c5c75e02a1c2248f\"},\"description\":\"Descubra a surpreendente raz\u00e3o por tr\u00e1s das demiss\u00f5es em massa na Amazon. Andy Jassy revela que o fator decisivo n\u00e3o foi dinheiro ou IA, mas a cultura empresarial. Entenda o impacto e as li\u00e7\u00f5es para o futuro do trabalho e das organiza\u00e7\u00f5es.\",\"breadcrumb\":{\"@id\":\"https:\/\/lacerdaai.com\/br\/o-verdadeiro-motivo-das-demissoes-na-amazon-nao-e-ia-e-a-cultura-empresarial\/#breadcrumb\"},\"inLanguage\":\"pt-BR\",\"potentialAction\":[{\"@type\":\"ReadAction\",\"target\":[\"https:\/\/lacerdaai.com\/br\/o-verdadeiro-motivo-das-demissoes-na-amazon-nao-e-ia-e-a-cultura-empresarial\/\"]}]},{\"@type\":\"ImageObject\",\"inLanguage\":\"pt-BR\",\"@id\":\"https:\/\/lacerdaai.com\/br\/o-verdadeiro-motivo-das-demissoes-na-amazon-nao-e-ia-e-a-cultura-empresarial\/#primaryimage\",\"url\":\"https:\/\/lacerdaai.com\/br\/wp-content\/uploads\/2025\/10\/imagem-153.jpg\",\"contentUrl\":\"https:\/\/lacerdaai.com\/br\/wp-content\/uploads\/2025\/10\/imagem-153.jpg\",\"width\":800,\"height\":450},{\"@type\":\"BreadcrumbList\",\"@id\":\"https:\/\/lacerdaai.com\/br\/o-verdadeiro-motivo-das-demissoes-na-amazon-nao-e-ia-e-a-cultura-empresarial\/#breadcrumb\",\"itemListElement\":[{\"@type\":\"ListItem\",\"position\":1,\"name\":\"In\u00edcio\",\"item\":\"https:\/\/lacerdaai.com\/br\/\"},{\"@type\":\"ListItem\",\"position\":2,\"name\":\"O Verdadeiro Motivo das Demiss\u00f5es na Amazon: N\u00e3o \u00e9 IA, \u00e9 a Cultura Empresarial\"}]},{\"@type\":\"WebSite\",\"@id\":\"https:\/\/lacerdaai.com\/br\/#website\",\"url\":\"https:\/\/lacerdaai.com\/br\/\",\"name\":\"Lacerda AI\",\"description\":\"Seu blog di\u00e1rio de novidades do mundo da Inteligencia Artificial\",\"potentialAction\":[{\"@type\":\"SearchAction\",\"target\":{\"@type\":\"EntryPoint\",\"urlTemplate\":\"https:\/\/lacerdaai.com\/br\/?s={search_term_string}\"},\"query-input\":{\"@type\":\"PropertyValueSpecification\",\"valueRequired\":true,\"valueName\":\"search_term_string\"}}],\"inLanguage\":\"pt-BR\"},{\"@type\":\"Person\",\"@id\":\"https:\/\/lacerdaai.com\/br\/#\/schema\/person\/8bad803c2e83a0c5c5c75e02a1c2248f\",\"name\":\"Andr\u00e9 Lacerda\",\"image\":{\"@type\":\"ImageObject\",\"inLanguage\":\"pt-BR\",\"@id\":\"https:\/\/lacerdaai.com\/br\/#\/schema\/person\/image\/\",\"url\":\"https:\/\/secure.gravatar.com\/avatar\/f5c1fa5ad9763f54c1f223c3fc91f131da6288c9f9e28d74bb3c355ad99af205?s=96&d=mm&r=g\",\"contentUrl\":\"https:\/\/secure.gravatar.com\/avatar\/f5c1fa5ad9763f54c1f223c3fc91f131da6288c9f9e28d74bb3c355ad99af205?s=96&d=mm&r=g\",\"caption\":\"Andr\u00e9 Lacerda\"},\"description\":\"Sou o Andr\u00e9 Lacerda, tenho 35 anos e sou apaixonado por tecnologia, intelig\u00eancia artificial e boas hist\u00f3rias. Me formei em Tecnologia e Jornalismo \u2014 sim, uma mistura meio improv\u00e1vel, mas que combina muito comigo. J\u00e1 morei no Canad\u00e1 e na Espanha, e essas experi\u00eancias me ajudaram a enxergar a inova\u00e7\u00e3o com um olhar mais global (e a me virar bem em tr\u00eas idiomas \ud83d\ude04). Trabalhei em algumas das maiores empresas de tecnologia do mercado e, hoje, atuo como consultor ajudando neg\u00f3cios a entenderem e aplicarem IA de forma pr\u00e1tica, estrat\u00e9gica e humana. Gosto de traduzir o complexo em algo simples \u2014 e \u00e9 isso que voc\u00ea vai encontrar por aqui.\",\"sameAs\":[\"http:\/\/lacerdaai.com\/br\"],\"url\":\"https:\/\/lacerdaai.com\/br\/author\/red-admin\/\"}]}<\/script>\n<!-- \/ Yoast SEO plugin. -->","yoast_head_json":{"title":"O Verdadeiro Motivo das Demiss\u00f5es na Amazon: N\u00e3o \u00e9 IA, \u00e9 a Cultura Empresarial - Lacerda AI","description":"Descubra a surpreendente raz\u00e3o por tr\u00e1s das demiss\u00f5es em massa na Amazon. Andy Jassy revela que o fator decisivo n\u00e3o foi dinheiro ou IA, mas a cultura empresarial. Entenda o impacto e as li\u00e7\u00f5es para o futuro do trabalho e das organiza\u00e7\u00f5es.","robots":{"index":"index","follow":"follow","max-snippet":"max-snippet:-1","max-image-preview":"max-image-preview:large","max-video-preview":"max-video-preview:-1"},"canonical":"https:\/\/lacerdaai.com\/br\/o-verdadeiro-motivo-das-demissoes-na-amazon-nao-e-ia-e-a-cultura-empresarial\/","og_locale":"pt_BR","og_type":"article","og_title":"O Verdadeiro Motivo das Demiss\u00f5es na Amazon: N\u00e3o \u00e9 IA, \u00e9 a Cultura Empresarial - Lacerda AI","og_description":"Descubra a surpreendente raz\u00e3o por tr\u00e1s das demiss\u00f5es em massa na Amazon. Andy Jassy revela que o fator decisivo n\u00e3o foi dinheiro ou IA, mas a cultura empresarial. Entenda o impacto e as li\u00e7\u00f5es para o futuro do trabalho e das organiza\u00e7\u00f5es.","og_url":"https:\/\/lacerdaai.com\/br\/o-verdadeiro-motivo-das-demissoes-na-amazon-nao-e-ia-e-a-cultura-empresarial\/","og_site_name":"Lacerda AI","article_published_time":"2025-10-30T23:42:54+00:00","article_modified_time":"2025-10-30T23:42:55+00:00","author":"Andr\u00e9 Lacerda","twitter_card":"summary_large_image","twitter_misc":{"Escrito por":"Andr\u00e9 Lacerda","Est. tempo de leitura":"9 minutos"},"schema":{"@context":"https:\/\/schema.org","@graph":[{"@type":"WebPage","@id":"https:\/\/lacerdaai.com\/br\/o-verdadeiro-motivo-das-demissoes-na-amazon-nao-e-ia-e-a-cultura-empresarial\/","url":"https:\/\/lacerdaai.com\/br\/o-verdadeiro-motivo-das-demissoes-na-amazon-nao-e-ia-e-a-cultura-empresarial\/","name":"O Verdadeiro Motivo das Demiss\u00f5es na Amazon: N\u00e3o \u00e9 IA, \u00e9 a Cultura Empresarial - Lacerda AI","isPartOf":{"@id":"https:\/\/lacerdaai.com\/br\/#website"},"primaryImageOfPage":{"@id":"https:\/\/lacerdaai.com\/br\/o-verdadeiro-motivo-das-demissoes-na-amazon-nao-e-ia-e-a-cultura-empresarial\/#primaryimage"},"image":{"@id":"https:\/\/lacerdaai.com\/br\/o-verdadeiro-motivo-das-demissoes-na-amazon-nao-e-ia-e-a-cultura-empresarial\/#primaryimage"},"thumbnailUrl":"https:\/\/lacerdaai.com\/br\/wp-content\/uploads\/2025\/10\/imagem-153.jpg","datePublished":"2025-10-30T23:42:54+00:00","dateModified":"2025-10-30T23:42:55+00:00","author":{"@id":"https:\/\/lacerdaai.com\/br\/#\/schema\/person\/8bad803c2e83a0c5c5c75e02a1c2248f"},"description":"Descubra a surpreendente raz\u00e3o por tr\u00e1s das demiss\u00f5es em massa na Amazon. Andy Jassy revela que o fator decisivo n\u00e3o foi dinheiro ou IA, mas a cultura empresarial. Entenda o impacto e as li\u00e7\u00f5es para o futuro do trabalho e das organiza\u00e7\u00f5es.","breadcrumb":{"@id":"https:\/\/lacerdaai.com\/br\/o-verdadeiro-motivo-das-demissoes-na-amazon-nao-e-ia-e-a-cultura-empresarial\/#breadcrumb"},"inLanguage":"pt-BR","potentialAction":[{"@type":"ReadAction","target":["https:\/\/lacerdaai.com\/br\/o-verdadeiro-motivo-das-demissoes-na-amazon-nao-e-ia-e-a-cultura-empresarial\/"]}]},{"@type":"ImageObject","inLanguage":"pt-BR","@id":"https:\/\/lacerdaai.com\/br\/o-verdadeiro-motivo-das-demissoes-na-amazon-nao-e-ia-e-a-cultura-empresarial\/#primaryimage","url":"https:\/\/lacerdaai.com\/br\/wp-content\/uploads\/2025\/10\/imagem-153.jpg","contentUrl":"https:\/\/lacerdaai.com\/br\/wp-content\/uploads\/2025\/10\/imagem-153.jpg","width":800,"height":450},{"@type":"BreadcrumbList","@id":"https:\/\/lacerdaai.com\/br\/o-verdadeiro-motivo-das-demissoes-na-amazon-nao-e-ia-e-a-cultura-empresarial\/#breadcrumb","itemListElement":[{"@type":"ListItem","position":1,"name":"In\u00edcio","item":"https:\/\/lacerdaai.com\/br\/"},{"@type":"ListItem","position":2,"name":"O Verdadeiro Motivo das Demiss\u00f5es na Amazon: N\u00e3o \u00e9 IA, \u00e9 a Cultura Empresarial"}]},{"@type":"WebSite","@id":"https:\/\/lacerdaai.com\/br\/#website","url":"https:\/\/lacerdaai.com\/br\/","name":"Lacerda AI","description":"Seu blog di\u00e1rio de novidades do mundo da Inteligencia Artificial","potentialAction":[{"@type":"SearchAction","target":{"@type":"EntryPoint","urlTemplate":"https:\/\/lacerdaai.com\/br\/?s={search_term_string}"},"query-input":{"@type":"PropertyValueSpecification","valueRequired":true,"valueName":"search_term_string"}}],"inLanguage":"pt-BR"},{"@type":"Person","@id":"https:\/\/lacerdaai.com\/br\/#\/schema\/person\/8bad803c2e83a0c5c5c75e02a1c2248f","name":"Andr\u00e9 Lacerda","image":{"@type":"ImageObject","inLanguage":"pt-BR","@id":"https:\/\/lacerdaai.com\/br\/#\/schema\/person\/image\/","url":"https:\/\/secure.gravatar.com\/avatar\/f5c1fa5ad9763f54c1f223c3fc91f131da6288c9f9e28d74bb3c355ad99af205?s=96&d=mm&r=g","contentUrl":"https:\/\/secure.gravatar.com\/avatar\/f5c1fa5ad9763f54c1f223c3fc91f131da6288c9f9e28d74bb3c355ad99af205?s=96&d=mm&r=g","caption":"Andr\u00e9 Lacerda"},"description":"Sou o Andr\u00e9 Lacerda, tenho 35 anos e sou apaixonado por tecnologia, intelig\u00eancia artificial e boas hist\u00f3rias. Me formei em Tecnologia e Jornalismo \u2014 sim, uma mistura meio improv\u00e1vel, mas que combina muito comigo. J\u00e1 morei no Canad\u00e1 e na Espanha, e essas experi\u00eancias me ajudaram a enxergar a inova\u00e7\u00e3o com um olhar mais global (e a me virar bem em tr\u00eas idiomas \ud83d\ude04). Trabalhei em algumas das maiores empresas de tecnologia do mercado e, hoje, atuo como consultor ajudando neg\u00f3cios a entenderem e aplicarem IA de forma pr\u00e1tica, estrat\u00e9gica e humana. Gosto de traduzir o complexo em algo simples \u2014 e \u00e9 isso que voc\u00ea vai encontrar por aqui.","sameAs":["http:\/\/lacerdaai.com\/br"],"url":"https:\/\/lacerdaai.com\/br\/author\/red-admin\/"}]}},"_links":{"self":[{"href":"https:\/\/lacerdaai.com\/br\/wp-json\/wp\/v2\/posts\/2056","targetHints":{"allow":["GET"]}}],"collection":[{"href":"https:\/\/lacerdaai.com\/br\/wp-json\/wp\/v2\/posts"}],"about":[{"href":"https:\/\/lacerdaai.com\/br\/wp-json\/wp\/v2\/types\/post"}],"author":[{"embeddable":true,"href":"https:\/\/lacerdaai.com\/br\/wp-json\/wp\/v2\/users\/1"}],"replies":[{"embeddable":true,"href":"https:\/\/lacerdaai.com\/br\/wp-json\/wp\/v2\/comments?post=2056"}],"version-history":[{"count":1,"href":"https:\/\/lacerdaai.com\/br\/wp-json\/wp\/v2\/posts\/2056\/revisions"}],"predecessor-version":[{"id":2057,"href":"https:\/\/lacerdaai.com\/br\/wp-json\/wp\/v2\/posts\/2056\/revisions\/2057"}],"wp:featuredmedia":[{"embeddable":true,"href":"https:\/\/lacerdaai.com\/br\/wp-json\/wp\/v2\/media\/2055"}],"wp:attachment":[{"href":"https:\/\/lacerdaai.com\/br\/wp-json\/wp\/v2\/media?parent=2056"}],"wp:term":[{"taxonomy":"category","embeddable":true,"href":"https:\/\/lacerdaai.com\/br\/wp-json\/wp\/v2\/categories?post=2056"},{"taxonomy":"post_tag","embeddable":true,"href":"https:\/\/lacerdaai.com\/br\/wp-json\/wp\/v2\/tags?post=2056"}],"curies":[{"name":"wp","href":"https:\/\/api.w.org\/{rel}","templated":true}]}}