{"id":2087,"date":"2025-11-01T00:42:34","date_gmt":"2025-11-01T03:42:34","guid":{"rendered":"https:\/\/lacerdaai.com\/br\/demissoes-na-amazon-e-o-futuro-do-trabalho-a-ia-e-a-vila-ou-a-catalisadora-da-mudanca\/"},"modified":"2025-11-01T00:42:35","modified_gmt":"2025-11-01T03:42:35","slug":"demissoes-na-amazon-e-o-futuro-do-trabalho-a-ia-e-a-vila-ou-a-catalisadora-da-mudanca","status":"publish","type":"post","link":"https:\/\/lacerdaai.com\/br\/demissoes-na-amazon-e-o-futuro-do-trabalho-a-ia-e-a-vila-ou-a-catalisadora-da-mudanca\/","title":{"rendered":"Demiss\u00f5es na Amazon e o Futuro do Trabalho: A IA \u00e9 a Vil\u00e3 ou a Catalisadora da Mudan\u00e7a?"},"content":{"rendered":"<p>## Demiss\u00f5es na Amazon e o Futuro do Trabalho: A IA \u00e9 a Vil\u00e3 ou a Catalisadora da Mudan\u00e7a?<\/p>\n<p>O mundo da tecnologia vive em um turbilh\u00e3o constante, e a cada nova onda de inova\u00e7\u00e3o, surgem tanto oportunidades e avan\u00e7os in\u00e9ditos quanto questionamentos profundos sobre o futuro. Recentemente, uma declara\u00e7\u00e3o do CEO da Amazon, Andy Jassy, reverberou por todo o ecossistema tech, reacendendo um debate que tem pautado discuss\u00f5es em mesas de jantar, salas de reuni\u00e3o e f\u00f3runs online: qual \u00e9 o verdadeiro impacto da Intelig\u00eancia Artificial nos empregos? Ao abordar as massivas demiss\u00f5es que atingiram a gigante do e-commerce nos \u00faltimos anos, Jassy foi enf\u00e1tico: &#8220;N\u00e3o \u00e9 sobre IA.&#8221; Ele atribuiu os cortes a uma quest\u00e3o de &#8220;cultura&#8221;, sugerindo otimiza\u00e7\u00e3o de processos e realinhamento estrat\u00e9gico. No entanto, a frase seguinte, dita quase como um aparte \u2013 &#8220;N\u00e3o agora, pelo menos&#8221; \u2013 lan\u00e7a uma sombra de d\u00favida e uma provoca\u00e7\u00e3o instigante sobre o que o futuro reserva.<\/p>\n<p>Essa pequena ressalva \u00e9 um convite para mergulharmos em uma an\u00e1lise mais profunda. Seria a IA uma for\u00e7a silenciosa, cujos efeitos ainda n\u00e3o s\u00e3o totalmente vis\u00edveis, mas que se manifestar\u00e3o em breve? Ou as preocupa\u00e7\u00f5es com a automa\u00e7\u00e3o s\u00e3o exageradas, e a Intelig\u00eancia Artificial \u00e9, na verdade, uma aliada na cria\u00e7\u00e3o de novas fun\u00e7\u00f5es e na otimiza\u00e7\u00e3o de nossas capacidades? Como entusiasta da IA e observador do mercado de trabalho, acredito que a resposta est\u00e1 em um matiz complexo, longe do preto e branco. \u00c9 hora de desmistificar a rela\u00e7\u00e3o entre a tecnologia mais disruptiva de nossa era e o futuro das nossas carreiras.<\/p>\n<p>### <strong>Intelig\u00eancia Artificial e Mercado de Trabalho<\/strong>: A Dan\u00e7a Complexa da Transforma\u00e7\u00e3o<\/p>\n<p>A declara\u00e7\u00e3o de Andy Jassy sobre as demiss\u00f5es na Amazon seriam um reflexo de uma revis\u00e3o cultural e estrat\u00e9gica da empresa, em vez de uma resposta direta \u00e0 ascens\u00e3o da IA. Ele argumentou que, ap\u00f3s um per\u00edodo de expans\u00e3o acelerada, especialmente durante a pandemia, a empresa precisava ajustar sua estrutura e efici\u00eancia. De fato, a Amazon, como muitas outras gigantes da tecnologia, passou por um per\u00edodo de forte contrata\u00e7\u00e3o, e a reestrutura\u00e7\u00e3o pode ser vista como um movimento natural de adapta\u00e7\u00e3o a um cen\u00e1rio econ\u00f4mico mais conservador e \u00e0 necessidade de otimizar opera\u00e7\u00f5es. Empresas frequentemente se reajustam por uma mir\u00edade de raz\u00f5es, desde mudan\u00e7as de mercado e press\u00e3o de investidores at\u00e9 reavalia\u00e7\u00f5es internas de produtividade. Atribuir cada demiss\u00e3o a um \u00fanico fator, como a IA, seria uma simplifica\u00e7\u00e3o excessiva.<\/p>\n<p>Contudo, a sutileza da frase &#8220;N\u00e3o agora, pelo menos&#8221; \u00e9 a chave para entender a ansiedade subjacente. Ela n\u00e3o nega o potencial futuro da IA para impactar o emprego; apenas o contextualiza. \u00c9 um reconhecimento t\u00e1cito de que, embora a Intelig\u00eancia Artificial possa n\u00e3o ter sido o *gatilho imediato* para os cortes recentes, seu papel no redesenho do panorama do trabalho \u00e9 ineg\u00e1vel e crescente. Historicamente, a humanidade sempre se adaptou a novas tecnologias. A Revolu\u00e7\u00e3o Industrial, por exemplo, substituiu a m\u00e3o de obra artesanal por m\u00e1quinas, mas tamb\u00e9m deu origem a f\u00e1bricas, engenheiros, t\u00e9cnicos e uma miralha de novas profiss\u00f5es. O advento do computador e da internet seguiu um padr\u00e3o semelhante, automatizando tarefas repetitivas, mas abrindo um universo de possibilidades em TI, comunica\u00e7\u00e3o digital e e-commerce.<\/p>\n<p>Hoje, a situa\u00e7\u00e3o \u00e9 an\u00e1loga, mas com uma velocidade de mudan\u00e7a sem precedentes. A <strong>Intelig\u00eancia Artificial e Mercado de Trabalho<\/strong> est\u00e3o em uma fase de coevolu\u00e7\u00e3o. Enquanto alguns empregos, especialmente aqueles que envolvem tarefas repetitivas, baseadas em regras e com pouca necessidade de criatividade ou intelig\u00eancia emocional, est\u00e3o sob maior risco de automa\u00e7\u00e3o, a IA tamb\u00e9m est\u00e1 criando demandas por novas habilidades e fun\u00e7\u00f5es. Pense em engenheiros de prompt, especialistas em \u00e9tica de IA, cientistas de dados, treinadores de modelos de IA, e at\u00e9 mesmo em fun\u00e7\u00f5es criativas que usam IA como uma ferramenta para amplificar a produ\u00e7\u00e3o. A quest\u00e3o n\u00e3o \u00e9 se a IA vai eliminar empregos, mas como ela vai transform\u00e1-los e como as pessoas e as organiza\u00e7\u00f5es v\u00e3o se adaptar a essa nova realidade.<\/p>\n<p>### Al\u00e9m do Hype: Onde a IA Realmente Toca as Carreiras Hoje<\/p>\n<p>Longe das manchetes sensacionalistas que preveem o fim do trabalho humano, a realidade da <strong>Intelig\u00eancia Artificial e Mercado de Trabalho<\/strong> \u00e9 muito mais granular e multifacetada. Atualmente, a IA n\u00e3o est\u00e1 apenas substituindo, mas, com maior frequ\u00eancia, aumentando as capacidades humanas. Em setores como sa\u00fade, por exemplo, algoritmos de IA auxiliam m\u00e9dicos no diagn\u00f3stico precoce de doen\u00e7as complexas, como c\u00e2ncer, analisando imagens com uma precis\u00e3o que supera a do olho humano em muitos casos. Isso n\u00e3o significa que a IA substituir\u00e1 o m\u00e9dico, mas que o m\u00e9dico com IA ter\u00e1 uma vantagem significativa sobre aquele que n\u00e3o a utiliza.<\/p>\n<p>No setor de servi\u00e7os, chatbots e assistentes virtuais j\u00e1 lidam com um volume imenso de consultas rotineiras, liberando agentes humanos para se concentrarem em problemas mais complexos e que exigem empatia e intelig\u00eancia emocional. Em finan\u00e7as, algoritmos de IA detectam fraudes, analisam tend\u00eancias de mercado e oferecem consultoria de investimento personalizada. Na ind\u00fastria automotiva, a IA est\u00e1 no cerne do desenvolvimento de ve\u00edculos aut\u00f4nomos e na otimiza\u00e7\u00e3o de linhas de produ\u00e7\u00e3o. At\u00e9 mesmo em campos criativos, como o design gr\u00e1fico, reda\u00e7\u00e3o e produ\u00e7\u00e3o musical, ferramentas de IA generativa atuam como copilotos, acelerando o processo criativo e permitindo que profissionais explorem novas fronteiras art\u00edsticas.<\/p>\n<p>Dados do F\u00f3rum Econ\u00f4mico Mundial indicam que, embora milh\u00f5es de empregos possam ser deslocados pela automa\u00e7\u00e3o e IA, um n\u00famero ainda maior de novas fun\u00e7\u00f5es ser\u00e1 criado. A lacuna estar\u00e1 na necessidade de requalifica\u00e7\u00e3o. Profissionais que investirem em habilidades complementares \u00e0 IA \u2013 como pensamento cr\u00edtico, resolu\u00e7\u00e3o de problemas complexos, criatividade, comunica\u00e7\u00e3o interpessoal e, crucialmente, alfabetiza\u00e7\u00e3o digital e dom\u00ednio das ferramentas de IA \u2013 estar\u00e3o em posi\u00e7\u00e3o de destaque. A IA se torna uma ferramenta poderosa para a produtividade, permitindo que os profissionais foquem em tarefas de maior valor agregado, que exigem julgamento humano, intui\u00e7\u00e3o e intera\u00e7\u00e3o social. O desafio, portanto, n\u00e3o \u00e9 apenas tecnol\u00f3gico, mas educacional e cultural, exigindo uma redefini\u00e7\u00e3o do que significa &#8220;trabalhar&#8221; e &#8220;aprender&#8221; ao longo da vida.<\/p>\n<p>### Preparando-se para o Amanh\u00e3: Estrat\u00e9gias para Prosperar na Era da IA<\/p>\n<p>Diante da inevit\u00e1vel evolu\u00e7\u00e3o impulsionada pela <strong>Intelig\u00eancia Artificial e Mercado de Trabalho<\/strong>, a pergunta que se imp\u00f5e \u00e9: como podemos nos preparar para prosperar, e n\u00e3o apenas sobreviver, nessa nova era? A resposta passa pela adaptabilidade, pelo aprendizado cont\u00ednuo e pelo foco em desenvolver habilidades que a IA, pelo menos por enquanto, n\u00e3o consegue replicar. Primeiramente, \u00e9 fundamental abra\u00e7ar a alfabetiza\u00e7\u00e3o em IA. Entender como a IA funciona, quais s\u00e3o suas capacidades e limita\u00e7\u00f5es, e como interagir efetivamente com ela (a chamada &#8220;engenharia de prompt&#8221;, por exemplo) n\u00e3o \u00e9 mais um diferencial, mas uma necessidade b\u00e1sica. Isso significa buscar cursos, workshops e at\u00e9 mesmo explorar as ferramentas dispon\u00edveis por conta pr\u00f3pria.<\/p>\n<p>Em segundo lugar, investir em &#8220;soft skills&#8221; ou habilidades humanas \u00e9 mais crucial do que nunca. A IA \u00e9 excelente em processar dados e executar tarefas l\u00f3gicas, mas ainda carece de criatividade genu\u00edna, pensamento cr\u00edtico contextualizado, intelig\u00eancia emocional, negocia\u00e7\u00e3o, lideran\u00e7a e capacidade de colabora\u00e7\u00e3o complexa. S\u00e3o essas as habilidades que nos diferenciar\u00e3o e nos tornar\u00e3o indispens\u00e1veis em um ambiente de trabalho cada vez mais h\u00edbrido, onde humanos e m\u00e1quinas coexistem. Profissionais que conseguem comunicar ideias complexas, resolver conflitos, inovar e se adaptar rapidamente a novos cen\u00e1rios ser\u00e3o os mais valorizados.<\/p>\n<p>Al\u00e9m disso, a requalifica\u00e7\u00e3o (reskilling) e a atualiza\u00e7\u00e3o (upskilling) devem ser vistas como processos cont\u00ednuos. O conceito de uma \u00fanica carreira para a vida inteira est\u00e1 se tornando obsoleto. As empresas, os governos e as institui\u00e7\u00f5es de ensino t\u00eam um papel crucial em facilitar essa transi\u00e7\u00e3o, oferecendo programas de treinamento acess\u00edveis e alinhados \u00e0s necessidades do futuro. No contexto brasileiro, isso \u00e9 ainda mais pertinente. A ado\u00e7\u00e3o da IA pode impulsionar nossa produtividade e competitividade global, mas exige um investimento significativo em educa\u00e7\u00e3o e infraestrutura. Precisamos formar uma for\u00e7a de trabalho apta a operar, desenvolver e gerenciar sistemas de IA, ao mesmo tempo em que garantimos uma rede de apoio para aqueles cujas profiss\u00f5es forem mais drasticamente afetadas. A colabora\u00e7\u00e3o entre academia, setor privado e poder p\u00fablico \u00e9 essencial para construir um futuro de trabalho inclusivo e pr\u00f3spero na era da IA.<\/p>\n<p>### Conclus\u00e3o: Navegando pelas \u00c1guas da Inova\u00e7\u00e3o<\/p>\n<p>A declara\u00e7\u00e3o do CEO da Amazon nos lembra que as grandes narrativas tecnol\u00f3gicas s\u00e3o raramente simples. As demiss\u00f5es em empresas como a Amazon s\u00e3o complexas, impulsionadas por m\u00faltiplos fatores que v\u00e3o desde a economia global e as estrat\u00e9gias internas at\u00e9, sim, a silenciosa e crescente influ\u00eancia da IA. O &#8220;n\u00e3o agora, pelo menos&#8221; de Andy Jassy \u00e9, talvez, a parte mais reveladora de sua fala, servindo como um eco das tens\u00f5es e incertezas que pairam sobre o futuro do trabalho. Ele nos convida a uma reflex\u00e3o mais profunda: a Intelig\u00eancia Artificial n\u00e3o \u00e9 apenas uma ferramenta a ser temida ou ignorada; \u00e9 uma for\u00e7a transformadora que exige nossa aten\u00e7\u00e3o, nossa adaptabilidade e nosso compromisso com o aprendizado cont\u00ednuo.<\/p>\n<p>Em vez de paralisar pelo medo da automa\u00e7\u00e3o, \u00e9 imperativo que cada um de n\u00f3s, desde o estudante at\u00e9 o executivo s\u00eanior, encare a IA como um catalisador para a evolu\u00e7\u00e3o pessoal e profissional. O futuro do trabalho n\u00e3o ser\u00e1 definido *pela* IA, mas *com* a IA. Aqueles que entenderem essa din\u00e2mica, investirem em suas habilidades humanas e tecnol\u00f3gicas, e abra\u00e7arem a lifelong learning estar\u00e3o mais preparados para navegar pelas \u00e1guas turbulentas e, ao mesmo tempo, promissoras da inova\u00e7\u00e3o. A jornada da <strong>Intelig\u00eancia Artificial e Mercado de Trabalho<\/strong> \u00e9 uma das maiores aventuras da nossa gera\u00e7\u00e3o, e participar dela de forma proativa \u00e9 a chave para moldar um futuro onde a tecnologia sirva verdadeiramente \u00e0 humanidade.<\/p>\n","protected":false},"excerpt":{"rendered":"<p>## Demiss\u00f5es na Amazon e o Futuro do Trabalho: A IA \u00e9 a Vil\u00e3 ou a Catalisadora da Mudan\u00e7a? O mundo da tecnologia vive em um turbilh\u00e3o constante, e a cada nova onda de inova\u00e7\u00e3o, surgem tanto oportunidades e avan\u00e7os in\u00e9ditos quanto questionamentos profundos sobre o futuro. Recentemente, uma declara\u00e7\u00e3o do CEO da Amazon, Andy [&hellip;]<\/p>\n","protected":false},"author":1,"featured_media":2086,"comment_status":"open","ping_status":"open","sticky":false,"template":"","format":"standard","meta":{"_yoast_wpseo_focuskw":"Intelig\u00eancia Artificial e Mercado de Trabalho","_yoast_wpseo_metadesc":"Analise a declara\u00e7\u00e3o do CEO da Amazon sobre as recentes demiss\u00f5es n\u00e3o estarem ligadas \u00e0 IA e explore o impacto multifacetado da Intelig\u00eancia Artificial no mercado de trabalho, o futuro das carreiras e a necessidade de requalifica\u00e7\u00e3o.","footnotes":""},"categories":[2],"tags":[],"class_list":["post-2087","post","type-post","status-publish","format-standard","has-post-thumbnail","hentry","category-novidades"],"yoast_head":"<!-- This site is optimized with the Yoast SEO plugin v25.6 - https:\/\/yoast.com\/wordpress\/plugins\/seo\/ -->\n<title>Demiss\u00f5es na Amazon e o Futuro do Trabalho: A IA \u00e9 a Vil\u00e3 ou a Catalisadora da Mudan\u00e7a? - Lacerda AI<\/title>\n<meta name=\"description\" content=\"Analise a declara\u00e7\u00e3o do CEO da Amazon sobre as recentes demiss\u00f5es n\u00e3o estarem ligadas \u00e0 IA e explore o impacto multifacetado da Intelig\u00eancia Artificial no mercado de trabalho, o futuro das carreiras e a necessidade de requalifica\u00e7\u00e3o.\" \/>\n<meta name=\"robots\" content=\"index, follow, max-snippet:-1, max-image-preview:large, max-video-preview:-1\" \/>\n<link rel=\"canonical\" href=\"https:\/\/lacerdaai.com\/br\/demissoes-na-amazon-e-o-futuro-do-trabalho-a-ia-e-a-vila-ou-a-catalisadora-da-mudanca\/\" \/>\n<meta property=\"og:locale\" content=\"pt_BR\" \/>\n<meta property=\"og:type\" content=\"article\" \/>\n<meta property=\"og:title\" content=\"Demiss\u00f5es na Amazon e o Futuro do Trabalho: A IA \u00e9 a Vil\u00e3 ou a Catalisadora da Mudan\u00e7a? - Lacerda AI\" \/>\n<meta property=\"og:description\" content=\"Analise a declara\u00e7\u00e3o do CEO da Amazon sobre as recentes demiss\u00f5es n\u00e3o estarem ligadas \u00e0 IA e explore o impacto multifacetado da Intelig\u00eancia Artificial no mercado de trabalho, o futuro das carreiras e a necessidade de requalifica\u00e7\u00e3o.\" \/>\n<meta property=\"og:url\" content=\"https:\/\/lacerdaai.com\/br\/demissoes-na-amazon-e-o-futuro-do-trabalho-a-ia-e-a-vila-ou-a-catalisadora-da-mudanca\/\" \/>\n<meta property=\"og:site_name\" content=\"Lacerda AI\" \/>\n<meta property=\"article:published_time\" content=\"2025-11-01T03:42:34+00:00\" \/>\n<meta property=\"article:modified_time\" content=\"2025-11-01T03:42:35+00:00\" \/>\n<meta name=\"author\" content=\"Andr\u00e9 Lacerda\" \/>\n<meta name=\"twitter:card\" content=\"summary_large_image\" \/>\n<meta name=\"twitter:label1\" content=\"Escrito por\" \/>\n\t<meta name=\"twitter:data1\" content=\"Andr\u00e9 Lacerda\" \/>\n\t<meta name=\"twitter:label2\" content=\"Est. tempo de leitura\" \/>\n\t<meta name=\"twitter:data2\" content=\"9 minutos\" \/>\n<script type=\"application\/ld+json\" class=\"yoast-schema-graph\">{\"@context\":\"https:\/\/schema.org\",\"@graph\":[{\"@type\":\"WebPage\",\"@id\":\"https:\/\/lacerdaai.com\/br\/demissoes-na-amazon-e-o-futuro-do-trabalho-a-ia-e-a-vila-ou-a-catalisadora-da-mudanca\/\",\"url\":\"https:\/\/lacerdaai.com\/br\/demissoes-na-amazon-e-o-futuro-do-trabalho-a-ia-e-a-vila-ou-a-catalisadora-da-mudanca\/\",\"name\":\"Demiss\u00f5es na Amazon e o Futuro do Trabalho: A IA \u00e9 a Vil\u00e3 ou a Catalisadora da Mudan\u00e7a? - Lacerda AI\",\"isPartOf\":{\"@id\":\"https:\/\/lacerdaai.com\/br\/#website\"},\"primaryImageOfPage\":{\"@id\":\"https:\/\/lacerdaai.com\/br\/demissoes-na-amazon-e-o-futuro-do-trabalho-a-ia-e-a-vila-ou-a-catalisadora-da-mudanca\/#primaryimage\"},\"image\":{\"@id\":\"https:\/\/lacerdaai.com\/br\/demissoes-na-amazon-e-o-futuro-do-trabalho-a-ia-e-a-vila-ou-a-catalisadora-da-mudanca\/#primaryimage\"},\"thumbnailUrl\":\"https:\/\/lacerdaai.com\/br\/wp-content\/uploads\/2025\/11\/imagem.jpg\",\"datePublished\":\"2025-11-01T03:42:34+00:00\",\"dateModified\":\"2025-11-01T03:42:35+00:00\",\"author\":{\"@id\":\"https:\/\/lacerdaai.com\/br\/#\/schema\/person\/8bad803c2e83a0c5c5c75e02a1c2248f\"},\"description\":\"Analise a declara\u00e7\u00e3o do CEO da Amazon sobre as recentes demiss\u00f5es n\u00e3o estarem ligadas \u00e0 IA e explore o impacto multifacetado da Intelig\u00eancia Artificial no mercado de trabalho, o futuro das carreiras e a necessidade de requalifica\u00e7\u00e3o.\",\"breadcrumb\":{\"@id\":\"https:\/\/lacerdaai.com\/br\/demissoes-na-amazon-e-o-futuro-do-trabalho-a-ia-e-a-vila-ou-a-catalisadora-da-mudanca\/#breadcrumb\"},\"inLanguage\":\"pt-BR\",\"potentialAction\":[{\"@type\":\"ReadAction\",\"target\":[\"https:\/\/lacerdaai.com\/br\/demissoes-na-amazon-e-o-futuro-do-trabalho-a-ia-e-a-vila-ou-a-catalisadora-da-mudanca\/\"]}]},{\"@type\":\"ImageObject\",\"inLanguage\":\"pt-BR\",\"@id\":\"https:\/\/lacerdaai.com\/br\/demissoes-na-amazon-e-o-futuro-do-trabalho-a-ia-e-a-vila-ou-a-catalisadora-da-mudanca\/#primaryimage\",\"url\":\"https:\/\/lacerdaai.com\/br\/wp-content\/uploads\/2025\/11\/imagem.jpg\",\"contentUrl\":\"https:\/\/lacerdaai.com\/br\/wp-content\/uploads\/2025\/11\/imagem.jpg\",\"width\":2048,\"height\":1342},{\"@type\":\"BreadcrumbList\",\"@id\":\"https:\/\/lacerdaai.com\/br\/demissoes-na-amazon-e-o-futuro-do-trabalho-a-ia-e-a-vila-ou-a-catalisadora-da-mudanca\/#breadcrumb\",\"itemListElement\":[{\"@type\":\"ListItem\",\"position\":1,\"name\":\"In\u00edcio\",\"item\":\"https:\/\/lacerdaai.com\/br\/\"},{\"@type\":\"ListItem\",\"position\":2,\"name\":\"Demiss\u00f5es na Amazon e o Futuro do Trabalho: A IA \u00e9 a Vil\u00e3 ou a Catalisadora da Mudan\u00e7a?\"}]},{\"@type\":\"WebSite\",\"@id\":\"https:\/\/lacerdaai.com\/br\/#website\",\"url\":\"https:\/\/lacerdaai.com\/br\/\",\"name\":\"Lacerda AI\",\"description\":\"Seu blog di\u00e1rio de novidades do mundo da Inteligencia Artificial\",\"potentialAction\":[{\"@type\":\"SearchAction\",\"target\":{\"@type\":\"EntryPoint\",\"urlTemplate\":\"https:\/\/lacerdaai.com\/br\/?s={search_term_string}\"},\"query-input\":{\"@type\":\"PropertyValueSpecification\",\"valueRequired\":true,\"valueName\":\"search_term_string\"}}],\"inLanguage\":\"pt-BR\"},{\"@type\":\"Person\",\"@id\":\"https:\/\/lacerdaai.com\/br\/#\/schema\/person\/8bad803c2e83a0c5c5c75e02a1c2248f\",\"name\":\"Andr\u00e9 Lacerda\",\"image\":{\"@type\":\"ImageObject\",\"inLanguage\":\"pt-BR\",\"@id\":\"https:\/\/lacerdaai.com\/br\/#\/schema\/person\/image\/\",\"url\":\"https:\/\/secure.gravatar.com\/avatar\/f5c1fa5ad9763f54c1f223c3fc91f131da6288c9f9e28d74bb3c355ad99af205?s=96&d=mm&r=g\",\"contentUrl\":\"https:\/\/secure.gravatar.com\/avatar\/f5c1fa5ad9763f54c1f223c3fc91f131da6288c9f9e28d74bb3c355ad99af205?s=96&d=mm&r=g\",\"caption\":\"Andr\u00e9 Lacerda\"},\"description\":\"Sou o Andr\u00e9 Lacerda, tenho 35 anos e sou apaixonado por tecnologia, intelig\u00eancia artificial e boas hist\u00f3rias. Me formei em Tecnologia e Jornalismo \u2014 sim, uma mistura meio improv\u00e1vel, mas que combina muito comigo. J\u00e1 morei no Canad\u00e1 e na Espanha, e essas experi\u00eancias me ajudaram a enxergar a inova\u00e7\u00e3o com um olhar mais global (e a me virar bem em tr\u00eas idiomas \ud83d\ude04). Trabalhei em algumas das maiores empresas de tecnologia do mercado e, hoje, atuo como consultor ajudando neg\u00f3cios a entenderem e aplicarem IA de forma pr\u00e1tica, estrat\u00e9gica e humana. Gosto de traduzir o complexo em algo simples \u2014 e \u00e9 isso que voc\u00ea vai encontrar por aqui.\",\"sameAs\":[\"http:\/\/lacerdaai.com\/br\"],\"url\":\"https:\/\/lacerdaai.com\/br\/author\/red-admin\/\"}]}<\/script>\n<!-- \/ Yoast SEO plugin. -->","yoast_head_json":{"title":"Demiss\u00f5es na Amazon e o Futuro do Trabalho: A IA \u00e9 a Vil\u00e3 ou a Catalisadora da Mudan\u00e7a? - Lacerda AI","description":"Analise a declara\u00e7\u00e3o do CEO da Amazon sobre as recentes demiss\u00f5es n\u00e3o estarem ligadas \u00e0 IA e explore o impacto multifacetado da Intelig\u00eancia Artificial no mercado de trabalho, o futuro das carreiras e a necessidade de requalifica\u00e7\u00e3o.","robots":{"index":"index","follow":"follow","max-snippet":"max-snippet:-1","max-image-preview":"max-image-preview:large","max-video-preview":"max-video-preview:-1"},"canonical":"https:\/\/lacerdaai.com\/br\/demissoes-na-amazon-e-o-futuro-do-trabalho-a-ia-e-a-vila-ou-a-catalisadora-da-mudanca\/","og_locale":"pt_BR","og_type":"article","og_title":"Demiss\u00f5es na Amazon e o Futuro do Trabalho: A IA \u00e9 a Vil\u00e3 ou a Catalisadora da Mudan\u00e7a? - Lacerda AI","og_description":"Analise a declara\u00e7\u00e3o do CEO da Amazon sobre as recentes demiss\u00f5es n\u00e3o estarem ligadas \u00e0 IA e explore o impacto multifacetado da Intelig\u00eancia Artificial no mercado de trabalho, o futuro das carreiras e a necessidade de requalifica\u00e7\u00e3o.","og_url":"https:\/\/lacerdaai.com\/br\/demissoes-na-amazon-e-o-futuro-do-trabalho-a-ia-e-a-vila-ou-a-catalisadora-da-mudanca\/","og_site_name":"Lacerda AI","article_published_time":"2025-11-01T03:42:34+00:00","article_modified_time":"2025-11-01T03:42:35+00:00","author":"Andr\u00e9 Lacerda","twitter_card":"summary_large_image","twitter_misc":{"Escrito por":"Andr\u00e9 Lacerda","Est. tempo de leitura":"9 minutos"},"schema":{"@context":"https:\/\/schema.org","@graph":[{"@type":"WebPage","@id":"https:\/\/lacerdaai.com\/br\/demissoes-na-amazon-e-o-futuro-do-trabalho-a-ia-e-a-vila-ou-a-catalisadora-da-mudanca\/","url":"https:\/\/lacerdaai.com\/br\/demissoes-na-amazon-e-o-futuro-do-trabalho-a-ia-e-a-vila-ou-a-catalisadora-da-mudanca\/","name":"Demiss\u00f5es na Amazon e o Futuro do Trabalho: A IA \u00e9 a Vil\u00e3 ou a Catalisadora da Mudan\u00e7a? - Lacerda AI","isPartOf":{"@id":"https:\/\/lacerdaai.com\/br\/#website"},"primaryImageOfPage":{"@id":"https:\/\/lacerdaai.com\/br\/demissoes-na-amazon-e-o-futuro-do-trabalho-a-ia-e-a-vila-ou-a-catalisadora-da-mudanca\/#primaryimage"},"image":{"@id":"https:\/\/lacerdaai.com\/br\/demissoes-na-amazon-e-o-futuro-do-trabalho-a-ia-e-a-vila-ou-a-catalisadora-da-mudanca\/#primaryimage"},"thumbnailUrl":"https:\/\/lacerdaai.com\/br\/wp-content\/uploads\/2025\/11\/imagem.jpg","datePublished":"2025-11-01T03:42:34+00:00","dateModified":"2025-11-01T03:42:35+00:00","author":{"@id":"https:\/\/lacerdaai.com\/br\/#\/schema\/person\/8bad803c2e83a0c5c5c75e02a1c2248f"},"description":"Analise a declara\u00e7\u00e3o do CEO da Amazon sobre as recentes demiss\u00f5es n\u00e3o estarem ligadas \u00e0 IA e explore o impacto multifacetado da Intelig\u00eancia Artificial no mercado de trabalho, o futuro das carreiras e a necessidade de requalifica\u00e7\u00e3o.","breadcrumb":{"@id":"https:\/\/lacerdaai.com\/br\/demissoes-na-amazon-e-o-futuro-do-trabalho-a-ia-e-a-vila-ou-a-catalisadora-da-mudanca\/#breadcrumb"},"inLanguage":"pt-BR","potentialAction":[{"@type":"ReadAction","target":["https:\/\/lacerdaai.com\/br\/demissoes-na-amazon-e-o-futuro-do-trabalho-a-ia-e-a-vila-ou-a-catalisadora-da-mudanca\/"]}]},{"@type":"ImageObject","inLanguage":"pt-BR","@id":"https:\/\/lacerdaai.com\/br\/demissoes-na-amazon-e-o-futuro-do-trabalho-a-ia-e-a-vila-ou-a-catalisadora-da-mudanca\/#primaryimage","url":"https:\/\/lacerdaai.com\/br\/wp-content\/uploads\/2025\/11\/imagem.jpg","contentUrl":"https:\/\/lacerdaai.com\/br\/wp-content\/uploads\/2025\/11\/imagem.jpg","width":2048,"height":1342},{"@type":"BreadcrumbList","@id":"https:\/\/lacerdaai.com\/br\/demissoes-na-amazon-e-o-futuro-do-trabalho-a-ia-e-a-vila-ou-a-catalisadora-da-mudanca\/#breadcrumb","itemListElement":[{"@type":"ListItem","position":1,"name":"In\u00edcio","item":"https:\/\/lacerdaai.com\/br\/"},{"@type":"ListItem","position":2,"name":"Demiss\u00f5es na Amazon e o Futuro do Trabalho: A IA \u00e9 a Vil\u00e3 ou a Catalisadora da Mudan\u00e7a?"}]},{"@type":"WebSite","@id":"https:\/\/lacerdaai.com\/br\/#website","url":"https:\/\/lacerdaai.com\/br\/","name":"Lacerda AI","description":"Seu blog di\u00e1rio de novidades do mundo da Inteligencia Artificial","potentialAction":[{"@type":"SearchAction","target":{"@type":"EntryPoint","urlTemplate":"https:\/\/lacerdaai.com\/br\/?s={search_term_string}"},"query-input":{"@type":"PropertyValueSpecification","valueRequired":true,"valueName":"search_term_string"}}],"inLanguage":"pt-BR"},{"@type":"Person","@id":"https:\/\/lacerdaai.com\/br\/#\/schema\/person\/8bad803c2e83a0c5c5c75e02a1c2248f","name":"Andr\u00e9 Lacerda","image":{"@type":"ImageObject","inLanguage":"pt-BR","@id":"https:\/\/lacerdaai.com\/br\/#\/schema\/person\/image\/","url":"https:\/\/secure.gravatar.com\/avatar\/f5c1fa5ad9763f54c1f223c3fc91f131da6288c9f9e28d74bb3c355ad99af205?s=96&d=mm&r=g","contentUrl":"https:\/\/secure.gravatar.com\/avatar\/f5c1fa5ad9763f54c1f223c3fc91f131da6288c9f9e28d74bb3c355ad99af205?s=96&d=mm&r=g","caption":"Andr\u00e9 Lacerda"},"description":"Sou o Andr\u00e9 Lacerda, tenho 35 anos e sou apaixonado por tecnologia, intelig\u00eancia artificial e boas hist\u00f3rias. Me formei em Tecnologia e Jornalismo \u2014 sim, uma mistura meio improv\u00e1vel, mas que combina muito comigo. J\u00e1 morei no Canad\u00e1 e na Espanha, e essas experi\u00eancias me ajudaram a enxergar a inova\u00e7\u00e3o com um olhar mais global (e a me virar bem em tr\u00eas idiomas \ud83d\ude04). Trabalhei em algumas das maiores empresas de tecnologia do mercado e, hoje, atuo como consultor ajudando neg\u00f3cios a entenderem e aplicarem IA de forma pr\u00e1tica, estrat\u00e9gica e humana. Gosto de traduzir o complexo em algo simples \u2014 e \u00e9 isso que voc\u00ea vai encontrar por aqui.","sameAs":["http:\/\/lacerdaai.com\/br"],"url":"https:\/\/lacerdaai.com\/br\/author\/red-admin\/"}]}},"_links":{"self":[{"href":"https:\/\/lacerdaai.com\/br\/wp-json\/wp\/v2\/posts\/2087","targetHints":{"allow":["GET"]}}],"collection":[{"href":"https:\/\/lacerdaai.com\/br\/wp-json\/wp\/v2\/posts"}],"about":[{"href":"https:\/\/lacerdaai.com\/br\/wp-json\/wp\/v2\/types\/post"}],"author":[{"embeddable":true,"href":"https:\/\/lacerdaai.com\/br\/wp-json\/wp\/v2\/users\/1"}],"replies":[{"embeddable":true,"href":"https:\/\/lacerdaai.com\/br\/wp-json\/wp\/v2\/comments?post=2087"}],"version-history":[{"count":1,"href":"https:\/\/lacerdaai.com\/br\/wp-json\/wp\/v2\/posts\/2087\/revisions"}],"predecessor-version":[{"id":2088,"href":"https:\/\/lacerdaai.com\/br\/wp-json\/wp\/v2\/posts\/2087\/revisions\/2088"}],"wp:featuredmedia":[{"embeddable":true,"href":"https:\/\/lacerdaai.com\/br\/wp-json\/wp\/v2\/media\/2086"}],"wp:attachment":[{"href":"https:\/\/lacerdaai.com\/br\/wp-json\/wp\/v2\/media?parent=2087"}],"wp:term":[{"taxonomy":"category","embeddable":true,"href":"https:\/\/lacerdaai.com\/br\/wp-json\/wp\/v2\/categories?post=2087"},{"taxonomy":"post_tag","embeddable":true,"href":"https:\/\/lacerdaai.com\/br\/wp-json\/wp\/v2\/tags?post=2087"}],"curies":[{"name":"wp","href":"https:\/\/api.w.org\/{rel}","templated":true}]}}