{"id":2158,"date":"2025-11-04T00:43:06","date_gmt":"2025-11-04T03:43:06","guid":{"rendered":"https:\/\/lacerdaai.com\/br\/a-fatura-oculta-da-inteligencia-artificial-o-dilema-energetico-de-altman-e-nadella\/"},"modified":"2025-11-04T00:43:07","modified_gmt":"2025-11-04T03:43:07","slug":"a-fatura-oculta-da-inteligencia-artificial-o-dilema-energetico-de-altman-e-nadella","status":"publish","type":"post","link":"https:\/\/lacerdaai.com\/br\/a-fatura-oculta-da-inteligencia-artificial-o-dilema-energetico-de-altman-e-nadella\/","title":{"rendered":"A Fatura Oculta da Intelig\u00eancia Artificial: O Dilema Energ\u00e9tico de Altman e Nadella"},"content":{"rendered":"<p>A Intelig\u00eancia Artificial (IA) \u00e9, sem d\u00favida, a for\u00e7a motriz mais transformadora da nossa era. Desde a automa\u00e7\u00e3o de tarefas rotineiras at\u00e9 a cria\u00e7\u00e3o de obras de arte e o avan\u00e7o da medicina, a IA promete um futuro de inova\u00e7\u00f5es sem precedentes. No entanto, por tr\u00e1s de cada algoritmo sofisticado, de cada modelo de linguagem colossal e de cada avan\u00e7o impressionante, existe uma verdade muitas vezes ignorada: a IA \u00e9 uma devoradora insaci\u00e1vel de energia. E essa &#8216;fatura oculta&#8217; est\u00e1 come\u00e7ando a preocupar at\u00e9 mesmo os vision\u00e1rios que lideram a revolu\u00e7\u00e3o, como Sam Altman, CEO da OpenAI, e Satya Nadella, CEO da Microsoft.<\/p>\n<p>Recentemente, ambos os l\u00edderes expressaram abertamente a aposta de que a IA continuar\u00e1 a demandar quantidades crescentes de eletricidade, mas, curiosamente, admitiram n\u00e3o ter certeza sobre a exata magnitude desse crescimento. Essa incerteza n\u00e3o \u00e9 apenas uma nota de rodap\u00e9 t\u00e9cnica; ela carrega implica\u00e7\u00f5es profundas para a infraestrutura global, para a sustentabilidade ambiental e, crucialmente, para os investidores que depositam sua f\u00e9 \u2013 e seu capital \u2013 no futuro da IA.<\/p>\n<p>Neste artigo, vamos desvendar por que o <strong>consumo de energia da IA<\/strong> \u00e9 um ponto t\u00e3o cr\u00edtico, quais s\u00e3o os desafios que ele imp\u00f5e aos gigantes da tecnologia e o que podemos esperar \u2013 e fazer \u2013 para garantir que o avan\u00e7o da intelig\u00eancia artificial seja t\u00e3o sustent\u00e1vel quanto \u00e9 revolucion\u00e1rio.<\/p>\n<h2>O <strong>Consumo de Energia da IA<\/strong>: Desvendando a Pegada El\u00e9trica da Revolu\u00e7\u00e3o<\/h2>\n<p>Para entender o dilema de Altman e Nadella, precisamos primeiro compreender de onde vem essa demanda energ\u00e9tica. A intelig\u00eancia artificial, em sua ess\u00eancia, \u00e9 alimentada por dados e computa\u00e7\u00e3o. Modelos de IA, especialmente os grandes modelos de linguagem (LLMs) como o GPT-4 da OpenAI, s\u00e3o treinados em vastas quantidades de texto, imagens e outros tipos de dados. Esse processo de treinamento \u00e9 incrivelmente intensivo em computa\u00e7\u00e3o, exigindo milhares de unidades de processamento gr\u00e1fico (GPUs) trabalhando em paralelo por semanas ou at\u00e9 meses.<\/p>\n<p>Imagine um c\u00e9rebro aprendendo em escala industrial. Cada sinapse que se forma no modelo, cada ajuste nos bilh\u00f5es de par\u00e2metros, exige um c\u00e1lculo. E esses c\u00e1lculos s\u00e3o realizados por chips que geram calor, que precisam ser resfriados, e que, em \u00faltima an\u00e1lise, consomem eletricidade. Um \u00fanico treinamento de um LLM de grande porte pode consumir a mesma quantidade de energia que dezenas de lares brasileiros em um ano, ou at\u00e9 mais. E isso \u00e9 apenas o treinamento. Depois, vem a fase de infer\u00eancia, ou seja, quando o modelo \u00e9 usado para gerar respostas, escrever textos ou analisar dados. Embora a infer\u00eancia seja menos intensiva que o treinamento, a escala global de uso da IA por milh\u00f5es de usu\u00e1rios diariamente acumula uma demanda energ\u00e9tica significativa.<\/p>\n<p>Os data centers, os verdadeiros templos da IA, s\u00e3o a espinha dorsal dessa infraestrutura. S\u00e3o constru\u00e7\u00f5es gigantescas repletas de servidores, sistemas de resfriamento, fontes de alimenta\u00e7\u00e3o redundantes e equipamentos de rede, todos consumindo energia 24 horas por dia, 7 dias por semana. Um data center de m\u00e9dio porte pode consumir a mesma quantidade de energia que uma cidade pequena. Com a explos\u00e3o da IA, o n\u00famero e o tamanho desses data centers est\u00e3o crescendo exponencialmente, e com eles, a demanda por eletricidade.<\/p>\n<p>A preocupa\u00e7\u00e3o n\u00e3o \u00e9 apenas com a quantidade de energia, mas tamb\u00e9m com a fonte. Muitas redes el\u00e9tricas ainda dependem fortemente de combust\u00edveis f\u00f3sseis, o que significa que cada byte processado pela IA contribui para as emiss\u00f5es de carbono. A pegada de carbono do <strong>consumo de energia da IA<\/strong> \u00e9 um desafio ambiental que n\u00e3o pode ser ignorado, e a press\u00e3o para uma IA mais &#8216;verde&#8217; \u00e9 cada vez maior.<\/p>\n<h2>O Dilema dos Gigantes: Altman, Nadella e a Busca por Eletricidade<\/h2>\n<p>Quando l\u00edderes como Sam Altman e Satya Nadella expressam incerteza sobre a demanda futura de energia da IA, \u00e9 um sinal claro de que estamos navegando em \u00e1guas desconhecidas. A OpenAI, sob a lideran\u00e7a de Altman, est\u00e1 na vanguarda do desenvolvimento de modelos de IA, e a Microsoft, comandada por Nadella, \u00e9 a principal investidora da OpenAI e uma provedora massiva de infraestrutura de nuvem (Azure) que hospeda muitas dessas cargas de trabalho de IA.<\/p>\n<p>Para eles, a falta de clareza sobre o <strong>consumo de energia da IA<\/strong> significa uma s\u00e9rie de desafios estrat\u00e9gicos:<\/p>\n<ul>\n<li><strong>Planejamento de Infraestrutura:<\/strong> \u00c9 extremamente dif\u00edcil planejar a constru\u00e7\u00e3o de novos data centers, a aquisi\u00e7\u00e3o de GPUs e a negocia\u00e7\u00e3o de contratos de energia de longo prazo sem uma estimativa s\u00f3lida da demanda. Construir um data center leva anos e custa bilh\u00f5es. Errar nas proje\u00e7\u00f5es pode significar falta de capacidade ou investimento ocioso.<\/li>\n<li><strong>Custos Operacionais:<\/strong> A energia el\u00e9trica \u00e9 um dos maiores custos operacionais para qualquer data center. Se o consumo crescer descontroladamente, os custos podem se tornar proibitivos, impactando a lucratividade e o pre\u00e7o dos servi\u00e7os de IA.<\/li>\n<li><strong>Sustentabilidade e Reputa\u00e7\u00e3o:<\/strong> Ambas as empresas t\u00eam compromissos p\u00fablicos com a sustentabilidade e a redu\u00e7\u00e3o de emiss\u00f5es. O aumento descontrolado do <strong>consumo de energia da IA<\/strong> pode minar esses esfor\u00e7os e gerar cr\u00edticas p\u00fablicas, afetando sua reputa\u00e7\u00e3o e a confian\u00e7a de consumidores e investidores.<\/li>\n<li><strong>Inova\u00e7\u00e3o Cont\u00ednua:<\/strong> A capacidade de inovar e criar modelos de IA ainda maiores e mais complexos est\u00e1 intrinsecamente ligada \u00e0 disponibilidade de energia e infraestrutura de computa\u00e7\u00e3o. Se houver um gargalo energ\u00e9tico, o ritmo da inova\u00e7\u00e3o pode ser freado.<\/li>\n<\/ul>\n<p>Altman, por exemplo, j\u00e1 manifestou a necessidade de uma &#8220;revolu\u00e7\u00e3o energ\u00e9tica&#8221; para sustentar o avan\u00e7o da IA, chegando a investir em projetos de fus\u00e3o nuclear como uma poss\u00edvel solu\u00e7\u00e3o a longo prazo. Nadella, por sua vez, tem focado em otimizar a efici\u00eancia de seus data centers e buscar fontes de energia renov\u00e1vel para alimentar as opera\u00e7\u00f5es da Microsoft. A incerteza n\u00e3o os paralisa, mas os impulsiona a buscar solu\u00e7\u00f5es ousadas e inovadoras para um problema que est\u00e1 crescendo em escala.<\/p>\n<h2>Investimento, Impacto Ambiental e a Aposta do Mercado: Onde Entramos Nesta Equa\u00e7\u00e3o?<\/h2>\n<p>A quest\u00e3o do <strong>consumo de energia da IA<\/strong> n\u00e3o se restringe aos corredores das grandes empresas de tecnologia; ela reverbera em toda a economia e no meio ambiente. Para os investidores, a incerteza de custos energ\u00e9ticos representa um risco significativo. Uma empresa que n\u00e3o consegue prever seus gastos com energia em um cen\u00e1rio de demanda crescente pode apresentar menor estabilidade financeira. Isso pode levar investidores a &#8216;segurar a sacola&#8217; (traduzindo o &#8216;holding the bag&#8217; do original), ou seja, a arcar com os custos ou a deprecia\u00e7\u00e3o de seus investimentos se as proje\u00e7\u00f5es n\u00e3o se concretizarem ou os custos superarem as expectativas.<\/p>\n<p>Al\u00e9m disso, o mercado financeiro est\u00e1 cada vez mais atento \u00e0s quest\u00f5es ESG (Environmental, Social, and Governance). Empresas com uma alta pegada de carbono ou que n\u00e3o demonstram um plano claro para a sustentabilidade podem enfrentar escrut\u00ednio e ter dificuldades em atrair capital de investidores conscientes. O setor de IA, com sua crescente demanda por energia, est\u00e1 sob os holofotes.<\/p>\n<p>Do ponto de vista ambiental, o cen\u00e1rio \u00e9 igualmente desafiador. A IA, que tem o potencial de nos ajudar a resolver problemas clim\u00e1ticos complexos, tamb\u00e9m pode se tornar um contribuinte significativo para as mudan\u00e7as clim\u00e1ticas se n\u00e3o for gerenciada de forma respons\u00e1vel. A press\u00e3o para usar energia renov\u00e1vel, otimizar a efici\u00eancia dos algoritmos e desenvolver hardware mais eficiente \u00e9 imensa e global.<\/p>\n<p>Estamos entrando em uma era onde a sustentabilidade da IA ser\u00e1 t\u00e3o importante quanto sua capacidade computacional. N\u00e3o se trata apenas de ter uma IA poderosa, mas de ter uma IA que possa existir de forma harmoniosa com o nosso planeta e com a nossa infraestrutura existente.<\/p>\n<h2>Caminhos para um Futuro Sustent\u00e1vel: Inova\u00e7\u00e3o e Consci\u00eancia na Era da IA<\/h2>\n<p>Diante desse cen\u00e1rio complexo, a boa not\u00edcia \u00e9 que h\u00e1 um esfor\u00e7o global e multifacetado para abordar o desafio do <strong>consumo de energia da IA<\/strong>. A inova\u00e7\u00e3o est\u00e1 acontecendo em diversas frentes:<\/p>\n<ul>\n<li><strong>Hardware mais Eficiente:<\/strong> Fabricantes de chips como NVIDIA, AMD e Intel est\u00e3o constantemente desenvolvendo GPUs e aceleradores de IA mais eficientes, capazes de realizar mais c\u00e1lculos com menos energia. Al\u00e9m disso, chips dedicados \u00e0 IA (ASICs) e computa\u00e7\u00e3o neurom\u00f3rfica prometem efici\u00eancia energ\u00e9tica ainda maior.<\/li>\n<li><strong>Otimiza\u00e7\u00e3o de Software e Algoritmos:<\/strong> Pesquisadores e engenheiros de IA est\u00e3o trabalhando em m\u00e9todos para tornar os modelos mais &#8216;leves&#8217; e eficientes. T\u00e9cnicas como &#8216;poda&#8217; (pruning), quantiza\u00e7\u00e3o e arquiteturas de modelos mais compactas podem reduzir drasticamente os recursos necess\u00e1rios para treinar e executar a IA. O uso de algoritmos mais eficientes pode significar o mesmo resultado com menos processamento.<\/li>\n<li><strong>Fontes de Energia Renov\u00e1vel:<\/strong> Grandes empresas de tecnologia est\u00e3o investindo pesado em energia solar, e\u00f3lica e hidrel\u00e9trica para alimentar seus data centers. Contratos de compra de energia renov\u00e1vel e a constru\u00e7\u00e3o de parques solares e e\u00f3licos dedicados est\u00e3o se tornando a norma.<\/li>\n<li><strong>Resfriamento Avan\u00e7ado:<\/strong> O resfriamento de data centers \u00e9 um grande consumidor de energia. Novas tecnologias, como resfriamento l\u00edquido direto para chips e sistemas de resfriamento mais inteligentes e eficientes, est\u00e3o sendo implementadas para reduzir essa demanda.<\/li>\n<li><strong>IA para Sustentabilidade:<\/strong> Paradoxalmente, a pr\u00f3pria IA pode ser uma ferramenta poderosa para otimizar o consumo de energia em data centers e em redes el\u00e9tricas, prevendo picos de demanda, ajustando cargas e gerenciando recursos de forma mais inteligente.<\/li>\n<\/ul>\n<p>A conscientiza\u00e7\u00e3o sobre o impacto energ\u00e9tico da IA \u00e9 o primeiro passo para encontrar solu\u00e7\u00f5es. \u00c9 um problema que exige a colabora\u00e7\u00e3o de engenheiros, cientistas de dados, formuladores de pol\u00edticas e at\u00e9 mesmo do p\u00fablico em geral, que pode demandar produtos e servi\u00e7os de IA mais sustent\u00e1veis.<\/p>\n<p><strong>Conclus\u00e3o: Um Futuro Energizado e Consciente<\/strong><\/p>\n<p>A intelig\u00eancia artificial est\u00e1 redefinindo o nosso mundo em uma velocidade vertiginosa, e seu potencial ainda est\u00e1 longe de ser plenamente explorado. No entanto, o desafio do <strong>consumo de energia da IA<\/strong> \u00e9 uma faceta crucial dessa revolu\u00e7\u00e3o que n\u00e3o pode ser negligenciada. A incerteza expressa por l\u00edderes como Sam Altman e Satya Nadella serve como um poderoso lembrete de que, mesmo para os mais vision\u00e1rios, o caminho \u00e0 frente est\u00e1 repleto de inc\u00f3gnitas, especialmente quando se trata de infraestrutura e recursos naturais.<\/p>\n<p>Para que a IA continue a prosperar e a entregar seus benef\u00edcios transformadores, \u00e9 imperativo que a inova\u00e7\u00e3o tecnol\u00f3gica ande de m\u00e3os dadas com a responsabilidade ambiental e o planejamento estrat\u00e9gico robusto. O futuro da intelig\u00eancia artificial n\u00e3o depende apenas de algoritmos mais inteligentes ou chips mais poderosos, mas de uma profunda reavalia\u00e7\u00e3o de como a energia \u00e9 gerada, consumida e gerenciada. Somente assim poderemos construir uma era da IA que seja n\u00e3o apenas brilhante, mas tamb\u00e9m sustent\u00e1vel e equitativa para todos.<\/p>\n","protected":false},"excerpt":{"rendered":"<p>A Intelig\u00eancia Artificial (IA) \u00e9, sem d\u00favida, a for\u00e7a motriz mais transformadora da nossa era. Desde a automa\u00e7\u00e3o de tarefas rotineiras at\u00e9 a cria\u00e7\u00e3o de obras de arte e o avan\u00e7o da medicina, a IA promete um futuro de inova\u00e7\u00f5es sem precedentes. No entanto, por tr\u00e1s de cada algoritmo sofisticado, de cada modelo de linguagem [&hellip;]<\/p>\n","protected":false},"author":1,"featured_media":2157,"comment_status":"open","ping_status":"open","sticky":false,"template":"","format":"standard","meta":{"_yoast_wpseo_focuskw":"consumo de energia da IA","_yoast_wpseo_metadesc":"Explore o crescente consumo de energia da IA e os desafios que l\u00edderes como Sam Altman e Satya Nadella enfrentam. Entenda os impactos econ\u00f4micos e ambientais e as solu\u00e7\u00f5es para um futuro mais sustent\u00e1vel da intelig\u00eancia artificial.","footnotes":""},"categories":[2],"tags":[],"class_list":["post-2158","post","type-post","status-publish","format-standard","has-post-thumbnail","hentry","category-novidades"],"yoast_head":"<!-- This site is optimized with the Yoast SEO plugin v25.6 - https:\/\/yoast.com\/wordpress\/plugins\/seo\/ -->\n<title>A Fatura Oculta da Intelig\u00eancia Artificial: O Dilema Energ\u00e9tico de Altman e Nadella - Lacerda AI<\/title>\n<meta name=\"description\" content=\"Explore o crescente consumo de energia da IA e os desafios que l\u00edderes como Sam Altman e Satya Nadella enfrentam. Entenda os impactos econ\u00f4micos e ambientais e as solu\u00e7\u00f5es para um futuro mais sustent\u00e1vel da intelig\u00eancia artificial.\" \/>\n<meta name=\"robots\" content=\"index, follow, max-snippet:-1, max-image-preview:large, max-video-preview:-1\" \/>\n<link rel=\"canonical\" href=\"https:\/\/lacerdaai.com\/br\/a-fatura-oculta-da-inteligencia-artificial-o-dilema-energetico-de-altman-e-nadella\/\" \/>\n<meta property=\"og:locale\" content=\"pt_BR\" \/>\n<meta property=\"og:type\" content=\"article\" \/>\n<meta property=\"og:title\" content=\"A Fatura Oculta da Intelig\u00eancia Artificial: O Dilema Energ\u00e9tico de Altman e Nadella - Lacerda AI\" \/>\n<meta property=\"og:description\" content=\"Explore o crescente consumo de energia da IA e os desafios que l\u00edderes como Sam Altman e Satya Nadella enfrentam. Entenda os impactos econ\u00f4micos e ambientais e as solu\u00e7\u00f5es para um futuro mais sustent\u00e1vel da intelig\u00eancia artificial.\" \/>\n<meta property=\"og:url\" content=\"https:\/\/lacerdaai.com\/br\/a-fatura-oculta-da-inteligencia-artificial-o-dilema-energetico-de-altman-e-nadella\/\" \/>\n<meta property=\"og:site_name\" content=\"Lacerda AI\" \/>\n<meta property=\"article:published_time\" content=\"2025-11-04T03:43:06+00:00\" \/>\n<meta property=\"article:modified_time\" content=\"2025-11-04T03:43:07+00:00\" \/>\n<meta name=\"author\" content=\"Andr\u00e9 Lacerda\" \/>\n<meta name=\"twitter:card\" content=\"summary_large_image\" \/>\n<meta name=\"twitter:label1\" content=\"Escrito por\" \/>\n\t<meta name=\"twitter:data1\" content=\"Andr\u00e9 Lacerda\" \/>\n\t<meta name=\"twitter:label2\" content=\"Est. tempo de leitura\" \/>\n\t<meta name=\"twitter:data2\" content=\"9 minutos\" \/>\n<script type=\"application\/ld+json\" class=\"yoast-schema-graph\">{\"@context\":\"https:\/\/schema.org\",\"@graph\":[{\"@type\":\"WebPage\",\"@id\":\"https:\/\/lacerdaai.com\/br\/a-fatura-oculta-da-inteligencia-artificial-o-dilema-energetico-de-altman-e-nadella\/\",\"url\":\"https:\/\/lacerdaai.com\/br\/a-fatura-oculta-da-inteligencia-artificial-o-dilema-energetico-de-altman-e-nadella\/\",\"name\":\"A Fatura Oculta da Intelig\u00eancia Artificial: O Dilema Energ\u00e9tico de Altman e Nadella - Lacerda AI\",\"isPartOf\":{\"@id\":\"https:\/\/lacerdaai.com\/br\/#website\"},\"primaryImageOfPage\":{\"@id\":\"https:\/\/lacerdaai.com\/br\/a-fatura-oculta-da-inteligencia-artificial-o-dilema-energetico-de-altman-e-nadella\/#primaryimage\"},\"image\":{\"@id\":\"https:\/\/lacerdaai.com\/br\/a-fatura-oculta-da-inteligencia-artificial-o-dilema-energetico-de-altman-e-nadella\/#primaryimage\"},\"thumbnailUrl\":\"https:\/\/lacerdaai.com\/br\/wp-content\/uploads\/2025\/11\/imagem-18.jpg\",\"datePublished\":\"2025-11-04T03:43:06+00:00\",\"dateModified\":\"2025-11-04T03:43:07+00:00\",\"author\":{\"@id\":\"https:\/\/lacerdaai.com\/br\/#\/schema\/person\/8bad803c2e83a0c5c5c75e02a1c2248f\"},\"description\":\"Explore o crescente consumo de energia da IA e os desafios que l\u00edderes como Sam Altman e Satya Nadella enfrentam. Entenda os impactos econ\u00f4micos e ambientais e as solu\u00e7\u00f5es para um futuro mais sustent\u00e1vel da intelig\u00eancia artificial.\",\"breadcrumb\":{\"@id\":\"https:\/\/lacerdaai.com\/br\/a-fatura-oculta-da-inteligencia-artificial-o-dilema-energetico-de-altman-e-nadella\/#breadcrumb\"},\"inLanguage\":\"pt-BR\",\"potentialAction\":[{\"@type\":\"ReadAction\",\"target\":[\"https:\/\/lacerdaai.com\/br\/a-fatura-oculta-da-inteligencia-artificial-o-dilema-energetico-de-altman-e-nadella\/\"]}]},{\"@type\":\"ImageObject\",\"inLanguage\":\"pt-BR\",\"@id\":\"https:\/\/lacerdaai.com\/br\/a-fatura-oculta-da-inteligencia-artificial-o-dilema-energetico-de-altman-e-nadella\/#primaryimage\",\"url\":\"https:\/\/lacerdaai.com\/br\/wp-content\/uploads\/2025\/11\/imagem-18.jpg\",\"contentUrl\":\"https:\/\/lacerdaai.com\/br\/wp-content\/uploads\/2025\/11\/imagem-18.jpg\",\"width\":1200,\"height\":764},{\"@type\":\"BreadcrumbList\",\"@id\":\"https:\/\/lacerdaai.com\/br\/a-fatura-oculta-da-inteligencia-artificial-o-dilema-energetico-de-altman-e-nadella\/#breadcrumb\",\"itemListElement\":[{\"@type\":\"ListItem\",\"position\":1,\"name\":\"In\u00edcio\",\"item\":\"https:\/\/lacerdaai.com\/br\/\"},{\"@type\":\"ListItem\",\"position\":2,\"name\":\"A Fatura Oculta da Intelig\u00eancia Artificial: O Dilema Energ\u00e9tico de Altman e Nadella\"}]},{\"@type\":\"WebSite\",\"@id\":\"https:\/\/lacerdaai.com\/br\/#website\",\"url\":\"https:\/\/lacerdaai.com\/br\/\",\"name\":\"Lacerda AI\",\"description\":\"Seu blog di\u00e1rio de novidades do mundo da Inteligencia Artificial\",\"potentialAction\":[{\"@type\":\"SearchAction\",\"target\":{\"@type\":\"EntryPoint\",\"urlTemplate\":\"https:\/\/lacerdaai.com\/br\/?s={search_term_string}\"},\"query-input\":{\"@type\":\"PropertyValueSpecification\",\"valueRequired\":true,\"valueName\":\"search_term_string\"}}],\"inLanguage\":\"pt-BR\"},{\"@type\":\"Person\",\"@id\":\"https:\/\/lacerdaai.com\/br\/#\/schema\/person\/8bad803c2e83a0c5c5c75e02a1c2248f\",\"name\":\"Andr\u00e9 Lacerda\",\"image\":{\"@type\":\"ImageObject\",\"inLanguage\":\"pt-BR\",\"@id\":\"https:\/\/lacerdaai.com\/br\/#\/schema\/person\/image\/\",\"url\":\"https:\/\/secure.gravatar.com\/avatar\/f5c1fa5ad9763f54c1f223c3fc91f131da6288c9f9e28d74bb3c355ad99af205?s=96&d=mm&r=g\",\"contentUrl\":\"https:\/\/secure.gravatar.com\/avatar\/f5c1fa5ad9763f54c1f223c3fc91f131da6288c9f9e28d74bb3c355ad99af205?s=96&d=mm&r=g\",\"caption\":\"Andr\u00e9 Lacerda\"},\"description\":\"Sou o Andr\u00e9 Lacerda, tenho 35 anos e sou apaixonado por tecnologia, intelig\u00eancia artificial e boas hist\u00f3rias. Me formei em Tecnologia e Jornalismo \u2014 sim, uma mistura meio improv\u00e1vel, mas que combina muito comigo. J\u00e1 morei no Canad\u00e1 e na Espanha, e essas experi\u00eancias me ajudaram a enxergar a inova\u00e7\u00e3o com um olhar mais global (e a me virar bem em tr\u00eas idiomas \ud83d\ude04). Trabalhei em algumas das maiores empresas de tecnologia do mercado e, hoje, atuo como consultor ajudando neg\u00f3cios a entenderem e aplicarem IA de forma pr\u00e1tica, estrat\u00e9gica e humana. Gosto de traduzir o complexo em algo simples \u2014 e \u00e9 isso que voc\u00ea vai encontrar por aqui.\",\"sameAs\":[\"http:\/\/lacerdaai.com\/br\"],\"url\":\"https:\/\/lacerdaai.com\/br\/author\/red-admin\/\"}]}<\/script>\n<!-- \/ Yoast SEO plugin. -->","yoast_head_json":{"title":"A Fatura Oculta da Intelig\u00eancia Artificial: O Dilema Energ\u00e9tico de Altman e Nadella - Lacerda AI","description":"Explore o crescente consumo de energia da IA e os desafios que l\u00edderes como Sam Altman e Satya Nadella enfrentam. Entenda os impactos econ\u00f4micos e ambientais e as solu\u00e7\u00f5es para um futuro mais sustent\u00e1vel da intelig\u00eancia artificial.","robots":{"index":"index","follow":"follow","max-snippet":"max-snippet:-1","max-image-preview":"max-image-preview:large","max-video-preview":"max-video-preview:-1"},"canonical":"https:\/\/lacerdaai.com\/br\/a-fatura-oculta-da-inteligencia-artificial-o-dilema-energetico-de-altman-e-nadella\/","og_locale":"pt_BR","og_type":"article","og_title":"A Fatura Oculta da Intelig\u00eancia Artificial: O Dilema Energ\u00e9tico de Altman e Nadella - Lacerda AI","og_description":"Explore o crescente consumo de energia da IA e os desafios que l\u00edderes como Sam Altman e Satya Nadella enfrentam. Entenda os impactos econ\u00f4micos e ambientais e as solu\u00e7\u00f5es para um futuro mais sustent\u00e1vel da intelig\u00eancia artificial.","og_url":"https:\/\/lacerdaai.com\/br\/a-fatura-oculta-da-inteligencia-artificial-o-dilema-energetico-de-altman-e-nadella\/","og_site_name":"Lacerda AI","article_published_time":"2025-11-04T03:43:06+00:00","article_modified_time":"2025-11-04T03:43:07+00:00","author":"Andr\u00e9 Lacerda","twitter_card":"summary_large_image","twitter_misc":{"Escrito por":"Andr\u00e9 Lacerda","Est. tempo de leitura":"9 minutos"},"schema":{"@context":"https:\/\/schema.org","@graph":[{"@type":"WebPage","@id":"https:\/\/lacerdaai.com\/br\/a-fatura-oculta-da-inteligencia-artificial-o-dilema-energetico-de-altman-e-nadella\/","url":"https:\/\/lacerdaai.com\/br\/a-fatura-oculta-da-inteligencia-artificial-o-dilema-energetico-de-altman-e-nadella\/","name":"A Fatura Oculta da Intelig\u00eancia Artificial: O Dilema Energ\u00e9tico de Altman e Nadella - Lacerda AI","isPartOf":{"@id":"https:\/\/lacerdaai.com\/br\/#website"},"primaryImageOfPage":{"@id":"https:\/\/lacerdaai.com\/br\/a-fatura-oculta-da-inteligencia-artificial-o-dilema-energetico-de-altman-e-nadella\/#primaryimage"},"image":{"@id":"https:\/\/lacerdaai.com\/br\/a-fatura-oculta-da-inteligencia-artificial-o-dilema-energetico-de-altman-e-nadella\/#primaryimage"},"thumbnailUrl":"https:\/\/lacerdaai.com\/br\/wp-content\/uploads\/2025\/11\/imagem-18.jpg","datePublished":"2025-11-04T03:43:06+00:00","dateModified":"2025-11-04T03:43:07+00:00","author":{"@id":"https:\/\/lacerdaai.com\/br\/#\/schema\/person\/8bad803c2e83a0c5c5c75e02a1c2248f"},"description":"Explore o crescente consumo de energia da IA e os desafios que l\u00edderes como Sam Altman e Satya Nadella enfrentam. Entenda os impactos econ\u00f4micos e ambientais e as solu\u00e7\u00f5es para um futuro mais sustent\u00e1vel da intelig\u00eancia artificial.","breadcrumb":{"@id":"https:\/\/lacerdaai.com\/br\/a-fatura-oculta-da-inteligencia-artificial-o-dilema-energetico-de-altman-e-nadella\/#breadcrumb"},"inLanguage":"pt-BR","potentialAction":[{"@type":"ReadAction","target":["https:\/\/lacerdaai.com\/br\/a-fatura-oculta-da-inteligencia-artificial-o-dilema-energetico-de-altman-e-nadella\/"]}]},{"@type":"ImageObject","inLanguage":"pt-BR","@id":"https:\/\/lacerdaai.com\/br\/a-fatura-oculta-da-inteligencia-artificial-o-dilema-energetico-de-altman-e-nadella\/#primaryimage","url":"https:\/\/lacerdaai.com\/br\/wp-content\/uploads\/2025\/11\/imagem-18.jpg","contentUrl":"https:\/\/lacerdaai.com\/br\/wp-content\/uploads\/2025\/11\/imagem-18.jpg","width":1200,"height":764},{"@type":"BreadcrumbList","@id":"https:\/\/lacerdaai.com\/br\/a-fatura-oculta-da-inteligencia-artificial-o-dilema-energetico-de-altman-e-nadella\/#breadcrumb","itemListElement":[{"@type":"ListItem","position":1,"name":"In\u00edcio","item":"https:\/\/lacerdaai.com\/br\/"},{"@type":"ListItem","position":2,"name":"A Fatura Oculta da Intelig\u00eancia Artificial: O Dilema Energ\u00e9tico de Altman e Nadella"}]},{"@type":"WebSite","@id":"https:\/\/lacerdaai.com\/br\/#website","url":"https:\/\/lacerdaai.com\/br\/","name":"Lacerda AI","description":"Seu blog di\u00e1rio de novidades do mundo da Inteligencia Artificial","potentialAction":[{"@type":"SearchAction","target":{"@type":"EntryPoint","urlTemplate":"https:\/\/lacerdaai.com\/br\/?s={search_term_string}"},"query-input":{"@type":"PropertyValueSpecification","valueRequired":true,"valueName":"search_term_string"}}],"inLanguage":"pt-BR"},{"@type":"Person","@id":"https:\/\/lacerdaai.com\/br\/#\/schema\/person\/8bad803c2e83a0c5c5c75e02a1c2248f","name":"Andr\u00e9 Lacerda","image":{"@type":"ImageObject","inLanguage":"pt-BR","@id":"https:\/\/lacerdaai.com\/br\/#\/schema\/person\/image\/","url":"https:\/\/secure.gravatar.com\/avatar\/f5c1fa5ad9763f54c1f223c3fc91f131da6288c9f9e28d74bb3c355ad99af205?s=96&d=mm&r=g","contentUrl":"https:\/\/secure.gravatar.com\/avatar\/f5c1fa5ad9763f54c1f223c3fc91f131da6288c9f9e28d74bb3c355ad99af205?s=96&d=mm&r=g","caption":"Andr\u00e9 Lacerda"},"description":"Sou o Andr\u00e9 Lacerda, tenho 35 anos e sou apaixonado por tecnologia, intelig\u00eancia artificial e boas hist\u00f3rias. Me formei em Tecnologia e Jornalismo \u2014 sim, uma mistura meio improv\u00e1vel, mas que combina muito comigo. J\u00e1 morei no Canad\u00e1 e na Espanha, e essas experi\u00eancias me ajudaram a enxergar a inova\u00e7\u00e3o com um olhar mais global (e a me virar bem em tr\u00eas idiomas \ud83d\ude04). Trabalhei em algumas das maiores empresas de tecnologia do mercado e, hoje, atuo como consultor ajudando neg\u00f3cios a entenderem e aplicarem IA de forma pr\u00e1tica, estrat\u00e9gica e humana. Gosto de traduzir o complexo em algo simples \u2014 e \u00e9 isso que voc\u00ea vai encontrar por aqui.","sameAs":["http:\/\/lacerdaai.com\/br"],"url":"https:\/\/lacerdaai.com\/br\/author\/red-admin\/"}]}},"_links":{"self":[{"href":"https:\/\/lacerdaai.com\/br\/wp-json\/wp\/v2\/posts\/2158","targetHints":{"allow":["GET"]}}],"collection":[{"href":"https:\/\/lacerdaai.com\/br\/wp-json\/wp\/v2\/posts"}],"about":[{"href":"https:\/\/lacerdaai.com\/br\/wp-json\/wp\/v2\/types\/post"}],"author":[{"embeddable":true,"href":"https:\/\/lacerdaai.com\/br\/wp-json\/wp\/v2\/users\/1"}],"replies":[{"embeddable":true,"href":"https:\/\/lacerdaai.com\/br\/wp-json\/wp\/v2\/comments?post=2158"}],"version-history":[{"count":1,"href":"https:\/\/lacerdaai.com\/br\/wp-json\/wp\/v2\/posts\/2158\/revisions"}],"predecessor-version":[{"id":2159,"href":"https:\/\/lacerdaai.com\/br\/wp-json\/wp\/v2\/posts\/2158\/revisions\/2159"}],"wp:featuredmedia":[{"embeddable":true,"href":"https:\/\/lacerdaai.com\/br\/wp-json\/wp\/v2\/media\/2157"}],"wp:attachment":[{"href":"https:\/\/lacerdaai.com\/br\/wp-json\/wp\/v2\/media?parent=2158"}],"wp:term":[{"taxonomy":"category","embeddable":true,"href":"https:\/\/lacerdaai.com\/br\/wp-json\/wp\/v2\/categories?post=2158"},{"taxonomy":"post_tag","embeddable":true,"href":"https:\/\/lacerdaai.com\/br\/wp-json\/wp\/v2\/tags?post=2158"}],"curies":[{"name":"wp","href":"https:\/\/api.w.org\/{rel}","templated":true}]}}