{"id":2161,"date":"2025-11-04T04:42:52","date_gmt":"2025-11-04T07:42:52","guid":{"rendered":"https:\/\/lacerdaai.com\/br\/a-sede-inesperada-da-ia-por-que-altman-e-nadella-estao-de-olho-na-nossa-eletricidade\/"},"modified":"2025-11-04T04:42:53","modified_gmt":"2025-11-04T07:42:53","slug":"a-sede-inesperada-da-ia-por-que-altman-e-nadella-estao-de-olho-na-nossa-eletricidade","status":"publish","type":"post","link":"https:\/\/lacerdaai.com\/br\/a-sede-inesperada-da-ia-por-que-altman-e-nadella-estao-de-olho-na-nossa-eletricidade\/","title":{"rendered":"A Sede Inesperada da IA: Por Que Altman e Nadella Est\u00e3o de Olho na Nossa Eletricidade?"},"content":{"rendered":"<p>A Intelig\u00eancia Artificial (IA) tem sido a estrela incontest\u00e1vel do palco tecnol\u00f3gico nos \u00faltimos anos. De chatbots que respondem \u00e0s suas perguntas mais complexas a sistemas que criam obras de arte digitais, a IA est\u00e1 remodelando nosso mundo a uma velocidade vertiginosa. No entanto, por tr\u00e1s de cada intera\u00e7\u00e3o m\u00e1gica, de cada algoritmo que aprende e de cada inova\u00e7\u00e3o que nos surpreende, h\u00e1 um gigante silencioso e faminto operando nas sombras: o consumo massivo de energia el\u00e9trica. E essa n\u00e3o \u00e9 uma preocupa\u00e7\u00e3o trivial, mas sim um desafio que est\u00e1 tirando o sono de alguns dos maiores vision\u00e1rios da tecnologia, como Sam Altman, CEO da OpenAI, e Satya Nadella, CEO da Microsoft.<\/p>\n<p>Eles n\u00e3o apenas acreditam que a IA continuar\u00e1 a consumir cada vez mais eletricidade, mas, curiosamente, admitem que n\u00e3o t\u00eam certeza de <i>quanto<\/i>. Essa incerteza, conforme apontado por alguns analistas, poderia deixar investidores com um problema nas m\u00e3os. Mas, afinal, por que uma tecnologia aparentemente t\u00e3o et\u00e9rea exige tanto poder, e o que isso significa para o futuro da inova\u00e7\u00e3o e do nosso planeta?<\/p>\n<h2><strong>IA e o Consumo de Energia<\/strong>: O Desafio Oculto da Inova\u00e7\u00e3o<\/h2>\n<p>Para entender a magnitude da quest\u00e3o, precisamos desmistificar como a IA funciona. A \u201cintelig\u00eancia\u201d que vemos em a\u00e7\u00e3o \u00e9 o resultado de processos computacionais intensivos, divididos principalmente em duas fases: treinamento e infer\u00eancia.<\/p>\n<p>O <b>treinamento de modelos de IA<\/b> \u00e9 a etapa mais faminta por energia. Imagine um aluno que precisa ler milhares de livros, assistir a milh\u00f5es de v\u00eddeos e processar incont\u00e1veis informa\u00e7\u00f5es para se tornar um especialista. Para um modelo de linguagem grande (LLM) como o GPT-4, isso significa processar terabytes, ou at\u00e9 petabytes, de dados textuais e de imagens. Esse processo pode levar semanas ou at\u00e9 meses, envolvendo milhares de Unidades de Processamento Gr\u00e1fico (GPUs) funcionando simultaneamente. GPUs, como as fabricadas pela Nvidia, s\u00e3o ideais para as opera\u00e7\u00f5es paralelas massivas exigidas pela IA, mas s\u00e3o incrivelmente vorazes por eletricidade. Estima-se que o treinamento de um \u00fanico LLM pode consumir a mesma quantidade de energia que dezenas de carros ao longo de toda sua vida \u00fatil, ou o equivalente ao consumo anual de centenas de resid\u00eancias.<\/p>\n<p>Ap\u00f3s o treinamento, vem a fase de <b>infer\u00eancia<\/b>. Esta \u00e9 a fase em que o modelo j\u00e1 treinado \u00e9 usado para realizar tarefas, como gerar texto, responder a perguntas ou criar imagens. Embora menos intensiva que o treinamento, cada consulta, cada gera\u00e7\u00e3o de conte\u00fado, cada recomenda\u00e7\u00e3o que voc\u00ea recebe de um sistema de IA requer uma pequena fra\u00e7\u00e3o desse poder computacional. Multiplique isso por bilh\u00f5es de usu\u00e1rios e trilh\u00f5es de intera\u00e7\u00f5es di\u00e1rias, e o consumo acumulado se torna estratosf\u00e9rico. \u00c9 como ter milh\u00f5es de pequenas l\u00e2mpadas acendendo e apagando o tempo todo, mas cada uma delas \u00e9 um pequeno supercomputador.<\/p>\n<p>Dados da Ag\u00eancia Internacional de Energia (IEA) j\u00e1 apontam para o aumento substancial do consumo de energia por data centers, impulsionado em grande parte pela IA. A proje\u00e7\u00e3o \u00e9 que at\u00e9 2026, a demanda global de eletricidade dos data centers possa dobrar em rela\u00e7\u00e3o aos n\u00edveis de 2022. Isso representa n\u00e3o apenas uma quest\u00e3o de custo, mas tamb\u00e9m uma press\u00e3o imensa sobre as redes el\u00e9tricas existentes e uma preocupa\u00e7\u00e3o ambiental crescente, visto que grande parte da energia ainda prov\u00e9m de combust\u00edveis f\u00f3sseis.<\/p>\n<h2>A Corrida Silenciosa por Infraestrutura: Data Centers e Chips de IA<\/h2>\n<p>Por tr\u00e1s do crescente apetite energ\u00e9tico da IA, est\u00e1 uma corrida igualmente intensa por infraestrutura. Os \u201cc\u00e9rebros\u201d da IA residem em gigantescos data centers, que s\u00e3o, em ess\u00eancia, f\u00e1bricas de processamento de dados. Estes complexos s\u00e3o compostos por milhares de servidores equipados com GPUs de alta performance, sistemas de resfriamento maci\u00e7os e uma infraestrutura el\u00e9trica robusta para garantir seu funcionamento ininterrupto.<\/p>\n<p>A demanda por chips de IA, especialmente as GPUs da Nvidia, disparou a n\u00edveis sem precedentes. Essas unidades de processamento n\u00e3o s\u00e3o apenas caras; s\u00e3o tamb\u00e9m escassas. A fabrica\u00e7\u00e3o de chips de ponta \u00e9 um processo complexo e demorado, exigindo investimentos bilion\u00e1rios em pesquisa e desenvolvimento, al\u00e9m de f\u00e1bricas altamente especializadas. A Nvidia, que det\u00e9m cerca de 80% do mercado de chips para IA, se tornou um pilar fundamental da economia da IA, mas sua capacidade de produ\u00e7\u00e3o ainda luta para acompanhar a demanda explosiva.<\/p>\n<p>Al\u00e9m dos chips, a pr\u00f3pria constru\u00e7\u00e3o de data centers \u00e9 um empreendimento gigantesco. Eles precisam de terrenos vastos, acesso a grandes quantidades de \u00e1gua para resfriamento (embora m\u00e9todos mais eficientes, como resfriamento a ar e l\u00edquido, estejam sendo desenvolvidos) e, crucialmente, uma fonte de energia confi\u00e1vel e abundante. Pa\u00edses e regi\u00f5es com acesso a energia renov\u00e1vel barata, como a Isl\u00e2ndia com sua energia geot\u00e9rmica ou o Canad\u00e1 com sua energia hidrel\u00e9trica, t\u00eam se tornado destinos cobi\u00e7ados para a instala\u00e7\u00e3o desses gigantes tecnol\u00f3gicos.<\/p>\n<p>Essa corrida por infraestrutura n\u00e3o \u00e9 apenas sobre tecnologia; \u00e9 sobre geopol\u00edtica e economia. Quem controla os chips e os data centers tem uma vantagem estrat\u00e9gica na era da IA. Empresas como Microsoft, Google e Amazon est\u00e3o investindo centenas de bilh\u00f5es de d\u00f3lares em seus pr\u00f3prios ecossistemas de IA, que incluem a constru\u00e7\u00e3o e expans\u00e3o de data centers globalmente. A falta de previsibilidade do consumo energ\u00e9tico, como Altman e Nadella apontam, adiciona uma camada de complexidade a esses investimentos colossais. Como planejar a constru\u00e7\u00e3o de um data center que custa bilh\u00f5es se voc\u00ea n\u00e3o sabe qual ser\u00e1 a demanda exata de energia daqui a cinco ou dez anos?<\/p>\n<h2>O Futuro Sustent\u00e1vel da IA: Inova\u00e7\u00e3o e Responsabilidade<\/h2>\n<p>Apesar dos desafios, a comunidade tecnol\u00f3gica n\u00e3o est\u00e1 parada. A busca por uma <strong>IA e o consumo de energia<\/strong> mais eficiente e sustent\u00e1vel \u00e9 uma prioridade crescente. Diversas frentes est\u00e3o sendo exploradas para mitigar o impacto ambiental e econ\u00f4mico dessa demanda energ\u00e9tica:<\/p>\n<ul>\n<li><b>Efici\u00eancia de Algoritmos e Modelos:<\/b> Pesquisadores est\u00e3o trabalhando em m\u00e9todos para tornar os modelos de IA mais leves e eficientes. T\u00e9cnicas como &#8216;pruning&#8217; (remo\u00e7\u00e3o de conex\u00f5es neurais menos importantes), quantiza\u00e7\u00e3o (redu\u00e7\u00e3o da precis\u00e3o dos c\u00e1lculos) e a cria\u00e7\u00e3o de modelos menores e mais especializados podem reduzir drasticamente o consumo de energia sem sacrificar demasiadamente o desempenho.<\/li>\n<li><b>Hardware Especializado:<\/b> Al\u00e9m das GPUs, est\u00e3o sendo desenvolvidos chips ainda mais especializados, como as ASICs (Application-Specific Integrated Circuits) e at\u00e9 mesmo a computa\u00e7\u00e3o neurom\u00f3rfica, que busca emular a estrutura e o funcionamento do c\u00e9rebro humano, que \u00e9 incrivelmente eficiente em termos energ\u00e9ticos. Esses chips podem realizar tarefas de IA com muito menos energia por opera\u00e7\u00e3o.<\/li>\n<li><b>Fontes de Energia Renov\u00e1veis:<\/b> A transi\u00e7\u00e3o para fontes de energia limpa \u00e9 fundamental. Empresas de tecnologia est\u00e3o cada vez mais investindo em parques solares, e\u00f3licos e hidrel\u00e9tricos para alimentar seus data centers. No entanto, a intermit\u00eancia de algumas dessas fontes (o sol nem sempre brilha, o vento nem sempre sopra) exige solu\u00e7\u00f5es de armazenamento de energia em larga escala, como baterias de \u00edon-l\u00edtio, ou a integra\u00e7\u00e3o com redes el\u00e9tricas inteligentes.<\/li>\n<li><b>Energia Nuclear:<\/b> Curiosamente, a energia nuclear tem sido reavaliada como uma fonte de energia limpa e est\u00e1vel. Sam Altman, por exemplo, \u00e9 um investidor proeminente na Helion, uma startup de fus\u00e3o nuclear, vendo-a como uma solu\u00e7\u00e3o potencial para a demanda energ\u00e9tica futura da IA. Embora controversa e complexa, a fus\u00e3o nuclear promete energia quase ilimitada com res\u00edduos m\u00ednimos e menor risco.<\/li>\n<li><b>Localiza\u00e7\u00e3o Estrat\u00e9gica de Data Centers:<\/b> A escolha do local para novos data centers est\u00e1 se tornando crucial. A proximidade de grandes fontes de energia renov\u00e1vel (usinas hidrel\u00e9tricas, parques e\u00f3licos), o acesso a climas frios para resfriamento natural e a disponibilidade de infraestrutura de rede s\u00e3o fatores decisivos.<\/li>\n<li><b>Legisla\u00e7\u00e3o e Padr\u00f5es:<\/b> Governos e \u00f3rg\u00e3os reguladores em todo o mundo est\u00e3o come\u00e7ando a discutir a necessidade de padr\u00f5es de efici\u00eancia energ\u00e9tica para data centers e modelos de IA, incentivando a ado\u00e7\u00e3o de pr\u00e1ticas mais sustent\u00e1veis.<\/li>\n<\/ul>\n<p>Essas inova\u00e7\u00f5es n\u00e3o s\u00e3o apenas tecnol\u00f3gicas; elas representam uma mudan\u00e7a de paradigma em como pensamos sobre o desenvolvimento da IA. A responsabilidade ambiental e a sustentabilidade energ\u00e9tica est\u00e3o se tornando t\u00e3o importantes quanto a capacidade de processamento e a precis\u00e3o dos algoritmos.<\/p>\n<p>No Brasil, um pa\u00eds com uma matriz energ\u00e9tica predominantemente renov\u00e1vel, especialmente hidrel\u00e9trica, h\u00e1 um potencial interessante para atrair investimentos em data centers de IA, desde que a infraestrutura de transmiss\u00e3o e a estabilidade regulat\u00f3ria acompanhem essa demanda. O desafio seria garantir que o crescimento da IA n\u00e3o sobrecarregue essa matriz, exigindo planejamento e investimentos cont\u00ednuos em fontes diversificadas.<\/p>\n<h2>Conclus\u00e3o: Um Futuro de Energia e Intelig\u00eancia<\/h2>\n<p>A conversa sobre a <strong>IA e o consumo de energia<\/strong> n\u00e3o \u00e9 apenas uma nota de rodap\u00e9 na saga da Intelig\u00eancia Artificial; \u00e9 uma quest\u00e3o central que definir\u00e1 seu futuro. A vis\u00e3o de l\u00edderes como Sam Altman e Satya Nadella, que admitem a incerteza sobre a demanda energ\u00e9tica futura, serve como um poderoso lembrete de que a inova\u00e7\u00e3o tecnol\u00f3gica raramente vem sem seus pr\u00f3prios desafios complexos. A promessa da IA \u00e9 imensa, com o potencial de resolver alguns dos problemas mais intrincados da humanidade, desde a descoberta de novos medicamentos at\u00e9 a otimiza\u00e7\u00e3o de sistemas de transporte e energia. Contudo, para que essa promessa se materialize de forma sustent\u00e1vel, precisamos abordar ativamente a sua pegada energ\u00e9tica.<\/p>\n<p>O caminho \u00e0 frente exigir\u00e1 uma colabora\u00e7\u00e3o sem precedentes entre cientistas, engenheiros, formuladores de pol\u00edticas e investidores. A busca por algoritmos mais eficientes, hardware inovador e fontes de energia limpa n\u00e3o \u00e9 apenas uma quest\u00e3o de engenharia, mas de responsabilidade coletiva. Ao enfrentar de frente o desafio do consumo de energia da IA, podemos garantir que essa tecnologia transformadora n\u00e3o apenas impulsione o progresso, mas tamb\u00e9m o fa\u00e7a de uma forma que respeite os limites do nosso planeta e construa um futuro verdadeiramente inteligente e sustent\u00e1vel para todos.<\/p>\n","protected":false},"excerpt":{"rendered":"<p>A Intelig\u00eancia Artificial (IA) tem sido a estrela incontest\u00e1vel do palco tecnol\u00f3gico nos \u00faltimos anos. De chatbots que respondem \u00e0s suas perguntas mais complexas a sistemas que criam obras de arte digitais, a IA est\u00e1 remodelando nosso mundo a uma velocidade vertiginosa. No entanto, por tr\u00e1s de cada intera\u00e7\u00e3o m\u00e1gica, de cada algoritmo que aprende [&hellip;]<\/p>\n","protected":false},"author":1,"featured_media":2160,"comment_status":"open","ping_status":"open","sticky":false,"template":"","format":"standard","meta":{"_yoast_wpseo_focuskw":"IA e o consumo de energia","_yoast_wpseo_metadesc":"Descubra o dilema energ\u00e9tico da Intelig\u00eancia Artificial. L\u00edderes como Sam Altman e Satya Nadella alertam para a crescente demanda de energia da IA, e a incerteza pode impactar investimentos e o futuro da tecnologia.","footnotes":""},"categories":[2],"tags":[],"class_list":["post-2161","post","type-post","status-publish","format-standard","has-post-thumbnail","hentry","category-novidades"],"yoast_head":"<!-- This site is optimized with the Yoast SEO plugin v25.6 - https:\/\/yoast.com\/wordpress\/plugins\/seo\/ -->\n<title>A Sede Inesperada da IA: Por Que Altman e Nadella Est\u00e3o de Olho na Nossa Eletricidade? - Lacerda AI<\/title>\n<meta name=\"description\" content=\"Descubra o dilema energ\u00e9tico da Intelig\u00eancia Artificial. L\u00edderes como Sam Altman e Satya Nadella alertam para a crescente demanda de energia da IA, e a incerteza pode impactar investimentos e o futuro da tecnologia.\" \/>\n<meta name=\"robots\" content=\"index, follow, max-snippet:-1, max-image-preview:large, max-video-preview:-1\" \/>\n<link rel=\"canonical\" href=\"https:\/\/lacerdaai.com\/br\/a-sede-inesperada-da-ia-por-que-altman-e-nadella-estao-de-olho-na-nossa-eletricidade\/\" \/>\n<meta property=\"og:locale\" content=\"pt_BR\" \/>\n<meta property=\"og:type\" content=\"article\" \/>\n<meta property=\"og:title\" content=\"A Sede Inesperada da IA: Por Que Altman e Nadella Est\u00e3o de Olho na Nossa Eletricidade? - Lacerda AI\" \/>\n<meta property=\"og:description\" content=\"Descubra o dilema energ\u00e9tico da Intelig\u00eancia Artificial. L\u00edderes como Sam Altman e Satya Nadella alertam para a crescente demanda de energia da IA, e a incerteza pode impactar investimentos e o futuro da tecnologia.\" \/>\n<meta property=\"og:url\" content=\"https:\/\/lacerdaai.com\/br\/a-sede-inesperada-da-ia-por-que-altman-e-nadella-estao-de-olho-na-nossa-eletricidade\/\" \/>\n<meta property=\"og:site_name\" content=\"Lacerda AI\" \/>\n<meta property=\"article:published_time\" content=\"2025-11-04T07:42:52+00:00\" \/>\n<meta property=\"article:modified_time\" content=\"2025-11-04T07:42:53+00:00\" \/>\n<meta name=\"author\" content=\"Andr\u00e9 Lacerda\" \/>\n<meta name=\"twitter:card\" content=\"summary_large_image\" \/>\n<meta name=\"twitter:label1\" content=\"Escrito por\" \/>\n\t<meta name=\"twitter:data1\" content=\"Andr\u00e9 Lacerda\" \/>\n\t<meta name=\"twitter:label2\" content=\"Est. tempo de leitura\" \/>\n\t<meta name=\"twitter:data2\" content=\"9 minutos\" \/>\n<script type=\"application\/ld+json\" class=\"yoast-schema-graph\">{\"@context\":\"https:\/\/schema.org\",\"@graph\":[{\"@type\":\"WebPage\",\"@id\":\"https:\/\/lacerdaai.com\/br\/a-sede-inesperada-da-ia-por-que-altman-e-nadella-estao-de-olho-na-nossa-eletricidade\/\",\"url\":\"https:\/\/lacerdaai.com\/br\/a-sede-inesperada-da-ia-por-que-altman-e-nadella-estao-de-olho-na-nossa-eletricidade\/\",\"name\":\"A Sede Inesperada da IA: Por Que Altman e Nadella Est\u00e3o de Olho na Nossa Eletricidade? - Lacerda AI\",\"isPartOf\":{\"@id\":\"https:\/\/lacerdaai.com\/br\/#website\"},\"primaryImageOfPage\":{\"@id\":\"https:\/\/lacerdaai.com\/br\/a-sede-inesperada-da-ia-por-que-altman-e-nadella-estao-de-olho-na-nossa-eletricidade\/#primaryimage\"},\"image\":{\"@id\":\"https:\/\/lacerdaai.com\/br\/a-sede-inesperada-da-ia-por-que-altman-e-nadella-estao-de-olho-na-nossa-eletricidade\/#primaryimage\"},\"thumbnailUrl\":\"https:\/\/lacerdaai.com\/br\/wp-content\/uploads\/2025\/11\/imagem-19.jpg\",\"datePublished\":\"2025-11-04T07:42:52+00:00\",\"dateModified\":\"2025-11-04T07:42:53+00:00\",\"author\":{\"@id\":\"https:\/\/lacerdaai.com\/br\/#\/schema\/person\/8bad803c2e83a0c5c5c75e02a1c2248f\"},\"description\":\"Descubra o dilema energ\u00e9tico da Intelig\u00eancia Artificial. L\u00edderes como Sam Altman e Satya Nadella alertam para a crescente demanda de energia da IA, e a incerteza pode impactar investimentos e o futuro da tecnologia.\",\"breadcrumb\":{\"@id\":\"https:\/\/lacerdaai.com\/br\/a-sede-inesperada-da-ia-por-que-altman-e-nadella-estao-de-olho-na-nossa-eletricidade\/#breadcrumb\"},\"inLanguage\":\"pt-BR\",\"potentialAction\":[{\"@type\":\"ReadAction\",\"target\":[\"https:\/\/lacerdaai.com\/br\/a-sede-inesperada-da-ia-por-que-altman-e-nadella-estao-de-olho-na-nossa-eletricidade\/\"]}]},{\"@type\":\"ImageObject\",\"inLanguage\":\"pt-BR\",\"@id\":\"https:\/\/lacerdaai.com\/br\/a-sede-inesperada-da-ia-por-que-altman-e-nadella-estao-de-olho-na-nossa-eletricidade\/#primaryimage\",\"url\":\"https:\/\/lacerdaai.com\/br\/wp-content\/uploads\/2025\/11\/imagem-19.jpg\",\"contentUrl\":\"https:\/\/lacerdaai.com\/br\/wp-content\/uploads\/2025\/11\/imagem-19.jpg\",\"width\":1200,\"height\":764},{\"@type\":\"BreadcrumbList\",\"@id\":\"https:\/\/lacerdaai.com\/br\/a-sede-inesperada-da-ia-por-que-altman-e-nadella-estao-de-olho-na-nossa-eletricidade\/#breadcrumb\",\"itemListElement\":[{\"@type\":\"ListItem\",\"position\":1,\"name\":\"In\u00edcio\",\"item\":\"https:\/\/lacerdaai.com\/br\/\"},{\"@type\":\"ListItem\",\"position\":2,\"name\":\"A Sede Inesperada da IA: Por Que Altman e Nadella Est\u00e3o de Olho na Nossa Eletricidade?\"}]},{\"@type\":\"WebSite\",\"@id\":\"https:\/\/lacerdaai.com\/br\/#website\",\"url\":\"https:\/\/lacerdaai.com\/br\/\",\"name\":\"Lacerda AI\",\"description\":\"Seu blog di\u00e1rio de novidades do mundo da Inteligencia Artificial\",\"potentialAction\":[{\"@type\":\"SearchAction\",\"target\":{\"@type\":\"EntryPoint\",\"urlTemplate\":\"https:\/\/lacerdaai.com\/br\/?s={search_term_string}\"},\"query-input\":{\"@type\":\"PropertyValueSpecification\",\"valueRequired\":true,\"valueName\":\"search_term_string\"}}],\"inLanguage\":\"pt-BR\"},{\"@type\":\"Person\",\"@id\":\"https:\/\/lacerdaai.com\/br\/#\/schema\/person\/8bad803c2e83a0c5c5c75e02a1c2248f\",\"name\":\"Andr\u00e9 Lacerda\",\"image\":{\"@type\":\"ImageObject\",\"inLanguage\":\"pt-BR\",\"@id\":\"https:\/\/lacerdaai.com\/br\/#\/schema\/person\/image\/\",\"url\":\"https:\/\/secure.gravatar.com\/avatar\/f5c1fa5ad9763f54c1f223c3fc91f131da6288c9f9e28d74bb3c355ad99af205?s=96&d=mm&r=g\",\"contentUrl\":\"https:\/\/secure.gravatar.com\/avatar\/f5c1fa5ad9763f54c1f223c3fc91f131da6288c9f9e28d74bb3c355ad99af205?s=96&d=mm&r=g\",\"caption\":\"Andr\u00e9 Lacerda\"},\"description\":\"Sou o Andr\u00e9 Lacerda, tenho 35 anos e sou apaixonado por tecnologia, intelig\u00eancia artificial e boas hist\u00f3rias. Me formei em Tecnologia e Jornalismo \u2014 sim, uma mistura meio improv\u00e1vel, mas que combina muito comigo. J\u00e1 morei no Canad\u00e1 e na Espanha, e essas experi\u00eancias me ajudaram a enxergar a inova\u00e7\u00e3o com um olhar mais global (e a me virar bem em tr\u00eas idiomas \ud83d\ude04). Trabalhei em algumas das maiores empresas de tecnologia do mercado e, hoje, atuo como consultor ajudando neg\u00f3cios a entenderem e aplicarem IA de forma pr\u00e1tica, estrat\u00e9gica e humana. Gosto de traduzir o complexo em algo simples \u2014 e \u00e9 isso que voc\u00ea vai encontrar por aqui.\",\"sameAs\":[\"http:\/\/lacerdaai.com\/br\"],\"url\":\"https:\/\/lacerdaai.com\/br\/author\/red-admin\/\"}]}<\/script>\n<!-- \/ Yoast SEO plugin. -->","yoast_head_json":{"title":"A Sede Inesperada da IA: Por Que Altman e Nadella Est\u00e3o de Olho na Nossa Eletricidade? - Lacerda AI","description":"Descubra o dilema energ\u00e9tico da Intelig\u00eancia Artificial. L\u00edderes como Sam Altman e Satya Nadella alertam para a crescente demanda de energia da IA, e a incerteza pode impactar investimentos e o futuro da tecnologia.","robots":{"index":"index","follow":"follow","max-snippet":"max-snippet:-1","max-image-preview":"max-image-preview:large","max-video-preview":"max-video-preview:-1"},"canonical":"https:\/\/lacerdaai.com\/br\/a-sede-inesperada-da-ia-por-que-altman-e-nadella-estao-de-olho-na-nossa-eletricidade\/","og_locale":"pt_BR","og_type":"article","og_title":"A Sede Inesperada da IA: Por Que Altman e Nadella Est\u00e3o de Olho na Nossa Eletricidade? - Lacerda AI","og_description":"Descubra o dilema energ\u00e9tico da Intelig\u00eancia Artificial. L\u00edderes como Sam Altman e Satya Nadella alertam para a crescente demanda de energia da IA, e a incerteza pode impactar investimentos e o futuro da tecnologia.","og_url":"https:\/\/lacerdaai.com\/br\/a-sede-inesperada-da-ia-por-que-altman-e-nadella-estao-de-olho-na-nossa-eletricidade\/","og_site_name":"Lacerda AI","article_published_time":"2025-11-04T07:42:52+00:00","article_modified_time":"2025-11-04T07:42:53+00:00","author":"Andr\u00e9 Lacerda","twitter_card":"summary_large_image","twitter_misc":{"Escrito por":"Andr\u00e9 Lacerda","Est. tempo de leitura":"9 minutos"},"schema":{"@context":"https:\/\/schema.org","@graph":[{"@type":"WebPage","@id":"https:\/\/lacerdaai.com\/br\/a-sede-inesperada-da-ia-por-que-altman-e-nadella-estao-de-olho-na-nossa-eletricidade\/","url":"https:\/\/lacerdaai.com\/br\/a-sede-inesperada-da-ia-por-que-altman-e-nadella-estao-de-olho-na-nossa-eletricidade\/","name":"A Sede Inesperada da IA: Por Que Altman e Nadella Est\u00e3o de Olho na Nossa Eletricidade? - Lacerda AI","isPartOf":{"@id":"https:\/\/lacerdaai.com\/br\/#website"},"primaryImageOfPage":{"@id":"https:\/\/lacerdaai.com\/br\/a-sede-inesperada-da-ia-por-que-altman-e-nadella-estao-de-olho-na-nossa-eletricidade\/#primaryimage"},"image":{"@id":"https:\/\/lacerdaai.com\/br\/a-sede-inesperada-da-ia-por-que-altman-e-nadella-estao-de-olho-na-nossa-eletricidade\/#primaryimage"},"thumbnailUrl":"https:\/\/lacerdaai.com\/br\/wp-content\/uploads\/2025\/11\/imagem-19.jpg","datePublished":"2025-11-04T07:42:52+00:00","dateModified":"2025-11-04T07:42:53+00:00","author":{"@id":"https:\/\/lacerdaai.com\/br\/#\/schema\/person\/8bad803c2e83a0c5c5c75e02a1c2248f"},"description":"Descubra o dilema energ\u00e9tico da Intelig\u00eancia Artificial. L\u00edderes como Sam Altman e Satya Nadella alertam para a crescente demanda de energia da IA, e a incerteza pode impactar investimentos e o futuro da tecnologia.","breadcrumb":{"@id":"https:\/\/lacerdaai.com\/br\/a-sede-inesperada-da-ia-por-que-altman-e-nadella-estao-de-olho-na-nossa-eletricidade\/#breadcrumb"},"inLanguage":"pt-BR","potentialAction":[{"@type":"ReadAction","target":["https:\/\/lacerdaai.com\/br\/a-sede-inesperada-da-ia-por-que-altman-e-nadella-estao-de-olho-na-nossa-eletricidade\/"]}]},{"@type":"ImageObject","inLanguage":"pt-BR","@id":"https:\/\/lacerdaai.com\/br\/a-sede-inesperada-da-ia-por-que-altman-e-nadella-estao-de-olho-na-nossa-eletricidade\/#primaryimage","url":"https:\/\/lacerdaai.com\/br\/wp-content\/uploads\/2025\/11\/imagem-19.jpg","contentUrl":"https:\/\/lacerdaai.com\/br\/wp-content\/uploads\/2025\/11\/imagem-19.jpg","width":1200,"height":764},{"@type":"BreadcrumbList","@id":"https:\/\/lacerdaai.com\/br\/a-sede-inesperada-da-ia-por-que-altman-e-nadella-estao-de-olho-na-nossa-eletricidade\/#breadcrumb","itemListElement":[{"@type":"ListItem","position":1,"name":"In\u00edcio","item":"https:\/\/lacerdaai.com\/br\/"},{"@type":"ListItem","position":2,"name":"A Sede Inesperada da IA: Por Que Altman e Nadella Est\u00e3o de Olho na Nossa Eletricidade?"}]},{"@type":"WebSite","@id":"https:\/\/lacerdaai.com\/br\/#website","url":"https:\/\/lacerdaai.com\/br\/","name":"Lacerda AI","description":"Seu blog di\u00e1rio de novidades do mundo da Inteligencia Artificial","potentialAction":[{"@type":"SearchAction","target":{"@type":"EntryPoint","urlTemplate":"https:\/\/lacerdaai.com\/br\/?s={search_term_string}"},"query-input":{"@type":"PropertyValueSpecification","valueRequired":true,"valueName":"search_term_string"}}],"inLanguage":"pt-BR"},{"@type":"Person","@id":"https:\/\/lacerdaai.com\/br\/#\/schema\/person\/8bad803c2e83a0c5c5c75e02a1c2248f","name":"Andr\u00e9 Lacerda","image":{"@type":"ImageObject","inLanguage":"pt-BR","@id":"https:\/\/lacerdaai.com\/br\/#\/schema\/person\/image\/","url":"https:\/\/secure.gravatar.com\/avatar\/f5c1fa5ad9763f54c1f223c3fc91f131da6288c9f9e28d74bb3c355ad99af205?s=96&d=mm&r=g","contentUrl":"https:\/\/secure.gravatar.com\/avatar\/f5c1fa5ad9763f54c1f223c3fc91f131da6288c9f9e28d74bb3c355ad99af205?s=96&d=mm&r=g","caption":"Andr\u00e9 Lacerda"},"description":"Sou o Andr\u00e9 Lacerda, tenho 35 anos e sou apaixonado por tecnologia, intelig\u00eancia artificial e boas hist\u00f3rias. Me formei em Tecnologia e Jornalismo \u2014 sim, uma mistura meio improv\u00e1vel, mas que combina muito comigo. J\u00e1 morei no Canad\u00e1 e na Espanha, e essas experi\u00eancias me ajudaram a enxergar a inova\u00e7\u00e3o com um olhar mais global (e a me virar bem em tr\u00eas idiomas \ud83d\ude04). Trabalhei em algumas das maiores empresas de tecnologia do mercado e, hoje, atuo como consultor ajudando neg\u00f3cios a entenderem e aplicarem IA de forma pr\u00e1tica, estrat\u00e9gica e humana. Gosto de traduzir o complexo em algo simples \u2014 e \u00e9 isso que voc\u00ea vai encontrar por aqui.","sameAs":["http:\/\/lacerdaai.com\/br"],"url":"https:\/\/lacerdaai.com\/br\/author\/red-admin\/"}]}},"_links":{"self":[{"href":"https:\/\/lacerdaai.com\/br\/wp-json\/wp\/v2\/posts\/2161","targetHints":{"allow":["GET"]}}],"collection":[{"href":"https:\/\/lacerdaai.com\/br\/wp-json\/wp\/v2\/posts"}],"about":[{"href":"https:\/\/lacerdaai.com\/br\/wp-json\/wp\/v2\/types\/post"}],"author":[{"embeddable":true,"href":"https:\/\/lacerdaai.com\/br\/wp-json\/wp\/v2\/users\/1"}],"replies":[{"embeddable":true,"href":"https:\/\/lacerdaai.com\/br\/wp-json\/wp\/v2\/comments?post=2161"}],"version-history":[{"count":1,"href":"https:\/\/lacerdaai.com\/br\/wp-json\/wp\/v2\/posts\/2161\/revisions"}],"predecessor-version":[{"id":2162,"href":"https:\/\/lacerdaai.com\/br\/wp-json\/wp\/v2\/posts\/2161\/revisions\/2162"}],"wp:featuredmedia":[{"embeddable":true,"href":"https:\/\/lacerdaai.com\/br\/wp-json\/wp\/v2\/media\/2160"}],"wp:attachment":[{"href":"https:\/\/lacerdaai.com\/br\/wp-json\/wp\/v2\/media?parent=2161"}],"wp:term":[{"taxonomy":"category","embeddable":true,"href":"https:\/\/lacerdaai.com\/br\/wp-json\/wp\/v2\/categories?post=2161"},{"taxonomy":"post_tag","embeddable":true,"href":"https:\/\/lacerdaai.com\/br\/wp-json\/wp\/v2\/tags?post=2161"}],"curies":[{"name":"wp","href":"https:\/\/api.w.org\/{rel}","templated":true}]}}