{"id":2545,"date":"2025-11-29T00:42:46","date_gmt":"2025-11-29T03:42:46","guid":{"rendered":"https:\/\/lacerdaai.com\/br\/a-voz-nos-bastidores-da-ia-por-que-funcionarios-da-amazon-alertam-sobre-o-desenvolvimento-acelerado\/"},"modified":"2025-11-29T00:42:47","modified_gmt":"2025-11-29T03:42:47","slug":"a-voz-nos-bastidores-da-ia-por-que-funcionarios-da-amazon-alertam-sobre-o-desenvolvimento-acelerado","status":"publish","type":"post","link":"https:\/\/lacerdaai.com\/br\/a-voz-nos-bastidores-da-ia-por-que-funcionarios-da-amazon-alertam-sobre-o-desenvolvimento-acelerado\/","title":{"rendered":"A Voz nos Bastidores da IA: Por Que Funcion\u00e1rios da Amazon Alertam Sobre o Desenvolvimento Acelerado"},"content":{"rendered":"<p>A Intelig\u00eancia Artificial (IA) tem se consolidado como a for\u00e7a motriz de uma revolu\u00e7\u00e3o tecnol\u00f3gica sem precedentes. De assistentes virtuais a sistemas de recomenda\u00e7\u00e3o complexos e ve\u00edculos aut\u00f4nomos, sua presen\u00e7a molda cada vez mais nosso cotidiano. No entanto, por tr\u00e1s da aura de inova\u00e7\u00e3o e progresso, um debate crucial ganha for\u00e7a: o pre\u00e7o do desenvolvimento acelerado e a necessidade de uma abordagem mais \u00e9tica e humana. Recentemente, mais de mil funcion\u00e1rios da Amazon enviaram uma carta aberta ao CEO Andy Jassy, ecoando uma preocupa\u00e7\u00e3o crescente nos corredores das grandes empresas de tecnologia: somos n\u00f3s, os trabalhadores que desenvolvem, treinam e utilizam a IA, e temos algo importante a dizer sobre seus rumos. Esta mobiliza\u00e7\u00e3o \u00e9 um sinal claro de que a corrida pela supremacia em IA n\u00e3o pode ignorar as vozes daqueles que est\u00e3o na linha de frente da cria\u00e7\u00e3o.<\/p>\n<p>Essa carta, embora de 2022, ressoa com ainda mais for\u00e7a hoje, em um cen\u00e1rio onde a IA generativa, por exemplo, avan\u00e7a a passos largos, levantando quest\u00f5es cada vez mais complexas sobre vi\u00e9s algor\u00edtmico, deslocamento de empregos, vigil\u00e2ncia no local de trabalho e o impacto ambiental. N\u00e3o se trata de frear o progresso, mas de direcion\u00e1-lo com sabedoria, responsabilidade e uma vis\u00e3o que transcenda os lucros imediatos. Afinal, a IA \u00e9 uma ferramenta poderosa, e como toda ferramenta, seu valor e impacto s\u00e3o definidos pela forma como \u00e9 concebida e aplicada. \u00c9 hora de mergulharmos nas profundezas dessa discuss\u00e3o, explorando os dilemas, as expectativas e, acima de tudo, o imperativo de uma IA que sirva \u00e0 humanidade, e n\u00e3o o contr\u00e1rio.<\/p>\n<h3><strong>Intelig\u00eancia Artificial Respons\u00e1vel<\/strong>: Um Chamado Urgente dos Bastidores da Amazon<\/h3>\n<p>A mobiliza\u00e7\u00e3o de funcion\u00e1rios da Amazon n\u00e3o \u00e9 um evento isolado, mas um sintoma de um movimento maior em todo o setor de tecnologia. Os trabalhadores, muitos deles engenheiros, cientistas de dados e especialistas em \u00e9tica de IA, est\u00e3o cada vez mais conscientes do poder das ferramentas que est\u00e3o construindo e das profundas implica\u00e7\u00f5es que elas carregam. Quando mais de mil pessoas que est\u00e3o diretamente envolvidas na cria\u00e7\u00e3o e manuten\u00e7\u00e3o de sistemas de IA em uma das maiores empresas do mundo se unem para alertar sobre \u201cconsequ\u00eancias desastrosas\u201d do desenvolvimento r\u00e1pido e irrestrito, \u00e9 fundamental parar e ouvir. Eles s\u00e3o as mentes por tr\u00e1s dos algoritmos de recomenda\u00e7\u00e3o da Amazon, dos sistemas de log\u00edstica que otimizam entregas, das tecnologias de vis\u00e3o computacional e de processamento de linguagem natural que impulsionam inova\u00e7\u00f5es como a Alexa. Sua perspectiva \u00e9 \u00fanica e essencial.<\/p>\n<p>A principal preocupa\u00e7\u00e3o, embora o teor exato da carta de 2022 n\u00e3o tenha sido totalmente divulgado publicamente naquele momento, orbita em torno de um conceito que se tornou um pilar central na discuss\u00e3o sobre o futuro da tecnologia: a <strong>Intelig\u00eancia Artificial Respons\u00e1vel<\/strong>. Isso engloba uma s\u00e9rie de princ\u00edpios \u00e9ticos e pr\u00e1ticos que visam garantir que a IA seja desenvolvida e utilizada de forma justa, transparente, segura, privada e accountable (responsabiliz\u00e1vel). Ignorar esses pilares em nome da velocidade ou da vantagem competitiva pode levar a resultados catastr\u00f3ficos, tanto para os usu\u00e1rios quanto para a pr\u00f3pria reputa\u00e7\u00e3o das empresas. Os funcion\u00e1rios da Amazon, vivenciando o ritmo fren\u00e9tico e as press\u00f5es internas, podem ter percebido falhas nos processos de revis\u00e3o \u00e9tica, ou a prioriza\u00e7\u00e3o de m\u00e9tricas de desempenho sobre considera\u00e7\u00f5es de impacto social ou humano. O medo de que a Amazon estivesse \u201csacrificando\u201d princ\u00edpios \u00e9ticos em prol do avan\u00e7o r\u00e1pido \u00e9 um alerta que n\u00e3o pode ser subestimado. Eles veem os riscos de vi\u00e9s algor\u00edtmico que podem perpetuar discrimina\u00e7\u00f5es, a amea\u00e7a de deslocamento de empregos sem um plano de transi\u00e7\u00e3o adequado, ou a potencial utiliza\u00e7\u00e3o de IA para vigil\u00e2ncia excessiva de trabalhadores, algo que j\u00e1 foi tema de debate em outras grandes empresas.<\/p>\n<p>A import\u00e2ncia da <strong>Intelig\u00eancia Artificial Respons\u00e1vel<\/strong> vai al\u00e9m da conformidade regulat\u00f3ria. Ela se trata de construir um futuro onde a tecnologia sirva como um catalisador para o bem-estar social, e n\u00e3o como uma fonte de novas desigualdades ou problemas. Isso exige um compromisso desde as fases iniciais de design de um sistema de IA, passando pela coleta e curadoria de dados, o treinamento dos modelos, a implanta\u00e7\u00e3o e a manuten\u00e7\u00e3o cont\u00ednua. \u00c9 um ciclo virtuoso que precisa da participa\u00e7\u00e3o de diversas perspectivas, incluindo, e talvez principalmente, daqueles que est\u00e3o criando a tecnologia dia ap\u00f3s dia.<\/p>\n<h3>O Dilema do Desenvolvimento Acelerado: Inova\u00e7\u00e3o vs. \u00c9tica<\/h3>\n<p>O setor de tecnologia \u00e9 conhecido por seu ritmo fren\u00e9tico de inova\u00e7\u00e3o. A m\u00e1xima \u201cmover-se r\u00e1pido e quebrar coisas\u201d (move fast and break things), popularizada por Mark Zuckerberg, ecoou por muito tempo como um mantra no Vale do Sil\u00edcio. Embora essa abordagem tenha impulsionado avan\u00e7os incr\u00edveis, ela tamb\u00e9m revelou seus limites, especialmente quando aplicada a tecnologias com o potencial transformador da IA. A press\u00e3o para ser o primeiro a lan\u00e7ar um novo produto ou funcionalidade, para ganhar fatia de mercado ou para atrair investidores, pode levar a atalhos perigosos.<\/p>\n<p>No contexto da IA, essa pressa pode se manifestar de diversas formas: modelos desenvolvidos com dados insuficientes ou enviesados, falta de testes rigorosos para cen\u00e1rios de uso inesperados, aus\u00eancia de mecanismos robustos de auditoria e explicabilidade (a capacidade de entender como um algoritmo toma suas decis\u00f5es), ou a neglig\u00eancia em considerar as consequ\u00eancias de longo prazo para a sociedade e os indiv\u00edduos. A Amazon, com sua vasta gama de servi\u00e7os \u2013 do e-commerce \u00e0 computa\u00e7\u00e3o em nuvem (AWS) e \u00e0 log\u00edstica \u2013 \u00e9 uma pot\u00eancia em IA. Seus sistemas de recomenda\u00e7\u00e3o impulsionam trilh\u00f5es em vendas anuais, e a efici\u00eancia de sua cadeia de suprimentos depende fortemente de algoritmos avan\u00e7ados. Essa escala gigantesca amplifica qualquer potencial falha \u00e9tica ou t\u00e9cnica.<\/p>\n<p>Exemplos de IA que geraram controv\u00e9rsia n\u00e3o faltam. O reconhecimento facial, por exemplo, tem sido amplamente debatido por seu potencial de vigil\u00e2ncia governamental excessiva e por vieses raciais e de g\u00eanero que podem levar a identifica\u00e7\u00f5es err\u00f4neas e injusti\u00e7as. Sistemas de recrutamento baseados em IA j\u00e1 foram criticados por perpetuar preconceitos existentes em dados hist\u00f3ricos, desfavorecendo candidatos de grupos minorit\u00e1rios. Na pr\u00f3pria Amazon, um sistema de contrata\u00e7\u00e3o baseado em IA para a equipe de tecnologia foi descartado em 2018 ap\u00f3s ser descoberto que ele discriminava mulheres, penalizando curr\u00edculos que continham a palavra &#8220;mulheres&#8221; ou refer\u00eancias a faculdades femininas. Esse \u00e9 um exemplo palp\u00e1vel do que pode acontecer quando a \u00e9tica n\u00e3o \u00e9 uma prioridade desde o in\u00edcio.<\/p>\n<p>O dilema entre inova\u00e7\u00e3o e \u00e9tica n\u00e3o \u00e9 um obst\u00e1culo ao progresso, mas um convite \u00e0 reflex\u00e3o. Ele nos for\u00e7a a questionar: estamos construindo tecnologia para resolver problemas reais ou apenas para demonstrar capacidades t\u00e9cnicas? Quem se beneficia e quem \u00e9 prejudicado pelos nossos sistemas de IA? E, fundamentalmente, estamos dispostos a desacelerar um pouco, se necess\u00e1rio, para garantir que estamos construindo algo que seja n\u00e3o apenas inteligente, mas tamb\u00e9m justo e humano? A cultura corporativa desempenha um papel gigantesco aqui. Empresas que promovem uma cultura de transpar\u00eancia, onde a cr\u00edtica construtiva \u00e9 valorizada e as preocupa\u00e7\u00f5es \u00e9ticas s\u00e3o levadas a s\u00e9rio desde os est\u00e1gios iniciais, est\u00e3o mais propensas a desenvolver uma <strong>Intelig\u00eancia Artificial Respons\u00e1vel<\/strong>.<\/p>\n<h3>Al\u00e9m do C\u00f3digo: O Impacto Humano da IA e a Voz dos Trabalhadores<\/h3>\n<p>A discuss\u00e3o sobre a IA muitas vezes se concentra nos aspectos t\u00e9cnicos \u2013 algoritmos, dados, capacidade de processamento. No entanto, o verdadeiro cerne da quest\u00e3o reside no impacto humano. Isso se aplica n\u00e3o apenas aos usu\u00e1rios finais, mas, crucialmente, aos milh\u00f5es de trabalhadores cujas vidas s\u00e3o diretamente afetadas pela cria\u00e7\u00e3o, manuten\u00e7\u00e3o e implanta\u00e7\u00e3o dessas tecnologias. A carta dos funcion\u00e1rios da Amazon \u00e9 um lembrete v\u00edvido de que a IA n\u00e3o \u00e9 criada por m\u00e1quinas, mas por pessoas. E essas pessoas carregam consigo valores, medos, \u00e9tica e a responsabilidade de moldar o futuro.<\/p>\n<p>Um dos debates mais acalorados \u00e9 sobre o deslocamento de empregos. \u00c0 medida que a IA se torna mais sofisticada, h\u00e1 o temor de que milh\u00f5es de postos de trabalho sejam automatizados. Contudo, a realidade \u00e9 mais complexa. A IA pode, de fato, substituir tarefas repetitivas e rotineiras, mas tamb\u00e9m cria novas fun\u00e7\u00f5es e aumenta a produtividade em outras. O desafio \u00e9 gerenciar essa transi\u00e7\u00e3o de forma justa, investindo em requalifica\u00e7\u00e3o e garantindo uma rede de seguran\u00e7a social. A preocupa\u00e7\u00e3o dos trabalhadores da Amazon pode estar ligada \u00e0 forma como a empresa gerencia a automa\u00e7\u00e3o em seus centros de distribui\u00e7\u00e3o ou em fun\u00e7\u00f5es de atendimento ao cliente, por exemplo, onde a IA pode monitorar o desempenho, otimizar rotas ou at\u00e9 mesmo ditar o ritmo de trabalho, muitas vezes sem a transpar\u00eancia necess\u00e1ria para que os empregados entendam os crit\u00e9rios avaliativos ou os objetivos.<\/p>\n<p>Al\u00e9m disso, h\u00e1 o aspecto da vigil\u00e2ncia no local de trabalho. Ferramentas de IA s\u00e3o cada vez mais usadas para monitorar a produtividade, o comportamento e at\u00e9 mesmo o estado emocional dos funcion\u00e1rios. Embora algumas dessas ferramentas possam ter inten\u00e7\u00f5es leg\u00edtimas (como otimizar processos), elas levantam s\u00e9rias quest\u00f5es sobre privacidade, autonomia e o potencial de criar ambientes de trabalho opressivos. Os trabalhadores, ao levantarem suas vozes, buscam garantir que a IA seja uma ferramenta de capacita\u00e7\u00e3o, e n\u00e3o de controle.<\/p>\n<p>A import\u00e2ncia da representa\u00e7\u00e3o e da voz dos trabalhadores na formula\u00e7\u00e3o de pol\u00edticas de IA dentro das empresas \u00e9 ineg\u00e1vel. Eles s\u00e3o os primeiros a identificar os vieses nos dados, as falhas nos modelos e as consequ\u00eancias imprevistas do uso da tecnologia. Historicamente, movimentos semelhantes ocorreram em outras gigantes da tecnologia, como no Google, onde funcion\u00e1rios se manifestaram contra contratos com o Departamento de Defesa ou contra a demiss\u00e3o de pesquisadores de \u00e9tica de IA. Esses eventos demonstram que a governan\u00e7a de IA n\u00e3o pode ser um processo apenas de cima para baixo; ela exige di\u00e1logo, colabora\u00e7\u00e3o e respeito pelas perspectivas de todos os envolvidos.<\/p>\n<p>Construir uma <strong>Intelig\u00eancia Artificial Respons\u00e1vel<\/strong> significa ir al\u00e9m do c\u00f3digo. Significa entender as nuances culturais, sociais e humanas que a tecnologia toca. Significa envolver os trabalhadores \u2013 aqueles que est\u00e3o desenvolvendo, treinando e usando a IA \u2013 nas decis\u00f5es estrat\u00e9gicas. Sua experi\u00eancia pr\u00e1tica e seu conhecimento sobre os sistemas s\u00e3o inestim\u00e1veis para identificar riscos e propor solu\u00e7\u00f5es \u00e9ticas. \u00c9 um movimento em dire\u00e7\u00e3o a uma IA centrada no ser humano, onde a busca pela inova\u00e7\u00e3o \u00e9 equilibrada com um profundo compromisso com o bem-estar e a dignidade de todos.<\/p>\n<p>A carta aberta dos funcion\u00e1rios da Amazon \u00e9 mais do que um protesto; \u00e9 um marco na crescente conscientiza\u00e7\u00e3o de que o desenvolvimento da IA n\u00e3o pode ser deixado apenas nas m\u00e3os de alguns, mas deve ser um esfor\u00e7o colaborativo e \u00e9tico. O apelo por uma <strong>Intelig\u00eancia Artificial Respons\u00e1vel<\/strong> \u00e9 um lembrete de que a tecnologia \u00e9 um reflexo dos nossos valores, e que temos a capacidade de mold\u00e1-la para um futuro mais justo e equitativo. As empresas que ignorarem essa voz correr\u00e3o o risco de construir sistemas que, em vez de servir, podem inadvertidamente prejudicar a sociedade e, no longo prazo, sua pr\u00f3pria sustentabilidade e reputa\u00e7\u00e3o.<\/p>\n<p>\u00c0 medida que avan\u00e7amos para uma era cada vez mais impulsionada pela IA, a colabora\u00e7\u00e3o entre desenvolvedores, \u00e9tica, lideran\u00e7a corporativa e a sociedade civil ser\u00e1 fundamental. Somente atrav\u00e9s de um di\u00e1logo aberto, transparente e inclusivo podemos garantir que a inova\u00e7\u00e3o tecnol\u00f3gica sirva ao prop\u00f3sito maior de melhorar a vida humana, respeitando a dignidade e a autonomia de cada indiv\u00edduo. A Amazon e outras empresas de tecnologia t\u00eam a oportunidade e a responsabilidade de liderar esse caminho, estabelecendo padr\u00f5es para uma IA que seja verdadeiramente inteligente e, acima de tudo, humana.<\/p>\n","protected":false},"excerpt":{"rendered":"<p>A Intelig\u00eancia Artificial (IA) tem se consolidado como a for\u00e7a motriz de uma revolu\u00e7\u00e3o tecnol\u00f3gica sem precedentes. De assistentes virtuais a sistemas de recomenda\u00e7\u00e3o complexos e ve\u00edculos aut\u00f4nomos, sua presen\u00e7a molda cada vez mais nosso cotidiano. No entanto, por tr\u00e1s da aura de inova\u00e7\u00e3o e progresso, um debate crucial ganha for\u00e7a: o pre\u00e7o do desenvolvimento [&hellip;]<\/p>\n","protected":false},"author":1,"featured_media":2544,"comment_status":"open","ping_status":"open","sticky":false,"template":"","format":"standard","meta":{"_yoast_wpseo_focuskw":"Intelig\u00eancia Artificial Respons\u00e1vel","_yoast_wpseo_metadesc":"Descubra por que funcion\u00e1rios da Amazon levantaram preocupa\u00e7\u00f5es sobre o r\u00e1pido avan\u00e7o da IA. Explore o conceito de Intelig\u00eancia Artificial Respons\u00e1vel, os desafios \u00e9ticos e o impacto humano no desenvolvimento tecnol\u00f3gico.","footnotes":""},"categories":[2],"tags":[],"class_list":["post-2545","post","type-post","status-publish","format-standard","has-post-thumbnail","hentry","category-novidades"],"yoast_head":"<!-- This site is optimized with the Yoast SEO plugin v25.6 - https:\/\/yoast.com\/wordpress\/plugins\/seo\/ -->\n<title>A Voz nos Bastidores da IA: Por Que Funcion\u00e1rios da Amazon Alertam Sobre o Desenvolvimento Acelerado - Lacerda AI<\/title>\n<meta name=\"description\" content=\"Descubra por que funcion\u00e1rios da Amazon levantaram preocupa\u00e7\u00f5es sobre o r\u00e1pido avan\u00e7o da IA. Explore o conceito de Intelig\u00eancia Artificial Respons\u00e1vel, os desafios \u00e9ticos e o impacto humano no desenvolvimento tecnol\u00f3gico.\" \/>\n<meta name=\"robots\" content=\"index, follow, max-snippet:-1, max-image-preview:large, max-video-preview:-1\" \/>\n<link rel=\"canonical\" href=\"https:\/\/lacerdaai.com\/br\/a-voz-nos-bastidores-da-ia-por-que-funcionarios-da-amazon-alertam-sobre-o-desenvolvimento-acelerado\/\" \/>\n<meta property=\"og:locale\" content=\"pt_BR\" \/>\n<meta property=\"og:type\" content=\"article\" \/>\n<meta property=\"og:title\" content=\"A Voz nos Bastidores da IA: Por Que Funcion\u00e1rios da Amazon Alertam Sobre o Desenvolvimento Acelerado - Lacerda AI\" \/>\n<meta property=\"og:description\" content=\"Descubra por que funcion\u00e1rios da Amazon levantaram preocupa\u00e7\u00f5es sobre o r\u00e1pido avan\u00e7o da IA. Explore o conceito de Intelig\u00eancia Artificial Respons\u00e1vel, os desafios \u00e9ticos e o impacto humano no desenvolvimento tecnol\u00f3gico.\" \/>\n<meta property=\"og:url\" content=\"https:\/\/lacerdaai.com\/br\/a-voz-nos-bastidores-da-ia-por-que-funcionarios-da-amazon-alertam-sobre-o-desenvolvimento-acelerado\/\" \/>\n<meta property=\"og:site_name\" content=\"Lacerda AI\" \/>\n<meta property=\"article:published_time\" content=\"2025-11-29T03:42:46+00:00\" \/>\n<meta property=\"article:modified_time\" content=\"2025-11-29T03:42:47+00:00\" \/>\n<meta name=\"author\" content=\"Andr\u00e9 Lacerda\" \/>\n<meta name=\"twitter:card\" content=\"summary_large_image\" \/>\n<meta name=\"twitter:label1\" content=\"Escrito por\" \/>\n\t<meta name=\"twitter:data1\" content=\"Andr\u00e9 Lacerda\" \/>\n\t<meta name=\"twitter:label2\" content=\"Est. tempo de leitura\" \/>\n\t<meta name=\"twitter:data2\" content=\"10 minutos\" \/>\n<script type=\"application\/ld+json\" class=\"yoast-schema-graph\">{\"@context\":\"https:\/\/schema.org\",\"@graph\":[{\"@type\":\"WebPage\",\"@id\":\"https:\/\/lacerdaai.com\/br\/a-voz-nos-bastidores-da-ia-por-que-funcionarios-da-amazon-alertam-sobre-o-desenvolvimento-acelerado\/\",\"url\":\"https:\/\/lacerdaai.com\/br\/a-voz-nos-bastidores-da-ia-por-que-funcionarios-da-amazon-alertam-sobre-o-desenvolvimento-acelerado\/\",\"name\":\"A Voz nos Bastidores da IA: Por Que Funcion\u00e1rios da Amazon Alertam Sobre o Desenvolvimento Acelerado - Lacerda AI\",\"isPartOf\":{\"@id\":\"https:\/\/lacerdaai.com\/br\/#website\"},\"primaryImageOfPage\":{\"@id\":\"https:\/\/lacerdaai.com\/br\/a-voz-nos-bastidores-da-ia-por-que-funcionarios-da-amazon-alertam-sobre-o-desenvolvimento-acelerado\/#primaryimage\"},\"image\":{\"@id\":\"https:\/\/lacerdaai.com\/br\/a-voz-nos-bastidores-da-ia-por-que-funcionarios-da-amazon-alertam-sobre-o-desenvolvimento-acelerado\/#primaryimage\"},\"thumbnailUrl\":\"https:\/\/lacerdaai.com\/br\/wp-content\/uploads\/2025\/11\/imagem-140.jpg\",\"datePublished\":\"2025-11-29T03:42:46+00:00\",\"dateModified\":\"2025-11-29T03:42:47+00:00\",\"author\":{\"@id\":\"https:\/\/lacerdaai.com\/br\/#\/schema\/person\/8bad803c2e83a0c5c5c75e02a1c2248f\"},\"description\":\"Descubra por que funcion\u00e1rios da Amazon levantaram preocupa\u00e7\u00f5es sobre o r\u00e1pido avan\u00e7o da IA. Explore o conceito de Intelig\u00eancia Artificial Respons\u00e1vel, os desafios \u00e9ticos e o impacto humano no desenvolvimento tecnol\u00f3gico.\",\"breadcrumb\":{\"@id\":\"https:\/\/lacerdaai.com\/br\/a-voz-nos-bastidores-da-ia-por-que-funcionarios-da-amazon-alertam-sobre-o-desenvolvimento-acelerado\/#breadcrumb\"},\"inLanguage\":\"pt-BR\",\"potentialAction\":[{\"@type\":\"ReadAction\",\"target\":[\"https:\/\/lacerdaai.com\/br\/a-voz-nos-bastidores-da-ia-por-que-funcionarios-da-amazon-alertam-sobre-o-desenvolvimento-acelerado\/\"]}]},{\"@type\":\"ImageObject\",\"inLanguage\":\"pt-BR\",\"@id\":\"https:\/\/lacerdaai.com\/br\/a-voz-nos-bastidores-da-ia-por-que-funcionarios-da-amazon-alertam-sobre-o-desenvolvimento-acelerado\/#primaryimage\",\"url\":\"https:\/\/lacerdaai.com\/br\/wp-content\/uploads\/2025\/11\/imagem-140.jpg\",\"contentUrl\":\"https:\/\/lacerdaai.com\/br\/wp-content\/uploads\/2025\/11\/imagem-140.jpg\",\"width\":1069,\"height\":580},{\"@type\":\"BreadcrumbList\",\"@id\":\"https:\/\/lacerdaai.com\/br\/a-voz-nos-bastidores-da-ia-por-que-funcionarios-da-amazon-alertam-sobre-o-desenvolvimento-acelerado\/#breadcrumb\",\"itemListElement\":[{\"@type\":\"ListItem\",\"position\":1,\"name\":\"In\u00edcio\",\"item\":\"https:\/\/lacerdaai.com\/br\/\"},{\"@type\":\"ListItem\",\"position\":2,\"name\":\"A Voz nos Bastidores da IA: Por Que Funcion\u00e1rios da Amazon Alertam Sobre o Desenvolvimento Acelerado\"}]},{\"@type\":\"WebSite\",\"@id\":\"https:\/\/lacerdaai.com\/br\/#website\",\"url\":\"https:\/\/lacerdaai.com\/br\/\",\"name\":\"Lacerda AI\",\"description\":\"Seu blog di\u00e1rio de novidades do mundo da Inteligencia Artificial\",\"potentialAction\":[{\"@type\":\"SearchAction\",\"target\":{\"@type\":\"EntryPoint\",\"urlTemplate\":\"https:\/\/lacerdaai.com\/br\/?s={search_term_string}\"},\"query-input\":{\"@type\":\"PropertyValueSpecification\",\"valueRequired\":true,\"valueName\":\"search_term_string\"}}],\"inLanguage\":\"pt-BR\"},{\"@type\":\"Person\",\"@id\":\"https:\/\/lacerdaai.com\/br\/#\/schema\/person\/8bad803c2e83a0c5c5c75e02a1c2248f\",\"name\":\"Andr\u00e9 Lacerda\",\"image\":{\"@type\":\"ImageObject\",\"inLanguage\":\"pt-BR\",\"@id\":\"https:\/\/lacerdaai.com\/br\/#\/schema\/person\/image\/\",\"url\":\"https:\/\/secure.gravatar.com\/avatar\/f5c1fa5ad9763f54c1f223c3fc91f131da6288c9f9e28d74bb3c355ad99af205?s=96&d=mm&r=g\",\"contentUrl\":\"https:\/\/secure.gravatar.com\/avatar\/f5c1fa5ad9763f54c1f223c3fc91f131da6288c9f9e28d74bb3c355ad99af205?s=96&d=mm&r=g\",\"caption\":\"Andr\u00e9 Lacerda\"},\"description\":\"Sou o Andr\u00e9 Lacerda, tenho 35 anos e sou apaixonado por tecnologia, intelig\u00eancia artificial e boas hist\u00f3rias. Me formei em Tecnologia e Jornalismo \u2014 sim, uma mistura meio improv\u00e1vel, mas que combina muito comigo. J\u00e1 morei no Canad\u00e1 e na Espanha, e essas experi\u00eancias me ajudaram a enxergar a inova\u00e7\u00e3o com um olhar mais global (e a me virar bem em tr\u00eas idiomas \ud83d\ude04). Trabalhei em algumas das maiores empresas de tecnologia do mercado e, hoje, atuo como consultor ajudando neg\u00f3cios a entenderem e aplicarem IA de forma pr\u00e1tica, estrat\u00e9gica e humana. Gosto de traduzir o complexo em algo simples \u2014 e \u00e9 isso que voc\u00ea vai encontrar por aqui.\",\"sameAs\":[\"http:\/\/lacerdaai.com\/br\"],\"url\":\"https:\/\/lacerdaai.com\/br\/author\/red-admin\/\"}]}<\/script>\n<!-- \/ Yoast SEO plugin. -->","yoast_head_json":{"title":"A Voz nos Bastidores da IA: Por Que Funcion\u00e1rios da Amazon Alertam Sobre o Desenvolvimento Acelerado - Lacerda AI","description":"Descubra por que funcion\u00e1rios da Amazon levantaram preocupa\u00e7\u00f5es sobre o r\u00e1pido avan\u00e7o da IA. Explore o conceito de Intelig\u00eancia Artificial Respons\u00e1vel, os desafios \u00e9ticos e o impacto humano no desenvolvimento tecnol\u00f3gico.","robots":{"index":"index","follow":"follow","max-snippet":"max-snippet:-1","max-image-preview":"max-image-preview:large","max-video-preview":"max-video-preview:-1"},"canonical":"https:\/\/lacerdaai.com\/br\/a-voz-nos-bastidores-da-ia-por-que-funcionarios-da-amazon-alertam-sobre-o-desenvolvimento-acelerado\/","og_locale":"pt_BR","og_type":"article","og_title":"A Voz nos Bastidores da IA: Por Que Funcion\u00e1rios da Amazon Alertam Sobre o Desenvolvimento Acelerado - Lacerda AI","og_description":"Descubra por que funcion\u00e1rios da Amazon levantaram preocupa\u00e7\u00f5es sobre o r\u00e1pido avan\u00e7o da IA. Explore o conceito de Intelig\u00eancia Artificial Respons\u00e1vel, os desafios \u00e9ticos e o impacto humano no desenvolvimento tecnol\u00f3gico.","og_url":"https:\/\/lacerdaai.com\/br\/a-voz-nos-bastidores-da-ia-por-que-funcionarios-da-amazon-alertam-sobre-o-desenvolvimento-acelerado\/","og_site_name":"Lacerda AI","article_published_time":"2025-11-29T03:42:46+00:00","article_modified_time":"2025-11-29T03:42:47+00:00","author":"Andr\u00e9 Lacerda","twitter_card":"summary_large_image","twitter_misc":{"Escrito por":"Andr\u00e9 Lacerda","Est. tempo de leitura":"10 minutos"},"schema":{"@context":"https:\/\/schema.org","@graph":[{"@type":"WebPage","@id":"https:\/\/lacerdaai.com\/br\/a-voz-nos-bastidores-da-ia-por-que-funcionarios-da-amazon-alertam-sobre-o-desenvolvimento-acelerado\/","url":"https:\/\/lacerdaai.com\/br\/a-voz-nos-bastidores-da-ia-por-que-funcionarios-da-amazon-alertam-sobre-o-desenvolvimento-acelerado\/","name":"A Voz nos Bastidores da IA: Por Que Funcion\u00e1rios da Amazon Alertam Sobre o Desenvolvimento Acelerado - Lacerda AI","isPartOf":{"@id":"https:\/\/lacerdaai.com\/br\/#website"},"primaryImageOfPage":{"@id":"https:\/\/lacerdaai.com\/br\/a-voz-nos-bastidores-da-ia-por-que-funcionarios-da-amazon-alertam-sobre-o-desenvolvimento-acelerado\/#primaryimage"},"image":{"@id":"https:\/\/lacerdaai.com\/br\/a-voz-nos-bastidores-da-ia-por-que-funcionarios-da-amazon-alertam-sobre-o-desenvolvimento-acelerado\/#primaryimage"},"thumbnailUrl":"https:\/\/lacerdaai.com\/br\/wp-content\/uploads\/2025\/11\/imagem-140.jpg","datePublished":"2025-11-29T03:42:46+00:00","dateModified":"2025-11-29T03:42:47+00:00","author":{"@id":"https:\/\/lacerdaai.com\/br\/#\/schema\/person\/8bad803c2e83a0c5c5c75e02a1c2248f"},"description":"Descubra por que funcion\u00e1rios da Amazon levantaram preocupa\u00e7\u00f5es sobre o r\u00e1pido avan\u00e7o da IA. Explore o conceito de Intelig\u00eancia Artificial Respons\u00e1vel, os desafios \u00e9ticos e o impacto humano no desenvolvimento tecnol\u00f3gico.","breadcrumb":{"@id":"https:\/\/lacerdaai.com\/br\/a-voz-nos-bastidores-da-ia-por-que-funcionarios-da-amazon-alertam-sobre-o-desenvolvimento-acelerado\/#breadcrumb"},"inLanguage":"pt-BR","potentialAction":[{"@type":"ReadAction","target":["https:\/\/lacerdaai.com\/br\/a-voz-nos-bastidores-da-ia-por-que-funcionarios-da-amazon-alertam-sobre-o-desenvolvimento-acelerado\/"]}]},{"@type":"ImageObject","inLanguage":"pt-BR","@id":"https:\/\/lacerdaai.com\/br\/a-voz-nos-bastidores-da-ia-por-que-funcionarios-da-amazon-alertam-sobre-o-desenvolvimento-acelerado\/#primaryimage","url":"https:\/\/lacerdaai.com\/br\/wp-content\/uploads\/2025\/11\/imagem-140.jpg","contentUrl":"https:\/\/lacerdaai.com\/br\/wp-content\/uploads\/2025\/11\/imagem-140.jpg","width":1069,"height":580},{"@type":"BreadcrumbList","@id":"https:\/\/lacerdaai.com\/br\/a-voz-nos-bastidores-da-ia-por-que-funcionarios-da-amazon-alertam-sobre-o-desenvolvimento-acelerado\/#breadcrumb","itemListElement":[{"@type":"ListItem","position":1,"name":"In\u00edcio","item":"https:\/\/lacerdaai.com\/br\/"},{"@type":"ListItem","position":2,"name":"A Voz nos Bastidores da IA: Por Que Funcion\u00e1rios da Amazon Alertam Sobre o Desenvolvimento Acelerado"}]},{"@type":"WebSite","@id":"https:\/\/lacerdaai.com\/br\/#website","url":"https:\/\/lacerdaai.com\/br\/","name":"Lacerda AI","description":"Seu blog di\u00e1rio de novidades do mundo da Inteligencia Artificial","potentialAction":[{"@type":"SearchAction","target":{"@type":"EntryPoint","urlTemplate":"https:\/\/lacerdaai.com\/br\/?s={search_term_string}"},"query-input":{"@type":"PropertyValueSpecification","valueRequired":true,"valueName":"search_term_string"}}],"inLanguage":"pt-BR"},{"@type":"Person","@id":"https:\/\/lacerdaai.com\/br\/#\/schema\/person\/8bad803c2e83a0c5c5c75e02a1c2248f","name":"Andr\u00e9 Lacerda","image":{"@type":"ImageObject","inLanguage":"pt-BR","@id":"https:\/\/lacerdaai.com\/br\/#\/schema\/person\/image\/","url":"https:\/\/secure.gravatar.com\/avatar\/f5c1fa5ad9763f54c1f223c3fc91f131da6288c9f9e28d74bb3c355ad99af205?s=96&d=mm&r=g","contentUrl":"https:\/\/secure.gravatar.com\/avatar\/f5c1fa5ad9763f54c1f223c3fc91f131da6288c9f9e28d74bb3c355ad99af205?s=96&d=mm&r=g","caption":"Andr\u00e9 Lacerda"},"description":"Sou o Andr\u00e9 Lacerda, tenho 35 anos e sou apaixonado por tecnologia, intelig\u00eancia artificial e boas hist\u00f3rias. Me formei em Tecnologia e Jornalismo \u2014 sim, uma mistura meio improv\u00e1vel, mas que combina muito comigo. J\u00e1 morei no Canad\u00e1 e na Espanha, e essas experi\u00eancias me ajudaram a enxergar a inova\u00e7\u00e3o com um olhar mais global (e a me virar bem em tr\u00eas idiomas \ud83d\ude04). Trabalhei em algumas das maiores empresas de tecnologia do mercado e, hoje, atuo como consultor ajudando neg\u00f3cios a entenderem e aplicarem IA de forma pr\u00e1tica, estrat\u00e9gica e humana. Gosto de traduzir o complexo em algo simples \u2014 e \u00e9 isso que voc\u00ea vai encontrar por aqui.","sameAs":["http:\/\/lacerdaai.com\/br"],"url":"https:\/\/lacerdaai.com\/br\/author\/red-admin\/"}]}},"_links":{"self":[{"href":"https:\/\/lacerdaai.com\/br\/wp-json\/wp\/v2\/posts\/2545","targetHints":{"allow":["GET"]}}],"collection":[{"href":"https:\/\/lacerdaai.com\/br\/wp-json\/wp\/v2\/posts"}],"about":[{"href":"https:\/\/lacerdaai.com\/br\/wp-json\/wp\/v2\/types\/post"}],"author":[{"embeddable":true,"href":"https:\/\/lacerdaai.com\/br\/wp-json\/wp\/v2\/users\/1"}],"replies":[{"embeddable":true,"href":"https:\/\/lacerdaai.com\/br\/wp-json\/wp\/v2\/comments?post=2545"}],"version-history":[{"count":1,"href":"https:\/\/lacerdaai.com\/br\/wp-json\/wp\/v2\/posts\/2545\/revisions"}],"predecessor-version":[{"id":2546,"href":"https:\/\/lacerdaai.com\/br\/wp-json\/wp\/v2\/posts\/2545\/revisions\/2546"}],"wp:featuredmedia":[{"embeddable":true,"href":"https:\/\/lacerdaai.com\/br\/wp-json\/wp\/v2\/media\/2544"}],"wp:attachment":[{"href":"https:\/\/lacerdaai.com\/br\/wp-json\/wp\/v2\/media?parent=2545"}],"wp:term":[{"taxonomy":"category","embeddable":true,"href":"https:\/\/lacerdaai.com\/br\/wp-json\/wp\/v2\/categories?post=2545"},{"taxonomy":"post_tag","embeddable":true,"href":"https:\/\/lacerdaai.com\/br\/wp-json\/wp\/v2\/tags?post=2545"}],"curies":[{"name":"wp","href":"https:\/\/api.w.org\/{rel}","templated":true}]}}