{"id":2557,"date":"2025-11-29T16:42:56","date_gmt":"2025-11-29T19:42:56","guid":{"rendered":"https:\/\/lacerdaai.com\/br\/ia-em-velocidade-de-dobra-os-dilemas-eticos-e-sociais-da-inteligencia-artificial-no-mundo-corporativo\/"},"modified":"2025-11-29T16:42:57","modified_gmt":"2025-11-29T19:42:57","slug":"ia-em-velocidade-de-dobra-os-dilemas-eticos-e-sociais-da-inteligencia-artificial-no-mundo-corporativo","status":"publish","type":"post","link":"https:\/\/lacerdaai.com\/br\/ia-em-velocidade-de-dobra-os-dilemas-eticos-e-sociais-da-inteligencia-artificial-no-mundo-corporativo\/","title":{"rendered":"IA em Velocidade de Dobra: Os Dilemas \u00c9ticos e Sociais da Intelig\u00eancia Artificial no Mundo Corporativo"},"content":{"rendered":"<p>A intelig\u00eancia artificial (IA) tem sido, sem d\u00favida, a for\u00e7a motriz mais revolucion\u00e1ria da \u00faltima d\u00e9cada, prometendo otimizar processos, gerar insights in\u00e9ditos e transformar fundamentalmente a maneira como vivemos e trabalhamos. A cada dia, somos bombardeados com not\u00edcias sobre avan\u00e7os que parecem saltar diretamente da fic\u00e7\u00e3o cient\u00edfica para a realidade, impulsionando a IA a uma velocidade que muitos descrevem como de &#8216;dobra&#8217;. Empresas de todos os portes est\u00e3o correndo para integrar essa tecnologia em suas opera\u00e7\u00f5es, buscando vantagens competitivas e novas fronteiras de inova\u00e7\u00e3o.<\/p>\n<p>Contudo, em meio a essa corrida tecnol\u00f3gica fren\u00e9tica, surge um coro de vozes alertando para os perigos de uma expans\u00e3o desmedida e sem a devida reflex\u00e3o. Recentemente, mais de mil funcion\u00e1rios da gigante do varejo e da tecnologia, Amazon, assinaram uma carta aberta expressando profundas preocupa\u00e7\u00f5es sobre a estrat\u00e9gia agressiva da empresa em rela\u00e7\u00e3o \u00e0 IA. Eles apontam para amea\u00e7as significativas a empregos, metas clim\u00e1ticas e salvaguardas no ambiente de trabalho. Este alerta n\u00e3o \u00e9 apenas um grito isolado; ele serve como um importante estudo de caso e um espelho para o debate mais amplo sobre o <strong>impacto da IA nas empresas<\/strong> e na sociedade. \u00c9 crucial que, como entusiastas e especialistas, analisemos essas quest\u00f5es com a seriedade que elas merecem, buscando um caminho onde a inova\u00e7\u00e3o e a responsabilidade caminhem de m\u00e3os dadas.<\/p>\n<h3><strong>O Impacto da IA nas Empresas<\/strong>: Uma An\u00e1lise dos Alertas da Amazon<\/h3>\n<p>A iniciativa dos funcion\u00e1rios da Amazon \u00e9 um marco. Em uma empresa conhecida por sua cultura de inova\u00e7\u00e3o e por ser pioneira em diversas frentes tecnol\u00f3gicas, o fato de mais de mil colaboradores se unirem para expressar publicamente suas preocupa\u00e7\u00f5es sublinha a gravidade dos dilemas em jogo. As tr\u00eas principais \u00e1reas de alerta \u2013 empregos, clima e seguran\u00e7a no trabalho \u2013 representam pilares fundamentais de qualquer sociedade justa e sustent\u00e1vel, e a IA, se mal gerenciada, pode abal\u00e1-los profundamente.<\/p>\n<p>Comecemos pelo **impacto nos empregos**. A promessa da IA \u00e9 de automa\u00e7\u00e3o, efici\u00eancia e libera\u00e7\u00e3o do ser humano para tarefas mais criativas e complexas. No entanto, a realidade pode ser mais sombria para milh\u00f5es de trabalhadores. Desde o advento da ind\u00fastria 4.0, a substitui\u00e7\u00e3o de tarefas repetitivas e rotineiras por m\u00e1quinas e algoritmos tem sido uma constante. Com a IA generativa e os modelos de linguagem avan\u00e7ados, o escopo da automa\u00e7\u00e3o se expande para incluir trabalhos cognitivos que antes eram considerados exclusivos dos humanos, como escrita, atendimento ao cliente e at\u00e9 mesmo programa\u00e7\u00e3o b\u00e1sica. Funcion\u00e1rios da Amazon, por exemplo, observam a implementa\u00e7\u00e3o de sistemas de IA que podem otimizar armaz\u00e9ns e log\u00edstica, potencialmente reduzindo a necessidade de m\u00e3o de obra humana em larga escala. A quest\u00e3o n\u00e3o \u00e9 se a IA criar\u00e1 novos empregos (ela o far\u00e1), mas se esses novos empregos ser\u00e3o acess\u00edveis e em n\u00famero suficiente para compensar as perdas, e se a transi\u00e7\u00e3o ser\u00e1 justa e equitativa. A resqualifica\u00e7\u00e3o e requalifica\u00e7\u00e3o da for\u00e7a de trabalho s\u00e3o imperativas, mas exigem investimentos maci\u00e7os e uma coordena\u00e7\u00e3o sem precedentes entre governos, empresas e institui\u00e7\u00f5es de ensino.<\/p>\n<p>Outra preocupa\u00e7\u00e3o cr\u00edtica \u00e9 o **impacto nas metas clim\u00e1ticas**. Parece contraintuitivo que uma tecnologia t\u00e3o avan\u00e7ada possa ser um entrave para a sustentabilidade, mas a verdade \u00e9 que o treinamento e a opera\u00e7\u00e3o de modelos de IA, especialmente os grandes modelos de linguagem (LLMs), s\u00e3o intensivos em energia. Data centers, que alimentam a infraestrutura da IA, consomem quantidades gigantescas de eletricidade, e muitos ainda dependem de fontes de energia f\u00f3sseis. A Amazon, com sua vasta infraestrutura de nuvem (AWS), est\u00e1 na vanguarda dessa pegada energ\u00e9tica. Embora a IA possa ser uma ferramenta poderosa para otimizar o consumo de energia, prever padr\u00f5es clim\u00e1ticos e gerenciar redes de energia, seu pr\u00f3prio custo ambiental de funcionamento n\u00e3o pode ser ignorado. O paradoxo \u00e9 claro: a tecnologia que pode nos ajudar a combater as mudan\u00e7as clim\u00e1ticas tamb\u00e9m contribui para elas. A busca por uma \u201cIA verde\u201d e o compromisso com fontes de energia renov\u00e1veis para a computa\u00e7\u00e3o em nuvem tornam-se, assim, n\u00e3o apenas uma op\u00e7\u00e3o, mas uma necessidade urgente para empresas que operam nesse ecossistema.<\/p>\n<p>Finalmente, a quest\u00e3o das **salvaguardas no ambiente de trabalho**. A IA pode ser uma ferramenta de vigil\u00e2ncia e controle sem precedentes. Algoritmos podem monitorar a produtividade dos trabalhadores em tempo real, analisar comportamentos, e at\u00e9 mesmo influenciar decis\u00f5es de contrata\u00e7\u00e3o, promo\u00e7\u00e3o ou demiss\u00e3o. Isso levanta s\u00e9rias quest\u00f5es sobre privacidade, autonomia do trabalhador e sa\u00fade mental. Na Amazon, j\u00e1 h\u00e1 relatos de sistemas algor\u00edtmicos que ditam ritmos de trabalho e avaliam o desempenho de entregadores e funcion\u00e1rios de armaz\u00e9ns, muitas vezes sem a transpar\u00eancia ou a possibilidade de recurso humano. O risco \u00e9 a desumaniza\u00e7\u00e3o do trabalho, onde o trabalhador \u00e9 reduzido a um dado em um sistema, sujeito a avalia\u00e7\u00f5es e decis\u00f5es algor\u00edtmicas que podem carecer de contexto e empatia. Garantir que a IA seja utilizada para empoderar, e n\u00e3o para oprimir, \u00e9 um desafio complexo que exige um di\u00e1logo cont\u00ednuo e a implementa\u00e7\u00e3o de pol\u00edticas \u00e9ticas rigorosas.<\/p>\n<h3>Al\u00e9m da Amazon: A Vis\u00e3o Ampla dos Desafios da IA<\/h3>\n<p>Embora o caso da Amazon seja um alerta espec\u00edfico, ele reflete um cen\u00e1rio muito mais amplo sobre o <strong>impacto da IA nas empresas<\/strong> em n\u00edvel global. As preocupa\u00e7\u00f5es levantadas pelos funcion\u00e1rios da gigante de Seattle ressoam em diversos setores e geografias, evidenciando que a intelig\u00eancia artificial, apesar de seu potencial transformador, apresenta desafios \u00e9ticos e sociais que demandam uma abordagem cuidadosa e multifacetada.<\/p>\n<p>A **regulamenta\u00e7\u00e3o e a \u00e9tica da IA** est\u00e3o no centro deste debate. Governos ao redor do mundo, como a Uni\u00e3o Europeia com seu Ato de IA, est\u00e3o correndo para criar frameworks que garantam o desenvolvimento e uso respons\u00e1vel da tecnologia. No Brasil, o debate sobre um marco legal para a IA tamb\u00e9m avan\u00e7a, buscando equilibrar inova\u00e7\u00e3o com prote\u00e7\u00e3o de direitos. Quest\u00f5es como transpar\u00eancia, explicabilidade, responsabilidade, equidade e privacidade precisam ser endere\u00e7adas por leis e diretrizes que n\u00e3o apenas reajam aos problemas, mas que os antecipem. As empresas, por sua vez, precisam ir al\u00e9m do cumprimento m\u00ednimo da lei, incorporando princ\u00edpios \u00e9ticos em seus designs de IA desde a concep\u00e7\u00e3o (ethics-by-design).<\/p>\n<p>Outro ponto crucial \u00e9 o **vi\u00e9s algor\u00edtmico e a discrimina\u00e7\u00e3o**. Sistemas de IA aprendem com os dados que lhes s\u00e3o fornecidos, e se esses dados refletem preconceitos sociais existentes, o algoritmo ir\u00e1 perpetu\u00e1-los ou at\u00e9 ampli\u00e1-los. Isso pode levar a decis\u00f5es discriminat\u00f3rias em \u00e1reas cr\u00edticas como contrata\u00e7\u00e3o, concess\u00e3o de cr\u00e9dito, sistemas de justi\u00e7a criminal e at\u00e9 mesmo diagn\u00f3stico m\u00e9dico. Empresas que adotam IA sem uma auditoria rigorosa de seus conjuntos de dados e algoritmos correm o risco n\u00e3o apenas de falhas t\u00e9cnicas, mas de causar danos sociais irrepar\u00e1veis, comprometendo sua reputa\u00e7\u00e3o e enfrentando san\u00e7\u00f5es legais. A diversidade nas equipes de desenvolvimento de IA, a valida\u00e7\u00e3o externa e a implementa\u00e7\u00e3o de testes de equidade s\u00e3o essenciais para mitigar esses riscos.<\/p>\n<p>Adicionalmente, a **governan\u00e7a da IA** dentro das corpora\u00e7\u00f5es \u00e9 um tema crescente. Quem decide como a IA \u00e9 usada? Quais s\u00e3o os mecanismos de supervis\u00e3o? Como garantir que os sistemas de IA estejam alinhados com os valores da empresa e da sociedade? A r\u00e1pida implanta\u00e7\u00e3o da IA em diversos produtos e servi\u00e7os levanta a necessidade de comit\u00eas de \u00e9tica de IA robustos, treinamentos cont\u00ednuos para funcion\u00e1rios sobre os riscos da IA e a cria\u00e7\u00e3o de canais para feedback e den\u00fancias. O objetivo n\u00e3o \u00e9 frear a inova\u00e7\u00e3o, mas garantir que ela seja direcionada para o bem comum, e n\u00e3o apenas para o lucro a curto prazo.<\/p>\n<h3>Construindo um Futuro Respons\u00e1vel com Intelig\u00eancia Artificial<\/h3>\n<p>Diante dos desafios expostos, o caminho a seguir para as empresas e para a sociedade n\u00e3o \u00e9 abdicar da intelig\u00eancia artificial, mas sim abra\u00e7\u00e1-la com responsabilidade e discernimento. Construir um futuro onde a IA serve \u00e0 humanidade e n\u00e3o o contr\u00e1rio exige uma colabora\u00e7\u00e3o sem precedentes entre desenvolvedores, formuladores de pol\u00edticas, acad\u00eamicos, trabalhadores e o p\u00fablico em geral. \u00c9 um esfor\u00e7o coletivo para moldar a tecnologia, em vez de sermos moldados por ela.<\/p>\n<p>Um dos pilares para esse futuro \u00e9 o desenvolvimento da **IA Respons\u00e1vel e Explic\u00e1vel (XAI)**. Precisamos de sistemas de IA que n\u00e3o sejam caixas-pretas indecifr\u00e1veis, mas sim transparentes o suficiente para que possamos entender suas decis\u00f5es e, quando necess\u00e1rio, contest\u00e1-las. A implementa\u00e7\u00e3o de uma &#8220;abordagem centrada no ser humano&#8221; (human-in-the-loop) garante que, em momentos cr\u00edticos, a decis\u00e3o final seja de um humano, com a IA atuando como uma ferramenta de apoio e aprimoramento. Isso \u00e9 vital para restaurar a confian\u00e7a e garantir que a autonomia humana seja preservada.<\/p>\n<p>Al\u00e9m disso, \u00e9 fundamental investir massivamente em **educa\u00e7\u00e3o e requalifica\u00e7\u00e3o profissional**. O <strong>impacto da IA nas empresas<\/strong> n\u00e3o deve ser sin\u00f4nimo de obsolesc\u00eancia da for\u00e7a de trabalho, mas sim de uma oportunidade para aprimorar habilidades e redirecionar talentos. Programas de capacita\u00e7\u00e3o para a &#8220;economia da IA&#8221;, parcerias entre universidades e empresas para desenvolver curr\u00edculos relevantes, e o incentivo ao aprendizado cont\u00ednuo s\u00e3o estrat\u00e9gias cruciais. Governos t\u00eam um papel essencial em fomentar essas iniciativas, criando redes de apoio e incentivos para a transi\u00e7\u00e3o do mercado de trabalho.<\/p>\n<p>Por fim, a **colabora\u00e7\u00e3o e o di\u00e1logo** s\u00e3o a chave para a governan\u00e7a da IA. Nenhuma empresa, governo ou pa\u00eds pode resolver esses desafios sozinho. A complexidade e o alcance global da IA exigem padr\u00f5es internacionais, troca de melhores pr\u00e1ticas e um compromisso compartilhado com a \u00e9tica e a sustentabilidade. As vozes dos funcion\u00e1rios, como as da Amazon, s\u00e3o indispens\u00e1veis nesse di\u00e1logo, fornecendo insights valiosos da linha de frente da implementa\u00e7\u00e3o da IA. \u00c9 preciso criar mecanismos para que essas vozes sejam ouvidas e para que as preocupa\u00e7\u00f5es sejam abordadas de forma proativa, garantindo que o progresso tecnol\u00f3gico esteja sempre alinhado com o bem-estar social e ambiental.<\/p>\n<p>A intelig\u00eancia artificial est\u00e1, de fato, avan\u00e7ando em velocidade de dobra, desvendando novas possibilidades e redefinindo paradigmas. No entanto, o entusiasmo pela inova\u00e7\u00e3o n\u00e3o pode e n\u00e3o deve ofuscar a necessidade premente de cautela, \u00e9tica e responsabilidade. O alerta dos funcion\u00e1rios da Amazon serve como um lembrete poderoso: o verdadeiro sucesso da IA n\u00e3o ser\u00e1 medido apenas por sua capacidade de gerar lucros ou otimizar processos, mas pela forma como ela contribui para um futuro mais justo, equitativo e sustent\u00e1vel para todos.<\/p>\n<p>\u00c9 um convite \u00e0 reflex\u00e3o e \u00e0 a\u00e7\u00e3o. O <strong>impacto da IA nas empresas<\/strong> e na sociedade est\u00e1 sendo moldado agora, pelas decis\u00f5es que tomamos, pelas pol\u00edticas que implementamos e pela voz que damos \u00e0queles que podem ser mais afetados. Que possamos, como entusiastas e construtores deste futuro, garantir que a velocidade de dobra da IA nos leve a um destino onde a tecnologia amplifica o melhor da humanidade, em vez de comprometer seus valores fundamentais.<\/p>\n","protected":false},"excerpt":{"rendered":"<p>A intelig\u00eancia artificial (IA) tem sido, sem d\u00favida, a for\u00e7a motriz mais revolucion\u00e1ria da \u00faltima d\u00e9cada, prometendo otimizar processos, gerar insights in\u00e9ditos e transformar fundamentalmente a maneira como vivemos e trabalhamos. A cada dia, somos bombardeados com not\u00edcias sobre avan\u00e7os que parecem saltar diretamente da fic\u00e7\u00e3o cient\u00edfica para a realidade, impulsionando a IA a uma [&hellip;]<\/p>\n","protected":false},"author":1,"featured_media":2556,"comment_status":"open","ping_status":"open","sticky":false,"template":"","format":"standard","meta":{"_yoast_wpseo_focuskw":"impacto da IA nas empresas","_yoast_wpseo_metadesc":"A r\u00e1pida ascens\u00e3o da IA levanta alertas cruciais. Analise como a estrat\u00e9gia de gigantes como a Amazon impacta empregos, sustentabilidade e direitos, explorando o impacto da IA nas empresas e seus desafios \u00e9ticos.","footnotes":""},"categories":[2],"tags":[],"class_list":["post-2557","post","type-post","status-publish","format-standard","has-post-thumbnail","hentry","category-novidades"],"yoast_head":"<!-- This site is optimized with the Yoast SEO plugin v25.6 - https:\/\/yoast.com\/wordpress\/plugins\/seo\/ -->\n<title>IA em Velocidade de Dobra: Os Dilemas \u00c9ticos e Sociais da Intelig\u00eancia Artificial no Mundo Corporativo - Lacerda AI<\/title>\n<meta name=\"description\" content=\"A r\u00e1pida ascens\u00e3o da IA levanta alertas cruciais. Analise como a estrat\u00e9gia de gigantes como a Amazon impacta empregos, sustentabilidade e direitos, explorando o impacto da IA nas empresas e seus desafios \u00e9ticos.\" \/>\n<meta name=\"robots\" content=\"index, follow, max-snippet:-1, max-image-preview:large, max-video-preview:-1\" \/>\n<link rel=\"canonical\" href=\"https:\/\/lacerdaai.com\/br\/ia-em-velocidade-de-dobra-os-dilemas-eticos-e-sociais-da-inteligencia-artificial-no-mundo-corporativo\/\" \/>\n<meta property=\"og:locale\" content=\"pt_BR\" \/>\n<meta property=\"og:type\" content=\"article\" \/>\n<meta property=\"og:title\" content=\"IA em Velocidade de Dobra: Os Dilemas \u00c9ticos e Sociais da Intelig\u00eancia Artificial no Mundo Corporativo - Lacerda AI\" \/>\n<meta property=\"og:description\" content=\"A r\u00e1pida ascens\u00e3o da IA levanta alertas cruciais. Analise como a estrat\u00e9gia de gigantes como a Amazon impacta empregos, sustentabilidade e direitos, explorando o impacto da IA nas empresas e seus desafios \u00e9ticos.\" \/>\n<meta property=\"og:url\" content=\"https:\/\/lacerdaai.com\/br\/ia-em-velocidade-de-dobra-os-dilemas-eticos-e-sociais-da-inteligencia-artificial-no-mundo-corporativo\/\" \/>\n<meta property=\"og:site_name\" content=\"Lacerda AI\" \/>\n<meta property=\"article:published_time\" content=\"2025-11-29T19:42:56+00:00\" \/>\n<meta property=\"article:modified_time\" content=\"2025-11-29T19:42:57+00:00\" \/>\n<meta name=\"author\" content=\"Andr\u00e9 Lacerda\" \/>\n<meta name=\"twitter:card\" content=\"summary_large_image\" \/>\n<meta name=\"twitter:label1\" content=\"Escrito por\" \/>\n\t<meta name=\"twitter:data1\" content=\"Andr\u00e9 Lacerda\" \/>\n\t<meta name=\"twitter:label2\" content=\"Est. tempo de leitura\" \/>\n\t<meta name=\"twitter:data2\" content=\"10 minutos\" \/>\n<script type=\"application\/ld+json\" class=\"yoast-schema-graph\">{\"@context\":\"https:\/\/schema.org\",\"@graph\":[{\"@type\":\"WebPage\",\"@id\":\"https:\/\/lacerdaai.com\/br\/ia-em-velocidade-de-dobra-os-dilemas-eticos-e-sociais-da-inteligencia-artificial-no-mundo-corporativo\/\",\"url\":\"https:\/\/lacerdaai.com\/br\/ia-em-velocidade-de-dobra-os-dilemas-eticos-e-sociais-da-inteligencia-artificial-no-mundo-corporativo\/\",\"name\":\"IA em Velocidade de Dobra: Os Dilemas \u00c9ticos e Sociais da Intelig\u00eancia Artificial no Mundo Corporativo - Lacerda AI\",\"isPartOf\":{\"@id\":\"https:\/\/lacerdaai.com\/br\/#website\"},\"primaryImageOfPage\":{\"@id\":\"https:\/\/lacerdaai.com\/br\/ia-em-velocidade-de-dobra-os-dilemas-eticos-e-sociais-da-inteligencia-artificial-no-mundo-corporativo\/#primaryimage\"},\"image\":{\"@id\":\"https:\/\/lacerdaai.com\/br\/ia-em-velocidade-de-dobra-os-dilemas-eticos-e-sociais-da-inteligencia-artificial-no-mundo-corporativo\/#primaryimage\"},\"thumbnailUrl\":\"https:\/\/lacerdaai.com\/br\/wp-content\/uploads\/2025\/11\/imagem-143.jpg\",\"datePublished\":\"2025-11-29T19:42:56+00:00\",\"dateModified\":\"2025-11-29T19:42:57+00:00\",\"author\":{\"@id\":\"https:\/\/lacerdaai.com\/br\/#\/schema\/person\/8bad803c2e83a0c5c5c75e02a1c2248f\"},\"description\":\"A r\u00e1pida ascens\u00e3o da IA levanta alertas cruciais. Analise como a estrat\u00e9gia de gigantes como a Amazon impacta empregos, sustentabilidade e direitos, explorando o impacto da IA nas empresas e seus desafios \u00e9ticos.\",\"breadcrumb\":{\"@id\":\"https:\/\/lacerdaai.com\/br\/ia-em-velocidade-de-dobra-os-dilemas-eticos-e-sociais-da-inteligencia-artificial-no-mundo-corporativo\/#breadcrumb\"},\"inLanguage\":\"pt-BR\",\"potentialAction\":[{\"@type\":\"ReadAction\",\"target\":[\"https:\/\/lacerdaai.com\/br\/ia-em-velocidade-de-dobra-os-dilemas-eticos-e-sociais-da-inteligencia-artificial-no-mundo-corporativo\/\"]}]},{\"@type\":\"ImageObject\",\"inLanguage\":\"pt-BR\",\"@id\":\"https:\/\/lacerdaai.com\/br\/ia-em-velocidade-de-dobra-os-dilemas-eticos-e-sociais-da-inteligencia-artificial-no-mundo-corporativo\/#primaryimage\",\"url\":\"https:\/\/lacerdaai.com\/br\/wp-content\/uploads\/2025\/11\/imagem-143.jpg\",\"contentUrl\":\"https:\/\/lacerdaai.com\/br\/wp-content\/uploads\/2025\/11\/imagem-143.jpg\",\"width\":1280,\"height\":720},{\"@type\":\"BreadcrumbList\",\"@id\":\"https:\/\/lacerdaai.com\/br\/ia-em-velocidade-de-dobra-os-dilemas-eticos-e-sociais-da-inteligencia-artificial-no-mundo-corporativo\/#breadcrumb\",\"itemListElement\":[{\"@type\":\"ListItem\",\"position\":1,\"name\":\"In\u00edcio\",\"item\":\"https:\/\/lacerdaai.com\/br\/\"},{\"@type\":\"ListItem\",\"position\":2,\"name\":\"IA em Velocidade de Dobra: Os Dilemas \u00c9ticos e Sociais da Intelig\u00eancia Artificial no Mundo Corporativo\"}]},{\"@type\":\"WebSite\",\"@id\":\"https:\/\/lacerdaai.com\/br\/#website\",\"url\":\"https:\/\/lacerdaai.com\/br\/\",\"name\":\"Lacerda AI\",\"description\":\"Seu blog di\u00e1rio de novidades do mundo da Inteligencia Artificial\",\"potentialAction\":[{\"@type\":\"SearchAction\",\"target\":{\"@type\":\"EntryPoint\",\"urlTemplate\":\"https:\/\/lacerdaai.com\/br\/?s={search_term_string}\"},\"query-input\":{\"@type\":\"PropertyValueSpecification\",\"valueRequired\":true,\"valueName\":\"search_term_string\"}}],\"inLanguage\":\"pt-BR\"},{\"@type\":\"Person\",\"@id\":\"https:\/\/lacerdaai.com\/br\/#\/schema\/person\/8bad803c2e83a0c5c5c75e02a1c2248f\",\"name\":\"Andr\u00e9 Lacerda\",\"image\":{\"@type\":\"ImageObject\",\"inLanguage\":\"pt-BR\",\"@id\":\"https:\/\/lacerdaai.com\/br\/#\/schema\/person\/image\/\",\"url\":\"https:\/\/secure.gravatar.com\/avatar\/f5c1fa5ad9763f54c1f223c3fc91f131da6288c9f9e28d74bb3c355ad99af205?s=96&d=mm&r=g\",\"contentUrl\":\"https:\/\/secure.gravatar.com\/avatar\/f5c1fa5ad9763f54c1f223c3fc91f131da6288c9f9e28d74bb3c355ad99af205?s=96&d=mm&r=g\",\"caption\":\"Andr\u00e9 Lacerda\"},\"description\":\"Sou o Andr\u00e9 Lacerda, tenho 35 anos e sou apaixonado por tecnologia, intelig\u00eancia artificial e boas hist\u00f3rias. Me formei em Tecnologia e Jornalismo \u2014 sim, uma mistura meio improv\u00e1vel, mas que combina muito comigo. J\u00e1 morei no Canad\u00e1 e na Espanha, e essas experi\u00eancias me ajudaram a enxergar a inova\u00e7\u00e3o com um olhar mais global (e a me virar bem em tr\u00eas idiomas \ud83d\ude04). Trabalhei em algumas das maiores empresas de tecnologia do mercado e, hoje, atuo como consultor ajudando neg\u00f3cios a entenderem e aplicarem IA de forma pr\u00e1tica, estrat\u00e9gica e humana. Gosto de traduzir o complexo em algo simples \u2014 e \u00e9 isso que voc\u00ea vai encontrar por aqui.\",\"sameAs\":[\"http:\/\/lacerdaai.com\/br\"],\"url\":\"https:\/\/lacerdaai.com\/br\/author\/red-admin\/\"}]}<\/script>\n<!-- \/ Yoast SEO plugin. -->","yoast_head_json":{"title":"IA em Velocidade de Dobra: Os Dilemas \u00c9ticos e Sociais da Intelig\u00eancia Artificial no Mundo Corporativo - Lacerda AI","description":"A r\u00e1pida ascens\u00e3o da IA levanta alertas cruciais. Analise como a estrat\u00e9gia de gigantes como a Amazon impacta empregos, sustentabilidade e direitos, explorando o impacto da IA nas empresas e seus desafios \u00e9ticos.","robots":{"index":"index","follow":"follow","max-snippet":"max-snippet:-1","max-image-preview":"max-image-preview:large","max-video-preview":"max-video-preview:-1"},"canonical":"https:\/\/lacerdaai.com\/br\/ia-em-velocidade-de-dobra-os-dilemas-eticos-e-sociais-da-inteligencia-artificial-no-mundo-corporativo\/","og_locale":"pt_BR","og_type":"article","og_title":"IA em Velocidade de Dobra: Os Dilemas \u00c9ticos e Sociais da Intelig\u00eancia Artificial no Mundo Corporativo - Lacerda AI","og_description":"A r\u00e1pida ascens\u00e3o da IA levanta alertas cruciais. Analise como a estrat\u00e9gia de gigantes como a Amazon impacta empregos, sustentabilidade e direitos, explorando o impacto da IA nas empresas e seus desafios \u00e9ticos.","og_url":"https:\/\/lacerdaai.com\/br\/ia-em-velocidade-de-dobra-os-dilemas-eticos-e-sociais-da-inteligencia-artificial-no-mundo-corporativo\/","og_site_name":"Lacerda AI","article_published_time":"2025-11-29T19:42:56+00:00","article_modified_time":"2025-11-29T19:42:57+00:00","author":"Andr\u00e9 Lacerda","twitter_card":"summary_large_image","twitter_misc":{"Escrito por":"Andr\u00e9 Lacerda","Est. tempo de leitura":"10 minutos"},"schema":{"@context":"https:\/\/schema.org","@graph":[{"@type":"WebPage","@id":"https:\/\/lacerdaai.com\/br\/ia-em-velocidade-de-dobra-os-dilemas-eticos-e-sociais-da-inteligencia-artificial-no-mundo-corporativo\/","url":"https:\/\/lacerdaai.com\/br\/ia-em-velocidade-de-dobra-os-dilemas-eticos-e-sociais-da-inteligencia-artificial-no-mundo-corporativo\/","name":"IA em Velocidade de Dobra: Os Dilemas \u00c9ticos e Sociais da Intelig\u00eancia Artificial no Mundo Corporativo - Lacerda AI","isPartOf":{"@id":"https:\/\/lacerdaai.com\/br\/#website"},"primaryImageOfPage":{"@id":"https:\/\/lacerdaai.com\/br\/ia-em-velocidade-de-dobra-os-dilemas-eticos-e-sociais-da-inteligencia-artificial-no-mundo-corporativo\/#primaryimage"},"image":{"@id":"https:\/\/lacerdaai.com\/br\/ia-em-velocidade-de-dobra-os-dilemas-eticos-e-sociais-da-inteligencia-artificial-no-mundo-corporativo\/#primaryimage"},"thumbnailUrl":"https:\/\/lacerdaai.com\/br\/wp-content\/uploads\/2025\/11\/imagem-143.jpg","datePublished":"2025-11-29T19:42:56+00:00","dateModified":"2025-11-29T19:42:57+00:00","author":{"@id":"https:\/\/lacerdaai.com\/br\/#\/schema\/person\/8bad803c2e83a0c5c5c75e02a1c2248f"},"description":"A r\u00e1pida ascens\u00e3o da IA levanta alertas cruciais. Analise como a estrat\u00e9gia de gigantes como a Amazon impacta empregos, sustentabilidade e direitos, explorando o impacto da IA nas empresas e seus desafios \u00e9ticos.","breadcrumb":{"@id":"https:\/\/lacerdaai.com\/br\/ia-em-velocidade-de-dobra-os-dilemas-eticos-e-sociais-da-inteligencia-artificial-no-mundo-corporativo\/#breadcrumb"},"inLanguage":"pt-BR","potentialAction":[{"@type":"ReadAction","target":["https:\/\/lacerdaai.com\/br\/ia-em-velocidade-de-dobra-os-dilemas-eticos-e-sociais-da-inteligencia-artificial-no-mundo-corporativo\/"]}]},{"@type":"ImageObject","inLanguage":"pt-BR","@id":"https:\/\/lacerdaai.com\/br\/ia-em-velocidade-de-dobra-os-dilemas-eticos-e-sociais-da-inteligencia-artificial-no-mundo-corporativo\/#primaryimage","url":"https:\/\/lacerdaai.com\/br\/wp-content\/uploads\/2025\/11\/imagem-143.jpg","contentUrl":"https:\/\/lacerdaai.com\/br\/wp-content\/uploads\/2025\/11\/imagem-143.jpg","width":1280,"height":720},{"@type":"BreadcrumbList","@id":"https:\/\/lacerdaai.com\/br\/ia-em-velocidade-de-dobra-os-dilemas-eticos-e-sociais-da-inteligencia-artificial-no-mundo-corporativo\/#breadcrumb","itemListElement":[{"@type":"ListItem","position":1,"name":"In\u00edcio","item":"https:\/\/lacerdaai.com\/br\/"},{"@type":"ListItem","position":2,"name":"IA em Velocidade de Dobra: Os Dilemas \u00c9ticos e Sociais da Intelig\u00eancia Artificial no Mundo Corporativo"}]},{"@type":"WebSite","@id":"https:\/\/lacerdaai.com\/br\/#website","url":"https:\/\/lacerdaai.com\/br\/","name":"Lacerda AI","description":"Seu blog di\u00e1rio de novidades do mundo da Inteligencia Artificial","potentialAction":[{"@type":"SearchAction","target":{"@type":"EntryPoint","urlTemplate":"https:\/\/lacerdaai.com\/br\/?s={search_term_string}"},"query-input":{"@type":"PropertyValueSpecification","valueRequired":true,"valueName":"search_term_string"}}],"inLanguage":"pt-BR"},{"@type":"Person","@id":"https:\/\/lacerdaai.com\/br\/#\/schema\/person\/8bad803c2e83a0c5c5c75e02a1c2248f","name":"Andr\u00e9 Lacerda","image":{"@type":"ImageObject","inLanguage":"pt-BR","@id":"https:\/\/lacerdaai.com\/br\/#\/schema\/person\/image\/","url":"https:\/\/secure.gravatar.com\/avatar\/f5c1fa5ad9763f54c1f223c3fc91f131da6288c9f9e28d74bb3c355ad99af205?s=96&d=mm&r=g","contentUrl":"https:\/\/secure.gravatar.com\/avatar\/f5c1fa5ad9763f54c1f223c3fc91f131da6288c9f9e28d74bb3c355ad99af205?s=96&d=mm&r=g","caption":"Andr\u00e9 Lacerda"},"description":"Sou o Andr\u00e9 Lacerda, tenho 35 anos e sou apaixonado por tecnologia, intelig\u00eancia artificial e boas hist\u00f3rias. Me formei em Tecnologia e Jornalismo \u2014 sim, uma mistura meio improv\u00e1vel, mas que combina muito comigo. J\u00e1 morei no Canad\u00e1 e na Espanha, e essas experi\u00eancias me ajudaram a enxergar a inova\u00e7\u00e3o com um olhar mais global (e a me virar bem em tr\u00eas idiomas \ud83d\ude04). Trabalhei em algumas das maiores empresas de tecnologia do mercado e, hoje, atuo como consultor ajudando neg\u00f3cios a entenderem e aplicarem IA de forma pr\u00e1tica, estrat\u00e9gica e humana. Gosto de traduzir o complexo em algo simples \u2014 e \u00e9 isso que voc\u00ea vai encontrar por aqui.","sameAs":["http:\/\/lacerdaai.com\/br"],"url":"https:\/\/lacerdaai.com\/br\/author\/red-admin\/"}]}},"_links":{"self":[{"href":"https:\/\/lacerdaai.com\/br\/wp-json\/wp\/v2\/posts\/2557","targetHints":{"allow":["GET"]}}],"collection":[{"href":"https:\/\/lacerdaai.com\/br\/wp-json\/wp\/v2\/posts"}],"about":[{"href":"https:\/\/lacerdaai.com\/br\/wp-json\/wp\/v2\/types\/post"}],"author":[{"embeddable":true,"href":"https:\/\/lacerdaai.com\/br\/wp-json\/wp\/v2\/users\/1"}],"replies":[{"embeddable":true,"href":"https:\/\/lacerdaai.com\/br\/wp-json\/wp\/v2\/comments?post=2557"}],"version-history":[{"count":1,"href":"https:\/\/lacerdaai.com\/br\/wp-json\/wp\/v2\/posts\/2557\/revisions"}],"predecessor-version":[{"id":2558,"href":"https:\/\/lacerdaai.com\/br\/wp-json\/wp\/v2\/posts\/2557\/revisions\/2558"}],"wp:featuredmedia":[{"embeddable":true,"href":"https:\/\/lacerdaai.com\/br\/wp-json\/wp\/v2\/media\/2556"}],"wp:attachment":[{"href":"https:\/\/lacerdaai.com\/br\/wp-json\/wp\/v2\/media?parent=2557"}],"wp:term":[{"taxonomy":"category","embeddable":true,"href":"https:\/\/lacerdaai.com\/br\/wp-json\/wp\/v2\/categories?post=2557"},{"taxonomy":"post_tag","embeddable":true,"href":"https:\/\/lacerdaai.com\/br\/wp-json\/wp\/v2\/tags?post=2557"}],"curies":[{"name":"wp","href":"https:\/\/api.w.org\/{rel}","templated":true}]}}