{"id":2560,"date":"2025-11-29T20:42:50","date_gmt":"2025-11-29T23:42:50","guid":{"rendered":"https:\/\/lacerdaai.com\/br\/a-tempestade-perfeita-da-ia-funcionarios-da-amazon-se-unem-contra-o-ritmo-acelerado-da-inteligencia-artificial\/"},"modified":"2025-11-29T20:42:51","modified_gmt":"2025-11-29T23:42:51","slug":"a-tempestade-perfeita-da-ia-funcionarios-da-amazon-se-unem-contra-o-ritmo-acelerado-da-inteligencia-artificial","status":"publish","type":"post","link":"https:\/\/lacerdaai.com\/br\/a-tempestade-perfeita-da-ia-funcionarios-da-amazon-se-unem-contra-o-ritmo-acelerado-da-inteligencia-artificial\/","title":{"rendered":"A Tempestade Perfeita da IA: Funcion\u00e1rios da Amazon se Unem Contra o Ritmo Acelerado da Intelig\u00eancia Artificial"},"content":{"rendered":"<p>A velocidade com que a intelig\u00eancia artificial (IA) est\u00e1 se infiltrando em todos os setores da nossa vida e, mais notavelmente, no mundo corporativo, \u00e9 estonteante. Em meio a esse turbilh\u00e3o de inova\u00e7\u00e3o, uma carta aberta assinada por mais de mil funcion\u00e1rios da Amazon ao CEO Andy Jassy ecoou como um alerta, um grito de preocupa\u00e7\u00e3o sobre o ritmo acelerado da IA. A mensagem \u00e9 clara: enquanto a empresa expande exponencialmente o uso da IA em seus fluxos de trabalho e opera\u00e7\u00f5es, demiss\u00f5es massivas foram anunciadas, criando um clima de incerteza e apreens\u00e3o. Mas o que realmente est\u00e1 em jogo quando a **intelig\u00eancia artificial no trabalho** avan\u00e7a em &#8216;velocidade de dobra&#8217;, como sugerem os trabalhadores? Este artigo mergulha nas profundezas dessa quest\u00e3o, explorando o cen\u00e1rio da Amazon como um microcosmo de um desafio global muito maior, discutindo os dilemas \u00e9ticos, os impactos econ\u00f4micos e o futuro da colabora\u00e7\u00e3o entre humanos e m\u00e1quinas.<\/p>\n<p>### O Alarme da Amazon: Quando a **Intelig\u00eancia Artificial no Trabalho** Gera Tens\u00e3o<\/p>\n<p>A not\u00edcia que sacudiu o mundo corporativo veio diretamente da Amazon, uma das gigantes que mais investe e experimenta com IA. Mais de mil de seus pr\u00f3prios funcion\u00e1rios se uniram para expressar suas apreens\u00f5es em uma carta direcionada ao CEO Andy Jassy. O cerne da quest\u00e3o \u00e9 um paradoxo preocupante: enquanto a empresa anunciava um n\u00famero significativo de demiss\u00f5es em diversas \u00e1reas, simultaneamente, acelerava a implementa\u00e7\u00e3o de sistemas de intelig\u00eancia artificial em suas opera\u00e7\u00f5es internas e externas. Essa dicotomia levantou uma bandeira vermelha: estariam os algoritmos substituindo seres humanos em um ritmo alarmante? As preocupa\u00e7\u00f5es dos trabalhadores n\u00e3o se limitam apenas \u00e0 seguran\u00e7a de seus empregos. Eles temem um futuro onde a tomada de decis\u00f5es seja cada vez mais delegada a sistemas aut\u00f4nomos, sem o discernimento, a empatia ou a complexidade moral que a mente humana oferece. H\u00e1 tamb\u00e9m o receio de que a automa\u00e7\u00e3o impulsionada pela IA leve a um aumento na vigil\u00e2ncia e no controle sobre o desempenho humano, transformando o ambiente de trabalho em uma m\u00e1quina otimizada, mas desumanizada.<\/p>\n<p>\u00c9 importante notar que a Amazon n\u00e3o est\u00e1 isolada nesse cen\u00e1rio. Gigantes da tecnologia e empresas de diversos setores est\u00e3o investindo pesado em IA, de chatbots de atendimento ao cliente a sistemas de otimiza\u00e7\u00e3o de log\u00edstica e gest\u00e3o de equipes. A promessa \u00e9 de efici\u00eancia sem precedentes, redu\u00e7\u00e3o de custos e inova\u00e7\u00e3o cont\u00ednua. Contudo, a carta dos funcion\u00e1rios da Amazon serve como um lembrete cr\u00edtico de que, por tr\u00e1s das m\u00e9tricas de desempenho e dos avan\u00e7os tecnol\u00f3gicos, existem vidas humanas, empregos e comunidades que s\u00e3o diretamente afetados. A hist\u00f3ria da tecnologia \u00e9 repleta de exemplos de inova\u00e7\u00f5es que transformaram radicalmente o mercado de trabalho, desde a revolu\u00e7\u00e3o industrial at\u00e9 a era da computa\u00e7\u00e3o. Cada onda trouxe consigo a promessa de progresso, mas tamb\u00e9m a amea\u00e7a de deslocamento. A diferen\u00e7a, agora, \u00e9 a velocidade e a abrang\u00eancia da IA, que tem a capacidade de automatizar tarefas cognitivas antes consideradas exclusivas dos seres humanos. Isso nos for\u00e7a a questionar n\u00e3o apenas o &#8216;se&#8217;, mas o &#8216;como&#8217; e o &#8216;para quem&#8217; a **intelig\u00eancia artificial no trabalho** ser\u00e1 desenvolvida e implementada.<\/p>\n<p>### Automa\u00e7\u00e3o Acelerada: O Dilema Entre Efici\u00eancia e Empregos na Era da IA<\/p>\n<p>A corrida pela automa\u00e7\u00e3o est\u00e1 a todo vapor, impulsionada por avan\u00e7os em aprendizado de m\u00e1quina, vis\u00e3o computacional e processamento de linguagem natural. Empresas buscam na IA n\u00e3o apenas uma forma de cortar custos, mas de otimizar processos, personalizar experi\u00eancias de clientes e escalar opera\u00e7\u00f5es de maneira que seria imposs\u00edvel com a for\u00e7a de trabalho exclusivamente humana. Varejistas, como a pr\u00f3pria Amazon, utilizam IA para gerenciar estoques, otimizar rotas de entrega e at\u00e9 mesmo prever o que os clientes desejam antes mesmo que eles saibam. No setor de servi\u00e7os, chatbots baseados em IA j\u00e1 assumem parte do atendimento ao cliente, e assistentes virtuais automatizam tarefas administrativas repetitivas. F\u00e1bricas inteligentes, por sua vez, empregam rob\u00f4s e sistemas aut\u00f4nomos para aumentar a produ\u00e7\u00e3o e a seguran\u00e7a. A expectativa \u00e9 que, em um futuro n\u00e3o t\u00e3o distante, a IA possa assumir uma gama ainda maior de fun\u00e7\u00f5es, desde a an\u00e1lise de dados complexos at\u00e9 a cria\u00e7\u00e3o de conte\u00fado e a resolu\u00e7\u00e3o de problemas sofisticados.<\/p>\n<p>No entanto, essa busca incessante por efici\u00eancia levanta s\u00e9rias quest\u00f5es sobre o futuro do emprego. Estudos de institui\u00e7\u00f5es como o F\u00f3rum Econ\u00f4mico Mundial e a McKinsey Global Institute preveem que milh\u00f5es de empregos ser\u00e3o automatizados nas pr\u00f3ximas d\u00e9cadas, enquanto outros milh\u00f5es ser\u00e3o criados. A grande quest\u00e3o \u00e9 se os empregos criados ser\u00e3o acess\u00edveis e se a for\u00e7a de trabalho existente ter\u00e1 as habilidades necess\u00e1rias para preench\u00ea-los. A natureza da automa\u00e7\u00e3o da IA \u00e9 diferente da das ondas tecnol\u00f3gicas anteriores. Historicamente, a tecnologia tendia a automatizar tarefas repetitivas e f\u00edsicas. A IA moderna, por\u00e9m, pode automatizar tarefas cognitivas, desde a escrita de c\u00f3digo at\u00e9 o diagn\u00f3stico m\u00e9dico, desafiando a no\u00e7\u00e3o de que apenas os trabalhos manuais est\u00e3o em risco. Este cen\u00e1rio exige uma reflex\u00e3o profunda sobre como as sociedades e as empresas podem gerenciar essa transi\u00e7\u00e3o, garantindo que o progresso tecnol\u00f3gico beneficie a todos, e n\u00e3o apenas uma elite tecnol\u00f3gica.<\/p>\n<p>O dilema \u00e9 evidente: como equilibrar a ineg\u00e1vel capacidade da IA de impulsionar a inova\u00e7\u00e3o e o crescimento econ\u00f4mico com a necessidade de proteger e valorizar a for\u00e7a de trabalho humana? A resposta n\u00e3o \u00e9 simples e provavelmente reside em uma abordagem multifacetada. Isso inclui o investimento maci\u00e7o em programas de requalifica\u00e7\u00e3o e aperfei\u00e7oamento profissional, a cria\u00e7\u00e3o de novas estruturas de prote\u00e7\u00e3o social (como a renda b\u00e1sica universal, frequentemente debatida) e, talvez o mais importante, o desenvolvimento \u00e9tico e respons\u00e1vel da IA. \u00c9 fundamental que as empresas e os formuladores de pol\u00edticas considerem n\u00e3o apenas o retorno financeiro da IA, mas tamb\u00e9m seu impacto social e humano a longo prazo. A **intelig\u00eancia artificial no trabalho** n\u00e3o precisa ser uma for\u00e7a puramente disruptiva; ela pode ser uma ferramenta de capacita\u00e7\u00e3o se implementada com prop\u00f3sito e com uma vis\u00e3o centrada no ser humano.<\/p>\n<p>### Navegando o Futuro: Estrat\u00e9gias para um Mercado de Trabalho H\u00edbrido e Humano-Centrado<\/p>\n<p>Diante dos desafios e oportunidades que a intelig\u00eancia artificial apresenta, o caminho a seguir n\u00e3o \u00e9 o de resistir \u00e0 tecnologia, mas sim o de mold\u00e1-la e adapt\u00e1-la para servir aos interesses da humanidade. A cria\u00e7\u00e3o de um mercado de trabalho h\u00edbrido, onde humanos e IA colaboram de forma sin\u00e9rgica, parece ser a dire\u00e7\u00e3o mais promissora. Em vez de focar apenas na substitui\u00e7\u00e3o, devemos explorar a &#8216;aumenta\u00e7\u00e3o&#8217; \u2013 ou seja, como a IA pode aprimorar as capacidades humanas, liberando as pessoas para se concentrarem em tarefas que exigem criatividade, pensamento cr\u00edtico, intelig\u00eancia emocional e julgamento \u00e9tico, qualidades que a IA, por mais avan\u00e7ada que seja, ainda luta para replicar.<\/p>\n<p>Para isso, s\u00e3o necess\u00e1rias estrat\u00e9gias claras. Primeiro, a educa\u00e7\u00e3o e a requalifica\u00e7\u00e3o cont\u00ednua tornam-se imperativas. Governos, empresas e institui\u00e7\u00f5es de ensino precisam colaborar para oferecer programas de treinamento que equipem os trabalhadores com as habilidades digitais e &#8216;humanas&#8217; do futuro. Isso inclui n\u00e3o apenas profici\u00eancia em tecnologia, mas tamb\u00e9m habilidades socioemocionais, como adaptabilidade, colabora\u00e7\u00e3o e resolu\u00e7\u00e3o de problemas complexos. Em segundo lugar, as empresas t\u00eam um papel crucial. Elas devem adotar uma abordagem \u00e9tica para a implementa\u00e7\u00e3o da IA, garantindo transpar\u00eancia sobre como a tecnologia est\u00e1 sendo usada e estabelecendo salvaguardas contra preconceitos algor\u00edtmicos e pr\u00e1ticas de vigil\u00e2ncia excessivas. Al\u00e9m disso, a prioridade deve ser o bem-estar dos funcion\u00e1rios, buscando solu\u00e7\u00f5es de IA que complementem, em vez de eliminar, a contribui\u00e7\u00e3o humana.<\/p>\n<p>Por fim, \u00e9 fundamental que haja um di\u00e1logo cont\u00ednuo entre todos os stakeholders: trabalhadores, empresas, sindicatos, governos e a academia. A **intelig\u00eancia artificial no trabalho** n\u00e3o \u00e9 apenas uma quest\u00e3o tecnol\u00f3gica; \u00e9 uma quest\u00e3o social, econ\u00f4mica e \u00e9tica que exige uma abordagem colaborativa. Regulamenta\u00e7\u00f5es e pol\u00edticas p\u00fablicas podem ser necess\u00e1rias para garantir uma transi\u00e7\u00e3o justa, proteger os direitos dos trabalhadores e incentivar o desenvolvimento de IA que seja equitativa e ben\u00e9fica para a sociedade como um todo. A hist\u00f3ria nos ensina que, com planejamento e empatia, \u00e9 poss\u00edvel transformar os desafios tecnol\u00f3gicos em oportunidades para um futuro mais pr\u00f3spero e equitativo.<\/p>\n<p>### Conclus\u00e3o: Construindo um Futuro Inteligente, Juntos<\/p>\n<p>A carta aberta dos funcion\u00e1rios da Amazon \u00e9 um lembrete potente de que a revolu\u00e7\u00e3o da intelig\u00eancia artificial n\u00e3o \u00e9 apenas sobre algoritmos e c\u00f3digos; \u00e9 fundamentalmente sobre pessoas. O r\u00e1pido avan\u00e7o da IA no ambiente de trabalho levanta quest\u00f5es complexas sobre seguran\u00e7a de emprego, \u00e9tica, equidade e o pr\u00f3prio significado do trabalho humano. \u00c9 um chamado para que a sociedade, as empresas e os formuladores de pol\u00edticas reflitam criticamente sobre a dire\u00e7\u00e3o que estamos tomando e garantam que o progresso tecnol\u00f3gico esteja alinhado com nossos valores humanos e sociais mais profundos.<\/p>\n<p>O futuro da **intelig\u00eancia artificial no trabalho** n\u00e3o precisa ser uma distopia de desemprego e desumaniza\u00e7\u00e3o. Com colabora\u00e7\u00e3o, investimento em educa\u00e7\u00e3o, \u00e9tica robusta e pol\u00edticas pensadas, podemos construir um ecossistema onde a IA serve como uma ferramenta poderosa para aumentar as capacidades humanas, criar novas oportunidades e liberar nosso potencial criativo. O desafio \u00e9 grande, mas a oportunidade de moldar um futuro onde a tecnologia e a humanidade prosperam lado a lado \u00e9 ainda maior. \u00c9 hora de agir com responsabilidade e vis\u00e3o, transformando o alarme da Amazon em um catalisador para um di\u00e1logo construtivo e um futuro de trabalho mais inteligente e, acima de tudo, mais humano.<\/p>\n","protected":false},"excerpt":{"rendered":"<p>A velocidade com que a intelig\u00eancia artificial (IA) est\u00e1 se infiltrando em todos os setores da nossa vida e, mais notavelmente, no mundo corporativo, \u00e9 estonteante. Em meio a esse turbilh\u00e3o de inova\u00e7\u00e3o, uma carta aberta assinada por mais de mil funcion\u00e1rios da Amazon ao CEO Andy Jassy ecoou como um alerta, um grito de [&hellip;]<\/p>\n","protected":false},"author":1,"featured_media":2559,"comment_status":"open","ping_status":"open","sticky":false,"template":"","format":"standard","meta":{"_yoast_wpseo_focuskw":"intelig\u00eancia artificial no trabalho","_yoast_wpseo_metadesc":"Mais de 1.000 funcion\u00e1rios da Amazon assinam carta aberta ao CEO, Andy Jassy, questionando o ritmo acelerado da IA em meio a demiss\u00f5es. Descubra o impacto da intelig\u00eancia artificial no trabalho e os dilemas \u00e9ticos por tr\u00e1s da automa\u00e7\u00e3o.","footnotes":""},"categories":[2],"tags":[],"class_list":["post-2560","post","type-post","status-publish","format-standard","has-post-thumbnail","hentry","category-novidades"],"yoast_head":"<!-- This site is optimized with the Yoast SEO plugin v25.6 - https:\/\/yoast.com\/wordpress\/plugins\/seo\/ -->\n<title>A Tempestade Perfeita da IA: Funcion\u00e1rios da Amazon se Unem Contra o Ritmo Acelerado da Intelig\u00eancia Artificial - Lacerda AI<\/title>\n<meta name=\"description\" content=\"Mais de 1.000 funcion\u00e1rios da Amazon assinam carta aberta ao CEO, Andy Jassy, questionando o ritmo acelerado da IA em meio a demiss\u00f5es. Descubra o impacto da intelig\u00eancia artificial no trabalho e os dilemas \u00e9ticos por tr\u00e1s da automa\u00e7\u00e3o.\" \/>\n<meta name=\"robots\" content=\"index, follow, max-snippet:-1, max-image-preview:large, max-video-preview:-1\" \/>\n<link rel=\"canonical\" href=\"https:\/\/lacerdaai.com\/br\/a-tempestade-perfeita-da-ia-funcionarios-da-amazon-se-unem-contra-o-ritmo-acelerado-da-inteligencia-artificial\/\" \/>\n<meta property=\"og:locale\" content=\"pt_BR\" \/>\n<meta property=\"og:type\" content=\"article\" \/>\n<meta property=\"og:title\" content=\"A Tempestade Perfeita da IA: Funcion\u00e1rios da Amazon se Unem Contra o Ritmo Acelerado da Intelig\u00eancia Artificial - Lacerda AI\" \/>\n<meta property=\"og:description\" content=\"Mais de 1.000 funcion\u00e1rios da Amazon assinam carta aberta ao CEO, Andy Jassy, questionando o ritmo acelerado da IA em meio a demiss\u00f5es. Descubra o impacto da intelig\u00eancia artificial no trabalho e os dilemas \u00e9ticos por tr\u00e1s da automa\u00e7\u00e3o.\" \/>\n<meta property=\"og:url\" content=\"https:\/\/lacerdaai.com\/br\/a-tempestade-perfeita-da-ia-funcionarios-da-amazon-se-unem-contra-o-ritmo-acelerado-da-inteligencia-artificial\/\" \/>\n<meta property=\"og:site_name\" content=\"Lacerda AI\" \/>\n<meta property=\"article:published_time\" content=\"2025-11-29T23:42:50+00:00\" \/>\n<meta property=\"article:modified_time\" content=\"2025-11-29T23:42:51+00:00\" \/>\n<meta name=\"author\" content=\"Andr\u00e9 Lacerda\" \/>\n<meta name=\"twitter:card\" content=\"summary_large_image\" \/>\n<meta name=\"twitter:label1\" content=\"Escrito por\" \/>\n\t<meta name=\"twitter:data1\" content=\"Andr\u00e9 Lacerda\" \/>\n\t<meta name=\"twitter:label2\" content=\"Est. tempo de leitura\" \/>\n\t<meta name=\"twitter:data2\" content=\"9 minutos\" \/>\n<script type=\"application\/ld+json\" class=\"yoast-schema-graph\">{\"@context\":\"https:\/\/schema.org\",\"@graph\":[{\"@type\":\"WebPage\",\"@id\":\"https:\/\/lacerdaai.com\/br\/a-tempestade-perfeita-da-ia-funcionarios-da-amazon-se-unem-contra-o-ritmo-acelerado-da-inteligencia-artificial\/\",\"url\":\"https:\/\/lacerdaai.com\/br\/a-tempestade-perfeita-da-ia-funcionarios-da-amazon-se-unem-contra-o-ritmo-acelerado-da-inteligencia-artificial\/\",\"name\":\"A Tempestade Perfeita da IA: Funcion\u00e1rios da Amazon se Unem Contra o Ritmo Acelerado da Intelig\u00eancia Artificial - Lacerda AI\",\"isPartOf\":{\"@id\":\"https:\/\/lacerdaai.com\/br\/#website\"},\"primaryImageOfPage\":{\"@id\":\"https:\/\/lacerdaai.com\/br\/a-tempestade-perfeita-da-ia-funcionarios-da-amazon-se-unem-contra-o-ritmo-acelerado-da-inteligencia-artificial\/#primaryimage\"},\"image\":{\"@id\":\"https:\/\/lacerdaai.com\/br\/a-tempestade-perfeita-da-ia-funcionarios-da-amazon-se-unem-contra-o-ritmo-acelerado-da-inteligencia-artificial\/#primaryimage\"},\"thumbnailUrl\":\"https:\/\/lacerdaai.com\/br\/wp-content\/uploads\/2025\/11\/imagem-144.jpg\",\"datePublished\":\"2025-11-29T23:42:50+00:00\",\"dateModified\":\"2025-11-29T23:42:51+00:00\",\"author\":{\"@id\":\"https:\/\/lacerdaai.com\/br\/#\/schema\/person\/8bad803c2e83a0c5c5c75e02a1c2248f\"},\"description\":\"Mais de 1.000 funcion\u00e1rios da Amazon assinam carta aberta ao CEO, Andy Jassy, questionando o ritmo acelerado da IA em meio a demiss\u00f5es. Descubra o impacto da intelig\u00eancia artificial no trabalho e os dilemas \u00e9ticos por tr\u00e1s da automa\u00e7\u00e3o.\",\"breadcrumb\":{\"@id\":\"https:\/\/lacerdaai.com\/br\/a-tempestade-perfeita-da-ia-funcionarios-da-amazon-se-unem-contra-o-ritmo-acelerado-da-inteligencia-artificial\/#breadcrumb\"},\"inLanguage\":\"pt-BR\",\"potentialAction\":[{\"@type\":\"ReadAction\",\"target\":[\"https:\/\/lacerdaai.com\/br\/a-tempestade-perfeita-da-ia-funcionarios-da-amazon-se-unem-contra-o-ritmo-acelerado-da-inteligencia-artificial\/\"]}]},{\"@type\":\"ImageObject\",\"inLanguage\":\"pt-BR\",\"@id\":\"https:\/\/lacerdaai.com\/br\/a-tempestade-perfeita-da-ia-funcionarios-da-amazon-se-unem-contra-o-ritmo-acelerado-da-inteligencia-artificial\/#primaryimage\",\"url\":\"https:\/\/lacerdaai.com\/br\/wp-content\/uploads\/2025\/11\/imagem-144.jpg\",\"contentUrl\":\"https:\/\/lacerdaai.com\/br\/wp-content\/uploads\/2025\/11\/imagem-144.jpg\",\"width\":1200,\"height\":675},{\"@type\":\"BreadcrumbList\",\"@id\":\"https:\/\/lacerdaai.com\/br\/a-tempestade-perfeita-da-ia-funcionarios-da-amazon-se-unem-contra-o-ritmo-acelerado-da-inteligencia-artificial\/#breadcrumb\",\"itemListElement\":[{\"@type\":\"ListItem\",\"position\":1,\"name\":\"In\u00edcio\",\"item\":\"https:\/\/lacerdaai.com\/br\/\"},{\"@type\":\"ListItem\",\"position\":2,\"name\":\"A Tempestade Perfeita da IA: Funcion\u00e1rios da Amazon se Unem Contra o Ritmo Acelerado da Intelig\u00eancia Artificial\"}]},{\"@type\":\"WebSite\",\"@id\":\"https:\/\/lacerdaai.com\/br\/#website\",\"url\":\"https:\/\/lacerdaai.com\/br\/\",\"name\":\"Lacerda AI\",\"description\":\"Seu blog di\u00e1rio de novidades do mundo da Inteligencia Artificial\",\"potentialAction\":[{\"@type\":\"SearchAction\",\"target\":{\"@type\":\"EntryPoint\",\"urlTemplate\":\"https:\/\/lacerdaai.com\/br\/?s={search_term_string}\"},\"query-input\":{\"@type\":\"PropertyValueSpecification\",\"valueRequired\":true,\"valueName\":\"search_term_string\"}}],\"inLanguage\":\"pt-BR\"},{\"@type\":\"Person\",\"@id\":\"https:\/\/lacerdaai.com\/br\/#\/schema\/person\/8bad803c2e83a0c5c5c75e02a1c2248f\",\"name\":\"Andr\u00e9 Lacerda\",\"image\":{\"@type\":\"ImageObject\",\"inLanguage\":\"pt-BR\",\"@id\":\"https:\/\/lacerdaai.com\/br\/#\/schema\/person\/image\/\",\"url\":\"https:\/\/secure.gravatar.com\/avatar\/f5c1fa5ad9763f54c1f223c3fc91f131da6288c9f9e28d74bb3c355ad99af205?s=96&d=mm&r=g\",\"contentUrl\":\"https:\/\/secure.gravatar.com\/avatar\/f5c1fa5ad9763f54c1f223c3fc91f131da6288c9f9e28d74bb3c355ad99af205?s=96&d=mm&r=g\",\"caption\":\"Andr\u00e9 Lacerda\"},\"description\":\"Sou o Andr\u00e9 Lacerda, tenho 35 anos e sou apaixonado por tecnologia, intelig\u00eancia artificial e boas hist\u00f3rias. Me formei em Tecnologia e Jornalismo \u2014 sim, uma mistura meio improv\u00e1vel, mas que combina muito comigo. J\u00e1 morei no Canad\u00e1 e na Espanha, e essas experi\u00eancias me ajudaram a enxergar a inova\u00e7\u00e3o com um olhar mais global (e a me virar bem em tr\u00eas idiomas \ud83d\ude04). Trabalhei em algumas das maiores empresas de tecnologia do mercado e, hoje, atuo como consultor ajudando neg\u00f3cios a entenderem e aplicarem IA de forma pr\u00e1tica, estrat\u00e9gica e humana. Gosto de traduzir o complexo em algo simples \u2014 e \u00e9 isso que voc\u00ea vai encontrar por aqui.\",\"sameAs\":[\"http:\/\/lacerdaai.com\/br\"],\"url\":\"https:\/\/lacerdaai.com\/br\/author\/red-admin\/\"}]}<\/script>\n<!-- \/ Yoast SEO plugin. -->","yoast_head_json":{"title":"A Tempestade Perfeita da IA: Funcion\u00e1rios da Amazon se Unem Contra o Ritmo Acelerado da Intelig\u00eancia Artificial - Lacerda AI","description":"Mais de 1.000 funcion\u00e1rios da Amazon assinam carta aberta ao CEO, Andy Jassy, questionando o ritmo acelerado da IA em meio a demiss\u00f5es. Descubra o impacto da intelig\u00eancia artificial no trabalho e os dilemas \u00e9ticos por tr\u00e1s da automa\u00e7\u00e3o.","robots":{"index":"index","follow":"follow","max-snippet":"max-snippet:-1","max-image-preview":"max-image-preview:large","max-video-preview":"max-video-preview:-1"},"canonical":"https:\/\/lacerdaai.com\/br\/a-tempestade-perfeita-da-ia-funcionarios-da-amazon-se-unem-contra-o-ritmo-acelerado-da-inteligencia-artificial\/","og_locale":"pt_BR","og_type":"article","og_title":"A Tempestade Perfeita da IA: Funcion\u00e1rios da Amazon se Unem Contra o Ritmo Acelerado da Intelig\u00eancia Artificial - Lacerda AI","og_description":"Mais de 1.000 funcion\u00e1rios da Amazon assinam carta aberta ao CEO, Andy Jassy, questionando o ritmo acelerado da IA em meio a demiss\u00f5es. Descubra o impacto da intelig\u00eancia artificial no trabalho e os dilemas \u00e9ticos por tr\u00e1s da automa\u00e7\u00e3o.","og_url":"https:\/\/lacerdaai.com\/br\/a-tempestade-perfeita-da-ia-funcionarios-da-amazon-se-unem-contra-o-ritmo-acelerado-da-inteligencia-artificial\/","og_site_name":"Lacerda AI","article_published_time":"2025-11-29T23:42:50+00:00","article_modified_time":"2025-11-29T23:42:51+00:00","author":"Andr\u00e9 Lacerda","twitter_card":"summary_large_image","twitter_misc":{"Escrito por":"Andr\u00e9 Lacerda","Est. tempo de leitura":"9 minutos"},"schema":{"@context":"https:\/\/schema.org","@graph":[{"@type":"WebPage","@id":"https:\/\/lacerdaai.com\/br\/a-tempestade-perfeita-da-ia-funcionarios-da-amazon-se-unem-contra-o-ritmo-acelerado-da-inteligencia-artificial\/","url":"https:\/\/lacerdaai.com\/br\/a-tempestade-perfeita-da-ia-funcionarios-da-amazon-se-unem-contra-o-ritmo-acelerado-da-inteligencia-artificial\/","name":"A Tempestade Perfeita da IA: Funcion\u00e1rios da Amazon se Unem Contra o Ritmo Acelerado da Intelig\u00eancia Artificial - Lacerda AI","isPartOf":{"@id":"https:\/\/lacerdaai.com\/br\/#website"},"primaryImageOfPage":{"@id":"https:\/\/lacerdaai.com\/br\/a-tempestade-perfeita-da-ia-funcionarios-da-amazon-se-unem-contra-o-ritmo-acelerado-da-inteligencia-artificial\/#primaryimage"},"image":{"@id":"https:\/\/lacerdaai.com\/br\/a-tempestade-perfeita-da-ia-funcionarios-da-amazon-se-unem-contra-o-ritmo-acelerado-da-inteligencia-artificial\/#primaryimage"},"thumbnailUrl":"https:\/\/lacerdaai.com\/br\/wp-content\/uploads\/2025\/11\/imagem-144.jpg","datePublished":"2025-11-29T23:42:50+00:00","dateModified":"2025-11-29T23:42:51+00:00","author":{"@id":"https:\/\/lacerdaai.com\/br\/#\/schema\/person\/8bad803c2e83a0c5c5c75e02a1c2248f"},"description":"Mais de 1.000 funcion\u00e1rios da Amazon assinam carta aberta ao CEO, Andy Jassy, questionando o ritmo acelerado da IA em meio a demiss\u00f5es. Descubra o impacto da intelig\u00eancia artificial no trabalho e os dilemas \u00e9ticos por tr\u00e1s da automa\u00e7\u00e3o.","breadcrumb":{"@id":"https:\/\/lacerdaai.com\/br\/a-tempestade-perfeita-da-ia-funcionarios-da-amazon-se-unem-contra-o-ritmo-acelerado-da-inteligencia-artificial\/#breadcrumb"},"inLanguage":"pt-BR","potentialAction":[{"@type":"ReadAction","target":["https:\/\/lacerdaai.com\/br\/a-tempestade-perfeita-da-ia-funcionarios-da-amazon-se-unem-contra-o-ritmo-acelerado-da-inteligencia-artificial\/"]}]},{"@type":"ImageObject","inLanguage":"pt-BR","@id":"https:\/\/lacerdaai.com\/br\/a-tempestade-perfeita-da-ia-funcionarios-da-amazon-se-unem-contra-o-ritmo-acelerado-da-inteligencia-artificial\/#primaryimage","url":"https:\/\/lacerdaai.com\/br\/wp-content\/uploads\/2025\/11\/imagem-144.jpg","contentUrl":"https:\/\/lacerdaai.com\/br\/wp-content\/uploads\/2025\/11\/imagem-144.jpg","width":1200,"height":675},{"@type":"BreadcrumbList","@id":"https:\/\/lacerdaai.com\/br\/a-tempestade-perfeita-da-ia-funcionarios-da-amazon-se-unem-contra-o-ritmo-acelerado-da-inteligencia-artificial\/#breadcrumb","itemListElement":[{"@type":"ListItem","position":1,"name":"In\u00edcio","item":"https:\/\/lacerdaai.com\/br\/"},{"@type":"ListItem","position":2,"name":"A Tempestade Perfeita da IA: Funcion\u00e1rios da Amazon se Unem Contra o Ritmo Acelerado da Intelig\u00eancia Artificial"}]},{"@type":"WebSite","@id":"https:\/\/lacerdaai.com\/br\/#website","url":"https:\/\/lacerdaai.com\/br\/","name":"Lacerda AI","description":"Seu blog di\u00e1rio de novidades do mundo da Inteligencia Artificial","potentialAction":[{"@type":"SearchAction","target":{"@type":"EntryPoint","urlTemplate":"https:\/\/lacerdaai.com\/br\/?s={search_term_string}"},"query-input":{"@type":"PropertyValueSpecification","valueRequired":true,"valueName":"search_term_string"}}],"inLanguage":"pt-BR"},{"@type":"Person","@id":"https:\/\/lacerdaai.com\/br\/#\/schema\/person\/8bad803c2e83a0c5c5c75e02a1c2248f","name":"Andr\u00e9 Lacerda","image":{"@type":"ImageObject","inLanguage":"pt-BR","@id":"https:\/\/lacerdaai.com\/br\/#\/schema\/person\/image\/","url":"https:\/\/secure.gravatar.com\/avatar\/f5c1fa5ad9763f54c1f223c3fc91f131da6288c9f9e28d74bb3c355ad99af205?s=96&d=mm&r=g","contentUrl":"https:\/\/secure.gravatar.com\/avatar\/f5c1fa5ad9763f54c1f223c3fc91f131da6288c9f9e28d74bb3c355ad99af205?s=96&d=mm&r=g","caption":"Andr\u00e9 Lacerda"},"description":"Sou o Andr\u00e9 Lacerda, tenho 35 anos e sou apaixonado por tecnologia, intelig\u00eancia artificial e boas hist\u00f3rias. Me formei em Tecnologia e Jornalismo \u2014 sim, uma mistura meio improv\u00e1vel, mas que combina muito comigo. J\u00e1 morei no Canad\u00e1 e na Espanha, e essas experi\u00eancias me ajudaram a enxergar a inova\u00e7\u00e3o com um olhar mais global (e a me virar bem em tr\u00eas idiomas \ud83d\ude04). Trabalhei em algumas das maiores empresas de tecnologia do mercado e, hoje, atuo como consultor ajudando neg\u00f3cios a entenderem e aplicarem IA de forma pr\u00e1tica, estrat\u00e9gica e humana. Gosto de traduzir o complexo em algo simples \u2014 e \u00e9 isso que voc\u00ea vai encontrar por aqui.","sameAs":["http:\/\/lacerdaai.com\/br"],"url":"https:\/\/lacerdaai.com\/br\/author\/red-admin\/"}]}},"_links":{"self":[{"href":"https:\/\/lacerdaai.com\/br\/wp-json\/wp\/v2\/posts\/2560","targetHints":{"allow":["GET"]}}],"collection":[{"href":"https:\/\/lacerdaai.com\/br\/wp-json\/wp\/v2\/posts"}],"about":[{"href":"https:\/\/lacerdaai.com\/br\/wp-json\/wp\/v2\/types\/post"}],"author":[{"embeddable":true,"href":"https:\/\/lacerdaai.com\/br\/wp-json\/wp\/v2\/users\/1"}],"replies":[{"embeddable":true,"href":"https:\/\/lacerdaai.com\/br\/wp-json\/wp\/v2\/comments?post=2560"}],"version-history":[{"count":1,"href":"https:\/\/lacerdaai.com\/br\/wp-json\/wp\/v2\/posts\/2560\/revisions"}],"predecessor-version":[{"id":2561,"href":"https:\/\/lacerdaai.com\/br\/wp-json\/wp\/v2\/posts\/2560\/revisions\/2561"}],"wp:featuredmedia":[{"embeddable":true,"href":"https:\/\/lacerdaai.com\/br\/wp-json\/wp\/v2\/media\/2559"}],"wp:attachment":[{"href":"https:\/\/lacerdaai.com\/br\/wp-json\/wp\/v2\/media?parent=2560"}],"wp:term":[{"taxonomy":"category","embeddable":true,"href":"https:\/\/lacerdaai.com\/br\/wp-json\/wp\/v2\/categories?post=2560"},{"taxonomy":"post_tag","embeddable":true,"href":"https:\/\/lacerdaai.com\/br\/wp-json\/wp\/v2\/tags?post=2560"}],"curies":[{"name":"wp","href":"https:\/\/api.w.org\/{rel}","templated":true}]}}