{"id":2602,"date":"2025-12-02T12:42:46","date_gmt":"2025-12-02T15:42:46","guid":{"rendered":"https:\/\/lacerdaai.com\/br\/crise-ou-oportunidade-a-saida-do-chefe-de-ia-da-apple-e-os-desafios-da-gigante-na-era-da-inteligencia-artificial\/"},"modified":"2025-12-02T12:42:47","modified_gmt":"2025-12-02T15:42:47","slug":"crise-ou-oportunidade-a-saida-do-chefe-de-ia-da-apple-e-os-desafios-da-gigante-na-era-da-inteligencia-artificial","status":"publish","type":"post","link":"https:\/\/lacerdaai.com\/br\/crise-ou-oportunidade-a-saida-do-chefe-de-ia-da-apple-e-os-desafios-da-gigante-na-era-da-inteligencia-artificial\/","title":{"rendered":"Crise ou Oportunidade? A Sa\u00edda do Chefe de IA da Apple e os Desafios da Gigante na Era da Intelig\u00eancia Artificial"},"content":{"rendered":"<p>A intelig\u00eancia artificial (IA) n\u00e3o \u00e9 mais uma mera promessa futurista; ela se tornou o motor invis\u00edvel que impulsiona a inova\u00e7\u00e3o, molda ind\u00fastrias e redefine a nossa intera\u00e7\u00e3o com o mundo digital. De assistentes virtuais a carros aut\u00f4nomos, passando por ferramentas de cria\u00e7\u00e3o de conte\u00fado e diagn\u00f3sticos m\u00e9dicos, a IA est\u00e1 em toda parte, e sua evolu\u00e7\u00e3o \u00e9 vertiginosa. Neste cen\u00e1rio de transforma\u00e7\u00e3o acelerada, a Apple, uma das empresas mais valiosas e influentes do planeta, encontra-se sob os holofotes, n\u00e3o apenas por seus lan\u00e7amentos ic\u00f4nicos, mas tamb\u00e9m por um movimento que levantou sobrancelhas e gerou discuss\u00f5es acaloradas no universo da tecnologia: a sa\u00edda abrupta de um de seus principais l\u00edderes na \u00e1rea de IA.<\/p>\n<p>A not\u00edcia, que pegou muitos de surpresa, veio acompanhada da percep\u00e7\u00e3o de que a gigante de Cupertino tem enfrentado dificuldades para manter o ritmo na corrida da inova\u00e7\u00e3o em intelig\u00eancia artificial, especialmente quando comparada a rivais que t\u00eam demonstrado avan\u00e7os impressionantes e r\u00e1pidos. Como a segunda maior empresa p\u00fablica do mundo, a Apple n\u00e3o est\u00e1 acostumada a ser vista como uma retardat\u00e1ria. Pelo contr\u00e1rio, sua hist\u00f3ria \u00e9 repleta de momentos em que n\u00e3o apenas inovou, mas tamb\u00e9m ditou tend\u00eancias e redefiniu categorias de produtos. Mas, ser\u00e1 que o mesmo poder de lideran\u00e7a se manifesta na arena da IA generativa e dos grandes modelos de linguagem que dominam as manchetes hoje?<\/p>\n<p>Este artigo mergulha fundo nas implica\u00e7\u00f5es dessa mudan\u00e7a de lideran\u00e7a, explora a posi\u00e7\u00e3o atual da Apple no cen\u00e1rio da intelig\u00eancia artificial e analisa os desafios e oportunidades que se apresentam para a empresa. Mais do que apenas uma not\u00edcia pontual, a sa\u00edda de um executivo de alto escal\u00e3o na \u00e1rea de IA pode ser um catalisador para uma reavalia\u00e7\u00e3o profunda da <strong>Estrat\u00e9gia de IA da Apple<\/strong>, com potencial para redefinir seu futuro na paisagem tecnol\u00f3gica.<\/p>\n<h3><strong>Estrat\u00e9gia de IA da Apple<\/strong>: Navegando Pelas Ondas da Inova\u00e7\u00e3o e os Desafios Atuais<\/h3>\n<p>A sa\u00edda de figuras-chave, como foi o caso do renomado pesquisador Ian Goodfellow, que deixou a Apple em maio de 2022 devido a preocupa\u00e7\u00f5es com a pol\u00edtica de trabalho h\u00edbrido da empresa, serve como um microcosmo dos desafios mais amplos que a gigante enfrenta em sua <strong>Estrat\u00e9gia de IA da Apple<\/strong>. Goodfellow, conhecido como o &#8216;pai&#8217; das Redes Generativas Adversariais (GANs), era uma mente brilhante cujo impacto no campo da IA \u00e9 ineg\u00e1vel. Sua partida n\u00e3o foi a \u00fanica, mas simboliza a dificuldade que a Apple tem tido em reter e atrair os melhores talentos em IA, um campo extremamente competitivo.<\/p>\n<p>Tradicionalmente, a abordagem da Apple em intelig\u00eancia artificial tem sido marcada por uma integra\u00e7\u00e3o profunda com seu hardware e um foco inabal\u00e1vel na privacidade do usu\u00e1rio. Recursos como a Siri, o Neural Engine nos chips A e M, e a capacidade de processamento on-device (diretamente no aparelho, sem depender da nuvem) s\u00e3o provas do compromisso da empresa com uma IA que n\u00e3o apenas funciona, mas tamb\u00e9m protege os dados dos usu\u00e1rios. O Neural Engine, por exemplo, \u00e9 um componente dedicado em seus processadores que acelera tarefas de aprendizado de m\u00e1quina, permitindo que funcionalidades como reconhecimento facial, fotografia computacional e ditado por voz funcionem de forma eficiente e segura, sem que os dados precisem sair do dispositivo.<\/p>\n<p>No entanto, enquanto essa abordagem rendeu frutos em termos de desempenho e seguran\u00e7a, ela tamb\u00e9m pode ter criado uma barreira para a Apple competir no fren\u00e9tico ritmo da IA generativa. Modelos como ChatGPT, da OpenAI, e Gemini, do Google, demandam volumes maci\u00e7os de dados e poder computacional em nuvem para treinamento e opera\u00e7\u00e3o, algo que contrasta com a filosofia da Apple de processamento on-device. A natureza fechada e secreta do desenvolvimento de produtos da Apple, embora ben\u00e9fica para a surpresa de lan\u00e7amentos, pode ter dificultado a colabora\u00e7\u00e3o aberta e a r\u00e1pida itera\u00e7\u00e3o que caracterizam o desenvolvimento de grandes modelos de IA na comunidade global de pesquisa.<\/p>\n<p>Analistas de mercado e observadores da ind\u00fastria tecnol\u00f3gica t\u00eam apontado que, embora a Apple use IA extensivamente em seus produtos \u2013 desde a otimiza\u00e7\u00e3o de bateria at\u00e9 a fotografia computacional avan\u00e7ada \u2013 ela n\u00e3o tem tido um \u201cmomento de virada\u201d p\u00fablico no campo da IA generativa, algo que seus concorrentes t\u00eam exibido com frequ\u00eancia. A percep\u00e7\u00e3o de estar &#8216;lutando para competir&#8217; n\u00e3o se refere \u00e0 aus\u00eancia de IA nos produtos da Apple, mas sim \u00e0 falta de uma demonstra\u00e7\u00e3o impactante ou de uma plataforma inovadora de IA que capture a imagina\u00e7\u00e3o do p\u00fablico da mesma forma que o iPhone ou o iPad fizeram em suas respectivas eras. A <strong>Estrat\u00e9gia de IA da Apple<\/strong> precisa encontrar um novo f\u00f4lego para manter sua reputa\u00e7\u00e3o de inovadora.<\/p>\n<h3>O Campo de Batalha da IA: Onde Apple Encontra Seus Gigantes Advers\u00e1rios<\/h3>\n<p>A corrida da intelig\u00eancia artificial \u00e9 um verdadeiro campo de batalha, e os advers\u00e1rios da Apple s\u00e3o pot\u00eancias tecnol\u00f3gicas com vastos recursos e uma abordagem agressiva na pesquisa e desenvolvimento de IA. Cada um deles traz uma perspectiva \u00fanica para a mesa, moldando o cen\u00e1rio competitivo de maneiras diferentes.<\/p>\n<p>*   **OpenAI e Microsoft:** A parceria entre a OpenAI, criadora do ChatGPT e DALL-E, e a Microsoft revolucionou o espa\u00e7o da IA generativa. O investimento bilion\u00e1rio da Microsoft na OpenAI e a integra\u00e7\u00e3o de tecnologias como o GPT em seus produtos (Bing, Office 365, Azure) demonstram uma estrat\u00e9gia de IA agressiva e de r\u00e1pida implementa\u00e7\u00e3o. A capacidade do ChatGPT de gerar textos coerentes e contextualmente relevantes, ou do DALL-E de criar imagens a partir de descri\u00e7\u00f5es textuais, estabeleceu um novo padr\u00e3o para o que a IA pode fazer, catapultando essas empresas para a vanguarda da percep\u00e7\u00e3o p\u00fablica em IA.<\/p>\n<p>*   **Google:** Com uma hist\u00f3ria rica em pesquisa de IA e gigantes como DeepMind sob seu guarda-chuva, o Google possui alguns dos talentos mais brilhantes e a infraestrutura mais robusta para IA. Seus modelos, como LaMDA e PaLM, e mais recentemente o Gemini, s\u00e3o extremamente poderosos, e a empresa tem trabalhado para integr\u00e1-los em seus produtos e servi\u00e7os, como o buscador, o Google Assistente e a su\u00edte de aplicativos Workspace. A vasta quantidade de dados que o Google processa diariamente \u00e9 uma vantagem inestim\u00e1vel para treinar e refinar seus modelos de IA.<\/p>\n<p>*   **Meta:** Embora tenha enfrentado cr\u00edticas em outras \u00e1reas, a Meta, empresa-m\u00e3e do Facebook, Instagram e WhatsApp, tem investido pesadamente em IA, especialmente em pesquisa de modelos de linguagem e vis\u00e3o computacional. Com o lan\u00e7amento do Llama 2 como um modelo de c\u00f3digo aberto, a Meta demonstrou um compromisso com a democratiza\u00e7\u00e3o da IA, o que pode acelerar a inova\u00e7\u00e3o em todo o ecossistema. Seus esfor\u00e7os em IA tamb\u00e9m s\u00e3o cruciais para o desenvolvimento do metaverso, a pr\u00f3xima grande aposta da empresa.<\/p>\n<p>*   **Amazon:** A Amazon, com sua Alexa e o robusto ecossistema AWS (Amazon Web Services), tem uma presen\u00e7a consolidada em IA, especialmente em IA de voz e servi\u00e7os de nuvem. Seus servi\u00e7os de IA na nuvem permitem que milhares de empresas construam e escalem suas pr\u00f3prias aplica\u00e7\u00f5es de IA. A integra\u00e7\u00e3o da IA em sua vasta rede de e-commerce e log\u00edstica tamb\u00e9m \u00e9 um testemunho do poder pr\u00e1tico da intelig\u00eancia artificial.<\/p>\n<p>Diante desses gigantes, a <strong>Estrat\u00e9gia de IA da Apple<\/strong> parece, para alguns, mais contida ou menos exuberante. A empresa geralmente prefere refinar e integrar tecnologias de forma impec\u00e1vel em seus produtos existentes, em vez de lan\u00e7ar projetos de IA \u201cstand-alone\u201d que possam parecer experimentos. A privacidade, um pilar fundamental da marca Apple, \u00e9 uma faca de dois gumes: por um lado, diferencia a empresa em um mercado onde a privacidade \u00e9 uma preocupa\u00e7\u00e3o crescente; por outro, pode limitar a escala e o tipo de dados que podem ser usados para treinar modelos de IA, especialmente aqueles que operam em escala de nuvem. Encontrar o equil\u00edbrio entre privacidade rigorosa e o poder da IA generativa em grande escala \u00e9 um dos maiores desafios para a Apple.<\/p>\n<h3>Olhando para o Futuro: Como a Apple Pode Redefinir Sua Narrativa em IA<\/h3>\n<p>Diante do cen\u00e1rio competitivo e da press\u00e3o por inova\u00e7\u00e3o, a Apple est\u00e1 em uma encruzilhada. A sa\u00edda de um l\u00edder de IA, embora preocupante, pode ser o gatilho para uma necess\u00e1ria reavalia\u00e7\u00e3o e um novo direcionamento da <strong>Estrat\u00e9gia de IA da Apple<\/strong>. A empresa possui recursos financeiros, talentos de engenharia e uma base de usu\u00e1rios leal que s\u00e3o invej\u00e1veis, e pode alavancar essas vantagens de maneiras \u00fanicas para redefinir sua narrativa em intelig\u00eancia artificial.<\/p>\n<p>Uma das estrat\u00e9gias mais prov\u00e1veis \u00e9 que a Apple continue a aprofundar seu foco na **IA on-device e na privacidade**. Em um mundo onde as preocupa\u00e7\u00f5es com a seguran\u00e7a e a privacidade dos dados est\u00e3o em alta, a capacidade de processar informa\u00e7\u00f5es sens\u00edveis diretamente no iPhone, iPad ou Mac, sem envi\u00e1-las para a nuvem, pode ser um diferencial competitivo insuper\u00e1vel. Isso significa desenvolver algoritmos ainda mais eficientes e chips neurais mais potentes que possam executar tarefas complexas de IA localmente, oferecendo velocidade, seguran\u00e7a e personaliza\u00e7\u00e3o sem precedentes.<\/p>\n<p>Al\u00e9m disso, a Apple pode **integrar IA generativa de forma mais sutil, mas poderosa, em seus produtos existentes**. Imagine uma Siri verdadeiramente conversacional e contextualmente consciente, capaz de realizar m\u00faltiplas tarefas complexas em aplicativos como Pages, Keynote e Xcode. Ferramentas de IA para edi\u00e7\u00e3o de v\u00eddeo no Final Cut Pro, melhorias autom\u00e1ticas de fotos no Fotos, ou sugest\u00f5es de c\u00f3digo inteligentes para desenvolvedores no Xcode, todas alimentadas por modelos de IA avan\u00e7ados, poderiam revolucionar a experi\u00eancia do usu\u00e1rio sem a necessidade de um produto &#8220;IA&#8221; expl\u00edcito.<\/p>\n<p>Aquisi\u00e7\u00f5es estrat\u00e9gicas de startups de IA inovadoras tamb\u00e9m s\u00e3o uma possibilidade. A Apple tem um hist\u00f3rico de comprar empresas menores com tecnologias-chave e integr\u00e1-las em seu ecossistema. Isso poderia ser uma forma eficaz de adquirir talentos de ponta e propriedade intelectual rapidamente, sem ter que construir tudo do zero internamente. Uma nova lideran\u00e7a, com uma vis\u00e3o clara e audaciosa para a IA, poderia ser fundamental para guiar esses esfor\u00e7os, inspirando equipes e atraindo novos talentos.<\/p>\n<p>N\u00e3o devemos esquecer o potencial da **IA em \u00e1reas espec\u00edficas onde a Apple j\u00e1 tem forte presen\u00e7a**. Sa\u00fade e bem-estar (Apple Watch, HealthKit), acessibilidade (recursos para pessoas com defici\u00eancia) e, claro, realidade aumentada (Vision Pro) s\u00e3o campos f\u00e9rteis para a aplica\u00e7\u00e3o de IA avan\u00e7ada. A IA poderia tornar esses produtos ainda mais inteligentes, personalizados e capazes de impactar positivamente a vida dos usu\u00e1rios de maneiras significativas. A integra\u00e7\u00e3o perfeita entre hardware e software, uma marca registrada da Apple, \u00e9 uma vantagem ineg\u00e1vel nesse contexto.<\/p>\n<p>A Apple tem um hist\u00f3rico de entrar em mercados estabelecidos com uma abordagem tardia, mas com uma execu\u00e7\u00e3o impec\u00e1vel, redefinindo o que \u00e9 poss\u00edvel (pense no iPod no mercado de MP3, ou no iPhone nos smartphones). A revolu\u00e7\u00e3o da IA \u00e9 complexa, e pode ser que a Apple esteja, mais uma vez, jogando o \u201clong game\u201d, observando, aprendendo e preparando sua pr\u00f3pria vers\u00e3o magistral da intelig\u00eancia artificial. A quest\u00e3o n\u00e3o \u00e9 se a Apple ter\u00e1 IA, mas sim como ela a apresentar\u00e1 ao mundo e qual ser\u00e1 o seu diferencial.<\/p>\n<h3>Conclus\u00e3o<\/h3>\n<p>A sa\u00edda de um l\u00edder de IA de alto perfil na Apple n\u00e3o \u00e9 apenas uma nota de rodap\u00e9 no notici\u00e1rio corporativo; ela simboliza os enormes desafios e as imensas expectativas que pairam sobre a gigante de Cupertino na era da intelig\u00eancia artificial. A percep\u00e7\u00e3o de que a Apple est\u00e1 &#8220;lutando para competir&#8221; n\u00e3o diminui o uso extensivo de IA em seus produtos atuais, mas reflete a corrida implac\u00e1vel e a constante necessidade de inova\u00e7\u00e3o disruptiva que caracterizam o cen\u00e1rio tecnol\u00f3gico atual. A **Estrat\u00e9gia de IA da Apple** precisa de clareza, aud\u00e1cia e uma execu\u00e7\u00e3o impec\u00e1vel para se destacar.<\/p>\n<p>O futuro da Apple na IA \u00e9 uma tela em branco cheia de possibilidades. Com seus recursos inigual\u00e1veis, sua base de talentos e sua cultura de inova\u00e7\u00e3o focada no usu\u00e1rio e na privacidade, a empresa tem todo o potencial para n\u00e3o apenas alcan\u00e7ar, mas tamb\u00e9m redefinir as fronteiras da intelig\u00eancia artificial. Os olhos do mundo da tecnologia est\u00e3o voltados para Cupertino, aguardando para ver se a Apple conseguir\u00e1, mais uma vez, surpreender e liderar a pr\u00f3xima grande onda de inova\u00e7\u00e3o em IA, transformando o desafio atual em uma oportunidade sem precedentes.<\/p>\n","protected":false},"excerpt":{"rendered":"<p>A intelig\u00eancia artificial (IA) n\u00e3o \u00e9 mais uma mera promessa futurista; ela se tornou o motor invis\u00edvel que impulsiona a inova\u00e7\u00e3o, molda ind\u00fastrias e redefine a nossa intera\u00e7\u00e3o com o mundo digital. De assistentes virtuais a carros aut\u00f4nomos, passando por ferramentas de cria\u00e7\u00e3o de conte\u00fado e diagn\u00f3sticos m\u00e9dicos, a IA est\u00e1 em toda parte, e [&hellip;]<\/p>\n","protected":false},"author":1,"featured_media":2601,"comment_status":"open","ping_status":"open","sticky":false,"template":"","format":"standard","meta":{"_yoast_wpseo_focuskw":"Estrat\u00e9gia de IA da Apple","_yoast_wpseo_metadesc":"Aprofunde-se na sa\u00edda inesperada do chefe de IA da Apple e explore os desafios que a gigante enfrenta para competir na revolu\u00e7\u00e3o da intelig\u00eancia artificial. An\u00e1lise completa do cen\u00e1rio, impactos e o futuro da inova\u00e7\u00e3o em Cupertino.","footnotes":""},"categories":[2],"tags":[],"class_list":["post-2602","post","type-post","status-publish","format-standard","has-post-thumbnail","hentry","category-novidades"],"yoast_head":"<!-- This site is optimized with the Yoast SEO plugin v25.6 - https:\/\/yoast.com\/wordpress\/plugins\/seo\/ -->\n<title>Crise ou Oportunidade? A Sa\u00edda do Chefe de IA da Apple e os Desafios da Gigante na Era da Intelig\u00eancia Artificial - Lacerda AI<\/title>\n<meta name=\"description\" content=\"Aprofunde-se na sa\u00edda inesperada do chefe de IA da Apple e explore os desafios que a gigante enfrenta para competir na revolu\u00e7\u00e3o da intelig\u00eancia artificial. An\u00e1lise completa do cen\u00e1rio, impactos e o futuro da inova\u00e7\u00e3o em Cupertino.\" \/>\n<meta name=\"robots\" content=\"index, follow, max-snippet:-1, max-image-preview:large, max-video-preview:-1\" \/>\n<link rel=\"canonical\" href=\"https:\/\/lacerdaai.com\/br\/crise-ou-oportunidade-a-saida-do-chefe-de-ia-da-apple-e-os-desafios-da-gigante-na-era-da-inteligencia-artificial\/\" \/>\n<meta property=\"og:locale\" content=\"pt_BR\" \/>\n<meta property=\"og:type\" content=\"article\" \/>\n<meta property=\"og:title\" content=\"Crise ou Oportunidade? A Sa\u00edda do Chefe de IA da Apple e os Desafios da Gigante na Era da Intelig\u00eancia Artificial - Lacerda AI\" \/>\n<meta property=\"og:description\" content=\"Aprofunde-se na sa\u00edda inesperada do chefe de IA da Apple e explore os desafios que a gigante enfrenta para competir na revolu\u00e7\u00e3o da intelig\u00eancia artificial. An\u00e1lise completa do cen\u00e1rio, impactos e o futuro da inova\u00e7\u00e3o em Cupertino.\" \/>\n<meta property=\"og:url\" content=\"https:\/\/lacerdaai.com\/br\/crise-ou-oportunidade-a-saida-do-chefe-de-ia-da-apple-e-os-desafios-da-gigante-na-era-da-inteligencia-artificial\/\" \/>\n<meta property=\"og:site_name\" content=\"Lacerda AI\" \/>\n<meta property=\"article:published_time\" content=\"2025-12-02T15:42:46+00:00\" \/>\n<meta property=\"article:modified_time\" content=\"2025-12-02T15:42:47+00:00\" \/>\n<meta name=\"author\" content=\"Andr\u00e9 Lacerda\" \/>\n<meta name=\"twitter:card\" content=\"summary_large_image\" \/>\n<meta name=\"twitter:label1\" content=\"Escrito por\" \/>\n\t<meta name=\"twitter:data1\" content=\"Andr\u00e9 Lacerda\" \/>\n\t<meta name=\"twitter:label2\" content=\"Est. tempo de leitura\" \/>\n\t<meta name=\"twitter:data2\" content=\"11 minutos\" \/>\n<script type=\"application\/ld+json\" class=\"yoast-schema-graph\">{\"@context\":\"https:\/\/schema.org\",\"@graph\":[{\"@type\":\"WebPage\",\"@id\":\"https:\/\/lacerdaai.com\/br\/crise-ou-oportunidade-a-saida-do-chefe-de-ia-da-apple-e-os-desafios-da-gigante-na-era-da-inteligencia-artificial\/\",\"url\":\"https:\/\/lacerdaai.com\/br\/crise-ou-oportunidade-a-saida-do-chefe-de-ia-da-apple-e-os-desafios-da-gigante-na-era-da-inteligencia-artificial\/\",\"name\":\"Crise ou Oportunidade? A Sa\u00edda do Chefe de IA da Apple e os Desafios da Gigante na Era da Intelig\u00eancia Artificial - Lacerda AI\",\"isPartOf\":{\"@id\":\"https:\/\/lacerdaai.com\/br\/#website\"},\"primaryImageOfPage\":{\"@id\":\"https:\/\/lacerdaai.com\/br\/crise-ou-oportunidade-a-saida-do-chefe-de-ia-da-apple-e-os-desafios-da-gigante-na-era-da-inteligencia-artificial\/#primaryimage\"},\"image\":{\"@id\":\"https:\/\/lacerdaai.com\/br\/crise-ou-oportunidade-a-saida-do-chefe-de-ia-da-apple-e-os-desafios-da-gigante-na-era-da-inteligencia-artificial\/#primaryimage\"},\"thumbnailUrl\":\"https:\/\/lacerdaai.com\/br\/wp-content\/uploads\/2025\/12\/imagem-6.jpg\",\"datePublished\":\"2025-12-02T15:42:46+00:00\",\"dateModified\":\"2025-12-02T15:42:47+00:00\",\"author\":{\"@id\":\"https:\/\/lacerdaai.com\/br\/#\/schema\/person\/8bad803c2e83a0c5c5c75e02a1c2248f\"},\"description\":\"Aprofunde-se na sa\u00edda inesperada do chefe de IA da Apple e explore os desafios que a gigante enfrenta para competir na revolu\u00e7\u00e3o da intelig\u00eancia artificial. An\u00e1lise completa do cen\u00e1rio, impactos e o futuro da inova\u00e7\u00e3o em Cupertino.\",\"breadcrumb\":{\"@id\":\"https:\/\/lacerdaai.com\/br\/crise-ou-oportunidade-a-saida-do-chefe-de-ia-da-apple-e-os-desafios-da-gigante-na-era-da-inteligencia-artificial\/#breadcrumb\"},\"inLanguage\":\"pt-BR\",\"potentialAction\":[{\"@type\":\"ReadAction\",\"target\":[\"https:\/\/lacerdaai.com\/br\/crise-ou-oportunidade-a-saida-do-chefe-de-ia-da-apple-e-os-desafios-da-gigante-na-era-da-inteligencia-artificial\/\"]}]},{\"@type\":\"ImageObject\",\"inLanguage\":\"pt-BR\",\"@id\":\"https:\/\/lacerdaai.com\/br\/crise-ou-oportunidade-a-saida-do-chefe-de-ia-da-apple-e-os-desafios-da-gigante-na-era-da-inteligencia-artificial\/#primaryimage\",\"url\":\"https:\/\/lacerdaai.com\/br\/wp-content\/uploads\/2025\/12\/imagem-6.jpg\",\"contentUrl\":\"https:\/\/lacerdaai.com\/br\/wp-content\/uploads\/2025\/12\/imagem-6.jpg\",\"width\":1024,\"height\":512},{\"@type\":\"BreadcrumbList\",\"@id\":\"https:\/\/lacerdaai.com\/br\/crise-ou-oportunidade-a-saida-do-chefe-de-ia-da-apple-e-os-desafios-da-gigante-na-era-da-inteligencia-artificial\/#breadcrumb\",\"itemListElement\":[{\"@type\":\"ListItem\",\"position\":1,\"name\":\"In\u00edcio\",\"item\":\"https:\/\/lacerdaai.com\/br\/\"},{\"@type\":\"ListItem\",\"position\":2,\"name\":\"Crise ou Oportunidade? A Sa\u00edda do Chefe de IA da Apple e os Desafios da Gigante na Era da Intelig\u00eancia Artificial\"}]},{\"@type\":\"WebSite\",\"@id\":\"https:\/\/lacerdaai.com\/br\/#website\",\"url\":\"https:\/\/lacerdaai.com\/br\/\",\"name\":\"Lacerda AI\",\"description\":\"Seu blog di\u00e1rio de novidades do mundo da Inteligencia Artificial\",\"potentialAction\":[{\"@type\":\"SearchAction\",\"target\":{\"@type\":\"EntryPoint\",\"urlTemplate\":\"https:\/\/lacerdaai.com\/br\/?s={search_term_string}\"},\"query-input\":{\"@type\":\"PropertyValueSpecification\",\"valueRequired\":true,\"valueName\":\"search_term_string\"}}],\"inLanguage\":\"pt-BR\"},{\"@type\":\"Person\",\"@id\":\"https:\/\/lacerdaai.com\/br\/#\/schema\/person\/8bad803c2e83a0c5c5c75e02a1c2248f\",\"name\":\"Andr\u00e9 Lacerda\",\"image\":{\"@type\":\"ImageObject\",\"inLanguage\":\"pt-BR\",\"@id\":\"https:\/\/lacerdaai.com\/br\/#\/schema\/person\/image\/\",\"url\":\"https:\/\/secure.gravatar.com\/avatar\/f5c1fa5ad9763f54c1f223c3fc91f131da6288c9f9e28d74bb3c355ad99af205?s=96&d=mm&r=g\",\"contentUrl\":\"https:\/\/secure.gravatar.com\/avatar\/f5c1fa5ad9763f54c1f223c3fc91f131da6288c9f9e28d74bb3c355ad99af205?s=96&d=mm&r=g\",\"caption\":\"Andr\u00e9 Lacerda\"},\"description\":\"Sou o Andr\u00e9 Lacerda, tenho 35 anos e sou apaixonado por tecnologia, intelig\u00eancia artificial e boas hist\u00f3rias. Me formei em Tecnologia e Jornalismo \u2014 sim, uma mistura meio improv\u00e1vel, mas que combina muito comigo. J\u00e1 morei no Canad\u00e1 e na Espanha, e essas experi\u00eancias me ajudaram a enxergar a inova\u00e7\u00e3o com um olhar mais global (e a me virar bem em tr\u00eas idiomas \ud83d\ude04). Trabalhei em algumas das maiores empresas de tecnologia do mercado e, hoje, atuo como consultor ajudando neg\u00f3cios a entenderem e aplicarem IA de forma pr\u00e1tica, estrat\u00e9gica e humana. Gosto de traduzir o complexo em algo simples \u2014 e \u00e9 isso que voc\u00ea vai encontrar por aqui.\",\"sameAs\":[\"http:\/\/lacerdaai.com\/br\"],\"url\":\"https:\/\/lacerdaai.com\/br\/author\/red-admin\/\"}]}<\/script>\n<!-- \/ Yoast SEO plugin. -->","yoast_head_json":{"title":"Crise ou Oportunidade? A Sa\u00edda do Chefe de IA da Apple e os Desafios da Gigante na Era da Intelig\u00eancia Artificial - Lacerda AI","description":"Aprofunde-se na sa\u00edda inesperada do chefe de IA da Apple e explore os desafios que a gigante enfrenta para competir na revolu\u00e7\u00e3o da intelig\u00eancia artificial. An\u00e1lise completa do cen\u00e1rio, impactos e o futuro da inova\u00e7\u00e3o em Cupertino.","robots":{"index":"index","follow":"follow","max-snippet":"max-snippet:-1","max-image-preview":"max-image-preview:large","max-video-preview":"max-video-preview:-1"},"canonical":"https:\/\/lacerdaai.com\/br\/crise-ou-oportunidade-a-saida-do-chefe-de-ia-da-apple-e-os-desafios-da-gigante-na-era-da-inteligencia-artificial\/","og_locale":"pt_BR","og_type":"article","og_title":"Crise ou Oportunidade? A Sa\u00edda do Chefe de IA da Apple e os Desafios da Gigante na Era da Intelig\u00eancia Artificial - Lacerda AI","og_description":"Aprofunde-se na sa\u00edda inesperada do chefe de IA da Apple e explore os desafios que a gigante enfrenta para competir na revolu\u00e7\u00e3o da intelig\u00eancia artificial. An\u00e1lise completa do cen\u00e1rio, impactos e o futuro da inova\u00e7\u00e3o em Cupertino.","og_url":"https:\/\/lacerdaai.com\/br\/crise-ou-oportunidade-a-saida-do-chefe-de-ia-da-apple-e-os-desafios-da-gigante-na-era-da-inteligencia-artificial\/","og_site_name":"Lacerda AI","article_published_time":"2025-12-02T15:42:46+00:00","article_modified_time":"2025-12-02T15:42:47+00:00","author":"Andr\u00e9 Lacerda","twitter_card":"summary_large_image","twitter_misc":{"Escrito por":"Andr\u00e9 Lacerda","Est. tempo de leitura":"11 minutos"},"schema":{"@context":"https:\/\/schema.org","@graph":[{"@type":"WebPage","@id":"https:\/\/lacerdaai.com\/br\/crise-ou-oportunidade-a-saida-do-chefe-de-ia-da-apple-e-os-desafios-da-gigante-na-era-da-inteligencia-artificial\/","url":"https:\/\/lacerdaai.com\/br\/crise-ou-oportunidade-a-saida-do-chefe-de-ia-da-apple-e-os-desafios-da-gigante-na-era-da-inteligencia-artificial\/","name":"Crise ou Oportunidade? A Sa\u00edda do Chefe de IA da Apple e os Desafios da Gigante na Era da Intelig\u00eancia Artificial - Lacerda AI","isPartOf":{"@id":"https:\/\/lacerdaai.com\/br\/#website"},"primaryImageOfPage":{"@id":"https:\/\/lacerdaai.com\/br\/crise-ou-oportunidade-a-saida-do-chefe-de-ia-da-apple-e-os-desafios-da-gigante-na-era-da-inteligencia-artificial\/#primaryimage"},"image":{"@id":"https:\/\/lacerdaai.com\/br\/crise-ou-oportunidade-a-saida-do-chefe-de-ia-da-apple-e-os-desafios-da-gigante-na-era-da-inteligencia-artificial\/#primaryimage"},"thumbnailUrl":"https:\/\/lacerdaai.com\/br\/wp-content\/uploads\/2025\/12\/imagem-6.jpg","datePublished":"2025-12-02T15:42:46+00:00","dateModified":"2025-12-02T15:42:47+00:00","author":{"@id":"https:\/\/lacerdaai.com\/br\/#\/schema\/person\/8bad803c2e83a0c5c5c75e02a1c2248f"},"description":"Aprofunde-se na sa\u00edda inesperada do chefe de IA da Apple e explore os desafios que a gigante enfrenta para competir na revolu\u00e7\u00e3o da intelig\u00eancia artificial. An\u00e1lise completa do cen\u00e1rio, impactos e o futuro da inova\u00e7\u00e3o em Cupertino.","breadcrumb":{"@id":"https:\/\/lacerdaai.com\/br\/crise-ou-oportunidade-a-saida-do-chefe-de-ia-da-apple-e-os-desafios-da-gigante-na-era-da-inteligencia-artificial\/#breadcrumb"},"inLanguage":"pt-BR","potentialAction":[{"@type":"ReadAction","target":["https:\/\/lacerdaai.com\/br\/crise-ou-oportunidade-a-saida-do-chefe-de-ia-da-apple-e-os-desafios-da-gigante-na-era-da-inteligencia-artificial\/"]}]},{"@type":"ImageObject","inLanguage":"pt-BR","@id":"https:\/\/lacerdaai.com\/br\/crise-ou-oportunidade-a-saida-do-chefe-de-ia-da-apple-e-os-desafios-da-gigante-na-era-da-inteligencia-artificial\/#primaryimage","url":"https:\/\/lacerdaai.com\/br\/wp-content\/uploads\/2025\/12\/imagem-6.jpg","contentUrl":"https:\/\/lacerdaai.com\/br\/wp-content\/uploads\/2025\/12\/imagem-6.jpg","width":1024,"height":512},{"@type":"BreadcrumbList","@id":"https:\/\/lacerdaai.com\/br\/crise-ou-oportunidade-a-saida-do-chefe-de-ia-da-apple-e-os-desafios-da-gigante-na-era-da-inteligencia-artificial\/#breadcrumb","itemListElement":[{"@type":"ListItem","position":1,"name":"In\u00edcio","item":"https:\/\/lacerdaai.com\/br\/"},{"@type":"ListItem","position":2,"name":"Crise ou Oportunidade? A Sa\u00edda do Chefe de IA da Apple e os Desafios da Gigante na Era da Intelig\u00eancia Artificial"}]},{"@type":"WebSite","@id":"https:\/\/lacerdaai.com\/br\/#website","url":"https:\/\/lacerdaai.com\/br\/","name":"Lacerda AI","description":"Seu blog di\u00e1rio de novidades do mundo da Inteligencia Artificial","potentialAction":[{"@type":"SearchAction","target":{"@type":"EntryPoint","urlTemplate":"https:\/\/lacerdaai.com\/br\/?s={search_term_string}"},"query-input":{"@type":"PropertyValueSpecification","valueRequired":true,"valueName":"search_term_string"}}],"inLanguage":"pt-BR"},{"@type":"Person","@id":"https:\/\/lacerdaai.com\/br\/#\/schema\/person\/8bad803c2e83a0c5c5c75e02a1c2248f","name":"Andr\u00e9 Lacerda","image":{"@type":"ImageObject","inLanguage":"pt-BR","@id":"https:\/\/lacerdaai.com\/br\/#\/schema\/person\/image\/","url":"https:\/\/secure.gravatar.com\/avatar\/f5c1fa5ad9763f54c1f223c3fc91f131da6288c9f9e28d74bb3c355ad99af205?s=96&d=mm&r=g","contentUrl":"https:\/\/secure.gravatar.com\/avatar\/f5c1fa5ad9763f54c1f223c3fc91f131da6288c9f9e28d74bb3c355ad99af205?s=96&d=mm&r=g","caption":"Andr\u00e9 Lacerda"},"description":"Sou o Andr\u00e9 Lacerda, tenho 35 anos e sou apaixonado por tecnologia, intelig\u00eancia artificial e boas hist\u00f3rias. Me formei em Tecnologia e Jornalismo \u2014 sim, uma mistura meio improv\u00e1vel, mas que combina muito comigo. J\u00e1 morei no Canad\u00e1 e na Espanha, e essas experi\u00eancias me ajudaram a enxergar a inova\u00e7\u00e3o com um olhar mais global (e a me virar bem em tr\u00eas idiomas \ud83d\ude04). Trabalhei em algumas das maiores empresas de tecnologia do mercado e, hoje, atuo como consultor ajudando neg\u00f3cios a entenderem e aplicarem IA de forma pr\u00e1tica, estrat\u00e9gica e humana. Gosto de traduzir o complexo em algo simples \u2014 e \u00e9 isso que voc\u00ea vai encontrar por aqui.","sameAs":["http:\/\/lacerdaai.com\/br"],"url":"https:\/\/lacerdaai.com\/br\/author\/red-admin\/"}]}},"_links":{"self":[{"href":"https:\/\/lacerdaai.com\/br\/wp-json\/wp\/v2\/posts\/2602","targetHints":{"allow":["GET"]}}],"collection":[{"href":"https:\/\/lacerdaai.com\/br\/wp-json\/wp\/v2\/posts"}],"about":[{"href":"https:\/\/lacerdaai.com\/br\/wp-json\/wp\/v2\/types\/post"}],"author":[{"embeddable":true,"href":"https:\/\/lacerdaai.com\/br\/wp-json\/wp\/v2\/users\/1"}],"replies":[{"embeddable":true,"href":"https:\/\/lacerdaai.com\/br\/wp-json\/wp\/v2\/comments?post=2602"}],"version-history":[{"count":1,"href":"https:\/\/lacerdaai.com\/br\/wp-json\/wp\/v2\/posts\/2602\/revisions"}],"predecessor-version":[{"id":2603,"href":"https:\/\/lacerdaai.com\/br\/wp-json\/wp\/v2\/posts\/2602\/revisions\/2603"}],"wp:featuredmedia":[{"embeddable":true,"href":"https:\/\/lacerdaai.com\/br\/wp-json\/wp\/v2\/media\/2601"}],"wp:attachment":[{"href":"https:\/\/lacerdaai.com\/br\/wp-json\/wp\/v2\/media?parent=2602"}],"wp:term":[{"taxonomy":"category","embeddable":true,"href":"https:\/\/lacerdaai.com\/br\/wp-json\/wp\/v2\/categories?post=2602"},{"taxonomy":"post_tag","embeddable":true,"href":"https:\/\/lacerdaai.com\/br\/wp-json\/wp\/v2\/tags?post=2602"}],"curies":[{"name":"wp","href":"https:\/\/api.w.org\/{rel}","templated":true}]}}