{"id":2647,"date":"2025-12-05T08:42:50","date_gmt":"2025-12-05T11:42:50","guid":{"rendered":"https:\/\/lacerdaai.com\/br\/o-enigmatico-desaparecimento-de-um-ativista-anti-ia-medos-realidades-e-o-futuro-da-superinteligencia\/"},"modified":"2025-12-05T08:42:51","modified_gmt":"2025-12-05T11:42:51","slug":"o-enigmatico-desaparecimento-de-um-ativista-anti-ia-medos-realidades-e-o-futuro-da-superinteligencia","status":"publish","type":"post","link":"https:\/\/lacerdaai.com\/br\/o-enigmatico-desaparecimento-de-um-ativista-anti-ia-medos-realidades-e-o-futuro-da-superinteligencia\/","title":{"rendered":"O Enigm\u00e1tico Desaparecimento de um Ativista Anti-IA: Medos, Realidades e o Futuro da Superintelig\u00eancia"},"content":{"rendered":"<p>No cora\u00e7\u00e3o de um mundo cada vez mais moldado pela Intelig\u00eancia Artificial, a not\u00edcia de um desaparecimento pode ecoar de maneiras inesperadas. Sam Kirchner, um nome que se tornou sin\u00f4nimo de alerta contra os riscos existenciais da superintelig\u00eancia artificial, sumiu sem deixar rastros h\u00e1 duas semanas. Um fervoroso cr\u00edtico do desenvolvimento descontrolado da IA, Kirchner dedicou sua vida a tentar salvar a humanidade do que ele via como uma amea\u00e7a iminente: m\u00e1quinas superinteligentes que poderiam superar e, em \u00faltima inst\u00e2ncia, dominar a intelig\u00eancia humana. Seu sumi\u00e7o n\u00e3o \u00e9 apenas um mist\u00e9rio jornal\u00edstico; ele joga uma luz intensa sobre os medos mais profundos e as esperan\u00e7as mais ambiciosas que a IA evoca em nossa sociedade.<\/p>\n<p>A era da Intelig\u00eancia Artificial Generativa, impulsionada por modelos de linguagem grandes (LLMs) como o GPT-4 e Gemini, nos catapultou para um futuro que at\u00e9 pouco tempo parecia fic\u00e7\u00e3o cient\u00edfica. De repente, m\u00e1quinas n\u00e3o apenas calculam, mas tamb\u00e9m criam, escrevem, comp\u00f5em e at\u00e9 simulam a compreens\u00e3o humana com uma precis\u00e3o assombrosa. Esse avan\u00e7o mete\u00f3rico, no entanto, vem acompanhado de um coro crescente de vozes, como a de Sam Kirchner, que questionam os limites \u00e9ticos e de seguran\u00e7a dessa corrida tecnol\u00f3gica. Seu desaparecimento for\u00e7ado levanta quest\u00f5es perturbadoras: \u00e9 uma estranha coincid\u00eancia, um aviso velado sobre os perigos que ele tanto pregava, ou h\u00e1 algo mais sombrio em jogo? Este artigo mergulha nas complexas camadas desse debate, explorando o papel dos ativistas, os m\u00faltiplos horizontes da IA e como podemos, como sociedade, navegar por esse futuro com responsabilidade e sabedoria.<\/p>\n<p>### O Papel do <strong>ativista anti-IA<\/strong> no Cen\u00e1rio Tecnol\u00f3gico Atual<\/p>\n<p>Sam Kirchner, embora agora uma figura de mist\u00e9rio, representa um segmento cada vez mais vocal e relevante da sociedade: os que advogam pela cautela e regula\u00e7\u00e3o rigorosa no desenvolvimento da Intelig\u00eancia Artificial. Um **ativista anti-IA** n\u00e3o \u00e9 necessariamente algu\u00e9m contra todo e qualquer avan\u00e7o tecnol\u00f3gico, mas sim algu\u00e9m profundamente preocupado com a possibilidade de uma Intelig\u00eancia Artificial Geral (AGI) se transformar em uma Superintelig\u00eancia Artificial (ASI) que, se n\u00e3o for devidamente alinhada com os valores e objetivos humanos, poderia representar um risco existencial para a nossa esp\u00e9cie. As preocupa\u00e7\u00f5es de Kirchner e de muitos outros se baseiam em conceitos como o \u201cproblema de alinhamento\u201d, que questiona como garantir que uma IA superinteligente atue de acordo com nossos interesses complexos e, por vezes, contradit\u00f3rios, em vez de seguir objetivos pr\u00f3prios que poderiam nos levar a um cen\u00e1rio indesej\u00e1vel.<\/p>\n<p>Historicamente, figuras proeminentes da tecnologia e da ci\u00eancia j\u00e1 expressaram receios semelhantes. O falecido f\u00edsico Stephen Hawking alertou que uma IA totalmente desenvolvida &#8220;poderia significar o fim da ra\u00e7a humana&#8221;. Elon Musk, fundador da Tesla e SpaceX, frequentemente compara o desenvolvimento de uma IA desregulada a &#8220;invocar o dem\u00f4nio&#8221;, defendendo a necessidade urgente de uma supervis\u00e3o regulat\u00f3ria. Yuval Noah Harari, historiador e fil\u00f3sofo, aponta para os perigos da IA em manipular emo\u00e7\u00f5es humanas e minar a democracia, destacando o potencial de controle social em larga escala. Essas vozes, somadas aos esfor\u00e7os de ativistas como Kirchner, buscam trazer para o debate p\u00fablico os riscos que v\u00e3o al\u00e9m da mera perda de empregos ou da cria\u00e7\u00e3o de *deepfakes* maliciosos. Eles falam sobre cen\u00e1rios onde uma IA superinteligente, mesmo que com boas inten\u00e7\u00f5es, poderia, por exemplo, desviar todos os recursos do planeta para cumprir um objetivo trivial para ela, mas catastr\u00f3fico para a humanidade.<\/p>\n<p>O movimento de seguran\u00e7a em IA, do qual ativistas como Kirchner fazem parte, trabalha incansavelmente para alertar sobre a diferen\u00e7a crucial entre a IA estreita (o que temos hoje, especializada em tarefas como reconhecimento facial ou tradu\u00e7\u00e3o) e a AGI\/ASI (uma intelig\u00eancia que pode realizar qualquer tarefa intelectual que um humano pode, e depois super\u00e1-lo em todas elas). A transi\u00e7\u00e3o de uma para outra \u00e9 o ponto de inflex\u00e3o de maior preocupa\u00e7\u00e3o. Organiza\u00e7\u00f5es como o *Future of Life Institute* e o *Center for AI Safety* s\u00e3o exemplos de entidades que, embora n\u00e3o necessariamente &#8220;anti-IA&#8221;, s\u00e3o &#8220;pr\u00f3-seguran\u00e7a da IA&#8221;, buscando mitigar os riscos existenciais atrav\u00e9s de pesquisa, pol\u00edticas e conscientiza\u00e7\u00e3o. O desaparecimento de Sam Kirchner, portanto, n\u00e3o \u00e9 apenas o sumi\u00e7o de um indiv\u00edduo; \u00e9 um s\u00edmbolo perturbador da intensidade e da urg\u00eancia que cercam esse debate vital sobre o futuro da nossa civiliza\u00e7\u00e3o.<\/p>\n<p>### Os M\u00faltiplos Horizontes da Intelig\u00eancia Artificial: Entre o Sonho e o Pesadelo<\/p>\n<p>Enquanto alguns veem a superintelig\u00eancia como uma amea\u00e7a existencial, \u00e9 ineg\u00e1vel que a Intelig\u00eancia Artificial, em suas formas atuais, j\u00e1 est\u00e1 redefinindo o progresso humano de maneiras extraordin\u00e1rias. A IA est\u00e1 na vanguarda de avan\u00e7os m\u00e9dicos, acelerando a descoberta de novos medicamentos e tratamentos personalizados, capazes de analisar volumes de dados gen\u00f4micos e cl\u00ednicos que levariam s\u00e9culos para serem processados por humanos. Na luta contra as mudan\u00e7as clim\u00e1ticas, algoritmos inteligentes otimizam redes de energia, preveem padr\u00f5es clim\u00e1ticos extremos e desenvolvem solu\u00e7\u00f5es mais eficientes para a energia renov\u00e1vel. A explora\u00e7\u00e3o espacial, a descoberta de materiais inovadores e a resolu\u00e7\u00e3o de complexos problemas cient\u00edficos tamb\u00e9m s\u00e3o campos onde a IA est\u00e1 demonstrando um potencial sem precedentes.<\/p>\n<p>Contudo, a mesma tecnologia que promete curar doen\u00e7as e salvar o planeta tamb\u00e9m levanta dilemas \u00e9ticos profundos. Quest\u00f5es sobre privacidade de dados, vi\u00e9s algor\u00edtmico, responsabilidade legal por decis\u00f5es aut\u00f4nomas e o impacto no mercado de trabalho s\u00e3o apenas a ponta do iceberg. Um sistema de IA treinado com dados enviesados pode perpetuar e at\u00e9 amplificar desigualdades sociais existentes, resultando em discrimina\u00e7\u00e3o em \u00e1reas como concess\u00e3o de cr\u00e9dito, contrata\u00e7\u00e3o de pessoal ou decis\u00f5es judiciais. A capacidade da IA de criar conte\u00fado indistingu\u00edvel da realidade humana levanta preocupa\u00e7\u00f5es sobre a desinforma\u00e7\u00e3o em massa e a eros\u00e3o da confian\u00e7a na verdade factual. Fil\u00f3sofos e cientistas questionam o que significa ser humano em um mundo onde a intelig\u00eancia artificial pode superar a cogni\u00e7\u00e3o humana em muitos aspectos. Qual \u00e9 o nosso prop\u00f3sito quando as m\u00e1quinas podem criar arte, compor m\u00fasica e at\u00e9 mesmo teorizar ci\u00eancia?<\/p>\n<p>O debate entre a vis\u00e3o ut\u00f3pica e dist\u00f3pica da IA \u00e9 t\u00e3o antigo quanto o pr\u00f3prio conceito. De um lado, imaginamos uma &#8220;singularidade&#8221; benevolente, onde a superintelig\u00eancia nos ajuda a resolver todos os problemas da humanidade, abrindo uma era de abund\u00e2ncia e explora\u00e7\u00e3o c\u00f3smica. De outro, o cen\u00e1rio dist\u00f3pico onde a IA, seja por um bug, um design falho ou a busca implac\u00e1vel por um objetivo mal-especificado, leva \u00e0 nossa obsolesc\u00eancia ou pior. O problema do alinhamento, ou seja, como garantir que uma IA avan\u00e7ada compartilhe e priorize os valores humanos, \u00e9 central aqui. N\u00e3o basta que a IA seja &#8220;inteligente&#8221;; ela precisa ser &#8220;s\u00e1bia&#8221; e &#8220;\u00e9tica&#8221; de uma forma que ainda estamos lutando para definir e codificar. \u00c9 crucial que, \u00e0 medida que constru\u00edmos essas ferramentas poderosas, tamb\u00e9m construamos as salvaguardas e os frameworks \u00e9ticos que garantir\u00e3o que elas sirvam \u00e0 humanidade, e n\u00e3o o contr\u00e1rio. \u00c9 nesse limiar que a figura de um **ativista anti-IA** como Sam Kirchner ganha relev\u00e2ncia, mesmo em seu sil\u00eancio.<\/p>\n<p>### Navegando o Futuro: Construindo a IA de Forma Respons\u00e1vel<\/p>\n<p>Diante do desaparecimento de Sam Kirchner e das crescentes preocupa\u00e7\u00f5es sobre a superintelig\u00eancia, a pergunta mais premente n\u00e3o \u00e9 se a IA vai avan\u00e7ar, mas como a humanidade vai garantir que esse avan\u00e7o seja respons\u00e1vel e ben\u00e9fico. A constru\u00e7\u00e3o de uma Intelig\u00eancia Artificial \u00e9tica e segura exige uma colabora\u00e7\u00e3o sem precedentes entre desenvolvedores de tecnologia, formuladores de pol\u00edticas p\u00fablicas, eticistas, cientistas sociais e a pr\u00f3pria sociedade civil. Iniciativas globais para estabelecer padr\u00f5es \u00e9ticos, como as diretrizes da Uni\u00e3o Europeia para uma IA confi\u00e1vel, e o estabelecimento de comit\u00eas de \u00e9tica em IA em grandes corpora\u00e7\u00f5es e governos, s\u00e3o passos essenciais, mas insuficientes.<\/p>\n<p>Precisamos de mais transpar\u00eancia nos algoritmos e nos dados de treinamento, promovendo a &#8220;IA explic\u00e1vel&#8221; (XAI), que permite entender como as m\u00e1quinas chegam \u00e0s suas decis\u00f5es. A ideia de &#8220;human-in-the-loop&#8221; \u2013 manter a supervis\u00e3o humana em decis\u00f5es cr\u00edticas tomadas por IA \u2013 deve ser uma prioridade, especialmente em sistemas aut\u00f4nomos com alto impacto. Al\u00e9m disso, a robustez e a seguran\u00e7a cibern\u00e9tica dos sistemas de IA s\u00e3o cruciais para prevenir manipula\u00e7\u00f5es e ataques. A comunidade de pesquisa em seguran\u00e7a de IA tem feito progressos significativos, mas o ritmo de desenvolvimento da pr\u00f3pria IA \u00e9 t\u00e3o r\u00e1pido que a corrida para garantir a seguran\u00e7a \u00e9 constante.<\/p>\n<p>A educa\u00e7\u00e3o p\u00fablica desempenha um papel fundamental. Entender o que a IA pode fazer e o que n\u00e3o pode, desmistificar o &#8220;hype&#8221; e os medos infundados, e engajar o cidad\u00e3o comum no debate sobre o futuro da tecnologia \u00e9 vital. A m\u00eddia, os educadores e os pr\u00f3prios criadores de IA t\u00eam a responsabilidade de comunicar de forma clara e acess\u00edvel os desafios e as oportunidades. Talvez o desaparecimento de Sam Kirchner, com toda a sua estranheza, sirva como um catalisador para essa conversa global, transformando um evento isolado em um lembrete v\u00edvido da necessidade de agir. Seu papel como um **ativista anti-IA** se solidifica ao nos for\u00e7ar a confrontar as realidades complexas e multifacetadas da nossa rela\u00e7\u00e3o com as m\u00e1quinas inteligentes que estamos criando.<\/p>\n<p>Em um cen\u00e1rio ideal, os ativistas como Kirchner e os desenvolvedores de IA n\u00e3o deveriam ser advers\u00e1rios, mas sim parceiros na constru\u00e7\u00e3o de um futuro seguro e pr\u00f3spero. A expertise t\u00e9cnica deve ser complementada por uma profunda compreens\u00e3o \u00e9tica e social. A governan\u00e7a da IA n\u00e3o pode ser apenas uma quest\u00e3o t\u00e9cnica; \u00e9 fundamentalmente uma quest\u00e3o humana que afeta todos os aspectos de nossa exist\u00eancia. \u00c9 um desafio que exige uma vis\u00e3o de longo prazo, colabora\u00e7\u00e3o internacional e um compromisso inabal\u00e1vel com os valores humanos.<\/p>\n<p>### Conclus\u00e3o: Um Chamado \u00e0 Vigil\u00e2ncia e \u00e0 Co-Cria\u00e7\u00e3o<\/p>\n<p>O desaparecimento de Sam Kirchner, o **ativista anti-IA** que dedicou sua vida a alertar sobre os perigos da superintelig\u00eancia, serve como uma met\u00e1fora potente para a encruzilhada em que nos encontramos. Ele nos lembra que, por tr\u00e1s do brilho e da inova\u00e7\u00e3o da Intelig\u00eancia Artificial, existem riscos reais e debates profundos que n\u00e3o podem ser ignorados. A tens\u00e3o entre o potencial transformador da IA para o bem e a sombra de poss\u00edveis cat\u00e1strofes exige nossa aten\u00e7\u00e3o coletiva. N\u00e3o podemos nos dar ao luxo de sermos meros espectadores na constru\u00e7\u00e3o do nosso pr\u00f3prio futuro tecnol\u00f3gico; devemos ser participantes ativos, modelando o caminho com \u00e9tica, responsabilidade e um senso de prop\u00f3sito compartilhado.<\/p>\n<p>Enquanto o mist\u00e9rio de Sam Kirchner permanece, sua aus\u00eancia ressoa como um alerta. \u00c9 um convite para que cada um de n\u00f3s reflita sobre o papel que queremos para a IA em nossas vidas e para a sociedade. A era da superintelig\u00eancia pode ainda ser um horizonte distante, mas as decis\u00f5es que tomamos hoje, sobre como pesquisamos, desenvolvemos e regulamos a IA, determinar\u00e3o se essa jornada nos levar\u00e1 a uma utopia de progresso ou a um pesadelo de consequ\u00eancias n\u00e3o intencionais. O futuro da Intelig\u00eancia Artificial n\u00e3o \u00e9 pr\u00e9-determinado; ele ser\u00e1 moldado por nossas escolhas, nossa vigil\u00e2ncia e nossa capacidade de co-criar um caminho que priorize a dignidade e o florescimento da humanidade.<\/p>\n","protected":false},"excerpt":{"rendered":"<p>No cora\u00e7\u00e3o de um mundo cada vez mais moldado pela Intelig\u00eancia Artificial, a not\u00edcia de um desaparecimento pode ecoar de maneiras inesperadas. Sam Kirchner, um nome que se tornou sin\u00f4nimo de alerta contra os riscos existenciais da superintelig\u00eancia artificial, sumiu sem deixar rastros h\u00e1 duas semanas. Um fervoroso cr\u00edtico do desenvolvimento descontrolado da IA, Kirchner [&hellip;]<\/p>\n","protected":false},"author":1,"featured_media":2646,"comment_status":"open","ping_status":"open","sticky":false,"template":"","format":"standard","meta":{"_yoast_wpseo_focuskw":"ativista anti-IA","_yoast_wpseo_metadesc":"Sam Kirchner, um proeminente **ativista anti-IA**, desapareceu misteriosamente. Explore as tens\u00f5es entre avan\u00e7o tecnol\u00f3gico e seguran\u00e7a, e os debates \u00e9ticos sobre a superintelig\u00eancia artificial em nosso artigo.","footnotes":""},"categories":[2],"tags":[],"class_list":["post-2647","post","type-post","status-publish","format-standard","has-post-thumbnail","hentry","category-novidades"],"yoast_head":"<!-- This site is optimized with the Yoast SEO plugin v25.6 - https:\/\/yoast.com\/wordpress\/plugins\/seo\/ -->\n<title>O Enigm\u00e1tico Desaparecimento de um Ativista Anti-IA: Medos, Realidades e o Futuro da Superintelig\u00eancia - Lacerda AI<\/title>\n<meta name=\"description\" content=\"Sam Kirchner, um proeminente **ativista anti-IA**, desapareceu misteriosamente. Explore as tens\u00f5es entre avan\u00e7o tecnol\u00f3gico e seguran\u00e7a, e os debates \u00e9ticos sobre a superintelig\u00eancia artificial em nosso artigo.\" \/>\n<meta name=\"robots\" content=\"index, follow, max-snippet:-1, max-image-preview:large, max-video-preview:-1\" \/>\n<link rel=\"canonical\" href=\"https:\/\/lacerdaai.com\/br\/o-enigmatico-desaparecimento-de-um-ativista-anti-ia-medos-realidades-e-o-futuro-da-superinteligencia\/\" \/>\n<meta property=\"og:locale\" content=\"pt_BR\" \/>\n<meta property=\"og:type\" content=\"article\" \/>\n<meta property=\"og:title\" content=\"O Enigm\u00e1tico Desaparecimento de um Ativista Anti-IA: Medos, Realidades e o Futuro da Superintelig\u00eancia - Lacerda AI\" \/>\n<meta property=\"og:description\" content=\"Sam Kirchner, um proeminente **ativista anti-IA**, desapareceu misteriosamente. Explore as tens\u00f5es entre avan\u00e7o tecnol\u00f3gico e seguran\u00e7a, e os debates \u00e9ticos sobre a superintelig\u00eancia artificial em nosso artigo.\" \/>\n<meta property=\"og:url\" content=\"https:\/\/lacerdaai.com\/br\/o-enigmatico-desaparecimento-de-um-ativista-anti-ia-medos-realidades-e-o-futuro-da-superinteligencia\/\" \/>\n<meta property=\"og:site_name\" content=\"Lacerda AI\" \/>\n<meta property=\"article:published_time\" content=\"2025-12-05T11:42:50+00:00\" \/>\n<meta property=\"article:modified_time\" content=\"2025-12-05T11:42:51+00:00\" \/>\n<meta name=\"author\" content=\"Andr\u00e9 Lacerda\" \/>\n<meta name=\"twitter:card\" content=\"summary_large_image\" \/>\n<meta name=\"twitter:label1\" content=\"Escrito por\" \/>\n\t<meta name=\"twitter:data1\" content=\"Andr\u00e9 Lacerda\" \/>\n\t<meta name=\"twitter:label2\" content=\"Est. tempo de leitura\" \/>\n\t<meta name=\"twitter:data2\" content=\"10 minutos\" \/>\n<script type=\"application\/ld+json\" class=\"yoast-schema-graph\">{\"@context\":\"https:\/\/schema.org\",\"@graph\":[{\"@type\":\"WebPage\",\"@id\":\"https:\/\/lacerdaai.com\/br\/o-enigmatico-desaparecimento-de-um-ativista-anti-ia-medos-realidades-e-o-futuro-da-superinteligencia\/\",\"url\":\"https:\/\/lacerdaai.com\/br\/o-enigmatico-desaparecimento-de-um-ativista-anti-ia-medos-realidades-e-o-futuro-da-superinteligencia\/\",\"name\":\"O Enigm\u00e1tico Desaparecimento de um Ativista Anti-IA: Medos, Realidades e o Futuro da Superintelig\u00eancia - Lacerda AI\",\"isPartOf\":{\"@id\":\"https:\/\/lacerdaai.com\/br\/#website\"},\"primaryImageOfPage\":{\"@id\":\"https:\/\/lacerdaai.com\/br\/o-enigmatico-desaparecimento-de-um-ativista-anti-ia-medos-realidades-e-o-futuro-da-superinteligencia\/#primaryimage\"},\"image\":{\"@id\":\"https:\/\/lacerdaai.com\/br\/o-enigmatico-desaparecimento-de-um-ativista-anti-ia-medos-realidades-e-o-futuro-da-superinteligencia\/#primaryimage\"},\"thumbnailUrl\":\"https:\/\/lacerdaai.com\/br\/wp-content\/uploads\/2025\/12\/imagem-18.jpg\",\"datePublished\":\"2025-12-05T11:42:50+00:00\",\"dateModified\":\"2025-12-05T11:42:51+00:00\",\"author\":{\"@id\":\"https:\/\/lacerdaai.com\/br\/#\/schema\/person\/8bad803c2e83a0c5c5c75e02a1c2248f\"},\"description\":\"Sam Kirchner, um proeminente **ativista anti-IA**, desapareceu misteriosamente. Explore as tens\u00f5es entre avan\u00e7o tecnol\u00f3gico e seguran\u00e7a, e os debates \u00e9ticos sobre a superintelig\u00eancia artificial em nosso artigo.\",\"breadcrumb\":{\"@id\":\"https:\/\/lacerdaai.com\/br\/o-enigmatico-desaparecimento-de-um-ativista-anti-ia-medos-realidades-e-o-futuro-da-superinteligencia\/#breadcrumb\"},\"inLanguage\":\"pt-BR\",\"potentialAction\":[{\"@type\":\"ReadAction\",\"target\":[\"https:\/\/lacerdaai.com\/br\/o-enigmatico-desaparecimento-de-um-ativista-anti-ia-medos-realidades-e-o-futuro-da-superinteligencia\/\"]}]},{\"@type\":\"ImageObject\",\"inLanguage\":\"pt-BR\",\"@id\":\"https:\/\/lacerdaai.com\/br\/o-enigmatico-desaparecimento-de-um-ativista-anti-ia-medos-realidades-e-o-futuro-da-superinteligencia\/#primaryimage\",\"url\":\"https:\/\/lacerdaai.com\/br\/wp-content\/uploads\/2025\/12\/imagem-18.jpg\",\"contentUrl\":\"https:\/\/lacerdaai.com\/br\/wp-content\/uploads\/2025\/12\/imagem-18.jpg\",\"width\":1200,\"height\":625},{\"@type\":\"BreadcrumbList\",\"@id\":\"https:\/\/lacerdaai.com\/br\/o-enigmatico-desaparecimento-de-um-ativista-anti-ia-medos-realidades-e-o-futuro-da-superinteligencia\/#breadcrumb\",\"itemListElement\":[{\"@type\":\"ListItem\",\"position\":1,\"name\":\"In\u00edcio\",\"item\":\"https:\/\/lacerdaai.com\/br\/\"},{\"@type\":\"ListItem\",\"position\":2,\"name\":\"O Enigm\u00e1tico Desaparecimento de um Ativista Anti-IA: Medos, Realidades e o Futuro da Superintelig\u00eancia\"}]},{\"@type\":\"WebSite\",\"@id\":\"https:\/\/lacerdaai.com\/br\/#website\",\"url\":\"https:\/\/lacerdaai.com\/br\/\",\"name\":\"Lacerda AI\",\"description\":\"Seu blog di\u00e1rio de novidades do mundo da Inteligencia Artificial\",\"potentialAction\":[{\"@type\":\"SearchAction\",\"target\":{\"@type\":\"EntryPoint\",\"urlTemplate\":\"https:\/\/lacerdaai.com\/br\/?s={search_term_string}\"},\"query-input\":{\"@type\":\"PropertyValueSpecification\",\"valueRequired\":true,\"valueName\":\"search_term_string\"}}],\"inLanguage\":\"pt-BR\"},{\"@type\":\"Person\",\"@id\":\"https:\/\/lacerdaai.com\/br\/#\/schema\/person\/8bad803c2e83a0c5c5c75e02a1c2248f\",\"name\":\"Andr\u00e9 Lacerda\",\"image\":{\"@type\":\"ImageObject\",\"inLanguage\":\"pt-BR\",\"@id\":\"https:\/\/lacerdaai.com\/br\/#\/schema\/person\/image\/\",\"url\":\"https:\/\/secure.gravatar.com\/avatar\/f5c1fa5ad9763f54c1f223c3fc91f131da6288c9f9e28d74bb3c355ad99af205?s=96&d=mm&r=g\",\"contentUrl\":\"https:\/\/secure.gravatar.com\/avatar\/f5c1fa5ad9763f54c1f223c3fc91f131da6288c9f9e28d74bb3c355ad99af205?s=96&d=mm&r=g\",\"caption\":\"Andr\u00e9 Lacerda\"},\"description\":\"Sou o Andr\u00e9 Lacerda, tenho 35 anos e sou apaixonado por tecnologia, intelig\u00eancia artificial e boas hist\u00f3rias. Me formei em Tecnologia e Jornalismo \u2014 sim, uma mistura meio improv\u00e1vel, mas que combina muito comigo. J\u00e1 morei no Canad\u00e1 e na Espanha, e essas experi\u00eancias me ajudaram a enxergar a inova\u00e7\u00e3o com um olhar mais global (e a me virar bem em tr\u00eas idiomas \ud83d\ude04). Trabalhei em algumas das maiores empresas de tecnologia do mercado e, hoje, atuo como consultor ajudando neg\u00f3cios a entenderem e aplicarem IA de forma pr\u00e1tica, estrat\u00e9gica e humana. Gosto de traduzir o complexo em algo simples \u2014 e \u00e9 isso que voc\u00ea vai encontrar por aqui.\",\"sameAs\":[\"http:\/\/lacerdaai.com\/br\"],\"url\":\"https:\/\/lacerdaai.com\/br\/author\/red-admin\/\"}]}<\/script>\n<!-- \/ Yoast SEO plugin. -->","yoast_head_json":{"title":"O Enigm\u00e1tico Desaparecimento de um Ativista Anti-IA: Medos, Realidades e o Futuro da Superintelig\u00eancia - Lacerda AI","description":"Sam Kirchner, um proeminente **ativista anti-IA**, desapareceu misteriosamente. Explore as tens\u00f5es entre avan\u00e7o tecnol\u00f3gico e seguran\u00e7a, e os debates \u00e9ticos sobre a superintelig\u00eancia artificial em nosso artigo.","robots":{"index":"index","follow":"follow","max-snippet":"max-snippet:-1","max-image-preview":"max-image-preview:large","max-video-preview":"max-video-preview:-1"},"canonical":"https:\/\/lacerdaai.com\/br\/o-enigmatico-desaparecimento-de-um-ativista-anti-ia-medos-realidades-e-o-futuro-da-superinteligencia\/","og_locale":"pt_BR","og_type":"article","og_title":"O Enigm\u00e1tico Desaparecimento de um Ativista Anti-IA: Medos, Realidades e o Futuro da Superintelig\u00eancia - Lacerda AI","og_description":"Sam Kirchner, um proeminente **ativista anti-IA**, desapareceu misteriosamente. Explore as tens\u00f5es entre avan\u00e7o tecnol\u00f3gico e seguran\u00e7a, e os debates \u00e9ticos sobre a superintelig\u00eancia artificial em nosso artigo.","og_url":"https:\/\/lacerdaai.com\/br\/o-enigmatico-desaparecimento-de-um-ativista-anti-ia-medos-realidades-e-o-futuro-da-superinteligencia\/","og_site_name":"Lacerda AI","article_published_time":"2025-12-05T11:42:50+00:00","article_modified_time":"2025-12-05T11:42:51+00:00","author":"Andr\u00e9 Lacerda","twitter_card":"summary_large_image","twitter_misc":{"Escrito por":"Andr\u00e9 Lacerda","Est. tempo de leitura":"10 minutos"},"schema":{"@context":"https:\/\/schema.org","@graph":[{"@type":"WebPage","@id":"https:\/\/lacerdaai.com\/br\/o-enigmatico-desaparecimento-de-um-ativista-anti-ia-medos-realidades-e-o-futuro-da-superinteligencia\/","url":"https:\/\/lacerdaai.com\/br\/o-enigmatico-desaparecimento-de-um-ativista-anti-ia-medos-realidades-e-o-futuro-da-superinteligencia\/","name":"O Enigm\u00e1tico Desaparecimento de um Ativista Anti-IA: Medos, Realidades e o Futuro da Superintelig\u00eancia - Lacerda AI","isPartOf":{"@id":"https:\/\/lacerdaai.com\/br\/#website"},"primaryImageOfPage":{"@id":"https:\/\/lacerdaai.com\/br\/o-enigmatico-desaparecimento-de-um-ativista-anti-ia-medos-realidades-e-o-futuro-da-superinteligencia\/#primaryimage"},"image":{"@id":"https:\/\/lacerdaai.com\/br\/o-enigmatico-desaparecimento-de-um-ativista-anti-ia-medos-realidades-e-o-futuro-da-superinteligencia\/#primaryimage"},"thumbnailUrl":"https:\/\/lacerdaai.com\/br\/wp-content\/uploads\/2025\/12\/imagem-18.jpg","datePublished":"2025-12-05T11:42:50+00:00","dateModified":"2025-12-05T11:42:51+00:00","author":{"@id":"https:\/\/lacerdaai.com\/br\/#\/schema\/person\/8bad803c2e83a0c5c5c75e02a1c2248f"},"description":"Sam Kirchner, um proeminente **ativista anti-IA**, desapareceu misteriosamente. Explore as tens\u00f5es entre avan\u00e7o tecnol\u00f3gico e seguran\u00e7a, e os debates \u00e9ticos sobre a superintelig\u00eancia artificial em nosso artigo.","breadcrumb":{"@id":"https:\/\/lacerdaai.com\/br\/o-enigmatico-desaparecimento-de-um-ativista-anti-ia-medos-realidades-e-o-futuro-da-superinteligencia\/#breadcrumb"},"inLanguage":"pt-BR","potentialAction":[{"@type":"ReadAction","target":["https:\/\/lacerdaai.com\/br\/o-enigmatico-desaparecimento-de-um-ativista-anti-ia-medos-realidades-e-o-futuro-da-superinteligencia\/"]}]},{"@type":"ImageObject","inLanguage":"pt-BR","@id":"https:\/\/lacerdaai.com\/br\/o-enigmatico-desaparecimento-de-um-ativista-anti-ia-medos-realidades-e-o-futuro-da-superinteligencia\/#primaryimage","url":"https:\/\/lacerdaai.com\/br\/wp-content\/uploads\/2025\/12\/imagem-18.jpg","contentUrl":"https:\/\/lacerdaai.com\/br\/wp-content\/uploads\/2025\/12\/imagem-18.jpg","width":1200,"height":625},{"@type":"BreadcrumbList","@id":"https:\/\/lacerdaai.com\/br\/o-enigmatico-desaparecimento-de-um-ativista-anti-ia-medos-realidades-e-o-futuro-da-superinteligencia\/#breadcrumb","itemListElement":[{"@type":"ListItem","position":1,"name":"In\u00edcio","item":"https:\/\/lacerdaai.com\/br\/"},{"@type":"ListItem","position":2,"name":"O Enigm\u00e1tico Desaparecimento de um Ativista Anti-IA: Medos, Realidades e o Futuro da Superintelig\u00eancia"}]},{"@type":"WebSite","@id":"https:\/\/lacerdaai.com\/br\/#website","url":"https:\/\/lacerdaai.com\/br\/","name":"Lacerda AI","description":"Seu blog di\u00e1rio de novidades do mundo da Inteligencia Artificial","potentialAction":[{"@type":"SearchAction","target":{"@type":"EntryPoint","urlTemplate":"https:\/\/lacerdaai.com\/br\/?s={search_term_string}"},"query-input":{"@type":"PropertyValueSpecification","valueRequired":true,"valueName":"search_term_string"}}],"inLanguage":"pt-BR"},{"@type":"Person","@id":"https:\/\/lacerdaai.com\/br\/#\/schema\/person\/8bad803c2e83a0c5c5c75e02a1c2248f","name":"Andr\u00e9 Lacerda","image":{"@type":"ImageObject","inLanguage":"pt-BR","@id":"https:\/\/lacerdaai.com\/br\/#\/schema\/person\/image\/","url":"https:\/\/secure.gravatar.com\/avatar\/f5c1fa5ad9763f54c1f223c3fc91f131da6288c9f9e28d74bb3c355ad99af205?s=96&d=mm&r=g","contentUrl":"https:\/\/secure.gravatar.com\/avatar\/f5c1fa5ad9763f54c1f223c3fc91f131da6288c9f9e28d74bb3c355ad99af205?s=96&d=mm&r=g","caption":"Andr\u00e9 Lacerda"},"description":"Sou o Andr\u00e9 Lacerda, tenho 35 anos e sou apaixonado por tecnologia, intelig\u00eancia artificial e boas hist\u00f3rias. Me formei em Tecnologia e Jornalismo \u2014 sim, uma mistura meio improv\u00e1vel, mas que combina muito comigo. J\u00e1 morei no Canad\u00e1 e na Espanha, e essas experi\u00eancias me ajudaram a enxergar a inova\u00e7\u00e3o com um olhar mais global (e a me virar bem em tr\u00eas idiomas \ud83d\ude04). Trabalhei em algumas das maiores empresas de tecnologia do mercado e, hoje, atuo como consultor ajudando neg\u00f3cios a entenderem e aplicarem IA de forma pr\u00e1tica, estrat\u00e9gica e humana. Gosto de traduzir o complexo em algo simples \u2014 e \u00e9 isso que voc\u00ea vai encontrar por aqui.","sameAs":["http:\/\/lacerdaai.com\/br"],"url":"https:\/\/lacerdaai.com\/br\/author\/red-admin\/"}]}},"_links":{"self":[{"href":"https:\/\/lacerdaai.com\/br\/wp-json\/wp\/v2\/posts\/2647","targetHints":{"allow":["GET"]}}],"collection":[{"href":"https:\/\/lacerdaai.com\/br\/wp-json\/wp\/v2\/posts"}],"about":[{"href":"https:\/\/lacerdaai.com\/br\/wp-json\/wp\/v2\/types\/post"}],"author":[{"embeddable":true,"href":"https:\/\/lacerdaai.com\/br\/wp-json\/wp\/v2\/users\/1"}],"replies":[{"embeddable":true,"href":"https:\/\/lacerdaai.com\/br\/wp-json\/wp\/v2\/comments?post=2647"}],"version-history":[{"count":1,"href":"https:\/\/lacerdaai.com\/br\/wp-json\/wp\/v2\/posts\/2647\/revisions"}],"predecessor-version":[{"id":2648,"href":"https:\/\/lacerdaai.com\/br\/wp-json\/wp\/v2\/posts\/2647\/revisions\/2648"}],"wp:featuredmedia":[{"embeddable":true,"href":"https:\/\/lacerdaai.com\/br\/wp-json\/wp\/v2\/media\/2646"}],"wp:attachment":[{"href":"https:\/\/lacerdaai.com\/br\/wp-json\/wp\/v2\/media?parent=2647"}],"wp:term":[{"taxonomy":"category","embeddable":true,"href":"https:\/\/lacerdaai.com\/br\/wp-json\/wp\/v2\/categories?post=2647"},{"taxonomy":"post_tag","embeddable":true,"href":"https:\/\/lacerdaai.com\/br\/wp-json\/wp\/v2\/tags?post=2647"}],"curies":[{"name":"wp","href":"https:\/\/api.w.org\/{rel}","templated":true}]}}