{"id":2659,"date":"2025-12-06T00:42:33","date_gmt":"2025-12-06T03:42:33","guid":{"rendered":"https:\/\/lacerdaai.com\/br\/gemini-3-pro-a-fronteira-da-ia-de-visao-que-redefine-nosso-mundo-digital\/"},"modified":"2025-12-06T00:42:34","modified_gmt":"2025-12-06T03:42:34","slug":"gemini-3-pro-a-fronteira-da-ia-de-visao-que-redefine-nosso-mundo-digital","status":"publish","type":"post","link":"https:\/\/lacerdaai.com\/br\/gemini-3-pro-a-fronteira-da-ia-de-visao-que-redefine-nosso-mundo-digital\/","title":{"rendered":"Gemini 3 Pro: A Fronteira da IA de Vis\u00e3o que Redefine Nosso Mundo Digital"},"content":{"rendered":"<p>## Gemini 3 Pro: A Fronteira da IA de Vis\u00e3o que Redefine Nosso Mundo Digital<\/p>\n<p>Imagine um futuro onde a intelig\u00eancia artificial n\u00e3o apenas &#8216;v\u00ea&#8217; o mundo, mas o compreende com uma profundidade quase humana. Um futuro onde m\u00e1quinas podem analisar um v\u00eddeo de horas, identificar um momento espec\u00edfico com base em uma descri\u00e7\u00e3o abstrata, ou at\u00e9 mesmo diagnosticar um problema complexo apenas observando uma imagem. Essa vis\u00e3o futur\u00edstica j\u00e1 est\u00e1 batendo \u00e0 nossa porta, impulsionada por avan\u00e7os como o **Gemini 3 Pro**, o mais recente salto do Google no universo da IA multimodal.<\/p>\n<p>Por anos, sonhamos com IAs que pudessem interagir com o mundo de forma mais intuitiva, que pudessem ir al\u00e9m do reconhecimento b\u00e1sico de objetos para uma compreens\u00e3o contextual e de racioc\u00ednio. Com o Gemini 3 Pro, estamos testemunhando uma verdadeira revolu\u00e7\u00e3o na intelig\u00e2ncia artificial de vis\u00e3o. N\u00e3o se trata apenas de processar pixels; \u00e9 sobre desvendar camadas de significado, identificar padr\u00f5es intrincados e extrair insights valiosos de um oceano de dados visuais. Prepare-se para mergulhar neste universo fascinante e entender como esta tecnologia est\u00e1 reescrevendo as regras do jogo e nos aproximando de um futuro onde a IA \u00e9 uma verdadeira parceira na nossa jornada de descoberta e inova\u00e7\u00e3o.<\/p>\n<p>### **Gemini 3 Pro**: O Salto Qu\u00e2ntico na Compreens\u00e3o Visual<\/p>\n<p>O que torna o **Gemini 3 Pro** t\u00e3o extraordin\u00e1rio no cen\u00e1rio da intelig\u00eancia artificial de vis\u00e3o? A resposta reside em sua arquitetura fundamentalmente multimodal e em sua capacidade de contexto sem precedentes. Diferente de modelos anteriores que processavam diferentes tipos de dados (texto, imagem, \u00e1udio, v\u00eddeo) de forma segmentada, o Gemini 3 Pro foi projetado desde o in\u00edcio para entender e raciocinar atrav\u00e9s de todas essas modalidades de forma nativa e integrada. Isso significa que ele n\u00e3o apenas reconhece um gato em uma foto, mas pode analisar um v\u00eddeo de um gato ca\u00e7ando, entender o som do miado, interpretar a legenda que acompanha o v\u00eddeo e, a partir disso, inferir o humor do animal ou at\u00e9 mesmo prever suas pr\u00f3ximas a\u00e7\u00f5es.<\/p>\n<p>O verdadeiro divisor de \u00e1guas \u00e9 a sua &#8220;janela de contexto&#8221; massiva. Enquanto modelos de IA tradicionais se limitam a processar uma quantidade relativamente pequena de informa\u00e7\u00f5es por vez, o Gemini 3 Pro pode lidar com milh\u00f5es de &#8220;tokens&#8221; \u2013 sejam eles palavras, pixels de imagem ou fragmentos de \u00e1udio \u2013 simultaneamente. Essa capacidade colossal permite que a IA analise v\u00eddeos extensos (horas de dura\u00e7\u00e3o!), documentos jur\u00eddicos volumosos ou at\u00e9 mesmo bases de c\u00f3digo complexas em uma \u00fanica intera\u00e7\u00e3o. Isso n\u00e3o \u00e9 apenas um aumento de escala; \u00e9 uma mudan\u00e7a fundamental na forma como a IA pode interagir e compreender informa\u00e7\u00f5es complexas e interconectadas. Imagine fornecer a uma IA um filme completo e pedir para ela encontrar todos os momentos em que um personagem espec\u00edfico usa um chap\u00e9u vermelho, ou resumir a estrat\u00e9gia t\u00e1tica de um jogo de futebol de 90 minutos, destacando os pontos de virada. O Gemini 3 Pro torna isso uma realidade tang\u00edvel, oferecendo um n\u00edvel de racioc\u00ednio contextual que antes parecia fic\u00e7\u00e3o cient\u00edfica.<\/p>\n<p>Essa capacidade de processar e raciocinar sobre grandes volumes de dados visuais e multimodais abre portas para uma infinidade de aplica\u00e7\u00f5es que antes eram impens\u00e1veis. No campo da sa\u00fade, por exemplo, o modelo pode analisar exames de imagem complexos, como resson\u00e2ncias magn\u00e9ticas ou ultrassonografias, em conjunto com o hist\u00f3rico cl\u00ednico do paciente (texto) e at\u00e9 mesmo grava\u00e7\u00f5es de conversas com m\u00e9dicos (\u00e1udio), para auxiliar no diagn\u00f3stico precoce e na personaliza\u00e7\u00e3o de tratamentos. Na engenharia, um v\u00eddeo de uma linha de produ\u00e7\u00e3o pode ser analisado para identificar gargalos, prever falhas em equipamentos ou otimizar processos sem a necessidade de interven\u00e7\u00e3o humana constante. O salto do reconhecimento para o racioc\u00ednio contextual \u00e9 o que realmente define a nova era que o **Gemini 3 Pro** inaugura.<\/p>\n<p>### Aplica\u00e7\u00f5es Revolucion\u00e1rias: Como o Gemini 3 Pro Moldar\u00e1 Nosso Dia a Dia<\/p>\n<p>As implica\u00e7\u00f5es das capacidades de vis\u00e3o aprimoradas do **Gemini 3 Pro** s\u00e3o vastas e abrangem virtualmente todos os setores da economia e aspectos da vida cotidiana. No campo da educa\u00e7\u00e3o, a IA pode analisar livros did\u00e1ticos ilustrados, v\u00eddeos educativos e at\u00e9 mesmo as express\u00f5es faciais dos alunos em uma aula online para adaptar o conte\u00fado e o ritmo de aprendizado individualmente. Imagine um tutor de IA que n\u00e3o apenas responde a perguntas, mas tamb\u00e9m entende o progresso do aluno por meio de exerc\u00edcios visuais e demonstra\u00e7\u00f5es pr\u00e1ticas.<\/p>\n<p>Na ind\u00fastria cinematogr\u00e1fica e de entretenimento, o Gemini 3 Pro pode transformar a p\u00f3s-produ\u00e7\u00e3o, otimizando a edi\u00e7\u00e3o, a coloriza\u00e7\u00e3o e at\u00e9 a gera\u00e7\u00e3o de efeitos visuais com base em uma compreens\u00e3o profunda do roteiro e da inten\u00e7\u00e3o do diretor. Al\u00e9m disso, a acessibilidade ser\u00e1 enormemente beneficiada; a IA pode gerar descri\u00e7\u00f5es detalhadas de cenas para pessoas com defici\u00eancia visual ou traduzir automaticamente a linguagem de sinais em tempo real, eliminando barreiras de comunica\u00e7\u00e3o.<\/p>\n<p>Para desenvolvedores e empresas, o modelo oferece uma ferramenta poderosa para criar produtos e servi\u00e7os inovadores. Pense em sistemas de seguran\u00e7a que n\u00e3o apenas detectam intrusos, mas que compreendem o contexto de uma situa\u00e7\u00e3o, distinguindo entre uma entrega de pacote e uma tentativa de arrombamento com base em padr\u00f5es de comportamento visual e sonoro. Na rob\u00f3tica, rob\u00f4s equipados com a IA de vis\u00e3o do Gemini 3 Pro poderiam realizar tarefas de montagem complexas, inspecionar produtos com precis\u00e3o microsc\u00f3pica ou navegar em ambientes din\u00e2micos com uma autonomia e intelig\u00eancia sem precedentes, aprendendo e se adaptando a novas situa\u00e7\u00f5es em tempo real.<\/p>\n<p>Mesmo no com\u00e9rcio eletr\u00f4nico, as possibilidades s\u00e3o empolgantes. O Gemini 3 Pro pode analisar fotos de produtos, v\u00eddeos de demonstra\u00e7\u00e3o e avalia\u00e7\u00f5es de clientes para fornecer recomenda\u00e7\u00f5es personalizadas que realmente entendam o estilo e as necessidades do consumidor. A fronteira entre o mundo f\u00edsico e o digital se torna cada vez mais t\u00eanue, e o **Gemini 3 Pro** \u00e9 um dos principais arquitetos dessa fus\u00e3o, permitindo que a tecnologia compreenda e interaja com a nossa realidade de formas cada vez mais sofisticadas e \u00fateis.<\/p>\n<p>### O Horizonte da IA: Desafios, \u00c9tica e o Futuro com o Gemini 3 Pro<\/p>\n<p>Enquanto celebramos os avan\u00e7os trazidos pelo **Gemini 3 Pro**, \u00e9 fundamental abordar o horizonte da IA com responsabilidade e pragmatismo. Modelos t\u00e3o poderosos trazem consigo desafios inerentes, especialmente no que tange \u00e0 \u00e9tica, privacidade e seguran\u00e7a. A capacidade de analisar e interpretar dados visuais em escala massiva levanta quest\u00f5es importantes sobre o uso desses dados, a mitiga\u00e7\u00e3o de vieses nos modelos de treinamento e a garantia de que a tecnologia seja empregada para o bem comum.<\/p>\n<p>O Google, como um dos principais desenvolvedores dessa tecnologia, tem enfatizado a import\u00e2ncia de construir o Gemini 3 Pro com uma abordagem &#8220;safety-first&#8221; (seguran\u00e7a em primeiro lugar). Isso envolve a implementa\u00e7\u00e3o de filtros robustos de seguran\u00e7a, a realiza\u00e7\u00e3o de avalia\u00e7\u00f5es rigorosas de riscos e o desenvolvimento de ferramentas para garantir que o modelo n\u00e3o gere conte\u00fado prejudicial ou malicioso. A colabora\u00e7\u00e3o entre pesquisadores, formuladores de pol\u00edticas e a sociedade civil \u00e9 crucial para moldar o futuro do uso da IA de maneira \u00e9tica e equitativa.<\/p>\n<p>Olhando para frente, o Gemini 3 Pro \u00e9 mais do que apenas um produto; \u00e9 uma plataforma para a inova\u00e7\u00e3o. Ele permitir\u00e1 que desenvolvedores e pesquisadores explorem novas fronteiras, criando aplica\u00e7\u00f5es que hoje mal podemos imaginar. Desde a acelera\u00e7\u00e3o da descoberta cient\u00edfica at\u00e9 a otimiza\u00e7\u00e3o de processos industriais e a melhoria da experi\u00eancia humana em diversas intera\u00e7\u00f5es, o impacto ser\u00e1 profundo. A evolu\u00e7\u00e3o da IA de vis\u00e3o com o Gemini 3 Pro promete uma era de maior compreens\u00e3o, efici\u00eancia e, esperan\u00e7osamente, solu\u00e7\u00f5es para alguns dos desafios mais prementes da humanidade. Estamos apenas arranhando a superf\u00edcie do que \u00e9 poss\u00edvel quando a intelig\u00eancia artificial realmente come\u00e7a a ver e entender o mundo como n\u00f3s.<\/p>\n<p>A ascens\u00e3o do **Gemini 3 Pro** marca um ponto de virada significativo na jornada da intelig\u00eancia artificial. N\u00e3o estamos apenas construindo m\u00e1quinas mais inteligentes; estamos construindo m\u00e1quinas que podem perceber, raciocinar e interagir com a complexidade do mundo visual de uma maneira que antes era exclusiva da intelig\u00eancia humana. Essa capacidade n\u00e3o apenas otimizar\u00e1 processos e automatizar\u00e1 tarefas, mas tamb\u00e9m abrir\u00e1 novos caminhos para a criatividade, a descoberta e a solu\u00e7\u00e3o de problemas em escalas nunca antes imaginadas. \u00c9 uma era em que a IA de vis\u00e3o n\u00e3o \u00e9 apenas uma ferramenta, mas um parceiro fundamental na nossa explora\u00e7\u00e3o do desconhecido.<\/p>\n<p>O futuro com o Gemini 3 Pro e seus sucessores \u00e9 um campo f\u00e9rtil de possibilidades ilimitadas. \u00c0 medida que a tecnologia se torna mais acess\u00edvel e integrada em nosso cotidiano, veremos uma redefini\u00e7\u00e3o de como interagimos com o mundo digital e f\u00edsico. Desde a personaliza\u00e7\u00e3o de experi\u00eancias at\u00e9 a capacita\u00e7\u00e3o de novas formas de arte e ci\u00eancia, o **Gemini 3 Pro** n\u00e3o \u00e9 apenas a fronteira da IA de vis\u00e3o; \u00e9 um vislumbre do futuro da pr\u00f3pria intelig\u00eancia, convidando-nos a sonhar e construir um mundo mais inteligente, conectado e compreensivo.<\/p>\n","protected":false},"excerpt":{"rendered":"<p>## Gemini 3 Pro: A Fronteira da IA de Vis\u00e3o que Redefine Nosso Mundo Digital Imagine um futuro onde a intelig\u00eancia artificial n\u00e3o apenas &#8216;v\u00ea&#8217; o mundo, mas o compreende com uma profundidade quase humana. Um futuro onde m\u00e1quinas podem analisar um v\u00eddeo de horas, identificar um momento espec\u00edfico com base em uma descri\u00e7\u00e3o abstrata, [&hellip;]<\/p>\n","protected":false},"author":1,"featured_media":2658,"comment_status":"open","ping_status":"open","sticky":false,"template":"","format":"standard","meta":{"_yoast_wpseo_focuskw":"Gemini 3 Pro","_yoast_wpseo_metadesc":"Explore as capacidades revolucion\u00e1rias do Gemini 3 Pro na IA de vis\u00e3o, sua arquitetura multimodal e como ele est\u00e1 moldando o futuro da intera\u00e7\u00e3o humana-m\u00e1quina. Descubra a pr\u00f3xima gera\u00e7\u00e3o de intelig\u00eancia artificial.","footnotes":""},"categories":[2],"tags":[],"class_list":["post-2659","post","type-post","status-publish","format-standard","has-post-thumbnail","hentry","category-novidades"],"yoast_head":"<!-- This site is optimized with the Yoast SEO plugin v25.6 - https:\/\/yoast.com\/wordpress\/plugins\/seo\/ -->\n<title>Gemini 3 Pro: A Fronteira da IA de Vis\u00e3o que Redefine Nosso Mundo Digital - Lacerda AI<\/title>\n<meta name=\"description\" content=\"Explore as capacidades revolucion\u00e1rias do Gemini 3 Pro na IA de vis\u00e3o, sua arquitetura multimodal e como ele est\u00e1 moldando o futuro da intera\u00e7\u00e3o humana-m\u00e1quina. Descubra a pr\u00f3xima gera\u00e7\u00e3o de intelig\u00eancia artificial.\" \/>\n<meta name=\"robots\" content=\"index, follow, max-snippet:-1, max-image-preview:large, max-video-preview:-1\" \/>\n<link rel=\"canonical\" href=\"https:\/\/lacerdaai.com\/br\/gemini-3-pro-a-fronteira-da-ia-de-visao-que-redefine-nosso-mundo-digital\/\" \/>\n<meta property=\"og:locale\" content=\"pt_BR\" \/>\n<meta property=\"og:type\" content=\"article\" \/>\n<meta property=\"og:title\" content=\"Gemini 3 Pro: A Fronteira da IA de Vis\u00e3o que Redefine Nosso Mundo Digital - Lacerda AI\" \/>\n<meta property=\"og:description\" content=\"Explore as capacidades revolucion\u00e1rias do Gemini 3 Pro na IA de vis\u00e3o, sua arquitetura multimodal e como ele est\u00e1 moldando o futuro da intera\u00e7\u00e3o humana-m\u00e1quina. Descubra a pr\u00f3xima gera\u00e7\u00e3o de intelig\u00eancia artificial.\" \/>\n<meta property=\"og:url\" content=\"https:\/\/lacerdaai.com\/br\/gemini-3-pro-a-fronteira-da-ia-de-visao-que-redefine-nosso-mundo-digital\/\" \/>\n<meta property=\"og:site_name\" content=\"Lacerda AI\" \/>\n<meta property=\"article:published_time\" content=\"2025-12-06T03:42:33+00:00\" \/>\n<meta property=\"article:modified_time\" content=\"2025-12-06T03:42:34+00:00\" \/>\n<meta name=\"author\" content=\"Andr\u00e9 Lacerda\" \/>\n<meta name=\"twitter:card\" content=\"summary_large_image\" \/>\n<meta name=\"twitter:label1\" content=\"Escrito por\" \/>\n\t<meta name=\"twitter:data1\" content=\"Andr\u00e9 Lacerda\" \/>\n\t<meta name=\"twitter:label2\" content=\"Est. tempo de leitura\" \/>\n\t<meta name=\"twitter:data2\" content=\"8 minutos\" \/>\n<script type=\"application\/ld+json\" class=\"yoast-schema-graph\">{\"@context\":\"https:\/\/schema.org\",\"@graph\":[{\"@type\":\"WebPage\",\"@id\":\"https:\/\/lacerdaai.com\/br\/gemini-3-pro-a-fronteira-da-ia-de-visao-que-redefine-nosso-mundo-digital\/\",\"url\":\"https:\/\/lacerdaai.com\/br\/gemini-3-pro-a-fronteira-da-ia-de-visao-que-redefine-nosso-mundo-digital\/\",\"name\":\"Gemini 3 Pro: A Fronteira da IA de Vis\u00e3o que Redefine Nosso Mundo Digital - Lacerda AI\",\"isPartOf\":{\"@id\":\"https:\/\/lacerdaai.com\/br\/#website\"},\"primaryImageOfPage\":{\"@id\":\"https:\/\/lacerdaai.com\/br\/gemini-3-pro-a-fronteira-da-ia-de-visao-que-redefine-nosso-mundo-digital\/#primaryimage\"},\"image\":{\"@id\":\"https:\/\/lacerdaai.com\/br\/gemini-3-pro-a-fronteira-da-ia-de-visao-que-redefine-nosso-mundo-digital\/#primaryimage\"},\"thumbnailUrl\":\"https:\/\/lacerdaai.com\/br\/wp-content\/uploads\/2025\/12\/imagem-4.png\",\"datePublished\":\"2025-12-06T03:42:33+00:00\",\"dateModified\":\"2025-12-06T03:42:34+00:00\",\"author\":{\"@id\":\"https:\/\/lacerdaai.com\/br\/#\/schema\/person\/8bad803c2e83a0c5c5c75e02a1c2248f\"},\"description\":\"Explore as capacidades revolucion\u00e1rias do Gemini 3 Pro na IA de vis\u00e3o, sua arquitetura multimodal e como ele est\u00e1 moldando o futuro da intera\u00e7\u00e3o humana-m\u00e1quina. Descubra a pr\u00f3xima gera\u00e7\u00e3o de intelig\u00eancia artificial.\",\"breadcrumb\":{\"@id\":\"https:\/\/lacerdaai.com\/br\/gemini-3-pro-a-fronteira-da-ia-de-visao-que-redefine-nosso-mundo-digital\/#breadcrumb\"},\"inLanguage\":\"pt-BR\",\"potentialAction\":[{\"@type\":\"ReadAction\",\"target\":[\"https:\/\/lacerdaai.com\/br\/gemini-3-pro-a-fronteira-da-ia-de-visao-que-redefine-nosso-mundo-digital\/\"]}]},{\"@type\":\"ImageObject\",\"inLanguage\":\"pt-BR\",\"@id\":\"https:\/\/lacerdaai.com\/br\/gemini-3-pro-a-fronteira-da-ia-de-visao-que-redefine-nosso-mundo-digital\/#primaryimage\",\"url\":\"https:\/\/lacerdaai.com\/br\/wp-content\/uploads\/2025\/12\/imagem-4.png\",\"contentUrl\":\"https:\/\/lacerdaai.com\/br\/wp-content\/uploads\/2025\/12\/imagem-4.png\",\"width\":1300,\"height\":387},{\"@type\":\"BreadcrumbList\",\"@id\":\"https:\/\/lacerdaai.com\/br\/gemini-3-pro-a-fronteira-da-ia-de-visao-que-redefine-nosso-mundo-digital\/#breadcrumb\",\"itemListElement\":[{\"@type\":\"ListItem\",\"position\":1,\"name\":\"In\u00edcio\",\"item\":\"https:\/\/lacerdaai.com\/br\/\"},{\"@type\":\"ListItem\",\"position\":2,\"name\":\"Gemini 3 Pro: A Fronteira da IA de Vis\u00e3o que Redefine Nosso Mundo Digital\"}]},{\"@type\":\"WebSite\",\"@id\":\"https:\/\/lacerdaai.com\/br\/#website\",\"url\":\"https:\/\/lacerdaai.com\/br\/\",\"name\":\"Lacerda AI\",\"description\":\"Seu blog di\u00e1rio de novidades do mundo da Inteligencia Artificial\",\"potentialAction\":[{\"@type\":\"SearchAction\",\"target\":{\"@type\":\"EntryPoint\",\"urlTemplate\":\"https:\/\/lacerdaai.com\/br\/?s={search_term_string}\"},\"query-input\":{\"@type\":\"PropertyValueSpecification\",\"valueRequired\":true,\"valueName\":\"search_term_string\"}}],\"inLanguage\":\"pt-BR\"},{\"@type\":\"Person\",\"@id\":\"https:\/\/lacerdaai.com\/br\/#\/schema\/person\/8bad803c2e83a0c5c5c75e02a1c2248f\",\"name\":\"Andr\u00e9 Lacerda\",\"image\":{\"@type\":\"ImageObject\",\"inLanguage\":\"pt-BR\",\"@id\":\"https:\/\/lacerdaai.com\/br\/#\/schema\/person\/image\/\",\"url\":\"https:\/\/secure.gravatar.com\/avatar\/f5c1fa5ad9763f54c1f223c3fc91f131da6288c9f9e28d74bb3c355ad99af205?s=96&d=mm&r=g\",\"contentUrl\":\"https:\/\/secure.gravatar.com\/avatar\/f5c1fa5ad9763f54c1f223c3fc91f131da6288c9f9e28d74bb3c355ad99af205?s=96&d=mm&r=g\",\"caption\":\"Andr\u00e9 Lacerda\"},\"description\":\"Sou o Andr\u00e9 Lacerda, tenho 35 anos e sou apaixonado por tecnologia, intelig\u00eancia artificial e boas hist\u00f3rias. Me formei em Tecnologia e Jornalismo \u2014 sim, uma mistura meio improv\u00e1vel, mas que combina muito comigo. J\u00e1 morei no Canad\u00e1 e na Espanha, e essas experi\u00eancias me ajudaram a enxergar a inova\u00e7\u00e3o com um olhar mais global (e a me virar bem em tr\u00eas idiomas \ud83d\ude04). Trabalhei em algumas das maiores empresas de tecnologia do mercado e, hoje, atuo como consultor ajudando neg\u00f3cios a entenderem e aplicarem IA de forma pr\u00e1tica, estrat\u00e9gica e humana. Gosto de traduzir o complexo em algo simples \u2014 e \u00e9 isso que voc\u00ea vai encontrar por aqui.\",\"sameAs\":[\"http:\/\/lacerdaai.com\/br\"],\"url\":\"https:\/\/lacerdaai.com\/br\/author\/red-admin\/\"}]}<\/script>\n<!-- \/ Yoast SEO plugin. -->","yoast_head_json":{"title":"Gemini 3 Pro: A Fronteira da IA de Vis\u00e3o que Redefine Nosso Mundo Digital - Lacerda AI","description":"Explore as capacidades revolucion\u00e1rias do Gemini 3 Pro na IA de vis\u00e3o, sua arquitetura multimodal e como ele est\u00e1 moldando o futuro da intera\u00e7\u00e3o humana-m\u00e1quina. Descubra a pr\u00f3xima gera\u00e7\u00e3o de intelig\u00eancia artificial.","robots":{"index":"index","follow":"follow","max-snippet":"max-snippet:-1","max-image-preview":"max-image-preview:large","max-video-preview":"max-video-preview:-1"},"canonical":"https:\/\/lacerdaai.com\/br\/gemini-3-pro-a-fronteira-da-ia-de-visao-que-redefine-nosso-mundo-digital\/","og_locale":"pt_BR","og_type":"article","og_title":"Gemini 3 Pro: A Fronteira da IA de Vis\u00e3o que Redefine Nosso Mundo Digital - Lacerda AI","og_description":"Explore as capacidades revolucion\u00e1rias do Gemini 3 Pro na IA de vis\u00e3o, sua arquitetura multimodal e como ele est\u00e1 moldando o futuro da intera\u00e7\u00e3o humana-m\u00e1quina. Descubra a pr\u00f3xima gera\u00e7\u00e3o de intelig\u00eancia artificial.","og_url":"https:\/\/lacerdaai.com\/br\/gemini-3-pro-a-fronteira-da-ia-de-visao-que-redefine-nosso-mundo-digital\/","og_site_name":"Lacerda AI","article_published_time":"2025-12-06T03:42:33+00:00","article_modified_time":"2025-12-06T03:42:34+00:00","author":"Andr\u00e9 Lacerda","twitter_card":"summary_large_image","twitter_misc":{"Escrito por":"Andr\u00e9 Lacerda","Est. tempo de leitura":"8 minutos"},"schema":{"@context":"https:\/\/schema.org","@graph":[{"@type":"WebPage","@id":"https:\/\/lacerdaai.com\/br\/gemini-3-pro-a-fronteira-da-ia-de-visao-que-redefine-nosso-mundo-digital\/","url":"https:\/\/lacerdaai.com\/br\/gemini-3-pro-a-fronteira-da-ia-de-visao-que-redefine-nosso-mundo-digital\/","name":"Gemini 3 Pro: A Fronteira da IA de Vis\u00e3o que Redefine Nosso Mundo Digital - Lacerda AI","isPartOf":{"@id":"https:\/\/lacerdaai.com\/br\/#website"},"primaryImageOfPage":{"@id":"https:\/\/lacerdaai.com\/br\/gemini-3-pro-a-fronteira-da-ia-de-visao-que-redefine-nosso-mundo-digital\/#primaryimage"},"image":{"@id":"https:\/\/lacerdaai.com\/br\/gemini-3-pro-a-fronteira-da-ia-de-visao-que-redefine-nosso-mundo-digital\/#primaryimage"},"thumbnailUrl":"https:\/\/lacerdaai.com\/br\/wp-content\/uploads\/2025\/12\/imagem-4.png","datePublished":"2025-12-06T03:42:33+00:00","dateModified":"2025-12-06T03:42:34+00:00","author":{"@id":"https:\/\/lacerdaai.com\/br\/#\/schema\/person\/8bad803c2e83a0c5c5c75e02a1c2248f"},"description":"Explore as capacidades revolucion\u00e1rias do Gemini 3 Pro na IA de vis\u00e3o, sua arquitetura multimodal e como ele est\u00e1 moldando o futuro da intera\u00e7\u00e3o humana-m\u00e1quina. Descubra a pr\u00f3xima gera\u00e7\u00e3o de intelig\u00eancia artificial.","breadcrumb":{"@id":"https:\/\/lacerdaai.com\/br\/gemini-3-pro-a-fronteira-da-ia-de-visao-que-redefine-nosso-mundo-digital\/#breadcrumb"},"inLanguage":"pt-BR","potentialAction":[{"@type":"ReadAction","target":["https:\/\/lacerdaai.com\/br\/gemini-3-pro-a-fronteira-da-ia-de-visao-que-redefine-nosso-mundo-digital\/"]}]},{"@type":"ImageObject","inLanguage":"pt-BR","@id":"https:\/\/lacerdaai.com\/br\/gemini-3-pro-a-fronteira-da-ia-de-visao-que-redefine-nosso-mundo-digital\/#primaryimage","url":"https:\/\/lacerdaai.com\/br\/wp-content\/uploads\/2025\/12\/imagem-4.png","contentUrl":"https:\/\/lacerdaai.com\/br\/wp-content\/uploads\/2025\/12\/imagem-4.png","width":1300,"height":387},{"@type":"BreadcrumbList","@id":"https:\/\/lacerdaai.com\/br\/gemini-3-pro-a-fronteira-da-ia-de-visao-que-redefine-nosso-mundo-digital\/#breadcrumb","itemListElement":[{"@type":"ListItem","position":1,"name":"In\u00edcio","item":"https:\/\/lacerdaai.com\/br\/"},{"@type":"ListItem","position":2,"name":"Gemini 3 Pro: A Fronteira da IA de Vis\u00e3o que Redefine Nosso Mundo Digital"}]},{"@type":"WebSite","@id":"https:\/\/lacerdaai.com\/br\/#website","url":"https:\/\/lacerdaai.com\/br\/","name":"Lacerda AI","description":"Seu blog di\u00e1rio de novidades do mundo da Inteligencia Artificial","potentialAction":[{"@type":"SearchAction","target":{"@type":"EntryPoint","urlTemplate":"https:\/\/lacerdaai.com\/br\/?s={search_term_string}"},"query-input":{"@type":"PropertyValueSpecification","valueRequired":true,"valueName":"search_term_string"}}],"inLanguage":"pt-BR"},{"@type":"Person","@id":"https:\/\/lacerdaai.com\/br\/#\/schema\/person\/8bad803c2e83a0c5c5c75e02a1c2248f","name":"Andr\u00e9 Lacerda","image":{"@type":"ImageObject","inLanguage":"pt-BR","@id":"https:\/\/lacerdaai.com\/br\/#\/schema\/person\/image\/","url":"https:\/\/secure.gravatar.com\/avatar\/f5c1fa5ad9763f54c1f223c3fc91f131da6288c9f9e28d74bb3c355ad99af205?s=96&d=mm&r=g","contentUrl":"https:\/\/secure.gravatar.com\/avatar\/f5c1fa5ad9763f54c1f223c3fc91f131da6288c9f9e28d74bb3c355ad99af205?s=96&d=mm&r=g","caption":"Andr\u00e9 Lacerda"},"description":"Sou o Andr\u00e9 Lacerda, tenho 35 anos e sou apaixonado por tecnologia, intelig\u00eancia artificial e boas hist\u00f3rias. Me formei em Tecnologia e Jornalismo \u2014 sim, uma mistura meio improv\u00e1vel, mas que combina muito comigo. J\u00e1 morei no Canad\u00e1 e na Espanha, e essas experi\u00eancias me ajudaram a enxergar a inova\u00e7\u00e3o com um olhar mais global (e a me virar bem em tr\u00eas idiomas \ud83d\ude04). Trabalhei em algumas das maiores empresas de tecnologia do mercado e, hoje, atuo como consultor ajudando neg\u00f3cios a entenderem e aplicarem IA de forma pr\u00e1tica, estrat\u00e9gica e humana. Gosto de traduzir o complexo em algo simples \u2014 e \u00e9 isso que voc\u00ea vai encontrar por aqui.","sameAs":["http:\/\/lacerdaai.com\/br"],"url":"https:\/\/lacerdaai.com\/br\/author\/red-admin\/"}]}},"_links":{"self":[{"href":"https:\/\/lacerdaai.com\/br\/wp-json\/wp\/v2\/posts\/2659","targetHints":{"allow":["GET"]}}],"collection":[{"href":"https:\/\/lacerdaai.com\/br\/wp-json\/wp\/v2\/posts"}],"about":[{"href":"https:\/\/lacerdaai.com\/br\/wp-json\/wp\/v2\/types\/post"}],"author":[{"embeddable":true,"href":"https:\/\/lacerdaai.com\/br\/wp-json\/wp\/v2\/users\/1"}],"replies":[{"embeddable":true,"href":"https:\/\/lacerdaai.com\/br\/wp-json\/wp\/v2\/comments?post=2659"}],"version-history":[{"count":1,"href":"https:\/\/lacerdaai.com\/br\/wp-json\/wp\/v2\/posts\/2659\/revisions"}],"predecessor-version":[{"id":2660,"href":"https:\/\/lacerdaai.com\/br\/wp-json\/wp\/v2\/posts\/2659\/revisions\/2660"}],"wp:featuredmedia":[{"embeddable":true,"href":"https:\/\/lacerdaai.com\/br\/wp-json\/wp\/v2\/media\/2658"}],"wp:attachment":[{"href":"https:\/\/lacerdaai.com\/br\/wp-json\/wp\/v2\/media?parent=2659"}],"wp:term":[{"taxonomy":"category","embeddable":true,"href":"https:\/\/lacerdaai.com\/br\/wp-json\/wp\/v2\/categories?post=2659"},{"taxonomy":"post_tag","embeddable":true,"href":"https:\/\/lacerdaai.com\/br\/wp-json\/wp\/v2\/tags?post=2659"}],"curies":[{"name":"wp","href":"https:\/\/api.w.org\/{rel}","templated":true}]}}