{"id":2674,"date":"2025-12-06T20:42:45","date_gmt":"2025-12-06T23:42:45","guid":{"rendered":"https:\/\/lacerdaai.com\/br\/ia-e-o-futuro-do-trabalho-panico-ou-oportunidade-o-que-os-dados-reais-nos-dizem\/"},"modified":"2025-12-06T20:42:47","modified_gmt":"2025-12-06T23:42:47","slug":"ia-e-o-futuro-do-trabalho-panico-ou-oportunidade-o-que-os-dados-reais-nos-dizem","status":"publish","type":"post","link":"https:\/\/lacerdaai.com\/br\/ia-e-o-futuro-do-trabalho-panico-ou-oportunidade-o-que-os-dados-reais-nos-dizem\/","title":{"rendered":"IA e o Futuro do Trabalho: P\u00e2nico ou Oportunidade? O Que os Dados Reais Nos Dizem"},"content":{"rendered":"<p>A cada nova revolu\u00e7\u00e3o tecnol\u00f3gica, surge uma onda de p\u00e2nico misturada a uma euforia desenfreada. A <strong>Intelig\u00eancia Artificial<\/strong> (IA) n\u00e3o \u00e9 exce\u00e7\u00e3o. De um lado, temos vozes influentes como Elon Musk e Bill Gates, que pintam um cen\u00e1rio apocal\u00edptico onde a automa\u00e7\u00e3o em massa, impulsionada pela IA, dizimar\u00e1 milh\u00f5es de empregos nas pr\u00f3ximas d\u00e9cadas. Eles preveem um futuro onde a for\u00e7a de trabalho humana se tornar\u00e1, em grande parte, obsoleta, for\u00e7ando sociedades a repensar suas estruturas econ\u00f4micas e sociais fundamentais.<\/p>\n<p>Contudo, a realidade, como frequentemente acontece, \u00e9 mais complexa e matizada do que as manchetes alarmistas sugerem. Enquanto essas previs\u00f5es catastrofistas ecoam, o que os dados reais do mercado de trabalho nos mostram? Um executivo do LinkedIn, por exemplo, oferece uma perspectiva muito diferente, afirmando que a demanda por talentos n\u00e3o est\u00e1 em colapso, mas sim em ascens\u00e3o. Essa \u00e9 uma melodia que, sem d\u00favida, soa como m\u00fasica aos ouvidos da Gera\u00e7\u00e3o Z, que est\u00e1 agora entrando ou prestes a entrar no mercado de trabalho. Mas, afinal, quem est\u00e1 certo? O futuro \u00e9 de desemprego generalizado ou de uma transforma\u00e7\u00e3o sem precedentes que abrir\u00e1 novas avenhas para a criatividade e a inova\u00e7\u00e3o humana? Prepare-se para mergulhar fundo nesta discuss\u00e3o crucial, baseada em an\u00e1lises e dados, e descobrir como a IA est\u00e1, de fato, remodelando o panorama profissional.<\/p>\n<h2><strong>Intelig\u00eancia Artificial e empregos<\/strong>: Desmistificando o Apocalipse Rob\u00f3tico<\/h2>\n<p>O temor de que m\u00e1quinas roubem nossos empregos n\u00e3o \u00e9 novo. Desde a Revolu\u00e7\u00e3o Industrial, com a introdu\u00e7\u00e3o das m\u00e1quinas a vapor e, posteriormente, as linhas de montagem, a humanidade tem enfrentado a ansiedade da automa\u00e7\u00e3o. No entanto, em cada uma dessas revolu\u00e7\u00f5es, a tecnologia n\u00e3o apenas transformou empregos existentes, mas tamb\u00e9m gerou uma quantidade colossal de novas profiss\u00f5es que sequer poder\u00edamos imaginar antes. A <strong>Intelig\u00eancia Artificial<\/strong>, com sua capacidade de processar dados em larga escala, aprender e at\u00e9 mesmo simular criatividade, eleva essa discuss\u00e3o a um novo patamar, mas os princ\u00edpios subjacentes de adapta\u00e7\u00e3o e evolu\u00e7\u00e3o permanecem.<\/p>\n<p>As preocupa\u00e7\u00f5es levantadas por figuras como Musk e Gates s\u00e3o compreens\u00edveis. A IA, em sua forma mais avan\u00e7ada, pode realizar tarefas repetitivas, an\u00e1lises complexas e at\u00e9 mesmo criar conte\u00fado com uma efici\u00eancia e velocidade que superam em muito a capacidade humana. Secret\u00e1rias, contadores, motoristas, e at\u00e9 mesmo designers e redatores \u2013 quase nenhuma profiss\u00e3o parece imune \u00e0 influ\u00eancia da IA. O argumento central \u00e9 que, diferentemente das revolu\u00e7\u00f5es anteriores que automatizavam tarefas manuais, a IA est\u00e1 invadindo o dom\u00ednio do trabalho cognitivo, que antes era considerado exclusivamente humano. Isso levanta quest\u00f5es v\u00e1lidas sobre o papel da educa\u00e7\u00e3o, da requalifica\u00e7\u00e3o e da necessidade de pol\u00edticas sociais robustas, como a Renda B\u00e1sica Universal (RBU), para um futuro em que a oferta de empregos tradicionais possa ser menor.<\/p>\n<p>No entanto, a perspectiva de um futuro com desemprego em massa negligencia um fator crucial: a capacidade humana de adapta\u00e7\u00e3o e a cria\u00e7\u00e3o de valor em novas fronteiras. O que os dados do LinkedIn e de outras plataformas de emprego t\u00eam mostrado \u00e9 um aumento na demanda por certas habilidades e perfis profissionais. N\u00e3o se trata de uma simples substitui\u00e7\u00e3o, mas de uma reconfigura\u00e7\u00e3o. Por exemplo, enquanto a IA pode automatizar a triagem de curr\u00edculos, a necessidade de especialistas em aquisi\u00e7\u00e3o de talentos com intelig\u00eancia emocional e habilidades de negocia\u00e7\u00e3o para lidar com candidatos humanos permanece vital. A IA se torna uma ferramenta, um copiloto, que amplifica a produtividade e a capacidade humana, n\u00e3o um substituto completo.<\/p>\n<p>Pense na introdu\u00e7\u00e3o dos computadores pessoais. Muitos temiam que eles levassem ao fim dos escrit\u00f3rios e dos digitadores. Em vez disso, surgiram novas ind\u00fastrias, como a de desenvolvimento de software, design gr\u00e1fico digital, suporte t\u00e9cnico, e-commerce, e in\u00fameras outras que hoje s\u00e3o pilares da nossa economia. A IA est\u00e1, de forma semelhante, catalisando o surgimento de novas categorias de trabalho e aprimorando as existentes. Para cada tarefa automatizada, surge uma necessidade de supervis\u00e3o, manuten\u00e7\u00e3o, desenvolvimento, \u00e9tica e intera\u00e7\u00e3o com a IA. Essa nuance \u00e9 frequentemente perdida no frenesi das previs\u00f5es alarmistas, mas \u00e9 fundamental para entender o verdadeiro impacto da <strong>Intelig\u00eancia Artificial e empregos<\/strong>.<\/p>\n<h2>A Ascens\u00e3o de Novas Habilidades e a Reinven\u00e7\u00e3o do Profissional<\/h2>\n<p>Se a <strong>Intelig\u00eancia Artificial<\/strong> n\u00e3o est\u00e1 simplesmente eliminando empregos, mas os transformando, qual \u00e9 o caminho a seguir para os profissionais? A resposta reside na aquisi\u00e7\u00e3o e no aprimoramento de habilidades que complementam, em vez de competir com, as capacidades da IA. O futuro do trabalho ser\u00e1 marcado pela colabora\u00e7\u00e3o entre humanos e m\u00e1quinas, onde as qualidades intrinsecamente humanas ganhar\u00e3o ainda mais destaque.<\/p>\n<p>No topo da lista de habilidades emergentes est\u00e3o: **pensamento cr\u00edtico e complexo**, **criatividade**, **intelig\u00eancia emocional**, **resolu\u00e7\u00e3o de problemas complexos** e **comunica\u00e7\u00e3o interpessoal**. Estas s\u00e3o \u00e1reas onde a IA, embora avan\u00e7ada, ainda n\u00e3o consegue replicar completamente a nuance, a empatia e a capacidade de inovar de forma verdadeiramente original que os humanos possuem. Por exemplo, a IA pode gerar milh\u00f5es de ideias de design, mas \u00e9 o designer humano quem seleciona as melhores, adapta-as ao contexto cultural e emocional, e as refina com um toque pessoal que ressoa com o p\u00fablico.<\/p>\n<p>Al\u00e9m das &#8216;soft skills&#8217;, as habilidades t\u00e9cnicas tamb\u00e9m est\u00e3o evoluindo. Profissionais de todas as \u00e1reas precisar\u00e3o desenvolver uma **alfabetiza\u00e7\u00e3o em IA** e **dados**. Isso n\u00e3o significa que todos precisam se tornar cientistas de dados, mas entender como a IA funciona, como interagir com ela (atrav\u00e9s de prompts eficazes), como interpretar seus resultados e como identificar vieses ser\u00e1 crucial. A **engenharia de prompts**, por exemplo, j\u00e1 se tornou uma habilidade valiosa, permitindo que as pessoas extraiam o m\u00e1ximo de ferramentas de IA generativas.<\/p>\n<p>Novos pap\u00e9is, como **especialistas em \u00e9tica de IA**, **treinadores de IA**, **curadores de dados para IA**, e **integradores de sistemas de IA**, est\u00e3o surgindo rapidamente. Estes s\u00e3o empregos que combinam conhecimento t\u00e9cnico com uma profunda compreens\u00e3o das implica\u00e7\u00f5es sociais e \u00e9ticas da tecnologia. Em setores como a sa\u00fade, a IA pode auxiliar no diagn\u00f3stico e na descoberta de medicamentos, mas o toque humano do m\u00e9dico e do enfermeiro na intera\u00e7\u00e3o com o paciente continua insubstitu\u00edvel. Na educa\u00e7\u00e3o, a IA pode personalizar o aprendizado, mas o professor ainda \u00e9 fundamental para inspirar, orientar e nutrir o pensamento cr\u00edtico dos alunos.<\/p>\n<p>Essa reinven\u00e7\u00e3o do profissional exige uma mentalidade de aprendizado cont\u00ednuo. A ideia de uma carreira linear, onde se aprende uma profiss\u00e3o e a pratica por 40 anos, est\u00e1 se tornando obsoleta. Em vez disso, o profissional do futuro ser\u00e1 um aprendiz ao longo da vida, constantemente atualizando suas habilidades e se adaptando \u00e0s novas ferramentas e tecnologias. Universidades, empresas e at\u00e9 mesmo plataformas de educa\u00e7\u00e3o online est\u00e3o respondendo a essa demanda, oferecendo cursos e certifica\u00e7\u00f5es que preparam os indiv\u00edduos para as realidades de um mercado de trabalho impulsionado pela IA. A capacidade de se reinventar, de abra\u00e7ar o novo e de ver a IA como uma aliada estrat\u00e9gica ser\u00e1 o grande diferencial.<\/p>\n<h2>O Papel da Gera\u00e7\u00e3o Z e a Adapta\u00e7\u00e3o ao Novo Cen\u00e1rio<\/h2>\n<p>A men\u00e7\u00e3o de que a ascens\u00e3o da demanda por talentos \u00e9 \u201cm\u00fasica para os ouvidos da Gera\u00e7\u00e3o Z\u201d n\u00e3o \u00e9 por acaso. Nascidos em um mundo intrinsecamente digital, com acesso irrestrito \u00e0 informa\u00e7\u00e3o e uma fluidez natural com a tecnologia, os membros da Gera\u00e7\u00e3o Z possuem caracter\u00edsticas que os posicionam de forma \u00fanica para prosperar na era da <strong>Intelig\u00eancia Artificial<\/strong>. Eles n\u00e3o apenas se adaptam facilmente \u00e0s novas ferramentas, mas as incorporam de forma org\u00e2nica em seus processos di\u00e1rios, vendo-as como extens\u00f5es de suas pr\u00f3prias capacidades.<\/p>\n<p>Essa gera\u00e7\u00e3o, muitas vezes, \u00e9 caracterizada por sua mentalidade empreendedora, desejo de autonomia e busca por prop\u00f3sito no trabalho. A IA oferece um terreno f\u00e9rtil para todas essas aspira\u00e7\u00f5es. Empreendedores da Gera\u00e7\u00e3o Z podem usar ferramentas de IA para automatizar tarefas operacionais, liberar tempo para a inova\u00e7\u00e3o e escalar seus neg\u00f3cios de maneiras que seriam imposs\u00edveis para gera\u00e7\u00f5es anteriores. Artistas, criadores de conte\u00fado e desenvolvedores podem aproveitar a IA para prototipar ideias rapidamente, explorar novas est\u00e9ticas e personalizar experi\u00eancias para seu p\u00fablico. Para a Gera\u00e7\u00e3o Z, a IA n\u00e3o \u00e9 uma amea\u00e7a, mas um arsenal de superpoderes digitais.<\/p>\n<p>Al\u00e9m disso, a Gera\u00e7\u00e3o Z valoriza a diversidade de habilidades e a colabora\u00e7\u00e3o. Eles tendem a ser mais abertos a abordagens multidisciplinares e a trabalhar em equipes que combinam diferentes expertises, incluindo a \u201cexpertise\u201d da m\u00e1quina. Essa mentalidade de \u201ccolabora\u00e7\u00e3o homem-m\u00e1quina\u201d \u00e9 exatamente o que ser\u00e1 exigido em um futuro onde a IA se integra em quase todos os aspectos do trabalho. Eles s\u00e3o os primeiros a adotar novas plataformas e tecnologias, a experimentar e a compartilhar seus conhecimentos, criando comunidades de aprendizado que aceleram a ado\u00e7\u00e3o de inova\u00e7\u00f5es.<\/p>\n<p>Contudo, essa vantagem n\u00e3o \u00e9 autom\u00e1tica. \u00c9 fundamental que os sistemas educacionais e os pr\u00f3prios jovens se concentrem n\u00e3o apenas no consumo de tecnologia, mas tamb\u00e9m na compreens\u00e3o de seus princ\u00edpios, na \u00e9tica de seu uso e no desenvolvimento das habilidades humanas que a IA n\u00e3o pode replicar. A Gera\u00e7\u00e3o Z precisar\u00e1 ser tanto consumidora quanto criadora de solu\u00e7\u00f5es de IA, entendendo seus limites e potencialidades. A capacidade de formular as perguntas certas para a IA, de discernir informa\u00e7\u00f5es e de aplicar o julgamento humano \u00e9 o que realmente far\u00e1 a diferen\u00e7a.<\/p>\n<p>Em suma, a Gera\u00e7\u00e3o Z est\u00e1 na linha de frente da revolu\u00e7\u00e3o da IA. Sua adaptabilidade inata, sua fluidez digital e sua mentalidade aberta \u00e0 inova\u00e7\u00e3o s\u00e3o ativos inestim\u00e1veis. \u00c0 medida que o cen\u00e1rio da <strong>Intelig\u00eancia Artificial e empregos<\/strong> continua a evoluir, essa gera\u00e7\u00e3o tem a oportunidade \u00fanica de moldar o futuro do trabalho, transformando os desafios em oportunidades sem precedentes e redefinindo o que significa ser um profissional no s\u00e9culo XXI.<\/p>\n<h2>Conclus\u00e3o: O Horizonte da Colabora\u00e7\u00e3o<\/h2>\n<p>As profecias de um futuro dist\u00f3pico onde a <strong>Intelig\u00eancia Artificial<\/strong> elimina a necessidade do trabalho humano, embora provocativas, parecem distantes da realidade que os dados atuais nos apresentam. A hist\u00f3ria nos ensina que, com cada salto tecnol\u00f3gico, a humanidade encontra novas formas de criar valor, expandir seus horizontes e, paradoxalmente, refor\u00e7ar o que nos torna singularmente humanos. A IA, longe de ser o arauto do desemprego em massa, est\u00e1 se consolidando como uma poderosa ferramenta de amplifica\u00e7\u00e3o, permitindo que profissionais em todas as \u00e1reas atinjam n\u00edveis de produtividade e criatividade antes inimagin\u00e1veis.<\/p>\n<p>O futuro do trabalho com a <strong>Intelig\u00eancia Artificial<\/strong> n\u00e3o \u00e9 sobre quem vence \u2013 humanos ou m\u00e1quinas \u2013 mas sobre como podemos colaborar de forma mais eficaz. \u00c9 um convite \u00e0 reinven\u00e7\u00e3o cont\u00ednua, ao aprendizado de novas habilidades e \u00e0 valoriza\u00e7\u00e3o das qualidades humanas insubstitu\u00edveis: a criatividade, a intelig\u00eancia emocional, o pensamento cr\u00edtico e a capacidade de inovar com prop\u00f3sito. Para a Gera\u00e7\u00e3o Z e para todos os profissionais dispostos a abra\u00e7ar essa transforma\u00e7\u00e3o, o horizonte \u00e9 de vastas oportunidades, onde a IA serve como uma ponte para um futuro mais eficiente, criativo e, acima de tudo, humano. O p\u00e2nico pode vender manchetes, mas a colabora\u00e7\u00e3o e a inova\u00e7\u00e3o constroem o amanh\u00e3.<\/p>\n","protected":false},"excerpt":{"rendered":"<p>A cada nova revolu\u00e7\u00e3o tecnol\u00f3gica, surge uma onda de p\u00e2nico misturada a uma euforia desenfreada. A Intelig\u00eancia Artificial (IA) n\u00e3o \u00e9 exce\u00e7\u00e3o. De um lado, temos vozes influentes como Elon Musk e Bill Gates, que pintam um cen\u00e1rio apocal\u00edptico onde a automa\u00e7\u00e3o em massa, impulsionada pela IA, dizimar\u00e1 milh\u00f5es de empregos nas pr\u00f3ximas d\u00e9cadas. Eles [&hellip;]<\/p>\n","protected":false},"author":1,"featured_media":2673,"comment_status":"open","ping_status":"open","sticky":false,"template":"","format":"standard","meta":{"_yoast_wpseo_focuskw":"Intelig\u00eancia Artificial e empregos","_yoast_wpseo_metadesc":"Elon Musk e Bill Gates preveem um futuro sem empregos, mas dados do LinkedIn mostram um cen\u00e1rio diferente. Explore o verdadeiro impacto da Intelig\u00eancia Artificial e empregos no mercado, desmistificando mitos e revelando novas oportunidades para profissionais, especialmente a Gera\u00e7\u00e3o Z.","footnotes":""},"categories":[2],"tags":[],"class_list":["post-2674","post","type-post","status-publish","format-standard","has-post-thumbnail","hentry","category-novidades"],"yoast_head":"<!-- This site is optimized with the Yoast SEO plugin v25.6 - https:\/\/yoast.com\/wordpress\/plugins\/seo\/ -->\n<title>IA e o Futuro do Trabalho: P\u00e2nico ou Oportunidade? O Que os Dados Reais Nos Dizem - Lacerda AI<\/title>\n<meta name=\"description\" content=\"Elon Musk e Bill Gates preveem um futuro sem empregos, mas dados do LinkedIn mostram um cen\u00e1rio diferente. Explore o verdadeiro impacto da Intelig\u00eancia Artificial e empregos no mercado, desmistificando mitos e revelando novas oportunidades para profissionais, especialmente a Gera\u00e7\u00e3o Z.\" \/>\n<meta name=\"robots\" content=\"index, follow, max-snippet:-1, max-image-preview:large, max-video-preview:-1\" \/>\n<link rel=\"canonical\" href=\"https:\/\/lacerdaai.com\/br\/ia-e-o-futuro-do-trabalho-panico-ou-oportunidade-o-que-os-dados-reais-nos-dizem\/\" \/>\n<meta property=\"og:locale\" content=\"pt_BR\" \/>\n<meta property=\"og:type\" content=\"article\" \/>\n<meta property=\"og:title\" content=\"IA e o Futuro do Trabalho: P\u00e2nico ou Oportunidade? O Que os Dados Reais Nos Dizem - Lacerda AI\" \/>\n<meta property=\"og:description\" content=\"Elon Musk e Bill Gates preveem um futuro sem empregos, mas dados do LinkedIn mostram um cen\u00e1rio diferente. Explore o verdadeiro impacto da Intelig\u00eancia Artificial e empregos no mercado, desmistificando mitos e revelando novas oportunidades para profissionais, especialmente a Gera\u00e7\u00e3o Z.\" \/>\n<meta property=\"og:url\" content=\"https:\/\/lacerdaai.com\/br\/ia-e-o-futuro-do-trabalho-panico-ou-oportunidade-o-que-os-dados-reais-nos-dizem\/\" \/>\n<meta property=\"og:site_name\" content=\"Lacerda AI\" \/>\n<meta property=\"article:published_time\" content=\"2025-12-06T23:42:45+00:00\" \/>\n<meta property=\"article:modified_time\" content=\"2025-12-06T23:42:47+00:00\" \/>\n<meta name=\"author\" content=\"Andr\u00e9 Lacerda\" \/>\n<meta name=\"twitter:card\" content=\"summary_large_image\" \/>\n<meta name=\"twitter:label1\" content=\"Escrito por\" \/>\n\t<meta name=\"twitter:data1\" content=\"Andr\u00e9 Lacerda\" \/>\n\t<meta name=\"twitter:label2\" content=\"Est. tempo de leitura\" \/>\n\t<meta name=\"twitter:data2\" content=\"10 minutos\" \/>\n<script type=\"application\/ld+json\" class=\"yoast-schema-graph\">{\"@context\":\"https:\/\/schema.org\",\"@graph\":[{\"@type\":\"WebPage\",\"@id\":\"https:\/\/lacerdaai.com\/br\/ia-e-o-futuro-do-trabalho-panico-ou-oportunidade-o-que-os-dados-reais-nos-dizem\/\",\"url\":\"https:\/\/lacerdaai.com\/br\/ia-e-o-futuro-do-trabalho-panico-ou-oportunidade-o-que-os-dados-reais-nos-dizem\/\",\"name\":\"IA e o Futuro do Trabalho: P\u00e2nico ou Oportunidade? O Que os Dados Reais Nos Dizem - Lacerda AI\",\"isPartOf\":{\"@id\":\"https:\/\/lacerdaai.com\/br\/#website\"},\"primaryImageOfPage\":{\"@id\":\"https:\/\/lacerdaai.com\/br\/ia-e-o-futuro-do-trabalho-panico-ou-oportunidade-o-que-os-dados-reais-nos-dizem\/#primaryimage\"},\"image\":{\"@id\":\"https:\/\/lacerdaai.com\/br\/ia-e-o-futuro-do-trabalho-panico-ou-oportunidade-o-que-os-dados-reais-nos-dizem\/#primaryimage\"},\"thumbnailUrl\":\"https:\/\/lacerdaai.com\/br\/wp-content\/uploads\/2025\/12\/imagem-26.jpg\",\"datePublished\":\"2025-12-06T23:42:45+00:00\",\"dateModified\":\"2025-12-06T23:42:47+00:00\",\"author\":{\"@id\":\"https:\/\/lacerdaai.com\/br\/#\/schema\/person\/8bad803c2e83a0c5c5c75e02a1c2248f\"},\"description\":\"Elon Musk e Bill Gates preveem um futuro sem empregos, mas dados do LinkedIn mostram um cen\u00e1rio diferente. Explore o verdadeiro impacto da Intelig\u00eancia Artificial e empregos no mercado, desmistificando mitos e revelando novas oportunidades para profissionais, especialmente a Gera\u00e7\u00e3o Z.\",\"breadcrumb\":{\"@id\":\"https:\/\/lacerdaai.com\/br\/ia-e-o-futuro-do-trabalho-panico-ou-oportunidade-o-que-os-dados-reais-nos-dizem\/#breadcrumb\"},\"inLanguage\":\"pt-BR\",\"potentialAction\":[{\"@type\":\"ReadAction\",\"target\":[\"https:\/\/lacerdaai.com\/br\/ia-e-o-futuro-do-trabalho-panico-ou-oportunidade-o-que-os-dados-reais-nos-dizem\/\"]}]},{\"@type\":\"ImageObject\",\"inLanguage\":\"pt-BR\",\"@id\":\"https:\/\/lacerdaai.com\/br\/ia-e-o-futuro-do-trabalho-panico-ou-oportunidade-o-que-os-dados-reais-nos-dizem\/#primaryimage\",\"url\":\"https:\/\/lacerdaai.com\/br\/wp-content\/uploads\/2025\/12\/imagem-26.jpg\",\"contentUrl\":\"https:\/\/lacerdaai.com\/br\/wp-content\/uploads\/2025\/12\/imagem-26.jpg\",\"width\":1200,\"height\":721},{\"@type\":\"BreadcrumbList\",\"@id\":\"https:\/\/lacerdaai.com\/br\/ia-e-o-futuro-do-trabalho-panico-ou-oportunidade-o-que-os-dados-reais-nos-dizem\/#breadcrumb\",\"itemListElement\":[{\"@type\":\"ListItem\",\"position\":1,\"name\":\"In\u00edcio\",\"item\":\"https:\/\/lacerdaai.com\/br\/\"},{\"@type\":\"ListItem\",\"position\":2,\"name\":\"IA e o Futuro do Trabalho: P\u00e2nico ou Oportunidade? O Que os Dados Reais Nos Dizem\"}]},{\"@type\":\"WebSite\",\"@id\":\"https:\/\/lacerdaai.com\/br\/#website\",\"url\":\"https:\/\/lacerdaai.com\/br\/\",\"name\":\"Lacerda AI\",\"description\":\"Seu blog di\u00e1rio de novidades do mundo da Inteligencia Artificial\",\"potentialAction\":[{\"@type\":\"SearchAction\",\"target\":{\"@type\":\"EntryPoint\",\"urlTemplate\":\"https:\/\/lacerdaai.com\/br\/?s={search_term_string}\"},\"query-input\":{\"@type\":\"PropertyValueSpecification\",\"valueRequired\":true,\"valueName\":\"search_term_string\"}}],\"inLanguage\":\"pt-BR\"},{\"@type\":\"Person\",\"@id\":\"https:\/\/lacerdaai.com\/br\/#\/schema\/person\/8bad803c2e83a0c5c5c75e02a1c2248f\",\"name\":\"Andr\u00e9 Lacerda\",\"image\":{\"@type\":\"ImageObject\",\"inLanguage\":\"pt-BR\",\"@id\":\"https:\/\/lacerdaai.com\/br\/#\/schema\/person\/image\/\",\"url\":\"https:\/\/secure.gravatar.com\/avatar\/f5c1fa5ad9763f54c1f223c3fc91f131da6288c9f9e28d74bb3c355ad99af205?s=96&d=mm&r=g\",\"contentUrl\":\"https:\/\/secure.gravatar.com\/avatar\/f5c1fa5ad9763f54c1f223c3fc91f131da6288c9f9e28d74bb3c355ad99af205?s=96&d=mm&r=g\",\"caption\":\"Andr\u00e9 Lacerda\"},\"description\":\"Sou o Andr\u00e9 Lacerda, tenho 35 anos e sou apaixonado por tecnologia, intelig\u00eancia artificial e boas hist\u00f3rias. Me formei em Tecnologia e Jornalismo \u2014 sim, uma mistura meio improv\u00e1vel, mas que combina muito comigo. J\u00e1 morei no Canad\u00e1 e na Espanha, e essas experi\u00eancias me ajudaram a enxergar a inova\u00e7\u00e3o com um olhar mais global (e a me virar bem em tr\u00eas idiomas \ud83d\ude04). Trabalhei em algumas das maiores empresas de tecnologia do mercado e, hoje, atuo como consultor ajudando neg\u00f3cios a entenderem e aplicarem IA de forma pr\u00e1tica, estrat\u00e9gica e humana. Gosto de traduzir o complexo em algo simples \u2014 e \u00e9 isso que voc\u00ea vai encontrar por aqui.\",\"sameAs\":[\"http:\/\/lacerdaai.com\/br\"],\"url\":\"https:\/\/lacerdaai.com\/br\/author\/red-admin\/\"}]}<\/script>\n<!-- \/ Yoast SEO plugin. -->","yoast_head_json":{"title":"IA e o Futuro do Trabalho: P\u00e2nico ou Oportunidade? O Que os Dados Reais Nos Dizem - Lacerda AI","description":"Elon Musk e Bill Gates preveem um futuro sem empregos, mas dados do LinkedIn mostram um cen\u00e1rio diferente. Explore o verdadeiro impacto da Intelig\u00eancia Artificial e empregos no mercado, desmistificando mitos e revelando novas oportunidades para profissionais, especialmente a Gera\u00e7\u00e3o Z.","robots":{"index":"index","follow":"follow","max-snippet":"max-snippet:-1","max-image-preview":"max-image-preview:large","max-video-preview":"max-video-preview:-1"},"canonical":"https:\/\/lacerdaai.com\/br\/ia-e-o-futuro-do-trabalho-panico-ou-oportunidade-o-que-os-dados-reais-nos-dizem\/","og_locale":"pt_BR","og_type":"article","og_title":"IA e o Futuro do Trabalho: P\u00e2nico ou Oportunidade? O Que os Dados Reais Nos Dizem - Lacerda AI","og_description":"Elon Musk e Bill Gates preveem um futuro sem empregos, mas dados do LinkedIn mostram um cen\u00e1rio diferente. Explore o verdadeiro impacto da Intelig\u00eancia Artificial e empregos no mercado, desmistificando mitos e revelando novas oportunidades para profissionais, especialmente a Gera\u00e7\u00e3o Z.","og_url":"https:\/\/lacerdaai.com\/br\/ia-e-o-futuro-do-trabalho-panico-ou-oportunidade-o-que-os-dados-reais-nos-dizem\/","og_site_name":"Lacerda AI","article_published_time":"2025-12-06T23:42:45+00:00","article_modified_time":"2025-12-06T23:42:47+00:00","author":"Andr\u00e9 Lacerda","twitter_card":"summary_large_image","twitter_misc":{"Escrito por":"Andr\u00e9 Lacerda","Est. tempo de leitura":"10 minutos"},"schema":{"@context":"https:\/\/schema.org","@graph":[{"@type":"WebPage","@id":"https:\/\/lacerdaai.com\/br\/ia-e-o-futuro-do-trabalho-panico-ou-oportunidade-o-que-os-dados-reais-nos-dizem\/","url":"https:\/\/lacerdaai.com\/br\/ia-e-o-futuro-do-trabalho-panico-ou-oportunidade-o-que-os-dados-reais-nos-dizem\/","name":"IA e o Futuro do Trabalho: P\u00e2nico ou Oportunidade? O Que os Dados Reais Nos Dizem - Lacerda AI","isPartOf":{"@id":"https:\/\/lacerdaai.com\/br\/#website"},"primaryImageOfPage":{"@id":"https:\/\/lacerdaai.com\/br\/ia-e-o-futuro-do-trabalho-panico-ou-oportunidade-o-que-os-dados-reais-nos-dizem\/#primaryimage"},"image":{"@id":"https:\/\/lacerdaai.com\/br\/ia-e-o-futuro-do-trabalho-panico-ou-oportunidade-o-que-os-dados-reais-nos-dizem\/#primaryimage"},"thumbnailUrl":"https:\/\/lacerdaai.com\/br\/wp-content\/uploads\/2025\/12\/imagem-26.jpg","datePublished":"2025-12-06T23:42:45+00:00","dateModified":"2025-12-06T23:42:47+00:00","author":{"@id":"https:\/\/lacerdaai.com\/br\/#\/schema\/person\/8bad803c2e83a0c5c5c75e02a1c2248f"},"description":"Elon Musk e Bill Gates preveem um futuro sem empregos, mas dados do LinkedIn mostram um cen\u00e1rio diferente. Explore o verdadeiro impacto da Intelig\u00eancia Artificial e empregos no mercado, desmistificando mitos e revelando novas oportunidades para profissionais, especialmente a Gera\u00e7\u00e3o Z.","breadcrumb":{"@id":"https:\/\/lacerdaai.com\/br\/ia-e-o-futuro-do-trabalho-panico-ou-oportunidade-o-que-os-dados-reais-nos-dizem\/#breadcrumb"},"inLanguage":"pt-BR","potentialAction":[{"@type":"ReadAction","target":["https:\/\/lacerdaai.com\/br\/ia-e-o-futuro-do-trabalho-panico-ou-oportunidade-o-que-os-dados-reais-nos-dizem\/"]}]},{"@type":"ImageObject","inLanguage":"pt-BR","@id":"https:\/\/lacerdaai.com\/br\/ia-e-o-futuro-do-trabalho-panico-ou-oportunidade-o-que-os-dados-reais-nos-dizem\/#primaryimage","url":"https:\/\/lacerdaai.com\/br\/wp-content\/uploads\/2025\/12\/imagem-26.jpg","contentUrl":"https:\/\/lacerdaai.com\/br\/wp-content\/uploads\/2025\/12\/imagem-26.jpg","width":1200,"height":721},{"@type":"BreadcrumbList","@id":"https:\/\/lacerdaai.com\/br\/ia-e-o-futuro-do-trabalho-panico-ou-oportunidade-o-que-os-dados-reais-nos-dizem\/#breadcrumb","itemListElement":[{"@type":"ListItem","position":1,"name":"In\u00edcio","item":"https:\/\/lacerdaai.com\/br\/"},{"@type":"ListItem","position":2,"name":"IA e o Futuro do Trabalho: P\u00e2nico ou Oportunidade? O Que os Dados Reais Nos Dizem"}]},{"@type":"WebSite","@id":"https:\/\/lacerdaai.com\/br\/#website","url":"https:\/\/lacerdaai.com\/br\/","name":"Lacerda AI","description":"Seu blog di\u00e1rio de novidades do mundo da Inteligencia Artificial","potentialAction":[{"@type":"SearchAction","target":{"@type":"EntryPoint","urlTemplate":"https:\/\/lacerdaai.com\/br\/?s={search_term_string}"},"query-input":{"@type":"PropertyValueSpecification","valueRequired":true,"valueName":"search_term_string"}}],"inLanguage":"pt-BR"},{"@type":"Person","@id":"https:\/\/lacerdaai.com\/br\/#\/schema\/person\/8bad803c2e83a0c5c5c75e02a1c2248f","name":"Andr\u00e9 Lacerda","image":{"@type":"ImageObject","inLanguage":"pt-BR","@id":"https:\/\/lacerdaai.com\/br\/#\/schema\/person\/image\/","url":"https:\/\/secure.gravatar.com\/avatar\/f5c1fa5ad9763f54c1f223c3fc91f131da6288c9f9e28d74bb3c355ad99af205?s=96&d=mm&r=g","contentUrl":"https:\/\/secure.gravatar.com\/avatar\/f5c1fa5ad9763f54c1f223c3fc91f131da6288c9f9e28d74bb3c355ad99af205?s=96&d=mm&r=g","caption":"Andr\u00e9 Lacerda"},"description":"Sou o Andr\u00e9 Lacerda, tenho 35 anos e sou apaixonado por tecnologia, intelig\u00eancia artificial e boas hist\u00f3rias. Me formei em Tecnologia e Jornalismo \u2014 sim, uma mistura meio improv\u00e1vel, mas que combina muito comigo. J\u00e1 morei no Canad\u00e1 e na Espanha, e essas experi\u00eancias me ajudaram a enxergar a inova\u00e7\u00e3o com um olhar mais global (e a me virar bem em tr\u00eas idiomas \ud83d\ude04). Trabalhei em algumas das maiores empresas de tecnologia do mercado e, hoje, atuo como consultor ajudando neg\u00f3cios a entenderem e aplicarem IA de forma pr\u00e1tica, estrat\u00e9gica e humana. Gosto de traduzir o complexo em algo simples \u2014 e \u00e9 isso que voc\u00ea vai encontrar por aqui.","sameAs":["http:\/\/lacerdaai.com\/br"],"url":"https:\/\/lacerdaai.com\/br\/author\/red-admin\/"}]}},"_links":{"self":[{"href":"https:\/\/lacerdaai.com\/br\/wp-json\/wp\/v2\/posts\/2674","targetHints":{"allow":["GET"]}}],"collection":[{"href":"https:\/\/lacerdaai.com\/br\/wp-json\/wp\/v2\/posts"}],"about":[{"href":"https:\/\/lacerdaai.com\/br\/wp-json\/wp\/v2\/types\/post"}],"author":[{"embeddable":true,"href":"https:\/\/lacerdaai.com\/br\/wp-json\/wp\/v2\/users\/1"}],"replies":[{"embeddable":true,"href":"https:\/\/lacerdaai.com\/br\/wp-json\/wp\/v2\/comments?post=2674"}],"version-history":[{"count":1,"href":"https:\/\/lacerdaai.com\/br\/wp-json\/wp\/v2\/posts\/2674\/revisions"}],"predecessor-version":[{"id":2675,"href":"https:\/\/lacerdaai.com\/br\/wp-json\/wp\/v2\/posts\/2674\/revisions\/2675"}],"wp:featuredmedia":[{"embeddable":true,"href":"https:\/\/lacerdaai.com\/br\/wp-json\/wp\/v2\/media\/2673"}],"wp:attachment":[{"href":"https:\/\/lacerdaai.com\/br\/wp-json\/wp\/v2\/media?parent=2674"}],"wp:term":[{"taxonomy":"category","embeddable":true,"href":"https:\/\/lacerdaai.com\/br\/wp-json\/wp\/v2\/categories?post=2674"},{"taxonomy":"post_tag","embeddable":true,"href":"https:\/\/lacerdaai.com\/br\/wp-json\/wp\/v2\/tags?post=2674"}],"curies":[{"name":"wp","href":"https:\/\/api.w.org\/{rel}","templated":true}]}}