{"id":2698,"date":"2025-12-08T04:42:46","date_gmt":"2025-12-08T07:42:46","guid":{"rendered":"https:\/\/lacerdaai.com\/br\/cameras-corporais-com-ia-a-fronteira-da-seguranca-publica-e-o-intrincado-debate-sobre-privacidade\/"},"modified":"2025-12-08T04:42:48","modified_gmt":"2025-12-08T07:42:48","slug":"cameras-corporais-com-ia-a-fronteira-da-seguranca-publica-e-o-intrincado-debate-sobre-privacidade","status":"publish","type":"post","link":"https:\/\/lacerdaai.com\/br\/cameras-corporais-com-ia-a-fronteira-da-seguranca-publica-e-o-intrincado-debate-sobre-privacidade\/","title":{"rendered":"C\u00e2meras Corporais com IA: A Fronteira da Seguran\u00e7a P\u00fablica e o Intrincado Debate sobre Privacidade"},"content":{"rendered":"<p>No cen\u00e1rio em constante evolu\u00e7\u00e3o da tecnologia, poucas inova\u00e7\u00f5es geram tanto entusiasmo quanto preocupa\u00e7\u00e3o quanto a aplica\u00e7\u00e3o da intelig\u00eancia artificial (IA) na seguran\u00e7a p\u00fablica. O que antes era um enredo de fic\u00e7\u00e3o cient\u00edfica, ou talvez um tabu impens\u00e1vel, est\u00e1 rapidamente se tornando uma realidade tang\u00edvel nas ruas de algumas cidades. A promessa \u00e9 de um policiamento mais eficiente, capaz de identificar amea\u00e7as e criminosos em tempo real, mas o custo potencial para a privacidade e as liberdades civis \u00e9 um tema que exige um debate profundo e cont\u00ednuo. \u00c9 neste contexto que um projeto piloto na cidade de Edmonton, no Canad\u00e1, reacende essa discuss\u00e3o, ao testar c\u00e2meras corporais equipadas com IA capazes de detectar rostos em uma lista de vigil\u00e2ncia de &#8220;alto risco&#8221;.<\/p>\n<p>Essa iniciativa marca um passo significativo na integra\u00e7\u00e3o da IA no dia a dia da for\u00e7a policial, transcendendo a simples grava\u00e7\u00e3o de eventos para um n\u00edvel de an\u00e1lise e identifica\u00e7\u00e3o proativa. Enquanto defensores apontam para o potencial de reduzir a criminalidade e aumentar a seguran\u00e7a dos cidad\u00e3os e dos pr\u00f3prios oficiais, cr\u00edticos levantam bandeiras vermelhas sobre a vigil\u00e2ncia em massa, o vi\u00e9s algor\u00edtmico e a eros\u00e3o da privacidade. Como sociedade, estamos prontos para cruzar essa fronteira? Quais s\u00e3o as implica\u00e7\u00f5es a longo prazo de permitir que m\u00e1quinas com IA patrulhem nossas ruas, identificando e categorizando indiv\u00edduos com base em crit\u00e9rios pr\u00e9-definidos? Este artigo mergulha nas nuances dessa tecnologia, explorando seus benef\u00edcios potenciais, os riscos inerentes e a necessidade urgente de um di\u00e1logo \u00e9tico e regulat\u00f3rio robusto.<\/p>\n<p>### A <strong>Intelig\u00eancia Artificial na Seguran\u00e7a P\u00fablica<\/strong>: Entre a Efici\u00eancia e o Dilema \u00c9tico<\/p>\n<p>A recente iniciativa em Edmonton, Canad\u00e1, de equipar c\u00e2meras corporais de policiais com tecnologia de intelig\u00eancia artificial para detec\u00e7\u00e3o facial de pessoas em uma lista de observa\u00e7\u00e3o de \u201calto risco\u201d \u00e9 um divisor de \u00e1guas. At\u00e9 pouco tempo, a ideia de usar reconhecimento facial em tempo real por oficiais em patrulha era vista com grande ceticismo e at\u00e9 repulsa, principalmente devido \u00e0s preocupa\u00e7\u00f5es com a privacidade e o potencial de abuso. No entanto, o avan\u00e7o exponencial da IA e a crescente demanda por solu\u00e7\u00f5es inovadoras para a seguran\u00e7a urbana est\u00e3o transformando essa percep\u00e7\u00e3o.<\/p>\n<p>As c\u00e2meras corporais, por si s\u00f3, j\u00e1 representaram uma revolu\u00e7\u00e3o no policiamento, promovendo maior transpar\u00eancia e responsabilidade ao registrar intera\u00e7\u00f5es entre oficiais e o p\u00fablico. Contudo, a adi\u00e7\u00e3o da IA eleva essas ferramentas a um novo patamar de capacidade. Em vez de serem meros gravadores passivos, elas se tornam olhos digitais ativos, capazes de processar informa\u00e7\u00f5es visuais, identificar padr\u00f5es e, crucialmente, comparar rostos com bancos de dados de interesse criminal ou de seguran\u00e7a. A proposta \u00e9 clara: agilizar a identifica\u00e7\u00e3o de suspeitos, localizar foragidos ou indiv\u00edduos considerados perigosos, e potencialmente prevenir crimes antes que aconte\u00e7am. Imagina-se um cen\u00e1rio onde um oficial, ao se aproximar de uma multid\u00e3o, \u00e9 alertado discretamente por sua c\u00e2mera sobre a presen\u00e7a de algu\u00e9m procurado pela justi\u00e7a ou com hist\u00f3rico de viol\u00eancia grave. A efici\u00eancia parece ineg\u00e1vel.<\/p>\n<p>Contudo, a quest\u00e3o central que emerge \u00e9: a que custo essa efici\u00eancia \u00e9 alcan\u00e7ada? A lista de \u201calto risco\u201d \u2013 quem a define? Com base em quais crit\u00e9rios? E o que acontece se um cidad\u00e3o inocente for erroneamente inclu\u00eddo nessa lista? Essas s\u00e3o perguntas que a tecnologia, por mais avan\u00e7ada que seja, n\u00e3o pode responder por si s\u00f3. A implementa\u00e7\u00e3o da intelig\u00eancia artificial na seguran\u00e7a p\u00fablica exige uma estrutura \u00e9tica e legal s\u00f3lida, que hoje ainda \u00e9 incipiente na maioria das jurisdi\u00e7\u00f5es. Organiza\u00e7\u00f5es de direitos civis e defensores da privacidade alertam que, sem regulamenta\u00e7\u00e3o adequada, essa tecnologia pode levar a uma vigil\u00e2ncia em massa sem precedentes, transformando espa\u00e7os p\u00fablicos em \u00e1reas de monitoramento constante, onde cada rosto \u00e9 escaneado e analisado. A linha entre proteger a sociedade e invadir sua privacidade torna-se perigosamente t\u00eanue, demandando um equil\u00edbrio delicado e uma discuss\u00e3o p\u00fablica aprofundada.<\/p>\n<p>### O Reconhecimento Facial em Debate: Tecnologia, Vi\u00e9s e o Custo da Vigil\u00e2ncia<\/p>\n<p>A tecnologia de reconhecimento facial, que est\u00e1 no cerne das c\u00e2meras corporais com IA, opera atrav\u00e9s de algoritmos complexos de aprendizado de m\u00e1quina e vis\u00e3o computacional. Basicamente, o sistema capta uma imagem do rosto, identifica pontos nodais e caracter\u00edsticas biom\u00e9tricas \u00fanicas (como a dist\u00e2ncia entre os olhos, o formato do nariz, a linha da mand\u00edbula) e cria um \u201ctemplate\u201d matem\u00e1tico. Esse template \u00e9 ent\u00e3o comparado com um vasto banco de dados de rostos conhecidos \u2013 seja de criminosos, pessoas desaparecidas ou, como no caso de Edmonton, uma lista de \u201calto risco\u201d. Em milissegundos, o sistema pode apontar uma correspond\u00eancia com um alto grau de probabilidade. \u00c9 uma proeza tecnol\u00f3gica impressionante, mas n\u00e3o isenta de falhas.<\/p>\n<p>Um dos problemas mais prementes \u00e9 o vi\u00e9s algor\u00edtmico. Numerosos estudos j\u00e1 demonstraram que muitos sistemas de reconhecimento facial exibem menor precis\u00e3o na identifica\u00e7\u00e3o de mulheres e pessoas de minorias raciais, especialmente indiv\u00edduos negros. Isso ocorre porque os algoritmos s\u00e3o treinados com grandes conjuntos de dados (datasets) de imagens. Se esses datasets forem desproporcionais ou n\u00e3o representativos, o algoritmo pode aprender a identificar certas caracter\u00edsticas faciais com mais precis\u00e3o do que outras, resultando em taxas de erro significativamente mais altas para determinados grupos demogr\u00e1ficos. O impacto disso na seguran\u00e7a p\u00fablica \u00e9 alarmante: uma falsa correspond\u00eancia pode ter consequ\u00eancias devastadoras para um indiv\u00edduo inocente, levando a abordagens policiais injustificadas, pris\u00f5es err\u00f4neas e at\u00e9 processos judiciais infundados. O custo de um erro pode ser a vida e a liberdade de uma pessoa.<\/p>\n<p>Al\u00e9m do vi\u00e9s, a quest\u00e3o da privacidade e da vigil\u00e2ncia em massa \u00e9 central. Quando uma c\u00e2mera corporal com IA est\u00e1 ativa, ela n\u00e3o est\u00e1 apenas gravando; ela est\u00e1 analisando. Cada rosto que passa por sua lente \u00e9 potencialmente escaneado e comparado. Isso transforma o conceito de espa\u00e7o p\u00fablico \u2013 um local onde se espera certa anonimidade \u2013 em um ambiente de monitoramento constante. Quem garante que a \u201clista de alto risco\u201d n\u00e3o ser\u00e1 expandida para incluir manifestantes pol\u00edticos, ativistas, ou qualquer grupo que o Estado considere \u201cinc\u00f4modo\u201d? O risco de \u201cmission creep\u201d (expans\u00e3o do escopo original) \u00e9 real e preocupante. Al\u00e9m disso, h\u00e1 o perigo de que essa vasta quantidade de dados biom\u00e9tricos seja hackeada, vazada ou usada indevidamente. Em um mundo onde dados pessoais s\u00e3o o novo ouro, informa\u00e7\u00f5es t\u00e3o sens\u00edveis como as caracter\u00edsticas faciais de uma popula\u00e7\u00e3o representam um alvo valioso para atores mal-intencionados.<\/p>\n<p>Empresas de tecnologia, como a Axon (que fabrica as c\u00e2meras em teste em Edmonton) e a Amazon (cujo servi\u00e7o Rekognition j\u00e1 foi utilizado em outros contextos policiais), t\u00eam sido frequentemente pressionadas sobre as implica\u00e7\u00f5es \u00e9ticas de seus produtos. Muitos funcion\u00e1rios e ativistas pediram que essas empresas parassem de vender tecnologia de reconhecimento facial para ag\u00eancias governamentais, citando os riscos \u00e0 privacidade e aos direitos civis. O debate est\u00e1 longe de ser resolvido, e a cada novo projeto piloto, a urg\u00eancia de encontrar um equil\u00edbrio entre inova\u00e7\u00e3o tecnol\u00f3gica e salvaguarda das liberdades fundamentais se intensifica.<\/p>\n<p>### Rumo a um Futuro Vigiado? Desafios Regulat\u00f3rios e a Necessidade de um Di\u00e1logo Aberto<\/p>\n<p>A implementa\u00e7\u00e3o da <strong>intelig\u00eancia artificial na seguran\u00e7a p\u00fablica<\/strong>, especialmente com tecnologias de reconhecimento facial em c\u00e2meras corporais, nos for\u00e7a a confrontar um cen\u00e1rio complexo e com poucas respostas claras. A aus\u00eancia de um arcabou\u00e7o regulat\u00f3rio robusto e universal \u00e9 um dos maiores entraves. Enquanto leis de prote\u00e7\u00e3o de dados, como a GDPR na Europa ou a LGPD no Brasil, oferecem alguma prote\u00e7\u00e3o, elas nem sempre s\u00e3o espec\u00edficas o suficiente para lidar com as nuances e os desafios \u00fanicos apresentados pela IA em tempo real no policiamento. Quem estabelece os limites para o uso dessa tecnologia? Que tipo de supervis\u00e3o \u00e9 necess\u00e1ria para garantir que ela seja usada de forma justa e transparente? E como as ag\u00eancias de aplica\u00e7\u00e3o da lei ser\u00e3o responsabilizadas por erros ou abusos?<\/p>\n<p>Diversas cidades e estados nos EUA, e at\u00e9 mesmo pa\u00edses, j\u00e1 impuseram morat\u00f3rias ou proibi\u00e7\u00f5es ao uso de reconhecimento facial por parte da pol\u00edcia e de outras ag\u00eancias governamentais, reconhecendo a gravidade das preocupa\u00e7\u00f5es. Outras abordagens incluem a cria\u00e7\u00e3o de conselhos de \u00e9tica em IA ou a exig\u00eancia de avalia\u00e7\u00f5es de impacto algor\u00edtmico antes da implanta\u00e7\u00e3o de tais sistemas. O Brasil, com seus pr\u00f3prios desafios complexos de seguran\u00e7a p\u00fablica e um crescente debate sobre privacidade de dados, se encontra em uma posi\u00e7\u00e3o crucial para observar e aprender com essas experi\u00eancias internacionais. A discuss\u00e3o sobre o uso de IA para seguran\u00e7a no contexto brasileiro precisa levar em conta as particularidades sociais, a cultura de direitos humanos e a capacidade de fiscaliza\u00e7\u00e3o dos \u00f3rg\u00e3os competentes.<\/p>\n<p>A chave para navegar neste futuro \u00e9 o di\u00e1logo aberto e transparente. Isso significa envolver n\u00e3o apenas as for\u00e7as policiais e as empresas de tecnologia, mas tamb\u00e9m legisladores, especialistas em \u00e9tica, acad\u00eamicos, grupos de direitos civis e, o mais importante, a pr\u00f3pria sociedade civil. \u00c9 fundamental que as decis\u00f5es sobre a ado\u00e7\u00e3o de tecnologias t\u00e3o impactantes sejam tomadas coletivamente, com base em evid\u00eancias, princ\u00edpios \u00e9ticos e um compromisso inabal\u00e1vel com a prote\u00e7\u00e3o dos direitos fundamentais. A tecnologia pode oferecer ferramentas poderosas, mas a responsabilidade de seu uso recai sobre n\u00f3s. A forma\u00e7\u00e3o e o treinamento dos policiais que utilizam essas c\u00e2meras s\u00e3o igualmente cruciais, garantindo que compreendam as limita\u00e7\u00f5es da IA, os riscos de vi\u00e9s e a import\u00e2ncia de manter a discri\u00e7\u00e3o e o respeito aos direitos individuais.<\/p>\n<p>O futuro do policiamento est\u00e1, sem d\u00favida, caminhando para uma maior integra\u00e7\u00e3o com a intelig\u00eancia artificial. No entanto, o ritmo e a forma dessa integra\u00e7\u00e3o devem ser determinados por valores sociais e \u00e9ticos, e n\u00e3o apenas pela capacidade tecnol\u00f3gica. As c\u00e2meras corporais com IA t\u00eam o potencial de transformar a seguran\u00e7a p\u00fablica para melhor, mas somente se forem implementadas com considera\u00e7\u00e3o cuidadosa, regulamenta\u00e7\u00e3o rigorosa e um compromisso inabal\u00e1vel com a justi\u00e7a e a dignidade humana. A hist\u00f3ria nos mostra que o progresso tecnol\u00f3gico, quando n\u00e3o \u00e9 acompanhado por um escrut\u00ednio \u00e9tico, pode levar a consequ\u00eancias indesejadas e at\u00e9 perigosas. Edmonton est\u00e1 testando mais do que uma tecnologia; est\u00e1 testando os limites de nossa sociedade.<\/p>\n<p>A era da intelig\u00eancia artificial na seguran\u00e7a p\u00fablica chegou, e com ela uma s\u00e9rie de perguntas desafiadoras. O projeto piloto em Edmonton \u00e9 apenas um dos muitos que veremos surgir, e cada um deles servir\u00e1 como um lembrete da urg\u00eancia de estabelecer diretrizes claras e transparentes. Precisamos de pol\u00edticas que garantam que a tecnologia sirva \u00e0 sociedade, e n\u00e3o o contr\u00e1rio, protegendo tanto a seguran\u00e7a dos cidad\u00e3os quanto suas liberdades fundamentais. O caminho a seguir exige coragem para inovar, mas tamb\u00e9m sabedoria para ponderar os riscos. A capacidade de discernir entre a promessa de um futuro mais seguro e a amea\u00e7a de uma sociedade permanentemente vigiada ser\u00e1 a nossa maior prova.<\/p>\n","protected":false},"excerpt":{"rendered":"<p>No cen\u00e1rio em constante evolu\u00e7\u00e3o da tecnologia, poucas inova\u00e7\u00f5es geram tanto entusiasmo quanto preocupa\u00e7\u00e3o quanto a aplica\u00e7\u00e3o da intelig\u00eancia artificial (IA) na seguran\u00e7a p\u00fablica. O que antes era um enredo de fic\u00e7\u00e3o cient\u00edfica, ou talvez um tabu impens\u00e1vel, est\u00e1 rapidamente se tornando uma realidade tang\u00edvel nas ruas de algumas cidades. A promessa \u00e9 de um [&hellip;]<\/p>\n","protected":false},"author":1,"featured_media":2697,"comment_status":"open","ping_status":"open","sticky":false,"template":"","format":"standard","meta":{"_yoast_wpseo_focuskw":"intelig\u00eancia artificial na seguran\u00e7a p\u00fablica","_yoast_wpseo_metadesc":"Explore o avan\u00e7o das c\u00e2meras corporais equipadas com intelig\u00eancia artificial na seguran\u00e7a p\u00fablica, analisando o projeto piloto em Edmonton e os profundos dilemas \u00e9ticos, de privacidade e de vi\u00e9s algor\u00edtmico que esta tecnologia inovadora nos apresenta. Uma an\u00e1lise completa sobre o futuro do policiamento.","footnotes":""},"categories":[2],"tags":[],"class_list":["post-2698","post","type-post","status-publish","format-standard","has-post-thumbnail","hentry","category-novidades"],"yoast_head":"<!-- This site is optimized with the Yoast SEO plugin v25.6 - https:\/\/yoast.com\/wordpress\/plugins\/seo\/ -->\n<title>C\u00e2meras Corporais com IA: A Fronteira da Seguran\u00e7a P\u00fablica e o Intrincado Debate sobre Privacidade - Lacerda AI<\/title>\n<meta name=\"description\" content=\"Explore o avan\u00e7o das c\u00e2meras corporais equipadas com intelig\u00eancia artificial na seguran\u00e7a p\u00fablica, analisando o projeto piloto em Edmonton e os profundos dilemas \u00e9ticos, de privacidade e de vi\u00e9s algor\u00edtmico que esta tecnologia inovadora nos apresenta. Uma an\u00e1lise completa sobre o futuro do policiamento.\" \/>\n<meta name=\"robots\" content=\"index, follow, max-snippet:-1, max-image-preview:large, max-video-preview:-1\" \/>\n<link rel=\"canonical\" href=\"https:\/\/lacerdaai.com\/br\/cameras-corporais-com-ia-a-fronteira-da-seguranca-publica-e-o-intrincado-debate-sobre-privacidade\/\" \/>\n<meta property=\"og:locale\" content=\"pt_BR\" \/>\n<meta property=\"og:type\" content=\"article\" \/>\n<meta property=\"og:title\" content=\"C\u00e2meras Corporais com IA: A Fronteira da Seguran\u00e7a P\u00fablica e o Intrincado Debate sobre Privacidade - Lacerda AI\" \/>\n<meta property=\"og:description\" content=\"Explore o avan\u00e7o das c\u00e2meras corporais equipadas com intelig\u00eancia artificial na seguran\u00e7a p\u00fablica, analisando o projeto piloto em Edmonton e os profundos dilemas \u00e9ticos, de privacidade e de vi\u00e9s algor\u00edtmico que esta tecnologia inovadora nos apresenta. Uma an\u00e1lise completa sobre o futuro do policiamento.\" \/>\n<meta property=\"og:url\" content=\"https:\/\/lacerdaai.com\/br\/cameras-corporais-com-ia-a-fronteira-da-seguranca-publica-e-o-intrincado-debate-sobre-privacidade\/\" \/>\n<meta property=\"og:site_name\" content=\"Lacerda AI\" \/>\n<meta property=\"article:published_time\" content=\"2025-12-08T07:42:46+00:00\" \/>\n<meta property=\"article:modified_time\" content=\"2025-12-08T07:42:48+00:00\" \/>\n<meta name=\"author\" content=\"Andr\u00e9 Lacerda\" \/>\n<meta name=\"twitter:card\" content=\"summary_large_image\" \/>\n<meta name=\"twitter:label1\" content=\"Escrito por\" \/>\n\t<meta name=\"twitter:data1\" content=\"Andr\u00e9 Lacerda\" \/>\n\t<meta name=\"twitter:label2\" content=\"Est. tempo de leitura\" \/>\n\t<meta name=\"twitter:data2\" content=\"10 minutos\" \/>\n<script type=\"application\/ld+json\" class=\"yoast-schema-graph\">{\"@context\":\"https:\/\/schema.org\",\"@graph\":[{\"@type\":\"WebPage\",\"@id\":\"https:\/\/lacerdaai.com\/br\/cameras-corporais-com-ia-a-fronteira-da-seguranca-publica-e-o-intrincado-debate-sobre-privacidade\/\",\"url\":\"https:\/\/lacerdaai.com\/br\/cameras-corporais-com-ia-a-fronteira-da-seguranca-publica-e-o-intrincado-debate-sobre-privacidade\/\",\"name\":\"C\u00e2meras Corporais com IA: A Fronteira da Seguran\u00e7a P\u00fablica e o Intrincado Debate sobre Privacidade - Lacerda AI\",\"isPartOf\":{\"@id\":\"https:\/\/lacerdaai.com\/br\/#website\"},\"primaryImageOfPage\":{\"@id\":\"https:\/\/lacerdaai.com\/br\/cameras-corporais-com-ia-a-fronteira-da-seguranca-publica-e-o-intrincado-debate-sobre-privacidade\/#primaryimage\"},\"image\":{\"@id\":\"https:\/\/lacerdaai.com\/br\/cameras-corporais-com-ia-a-fronteira-da-seguranca-publica-e-o-intrincado-debate-sobre-privacidade\/#primaryimage\"},\"thumbnailUrl\":\"https:\/\/lacerdaai.com\/br\/wp-content\/uploads\/2025\/12\/imagem-34.jpg\",\"datePublished\":\"2025-12-08T07:42:46+00:00\",\"dateModified\":\"2025-12-08T07:42:48+00:00\",\"author\":{\"@id\":\"https:\/\/lacerdaai.com\/br\/#\/schema\/person\/8bad803c2e83a0c5c5c75e02a1c2248f\"},\"description\":\"Explore o avan\u00e7o das c\u00e2meras corporais equipadas com intelig\u00eancia artificial na seguran\u00e7a p\u00fablica, analisando o projeto piloto em Edmonton e os profundos dilemas \u00e9ticos, de privacidade e de vi\u00e9s algor\u00edtmico que esta tecnologia inovadora nos apresenta. Uma an\u00e1lise completa sobre o futuro do policiamento.\",\"breadcrumb\":{\"@id\":\"https:\/\/lacerdaai.com\/br\/cameras-corporais-com-ia-a-fronteira-da-seguranca-publica-e-o-intrincado-debate-sobre-privacidade\/#breadcrumb\"},\"inLanguage\":\"pt-BR\",\"potentialAction\":[{\"@type\":\"ReadAction\",\"target\":[\"https:\/\/lacerdaai.com\/br\/cameras-corporais-com-ia-a-fronteira-da-seguranca-publica-e-o-intrincado-debate-sobre-privacidade\/\"]}]},{\"@type\":\"ImageObject\",\"inLanguage\":\"pt-BR\",\"@id\":\"https:\/\/lacerdaai.com\/br\/cameras-corporais-com-ia-a-fronteira-da-seguranca-publica-e-o-intrincado-debate-sobre-privacidade\/#primaryimage\",\"url\":\"https:\/\/lacerdaai.com\/br\/wp-content\/uploads\/2025\/12\/imagem-34.jpg\",\"contentUrl\":\"https:\/\/lacerdaai.com\/br\/wp-content\/uploads\/2025\/12\/imagem-34.jpg\",\"width\":1440,\"height\":810},{\"@type\":\"BreadcrumbList\",\"@id\":\"https:\/\/lacerdaai.com\/br\/cameras-corporais-com-ia-a-fronteira-da-seguranca-publica-e-o-intrincado-debate-sobre-privacidade\/#breadcrumb\",\"itemListElement\":[{\"@type\":\"ListItem\",\"position\":1,\"name\":\"In\u00edcio\",\"item\":\"https:\/\/lacerdaai.com\/br\/\"},{\"@type\":\"ListItem\",\"position\":2,\"name\":\"C\u00e2meras Corporais com IA: A Fronteira da Seguran\u00e7a P\u00fablica e o Intrincado Debate sobre Privacidade\"}]},{\"@type\":\"WebSite\",\"@id\":\"https:\/\/lacerdaai.com\/br\/#website\",\"url\":\"https:\/\/lacerdaai.com\/br\/\",\"name\":\"Lacerda AI\",\"description\":\"Seu blog di\u00e1rio de novidades do mundo da Inteligencia Artificial\",\"potentialAction\":[{\"@type\":\"SearchAction\",\"target\":{\"@type\":\"EntryPoint\",\"urlTemplate\":\"https:\/\/lacerdaai.com\/br\/?s={search_term_string}\"},\"query-input\":{\"@type\":\"PropertyValueSpecification\",\"valueRequired\":true,\"valueName\":\"search_term_string\"}}],\"inLanguage\":\"pt-BR\"},{\"@type\":\"Person\",\"@id\":\"https:\/\/lacerdaai.com\/br\/#\/schema\/person\/8bad803c2e83a0c5c5c75e02a1c2248f\",\"name\":\"Andr\u00e9 Lacerda\",\"image\":{\"@type\":\"ImageObject\",\"inLanguage\":\"pt-BR\",\"@id\":\"https:\/\/lacerdaai.com\/br\/#\/schema\/person\/image\/\",\"url\":\"https:\/\/secure.gravatar.com\/avatar\/f5c1fa5ad9763f54c1f223c3fc91f131da6288c9f9e28d74bb3c355ad99af205?s=96&d=mm&r=g\",\"contentUrl\":\"https:\/\/secure.gravatar.com\/avatar\/f5c1fa5ad9763f54c1f223c3fc91f131da6288c9f9e28d74bb3c355ad99af205?s=96&d=mm&r=g\",\"caption\":\"Andr\u00e9 Lacerda\"},\"description\":\"Sou o Andr\u00e9 Lacerda, tenho 35 anos e sou apaixonado por tecnologia, intelig\u00eancia artificial e boas hist\u00f3rias. Me formei em Tecnologia e Jornalismo \u2014 sim, uma mistura meio improv\u00e1vel, mas que combina muito comigo. J\u00e1 morei no Canad\u00e1 e na Espanha, e essas experi\u00eancias me ajudaram a enxergar a inova\u00e7\u00e3o com um olhar mais global (e a me virar bem em tr\u00eas idiomas \ud83d\ude04). Trabalhei em algumas das maiores empresas de tecnologia do mercado e, hoje, atuo como consultor ajudando neg\u00f3cios a entenderem e aplicarem IA de forma pr\u00e1tica, estrat\u00e9gica e humana. Gosto de traduzir o complexo em algo simples \u2014 e \u00e9 isso que voc\u00ea vai encontrar por aqui.\",\"sameAs\":[\"http:\/\/lacerdaai.com\/br\"],\"url\":\"https:\/\/lacerdaai.com\/br\/author\/red-admin\/\"}]}<\/script>\n<!-- \/ Yoast SEO plugin. -->","yoast_head_json":{"title":"C\u00e2meras Corporais com IA: A Fronteira da Seguran\u00e7a P\u00fablica e o Intrincado Debate sobre Privacidade - Lacerda AI","description":"Explore o avan\u00e7o das c\u00e2meras corporais equipadas com intelig\u00eancia artificial na seguran\u00e7a p\u00fablica, analisando o projeto piloto em Edmonton e os profundos dilemas \u00e9ticos, de privacidade e de vi\u00e9s algor\u00edtmico que esta tecnologia inovadora nos apresenta. Uma an\u00e1lise completa sobre o futuro do policiamento.","robots":{"index":"index","follow":"follow","max-snippet":"max-snippet:-1","max-image-preview":"max-image-preview:large","max-video-preview":"max-video-preview:-1"},"canonical":"https:\/\/lacerdaai.com\/br\/cameras-corporais-com-ia-a-fronteira-da-seguranca-publica-e-o-intrincado-debate-sobre-privacidade\/","og_locale":"pt_BR","og_type":"article","og_title":"C\u00e2meras Corporais com IA: A Fronteira da Seguran\u00e7a P\u00fablica e o Intrincado Debate sobre Privacidade - Lacerda AI","og_description":"Explore o avan\u00e7o das c\u00e2meras corporais equipadas com intelig\u00eancia artificial na seguran\u00e7a p\u00fablica, analisando o projeto piloto em Edmonton e os profundos dilemas \u00e9ticos, de privacidade e de vi\u00e9s algor\u00edtmico que esta tecnologia inovadora nos apresenta. Uma an\u00e1lise completa sobre o futuro do policiamento.","og_url":"https:\/\/lacerdaai.com\/br\/cameras-corporais-com-ia-a-fronteira-da-seguranca-publica-e-o-intrincado-debate-sobre-privacidade\/","og_site_name":"Lacerda AI","article_published_time":"2025-12-08T07:42:46+00:00","article_modified_time":"2025-12-08T07:42:48+00:00","author":"Andr\u00e9 Lacerda","twitter_card":"summary_large_image","twitter_misc":{"Escrito por":"Andr\u00e9 Lacerda","Est. tempo de leitura":"10 minutos"},"schema":{"@context":"https:\/\/schema.org","@graph":[{"@type":"WebPage","@id":"https:\/\/lacerdaai.com\/br\/cameras-corporais-com-ia-a-fronteira-da-seguranca-publica-e-o-intrincado-debate-sobre-privacidade\/","url":"https:\/\/lacerdaai.com\/br\/cameras-corporais-com-ia-a-fronteira-da-seguranca-publica-e-o-intrincado-debate-sobre-privacidade\/","name":"C\u00e2meras Corporais com IA: A Fronteira da Seguran\u00e7a P\u00fablica e o Intrincado Debate sobre Privacidade - Lacerda AI","isPartOf":{"@id":"https:\/\/lacerdaai.com\/br\/#website"},"primaryImageOfPage":{"@id":"https:\/\/lacerdaai.com\/br\/cameras-corporais-com-ia-a-fronteira-da-seguranca-publica-e-o-intrincado-debate-sobre-privacidade\/#primaryimage"},"image":{"@id":"https:\/\/lacerdaai.com\/br\/cameras-corporais-com-ia-a-fronteira-da-seguranca-publica-e-o-intrincado-debate-sobre-privacidade\/#primaryimage"},"thumbnailUrl":"https:\/\/lacerdaai.com\/br\/wp-content\/uploads\/2025\/12\/imagem-34.jpg","datePublished":"2025-12-08T07:42:46+00:00","dateModified":"2025-12-08T07:42:48+00:00","author":{"@id":"https:\/\/lacerdaai.com\/br\/#\/schema\/person\/8bad803c2e83a0c5c5c75e02a1c2248f"},"description":"Explore o avan\u00e7o das c\u00e2meras corporais equipadas com intelig\u00eancia artificial na seguran\u00e7a p\u00fablica, analisando o projeto piloto em Edmonton e os profundos dilemas \u00e9ticos, de privacidade e de vi\u00e9s algor\u00edtmico que esta tecnologia inovadora nos apresenta. Uma an\u00e1lise completa sobre o futuro do policiamento.","breadcrumb":{"@id":"https:\/\/lacerdaai.com\/br\/cameras-corporais-com-ia-a-fronteira-da-seguranca-publica-e-o-intrincado-debate-sobre-privacidade\/#breadcrumb"},"inLanguage":"pt-BR","potentialAction":[{"@type":"ReadAction","target":["https:\/\/lacerdaai.com\/br\/cameras-corporais-com-ia-a-fronteira-da-seguranca-publica-e-o-intrincado-debate-sobre-privacidade\/"]}]},{"@type":"ImageObject","inLanguage":"pt-BR","@id":"https:\/\/lacerdaai.com\/br\/cameras-corporais-com-ia-a-fronteira-da-seguranca-publica-e-o-intrincado-debate-sobre-privacidade\/#primaryimage","url":"https:\/\/lacerdaai.com\/br\/wp-content\/uploads\/2025\/12\/imagem-34.jpg","contentUrl":"https:\/\/lacerdaai.com\/br\/wp-content\/uploads\/2025\/12\/imagem-34.jpg","width":1440,"height":810},{"@type":"BreadcrumbList","@id":"https:\/\/lacerdaai.com\/br\/cameras-corporais-com-ia-a-fronteira-da-seguranca-publica-e-o-intrincado-debate-sobre-privacidade\/#breadcrumb","itemListElement":[{"@type":"ListItem","position":1,"name":"In\u00edcio","item":"https:\/\/lacerdaai.com\/br\/"},{"@type":"ListItem","position":2,"name":"C\u00e2meras Corporais com IA: A Fronteira da Seguran\u00e7a P\u00fablica e o Intrincado Debate sobre Privacidade"}]},{"@type":"WebSite","@id":"https:\/\/lacerdaai.com\/br\/#website","url":"https:\/\/lacerdaai.com\/br\/","name":"Lacerda AI","description":"Seu blog di\u00e1rio de novidades do mundo da Inteligencia Artificial","potentialAction":[{"@type":"SearchAction","target":{"@type":"EntryPoint","urlTemplate":"https:\/\/lacerdaai.com\/br\/?s={search_term_string}"},"query-input":{"@type":"PropertyValueSpecification","valueRequired":true,"valueName":"search_term_string"}}],"inLanguage":"pt-BR"},{"@type":"Person","@id":"https:\/\/lacerdaai.com\/br\/#\/schema\/person\/8bad803c2e83a0c5c5c75e02a1c2248f","name":"Andr\u00e9 Lacerda","image":{"@type":"ImageObject","inLanguage":"pt-BR","@id":"https:\/\/lacerdaai.com\/br\/#\/schema\/person\/image\/","url":"https:\/\/secure.gravatar.com\/avatar\/f5c1fa5ad9763f54c1f223c3fc91f131da6288c9f9e28d74bb3c355ad99af205?s=96&d=mm&r=g","contentUrl":"https:\/\/secure.gravatar.com\/avatar\/f5c1fa5ad9763f54c1f223c3fc91f131da6288c9f9e28d74bb3c355ad99af205?s=96&d=mm&r=g","caption":"Andr\u00e9 Lacerda"},"description":"Sou o Andr\u00e9 Lacerda, tenho 35 anos e sou apaixonado por tecnologia, intelig\u00eancia artificial e boas hist\u00f3rias. Me formei em Tecnologia e Jornalismo \u2014 sim, uma mistura meio improv\u00e1vel, mas que combina muito comigo. J\u00e1 morei no Canad\u00e1 e na Espanha, e essas experi\u00eancias me ajudaram a enxergar a inova\u00e7\u00e3o com um olhar mais global (e a me virar bem em tr\u00eas idiomas \ud83d\ude04). Trabalhei em algumas das maiores empresas de tecnologia do mercado e, hoje, atuo como consultor ajudando neg\u00f3cios a entenderem e aplicarem IA de forma pr\u00e1tica, estrat\u00e9gica e humana. Gosto de traduzir o complexo em algo simples \u2014 e \u00e9 isso que voc\u00ea vai encontrar por aqui.","sameAs":["http:\/\/lacerdaai.com\/br"],"url":"https:\/\/lacerdaai.com\/br\/author\/red-admin\/"}]}},"_links":{"self":[{"href":"https:\/\/lacerdaai.com\/br\/wp-json\/wp\/v2\/posts\/2698","targetHints":{"allow":["GET"]}}],"collection":[{"href":"https:\/\/lacerdaai.com\/br\/wp-json\/wp\/v2\/posts"}],"about":[{"href":"https:\/\/lacerdaai.com\/br\/wp-json\/wp\/v2\/types\/post"}],"author":[{"embeddable":true,"href":"https:\/\/lacerdaai.com\/br\/wp-json\/wp\/v2\/users\/1"}],"replies":[{"embeddable":true,"href":"https:\/\/lacerdaai.com\/br\/wp-json\/wp\/v2\/comments?post=2698"}],"version-history":[{"count":1,"href":"https:\/\/lacerdaai.com\/br\/wp-json\/wp\/v2\/posts\/2698\/revisions"}],"predecessor-version":[{"id":2699,"href":"https:\/\/lacerdaai.com\/br\/wp-json\/wp\/v2\/posts\/2698\/revisions\/2699"}],"wp:featuredmedia":[{"embeddable":true,"href":"https:\/\/lacerdaai.com\/br\/wp-json\/wp\/v2\/media\/2697"}],"wp:attachment":[{"href":"https:\/\/lacerdaai.com\/br\/wp-json\/wp\/v2\/media?parent=2698"}],"wp:term":[{"taxonomy":"category","embeddable":true,"href":"https:\/\/lacerdaai.com\/br\/wp-json\/wp\/v2\/categories?post=2698"},{"taxonomy":"post_tag","embeddable":true,"href":"https:\/\/lacerdaai.com\/br\/wp-json\/wp\/v2\/tags?post=2698"}],"curies":[{"name":"wp","href":"https:\/\/api.w.org\/{rel}","templated":true}]}}