{"id":2719,"date":"2025-12-09T08:42:23","date_gmt":"2025-12-09T11:42:23","guid":{"rendered":"https:\/\/lacerdaai.com\/br\/regulacao-de-ia-o-plano-de-trump-para-preempcao-estadual-e-o-debate-entre-inovacao-e-seguranca\/"},"modified":"2025-12-09T08:42:24","modified_gmt":"2025-12-09T11:42:24","slug":"regulacao-de-ia-o-plano-de-trump-para-preempcao-estadual-e-o-debate-entre-inovacao-e-seguranca","status":"publish","type":"post","link":"https:\/\/lacerdaai.com\/br\/regulacao-de-ia-o-plano-de-trump-para-preempcao-estadual-e-o-debate-entre-inovacao-e-seguranca\/","title":{"rendered":"Regula\u00e7\u00e3o de IA: O Plano de Trump para Preemp\u00e7\u00e3o Estadual e o Debate entre Inova\u00e7\u00e3o e Seguran\u00e7a"},"content":{"rendered":"<p>A intelig\u00eancia artificial (IA) n\u00e3o \u00e9 mais fic\u00e7\u00e3o cient\u00edfica; ela est\u00e1 remodelando nosso cotidiano em uma velocidade estonteante. Desde assistentes virtuais at\u00e9 diagn\u00f3sticos m\u00e9dicos e algoritmos que moldam nossas experi\u00eancias online, a IA se infiltrou em praticamente todos os cantos da sociedade. Com essa onipresen\u00e7a, surge um desafio crucial: como regul\u00e1-la? O debate global ferve, equilibrando o imperativo de fomentar a inova\u00e7\u00e3o com a necessidade urgente de proteger a sociedade de riscos potenciais. E \u00e9 nesse cen\u00e1rio complexo que a pol\u00edtica se encontra com a tecnologia, moldando o futuro de uma das inven\u00e7\u00f5es mais impactantes da humanidade.<\/p>\n<p>Recentemente, uma declara\u00e7\u00e3o do ex-presidente Donald Trump reacendeu as discuss\u00f5es sobre a abordagem regulat\u00f3ria da IA nos Estados Unidos. Ele confirmou, em uma segunda-feira, seus planos de assinar uma ordem executiva que buscaria anular as **regula\u00e7\u00f5es de intelig\u00eancia artificial** em n\u00edvel estadual, impondo uma pol\u00edtica federal mais flex\u00edvel e menos interventiva. Essa movimenta\u00e7\u00e3o, que visa centralizar o controle regulat\u00f3rio nas m\u00e3os do governo federal, levantou uma s\u00e9rie de quest\u00f5es e preocupa\u00e7\u00f5es, especialmente em rela\u00e7\u00e3o \u00e0 seguran\u00e7a e \u00e0 autonomia dos estados para proteger seus cidad\u00e3os. Mas o que isso realmente significa? Quais s\u00e3o as implica\u00e7\u00f5es de uma abordagem t\u00e3o centralizada e \u201cm\u00e3os-livres\u201d para o desenvolvimento e a aplica\u00e7\u00e3o da IA?<\/p>\n<h3><strong>Regula\u00e7\u00e3o de intelig\u00eancia artificial<\/strong>: O Desafio Global e a Vis\u00e3o Federal Americana<\/h3>\n<p>A **regula\u00e7\u00e3o de intelig\u00eancia artificial** \u00e9 um campo minado de complexidades. Por um lado, h\u00e1 o desejo de evitar que regras excessivamente r\u00edgidas sufoquem a inova\u00e7\u00e3o, impedindo o progresso de tecnologias que prometem avan\u00e7os em sa\u00fade, educa\u00e7\u00e3o e produtividade. Por outro, o r\u00e1pido avan\u00e7o da IA tamb\u00e9m levanta preocupa\u00e7\u00f5es leg\u00edtimas sobre \u00e9tica, privacidade, vieses algor\u00edtmicos, seguran\u00e7a cibern\u00e9tica e at\u00e9 mesmo o futuro do trabalho. O que acontece quando um sistema de IA comete um erro? Quem \u00e9 o respons\u00e1vel? Como garantimos que a IA seja desenvolvida e utilizada de forma justa e transparente?<\/p>\n<p>A proposta de uma ordem executiva federal, conforme anunciado por Donald Trump, sinaliza uma clara prefer\u00eancia por uma abordagem mais unificada e com menor interven\u00e7\u00e3o governamental. Nos Estados Unidos, o conceito de &#8216;preemp\u00e7\u00e3o federal&#8217; permite que a lei federal anule a lei estadual em \u00e1reas onde o Congresso ou uma ag\u00eancia federal t\u00eam autoridade. No contexto da IA, isso significaria que as diretrizes ou a aus\u00eancia delas, ditadas por Washington, prevaleceriam sobre quaisquer esfor\u00e7os dos estados para criar suas pr\u00f3prias leis ou estruturas de governan\u00e7a para a tecnologia. Essa filosofia, muitas vezes, \u00e9 justificada com o argumento de que uma colcha de retalhos de regulamenta\u00e7\u00f5es estaduais poderia criar um ambiente de incerteza, dificultando a opera\u00e7\u00e3o de empresas de tecnologia em m\u00faltiplos estados e, consequentemente, desacelerando a inova\u00e7\u00e3o. A ideia \u00e9 criar um &#8216;porto seguro&#8217; regulat\u00f3rio para as empresas, permitindo-lhes focar mais no desenvolvimento e menos na conformidade com diversas leis regionais.<\/p>\n<p>No entanto, essa abordagem \u201cm\u00e3os-livres\u201d n\u00e3o \u00e9 isenta de cr\u00edticas. Os defensores da regulamenta\u00e7\u00e3o estadual argumentam que os estados est\u00e3o em uma posi\u00e7\u00e3o \u00fanica para responder \u00e0s necessidades e preocupa\u00e7\u00f5es espec\u00edficas de suas popula\u00e7\u00f5es. Cada estado possui uma economia, demografia e cultura distintas, o que pode levar a diferentes percep\u00e7\u00f5es de risco e prioridades em rela\u00e7\u00e3o \u00e0 IA. Por exemplo, um estado com uma forte ind\u00fastria agr\u00edcola pode ter preocupa\u00e7\u00f5es diferentes sobre IA na agricultura do que um estado focado em finan\u00e7as ou tecnologia. Al\u00e9m disso, os estados podem atuar como \u201claborat\u00f3rios de experimenta\u00e7\u00e3o\u201d para novas pol\u00edticas, permitindo que diferentes abordagens sejam testadas e avaliadas antes de uma poss\u00edvel implementa\u00e7\u00e3o em n\u00edvel nacional. A preemp\u00e7\u00e3o federal, nesse sentido, poderia n\u00e3o apenas despojar os estados de sua autonomia, mas tamb\u00e9m silenciar vozes locais importantes no debate sobre como a IA deve ser integrada de forma respons\u00e1vel na sociedade.<\/p>\n<h3>A Complexidade da Governan\u00e7a da IA: Inova\u00e7\u00e3o vs. Seguran\u00e7a<\/h3>\n<p>A governan\u00e7a da IA \u00e9 um dos desafios mais complexos de nossa era. A velocidade com que a tecnologia evolui supera em muito a capacidade legislativa de se adaptar. O que hoje \u00e9 uma preocupa\u00e7\u00e3o, amanh\u00e3 pode ser uma funcionalidade obsoleta ou um risco superado por novas ferramentas. Essa din\u00e2mica intr\u00ednseca \u00e0 IA gera um dilema constante para legisladores e formuladores de pol\u00edticas: como criar regras que sejam flex\u00edveis o suficiente para n\u00e3o impedir o avan\u00e7o, mas robustas o bastante para proteger os cidad\u00e3os?<\/p>\n<p>Diversos modelos regulat\u00f3rios est\u00e3o sendo explorados globalmente, refletindo diferentes filosofias e prioridades. A Uni\u00e3o Europeia, por exemplo, est\u00e1 na vanguarda com seu AI Act, uma legisla\u00e7\u00e3o ambiciosa que busca classificar sistemas de IA com base em seu n\u00edvel de risco e impor obriga\u00e7\u00f5es correspondentes. Esse modelo \u00e9 mais prescritivo, focado na mitiga\u00e7\u00e3o de riscos e na prote\u00e7\u00e3o de direitos fundamentais. A China, por outro lado, adota uma abordagem mais pragm\u00e1tica, com foco em \u00e1reas espec\u00edficas como algoritmos de recomenda\u00e7\u00e3o e tecnologias de reconhecimento facial, muitas vezes com um forte controle estatal sobre o uso e os dados. Nos Estados Unidos, a discuss\u00e3o tem sido mais fragmentada, com propostas setoriais e uma \u00eanfase maior na autorregula\u00e7\u00e3o da ind\u00fastria, embora a administra\u00e7\u00e3o atual e congressistas tamb\u00e9m estejam explorando frameworks mais amplos.<\/p>\n<p>Nesse contexto, a inten\u00e7\u00e3o de uma ordem executiva federal de \u201cm\u00e3os-livres\u201d destaca a tens\u00e3o entre o desejo de fomentar a inova\u00e7\u00e3o sem barreiras e a necessidade de garantir a seguran\u00e7a e a confian\u00e7a p\u00fablica na tecnologia. H\u00e1 quem defenda que uma regulamenta\u00e7\u00e3o excessiva desde o in\u00edcio pode sufocar startups e empresas menores, que talvez n\u00e3o tenham os recursos para navegar em um mar de conformidade complexa. Eles argumentam que um ambiente regulat\u00f3rio mais leve permite que as empresas inovem mais rapidamente, trazendo benef\u00edcios econ\u00f4micos e tecnol\u00f3gicos para o pa\u00eds.<\/p>\n<p>No entanto, a aus\u00eancia de diretrizes claras ou a preemp\u00e7\u00e3o de regulamenta\u00e7\u00f5es estaduais mais protetoras pode gerar uma s\u00e9rie de riscos. Quest\u00f5es como vieses em sistemas de contrata\u00e7\u00e3o que perpetuam a discrimina\u00e7\u00e3o, o uso de IA em sistemas de justi\u00e7a criminal sem supervis\u00e3o adequada, ou a coleta massiva de dados pessoais para treinamento de modelos sem consentimento claro, s\u00e3o apenas alguns exemplos. Estados como a Calif\u00f3rnia, com sua Lei de Privacidade do Consumidor (CCPA), j\u00e1 mostraram sua capacidade de liderar em termos de prote\u00e7\u00e3o de dados, influenciando o debate nacional. Impedir que os estados ajam nesses dom\u00ednios pode deixar lacunas significativas na prote\u00e7\u00e3o dos cidad\u00e3os, empurrando a responsabilidade para um n\u00edvel federal que, ironicamente, busca uma abordagem menos intervencionista.<\/p>\n<p>O desafio reside em encontrar um equil\u00edbrio. \u00c9 fundamental que as pol\u00edticas de IA n\u00e3o sejam apenas reativas, mas tamb\u00e9m prospectivas, antecipando os desafios futuros e criando um arcabou\u00e7o que possa evoluir junto com a tecnologia. Isso significa considerar n\u00e3o apenas o que a IA pode fazer hoje, mas tamb\u00e9m o que ela pode vir a ser amanh\u00e3.<\/p>\n<h3>O Impacto de uma Ordem Executiva Federal na Paisagem Regulat\u00f3ria<\/h3>\n<p>Se uma ordem executiva como a proposta for implementada, o impacto na paisagem da **regula\u00e7\u00e3o de intelig\u00eancia artificial** nos EUA seria profundo e multifacetado. Primeiramente, para as empresas de tecnologia, especialmente as grandes corpora\u00e7\u00f5es, uma pol\u00edtica federal unificada e mais branda poderia ser vista como um al\u00edvio. A conformidade se tornaria mais simples, potencialmente impulsionando investimentos e o ritmo de desenvolvimento. A redu\u00e7\u00e3o da burocracia e a elimina\u00e7\u00e3o da necessidade de adaptar produtos e servi\u00e7os a dezenas de diferentes conjuntos de regras estaduais poderiam, de fato, acelerar a inova\u00e7\u00e3o e o lan\u00e7amento de novas solu\u00e7\u00f5es de IA no mercado.<\/p>\n<p>No entanto, essa liberdade regulat\u00f3ria pode vir com um custo significativo para os consumidores e a sociedade em geral. A falta de prote\u00e7\u00f5es personalizadas em n\u00edvel estadual pode significar que as preocupa\u00e7\u00f5es locais sobre a privacidade de dados, o uso \u00e9tico da IA em servi\u00e7os p\u00fablicos ou a equidade algor\u00edtmica em processos de decis\u00e3o importantes (como empr\u00e9stimos ou seguro) poderiam ficar sem resposta. Poder\u00edamos ver um cen\u00e1rio onde os riscos da IA s\u00e3o subestimados ou n\u00e3o s\u00e3o abordados de forma eficaz, levando a incidentes que poderiam minar a confian\u00e7a p\u00fablica na tecnologia. A hist\u00f3ria da regulamenta\u00e7\u00e3o em outras ind\u00fastrias, como a financeira ou a ambiental, mostra que a aus\u00eancia de supervis\u00e3o pode, por vezes, levar a crises ou danos significativos que, a longo prazo, acabam exigindo uma interven\u00e7\u00e3o governamental ainda mais pesada.<\/p>\n<p>Para os estados, a preemp\u00e7\u00e3o federal representaria uma perda consider\u00e1vel de autonomia. Muitos estados t\u00eam se mostrado proativos na formula\u00e7\u00e3o de suas pr\u00f3prias pol\u00edticas, refletindo as prioridades e valores de seus eleitores. A Calif\u00f3rnia, por exemplo, com sua robusta legisla\u00e7\u00e3o de privacidade, tem sido um farol para outras jurisdi\u00e7\u00f5es. Uma ordem executiva que anule essas iniciativas poderia gerar frustra\u00e7\u00e3o e, possivelmente, desafios legais, criando um ambiente de atrito entre os n\u00edveis de governo. Isso tamb\u00e9m poderia ser visto como uma subvers\u00e3o do princ\u00edpio do federalismo, onde os estados t\u00eam o direito de governar dentro de suas esferas de compet\u00eancia.<\/p>\n<p>Al\u00e9m disso, a postura dos EUA no cen\u00e1rio internacional de IA seria afetada. Enquanto a Uni\u00e3o Europeia avan\u00e7a com sua regulamenta\u00e7\u00e3o abrangente, uma abordagem \u201cm\u00e3os-livres\u201d nos EUA poderia criar um contraste regulat\u00f3rio marcante. Isso poderia dificultar a interoperabilidade e a coopera\u00e7\u00e3o internacional em \u00e1reas como a transfer\u00eancia de dados e a padroniza\u00e7\u00e3o de seguran\u00e7a, potencialmente isolando as empresas americanas de mercados que exigem conformidade com normas mais rigorosas. A competitividade global n\u00e3o se mede apenas pela capacidade de inovar, mas tamb\u00e9m pela capacidade de construir confian\u00e7a e garantir que a tecnologia seja desenvolvida de forma respons\u00e1vel e \u00e9tica.<\/p>\n<p>Ordens executivas, embora poderosas, t\u00eam suas limita\u00e7\u00f5es. Elas podem ser contestadas judicialmente e, geralmente, podem ser revogadas por administra\u00e7\u00f5es subsequentes. Isso introduz um elemento de incerteza e instabilidade na pol\u00edtica de IA, onde as regras do jogo podem mudar a cada ciclo eleitoral. A longo prazo, uma estrat\u00e9gia regulat\u00f3ria mais duradoura e bipartid\u00e1ria pode ser prefer\u00edvel para garantir a estabilidade e previsibilidade que tanto as empresas quanto os cidad\u00e3os necessitam.<\/p>\n<p>O debate sobre a **regula\u00e7\u00e3o de intelig\u00eancia artificial** \u00e9 uma encruzilhada para a sociedade. A decis\u00e3o entre uma abordagem federal centralizada e flex\u00edvel ou um mosaico de regulamenta\u00e7\u00f5es estaduais mais adaptadas tem implica\u00e7\u00f5es profundas para o ritmo da inova\u00e7\u00e3o, a prote\u00e7\u00e3o dos cidad\u00e3os e a posi\u00e7\u00e3o global dos EUA na corrida da IA. \u00c9 um equil\u00edbrio delicado, que exige uma compreens\u00e3o profunda da tecnologia, um di\u00e1logo aberto entre diferentes partes interessadas e uma vis\u00e3o de longo prazo para um futuro onde a IA seja uma for\u00e7a para o bem.<\/p>\n<p>Em \u00faltima an\u00e1lise, a forma como decidirmos governar a IA nos pr\u00f3ximos anos definir\u00e1 n\u00e3o apenas o futuro da tecnologia, mas tamb\u00e9m o futuro da nossa sociedade. Seja por meio de uma ordem executiva ou de um processo legislativo mais amplo, as escolhas que fazemos agora ter\u00e3o ecos por gera\u00e7\u00f5es. O compromisso com a inova\u00e7\u00e3o deve ser acompanhado por um compromisso igualmente forte com a seguran\u00e7a, a \u00e9tica e a inclus\u00e3o. O caminho \u00e0 frente \u00e9 desafiador, mas a oportunidade de moldar uma tecnologia t\u00e3o transformadora de forma respons\u00e1vel \u00e9 uma que n\u00e3o podemos negligenciar.<\/p>\n","protected":false},"excerpt":{"rendered":"<p>A intelig\u00eancia artificial (IA) n\u00e3o \u00e9 mais fic\u00e7\u00e3o cient\u00edfica; ela est\u00e1 remodelando nosso cotidiano em uma velocidade estonteante. Desde assistentes virtuais at\u00e9 diagn\u00f3sticos m\u00e9dicos e algoritmos que moldam nossas experi\u00eancias online, a IA se infiltrou em praticamente todos os cantos da sociedade. Com essa onipresen\u00e7a, surge um desafio crucial: como regul\u00e1-la? O debate global ferve, [&hellip;]<\/p>\n","protected":false},"author":1,"featured_media":2718,"comment_status":"open","ping_status":"open","sticky":false,"template":"","format":"standard","meta":{"_yoast_wpseo_focuskw":"regula\u00e7\u00e3o de intelig\u00eancia artificial","_yoast_wpseo_metadesc":"Explore o plano do ex-presidente Donald Trump para centralizar a **regula\u00e7\u00e3o de intelig\u00eancia artificial** nos EUA, preterindo normas estaduais. Entenda o debate entre inova\u00e7\u00e3o e seguran\u00e7a e os impactos de uma pol\u00edtica federal 'hands-off' no futuro da IA.","footnotes":""},"categories":[2],"tags":[],"class_list":["post-2719","post","type-post","status-publish","format-standard","has-post-thumbnail","hentry","category-novidades"],"yoast_head":"<!-- This site is optimized with the Yoast SEO plugin v25.6 - https:\/\/yoast.com\/wordpress\/plugins\/seo\/ -->\n<title>Regula\u00e7\u00e3o de IA: O Plano de Trump para Preemp\u00e7\u00e3o Estadual e o Debate entre Inova\u00e7\u00e3o e Seguran\u00e7a - Lacerda AI<\/title>\n<meta name=\"description\" content=\"Explore o plano do ex-presidente Donald Trump para centralizar a **regula\u00e7\u00e3o de intelig\u00eancia artificial** nos EUA, preterindo normas estaduais. Entenda o debate entre inova\u00e7\u00e3o e seguran\u00e7a e os impactos de uma pol\u00edtica federal &#039;hands-off&#039; no futuro da IA.\" \/>\n<meta name=\"robots\" content=\"index, follow, max-snippet:-1, max-image-preview:large, max-video-preview:-1\" \/>\n<link rel=\"canonical\" href=\"https:\/\/lacerdaai.com\/br\/regulacao-de-ia-o-plano-de-trump-para-preempcao-estadual-e-o-debate-entre-inovacao-e-seguranca\/\" \/>\n<meta property=\"og:locale\" content=\"pt_BR\" \/>\n<meta property=\"og:type\" content=\"article\" \/>\n<meta property=\"og:title\" content=\"Regula\u00e7\u00e3o de IA: O Plano de Trump para Preemp\u00e7\u00e3o Estadual e o Debate entre Inova\u00e7\u00e3o e Seguran\u00e7a - Lacerda AI\" \/>\n<meta property=\"og:description\" content=\"Explore o plano do ex-presidente Donald Trump para centralizar a **regula\u00e7\u00e3o de intelig\u00eancia artificial** nos EUA, preterindo normas estaduais. Entenda o debate entre inova\u00e7\u00e3o e seguran\u00e7a e os impactos de uma pol\u00edtica federal &#039;hands-off&#039; no futuro da IA.\" \/>\n<meta property=\"og:url\" content=\"https:\/\/lacerdaai.com\/br\/regulacao-de-ia-o-plano-de-trump-para-preempcao-estadual-e-o-debate-entre-inovacao-e-seguranca\/\" \/>\n<meta property=\"og:site_name\" content=\"Lacerda AI\" \/>\n<meta property=\"article:published_time\" content=\"2025-12-09T11:42:23+00:00\" \/>\n<meta property=\"article:modified_time\" content=\"2025-12-09T11:42:24+00:00\" \/>\n<meta name=\"author\" content=\"Andr\u00e9 Lacerda\" \/>\n<meta name=\"twitter:card\" content=\"summary_large_image\" \/>\n<meta name=\"twitter:label1\" content=\"Escrito por\" \/>\n\t<meta name=\"twitter:data1\" content=\"Andr\u00e9 Lacerda\" \/>\n\t<meta name=\"twitter:label2\" content=\"Est. tempo de leitura\" \/>\n\t<meta name=\"twitter:data2\" content=\"10 minutos\" \/>\n<script type=\"application\/ld+json\" class=\"yoast-schema-graph\">{\"@context\":\"https:\/\/schema.org\",\"@graph\":[{\"@type\":\"WebPage\",\"@id\":\"https:\/\/lacerdaai.com\/br\/regulacao-de-ia-o-plano-de-trump-para-preempcao-estadual-e-o-debate-entre-inovacao-e-seguranca\/\",\"url\":\"https:\/\/lacerdaai.com\/br\/regulacao-de-ia-o-plano-de-trump-para-preempcao-estadual-e-o-debate-entre-inovacao-e-seguranca\/\",\"name\":\"Regula\u00e7\u00e3o de IA: O Plano de Trump para Preemp\u00e7\u00e3o Estadual e o Debate entre Inova\u00e7\u00e3o e Seguran\u00e7a - Lacerda AI\",\"isPartOf\":{\"@id\":\"https:\/\/lacerdaai.com\/br\/#website\"},\"primaryImageOfPage\":{\"@id\":\"https:\/\/lacerdaai.com\/br\/regulacao-de-ia-o-plano-de-trump-para-preempcao-estadual-e-o-debate-entre-inovacao-e-seguranca\/#primaryimage\"},\"image\":{\"@id\":\"https:\/\/lacerdaai.com\/br\/regulacao-de-ia-o-plano-de-trump-para-preempcao-estadual-e-o-debate-entre-inovacao-e-seguranca\/#primaryimage\"},\"thumbnailUrl\":\"https:\/\/lacerdaai.com\/br\/wp-content\/uploads\/2025\/12\/imagem-40.jpg\",\"datePublished\":\"2025-12-09T11:42:23+00:00\",\"dateModified\":\"2025-12-09T11:42:24+00:00\",\"author\":{\"@id\":\"https:\/\/lacerdaai.com\/br\/#\/schema\/person\/8bad803c2e83a0c5c5c75e02a1c2248f\"},\"description\":\"Explore o plano do ex-presidente Donald Trump para centralizar a **regula\u00e7\u00e3o de intelig\u00eancia artificial** nos EUA, preterindo normas estaduais. Entenda o debate entre inova\u00e7\u00e3o e seguran\u00e7a e os impactos de uma pol\u00edtica federal 'hands-off' no futuro da IA.\",\"breadcrumb\":{\"@id\":\"https:\/\/lacerdaai.com\/br\/regulacao-de-ia-o-plano-de-trump-para-preempcao-estadual-e-o-debate-entre-inovacao-e-seguranca\/#breadcrumb\"},\"inLanguage\":\"pt-BR\",\"potentialAction\":[{\"@type\":\"ReadAction\",\"target\":[\"https:\/\/lacerdaai.com\/br\/regulacao-de-ia-o-plano-de-trump-para-preempcao-estadual-e-o-debate-entre-inovacao-e-seguranca\/\"]}]},{\"@type\":\"ImageObject\",\"inLanguage\":\"pt-BR\",\"@id\":\"https:\/\/lacerdaai.com\/br\/regulacao-de-ia-o-plano-de-trump-para-preempcao-estadual-e-o-debate-entre-inovacao-e-seguranca\/#primaryimage\",\"url\":\"https:\/\/lacerdaai.com\/br\/wp-content\/uploads\/2025\/12\/imagem-40.jpg\",\"contentUrl\":\"https:\/\/lacerdaai.com\/br\/wp-content\/uploads\/2025\/12\/imagem-40.jpg\",\"width\":800,\"height\":450},{\"@type\":\"BreadcrumbList\",\"@id\":\"https:\/\/lacerdaai.com\/br\/regulacao-de-ia-o-plano-de-trump-para-preempcao-estadual-e-o-debate-entre-inovacao-e-seguranca\/#breadcrumb\",\"itemListElement\":[{\"@type\":\"ListItem\",\"position\":1,\"name\":\"In\u00edcio\",\"item\":\"https:\/\/lacerdaai.com\/br\/\"},{\"@type\":\"ListItem\",\"position\":2,\"name\":\"Regula\u00e7\u00e3o de IA: O Plano de Trump para Preemp\u00e7\u00e3o Estadual e o Debate entre Inova\u00e7\u00e3o e Seguran\u00e7a\"}]},{\"@type\":\"WebSite\",\"@id\":\"https:\/\/lacerdaai.com\/br\/#website\",\"url\":\"https:\/\/lacerdaai.com\/br\/\",\"name\":\"Lacerda AI\",\"description\":\"Seu blog di\u00e1rio de novidades do mundo da Inteligencia Artificial\",\"potentialAction\":[{\"@type\":\"SearchAction\",\"target\":{\"@type\":\"EntryPoint\",\"urlTemplate\":\"https:\/\/lacerdaai.com\/br\/?s={search_term_string}\"},\"query-input\":{\"@type\":\"PropertyValueSpecification\",\"valueRequired\":true,\"valueName\":\"search_term_string\"}}],\"inLanguage\":\"pt-BR\"},{\"@type\":\"Person\",\"@id\":\"https:\/\/lacerdaai.com\/br\/#\/schema\/person\/8bad803c2e83a0c5c5c75e02a1c2248f\",\"name\":\"Andr\u00e9 Lacerda\",\"image\":{\"@type\":\"ImageObject\",\"inLanguage\":\"pt-BR\",\"@id\":\"https:\/\/lacerdaai.com\/br\/#\/schema\/person\/image\/\",\"url\":\"https:\/\/secure.gravatar.com\/avatar\/f5c1fa5ad9763f54c1f223c3fc91f131da6288c9f9e28d74bb3c355ad99af205?s=96&d=mm&r=g\",\"contentUrl\":\"https:\/\/secure.gravatar.com\/avatar\/f5c1fa5ad9763f54c1f223c3fc91f131da6288c9f9e28d74bb3c355ad99af205?s=96&d=mm&r=g\",\"caption\":\"Andr\u00e9 Lacerda\"},\"description\":\"Sou o Andr\u00e9 Lacerda, tenho 35 anos e sou apaixonado por tecnologia, intelig\u00eancia artificial e boas hist\u00f3rias. Me formei em Tecnologia e Jornalismo \u2014 sim, uma mistura meio improv\u00e1vel, mas que combina muito comigo. J\u00e1 morei no Canad\u00e1 e na Espanha, e essas experi\u00eancias me ajudaram a enxergar a inova\u00e7\u00e3o com um olhar mais global (e a me virar bem em tr\u00eas idiomas \ud83d\ude04). Trabalhei em algumas das maiores empresas de tecnologia do mercado e, hoje, atuo como consultor ajudando neg\u00f3cios a entenderem e aplicarem IA de forma pr\u00e1tica, estrat\u00e9gica e humana. Gosto de traduzir o complexo em algo simples \u2014 e \u00e9 isso que voc\u00ea vai encontrar por aqui.\",\"sameAs\":[\"http:\/\/lacerdaai.com\/br\"],\"url\":\"https:\/\/lacerdaai.com\/br\/author\/red-admin\/\"}]}<\/script>\n<!-- \/ Yoast SEO plugin. -->","yoast_head_json":{"title":"Regula\u00e7\u00e3o de IA: O Plano de Trump para Preemp\u00e7\u00e3o Estadual e o Debate entre Inova\u00e7\u00e3o e Seguran\u00e7a - Lacerda AI","description":"Explore o plano do ex-presidente Donald Trump para centralizar a **regula\u00e7\u00e3o de intelig\u00eancia artificial** nos EUA, preterindo normas estaduais. Entenda o debate entre inova\u00e7\u00e3o e seguran\u00e7a e os impactos de uma pol\u00edtica federal 'hands-off' no futuro da IA.","robots":{"index":"index","follow":"follow","max-snippet":"max-snippet:-1","max-image-preview":"max-image-preview:large","max-video-preview":"max-video-preview:-1"},"canonical":"https:\/\/lacerdaai.com\/br\/regulacao-de-ia-o-plano-de-trump-para-preempcao-estadual-e-o-debate-entre-inovacao-e-seguranca\/","og_locale":"pt_BR","og_type":"article","og_title":"Regula\u00e7\u00e3o de IA: O Plano de Trump para Preemp\u00e7\u00e3o Estadual e o Debate entre Inova\u00e7\u00e3o e Seguran\u00e7a - Lacerda AI","og_description":"Explore o plano do ex-presidente Donald Trump para centralizar a **regula\u00e7\u00e3o de intelig\u00eancia artificial** nos EUA, preterindo normas estaduais. Entenda o debate entre inova\u00e7\u00e3o e seguran\u00e7a e os impactos de uma pol\u00edtica federal 'hands-off' no futuro da IA.","og_url":"https:\/\/lacerdaai.com\/br\/regulacao-de-ia-o-plano-de-trump-para-preempcao-estadual-e-o-debate-entre-inovacao-e-seguranca\/","og_site_name":"Lacerda AI","article_published_time":"2025-12-09T11:42:23+00:00","article_modified_time":"2025-12-09T11:42:24+00:00","author":"Andr\u00e9 Lacerda","twitter_card":"summary_large_image","twitter_misc":{"Escrito por":"Andr\u00e9 Lacerda","Est. tempo de leitura":"10 minutos"},"schema":{"@context":"https:\/\/schema.org","@graph":[{"@type":"WebPage","@id":"https:\/\/lacerdaai.com\/br\/regulacao-de-ia-o-plano-de-trump-para-preempcao-estadual-e-o-debate-entre-inovacao-e-seguranca\/","url":"https:\/\/lacerdaai.com\/br\/regulacao-de-ia-o-plano-de-trump-para-preempcao-estadual-e-o-debate-entre-inovacao-e-seguranca\/","name":"Regula\u00e7\u00e3o de IA: O Plano de Trump para Preemp\u00e7\u00e3o Estadual e o Debate entre Inova\u00e7\u00e3o e Seguran\u00e7a - Lacerda AI","isPartOf":{"@id":"https:\/\/lacerdaai.com\/br\/#website"},"primaryImageOfPage":{"@id":"https:\/\/lacerdaai.com\/br\/regulacao-de-ia-o-plano-de-trump-para-preempcao-estadual-e-o-debate-entre-inovacao-e-seguranca\/#primaryimage"},"image":{"@id":"https:\/\/lacerdaai.com\/br\/regulacao-de-ia-o-plano-de-trump-para-preempcao-estadual-e-o-debate-entre-inovacao-e-seguranca\/#primaryimage"},"thumbnailUrl":"https:\/\/lacerdaai.com\/br\/wp-content\/uploads\/2025\/12\/imagem-40.jpg","datePublished":"2025-12-09T11:42:23+00:00","dateModified":"2025-12-09T11:42:24+00:00","author":{"@id":"https:\/\/lacerdaai.com\/br\/#\/schema\/person\/8bad803c2e83a0c5c5c75e02a1c2248f"},"description":"Explore o plano do ex-presidente Donald Trump para centralizar a **regula\u00e7\u00e3o de intelig\u00eancia artificial** nos EUA, preterindo normas estaduais. Entenda o debate entre inova\u00e7\u00e3o e seguran\u00e7a e os impactos de uma pol\u00edtica federal 'hands-off' no futuro da IA.","breadcrumb":{"@id":"https:\/\/lacerdaai.com\/br\/regulacao-de-ia-o-plano-de-trump-para-preempcao-estadual-e-o-debate-entre-inovacao-e-seguranca\/#breadcrumb"},"inLanguage":"pt-BR","potentialAction":[{"@type":"ReadAction","target":["https:\/\/lacerdaai.com\/br\/regulacao-de-ia-o-plano-de-trump-para-preempcao-estadual-e-o-debate-entre-inovacao-e-seguranca\/"]}]},{"@type":"ImageObject","inLanguage":"pt-BR","@id":"https:\/\/lacerdaai.com\/br\/regulacao-de-ia-o-plano-de-trump-para-preempcao-estadual-e-o-debate-entre-inovacao-e-seguranca\/#primaryimage","url":"https:\/\/lacerdaai.com\/br\/wp-content\/uploads\/2025\/12\/imagem-40.jpg","contentUrl":"https:\/\/lacerdaai.com\/br\/wp-content\/uploads\/2025\/12\/imagem-40.jpg","width":800,"height":450},{"@type":"BreadcrumbList","@id":"https:\/\/lacerdaai.com\/br\/regulacao-de-ia-o-plano-de-trump-para-preempcao-estadual-e-o-debate-entre-inovacao-e-seguranca\/#breadcrumb","itemListElement":[{"@type":"ListItem","position":1,"name":"In\u00edcio","item":"https:\/\/lacerdaai.com\/br\/"},{"@type":"ListItem","position":2,"name":"Regula\u00e7\u00e3o de IA: O Plano de Trump para Preemp\u00e7\u00e3o Estadual e o Debate entre Inova\u00e7\u00e3o e Seguran\u00e7a"}]},{"@type":"WebSite","@id":"https:\/\/lacerdaai.com\/br\/#website","url":"https:\/\/lacerdaai.com\/br\/","name":"Lacerda AI","description":"Seu blog di\u00e1rio de novidades do mundo da Inteligencia Artificial","potentialAction":[{"@type":"SearchAction","target":{"@type":"EntryPoint","urlTemplate":"https:\/\/lacerdaai.com\/br\/?s={search_term_string}"},"query-input":{"@type":"PropertyValueSpecification","valueRequired":true,"valueName":"search_term_string"}}],"inLanguage":"pt-BR"},{"@type":"Person","@id":"https:\/\/lacerdaai.com\/br\/#\/schema\/person\/8bad803c2e83a0c5c5c75e02a1c2248f","name":"Andr\u00e9 Lacerda","image":{"@type":"ImageObject","inLanguage":"pt-BR","@id":"https:\/\/lacerdaai.com\/br\/#\/schema\/person\/image\/","url":"https:\/\/secure.gravatar.com\/avatar\/f5c1fa5ad9763f54c1f223c3fc91f131da6288c9f9e28d74bb3c355ad99af205?s=96&d=mm&r=g","contentUrl":"https:\/\/secure.gravatar.com\/avatar\/f5c1fa5ad9763f54c1f223c3fc91f131da6288c9f9e28d74bb3c355ad99af205?s=96&d=mm&r=g","caption":"Andr\u00e9 Lacerda"},"description":"Sou o Andr\u00e9 Lacerda, tenho 35 anos e sou apaixonado por tecnologia, intelig\u00eancia artificial e boas hist\u00f3rias. Me formei em Tecnologia e Jornalismo \u2014 sim, uma mistura meio improv\u00e1vel, mas que combina muito comigo. J\u00e1 morei no Canad\u00e1 e na Espanha, e essas experi\u00eancias me ajudaram a enxergar a inova\u00e7\u00e3o com um olhar mais global (e a me virar bem em tr\u00eas idiomas \ud83d\ude04). Trabalhei em algumas das maiores empresas de tecnologia do mercado e, hoje, atuo como consultor ajudando neg\u00f3cios a entenderem e aplicarem IA de forma pr\u00e1tica, estrat\u00e9gica e humana. Gosto de traduzir o complexo em algo simples \u2014 e \u00e9 isso que voc\u00ea vai encontrar por aqui.","sameAs":["http:\/\/lacerdaai.com\/br"],"url":"https:\/\/lacerdaai.com\/br\/author\/red-admin\/"}]}},"_links":{"self":[{"href":"https:\/\/lacerdaai.com\/br\/wp-json\/wp\/v2\/posts\/2719","targetHints":{"allow":["GET"]}}],"collection":[{"href":"https:\/\/lacerdaai.com\/br\/wp-json\/wp\/v2\/posts"}],"about":[{"href":"https:\/\/lacerdaai.com\/br\/wp-json\/wp\/v2\/types\/post"}],"author":[{"embeddable":true,"href":"https:\/\/lacerdaai.com\/br\/wp-json\/wp\/v2\/users\/1"}],"replies":[{"embeddable":true,"href":"https:\/\/lacerdaai.com\/br\/wp-json\/wp\/v2\/comments?post=2719"}],"version-history":[{"count":1,"href":"https:\/\/lacerdaai.com\/br\/wp-json\/wp\/v2\/posts\/2719\/revisions"}],"predecessor-version":[{"id":2720,"href":"https:\/\/lacerdaai.com\/br\/wp-json\/wp\/v2\/posts\/2719\/revisions\/2720"}],"wp:featuredmedia":[{"embeddable":true,"href":"https:\/\/lacerdaai.com\/br\/wp-json\/wp\/v2\/media\/2718"}],"wp:attachment":[{"href":"https:\/\/lacerdaai.com\/br\/wp-json\/wp\/v2\/media?parent=2719"}],"wp:term":[{"taxonomy":"category","embeddable":true,"href":"https:\/\/lacerdaai.com\/br\/wp-json\/wp\/v2\/categories?post=2719"},{"taxonomy":"post_tag","embeddable":true,"href":"https:\/\/lacerdaai.com\/br\/wp-json\/wp\/v2\/tags?post=2719"}],"curies":[{"name":"wp","href":"https:\/\/api.w.org\/{rel}","templated":true}]}}