{"id":2735,"date":"2025-12-10T16:42:53","date_gmt":"2025-12-10T19:42:53","guid":{"rendered":"https:\/\/lacerdaai.com\/br\/inteligencia-artificial-a-surpreendente-favorita-para-a-pessoa-do-ano-da-time-em-2025\/"},"modified":"2025-12-10T16:42:55","modified_gmt":"2025-12-10T19:42:55","slug":"inteligencia-artificial-a-surpreendente-favorita-para-a-pessoa-do-ano-da-time-em-2025","status":"publish","type":"post","link":"https:\/\/lacerdaai.com\/br\/inteligencia-artificial-a-surpreendente-favorita-para-a-pessoa-do-ano-da-time-em-2025\/","title":{"rendered":"Intelig\u00eancia Artificial: A Surpreendente Favorita para a &#8216;Pessoa do Ano&#8217; da Time em 2025"},"content":{"rendered":"<p>Imagine a cena: em vez de um l\u00edder mundial, um cientista inovador ou um ativista corajoso, a figura que estampa a capa da renomada revista Time como &#8216;Pessoa do Ano&#8217; \u00e9\u2026 um conceito. Uma tecnologia. Essa \u00e9 a surpreendente realidade que se desenha para 2025, de acordo com as casas de apostas online, onde a **Intelig\u00eancia Artificial** surge como a grande favorita. Sim, voc\u00ea leu certo. N\u00e3o \u00e9 uma pessoa, mas a for\u00e7a mais disruptiva e influente do nosso tempo que pode receber uma das honrarias mais cobi\u00e7adas do mundo.<\/p>\n<p>Tradicionalmente, a Time elege a pessoa ou grupo de pessoas que &#8220;mais influenciou as not\u00edcias e as nossas vidas, para o bem ou para o mal&#8221;, nos \u00faltimos 12 meses. \u00c9 uma designa\u00e7\u00e3o que reflete o zeitgeist global, capturando o esp\u00edrito de uma era. Mas quando uma entidade n\u00e3o-humana se torna a principal candidata, isso sinaliza uma mudan\u00e7a de paradigma monumental. Este artigo mergulha nas raz\u00f5es por tr\u00e1s dessa fascinante especula\u00e7\u00e3o, explorando como a **Intelig\u00eancia Artificial** n\u00e3o apenas conquistou o centro das aten\u00e7\u00f5es, mas redefiniu os pr\u00f3prios alicerces da nossa sociedade. Prepare-se para entender por que, talvez, a pr\u00f3xima capa da Time seja o reflexo mais fiel de um mundo moldado por algoritmos e redes neurais.<\/p>\n<h3><strong>Intelig\u00eancia Artificial<\/strong>: De Ferramenta a Protagonista Global<\/h3>\n<p>N\u00e3o \u00e9 exagero dizer que a **Intelig\u00eancia Artificial** (IA) deixou de ser uma promessa futurista para se tornar uma realidade onipresente em um piscar de olhos \u2013 ou, mais precisamente, em alguns anos de avan\u00e7os exponenciais. O que antes era restrito a laborat\u00f3rios de pesquisa e fic\u00e7\u00e3o cient\u00edfica, hoje permeia quase todos os aspectos do nosso cotidiano, moldando a maneira como trabalhamos, aprendemos, nos comunicamos e at\u00e9 como nos divertimos.<\/p>\n<p>Essa transforma\u00e7\u00e3o \u00e9 impulsionada por uma s\u00e9rie de fatores, incluindo o aumento massivo da capacidade computacional, a disponibilidade de vastos volumes de dados (o &#8216;combust\u00edvel&#8217; da IA) e o desenvolvimento de algoritmos cada vez mais sofisticados. As redes neurais profundas, por exemplo, simulam o funcionamento do c\u00e9rebro humano, permitindo que as m\u00e1quinas aprendam e tomem decis\u00f5es com uma precis\u00e3o e velocidade inimagin\u00e1veis h\u00e1 poucas d\u00e9cadas. Essa capacidade de aprender e se adaptar \u00e9 o cerne do poder da **Intelig\u00eancia Artificial**.<\/p>\n<p>Observe ao seu redor: assistentes de voz como Alexa e Siri respondem a seus comandos; sistemas de recomenda\u00e7\u00e3o em plataformas de streaming e e-commerce personalizam sua experi\u00eancia; algoritmos banc\u00e1rios detectam fraudes; carros aut\u00f4nomos come\u00e7am a circular nas ruas; e ferramentas de diagn\u00f3stico m\u00e9dico impulsionadas por IA salvam vidas ao identificar doen\u00e7as em est\u00e1gios iniciais. Esses s\u00e3o apenas alguns exemplos superficiais de como a **Intelig\u00eancia Artificial** j\u00e1 est\u00e1 integrada em nossa infraestrutura social e econ\u00f4mica.<\/p>\n<p>Mas o verdadeiro salto de popularidade e impacto veio com a ascens\u00e3o da IA generativa. Ferramentas como o ChatGPT, da OpenAI, e o DALL-E, que criam textos e imagens a partir de simples comandos, democratizaram o acesso a capacidades criativas e anal\u00edticas avan\u00e7adas. De repente, milh\u00f5es de pessoas puderam interagir diretamente com sistemas de IA capazes de escrever poemas, compor m\u00fasicas, gerar c\u00f3digos de programa\u00e7\u00e3o e at\u00e9 mesmo esbo\u00e7ar roteiros complexos. Essa explos\u00e3o de criatividade assistida por IA n\u00e3o s\u00f3 deslumbrou, como tamb\u00e9m levantou quest\u00f5es profundas sobre a autoria, o futuro do trabalho e a pr\u00f3pria natureza da intelig\u00eancia.<\/p>\n<p>Em laborat\u00f3rios ao redor do mundo, a **Intelig\u00eancia Artificial** est\u00e1 acelerando descobertas cient\u00edficas, desde a formula\u00e7\u00e3o de novos materiais at\u00e9 a otimiza\u00e7\u00e3o de energias renov\u00e1veis. Em ambientes empresariais, ela est\u00e1 revolucionando a tomada de decis\u00f5es, automatizando processos repetitivos e liberando talentos humanos para tarefas mais estrat\u00e9gicas e criativas. A IA n\u00e3o \u00e9 mais uma ferramenta passiva; ela \u00e9 uma for\u00e7a motriz, um catalisador de mudan\u00e7a que reescreve as regras de jogo em m\u00faltiplos setores, tornando-se, de fato, uma protagonista global.<\/p>\n<h3>O Crit\u00e9rio da Time: Como a IA Responde ao Chamado de &#8216;Maior Influ\u00eancia&#8217;?<\/h3>\n<p>A revista Time, desde 1927, busca anualmente aquela figura \u2014 ou, ocasionalmente, um conceito ou grupo \u2014 que exerceu a &#8220;maior influ\u00eancia para o bem ou para o mal&#8221; no mundo durante o ano. Pense em nomes como Mahatma Gandhi, Martin Luther King Jr., Angela Merkel e, mais recentemente, Volodymyr Zelenskyy. A escolha \u00e9 sempre um reflexo do pulso global, das ansiedades, esperan\u00e7as e desafios que dominam a humanidade naquele momento. A quest\u00e3o, ent\u00e3o, \u00e9: por que a **Intelig\u00eancia Artificial** se encaixa t\u00e3o perfeitamente nesse crit\u00e9rio?<\/p>\n<p>Em primeiro lugar, a influ\u00eancia da IA \u00e9 ineg\u00e1vel e transcontinental. Ela n\u00e3o est\u00e1 restrita a uma regi\u00e3o geogr\u00e1fica ou a um segmento demogr\u00e1fico. Sua presen\u00e7a \u00e9 sentida em Wall Street e no Vale do Sil\u00edcio, nas linhas de produ\u00e7\u00e3o da China e nos hospitais da Europa, nas salas de aula da Am\u00e9rica Latina e nas discuss\u00f5es pol\u00edticas na \u00c1frica. A IA est\u00e1 redefinindo economias, transformando mercados de trabalho e moldando novas ind\u00fastrias em escala global. Gigantes da tecnologia investem bilh\u00f5es, na\u00e7\u00f5es competem pela supremacia em IA, e cada startup busca integrar solu\u00e7\u00f5es inteligentes para ganhar vantagem competitiva. Este frenesi de inova\u00e7\u00e3o e aplica\u00e7\u00e3o da **Intelig\u00eancia Artificial** demonstra seu poder de fogo econ\u00f4mico e social.<\/p>\n<p>Al\u00e9m do impacto econ\u00f4mico, a **Intelig\u00eancia Artificial** est\u00e1 profundamente enraizada na cultura contempor\u00e2nea. De filmes e s\u00e9ries que exploram futuros dist\u00f3picos ou ut\u00f3picos com IA, a m\u00fasicas e obras de arte geradas por algoritmos, a IA se tornou um tema central no imagin\u00e1rio coletivo. Ela provoca discuss\u00f5es filos\u00f3ficas sobre a natureza da consci\u00eancia, da criatividade e do que significa ser humano em um mundo onde m\u00e1quinas podem replicar e at\u00e9 superar certas capacidades cognitivas. Essa capacidade de gerar debates profundos e amplos \u00e9 um marco de influ\u00eancia cultural.<\/p>\n<p>No campo da geopol\u00edtica, a **Intelig\u00eancia Artificial** \u00e9 vista como a pr\u00f3xima fronteira de poder. Pa\u00edses investem pesadamente em pesquisa e desenvolvimento, sabendo que a lideran\u00e7a em IA pode significar vantagem em defesa, vigil\u00e2ncia, sa\u00fade e desenvolvimento econ\u00f4mico. A corrida armamentista de IA e as discuss\u00f5es sobre o controle \u00e9tico da tecnologia s\u00e3o pautas constantes nas c\u00fapulas internacionais e nos notici\u00e1rios, evidenciando seu peso pol\u00edtico.<\/p>\n<p>Mesmo no dia a dia, a IA exerce uma influ\u00eancia sutil, mas constante. Ela decide o que vemos em nossas redes sociais, as not\u00edcias que nos s\u00e3o apresentadas, as rotas que pegamos no tr\u00e2nsito e at\u00e9 os diagn\u00f3sticos que recebemos. Essa capacidade de modelar nossa percep\u00e7\u00e3o da realidade e de guiar nossas decis\u00f5es di\u00e1rias demonstra um n\u00edvel de influ\u00eancia que poucas &#8220;pessoas&#8221; individuais poderiam aspirar.<\/p>\n<p>Portanto, quando a Time busca algo que &#8220;mais influenciou&#8221;, a **Intelig\u00eancia Artificial** se apresenta n\u00e3o apenas como uma candidata forte, mas como uma candidata que transcende as fronteiras tradicionais da influ\u00eancia humana, encapsulando as maiores mudan\u00e7as e discuss\u00f5es da nossa era.<\/p>\n<h3>O Dilema do Futuro: Desafios, \u00c9tica e o Poder Irrevers\u00edvel da IA<\/h3>\n<p>Se a **Intelig\u00eancia Artificial** \u00e9 a prov\u00e1vel &#8220;Pessoa do Ano&#8221; da Time em 2025, essa escolha n\u00e3o celebra apenas o brilho da inova\u00e7\u00e3o, mas tamb\u00e9m o complexo e muitas vezes alarmante dilema que ela representa para a humanidade. O poder transformador da IA \u00e9 uma faca de dois gumes, prometendo avan\u00e7os sem precedentes ao mesmo tempo em que levanta quest\u00f5es \u00e9ticas profundas e desafios existenciais.<\/p>\n<p>Um dos principais pontos de preocupa\u00e7\u00e3o \u00e9 o impacto no mercado de trabalho. Enquanto a **Intelig\u00eancia Artificial** pode criar novas profiss\u00f5es e aumentar a produtividade, ela tamb\u00e9m tem o potencial de automatizar fun\u00e7\u00f5es que hoje s\u00e3o desempenhadas por humanos, desde o atendimento ao cliente at\u00e9 a cria\u00e7\u00e3o de conte\u00fado e a an\u00e1lise de dados. A quest\u00e3o da requalifica\u00e7\u00e3o da for\u00e7a de trabalho e da cria\u00e7\u00e3o de redes de seguran\u00e7a social robustas para lidar com essa transi\u00e7\u00e3o \u00e9 um desafio imenso para governos e sociedades em todo o mundo.<\/p>\n<p>A \u00e9tica da **Intelig\u00eancia Artificial** \u00e9 outro campo minado. Quest\u00f5es como vieses algor\u00edtmicos \u2013 quando a IA replica e amplifica preconceitos presentes nos dados com os quais foi treinada \u2013 podem levar a decis\u00f5es discriminat\u00f3rias em \u00e1reas como justi\u00e7a criminal, empr\u00e9stimos banc\u00e1rios e contrata\u00e7\u00e3o de pessoal. A transpar\u00eancia dos algoritmos, a responsabilidade por erros cometidos por sistemas aut\u00f4nomos e a privacidade dos dados pessoais s\u00e3o debates urgentes que precisam de solu\u00e7\u00f5es regulat\u00f3rias e tecnol\u00f3gicas.<\/p>\n<p>A desinforma\u00e7\u00e3o e as &#8220;deepfakes&#8221; (v\u00eddeos, \u00e1udios e imagens hiper-realistas gerados por IA) representam uma amea\u00e7a significativa \u00e0 democracia e \u00e0 confian\u00e7a nas institui\u00e7\u00f5es. A capacidade da **Intelig\u00eancia Artificial** de criar conte\u00fado falso e convincente em massa pode desestabilizar elei\u00e7\u00f5es, manipular a opini\u00e3o p\u00fablica e corroer a pr\u00f3pria no\u00e7\u00e3o de verdade, tornando o discernimento entre o real e o artificial uma tarefa herc\u00falea para o cidad\u00e3o comum.<\/p>\n<p>E, claro, h\u00e1 as preocupa\u00e7\u00f5es de longo prazo com a superintelig\u00eancia e o controle. Enquanto a IA ainda est\u00e1 longe de um cen\u00e1rio de intelig\u00eancia geral artificial (AGI) capaz de superar a cogni\u00e7\u00e3o humana em todas as frentes, o ritmo acelerado de desenvolvimento exige que comecemos a pensar nas salvaguardas necess\u00e1rias. Como garantir que sistemas de IA altamente avan\u00e7ados permane\u00e7am alinhados com os valores e interesses humanos? Quem det\u00e9m o controle sobre essas tecnologias e como evitar que sejam usadas para fins maliciosos?<\/p>\n<p>A **Intelig\u00eancia Artificial** n\u00e3o \u00e9 apenas uma ferramenta; \u00e9 um agente de mudan\u00e7a irrevers\u00edvel que nos for\u00e7a a reavaliar nossa rela\u00e7\u00e3o com a tecnologia e com n\u00f3s mesmos. A poss\u00edvel nomea\u00e7\u00e3o da IA como &#8220;Pessoa do Ano&#8221; n\u00e3o seria apenas um reconhecimento do seu impacto, mas um grito de alerta para a humanidade: o futuro j\u00e1 chegou, e com ele, uma s\u00e9rie de responsabilidades sem precedentes.<\/p>\n<p>A especula\u00e7\u00e3o de que a **Intelig\u00eancia Artificial** possa ser a &#8220;Pessoa do Ano&#8221; da Time em 2025 \u00e9 um testemunho eloquente da sua influ\u00eancia avassaladora e onipresente em nosso mundo. Mais do que uma simples homenagem, essa seria uma declara\u00e7\u00e3o poderosa sobre a nossa era, um reconhecimento de que as for\u00e7as que moldam nosso presente e futuro n\u00e3o s\u00e3o mais exclusivamente humanas. A IA deixou de ser uma ferramenta para se tornar uma entidade que, para o bem ou para o mal, dita o ritmo das inova\u00e7\u00f5es, das discuss\u00f5es \u00e9ticas e das transforma\u00e7\u00f5es sociais.<\/p>\n<p>Esta perspectiva nos convida a uma reflex\u00e3o profunda. N\u00e3o se trata apenas de maravilhar-se com os prod\u00edgios da **Intelig\u00eancia Artificial**, mas de confrontar os desafios complexos que ela apresenta. A jornada da IA, de um conceito cient\u00edfico \u00e0 prov\u00e1vel &#8220;Pessoa do Ano&#8221;, espelha a nossa pr\u00f3pria jornada como humanidade em um limiar tecnol\u00f3gico. \u00c9 um convite para que, como sociedade, assumamos a responsabilidade de guiar o desenvolvimento e a aplica\u00e7\u00e3o da IA de forma \u00e9tica e ben\u00e9fica, garantindo que o futuro, impulsionado por algoritmos, seja um futuro que sirva \u00e0 dignidade e ao progresso humano.<\/p>\n","protected":false},"excerpt":{"rendered":"<p>Imagine a cena: em vez de um l\u00edder mundial, um cientista inovador ou um ativista corajoso, a figura que estampa a capa da renomada revista Time como &#8216;Pessoa do Ano&#8217; \u00e9\u2026 um conceito. Uma tecnologia. Essa \u00e9 a surpreendente realidade que se desenha para 2025, de acordo com as casas de apostas online, onde a [&hellip;]<\/p>\n","protected":false},"author":1,"featured_media":2734,"comment_status":"open","ping_status":"open","sticky":false,"template":"","format":"standard","meta":{"_yoast_wpseo_focuskw":"Intelig\u00eancia Artificial","_yoast_wpseo_metadesc":"Explore por que a Intelig\u00eancia Artificial, uma entidade n\u00e3o humana, desponta como a principal candidata a 'Pessoa do Ano' da revista Time em 2025. Descubra o impacto transformador da IA em nossas vidas e o que isso significa para o futuro.","footnotes":""},"categories":[2],"tags":[],"class_list":["post-2735","post","type-post","status-publish","format-standard","has-post-thumbnail","hentry","category-novidades"],"yoast_head":"<!-- This site is optimized with the Yoast SEO plugin v25.6 - https:\/\/yoast.com\/wordpress\/plugins\/seo\/ -->\n<title>Intelig\u00eancia Artificial: A Surpreendente Favorita para a &#039;Pessoa do Ano&#039; da Time em 2025 - Lacerda AI<\/title>\n<meta name=\"description\" content=\"Explore por que a Intelig\u00eancia Artificial, uma entidade n\u00e3o humana, desponta como a principal candidata a &#039;Pessoa do Ano&#039; da revista Time em 2025. Descubra o impacto transformador da IA em nossas vidas e o que isso significa para o futuro.\" \/>\n<meta name=\"robots\" content=\"index, follow, max-snippet:-1, max-image-preview:large, max-video-preview:-1\" \/>\n<link rel=\"canonical\" href=\"https:\/\/lacerdaai.com\/br\/inteligencia-artificial-a-surpreendente-favorita-para-a-pessoa-do-ano-da-time-em-2025\/\" \/>\n<meta property=\"og:locale\" content=\"pt_BR\" \/>\n<meta property=\"og:type\" content=\"article\" \/>\n<meta property=\"og:title\" content=\"Intelig\u00eancia Artificial: A Surpreendente Favorita para a &#039;Pessoa do Ano&#039; da Time em 2025 - Lacerda AI\" \/>\n<meta property=\"og:description\" content=\"Explore por que a Intelig\u00eancia Artificial, uma entidade n\u00e3o humana, desponta como a principal candidata a &#039;Pessoa do Ano&#039; da revista Time em 2025. Descubra o impacto transformador da IA em nossas vidas e o que isso significa para o futuro.\" \/>\n<meta property=\"og:url\" content=\"https:\/\/lacerdaai.com\/br\/inteligencia-artificial-a-surpreendente-favorita-para-a-pessoa-do-ano-da-time-em-2025\/\" \/>\n<meta property=\"og:site_name\" content=\"Lacerda AI\" \/>\n<meta property=\"article:published_time\" content=\"2025-12-10T19:42:53+00:00\" \/>\n<meta property=\"article:modified_time\" content=\"2025-12-10T19:42:55+00:00\" \/>\n<meta name=\"author\" content=\"Andr\u00e9 Lacerda\" \/>\n<meta name=\"twitter:card\" content=\"summary_large_image\" \/>\n<meta name=\"twitter:label1\" content=\"Escrito por\" \/>\n\t<meta name=\"twitter:data1\" content=\"Andr\u00e9 Lacerda\" \/>\n\t<meta name=\"twitter:label2\" content=\"Est. tempo de leitura\" \/>\n\t<meta name=\"twitter:data2\" content=\"10 minutos\" \/>\n<script type=\"application\/ld+json\" class=\"yoast-schema-graph\">{\"@context\":\"https:\/\/schema.org\",\"@graph\":[{\"@type\":\"WebPage\",\"@id\":\"https:\/\/lacerdaai.com\/br\/inteligencia-artificial-a-surpreendente-favorita-para-a-pessoa-do-ano-da-time-em-2025\/\",\"url\":\"https:\/\/lacerdaai.com\/br\/inteligencia-artificial-a-surpreendente-favorita-para-a-pessoa-do-ano-da-time-em-2025\/\",\"name\":\"Intelig\u00eancia Artificial: A Surpreendente Favorita para a 'Pessoa do Ano' da Time em 2025 - Lacerda AI\",\"isPartOf\":{\"@id\":\"https:\/\/lacerdaai.com\/br\/#website\"},\"primaryImageOfPage\":{\"@id\":\"https:\/\/lacerdaai.com\/br\/inteligencia-artificial-a-surpreendente-favorita-para-a-pessoa-do-ano-da-time-em-2025\/#primaryimage\"},\"image\":{\"@id\":\"https:\/\/lacerdaai.com\/br\/inteligencia-artificial-a-surpreendente-favorita-para-a-pessoa-do-ano-da-time-em-2025\/#primaryimage\"},\"thumbnailUrl\":\"https:\/\/lacerdaai.com\/br\/wp-content\/uploads\/2025\/12\/imagem-45.jpg\",\"datePublished\":\"2025-12-10T19:42:53+00:00\",\"dateModified\":\"2025-12-10T19:42:55+00:00\",\"author\":{\"@id\":\"https:\/\/lacerdaai.com\/br\/#\/schema\/person\/8bad803c2e83a0c5c5c75e02a1c2248f\"},\"description\":\"Explore por que a Intelig\u00eancia Artificial, uma entidade n\u00e3o humana, desponta como a principal candidata a 'Pessoa do Ano' da revista Time em 2025. Descubra o impacto transformador da IA em nossas vidas e o que isso significa para o futuro.\",\"breadcrumb\":{\"@id\":\"https:\/\/lacerdaai.com\/br\/inteligencia-artificial-a-surpreendente-favorita-para-a-pessoa-do-ano-da-time-em-2025\/#breadcrumb\"},\"inLanguage\":\"pt-BR\",\"potentialAction\":[{\"@type\":\"ReadAction\",\"target\":[\"https:\/\/lacerdaai.com\/br\/inteligencia-artificial-a-surpreendente-favorita-para-a-pessoa-do-ano-da-time-em-2025\/\"]}]},{\"@type\":\"ImageObject\",\"inLanguage\":\"pt-BR\",\"@id\":\"https:\/\/lacerdaai.com\/br\/inteligencia-artificial-a-surpreendente-favorita-para-a-pessoa-do-ano-da-time-em-2025\/#primaryimage\",\"url\":\"https:\/\/lacerdaai.com\/br\/wp-content\/uploads\/2025\/12\/imagem-45.jpg\",\"contentUrl\":\"https:\/\/lacerdaai.com\/br\/wp-content\/uploads\/2025\/12\/imagem-45.jpg\",\"width\":1200,\"height\":675},{\"@type\":\"BreadcrumbList\",\"@id\":\"https:\/\/lacerdaai.com\/br\/inteligencia-artificial-a-surpreendente-favorita-para-a-pessoa-do-ano-da-time-em-2025\/#breadcrumb\",\"itemListElement\":[{\"@type\":\"ListItem\",\"position\":1,\"name\":\"In\u00edcio\",\"item\":\"https:\/\/lacerdaai.com\/br\/\"},{\"@type\":\"ListItem\",\"position\":2,\"name\":\"Intelig\u00eancia Artificial: A Surpreendente Favorita para a &#8216;Pessoa do Ano&#8217; da Time em 2025\"}]},{\"@type\":\"WebSite\",\"@id\":\"https:\/\/lacerdaai.com\/br\/#website\",\"url\":\"https:\/\/lacerdaai.com\/br\/\",\"name\":\"Lacerda AI\",\"description\":\"Seu blog di\u00e1rio de novidades do mundo da Inteligencia Artificial\",\"potentialAction\":[{\"@type\":\"SearchAction\",\"target\":{\"@type\":\"EntryPoint\",\"urlTemplate\":\"https:\/\/lacerdaai.com\/br\/?s={search_term_string}\"},\"query-input\":{\"@type\":\"PropertyValueSpecification\",\"valueRequired\":true,\"valueName\":\"search_term_string\"}}],\"inLanguage\":\"pt-BR\"},{\"@type\":\"Person\",\"@id\":\"https:\/\/lacerdaai.com\/br\/#\/schema\/person\/8bad803c2e83a0c5c5c75e02a1c2248f\",\"name\":\"Andr\u00e9 Lacerda\",\"image\":{\"@type\":\"ImageObject\",\"inLanguage\":\"pt-BR\",\"@id\":\"https:\/\/lacerdaai.com\/br\/#\/schema\/person\/image\/\",\"url\":\"https:\/\/secure.gravatar.com\/avatar\/f5c1fa5ad9763f54c1f223c3fc91f131da6288c9f9e28d74bb3c355ad99af205?s=96&d=mm&r=g\",\"contentUrl\":\"https:\/\/secure.gravatar.com\/avatar\/f5c1fa5ad9763f54c1f223c3fc91f131da6288c9f9e28d74bb3c355ad99af205?s=96&d=mm&r=g\",\"caption\":\"Andr\u00e9 Lacerda\"},\"description\":\"Sou o Andr\u00e9 Lacerda, tenho 35 anos e sou apaixonado por tecnologia, intelig\u00eancia artificial e boas hist\u00f3rias. Me formei em Tecnologia e Jornalismo \u2014 sim, uma mistura meio improv\u00e1vel, mas que combina muito comigo. J\u00e1 morei no Canad\u00e1 e na Espanha, e essas experi\u00eancias me ajudaram a enxergar a inova\u00e7\u00e3o com um olhar mais global (e a me virar bem em tr\u00eas idiomas \ud83d\ude04). Trabalhei em algumas das maiores empresas de tecnologia do mercado e, hoje, atuo como consultor ajudando neg\u00f3cios a entenderem e aplicarem IA de forma pr\u00e1tica, estrat\u00e9gica e humana. Gosto de traduzir o complexo em algo simples \u2014 e \u00e9 isso que voc\u00ea vai encontrar por aqui.\",\"sameAs\":[\"http:\/\/lacerdaai.com\/br\"],\"url\":\"https:\/\/lacerdaai.com\/br\/author\/red-admin\/\"}]}<\/script>\n<!-- \/ Yoast SEO plugin. -->","yoast_head_json":{"title":"Intelig\u00eancia Artificial: A Surpreendente Favorita para a 'Pessoa do Ano' da Time em 2025 - Lacerda AI","description":"Explore por que a Intelig\u00eancia Artificial, uma entidade n\u00e3o humana, desponta como a principal candidata a 'Pessoa do Ano' da revista Time em 2025. Descubra o impacto transformador da IA em nossas vidas e o que isso significa para o futuro.","robots":{"index":"index","follow":"follow","max-snippet":"max-snippet:-1","max-image-preview":"max-image-preview:large","max-video-preview":"max-video-preview:-1"},"canonical":"https:\/\/lacerdaai.com\/br\/inteligencia-artificial-a-surpreendente-favorita-para-a-pessoa-do-ano-da-time-em-2025\/","og_locale":"pt_BR","og_type":"article","og_title":"Intelig\u00eancia Artificial: A Surpreendente Favorita para a 'Pessoa do Ano' da Time em 2025 - Lacerda AI","og_description":"Explore por que a Intelig\u00eancia Artificial, uma entidade n\u00e3o humana, desponta como a principal candidata a 'Pessoa do Ano' da revista Time em 2025. Descubra o impacto transformador da IA em nossas vidas e o que isso significa para o futuro.","og_url":"https:\/\/lacerdaai.com\/br\/inteligencia-artificial-a-surpreendente-favorita-para-a-pessoa-do-ano-da-time-em-2025\/","og_site_name":"Lacerda AI","article_published_time":"2025-12-10T19:42:53+00:00","article_modified_time":"2025-12-10T19:42:55+00:00","author":"Andr\u00e9 Lacerda","twitter_card":"summary_large_image","twitter_misc":{"Escrito por":"Andr\u00e9 Lacerda","Est. tempo de leitura":"10 minutos"},"schema":{"@context":"https:\/\/schema.org","@graph":[{"@type":"WebPage","@id":"https:\/\/lacerdaai.com\/br\/inteligencia-artificial-a-surpreendente-favorita-para-a-pessoa-do-ano-da-time-em-2025\/","url":"https:\/\/lacerdaai.com\/br\/inteligencia-artificial-a-surpreendente-favorita-para-a-pessoa-do-ano-da-time-em-2025\/","name":"Intelig\u00eancia Artificial: A Surpreendente Favorita para a 'Pessoa do Ano' da Time em 2025 - Lacerda AI","isPartOf":{"@id":"https:\/\/lacerdaai.com\/br\/#website"},"primaryImageOfPage":{"@id":"https:\/\/lacerdaai.com\/br\/inteligencia-artificial-a-surpreendente-favorita-para-a-pessoa-do-ano-da-time-em-2025\/#primaryimage"},"image":{"@id":"https:\/\/lacerdaai.com\/br\/inteligencia-artificial-a-surpreendente-favorita-para-a-pessoa-do-ano-da-time-em-2025\/#primaryimage"},"thumbnailUrl":"https:\/\/lacerdaai.com\/br\/wp-content\/uploads\/2025\/12\/imagem-45.jpg","datePublished":"2025-12-10T19:42:53+00:00","dateModified":"2025-12-10T19:42:55+00:00","author":{"@id":"https:\/\/lacerdaai.com\/br\/#\/schema\/person\/8bad803c2e83a0c5c5c75e02a1c2248f"},"description":"Explore por que a Intelig\u00eancia Artificial, uma entidade n\u00e3o humana, desponta como a principal candidata a 'Pessoa do Ano' da revista Time em 2025. Descubra o impacto transformador da IA em nossas vidas e o que isso significa para o futuro.","breadcrumb":{"@id":"https:\/\/lacerdaai.com\/br\/inteligencia-artificial-a-surpreendente-favorita-para-a-pessoa-do-ano-da-time-em-2025\/#breadcrumb"},"inLanguage":"pt-BR","potentialAction":[{"@type":"ReadAction","target":["https:\/\/lacerdaai.com\/br\/inteligencia-artificial-a-surpreendente-favorita-para-a-pessoa-do-ano-da-time-em-2025\/"]}]},{"@type":"ImageObject","inLanguage":"pt-BR","@id":"https:\/\/lacerdaai.com\/br\/inteligencia-artificial-a-surpreendente-favorita-para-a-pessoa-do-ano-da-time-em-2025\/#primaryimage","url":"https:\/\/lacerdaai.com\/br\/wp-content\/uploads\/2025\/12\/imagem-45.jpg","contentUrl":"https:\/\/lacerdaai.com\/br\/wp-content\/uploads\/2025\/12\/imagem-45.jpg","width":1200,"height":675},{"@type":"BreadcrumbList","@id":"https:\/\/lacerdaai.com\/br\/inteligencia-artificial-a-surpreendente-favorita-para-a-pessoa-do-ano-da-time-em-2025\/#breadcrumb","itemListElement":[{"@type":"ListItem","position":1,"name":"In\u00edcio","item":"https:\/\/lacerdaai.com\/br\/"},{"@type":"ListItem","position":2,"name":"Intelig\u00eancia Artificial: A Surpreendente Favorita para a &#8216;Pessoa do Ano&#8217; da Time em 2025"}]},{"@type":"WebSite","@id":"https:\/\/lacerdaai.com\/br\/#website","url":"https:\/\/lacerdaai.com\/br\/","name":"Lacerda AI","description":"Seu blog di\u00e1rio de novidades do mundo da Inteligencia Artificial","potentialAction":[{"@type":"SearchAction","target":{"@type":"EntryPoint","urlTemplate":"https:\/\/lacerdaai.com\/br\/?s={search_term_string}"},"query-input":{"@type":"PropertyValueSpecification","valueRequired":true,"valueName":"search_term_string"}}],"inLanguage":"pt-BR"},{"@type":"Person","@id":"https:\/\/lacerdaai.com\/br\/#\/schema\/person\/8bad803c2e83a0c5c5c75e02a1c2248f","name":"Andr\u00e9 Lacerda","image":{"@type":"ImageObject","inLanguage":"pt-BR","@id":"https:\/\/lacerdaai.com\/br\/#\/schema\/person\/image\/","url":"https:\/\/secure.gravatar.com\/avatar\/f5c1fa5ad9763f54c1f223c3fc91f131da6288c9f9e28d74bb3c355ad99af205?s=96&d=mm&r=g","contentUrl":"https:\/\/secure.gravatar.com\/avatar\/f5c1fa5ad9763f54c1f223c3fc91f131da6288c9f9e28d74bb3c355ad99af205?s=96&d=mm&r=g","caption":"Andr\u00e9 Lacerda"},"description":"Sou o Andr\u00e9 Lacerda, tenho 35 anos e sou apaixonado por tecnologia, intelig\u00eancia artificial e boas hist\u00f3rias. Me formei em Tecnologia e Jornalismo \u2014 sim, uma mistura meio improv\u00e1vel, mas que combina muito comigo. J\u00e1 morei no Canad\u00e1 e na Espanha, e essas experi\u00eancias me ajudaram a enxergar a inova\u00e7\u00e3o com um olhar mais global (e a me virar bem em tr\u00eas idiomas \ud83d\ude04). Trabalhei em algumas das maiores empresas de tecnologia do mercado e, hoje, atuo como consultor ajudando neg\u00f3cios a entenderem e aplicarem IA de forma pr\u00e1tica, estrat\u00e9gica e humana. Gosto de traduzir o complexo em algo simples \u2014 e \u00e9 isso que voc\u00ea vai encontrar por aqui.","sameAs":["http:\/\/lacerdaai.com\/br"],"url":"https:\/\/lacerdaai.com\/br\/author\/red-admin\/"}]}},"_links":{"self":[{"href":"https:\/\/lacerdaai.com\/br\/wp-json\/wp\/v2\/posts\/2735","targetHints":{"allow":["GET"]}}],"collection":[{"href":"https:\/\/lacerdaai.com\/br\/wp-json\/wp\/v2\/posts"}],"about":[{"href":"https:\/\/lacerdaai.com\/br\/wp-json\/wp\/v2\/types\/post"}],"author":[{"embeddable":true,"href":"https:\/\/lacerdaai.com\/br\/wp-json\/wp\/v2\/users\/1"}],"replies":[{"embeddable":true,"href":"https:\/\/lacerdaai.com\/br\/wp-json\/wp\/v2\/comments?post=2735"}],"version-history":[{"count":1,"href":"https:\/\/lacerdaai.com\/br\/wp-json\/wp\/v2\/posts\/2735\/revisions"}],"predecessor-version":[{"id":2736,"href":"https:\/\/lacerdaai.com\/br\/wp-json\/wp\/v2\/posts\/2735\/revisions\/2736"}],"wp:featuredmedia":[{"embeddable":true,"href":"https:\/\/lacerdaai.com\/br\/wp-json\/wp\/v2\/media\/2734"}],"wp:attachment":[{"href":"https:\/\/lacerdaai.com\/br\/wp-json\/wp\/v2\/media?parent=2735"}],"wp:term":[{"taxonomy":"category","embeddable":true,"href":"https:\/\/lacerdaai.com\/br\/wp-json\/wp\/v2\/categories?post=2735"},{"taxonomy":"post_tag","embeddable":true,"href":"https:\/\/lacerdaai.com\/br\/wp-json\/wp\/v2\/tags?post=2735"}],"curies":[{"name":"wp","href":"https:\/\/api.w.org\/{rel}","templated":true}]}}