{"id":2852,"date":"2025-12-19T12:43:13","date_gmt":"2025-12-19T15:43:13","guid":{"rendered":"https:\/\/lacerdaai.com\/br\/a-nova-onda-da-mobilidade-por-que-a-inteligencia-artificial-em-veiculos-eletricos-esta-chamando-a-atencao-dos-investidores\/"},"modified":"2025-12-19T12:43:21","modified_gmt":"2025-12-19T15:43:21","slug":"a-nova-onda-da-mobilidade-por-que-a-inteligencia-artificial-em-veiculos-eletricos-esta-chamando-a-atencao-dos-investidores","status":"publish","type":"post","link":"https:\/\/lacerdaai.com\/br\/a-nova-onda-da-mobilidade-por-que-a-inteligencia-artificial-em-veiculos-eletricos-esta-chamando-a-atencao-dos-investidores\/","title":{"rendered":"A Nova Onda da Mobilidade: Por Que a Intelig\u00eancia Artificial em Ve\u00edculos El\u00e9tricos Est\u00e1 Chamando a Aten\u00e7\u00e3o dos Investidores"},"content":{"rendered":"<p>A ind\u00fastria automotiva est\u00e1 em constante evolu\u00e7\u00e3o, e poucas \u00e1reas capturam tanto a imagina\u00e7\u00e3o e o capital de investimento quanto a interse\u00e7\u00e3o entre ve\u00edculos el\u00e9tricos (EVs) e intelig\u00eancia artificial (IA). Longe de ser apenas uma utopia futurista, a simbiose entre essas tecnologias est\u00e1 moldando o presente e, mais ainda, o futuro da nossa mobilidade. Recentemente, a not\u00edcia de que uma renomada empresa de investimentos, como a Baird, elevou a classifica\u00e7\u00e3o de uma fabricante de ve\u00edculos el\u00e9tricos de &#8216;neutra&#8217; para &#8216; outperform&#8217; (desempenho superior) \u00e0 frente do lan\u00e7amento de seus ve\u00edculos habilitados para IA no pr\u00f3ximo ano, acende um holofote sobre essa tend\u00eancia ineg\u00e1vel. Mas o que exatamente torna essa combina\u00e7\u00e3o t\u00e3o atraente para os analistas e, mais importante, para n\u00f3s, consumidores e entusiastas de tecnologia?<\/p>\n<p>N\u00e3o se trata apenas de substituir gasolina por eletricidade ou de ter carros que se dirigem sozinhos. Estamos falando de uma transforma\u00e7\u00e3o completa da experi\u00eancia de dirigir, da seguran\u00e7a e at\u00e9 mesmo da rela\u00e7\u00e3o que temos com nossos ve\u00edculos. A IA n\u00e3o \u00e9 apenas um aditivo; ela \u00e9 o c\u00e9rebro que otimiza, personaliza e eleva o EV a um novo patamar de funcionalidade e efici\u00eancia. Para o p\u00fablico brasileiro, que abra\u00e7a rapidamente as inova\u00e7\u00f5es tecnol\u00f3gicas e busca solu\u00e7\u00f5es inteligentes para o dia a dia, entender essa revolu\u00e7\u00e3o \u00e9 fundamental. Este artigo mergulha no cora\u00e7\u00e3o dessa transforma\u00e7\u00e3o, explorando como a IA est\u00e1 redefinindo os EVs e por que o mercado est\u00e1 t\u00e3o otimista.<\/p>\n<h2>O Futuro Chegou: <strong>Intelig\u00eancia Artificial em Ve\u00edculos El\u00e9tricos<\/strong> Revolucionando a Mobilidade<\/h2>\n<p>A promessa da <strong>intelig\u00eancia artificial em ve\u00edculos el\u00e9tricos<\/strong> vai muito al\u00e9m da capacidade de estacionar sozinho ou evitar colis\u00f5es. Na verdade, a IA est\u00e1 se tornando o tecido neural que conecta todas as funcionalidades complexas de um carro moderno, transformando-o de um simples meio de transporte em um assistente pessoal sobre rodas, um centro de entretenimento, e um guardi\u00e3o da nossa seguran\u00e7a. Para as montadoras, integrar a IA n\u00e3o \u00e9 mais uma op\u00e7\u00e3o, mas uma necessidade estrat\u00e9gica para se manterem competitivas em um mercado em efervesc\u00eancia.<\/p>\n<p>Vamos desmistificar o que significa ter um EV &#8216;habilitado para IA&#8217;. N\u00e3o \u00e9 apenas sobre ter um chip potente; \u00e9 sobre a capacidade de processar dados em tempo real, aprender com os padr\u00f5es de uso do motorista e do ambiente, e tomar decis\u00f5es inteligentes para otimizar cada aspecto da jornada. Isso se manifesta em v\u00e1rias frentes:<\/p>\n<ul>\n<li><strong>Otimiza\u00e7\u00e3o da Bateria e Efici\u00eancia Energ\u00e9tica:<\/strong> Sistemas de IA podem prever com precis\u00e3o o consumo de energia com base no estilo de dire\u00e7\u00e3o, nas condi\u00e7\u00f5es do tr\u00e1fego e at\u00e9 mesmo na topografia da rota. Eles podem otimizar o fluxo de energia, prolongar a vida \u00fatil da bateria e sugerir os pontos de carregamento mais eficientes. Imagine um carro que aprende suas rotinas e se programa para carregar nos hor\u00e1rios de menor tarifa el\u00e9trica, ou que ajusta sutilmente a regenera\u00e7\u00e3o de energia durante a frenagem para maximizar o alcance.<\/li>\n<li><strong>Experi\u00eancia Personalizada:<\/strong> A IA transforma o interior do ve\u00edculo em um espa\u00e7o que se adapta ao motorista e aos passageiros. Desde ajustes autom\u00e1ticos de assento, espelhos e temperatura com base no reconhecimento facial ou de perfil, at\u00e9 a curadoria de playlists musicais ou podcasts que se alinham com seu humor ou destino. Assistentes de voz avan\u00e7ados, impulsionados por IA, permitem controlar quase todas as fun\u00e7\u00f5es do carro de forma intuitiva e segura, mantendo suas m\u00e3os no volante e seus olhos na estrada.<\/li>\n<li><strong>Sistemas Avan\u00e7ados de Assist\u00eancia ao Motorista (ADAS):<\/strong> Aqui \u00e9 onde a IA brilha mais intensamente no que diz respeito \u00e0 seguran\u00e7a. Piloto autom\u00e1tico adaptativo, assistente de perman\u00eancia em faixa, frenagem de emerg\u00eancia autom\u00e1tica, monitoramento de ponto cego e estacionamento aut\u00f4nomo s\u00e3o apenas alguns exemplos. Esses sistemas utilizam c\u00e2meras, radares e sensores ultrass\u00f4nicos, todos orquestrados por algoritmos de IA, para perceber o ambiente ao redor do ve\u00edculo com uma precis\u00e3o muito superior \u00e0 capacidade humana, reduzindo drasticamente o risco de acidentes.<\/li>\n<\/ul>\n<p>Essa camada inteligente de software n\u00e3o s\u00f3 torna a dire\u00e7\u00e3o mais segura e confort\u00e1vel, mas tamb\u00e9m redefine o conceito de propriedade de um ve\u00edculo. O carro n\u00e3o \u00e9 mais apenas uma m\u00e1quina; \u00e9 um companheiro que aprende, se adapta e evolui com voc\u00ea, prometendo uma experi\u00eancia de mobilidade sem precedentes.<\/p>\n<h2>Al\u00e9m do Volante: Como a IA Est\u00e1 Transformando o Carro em um Parceiro Inteligente<\/h2>\n<p>A integra\u00e7\u00e3o da intelig\u00eancia artificial nos ve\u00edculos el\u00e9tricos est\u00e1 evoluindo rapidamente, mudando nossa percep\u00e7\u00e3o sobre o que um carro pode ser e fazer. N\u00e3o se trata apenas de conveni\u00eancia, mas de uma verdadeira revolu\u00e7\u00e3o na intera\u00e7\u00e3o homem-m\u00e1quina e na forma como nos movemos. As aplica\u00e7\u00f5es da IA se estendem muito al\u00e9m do que vemos superficialmente, mergulhando em camadas de software e hardware que trabalham incansavelmente para otimizar cada viagem.<\/p>\n<h3>Autonomia e Seguran\u00e7a Refor\u00e7ada<\/h3>\n<p>A busca pela condu\u00e7\u00e3o aut\u00f4noma \u00e9 talvez a face mais vis\u00edvel da IA automotiva. Embora o n\u00edvel 5 de autonomia total (onde o carro pode dirigir-se em todas as condi\u00e7\u00f5es sem interven\u00e7\u00e3o humana) ainda esteja em desenvolvimento, os n\u00edveis 2 e 3 j\u00e1 s\u00e3o uma realidade em muitos ve\u00edculos de ponta. Isso significa carros que podem acelerar, frear e ester\u00e7ar em certas condi\u00e7\u00f5es de rodovia, ou at\u00e9 mesmo realizar manobras de mudan\u00e7a de faixa com supervis\u00e3o m\u00ednima. A IA \u00e9 o c\u00e9rebro por tr\u00e1s desses sistemas, processando trilh\u00f5es de opera\u00e7\u00f5es por segundo para interpretar dados de sensores, c\u00e2meras e radares, mapear o ambiente, prever o comportamento de outros ve\u00edculos e pedestres e tomar decis\u00f5es em fra\u00e7\u00f5es de segundo. Isso n\u00e3o apenas alivia o estresse do motorista, mas tamb\u00e9m tem o potencial de reduzir drasticamente os acidentes causados por erro humano.<\/p>\n<h3>Otimiza\u00e7\u00e3o e Manuten\u00e7\u00e3o Preditiva<\/h3>\n<p>A IA est\u00e1 se mostrando indispens\u00e1vel na gest\u00e3o inteligente da sa\u00fade do ve\u00edculo. Em EVs, a bateria \u00e9 o cora\u00e7\u00e3o do sistema, e a IA pode monitorar seu desempenho em tempo real, prever o desgaste e otimizar os ciclos de carga para prolongar sua vida \u00fatil. Al\u00e9m disso, sistemas de IA podem analisar dados de v\u00e1rios componentes do ve\u00edculo para identificar padr\u00f5es que indicam uma poss\u00edvel falha antes que ela ocorra. Isso \u00e9 a manuten\u00e7\u00e3o preditiva em a\u00e7\u00e3o: em vez de esperar que algo quebre, o carro informa proativamente sobre a necessidade de uma inspe\u00e7\u00e3o ou reparo. Para os propriet\u00e1rios, isso significa menos tempo de inatividade, custos de manuten\u00e7\u00e3o reduzidos a longo prazo e uma maior confiabilidade do ve\u00edculo. Para frotas comerciais, o impacto na efici\u00eancia operacional pode ser monumental.<\/p>\n<h3>Conectividade e Ecossistema Inteligente<\/h3>\n<p>Com a IA, o EV se torna um n\u00f3 em um ecossistema digital mais amplo. Ele pode se comunicar com a infraestrutura da cidade (V2I &#8211; Vehicle-to-Infrastructure), como sem\u00e1foros inteligentes para otimizar o fluxo de tr\u00e1fego e reduzir congestionamentos, ou com outros ve\u00edculos (V2V &#8211; Vehicle-to-Vehicle) para compartilhar informa\u00e7\u00f5es sobre condi\u00e7\u00f5es da estrada ou perigos iminentes. Essa conectividade aprimora a experi\u00eancia de dire\u00e7\u00e3o, melhora a seguran\u00e7a e contribui para um ambiente urbano mais eficiente e menos polu\u00eddo. A bordo, o sistema de infoentretenimento, alimentado por IA, oferece desde navega\u00e7\u00e3o inteligente que considera o alcance da bateria at\u00e9 experi\u00eancias de entretenimento imersivas, tudo personalizado para os ocupantes. Para o mercado brasileiro, com suas peculiaridades de tr\u00e1fego e vastas dist\u00e2ncias, a otimiza\u00e7\u00e3o de rotas e a comunica\u00e7\u00e3o inteligente podem transformar completamente a experi\u00eancia de viajar.<\/p>\n<h2>O Mercado e o Impulso dos Investimentos: Por Que a Baird Aposta Alto<\/h2>\n<p>A decis\u00e3o da Baird de elevar a classifica\u00e7\u00e3o de uma fabricante de ve\u00edculos el\u00e9tricos em antecipa\u00e7\u00e3o ao lan\u00e7amento de seus modelos habilitados para IA n\u00e3o \u00e9 um evento isolado; \u00e9 um reflexo de uma tend\u00eancia de investimento mais ampla e estrat\u00e9gica. O mercado est\u00e1 reconhecendo que a pr\u00f3xima fronteira na ind\u00fastria automotiva n\u00e3o \u00e9 apenas a eletrifica\u00e7\u00e3o, mas a intelig\u00eancia. E onde h\u00e1 intelig\u00eancia e inova\u00e7\u00e3o disruptiva, h\u00e1 oportunidades de crescimento exponencial.<\/p>\n<p>Analistas financeiros, como os da Baird, buscam empresas com diferenciais competitivos claros e um caminho sustent\u00e1vel para o crescimento. No setor de EVs, a capacidade de integrar e escalar tecnologias de IA \u00e9 esse diferencial. Uma montadora que pode oferecer funcionalidades de condu\u00e7\u00e3o aut\u00f4noma superior, gerenciamento de bateria mais eficiente e uma experi\u00eancia de usu\u00e1rio mais personalizada atrav\u00e9s da IA, tem uma vantagem significativa sobre seus concorrentes. Essa capacidade se traduz em maior demanda por seus produtos, fideliza\u00e7\u00e3o de clientes e, consequentemente, um desempenho financeiro robusto.<\/p>\n<p>O cen\u00e1rio competitivo \u00e9 intenso. Gigantes tradicionais da ind\u00fastria automotiva, como Volkswagen e General Motors, est\u00e3o investindo bilh\u00f5es em P&amp;D de IA e EVs, enquanto startups ambiciosas, como Rivian e Lucid Motors, e players de tecnologia como Tesla, continuam a empurrar os limites da inova\u00e7\u00e3o. O mercado brasileiro, por sua vez, est\u00e1 come\u00e7ando a ver uma maior oferta de EVs, e a expectativa \u00e9 que a tecnologia embarcada seja um fator decisivo para a escolha do consumidor.<\/p>\n<p>No entanto, a jornada n\u00e3o \u00e9 isenta de desafios. A IA em ve\u00edculos el\u00e9tricos levanta quest\u00f5es complexas sobre seguran\u00e7a cibern\u00e9tica, privacidade de dados, regulamenta\u00e7\u00e3o e \u00e9tica. Quem \u00e9 respons\u00e1vel em caso de um acidente envolvendo um ve\u00edculo aut\u00f4nomo? Como garantir que os algoritmos sejam imparciais e justos? As empresas que conseguirem navegar por esses desafios com solu\u00e7\u00f5es robustas e transparentes estar\u00e3o na vanguarda da corrida. Al\u00e9m disso, o alto custo de desenvolvimento e a necessidade de infraestrutura de carregamento robusta s\u00e3o barreiras que precisam ser superadas para a ado\u00e7\u00e3o em massa.<\/p>\n<p>Ainda assim, o potencial de valoriza\u00e7\u00e3o \u00e9 ineg\u00e1vel. Investir em fabricantes de EVs com forte compet\u00eancia em IA \u00e9 apostar n\u00e3o apenas na transi\u00e7\u00e3o para a energia limpa, mas na evolu\u00e7\u00e3o da pr\u00f3pria natureza da mobilidade. \u00c9 um investimento no futuro onde os carros n\u00e3o s\u00e3o apenas m\u00e1quinas, mas parceiros inteligentes, seguros e eficientes, redefinindo nossa rela\u00e7\u00e3o com o transporte.<\/p>\n<h2>Conclus\u00e3o: O Horizonte Inteligente da Mobilidade<\/h2>\n<p>A converg\u00eancia da eletrifica\u00e7\u00e3o com a intelig\u00eancia artificial est\u00e1 catalisando uma das transforma\u00e7\u00f5es mais profundas na hist\u00f3ria da ind\u00fastria automotiva. A recomenda\u00e7\u00e3o de investimento da Baird \u00e9 um testemunho claro de que o mercado financeiro j\u00e1 enxerga o imenso valor e o potencial disruptivo que a <strong>intelig\u00eancia artificial em ve\u00edculos el\u00e9tricos<\/strong> representa. N\u00e3o estamos falando de um futuro distante, mas de uma realidade que j\u00e1 est\u00e1 se materializando, com carros aprendendo, adaptando-se e interagindo de maneiras que eram impens\u00e1veis h\u00e1 poucas d\u00e9cadas. Essa revolu\u00e7\u00e3o promete n\u00e3o apenas ve\u00edculos mais eficientes e sustent\u00e1veis, mas tamb\u00e9m uma experi\u00eancia de dire\u00e7\u00e3o mais segura, confort\u00e1vel e personalizada para todos.<\/p>\n<p>Para o entusiasta de tecnologia, para o investidor astuto e para o cidad\u00e3o que busca uma mobilidade mais inteligente e menos poluente, o horizonte \u00e9 excitante. A IA est\u00e1 transformando o EV de um mero meio de transporte em um verdadeiro parceiro inteligente, capaz de otimizar sua bateria, personalizar seu ambiente e, acima de tudo, garantir sua seguran\u00e7a com uma precis\u00e3o sem precedentes. \u00c0 medida que mais fabricantes lan\u00e7am seus ve\u00edculos habilitados para IA, veremos um salto qualitativo na forma como nos movemos, com o Brasil, sem d\u00favida, acompanhando essa onda de inova\u00e7\u00e3o. Prepare-se, pois o futuro da mobilidade \u00e9 el\u00e9trico, \u00e9 inteligente e est\u00e1 apenas come\u00e7ando.<\/p>\n","protected":false},"excerpt":{"rendered":"<p>A ind\u00fastria automotiva est\u00e1 em constante evolu\u00e7\u00e3o, e poucas \u00e1reas capturam tanto a imagina\u00e7\u00e3o e o capital de investimento quanto a interse\u00e7\u00e3o entre ve\u00edculos el\u00e9tricos (EVs) e intelig\u00eancia artificial (IA). Longe de ser apenas uma utopia futurista, a simbiose entre essas tecnologias est\u00e1 moldando o presente e, mais ainda, o futuro da nossa mobilidade. Recentemente, [&hellip;]<\/p>\n","protected":false},"author":1,"featured_media":2851,"comment_status":"open","ping_status":"open","sticky":false,"template":"","format":"standard","meta":{"_yoast_wpseo_focuskw":"intelig\u00eancia artificial em ve\u00edculos el\u00e9tricos","_yoast_wpseo_metadesc":"Descubra como a intelig\u00eancia artificial em ve\u00edculos el\u00e9tricos est\u00e1 revolucionando a ind\u00fastria automotiva e por que analistas como a Baird est\u00e3o otimistas. Explore o futuro da mobilidade, a inova\u00e7\u00e3o e o impacto no mercado.","footnotes":""},"categories":[2],"tags":[],"class_list":["post-2852","post","type-post","status-publish","format-standard","has-post-thumbnail","hentry","category-novidades"],"yoast_head":"<!-- This site is optimized with the Yoast SEO plugin v25.6 - https:\/\/yoast.com\/wordpress\/plugins\/seo\/ -->\n<title>A Nova Onda da Mobilidade: Por Que a Intelig\u00eancia Artificial em Ve\u00edculos El\u00e9tricos Est\u00e1 Chamando a Aten\u00e7\u00e3o dos Investidores - Lacerda AI<\/title>\n<meta name=\"description\" content=\"Descubra como a intelig\u00eancia artificial em ve\u00edculos el\u00e9tricos est\u00e1 revolucionando a ind\u00fastria automotiva e por que analistas como a Baird est\u00e3o otimistas. Explore o futuro da mobilidade, a inova\u00e7\u00e3o e o impacto no mercado.\" \/>\n<meta name=\"robots\" content=\"index, follow, max-snippet:-1, max-image-preview:large, max-video-preview:-1\" \/>\n<link rel=\"canonical\" href=\"https:\/\/lacerdaai.com\/br\/a-nova-onda-da-mobilidade-por-que-a-inteligencia-artificial-em-veiculos-eletricos-esta-chamando-a-atencao-dos-investidores\/\" \/>\n<meta property=\"og:locale\" content=\"pt_BR\" \/>\n<meta property=\"og:type\" content=\"article\" \/>\n<meta property=\"og:title\" content=\"A Nova Onda da Mobilidade: Por Que a Intelig\u00eancia Artificial em Ve\u00edculos El\u00e9tricos Est\u00e1 Chamando a Aten\u00e7\u00e3o dos Investidores - Lacerda AI\" \/>\n<meta property=\"og:description\" content=\"Descubra como a intelig\u00eancia artificial em ve\u00edculos el\u00e9tricos est\u00e1 revolucionando a ind\u00fastria automotiva e por que analistas como a Baird est\u00e3o otimistas. Explore o futuro da mobilidade, a inova\u00e7\u00e3o e o impacto no mercado.\" \/>\n<meta property=\"og:url\" content=\"https:\/\/lacerdaai.com\/br\/a-nova-onda-da-mobilidade-por-que-a-inteligencia-artificial-em-veiculos-eletricos-esta-chamando-a-atencao-dos-investidores\/\" \/>\n<meta property=\"og:site_name\" content=\"Lacerda AI\" \/>\n<meta property=\"article:published_time\" content=\"2025-12-19T15:43:13+00:00\" \/>\n<meta property=\"article:modified_time\" content=\"2025-12-19T15:43:21+00:00\" \/>\n<meta name=\"author\" content=\"Andr\u00e9 Lacerda\" \/>\n<meta name=\"twitter:card\" content=\"summary_large_image\" \/>\n<meta name=\"twitter:label1\" content=\"Escrito por\" \/>\n\t<meta name=\"twitter:data1\" content=\"Andr\u00e9 Lacerda\" \/>\n\t<meta name=\"twitter:label2\" content=\"Est. tempo de leitura\" \/>\n\t<meta name=\"twitter:data2\" content=\"10 minutos\" \/>\n<script type=\"application\/ld+json\" class=\"yoast-schema-graph\">{\"@context\":\"https:\/\/schema.org\",\"@graph\":[{\"@type\":\"WebPage\",\"@id\":\"https:\/\/lacerdaai.com\/br\/a-nova-onda-da-mobilidade-por-que-a-inteligencia-artificial-em-veiculos-eletricos-esta-chamando-a-atencao-dos-investidores\/\",\"url\":\"https:\/\/lacerdaai.com\/br\/a-nova-onda-da-mobilidade-por-que-a-inteligencia-artificial-em-veiculos-eletricos-esta-chamando-a-atencao-dos-investidores\/\",\"name\":\"A Nova Onda da Mobilidade: Por Que a Intelig\u00eancia Artificial em Ve\u00edculos El\u00e9tricos Est\u00e1 Chamando a Aten\u00e7\u00e3o dos Investidores - Lacerda AI\",\"isPartOf\":{\"@id\":\"https:\/\/lacerdaai.com\/br\/#website\"},\"primaryImageOfPage\":{\"@id\":\"https:\/\/lacerdaai.com\/br\/a-nova-onda-da-mobilidade-por-que-a-inteligencia-artificial-em-veiculos-eletricos-esta-chamando-a-atencao-dos-investidores\/#primaryimage\"},\"image\":{\"@id\":\"https:\/\/lacerdaai.com\/br\/a-nova-onda-da-mobilidade-por-que-a-inteligencia-artificial-em-veiculos-eletricos-esta-chamando-a-atencao-dos-investidores\/#primaryimage\"},\"thumbnailUrl\":\"https:\/\/lacerdaai.com\/br\/wp-content\/uploads\/2025\/12\/imagem-79.jpg\",\"datePublished\":\"2025-12-19T15:43:13+00:00\",\"dateModified\":\"2025-12-19T15:43:21+00:00\",\"author\":{\"@id\":\"https:\/\/lacerdaai.com\/br\/#\/schema\/person\/8bad803c2e83a0c5c5c75e02a1c2248f\"},\"description\":\"Descubra como a intelig\u00eancia artificial em ve\u00edculos el\u00e9tricos est\u00e1 revolucionando a ind\u00fastria automotiva e por que analistas como a Baird est\u00e3o otimistas. Explore o futuro da mobilidade, a inova\u00e7\u00e3o e o impacto no mercado.\",\"breadcrumb\":{\"@id\":\"https:\/\/lacerdaai.com\/br\/a-nova-onda-da-mobilidade-por-que-a-inteligencia-artificial-em-veiculos-eletricos-esta-chamando-a-atencao-dos-investidores\/#breadcrumb\"},\"inLanguage\":\"pt-BR\",\"potentialAction\":[{\"@type\":\"ReadAction\",\"target\":[\"https:\/\/lacerdaai.com\/br\/a-nova-onda-da-mobilidade-por-que-a-inteligencia-artificial-em-veiculos-eletricos-esta-chamando-a-atencao-dos-investidores\/\"]}]},{\"@type\":\"ImageObject\",\"inLanguage\":\"pt-BR\",\"@id\":\"https:\/\/lacerdaai.com\/br\/a-nova-onda-da-mobilidade-por-que-a-inteligencia-artificial-em-veiculos-eletricos-esta-chamando-a-atencao-dos-investidores\/#primaryimage\",\"url\":\"https:\/\/lacerdaai.com\/br\/wp-content\/uploads\/2025\/12\/imagem-79.jpg\",\"contentUrl\":\"https:\/\/lacerdaai.com\/br\/wp-content\/uploads\/2025\/12\/imagem-79.jpg\",\"width\":1920,\"height\":1080},{\"@type\":\"BreadcrumbList\",\"@id\":\"https:\/\/lacerdaai.com\/br\/a-nova-onda-da-mobilidade-por-que-a-inteligencia-artificial-em-veiculos-eletricos-esta-chamando-a-atencao-dos-investidores\/#breadcrumb\",\"itemListElement\":[{\"@type\":\"ListItem\",\"position\":1,\"name\":\"In\u00edcio\",\"item\":\"https:\/\/lacerdaai.com\/br\/\"},{\"@type\":\"ListItem\",\"position\":2,\"name\":\"A Nova Onda da Mobilidade: Por Que a Intelig\u00eancia Artificial em Ve\u00edculos El\u00e9tricos Est\u00e1 Chamando a Aten\u00e7\u00e3o dos Investidores\"}]},{\"@type\":\"WebSite\",\"@id\":\"https:\/\/lacerdaai.com\/br\/#website\",\"url\":\"https:\/\/lacerdaai.com\/br\/\",\"name\":\"Lacerda AI\",\"description\":\"Seu blog di\u00e1rio de novidades do mundo da Inteligencia Artificial\",\"potentialAction\":[{\"@type\":\"SearchAction\",\"target\":{\"@type\":\"EntryPoint\",\"urlTemplate\":\"https:\/\/lacerdaai.com\/br\/?s={search_term_string}\"},\"query-input\":{\"@type\":\"PropertyValueSpecification\",\"valueRequired\":true,\"valueName\":\"search_term_string\"}}],\"inLanguage\":\"pt-BR\"},{\"@type\":\"Person\",\"@id\":\"https:\/\/lacerdaai.com\/br\/#\/schema\/person\/8bad803c2e83a0c5c5c75e02a1c2248f\",\"name\":\"Andr\u00e9 Lacerda\",\"image\":{\"@type\":\"ImageObject\",\"inLanguage\":\"pt-BR\",\"@id\":\"https:\/\/lacerdaai.com\/br\/#\/schema\/person\/image\/\",\"url\":\"https:\/\/secure.gravatar.com\/avatar\/f5c1fa5ad9763f54c1f223c3fc91f131da6288c9f9e28d74bb3c355ad99af205?s=96&d=mm&r=g\",\"contentUrl\":\"https:\/\/secure.gravatar.com\/avatar\/f5c1fa5ad9763f54c1f223c3fc91f131da6288c9f9e28d74bb3c355ad99af205?s=96&d=mm&r=g\",\"caption\":\"Andr\u00e9 Lacerda\"},\"description\":\"Sou o Andr\u00e9 Lacerda, tenho 35 anos e sou apaixonado por tecnologia, intelig\u00eancia artificial e boas hist\u00f3rias. Me formei em Tecnologia e Jornalismo \u2014 sim, uma mistura meio improv\u00e1vel, mas que combina muito comigo. J\u00e1 morei no Canad\u00e1 e na Espanha, e essas experi\u00eancias me ajudaram a enxergar a inova\u00e7\u00e3o com um olhar mais global (e a me virar bem em tr\u00eas idiomas \ud83d\ude04). Trabalhei em algumas das maiores empresas de tecnologia do mercado e, hoje, atuo como consultor ajudando neg\u00f3cios a entenderem e aplicarem IA de forma pr\u00e1tica, estrat\u00e9gica e humana. Gosto de traduzir o complexo em algo simples \u2014 e \u00e9 isso que voc\u00ea vai encontrar por aqui.\",\"sameAs\":[\"http:\/\/lacerdaai.com\/br\"],\"url\":\"https:\/\/lacerdaai.com\/br\/author\/red-admin\/\"}]}<\/script>\n<!-- \/ Yoast SEO plugin. -->","yoast_head_json":{"title":"A Nova Onda da Mobilidade: Por Que a Intelig\u00eancia Artificial em Ve\u00edculos El\u00e9tricos Est\u00e1 Chamando a Aten\u00e7\u00e3o dos Investidores - Lacerda AI","description":"Descubra como a intelig\u00eancia artificial em ve\u00edculos el\u00e9tricos est\u00e1 revolucionando a ind\u00fastria automotiva e por que analistas como a Baird est\u00e3o otimistas. Explore o futuro da mobilidade, a inova\u00e7\u00e3o e o impacto no mercado.","robots":{"index":"index","follow":"follow","max-snippet":"max-snippet:-1","max-image-preview":"max-image-preview:large","max-video-preview":"max-video-preview:-1"},"canonical":"https:\/\/lacerdaai.com\/br\/a-nova-onda-da-mobilidade-por-que-a-inteligencia-artificial-em-veiculos-eletricos-esta-chamando-a-atencao-dos-investidores\/","og_locale":"pt_BR","og_type":"article","og_title":"A Nova Onda da Mobilidade: Por Que a Intelig\u00eancia Artificial em Ve\u00edculos El\u00e9tricos Est\u00e1 Chamando a Aten\u00e7\u00e3o dos Investidores - Lacerda AI","og_description":"Descubra como a intelig\u00eancia artificial em ve\u00edculos el\u00e9tricos est\u00e1 revolucionando a ind\u00fastria automotiva e por que analistas como a Baird est\u00e3o otimistas. Explore o futuro da mobilidade, a inova\u00e7\u00e3o e o impacto no mercado.","og_url":"https:\/\/lacerdaai.com\/br\/a-nova-onda-da-mobilidade-por-que-a-inteligencia-artificial-em-veiculos-eletricos-esta-chamando-a-atencao-dos-investidores\/","og_site_name":"Lacerda AI","article_published_time":"2025-12-19T15:43:13+00:00","article_modified_time":"2025-12-19T15:43:21+00:00","author":"Andr\u00e9 Lacerda","twitter_card":"summary_large_image","twitter_misc":{"Escrito por":"Andr\u00e9 Lacerda","Est. tempo de leitura":"10 minutos"},"schema":{"@context":"https:\/\/schema.org","@graph":[{"@type":"WebPage","@id":"https:\/\/lacerdaai.com\/br\/a-nova-onda-da-mobilidade-por-que-a-inteligencia-artificial-em-veiculos-eletricos-esta-chamando-a-atencao-dos-investidores\/","url":"https:\/\/lacerdaai.com\/br\/a-nova-onda-da-mobilidade-por-que-a-inteligencia-artificial-em-veiculos-eletricos-esta-chamando-a-atencao-dos-investidores\/","name":"A Nova Onda da Mobilidade: Por Que a Intelig\u00eancia Artificial em Ve\u00edculos El\u00e9tricos Est\u00e1 Chamando a Aten\u00e7\u00e3o dos Investidores - Lacerda AI","isPartOf":{"@id":"https:\/\/lacerdaai.com\/br\/#website"},"primaryImageOfPage":{"@id":"https:\/\/lacerdaai.com\/br\/a-nova-onda-da-mobilidade-por-que-a-inteligencia-artificial-em-veiculos-eletricos-esta-chamando-a-atencao-dos-investidores\/#primaryimage"},"image":{"@id":"https:\/\/lacerdaai.com\/br\/a-nova-onda-da-mobilidade-por-que-a-inteligencia-artificial-em-veiculos-eletricos-esta-chamando-a-atencao-dos-investidores\/#primaryimage"},"thumbnailUrl":"https:\/\/lacerdaai.com\/br\/wp-content\/uploads\/2025\/12\/imagem-79.jpg","datePublished":"2025-12-19T15:43:13+00:00","dateModified":"2025-12-19T15:43:21+00:00","author":{"@id":"https:\/\/lacerdaai.com\/br\/#\/schema\/person\/8bad803c2e83a0c5c5c75e02a1c2248f"},"description":"Descubra como a intelig\u00eancia artificial em ve\u00edculos el\u00e9tricos est\u00e1 revolucionando a ind\u00fastria automotiva e por que analistas como a Baird est\u00e3o otimistas. Explore o futuro da mobilidade, a inova\u00e7\u00e3o e o impacto no mercado.","breadcrumb":{"@id":"https:\/\/lacerdaai.com\/br\/a-nova-onda-da-mobilidade-por-que-a-inteligencia-artificial-em-veiculos-eletricos-esta-chamando-a-atencao-dos-investidores\/#breadcrumb"},"inLanguage":"pt-BR","potentialAction":[{"@type":"ReadAction","target":["https:\/\/lacerdaai.com\/br\/a-nova-onda-da-mobilidade-por-que-a-inteligencia-artificial-em-veiculos-eletricos-esta-chamando-a-atencao-dos-investidores\/"]}]},{"@type":"ImageObject","inLanguage":"pt-BR","@id":"https:\/\/lacerdaai.com\/br\/a-nova-onda-da-mobilidade-por-que-a-inteligencia-artificial-em-veiculos-eletricos-esta-chamando-a-atencao-dos-investidores\/#primaryimage","url":"https:\/\/lacerdaai.com\/br\/wp-content\/uploads\/2025\/12\/imagem-79.jpg","contentUrl":"https:\/\/lacerdaai.com\/br\/wp-content\/uploads\/2025\/12\/imagem-79.jpg","width":1920,"height":1080},{"@type":"BreadcrumbList","@id":"https:\/\/lacerdaai.com\/br\/a-nova-onda-da-mobilidade-por-que-a-inteligencia-artificial-em-veiculos-eletricos-esta-chamando-a-atencao-dos-investidores\/#breadcrumb","itemListElement":[{"@type":"ListItem","position":1,"name":"In\u00edcio","item":"https:\/\/lacerdaai.com\/br\/"},{"@type":"ListItem","position":2,"name":"A Nova Onda da Mobilidade: Por Que a Intelig\u00eancia Artificial em Ve\u00edculos El\u00e9tricos Est\u00e1 Chamando a Aten\u00e7\u00e3o dos Investidores"}]},{"@type":"WebSite","@id":"https:\/\/lacerdaai.com\/br\/#website","url":"https:\/\/lacerdaai.com\/br\/","name":"Lacerda AI","description":"Seu blog di\u00e1rio de novidades do mundo da Inteligencia Artificial","potentialAction":[{"@type":"SearchAction","target":{"@type":"EntryPoint","urlTemplate":"https:\/\/lacerdaai.com\/br\/?s={search_term_string}"},"query-input":{"@type":"PropertyValueSpecification","valueRequired":true,"valueName":"search_term_string"}}],"inLanguage":"pt-BR"},{"@type":"Person","@id":"https:\/\/lacerdaai.com\/br\/#\/schema\/person\/8bad803c2e83a0c5c5c75e02a1c2248f","name":"Andr\u00e9 Lacerda","image":{"@type":"ImageObject","inLanguage":"pt-BR","@id":"https:\/\/lacerdaai.com\/br\/#\/schema\/person\/image\/","url":"https:\/\/secure.gravatar.com\/avatar\/f5c1fa5ad9763f54c1f223c3fc91f131da6288c9f9e28d74bb3c355ad99af205?s=96&d=mm&r=g","contentUrl":"https:\/\/secure.gravatar.com\/avatar\/f5c1fa5ad9763f54c1f223c3fc91f131da6288c9f9e28d74bb3c355ad99af205?s=96&d=mm&r=g","caption":"Andr\u00e9 Lacerda"},"description":"Sou o Andr\u00e9 Lacerda, tenho 35 anos e sou apaixonado por tecnologia, intelig\u00eancia artificial e boas hist\u00f3rias. Me formei em Tecnologia e Jornalismo \u2014 sim, uma mistura meio improv\u00e1vel, mas que combina muito comigo. J\u00e1 morei no Canad\u00e1 e na Espanha, e essas experi\u00eancias me ajudaram a enxergar a inova\u00e7\u00e3o com um olhar mais global (e a me virar bem em tr\u00eas idiomas \ud83d\ude04). Trabalhei em algumas das maiores empresas de tecnologia do mercado e, hoje, atuo como consultor ajudando neg\u00f3cios a entenderem e aplicarem IA de forma pr\u00e1tica, estrat\u00e9gica e humana. Gosto de traduzir o complexo em algo simples \u2014 e \u00e9 isso que voc\u00ea vai encontrar por aqui.","sameAs":["http:\/\/lacerdaai.com\/br"],"url":"https:\/\/lacerdaai.com\/br\/author\/red-admin\/"}]}},"_links":{"self":[{"href":"https:\/\/lacerdaai.com\/br\/wp-json\/wp\/v2\/posts\/2852","targetHints":{"allow":["GET"]}}],"collection":[{"href":"https:\/\/lacerdaai.com\/br\/wp-json\/wp\/v2\/posts"}],"about":[{"href":"https:\/\/lacerdaai.com\/br\/wp-json\/wp\/v2\/types\/post"}],"author":[{"embeddable":true,"href":"https:\/\/lacerdaai.com\/br\/wp-json\/wp\/v2\/users\/1"}],"replies":[{"embeddable":true,"href":"https:\/\/lacerdaai.com\/br\/wp-json\/wp\/v2\/comments?post=2852"}],"version-history":[{"count":1,"href":"https:\/\/lacerdaai.com\/br\/wp-json\/wp\/v2\/posts\/2852\/revisions"}],"predecessor-version":[{"id":2853,"href":"https:\/\/lacerdaai.com\/br\/wp-json\/wp\/v2\/posts\/2852\/revisions\/2853"}],"wp:featuredmedia":[{"embeddable":true,"href":"https:\/\/lacerdaai.com\/br\/wp-json\/wp\/v2\/media\/2851"}],"wp:attachment":[{"href":"https:\/\/lacerdaai.com\/br\/wp-json\/wp\/v2\/media?parent=2852"}],"wp:term":[{"taxonomy":"category","embeddable":true,"href":"https:\/\/lacerdaai.com\/br\/wp-json\/wp\/v2\/categories?post=2852"},{"taxonomy":"post_tag","embeddable":true,"href":"https:\/\/lacerdaai.com\/br\/wp-json\/wp\/v2\/tags?post=2852"}],"curies":[{"name":"wp","href":"https:\/\/api.w.org\/{rel}","templated":true}]}}