{"id":2879,"date":"2025-12-21T12:43:49","date_gmt":"2025-12-21T15:43:49","guid":{"rendered":"https:\/\/lacerdaai.com\/br\/a-face-oculta-da-ia-a-crescente-furia-contra-os-centros-de-dados-de-inteligencia-artificial\/"},"modified":"2025-12-21T12:43:55","modified_gmt":"2025-12-21T15:43:55","slug":"a-face-oculta-da-ia-a-crescente-furia-contra-os-centros-de-dados-de-inteligencia-artificial","status":"publish","type":"post","link":"https:\/\/lacerdaai.com\/br\/a-face-oculta-da-ia-a-crescente-furia-contra-os-centros-de-dados-de-inteligencia-artificial\/","title":{"rendered":"A Face Oculta da IA: A Crescente F\u00faria Contra os Centros de Dados de Intelig\u00eancia Artificial"},"content":{"rendered":"<p>A intelig\u00eancia artificial tem dominado as manchetes e a imagina\u00e7\u00e3o popular. De assistentes virtuais a carros aut\u00f4nomos, passando pela arte generativa e diagn\u00f3sticos m\u00e9dicos avan\u00e7ados, a IA promete remodelar todos os aspectos de nossas vidas. Mas por tr\u00e1s de cada algoritmo sofisticado, cada modelo de linguagem revolucion\u00e1rio e cada imagem gerada em segundos, existe uma infraestrutura gigantesca e muitas vezes invis\u00edvel: os **Centros de Dados de IA**. Essas s\u00e3o as &#8216;f\u00e1bricas&#8217; digitais onde a magia acontece, consumindo quantidades astron\u00f4micas de energia e \u00e1gua, e que agora, mais do que nunca, est\u00e3o no centro de uma crescente controv\u00e9rsia global.<\/p>\n<p>Recentemente, a aprova\u00e7\u00e3o do projeto de um gigantesco centro de dados da OpenAI, conhecido como Stargate, em Michigan, nos EUA, acendeu um novo pavio nessa discuss\u00e3o. O projeto, avaliado em impressionantes US$ 100 bilh\u00f5es, \u00e9 um testemunho da escala das ambi\u00e7\u00f5es da IA, mas tamb\u00e9m um catalisador para a f\u00faria que come\u00e7a a ferver nas comunidades locais. Este n\u00e3o \u00e9 um incidente isolado, mas um sintoma de um movimento global de resist\u00eancia que clama por mais transpar\u00eancia e sustentabilidade na era da intelig\u00eancia artificial. Estamos testemunhando o in\u00edcio de um \u201ccontragolpe\u201d contra a infraestrutura digital, e \u00e9 fundamental entender o porqu\u00ea.<\/p>\n<p>### A Ascens\u00e3o do <strong>Centro de Dados de IA<\/strong> e Seus Desafios Ocultos<\/p>\n<p>Para muitos, a intelig\u00eancia artificial ainda parece algo et\u00e9reo, uma entidade puramente digital que reside nas nuvens. Contudo, a realidade \u00e9 muito mais palp\u00e1vel e exige uma vasta infraestrutura f\u00edsica. Os **Centros de Dados de IA** s\u00e3o edif\u00edcios massivos, repletos de milhares de servidores de alta pot\u00eancia, redes complexas e sistemas de resfriamento sofisticados. Eles s\u00e3o o cora\u00e7\u00e3o pulsante que permite o treinamento de modelos colossais como o GPT-4, a execu\u00e7\u00e3o de infer\u00eancias em tempo real e o armazenamento de quantidades inimagin\u00e1veis de dados que alimentam a evolu\u00e7\u00e3o da IA.<\/p>\n<p>Esses centros s\u00e3o diferentes dos data centers tradicionais. Enquanto um data center comum gerencia uma variedade de tarefas de armazenamento e processamento, os **Centros de Dados de IA** s\u00e3o otimizados para cargas de trabalho intensivas em computa\u00e7\u00e3o, especificamente para algoritmos de aprendizado de m\u00e1quina. Isso significa que eles abrigam GPUs (Unidades de Processamento Gr\u00e1fico) e TPUs (Unidades de Processamento Tensor), que s\u00e3o exponencialmente mais sedentas por energia e geram muito mais calor do que as CPUs tradicionais. Um \u00fanico rack de servidores de IA pode consumir a mesma quantidade de energia que uma dezena de resid\u00eancias, e esses centros abrigam centenas, sen\u00e3o milhares, de racks.<\/p>\n<p>O projeto Stargate da OpenAI, se concretizado, ser\u00e1 um dos maiores investimentos em infraestrutura de IA j\u00e1 feitos. A proposta de constru\u00ed-lo em Wisconsin, ou potencialmente em Michigan, destaca a corrida armamentista tecnol\u00f3gica em que as grandes empresas de IA est\u00e3o engajadas. Mas essa corrida tem um custo ambiental e social que est\u00e1 se tornando cada vez mais vis\u00edvel. A localiza\u00e7\u00e3o de tais empreendimentos n\u00e3o \u00e9 aleat\u00f3ria; ela depende de acesso a vastas quantidades de energia, \u00e1gua e, idealmente, de incentivos fiscais significativos, muitas vezes oferecidos por governos locais \u00e1vidos por investimentos. No entanto, o que inicialmente parece um benef\u00edcio econ\u00f4mico pode rapidamente se transformar em um fardo para as comunidades e para o planeta.<\/p>\n<p>### O Gigante Invis\u00edvel: Consumo de Energia e \u00c1gua<\/p>\n<p>O apetite insaci\u00e1vel da IA por recursos \u00e9 a principal raz\u00e3o para o crescente descontentamento. Considere o consumo de energia: os data centers globais j\u00e1 s\u00e3o respons\u00e1veis por aproximadamente 1% do consumo total de eletricidade do planeta, e essa fatia s\u00f3 tende a crescer exponencialmente com o avan\u00e7o da IA. Treinar um \u00fanico modelo de linguagem grande pode consumir a mesma quantidade de energia que dezenas de carros em toda a sua vida \u00fatil. E isso \u00e9 apenas para o treinamento; cada consulta, cada gera\u00e7\u00e3o de imagem, cada uso de um chatbot adiciona \u00e0 conta de energia.<\/p>\n<p>Essa demanda energ\u00e9tica massiva tem implica\u00e7\u00f5es diretas. Frequentemente, essa energia prov\u00e9m de fontes n\u00e3o renov\u00e1veis, aumentando as emiss\u00f5es de carbono e contribuindo para as mudan\u00e7as clim\u00e1ticas. Mesmo quando a energia \u00e9 &#8216;verde&#8217;, a escala da demanda pode sobrecarregar as redes el\u00e9tricas locais, exigindo investimentos em infraestrutura de transmiss\u00e3o e distribui\u00e7\u00e3o que podem gerar mais impactos ambientais e aumentar os custos para os consumidores locais.<\/p>\n<p>Mas n\u00e3o \u00e9 apenas a energia que est\u00e1 em jogo. A \u00e1gua \u00e9 outro recurso cr\u00edtico e muitas vezes negligenciado. Os servidores em um **Centro de Dados de IA** geram uma quantidade imensa de calor que precisa ser dissipada para evitar superaquecimento e falhas. A forma mais comum e eficiente de resfriamento envolve o uso intensivo de \u00e1gua, seja por meio de torres de resfriamento evaporativo ou diretamente para sistemas de refrigera\u00e7\u00e3o l\u00edquida. Um data center de m\u00e9dio porte pode consumir milh\u00f5es de litros de \u00e1gua por dia \u2013 o equivalente ao abastecimento de uma pequena cidade. Em regi\u00f5es j\u00e1 afetadas pela escassez h\u00eddrica, como muitas partes do sudoeste americano ou mesmo no Brasil, a instala\u00e7\u00e3o de um megacentro de dados se torna um ponto de tens\u00e3o imediato e severo, competindo diretamente com as necessidades de \u00e1gua pot\u00e1vel para a popula\u00e7\u00e3o e para a agricultura.<\/p>\n<p>Relat\u00f3rios da Ag\u00eancia de Prote\u00e7\u00e3o Ambiental dos EUA indicam que o uso de \u00e1gua em data centers cresceu cerca de 150% nos \u00faltimos cinco anos, uma tend\u00eancia impulsionada em grande parte pelo boom da IA. Essa pegada h\u00eddrica n\u00e3o \u00e9 apenas um problema ambiental, mas tamb\u00e9m um problema social e econ\u00f4mico, gerando conflitos por recursos em comunidades que j\u00e1 lutam para manter seus ecossistemas e meios de subsist\u00eancia.<\/p>\n<p>### Conflitos Locais e a Resist\u00eancia Comunit\u00e1ria<\/p>\n<p>A rea\u00e7\u00e3o contra os **Centros de Dados de IA** n\u00e3o se limita apenas a ambientalistas. \u00c9 uma preocupa\u00e7\u00e3o que ressoa profundamente nas comunidades que se encontram na linha de frente desses projetos. Moradores pr\u00f3ximos a esses locais frequentemente enfrentam uma s\u00e9rie de inconvenientes e impactos negativos:<\/p>\n<p>*   **Ru\u00eddo:** Os sistemas de resfriamento e os geradores de backup (essenciais para garantir opera\u00e7\u00e3o ininterrupta) produzem um zumbido constante e, por vezes, ensurdecedor, que pode afetar a qualidade de vida e a sa\u00fade dos residentes.<br \/>\n*   **Impacto Visual:** Esses centros s\u00e3o estruturas grandes e industriais, muitas vezes descaracterizando paisagens rurais ou suburbanas. Sua arquitetura utilit\u00e1ria e a necessidade de extensas cercas e seguran\u00e7a podem transformar a est\u00e9tica local.<br \/>\n*   **Press\u00e3o na Infraestrutura Local:** A demanda por energia e \u00e1gua pode sobrecarregar as redes existentes. A constru\u00e7\u00e3o de novas linhas de transmiss\u00e3o ou tubula\u00e7\u00f5es pode perturbar o ambiente e causar transtornos. Al\u00e9m disso, o aumento do tr\u00e1fego de caminh\u00f5es durante a fase de constru\u00e7\u00e3o e opera\u00e7\u00e3o regular pode deteriorar estradas locais.<br \/>\n*   **Promessas de Emprego vs. Realidade:** Embora os defensores dos data centers frequentemente citem a cria\u00e7\u00e3o de empregos como um benef\u00edcio, a maioria desses centros \u00e9 altamente automatizada e requer uma equipe relativamente pequena de trabalhadores qualificados. Os empregos prometidos muitas vezes n\u00e3o se materializam na escala esperada para a popula\u00e7\u00e3o local, gerando frustra\u00e7\u00e3o.<br \/>\n*   **Excesso de Incentivos Fiscais:** Governos locais e estaduais, na \u00e2nsia de atrair investimentos de grandes empresas de tecnologia, oferecem pacotes generosos de incentivos fiscais. Isso significa que os lucros gerados por esses centros de dados podem n\u00e3o ser totalmente tributados, privando as comunidades de receita que poderia ser usada para financiar escolas, hospitais e outros servi\u00e7os p\u00fablicos essenciais.<\/p>\n<p>Em Michigan, a aprova\u00e7\u00e3o do projeto Stargate, por exemplo, foi recebida com uma mistura de otimismo por parte dos defensores do desenvolvimento econ\u00f4mico e ceticismo por parte de grupos comunit\u00e1rios e ambientalistas. A preocupa\u00e7\u00e3o \u00e9 que o desenvolvimento r\u00e1pido da infraestrutura de IA esteja atropelando as considera\u00e7\u00f5es ambientais e sociais, criando uma corrida para o fundo do po\u00e7o onde as comunidades locais arcam com os custos enquanto as grandes corpora\u00e7\u00f5es colhem os lucros.<\/p>\n<p>### Rumo a uma IA Mais Consciente e Sustent\u00e1vel<\/p>\n<p>O debate em torno dos **Centros de Dados de IA** nos for\u00e7a a confrontar uma verdade desconfort\u00e1vel: a revolu\u00e7\u00e3o digital tem uma pegada f\u00edsica. N\u00e3o podemos continuar a desenvolver tecnologias poderosas sem considerar as consequ\u00eancias para o nosso planeta e para as comunidades. A boa not\u00edcia \u00e9 que h\u00e1 caminhos a serem explorados para uma IA mais consciente e sustent\u00e1vel.<\/p>\n<p>Empresas de tecnologia est\u00e3o sob crescente press\u00e3o para adotar fontes de energia 100% renov\u00e1veis em suas opera\u00e7\u00f5es, e muitas j\u00e1 est\u00e3o fazendo progressos significativos. Investimentos em tecnologias de resfriamento mais eficientes, como a refrigera\u00e7\u00e3o l\u00edquida por imers\u00e3o ou a busca por locais com climas naturalmente frios, podem reduzir drasticamente o consumo de \u00e1gua e energia. Al\u00e9m disso, a otimiza\u00e7\u00e3o de algoritmos para serem mais eficientes em termos energ\u00e9ticos (&#8216;Green AI&#8217;) e a explora\u00e7\u00e3o de arquiteturas de hardware inovadoras s\u00e3o cruciais.<\/p>\n<p>Para al\u00e9m das solu\u00e7\u00f5es t\u00e9cnicas, \u00e9 fundamental haver um di\u00e1logo mais robusto e transparente entre as grandes empresas de IA, os governos e as comunidades locais. Decis\u00f5es sobre a localiza\u00e7\u00e3o e o design de **Centros de Dados de IA** n\u00e3o podem ser tomadas em portas fechadas. As comunidades devem ter voz ativa, e os benef\u00edcios prometidos precisam ser tang\u00edveis e equitativos. \u00c9 preciso que haja um equil\u00edbrio entre o avan\u00e7o tecnol\u00f3gico e a responsabilidade socioambiental, garantindo que o progresso da IA n\u00e3o se fa\u00e7a \u00e0 custa do bem-estar do planeta e de seus habitantes.<\/p>\n<p>### Conclus\u00e3o: Navegando Pelos Desafios da Era da IA<\/p>\n<p>A ascens\u00e3o da intelig\u00eancia artificial \u00e9 ineg\u00e1vel e seu potencial transformador \u00e9 imenso. No entanto, a \u201cf\u00faria que come\u00e7a a ferver\u201d contra a infraestrutura subjacente \u2013 os **Centros de Dados de IA** \u2013 \u00e9 um lembrete crucial de que toda tecnologia, por mais abstrata que pare\u00e7a, tem ra\u00edzes profundas no mundo f\u00edsico. Ignorar o impacto ambiental e social desses gigantes digitais seria um erro grave, comprometendo a sustentabilidade de nosso futuro digital e f\u00edsico.<\/p>\n<p>\u00c9 hora de as empresas de IA, os legisladores e a sociedade civil trabalharem juntos para moldar um futuro onde a inova\u00e7\u00e3o n\u00e3o venha acompanhada de externalidades negativas inaceit\u00e1veis. Precisamos de uma IA que n\u00e3o apenas seja inteligente, mas tamb\u00e9m s\u00e1bia; uma IA que seja projetada e implementada com responsabilidade, respeitando os limites planet\u00e1rios e as necessidades humanas. Somente assim poderemos construir um futuro verdadeiramente sustent\u00e1vel e equitativo na era da intelig\u00eancia artificial.<\/p>\n","protected":false},"excerpt":{"rendered":"<p>A intelig\u00eancia artificial tem dominado as manchetes e a imagina\u00e7\u00e3o popular. De assistentes virtuais a carros aut\u00f4nomos, passando pela arte generativa e diagn\u00f3sticos m\u00e9dicos avan\u00e7ados, a IA promete remodelar todos os aspectos de nossas vidas. Mas por tr\u00e1s de cada algoritmo sofisticado, cada modelo de linguagem revolucion\u00e1rio e cada imagem gerada em segundos, existe uma [&hellip;]<\/p>\n","protected":false},"author":1,"featured_media":2878,"comment_status":"open","ping_status":"open","sticky":false,"template":"","format":"standard","meta":{"_yoast_wpseo_focuskw":"Centro de Dados de IA","_yoast_wpseo_metadesc":"Explore o impacto ambiental e comunit\u00e1rio dos Centros de Dados de IA, a infraestrutura invis\u00edvel por tr\u00e1s da revolu\u00e7\u00e3o digital e a crescente resist\u00eancia da popula\u00e7\u00e3o.","footnotes":""},"categories":[2],"tags":[],"class_list":["post-2879","post","type-post","status-publish","format-standard","has-post-thumbnail","hentry","category-novidades"],"yoast_head":"<!-- This site is optimized with the Yoast SEO plugin v25.6 - https:\/\/yoast.com\/wordpress\/plugins\/seo\/ -->\n<title>A Face Oculta da IA: A Crescente F\u00faria Contra os Centros de Dados de Intelig\u00eancia Artificial - Lacerda AI<\/title>\n<meta name=\"description\" content=\"Explore o impacto ambiental e comunit\u00e1rio dos Centros de Dados de IA, a infraestrutura invis\u00edvel por tr\u00e1s da revolu\u00e7\u00e3o digital e a crescente resist\u00eancia da popula\u00e7\u00e3o.\" \/>\n<meta name=\"robots\" content=\"index, follow, max-snippet:-1, max-image-preview:large, max-video-preview:-1\" \/>\n<link rel=\"canonical\" href=\"https:\/\/lacerdaai.com\/br\/a-face-oculta-da-ia-a-crescente-furia-contra-os-centros-de-dados-de-inteligencia-artificial\/\" \/>\n<meta property=\"og:locale\" content=\"pt_BR\" \/>\n<meta property=\"og:type\" content=\"article\" \/>\n<meta property=\"og:title\" content=\"A Face Oculta da IA: A Crescente F\u00faria Contra os Centros de Dados de Intelig\u00eancia Artificial - Lacerda AI\" \/>\n<meta property=\"og:description\" content=\"Explore o impacto ambiental e comunit\u00e1rio dos Centros de Dados de IA, a infraestrutura invis\u00edvel por tr\u00e1s da revolu\u00e7\u00e3o digital e a crescente resist\u00eancia da popula\u00e7\u00e3o.\" \/>\n<meta property=\"og:url\" content=\"https:\/\/lacerdaai.com\/br\/a-face-oculta-da-ia-a-crescente-furia-contra-os-centros-de-dados-de-inteligencia-artificial\/\" \/>\n<meta property=\"og:site_name\" content=\"Lacerda AI\" \/>\n<meta property=\"article:published_time\" content=\"2025-12-21T15:43:49+00:00\" \/>\n<meta property=\"article:modified_time\" content=\"2025-12-21T15:43:55+00:00\" \/>\n<meta name=\"author\" content=\"Andr\u00e9 Lacerda\" \/>\n<meta name=\"twitter:card\" content=\"summary_large_image\" \/>\n<meta name=\"twitter:label1\" content=\"Escrito por\" \/>\n\t<meta name=\"twitter:data1\" content=\"Andr\u00e9 Lacerda\" \/>\n\t<meta name=\"twitter:label2\" content=\"Est. tempo de leitura\" \/>\n\t<meta name=\"twitter:data2\" content=\"9 minutos\" \/>\n<script type=\"application\/ld+json\" class=\"yoast-schema-graph\">{\"@context\":\"https:\/\/schema.org\",\"@graph\":[{\"@type\":\"WebPage\",\"@id\":\"https:\/\/lacerdaai.com\/br\/a-face-oculta-da-ia-a-crescente-furia-contra-os-centros-de-dados-de-inteligencia-artificial\/\",\"url\":\"https:\/\/lacerdaai.com\/br\/a-face-oculta-da-ia-a-crescente-furia-contra-os-centros-de-dados-de-inteligencia-artificial\/\",\"name\":\"A Face Oculta da IA: A Crescente F\u00faria Contra os Centros de Dados de Intelig\u00eancia Artificial - Lacerda AI\",\"isPartOf\":{\"@id\":\"https:\/\/lacerdaai.com\/br\/#website\"},\"primaryImageOfPage\":{\"@id\":\"https:\/\/lacerdaai.com\/br\/a-face-oculta-da-ia-a-crescente-furia-contra-os-centros-de-dados-de-inteligencia-artificial\/#primaryimage\"},\"image\":{\"@id\":\"https:\/\/lacerdaai.com\/br\/a-face-oculta-da-ia-a-crescente-furia-contra-os-centros-de-dados-de-inteligencia-artificial\/#primaryimage\"},\"thumbnailUrl\":\"https:\/\/lacerdaai.com\/br\/wp-content\/uploads\/2025\/12\/imagem-87.jpg\",\"datePublished\":\"2025-12-21T15:43:49+00:00\",\"dateModified\":\"2025-12-21T15:43:55+00:00\",\"author\":{\"@id\":\"https:\/\/lacerdaai.com\/br\/#\/schema\/person\/8bad803c2e83a0c5c5c75e02a1c2248f\"},\"description\":\"Explore o impacto ambiental e comunit\u00e1rio dos Centros de Dados de IA, a infraestrutura invis\u00edvel por tr\u00e1s da revolu\u00e7\u00e3o digital e a crescente resist\u00eancia da popula\u00e7\u00e3o.\",\"breadcrumb\":{\"@id\":\"https:\/\/lacerdaai.com\/br\/a-face-oculta-da-ia-a-crescente-furia-contra-os-centros-de-dados-de-inteligencia-artificial\/#breadcrumb\"},\"inLanguage\":\"pt-BR\",\"potentialAction\":[{\"@type\":\"ReadAction\",\"target\":[\"https:\/\/lacerdaai.com\/br\/a-face-oculta-da-ia-a-crescente-furia-contra-os-centros-de-dados-de-inteligencia-artificial\/\"]}]},{\"@type\":\"ImageObject\",\"inLanguage\":\"pt-BR\",\"@id\":\"https:\/\/lacerdaai.com\/br\/a-face-oculta-da-ia-a-crescente-furia-contra-os-centros-de-dados-de-inteligencia-artificial\/#primaryimage\",\"url\":\"https:\/\/lacerdaai.com\/br\/wp-content\/uploads\/2025\/12\/imagem-87.jpg\",\"contentUrl\":\"https:\/\/lacerdaai.com\/br\/wp-content\/uploads\/2025\/12\/imagem-87.jpg\",\"width\":1200,\"height\":675},{\"@type\":\"BreadcrumbList\",\"@id\":\"https:\/\/lacerdaai.com\/br\/a-face-oculta-da-ia-a-crescente-furia-contra-os-centros-de-dados-de-inteligencia-artificial\/#breadcrumb\",\"itemListElement\":[{\"@type\":\"ListItem\",\"position\":1,\"name\":\"In\u00edcio\",\"item\":\"https:\/\/lacerdaai.com\/br\/\"},{\"@type\":\"ListItem\",\"position\":2,\"name\":\"A Face Oculta da IA: A Crescente F\u00faria Contra os Centros de Dados de Intelig\u00eancia Artificial\"}]},{\"@type\":\"WebSite\",\"@id\":\"https:\/\/lacerdaai.com\/br\/#website\",\"url\":\"https:\/\/lacerdaai.com\/br\/\",\"name\":\"Lacerda AI\",\"description\":\"Seu blog di\u00e1rio de novidades do mundo da Inteligencia Artificial\",\"potentialAction\":[{\"@type\":\"SearchAction\",\"target\":{\"@type\":\"EntryPoint\",\"urlTemplate\":\"https:\/\/lacerdaai.com\/br\/?s={search_term_string}\"},\"query-input\":{\"@type\":\"PropertyValueSpecification\",\"valueRequired\":true,\"valueName\":\"search_term_string\"}}],\"inLanguage\":\"pt-BR\"},{\"@type\":\"Person\",\"@id\":\"https:\/\/lacerdaai.com\/br\/#\/schema\/person\/8bad803c2e83a0c5c5c75e02a1c2248f\",\"name\":\"Andr\u00e9 Lacerda\",\"image\":{\"@type\":\"ImageObject\",\"inLanguage\":\"pt-BR\",\"@id\":\"https:\/\/lacerdaai.com\/br\/#\/schema\/person\/image\/\",\"url\":\"https:\/\/secure.gravatar.com\/avatar\/f5c1fa5ad9763f54c1f223c3fc91f131da6288c9f9e28d74bb3c355ad99af205?s=96&d=mm&r=g\",\"contentUrl\":\"https:\/\/secure.gravatar.com\/avatar\/f5c1fa5ad9763f54c1f223c3fc91f131da6288c9f9e28d74bb3c355ad99af205?s=96&d=mm&r=g\",\"caption\":\"Andr\u00e9 Lacerda\"},\"description\":\"Sou o Andr\u00e9 Lacerda, tenho 35 anos e sou apaixonado por tecnologia, intelig\u00eancia artificial e boas hist\u00f3rias. Me formei em Tecnologia e Jornalismo \u2014 sim, uma mistura meio improv\u00e1vel, mas que combina muito comigo. J\u00e1 morei no Canad\u00e1 e na Espanha, e essas experi\u00eancias me ajudaram a enxergar a inova\u00e7\u00e3o com um olhar mais global (e a me virar bem em tr\u00eas idiomas \ud83d\ude04). Trabalhei em algumas das maiores empresas de tecnologia do mercado e, hoje, atuo como consultor ajudando neg\u00f3cios a entenderem e aplicarem IA de forma pr\u00e1tica, estrat\u00e9gica e humana. Gosto de traduzir o complexo em algo simples \u2014 e \u00e9 isso que voc\u00ea vai encontrar por aqui.\",\"sameAs\":[\"http:\/\/lacerdaai.com\/br\"],\"url\":\"https:\/\/lacerdaai.com\/br\/author\/red-admin\/\"}]}<\/script>\n<!-- \/ Yoast SEO plugin. -->","yoast_head_json":{"title":"A Face Oculta da IA: A Crescente F\u00faria Contra os Centros de Dados de Intelig\u00eancia Artificial - Lacerda AI","description":"Explore o impacto ambiental e comunit\u00e1rio dos Centros de Dados de IA, a infraestrutura invis\u00edvel por tr\u00e1s da revolu\u00e7\u00e3o digital e a crescente resist\u00eancia da popula\u00e7\u00e3o.","robots":{"index":"index","follow":"follow","max-snippet":"max-snippet:-1","max-image-preview":"max-image-preview:large","max-video-preview":"max-video-preview:-1"},"canonical":"https:\/\/lacerdaai.com\/br\/a-face-oculta-da-ia-a-crescente-furia-contra-os-centros-de-dados-de-inteligencia-artificial\/","og_locale":"pt_BR","og_type":"article","og_title":"A Face Oculta da IA: A Crescente F\u00faria Contra os Centros de Dados de Intelig\u00eancia Artificial - Lacerda AI","og_description":"Explore o impacto ambiental e comunit\u00e1rio dos Centros de Dados de IA, a infraestrutura invis\u00edvel por tr\u00e1s da revolu\u00e7\u00e3o digital e a crescente resist\u00eancia da popula\u00e7\u00e3o.","og_url":"https:\/\/lacerdaai.com\/br\/a-face-oculta-da-ia-a-crescente-furia-contra-os-centros-de-dados-de-inteligencia-artificial\/","og_site_name":"Lacerda AI","article_published_time":"2025-12-21T15:43:49+00:00","article_modified_time":"2025-12-21T15:43:55+00:00","author":"Andr\u00e9 Lacerda","twitter_card":"summary_large_image","twitter_misc":{"Escrito por":"Andr\u00e9 Lacerda","Est. tempo de leitura":"9 minutos"},"schema":{"@context":"https:\/\/schema.org","@graph":[{"@type":"WebPage","@id":"https:\/\/lacerdaai.com\/br\/a-face-oculta-da-ia-a-crescente-furia-contra-os-centros-de-dados-de-inteligencia-artificial\/","url":"https:\/\/lacerdaai.com\/br\/a-face-oculta-da-ia-a-crescente-furia-contra-os-centros-de-dados-de-inteligencia-artificial\/","name":"A Face Oculta da IA: A Crescente F\u00faria Contra os Centros de Dados de Intelig\u00eancia Artificial - Lacerda AI","isPartOf":{"@id":"https:\/\/lacerdaai.com\/br\/#website"},"primaryImageOfPage":{"@id":"https:\/\/lacerdaai.com\/br\/a-face-oculta-da-ia-a-crescente-furia-contra-os-centros-de-dados-de-inteligencia-artificial\/#primaryimage"},"image":{"@id":"https:\/\/lacerdaai.com\/br\/a-face-oculta-da-ia-a-crescente-furia-contra-os-centros-de-dados-de-inteligencia-artificial\/#primaryimage"},"thumbnailUrl":"https:\/\/lacerdaai.com\/br\/wp-content\/uploads\/2025\/12\/imagem-87.jpg","datePublished":"2025-12-21T15:43:49+00:00","dateModified":"2025-12-21T15:43:55+00:00","author":{"@id":"https:\/\/lacerdaai.com\/br\/#\/schema\/person\/8bad803c2e83a0c5c5c75e02a1c2248f"},"description":"Explore o impacto ambiental e comunit\u00e1rio dos Centros de Dados de IA, a infraestrutura invis\u00edvel por tr\u00e1s da revolu\u00e7\u00e3o digital e a crescente resist\u00eancia da popula\u00e7\u00e3o.","breadcrumb":{"@id":"https:\/\/lacerdaai.com\/br\/a-face-oculta-da-ia-a-crescente-furia-contra-os-centros-de-dados-de-inteligencia-artificial\/#breadcrumb"},"inLanguage":"pt-BR","potentialAction":[{"@type":"ReadAction","target":["https:\/\/lacerdaai.com\/br\/a-face-oculta-da-ia-a-crescente-furia-contra-os-centros-de-dados-de-inteligencia-artificial\/"]}]},{"@type":"ImageObject","inLanguage":"pt-BR","@id":"https:\/\/lacerdaai.com\/br\/a-face-oculta-da-ia-a-crescente-furia-contra-os-centros-de-dados-de-inteligencia-artificial\/#primaryimage","url":"https:\/\/lacerdaai.com\/br\/wp-content\/uploads\/2025\/12\/imagem-87.jpg","contentUrl":"https:\/\/lacerdaai.com\/br\/wp-content\/uploads\/2025\/12\/imagem-87.jpg","width":1200,"height":675},{"@type":"BreadcrumbList","@id":"https:\/\/lacerdaai.com\/br\/a-face-oculta-da-ia-a-crescente-furia-contra-os-centros-de-dados-de-inteligencia-artificial\/#breadcrumb","itemListElement":[{"@type":"ListItem","position":1,"name":"In\u00edcio","item":"https:\/\/lacerdaai.com\/br\/"},{"@type":"ListItem","position":2,"name":"A Face Oculta da IA: A Crescente F\u00faria Contra os Centros de Dados de Intelig\u00eancia Artificial"}]},{"@type":"WebSite","@id":"https:\/\/lacerdaai.com\/br\/#website","url":"https:\/\/lacerdaai.com\/br\/","name":"Lacerda AI","description":"Seu blog di\u00e1rio de novidades do mundo da Inteligencia Artificial","potentialAction":[{"@type":"SearchAction","target":{"@type":"EntryPoint","urlTemplate":"https:\/\/lacerdaai.com\/br\/?s={search_term_string}"},"query-input":{"@type":"PropertyValueSpecification","valueRequired":true,"valueName":"search_term_string"}}],"inLanguage":"pt-BR"},{"@type":"Person","@id":"https:\/\/lacerdaai.com\/br\/#\/schema\/person\/8bad803c2e83a0c5c5c75e02a1c2248f","name":"Andr\u00e9 Lacerda","image":{"@type":"ImageObject","inLanguage":"pt-BR","@id":"https:\/\/lacerdaai.com\/br\/#\/schema\/person\/image\/","url":"https:\/\/secure.gravatar.com\/avatar\/f5c1fa5ad9763f54c1f223c3fc91f131da6288c9f9e28d74bb3c355ad99af205?s=96&d=mm&r=g","contentUrl":"https:\/\/secure.gravatar.com\/avatar\/f5c1fa5ad9763f54c1f223c3fc91f131da6288c9f9e28d74bb3c355ad99af205?s=96&d=mm&r=g","caption":"Andr\u00e9 Lacerda"},"description":"Sou o Andr\u00e9 Lacerda, tenho 35 anos e sou apaixonado por tecnologia, intelig\u00eancia artificial e boas hist\u00f3rias. Me formei em Tecnologia e Jornalismo \u2014 sim, uma mistura meio improv\u00e1vel, mas que combina muito comigo. J\u00e1 morei no Canad\u00e1 e na Espanha, e essas experi\u00eancias me ajudaram a enxergar a inova\u00e7\u00e3o com um olhar mais global (e a me virar bem em tr\u00eas idiomas \ud83d\ude04). Trabalhei em algumas das maiores empresas de tecnologia do mercado e, hoje, atuo como consultor ajudando neg\u00f3cios a entenderem e aplicarem IA de forma pr\u00e1tica, estrat\u00e9gica e humana. Gosto de traduzir o complexo em algo simples \u2014 e \u00e9 isso que voc\u00ea vai encontrar por aqui.","sameAs":["http:\/\/lacerdaai.com\/br"],"url":"https:\/\/lacerdaai.com\/br\/author\/red-admin\/"}]}},"_links":{"self":[{"href":"https:\/\/lacerdaai.com\/br\/wp-json\/wp\/v2\/posts\/2879","targetHints":{"allow":["GET"]}}],"collection":[{"href":"https:\/\/lacerdaai.com\/br\/wp-json\/wp\/v2\/posts"}],"about":[{"href":"https:\/\/lacerdaai.com\/br\/wp-json\/wp\/v2\/types\/post"}],"author":[{"embeddable":true,"href":"https:\/\/lacerdaai.com\/br\/wp-json\/wp\/v2\/users\/1"}],"replies":[{"embeddable":true,"href":"https:\/\/lacerdaai.com\/br\/wp-json\/wp\/v2\/comments?post=2879"}],"version-history":[{"count":1,"href":"https:\/\/lacerdaai.com\/br\/wp-json\/wp\/v2\/posts\/2879\/revisions"}],"predecessor-version":[{"id":2880,"href":"https:\/\/lacerdaai.com\/br\/wp-json\/wp\/v2\/posts\/2879\/revisions\/2880"}],"wp:featuredmedia":[{"embeddable":true,"href":"https:\/\/lacerdaai.com\/br\/wp-json\/wp\/v2\/media\/2878"}],"wp:attachment":[{"href":"https:\/\/lacerdaai.com\/br\/wp-json\/wp\/v2\/media?parent=2879"}],"wp:term":[{"taxonomy":"category","embeddable":true,"href":"https:\/\/lacerdaai.com\/br\/wp-json\/wp\/v2\/categories?post=2879"},{"taxonomy":"post_tag","embeddable":true,"href":"https:\/\/lacerdaai.com\/br\/wp-json\/wp\/v2\/tags?post=2879"}],"curies":[{"name":"wp","href":"https:\/\/api.w.org\/{rel}","templated":true}]}}