{"id":2891,"date":"2025-12-22T08:43:07","date_gmt":"2025-12-22T11:43:07","guid":{"rendered":"https:\/\/lacerdaai.com\/br\/inteligencia-artificial-e-a-geracao-z-entre-o-fascinio-e-o-medo-do-futuro\/"},"modified":"2025-12-22T08:43:14","modified_gmt":"2025-12-22T11:43:14","slug":"inteligencia-artificial-e-a-geracao-z-entre-o-fascinio-e-o-medo-do-futuro","status":"publish","type":"post","link":"https:\/\/lacerdaai.com\/br\/inteligencia-artificial-e-a-geracao-z-entre-o-fascinio-e-o-medo-do-futuro\/","title":{"rendered":"Intelig\u00eancia Artificial e a Gera\u00e7\u00e3o Z: Entre o Fasc\u00ednio e o Medo do Futuro"},"content":{"rendered":"<p>A Gera\u00e7\u00e3o Z, nascida e criada em um mundo hiperconectado, com smartphones nas m\u00e3os desde a inf\u00e2ncia e algoritmos moldando suas experi\u00eancias online, \u00e9 frequentemente vista como a ep\u00edtome da adapta\u00e7\u00e3o digital. No entanto, uma observa\u00e7\u00e3o recente do professor Scott Anthony, de Dartmouth, lan\u00e7ou luz sobre uma dicotomia fascinante e, para muitos, surpreendente: enquanto muitos desses jovens abra\u00e7am com entusiasmo as ferramentas da <strong>intelig\u00eancia artificial<\/strong>, uma parcela significativa manifesta um medo profundo e uma hesita\u00e7\u00e3o palp\u00e1vel em rela\u00e7\u00e3o ao que a IA pode significar para o futuro. Esse cen\u00e1rio instiga uma reflex\u00e3o crucial: por que essa gera\u00e7\u00e3o, t\u00e3o acostumada com o avan\u00e7o tecnol\u00f3gico, sente tanto receio em rela\u00e7\u00e3o \u00e0 IA?<\/p>\n<p>Este artigo mergulha nas complexidades dessa rela\u00e7\u00e3o, explorando as raz\u00f5es por tr\u00e1s do medo da Gera\u00e7\u00e3o Z, suas implica\u00e7\u00f5es para o desenvolvimento futuro da IA e o papel da educa\u00e7\u00e3o e do di\u00e1logo na constru\u00e7\u00e3o de uma conviv\u00eancia mais harm\u00f4nica com essa tecnologia transformadora. \u00c9 uma jornada para entender as preocupa\u00e7\u00f5es de quem herdar\u00e1 um mundo profundamente moldado pela IA, buscando insights que nos ajudem a navegar neste novo panorama com mais clareza e prop\u00f3sito.<\/p>\n<h3><strong>Intelig\u00eancia artificial<\/strong>: O Fio da Navalha para a Gera\u00e7\u00e3o Z<\/h3>\n<p>A percep\u00e7\u00e3o de que a <strong>intelig\u00eancia artificial<\/strong> representa uma amea\u00e7a existencial para a humanidade n\u00e3o \u00e9 novidade, sendo um tema recorrente na fic\u00e7\u00e3o cient\u00edfica e nos debates filos\u00f3ficos. Contudo, quando essa apreens\u00e3o se manifesta t\u00e3o fortemente entre os mais jovens, a Gera\u00e7\u00e3o Z \u2014 aqueles que deveriam ser os mais adeptos e otimistas em rela\u00e7\u00e3o ao progresso tecnol\u00f3gico \u2014 o sinal de alerta soa de forma mais intensa. A observa\u00e7\u00e3o de Scott Anthony, professor s\u00eanior da Tuck School of Business em Dartmouth, revela que, embora muitos de seus alunos estejam empolgados para utilizar a IA, uma parcela consider\u00e1vel est\u00e1 &#8220;completamente assustada&#8221;, manifestando &#8220;hesita\u00e7\u00e3o e medo&#8221;.<\/p>\n<p>Essa gera\u00e7\u00e3o cresceu em um ambiente onde a tecnologia prometia solu\u00e7\u00f5es para tudo, mas tamb\u00e9m testemunhou de perto as armadilhas e os perigos do mundo digital: o avan\u00e7o das fake news, o impacto na sa\u00fade mental via redes sociais, a perda de privacidade e a polariza\u00e7\u00e3o pol\u00edtica. Para eles, a linha entre a utopia e a distopia tecnol\u00f3gica \u00e9 t\u00eanue. A IA, com seu potencial transformador e muitas vezes opaco, \u00e9 vista como um catalisador que pode amplificar tanto os benef\u00edcios quanto os problemas j\u00e1 existentes.<\/p>\n<p>Um dos medos mais proeminentes entre a Gera\u00e7\u00e3o Z \u00e9 o impacto da automa\u00e7\u00e3o e da IA no mercado de trabalho. Eles est\u00e3o ingressando em um cen\u00e1rio onde a precariza\u00e7\u00e3o do trabalho j\u00e1 \u00e9 uma realidade e a concorr\u00eancia \u00e9 acirrada. A perspectiva de que rob\u00f4s e algoritmos possam assumir fun\u00e7\u00f5es que antes eram exclusivas de humanos gera uma ansiedade profunda sobre seu futuro profissional. Perguntas como &#8220;Serei substitu\u00eddo por uma m\u00e1quina?&#8221; ou &#8220;Minhas habilidades ainda ser\u00e3o relevantes?&#8221; ecoam em suas mentes, alimentando a inseguran\u00e7a.<\/p>\n<p>Al\u00e9m das preocupa\u00e7\u00f5es econ\u00f4micas, h\u00e1 uma forte corrente de apreens\u00e3o \u00e9tica e existencial. A Gera\u00e7\u00e3o Z, muitas vezes, \u00e9 mais sens\u00edvel a quest\u00f5es de justi\u00e7a social e equidade. Eles se preocupam com o potencial de vi\u00e9s algor\u00edtmico, onde sistemas de IA podem perpetuar ou intensificar preconceitos existentes na sociedade. H\u00e1 tamb\u00e9m o temor de que a crescente depend\u00eancia da IA possa levar a uma &#8220;perda de humanidade&#8221; \u2014 uma eros\u00e3o da criatividade, da empatia e das conex\u00f5es interpessoais. A ideia de que as m\u00e1quinas possam superar a intelig\u00eancia humana em aspectos fundamentais levanta questionamentos profundos sobre o que significa ser humano na era da IA.<\/p>\n<h3>Al\u00e9m do Algoritmo: As Ra\u00edzes da Apreens\u00e3o da Gera\u00e7\u00e3o Z<\/h3>\n<p>Para compreender plenamente o medo da Gera\u00e7\u00e3o Z em rela\u00e7\u00e3o \u00e0 <strong>intelig\u00eancia artificial<\/strong>, precisamos olhar al\u00e9m da superf\u00edcie e explorar as ra\u00edzes dessa apreens\u00e3o. Ao contr\u00e1rio de gera\u00e7\u00f5es anteriores, que muitas vezes viam a tecnologia com otimismo desenfreado, a Gera\u00e7\u00e3o Z amadureceu em um per\u00edodo de maior ceticismo e consci\u00eancia das complexidades do progresso.<\/p>\n<p>Um fator significativo \u00e9 a influ\u00eancia cultural. Filmes, s\u00e9ries e livros de fic\u00e7\u00e3o cient\u00edfica h\u00e1 muito exploram cen\u00e1rios dist\u00f3picos onde a IA se volta contra a humanidade. T\u00edtulos como *O Exterminador do Futuro*, *Matrix* e, mais recentemente, *Black Mirror* (que \u00e9 um marco para essa gera\u00e7\u00e3o) n\u00e3o apenas divertem, mas tamb\u00e9m plantam sementes de desconfian\u00e7a e medo em rela\u00e7\u00e3o \u00e0 tecnologia aut\u00f4noma. Embora seja fic\u00e7\u00e3o, essas narrativas moldam a percep\u00e7\u00e3o coletiva e individual sobre os riscos potenciais.<\/p>\n<p>Outro ponto crucial \u00e9 a falta de compreens\u00e3o profunda. Muitos jovens usam a IA diariamente em aplicativos de reconhecimento facial, assistentes de voz e recomenda\u00e7\u00f5es de conte\u00fado, mas a maioria n\u00e3o entende como esses sistemas funcionam. A IA \u00e9 vista como uma &#8220;caixa preta&#8221; \u2014 algo poderoso e onipresente, mas impenetr\u00e1vel. Essa falta de transpar\u00eancia gera desconfian\u00e7a e potencializa os medos, pois o que n\u00e3o se compreende \u00e9 mais f\u00e1cil de temer. Especialistas como Fei-Fei Li, cientista chefe de IA e Human-Centered AI no Stanford Institute, frequentemente destacam a necessidade de desmistificar a IA e torn\u00e1-la mais compreens\u00edvel para o p\u00fablico em geral.<\/p>\n<p>A ansiedade econ\u00f4mica mencionada anteriormente tamb\u00e9m tem ra\u00edzes profundas. A Gera\u00e7\u00e3o Z enfrenta um futuro incerto, marcado por mudan\u00e7as clim\u00e1ticas, pandemias e crises econ\u00f4micas. A introdu\u00e7\u00e3o de uma tecnologia que promete otimiza\u00e7\u00e3o e corte de custos \u00e9 vista como mais uma for\u00e7a desestabilizadora em um mercado de trabalho j\u00e1 vol\u00e1til. Relat\u00f3rios de institui\u00e7\u00f5es como o F\u00f3rum Econ\u00f4mico Mundial indicam que, embora a IA v\u00e1 criar novos empregos, ela tamb\u00e9m deslocar\u00e1 muitos outros, exigindo requalifica\u00e7\u00e3o em larga escala \u2013 uma perspectiva assustadora para quem est\u00e1 come\u00e7ando a carreira.<\/p>\n<p>Por fim, as preocupa\u00e7\u00f5es com privacidade e \u00e9tica digital s\u00e3o intr\u00ednsecas \u00e0 experi\u00eancia da Gera\u00e7\u00e3o Z. Eles viram grandes empresas de tecnologia envolvidas em esc\u00e2ndalos de uso indevido de dados e manipula\u00e7\u00e3o de informa\u00e7\u00f5es. A <strong>intelig\u00eancia artificial<\/strong>, ao processar quantidades massivas de dados pessoais, amplifica esses receios. Quem tem acesso a esses dados? Como eles s\u00e3o usados? Quais s\u00e3o os limites da vigil\u00e2ncia algor\u00edtmica? Essas s\u00e3o perguntas leg\u00edtimas que alimentam a apreens\u00e3o em rela\u00e7\u00e3o a um futuro dominado pela IA sem regulamenta\u00e7\u00e3o adequada.<\/p>\n<h3>Navegando o Futuro: Educando e Empoderando Diante da IA<\/h3>\n<p>Diante desse cen\u00e1rio de fasc\u00ednio e medo, a pergunta que se imp\u00f5e \u00e9: como podemos navegar o futuro da <strong>intelig\u00eancia artificial<\/strong> de forma a mitigar os receios e maximizar os benef\u00edcios para a Gera\u00e7\u00e3o Z e para as futuras gera\u00e7\u00f5es? A resposta reside em uma combina\u00e7\u00e3o de educa\u00e7\u00e3o, transpar\u00eancia, di\u00e1logo e desenvolvimento \u00e9tico.<\/p>\n<p>O papel da educa\u00e7\u00e3o \u00e9 primordial. Universidades, escolas e programas de forma\u00e7\u00e3o profissional precisam ir al\u00e9m do ensino t\u00e9cnico e incorporar a \u00e9tica da IA, o pensamento cr\u00edtico sobre seus impactos sociais e a capacita\u00e7\u00e3o para o uso respons\u00e1vel das ferramentas de IA. N\u00e3o se trata apenas de ensinar a programar algoritmos, mas de ensinar a pensar sobre eles, a question\u00e1-los e a compreender suas implica\u00e7\u00f5es. Iniciativas que promovem a &#8220;alfabetiza\u00e7\u00e3o em IA&#8221; para o p\u00fablico em geral s\u00e3o cruciais para desmistificar a tecnologia e empoderar as pessoas a entenderem e a participarem ativamente de seu desenvolvimento.<\/p>\n<p>Al\u00e9m disso, \u00e9 fundamental equilibrar a narrativa. Enquanto os riscos da IA merecem aten\u00e7\u00e3o e debate, seus benef\u00edcios potenciais s\u00e3o imensos e muitas vezes ofuscados pelo sensacionalismo. A IA j\u00e1 est\u00e1 revolucionando \u00e1reas como a medicina (diagn\u00f3stico precoce, descoberta de medicamentos), a sustentabilidade (otimiza\u00e7\u00e3o de energia, monitoramento ambiental) e a acessibilidade (ferramentas para pessoas com defici\u00eancia). Destacar essas aplica\u00e7\u00f5es positivas pode ajudar a Gera\u00e7\u00e3o Z a ver a IA n\u00e3o apenas como uma amea\u00e7a, mas como uma ferramenta poderosa para resolver alguns dos maiores desafios da humanidade. \u00c9 importante que os jovens sejam expostos a essas possibilidades e a casos de sucesso, estimulando uma vis\u00e3o mais equilibrada.<\/p>\n<p>A promo\u00e7\u00e3o de um desenvolvimento \u00e9tico e respons\u00e1vel da IA tamb\u00e9m \u00e9 vital. Isso envolve a cria\u00e7\u00e3o de frameworks regulat\u00f3rios robustos, a exig\u00eancia de transpar\u00eancia nos algoritmos e a prioriza\u00e7\u00e3o de valores humanos no design de sistemas de IA. L\u00edderes de pensamento como Andrew Ng, um dos pioneiros da IA, e Yuval Noah Harari, historiador e fil\u00f3sofo, frequentemente enfatizam a necessidade de guiar o desenvolvimento da IA com sabedoria, garantindo que ela sirva \u00e0 humanidade e n\u00e3o o contr\u00e1rio. A Gera\u00e7\u00e3o Z, com sua consci\u00eancia social e ativismo, tem um papel importante a desempenhar nesse di\u00e1logo, pressionando por pol\u00edticas e pr\u00e1ticas que garantam que a IA seja desenvolvida de forma justa e equitativa.<\/p>\n<p>Finalmente, \u00e9 essencial fomentar uma cultura de colabora\u00e7\u00e3o entre humanos e IA. Em vez de focar na substitui\u00e7\u00e3o, devemos enfatizar a &#8220;aumenta\u00e7\u00e3o&#8221; \u2014 como a IA pode potencializar as capacidades humanas, liberar-nos de tarefas repetitivas e permitir-nos focar em atividades mais criativas e estrat\u00e9gicas. A Gera\u00e7\u00e3o Z, com sua inventividade e capacidade de adapta\u00e7\u00e3o, est\u00e1 em uma posi\u00e7\u00e3o \u00fanica para ser a ponte entre o potencial da IA e as necessidades humanas, moldando o futuro do trabalho e da sociedade de maneiras inovadoras.<\/p>\n<p>A Gera\u00e7\u00e3o Z est\u00e1 em uma encruzilhada fascinante com a <strong>intelig\u00eancia artificial<\/strong>. Seu medo n\u00e3o \u00e9 um sinal de avers\u00e3o \u00e0 tecnologia, mas sim um reflexo de uma profunda consci\u00eancia dos desafios e dilemas \u00e9ticos que acompanham o progresso exponencial. Eles n\u00e3o s\u00e3o apenas nativos digitais; s\u00e3o tamb\u00e9m os primeiros a herdar um mundo onde a IA est\u00e1 se tornando uma for\u00e7a omnipresente, com o poder de redefinir o trabalho, as rela\u00e7\u00f5es e at\u00e9 mesmo a pr\u00f3pria ess\u00eancia do que significa ser humano.<\/p>\n<p>O desafio para educadores, formuladores de pol\u00edticas e desenvolvedores de tecnologia \u00e9 transformar esse medo em um catalisador para a a\u00e7\u00e3o construtiva. Ao promover a alfabetiza\u00e7\u00e3o em IA, fomentar um di\u00e1logo aberto sobre seus impactos e garantir um desenvolvimento \u00e9tico e inclusivo, podemos ajudar a Gera\u00e7\u00e3o Z a transitar da apreens\u00e3o para o empoderamento. Afinal, o futuro da intelig\u00eancia artificial n\u00e3o \u00e9 algo que simplesmente acontece; \u00e9 algo que constru\u00edmos coletivamente. E nessa constru\u00e7\u00e3o, a voz e as preocupa\u00e7\u00f5es da Gera\u00e7\u00e3o Z s\u00e3o indispens\u00e1veis para garantir que a IA se torne uma ferramenta para a prosperidade e o florescimento humano, e n\u00e3o uma fonte de ang\u00fastia e perda de humanidade.<\/p>\n","protected":false},"excerpt":{"rendered":"<p>A Gera\u00e7\u00e3o Z, nascida e criada em um mundo hiperconectado, com smartphones nas m\u00e3os desde a inf\u00e2ncia e algoritmos moldando suas experi\u00eancias online, \u00e9 frequentemente vista como a ep\u00edtome da adapta\u00e7\u00e3o digital. No entanto, uma observa\u00e7\u00e3o recente do professor Scott Anthony, de Dartmouth, lan\u00e7ou luz sobre uma dicotomia fascinante e, para muitos, surpreendente: enquanto muitos [&hellip;]<\/p>\n","protected":false},"author":1,"featured_media":2890,"comment_status":"open","ping_status":"open","sticky":false,"template":"","format":"standard","meta":{"_yoast_wpseo_focuskw":"intelig\u00eancia artificial","_yoast_wpseo_metadesc":"Explore o paradoxo da Gera\u00e7\u00e3o Z: nativos digitais que, apesar de imersos na tecnologia, revelam um surpreendente medo da intelig\u00eancia artificial. Entenda as ra\u00edzes dessa apreens\u00e3o e o caminho para um futuro equilibrado.","footnotes":""},"categories":[2],"tags":[],"class_list":["post-2891","post","type-post","status-publish","format-standard","has-post-thumbnail","hentry","category-novidades"],"yoast_head":"<!-- This site is optimized with the Yoast SEO plugin v25.6 - https:\/\/yoast.com\/wordpress\/plugins\/seo\/ -->\n<title>Intelig\u00eancia Artificial e a Gera\u00e7\u00e3o Z: Entre o Fasc\u00ednio e o Medo do Futuro - Lacerda AI<\/title>\n<meta name=\"description\" content=\"Explore o paradoxo da Gera\u00e7\u00e3o Z: nativos digitais que, apesar de imersos na tecnologia, revelam um surpreendente medo da intelig\u00eancia artificial. Entenda as ra\u00edzes dessa apreens\u00e3o e o caminho para um futuro equilibrado.\" \/>\n<meta name=\"robots\" content=\"index, follow, max-snippet:-1, max-image-preview:large, max-video-preview:-1\" \/>\n<link rel=\"canonical\" href=\"https:\/\/lacerdaai.com\/br\/inteligencia-artificial-e-a-geracao-z-entre-o-fascinio-e-o-medo-do-futuro\/\" \/>\n<meta property=\"og:locale\" content=\"pt_BR\" \/>\n<meta property=\"og:type\" content=\"article\" \/>\n<meta property=\"og:title\" content=\"Intelig\u00eancia Artificial e a Gera\u00e7\u00e3o Z: Entre o Fasc\u00ednio e o Medo do Futuro - Lacerda AI\" \/>\n<meta property=\"og:description\" content=\"Explore o paradoxo da Gera\u00e7\u00e3o Z: nativos digitais que, apesar de imersos na tecnologia, revelam um surpreendente medo da intelig\u00eancia artificial. Entenda as ra\u00edzes dessa apreens\u00e3o e o caminho para um futuro equilibrado.\" \/>\n<meta property=\"og:url\" content=\"https:\/\/lacerdaai.com\/br\/inteligencia-artificial-e-a-geracao-z-entre-o-fascinio-e-o-medo-do-futuro\/\" \/>\n<meta property=\"og:site_name\" content=\"Lacerda AI\" \/>\n<meta property=\"article:published_time\" content=\"2025-12-22T11:43:07+00:00\" \/>\n<meta property=\"article:modified_time\" content=\"2025-12-22T11:43:14+00:00\" \/>\n<meta name=\"author\" content=\"Andr\u00e9 Lacerda\" \/>\n<meta name=\"twitter:card\" content=\"summary_large_image\" \/>\n<meta name=\"twitter:label1\" content=\"Escrito por\" \/>\n\t<meta name=\"twitter:data1\" content=\"Andr\u00e9 Lacerda\" \/>\n\t<meta name=\"twitter:label2\" content=\"Est. tempo de leitura\" \/>\n\t<meta name=\"twitter:data2\" content=\"9 minutos\" \/>\n<script type=\"application\/ld+json\" class=\"yoast-schema-graph\">{\"@context\":\"https:\/\/schema.org\",\"@graph\":[{\"@type\":\"WebPage\",\"@id\":\"https:\/\/lacerdaai.com\/br\/inteligencia-artificial-e-a-geracao-z-entre-o-fascinio-e-o-medo-do-futuro\/\",\"url\":\"https:\/\/lacerdaai.com\/br\/inteligencia-artificial-e-a-geracao-z-entre-o-fascinio-e-o-medo-do-futuro\/\",\"name\":\"Intelig\u00eancia Artificial e a Gera\u00e7\u00e3o Z: Entre o Fasc\u00ednio e o Medo do Futuro - Lacerda AI\",\"isPartOf\":{\"@id\":\"https:\/\/lacerdaai.com\/br\/#website\"},\"primaryImageOfPage\":{\"@id\":\"https:\/\/lacerdaai.com\/br\/inteligencia-artificial-e-a-geracao-z-entre-o-fascinio-e-o-medo-do-futuro\/#primaryimage\"},\"image\":{\"@id\":\"https:\/\/lacerdaai.com\/br\/inteligencia-artificial-e-a-geracao-z-entre-o-fascinio-e-o-medo-do-futuro\/#primaryimage\"},\"thumbnailUrl\":\"https:\/\/lacerdaai.com\/br\/wp-content\/uploads\/2025\/12\/imagem-91.jpg\",\"datePublished\":\"2025-12-22T11:43:07+00:00\",\"dateModified\":\"2025-12-22T11:43:14+00:00\",\"author\":{\"@id\":\"https:\/\/lacerdaai.com\/br\/#\/schema\/person\/8bad803c2e83a0c5c5c75e02a1c2248f\"},\"description\":\"Explore o paradoxo da Gera\u00e7\u00e3o Z: nativos digitais que, apesar de imersos na tecnologia, revelam um surpreendente medo da intelig\u00eancia artificial. Entenda as ra\u00edzes dessa apreens\u00e3o e o caminho para um futuro equilibrado.\",\"breadcrumb\":{\"@id\":\"https:\/\/lacerdaai.com\/br\/inteligencia-artificial-e-a-geracao-z-entre-o-fascinio-e-o-medo-do-futuro\/#breadcrumb\"},\"inLanguage\":\"pt-BR\",\"potentialAction\":[{\"@type\":\"ReadAction\",\"target\":[\"https:\/\/lacerdaai.com\/br\/inteligencia-artificial-e-a-geracao-z-entre-o-fascinio-e-o-medo-do-futuro\/\"]}]},{\"@type\":\"ImageObject\",\"inLanguage\":\"pt-BR\",\"@id\":\"https:\/\/lacerdaai.com\/br\/inteligencia-artificial-e-a-geracao-z-entre-o-fascinio-e-o-medo-do-futuro\/#primaryimage\",\"url\":\"https:\/\/lacerdaai.com\/br\/wp-content\/uploads\/2025\/12\/imagem-91.jpg\",\"contentUrl\":\"https:\/\/lacerdaai.com\/br\/wp-content\/uploads\/2025\/12\/imagem-91.jpg\",\"width\":1200,\"height\":800},{\"@type\":\"BreadcrumbList\",\"@id\":\"https:\/\/lacerdaai.com\/br\/inteligencia-artificial-e-a-geracao-z-entre-o-fascinio-e-o-medo-do-futuro\/#breadcrumb\",\"itemListElement\":[{\"@type\":\"ListItem\",\"position\":1,\"name\":\"In\u00edcio\",\"item\":\"https:\/\/lacerdaai.com\/br\/\"},{\"@type\":\"ListItem\",\"position\":2,\"name\":\"Intelig\u00eancia Artificial e a Gera\u00e7\u00e3o Z: Entre o Fasc\u00ednio e o Medo do Futuro\"}]},{\"@type\":\"WebSite\",\"@id\":\"https:\/\/lacerdaai.com\/br\/#website\",\"url\":\"https:\/\/lacerdaai.com\/br\/\",\"name\":\"Lacerda AI\",\"description\":\"Seu blog di\u00e1rio de novidades do mundo da Inteligencia Artificial\",\"potentialAction\":[{\"@type\":\"SearchAction\",\"target\":{\"@type\":\"EntryPoint\",\"urlTemplate\":\"https:\/\/lacerdaai.com\/br\/?s={search_term_string}\"},\"query-input\":{\"@type\":\"PropertyValueSpecification\",\"valueRequired\":true,\"valueName\":\"search_term_string\"}}],\"inLanguage\":\"pt-BR\"},{\"@type\":\"Person\",\"@id\":\"https:\/\/lacerdaai.com\/br\/#\/schema\/person\/8bad803c2e83a0c5c5c75e02a1c2248f\",\"name\":\"Andr\u00e9 Lacerda\",\"image\":{\"@type\":\"ImageObject\",\"inLanguage\":\"pt-BR\",\"@id\":\"https:\/\/lacerdaai.com\/br\/#\/schema\/person\/image\/\",\"url\":\"https:\/\/secure.gravatar.com\/avatar\/f5c1fa5ad9763f54c1f223c3fc91f131da6288c9f9e28d74bb3c355ad99af205?s=96&d=mm&r=g\",\"contentUrl\":\"https:\/\/secure.gravatar.com\/avatar\/f5c1fa5ad9763f54c1f223c3fc91f131da6288c9f9e28d74bb3c355ad99af205?s=96&d=mm&r=g\",\"caption\":\"Andr\u00e9 Lacerda\"},\"description\":\"Sou o Andr\u00e9 Lacerda, tenho 35 anos e sou apaixonado por tecnologia, intelig\u00eancia artificial e boas hist\u00f3rias. Me formei em Tecnologia e Jornalismo \u2014 sim, uma mistura meio improv\u00e1vel, mas que combina muito comigo. J\u00e1 morei no Canad\u00e1 e na Espanha, e essas experi\u00eancias me ajudaram a enxergar a inova\u00e7\u00e3o com um olhar mais global (e a me virar bem em tr\u00eas idiomas \ud83d\ude04). Trabalhei em algumas das maiores empresas de tecnologia do mercado e, hoje, atuo como consultor ajudando neg\u00f3cios a entenderem e aplicarem IA de forma pr\u00e1tica, estrat\u00e9gica e humana. Gosto de traduzir o complexo em algo simples \u2014 e \u00e9 isso que voc\u00ea vai encontrar por aqui.\",\"sameAs\":[\"http:\/\/lacerdaai.com\/br\"],\"url\":\"https:\/\/lacerdaai.com\/br\/author\/red-admin\/\"}]}<\/script>\n<!-- \/ Yoast SEO plugin. -->","yoast_head_json":{"title":"Intelig\u00eancia Artificial e a Gera\u00e7\u00e3o Z: Entre o Fasc\u00ednio e o Medo do Futuro - Lacerda AI","description":"Explore o paradoxo da Gera\u00e7\u00e3o Z: nativos digitais que, apesar de imersos na tecnologia, revelam um surpreendente medo da intelig\u00eancia artificial. Entenda as ra\u00edzes dessa apreens\u00e3o e o caminho para um futuro equilibrado.","robots":{"index":"index","follow":"follow","max-snippet":"max-snippet:-1","max-image-preview":"max-image-preview:large","max-video-preview":"max-video-preview:-1"},"canonical":"https:\/\/lacerdaai.com\/br\/inteligencia-artificial-e-a-geracao-z-entre-o-fascinio-e-o-medo-do-futuro\/","og_locale":"pt_BR","og_type":"article","og_title":"Intelig\u00eancia Artificial e a Gera\u00e7\u00e3o Z: Entre o Fasc\u00ednio e o Medo do Futuro - Lacerda AI","og_description":"Explore o paradoxo da Gera\u00e7\u00e3o Z: nativos digitais que, apesar de imersos na tecnologia, revelam um surpreendente medo da intelig\u00eancia artificial. Entenda as ra\u00edzes dessa apreens\u00e3o e o caminho para um futuro equilibrado.","og_url":"https:\/\/lacerdaai.com\/br\/inteligencia-artificial-e-a-geracao-z-entre-o-fascinio-e-o-medo-do-futuro\/","og_site_name":"Lacerda AI","article_published_time":"2025-12-22T11:43:07+00:00","article_modified_time":"2025-12-22T11:43:14+00:00","author":"Andr\u00e9 Lacerda","twitter_card":"summary_large_image","twitter_misc":{"Escrito por":"Andr\u00e9 Lacerda","Est. tempo de leitura":"9 minutos"},"schema":{"@context":"https:\/\/schema.org","@graph":[{"@type":"WebPage","@id":"https:\/\/lacerdaai.com\/br\/inteligencia-artificial-e-a-geracao-z-entre-o-fascinio-e-o-medo-do-futuro\/","url":"https:\/\/lacerdaai.com\/br\/inteligencia-artificial-e-a-geracao-z-entre-o-fascinio-e-o-medo-do-futuro\/","name":"Intelig\u00eancia Artificial e a Gera\u00e7\u00e3o Z: Entre o Fasc\u00ednio e o Medo do Futuro - Lacerda AI","isPartOf":{"@id":"https:\/\/lacerdaai.com\/br\/#website"},"primaryImageOfPage":{"@id":"https:\/\/lacerdaai.com\/br\/inteligencia-artificial-e-a-geracao-z-entre-o-fascinio-e-o-medo-do-futuro\/#primaryimage"},"image":{"@id":"https:\/\/lacerdaai.com\/br\/inteligencia-artificial-e-a-geracao-z-entre-o-fascinio-e-o-medo-do-futuro\/#primaryimage"},"thumbnailUrl":"https:\/\/lacerdaai.com\/br\/wp-content\/uploads\/2025\/12\/imagem-91.jpg","datePublished":"2025-12-22T11:43:07+00:00","dateModified":"2025-12-22T11:43:14+00:00","author":{"@id":"https:\/\/lacerdaai.com\/br\/#\/schema\/person\/8bad803c2e83a0c5c5c75e02a1c2248f"},"description":"Explore o paradoxo da Gera\u00e7\u00e3o Z: nativos digitais que, apesar de imersos na tecnologia, revelam um surpreendente medo da intelig\u00eancia artificial. Entenda as ra\u00edzes dessa apreens\u00e3o e o caminho para um futuro equilibrado.","breadcrumb":{"@id":"https:\/\/lacerdaai.com\/br\/inteligencia-artificial-e-a-geracao-z-entre-o-fascinio-e-o-medo-do-futuro\/#breadcrumb"},"inLanguage":"pt-BR","potentialAction":[{"@type":"ReadAction","target":["https:\/\/lacerdaai.com\/br\/inteligencia-artificial-e-a-geracao-z-entre-o-fascinio-e-o-medo-do-futuro\/"]}]},{"@type":"ImageObject","inLanguage":"pt-BR","@id":"https:\/\/lacerdaai.com\/br\/inteligencia-artificial-e-a-geracao-z-entre-o-fascinio-e-o-medo-do-futuro\/#primaryimage","url":"https:\/\/lacerdaai.com\/br\/wp-content\/uploads\/2025\/12\/imagem-91.jpg","contentUrl":"https:\/\/lacerdaai.com\/br\/wp-content\/uploads\/2025\/12\/imagem-91.jpg","width":1200,"height":800},{"@type":"BreadcrumbList","@id":"https:\/\/lacerdaai.com\/br\/inteligencia-artificial-e-a-geracao-z-entre-o-fascinio-e-o-medo-do-futuro\/#breadcrumb","itemListElement":[{"@type":"ListItem","position":1,"name":"In\u00edcio","item":"https:\/\/lacerdaai.com\/br\/"},{"@type":"ListItem","position":2,"name":"Intelig\u00eancia Artificial e a Gera\u00e7\u00e3o Z: Entre o Fasc\u00ednio e o Medo do Futuro"}]},{"@type":"WebSite","@id":"https:\/\/lacerdaai.com\/br\/#website","url":"https:\/\/lacerdaai.com\/br\/","name":"Lacerda AI","description":"Seu blog di\u00e1rio de novidades do mundo da Inteligencia Artificial","potentialAction":[{"@type":"SearchAction","target":{"@type":"EntryPoint","urlTemplate":"https:\/\/lacerdaai.com\/br\/?s={search_term_string}"},"query-input":{"@type":"PropertyValueSpecification","valueRequired":true,"valueName":"search_term_string"}}],"inLanguage":"pt-BR"},{"@type":"Person","@id":"https:\/\/lacerdaai.com\/br\/#\/schema\/person\/8bad803c2e83a0c5c5c75e02a1c2248f","name":"Andr\u00e9 Lacerda","image":{"@type":"ImageObject","inLanguage":"pt-BR","@id":"https:\/\/lacerdaai.com\/br\/#\/schema\/person\/image\/","url":"https:\/\/secure.gravatar.com\/avatar\/f5c1fa5ad9763f54c1f223c3fc91f131da6288c9f9e28d74bb3c355ad99af205?s=96&d=mm&r=g","contentUrl":"https:\/\/secure.gravatar.com\/avatar\/f5c1fa5ad9763f54c1f223c3fc91f131da6288c9f9e28d74bb3c355ad99af205?s=96&d=mm&r=g","caption":"Andr\u00e9 Lacerda"},"description":"Sou o Andr\u00e9 Lacerda, tenho 35 anos e sou apaixonado por tecnologia, intelig\u00eancia artificial e boas hist\u00f3rias. Me formei em Tecnologia e Jornalismo \u2014 sim, uma mistura meio improv\u00e1vel, mas que combina muito comigo. J\u00e1 morei no Canad\u00e1 e na Espanha, e essas experi\u00eancias me ajudaram a enxergar a inova\u00e7\u00e3o com um olhar mais global (e a me virar bem em tr\u00eas idiomas \ud83d\ude04). Trabalhei em algumas das maiores empresas de tecnologia do mercado e, hoje, atuo como consultor ajudando neg\u00f3cios a entenderem e aplicarem IA de forma pr\u00e1tica, estrat\u00e9gica e humana. Gosto de traduzir o complexo em algo simples \u2014 e \u00e9 isso que voc\u00ea vai encontrar por aqui.","sameAs":["http:\/\/lacerdaai.com\/br"],"url":"https:\/\/lacerdaai.com\/br\/author\/red-admin\/"}]}},"_links":{"self":[{"href":"https:\/\/lacerdaai.com\/br\/wp-json\/wp\/v2\/posts\/2891","targetHints":{"allow":["GET"]}}],"collection":[{"href":"https:\/\/lacerdaai.com\/br\/wp-json\/wp\/v2\/posts"}],"about":[{"href":"https:\/\/lacerdaai.com\/br\/wp-json\/wp\/v2\/types\/post"}],"author":[{"embeddable":true,"href":"https:\/\/lacerdaai.com\/br\/wp-json\/wp\/v2\/users\/1"}],"replies":[{"embeddable":true,"href":"https:\/\/lacerdaai.com\/br\/wp-json\/wp\/v2\/comments?post=2891"}],"version-history":[{"count":1,"href":"https:\/\/lacerdaai.com\/br\/wp-json\/wp\/v2\/posts\/2891\/revisions"}],"predecessor-version":[{"id":2892,"href":"https:\/\/lacerdaai.com\/br\/wp-json\/wp\/v2\/posts\/2891\/revisions\/2892"}],"wp:featuredmedia":[{"embeddable":true,"href":"https:\/\/lacerdaai.com\/br\/wp-json\/wp\/v2\/media\/2890"}],"wp:attachment":[{"href":"https:\/\/lacerdaai.com\/br\/wp-json\/wp\/v2\/media?parent=2891"}],"wp:term":[{"taxonomy":"category","embeddable":true,"href":"https:\/\/lacerdaai.com\/br\/wp-json\/wp\/v2\/categories?post=2891"},{"taxonomy":"post_tag","embeddable":true,"href":"https:\/\/lacerdaai.com\/br\/wp-json\/wp\/v2\/tags?post=2891"}],"curies":[{"name":"wp","href":"https:\/\/api.w.org\/{rel}","templated":true}]}}