{"id":2897,"date":"2025-12-22T20:43:13","date_gmt":"2025-12-22T23:43:13","guid":{"rendered":"https:\/\/lacerdaai.com\/br\/o-horizonte-da-ia-um-executivo-da-microsoft-preve-o-que-realmente-nos-espera-em-6-anos\/"},"modified":"2025-12-22T20:43:20","modified_gmt":"2025-12-22T23:43:20","slug":"o-horizonte-da-ia-um-executivo-da-microsoft-preve-o-que-realmente-nos-espera-em-6-anos","status":"publish","type":"post","link":"https:\/\/lacerdaai.com\/br\/o-horizonte-da-ia-um-executivo-da-microsoft-preve-o-que-realmente-nos-espera-em-6-anos\/","title":{"rendered":"O Horizonte da IA: Um Executivo da Microsoft Prev\u00ea o Que Realmente Nos Espera em 6 Anos"},"content":{"rendered":"<p>No vibrante e veloz universo da tecnologia, as previs\u00f5es s\u00e3o como estrelas-guia, algumas brilham intensamente e nos mostram o caminho, outras se apagam rapidamente. No entanto, quando um executivo da Microsoft \u2013 uma das empresas que est\u00e1 na vanguarda da revolu\u00e7\u00e3o da IA \u2013 faz uma proje\u00e7\u00e3o, o mundo para para ouvir. A fala \u00e9 incisiva: \u201cSeis meses para a reviravolta, seis anos para o novo normal\u201d. Uma declara\u00e7\u00e3o que ecoa tanto a urg\u00eancia quanto a inevitabilidade da transforma\u00e7\u00e3o que a **intelig\u00eancia artificial** est\u00e1 nos trazendo. Mas o que exatamente significa essa reviravolta? E o que acontece quando a IA deixa de ser apenas uma assistente para se tornar uma decisora? Quem, afinal, \u201cfica com as chaves\u201d?<\/p>\n<p>Estamos vivendo um momento \u00fanico na hist\u00f3ria. Mal piscamos e as capacidades dos modelos de linguagem, da gera\u00e7\u00e3o de imagens e de \u00e1udio, saltam de patamares que antes pareciam fic\u00e7\u00e3o cient\u00edfica. A IA n\u00e3o \u00e9 mais um conceito distante; ela est\u00e1 integrada em nossas ferramentas de trabalho, em nossos assistentes virtuais e nas recomenda\u00e7\u00f5es que moldam nossa experi\u00eancia online. Mas as previs\u00f5es apontam para um salto ainda maior, uma mudan\u00e7a de paradigma onde a IA n\u00e3o apenas executa tarefas ou processa informa\u00e7\u00f5es, mas realmente assume um papel proativo na tomada de decis\u00f5es complexas. Este artigo mergulha nas profundezas dessa vis\u00e3o, explorando as implica\u00e7\u00f5es dessa era iminente e o que significa navegar por um mundo onde a intelig\u00eancia artificial redefine a pr\u00f3pria ess\u00eancia de como vivemos e trabalhamos.<\/p>\n<h3>O <strong>futuro da intelig\u00eancia artificial<\/strong>: Dos Auxiliares Digitais aos Decisores Aut\u00f4nomos<\/h3>\n<p>A ideia de \u201cseis meses para a reviravolta\u201d n\u00e3o \u00e9 apenas uma met\u00e1fora; ela reflete a velocidade vertiginosa com que as inova\u00e7\u00f5es em IA est\u00e3o sendo implementadas e absorvidas. Em um curto per\u00edodo, testemunhamos o surgimento e a populariza\u00e7\u00e3o massiva de modelos generativos que podem criar textos, imagens, v\u00eddeos e at\u00e9 mesmo c\u00f3digo complexo em segundos. Ferramentas como ChatGPT, DALL-E, Midjourney e Stable Diffusion n\u00e3o s\u00e3o apenas curiosidades tecnol\u00f3gicas; elas est\u00e3o redefinindo ind\u00fastrias inteiras, desde o marketing digital e design gr\u00e1fico at\u00e9 o desenvolvimento de software e a produ\u00e7\u00e3o de conte\u00fado. Escritores, artistas e programadores j\u00e1 est\u00e3o utilizando a IA como um copiloto indispens\u00e1vel, otimizando fluxos de trabalho e expandindo suas capacidades criativas de maneiras que eram inimagin\u00e1veis h\u00e1 pouco tempo.<\/p>\n<p>Essa \u201creviravolta\u201d inicial \u00e9 caracterizada pela integra\u00e7\u00e3o acelerada de sistemas de IA que, antes, eram projetos de pesquisa e agora est\u00e3o acess\u00edveis para o p\u00fablico geral e empresas. A personaliza\u00e7\u00e3o em massa, a automa\u00e7\u00e3o de tarefas repetitivas e a capacidade de processar e sintetizar vastas quantidades de dados em tempo real est\u00e3o gerando ganhos de efici\u00eancia sem precedentes. O impacto \u00e9 vis\u00edvel no aumento da produtividade, na otimiza\u00e7\u00e3o de servi\u00e7os e na capacidade de inovar mais rapidamente. Pequenas e m\u00e9dias empresas, por exemplo, est\u00e3o encontrando na **intelig\u00eancia artificial** ferramentas poderosas para competir com grandes players, nivelando o campo de jogo em diversas \u00e1reas. A acessibilidade a essas tecnologias est\u00e1 democratizando o poder da IA, mas tamb\u00e9m levanta quest\u00f5es sobre a prepara\u00e7\u00e3o de indiv\u00edduos e organiza\u00e7\u00f5es para essa onda de mudan\u00e7a.<\/p>\n<p>Passados os seis meses de disrup\u00e7\u00e3o, a proje\u00e7\u00e3o \u00e9 de \u201cseis anos para o novo normal\u201d. Este \u00e9 o per\u00edodo em que a IA deixar\u00e1 de ser uma novidade para se tornar uma parte intr\u00ednseca e onipresente de nossa infraestrutura social e econ\u00f4mica. N\u00e3o ser\u00e1 mais uma ferramenta isolada, mas o tecido fundamental de sistemas complexos. Pense em cidades inteligentes onde a gest\u00e3o de tr\u00e1fego, energia e seguran\u00e7a \u00e9 otimizada por algoritmos aut\u00f4nomos. Imagine a sa\u00fade personalizada, com diagn\u00f3sticos precisos e planos de tratamento adaptados em tempo real, baseados em dados gen\u00e9ticos e biom\u00e9tricos de cada indiv\u00edduo. Ve\u00edculos aut\u00f4nomos se tornar\u00e3o a norma, transformando o transporte e a log\u00edstica. A IA estar\u00e1 embutida em nossos eletrodom\u00e9sticos, em nossos ambientes de trabalho e, de forma quase invis\u00edvel, moldando nossas intera\u00e7\u00f5es e experi\u00eancias di\u00e1rias.<\/p>\n<p>O ponto crucial dessa transi\u00e7\u00e3o \u00e9 a passagem da IA de \u201cassistente\u201d para \u201cdecisora\u201d. Um assistente responde a comandos e oferece informa\u00e7\u00f5es. Um decisor, no entanto, avalia cen\u00e1rios, pondera riscos, considera objetivos e escolhe o melhor curso de a\u00e7\u00e3o, muitas vezes sem interven\u00e7\u00e3o humana imediata. Isso pode variar desde a gest\u00e3o aut\u00f4noma de um portf\u00f3lio de investimentos, a otimiza\u00e7\u00e3o de uma cadeia de suprimentos global, at\u00e9 a tomada de decis\u00f5es cr\u00edticas em ambientes perigosos, como miss\u00f5es de busca e salvamento ou explora\u00e7\u00e3o espacial. A delega\u00e7\u00e3o de tarefas cognitivas complexas para a **intelig\u00eancia artificial** \u00e9 o pr\u00f3ximo grande salto, e com ele v\u00eam desafios \u00e9ticos, de seguran\u00e7a e de governan\u00e7a sem precedentes.<\/p>\n<h3>Quem Det\u00e9m as R\u00e9deas? Navegando pela Autonomia da IA<\/h3>\n<p>A pergunta \u201cquem fica com as chaves?\u201d \u00e9 a ess\u00eancia do debate sobre a autonomia da IA. Quando uma IA n\u00e3o apenas auxilia, mas toma decis\u00f5es que afetam vidas humanas, recursos financeiros ou a seguran\u00e7a de infraestruturas cr\u00edticas, a quest\u00e3o da responsabilidade e do controle se torna central. Imagine um sistema de IA respons\u00e1vel por decidir quais pacientes recebem prioridade em um hospital lotado, ou um algoritmo que determine a elegibilidade de cidad\u00e3os para certos benef\u00edcios sociais. As implica\u00e7\u00f5es s\u00e3o profundas e exigem uma reflex\u00e3o cuidadosa.<\/p>\n<p>O desenvolvimento de frameworks \u00e9ticos e regulamenta\u00e7\u00f5es robustas \u00e9 uma necessidade urgente. Organiza\u00e7\u00f5es como a UNESCO e a Uni\u00e3o Europeia j\u00e1 est\u00e3o trabalhando em diretrizes para a IA, buscando garantir que seu desenvolvimento e aplica\u00e7\u00e3o sejam centrados no ser humano, transparentes, justos e respons\u00e1veis. Contudo, a velocidade da inova\u00e7\u00e3o muitas vezes supera a capacidade legislativa, criando um hiato onde as tecnologias avan\u00e7am sem um arcabou\u00e7o legal e \u00e9tico totalmente definido. \u00c9 fundamental que governos, empresas, acad\u00eamicos e a sociedade civil colaborem para criar normas que protejam os direitos individuais e coletivos, ao mesmo tempo em que incentivam a inova\u00e7\u00e3o respons\u00e1vel.<\/p>\n<p>A quest\u00e3o da responsabilidade e presta\u00e7\u00e3o de contas \u00e9 particularmente complexa. Se um sistema de IA comete um erro que resulta em danos, quem \u00e9 o culpado? O desenvolvedor que o programou? A empresa que o implantou? O operador humano que o supervisionou (ou n\u00e3o)? Ou a pr\u00f3pria IA, que operou de forma aut\u00f4noma? A busca por \u201cIntelig\u00eancia Artificial Explic\u00e1vel\u201d (XAI) ganha relev\u00e2ncia aqui, pois busca tornar os processos de tomada de decis\u00e3o da IA compreens\u00edveis para os humanos, permitindo auditoria e mitiga\u00e7\u00e3o de vieses. Vi\u00e9s algor\u00edtmico, muitas vezes refletindo os dados hist\u00f3ricos tendenciosos nos quais a IA foi treinada, \u00e9 uma preocupa\u00e7\u00e3o s\u00e9ria que pode levar a decis\u00f5es discriminat\u00f3rias, refor\u00e7ando desigualdades sociais existentes. Garantir a transpar\u00eancia e a justi\u00e7a nas decis\u00f5es da IA \u00e9 um dos maiores desafios da pr\u00f3xima d\u00e9cada.<\/p>\n<p>Al\u00e9m disso, a seguran\u00e7a cibern\u00e9tica assume uma nova dimens\u00e3o. Sistemas aut\u00f4nomos de IA que controlam infraestruturas cr\u00edticas, como redes de energia ou sistemas de transporte, se tornam alvos potenciais para ataques maliciosos. A integridade e a resili\u00eancia desses sistemas s\u00e3o vitais, e a capacidade de proteger a IA de manipula\u00e7\u00f5es e usos indevidos \u00e9 um imperativo de seguran\u00e7a nacional e global. A privacidade dos dados tamb\u00e9m \u00e9 um componente crucial, uma vez que a tomada de decis\u00f5es da IA \u00e9 frequentemente baseada em grandes volumes de informa\u00e7\u00f5es pessoais. Equilibrar a inova\u00e7\u00e3o com a prote\u00e7\u00e3o da privacidade ser\u00e1 um ato cont\u00ednuo e delicado.<\/p>\n<h3>Moldando o Amanh\u00e3: O Impacto Profundo da IA na Sociedade e Economia<\/h3>\n<p>O impacto da IA nos pr\u00f3ximos seis anos ser\u00e1 sentido em todos os pilares da sociedade e da economia. No mercado de trabalho, a **intelig\u00eancia artificial** n\u00e3o apenas substituir\u00e1 tarefas repetitivas, mas tamb\u00e9m criar\u00e1 novas profiss\u00f5es e demandar\u00e1 novas habilidades. A requalifica\u00e7\u00e3o e a aprendizagem cont\u00ednua se tornar\u00e3o imperativos para a for\u00e7a de trabalho. Profissionais que souberem como colaborar com a IA \u2013 utilizando-a como uma ferramenta para amplificar sua pr\u00f3pria intelig\u00eancia e criatividade \u2013 ser\u00e3o os mais valorizados. A IA atuar\u00e1 como um copiloto para m\u00e9dicos, advogados, engenheiros e artistas, n\u00e3o para substitu\u00ed-los, mas para torn\u00e1-los exponencialmente mais eficazes.<\/p>\n<p>Economicamente, a IA \u00e9 um motor de produtividade e inova\u00e7\u00e3o. Novos modelos de neg\u00f3cios surgir\u00e3o, baseados em servi\u00e7os personalizados impulsionados por IA, otimiza\u00e7\u00e3o de recursos e automa\u00e7\u00e3o inteligente. Ind\u00fastrias inteiras, da manufatura \u00e0 agricultura, ser\u00e3o transformadas por sistemas de IA que otimizam processos, preveem falhas e maximizam a efici\u00eancia. No entanto, o desafio ser\u00e1 garantir que os benef\u00edcios dessa nova era sejam distribu\u00eddos de forma equitativa, evitando o aprofundamento das desigualdades entre aqueles que t\u00eam acesso e dominam a IA e aqueles que n\u00e3o.<\/p>\n<p>Na sa\u00fade, a **intelig\u00eancia artificial** promete avan\u00e7os revolucion\u00e1rios. Desde o diagn\u00f3stico precoce de doen\u00e7as complexas, como c\u00e2ncer e Alzheimer, at\u00e9 a descoberta acelerada de novos medicamentos e a realiza\u00e7\u00e3o de cirurgias de alta precis\u00e3o assistidas por rob\u00f4s. A medicina preditiva, baseada em an\u00e1lises de big data e machine learning, permitir\u00e1 interven\u00e7\u00f5es proativas e personalizadas, melhorando a qualidade de vida e prolongando a longevidade. Na educa\u00e7\u00e3o, tutores de IA personalizados poder\u00e3o adaptar o ensino ao ritmo e estilo de aprendizagem de cada aluno, tornando a educa\u00e7\u00e3o mais acess\u00edvel e eficaz. A criatividade humana ser\u00e1 expandida por ferramentas de IA que geram novas formas de arte, m\u00fasica e literatura, abrindo fronteiras para a express\u00e3o humana.<\/p>\n<p>Entretanto, n\u00e3o podemos ignorar os desafios sociais. A prolifera\u00e7\u00e3o de informa\u00e7\u00f5es falsas (deepfakes) geradas por IA, a manipula\u00e7\u00e3o de opini\u00f5es p\u00fablicas e o risco de vigil\u00e2ncia em massa s\u00e3o preocupa\u00e7\u00f5es reais que exigem aten\u00e7\u00e3o. A \u00e9tica na concep\u00e7\u00e3o e uso da IA \u00e9 vital para mitigar esses riscos. Para o Brasil, essas transforma\u00e7\u00f5es representam tanto uma oportunidade imensa quanto um desafio significativo. Precisamos investir em educa\u00e7\u00e3o em tecnologia, infraestrutura digital e pol\u00edticas p\u00fablicas que promovam a inova\u00e7\u00e3o inclusiva e a regulamenta\u00e7\u00e3o respons\u00e1vel. O desenvolvimento de talentos locais em IA ser\u00e1 crucial para que o pa\u00eds n\u00e3o apenas consuma, mas tamb\u00e9m crie e lidere solu\u00e7\u00f5es baseadas em intelig\u00eancia artificial, adaptadas \u00e0s nossas realidades e necessidades.<\/p>\n<p>Em resumo, a vis\u00e3o de um futuro impulsionado pela **intelig\u00eancia artificial**, conforme descrita pelo executivo da Microsoft, \u00e9 um convite \u00e0 a\u00e7\u00e3o e \u00e0 reflex\u00e3o. Os pr\u00f3ximos meses trar\u00e3o uma intensifica\u00e7\u00e3o da disrup\u00e7\u00e3o, com a IA se tornando uma for\u00e7a ineg\u00e1vel em nosso cotidiano. Nos anos seguintes, essa for\u00e7a se solidificar\u00e1 em um \u201cnovo normal\u201d, onde a IA n\u00e3o apenas assiste, mas participa ativamente das decis\u00f5es que moldam nosso mundo. A quest\u00e3o de quem det\u00e9m as chaves para esses sistemas aut\u00f4nomos n\u00e3o \u00e9 trivial; ela exige um di\u00e1logo global sobre \u00e9tica, governan\u00e7a e responsabilidade.<\/p>\n<p>\u00c0 medida que avan\u00e7amos para este horizonte repleto de possibilidades e incertezas, \u00e9 imperativo que a humanidade permane\u00e7a no centro dessa revolu\u00e7\u00e3o. Devemos nos esfor\u00e7ar para projetar e implementar sistemas de IA que n\u00e3o apenas otimizem processos e gerem riqueza, mas que tamb\u00e9m promovam o bem-estar social, a justi\u00e7a e o respeito aos valores humanos. O **futuro da intelig\u00eancia artificial** est\u00e1 sendo escrito agora, e cabe a n\u00f3s garantir que essa narrativa seja de progresso respons\u00e1vel e de um futuro onde a tecnologia serve \u00e0 humanidade em sua plenitude.<\/p>\n","protected":false},"excerpt":{"rendered":"<p>No vibrante e veloz universo da tecnologia, as previs\u00f5es s\u00e3o como estrelas-guia, algumas brilham intensamente e nos mostram o caminho, outras se apagam rapidamente. No entanto, quando um executivo da Microsoft \u2013 uma das empresas que est\u00e1 na vanguarda da revolu\u00e7\u00e3o da IA \u2013 faz uma proje\u00e7\u00e3o, o mundo para para ouvir. A fala \u00e9 [&hellip;]<\/p>\n","protected":false},"author":1,"featured_media":2896,"comment_status":"open","ping_status":"open","sticky":false,"template":"","format":"standard","meta":{"_yoast_wpseo_focuskw":"futuro da intelig\u00eancia artificial","_yoast_wpseo_metadesc":"Explore as previs\u00f5es de um executivo da Microsoft sobre o futuro da intelig\u00eancia artificial: 6 meses de disrup\u00e7\u00e3o, 6 anos para um novo normal, e o desafio de controlar IAs que tomam decis\u00f5es. Entenda as implica\u00e7\u00f5es para a sociedade e a economia.","footnotes":""},"categories":[2],"tags":[],"class_list":["post-2897","post","type-post","status-publish","format-standard","has-post-thumbnail","hentry","category-novidades"],"yoast_head":"<!-- This site is optimized with the Yoast SEO plugin v25.6 - https:\/\/yoast.com\/wordpress\/plugins\/seo\/ -->\n<title>O Horizonte da IA: Um Executivo da Microsoft Prev\u00ea o Que Realmente Nos Espera em 6 Anos - Lacerda AI<\/title>\n<meta name=\"description\" content=\"Explore as previs\u00f5es de um executivo da Microsoft sobre o futuro da intelig\u00eancia artificial: 6 meses de disrup\u00e7\u00e3o, 6 anos para um novo normal, e o desafio de controlar IAs que tomam decis\u00f5es. Entenda as implica\u00e7\u00f5es para a sociedade e a economia.\" \/>\n<meta name=\"robots\" content=\"index, follow, max-snippet:-1, max-image-preview:large, max-video-preview:-1\" \/>\n<link rel=\"canonical\" href=\"https:\/\/lacerdaai.com\/br\/o-horizonte-da-ia-um-executivo-da-microsoft-preve-o-que-realmente-nos-espera-em-6-anos\/\" \/>\n<meta property=\"og:locale\" content=\"pt_BR\" \/>\n<meta property=\"og:type\" content=\"article\" \/>\n<meta property=\"og:title\" content=\"O Horizonte da IA: Um Executivo da Microsoft Prev\u00ea o Que Realmente Nos Espera em 6 Anos - Lacerda AI\" \/>\n<meta property=\"og:description\" content=\"Explore as previs\u00f5es de um executivo da Microsoft sobre o futuro da intelig\u00eancia artificial: 6 meses de disrup\u00e7\u00e3o, 6 anos para um novo normal, e o desafio de controlar IAs que tomam decis\u00f5es. Entenda as implica\u00e7\u00f5es para a sociedade e a economia.\" \/>\n<meta property=\"og:url\" content=\"https:\/\/lacerdaai.com\/br\/o-horizonte-da-ia-um-executivo-da-microsoft-preve-o-que-realmente-nos-espera-em-6-anos\/\" \/>\n<meta property=\"og:site_name\" content=\"Lacerda AI\" \/>\n<meta property=\"article:published_time\" content=\"2025-12-22T23:43:13+00:00\" \/>\n<meta property=\"article:modified_time\" content=\"2025-12-22T23:43:20+00:00\" \/>\n<meta name=\"author\" content=\"Andr\u00e9 Lacerda\" \/>\n<meta name=\"twitter:card\" content=\"summary_large_image\" \/>\n<meta name=\"twitter:label1\" content=\"Escrito por\" \/>\n\t<meta name=\"twitter:data1\" content=\"Andr\u00e9 Lacerda\" \/>\n\t<meta name=\"twitter:label2\" content=\"Est. tempo de leitura\" \/>\n\t<meta name=\"twitter:data2\" content=\"10 minutos\" \/>\n<script type=\"application\/ld+json\" class=\"yoast-schema-graph\">{\"@context\":\"https:\/\/schema.org\",\"@graph\":[{\"@type\":\"WebPage\",\"@id\":\"https:\/\/lacerdaai.com\/br\/o-horizonte-da-ia-um-executivo-da-microsoft-preve-o-que-realmente-nos-espera-em-6-anos\/\",\"url\":\"https:\/\/lacerdaai.com\/br\/o-horizonte-da-ia-um-executivo-da-microsoft-preve-o-que-realmente-nos-espera-em-6-anos\/\",\"name\":\"O Horizonte da IA: Um Executivo da Microsoft Prev\u00ea o Que Realmente Nos Espera em 6 Anos - Lacerda AI\",\"isPartOf\":{\"@id\":\"https:\/\/lacerdaai.com\/br\/#website\"},\"primaryImageOfPage\":{\"@id\":\"https:\/\/lacerdaai.com\/br\/o-horizonte-da-ia-um-executivo-da-microsoft-preve-o-que-realmente-nos-espera-em-6-anos\/#primaryimage\"},\"image\":{\"@id\":\"https:\/\/lacerdaai.com\/br\/o-horizonte-da-ia-um-executivo-da-microsoft-preve-o-que-realmente-nos-espera-em-6-anos\/#primaryimage\"},\"thumbnailUrl\":\"https:\/\/lacerdaai.com\/br\/wp-content\/uploads\/2025\/12\/imagem-1.webp\",\"datePublished\":\"2025-12-22T23:43:13+00:00\",\"dateModified\":\"2025-12-22T23:43:20+00:00\",\"author\":{\"@id\":\"https:\/\/lacerdaai.com\/br\/#\/schema\/person\/8bad803c2e83a0c5c5c75e02a1c2248f\"},\"description\":\"Explore as previs\u00f5es de um executivo da Microsoft sobre o futuro da intelig\u00eancia artificial: 6 meses de disrup\u00e7\u00e3o, 6 anos para um novo normal, e o desafio de controlar IAs que tomam decis\u00f5es. Entenda as implica\u00e7\u00f5es para a sociedade e a economia.\",\"breadcrumb\":{\"@id\":\"https:\/\/lacerdaai.com\/br\/o-horizonte-da-ia-um-executivo-da-microsoft-preve-o-que-realmente-nos-espera-em-6-anos\/#breadcrumb\"},\"inLanguage\":\"pt-BR\",\"potentialAction\":[{\"@type\":\"ReadAction\",\"target\":[\"https:\/\/lacerdaai.com\/br\/o-horizonte-da-ia-um-executivo-da-microsoft-preve-o-que-realmente-nos-espera-em-6-anos\/\"]}]},{\"@type\":\"ImageObject\",\"inLanguage\":\"pt-BR\",\"@id\":\"https:\/\/lacerdaai.com\/br\/o-horizonte-da-ia-um-executivo-da-microsoft-preve-o-que-realmente-nos-espera-em-6-anos\/#primaryimage\",\"url\":\"https:\/\/lacerdaai.com\/br\/wp-content\/uploads\/2025\/12\/imagem-1.webp\",\"contentUrl\":\"https:\/\/lacerdaai.com\/br\/wp-content\/uploads\/2025\/12\/imagem-1.webp\",\"width\":1280,\"height\":720},{\"@type\":\"BreadcrumbList\",\"@id\":\"https:\/\/lacerdaai.com\/br\/o-horizonte-da-ia-um-executivo-da-microsoft-preve-o-que-realmente-nos-espera-em-6-anos\/#breadcrumb\",\"itemListElement\":[{\"@type\":\"ListItem\",\"position\":1,\"name\":\"In\u00edcio\",\"item\":\"https:\/\/lacerdaai.com\/br\/\"},{\"@type\":\"ListItem\",\"position\":2,\"name\":\"O Horizonte da IA: Um Executivo da Microsoft Prev\u00ea o Que Realmente Nos Espera em 6 Anos\"}]},{\"@type\":\"WebSite\",\"@id\":\"https:\/\/lacerdaai.com\/br\/#website\",\"url\":\"https:\/\/lacerdaai.com\/br\/\",\"name\":\"Lacerda AI\",\"description\":\"Seu blog di\u00e1rio de novidades do mundo da Inteligencia Artificial\",\"potentialAction\":[{\"@type\":\"SearchAction\",\"target\":{\"@type\":\"EntryPoint\",\"urlTemplate\":\"https:\/\/lacerdaai.com\/br\/?s={search_term_string}\"},\"query-input\":{\"@type\":\"PropertyValueSpecification\",\"valueRequired\":true,\"valueName\":\"search_term_string\"}}],\"inLanguage\":\"pt-BR\"},{\"@type\":\"Person\",\"@id\":\"https:\/\/lacerdaai.com\/br\/#\/schema\/person\/8bad803c2e83a0c5c5c75e02a1c2248f\",\"name\":\"Andr\u00e9 Lacerda\",\"image\":{\"@type\":\"ImageObject\",\"inLanguage\":\"pt-BR\",\"@id\":\"https:\/\/lacerdaai.com\/br\/#\/schema\/person\/image\/\",\"url\":\"https:\/\/secure.gravatar.com\/avatar\/f5c1fa5ad9763f54c1f223c3fc91f131da6288c9f9e28d74bb3c355ad99af205?s=96&d=mm&r=g\",\"contentUrl\":\"https:\/\/secure.gravatar.com\/avatar\/f5c1fa5ad9763f54c1f223c3fc91f131da6288c9f9e28d74bb3c355ad99af205?s=96&d=mm&r=g\",\"caption\":\"Andr\u00e9 Lacerda\"},\"description\":\"Sou o Andr\u00e9 Lacerda, tenho 35 anos e sou apaixonado por tecnologia, intelig\u00eancia artificial e boas hist\u00f3rias. Me formei em Tecnologia e Jornalismo \u2014 sim, uma mistura meio improv\u00e1vel, mas que combina muito comigo. J\u00e1 morei no Canad\u00e1 e na Espanha, e essas experi\u00eancias me ajudaram a enxergar a inova\u00e7\u00e3o com um olhar mais global (e a me virar bem em tr\u00eas idiomas \ud83d\ude04). Trabalhei em algumas das maiores empresas de tecnologia do mercado e, hoje, atuo como consultor ajudando neg\u00f3cios a entenderem e aplicarem IA de forma pr\u00e1tica, estrat\u00e9gica e humana. Gosto de traduzir o complexo em algo simples \u2014 e \u00e9 isso que voc\u00ea vai encontrar por aqui.\",\"sameAs\":[\"http:\/\/lacerdaai.com\/br\"],\"url\":\"https:\/\/lacerdaai.com\/br\/author\/red-admin\/\"}]}<\/script>\n<!-- \/ Yoast SEO plugin. -->","yoast_head_json":{"title":"O Horizonte da IA: Um Executivo da Microsoft Prev\u00ea o Que Realmente Nos Espera em 6 Anos - Lacerda AI","description":"Explore as previs\u00f5es de um executivo da Microsoft sobre o futuro da intelig\u00eancia artificial: 6 meses de disrup\u00e7\u00e3o, 6 anos para um novo normal, e o desafio de controlar IAs que tomam decis\u00f5es. Entenda as implica\u00e7\u00f5es para a sociedade e a economia.","robots":{"index":"index","follow":"follow","max-snippet":"max-snippet:-1","max-image-preview":"max-image-preview:large","max-video-preview":"max-video-preview:-1"},"canonical":"https:\/\/lacerdaai.com\/br\/o-horizonte-da-ia-um-executivo-da-microsoft-preve-o-que-realmente-nos-espera-em-6-anos\/","og_locale":"pt_BR","og_type":"article","og_title":"O Horizonte da IA: Um Executivo da Microsoft Prev\u00ea o Que Realmente Nos Espera em 6 Anos - Lacerda AI","og_description":"Explore as previs\u00f5es de um executivo da Microsoft sobre o futuro da intelig\u00eancia artificial: 6 meses de disrup\u00e7\u00e3o, 6 anos para um novo normal, e o desafio de controlar IAs que tomam decis\u00f5es. Entenda as implica\u00e7\u00f5es para a sociedade e a economia.","og_url":"https:\/\/lacerdaai.com\/br\/o-horizonte-da-ia-um-executivo-da-microsoft-preve-o-que-realmente-nos-espera-em-6-anos\/","og_site_name":"Lacerda AI","article_published_time":"2025-12-22T23:43:13+00:00","article_modified_time":"2025-12-22T23:43:20+00:00","author":"Andr\u00e9 Lacerda","twitter_card":"summary_large_image","twitter_misc":{"Escrito por":"Andr\u00e9 Lacerda","Est. tempo de leitura":"10 minutos"},"schema":{"@context":"https:\/\/schema.org","@graph":[{"@type":"WebPage","@id":"https:\/\/lacerdaai.com\/br\/o-horizonte-da-ia-um-executivo-da-microsoft-preve-o-que-realmente-nos-espera-em-6-anos\/","url":"https:\/\/lacerdaai.com\/br\/o-horizonte-da-ia-um-executivo-da-microsoft-preve-o-que-realmente-nos-espera-em-6-anos\/","name":"O Horizonte da IA: Um Executivo da Microsoft Prev\u00ea o Que Realmente Nos Espera em 6 Anos - Lacerda AI","isPartOf":{"@id":"https:\/\/lacerdaai.com\/br\/#website"},"primaryImageOfPage":{"@id":"https:\/\/lacerdaai.com\/br\/o-horizonte-da-ia-um-executivo-da-microsoft-preve-o-que-realmente-nos-espera-em-6-anos\/#primaryimage"},"image":{"@id":"https:\/\/lacerdaai.com\/br\/o-horizonte-da-ia-um-executivo-da-microsoft-preve-o-que-realmente-nos-espera-em-6-anos\/#primaryimage"},"thumbnailUrl":"https:\/\/lacerdaai.com\/br\/wp-content\/uploads\/2025\/12\/imagem-1.webp","datePublished":"2025-12-22T23:43:13+00:00","dateModified":"2025-12-22T23:43:20+00:00","author":{"@id":"https:\/\/lacerdaai.com\/br\/#\/schema\/person\/8bad803c2e83a0c5c5c75e02a1c2248f"},"description":"Explore as previs\u00f5es de um executivo da Microsoft sobre o futuro da intelig\u00eancia artificial: 6 meses de disrup\u00e7\u00e3o, 6 anos para um novo normal, e o desafio de controlar IAs que tomam decis\u00f5es. Entenda as implica\u00e7\u00f5es para a sociedade e a economia.","breadcrumb":{"@id":"https:\/\/lacerdaai.com\/br\/o-horizonte-da-ia-um-executivo-da-microsoft-preve-o-que-realmente-nos-espera-em-6-anos\/#breadcrumb"},"inLanguage":"pt-BR","potentialAction":[{"@type":"ReadAction","target":["https:\/\/lacerdaai.com\/br\/o-horizonte-da-ia-um-executivo-da-microsoft-preve-o-que-realmente-nos-espera-em-6-anos\/"]}]},{"@type":"ImageObject","inLanguage":"pt-BR","@id":"https:\/\/lacerdaai.com\/br\/o-horizonte-da-ia-um-executivo-da-microsoft-preve-o-que-realmente-nos-espera-em-6-anos\/#primaryimage","url":"https:\/\/lacerdaai.com\/br\/wp-content\/uploads\/2025\/12\/imagem-1.webp","contentUrl":"https:\/\/lacerdaai.com\/br\/wp-content\/uploads\/2025\/12\/imagem-1.webp","width":1280,"height":720},{"@type":"BreadcrumbList","@id":"https:\/\/lacerdaai.com\/br\/o-horizonte-da-ia-um-executivo-da-microsoft-preve-o-que-realmente-nos-espera-em-6-anos\/#breadcrumb","itemListElement":[{"@type":"ListItem","position":1,"name":"In\u00edcio","item":"https:\/\/lacerdaai.com\/br\/"},{"@type":"ListItem","position":2,"name":"O Horizonte da IA: Um Executivo da Microsoft Prev\u00ea o Que Realmente Nos Espera em 6 Anos"}]},{"@type":"WebSite","@id":"https:\/\/lacerdaai.com\/br\/#website","url":"https:\/\/lacerdaai.com\/br\/","name":"Lacerda AI","description":"Seu blog di\u00e1rio de novidades do mundo da Inteligencia Artificial","potentialAction":[{"@type":"SearchAction","target":{"@type":"EntryPoint","urlTemplate":"https:\/\/lacerdaai.com\/br\/?s={search_term_string}"},"query-input":{"@type":"PropertyValueSpecification","valueRequired":true,"valueName":"search_term_string"}}],"inLanguage":"pt-BR"},{"@type":"Person","@id":"https:\/\/lacerdaai.com\/br\/#\/schema\/person\/8bad803c2e83a0c5c5c75e02a1c2248f","name":"Andr\u00e9 Lacerda","image":{"@type":"ImageObject","inLanguage":"pt-BR","@id":"https:\/\/lacerdaai.com\/br\/#\/schema\/person\/image\/","url":"https:\/\/secure.gravatar.com\/avatar\/f5c1fa5ad9763f54c1f223c3fc91f131da6288c9f9e28d74bb3c355ad99af205?s=96&d=mm&r=g","contentUrl":"https:\/\/secure.gravatar.com\/avatar\/f5c1fa5ad9763f54c1f223c3fc91f131da6288c9f9e28d74bb3c355ad99af205?s=96&d=mm&r=g","caption":"Andr\u00e9 Lacerda"},"description":"Sou o Andr\u00e9 Lacerda, tenho 35 anos e sou apaixonado por tecnologia, intelig\u00eancia artificial e boas hist\u00f3rias. Me formei em Tecnologia e Jornalismo \u2014 sim, uma mistura meio improv\u00e1vel, mas que combina muito comigo. J\u00e1 morei no Canad\u00e1 e na Espanha, e essas experi\u00eancias me ajudaram a enxergar a inova\u00e7\u00e3o com um olhar mais global (e a me virar bem em tr\u00eas idiomas \ud83d\ude04). Trabalhei em algumas das maiores empresas de tecnologia do mercado e, hoje, atuo como consultor ajudando neg\u00f3cios a entenderem e aplicarem IA de forma pr\u00e1tica, estrat\u00e9gica e humana. Gosto de traduzir o complexo em algo simples \u2014 e \u00e9 isso que voc\u00ea vai encontrar por aqui.","sameAs":["http:\/\/lacerdaai.com\/br"],"url":"https:\/\/lacerdaai.com\/br\/author\/red-admin\/"}]}},"_links":{"self":[{"href":"https:\/\/lacerdaai.com\/br\/wp-json\/wp\/v2\/posts\/2897","targetHints":{"allow":["GET"]}}],"collection":[{"href":"https:\/\/lacerdaai.com\/br\/wp-json\/wp\/v2\/posts"}],"about":[{"href":"https:\/\/lacerdaai.com\/br\/wp-json\/wp\/v2\/types\/post"}],"author":[{"embeddable":true,"href":"https:\/\/lacerdaai.com\/br\/wp-json\/wp\/v2\/users\/1"}],"replies":[{"embeddable":true,"href":"https:\/\/lacerdaai.com\/br\/wp-json\/wp\/v2\/comments?post=2897"}],"version-history":[{"count":1,"href":"https:\/\/lacerdaai.com\/br\/wp-json\/wp\/v2\/posts\/2897\/revisions"}],"predecessor-version":[{"id":2898,"href":"https:\/\/lacerdaai.com\/br\/wp-json\/wp\/v2\/posts\/2897\/revisions\/2898"}],"wp:featuredmedia":[{"embeddable":true,"href":"https:\/\/lacerdaai.com\/br\/wp-json\/wp\/v2\/media\/2896"}],"wp:attachment":[{"href":"https:\/\/lacerdaai.com\/br\/wp-json\/wp\/v2\/media?parent=2897"}],"wp:term":[{"taxonomy":"category","embeddable":true,"href":"https:\/\/lacerdaai.com\/br\/wp-json\/wp\/v2\/categories?post=2897"},{"taxonomy":"post_tag","embeddable":true,"href":"https:\/\/lacerdaai.com\/br\/wp-json\/wp\/v2\/tags?post=2897"}],"curies":[{"name":"wp","href":"https:\/\/api.w.org\/{rel}","templated":true}]}}