{"id":2930,"date":"2025-12-24T20:42:37","date_gmt":"2025-12-24T23:42:37","guid":{"rendered":"https:\/\/lacerdaai.com\/br\/2026-a-ia-e-o-ano-pivo-para-o-poder-global-onde-a-tecnologia-encontra-a-geopolitica\/"},"modified":"2025-12-24T20:42:38","modified_gmt":"2025-12-24T23:42:38","slug":"2026-a-ia-e-o-ano-pivo-para-o-poder-global-onde-a-tecnologia-encontra-a-geopolitica","status":"publish","type":"post","link":"https:\/\/lacerdaai.com\/br\/2026-a-ia-e-o-ano-pivo-para-o-poder-global-onde-a-tecnologia-encontra-a-geopolitica\/","title":{"rendered":"2026: A IA e o Ano Piv\u00f4 para o Poder Global \u2013 Onde a Tecnologia Encontra a Geopol\u00edtica"},"content":{"rendered":"<p>No turbilh\u00e3o constante da pol\u00edtica e da tecnologia, h\u00e1 momentos que parecem dilatar o tempo. Lembramos daquele per\u00edodo, h\u00e1 pouco mais de um ano, quando o ent\u00e3o presidente Joe Biden conduzia negocia\u00e7\u00f5es delicadas em Doha, no Qatar, buscando um cessar-fogo e a liberta\u00e7\u00e3o de ref\u00e9ns. A coopera\u00e7\u00e3o bipartid\u00e1ria com a equipe do ent\u00e3o futuro presidente Trump, um raro lampejo de uni\u00e3o em prol da paz, parece hoje algo distante, quase de uma d\u00e9cada atr\u00e1s. A verdade \u00e9 que muito pode acontecer em um ano, como 2025 nos mostrou de forma inequ\u00edvoca.<\/p>\n<p>E \u00e0 medida que avan\u00e7amos, a sensa\u00e7\u00e3o de que estamos \u00e0 beira de uma transforma\u00e7\u00e3o ainda maior se intensifica. 2026 surge no horizonte n\u00e3o apenas como mais um ano no calend\u00e1rio, mas como um aut\u00eantico ano piv\u00f4 para as din\u00e2micas de poder global. No centro dessa reconfigura\u00e7\u00e3o, reside uma for\u00e7a incontest\u00e1vel e em r\u00e1pida evolu\u00e7\u00e3o: a **Intelig\u00eancia Artificial**. Longe de ser apenas uma ferramenta tecnol\u00f3gica, a IA est\u00e1 se consolidando como um motor prim\u00e1rio de mudan\u00e7as geopol\u00edticas, econ\u00f4micas e sociais, moldando o destino das na\u00e7\u00f5es e redefinindo a pr\u00f3pria natureza do poder. Acompanhe-nos nesta profunda an\u00e1lise sobre como a ascens\u00e3o da IA e os intrincados desafios globais convergir\u00e3o para fazer de 2026 um marco indel\u00e9vel na hist\u00f3ria.<\/p>\n<h3><strong>Intelig\u00eancia Artificial<\/strong>: O Catalisador da Transforma\u00e7\u00e3o Geopol\u00edtica<\/h3>\n<p>A **Intelig\u00eancia Artificial** (IA) deixou de ser um conceito de fic\u00e7\u00e3o cient\u00edfica para se tornar uma realidade onipresente, redefinindo as bases da nossa sociedade e, de forma cada vez mais evidente, as pr\u00f3prias estruturas de poder global. Em 2026, espera-se que essa tecnologia avance a passos largos, consolidando seu papel como o principal catalisador de transforma\u00e7\u00f5es geopol\u00edticas. A capacidade de processar e analisar vastas quantidades de dados, otimizar sistemas complexos e, mais recentemente, gerar conte\u00fado e tomar decis\u00f5es aut\u00f4nomas, est\u00e1 conferindo vantagens sem precedentes a quem domina seu desenvolvimento e aplica\u00e7\u00e3o.<\/p>\n<p>Do ponto de vista econ\u00f4mico, a IA \u00e9 a nova corrida do ouro. Pa\u00edses que investem pesadamente em pesquisa e desenvolvimento, forma\u00e7\u00e3o de talentos e infraestrutura para IA est\u00e3o posicionados para liderar a pr\u00f3xima onda de crescimento global. A automa\u00e7\u00e3o impulsionada por algoritmos avan\u00e7ados promete otimizar cadeias de suprimentos, revolucionar setores como sa\u00fade e energia, e criar novos mercados bilion\u00e1rios. No entanto, essa promessa de prosperidade vem acompanhada de desafios significativos, como o impacto no mercado de trabalho e a crescente disparidade entre na\u00e7\u00f5es com e sem acesso a essas tecnologias. A concentra\u00e7\u00e3o de poder econ\u00f4mico nas m\u00e3os de poucas pot\u00eancias ou corpora\u00e7\u00f5es pode exacerbar tens\u00f5es e redefinir alian\u00e7as comerciais.<\/p>\n<p>No dom\u00ednio militar, a IA \u00e9 um divisor de \u00e1guas. Sistemas aut\u00f4nomos de armas, ciberseguran\u00e7a e ciberataques impulsionados por IA, e a capacidade de an\u00e1lise de intelig\u00eancia em tempo real, est\u00e3o reformulando as doutrinas de defesa e ofensiva. A supremacia militar de amanh\u00e3 ser\u00e1 determinada n\u00e3o apenas pelo n\u00famero de tanques ou ca\u00e7as, mas pela superioridade em algoritmos e dados. O risco de uma corrida armamentista de IA \u00e9 real e iminente, levantando quest\u00f5es \u00e9ticas profundas sobre o controle humano em decis\u00f5es letais e a estabilidade da dissuas\u00e3o estrat\u00e9gica. A China e os Estados Unidos, por exemplo, est\u00e3o engajados em uma competi\u00e7\u00e3o acirrada para liderar esse campo, com implica\u00e7\u00f5es para a seguran\u00e7a global que reverberar\u00e3o em 2026 e al\u00e9m.<\/p>\n<p>Al\u00e9m disso, a **Intelig\u00eancia Artificial** \u00e9 uma ferramenta poderosa na guerra de informa\u00e7\u00e3o. Algoritmos podem ser usados para gerar e disseminar desinforma\u00e7\u00e3o em massa, manipular opini\u00f5es p\u00fablicas e influenciar elei\u00e7\u00f5es em outros pa\u00edses. A integridade democr\u00e1tica e a coes\u00e3o social de muitas na\u00e7\u00f5es estar\u00e3o sob press\u00e3o crescente, exigindo novas abordagens para a detec\u00e7\u00e3o e combate a essas amea\u00e7as. A capacidade de uma na\u00e7\u00e3o de defender-se contra campanhas de influ\u00eancia estrangeira impulsionadas por IA ser\u00e1 t\u00e3o crucial quanto suas capacidades militares tradicionais.<\/p>\n<h3>O Tabuleiro Global em Xeque: De Conflitos Regionais a Crises de Recursos<\/h3>\n<p>Enquanto a **Intelig\u00eancia Artificial** avan\u00e7a como uma for\u00e7a transformadora, o tabuleiro geopol\u00edtico global continua a ser um campo minado de tens\u00f5es e potenciais conflitos. Em 2026, v\u00e1rios pontos de atrito regionais e a competi\u00e7\u00e3o por recursos estrat\u00e9gicos se entrela\u00e7ar\u00e3o, desafiando a estabilidade internacional e testando a capacidade de governan\u00e7a global. A IA n\u00e3o atua em um v\u00e1cuo; ela interage e amplifica as din\u00e2micas existentes, criando novas camadas de complexidade.<\/p>\n<p>Um exemplo proeminente dessa intrincada teia \u00e9 a situa\u00e7\u00e3o em regi\u00f5es ricas em recursos, como a Venezuela. O pa\u00eds, detentor das maiores reservas comprovadas de petr\u00f3leo do mundo, h\u00e1 anos enfrenta uma profunda crise pol\u00edtica e econ\u00f4mica, que tem gerado instabilidade regional e atra\u00eddo a aten\u00e7\u00e3o de pot\u00eancias globais. Enquanto a IA n\u00e3o \u00e9 a causa direta dos problemas venezuelanos, ela pode influenciar significativamente o cen\u00e1rio. Por um lado, pot\u00eancias como a China e a R\u00fassia podem utilizar tecnologias de vigil\u00e2ncia e an\u00e1lise de dados baseadas em IA para apoiar regimes aliados, monitorar dissidentes e gerenciar opera\u00e7\u00f5es de extra\u00e7\u00e3o de recursos, consolidando sua influ\u00eancia. Por outro lado, a competi\u00e7\u00e3o por recursos energ\u00e9ticos e minerais cr\u00edticos, essenciais para a fabrica\u00e7\u00e3o de tecnologias de IA (como l\u00edtio para baterias ou terras raras para componentes eletr\u00f4nicos), pode intensificar a disputa por controle em pa\u00edses como a Venezuela, transformando-os em palcos para uma nova forma de \u201cguerra fria\u201d tecnol\u00f3gica e de recursos.<\/p>\n<p>A transi\u00e7\u00e3o energ\u00e9tica global, impulsionada em parte pela busca por sustentabilidade e pelas inova\u00e7\u00f5es em IA para otimizar redes el\u00e9tricas e desenvolver novas fontes de energia, tamb\u00e9m gera novos focos de tens\u00e3o. A demanda por minerais cr\u00edticos, como cobalto, n\u00edquel e terras raras \u2013 essenciais para baterias de ve\u00edculos el\u00e9tricos e dispositivos de alta tecnologia \u2013 est\u00e1 remodelando as prioridades geopol\u00edticas. Pa\u00edses com abund\u00e2ncia desses recursos veem sua import\u00e2ncia estrat\u00e9gica crescer, tornando-se alvos de investimentos maci\u00e7os, mas tamb\u00e9m de potenciais interfer\u00eancias externas e conflitos por controle. A log\u00edstica e a intelig\u00eancia de cadeias de suprimentos globais, potencializadas por IA, se tornam cruciais para a seguran\u00e7a econ\u00f4mica das na\u00e7\u00f5es desenvolvidas, e qualquer interrup\u00e7\u00e3o pode ter efeitos em cascata.<\/p>\n<p>Al\u00e9m disso, a prolifera\u00e7\u00e3o de armas aut\u00f4nomas, a capacidade de ataques cibern\u00e9ticos sofisticados e a manipula\u00e7\u00e3o de informa\u00e7\u00f5es impulsionadas por IA representam amea\u00e7as assim\u00e9tricas que podem desestabilizar at\u00e9 mesmo regi\u00f5es consideradas est\u00e1veis. Conflitos que antes eram restritos a fronteiras f\u00edsicas agora podem ter dimens\u00f5es cibern\u00e9ticas e cognitivas, onde a verdade \u00e9 male\u00e1vel e a confian\u00e7a \u00e9 erodida. Em 2026, a capacidade de uma na\u00e7\u00e3o de se proteger e de projetar poder depender\u00e1 cada vez mais de sua resili\u00eancia digital e de sua mestria em ferramentas de IA, elevando a aposta em cada disputa geopol\u00edtica.<\/p>\n<h3>A Urg\u00eancia da Governan\u00e7a e a Busca por Equil\u00edbrio Global em 2026<\/h3>\n<p>Diante da magnitude das transforma\u00e7\u00f5es impulsionadas pela **Intelig\u00eancia Artificial** e da complexidade do cen\u00e1rio geopol\u00edtico, 2026 se apresenta como um ano de urg\u00eancia cr\u00edtica para a governan\u00e7a e a busca por um novo equil\u00edbrio global. A velocidade com que a IA avan\u00e7a excede, em muitos casos, a capacidade de legisladores e organiza\u00e7\u00f5es internacionais de estabelecerem normas, regulamenta\u00e7\u00f5es e estruturas de coopera\u00e7\u00e3o eficazes. A lacuna entre a inova\u00e7\u00e3o tecnol\u00f3gica e a governan\u00e7a \u00e9 um desafio que n\u00e3o podemos nos dar ao luxo de ignorar.<\/p>\n<p>Um dos maiores dilemas \u00e9 a tens\u00e3o entre a soberania nacional e a natureza intrinsecamente global da **Intelig\u00eancia Artificial**. Dados fluem atrav\u00e9s de fronteiras, algoritmos desenvolvidos em um pa\u00eds podem ser implementados em outro, e as implica\u00e7\u00f5es \u00e9ticas e de seguran\u00e7a de uma tecnologia podem ser sentidas em escala mundial. Como podemos harmonizar diferentes abordagens regulat\u00f3rias \u2013 desde as mais restritivas, focadas na privacidade e seguran\u00e7a, at\u00e9 as mais permissivas, que priorizam a inova\u00e7\u00e3o \u2013 para evitar uma \u201cbalkaniza\u00e7\u00e3o\u201d digital que impe\u00e7a o progresso, mas tamb\u00e9m para prevenir usos maliciosos ou descontrolados da IA?<\/p>\n<p>A cria\u00e7\u00e3o de institui\u00e7\u00f5es e acordos internacionais para a governan\u00e7a da IA \u00e9 fundamental. Iniciativas como as discuss\u00f5es na ONU sobre o uso respons\u00e1vel da IA em armamentos ou os esfor\u00e7os para estabelecer diretrizes \u00e9ticas em plataformas globais, como a UNESCO, s\u00e3o passos importantes. No entanto, o progresso \u00e9 lento e muitas vezes superado pelos avan\u00e7os tecnol\u00f3gicos e pelas prioridades nacionais concorrentes. Em 2026, ser\u00e1 crucial que as grandes pot\u00eancias, juntamente com a sociedade civil e os l\u00edderes tecnol\u00f3gicos, demonstrem um compromisso genu\u00edno em forjar um consenso sobre quest\u00f5es como a seguran\u00e7a da IA, a transpar\u00eancia algor\u00edtmica e a prote\u00e7\u00e3o de dados.<\/p>\n<p>Al\u00e9m disso, a busca por equil\u00edbrio global exige uma abordagem inclusiva. A **Intelig\u00eancia Artificial** tem o potencial de exacerbar as desigualdades existentes, criando um \u201cfosso digital\u201d ainda mais profundo entre o Norte e o Sul global. \u00c9 vital que haja esfor\u00e7os para garantir que os benef\u00edcios da IA sejam compartilhados de forma mais equitativa, promovendo o acesso a tecnologias, capacita\u00e7\u00e3o e infraestrutura em pa\u00edses em desenvolvimento. Isso n\u00e3o \u00e9 apenas uma quest\u00e3o de justi\u00e7a social, mas tamb\u00e9m de estabilidade global, pois a marginaliza\u00e7\u00e3o digital pode alimentar ressentimentos e instabilidade.<\/p>\n<p>A responsabilidade recai n\u00e3o apenas sobre governos, mas tamb\u00e9m sobre as gigantes da tecnologia, que possuem um poder e uma influ\u00eancia sem precedentes no desenvolvimento e implementa\u00e7\u00e3o da IA. A press\u00e3o por uma conduta \u00e9tica, por sistemas mais transparentes e respons\u00e1veis, e por um di\u00e1logo cont\u00ednuo com a sociedade \u00e9 mais relevante do que nunca. O ano de 2026, portanto, n\u00e3o ser\u00e1 apenas um teste para a capacidade de inova\u00e7\u00e3o da humanidade, mas um referendo sobre sua sabedoria coletiva e sua disposi\u00e7\u00e3o de cooperar para moldar um futuro onde a **Intelig\u00eancia Artificial** sirva \u00e0 humanidade, e n\u00e3o o contr\u00e1rio.<\/p>\n<p>2026 se aproxima n\u00e3o apenas como um ponto no tempo, mas como um n\u00f3 de encruzilhadas interligadas. A ascens\u00e3o impar\u00e1vel da **Intelig\u00eancia Artificial** promete reescrever as regras do jogo em todos os n\u00edveis, do econ\u00f4mico ao militar, do social ao pol\u00edtico. As tens\u00f5es geopol\u00edticas, as crises de recursos e a eterna busca por hegemonia se misturam com o potencial transformador da IA, criando um cen\u00e1rio de oportunidades e riscos sem precedentes.<\/p>\n<p>A capacidade de navegar por esse futuro complexo depender\u00e1 de nossa intelig\u00eancia coletiva, de nossa vontade de cooperar e de nossa habilidade em governar as ferramentas que criamos. 2026 nos convida a uma reflex\u00e3o profunda sobre o tipo de mundo que desejamos construir, onde a inova\u00e7\u00e3o da **Intelig\u00eancia Artificial** deve ser acompanhada por um compromisso inabal\u00e1vel com a \u00e9tica, a equidade e a paz global. As decis\u00f5es tomadas neste ano piv\u00f4, ou a falta delas, reverberar\u00e3o por d\u00e9cadas, moldando o destino das futuras gera\u00e7\u00f5es e definindo se a IA ser\u00e1 uma for\u00e7a para a uni\u00e3o ou para a divis\u00e3o.<\/p>\n","protected":false},"excerpt":{"rendered":"<p>No turbilh\u00e3o constante da pol\u00edtica e da tecnologia, h\u00e1 momentos que parecem dilatar o tempo. Lembramos daquele per\u00edodo, h\u00e1 pouco mais de um ano, quando o ent\u00e3o presidente Joe Biden conduzia negocia\u00e7\u00f5es delicadas em Doha, no Qatar, buscando um cessar-fogo e a liberta\u00e7\u00e3o de ref\u00e9ns. A coopera\u00e7\u00e3o bipartid\u00e1ria com a equipe do ent\u00e3o futuro presidente [&hellip;]<\/p>\n","protected":false},"author":1,"featured_media":2929,"comment_status":"open","ping_status":"open","sticky":false,"template":"","format":"standard","meta":{"_yoast_wpseo_focuskw":"Intelig\u00eancia Artificial","_yoast_wpseo_metadesc":"Explore como 2026 se configura como um ano crucial para o poder global, impulsionado pela ascend\u00eancia da intelig\u00eancia artificial e por complexas din\u00e2micas geopol\u00edticas. Descubra os impactos econ\u00f4micos, militares e sociais da IA e os desafios na governan\u00e7a global.","footnotes":""},"categories":[2],"tags":[],"class_list":["post-2930","post","type-post","status-publish","format-standard","has-post-thumbnail","hentry","category-novidades"],"yoast_head":"<!-- This site is optimized with the Yoast SEO plugin v25.6 - https:\/\/yoast.com\/wordpress\/plugins\/seo\/ -->\n<title>2026: A IA e o Ano Piv\u00f4 para o Poder Global \u2013 Onde a Tecnologia Encontra a Geopol\u00edtica - Lacerda AI<\/title>\n<meta name=\"description\" content=\"Explore como 2026 se configura como um ano crucial para o poder global, impulsionado pela ascend\u00eancia da intelig\u00eancia artificial e por complexas din\u00e2micas geopol\u00edticas. Descubra os impactos econ\u00f4micos, militares e sociais da IA e os desafios na governan\u00e7a global.\" \/>\n<meta name=\"robots\" content=\"index, follow, max-snippet:-1, max-image-preview:large, max-video-preview:-1\" \/>\n<link rel=\"canonical\" href=\"https:\/\/lacerdaai.com\/br\/2026-a-ia-e-o-ano-pivo-para-o-poder-global-onde-a-tecnologia-encontra-a-geopolitica\/\" \/>\n<meta property=\"og:locale\" content=\"pt_BR\" \/>\n<meta property=\"og:type\" content=\"article\" \/>\n<meta property=\"og:title\" content=\"2026: A IA e o Ano Piv\u00f4 para o Poder Global \u2013 Onde a Tecnologia Encontra a Geopol\u00edtica - Lacerda AI\" \/>\n<meta property=\"og:description\" content=\"Explore como 2026 se configura como um ano crucial para o poder global, impulsionado pela ascend\u00eancia da intelig\u00eancia artificial e por complexas din\u00e2micas geopol\u00edticas. Descubra os impactos econ\u00f4micos, militares e sociais da IA e os desafios na governan\u00e7a global.\" \/>\n<meta property=\"og:url\" content=\"https:\/\/lacerdaai.com\/br\/2026-a-ia-e-o-ano-pivo-para-o-poder-global-onde-a-tecnologia-encontra-a-geopolitica\/\" \/>\n<meta property=\"og:site_name\" content=\"Lacerda AI\" \/>\n<meta property=\"article:published_time\" content=\"2025-12-24T23:42:37+00:00\" \/>\n<meta property=\"article:modified_time\" content=\"2025-12-24T23:42:38+00:00\" \/>\n<meta name=\"author\" content=\"Andr\u00e9 Lacerda\" \/>\n<meta name=\"twitter:card\" content=\"summary_large_image\" \/>\n<meta name=\"twitter:label1\" content=\"Escrito por\" \/>\n\t<meta name=\"twitter:data1\" content=\"Andr\u00e9 Lacerda\" \/>\n\t<meta name=\"twitter:label2\" content=\"Est. tempo de leitura\" \/>\n\t<meta name=\"twitter:data2\" content=\"10 minutos\" \/>\n<script type=\"application\/ld+json\" class=\"yoast-schema-graph\">{\"@context\":\"https:\/\/schema.org\",\"@graph\":[{\"@type\":\"WebPage\",\"@id\":\"https:\/\/lacerdaai.com\/br\/2026-a-ia-e-o-ano-pivo-para-o-poder-global-onde-a-tecnologia-encontra-a-geopolitica\/\",\"url\":\"https:\/\/lacerdaai.com\/br\/2026-a-ia-e-o-ano-pivo-para-o-poder-global-onde-a-tecnologia-encontra-a-geopolitica\/\",\"name\":\"2026: A IA e o Ano Piv\u00f4 para o Poder Global \u2013 Onde a Tecnologia Encontra a Geopol\u00edtica - Lacerda AI\",\"isPartOf\":{\"@id\":\"https:\/\/lacerdaai.com\/br\/#website\"},\"primaryImageOfPage\":{\"@id\":\"https:\/\/lacerdaai.com\/br\/2026-a-ia-e-o-ano-pivo-para-o-poder-global-onde-a-tecnologia-encontra-a-geopolitica\/#primaryimage\"},\"image\":{\"@id\":\"https:\/\/lacerdaai.com\/br\/2026-a-ia-e-o-ano-pivo-para-o-poder-global-onde-a-tecnologia-encontra-a-geopolitica\/#primaryimage\"},\"thumbnailUrl\":\"https:\/\/lacerdaai.com\/br\/wp-content\/uploads\/2025\/12\/imagem-102.jpg\",\"datePublished\":\"2025-12-24T23:42:37+00:00\",\"dateModified\":\"2025-12-24T23:42:38+00:00\",\"author\":{\"@id\":\"https:\/\/lacerdaai.com\/br\/#\/schema\/person\/8bad803c2e83a0c5c5c75e02a1c2248f\"},\"description\":\"Explore como 2026 se configura como um ano crucial para o poder global, impulsionado pela ascend\u00eancia da intelig\u00eancia artificial e por complexas din\u00e2micas geopol\u00edticas. Descubra os impactos econ\u00f4micos, militares e sociais da IA e os desafios na governan\u00e7a global.\",\"breadcrumb\":{\"@id\":\"https:\/\/lacerdaai.com\/br\/2026-a-ia-e-o-ano-pivo-para-o-poder-global-onde-a-tecnologia-encontra-a-geopolitica\/#breadcrumb\"},\"inLanguage\":\"pt-BR\",\"potentialAction\":[{\"@type\":\"ReadAction\",\"target\":[\"https:\/\/lacerdaai.com\/br\/2026-a-ia-e-o-ano-pivo-para-o-poder-global-onde-a-tecnologia-encontra-a-geopolitica\/\"]}]},{\"@type\":\"ImageObject\",\"inLanguage\":\"pt-BR\",\"@id\":\"https:\/\/lacerdaai.com\/br\/2026-a-ia-e-o-ano-pivo-para-o-poder-global-onde-a-tecnologia-encontra-a-geopolitica\/#primaryimage\",\"url\":\"https:\/\/lacerdaai.com\/br\/wp-content\/uploads\/2025\/12\/imagem-102.jpg\",\"contentUrl\":\"https:\/\/lacerdaai.com\/br\/wp-content\/uploads\/2025\/12\/imagem-102.jpg\",\"width\":800,\"height\":450},{\"@type\":\"BreadcrumbList\",\"@id\":\"https:\/\/lacerdaai.com\/br\/2026-a-ia-e-o-ano-pivo-para-o-poder-global-onde-a-tecnologia-encontra-a-geopolitica\/#breadcrumb\",\"itemListElement\":[{\"@type\":\"ListItem\",\"position\":1,\"name\":\"In\u00edcio\",\"item\":\"https:\/\/lacerdaai.com\/br\/\"},{\"@type\":\"ListItem\",\"position\":2,\"name\":\"2026: A IA e o Ano Piv\u00f4 para o Poder Global \u2013 Onde a Tecnologia Encontra a Geopol\u00edtica\"}]},{\"@type\":\"WebSite\",\"@id\":\"https:\/\/lacerdaai.com\/br\/#website\",\"url\":\"https:\/\/lacerdaai.com\/br\/\",\"name\":\"Lacerda AI\",\"description\":\"Seu blog di\u00e1rio de novidades do mundo da Inteligencia Artificial\",\"potentialAction\":[{\"@type\":\"SearchAction\",\"target\":{\"@type\":\"EntryPoint\",\"urlTemplate\":\"https:\/\/lacerdaai.com\/br\/?s={search_term_string}\"},\"query-input\":{\"@type\":\"PropertyValueSpecification\",\"valueRequired\":true,\"valueName\":\"search_term_string\"}}],\"inLanguage\":\"pt-BR\"},{\"@type\":\"Person\",\"@id\":\"https:\/\/lacerdaai.com\/br\/#\/schema\/person\/8bad803c2e83a0c5c5c75e02a1c2248f\",\"name\":\"Andr\u00e9 Lacerda\",\"image\":{\"@type\":\"ImageObject\",\"inLanguage\":\"pt-BR\",\"@id\":\"https:\/\/lacerdaai.com\/br\/#\/schema\/person\/image\/\",\"url\":\"https:\/\/secure.gravatar.com\/avatar\/f5c1fa5ad9763f54c1f223c3fc91f131da6288c9f9e28d74bb3c355ad99af205?s=96&d=mm&r=g\",\"contentUrl\":\"https:\/\/secure.gravatar.com\/avatar\/f5c1fa5ad9763f54c1f223c3fc91f131da6288c9f9e28d74bb3c355ad99af205?s=96&d=mm&r=g\",\"caption\":\"Andr\u00e9 Lacerda\"},\"description\":\"Sou o Andr\u00e9 Lacerda, tenho 35 anos e sou apaixonado por tecnologia, intelig\u00eancia artificial e boas hist\u00f3rias. Me formei em Tecnologia e Jornalismo \u2014 sim, uma mistura meio improv\u00e1vel, mas que combina muito comigo. J\u00e1 morei no Canad\u00e1 e na Espanha, e essas experi\u00eancias me ajudaram a enxergar a inova\u00e7\u00e3o com um olhar mais global (e a me virar bem em tr\u00eas idiomas \ud83d\ude04). Trabalhei em algumas das maiores empresas de tecnologia do mercado e, hoje, atuo como consultor ajudando neg\u00f3cios a entenderem e aplicarem IA de forma pr\u00e1tica, estrat\u00e9gica e humana. Gosto de traduzir o complexo em algo simples \u2014 e \u00e9 isso que voc\u00ea vai encontrar por aqui.\",\"sameAs\":[\"http:\/\/lacerdaai.com\/br\"],\"url\":\"https:\/\/lacerdaai.com\/br\/author\/red-admin\/\"}]}<\/script>\n<!-- \/ Yoast SEO plugin. -->","yoast_head_json":{"title":"2026: A IA e o Ano Piv\u00f4 para o Poder Global \u2013 Onde a Tecnologia Encontra a Geopol\u00edtica - Lacerda AI","description":"Explore como 2026 se configura como um ano crucial para o poder global, impulsionado pela ascend\u00eancia da intelig\u00eancia artificial e por complexas din\u00e2micas geopol\u00edticas. Descubra os impactos econ\u00f4micos, militares e sociais da IA e os desafios na governan\u00e7a global.","robots":{"index":"index","follow":"follow","max-snippet":"max-snippet:-1","max-image-preview":"max-image-preview:large","max-video-preview":"max-video-preview:-1"},"canonical":"https:\/\/lacerdaai.com\/br\/2026-a-ia-e-o-ano-pivo-para-o-poder-global-onde-a-tecnologia-encontra-a-geopolitica\/","og_locale":"pt_BR","og_type":"article","og_title":"2026: A IA e o Ano Piv\u00f4 para o Poder Global \u2013 Onde a Tecnologia Encontra a Geopol\u00edtica - Lacerda AI","og_description":"Explore como 2026 se configura como um ano crucial para o poder global, impulsionado pela ascend\u00eancia da intelig\u00eancia artificial e por complexas din\u00e2micas geopol\u00edticas. Descubra os impactos econ\u00f4micos, militares e sociais da IA e os desafios na governan\u00e7a global.","og_url":"https:\/\/lacerdaai.com\/br\/2026-a-ia-e-o-ano-pivo-para-o-poder-global-onde-a-tecnologia-encontra-a-geopolitica\/","og_site_name":"Lacerda AI","article_published_time":"2025-12-24T23:42:37+00:00","article_modified_time":"2025-12-24T23:42:38+00:00","author":"Andr\u00e9 Lacerda","twitter_card":"summary_large_image","twitter_misc":{"Escrito por":"Andr\u00e9 Lacerda","Est. tempo de leitura":"10 minutos"},"schema":{"@context":"https:\/\/schema.org","@graph":[{"@type":"WebPage","@id":"https:\/\/lacerdaai.com\/br\/2026-a-ia-e-o-ano-pivo-para-o-poder-global-onde-a-tecnologia-encontra-a-geopolitica\/","url":"https:\/\/lacerdaai.com\/br\/2026-a-ia-e-o-ano-pivo-para-o-poder-global-onde-a-tecnologia-encontra-a-geopolitica\/","name":"2026: A IA e o Ano Piv\u00f4 para o Poder Global \u2013 Onde a Tecnologia Encontra a Geopol\u00edtica - Lacerda AI","isPartOf":{"@id":"https:\/\/lacerdaai.com\/br\/#website"},"primaryImageOfPage":{"@id":"https:\/\/lacerdaai.com\/br\/2026-a-ia-e-o-ano-pivo-para-o-poder-global-onde-a-tecnologia-encontra-a-geopolitica\/#primaryimage"},"image":{"@id":"https:\/\/lacerdaai.com\/br\/2026-a-ia-e-o-ano-pivo-para-o-poder-global-onde-a-tecnologia-encontra-a-geopolitica\/#primaryimage"},"thumbnailUrl":"https:\/\/lacerdaai.com\/br\/wp-content\/uploads\/2025\/12\/imagem-102.jpg","datePublished":"2025-12-24T23:42:37+00:00","dateModified":"2025-12-24T23:42:38+00:00","author":{"@id":"https:\/\/lacerdaai.com\/br\/#\/schema\/person\/8bad803c2e83a0c5c5c75e02a1c2248f"},"description":"Explore como 2026 se configura como um ano crucial para o poder global, impulsionado pela ascend\u00eancia da intelig\u00eancia artificial e por complexas din\u00e2micas geopol\u00edticas. Descubra os impactos econ\u00f4micos, militares e sociais da IA e os desafios na governan\u00e7a global.","breadcrumb":{"@id":"https:\/\/lacerdaai.com\/br\/2026-a-ia-e-o-ano-pivo-para-o-poder-global-onde-a-tecnologia-encontra-a-geopolitica\/#breadcrumb"},"inLanguage":"pt-BR","potentialAction":[{"@type":"ReadAction","target":["https:\/\/lacerdaai.com\/br\/2026-a-ia-e-o-ano-pivo-para-o-poder-global-onde-a-tecnologia-encontra-a-geopolitica\/"]}]},{"@type":"ImageObject","inLanguage":"pt-BR","@id":"https:\/\/lacerdaai.com\/br\/2026-a-ia-e-o-ano-pivo-para-o-poder-global-onde-a-tecnologia-encontra-a-geopolitica\/#primaryimage","url":"https:\/\/lacerdaai.com\/br\/wp-content\/uploads\/2025\/12\/imagem-102.jpg","contentUrl":"https:\/\/lacerdaai.com\/br\/wp-content\/uploads\/2025\/12\/imagem-102.jpg","width":800,"height":450},{"@type":"BreadcrumbList","@id":"https:\/\/lacerdaai.com\/br\/2026-a-ia-e-o-ano-pivo-para-o-poder-global-onde-a-tecnologia-encontra-a-geopolitica\/#breadcrumb","itemListElement":[{"@type":"ListItem","position":1,"name":"In\u00edcio","item":"https:\/\/lacerdaai.com\/br\/"},{"@type":"ListItem","position":2,"name":"2026: A IA e o Ano Piv\u00f4 para o Poder Global \u2013 Onde a Tecnologia Encontra a Geopol\u00edtica"}]},{"@type":"WebSite","@id":"https:\/\/lacerdaai.com\/br\/#website","url":"https:\/\/lacerdaai.com\/br\/","name":"Lacerda AI","description":"Seu blog di\u00e1rio de novidades do mundo da Inteligencia Artificial","potentialAction":[{"@type":"SearchAction","target":{"@type":"EntryPoint","urlTemplate":"https:\/\/lacerdaai.com\/br\/?s={search_term_string}"},"query-input":{"@type":"PropertyValueSpecification","valueRequired":true,"valueName":"search_term_string"}}],"inLanguage":"pt-BR"},{"@type":"Person","@id":"https:\/\/lacerdaai.com\/br\/#\/schema\/person\/8bad803c2e83a0c5c5c75e02a1c2248f","name":"Andr\u00e9 Lacerda","image":{"@type":"ImageObject","inLanguage":"pt-BR","@id":"https:\/\/lacerdaai.com\/br\/#\/schema\/person\/image\/","url":"https:\/\/secure.gravatar.com\/avatar\/f5c1fa5ad9763f54c1f223c3fc91f131da6288c9f9e28d74bb3c355ad99af205?s=96&d=mm&r=g","contentUrl":"https:\/\/secure.gravatar.com\/avatar\/f5c1fa5ad9763f54c1f223c3fc91f131da6288c9f9e28d74bb3c355ad99af205?s=96&d=mm&r=g","caption":"Andr\u00e9 Lacerda"},"description":"Sou o Andr\u00e9 Lacerda, tenho 35 anos e sou apaixonado por tecnologia, intelig\u00eancia artificial e boas hist\u00f3rias. Me formei em Tecnologia e Jornalismo \u2014 sim, uma mistura meio improv\u00e1vel, mas que combina muito comigo. J\u00e1 morei no Canad\u00e1 e na Espanha, e essas experi\u00eancias me ajudaram a enxergar a inova\u00e7\u00e3o com um olhar mais global (e a me virar bem em tr\u00eas idiomas \ud83d\ude04). Trabalhei em algumas das maiores empresas de tecnologia do mercado e, hoje, atuo como consultor ajudando neg\u00f3cios a entenderem e aplicarem IA de forma pr\u00e1tica, estrat\u00e9gica e humana. Gosto de traduzir o complexo em algo simples \u2014 e \u00e9 isso que voc\u00ea vai encontrar por aqui.","sameAs":["http:\/\/lacerdaai.com\/br"],"url":"https:\/\/lacerdaai.com\/br\/author\/red-admin\/"}]}},"_links":{"self":[{"href":"https:\/\/lacerdaai.com\/br\/wp-json\/wp\/v2\/posts\/2930","targetHints":{"allow":["GET"]}}],"collection":[{"href":"https:\/\/lacerdaai.com\/br\/wp-json\/wp\/v2\/posts"}],"about":[{"href":"https:\/\/lacerdaai.com\/br\/wp-json\/wp\/v2\/types\/post"}],"author":[{"embeddable":true,"href":"https:\/\/lacerdaai.com\/br\/wp-json\/wp\/v2\/users\/1"}],"replies":[{"embeddable":true,"href":"https:\/\/lacerdaai.com\/br\/wp-json\/wp\/v2\/comments?post=2930"}],"version-history":[{"count":1,"href":"https:\/\/lacerdaai.com\/br\/wp-json\/wp\/v2\/posts\/2930\/revisions"}],"predecessor-version":[{"id":2931,"href":"https:\/\/lacerdaai.com\/br\/wp-json\/wp\/v2\/posts\/2930\/revisions\/2931"}],"wp:featuredmedia":[{"embeddable":true,"href":"https:\/\/lacerdaai.com\/br\/wp-json\/wp\/v2\/media\/2929"}],"wp:attachment":[{"href":"https:\/\/lacerdaai.com\/br\/wp-json\/wp\/v2\/media?parent=2930"}],"wp:term":[{"taxonomy":"category","embeddable":true,"href":"https:\/\/lacerdaai.com\/br\/wp-json\/wp\/v2\/categories?post=2930"},{"taxonomy":"post_tag","embeddable":true,"href":"https:\/\/lacerdaai.com\/br\/wp-json\/wp\/v2\/tags?post=2930"}],"curies":[{"name":"wp","href":"https:\/\/api.w.org\/{rel}","templated":true}]}}