{"id":2936,"date":"2025-12-25T04:42:40","date_gmt":"2025-12-25T07:42:40","guid":{"rendered":"https:\/\/lacerdaai.com\/br\/sam-altman-e-o-futuro-espacial-do-trabalho-na-era-da-ia-mais-que-viagens-interplanetarias\/"},"modified":"2025-12-25T04:42:42","modified_gmt":"2025-12-25T07:42:42","slug":"sam-altman-e-o-futuro-espacial-do-trabalho-na-era-da-ia-mais-que-viagens-interplanetarias","status":"publish","type":"post","link":"https:\/\/lacerdaai.com\/br\/sam-altman-e-o-futuro-espacial-do-trabalho-na-era-da-ia-mais-que-viagens-interplanetarias\/","title":{"rendered":"Sam Altman e o Futuro &#8216;Espacial&#8217; do Trabalho na Era da IA: Mais que Viagens Interplanet\u00e1rias"},"content":{"rendered":"<p>No vibrante e imprevis\u00edvel palco da tecnologia, onde a inova\u00e7\u00e3o \u00e9 a moeda mais valiosa, duas das mentes mais influentes da nossa era lan\u00e7aram suas apostas sobre o destino da for\u00e7a de trabalho. De um lado, Bill Gates, o vision\u00e1rio co-fundador da Microsoft, que em um futuro pr\u00f3ximo prev\u00ea uma semana de trabalho reduzida a meros dois dias. Do outro, Sam Altman, o carism\u00e1tico CEO da OpenAI, que eleva o n\u00edvel da aposta, sugerindo que os graduados universit\u00e1rios da Gera\u00e7\u00e3o Alpha estar\u00e3o ocupados demais com &#8220;alguns empregos completamente novos, empolgantes e super bem pagos no espa\u00e7o&#8221; para se preocuparem com a carga hor\u00e1ria. Essas s\u00e3o vis\u00f5es que, \u00e0 primeira vista, parecem opostas, mas que, na verdade, pintam um quadro multifacetado e fascinante do que nos espera. A <strong>futuro do trabalho com intelig\u00eancia artificial<\/strong> n\u00e3o \u00e9 apenas um tema para debates acad\u00eamicos; \u00e9 uma realidade em constru\u00e7\u00e3o que moldar\u00e1 as carreiras, as economias e a pr\u00f3pria ess\u00eancia da exist\u00eancia humana. Prepare-se para uma jornada explorat\u00f3ria sobre o que essas previs\u00f5es significam para n\u00f3s e para as gera\u00e7\u00f5es que vir\u00e3o, desvendando as camadas de esperan\u00e7a, desafio e inova\u00e7\u00e3o que a IA promete.<\/p>\n<h3>O Futuro do Trabalho com Intelig\u00eancia Artificial: Entre Mundos e Novas Profiss\u00f5es<\/h3>\n<p>Quando Sam Altman fala em \u201cempregos no espa\u00e7o\u201d, ele est\u00e1, sem d\u00favida, tocando em uma corda que ressoa com a ambi\u00e7\u00e3o humana de explorar fronteiras. Mas essa vis\u00e3o \u00e9 puramente literal, ou existe uma met\u00e1fora mais profunda em jogo? Embora a ind\u00fastria espacial esteja, de fato, em franco crescimento e gerando novas profiss\u00f5es de alta tecnologia \u2013 de engenheiros de foguetes a cientistas de dados especializados em telemetria e bi\u00f3logos que estudam a vida em microgravidade \u2013 a provoca\u00e7\u00e3o de Altman parece ir al\u00e9m. Ela aponta para um cen\u00e1rio onde a intelig\u00eancia artificial ter\u00e1 automatizado grande parte das tarefas repetitivas e at\u00e9 mesmo complexas que hoje dominam nosso dia a dia profissional. Isso liberaria a humanidade para se dedicar a atividades de valor muito mais elevado, aquelas que exigem criatividade, intui\u00e7\u00e3o, empatia e habilidades de resolu\u00e7\u00e3o de problemas em contextos totalmente novos.<\/p>\n<p>Imagine um mundo onde a rotina burocr\u00e1tica \u00e9 inexistente, onde algoritmos avan\u00e7ados gerenciam a log\u00edstica global, otimizam cadeias de suprimentos e at\u00e9 mesmo elaboram contratos legais complexos com precis\u00e3o impec\u00e1vel. Nesse cen\u00e1rio, o valor humano migraria para a concep\u00e7\u00e3o, a curadoria, a inova\u00e7\u00e3o disruptiva e a explora\u00e7\u00e3o de dom\u00ednios intelectuais e f\u00edsicos ainda inexplorados. Os \u201cempregos no espa\u00e7o\u201d poderiam, portanto, ser uma representa\u00e7\u00e3o simb\u00f3lica para carreiras em \u00e1reas de ponta, que hoje nem sequer imaginamos, que exigem pensamento exponencial e que se desprendem completamente das estruturas de trabalho tradicionais. Pense em \u201carquitetos de ecossistemas digitais avan\u00e7ados\u201d, \u201ccuradores de experi\u00eancias de realidade mista imersivas\u201d, \u201c\u00e9ticos de IA\u201d que projetam sistemas de valores para m\u00e1quinas, ou at\u00e9 mesmo \u201cengenheiros de intera\u00e7\u00e3o humano-IA\u201d que moldam a forma como coexistimos com a intelig\u00eancia artificial.<\/p>\n<p>A vis\u00e3o de Bill Gates, por sua vez, sobre uma semana de trabalho de dois dias, n\u00e3o \u00e9 menos radical. Ela complementa a de Altman ao sugerir que a produtividade impulsionada pela IA seria t\u00e3o imensa que as necessidades b\u00e1sicas da sociedade poderiam ser atendidas com uma fra\u00e7\u00e3o do esfor\u00e7o humano atual. Isso n\u00e3o significa necessariamente um mundo de pregui\u00e7a, mas sim um futuro onde o lazer, a busca por hobbies, a educa\u00e7\u00e3o continuada e o envolvimento c\u00edvico poderiam ocupar um lugar central. Em vez de uma escassez de trabalho, ter\u00edamos uma abund\u00e2ncia de tempo. A principal diferen\u00e7a \u00e9 que Altman foca na cria\u00e7\u00e3o de *novos tipos de trabalho*, enquanto Gates pondera sobre a *redu\u00e7\u00e3o da necessidade de trabalho*. Ambas as perspectivas convergem em um ponto crucial: a IA transformar\u00e1 profundamente nossa rela\u00e7\u00e3o com o emprego.<\/p>\n<h3>A Dan\u00e7a da Automa\u00e7\u00e3o e a Reinven\u00e7\u00e3o Humana<\/h3>\n<p>A hist\u00f3ria da humanidade \u00e9 pontuada por revolu\u00e7\u00f5es tecnol\u00f3gicas que, em cada est\u00e1gio, alteraram fundamentalmente o panorama do trabalho. Da agricultura \u00e0 ind\u00fastria, do motor a vapor ao computador pessoal, cada avan\u00e7o gerou temores sobre o desemprego em massa, apenas para, eventualmente, criar mais e diferentes tipos de empregos. A intelig\u00eancia artificial \u00e9 a pr\u00f3xima onda, mas sua natureza pervasiva e a capacidade de simular cogni\u00e7\u00e3o humana levantam quest\u00f5es sem precedentes.<\/p>\n<p>A IA n\u00e3o est\u00e1 apenas substituindo m\u00fasculos; ela est\u00e1 come\u00e7ando a substituir mentes. Tarefas anal\u00edticas, de reconhecimento de padr\u00f5es, de processamento de linguagem e at\u00e9 mesmo de cria\u00e7\u00e3o de conte\u00fado (como este que voc\u00ea l\u00ea, em parte impulsionado por modelos de linguagem) est\u00e3o sendo cada vez mais automatizadas. Isso n\u00e3o \u00e9 necessariamente uma m\u00e1 not\u00edcia. A automa\u00e7\u00e3o libera os seres humanos de trabalhos tediosos, perigosos ou repetitivos, permitindo-lhes focar em atividades que exigem qualidades intrinsecamente humanas.<\/p>\n<p>O verdadeiro desafio est\u00e1 na transi\u00e7\u00e3o. Como garantimos que a for\u00e7a de trabalho atual e futura esteja equipada com as habilidades necess\u00e1rias para prosperar neste novo paradigma? As habilidades do s\u00e9culo XXI \u2013 pensamento cr\u00edtico, criatividade, colabora\u00e7\u00e3o, comunica\u00e7\u00e3o e letramento digital \u2013 se tornam n\u00e3o apenas desej\u00e1veis, mas essenciais. A capacidade de \u201caprender a aprender\u201d ser\u00e1 a mais valiosa de todas, pois as profiss\u00f5es e as tecnologias evoluir\u00e3o em um ritmo cada vez mais acelerado. A reinven\u00e7\u00e3o humana, portanto, n\u00e3o \u00e9 uma op\u00e7\u00e3o, mas uma necessidade cont\u00ednua.<\/p>\n<p>N\u00e3o estamos falando apenas de codifica\u00e7\u00e3o ou engenharia de prompt, embora sejam habilidades importantes. Estamos falando de desenvolver a capacidade de trabalhar *com* a IA, de ser seu supervisor, seu parceiro criativo, seu programador de valores \u00e9ticos. Profiss\u00f5es que dependem fortemente da intera\u00e7\u00e3o humana, como sa\u00fade, educa\u00e7\u00e3o, psicologia, artes e servi\u00e7os, podem ver sua demanda crescer, mas tamb\u00e9m ser\u00e3o transformadas pela IA. M\u00e9dicos usar\u00e3o IA para diagn\u00f3sticos mais precisos; professores, para personalizar o aprendizado; artistas, para criar novas formas de express\u00e3o. O <strong>futuro do trabalho com intelig\u00eancia artificial<\/strong> \u00e9, em grande parte, o futuro da colabora\u00e7\u00e3o homem-m\u00e1quina.<\/p>\n<h3>Prepare-se para o Inesperado: Educa\u00e7\u00e3o, Adaptabilidade e o Amanh\u00e3 Impulsionado pela IA<\/h3>\n<p>A discuss\u00e3o sobre o futuro do trabalho vai muito al\u00e9m da simples dicotomia entre empregos perdidos e novos empregos criados. Ela abrange quest\u00f5es sociais e econ\u00f4micas profundas, como a desigualdade, a necessidade de renda b\u00e1sica universal (RBU) e a pr\u00f3pria defini\u00e7\u00e3o de prop\u00f3sito humano em um mundo onde a subsist\u00eancia pode n\u00e3o exigir esfor\u00e7o cont\u00ednuo. Se a vis\u00e3o de Gates se concretizar, e uma semana de trabalho de dois dias se tornar norma, como a sociedade se adaptar\u00e1 ao tempo livre em abund\u00e2ncia? Como garantimos que esse tempo seja usado de forma produtiva e enriquecedora, e n\u00e3o apenas para o consumo passivo?<\/p>\n<p>A educa\u00e7\u00e3o, em todos os seus n\u00edveis, \u00e9 a pedra angular para navegar nesta transforma\u00e7\u00e3o. N\u00e3o podemos mais nos apegar a curr\u00edculos fixos ou a modelos de aprendizado que preparam os alunos para um \u00fanico caminho profissional. As universidades e escolas t\u00e9cnicas precisar\u00e3o se adaptar rapidamente, oferecendo programas que enfatizem a adaptabilidade, o pensamento interdisciplinar e a flu\u00eancia digital. A aprendizagem ao longo da vida, por meio de cursos online, bootcamps e microcredenciais, se tornar\u00e1 a norma. As empresas tamb\u00e9m ter\u00e3o um papel crucial, investindo em requalifica\u00e7\u00e3o e aprimoramento de seus funcion\u00e1rios, transformando seus talentos para as novas demandas do mercado.<\/p>\n<p>Para o Brasil, um pa\u00eds com desafios sociais e educacionais complexos, a chegada massiva da IA e a iminente revolu\u00e7\u00e3o do trabalho trazem tanto oportunidades quanto riscos. \u00c9 fundamental investir em infraestrutura digital, educa\u00e7\u00e3o de qualidade e pol\u00edticas p\u00fablicas que promovam a inclus\u00e3o digital e a equidade no acesso a essas novas oportunidades. O \u201cespa\u00e7o\u201d de Sam Altman pode parecer distante, mas o pensamento inovador e a capacidade de adapta\u00e7\u00e3o s\u00e3o habilidades que precisamos cultivar agora para n\u00e3o ficarmos para tr\u00e1s na corrida global pela vanguarda tecnol\u00f3gica.<\/p>\n<p>Ainda h\u00e1 muitas incertezas. A velocidade com que a IA avan\u00e7ar\u00e1, o timing da AGI (Intelig\u00eancia Artificial Geral) e as respostas sociais e pol\u00edticas a essas mudan\u00e7as s\u00e3o inc\u00f3gnitas. Contudo, uma coisa \u00e9 clara: a complac\u00eancia n\u00e3o \u00e9 uma op\u00e7\u00e3o. Precisamos de di\u00e1logo cont\u00ednuo entre tecn\u00f3logos, formuladores de pol\u00edticas, educadores e a sociedade em geral para moldar um futuro onde a IA sirva \u00e0 humanidade, liberando nosso potencial criativo e explorat\u00f3rio, e n\u00e3o nos subjugando \u00e0 obsolesc\u00eancia. O <strong>futuro do trabalho com intelig\u00eancia artificial<\/strong> \u00e9 uma tela em branco, esperando para ser pintada com aud\u00e1cia e responsabilidade.<\/p>\n<p>A vis\u00e3o de Sam Altman, ao sugerir que a Gera\u00e7\u00e3o Alpha estar\u00e1 ocupada demais &#8220;viajando entre planetas&#8221; com empregos in\u00e9ditos e bem remunerados, \u00e9 um convite \u00e0 reflex\u00e3o e \u00e0 a\u00e7\u00e3o. Ela nos for\u00e7a a questionar os limites do poss\u00edvel e a reavaliar nossa pr\u00f3pria defini\u00e7\u00e3o de trabalho e prop\u00f3sito. Longe de ser apenas uma utopia tecnol\u00f3gica, \u00e9 um desafio para que inovemos n\u00e3o s\u00f3 nas m\u00e1quinas, mas tamb\u00e9m em nossas institui\u00e7\u00f5es sociais, educacionais e econ\u00f4micas.<\/p>\n<p>Seja a realidade mais pr\u00f3xima da semana de dois dias de Bill Gates ou dos empregos c\u00f3smicos de Altman, o ponto central \u00e9 que a IA est\u00e1 nos impulsionando para uma redefini\u00e7\u00e3o radical de como vivemos e trabalhamos. Cabe a n\u00f3s, como indiv\u00edduos e como sociedade, preparar-nos para essa transforma\u00e7\u00e3o, abra\u00e7ando a adaptabilidade e cultivando as habilidades humanas \u00fanicas que nenhuma m\u00e1quina poder\u00e1 replicar. O amanh\u00e3 impulsionado pela IA n\u00e3o \u00e9 algo que simplesmente nos acontecer\u00e1; \u00e9 algo que construiremos, com cada decis\u00e3o, cada inova\u00e7\u00e3o e cada passo em dire\u00e7\u00e3o a um futuro mais inteligente e humano.<\/p>\n","protected":false},"excerpt":{"rendered":"<p>No vibrante e imprevis\u00edvel palco da tecnologia, onde a inova\u00e7\u00e3o \u00e9 a moeda mais valiosa, duas das mentes mais influentes da nossa era lan\u00e7aram suas apostas sobre o destino da for\u00e7a de trabalho. De um lado, Bill Gates, o vision\u00e1rio co-fundador da Microsoft, que em um futuro pr\u00f3ximo prev\u00ea uma semana de trabalho reduzida a [&hellip;]<\/p>\n","protected":false},"author":1,"featured_media":2935,"comment_status":"open","ping_status":"open","sticky":false,"template":"","format":"standard","meta":{"_yoast_wpseo_focuskw":"futuro do trabalho com intelig\u00eancia artificial","_yoast_wpseo_metadesc":"Explore as vis\u00f5es contrastantes de Sam Altman (OpenAI) e Bill Gates sobre o futuro do trabalho com intelig\u00eancia artificial. Novas profiss\u00f5es, lazer e a transforma\u00e7\u00e3o da for\u00e7a de trabalho na Gera\u00e7\u00e3o Alpha. Descubra como a IA redesenhar\u00e1 nossas carreiras e vidas.","footnotes":""},"categories":[2],"tags":[],"class_list":["post-2936","post","type-post","status-publish","format-standard","has-post-thumbnail","hentry","category-novidades"],"yoast_head":"<!-- This site is optimized with the Yoast SEO plugin v25.6 - https:\/\/yoast.com\/wordpress\/plugins\/seo\/ -->\n<title>Sam Altman e o Futuro &#039;Espacial&#039; do Trabalho na Era da IA: Mais que Viagens Interplanet\u00e1rias - Lacerda AI<\/title>\n<meta name=\"description\" content=\"Explore as vis\u00f5es contrastantes de Sam Altman (OpenAI) e Bill Gates sobre o futuro do trabalho com intelig\u00eancia artificial. Novas profiss\u00f5es, lazer e a transforma\u00e7\u00e3o da for\u00e7a de trabalho na Gera\u00e7\u00e3o Alpha. Descubra como a IA redesenhar\u00e1 nossas carreiras e vidas.\" \/>\n<meta name=\"robots\" content=\"index, follow, max-snippet:-1, max-image-preview:large, max-video-preview:-1\" \/>\n<link rel=\"canonical\" href=\"https:\/\/lacerdaai.com\/br\/sam-altman-e-o-futuro-espacial-do-trabalho-na-era-da-ia-mais-que-viagens-interplanetarias\/\" \/>\n<meta property=\"og:locale\" content=\"pt_BR\" \/>\n<meta property=\"og:type\" content=\"article\" \/>\n<meta property=\"og:title\" content=\"Sam Altman e o Futuro &#039;Espacial&#039; do Trabalho na Era da IA: Mais que Viagens Interplanet\u00e1rias - Lacerda AI\" \/>\n<meta property=\"og:description\" content=\"Explore as vis\u00f5es contrastantes de Sam Altman (OpenAI) e Bill Gates sobre o futuro do trabalho com intelig\u00eancia artificial. Novas profiss\u00f5es, lazer e a transforma\u00e7\u00e3o da for\u00e7a de trabalho na Gera\u00e7\u00e3o Alpha. Descubra como a IA redesenhar\u00e1 nossas carreiras e vidas.\" \/>\n<meta property=\"og:url\" content=\"https:\/\/lacerdaai.com\/br\/sam-altman-e-o-futuro-espacial-do-trabalho-na-era-da-ia-mais-que-viagens-interplanetarias\/\" \/>\n<meta property=\"og:site_name\" content=\"Lacerda AI\" \/>\n<meta property=\"article:published_time\" content=\"2025-12-25T07:42:40+00:00\" \/>\n<meta property=\"article:modified_time\" content=\"2025-12-25T07:42:42+00:00\" \/>\n<meta name=\"author\" content=\"Andr\u00e9 Lacerda\" \/>\n<meta name=\"twitter:card\" content=\"summary_large_image\" \/>\n<meta name=\"twitter:label1\" content=\"Escrito por\" \/>\n\t<meta name=\"twitter:data1\" content=\"Andr\u00e9 Lacerda\" \/>\n\t<meta name=\"twitter:label2\" content=\"Est. tempo de leitura\" \/>\n\t<meta name=\"twitter:data2\" content=\"9 minutos\" \/>\n<script type=\"application\/ld+json\" class=\"yoast-schema-graph\">{\"@context\":\"https:\/\/schema.org\",\"@graph\":[{\"@type\":\"WebPage\",\"@id\":\"https:\/\/lacerdaai.com\/br\/sam-altman-e-o-futuro-espacial-do-trabalho-na-era-da-ia-mais-que-viagens-interplanetarias\/\",\"url\":\"https:\/\/lacerdaai.com\/br\/sam-altman-e-o-futuro-espacial-do-trabalho-na-era-da-ia-mais-que-viagens-interplanetarias\/\",\"name\":\"Sam Altman e o Futuro 'Espacial' do Trabalho na Era da IA: Mais que Viagens Interplanet\u00e1rias - Lacerda AI\",\"isPartOf\":{\"@id\":\"https:\/\/lacerdaai.com\/br\/#website\"},\"primaryImageOfPage\":{\"@id\":\"https:\/\/lacerdaai.com\/br\/sam-altman-e-o-futuro-espacial-do-trabalho-na-era-da-ia-mais-que-viagens-interplanetarias\/#primaryimage\"},\"image\":{\"@id\":\"https:\/\/lacerdaai.com\/br\/sam-altman-e-o-futuro-espacial-do-trabalho-na-era-da-ia-mais-que-viagens-interplanetarias\/#primaryimage\"},\"thumbnailUrl\":\"https:\/\/lacerdaai.com\/br\/wp-content\/uploads\/2025\/12\/imagem-104.jpg\",\"datePublished\":\"2025-12-25T07:42:40+00:00\",\"dateModified\":\"2025-12-25T07:42:42+00:00\",\"author\":{\"@id\":\"https:\/\/lacerdaai.com\/br\/#\/schema\/person\/8bad803c2e83a0c5c5c75e02a1c2248f\"},\"description\":\"Explore as vis\u00f5es contrastantes de Sam Altman (OpenAI) e Bill Gates sobre o futuro do trabalho com intelig\u00eancia artificial. Novas profiss\u00f5es, lazer e a transforma\u00e7\u00e3o da for\u00e7a de trabalho na Gera\u00e7\u00e3o Alpha. Descubra como a IA redesenhar\u00e1 nossas carreiras e vidas.\",\"breadcrumb\":{\"@id\":\"https:\/\/lacerdaai.com\/br\/sam-altman-e-o-futuro-espacial-do-trabalho-na-era-da-ia-mais-que-viagens-interplanetarias\/#breadcrumb\"},\"inLanguage\":\"pt-BR\",\"potentialAction\":[{\"@type\":\"ReadAction\",\"target\":[\"https:\/\/lacerdaai.com\/br\/sam-altman-e-o-futuro-espacial-do-trabalho-na-era-da-ia-mais-que-viagens-interplanetarias\/\"]}]},{\"@type\":\"ImageObject\",\"inLanguage\":\"pt-BR\",\"@id\":\"https:\/\/lacerdaai.com\/br\/sam-altman-e-o-futuro-espacial-do-trabalho-na-era-da-ia-mais-que-viagens-interplanetarias\/#primaryimage\",\"url\":\"https:\/\/lacerdaai.com\/br\/wp-content\/uploads\/2025\/12\/imagem-104.jpg\",\"contentUrl\":\"https:\/\/lacerdaai.com\/br\/wp-content\/uploads\/2025\/12\/imagem-104.jpg\",\"width\":1199,\"height\":800},{\"@type\":\"BreadcrumbList\",\"@id\":\"https:\/\/lacerdaai.com\/br\/sam-altman-e-o-futuro-espacial-do-trabalho-na-era-da-ia-mais-que-viagens-interplanetarias\/#breadcrumb\",\"itemListElement\":[{\"@type\":\"ListItem\",\"position\":1,\"name\":\"In\u00edcio\",\"item\":\"https:\/\/lacerdaai.com\/br\/\"},{\"@type\":\"ListItem\",\"position\":2,\"name\":\"Sam Altman e o Futuro &#8216;Espacial&#8217; do Trabalho na Era da IA: Mais que Viagens Interplanet\u00e1rias\"}]},{\"@type\":\"WebSite\",\"@id\":\"https:\/\/lacerdaai.com\/br\/#website\",\"url\":\"https:\/\/lacerdaai.com\/br\/\",\"name\":\"Lacerda AI\",\"description\":\"Seu blog di\u00e1rio de novidades do mundo da Inteligencia Artificial\",\"potentialAction\":[{\"@type\":\"SearchAction\",\"target\":{\"@type\":\"EntryPoint\",\"urlTemplate\":\"https:\/\/lacerdaai.com\/br\/?s={search_term_string}\"},\"query-input\":{\"@type\":\"PropertyValueSpecification\",\"valueRequired\":true,\"valueName\":\"search_term_string\"}}],\"inLanguage\":\"pt-BR\"},{\"@type\":\"Person\",\"@id\":\"https:\/\/lacerdaai.com\/br\/#\/schema\/person\/8bad803c2e83a0c5c5c75e02a1c2248f\",\"name\":\"Andr\u00e9 Lacerda\",\"image\":{\"@type\":\"ImageObject\",\"inLanguage\":\"pt-BR\",\"@id\":\"https:\/\/lacerdaai.com\/br\/#\/schema\/person\/image\/\",\"url\":\"https:\/\/secure.gravatar.com\/avatar\/f5c1fa5ad9763f54c1f223c3fc91f131da6288c9f9e28d74bb3c355ad99af205?s=96&d=mm&r=g\",\"contentUrl\":\"https:\/\/secure.gravatar.com\/avatar\/f5c1fa5ad9763f54c1f223c3fc91f131da6288c9f9e28d74bb3c355ad99af205?s=96&d=mm&r=g\",\"caption\":\"Andr\u00e9 Lacerda\"},\"description\":\"Sou o Andr\u00e9 Lacerda, tenho 35 anos e sou apaixonado por tecnologia, intelig\u00eancia artificial e boas hist\u00f3rias. Me formei em Tecnologia e Jornalismo \u2014 sim, uma mistura meio improv\u00e1vel, mas que combina muito comigo. J\u00e1 morei no Canad\u00e1 e na Espanha, e essas experi\u00eancias me ajudaram a enxergar a inova\u00e7\u00e3o com um olhar mais global (e a me virar bem em tr\u00eas idiomas \ud83d\ude04). Trabalhei em algumas das maiores empresas de tecnologia do mercado e, hoje, atuo como consultor ajudando neg\u00f3cios a entenderem e aplicarem IA de forma pr\u00e1tica, estrat\u00e9gica e humana. Gosto de traduzir o complexo em algo simples \u2014 e \u00e9 isso que voc\u00ea vai encontrar por aqui.\",\"sameAs\":[\"http:\/\/lacerdaai.com\/br\"],\"url\":\"https:\/\/lacerdaai.com\/br\/author\/red-admin\/\"}]}<\/script>\n<!-- \/ Yoast SEO plugin. -->","yoast_head_json":{"title":"Sam Altman e o Futuro 'Espacial' do Trabalho na Era da IA: Mais que Viagens Interplanet\u00e1rias - Lacerda AI","description":"Explore as vis\u00f5es contrastantes de Sam Altman (OpenAI) e Bill Gates sobre o futuro do trabalho com intelig\u00eancia artificial. Novas profiss\u00f5es, lazer e a transforma\u00e7\u00e3o da for\u00e7a de trabalho na Gera\u00e7\u00e3o Alpha. Descubra como a IA redesenhar\u00e1 nossas carreiras e vidas.","robots":{"index":"index","follow":"follow","max-snippet":"max-snippet:-1","max-image-preview":"max-image-preview:large","max-video-preview":"max-video-preview:-1"},"canonical":"https:\/\/lacerdaai.com\/br\/sam-altman-e-o-futuro-espacial-do-trabalho-na-era-da-ia-mais-que-viagens-interplanetarias\/","og_locale":"pt_BR","og_type":"article","og_title":"Sam Altman e o Futuro 'Espacial' do Trabalho na Era da IA: Mais que Viagens Interplanet\u00e1rias - Lacerda AI","og_description":"Explore as vis\u00f5es contrastantes de Sam Altman (OpenAI) e Bill Gates sobre o futuro do trabalho com intelig\u00eancia artificial. Novas profiss\u00f5es, lazer e a transforma\u00e7\u00e3o da for\u00e7a de trabalho na Gera\u00e7\u00e3o Alpha. Descubra como a IA redesenhar\u00e1 nossas carreiras e vidas.","og_url":"https:\/\/lacerdaai.com\/br\/sam-altman-e-o-futuro-espacial-do-trabalho-na-era-da-ia-mais-que-viagens-interplanetarias\/","og_site_name":"Lacerda AI","article_published_time":"2025-12-25T07:42:40+00:00","article_modified_time":"2025-12-25T07:42:42+00:00","author":"Andr\u00e9 Lacerda","twitter_card":"summary_large_image","twitter_misc":{"Escrito por":"Andr\u00e9 Lacerda","Est. tempo de leitura":"9 minutos"},"schema":{"@context":"https:\/\/schema.org","@graph":[{"@type":"WebPage","@id":"https:\/\/lacerdaai.com\/br\/sam-altman-e-o-futuro-espacial-do-trabalho-na-era-da-ia-mais-que-viagens-interplanetarias\/","url":"https:\/\/lacerdaai.com\/br\/sam-altman-e-o-futuro-espacial-do-trabalho-na-era-da-ia-mais-que-viagens-interplanetarias\/","name":"Sam Altman e o Futuro 'Espacial' do Trabalho na Era da IA: Mais que Viagens Interplanet\u00e1rias - Lacerda AI","isPartOf":{"@id":"https:\/\/lacerdaai.com\/br\/#website"},"primaryImageOfPage":{"@id":"https:\/\/lacerdaai.com\/br\/sam-altman-e-o-futuro-espacial-do-trabalho-na-era-da-ia-mais-que-viagens-interplanetarias\/#primaryimage"},"image":{"@id":"https:\/\/lacerdaai.com\/br\/sam-altman-e-o-futuro-espacial-do-trabalho-na-era-da-ia-mais-que-viagens-interplanetarias\/#primaryimage"},"thumbnailUrl":"https:\/\/lacerdaai.com\/br\/wp-content\/uploads\/2025\/12\/imagem-104.jpg","datePublished":"2025-12-25T07:42:40+00:00","dateModified":"2025-12-25T07:42:42+00:00","author":{"@id":"https:\/\/lacerdaai.com\/br\/#\/schema\/person\/8bad803c2e83a0c5c5c75e02a1c2248f"},"description":"Explore as vis\u00f5es contrastantes de Sam Altman (OpenAI) e Bill Gates sobre o futuro do trabalho com intelig\u00eancia artificial. Novas profiss\u00f5es, lazer e a transforma\u00e7\u00e3o da for\u00e7a de trabalho na Gera\u00e7\u00e3o Alpha. Descubra como a IA redesenhar\u00e1 nossas carreiras e vidas.","breadcrumb":{"@id":"https:\/\/lacerdaai.com\/br\/sam-altman-e-o-futuro-espacial-do-trabalho-na-era-da-ia-mais-que-viagens-interplanetarias\/#breadcrumb"},"inLanguage":"pt-BR","potentialAction":[{"@type":"ReadAction","target":["https:\/\/lacerdaai.com\/br\/sam-altman-e-o-futuro-espacial-do-trabalho-na-era-da-ia-mais-que-viagens-interplanetarias\/"]}]},{"@type":"ImageObject","inLanguage":"pt-BR","@id":"https:\/\/lacerdaai.com\/br\/sam-altman-e-o-futuro-espacial-do-trabalho-na-era-da-ia-mais-que-viagens-interplanetarias\/#primaryimage","url":"https:\/\/lacerdaai.com\/br\/wp-content\/uploads\/2025\/12\/imagem-104.jpg","contentUrl":"https:\/\/lacerdaai.com\/br\/wp-content\/uploads\/2025\/12\/imagem-104.jpg","width":1199,"height":800},{"@type":"BreadcrumbList","@id":"https:\/\/lacerdaai.com\/br\/sam-altman-e-o-futuro-espacial-do-trabalho-na-era-da-ia-mais-que-viagens-interplanetarias\/#breadcrumb","itemListElement":[{"@type":"ListItem","position":1,"name":"In\u00edcio","item":"https:\/\/lacerdaai.com\/br\/"},{"@type":"ListItem","position":2,"name":"Sam Altman e o Futuro &#8216;Espacial&#8217; do Trabalho na Era da IA: Mais que Viagens Interplanet\u00e1rias"}]},{"@type":"WebSite","@id":"https:\/\/lacerdaai.com\/br\/#website","url":"https:\/\/lacerdaai.com\/br\/","name":"Lacerda AI","description":"Seu blog di\u00e1rio de novidades do mundo da Inteligencia Artificial","potentialAction":[{"@type":"SearchAction","target":{"@type":"EntryPoint","urlTemplate":"https:\/\/lacerdaai.com\/br\/?s={search_term_string}"},"query-input":{"@type":"PropertyValueSpecification","valueRequired":true,"valueName":"search_term_string"}}],"inLanguage":"pt-BR"},{"@type":"Person","@id":"https:\/\/lacerdaai.com\/br\/#\/schema\/person\/8bad803c2e83a0c5c5c75e02a1c2248f","name":"Andr\u00e9 Lacerda","image":{"@type":"ImageObject","inLanguage":"pt-BR","@id":"https:\/\/lacerdaai.com\/br\/#\/schema\/person\/image\/","url":"https:\/\/secure.gravatar.com\/avatar\/f5c1fa5ad9763f54c1f223c3fc91f131da6288c9f9e28d74bb3c355ad99af205?s=96&d=mm&r=g","contentUrl":"https:\/\/secure.gravatar.com\/avatar\/f5c1fa5ad9763f54c1f223c3fc91f131da6288c9f9e28d74bb3c355ad99af205?s=96&d=mm&r=g","caption":"Andr\u00e9 Lacerda"},"description":"Sou o Andr\u00e9 Lacerda, tenho 35 anos e sou apaixonado por tecnologia, intelig\u00eancia artificial e boas hist\u00f3rias. Me formei em Tecnologia e Jornalismo \u2014 sim, uma mistura meio improv\u00e1vel, mas que combina muito comigo. J\u00e1 morei no Canad\u00e1 e na Espanha, e essas experi\u00eancias me ajudaram a enxergar a inova\u00e7\u00e3o com um olhar mais global (e a me virar bem em tr\u00eas idiomas \ud83d\ude04). Trabalhei em algumas das maiores empresas de tecnologia do mercado e, hoje, atuo como consultor ajudando neg\u00f3cios a entenderem e aplicarem IA de forma pr\u00e1tica, estrat\u00e9gica e humana. Gosto de traduzir o complexo em algo simples \u2014 e \u00e9 isso que voc\u00ea vai encontrar por aqui.","sameAs":["http:\/\/lacerdaai.com\/br"],"url":"https:\/\/lacerdaai.com\/br\/author\/red-admin\/"}]}},"_links":{"self":[{"href":"https:\/\/lacerdaai.com\/br\/wp-json\/wp\/v2\/posts\/2936","targetHints":{"allow":["GET"]}}],"collection":[{"href":"https:\/\/lacerdaai.com\/br\/wp-json\/wp\/v2\/posts"}],"about":[{"href":"https:\/\/lacerdaai.com\/br\/wp-json\/wp\/v2\/types\/post"}],"author":[{"embeddable":true,"href":"https:\/\/lacerdaai.com\/br\/wp-json\/wp\/v2\/users\/1"}],"replies":[{"embeddable":true,"href":"https:\/\/lacerdaai.com\/br\/wp-json\/wp\/v2\/comments?post=2936"}],"version-history":[{"count":1,"href":"https:\/\/lacerdaai.com\/br\/wp-json\/wp\/v2\/posts\/2936\/revisions"}],"predecessor-version":[{"id":2937,"href":"https:\/\/lacerdaai.com\/br\/wp-json\/wp\/v2\/posts\/2936\/revisions\/2937"}],"wp:featuredmedia":[{"embeddable":true,"href":"https:\/\/lacerdaai.com\/br\/wp-json\/wp\/v2\/media\/2935"}],"wp:attachment":[{"href":"https:\/\/lacerdaai.com\/br\/wp-json\/wp\/v2\/media?parent=2936"}],"wp:term":[{"taxonomy":"category","embeddable":true,"href":"https:\/\/lacerdaai.com\/br\/wp-json\/wp\/v2\/categories?post=2936"},{"taxonomy":"post_tag","embeddable":true,"href":"https:\/\/lacerdaai.com\/br\/wp-json\/wp\/v2\/tags?post=2936"}],"curies":[{"name":"wp","href":"https:\/\/api.w.org\/{rel}","templated":true}]}}