{"id":2954,"date":"2025-12-26T04:42:42","date_gmt":"2025-12-26T07:42:42","guid":{"rendered":"https:\/\/lacerdaai.com\/br\/ia-e-a-mente-humana-quando-a-criacao-digital-desafia-nossa-saude-mental\/"},"modified":"2025-12-26T04:42:43","modified_gmt":"2025-12-26T07:42:43","slug":"ia-e-a-mente-humana-quando-a-criacao-digital-desafia-nossa-saude-mental","status":"publish","type":"post","link":"https:\/\/lacerdaai.com\/br\/ia-e-a-mente-humana-quando-a-criacao-digital-desafia-nossa-saude-mental\/","title":{"rendered":"IA e a Mente Humana: Quando a Cria\u00e7\u00e3o Digital Desafia Nossa Sa\u00fade Mental"},"content":{"rendered":"<p>A intelig\u00eancia artificial (IA) tem revolucionado a forma como vivemos, trabalhamos e interagimos com o mundo. De assistentes virtuais a algoritmos de recomenda\u00e7\u00e3o, e agora com as incr\u00edveis ferramentas de IA generativa, como as que criam imagens, textos e at\u00e9 m\u00fasicas, o futuro parece mais pr\u00f3ximo do que nunca. No entanto, em meio a essa euforia tecnol\u00f3gica, surge um alerta crucial: qual \u00e9 o verdadeiro custo para a nossa psique? \u00c0 medida que as m\u00e1quinas se tornam mais sofisticadas na imita\u00e7\u00e3o da criatividade humana, \u00e9 imperativo que nos debrucemos sobre as consequ\u00eancias psicol\u00f3gicas de uma imers\u00e3o cada vez mais profunda nesse universo digital. Longe de ser apenas uma ferramenta, a IA est\u00e1 se tornando um espelho \u2013 e, \u00e0s vezes, um portal \u2013 para aspectos menos compreendidos da nossa mente. Este artigo visa explorar o <strong>impacto da IA na sa\u00fade mental<\/strong>, examinando os desafios e oferecendo perspectivas para uma coexist\u00eancia saud\u00e1vel com a tecnologia.<\/p>\n<p>Recentemente, um caso veio \u00e0 tona, chamando a aten\u00e7\u00e3o para uma faceta sombria e inesperada da intera\u00e7\u00e3o humana com a IA generativa. Uma mulher, que trabalhava para uma startup de cria\u00e7\u00e3o de imagens por intelig\u00eancia artificial, relatou ter vivenciado um epis\u00f3dio man\u00edaco bipolar, culminando em psicose, ap\u00f3s um per\u00edodo de uso obsessivo das ferramentas de IA para gerar imagens de si mesma. Este n\u00e3o \u00e9 um incidente isolado, mas um sintoma de uma quest\u00e3o maior: o potencial da tecnologia de intelig\u00eancia artificial de desencadear ou exacerbar condi\u00e7\u00f5es psicol\u00f3gicas preexistentes. A hist\u00f3ria dela serve como um poderoso lembrete de que, assim como qualquer inova\u00e7\u00e3o poderosa, a IA carrega consigo riscos que precisam ser compreendidos, discutidos e mitigados.<\/p>\n<h2>O <strong>impacto da IA na sa\u00fade mental<\/strong>: Um alerta que n\u00e3o podemos ignorar<\/h2>\n<p>O relato da engenheira de IA, que preferiu n\u00e3o ser identificada pelo nome para proteger sua privacidade, mas cujo caso se tornou um estudo de caso inquietante, \u00e9 um divisor de \u00e1guas na discuss\u00e3o sobre os efeitos psicol\u00f3gicos da IA. Trabalhando em um ambiente de alta press\u00e3o, imersa diariamente na vanguarda da cria\u00e7\u00e3o digital, ela come\u00e7ou a usar as ferramentas de IA generativa n\u00e3o apenas para o trabalho, mas tamb\u00e9m para explorar a pr\u00f3pria imagem. O que come\u00e7ou como uma curiosidade ou uma forma de autoexpress\u00e3o rapidamente se transformou em uma obsess\u00e3o. A capacidade de gerar infinitas vers\u00f5es de si mesma \u2013 mais bonitas, mais perform\u00e1ticas, mais ideais \u2013 criou um ciclo vicioso de busca por uma perfei\u00e7\u00e3o inating\u00edvel. Esse processo, alimentado pela facilidade e pela novidade da tecnologia, culminou em um epis\u00f3dio man\u00edaco que evoluiu para psicose, uma condi\u00e7\u00e3o grave caracterizada por uma ruptura com a realidade.<\/p>\n<p>Este caso nos for\u00e7a a questionar: o que torna a IA generativa t\u00e3o potencialmente perigosa para a sa\u00fade mental? Diferente das redes sociais, onde se consome e compara a vida de outros, a IA generativa nos coloca no papel de criadores, mas com um poder quase ilimitado de moldar realidades. Quando essa realidade \u00e9 a nossa pr\u00f3pria imagem ou identidade, os limites entre o eu real e o eu digital podem se tornar borrados. A dopamina liberada a cada nova imagem &#8220;perfeita&#8221; age como um refor\u00e7o, criando um ciclo de recompensa que pode mimetizar v\u00edcios comportamentais. Para indiv\u00edduos com predisposi\u00e7\u00e3o a transtornos como o bipolar, essa experi\u00eancia pode ser um gatilho potente. A natureza hiper-realista e, ao mesmo tempo, artificial das imagens geradas pode induzir um fen\u00f4meno de &#8220;vale da estranheza&#8221; (uncanny valley) em rela\u00e7\u00e3o \u00e0 pr\u00f3pria identidade, causando desconforto e dissocia\u00e7\u00e3o.<\/p>\n<p>O ambiente de trabalho em startups de tecnologia, frequentemente caracterizado por longas horas, press\u00e3o por inova\u00e7\u00e3o e uma cultura de &#8220;sempre ligado&#8221;, tamb\u00e9m pode ter desempenhado um papel. A constante exposi\u00e7\u00e3o e a necessidade de interagir com tecnologias emergentes sem uma pausa ou reflex\u00e3o adequada podem levar a um esgotamento mental. A linha entre a ferramenta de trabalho e a extens\u00e3o da identidade pessoal se desfaz, especialmente quando a ferramenta \u00e9 capaz de manipular a pr\u00f3pria percep\u00e7\u00e3o de si. Este incidente destaca que a IA, longe de ser apenas uma ferramenta neutra, possui a capacidade de interagir com nossas vulnerabilidades mais profundas, exigindo uma abordagem mais cuidadosa e \u00e9tica em seu desenvolvimento e uso.<\/p>\n<h2>Al\u00e9m da tela: Como a IA generativa molda nossa percep\u00e7\u00e3o e emo\u00e7\u00f5es<\/h2>\n<p>Para entender profundamente o <strong>impacto da IA na sa\u00fade mental<\/strong>, precisamos ir al\u00e9m do caso individual e analisar os mecanismos psicol\u00f3gicos que a IA generativa ativa. Em primeiro lugar, a cria\u00e7\u00e3o incessante de autoimagens idealizadas pode exacerbar o perfeccionismo e a dismorfia corporal. Ao ver vers\u00f5es &#8220;melhoradas&#8221; de si mesmos, os usu\u00e1rios podem desenvolver uma insatisfa\u00e7\u00e3o profunda com sua apar\u00eancia real, levando a problemas de autoestima, ansiedade e depress\u00e3o. A busca por essa imagem idealizada, impulsionada pela facilidade da IA, torna-se uma corrida sem fim, pois a &#8220;perfei\u00e7\u00e3o&#8221; digital \u00e9 sempre alcan\u00e7\u00e1vel, mas a real, n\u00e3o.<\/p>\n<p>Em segundo lugar, a IA generativa oferece um portal para o escapismo digital. \u00c9 poss\u00edvel criar mundos inteiros, personas fict\u00edcias e cen\u00e1rios fantasiosos com uma riqueza de detalhes sem precedentes. Para alguns, isso pode ser uma sa\u00edda criativa e ben\u00e9fica. Para outros, especialmente aqueles que j\u00e1 lutam com a realidade ou que t\u00eam tend\u00eancias a se isolar, essa capacidade pode levar a uma desconex\u00e3o perigosa. A imers\u00e3o em realidades simuladas pode dificultar a distin\u00e7\u00e3o entre o que \u00e9 real e o que \u00e9 criado, contribuindo para epis\u00f3dios de despersonaliza\u00e7\u00e3o ou desrealiza\u00e7\u00e3o, onde a pessoa se sente distante de si mesma ou do ambiente.<\/p>\n<p>A natureza viciante do engajamento com a IA generativa tamb\u00e9m \u00e9 um fator crucial. Cada nova solicita\u00e7\u00e3o (prompt) e cada nova imagem gerada ativam os centros de recompensa do c\u00e9rebro. Este ciclo de &#8220;tentativa e erro&#8221; seguido de gratifica\u00e7\u00e3o imediata \u00e9 semelhante aos mecanismos de v\u00edcio observados em jogos de azar ou redes sociais. A diferen\u00e7a \u00e9 que a IA generativa oferece um grau de personaliza\u00e7\u00e3o e cria\u00e7\u00e3o ativa que pode ser ainda mais envolvente. O desejo de ver &#8220;o que mais a IA pode fazer&#8221; ou &#8220;como eu ficaria com&#8230;&#8221; pode consumir horas, desviando a aten\u00e7\u00e3o de responsabilidades e intera\u00e7\u00f5es sociais no mundo real.<\/p>\n<p>Al\u00e9m disso, o aspecto de &#8220;cocria\u00e7\u00e3o&#8221; entre humano e m\u00e1quina pode levantar quest\u00f5es complexas sobre autoria e identidade. Se a IA \u00e9 uma ferramenta que &#8220;completa&#8221; nossos pensamentos e vis\u00f5es, onde termina a nossa criatividade e come\u00e7a a da m\u00e1quina? Para artistas e criadores, isso pode ser uma fonte de ang\u00fastia existencial. Para o p\u00fablico em geral, pode distorcer a percep\u00e7\u00e3o do que \u00e9 arte, beleza ou mesmo realidade, gerando uma cultura de falsifica\u00e7\u00f5es digitais (deepfakes) que s\u00e3o quase indistingu\u00edveis da verdade, com graves consequ\u00eancias sociais e pol\u00edticas, al\u00e9m das pessoais.<\/p>\n<h2>Navegando o futuro com consci\u00eancia: Estrat\u00e9gias para um uso saud\u00e1vel da IA<\/h2>\n<p>Diante dos potenciais riscos para o bem-estar mental, \u00e9 fundamental desenvolver estrat\u00e9gias para um uso consciente e saud\u00e1vel da intelig\u00eancia artificial. Isso requer uma abordagem multifacetada, envolvendo usu\u00e1rios, desenvolvedores e a sociedade como um todo. Primeiramente, os usu\u00e1rios devem cultivar uma alfabetiza\u00e7\u00e3o digital cr\u00edtica, entendendo como a IA funciona, suas limita\u00e7\u00f5es e seus potenciais vieses. Praticar a &#8220;higiene digital&#8221; \u00e9 essencial: estabelecer limites de tempo para o uso de ferramentas de IA, fazer pausas regulares, engajar-se em atividades no mundo real e priorizar o sono e a intera\u00e7\u00e3o social offline.<\/p>\n<p>\u00c9 vital que as pessoas aprendam a questionar a autenticidade e a inten\u00e7\u00e3o por tr\u00e1s das imagens e informa\u00e7\u00f5es geradas por IA, especialmente quando envolvem a pr\u00f3pria imagem ou identidade. Buscar ajuda profissional \u00e9 crucial se o uso da IA come\u00e7ar a interferir na vida di\u00e1ria, no humor ou nos relacionamentos. Reconhecer os sinais de alerta de obsess\u00e3o, isolamento ou desconex\u00e3o da realidade \u00e9 o primeiro passo para buscar suporte.<\/p>\n<p>Por parte dos desenvolvedores e empresas de IA, a responsabilidade \u00e9tica \u00e9 ineg\u00e1vel. Eles devem priorizar o bem-estar do usu\u00e1rio na fase de design e implementa\u00e7\u00e3o. Isso inclui incorporar mecanismos de alerta de uso excessivo, oferecer op\u00e7\u00f5es de &#8220;pausa&#8221; ou &#8220;limite de tempo&#8221; nas plataformas, e desenvolver algoritmos que mitiguem a cria\u00e7\u00e3o de conte\u00fado potencialmente prejudicial ou viciante. Al\u00e9m disso, a transpar\u00eancia sobre como os modelos de IA s\u00e3o treinados e quais dados s\u00e3o utilizados \u00e9 fundamental para construir confian\u00e7a e permitir que os usu\u00e1rios fa\u00e7am escolhas informadas. A cria\u00e7\u00e3o de guidelines \u00e9ticos e a colabora\u00e7\u00e3o com especialistas em sa\u00fade mental para entender melhor o <strong>impacto da IA na sa\u00fade mental<\/strong> s\u00e3o passos imprescind\u00edveis.<\/p>\n<p>A sociedade, por sua vez, precisa fomentar um di\u00e1logo aberto e cont\u00ednuo sobre os efeitos da IA na vida humana. Governos e \u00f3rg\u00e3os reguladores podem desempenhar um papel ao estabelecer normas e regulamenta\u00e7\u00f5es que protejam os usu\u00e1rios de usos abusivos ou irrespons\u00e1veis da IA. A educa\u00e7\u00e3o p\u00fablica sobre os riscos e benef\u00edcios da IA, desde cedo, \u00e9 fundamental para preparar as futuras gera\u00e7\u00f5es para viverem em um mundo cada vez mais integrado com a intelig\u00eancia artificial. Em vez de temer a IA, devemos aprender a domin\u00e1-la com sabedoria, garantindo que ela sirva \u00e0 humanidade, e n\u00e3o o contr\u00e1rio.<\/p>\n<p>O caso da mulher que vivenciou psicose induzida por IA \u00e9 um lembrete contundente de que a tecnologia, por mais avan\u00e7ada que seja, n\u00e3o est\u00e1 desvinculada da nossa complexa natureza humana. A intelig\u00eancia artificial oferece um potencial transformador para a sociedade, mas devemos abord\u00e1-la com uma consci\u00eancia aguda de seus riscos e com um compromisso inabal\u00e1vel com o bem-estar humano. Priorizar a sa\u00fade mental no desenvolvimento e uso da IA n\u00e3o \u00e9 apenas uma quest\u00e3o \u00e9tica; \u00e9 uma necessidade pr\u00e1tica para garantir que constru\u00edmos um futuro onde a tecnologia realmente nos capacite, em vez de nos aprisionar.<\/p>\n<p>Ao avan\u00e7armos na era da intelig\u00eancia artificial, \u00e9 nossa responsabilidade coletiva garantir que a inova\u00e7\u00e3o seja guiada por princ\u00edpios de humanidade e cuidado. A busca incessante por avan\u00e7os tecnol\u00f3gicos deve ser equilibrada com uma profunda reflex\u00e3o sobre como essas ferramentas moldam nossa mente, nossa identidade e nossa rela\u00e7\u00e3o com a realidade. Somente assim poderemos colher os frutos da IA sem sacrificar o que nos torna essencialmente humanos.<\/p>\n","protected":false},"excerpt":{"rendered":"<p>A intelig\u00eancia artificial (IA) tem revolucionado a forma como vivemos, trabalhamos e interagimos com o mundo. De assistentes virtuais a algoritmos de recomenda\u00e7\u00e3o, e agora com as incr\u00edveis ferramentas de IA generativa, como as que criam imagens, textos e at\u00e9 m\u00fasicas, o futuro parece mais pr\u00f3ximo do que nunca. No entanto, em meio a essa [&hellip;]<\/p>\n","protected":false},"author":1,"featured_media":2953,"comment_status":"open","ping_status":"open","sticky":false,"template":"","format":"standard","meta":{"_yoast_wpseo_focuskw":"impacto da IA na sa\u00fade mental","_yoast_wpseo_metadesc":"Explore o complexo impacto da intelig\u00eancia artificial na sa\u00fade mental, atrav\u00e9s de um caso real de psicose induzida por IA e as implica\u00e7\u00f5es para o futuro digital. Saiba como usar a IA de forma consciente.","footnotes":""},"categories":[2],"tags":[],"class_list":["post-2954","post","type-post","status-publish","format-standard","has-post-thumbnail","hentry","category-novidades"],"yoast_head":"<!-- This site is optimized with the Yoast SEO plugin v25.6 - https:\/\/yoast.com\/wordpress\/plugins\/seo\/ -->\n<title>IA e a Mente Humana: Quando a Cria\u00e7\u00e3o Digital Desafia Nossa Sa\u00fade Mental - Lacerda AI<\/title>\n<meta name=\"description\" content=\"Explore o complexo impacto da intelig\u00eancia artificial na sa\u00fade mental, atrav\u00e9s de um caso real de psicose induzida por IA e as implica\u00e7\u00f5es para o futuro digital. Saiba como usar a IA de forma consciente.\" \/>\n<meta name=\"robots\" content=\"index, follow, max-snippet:-1, max-image-preview:large, max-video-preview:-1\" \/>\n<link rel=\"canonical\" href=\"https:\/\/lacerdaai.com\/br\/ia-e-a-mente-humana-quando-a-criacao-digital-desafia-nossa-saude-mental\/\" \/>\n<meta property=\"og:locale\" content=\"pt_BR\" \/>\n<meta property=\"og:type\" content=\"article\" \/>\n<meta property=\"og:title\" content=\"IA e a Mente Humana: Quando a Cria\u00e7\u00e3o Digital Desafia Nossa Sa\u00fade Mental - Lacerda AI\" \/>\n<meta property=\"og:description\" content=\"Explore o complexo impacto da intelig\u00eancia artificial na sa\u00fade mental, atrav\u00e9s de um caso real de psicose induzida por IA e as implica\u00e7\u00f5es para o futuro digital. Saiba como usar a IA de forma consciente.\" \/>\n<meta property=\"og:url\" content=\"https:\/\/lacerdaai.com\/br\/ia-e-a-mente-humana-quando-a-criacao-digital-desafia-nossa-saude-mental\/\" \/>\n<meta property=\"og:site_name\" content=\"Lacerda AI\" \/>\n<meta property=\"article:published_time\" content=\"2025-12-26T07:42:42+00:00\" \/>\n<meta property=\"article:modified_time\" content=\"2025-12-26T07:42:43+00:00\" \/>\n<meta name=\"author\" content=\"Andr\u00e9 Lacerda\" \/>\n<meta name=\"twitter:card\" content=\"summary_large_image\" \/>\n<meta name=\"twitter:label1\" content=\"Escrito por\" \/>\n\t<meta name=\"twitter:data1\" content=\"Andr\u00e9 Lacerda\" \/>\n\t<meta name=\"twitter:label2\" content=\"Est. tempo de leitura\" \/>\n\t<meta name=\"twitter:data2\" content=\"9 minutos\" \/>\n<script type=\"application\/ld+json\" class=\"yoast-schema-graph\">{\"@context\":\"https:\/\/schema.org\",\"@graph\":[{\"@type\":\"WebPage\",\"@id\":\"https:\/\/lacerdaai.com\/br\/ia-e-a-mente-humana-quando-a-criacao-digital-desafia-nossa-saude-mental\/\",\"url\":\"https:\/\/lacerdaai.com\/br\/ia-e-a-mente-humana-quando-a-criacao-digital-desafia-nossa-saude-mental\/\",\"name\":\"IA e a Mente Humana: Quando a Cria\u00e7\u00e3o Digital Desafia Nossa Sa\u00fade Mental - Lacerda AI\",\"isPartOf\":{\"@id\":\"https:\/\/lacerdaai.com\/br\/#website\"},\"primaryImageOfPage\":{\"@id\":\"https:\/\/lacerdaai.com\/br\/ia-e-a-mente-humana-quando-a-criacao-digital-desafia-nossa-saude-mental\/#primaryimage\"},\"image\":{\"@id\":\"https:\/\/lacerdaai.com\/br\/ia-e-a-mente-humana-quando-a-criacao-digital-desafia-nossa-saude-mental\/#primaryimage\"},\"thumbnailUrl\":\"https:\/\/lacerdaai.com\/br\/wp-content\/uploads\/2025\/12\/imagem-110.jpg\",\"datePublished\":\"2025-12-26T07:42:42+00:00\",\"dateModified\":\"2025-12-26T07:42:43+00:00\",\"author\":{\"@id\":\"https:\/\/lacerdaai.com\/br\/#\/schema\/person\/8bad803c2e83a0c5c5c75e02a1c2248f\"},\"description\":\"Explore o complexo impacto da intelig\u00eancia artificial na sa\u00fade mental, atrav\u00e9s de um caso real de psicose induzida por IA e as implica\u00e7\u00f5es para o futuro digital. Saiba como usar a IA de forma consciente.\",\"breadcrumb\":{\"@id\":\"https:\/\/lacerdaai.com\/br\/ia-e-a-mente-humana-quando-a-criacao-digital-desafia-nossa-saude-mental\/#breadcrumb\"},\"inLanguage\":\"pt-BR\",\"potentialAction\":[{\"@type\":\"ReadAction\",\"target\":[\"https:\/\/lacerdaai.com\/br\/ia-e-a-mente-humana-quando-a-criacao-digital-desafia-nossa-saude-mental\/\"]}]},{\"@type\":\"ImageObject\",\"inLanguage\":\"pt-BR\",\"@id\":\"https:\/\/lacerdaai.com\/br\/ia-e-a-mente-humana-quando-a-criacao-digital-desafia-nossa-saude-mental\/#primaryimage\",\"url\":\"https:\/\/lacerdaai.com\/br\/wp-content\/uploads\/2025\/12\/imagem-110.jpg\",\"contentUrl\":\"https:\/\/lacerdaai.com\/br\/wp-content\/uploads\/2025\/12\/imagem-110.jpg\",\"width\":1200,\"height\":800},{\"@type\":\"BreadcrumbList\",\"@id\":\"https:\/\/lacerdaai.com\/br\/ia-e-a-mente-humana-quando-a-criacao-digital-desafia-nossa-saude-mental\/#breadcrumb\",\"itemListElement\":[{\"@type\":\"ListItem\",\"position\":1,\"name\":\"In\u00edcio\",\"item\":\"https:\/\/lacerdaai.com\/br\/\"},{\"@type\":\"ListItem\",\"position\":2,\"name\":\"IA e a Mente Humana: Quando a Cria\u00e7\u00e3o Digital Desafia Nossa Sa\u00fade Mental\"}]},{\"@type\":\"WebSite\",\"@id\":\"https:\/\/lacerdaai.com\/br\/#website\",\"url\":\"https:\/\/lacerdaai.com\/br\/\",\"name\":\"Lacerda AI\",\"description\":\"Seu blog di\u00e1rio de novidades do mundo da Inteligencia Artificial\",\"potentialAction\":[{\"@type\":\"SearchAction\",\"target\":{\"@type\":\"EntryPoint\",\"urlTemplate\":\"https:\/\/lacerdaai.com\/br\/?s={search_term_string}\"},\"query-input\":{\"@type\":\"PropertyValueSpecification\",\"valueRequired\":true,\"valueName\":\"search_term_string\"}}],\"inLanguage\":\"pt-BR\"},{\"@type\":\"Person\",\"@id\":\"https:\/\/lacerdaai.com\/br\/#\/schema\/person\/8bad803c2e83a0c5c5c75e02a1c2248f\",\"name\":\"Andr\u00e9 Lacerda\",\"image\":{\"@type\":\"ImageObject\",\"inLanguage\":\"pt-BR\",\"@id\":\"https:\/\/lacerdaai.com\/br\/#\/schema\/person\/image\/\",\"url\":\"https:\/\/secure.gravatar.com\/avatar\/f5c1fa5ad9763f54c1f223c3fc91f131da6288c9f9e28d74bb3c355ad99af205?s=96&d=mm&r=g\",\"contentUrl\":\"https:\/\/secure.gravatar.com\/avatar\/f5c1fa5ad9763f54c1f223c3fc91f131da6288c9f9e28d74bb3c355ad99af205?s=96&d=mm&r=g\",\"caption\":\"Andr\u00e9 Lacerda\"},\"description\":\"Sou o Andr\u00e9 Lacerda, tenho 35 anos e sou apaixonado por tecnologia, intelig\u00eancia artificial e boas hist\u00f3rias. Me formei em Tecnologia e Jornalismo \u2014 sim, uma mistura meio improv\u00e1vel, mas que combina muito comigo. J\u00e1 morei no Canad\u00e1 e na Espanha, e essas experi\u00eancias me ajudaram a enxergar a inova\u00e7\u00e3o com um olhar mais global (e a me virar bem em tr\u00eas idiomas \ud83d\ude04). Trabalhei em algumas das maiores empresas de tecnologia do mercado e, hoje, atuo como consultor ajudando neg\u00f3cios a entenderem e aplicarem IA de forma pr\u00e1tica, estrat\u00e9gica e humana. Gosto de traduzir o complexo em algo simples \u2014 e \u00e9 isso que voc\u00ea vai encontrar por aqui.\",\"sameAs\":[\"http:\/\/lacerdaai.com\/br\"],\"url\":\"https:\/\/lacerdaai.com\/br\/author\/red-admin\/\"}]}<\/script>\n<!-- \/ Yoast SEO plugin. -->","yoast_head_json":{"title":"IA e a Mente Humana: Quando a Cria\u00e7\u00e3o Digital Desafia Nossa Sa\u00fade Mental - Lacerda AI","description":"Explore o complexo impacto da intelig\u00eancia artificial na sa\u00fade mental, atrav\u00e9s de um caso real de psicose induzida por IA e as implica\u00e7\u00f5es para o futuro digital. Saiba como usar a IA de forma consciente.","robots":{"index":"index","follow":"follow","max-snippet":"max-snippet:-1","max-image-preview":"max-image-preview:large","max-video-preview":"max-video-preview:-1"},"canonical":"https:\/\/lacerdaai.com\/br\/ia-e-a-mente-humana-quando-a-criacao-digital-desafia-nossa-saude-mental\/","og_locale":"pt_BR","og_type":"article","og_title":"IA e a Mente Humana: Quando a Cria\u00e7\u00e3o Digital Desafia Nossa Sa\u00fade Mental - Lacerda AI","og_description":"Explore o complexo impacto da intelig\u00eancia artificial na sa\u00fade mental, atrav\u00e9s de um caso real de psicose induzida por IA e as implica\u00e7\u00f5es para o futuro digital. Saiba como usar a IA de forma consciente.","og_url":"https:\/\/lacerdaai.com\/br\/ia-e-a-mente-humana-quando-a-criacao-digital-desafia-nossa-saude-mental\/","og_site_name":"Lacerda AI","article_published_time":"2025-12-26T07:42:42+00:00","article_modified_time":"2025-12-26T07:42:43+00:00","author":"Andr\u00e9 Lacerda","twitter_card":"summary_large_image","twitter_misc":{"Escrito por":"Andr\u00e9 Lacerda","Est. tempo de leitura":"9 minutos"},"schema":{"@context":"https:\/\/schema.org","@graph":[{"@type":"WebPage","@id":"https:\/\/lacerdaai.com\/br\/ia-e-a-mente-humana-quando-a-criacao-digital-desafia-nossa-saude-mental\/","url":"https:\/\/lacerdaai.com\/br\/ia-e-a-mente-humana-quando-a-criacao-digital-desafia-nossa-saude-mental\/","name":"IA e a Mente Humana: Quando a Cria\u00e7\u00e3o Digital Desafia Nossa Sa\u00fade Mental - Lacerda AI","isPartOf":{"@id":"https:\/\/lacerdaai.com\/br\/#website"},"primaryImageOfPage":{"@id":"https:\/\/lacerdaai.com\/br\/ia-e-a-mente-humana-quando-a-criacao-digital-desafia-nossa-saude-mental\/#primaryimage"},"image":{"@id":"https:\/\/lacerdaai.com\/br\/ia-e-a-mente-humana-quando-a-criacao-digital-desafia-nossa-saude-mental\/#primaryimage"},"thumbnailUrl":"https:\/\/lacerdaai.com\/br\/wp-content\/uploads\/2025\/12\/imagem-110.jpg","datePublished":"2025-12-26T07:42:42+00:00","dateModified":"2025-12-26T07:42:43+00:00","author":{"@id":"https:\/\/lacerdaai.com\/br\/#\/schema\/person\/8bad803c2e83a0c5c5c75e02a1c2248f"},"description":"Explore o complexo impacto da intelig\u00eancia artificial na sa\u00fade mental, atrav\u00e9s de um caso real de psicose induzida por IA e as implica\u00e7\u00f5es para o futuro digital. Saiba como usar a IA de forma consciente.","breadcrumb":{"@id":"https:\/\/lacerdaai.com\/br\/ia-e-a-mente-humana-quando-a-criacao-digital-desafia-nossa-saude-mental\/#breadcrumb"},"inLanguage":"pt-BR","potentialAction":[{"@type":"ReadAction","target":["https:\/\/lacerdaai.com\/br\/ia-e-a-mente-humana-quando-a-criacao-digital-desafia-nossa-saude-mental\/"]}]},{"@type":"ImageObject","inLanguage":"pt-BR","@id":"https:\/\/lacerdaai.com\/br\/ia-e-a-mente-humana-quando-a-criacao-digital-desafia-nossa-saude-mental\/#primaryimage","url":"https:\/\/lacerdaai.com\/br\/wp-content\/uploads\/2025\/12\/imagem-110.jpg","contentUrl":"https:\/\/lacerdaai.com\/br\/wp-content\/uploads\/2025\/12\/imagem-110.jpg","width":1200,"height":800},{"@type":"BreadcrumbList","@id":"https:\/\/lacerdaai.com\/br\/ia-e-a-mente-humana-quando-a-criacao-digital-desafia-nossa-saude-mental\/#breadcrumb","itemListElement":[{"@type":"ListItem","position":1,"name":"In\u00edcio","item":"https:\/\/lacerdaai.com\/br\/"},{"@type":"ListItem","position":2,"name":"IA e a Mente Humana: Quando a Cria\u00e7\u00e3o Digital Desafia Nossa Sa\u00fade Mental"}]},{"@type":"WebSite","@id":"https:\/\/lacerdaai.com\/br\/#website","url":"https:\/\/lacerdaai.com\/br\/","name":"Lacerda AI","description":"Seu blog di\u00e1rio de novidades do mundo da Inteligencia Artificial","potentialAction":[{"@type":"SearchAction","target":{"@type":"EntryPoint","urlTemplate":"https:\/\/lacerdaai.com\/br\/?s={search_term_string}"},"query-input":{"@type":"PropertyValueSpecification","valueRequired":true,"valueName":"search_term_string"}}],"inLanguage":"pt-BR"},{"@type":"Person","@id":"https:\/\/lacerdaai.com\/br\/#\/schema\/person\/8bad803c2e83a0c5c5c75e02a1c2248f","name":"Andr\u00e9 Lacerda","image":{"@type":"ImageObject","inLanguage":"pt-BR","@id":"https:\/\/lacerdaai.com\/br\/#\/schema\/person\/image\/","url":"https:\/\/secure.gravatar.com\/avatar\/f5c1fa5ad9763f54c1f223c3fc91f131da6288c9f9e28d74bb3c355ad99af205?s=96&d=mm&r=g","contentUrl":"https:\/\/secure.gravatar.com\/avatar\/f5c1fa5ad9763f54c1f223c3fc91f131da6288c9f9e28d74bb3c355ad99af205?s=96&d=mm&r=g","caption":"Andr\u00e9 Lacerda"},"description":"Sou o Andr\u00e9 Lacerda, tenho 35 anos e sou apaixonado por tecnologia, intelig\u00eancia artificial e boas hist\u00f3rias. Me formei em Tecnologia e Jornalismo \u2014 sim, uma mistura meio improv\u00e1vel, mas que combina muito comigo. J\u00e1 morei no Canad\u00e1 e na Espanha, e essas experi\u00eancias me ajudaram a enxergar a inova\u00e7\u00e3o com um olhar mais global (e a me virar bem em tr\u00eas idiomas \ud83d\ude04). Trabalhei em algumas das maiores empresas de tecnologia do mercado e, hoje, atuo como consultor ajudando neg\u00f3cios a entenderem e aplicarem IA de forma pr\u00e1tica, estrat\u00e9gica e humana. Gosto de traduzir o complexo em algo simples \u2014 e \u00e9 isso que voc\u00ea vai encontrar por aqui.","sameAs":["http:\/\/lacerdaai.com\/br"],"url":"https:\/\/lacerdaai.com\/br\/author\/red-admin\/"}]}},"_links":{"self":[{"href":"https:\/\/lacerdaai.com\/br\/wp-json\/wp\/v2\/posts\/2954","targetHints":{"allow":["GET"]}}],"collection":[{"href":"https:\/\/lacerdaai.com\/br\/wp-json\/wp\/v2\/posts"}],"about":[{"href":"https:\/\/lacerdaai.com\/br\/wp-json\/wp\/v2\/types\/post"}],"author":[{"embeddable":true,"href":"https:\/\/lacerdaai.com\/br\/wp-json\/wp\/v2\/users\/1"}],"replies":[{"embeddable":true,"href":"https:\/\/lacerdaai.com\/br\/wp-json\/wp\/v2\/comments?post=2954"}],"version-history":[{"count":1,"href":"https:\/\/lacerdaai.com\/br\/wp-json\/wp\/v2\/posts\/2954\/revisions"}],"predecessor-version":[{"id":2955,"href":"https:\/\/lacerdaai.com\/br\/wp-json\/wp\/v2\/posts\/2954\/revisions\/2955"}],"wp:featuredmedia":[{"embeddable":true,"href":"https:\/\/lacerdaai.com\/br\/wp-json\/wp\/v2\/media\/2953"}],"wp:attachment":[{"href":"https:\/\/lacerdaai.com\/br\/wp-json\/wp\/v2\/media?parent=2954"}],"wp:term":[{"taxonomy":"category","embeddable":true,"href":"https:\/\/lacerdaai.com\/br\/wp-json\/wp\/v2\/categories?post=2954"},{"taxonomy":"post_tag","embeddable":true,"href":"https:\/\/lacerdaai.com\/br\/wp-json\/wp\/v2\/tags?post=2954"}],"curies":[{"name":"wp","href":"https:\/\/api.w.org\/{rel}","templated":true}]}}