{"id":2966,"date":"2025-12-26T20:42:42","date_gmt":"2025-12-26T23:42:42","guid":{"rendered":"https:\/\/lacerdaai.com\/br\/a-inteligencia-artificial-vai-roubar-o-seu-emprego-de-criadores-a-profissionais-a-preocupacao-cresce\/"},"modified":"2025-12-26T20:42:44","modified_gmt":"2025-12-26T23:42:44","slug":"a-inteligencia-artificial-vai-roubar-o-seu-emprego-de-criadores-a-profissionais-a-preocupacao-cresce","status":"publish","type":"post","link":"https:\/\/lacerdaai.com\/br\/a-inteligencia-artificial-vai-roubar-o-seu-emprego-de-criadores-a-profissionais-a-preocupacao-cresce\/","title":{"rendered":"A Intelig\u00eancia Artificial Vai Roubar o Seu Emprego? De Criadores a Profissionais, a Preocupa\u00e7\u00e3o Cresce"},"content":{"rendered":"<p>## A Intelig\u00eancia Artificial Vai Roubar o Seu Emprego? De Criadores a Profissionais, a Preocupa\u00e7\u00e3o Cresce<\/p>\n<p>Recentemente, uma preocupa\u00e7\u00e3o que ecoa em diversas camadas da sociedade ganhou os holofotes digitais atrav\u00e9s de uma postagem da criadora de conte\u00fado Sophie Rain, conhecida por seu trabalho no OnlyFans. Em sua conta no X (antigo Twitter), Rain questionou abertamente se a intelig\u00eancia artificial (IA) poderia, de fato, tomar seu lugar no mercado. Essa n\u00e3o \u00e9 uma preocupa\u00e7\u00e3o isolada; na verdade, \u00e9 um tema que tem pautado discuss\u00f5es entre celebridades, artistas, empres\u00e1rios e trabalhadores de todos os setores. A ascens\u00e3o mete\u00f3rica da IA generativa, em particular, levantou um v\u00e9u de incerteza sobre o futuro de muitas profiss\u00f5es, alimentando tanto o fasc\u00ednio quanto o medo de uma revolu\u00e7\u00e3o sem precedentes.<\/p>\n<p>Mas ser\u00e1 que o receio \u00e9 justificado? A IA est\u00e1 realmente no caminho de substituir milh\u00f5es de empregos, ou estamos diante de uma ferramenta poderosa que, se bem utilizada, pode impulsionar a criatividade e a produtividade humanas a n\u00edveis nunca antes imaginados? Neste artigo, vamos mergulhar fundo nessa quest\u00e3o complexa, explorando o impacto da IA em diferentes setores, desde o universo dos criadores de conte\u00fado digital at\u00e9 as profiss\u00f5es mais tradicionais, e discorrer sobre as estrat\u00e9gias que podemos adotar para navegar neste novo e empolgante cen\u00e1rio profissional. Prepare-se para desvendar mitos e verdades sobre o futuro do trabalho na era da intelig\u00eancia artificial.<\/p>\n<p>### <strong>Intelig\u00eancia artificial no mercado de trabalho<\/strong>: O que realmente est\u00e1 em jogo?<\/p>\n<p>A preocupa\u00e7\u00e3o sobre a **intelig\u00eancia artificial no mercado de trabalho** n\u00e3o \u00e9 meramente uma fantasia de fic\u00e7\u00e3o cient\u00edfica; ela reflete uma transforma\u00e7\u00e3o tecnol\u00f3gica profunda que j\u00e1 est\u00e1 em curso. Historicamente, a humanidade passou por diversas revolu\u00e7\u00f5es industriais, cada uma delas redefinindo o que significa trabalhar. Da m\u00e1quina a vapor \u00e0 eletricidade, da linha de montagem \u00e0 internet, cada avan\u00e7o tecnol\u00f3gico trouxe consigo a promessa de maior efici\u00eancia e, inevitavelmente, o deslocamento de certas fun\u00e7\u00f5es, ao mesmo tempo em que criava novas. A IA \u00e9 a mais recente dessas for\u00e7as disruptivas, mas com uma distin\u00e7\u00e3o crucial: ela n\u00e3o automatiza apenas tarefas f\u00edsicas ou repetitivas, mas tamb\u00e9m processos cognitivos que antes eram exclusivamente humanos.<\/p>\n<p>Relat\u00f3rios de institui\u00e7\u00f5es renomadas como o F\u00f3rum Econ\u00f4mico Mundial e a PwC preveem que milh\u00f5es de empregos ser\u00e3o transformados pela IA nos pr\u00f3ximos anos. Isso n\u00e3o significa necessariamente que todas essas posi\u00e7\u00f5es desaparecer\u00e3o. Na verdade, a maioria dos especialistas sugere um cen\u00e1rio mais matizado: a IA ir\u00e1 complementar o trabalho humano, automatizando tarefas rotineiras e permitindo que os profissionais se concentrem em atividades que exigem criatividade, pensamento cr\u00edtico, intelig\u00eancia emocional e habilidades interpessoais \u2013 justamente as \u00e1reas onde a IA ainda demonstra suas maiores limita\u00e7\u00f5es. No entanto, \u00e9 ineg\u00e1vel que algumas fun\u00e7\u00f5es ser\u00e3o extintas, enquanto outras ser\u00e3o radicalmente modificadas, e um grande n\u00famero de novas profiss\u00f5es surgir\u00e1. Estamos falando de uma reestrutura\u00e7\u00e3o profunda, que afeta desde o ch\u00e3o de f\u00e1brica at\u00e9 os escrit\u00f3rios de alta ger\u00eancia, passando, como vimos, pelos criadores de conte\u00fado digital.<\/p>\n<p>O debate central n\u00e3o \u00e9 se a IA vai mudar o mercado de trabalho, mas sim *como* ela o far\u00e1 e como podemos nos preparar. A capacidade da IA de processar vastas quantidades de dados, identificar padr\u00f5es, aprender e at\u00e9 mesmo gerar conte\u00fado original em texto, imagem e v\u00eddeo coloca em quest\u00e3o a singularidade de certas habilidades humanas. Tarefas como an\u00e1lise de dados, atendimento ao cliente, reda\u00e7\u00e3o de relat\u00f3rios b\u00e1sicos, e at\u00e9 mesmo a cria\u00e7\u00e3o de designs gr\u00e1ficos e trilhas sonoras simples j\u00e1 podem ser significativamente auxiliadas ou, em alguns casos, realizadas inteiramente por algoritmos. Essa capacidade de replica\u00e7\u00e3o e gera\u00e7\u00e3o de conte\u00fado sint\u00e9tico \u00e9 exatamente o que alimenta a apreens\u00e3o de figuras como Sophie Rain, que veem a linha entre a cria\u00e7\u00e3o humana e a artificial se tornar cada vez mais t\u00eanue.<\/p>\n<p>### Do Conte\u00fado Digital \u00e0 Cria\u00e7\u00e3o Art\u00edstica: O Toque da IA<\/p>\n<p>A preocupa\u00e7\u00e3o expressa por Sophie Rain \u00e9 particularmente pertinente no universo dos criadores de conte\u00fado digital, uma \u00e1rea que, \u00e0 primeira vista, parece ser intrinsecamente humana e criativa. No entanto, a IA generativa tem demonstrado uma capacidade surpreendente de emular e at\u00e9 mesmo inovar em dom\u00ednios art\u00edsticos e de entretenimento. Ferramentas como Midjourney, Stable Diffusion e DALL-E, capazes de gerar imagens complexas a partir de simples descri\u00e7\u00f5es textuais, ou modelos como o Sora, que cria v\u00eddeos realistas, j\u00e1 est\u00e3o desafiando as no\u00e7\u00f5es tradicionais de autoria e originalidade.<\/p>\n<p>Pense nos avatares virtuais e influenciadores digitais criados por IA. Eles possuem milh\u00f5es de seguidores, fecham contratos de publicidade e interagem com o p\u00fablico, tudo sem a necessidade de um corpo f\u00edsico ou mesmo de um ser humano por tr\u00e1s de cada post. Claro, h\u00e1 equipes humanas que os programam e gerenciam, mas a \u201cpersona\u201d e o conte\u00fado que eles geram muitas vezes v\u00eam de algoritmos. Isso levanta quest\u00f5es s\u00e9rias para criadores de conte\u00fado que dependem de sua imagem, voz e personalidade para construir uma marca. Se a IA pode replicar caracter\u00edsticas est\u00e9ticas, padr\u00f5es de fala e at\u00e9 mesmo \u201cpersonalidades\u201d digitais, qual ser\u00e1 o diferencial do criador humano?<\/p>\n<p>Al\u00e9m disso, a IA pode automatizar partes do processo criativo: edi\u00e7\u00e3o de v\u00eddeo, retoque de fotos, gera\u00e7\u00e3o de ideias para roteiros ou posts, e at\u00e9 mesmo a cria\u00e7\u00e3o de m\u00fasicas de fundo. Um m\u00fasico pode usar a IA para gerar melodias, um designer para criar varia\u00e7\u00f5es de logos, e um escritor para superar o bloqueio criativo com sugest\u00f5es de enredo. A quest\u00e3o, portanto, n\u00e3o \u00e9 apenas a substitui\u00e7\u00e3o, mas a redefini\u00e7\u00e3o do papel do criador. Em vez de \u201cfazer tudo do zero\u201d, o futuro pode envolver mais curadoria, dire\u00e7\u00e3o e refino de materiais gerados por IA. A habilidade de dar *prompts* eficazes a uma IA (a chamada \u201cengenharia de prompt\u201d) pode se tornar t\u00e3o valiosa quanto a habilidade t\u00e9cnica tradicional.<\/p>\n<p>No entanto, \u00e9 fundamental reconhecer as limita\u00e7\u00f5es atuais da IA. Ela carece de consci\u00eancia, empatia e da capacidade de vivenciar e interpretar o mundo de uma forma verdadeiramente humana. A IA pode simular emo\u00e7\u00f5es, mas n\u00e3o as sente. Ela pode criar arte, mas n\u00e3o tem a inten\u00e7\u00e3o ou a paix\u00e3o que impulsionam um artista. A profundidade da conex\u00e3o humana, a espontaneidade e a autenticidade que muitos criadores oferecem ainda s\u00e3o dom\u00ednios exclusivos do ser humano. O desafio para os criadores \u00e9 encontrar o equil\u00edbrio entre usar a IA como uma ferramenta para potencializar seu trabalho e preservar a ess\u00eancia humana que os torna \u00fanicos e insubstitu\u00edveis.<\/p>\n<p>### Adaptando-se \u00e0 Era da IA: Novas Habilidades e Oportunidades<\/p>\n<p>Diante de um cen\u00e1rio de r\u00e1pidas mudan\u00e7as na **intelig\u00eancia artificial no mercado de trabalho**, a adapta\u00e7\u00e3o se torna a palavra-chave. Em vez de focar apenas nos empregos que podem ser substitu\u00eddos, \u00e9 mais produtivo pensar nas novas fun\u00e7\u00f5es que surgir\u00e3o e nas habilidades que se tornar\u00e3o indispens\u00e1veis. A hist\u00f3ria mostra que a cada revolu\u00e7\u00e3o tecnol\u00f3gica, a sociedade se adapta, novas ind\u00fastrias nascem e a natureza do trabalho evolui.<\/p>\n<p>Uma das tend\u00eancias mais claras \u00e9 a valoriza\u00e7\u00e3o das \u201csoft skills\u201d ou habilidades socioemocionais. Comunica\u00e7\u00e3o eficaz, colabora\u00e7\u00e3o, pensamento cr\u00edtico, criatividade, resolu\u00e7\u00e3o de problemas complexos e intelig\u00eancia emocional s\u00e3o qualidades que a IA, por sua natureza algor\u00edtmica, n\u00e3o consegue replicar completamente. Um m\u00e9dico pode usar IA para diagnosticar com mais precis\u00e3o, mas a compaix\u00e3o e a capacidade de se comunicar com um paciente em um momento de vulnerabilidade continuam sendo fun\u00e7\u00f5es humanas essenciais. Da mesma forma, um l\u00edder de equipe pode usar a IA para otimizar processos, mas a motiva\u00e7\u00e3o e a inspira\u00e7\u00e3o de sua equipe dependem de sua intelig\u00eancia emocional e habilidades de lideran\u00e7a.<\/p>\n<p>Al\u00e9m das soft skills, a profici\u00eancia em IA e em tecnologias digitais se tornar\u00e1 um pr\u00e9-requisito em muitas \u00e1reas. N\u00e3o se trata de transformar todos em programadores, mas sim de desenvolver uma \u201calfabetiza\u00e7\u00e3o em IA\u201d: entender como a IA funciona, quais s\u00e3o suas capacidades e limita\u00e7\u00f5es, e como us\u00e1-la como uma ferramenta para aumentar a produtividade e a inova\u00e7\u00e3o. Isso inclui desde a j\u00e1 mencionada engenharia de prompt at\u00e9 a an\u00e1lise de dados gerados por IA e a capacidade de integrar solu\u00e7\u00f5es de IA em fluxos de trabalho existentes. Cursos de \u201cre-skilling\u201d (requalifica\u00e7\u00e3o) e \u201cup-skilling\u201d (aprimoramento de habilidades) ser\u00e3o cruciais para manter a for\u00e7a de trabalho relevante.<\/p>\n<p>Surpreendentemente, a IA tamb\u00e9m est\u00e1 criando toda uma gama de novas profiss\u00f5es. Al\u00e9m dos j\u00e1 conhecidos cientistas e engenheiros de IA, estamos vendo a emerg\u00eancia de cargos como: \u201ceticista de IA\u201d (para garantir que a IA seja desenvolvida e usada de forma respons\u00e1vel), \u201cdesigner de experi\u00eancia de usu\u00e1rio com IA\u201d (focando na intera\u00e7\u00e3o humano-IA), \u201ctreinadores de IA\u201d (que alimentam e validam os modelos de aprendizado), e at\u00e9 \u201ccuradores de conte\u00fado de IA\u201d (para refinar e contextualizar o que a IA produz). Esses novos pap\u00e9is exigem uma combina\u00e7\u00e3o de habilidades t\u00e9cnicas e humanas, destacando a natureza complementar da rela\u00e7\u00e3o entre IA e trabalho humano. O foco deve ser em como podemos *colaborar* com a IA, e n\u00e3o simplesmente competir com ela.<\/p>\n<p>### Conclus\u00e3o: Navegando no Futuro com Otimismo e Estrat\u00e9gia<\/p>\n<p>A pergunta de Sophie Rain sobre se a **intelig\u00eancia artificial no mercado de trabalho** vai tomar seu emprego reflete uma ansiedade leg\u00edtima e amplamente compartilhada. \u00c9 ineg\u00e1vel que a IA representar\u00e1 desafios significativos, exigindo uma reavalia\u00e7\u00e3o de habilidades e processos em praticamente todas as ind\u00fastrias. Fun\u00e7\u00f5es repetitivas, baseadas em regras e de menor complexidade cognitiva est\u00e3o mais suscet\u00edveis \u00e0 automa\u00e7\u00e3o, o que, por sua vez, exige que os profissionais busquem desenvolvimento e adaptem suas trajet\u00f3rias de carreira.<\/p>\n<p>No entanto, \u00e9 crucial que olhemos para a IA n\u00e3o como um advers\u00e1rio inevit\u00e1vel, mas como uma ferramenta poderosa para aprimorar a capacidade humana. A hist\u00f3ria nos ensina que a inova\u00e7\u00e3o tecnol\u00f3gica raramente resulta na destrui\u00e7\u00e3o total do trabalho, mas sim na sua transforma\u00e7\u00e3o. Ao inv\u00e9s de nos concentrarmos no medo da substitui\u00e7\u00e3o, devemos focar nas oportunidades de crescimento, na cria\u00e7\u00e3o de novas profiss\u00f5es e na possibilidade de elevar o n\u00edvel de criatividade e produtividade humana. A chave para prosperar na era da IA reside na proatividade: na aprendizagem cont\u00ednua, no desenvolvimento de habilidades complementares \u00e0 IA e na capacidade de colaborar com essa tecnologia para resolver problemas e inovar. O futuro do trabalho n\u00e3o ser\u00e1 sobre humanos versus m\u00e1quinas, mas sim sobre humanos *com* m\u00e1quinas, cocriando um amanh\u00e3 mais eficiente e, esperamos, mais pr\u00f3spero para todos.<\/p>\n","protected":false},"excerpt":{"rendered":"<p>## A Intelig\u00eancia Artificial Vai Roubar o Seu Emprego? De Criadores a Profissionais, a Preocupa\u00e7\u00e3o Cresce Recentemente, uma preocupa\u00e7\u00e3o que ecoa em diversas camadas da sociedade ganhou os holofotes digitais atrav\u00e9s de uma postagem da criadora de conte\u00fado Sophie Rain, conhecida por seu trabalho no OnlyFans. Em sua conta no X (antigo Twitter), Rain questionou [&hellip;]<\/p>\n","protected":false},"author":1,"featured_media":2965,"comment_status":"open","ping_status":"open","sticky":false,"template":"","format":"standard","meta":{"_yoast_wpseo_focuskw":"intelig\u00eancia artificial no mercado de trabalho","_yoast_wpseo_metadesc":"Apreens\u00e3o sobre a intelig\u00eancia artificial no mercado de trabalho ecoa de celebridades como Sophie Rain a especialistas. Explore como a IA est\u00e1 transformando carreiras, criando novas oportunidades e exigindo adapta\u00e7\u00e3o em um cen\u00e1rio profissional em constante evolu\u00e7\u00e3o.","footnotes":""},"categories":[2],"tags":[],"class_list":["post-2966","post","type-post","status-publish","format-standard","has-post-thumbnail","hentry","category-novidades"],"yoast_head":"<!-- This site is optimized with the Yoast SEO plugin v25.6 - https:\/\/yoast.com\/wordpress\/plugins\/seo\/ -->\n<title>A Intelig\u00eancia Artificial Vai Roubar o Seu Emprego? De Criadores a Profissionais, a Preocupa\u00e7\u00e3o Cresce - Lacerda AI<\/title>\n<meta name=\"description\" content=\"Apreens\u00e3o sobre a intelig\u00eancia artificial no mercado de trabalho ecoa de celebridades como Sophie Rain a especialistas. Explore como a IA est\u00e1 transformando carreiras, criando novas oportunidades e exigindo adapta\u00e7\u00e3o em um cen\u00e1rio profissional em constante evolu\u00e7\u00e3o.\" \/>\n<meta name=\"robots\" content=\"index, follow, max-snippet:-1, max-image-preview:large, max-video-preview:-1\" \/>\n<link rel=\"canonical\" href=\"https:\/\/lacerdaai.com\/br\/a-inteligencia-artificial-vai-roubar-o-seu-emprego-de-criadores-a-profissionais-a-preocupacao-cresce\/\" \/>\n<meta property=\"og:locale\" content=\"pt_BR\" \/>\n<meta property=\"og:type\" content=\"article\" \/>\n<meta property=\"og:title\" content=\"A Intelig\u00eancia Artificial Vai Roubar o Seu Emprego? De Criadores a Profissionais, a Preocupa\u00e7\u00e3o Cresce - Lacerda AI\" \/>\n<meta property=\"og:description\" content=\"Apreens\u00e3o sobre a intelig\u00eancia artificial no mercado de trabalho ecoa de celebridades como Sophie Rain a especialistas. Explore como a IA est\u00e1 transformando carreiras, criando novas oportunidades e exigindo adapta\u00e7\u00e3o em um cen\u00e1rio profissional em constante evolu\u00e7\u00e3o.\" \/>\n<meta property=\"og:url\" content=\"https:\/\/lacerdaai.com\/br\/a-inteligencia-artificial-vai-roubar-o-seu-emprego-de-criadores-a-profissionais-a-preocupacao-cresce\/\" \/>\n<meta property=\"og:site_name\" content=\"Lacerda AI\" \/>\n<meta property=\"article:published_time\" content=\"2025-12-26T23:42:42+00:00\" \/>\n<meta property=\"article:modified_time\" content=\"2025-12-26T23:42:44+00:00\" \/>\n<meta name=\"author\" content=\"Andr\u00e9 Lacerda\" \/>\n<meta name=\"twitter:card\" content=\"summary_large_image\" \/>\n<meta name=\"twitter:label1\" content=\"Escrito por\" \/>\n\t<meta name=\"twitter:data1\" content=\"Andr\u00e9 Lacerda\" \/>\n\t<meta name=\"twitter:label2\" content=\"Est. tempo de leitura\" \/>\n\t<meta name=\"twitter:data2\" content=\"9 minutos\" \/>\n<script type=\"application\/ld+json\" class=\"yoast-schema-graph\">{\"@context\":\"https:\/\/schema.org\",\"@graph\":[{\"@type\":\"WebPage\",\"@id\":\"https:\/\/lacerdaai.com\/br\/a-inteligencia-artificial-vai-roubar-o-seu-emprego-de-criadores-a-profissionais-a-preocupacao-cresce\/\",\"url\":\"https:\/\/lacerdaai.com\/br\/a-inteligencia-artificial-vai-roubar-o-seu-emprego-de-criadores-a-profissionais-a-preocupacao-cresce\/\",\"name\":\"A Intelig\u00eancia Artificial Vai Roubar o Seu Emprego? De Criadores a Profissionais, a Preocupa\u00e7\u00e3o Cresce - Lacerda AI\",\"isPartOf\":{\"@id\":\"https:\/\/lacerdaai.com\/br\/#website\"},\"primaryImageOfPage\":{\"@id\":\"https:\/\/lacerdaai.com\/br\/a-inteligencia-artificial-vai-roubar-o-seu-emprego-de-criadores-a-profissionais-a-preocupacao-cresce\/#primaryimage\"},\"image\":{\"@id\":\"https:\/\/lacerdaai.com\/br\/a-inteligencia-artificial-vai-roubar-o-seu-emprego-de-criadores-a-profissionais-a-preocupacao-cresce\/#primaryimage\"},\"thumbnailUrl\":\"https:\/\/lacerdaai.com\/br\/wp-content\/uploads\/2025\/12\/imagem-114.jpg\",\"datePublished\":\"2025-12-26T23:42:42+00:00\",\"dateModified\":\"2025-12-26T23:42:44+00:00\",\"author\":{\"@id\":\"https:\/\/lacerdaai.com\/br\/#\/schema\/person\/8bad803c2e83a0c5c5c75e02a1c2248f\"},\"description\":\"Apreens\u00e3o sobre a intelig\u00eancia artificial no mercado de trabalho ecoa de celebridades como Sophie Rain a especialistas. Explore como a IA est\u00e1 transformando carreiras, criando novas oportunidades e exigindo adapta\u00e7\u00e3o em um cen\u00e1rio profissional em constante evolu\u00e7\u00e3o.\",\"breadcrumb\":{\"@id\":\"https:\/\/lacerdaai.com\/br\/a-inteligencia-artificial-vai-roubar-o-seu-emprego-de-criadores-a-profissionais-a-preocupacao-cresce\/#breadcrumb\"},\"inLanguage\":\"pt-BR\",\"potentialAction\":[{\"@type\":\"ReadAction\",\"target\":[\"https:\/\/lacerdaai.com\/br\/a-inteligencia-artificial-vai-roubar-o-seu-emprego-de-criadores-a-profissionais-a-preocupacao-cresce\/\"]}]},{\"@type\":\"ImageObject\",\"inLanguage\":\"pt-BR\",\"@id\":\"https:\/\/lacerdaai.com\/br\/a-inteligencia-artificial-vai-roubar-o-seu-emprego-de-criadores-a-profissionais-a-preocupacao-cresce\/#primaryimage\",\"url\":\"https:\/\/lacerdaai.com\/br\/wp-content\/uploads\/2025\/12\/imagem-114.jpg\",\"contentUrl\":\"https:\/\/lacerdaai.com\/br\/wp-content\/uploads\/2025\/12\/imagem-114.jpg\",\"width\":640,\"height\":360},{\"@type\":\"BreadcrumbList\",\"@id\":\"https:\/\/lacerdaai.com\/br\/a-inteligencia-artificial-vai-roubar-o-seu-emprego-de-criadores-a-profissionais-a-preocupacao-cresce\/#breadcrumb\",\"itemListElement\":[{\"@type\":\"ListItem\",\"position\":1,\"name\":\"In\u00edcio\",\"item\":\"https:\/\/lacerdaai.com\/br\/\"},{\"@type\":\"ListItem\",\"position\":2,\"name\":\"A Intelig\u00eancia Artificial Vai Roubar o Seu Emprego? De Criadores a Profissionais, a Preocupa\u00e7\u00e3o Cresce\"}]},{\"@type\":\"WebSite\",\"@id\":\"https:\/\/lacerdaai.com\/br\/#website\",\"url\":\"https:\/\/lacerdaai.com\/br\/\",\"name\":\"Lacerda AI\",\"description\":\"Seu blog di\u00e1rio de novidades do mundo da Inteligencia Artificial\",\"potentialAction\":[{\"@type\":\"SearchAction\",\"target\":{\"@type\":\"EntryPoint\",\"urlTemplate\":\"https:\/\/lacerdaai.com\/br\/?s={search_term_string}\"},\"query-input\":{\"@type\":\"PropertyValueSpecification\",\"valueRequired\":true,\"valueName\":\"search_term_string\"}}],\"inLanguage\":\"pt-BR\"},{\"@type\":\"Person\",\"@id\":\"https:\/\/lacerdaai.com\/br\/#\/schema\/person\/8bad803c2e83a0c5c5c75e02a1c2248f\",\"name\":\"Andr\u00e9 Lacerda\",\"image\":{\"@type\":\"ImageObject\",\"inLanguage\":\"pt-BR\",\"@id\":\"https:\/\/lacerdaai.com\/br\/#\/schema\/person\/image\/\",\"url\":\"https:\/\/secure.gravatar.com\/avatar\/f5c1fa5ad9763f54c1f223c3fc91f131da6288c9f9e28d74bb3c355ad99af205?s=96&d=mm&r=g\",\"contentUrl\":\"https:\/\/secure.gravatar.com\/avatar\/f5c1fa5ad9763f54c1f223c3fc91f131da6288c9f9e28d74bb3c355ad99af205?s=96&d=mm&r=g\",\"caption\":\"Andr\u00e9 Lacerda\"},\"description\":\"Sou o Andr\u00e9 Lacerda, tenho 35 anos e sou apaixonado por tecnologia, intelig\u00eancia artificial e boas hist\u00f3rias. Me formei em Tecnologia e Jornalismo \u2014 sim, uma mistura meio improv\u00e1vel, mas que combina muito comigo. J\u00e1 morei no Canad\u00e1 e na Espanha, e essas experi\u00eancias me ajudaram a enxergar a inova\u00e7\u00e3o com um olhar mais global (e a me virar bem em tr\u00eas idiomas \ud83d\ude04). Trabalhei em algumas das maiores empresas de tecnologia do mercado e, hoje, atuo como consultor ajudando neg\u00f3cios a entenderem e aplicarem IA de forma pr\u00e1tica, estrat\u00e9gica e humana. Gosto de traduzir o complexo em algo simples \u2014 e \u00e9 isso que voc\u00ea vai encontrar por aqui.\",\"sameAs\":[\"http:\/\/lacerdaai.com\/br\"],\"url\":\"https:\/\/lacerdaai.com\/br\/author\/red-admin\/\"}]}<\/script>\n<!-- \/ Yoast SEO plugin. -->","yoast_head_json":{"title":"A Intelig\u00eancia Artificial Vai Roubar o Seu Emprego? De Criadores a Profissionais, a Preocupa\u00e7\u00e3o Cresce - Lacerda AI","description":"Apreens\u00e3o sobre a intelig\u00eancia artificial no mercado de trabalho ecoa de celebridades como Sophie Rain a especialistas. Explore como a IA est\u00e1 transformando carreiras, criando novas oportunidades e exigindo adapta\u00e7\u00e3o em um cen\u00e1rio profissional em constante evolu\u00e7\u00e3o.","robots":{"index":"index","follow":"follow","max-snippet":"max-snippet:-1","max-image-preview":"max-image-preview:large","max-video-preview":"max-video-preview:-1"},"canonical":"https:\/\/lacerdaai.com\/br\/a-inteligencia-artificial-vai-roubar-o-seu-emprego-de-criadores-a-profissionais-a-preocupacao-cresce\/","og_locale":"pt_BR","og_type":"article","og_title":"A Intelig\u00eancia Artificial Vai Roubar o Seu Emprego? De Criadores a Profissionais, a Preocupa\u00e7\u00e3o Cresce - Lacerda AI","og_description":"Apreens\u00e3o sobre a intelig\u00eancia artificial no mercado de trabalho ecoa de celebridades como Sophie Rain a especialistas. Explore como a IA est\u00e1 transformando carreiras, criando novas oportunidades e exigindo adapta\u00e7\u00e3o em um cen\u00e1rio profissional em constante evolu\u00e7\u00e3o.","og_url":"https:\/\/lacerdaai.com\/br\/a-inteligencia-artificial-vai-roubar-o-seu-emprego-de-criadores-a-profissionais-a-preocupacao-cresce\/","og_site_name":"Lacerda AI","article_published_time":"2025-12-26T23:42:42+00:00","article_modified_time":"2025-12-26T23:42:44+00:00","author":"Andr\u00e9 Lacerda","twitter_card":"summary_large_image","twitter_misc":{"Escrito por":"Andr\u00e9 Lacerda","Est. tempo de leitura":"9 minutos"},"schema":{"@context":"https:\/\/schema.org","@graph":[{"@type":"WebPage","@id":"https:\/\/lacerdaai.com\/br\/a-inteligencia-artificial-vai-roubar-o-seu-emprego-de-criadores-a-profissionais-a-preocupacao-cresce\/","url":"https:\/\/lacerdaai.com\/br\/a-inteligencia-artificial-vai-roubar-o-seu-emprego-de-criadores-a-profissionais-a-preocupacao-cresce\/","name":"A Intelig\u00eancia Artificial Vai Roubar o Seu Emprego? De Criadores a Profissionais, a Preocupa\u00e7\u00e3o Cresce - Lacerda AI","isPartOf":{"@id":"https:\/\/lacerdaai.com\/br\/#website"},"primaryImageOfPage":{"@id":"https:\/\/lacerdaai.com\/br\/a-inteligencia-artificial-vai-roubar-o-seu-emprego-de-criadores-a-profissionais-a-preocupacao-cresce\/#primaryimage"},"image":{"@id":"https:\/\/lacerdaai.com\/br\/a-inteligencia-artificial-vai-roubar-o-seu-emprego-de-criadores-a-profissionais-a-preocupacao-cresce\/#primaryimage"},"thumbnailUrl":"https:\/\/lacerdaai.com\/br\/wp-content\/uploads\/2025\/12\/imagem-114.jpg","datePublished":"2025-12-26T23:42:42+00:00","dateModified":"2025-12-26T23:42:44+00:00","author":{"@id":"https:\/\/lacerdaai.com\/br\/#\/schema\/person\/8bad803c2e83a0c5c5c75e02a1c2248f"},"description":"Apreens\u00e3o sobre a intelig\u00eancia artificial no mercado de trabalho ecoa de celebridades como Sophie Rain a especialistas. Explore como a IA est\u00e1 transformando carreiras, criando novas oportunidades e exigindo adapta\u00e7\u00e3o em um cen\u00e1rio profissional em constante evolu\u00e7\u00e3o.","breadcrumb":{"@id":"https:\/\/lacerdaai.com\/br\/a-inteligencia-artificial-vai-roubar-o-seu-emprego-de-criadores-a-profissionais-a-preocupacao-cresce\/#breadcrumb"},"inLanguage":"pt-BR","potentialAction":[{"@type":"ReadAction","target":["https:\/\/lacerdaai.com\/br\/a-inteligencia-artificial-vai-roubar-o-seu-emprego-de-criadores-a-profissionais-a-preocupacao-cresce\/"]}]},{"@type":"ImageObject","inLanguage":"pt-BR","@id":"https:\/\/lacerdaai.com\/br\/a-inteligencia-artificial-vai-roubar-o-seu-emprego-de-criadores-a-profissionais-a-preocupacao-cresce\/#primaryimage","url":"https:\/\/lacerdaai.com\/br\/wp-content\/uploads\/2025\/12\/imagem-114.jpg","contentUrl":"https:\/\/lacerdaai.com\/br\/wp-content\/uploads\/2025\/12\/imagem-114.jpg","width":640,"height":360},{"@type":"BreadcrumbList","@id":"https:\/\/lacerdaai.com\/br\/a-inteligencia-artificial-vai-roubar-o-seu-emprego-de-criadores-a-profissionais-a-preocupacao-cresce\/#breadcrumb","itemListElement":[{"@type":"ListItem","position":1,"name":"In\u00edcio","item":"https:\/\/lacerdaai.com\/br\/"},{"@type":"ListItem","position":2,"name":"A Intelig\u00eancia Artificial Vai Roubar o Seu Emprego? De Criadores a Profissionais, a Preocupa\u00e7\u00e3o Cresce"}]},{"@type":"WebSite","@id":"https:\/\/lacerdaai.com\/br\/#website","url":"https:\/\/lacerdaai.com\/br\/","name":"Lacerda AI","description":"Seu blog di\u00e1rio de novidades do mundo da Inteligencia Artificial","potentialAction":[{"@type":"SearchAction","target":{"@type":"EntryPoint","urlTemplate":"https:\/\/lacerdaai.com\/br\/?s={search_term_string}"},"query-input":{"@type":"PropertyValueSpecification","valueRequired":true,"valueName":"search_term_string"}}],"inLanguage":"pt-BR"},{"@type":"Person","@id":"https:\/\/lacerdaai.com\/br\/#\/schema\/person\/8bad803c2e83a0c5c5c75e02a1c2248f","name":"Andr\u00e9 Lacerda","image":{"@type":"ImageObject","inLanguage":"pt-BR","@id":"https:\/\/lacerdaai.com\/br\/#\/schema\/person\/image\/","url":"https:\/\/secure.gravatar.com\/avatar\/f5c1fa5ad9763f54c1f223c3fc91f131da6288c9f9e28d74bb3c355ad99af205?s=96&d=mm&r=g","contentUrl":"https:\/\/secure.gravatar.com\/avatar\/f5c1fa5ad9763f54c1f223c3fc91f131da6288c9f9e28d74bb3c355ad99af205?s=96&d=mm&r=g","caption":"Andr\u00e9 Lacerda"},"description":"Sou o Andr\u00e9 Lacerda, tenho 35 anos e sou apaixonado por tecnologia, intelig\u00eancia artificial e boas hist\u00f3rias. Me formei em Tecnologia e Jornalismo \u2014 sim, uma mistura meio improv\u00e1vel, mas que combina muito comigo. J\u00e1 morei no Canad\u00e1 e na Espanha, e essas experi\u00eancias me ajudaram a enxergar a inova\u00e7\u00e3o com um olhar mais global (e a me virar bem em tr\u00eas idiomas \ud83d\ude04). Trabalhei em algumas das maiores empresas de tecnologia do mercado e, hoje, atuo como consultor ajudando neg\u00f3cios a entenderem e aplicarem IA de forma pr\u00e1tica, estrat\u00e9gica e humana. Gosto de traduzir o complexo em algo simples \u2014 e \u00e9 isso que voc\u00ea vai encontrar por aqui.","sameAs":["http:\/\/lacerdaai.com\/br"],"url":"https:\/\/lacerdaai.com\/br\/author\/red-admin\/"}]}},"_links":{"self":[{"href":"https:\/\/lacerdaai.com\/br\/wp-json\/wp\/v2\/posts\/2966","targetHints":{"allow":["GET"]}}],"collection":[{"href":"https:\/\/lacerdaai.com\/br\/wp-json\/wp\/v2\/posts"}],"about":[{"href":"https:\/\/lacerdaai.com\/br\/wp-json\/wp\/v2\/types\/post"}],"author":[{"embeddable":true,"href":"https:\/\/lacerdaai.com\/br\/wp-json\/wp\/v2\/users\/1"}],"replies":[{"embeddable":true,"href":"https:\/\/lacerdaai.com\/br\/wp-json\/wp\/v2\/comments?post=2966"}],"version-history":[{"count":1,"href":"https:\/\/lacerdaai.com\/br\/wp-json\/wp\/v2\/posts\/2966\/revisions"}],"predecessor-version":[{"id":2967,"href":"https:\/\/lacerdaai.com\/br\/wp-json\/wp\/v2\/posts\/2966\/revisions\/2967"}],"wp:featuredmedia":[{"embeddable":true,"href":"https:\/\/lacerdaai.com\/br\/wp-json\/wp\/v2\/media\/2965"}],"wp:attachment":[{"href":"https:\/\/lacerdaai.com\/br\/wp-json\/wp\/v2\/media?parent=2966"}],"wp:term":[{"taxonomy":"category","embeddable":true,"href":"https:\/\/lacerdaai.com\/br\/wp-json\/wp\/v2\/categories?post=2966"},{"taxonomy":"post_tag","embeddable":true,"href":"https:\/\/lacerdaai.com\/br\/wp-json\/wp\/v2\/tags?post=2966"}],"curies":[{"name":"wp","href":"https:\/\/api.w.org\/{rel}","templated":true}]}}