{"id":3005,"date":"2025-12-30T00:42:45","date_gmt":"2025-12-30T03:42:45","guid":{"rendered":"https:\/\/lacerdaai.com\/br\/o-mundo-em-alerta-por-que-nao-estamos-prontos-para-uma-emergencia-de-ia\/"},"modified":"2025-12-30T00:42:46","modified_gmt":"2025-12-30T03:42:46","slug":"o-mundo-em-alerta-por-que-nao-estamos-prontos-para-uma-emergencia-de-ia","status":"publish","type":"post","link":"https:\/\/lacerdaai.com\/br\/o-mundo-em-alerta-por-que-nao-estamos-prontos-para-uma-emergencia-de-ia\/","title":{"rendered":"O Mundo em Alerta: Por Que N\u00e3o Estamos Prontos Para Uma Emerg\u00eancia de IA?"},"content":{"rendered":"<p>A intelig\u00eancia artificial (IA) deixou de ser fic\u00e7\u00e3o cient\u00edfica para se tornar uma for\u00e7a onipresente que molda nossas vidas di\u00e1rias. De assistentes virtuais a sistemas de diagn\u00f3stico m\u00e9dico, a IA promete um futuro de inova\u00e7\u00e3o e efici\u00eancia sem precedentes. No entanto, em meio a essa empolga\u00e7\u00e3o e ao ritmo alucinante de seu desenvolvimento, uma quest\u00e3o cr\u00edtica e assustadora emerge: estamos preparados para uma <strong>emerg\u00eancia de IA<\/strong>? A resposta, segundo especialistas e a realidade atual, \u00e9 um retumbante &#8216;n\u00e3o&#8217;. Assim como nos preparamos para desastres naturais ou crises de sa\u00fade p\u00fablica, o cen\u00e1rio de riscos potenciais da intelig\u00eancia artificial exige um n\u00edvel de planejamento e resposta que ainda est\u00e1 muito aqu\u00e9m do necess\u00e1rio.<\/p>\n<p>A discuss\u00e3o sobre os perigos da IA n\u00e3o \u00e9 nova. De alertas sobre sistemas aut\u00f4nomos descontrolados a preocupa\u00e7\u00f5es com a desinforma\u00e7\u00e3o em massa, o espectro de cen\u00e1rios adversos \u00e9 vasto e complexo. Mas, ao contr\u00e1rio de um terremoto ou uma pandemia, uma crise de IA pode se manifestar de formas sutis, sist\u00eamicas e interconectadas, tornando a detec\u00e7\u00e3o e a resposta ainda mais desafiadoras. \u00c9 vital que governos, empresas e a sociedade civil acordem para essa realidade e comecem a desenvolver planos robustos antes que seja tarde demais. A ina\u00e7\u00e3o n\u00e3o \u00e9 uma op\u00e7\u00e3o quando o futuro da nossa infraestrutura, economia e at\u00e9 mesmo da nossa civiliza\u00e7\u00e3o pode estar em jogo.<\/p>\n<h2>A <strong>Emerg\u00eancia de IA<\/strong>: O Cen\u00e1rio de Riscos Iminentes<\/h2>\n<p>Quando falamos em uma <strong>emerg\u00eancia de IA<\/strong>, n\u00e3o nos referimos apenas a cen\u00e1rios dist\u00f3picos de rob\u00f4s assassinos de filmes. Embora a preocupa\u00e7\u00e3o com armas aut\u00f4nomas letais (LAWS) seja real e justificada, as amea\u00e7as mais prov\u00e1veis e imediatas s\u00e3o, talvez, menos espetaculares, mas igualmente disruptivas. Imagine uma falha em larga escala nos sistemas de IA que controlam redes el\u00e9tricas, cadeias de suprimentos globais ou mercados financeiros. Ou pense na prolifera\u00e7\u00e3o de desinforma\u00e7\u00e3o gerada por IA (deepfakes, textos e \u00e1udios convincentes) a ponto de desestabilizar elei\u00e7\u00f5es, polarizar sociedades e minar a confian\u00e7a nas institui\u00e7\u00f5es democr\u00e1ticas.<\/p>\n<p>Os riscos podem ser categorizados de v\u00e1rias formas. H\u00e1 os riscos de seguran\u00e7a, onde sistemas de IA maliciosos ou comprometidos podem ser usados para ataques cibern\u00e9ticos sofisticados, roubo de dados em massa ou sabotagem de infraestruturas cr\u00edticas. A capacidade de uma IA de aprender e se adaptar torna-a uma ferramenta incrivelmente poderosa nas m\u00e3os erradas, capaz de encontrar vulnerabilidades e explor\u00e1-las em uma escala e velocidade que os humanos n\u00e3o conseguem igualar. Um ataque cibern\u00e9tico orquestrado por IA poderia, por exemplo, paralisar servi\u00e7os essenciais em quest\u00e3o de minutos, criando um caos sem precedentes.<\/p>\n<p>Outro ponto de vulnerabilidade reside nos riscos sist\u00eamicos. A medida que a IA \u00e9 integrada em mais e mais setores \u2014 transporte, sa\u00fade, finan\u00e7as \u2014 uma falha em um sistema pode ter efeitos em cascata imprevis\u00edveis. Um algoritmo de negocia\u00e7\u00e3o de alta frequ\u00eancia com um bug pode causar um colapso repentino no mercado de a\u00e7\u00f5es, evaporando trilh\u00f5es em valor e desencadeando uma crise econ\u00f4mica global. Sistemas de IA usados em hospitais para diagn\u00f3stico ou tratamento podem cometer erros que resultam em danos irrevers\u00edveis \u00e0 sa\u00fade humana, especialmente se a capacidade humana de supervis\u00e3o for minimizada ou sobrecarregada.<\/p>\n<p>Os riscos sociais e \u00e9ticos tamb\u00e9m s\u00e3o uma parte crucial de qualquer discuss\u00e3o sobre uma <strong>emerg\u00eancia de IA<\/strong>. Algoritmos de IA, se n\u00e3o forem cuidadosamente projetados e monitorados, podem perpetuar e amplificar preconceitos existentes na sociedade. Sistemas de reconhecimento facial falhos podem levar a pris\u00f5es indevidas, enquanto algoritmos de avalia\u00e7\u00e3o de cr\u00e9dito ou contrata\u00e7\u00e3o podem discriminar grupos minorit\u00e1rios, exacerbando desigualdades sociais. Uma crise de confian\u00e7a na IA pode surgir rapidamente se a tecnologia for percebida como injusta ou prejudicial, levando a protestos e instabilidade social.<\/p>\n<p>E, claro, n\u00e3o podemos ignorar o potencial de um impacto disruptivo no mercado de trabalho. Embora a IA possa criar novos empregos e aumentar a produtividade, a transi\u00e7\u00e3o pode ser brutal para milh\u00f5es de pessoas cujos trabalhos se tornam obsoletos rapidamente. Um desemprego em massa acelerado pela automa\u00e7\u00e3o pode levar a tens\u00f5es sociais, pobreza generalizada e uma demanda por sistemas de suporte que os governos atuais n\u00e3o est\u00e3o equipados para oferecer em grande escala.<\/p>\n<h2>O Despreparo Governamental: Por Que Estamos Atr\u00e1s?<\/h2>\n<p>Se os riscos s\u00e3o t\u00e3o claros, por que o mundo, e especialmente os governos, parecem t\u00e3o despreparados? A resposta \u00e9 multifacetada e complexa. Em primeiro lugar, a velocidade da inova\u00e7\u00e3o tecnol\u00f3gica da IA \u00e9 exponencial, enquanto os processos legislativos e regulat\u00f3rios s\u00e3o, por natureza, lineares e lentos. Leis e pol\u00edticas levam anos para serem formuladas, debatidas e implementadas, tempo durante o qual a tecnologia j\u00e1 avan\u00e7ou para um novo paradigma. Isso cria uma lacuna constante entre o que \u00e9 tecnologicamente poss\u00edvel e o que \u00e9 legalmente regulado.<\/p>\n<p>H\u00e1 tamb\u00e9m uma not\u00e1vel falta de expertise t\u00e9cnica dentro dos \u00f3rg\u00e3os governamentais. Muitos formuladores de pol\u00edticas n\u00e3o possuem o conhecimento profundo necess\u00e1rio para compreender as nuances da IA, seus potenciais e seus perigos. Essa lacuna de conhecimento dificulta a cria\u00e7\u00e3o de regulamenta\u00e7\u00f5es eficazes e planos de resposta informados. Al\u00e9m disso, a IA \u00e9 uma \u00e1rea interdisciplinar, exigindo conhecimento em ci\u00eancia da computa\u00e7\u00e3o, \u00e9tica, direito, sociologia e economia, o que torna a coordena\u00e7\u00e3o entre diferentes minist\u00e9rios e ag\u00eancias ainda mais desafiadora.<\/p>\n<p>Os interesses econ\u00f4micos e geopol\u00edticos tamb\u00e9m desempenham um papel significativo no despreparo. Pa\u00edses e grandes corpora\u00e7\u00f5es est\u00e3o em uma corrida para desenvolver e dominar a IA, vendo-a como uma vantagem estrat\u00e9gica crucial. Essa mentalidade de &#8216;primeiro a chegar&#8217; muitas vezes prioriza a inova\u00e7\u00e3o e o lucro sobre a seguran\u00e7a e a \u00e9tica, atrasando a implementa\u00e7\u00e3o de salvaguardas e a colabora\u00e7\u00e3o internacional em regulamenta\u00e7\u00e3o. A competi\u00e7\u00e3o pode inibir o compartilhamento de informa\u00e7\u00f5es cruciais sobre riscos e vulnerabilidades.<\/p>\n<p>Outro fator \u00e9 o foco de curto prazo dos governos, impulsionado por ciclos eleitorais. As crises de IA, embora potencialmente devastadoras, muitas vezes parecem distantes ou hipot\u00e9ticas em compara\u00e7\u00e3o com desafios imediatos como a economia, sa\u00fade ou seguran\u00e7a interna. Investir em planejamento de longo prazo para uma amea\u00e7a futura e incerta pode ser politicamente menos atraente do que abordar problemas vis\u00edveis e urgentes, mesmo que a falta de preparo para a IA possa ter consequ\u00eancias muito mais severas no futuro.<\/p>\n<p>A falta de conscientiza\u00e7\u00e3o p\u00fablica tamb\u00e9m contribui para a ina\u00e7\u00e3o. Se a popula\u00e7\u00e3o em geral n\u00e3o compreende os riscos da IA ou n\u00e3o exige a\u00e7\u00f5es de seus representantes, h\u00e1 menos press\u00e3o para que os governos priorizem essa quest\u00e3o. Muitos cidad\u00e3os est\u00e3o mais focados nos benef\u00edcios da IA, ou simplesmente n\u00e3o t\u00eam acesso a informa\u00e7\u00f5es claras e acess\u00edveis sobre os perigos potenciais, o que leva a uma complac\u00eancia perigosa.<\/p>\n<h2>Construindo Defesas: Um Roteiro para a Resili\u00eancia em IA<\/h2>\n<p>A boa not\u00edcia \u00e9 que n\u00e3o estamos totalmente impotentes. \u00c9 poss\u00edvel construir defesas robustas e proativas contra uma futura <strong>emerg\u00eancia de IA<\/strong>, mas isso exige um esfor\u00e7o coordenado e urgente em m\u00faltiplas frentes. Uma das primeiras e mais importantes etapas \u00e9 o desenvolvimento de planos de resposta a desastres focados especificamente em cen\u00e1rios de IA. Isso inclui a identifica\u00e7\u00e3o de riscos potenciais, a cria\u00e7\u00e3o de protocolos claros para detec\u00e7\u00e3o e mitiga\u00e7\u00e3o, e a realiza\u00e7\u00e3o de simula\u00e7\u00f5es regulares para testar a efic\u00e1cia desses planos.<\/p>\n<p>A legisla\u00e7\u00e3o proativa e adapt\u00e1vel \u00e9 fundamental. Em vez de esperar que as crises aconte\u00e7am para ent\u00e3o reagir, os governos devem criar marcos legais flex\u00edveis que possam ser atualizados e ajustados rapidamente conforme a tecnologia evolui. Estrat\u00e9gias como &#8216;sandboxes regulat\u00f3rios&#8217;, onde novas tecnologias podem ser testadas em um ambiente controlado com supervis\u00e3o regulat\u00f3ria, podem permitir a inova\u00e7\u00e3o ao mesmo tempo em que se identificam e mitigam riscos. A regulamenta\u00e7\u00e3o n\u00e3o deve ser vista como um freio ao progresso, mas como uma forma de garantir um desenvolvimento respons\u00e1vel e seguro da IA.<\/p>\n<p>\u00c9 crucial investir maci\u00e7amente em pesquisa de seguran\u00e7a e \u00e9tica em IA. Grande parte do financiamento atual para IA \u00e9 direcionada ao desenvolvimento de novas capacidades e aplica\u00e7\u00f5es. No entanto, precisamos de um foco igualmente intenso na compreens\u00e3o e mitiga\u00e7\u00e3o de vieses, na constru\u00e7\u00e3o de sistemas transparentes e explic\u00e1veis, e na cria\u00e7\u00e3o de salvaguardas contra usos maliciosos. Isso significa destinar fundos significativos para universidades, centros de pesquisa e startups focadas em IA segura e \u00e9tica.<\/p>\n<p>A educa\u00e7\u00e3o e a conscientiza\u00e7\u00e3o tamb\u00e9m s\u00e3o pilares essenciais. O p\u00fablico em geral, os formuladores de pol\u00edticas, os educadores e at\u00e9 mesmo os desenvolvedores de IA precisam de um melhor entendimento dos riscos e benef\u00edcios da tecnologia. Programas de alfabetiza\u00e7\u00e3o em IA podem ajudar os cidad\u00e3os a discernir desinforma\u00e7\u00e3o gerada por IA e a compreender como os algoritmos afetam suas vidas. Treinamento para funcion\u00e1rios p\u00fablicos pode equip\u00e1-los com o conhecimento necess\u00e1rio para tomar decis\u00f5es informadas.<\/p>\n<p>A coopera\u00e7\u00e3o internacional \u00e9 indispens\u00e1vel. Dada a natureza transfronteiri\u00e7a da IA, nenhum pa\u00eds pode enfrentar sozinho os desafios de uma <strong>emerg\u00eancia de IA<\/strong>. \u00c9 necess\u00e1rio estabelecer normas globais, tratados para o controle de armas aut\u00f4nomas, e mecanismos de compartilhamento de informa\u00e7\u00f5es sobre amea\u00e7as e melhores pr\u00e1ticas. Organiza\u00e7\u00f5es internacionais como a ONU, a UNESCO e a Uni\u00e3o Europeia j\u00e1 est\u00e3o trabalhando em diretrizes \u00e9ticas e regulat\u00f3rias, mas \u00e9 preciso acelerar esses esfor\u00e7os e garantir sua ades\u00e3o global.<\/p>\n<p>Por fim, a forma\u00e7\u00e3o de alian\u00e7as p\u00fablico-privadas \u00e9 vital. As grandes empresas de tecnologia s\u00e3o muitas vezes as que est\u00e3o na vanguarda do desenvolvimento da IA, e sua expertise e recursos s\u00e3o cruciais. Governos, empresas, academia e a sociedade civil devem colaborar para identificar riscos, desenvolver solu\u00e7\u00f5es e implementar pol\u00edticas que protejam a todos. Isso inclui a cria\u00e7\u00e3o de ag\u00eancias ou comit\u00eas especializados em IA com o poder de monitorar, regular e responder rapidamente a quaisquer amea\u00e7as emergentes.<\/p>\n<h2>Um Chamado Urgente \u00e0 A\u00e7\u00e3o Coletiva<\/h2>\n<p>A intelig\u00eancia artificial tem o potencial de ser uma das maiores for\u00e7as para o bem na hist\u00f3ria da humanidade, impulsionando avan\u00e7os na medicina, na ci\u00eancia e na qualidade de vida. No entanto, negligenciar os riscos inerentes a essa tecnologia \u00e9 uma imprud\u00eancia que n\u00e3o podemos nos dar ao luxo de cometer. A frase de Jon Truby ressoa com uma verdade perturbadora: &#8220;Governos podem, e devem, estabelecer planos de resposta a emerg\u00eancias de IA antes que seja tarde demais.&#8221; Este n\u00e3o \u00e9 um alarme falso, mas um chamado urgente \u00e0 a\u00e7\u00e3o. A prepara\u00e7\u00e3o n\u00e3o deve ser vista como um obst\u00e1culo ao progresso, mas como o alicerce para um desenvolvimento respons\u00e1vel e sustent\u00e1vel da IA.<\/p>\n<p>O tempo para a complac\u00eancia acabou. \u00c9 imperativo que a sociedade global, liderada por seus governos, comece a planejar e implementar estrat\u00e9gias eficazes para mitigar os riscos da IA. Isso exigir\u00e1 vis\u00e3o, colabora\u00e7\u00e3o, investimento e um compromisso inabal\u00e1vel com a seguran\u00e7a e o bem-estar da humanidade. Somente com uma abordagem proativa e coordenada poderemos garantir que a revolu\u00e7\u00e3o da IA seja uma for\u00e7a para o avan\u00e7o, e n\u00e3o para o caos. O futuro da intelig\u00eancia artificial \u2013 e o nosso pr\u00f3prio \u2013 depende da nossa capacidade de agir agora.<\/p>\n","protected":false},"excerpt":{"rendered":"<p>A intelig\u00eancia artificial (IA) deixou de ser fic\u00e7\u00e3o cient\u00edfica para se tornar uma for\u00e7a onipresente que molda nossas vidas di\u00e1rias. De assistentes virtuais a sistemas de diagn\u00f3stico m\u00e9dico, a IA promete um futuro de inova\u00e7\u00e3o e efici\u00eancia sem precedentes. No entanto, em meio a essa empolga\u00e7\u00e3o e ao ritmo alucinante de seu desenvolvimento, uma quest\u00e3o [&hellip;]<\/p>\n","protected":false},"author":1,"featured_media":3004,"comment_status":"open","ping_status":"open","sticky":false,"template":"","format":"standard","meta":{"_yoast_wpseo_focuskw":"emerg\u00eancia de IA","_yoast_wpseo_metadesc":"Explore os riscos iminentes de uma emerg\u00eancia de IA e entenda por que governos e sociedades precisam de planos de resposta urgentes. Descubra os desafios e as solu\u00e7\u00f5es para garantir um futuro seguro com a intelig\u00eancia artificial.","footnotes":""},"categories":[2],"tags":[],"class_list":["post-3005","post","type-post","status-publish","format-standard","has-post-thumbnail","hentry","category-novidades"],"yoast_head":"<!-- This site is optimized with the Yoast SEO plugin v25.6 - https:\/\/yoast.com\/wordpress\/plugins\/seo\/ -->\n<title>O Mundo em Alerta: Por Que N\u00e3o Estamos Prontos Para Uma Emerg\u00eancia de IA? - Lacerda AI<\/title>\n<meta name=\"description\" content=\"Explore os riscos iminentes de uma emerg\u00eancia de IA e entenda por que governos e sociedades precisam de planos de resposta urgentes. Descubra os desafios e as solu\u00e7\u00f5es para garantir um futuro seguro com a intelig\u00eancia artificial.\" \/>\n<meta name=\"robots\" content=\"index, follow, max-snippet:-1, max-image-preview:large, max-video-preview:-1\" \/>\n<link rel=\"canonical\" href=\"https:\/\/lacerdaai.com\/br\/o-mundo-em-alerta-por-que-nao-estamos-prontos-para-uma-emergencia-de-ia\/\" \/>\n<meta property=\"og:locale\" content=\"pt_BR\" \/>\n<meta property=\"og:type\" content=\"article\" \/>\n<meta property=\"og:title\" content=\"O Mundo em Alerta: Por Que N\u00e3o Estamos Prontos Para Uma Emerg\u00eancia de IA? - Lacerda AI\" \/>\n<meta property=\"og:description\" content=\"Explore os riscos iminentes de uma emerg\u00eancia de IA e entenda por que governos e sociedades precisam de planos de resposta urgentes. Descubra os desafios e as solu\u00e7\u00f5es para garantir um futuro seguro com a intelig\u00eancia artificial.\" \/>\n<meta property=\"og:url\" content=\"https:\/\/lacerdaai.com\/br\/o-mundo-em-alerta-por-que-nao-estamos-prontos-para-uma-emergencia-de-ia\/\" \/>\n<meta property=\"og:site_name\" content=\"Lacerda AI\" \/>\n<meta property=\"article:published_time\" content=\"2025-12-30T03:42:45+00:00\" \/>\n<meta property=\"article:modified_time\" content=\"2025-12-30T03:42:46+00:00\" \/>\n<meta name=\"author\" content=\"Andr\u00e9 Lacerda\" \/>\n<meta name=\"twitter:card\" content=\"summary_large_image\" \/>\n<meta name=\"twitter:label1\" content=\"Escrito por\" \/>\n\t<meta name=\"twitter:data1\" content=\"Andr\u00e9 Lacerda\" \/>\n\t<meta name=\"twitter:label2\" content=\"Est. tempo de leitura\" \/>\n\t<meta name=\"twitter:data2\" content=\"10 minutos\" \/>\n<script type=\"application\/ld+json\" class=\"yoast-schema-graph\">{\"@context\":\"https:\/\/schema.org\",\"@graph\":[{\"@type\":\"WebPage\",\"@id\":\"https:\/\/lacerdaai.com\/br\/o-mundo-em-alerta-por-que-nao-estamos-prontos-para-uma-emergencia-de-ia\/\",\"url\":\"https:\/\/lacerdaai.com\/br\/o-mundo-em-alerta-por-que-nao-estamos-prontos-para-uma-emergencia-de-ia\/\",\"name\":\"O Mundo em Alerta: Por Que N\u00e3o Estamos Prontos Para Uma Emerg\u00eancia de IA? - Lacerda AI\",\"isPartOf\":{\"@id\":\"https:\/\/lacerdaai.com\/br\/#website\"},\"primaryImageOfPage\":{\"@id\":\"https:\/\/lacerdaai.com\/br\/o-mundo-em-alerta-por-que-nao-estamos-prontos-para-uma-emergencia-de-ia\/#primaryimage\"},\"image\":{\"@id\":\"https:\/\/lacerdaai.com\/br\/o-mundo-em-alerta-por-que-nao-estamos-prontos-para-uma-emergencia-de-ia\/#primaryimage\"},\"thumbnailUrl\":\"https:\/\/lacerdaai.com\/br\/wp-content\/uploads\/2025\/12\/imagem-127.jpg\",\"datePublished\":\"2025-12-30T03:42:45+00:00\",\"dateModified\":\"2025-12-30T03:42:46+00:00\",\"author\":{\"@id\":\"https:\/\/lacerdaai.com\/br\/#\/schema\/person\/8bad803c2e83a0c5c5c75e02a1c2248f\"},\"description\":\"Explore os riscos iminentes de uma emerg\u00eancia de IA e entenda por que governos e sociedades precisam de planos de resposta urgentes. Descubra os desafios e as solu\u00e7\u00f5es para garantir um futuro seguro com a intelig\u00eancia artificial.\",\"breadcrumb\":{\"@id\":\"https:\/\/lacerdaai.com\/br\/o-mundo-em-alerta-por-que-nao-estamos-prontos-para-uma-emergencia-de-ia\/#breadcrumb\"},\"inLanguage\":\"pt-BR\",\"potentialAction\":[{\"@type\":\"ReadAction\",\"target\":[\"https:\/\/lacerdaai.com\/br\/o-mundo-em-alerta-por-que-nao-estamos-prontos-para-uma-emergencia-de-ia\/\"]}]},{\"@type\":\"ImageObject\",\"inLanguage\":\"pt-BR\",\"@id\":\"https:\/\/lacerdaai.com\/br\/o-mundo-em-alerta-por-que-nao-estamos-prontos-para-uma-emergencia-de-ia\/#primaryimage\",\"url\":\"https:\/\/lacerdaai.com\/br\/wp-content\/uploads\/2025\/12\/imagem-127.jpg\",\"contentUrl\":\"https:\/\/lacerdaai.com\/br\/wp-content\/uploads\/2025\/12\/imagem-127.jpg\",\"width\":1200,\"height\":628},{\"@type\":\"BreadcrumbList\",\"@id\":\"https:\/\/lacerdaai.com\/br\/o-mundo-em-alerta-por-que-nao-estamos-prontos-para-uma-emergencia-de-ia\/#breadcrumb\",\"itemListElement\":[{\"@type\":\"ListItem\",\"position\":1,\"name\":\"In\u00edcio\",\"item\":\"https:\/\/lacerdaai.com\/br\/\"},{\"@type\":\"ListItem\",\"position\":2,\"name\":\"O Mundo em Alerta: Por Que N\u00e3o Estamos Prontos Para Uma Emerg\u00eancia de IA?\"}]},{\"@type\":\"WebSite\",\"@id\":\"https:\/\/lacerdaai.com\/br\/#website\",\"url\":\"https:\/\/lacerdaai.com\/br\/\",\"name\":\"Lacerda AI\",\"description\":\"Seu blog di\u00e1rio de novidades do mundo da Inteligencia Artificial\",\"potentialAction\":[{\"@type\":\"SearchAction\",\"target\":{\"@type\":\"EntryPoint\",\"urlTemplate\":\"https:\/\/lacerdaai.com\/br\/?s={search_term_string}\"},\"query-input\":{\"@type\":\"PropertyValueSpecification\",\"valueRequired\":true,\"valueName\":\"search_term_string\"}}],\"inLanguage\":\"pt-BR\"},{\"@type\":\"Person\",\"@id\":\"https:\/\/lacerdaai.com\/br\/#\/schema\/person\/8bad803c2e83a0c5c5c75e02a1c2248f\",\"name\":\"Andr\u00e9 Lacerda\",\"image\":{\"@type\":\"ImageObject\",\"inLanguage\":\"pt-BR\",\"@id\":\"https:\/\/lacerdaai.com\/br\/#\/schema\/person\/image\/\",\"url\":\"https:\/\/secure.gravatar.com\/avatar\/f5c1fa5ad9763f54c1f223c3fc91f131da6288c9f9e28d74bb3c355ad99af205?s=96&d=mm&r=g\",\"contentUrl\":\"https:\/\/secure.gravatar.com\/avatar\/f5c1fa5ad9763f54c1f223c3fc91f131da6288c9f9e28d74bb3c355ad99af205?s=96&d=mm&r=g\",\"caption\":\"Andr\u00e9 Lacerda\"},\"description\":\"Sou o Andr\u00e9 Lacerda, tenho 35 anos e sou apaixonado por tecnologia, intelig\u00eancia artificial e boas hist\u00f3rias. Me formei em Tecnologia e Jornalismo \u2014 sim, uma mistura meio improv\u00e1vel, mas que combina muito comigo. J\u00e1 morei no Canad\u00e1 e na Espanha, e essas experi\u00eancias me ajudaram a enxergar a inova\u00e7\u00e3o com um olhar mais global (e a me virar bem em tr\u00eas idiomas \ud83d\ude04). Trabalhei em algumas das maiores empresas de tecnologia do mercado e, hoje, atuo como consultor ajudando neg\u00f3cios a entenderem e aplicarem IA de forma pr\u00e1tica, estrat\u00e9gica e humana. Gosto de traduzir o complexo em algo simples \u2014 e \u00e9 isso que voc\u00ea vai encontrar por aqui.\",\"sameAs\":[\"http:\/\/lacerdaai.com\/br\"],\"url\":\"https:\/\/lacerdaai.com\/br\/author\/red-admin\/\"}]}<\/script>\n<!-- \/ Yoast SEO plugin. -->","yoast_head_json":{"title":"O Mundo em Alerta: Por Que N\u00e3o Estamos Prontos Para Uma Emerg\u00eancia de IA? - Lacerda AI","description":"Explore os riscos iminentes de uma emerg\u00eancia de IA e entenda por que governos e sociedades precisam de planos de resposta urgentes. Descubra os desafios e as solu\u00e7\u00f5es para garantir um futuro seguro com a intelig\u00eancia artificial.","robots":{"index":"index","follow":"follow","max-snippet":"max-snippet:-1","max-image-preview":"max-image-preview:large","max-video-preview":"max-video-preview:-1"},"canonical":"https:\/\/lacerdaai.com\/br\/o-mundo-em-alerta-por-que-nao-estamos-prontos-para-uma-emergencia-de-ia\/","og_locale":"pt_BR","og_type":"article","og_title":"O Mundo em Alerta: Por Que N\u00e3o Estamos Prontos Para Uma Emerg\u00eancia de IA? - Lacerda AI","og_description":"Explore os riscos iminentes de uma emerg\u00eancia de IA e entenda por que governos e sociedades precisam de planos de resposta urgentes. Descubra os desafios e as solu\u00e7\u00f5es para garantir um futuro seguro com a intelig\u00eancia artificial.","og_url":"https:\/\/lacerdaai.com\/br\/o-mundo-em-alerta-por-que-nao-estamos-prontos-para-uma-emergencia-de-ia\/","og_site_name":"Lacerda AI","article_published_time":"2025-12-30T03:42:45+00:00","article_modified_time":"2025-12-30T03:42:46+00:00","author":"Andr\u00e9 Lacerda","twitter_card":"summary_large_image","twitter_misc":{"Escrito por":"Andr\u00e9 Lacerda","Est. tempo de leitura":"10 minutos"},"schema":{"@context":"https:\/\/schema.org","@graph":[{"@type":"WebPage","@id":"https:\/\/lacerdaai.com\/br\/o-mundo-em-alerta-por-que-nao-estamos-prontos-para-uma-emergencia-de-ia\/","url":"https:\/\/lacerdaai.com\/br\/o-mundo-em-alerta-por-que-nao-estamos-prontos-para-uma-emergencia-de-ia\/","name":"O Mundo em Alerta: Por Que N\u00e3o Estamos Prontos Para Uma Emerg\u00eancia de IA? - Lacerda AI","isPartOf":{"@id":"https:\/\/lacerdaai.com\/br\/#website"},"primaryImageOfPage":{"@id":"https:\/\/lacerdaai.com\/br\/o-mundo-em-alerta-por-que-nao-estamos-prontos-para-uma-emergencia-de-ia\/#primaryimage"},"image":{"@id":"https:\/\/lacerdaai.com\/br\/o-mundo-em-alerta-por-que-nao-estamos-prontos-para-uma-emergencia-de-ia\/#primaryimage"},"thumbnailUrl":"https:\/\/lacerdaai.com\/br\/wp-content\/uploads\/2025\/12\/imagem-127.jpg","datePublished":"2025-12-30T03:42:45+00:00","dateModified":"2025-12-30T03:42:46+00:00","author":{"@id":"https:\/\/lacerdaai.com\/br\/#\/schema\/person\/8bad803c2e83a0c5c5c75e02a1c2248f"},"description":"Explore os riscos iminentes de uma emerg\u00eancia de IA e entenda por que governos e sociedades precisam de planos de resposta urgentes. Descubra os desafios e as solu\u00e7\u00f5es para garantir um futuro seguro com a intelig\u00eancia artificial.","breadcrumb":{"@id":"https:\/\/lacerdaai.com\/br\/o-mundo-em-alerta-por-que-nao-estamos-prontos-para-uma-emergencia-de-ia\/#breadcrumb"},"inLanguage":"pt-BR","potentialAction":[{"@type":"ReadAction","target":["https:\/\/lacerdaai.com\/br\/o-mundo-em-alerta-por-que-nao-estamos-prontos-para-uma-emergencia-de-ia\/"]}]},{"@type":"ImageObject","inLanguage":"pt-BR","@id":"https:\/\/lacerdaai.com\/br\/o-mundo-em-alerta-por-que-nao-estamos-prontos-para-uma-emergencia-de-ia\/#primaryimage","url":"https:\/\/lacerdaai.com\/br\/wp-content\/uploads\/2025\/12\/imagem-127.jpg","contentUrl":"https:\/\/lacerdaai.com\/br\/wp-content\/uploads\/2025\/12\/imagem-127.jpg","width":1200,"height":628},{"@type":"BreadcrumbList","@id":"https:\/\/lacerdaai.com\/br\/o-mundo-em-alerta-por-que-nao-estamos-prontos-para-uma-emergencia-de-ia\/#breadcrumb","itemListElement":[{"@type":"ListItem","position":1,"name":"In\u00edcio","item":"https:\/\/lacerdaai.com\/br\/"},{"@type":"ListItem","position":2,"name":"O Mundo em Alerta: Por Que N\u00e3o Estamos Prontos Para Uma Emerg\u00eancia de IA?"}]},{"@type":"WebSite","@id":"https:\/\/lacerdaai.com\/br\/#website","url":"https:\/\/lacerdaai.com\/br\/","name":"Lacerda AI","description":"Seu blog di\u00e1rio de novidades do mundo da Inteligencia Artificial","potentialAction":[{"@type":"SearchAction","target":{"@type":"EntryPoint","urlTemplate":"https:\/\/lacerdaai.com\/br\/?s={search_term_string}"},"query-input":{"@type":"PropertyValueSpecification","valueRequired":true,"valueName":"search_term_string"}}],"inLanguage":"pt-BR"},{"@type":"Person","@id":"https:\/\/lacerdaai.com\/br\/#\/schema\/person\/8bad803c2e83a0c5c5c75e02a1c2248f","name":"Andr\u00e9 Lacerda","image":{"@type":"ImageObject","inLanguage":"pt-BR","@id":"https:\/\/lacerdaai.com\/br\/#\/schema\/person\/image\/","url":"https:\/\/secure.gravatar.com\/avatar\/f5c1fa5ad9763f54c1f223c3fc91f131da6288c9f9e28d74bb3c355ad99af205?s=96&d=mm&r=g","contentUrl":"https:\/\/secure.gravatar.com\/avatar\/f5c1fa5ad9763f54c1f223c3fc91f131da6288c9f9e28d74bb3c355ad99af205?s=96&d=mm&r=g","caption":"Andr\u00e9 Lacerda"},"description":"Sou o Andr\u00e9 Lacerda, tenho 35 anos e sou apaixonado por tecnologia, intelig\u00eancia artificial e boas hist\u00f3rias. Me formei em Tecnologia e Jornalismo \u2014 sim, uma mistura meio improv\u00e1vel, mas que combina muito comigo. J\u00e1 morei no Canad\u00e1 e na Espanha, e essas experi\u00eancias me ajudaram a enxergar a inova\u00e7\u00e3o com um olhar mais global (e a me virar bem em tr\u00eas idiomas \ud83d\ude04). Trabalhei em algumas das maiores empresas de tecnologia do mercado e, hoje, atuo como consultor ajudando neg\u00f3cios a entenderem e aplicarem IA de forma pr\u00e1tica, estrat\u00e9gica e humana. Gosto de traduzir o complexo em algo simples \u2014 e \u00e9 isso que voc\u00ea vai encontrar por aqui.","sameAs":["http:\/\/lacerdaai.com\/br"],"url":"https:\/\/lacerdaai.com\/br\/author\/red-admin\/"}]}},"_links":{"self":[{"href":"https:\/\/lacerdaai.com\/br\/wp-json\/wp\/v2\/posts\/3005","targetHints":{"allow":["GET"]}}],"collection":[{"href":"https:\/\/lacerdaai.com\/br\/wp-json\/wp\/v2\/posts"}],"about":[{"href":"https:\/\/lacerdaai.com\/br\/wp-json\/wp\/v2\/types\/post"}],"author":[{"embeddable":true,"href":"https:\/\/lacerdaai.com\/br\/wp-json\/wp\/v2\/users\/1"}],"replies":[{"embeddable":true,"href":"https:\/\/lacerdaai.com\/br\/wp-json\/wp\/v2\/comments?post=3005"}],"version-history":[{"count":1,"href":"https:\/\/lacerdaai.com\/br\/wp-json\/wp\/v2\/posts\/3005\/revisions"}],"predecessor-version":[{"id":3006,"href":"https:\/\/lacerdaai.com\/br\/wp-json\/wp\/v2\/posts\/3005\/revisions\/3006"}],"wp:featuredmedia":[{"embeddable":true,"href":"https:\/\/lacerdaai.com\/br\/wp-json\/wp\/v2\/media\/3004"}],"wp:attachment":[{"href":"https:\/\/lacerdaai.com\/br\/wp-json\/wp\/v2\/media?parent=3005"}],"wp:term":[{"taxonomy":"category","embeddable":true,"href":"https:\/\/lacerdaai.com\/br\/wp-json\/wp\/v2\/categories?post=3005"},{"taxonomy":"post_tag","embeddable":true,"href":"https:\/\/lacerdaai.com\/br\/wp-json\/wp\/v2\/tags?post=3005"}],"curies":[{"name":"wp","href":"https:\/\/api.w.org\/{rel}","templated":true}]}}