{"id":3017,"date":"2025-12-31T04:44:32","date_gmt":"2025-12-31T07:44:32","guid":{"rendered":"https:\/\/lacerdaai.com\/br\/a-ascensao-do-ceticismo-o-movimento-anti-ia-esta-chegando-qual-caminho-a-sociedade-escolhera\/"},"modified":"2025-12-31T04:44:33","modified_gmt":"2025-12-31T07:44:33","slug":"a-ascensao-do-ceticismo-o-movimento-anti-ia-esta-chegando-qual-caminho-a-sociedade-escolhera","status":"publish","type":"post","link":"https:\/\/lacerdaai.com\/br\/a-ascensao-do-ceticismo-o-movimento-anti-ia-esta-chegando-qual-caminho-a-sociedade-escolhera\/","title":{"rendered":"A Ascens\u00e3o do Ceticismo: O **Movimento Anti-IA** Est\u00e1 Chegando \u2013 Qual Caminho a Sociedade Escolher\u00e1?"},"content":{"rendered":"<p>A Intelig\u00eancia Artificial (IA) tem sido a estrela incontest\u00e1vel do palco tecnol\u00f3gico nos \u00faltimos anos. De assistentes virtuais a carros aut\u00f4nomos, passando por ferramentas de cria\u00e7\u00e3o de conte\u00fado e sistemas de diagn\u00f3stico m\u00e9dico, a IA promete transformar (e j\u00e1 transforma) todos os aspectos de nossas vidas. A narrativa dominante tem sido a de progresso ininterrupto, efici\u00eancia inigual\u00e1vel e um futuro cada vez mais conectado e inteligente. No entanto, por tr\u00e1s do brilho das inova\u00e7\u00f5es, uma corrente de ceticismo e preocupa\u00e7\u00e3o come\u00e7a a ganhar for\u00e7a, culminando na emerg\u00eancia de um potencial <strong>movimento anti-IA<\/strong>. Ser\u00e1 que a tecnologia que promete nos libertar de tarefas ma\u00e7antes est\u00e1, na verdade, minando o que h\u00e1 de mais essencial na experi\u00eancia humana?<\/p>\n<p>Essa pergunta, que antes parecia restrita a obras de fic\u00e7\u00e3o cient\u00edfica dist\u00f3picas, agora ecoa em f\u00f3runs de debate, artigos de opini\u00e3o e at\u00e9 mesmo nas ruas. \u00c0 medida que a IA se infiltra mais profundamente em nossas estruturas sociais e econ\u00f4micas, surgem dilemas \u00e9ticos, temores de deslocamento de empregos, preocupa\u00e7\u00f5es com a autonomia humana e at\u00e9 mesmo quest\u00f5es existenciais sobre o prop\u00f3sito da vida em um mundo superinteligente. \u00c9 um debate complexo, multifacetado, e que exige uma an\u00e1lise cuidadosa dos pr\u00f3s e contras, bem como dos caminhos que podemos trilhar para moldar um futuro onde a intelig\u00eancia artificial sirva \u00e0 humanidade, e n\u00e3o o contr\u00e1rio.<\/p>\n<h2>O <strong>Movimento Anti-IA<\/strong>: Da Fic\u00e7\u00e3o Cient\u00edfica \u00e0 Realidade Social<\/h2>\n<p>Por d\u00e9cadas, a ideia de uma resist\u00eancia \u00e0 tecnologia avan\u00e7ada foi um tema cativo da literatura e do cinema. De &#8216;Blade Runner&#8217; a &#8216;Exterminador do Futuro&#8217;, rob\u00f4s e intelig\u00eancias artificiais superpoderosas foram retratadas como amea\u00e7as \u00e0 exist\u00eancia humana, provocando uma rea\u00e7\u00e3o de grupos rebeldes. Hoje, essa narrativa come\u00e7a a sair das telas para ganhar contornos de uma realidade social, embora de forma muito mais matizada. O que antes era um receio de m\u00e1quinas assassinas, agora se manifesta como uma preocupa\u00e7\u00e3o mais sutil, mas igualmente profunda: o impacto da IA na dignidade humana, na criatividade, nos la\u00e7os sociais e na pr\u00f3pria defini\u00e7\u00e3o de trabalho e prop\u00f3sito.<\/p>\n<p>O <strong>movimento anti-IA<\/strong>, em sua concep\u00e7\u00e3o atual, n\u00e3o \u00e9 um grupo homog\u00eaneo de ludistas modernos que buscam destruir m\u00e1quinas. Em vez disso, ele engloba um espectro de preocupa\u00e7\u00f5es que variam desde ativistas de direitos humanos temerosos do uso de IA para vigil\u00e2ncia e controle, at\u00e9 artistas e escritores que veem na gera\u00e7\u00e3o autom\u00e1tica de conte\u00fado uma amea\u00e7a existencial \u00e0 sua profiss\u00e3o e \u00e0 arte em si. Economistas e soci\u00f3logos questionam o impacto massivo no mercado de trabalho, prevendo um aumento sem precedentes no desemprego tecnol\u00f3gico e na desigualdade social, enquanto fil\u00f3sofos debatem a eros\u00e3o da autonomia e da ag\u00eancia humana. A tecnologia, que prometia nos libertar, parece, para muitos, estar nos encurralando.<\/p>\n<p>A percep\u00e7\u00e3o de que a IA est\u00e1 &#8220;arruinando muito do que faz a vida valer a pena&#8221; \u00e9 alimentada por experi\u00eancias concretas. A despersonaliza\u00e7\u00e3o do atendimento ao cliente, a prolifera\u00e7\u00e3o de informa\u00e7\u00f5es falsas geradas por IA, a eros\u00e3o da privacidade e a sensa\u00e7\u00e3o de que a criatividade humana est\u00e1 sendo desvalorizada em favor da produ\u00e7\u00e3o em massa de algoritmos s\u00e3o apenas alguns dos gatilhos. O debate n\u00e3o \u00e9 apenas sobre o que a IA pode fazer, mas o que ela faz *conosco* como seres humanos e como sociedade. \u00c9 uma chamada para reavaliar o progresso tecnol\u00f3gico e questionar se estamos construindo um futuro que realmente queremos.<\/p>\n<h2>Dilemas \u00c9ticos e Impactos Sociais: A Face Oculta da Inova\u00e7\u00e3o<\/h2>\n<p>A cada nova fronteira tecnol\u00f3gica que a IA transp\u00f5e, um novo conjunto de dilemas \u00e9ticos emerge. Um dos mais prementes \u00e9 o vi\u00e9s algor\u00edtmico. Sistemas de IA s\u00e3o treinados com base em vastos volumes de dados hist\u00f3ricos que, muitas vezes, refletem preconceitos e desigualdades existentes na sociedade. Quando esses sistemas s\u00e3o aplicados em \u00e1reas como recrutamento, concess\u00e3o de cr\u00e9dito ou at\u00e9 mesmo em decis\u00f5es judiciais, eles podem perpetuar e amplificar discrimina\u00e7\u00f5es de forma sist\u00eamica, muitas vezes invis\u00edvel e dif\u00edcil de auditar. Isso levanta quest\u00f5es s\u00e9rias sobre justi\u00e7a, equidade e a responsabilidade dos desenvolvedores e usu\u00e1rios da IA.<\/p>\n<p>Outra preocupa\u00e7\u00e3o central \u00e9 o impacto no mercado de trabalho. Embora a hist\u00f3ria nos mostre que a tecnologia sempre criou novos empregos enquanto eliminava outros, a velocidade e a escala da atual revolu\u00e7\u00e3o da IA s\u00e3o sem precedentes. Setores inteiros, do transporte \u00e0 cria\u00e7\u00e3o de conte\u00fado, passando por servi\u00e7os administrativos e at\u00e9 mesmo algumas \u00e1reas da medicina, est\u00e3o sendo repensados sob a \u00f3tica da automa\u00e7\u00e3o. A discuss\u00e3o sobre renda b\u00e1sica universal, requalifica\u00e7\u00e3o massiva e a necessidade de uma rede de seguran\u00e7a social robusta nunca foi t\u00e3o urgente. A transi\u00e7\u00e3o para uma economia impulsionada pela IA exige mais do que inova\u00e7\u00e3o tecnol\u00f3gica; exige inova\u00e7\u00e3o social e pol\u00edtica.<\/p>\n<p>Al\u00e9m disso, a prolifera\u00e7\u00e3o de ferramentas de IA generativa, como modelos de linguagem e geradores de imagem, levantou alarmes sobre a autenticidade e a verdade. Com a capacidade de criar conte\u00fado indistingu\u00edvel do produzido por humanos, a desinforma\u00e7\u00e3o pode ser gerada em escala industrial, minando a confian\u00e7a nas institui\u00e7\u00f5es, na m\u00eddia e na pr\u00f3pria realidade. A crise da identidade digital e a prote\u00e7\u00e3o da autoria e propriedade intelectual em um mundo de cria\u00e7\u00f5es algor\u00edtmicas s\u00e3o desafios complexos que exigem respostas globais e coordenadas. \u00c9 o terreno f\u00e9rtil para que o <strong>movimento anti-IA<\/strong> se fortale\u00e7a, clamando por regulamenta\u00e7\u00e3o e controle.<\/p>\n<h2>A Busca por Regula\u00e7\u00e3o e Lideran\u00e7a Pol\u00edtica<\/h2>\n<p>Diante desses desafios monumentais, a quest\u00e3o de quem liderar\u00e1 a resposta a esse <strong>movimento anti-IA<\/strong> e, mais amplamente, \u00e0 regula\u00e7\u00e3o da IA, torna-se crucial. A ina\u00e7\u00e3o n\u00e3o \u00e9 uma op\u00e7\u00e3o. Diversas propostas e abordagens pol\u00edticas est\u00e3o surgindo em todo o mundo. A Uni\u00e3o Europeia, por exemplo, est\u00e1 na vanguarda com seu AI Act, uma legisla\u00e7\u00e3o abrangente que visa classificar os sistemas de IA por risco e impor obriga\u00e7\u00f5es rigorosas aos desenvolvedores e usu\u00e1rios de sistemas de alto risco. Essa abordagem regulat\u00f3ria baseada em risco busca equilibrar a inova\u00e7\u00e3o com a prote\u00e7\u00e3o dos direitos fundamentais dos cidad\u00e3os.<\/p>\n<p>Nos Estados Unidos, o debate \u00e9 mais fragmentado, com diferentes fac\u00e7\u00f5es pol\u00edticas defendendo abordagens distintas. Setores mais progressistas tendem a advogar por uma regula\u00e7\u00e3o mais estrita, com foco em prote\u00e7\u00e3o ao trabalhador, combate \u00e0 discrimina\u00e7\u00e3o e salvaguarda da privacidade. Eles veem a IA como uma ferramenta que, sem controle, pode exacerbar desigualdades e concentrar poder nas m\u00e3os de poucas corpora\u00e7\u00f5es. A preocupa\u00e7\u00e3o com a seguran\u00e7a e a integridade democr\u00e1tica tamb\u00e9m \u00e9 central para essa vertente, dado o potencial da IA de manipular elei\u00e7\u00f5es e disseminar propaganda. A necessidade de uma abordagem que priorize as pessoas e n\u00e3o apenas o lucro \u00e9 um grito comum.<\/p>\n<p>Por outro lado, setores mais conservadores e libert\u00e1rios, muitas vezes alinhados com os interesses das grandes empresas de tecnologia, tendem a enfatizar a import\u00e2ncia da inova\u00e7\u00e3o e do livre mercado. Eles alertam que uma regula\u00e7\u00e3o excessiva pode sufocar o desenvolvimento tecnol\u00f3gico, impedindo os EUA de competir globalmente e perder a lideran\u00e7a em IA. Para eles, a autorregula\u00e7\u00e3o da ind\u00fastria, combinada com padr\u00f5es volunt\u00e1rios e incentivos fiscais, pode ser mais eficaz do que a interven\u00e7\u00e3o governamental pesada. A ideia \u00e9 que o mercado, por si s\u00f3, encontrar\u00e1 as solu\u00e7\u00f5es para os problemas gerados pela IA, ou que a inova\u00e7\u00e3o trar\u00e1 os benef\u00edcios que superam os riscos.<\/p>\n<p>No Brasil, o debate ainda est\u00e1 em fase inicial, mas a necessidade de uma estrutura regulat\u00f3ria clara \u00e9 cada vez mais evidente. As discuss\u00f5es envolvem desde a prote\u00e7\u00e3o de dados pessoais (com a LGPD j\u00e1 atuando como um pano de fundo importante) at\u00e9 a necessidade de pol\u00edticas p\u00fablicas que preparem a for\u00e7a de trabalho para as transforma\u00e7\u00f5es futuras. A cria\u00e7\u00e3o de comit\u00eas de \u00e9tica em IA, o fomento \u00e0 pesquisa respons\u00e1vel e o di\u00e1logo entre o setor p\u00fablico, privado e a academia s\u00e3o passos cruciais para navegar esse cen\u00e1rio complexo.<\/p>\n<p>O futuro da IA e do <strong>movimento anti-IA<\/strong> depender\u00e1, em grande parte, de qual partido ou ideologia conseguir\u00e1 articular uma vis\u00e3o convincente e eficaz. N\u00e3o se trata apenas de regular a tecnologia, mas de definir o tipo de sociedade que queremos construir com ela. Ser\u00e1 uma sociedade onde a IA otimiza o bem-estar humano e a sustentabilidade, ou uma onde ela aprofunda divis\u00f5es e desumaniza a experi\u00eancia? A resposta reside em nossa capacidade de engajamento c\u00edvico, na transpar\u00eancia das decis\u00f5es e na prioriza\u00e7\u00e3o dos valores humanos acima de tudo.<\/p>\n<p>O surgimento de um <strong>movimento anti-IA<\/strong> \u00e9 um sinal claro de que a sociedade est\u00e1 amadurecendo em sua compreens\u00e3o das implica\u00e7\u00f5es da intelig\u00eancia artificial. N\u00e3o podemos mais nos dar ao luxo de abordar a IA com um otimismo ing\u00eanuo e irrestrito. \u00c9 fundamental reconhecer os riscos, os dilemas \u00e9ticos e os impactos sociais profundos que essa tecnologia acarreta. A verdadeira quest\u00e3o n\u00e3o \u00e9 se devemos deter o avan\u00e7o da IA \u2013 algo que \u00e9, na pr\u00e1tica, imposs\u00edvel \u2013 mas sim como podemos direcion\u00e1-la para que sirva aos nossos melhores interesses, protegendo a dignidade humana, a justi\u00e7a e a coes\u00e3o social.<\/p>\n<p>A solu\u00e7\u00e3o n\u00e3o vir\u00e1 de uma \u00fanica fonte, mas de um esfor\u00e7o colaborativo que envolva governos, empresas, acad\u00eamicos, sociedade civil e, crucialmente, os pr\u00f3prios cidad\u00e3os. A educa\u00e7\u00e3o digital, a conscientiza\u00e7\u00e3o sobre os riscos e os benef\u00edcios da IA, e a cria\u00e7\u00e3o de canais para o debate p\u00fablico informado s\u00e3o essenciais. Somente atrav\u00e9s de um di\u00e1logo robusto e da implementa\u00e7\u00e3o de estruturas regulat\u00f3rias e \u00e9ticas bem pensadas poderemos garantir que a intelig\u00eancia artificial seja uma ferramenta de progresso genu\u00edno, e n\u00e3o uma for\u00e7a que erode o que torna a vida verdadeiramente valiosa. O futuro da IA, e da humanidade com ela, depende das escolhas que fazemos hoje.<\/p>\n","protected":false},"excerpt":{"rendered":"<p>A Intelig\u00eancia Artificial (IA) tem sido a estrela incontest\u00e1vel do palco tecnol\u00f3gico nos \u00faltimos anos. De assistentes virtuais a carros aut\u00f4nomos, passando por ferramentas de cria\u00e7\u00e3o de conte\u00fado e sistemas de diagn\u00f3stico m\u00e9dico, a IA promete transformar (e j\u00e1 transforma) todos os aspectos de nossas vidas. A narrativa dominante tem sido a de progresso ininterrupto, [&hellip;]<\/p>\n","protected":false},"author":1,"featured_media":3016,"comment_status":"open","ping_status":"open","sticky":false,"template":"","format":"standard","meta":{"_yoast_wpseo_focuskw":"movimento anti-IA","_yoast_wpseo_metadesc":"Explore a crescente insatisfa\u00e7\u00e3o e as preocupa\u00e7\u00f5es profundas que alimentam o **movimento anti-IA**. Analisamos os impactos da intelig\u00eancia artificial na vida humana e o futuro da regula\u00e7\u00e3o e do debate social.","footnotes":""},"categories":[2],"tags":[],"class_list":["post-3017","post","type-post","status-publish","format-standard","has-post-thumbnail","hentry","category-novidades"],"yoast_head":"<!-- This site is optimized with the Yoast SEO plugin v25.6 - https:\/\/yoast.com\/wordpress\/plugins\/seo\/ -->\n<title>A Ascens\u00e3o do Ceticismo: O **Movimento Anti-IA** Est\u00e1 Chegando \u2013 Qual Caminho a Sociedade Escolher\u00e1? - Lacerda AI<\/title>\n<meta name=\"description\" content=\"Explore a crescente insatisfa\u00e7\u00e3o e as preocupa\u00e7\u00f5es profundas que alimentam o **movimento anti-IA**. Analisamos os impactos da intelig\u00eancia artificial na vida humana e o futuro da regula\u00e7\u00e3o e do debate social.\" \/>\n<meta name=\"robots\" content=\"index, follow, max-snippet:-1, max-image-preview:large, max-video-preview:-1\" \/>\n<link rel=\"canonical\" href=\"https:\/\/lacerdaai.com\/br\/a-ascensao-do-ceticismo-o-movimento-anti-ia-esta-chegando-qual-caminho-a-sociedade-escolhera\/\" \/>\n<meta property=\"og:locale\" content=\"pt_BR\" \/>\n<meta property=\"og:type\" content=\"article\" \/>\n<meta property=\"og:title\" content=\"A Ascens\u00e3o do Ceticismo: O **Movimento Anti-IA** Est\u00e1 Chegando \u2013 Qual Caminho a Sociedade Escolher\u00e1? - Lacerda AI\" \/>\n<meta property=\"og:description\" content=\"Explore a crescente insatisfa\u00e7\u00e3o e as preocupa\u00e7\u00f5es profundas que alimentam o **movimento anti-IA**. Analisamos os impactos da intelig\u00eancia artificial na vida humana e o futuro da regula\u00e7\u00e3o e do debate social.\" \/>\n<meta property=\"og:url\" content=\"https:\/\/lacerdaai.com\/br\/a-ascensao-do-ceticismo-o-movimento-anti-ia-esta-chegando-qual-caminho-a-sociedade-escolhera\/\" \/>\n<meta property=\"og:site_name\" content=\"Lacerda AI\" \/>\n<meta property=\"article:published_time\" content=\"2025-12-31T07:44:32+00:00\" \/>\n<meta property=\"article:modified_time\" content=\"2025-12-31T07:44:33+00:00\" \/>\n<meta name=\"author\" content=\"Andr\u00e9 Lacerda\" \/>\n<meta name=\"twitter:card\" content=\"summary_large_image\" \/>\n<meta name=\"twitter:label1\" content=\"Escrito por\" \/>\n\t<meta name=\"twitter:data1\" content=\"Andr\u00e9 Lacerda\" \/>\n\t<meta name=\"twitter:label2\" content=\"Est. tempo de leitura\" \/>\n\t<meta name=\"twitter:data2\" content=\"9 minutos\" \/>\n<script type=\"application\/ld+json\" class=\"yoast-schema-graph\">{\"@context\":\"https:\/\/schema.org\",\"@graph\":[{\"@type\":\"WebPage\",\"@id\":\"https:\/\/lacerdaai.com\/br\/a-ascensao-do-ceticismo-o-movimento-anti-ia-esta-chegando-qual-caminho-a-sociedade-escolhera\/\",\"url\":\"https:\/\/lacerdaai.com\/br\/a-ascensao-do-ceticismo-o-movimento-anti-ia-esta-chegando-qual-caminho-a-sociedade-escolhera\/\",\"name\":\"A Ascens\u00e3o do Ceticismo: O **Movimento Anti-IA** Est\u00e1 Chegando \u2013 Qual Caminho a Sociedade Escolher\u00e1? - Lacerda AI\",\"isPartOf\":{\"@id\":\"https:\/\/lacerdaai.com\/br\/#website\"},\"primaryImageOfPage\":{\"@id\":\"https:\/\/lacerdaai.com\/br\/a-ascensao-do-ceticismo-o-movimento-anti-ia-esta-chegando-qual-caminho-a-sociedade-escolhera\/#primaryimage\"},\"image\":{\"@id\":\"https:\/\/lacerdaai.com\/br\/a-ascensao-do-ceticismo-o-movimento-anti-ia-esta-chegando-qual-caminho-a-sociedade-escolhera\/#primaryimage\"},\"thumbnailUrl\":\"https:\/\/lacerdaai.com\/br\/wp-content\/uploads\/2025\/12\/imagem-131-scaled.jpg\",\"datePublished\":\"2025-12-31T07:44:32+00:00\",\"dateModified\":\"2025-12-31T07:44:33+00:00\",\"author\":{\"@id\":\"https:\/\/lacerdaai.com\/br\/#\/schema\/person\/8bad803c2e83a0c5c5c75e02a1c2248f\"},\"description\":\"Explore a crescente insatisfa\u00e7\u00e3o e as preocupa\u00e7\u00f5es profundas que alimentam o **movimento anti-IA**. Analisamos os impactos da intelig\u00eancia artificial na vida humana e o futuro da regula\u00e7\u00e3o e do debate social.\",\"breadcrumb\":{\"@id\":\"https:\/\/lacerdaai.com\/br\/a-ascensao-do-ceticismo-o-movimento-anti-ia-esta-chegando-qual-caminho-a-sociedade-escolhera\/#breadcrumb\"},\"inLanguage\":\"pt-BR\",\"potentialAction\":[{\"@type\":\"ReadAction\",\"target\":[\"https:\/\/lacerdaai.com\/br\/a-ascensao-do-ceticismo-o-movimento-anti-ia-esta-chegando-qual-caminho-a-sociedade-escolhera\/\"]}]},{\"@type\":\"ImageObject\",\"inLanguage\":\"pt-BR\",\"@id\":\"https:\/\/lacerdaai.com\/br\/a-ascensao-do-ceticismo-o-movimento-anti-ia-esta-chegando-qual-caminho-a-sociedade-escolhera\/#primaryimage\",\"url\":\"https:\/\/lacerdaai.com\/br\/wp-content\/uploads\/2025\/12\/imagem-131-scaled.jpg\",\"contentUrl\":\"https:\/\/lacerdaai.com\/br\/wp-content\/uploads\/2025\/12\/imagem-131-scaled.jpg\",\"width\":2560,\"height\":1440},{\"@type\":\"BreadcrumbList\",\"@id\":\"https:\/\/lacerdaai.com\/br\/a-ascensao-do-ceticismo-o-movimento-anti-ia-esta-chegando-qual-caminho-a-sociedade-escolhera\/#breadcrumb\",\"itemListElement\":[{\"@type\":\"ListItem\",\"position\":1,\"name\":\"In\u00edcio\",\"item\":\"https:\/\/lacerdaai.com\/br\/\"},{\"@type\":\"ListItem\",\"position\":2,\"name\":\"A Ascens\u00e3o do Ceticismo: O **Movimento Anti-IA** Est\u00e1 Chegando \u2013 Qual Caminho a Sociedade Escolher\u00e1?\"}]},{\"@type\":\"WebSite\",\"@id\":\"https:\/\/lacerdaai.com\/br\/#website\",\"url\":\"https:\/\/lacerdaai.com\/br\/\",\"name\":\"Lacerda AI\",\"description\":\"Seu blog di\u00e1rio de novidades do mundo da Inteligencia Artificial\",\"potentialAction\":[{\"@type\":\"SearchAction\",\"target\":{\"@type\":\"EntryPoint\",\"urlTemplate\":\"https:\/\/lacerdaai.com\/br\/?s={search_term_string}\"},\"query-input\":{\"@type\":\"PropertyValueSpecification\",\"valueRequired\":true,\"valueName\":\"search_term_string\"}}],\"inLanguage\":\"pt-BR\"},{\"@type\":\"Person\",\"@id\":\"https:\/\/lacerdaai.com\/br\/#\/schema\/person\/8bad803c2e83a0c5c5c75e02a1c2248f\",\"name\":\"Andr\u00e9 Lacerda\",\"image\":{\"@type\":\"ImageObject\",\"inLanguage\":\"pt-BR\",\"@id\":\"https:\/\/lacerdaai.com\/br\/#\/schema\/person\/image\/\",\"url\":\"https:\/\/secure.gravatar.com\/avatar\/f5c1fa5ad9763f54c1f223c3fc91f131da6288c9f9e28d74bb3c355ad99af205?s=96&d=mm&r=g\",\"contentUrl\":\"https:\/\/secure.gravatar.com\/avatar\/f5c1fa5ad9763f54c1f223c3fc91f131da6288c9f9e28d74bb3c355ad99af205?s=96&d=mm&r=g\",\"caption\":\"Andr\u00e9 Lacerda\"},\"description\":\"Sou o Andr\u00e9 Lacerda, tenho 35 anos e sou apaixonado por tecnologia, intelig\u00eancia artificial e boas hist\u00f3rias. Me formei em Tecnologia e Jornalismo \u2014 sim, uma mistura meio improv\u00e1vel, mas que combina muito comigo. J\u00e1 morei no Canad\u00e1 e na Espanha, e essas experi\u00eancias me ajudaram a enxergar a inova\u00e7\u00e3o com um olhar mais global (e a me virar bem em tr\u00eas idiomas \ud83d\ude04). Trabalhei em algumas das maiores empresas de tecnologia do mercado e, hoje, atuo como consultor ajudando neg\u00f3cios a entenderem e aplicarem IA de forma pr\u00e1tica, estrat\u00e9gica e humana. Gosto de traduzir o complexo em algo simples \u2014 e \u00e9 isso que voc\u00ea vai encontrar por aqui.\",\"sameAs\":[\"http:\/\/lacerdaai.com\/br\"],\"url\":\"https:\/\/lacerdaai.com\/br\/author\/red-admin\/\"}]}<\/script>\n<!-- \/ Yoast SEO plugin. -->","yoast_head_json":{"title":"A Ascens\u00e3o do Ceticismo: O **Movimento Anti-IA** Est\u00e1 Chegando \u2013 Qual Caminho a Sociedade Escolher\u00e1? - Lacerda AI","description":"Explore a crescente insatisfa\u00e7\u00e3o e as preocupa\u00e7\u00f5es profundas que alimentam o **movimento anti-IA**. Analisamos os impactos da intelig\u00eancia artificial na vida humana e o futuro da regula\u00e7\u00e3o e do debate social.","robots":{"index":"index","follow":"follow","max-snippet":"max-snippet:-1","max-image-preview":"max-image-preview:large","max-video-preview":"max-video-preview:-1"},"canonical":"https:\/\/lacerdaai.com\/br\/a-ascensao-do-ceticismo-o-movimento-anti-ia-esta-chegando-qual-caminho-a-sociedade-escolhera\/","og_locale":"pt_BR","og_type":"article","og_title":"A Ascens\u00e3o do Ceticismo: O **Movimento Anti-IA** Est\u00e1 Chegando \u2013 Qual Caminho a Sociedade Escolher\u00e1? - Lacerda AI","og_description":"Explore a crescente insatisfa\u00e7\u00e3o e as preocupa\u00e7\u00f5es profundas que alimentam o **movimento anti-IA**. Analisamos os impactos da intelig\u00eancia artificial na vida humana e o futuro da regula\u00e7\u00e3o e do debate social.","og_url":"https:\/\/lacerdaai.com\/br\/a-ascensao-do-ceticismo-o-movimento-anti-ia-esta-chegando-qual-caminho-a-sociedade-escolhera\/","og_site_name":"Lacerda AI","article_published_time":"2025-12-31T07:44:32+00:00","article_modified_time":"2025-12-31T07:44:33+00:00","author":"Andr\u00e9 Lacerda","twitter_card":"summary_large_image","twitter_misc":{"Escrito por":"Andr\u00e9 Lacerda","Est. tempo de leitura":"9 minutos"},"schema":{"@context":"https:\/\/schema.org","@graph":[{"@type":"WebPage","@id":"https:\/\/lacerdaai.com\/br\/a-ascensao-do-ceticismo-o-movimento-anti-ia-esta-chegando-qual-caminho-a-sociedade-escolhera\/","url":"https:\/\/lacerdaai.com\/br\/a-ascensao-do-ceticismo-o-movimento-anti-ia-esta-chegando-qual-caminho-a-sociedade-escolhera\/","name":"A Ascens\u00e3o do Ceticismo: O **Movimento Anti-IA** Est\u00e1 Chegando \u2013 Qual Caminho a Sociedade Escolher\u00e1? - Lacerda AI","isPartOf":{"@id":"https:\/\/lacerdaai.com\/br\/#website"},"primaryImageOfPage":{"@id":"https:\/\/lacerdaai.com\/br\/a-ascensao-do-ceticismo-o-movimento-anti-ia-esta-chegando-qual-caminho-a-sociedade-escolhera\/#primaryimage"},"image":{"@id":"https:\/\/lacerdaai.com\/br\/a-ascensao-do-ceticismo-o-movimento-anti-ia-esta-chegando-qual-caminho-a-sociedade-escolhera\/#primaryimage"},"thumbnailUrl":"https:\/\/lacerdaai.com\/br\/wp-content\/uploads\/2025\/12\/imagem-131-scaled.jpg","datePublished":"2025-12-31T07:44:32+00:00","dateModified":"2025-12-31T07:44:33+00:00","author":{"@id":"https:\/\/lacerdaai.com\/br\/#\/schema\/person\/8bad803c2e83a0c5c5c75e02a1c2248f"},"description":"Explore a crescente insatisfa\u00e7\u00e3o e as preocupa\u00e7\u00f5es profundas que alimentam o **movimento anti-IA**. Analisamos os impactos da intelig\u00eancia artificial na vida humana e o futuro da regula\u00e7\u00e3o e do debate social.","breadcrumb":{"@id":"https:\/\/lacerdaai.com\/br\/a-ascensao-do-ceticismo-o-movimento-anti-ia-esta-chegando-qual-caminho-a-sociedade-escolhera\/#breadcrumb"},"inLanguage":"pt-BR","potentialAction":[{"@type":"ReadAction","target":["https:\/\/lacerdaai.com\/br\/a-ascensao-do-ceticismo-o-movimento-anti-ia-esta-chegando-qual-caminho-a-sociedade-escolhera\/"]}]},{"@type":"ImageObject","inLanguage":"pt-BR","@id":"https:\/\/lacerdaai.com\/br\/a-ascensao-do-ceticismo-o-movimento-anti-ia-esta-chegando-qual-caminho-a-sociedade-escolhera\/#primaryimage","url":"https:\/\/lacerdaai.com\/br\/wp-content\/uploads\/2025\/12\/imagem-131-scaled.jpg","contentUrl":"https:\/\/lacerdaai.com\/br\/wp-content\/uploads\/2025\/12\/imagem-131-scaled.jpg","width":2560,"height":1440},{"@type":"BreadcrumbList","@id":"https:\/\/lacerdaai.com\/br\/a-ascensao-do-ceticismo-o-movimento-anti-ia-esta-chegando-qual-caminho-a-sociedade-escolhera\/#breadcrumb","itemListElement":[{"@type":"ListItem","position":1,"name":"In\u00edcio","item":"https:\/\/lacerdaai.com\/br\/"},{"@type":"ListItem","position":2,"name":"A Ascens\u00e3o do Ceticismo: O **Movimento Anti-IA** Est\u00e1 Chegando \u2013 Qual Caminho a Sociedade Escolher\u00e1?"}]},{"@type":"WebSite","@id":"https:\/\/lacerdaai.com\/br\/#website","url":"https:\/\/lacerdaai.com\/br\/","name":"Lacerda AI","description":"Seu blog di\u00e1rio de novidades do mundo da Inteligencia Artificial","potentialAction":[{"@type":"SearchAction","target":{"@type":"EntryPoint","urlTemplate":"https:\/\/lacerdaai.com\/br\/?s={search_term_string}"},"query-input":{"@type":"PropertyValueSpecification","valueRequired":true,"valueName":"search_term_string"}}],"inLanguage":"pt-BR"},{"@type":"Person","@id":"https:\/\/lacerdaai.com\/br\/#\/schema\/person\/8bad803c2e83a0c5c5c75e02a1c2248f","name":"Andr\u00e9 Lacerda","image":{"@type":"ImageObject","inLanguage":"pt-BR","@id":"https:\/\/lacerdaai.com\/br\/#\/schema\/person\/image\/","url":"https:\/\/secure.gravatar.com\/avatar\/f5c1fa5ad9763f54c1f223c3fc91f131da6288c9f9e28d74bb3c355ad99af205?s=96&d=mm&r=g","contentUrl":"https:\/\/secure.gravatar.com\/avatar\/f5c1fa5ad9763f54c1f223c3fc91f131da6288c9f9e28d74bb3c355ad99af205?s=96&d=mm&r=g","caption":"Andr\u00e9 Lacerda"},"description":"Sou o Andr\u00e9 Lacerda, tenho 35 anos e sou apaixonado por tecnologia, intelig\u00eancia artificial e boas hist\u00f3rias. Me formei em Tecnologia e Jornalismo \u2014 sim, uma mistura meio improv\u00e1vel, mas que combina muito comigo. J\u00e1 morei no Canad\u00e1 e na Espanha, e essas experi\u00eancias me ajudaram a enxergar a inova\u00e7\u00e3o com um olhar mais global (e a me virar bem em tr\u00eas idiomas \ud83d\ude04). Trabalhei em algumas das maiores empresas de tecnologia do mercado e, hoje, atuo como consultor ajudando neg\u00f3cios a entenderem e aplicarem IA de forma pr\u00e1tica, estrat\u00e9gica e humana. Gosto de traduzir o complexo em algo simples \u2014 e \u00e9 isso que voc\u00ea vai encontrar por aqui.","sameAs":["http:\/\/lacerdaai.com\/br"],"url":"https:\/\/lacerdaai.com\/br\/author\/red-admin\/"}]}},"_links":{"self":[{"href":"https:\/\/lacerdaai.com\/br\/wp-json\/wp\/v2\/posts\/3017","targetHints":{"allow":["GET"]}}],"collection":[{"href":"https:\/\/lacerdaai.com\/br\/wp-json\/wp\/v2\/posts"}],"about":[{"href":"https:\/\/lacerdaai.com\/br\/wp-json\/wp\/v2\/types\/post"}],"author":[{"embeddable":true,"href":"https:\/\/lacerdaai.com\/br\/wp-json\/wp\/v2\/users\/1"}],"replies":[{"embeddable":true,"href":"https:\/\/lacerdaai.com\/br\/wp-json\/wp\/v2\/comments?post=3017"}],"version-history":[{"count":1,"href":"https:\/\/lacerdaai.com\/br\/wp-json\/wp\/v2\/posts\/3017\/revisions"}],"predecessor-version":[{"id":3018,"href":"https:\/\/lacerdaai.com\/br\/wp-json\/wp\/v2\/posts\/3017\/revisions\/3018"}],"wp:featuredmedia":[{"embeddable":true,"href":"https:\/\/lacerdaai.com\/br\/wp-json\/wp\/v2\/media\/3016"}],"wp:attachment":[{"href":"https:\/\/lacerdaai.com\/br\/wp-json\/wp\/v2\/media?parent=3017"}],"wp:term":[{"taxonomy":"category","embeddable":true,"href":"https:\/\/lacerdaai.com\/br\/wp-json\/wp\/v2\/categories?post=3017"},{"taxonomy":"post_tag","embeddable":true,"href":"https:\/\/lacerdaai.com\/br\/wp-json\/wp\/v2\/tags?post=3017"}],"curies":[{"name":"wp","href":"https:\/\/api.w.org\/{rel}","templated":true}]}}