{"id":3131,"date":"2026-01-09T20:42:47","date_gmt":"2026-01-09T23:42:47","guid":{"rendered":"https:\/\/lacerdaai.com\/br\/ia-e-o-fim-da-aposentadoria-a-revolucao-da-singularidade-tecnologica\/"},"modified":"2026-01-09T20:42:48","modified_gmt":"2026-01-09T23:42:48","slug":"ia-e-o-fim-da-aposentadoria-a-revolucao-da-singularidade-tecnologica","status":"publish","type":"post","link":"https:\/\/lacerdaai.com\/br\/ia-e-o-fim-da-aposentadoria-a-revolucao-da-singularidade-tecnologica\/","title":{"rendered":"IA e o Fim da Aposentadoria? A Revolu\u00e7\u00e3o da Singularidade Tecnol\u00f3gica"},"content":{"rendered":"<p>Imagine um futuro n\u00e3o t\u00e3o distante onde as regras do jogo da vida, como as conhecemos, s\u00e3o completamente reescritas. Um futuro onde conceitos t\u00e3o arraigados quanto \u201cpoupar para a aposentadoria\u201d perdem seu sentido, n\u00e3o por uma crise econ\u00f4mica, mas por uma transforma\u00e7\u00e3o tecnol\u00f3gica t\u00e3o profunda que redefine o que significa trabalhar, viver e, sim, envelhecer. Parece fic\u00e7\u00e3o cient\u00edfica? Talvez n\u00e3o. Uma declara\u00e7\u00e3o enigm\u00e1tica atribu\u00edda a uma das mentes mais influentes e inovadoras do planeta resumiu essa perspectiva de forma alarmante: \u201cEstamos na singularidade. Estamos no topo da montanha-russa, e ela est\u00e1 prestes a despencar.\u201d<\/p>\n<p>Essa frase, curta e potente, encapsula um debate crescente e cada vez mais urgente sobre o impacto da <strong>Intelig\u00eancia Artificial<\/strong> (IA) na sociedade. N\u00e3o \u00e9 apenas sobre automa\u00e7\u00e3o ou rob\u00f4s substituindo empregos; \u00e9 sobre uma mudan\u00e7a de paradigma que questiona as pr\u00f3prias funda\u00e7\u00f5es da nossa estrutura socioecon\u00f4mica. Se a IA est\u00e1, de fato, nos levando a um ponto de virada sem precedentes \u2013 a tal \u2018singularidade\u2019 \u2013 o que isso significa para o nosso planejamento financeiro, para a nossa no\u00e7\u00e3o de prop\u00f3sito e para o nosso futuro coletivo? Prepare-se para embarcar nessa discuss\u00e3o que pode ser mais relevante para sua vida do que voc\u00ea imagina.<\/p>\n<h2><strong>Intelig\u00eancia Artificial<\/strong> e a Imers\u00e3o na Singularidade Tecnol\u00f3gica<\/h2>\n<p>A frase \u201cestamos na singularidade\u201d n\u00e3o \u00e9 um mero exagero. Ela ecoa as ideias de vision\u00e1rios como Ray Kurzweil, que popularizou o conceito de Singularidade Tecnol\u00f3gica. Em termos simples, a singularidade \u00e9 um ponto hipot\u00e9tico no tempo em que o avan\u00e7o tecnol\u00f3gico, impulsionado pela <strong>Intelig\u00eancia Artificial<\/strong>, se torna incontrol\u00e1vel e irrevers\u00edvel, resultando em uma mudan\u00e7a imprevis\u00edvel na civiliza\u00e7\u00e3o humana. \u00c9 o momento em que a intelig\u00eancia das m\u00e1quinas supera exponencialmente a intelig\u00eancia humana, levando a uma era de autoaprimoramento tecnol\u00f3gico que escapa \u00e0 nossa compreens\u00e3o.<\/p>\n<p>Por que muitos acreditam que estamos \u201cno topo da montanha-russa\u201d? Basta olhar para o ritmo fren\u00e9tico das inova\u00e7\u00f5es em IA. H\u00e1 apenas alguns anos, modelos de linguagem generativa como o ChatGPT ou sistemas de cria\u00e7\u00e3o de imagens como o DALL-E e o Midjourney pareciam algo sa\u00eddo de filmes futuristas. Hoje, eles s\u00e3o ferramentas acess\u00edveis que est\u00e3o revolucionando ind\u00fastrias inteiras, da educa\u00e7\u00e3o ao marketing, do design \u00e0 medicina. A capacidade de m\u00e1quinas para aprender, criar, raciocinar e at\u00e9 mesmo simular emo\u00e7\u00f5es est\u00e1 progredindo a uma velocidade que desafia as previs\u00f5es mais otimistas (ou pessimistas, dependendo da sua perspectiva).<\/p>\n<p>A IA j\u00e1 est\u00e1 aprimorando diagn\u00f3sticos m\u00e9dicos, otimizando cadeias de suprimentos, desenvolvendo novos materiais e at\u00e9 compondo m\u00fasicas e roteiros. Esses avan\u00e7os n\u00e3o s\u00e3o incrementais; s\u00e3o exponenciais. Cada nova gera\u00e7\u00e3o de algoritmos e hardware duplica ou quadruplica a capacidade de processamento e aprendizado. Isso n\u00e3o \u00e9 apenas sobre otimizar tarefas existentes, mas sobre criar possibilidades que antes eram inimagin\u00e1veis. Quando a IA atinge o ponto de projetar e construir IAs ainda mais avan\u00e7adas do que ela pr\u00f3pria \u2013 um ciclo de feedback positivo \u2013 ent\u00e3o, a singularidade pode realmente se tornar uma realidade palp\u00e1vel, e o mundo como o conhecemos, de fato, se transformaria de maneiras que n\u00e3o podemos prever.<\/p>\n<h2>O Fim do Trabalho Tradicional e um Cen\u00e1rio P\u00f3s-Aposentadoria<\/h2>\n<p>Se a <strong>Intelig\u00eancia Artificial<\/strong> se tornar capaz de realizar a maioria das tarefas cognitivas e f\u00edsicas hoje executadas por humanos, o que acontecer\u00e1 com o conceito de trabalho? E, por extens\u00e3o, com a aposentadoria? A provoca\u00e7\u00e3o de \u201cn\u00e3o se preocupe em poupar para a aposentadoria\u201d ganha uma nova camada de complexidade quando consideramos um cen\u00e1rio onde a produtividade \u00e9 impulsionada por m\u00e1quinas inteligentes e o trabalho humano, como o entendemos hoje, pode se tornar escasso ou completamente redefinido.<\/p>\n<p>Estudos e proje\u00e7\u00f5es de institui\u00e7\u00f5es como o F\u00f3rum Econ\u00f4mico Mundial indicam que milh\u00f5es de empregos ser\u00e3o transformados pela automa\u00e7\u00e3o e pela IA nas pr\u00f3ximas d\u00e9cadas. Enquanto algumas profiss\u00f5es desaparecer\u00e3o, outras novas surgir\u00e3o, e muitas ser\u00e3o aumentadas pela tecnologia, exigindo novas habilidades dos trabalhadores. A quest\u00e3o central, no entanto, \u00e9 se a taxa de cria\u00e7\u00e3o de novos empregos e a capacidade humana de se adaptar a essas novas demandas conseguir\u00e3o acompanhar a velocidade da disrup\u00e7\u00e3o.<\/p>\n<p>Se a riqueza for gerada principalmente por sistemas de IA e rob\u00f3tica, a distribui\u00e7\u00e3o dessa riqueza se torna um dilema social e econ\u00f4mico fundamental. Isso levanta discuss\u00f5es s\u00e9rias sobre a Renda B\u00e1sica Universal (RBU), uma ideia que ganha for\u00e7a como uma poss\u00edvel solu\u00e7\u00e3o para garantir um padr\u00e3o de vida m\u00ednimo para todos em um mundo p\u00f3s-trabalho. Em um cen\u00e1rio de RBU generalizada, a necessidade de \u201cpoupar para a aposentadoria\u201d se dilui, pois a seguran\u00e7a financeira seria garantida por uma estrutura social. A aposentadoria, ent\u00e3o, n\u00e3o seria um per\u00edodo de inatividade ap\u00f3s uma vida de trabalho, mas talvez uma condi\u00e7\u00e3o padr\u00e3o de exist\u00eancia, onde o foco se desloca para o desenvolvimento pessoal, a criatividade, a explora\u00e7\u00e3o ou o servi\u00e7o comunit\u00e1rio.<\/p>\n<p>Al\u00e9m disso, a <strong>Intelig\u00eancia Artificial<\/strong> tamb\u00e9m promete avan\u00e7os revolucion\u00e1rios na medicina e na sa\u00fade. Se a expectativa de vida humana se estender drasticamente, talvez chegando a 100, 120 anos ou mais com qualidade de vida, o conceito de se aposentar aos 60 ou 65 anos se torna obsoleto. As pessoas teriam que trabalhar por um per\u00edodo muito mais longo, ou o pr\u00f3prio conceito de \u201caposentadoria\u201d seria substitu\u00eddo por m\u00faltiplos ciclos de carreira, aprendizado cont\u00ednuo e diferentes formas de contribui\u00e7\u00e3o social. A IA pode, paradoxalmente, liberar-nos do trabalho mon\u00f3tono para nos permitir perseguir paix\u00f5es e prop\u00f3sitos por toda a vida, sem a press\u00e3o de um fim de carreira predefinido.<\/p>\n<h2>Navegando a Montanha-Russa do Futuro: Desafios e Oportunidades<\/h2>\n<p>A met\u00e1fora da montanha-russa que \u201cest\u00e1 prestes a despencar\u201d evoca tanto emo\u00e7\u00e3o quanto apreens\u00e3o. Por um lado, a <strong>Intelig\u00eancia Artificial<\/strong> oferece oportunidades sem precedentes para resolver alguns dos problemas mais intrincados da humanidade: curar doen\u00e7as complexas, combater as mudan\u00e7as clim\u00e1ticas, otimizar a produ\u00e7\u00e3o de alimentos e energia, e democratizar o acesso ao conhecimento. A IA pode ser uma for\u00e7a para o bem, elevando o padr\u00e3o de vida global e abrindo caminho para uma era de prosperidade e inova\u00e7\u00e3o inimagin\u00e1veis.<\/p>\n<p>Por outro lado, a descida da montanha-russa pode ser turbulenta e repleta de desafios. A concentra\u00e7\u00e3o de poder nas m\u00e3os de poucos que controlam as IAs mais avan\u00e7adas, o potencial para armas aut\u00f4nomas, a amplifica\u00e7\u00e3o da desinforma\u00e7\u00e3o, a eros\u00e3o da privacidade e a possibilidade de um controle social sem precedentes s\u00e3o preocupa\u00e7\u00f5es v\u00e1lidas e que exigem discuss\u00f5es \u00e9ticas e regulat\u00f3rias urgentes. A transi\u00e7\u00e3o para um mundo dominado pela IA pode exacerbar desigualdades existentes, criar novas divis\u00f5es sociais e desafiar nossos sistemas pol\u00edticos e econ\u00f4micos at\u00e9 o limite.<\/p>\n<p>Para o indiv\u00edduo, a grande quest\u00e3o \u00e9: como se preparar para um futuro t\u00e3o incerto? A resposta reside na adaptabilidade, no aprendizado cont\u00ednuo e na valoriza\u00e7\u00e3o de habilidades exclusivamente humanas. Criatividade, pensamento cr\u00edtico, empatia, intelig\u00eancia emocional e capacidade de colabora\u00e7\u00e3o se tornar\u00e3o ainda mais valiosas em um mundo onde as m\u00e1quinas cuidam das tarefas repetitivas e anal\u00edticas. Investir em educa\u00e7\u00e3o, tanto formal quanto informal, e desenvolver uma mentalidade de crescimento ser\u00e3o cruciais para navegar por essas \u00e1guas turbulentas.<\/p>\n<p>Al\u00e9m disso, a discuss\u00e3o sobre a aposentadoria e o futuro financeiro deve evoluir. Talvez o objetivo n\u00e3o seja mais acumular um fundo para uma vida de lazer, mas sim construir resili\u00eancia financeira atrav\u00e9s de diversas fontes de renda, investir em habilidades que a <strong>Intelig\u00eancia Artificial<\/strong> n\u00e3o possa replicar facilmente, e participar ativamente na discuss\u00e3o e governan\u00e7a da IA para garantir que seu desenvolvimento sirva ao bem comum. A confian\u00e7a na capacidade humana de inova\u00e7\u00e3o e adapta\u00e7\u00e3o ser\u00e1 nosso maior ativo.<\/p>\n<p>A ascens\u00e3o da <strong>Intelig\u00eancia Artificial<\/strong> n\u00e3o \u00e9 uma amea\u00e7a a ser temida passivamente, mas uma revolu\u00e7\u00e3o a ser moldada ativamente. \u00c9 um convite para repensar o que valorizamos, como organizamos nossa sociedade e qual \u00e9 o prop\u00f3sito de nossa exist\u00eancia individual e coletiva. A \u201cdescida da montanha-russa\u201d n\u00e3o precisa ser um mergulho no abismo; pode ser a porta para uma nova paisagem de possibilidades, desde que sejamos proativos na constru\u00e7\u00e3o de um futuro \u00e9tico, equitativo e centrado no ser humano.<\/p>\n<p>A ideia de que n\u00e3o precisamos mais nos preocupar em poupar para a aposentadoria, embora provocativa, \u00e9 um sintoma de uma transforma\u00e7\u00e3o muito maior que a <strong>Intelig\u00eancia Artificial<\/strong> est\u00e1 orquestrando. Estamos, de fato, em um ponto de inflex\u00e3o hist\u00f3rica, onde a singularidade tecnol\u00f3gica n\u00e3o \u00e9 mais uma fantasia distante, mas uma possibilidade cada vez mais concreta. As certezas do passado se dissolvem diante das inova\u00e7\u00f5es exponenciais, e a linha entre o trabalho e o lazer, entre o presente e o futuro, torna-se cada vez mais t\u00eanue.<\/p>\n<p>Nosso desafio e nossa oportunidade agora s\u00e3o de abra\u00e7ar essa mudan\u00e7a com sabedoria, responsabilidade e uma vis\u00e3o clara do que queremos que o futuro represente para a humanidade. Em vez de simplesmente nos preocuparmos com a queda, devemos nos engajar na dire\u00e7\u00e3o do trem, garantindo que a jornada da <strong>Intelig\u00eancia Artificial<\/strong> nos leve a um destino que seja pr\u00f3spero, justo e significativo para todos. O futuro da aposentadoria, assim como o futuro de tudo mais, ser\u00e1 o que fizermos dele.<\/p>\n","protected":false},"excerpt":{"rendered":"<p>Imagine um futuro n\u00e3o t\u00e3o distante onde as regras do jogo da vida, como as conhecemos, s\u00e3o completamente reescritas. Um futuro onde conceitos t\u00e3o arraigados quanto \u201cpoupar para a aposentadoria\u201d perdem seu sentido, n\u00e3o por uma crise econ\u00f4mica, mas por uma transforma\u00e7\u00e3o tecnol\u00f3gica t\u00e3o profunda que redefine o que significa trabalhar, viver e, sim, envelhecer. [&hellip;]<\/p>\n","protected":false},"author":1,"featured_media":3130,"comment_status":"open","ping_status":"open","sticky":false,"template":"","format":"standard","meta":{"_yoast_wpseo_focuskw":"Intelig\u00eancia Artificial","_yoast_wpseo_metadesc":"Descubra como a intelig\u00eancia artificial pode redefinir o futuro do trabalho e da aposentadoria. Estamos \u00e0 beira de uma singularidade tecnol\u00f3gica? Explore o impacto radical da IA.","footnotes":""},"categories":[2],"tags":[],"class_list":["post-3131","post","type-post","status-publish","format-standard","has-post-thumbnail","hentry","category-novidades"],"yoast_head":"<!-- This site is optimized with the Yoast SEO plugin v25.6 - https:\/\/yoast.com\/wordpress\/plugins\/seo\/ -->\n<title>IA e o Fim da Aposentadoria? A Revolu\u00e7\u00e3o da Singularidade Tecnol\u00f3gica - Lacerda AI<\/title>\n<meta name=\"description\" content=\"Descubra como a intelig\u00eancia artificial pode redefinir o futuro do trabalho e da aposentadoria. Estamos \u00e0 beira de uma singularidade tecnol\u00f3gica? Explore o impacto radical da IA.\" \/>\n<meta name=\"robots\" content=\"index, follow, max-snippet:-1, max-image-preview:large, max-video-preview:-1\" \/>\n<link rel=\"canonical\" href=\"https:\/\/lacerdaai.com\/br\/ia-e-o-fim-da-aposentadoria-a-revolucao-da-singularidade-tecnologica\/\" \/>\n<meta property=\"og:locale\" content=\"pt_BR\" \/>\n<meta property=\"og:type\" content=\"article\" \/>\n<meta property=\"og:title\" content=\"IA e o Fim da Aposentadoria? A Revolu\u00e7\u00e3o da Singularidade Tecnol\u00f3gica - Lacerda AI\" \/>\n<meta property=\"og:description\" content=\"Descubra como a intelig\u00eancia artificial pode redefinir o futuro do trabalho e da aposentadoria. Estamos \u00e0 beira de uma singularidade tecnol\u00f3gica? Explore o impacto radical da IA.\" \/>\n<meta property=\"og:url\" content=\"https:\/\/lacerdaai.com\/br\/ia-e-o-fim-da-aposentadoria-a-revolucao-da-singularidade-tecnologica\/\" \/>\n<meta property=\"og:site_name\" content=\"Lacerda AI\" \/>\n<meta property=\"article:published_time\" content=\"2026-01-09T23:42:47+00:00\" \/>\n<meta property=\"article:modified_time\" content=\"2026-01-09T23:42:48+00:00\" \/>\n<meta name=\"author\" content=\"Andr\u00e9 Lacerda\" \/>\n<meta name=\"twitter:card\" content=\"summary_large_image\" \/>\n<meta name=\"twitter:label1\" content=\"Escrito por\" \/>\n\t<meta name=\"twitter:data1\" content=\"Andr\u00e9 Lacerda\" \/>\n\t<meta name=\"twitter:label2\" content=\"Est. tempo de leitura\" \/>\n\t<meta name=\"twitter:data2\" content=\"8 minutos\" \/>\n<script type=\"application\/ld+json\" class=\"yoast-schema-graph\">{\"@context\":\"https:\/\/schema.org\",\"@graph\":[{\"@type\":\"WebPage\",\"@id\":\"https:\/\/lacerdaai.com\/br\/ia-e-o-fim-da-aposentadoria-a-revolucao-da-singularidade-tecnologica\/\",\"url\":\"https:\/\/lacerdaai.com\/br\/ia-e-o-fim-da-aposentadoria-a-revolucao-da-singularidade-tecnologica\/\",\"name\":\"IA e o Fim da Aposentadoria? A Revolu\u00e7\u00e3o da Singularidade Tecnol\u00f3gica - Lacerda AI\",\"isPartOf\":{\"@id\":\"https:\/\/lacerdaai.com\/br\/#website\"},\"primaryImageOfPage\":{\"@id\":\"https:\/\/lacerdaai.com\/br\/ia-e-o-fim-da-aposentadoria-a-revolucao-da-singularidade-tecnologica\/#primaryimage\"},\"image\":{\"@id\":\"https:\/\/lacerdaai.com\/br\/ia-e-o-fim-da-aposentadoria-a-revolucao-da-singularidade-tecnologica\/#primaryimage\"},\"thumbnailUrl\":\"https:\/\/lacerdaai.com\/br\/wp-content\/uploads\/2026\/01\/imagem-28.jpg\",\"datePublished\":\"2026-01-09T23:42:47+00:00\",\"dateModified\":\"2026-01-09T23:42:48+00:00\",\"author\":{\"@id\":\"https:\/\/lacerdaai.com\/br\/#\/schema\/person\/8bad803c2e83a0c5c5c75e02a1c2248f\"},\"description\":\"Descubra como a intelig\u00eancia artificial pode redefinir o futuro do trabalho e da aposentadoria. Estamos \u00e0 beira de uma singularidade tecnol\u00f3gica? Explore o impacto radical da IA.\",\"breadcrumb\":{\"@id\":\"https:\/\/lacerdaai.com\/br\/ia-e-o-fim-da-aposentadoria-a-revolucao-da-singularidade-tecnologica\/#breadcrumb\"},\"inLanguage\":\"pt-BR\",\"potentialAction\":[{\"@type\":\"ReadAction\",\"target\":[\"https:\/\/lacerdaai.com\/br\/ia-e-o-fim-da-aposentadoria-a-revolucao-da-singularidade-tecnologica\/\"]}]},{\"@type\":\"ImageObject\",\"inLanguage\":\"pt-BR\",\"@id\":\"https:\/\/lacerdaai.com\/br\/ia-e-o-fim-da-aposentadoria-a-revolucao-da-singularidade-tecnologica\/#primaryimage\",\"url\":\"https:\/\/lacerdaai.com\/br\/wp-content\/uploads\/2026\/01\/imagem-28.jpg\",\"contentUrl\":\"https:\/\/lacerdaai.com\/br\/wp-content\/uploads\/2026\/01\/imagem-28.jpg\",\"width\":1200,\"height\":675},{\"@type\":\"BreadcrumbList\",\"@id\":\"https:\/\/lacerdaai.com\/br\/ia-e-o-fim-da-aposentadoria-a-revolucao-da-singularidade-tecnologica\/#breadcrumb\",\"itemListElement\":[{\"@type\":\"ListItem\",\"position\":1,\"name\":\"In\u00edcio\",\"item\":\"https:\/\/lacerdaai.com\/br\/\"},{\"@type\":\"ListItem\",\"position\":2,\"name\":\"IA e o Fim da Aposentadoria? A Revolu\u00e7\u00e3o da Singularidade Tecnol\u00f3gica\"}]},{\"@type\":\"WebSite\",\"@id\":\"https:\/\/lacerdaai.com\/br\/#website\",\"url\":\"https:\/\/lacerdaai.com\/br\/\",\"name\":\"Lacerda AI\",\"description\":\"Seu blog di\u00e1rio de novidades do mundo da Inteligencia Artificial\",\"potentialAction\":[{\"@type\":\"SearchAction\",\"target\":{\"@type\":\"EntryPoint\",\"urlTemplate\":\"https:\/\/lacerdaai.com\/br\/?s={search_term_string}\"},\"query-input\":{\"@type\":\"PropertyValueSpecification\",\"valueRequired\":true,\"valueName\":\"search_term_string\"}}],\"inLanguage\":\"pt-BR\"},{\"@type\":\"Person\",\"@id\":\"https:\/\/lacerdaai.com\/br\/#\/schema\/person\/8bad803c2e83a0c5c5c75e02a1c2248f\",\"name\":\"Andr\u00e9 Lacerda\",\"image\":{\"@type\":\"ImageObject\",\"inLanguage\":\"pt-BR\",\"@id\":\"https:\/\/lacerdaai.com\/br\/#\/schema\/person\/image\/\",\"url\":\"https:\/\/secure.gravatar.com\/avatar\/f5c1fa5ad9763f54c1f223c3fc91f131da6288c9f9e28d74bb3c355ad99af205?s=96&d=mm&r=g\",\"contentUrl\":\"https:\/\/secure.gravatar.com\/avatar\/f5c1fa5ad9763f54c1f223c3fc91f131da6288c9f9e28d74bb3c355ad99af205?s=96&d=mm&r=g\",\"caption\":\"Andr\u00e9 Lacerda\"},\"description\":\"Sou o Andr\u00e9 Lacerda, tenho 35 anos e sou apaixonado por tecnologia, intelig\u00eancia artificial e boas hist\u00f3rias. Me formei em Tecnologia e Jornalismo \u2014 sim, uma mistura meio improv\u00e1vel, mas que combina muito comigo. J\u00e1 morei no Canad\u00e1 e na Espanha, e essas experi\u00eancias me ajudaram a enxergar a inova\u00e7\u00e3o com um olhar mais global (e a me virar bem em tr\u00eas idiomas \ud83d\ude04). Trabalhei em algumas das maiores empresas de tecnologia do mercado e, hoje, atuo como consultor ajudando neg\u00f3cios a entenderem e aplicarem IA de forma pr\u00e1tica, estrat\u00e9gica e humana. Gosto de traduzir o complexo em algo simples \u2014 e \u00e9 isso que voc\u00ea vai encontrar por aqui.\",\"sameAs\":[\"http:\/\/lacerdaai.com\/br\"],\"url\":\"https:\/\/lacerdaai.com\/br\/author\/red-admin\/\"}]}<\/script>\n<!-- \/ Yoast SEO plugin. -->","yoast_head_json":{"title":"IA e o Fim da Aposentadoria? A Revolu\u00e7\u00e3o da Singularidade Tecnol\u00f3gica - Lacerda AI","description":"Descubra como a intelig\u00eancia artificial pode redefinir o futuro do trabalho e da aposentadoria. Estamos \u00e0 beira de uma singularidade tecnol\u00f3gica? Explore o impacto radical da IA.","robots":{"index":"index","follow":"follow","max-snippet":"max-snippet:-1","max-image-preview":"max-image-preview:large","max-video-preview":"max-video-preview:-1"},"canonical":"https:\/\/lacerdaai.com\/br\/ia-e-o-fim-da-aposentadoria-a-revolucao-da-singularidade-tecnologica\/","og_locale":"pt_BR","og_type":"article","og_title":"IA e o Fim da Aposentadoria? A Revolu\u00e7\u00e3o da Singularidade Tecnol\u00f3gica - Lacerda AI","og_description":"Descubra como a intelig\u00eancia artificial pode redefinir o futuro do trabalho e da aposentadoria. Estamos \u00e0 beira de uma singularidade tecnol\u00f3gica? Explore o impacto radical da IA.","og_url":"https:\/\/lacerdaai.com\/br\/ia-e-o-fim-da-aposentadoria-a-revolucao-da-singularidade-tecnologica\/","og_site_name":"Lacerda AI","article_published_time":"2026-01-09T23:42:47+00:00","article_modified_time":"2026-01-09T23:42:48+00:00","author":"Andr\u00e9 Lacerda","twitter_card":"summary_large_image","twitter_misc":{"Escrito por":"Andr\u00e9 Lacerda","Est. tempo de leitura":"8 minutos"},"schema":{"@context":"https:\/\/schema.org","@graph":[{"@type":"WebPage","@id":"https:\/\/lacerdaai.com\/br\/ia-e-o-fim-da-aposentadoria-a-revolucao-da-singularidade-tecnologica\/","url":"https:\/\/lacerdaai.com\/br\/ia-e-o-fim-da-aposentadoria-a-revolucao-da-singularidade-tecnologica\/","name":"IA e o Fim da Aposentadoria? A Revolu\u00e7\u00e3o da Singularidade Tecnol\u00f3gica - Lacerda AI","isPartOf":{"@id":"https:\/\/lacerdaai.com\/br\/#website"},"primaryImageOfPage":{"@id":"https:\/\/lacerdaai.com\/br\/ia-e-o-fim-da-aposentadoria-a-revolucao-da-singularidade-tecnologica\/#primaryimage"},"image":{"@id":"https:\/\/lacerdaai.com\/br\/ia-e-o-fim-da-aposentadoria-a-revolucao-da-singularidade-tecnologica\/#primaryimage"},"thumbnailUrl":"https:\/\/lacerdaai.com\/br\/wp-content\/uploads\/2026\/01\/imagem-28.jpg","datePublished":"2026-01-09T23:42:47+00:00","dateModified":"2026-01-09T23:42:48+00:00","author":{"@id":"https:\/\/lacerdaai.com\/br\/#\/schema\/person\/8bad803c2e83a0c5c5c75e02a1c2248f"},"description":"Descubra como a intelig\u00eancia artificial pode redefinir o futuro do trabalho e da aposentadoria. Estamos \u00e0 beira de uma singularidade tecnol\u00f3gica? Explore o impacto radical da IA.","breadcrumb":{"@id":"https:\/\/lacerdaai.com\/br\/ia-e-o-fim-da-aposentadoria-a-revolucao-da-singularidade-tecnologica\/#breadcrumb"},"inLanguage":"pt-BR","potentialAction":[{"@type":"ReadAction","target":["https:\/\/lacerdaai.com\/br\/ia-e-o-fim-da-aposentadoria-a-revolucao-da-singularidade-tecnologica\/"]}]},{"@type":"ImageObject","inLanguage":"pt-BR","@id":"https:\/\/lacerdaai.com\/br\/ia-e-o-fim-da-aposentadoria-a-revolucao-da-singularidade-tecnologica\/#primaryimage","url":"https:\/\/lacerdaai.com\/br\/wp-content\/uploads\/2026\/01\/imagem-28.jpg","contentUrl":"https:\/\/lacerdaai.com\/br\/wp-content\/uploads\/2026\/01\/imagem-28.jpg","width":1200,"height":675},{"@type":"BreadcrumbList","@id":"https:\/\/lacerdaai.com\/br\/ia-e-o-fim-da-aposentadoria-a-revolucao-da-singularidade-tecnologica\/#breadcrumb","itemListElement":[{"@type":"ListItem","position":1,"name":"In\u00edcio","item":"https:\/\/lacerdaai.com\/br\/"},{"@type":"ListItem","position":2,"name":"IA e o Fim da Aposentadoria? A Revolu\u00e7\u00e3o da Singularidade Tecnol\u00f3gica"}]},{"@type":"WebSite","@id":"https:\/\/lacerdaai.com\/br\/#website","url":"https:\/\/lacerdaai.com\/br\/","name":"Lacerda AI","description":"Seu blog di\u00e1rio de novidades do mundo da Inteligencia Artificial","potentialAction":[{"@type":"SearchAction","target":{"@type":"EntryPoint","urlTemplate":"https:\/\/lacerdaai.com\/br\/?s={search_term_string}"},"query-input":{"@type":"PropertyValueSpecification","valueRequired":true,"valueName":"search_term_string"}}],"inLanguage":"pt-BR"},{"@type":"Person","@id":"https:\/\/lacerdaai.com\/br\/#\/schema\/person\/8bad803c2e83a0c5c5c75e02a1c2248f","name":"Andr\u00e9 Lacerda","image":{"@type":"ImageObject","inLanguage":"pt-BR","@id":"https:\/\/lacerdaai.com\/br\/#\/schema\/person\/image\/","url":"https:\/\/secure.gravatar.com\/avatar\/f5c1fa5ad9763f54c1f223c3fc91f131da6288c9f9e28d74bb3c355ad99af205?s=96&d=mm&r=g","contentUrl":"https:\/\/secure.gravatar.com\/avatar\/f5c1fa5ad9763f54c1f223c3fc91f131da6288c9f9e28d74bb3c355ad99af205?s=96&d=mm&r=g","caption":"Andr\u00e9 Lacerda"},"description":"Sou o Andr\u00e9 Lacerda, tenho 35 anos e sou apaixonado por tecnologia, intelig\u00eancia artificial e boas hist\u00f3rias. Me formei em Tecnologia e Jornalismo \u2014 sim, uma mistura meio improv\u00e1vel, mas que combina muito comigo. J\u00e1 morei no Canad\u00e1 e na Espanha, e essas experi\u00eancias me ajudaram a enxergar a inova\u00e7\u00e3o com um olhar mais global (e a me virar bem em tr\u00eas idiomas \ud83d\ude04). Trabalhei em algumas das maiores empresas de tecnologia do mercado e, hoje, atuo como consultor ajudando neg\u00f3cios a entenderem e aplicarem IA de forma pr\u00e1tica, estrat\u00e9gica e humana. Gosto de traduzir o complexo em algo simples \u2014 e \u00e9 isso que voc\u00ea vai encontrar por aqui.","sameAs":["http:\/\/lacerdaai.com\/br"],"url":"https:\/\/lacerdaai.com\/br\/author\/red-admin\/"}]}},"_links":{"self":[{"href":"https:\/\/lacerdaai.com\/br\/wp-json\/wp\/v2\/posts\/3131","targetHints":{"allow":["GET"]}}],"collection":[{"href":"https:\/\/lacerdaai.com\/br\/wp-json\/wp\/v2\/posts"}],"about":[{"href":"https:\/\/lacerdaai.com\/br\/wp-json\/wp\/v2\/types\/post"}],"author":[{"embeddable":true,"href":"https:\/\/lacerdaai.com\/br\/wp-json\/wp\/v2\/users\/1"}],"replies":[{"embeddable":true,"href":"https:\/\/lacerdaai.com\/br\/wp-json\/wp\/v2\/comments?post=3131"}],"version-history":[{"count":1,"href":"https:\/\/lacerdaai.com\/br\/wp-json\/wp\/v2\/posts\/3131\/revisions"}],"predecessor-version":[{"id":3132,"href":"https:\/\/lacerdaai.com\/br\/wp-json\/wp\/v2\/posts\/3131\/revisions\/3132"}],"wp:featuredmedia":[{"embeddable":true,"href":"https:\/\/lacerdaai.com\/br\/wp-json\/wp\/v2\/media\/3130"}],"wp:attachment":[{"href":"https:\/\/lacerdaai.com\/br\/wp-json\/wp\/v2\/media?parent=3131"}],"wp:term":[{"taxonomy":"category","embeddable":true,"href":"https:\/\/lacerdaai.com\/br\/wp-json\/wp\/v2\/categories?post=3131"},{"taxonomy":"post_tag","embeddable":true,"href":"https:\/\/lacerdaai.com\/br\/wp-json\/wp\/v2\/tags?post=3131"}],"curies":[{"name":"wp","href":"https:\/\/api.w.org\/{rel}","templated":true}]}}