{"id":3155,"date":"2026-01-11T20:42:34","date_gmt":"2026-01-11T23:42:34","guid":{"rendered":"https:\/\/lacerdaai.com\/br\/inteligencia-artificial-estamos-sendo-treinados-para-pensar-de-forma-reversa\/"},"modified":"2026-01-11T20:42:35","modified_gmt":"2026-01-11T23:42:35","slug":"inteligencia-artificial-estamos-sendo-treinados-para-pensar-de-forma-reversa","status":"publish","type":"post","link":"https:\/\/lacerdaai.com\/br\/inteligencia-artificial-estamos-sendo-treinados-para-pensar-de-forma-reversa\/","title":{"rendered":"Intelig\u00eancia Artificial: Estamos Sendo Treinados para Pensar de Forma Reversa?"},"content":{"rendered":"<p>A intelig\u00eancia artificial (IA) \u00e9, sem d\u00favida, a tecnologia definidora da nossa era. De assistentes de voz a algoritmos complexos que otimizam quase todos os aspectos de nossas vidas digitais e profissionais, a IA promete efici\u00eancia, inova\u00e7\u00e3o e um futuro mais conectado. No entanto, em meio a essa euforia tecnol\u00f3gica, vozes importantes come\u00e7am a soar um alerta. Uma delas \u00e9 a de John Nosta, um renomado te\u00f3rico da inova\u00e7\u00e3o e futurista, que trouxe \u00e0 tona uma reflex\u00e3o inquietante: a IA, com suas respostas polidas e aparentemente perfeitas, estaria nos treinando a pensar de forma reversa, gerando uma confian\u00e7a desmedida sem o alicerce fundamental do entendimento?<\/p>\n<p>Essa perspectiva nos convida a pausar e examinar uma consequ\u00eancia menos \u00f3bvia, mas potencialmente profunda, da nossa crescente simbiose com m\u00e1quinas inteligentes. N\u00e3o se trata de questionar a capacidade da IA, mas sim de entender como a intera\u00e7\u00e3o constante com ela pode remodelar nossas pr\u00f3prias capacidades cognitivas. Estamos delegando demais, e com isso, corroendo sutilmente nossa habilidade de raciocinar, analisar e compreender o mundo em sua complexidade? Este artigo mergulhar\u00e1 na tese provocadora de Nosta, explorando os mecanismos por tr\u00e1s dessa poss\u00edvel invers\u00e3o de pensamento e, mais importante, buscando caminhos para preservar e fortalecer nossas habilidades humanas essenciais na era da intelig\u00eancia artificial.<\/p>\n<h3><strong>Impacto da IA no racioc\u00ednio humano<\/strong>: O Alerta de John Nosta<\/h3>\n<p>John Nosta n\u00e3o \u00e9 um ludita, mas um pensador que questiona a maneira como nos relacionamos com a tecnologia. Sua teoria sobre o <strong>impacto da IA no racioc\u00ednio humano<\/strong> ressoa com uma preocupa\u00e7\u00e3o crescente entre educadores e especialistas em cogni\u00e7\u00e3o: a IA, ao nos fornecer respostas prontas e &#8216;polidas&#8217;, pode nos levar a um estado de &#8216;confian\u00e7a sem entendimento&#8217;. O que ele quer dizer com \u201cpensar de forma reversa\u201d? Significa que, em vez de partir de um problema, analis\u00e1-lo profundamente, pesquisar informa\u00e7\u00f5es, formular hip\u00f3teses e, finalmente, chegar a uma solu\u00e7\u00e3o \u2014 o processo tradicional do pensamento cr\u00edtico e resolutivo \u2014, estamos cada vez mais come\u00e7ando pelo resultado. Recebemos uma resposta aparentemente perfeita da IA e, a partir dela, tentamos construir um entendimento retrospectivo, ou pior, aceitamo-la sem qualquer questionamento.<\/p>\n<p>As &#8216;respostas polidas&#8217; da IA s\u00e3o um de seus maiores atrativos e, paradoxalmente, um de seus potenciais riscos. Modelos de linguagem avan\u00e7ados, como o ChatGPT e outros sistemas generativos, s\u00e3o treinados em vastos volumes de dados para produzir textos coerentes, gramaticalmente impec\u00e1veis e muitas vezes persuasivos. Eles podem simular expertise em quase qualquer t\u00f3pico. Essa fluidez e aparente autoridade podem ser hipnotizantes, levando os usu\u00e1rios a presumir que a resposta gerada \u00e9 n\u00e3o apenas correta, mas tamb\u00e9m a melhor e mais completa poss\u00edvel. O perigo surge quando essa presun\u00e7\u00e3o nos exime da responsabilidade de verificar, de indagar sobre a fonte, de compreender os vi\u00e9ses inerentes aos dados de treinamento ou de explorar as nuances que uma resposta simplificada da IA pode ter omitido. A IA fornece a &#8216;o qu\u00ea&#8217;, mas raramente aprofunda no &#8216;porqu\u00ea&#8217; e no &#8216;como&#8217; de forma a fomentar nosso pr\u00f3prio aprendizado.<\/p>\n<p>Essa din\u00e2mica cria um cen\u00e1rio onde a confian\u00e7a na tecnologia supera a necessidade de compreens\u00e3o. Imagine um profissional de marketing pedindo \u00e0 IA para criar um plano estrat\u00e9gico completo. A IA gera um documento bem estruturado, com an\u00e1lises de mercado, personas e t\u00e1ticas. O profissional, impressionado com a velocidade e a qualidade aparente, pode adot\u00e1-lo sem uma an\u00e1lise cr\u00edtica aprofundada, sem entender as premissas subjacentes, sem questionar se a estrat\u00e9gia \u00e9 realmente adequada para seu contexto espec\u00edfico. Ele confia na &#8216;m\u00e1quina&#8217; para pensar por ele, delegando o processo cognitivo mais complexo. Esse fen\u00f4meno n\u00e3o se limita ao marketing; ele pode ser observado em \u00e1reas como programa\u00e7\u00e3o, escrita criativa, an\u00e1lise de dados e at\u00e9 mesmo na tomada de decis\u00f5es em gest\u00e3o. A IA se torna uma &#8216;muleta cognitiva&#8217; que, em vez de nos ajudar a andar melhor, nos faz esquecer como andar sem apoio, minando o <strong>impacto da IA no racioc\u00ednio humano<\/strong> positivo.<\/p>\n<h3>A Armadilha da Efici\u00eancia e a Eros\u00e3o das Habilidades Cognitivas<\/h3>\n<p>A busca incessante por efici\u00eancia \u00e9 uma das for\u00e7as motrizes da ado\u00e7\u00e3o da IA no ambiente de trabalho e na vida pessoal. A promessa de fazer mais em menos tempo, automatizar tarefas repetitivas e otimizar processos \u00e9 inegavelmente atraente. Contudo, essa mesma efici\u00eancia, quando n\u00e3o gerenciada com consci\u00eancia, pode se transformar em uma armadilha, resultando na eros\u00e3o gradual de habilidades cognitivas humanas cruciais. Ao terceirizar tarefas que antes exigiam nosso c\u00e9rebro para a IA, corremos o risco de atrofiar nossa capacidade de resolver problemas, de desenvolver pensamento cr\u00edtico, de exercitar a mem\u00f3ria e at\u00e9 mesmo de inovar.<\/p>\n<p>A depend\u00eancia cognitiva surge quando nos habituamos a delegar o trabalho intelectual complexo \u00e0 m\u00e1quina. Por exemplo, estudantes que usam IA para resumir textos ou gerar ideias para ensaios podem perder a oportunidade de desenvolver habilidades essenciais de leitura cr\u00edtica, s\u00edntese e argumenta\u00e7\u00e3o. Profissionais que confiam cegamente em algoritmos para an\u00e1lises de dados podem negligenciar a import\u00e2ncia de entender a metodologia estat\u00edstica, identificar vieses nos dados ou interpretar resultados \u00e0 luz de seu conhecimento de dom\u00ednio. O exerc\u00edcio mental \u00e9 como um m\u00fasculo: se n\u00e3o o usamos, ele enfraquece. O **impacto da IA no racioc\u00ednio humano** aqui \u00e9 que, ao delegarmos consistentemente, reduzimos as oportunidades para esse &#8216;exerc\u00edcio&#8217;.<\/p>\n<p>Essa quest\u00e3o \u00e9 particularmente pertinente para as gera\u00e7\u00f5es mais jovens, os nativos digitais, que crescem em um mundo onde a IA \u00e9 onipresente. Se a IA sempre oferece a resposta pronta, qual \u00e9 o incentivo para a curiosidade intr\u00ednseca, para a explora\u00e7\u00e3o profunda, para o prazer da descoberta que adv\u00e9m do esfor\u00e7o intelectual? A busca por conhecimento pode ser substitu\u00edda pela busca por uma resposta imediata e conveniente. O dilema da curiosidade \u00e9 que a IA pode saciar a sede de informa\u00e7\u00e3o, mas pode n\u00e3o nutrir o desejo de realmente compreender, de ir al\u00e9m da superf\u00edcie.<\/p>\n<p>Al\u00e9m disso, muitos sistemas de IA operam como &#8216;caixas-pretas&#8217;. Mesmo os especialistas t\u00eam dificuldade em explicar exatamente como certas decis\u00f5es s\u00e3o tomadas por modelos complexos de aprendizado de m\u00e1quina. Essa opacidade intr\u00ednseca aos sistemas de IA pode exacerbar a &#8216;confian\u00e7a sem entendimento&#8217;. Se n\u00e3o conseguimos compreender a l\u00f3gica interna de uma IA, como podemos realmente validar suas sa\u00eddas ou aprender com seus insights de forma significativa? A IA nos d\u00e1 o peixe, mas raramente nos ensina a pescar, e muitas vezes nem sequer explica como pescou. Para mitigar o lado negativo do **impacto da IA no racioc\u00ednio humano**, \u00e9 vital abordarmos essa quest\u00e3o da explicabilidade e da transpar\u00eancia.<\/p>\n<h3>Preservando o Pensamento Cr\u00edtico na Era da IA: Estrat\u00e9gias e Solu\u00e7\u00f5es<\/h3>\n<p>Apesar dos desafios levantados pela tese de John Nosta, o futuro do pensamento humano em um mundo com IA n\u00e3o precisa ser sombrio. Pelo contr\u00e1rio, a IA pode se tornar uma poderosa aliada para aprimorar nossas capacidades cognitivas, desde que a abordemos com intencionalidade e estrat\u00e9gias claras. O segredo reside em nos vermos como copilotos, e n\u00e3o meros passageiros, na jornada da intelig\u00eancia artificial. A chave para mitigar um **impacto da IA no racioc\u00ednio humano** negativo \u00e9 a conscientiza\u00e7\u00e3o e a a\u00e7\u00e3o proativa.<\/p>\n<p>Uma das primeiras e mais importantes medidas \u00e9 a **alfabetiza\u00e7\u00e3o em IA**. Assim como aprendemos a ler e escrever, precisamos aprender sobre como a IA funciona, suas capacidades, mas, crucialmente, suas limita\u00e7\u00f5es e vieses. Compreender que a IA n\u00e3o &#8216;pensa&#8217; como um humano, que ela processa padr\u00f5es e n\u00e3o possui consci\u00eancia ou verdadeiro entendimento, \u00e9 fundamental. Essa alfabetiza\u00e7\u00e3o deve incluir a capacidade de formular perguntas eficazes para a IA (prompt engineering), de avaliar criticamente suas respostas e de saber quando e como a IA \u00e9 uma ferramenta apropriada ou inadequada para uma determinada tarefa.<\/p>\n<p>Em vez de permitir que a IA atrofie nosso pensamento cr\u00edtico, devemos us\u00e1-la como um catalisador para fortalec\u00ea-lo. Isso significa questionar as respostas da IA, verific\u00e1-las com fontes independentes, buscar perspectivas alternativas e, sempre que poss\u00edvel, tentar entender o processo que a IA (ou a aus\u00eancia dele) usou para chegar a uma conclus\u00e3o. O pensamento cr\u00edtico se torna uma habilidade meta-cognitiva essencial: precisamos refletir n\u00e3o apenas sobre o que pensamos, mas sobre *como* a IA influencia nosso processo de pensamento.<\/p>\n<p>A colabora\u00e7\u00e3o humano-IA deve ser a norma, n\u00e3o a exce\u00e7\u00e3o. A ideia \u00e9 a **intelig\u00eancia aumentada**, onde a IA atua como uma extens\u00e3o das nossas capacidades, e n\u00e3o como um substituto. Por exemplo, a IA pode lidar com a coleta e a s\u00edntese de grandes volumes de dados, liberando os humanos para se concentrarem na interpreta\u00e7\u00e3o, na formula\u00e7\u00e3o de hip\u00f3teses criativas e na tomada de decis\u00f5es estrat\u00e9gicas que exigem empatia, julgamento moral e intui\u00e7\u00e3o \u2013 qualidades que a IA, em seu estado atual, n\u00e3o possui. Ferramentas de IA podem ser usadas para gerar rascunhos, mas a lapida\u00e7\u00e3o final, a inser\u00e7\u00e3o da voz humana e a cr\u00edtica final devem vir de n\u00f3s.<\/p>\n<p>Designers de sistemas de IA tamb\u00e9m t\u00eam um papel fundamental. Eles podem criar interfaces e funcionalidades que incentivam o pensamento cr\u00edtico, em vez de o inibir. Isso pode incluir a exibi\u00e7\u00e3o de n\u00edveis de confian\u00e7a para as respostas da IA, a apresenta\u00e7\u00e3o de m\u00faltiplas perspectivas ou fontes, e at\u00e9 mesmo a inclus\u00e3o de &#8216;desafios&#8217; para que os usu\u00e1rios questionem e validem as sa\u00eddas. A educa\u00e7\u00e3o, desde as escolas b\u00e1sicas at\u00e9 o ensino superior e a forma\u00e7\u00e3o profissional continuada, precisa adaptar-se, colocando a \u00eanfase no pensamento cr\u00edtico, na resolu\u00e7\u00e3o de problemas complexos e na criatividade, preparando as futuras gera\u00e7\u00f5es para uma parceria eficaz com a IA.<\/p>\n<p>A tese de John Nosta, embora provocadora, \u00e9 um lembrete valioso de que o avan\u00e7o tecnol\u00f3gico, por mais brilhante que seja, exige uma reflex\u00e3o constante sobre suas implica\u00e7\u00f5es humanas. A IA \u00e9 uma ferramenta poderosa, e como qualquer ferramenta, seu **impacto da IA no racioc\u00ednio humano** final depender\u00e1 de como a usamos. Podemos permitir que ela nos leve a uma zona de conforto cognitiva, onde a confian\u00e7a sem entendimento se torna a norma, ou podemos abra\u00e7\u00e1-la como um meio para expandir nossas pr\u00f3prias capacidades, desafiando-nos a pensar de forma mais profunda, cr\u00edtica e original. A escolha \u00e9 nossa.<\/p>\n<p>Preservar nosso pensamento cr\u00edtico n\u00e3o \u00e9 uma quest\u00e3o de resistir \u00e0 IA, mas de integr\u00e1-la de forma inteligente e \u00e9tica em nossas vidas. Ao cultivarmos uma postura de curiosidade, questionamento e autoconsci\u00eancia sobre nossos processos cognitivos, podemos garantir que a intelig\u00eancia artificial sirva para amplificar, e n\u00e3o diminuir, a ess\u00eancia do que nos torna humanos. O futuro da cogni\u00e7\u00e3o humana na era da IA n\u00e3o est\u00e1 predeterminado; ele ser\u00e1 moldado pelas escolhas que fazemos hoje.<\/p>\n","protected":false},"excerpt":{"rendered":"<p>A intelig\u00eancia artificial (IA) \u00e9, sem d\u00favida, a tecnologia definidora da nossa era. De assistentes de voz a algoritmos complexos que otimizam quase todos os aspectos de nossas vidas digitais e profissionais, a IA promete efici\u00eancia, inova\u00e7\u00e3o e um futuro mais conectado. No entanto, em meio a essa euforia tecnol\u00f3gica, vozes importantes come\u00e7am a soar [&hellip;]<\/p>\n","protected":false},"author":1,"featured_media":3154,"comment_status":"open","ping_status":"open","sticky":false,"template":"","format":"standard","meta":{"_yoast_wpseo_focuskw":"impacto da IA no racioc\u00ednio humano","_yoast_wpseo_metadesc":"Explore a provocadora tese de John Nosta sobre como a Intelig\u00eancia Artificial pode estar moldando nosso racioc\u00ednio. Entenda o alerta sobre confian\u00e7a sem compreens\u00e3o e como preservar o pensamento cr\u00edtico na era digital.","footnotes":""},"categories":[2],"tags":[],"class_list":["post-3155","post","type-post","status-publish","format-standard","has-post-thumbnail","hentry","category-novidades"],"yoast_head":"<!-- This site is optimized with the Yoast SEO plugin v25.6 - https:\/\/yoast.com\/wordpress\/plugins\/seo\/ -->\n<title>Intelig\u00eancia Artificial: Estamos Sendo Treinados para Pensar de Forma Reversa? - Lacerda AI<\/title>\n<meta name=\"description\" content=\"Explore a provocadora tese de John Nosta sobre como a Intelig\u00eancia Artificial pode estar moldando nosso racioc\u00ednio. Entenda o alerta sobre confian\u00e7a sem compreens\u00e3o e como preservar o pensamento cr\u00edtico na era digital.\" \/>\n<meta name=\"robots\" content=\"index, follow, max-snippet:-1, max-image-preview:large, max-video-preview:-1\" \/>\n<link rel=\"canonical\" href=\"https:\/\/lacerdaai.com\/br\/inteligencia-artificial-estamos-sendo-treinados-para-pensar-de-forma-reversa\/\" \/>\n<meta property=\"og:locale\" content=\"pt_BR\" \/>\n<meta property=\"og:type\" content=\"article\" \/>\n<meta property=\"og:title\" content=\"Intelig\u00eancia Artificial: Estamos Sendo Treinados para Pensar de Forma Reversa? - Lacerda AI\" \/>\n<meta property=\"og:description\" content=\"Explore a provocadora tese de John Nosta sobre como a Intelig\u00eancia Artificial pode estar moldando nosso racioc\u00ednio. Entenda o alerta sobre confian\u00e7a sem compreens\u00e3o e como preservar o pensamento cr\u00edtico na era digital.\" \/>\n<meta property=\"og:url\" content=\"https:\/\/lacerdaai.com\/br\/inteligencia-artificial-estamos-sendo-treinados-para-pensar-de-forma-reversa\/\" \/>\n<meta property=\"og:site_name\" content=\"Lacerda AI\" \/>\n<meta property=\"article:published_time\" content=\"2026-01-11T23:42:34+00:00\" \/>\n<meta property=\"article:modified_time\" content=\"2026-01-11T23:42:35+00:00\" \/>\n<meta name=\"author\" content=\"Andr\u00e9 Lacerda\" \/>\n<meta name=\"twitter:card\" content=\"summary_large_image\" \/>\n<meta name=\"twitter:label1\" content=\"Escrito por\" \/>\n\t<meta name=\"twitter:data1\" content=\"Andr\u00e9 Lacerda\" \/>\n\t<meta name=\"twitter:label2\" content=\"Est. tempo de leitura\" \/>\n\t<meta name=\"twitter:data2\" content=\"9 minutos\" \/>\n<script type=\"application\/ld+json\" class=\"yoast-schema-graph\">{\"@context\":\"https:\/\/schema.org\",\"@graph\":[{\"@type\":\"WebPage\",\"@id\":\"https:\/\/lacerdaai.com\/br\/inteligencia-artificial-estamos-sendo-treinados-para-pensar-de-forma-reversa\/\",\"url\":\"https:\/\/lacerdaai.com\/br\/inteligencia-artificial-estamos-sendo-treinados-para-pensar-de-forma-reversa\/\",\"name\":\"Intelig\u00eancia Artificial: Estamos Sendo Treinados para Pensar de Forma Reversa? - Lacerda AI\",\"isPartOf\":{\"@id\":\"https:\/\/lacerdaai.com\/br\/#website\"},\"primaryImageOfPage\":{\"@id\":\"https:\/\/lacerdaai.com\/br\/inteligencia-artificial-estamos-sendo-treinados-para-pensar-de-forma-reversa\/#primaryimage\"},\"image\":{\"@id\":\"https:\/\/lacerdaai.com\/br\/inteligencia-artificial-estamos-sendo-treinados-para-pensar-de-forma-reversa\/#primaryimage\"},\"thumbnailUrl\":\"https:\/\/lacerdaai.com\/br\/wp-content\/uploads\/2026\/01\/imagem-36.jpg\",\"datePublished\":\"2026-01-11T23:42:34+00:00\",\"dateModified\":\"2026-01-11T23:42:35+00:00\",\"author\":{\"@id\":\"https:\/\/lacerdaai.com\/br\/#\/schema\/person\/8bad803c2e83a0c5c5c75e02a1c2248f\"},\"description\":\"Explore a provocadora tese de John Nosta sobre como a Intelig\u00eancia Artificial pode estar moldando nosso racioc\u00ednio. Entenda o alerta sobre confian\u00e7a sem compreens\u00e3o e como preservar o pensamento cr\u00edtico na era digital.\",\"breadcrumb\":{\"@id\":\"https:\/\/lacerdaai.com\/br\/inteligencia-artificial-estamos-sendo-treinados-para-pensar-de-forma-reversa\/#breadcrumb\"},\"inLanguage\":\"pt-BR\",\"potentialAction\":[{\"@type\":\"ReadAction\",\"target\":[\"https:\/\/lacerdaai.com\/br\/inteligencia-artificial-estamos-sendo-treinados-para-pensar-de-forma-reversa\/\"]}]},{\"@type\":\"ImageObject\",\"inLanguage\":\"pt-BR\",\"@id\":\"https:\/\/lacerdaai.com\/br\/inteligencia-artificial-estamos-sendo-treinados-para-pensar-de-forma-reversa\/#primaryimage\",\"url\":\"https:\/\/lacerdaai.com\/br\/wp-content\/uploads\/2026\/01\/imagem-36.jpg\",\"contentUrl\":\"https:\/\/lacerdaai.com\/br\/wp-content\/uploads\/2026\/01\/imagem-36.jpg\",\"width\":1200,\"height\":600},{\"@type\":\"BreadcrumbList\",\"@id\":\"https:\/\/lacerdaai.com\/br\/inteligencia-artificial-estamos-sendo-treinados-para-pensar-de-forma-reversa\/#breadcrumb\",\"itemListElement\":[{\"@type\":\"ListItem\",\"position\":1,\"name\":\"In\u00edcio\",\"item\":\"https:\/\/lacerdaai.com\/br\/\"},{\"@type\":\"ListItem\",\"position\":2,\"name\":\"Intelig\u00eancia Artificial: Estamos Sendo Treinados para Pensar de Forma Reversa?\"}]},{\"@type\":\"WebSite\",\"@id\":\"https:\/\/lacerdaai.com\/br\/#website\",\"url\":\"https:\/\/lacerdaai.com\/br\/\",\"name\":\"Lacerda AI\",\"description\":\"Seu blog di\u00e1rio de novidades do mundo da Inteligencia Artificial\",\"potentialAction\":[{\"@type\":\"SearchAction\",\"target\":{\"@type\":\"EntryPoint\",\"urlTemplate\":\"https:\/\/lacerdaai.com\/br\/?s={search_term_string}\"},\"query-input\":{\"@type\":\"PropertyValueSpecification\",\"valueRequired\":true,\"valueName\":\"search_term_string\"}}],\"inLanguage\":\"pt-BR\"},{\"@type\":\"Person\",\"@id\":\"https:\/\/lacerdaai.com\/br\/#\/schema\/person\/8bad803c2e83a0c5c5c75e02a1c2248f\",\"name\":\"Andr\u00e9 Lacerda\",\"image\":{\"@type\":\"ImageObject\",\"inLanguage\":\"pt-BR\",\"@id\":\"https:\/\/lacerdaai.com\/br\/#\/schema\/person\/image\/\",\"url\":\"https:\/\/secure.gravatar.com\/avatar\/f5c1fa5ad9763f54c1f223c3fc91f131da6288c9f9e28d74bb3c355ad99af205?s=96&d=mm&r=g\",\"contentUrl\":\"https:\/\/secure.gravatar.com\/avatar\/f5c1fa5ad9763f54c1f223c3fc91f131da6288c9f9e28d74bb3c355ad99af205?s=96&d=mm&r=g\",\"caption\":\"Andr\u00e9 Lacerda\"},\"description\":\"Sou o Andr\u00e9 Lacerda, tenho 35 anos e sou apaixonado por tecnologia, intelig\u00eancia artificial e boas hist\u00f3rias. Me formei em Tecnologia e Jornalismo \u2014 sim, uma mistura meio improv\u00e1vel, mas que combina muito comigo. J\u00e1 morei no Canad\u00e1 e na Espanha, e essas experi\u00eancias me ajudaram a enxergar a inova\u00e7\u00e3o com um olhar mais global (e a me virar bem em tr\u00eas idiomas \ud83d\ude04). Trabalhei em algumas das maiores empresas de tecnologia do mercado e, hoje, atuo como consultor ajudando neg\u00f3cios a entenderem e aplicarem IA de forma pr\u00e1tica, estrat\u00e9gica e humana. Gosto de traduzir o complexo em algo simples \u2014 e \u00e9 isso que voc\u00ea vai encontrar por aqui.\",\"sameAs\":[\"http:\/\/lacerdaai.com\/br\"],\"url\":\"https:\/\/lacerdaai.com\/br\/author\/red-admin\/\"}]}<\/script>\n<!-- \/ Yoast SEO plugin. -->","yoast_head_json":{"title":"Intelig\u00eancia Artificial: Estamos Sendo Treinados para Pensar de Forma Reversa? - Lacerda AI","description":"Explore a provocadora tese de John Nosta sobre como a Intelig\u00eancia Artificial pode estar moldando nosso racioc\u00ednio. Entenda o alerta sobre confian\u00e7a sem compreens\u00e3o e como preservar o pensamento cr\u00edtico na era digital.","robots":{"index":"index","follow":"follow","max-snippet":"max-snippet:-1","max-image-preview":"max-image-preview:large","max-video-preview":"max-video-preview:-1"},"canonical":"https:\/\/lacerdaai.com\/br\/inteligencia-artificial-estamos-sendo-treinados-para-pensar-de-forma-reversa\/","og_locale":"pt_BR","og_type":"article","og_title":"Intelig\u00eancia Artificial: Estamos Sendo Treinados para Pensar de Forma Reversa? - Lacerda AI","og_description":"Explore a provocadora tese de John Nosta sobre como a Intelig\u00eancia Artificial pode estar moldando nosso racioc\u00ednio. Entenda o alerta sobre confian\u00e7a sem compreens\u00e3o e como preservar o pensamento cr\u00edtico na era digital.","og_url":"https:\/\/lacerdaai.com\/br\/inteligencia-artificial-estamos-sendo-treinados-para-pensar-de-forma-reversa\/","og_site_name":"Lacerda AI","article_published_time":"2026-01-11T23:42:34+00:00","article_modified_time":"2026-01-11T23:42:35+00:00","author":"Andr\u00e9 Lacerda","twitter_card":"summary_large_image","twitter_misc":{"Escrito por":"Andr\u00e9 Lacerda","Est. tempo de leitura":"9 minutos"},"schema":{"@context":"https:\/\/schema.org","@graph":[{"@type":"WebPage","@id":"https:\/\/lacerdaai.com\/br\/inteligencia-artificial-estamos-sendo-treinados-para-pensar-de-forma-reversa\/","url":"https:\/\/lacerdaai.com\/br\/inteligencia-artificial-estamos-sendo-treinados-para-pensar-de-forma-reversa\/","name":"Intelig\u00eancia Artificial: Estamos Sendo Treinados para Pensar de Forma Reversa? - Lacerda AI","isPartOf":{"@id":"https:\/\/lacerdaai.com\/br\/#website"},"primaryImageOfPage":{"@id":"https:\/\/lacerdaai.com\/br\/inteligencia-artificial-estamos-sendo-treinados-para-pensar-de-forma-reversa\/#primaryimage"},"image":{"@id":"https:\/\/lacerdaai.com\/br\/inteligencia-artificial-estamos-sendo-treinados-para-pensar-de-forma-reversa\/#primaryimage"},"thumbnailUrl":"https:\/\/lacerdaai.com\/br\/wp-content\/uploads\/2026\/01\/imagem-36.jpg","datePublished":"2026-01-11T23:42:34+00:00","dateModified":"2026-01-11T23:42:35+00:00","author":{"@id":"https:\/\/lacerdaai.com\/br\/#\/schema\/person\/8bad803c2e83a0c5c5c75e02a1c2248f"},"description":"Explore a provocadora tese de John Nosta sobre como a Intelig\u00eancia Artificial pode estar moldando nosso racioc\u00ednio. Entenda o alerta sobre confian\u00e7a sem compreens\u00e3o e como preservar o pensamento cr\u00edtico na era digital.","breadcrumb":{"@id":"https:\/\/lacerdaai.com\/br\/inteligencia-artificial-estamos-sendo-treinados-para-pensar-de-forma-reversa\/#breadcrumb"},"inLanguage":"pt-BR","potentialAction":[{"@type":"ReadAction","target":["https:\/\/lacerdaai.com\/br\/inteligencia-artificial-estamos-sendo-treinados-para-pensar-de-forma-reversa\/"]}]},{"@type":"ImageObject","inLanguage":"pt-BR","@id":"https:\/\/lacerdaai.com\/br\/inteligencia-artificial-estamos-sendo-treinados-para-pensar-de-forma-reversa\/#primaryimage","url":"https:\/\/lacerdaai.com\/br\/wp-content\/uploads\/2026\/01\/imagem-36.jpg","contentUrl":"https:\/\/lacerdaai.com\/br\/wp-content\/uploads\/2026\/01\/imagem-36.jpg","width":1200,"height":600},{"@type":"BreadcrumbList","@id":"https:\/\/lacerdaai.com\/br\/inteligencia-artificial-estamos-sendo-treinados-para-pensar-de-forma-reversa\/#breadcrumb","itemListElement":[{"@type":"ListItem","position":1,"name":"In\u00edcio","item":"https:\/\/lacerdaai.com\/br\/"},{"@type":"ListItem","position":2,"name":"Intelig\u00eancia Artificial: Estamos Sendo Treinados para Pensar de Forma Reversa?"}]},{"@type":"WebSite","@id":"https:\/\/lacerdaai.com\/br\/#website","url":"https:\/\/lacerdaai.com\/br\/","name":"Lacerda AI","description":"Seu blog di\u00e1rio de novidades do mundo da Inteligencia Artificial","potentialAction":[{"@type":"SearchAction","target":{"@type":"EntryPoint","urlTemplate":"https:\/\/lacerdaai.com\/br\/?s={search_term_string}"},"query-input":{"@type":"PropertyValueSpecification","valueRequired":true,"valueName":"search_term_string"}}],"inLanguage":"pt-BR"},{"@type":"Person","@id":"https:\/\/lacerdaai.com\/br\/#\/schema\/person\/8bad803c2e83a0c5c5c75e02a1c2248f","name":"Andr\u00e9 Lacerda","image":{"@type":"ImageObject","inLanguage":"pt-BR","@id":"https:\/\/lacerdaai.com\/br\/#\/schema\/person\/image\/","url":"https:\/\/secure.gravatar.com\/avatar\/f5c1fa5ad9763f54c1f223c3fc91f131da6288c9f9e28d74bb3c355ad99af205?s=96&d=mm&r=g","contentUrl":"https:\/\/secure.gravatar.com\/avatar\/f5c1fa5ad9763f54c1f223c3fc91f131da6288c9f9e28d74bb3c355ad99af205?s=96&d=mm&r=g","caption":"Andr\u00e9 Lacerda"},"description":"Sou o Andr\u00e9 Lacerda, tenho 35 anos e sou apaixonado por tecnologia, intelig\u00eancia artificial e boas hist\u00f3rias. Me formei em Tecnologia e Jornalismo \u2014 sim, uma mistura meio improv\u00e1vel, mas que combina muito comigo. J\u00e1 morei no Canad\u00e1 e na Espanha, e essas experi\u00eancias me ajudaram a enxergar a inova\u00e7\u00e3o com um olhar mais global (e a me virar bem em tr\u00eas idiomas \ud83d\ude04). Trabalhei em algumas das maiores empresas de tecnologia do mercado e, hoje, atuo como consultor ajudando neg\u00f3cios a entenderem e aplicarem IA de forma pr\u00e1tica, estrat\u00e9gica e humana. Gosto de traduzir o complexo em algo simples \u2014 e \u00e9 isso que voc\u00ea vai encontrar por aqui.","sameAs":["http:\/\/lacerdaai.com\/br"],"url":"https:\/\/lacerdaai.com\/br\/author\/red-admin\/"}]}},"_links":{"self":[{"href":"https:\/\/lacerdaai.com\/br\/wp-json\/wp\/v2\/posts\/3155","targetHints":{"allow":["GET"]}}],"collection":[{"href":"https:\/\/lacerdaai.com\/br\/wp-json\/wp\/v2\/posts"}],"about":[{"href":"https:\/\/lacerdaai.com\/br\/wp-json\/wp\/v2\/types\/post"}],"author":[{"embeddable":true,"href":"https:\/\/lacerdaai.com\/br\/wp-json\/wp\/v2\/users\/1"}],"replies":[{"embeddable":true,"href":"https:\/\/lacerdaai.com\/br\/wp-json\/wp\/v2\/comments?post=3155"}],"version-history":[{"count":1,"href":"https:\/\/lacerdaai.com\/br\/wp-json\/wp\/v2\/posts\/3155\/revisions"}],"predecessor-version":[{"id":3156,"href":"https:\/\/lacerdaai.com\/br\/wp-json\/wp\/v2\/posts\/3155\/revisions\/3156"}],"wp:featuredmedia":[{"embeddable":true,"href":"https:\/\/lacerdaai.com\/br\/wp-json\/wp\/v2\/media\/3154"}],"wp:attachment":[{"href":"https:\/\/lacerdaai.com\/br\/wp-json\/wp\/v2\/media?parent=3155"}],"wp:term":[{"taxonomy":"category","embeddable":true,"href":"https:\/\/lacerdaai.com\/br\/wp-json\/wp\/v2\/categories?post=3155"},{"taxonomy":"post_tag","embeddable":true,"href":"https:\/\/lacerdaai.com\/br\/wp-json\/wp\/v2\/tags?post=3155"}],"curies":[{"name":"wp","href":"https:\/\/api.w.org\/{rel}","templated":true}]}}