{"id":3158,"date":"2026-01-12T04:42:40","date_gmt":"2026-01-12T07:42:40","guid":{"rendered":"https:\/\/lacerdaai.com\/br\/adaptacao-ou-obsolescencia-o-caso-do-ceo-que-demitiu-quase-80-da-equipe-por-resistencia-a-ia\/"},"modified":"2026-01-12T04:42:41","modified_gmt":"2026-01-12T07:42:41","slug":"adaptacao-ou-obsolescencia-o-caso-do-ceo-que-demitiu-quase-80-da-equipe-por-resistencia-a-ia","status":"publish","type":"post","link":"https:\/\/lacerdaai.com\/br\/adaptacao-ou-obsolescencia-o-caso-do-ceo-que-demitiu-quase-80-da-equipe-por-resistencia-a-ia\/","title":{"rendered":"Adapta\u00e7\u00e3o ou Obsolesc\u00eancia? O Caso do CEO que Demitiu Quase 80% da Equipe por Resist\u00eancia \u00e0 IA"},"content":{"rendered":"<p>A velocidade com que a intelig\u00eancia artificial (IA) est\u00e1 redefinindo o mundo corporativo \u00e9 assustadora para alguns e inspiradora para outros. Em meio a essa revolu\u00e7\u00e3o, hist\u00f3rias como a de Eric Vaughan, CEO da IgniteTech, ecoam como um alerta severo: adaptar-se \u00e0 IA n\u00e3o \u00e9 mais uma op\u00e7\u00e3o, mas uma quest\u00e3o de sobreviv\u00eancia. Em uma atitude que gerou discuss\u00f5es intensas, Vaughan demitiu quase 80% de sua equipe por, segundo ele, n\u00e3o adotarem a IA rapidamente o suficiente. Dois anos depois, ele afirma que faria tudo de novo.<\/p>\n<p>\u201cFoi extremamente dif\u00edcil\u201d, admitiu Eric Vaughan \u00e0 Fortune. \u201cMas mudar mentes foi mais dif\u00edcil do que adicionar habilidades.\u201d Essa declara\u00e7\u00e3o encapsula um dilema que muitas empresas e profissionais enfrentam: a relut\u00e2ncia em abra\u00e7ar a inova\u00e7\u00e3o. No mundo hiperconectado e impulsionado por dados de hoje, a IA n\u00e3o \u00e9 apenas uma ferramenta tecnol\u00f3gica; \u00e9 a for\u00e7a motriz para a efici\u00eancia, a inova\u00e7\u00e3o e a competitividade. Este artigo aprofunda o caso da IgniteTech, explora os motivos por tr\u00e1s da resist\u00eancia \u00e0 IA e discute por que a <strong>ado\u00e7\u00e3o de intelig\u00eancia artificial<\/strong> \u00e9 crucial para o futuro de qualquer organiza\u00e7\u00e3o e profissional, e o que podemos aprender com as li\u00e7\u00f5es dif\u00edceis de Vaughan.<\/p>\n<p>### A <strong>Ado\u00e7\u00e3o de Intelig\u00eancia Artificial<\/strong>: Mais Que Uma Escolha, Uma Necessidade Estrat\u00e9gica<\/p>\n<p>Em um cen\u00e1rio empresarial global em constante muta\u00e7\u00e3o, a estagna\u00e7\u00e3o \u00e9 o primeiro passo para a irrelev\u00e2ncia. A <strong>ado\u00e7\u00e3o de intelig\u00eancia artificial<\/strong> deixou de ser um diferencial competitivo para se tornar um requisito fundamental para a resili\u00eancia e o crescimento. Empresas que hesitam em integrar a IA em seus processos correm o risco de serem superadas por concorrentes mais \u00e1geis e inovadores. O caso da IgniteTech, embora extremo, ilustra essa realidade de forma contundente.<\/p>\n<p>A IA oferece um leque vasto de benef\u00edcios, desde a otimiza\u00e7\u00e3o de opera\u00e7\u00f5es rotineiras at\u00e9 a capacidade de extrair insights valiosos de grandes volumes de dados. Pense em automa\u00e7\u00e3o de tarefas repetitivas que liberam tempo para que os funcion\u00e1rios se concentrem em atividades mais estrat\u00e9gicas e criativas. Ou na personaliza\u00e7\u00e3o da experi\u00eancia do cliente, onde algoritmos preveem necessidades e oferecem solu\u00e7\u00f5es sob medida, aumentando a satisfa\u00e7\u00e3o e a fidelidade. Em finan\u00e7as, a IA pode detectar fraudes em tempo real; no varejo, otimizar estoques; na sa\u00fade, auxiliar no diagn\u00f3stico e descoberta de novos medicamentos. A lista \u00e9 intermin\u00e1vel.<\/p>\n<p>Para a IgniteTech, uma empresa de software corporativo, a IA n\u00e3o era apenas uma melhoria, mas uma redefini\u00e7\u00e3o do modelo de neg\u00f3cios. A capacidade de usar IA para an\u00e1lise de dados de clientes, otimiza\u00e7\u00e3o de desenvolvimento de produtos e automa\u00e7\u00e3o de suporte poderia significar a diferen\u00e7a entre liderar o mercado ou ser engolido por ele. A vis\u00e3o de Vaughan era clara: para sobreviver e prosperar, sua empresa precisava ser n\u00e3o apenas inovadora, mas *hiper-eficiente* e *impulsionada por IA* em seu core. A resist\u00eancia interna, nesse contexto, n\u00e3o era apenas uma quest\u00e3o de prefer\u00eancia, mas uma barreira direta ao futuro da empresa.<\/p>\n<p>### Desvendando a Resist\u00eancia: Por Que a Mudan\u00e7a Custa Tanto?<\/p>\n<p>O drama na IgniteTech n\u00e3o \u00e9 um caso isolado de teimosia, mas um sintoma de um desafio humano fundamental: a resist\u00eancia \u00e0 mudan\u00e7a. Embora a hist\u00f3ria da IA seja repleta de promessas e inova\u00e7\u00f5es, ela tamb\u00e9m \u00e9 acompanhada por medos e incertezas. Entender a psicologia por tr\u00e1s dessa resist\u00eancia \u00e9 crucial para qualquer l\u00edder que busca implementar novas tecnologias.<\/p>\n<p>Um dos maiores fatores \u00e9 o **medo do desconhecido** e, em particular, o **medo de perder o emprego**. Muitos funcion\u00e1rios veem a IA como um substituto potencial, em vez de uma ferramenta de aprimoramento. A narrativa popular de rob\u00f4s substituindo humanos \u00e9 poderosa e muitas vezes eclipsa a realidade da IA como colaboradora, capaz de aumentar a produtividade e criar novas fun\u00e7\u00f5es. Essa ansiedade, se n\u00e3o for gerenciada com comunica\u00e7\u00e3o clara e proatividade na requalifica\u00e7\u00e3o, pode se transformar em sabotagem velada ou aberta.<\/p>\n<p>Outro ponto \u00e9 a **zona de conforto**. Pessoas, por natureza, tendem a preferir o que \u00e9 familiar. Mudar um processo de trabalho, aprender uma nova ferramenta ou adotar uma nova mentalidade exige esfor\u00e7o mental e emocional. Se os benef\u00edcios da mudan\u00e7a n\u00e3o forem claramente comunicados ou se o treinamento for inadequado, a relut\u00e2ncia se instala. \u00c9 mais f\u00e1cil continuar fazendo as coisas \u201cdo jeito antigo\u201d do que investir tempo e energia em algo novo, especialmente se o valor percebido for baixo ou incerto.<\/p>\n<p>A **falta de compreens\u00e3o** tamb\u00e9m desempenha um papel significativo. A IA, para muitos, ainda parece um conceito complexo e misterioso. Sem um entendimento b\u00e1sico de como funciona e como pode beneficiar seu trabalho di\u00e1rio, os funcion\u00e1rios podem descart\u00e1-la como uma \u201cmoda passageira\u201d ou algo \u201cpara os especialistas\u201d. A linguagem t\u00e9cnica e a aus\u00eancia de exemplos pr\u00e1ticos podem alienar ainda mais a equipe, transformando a implementa\u00e7\u00e3o de IA em um exerc\u00edcio de \u201cempurrar goela abaixo\u201d em vez de uma jornada colaborativa.<\/p>\n<p>No caso da IgniteTech, Vaughan pode ter se deparado com uma combina\u00e7\u00e3o desses fatores. Se os funcion\u00e1rios n\u00e3o foram adequadamente treinados, se n\u00e3o viram os benef\u00edcios claros da IA em suas fun\u00e7\u00f5es ou se simplesmente se sentiram amea\u00e7ados em suas posi\u00e7\u00f5es, a resist\u00eancia se tornou uma for\u00e7a inercial poderosa. Mudar essa in\u00e9rcia, como ele descobriu, pode ser mais desafiador do que qualquer desenvolvimento tecnol\u00f3gico.<\/p>\n<p>### O Futuro do Trabalho: Adaptabilidade Como a Habilidade Mais Valiosa<\/p>\n<p>A hist\u00f3ria de Eric Vaughan nos for\u00e7a a refletir sobre o futuro do trabalho e quais habilidades ser\u00e3o mais valorizadas. Em um mundo onde a IA assume tarefas cognitivas rotineiras, a capacidade humana de **adapta\u00e7\u00e3o**, **pensamento cr\u00edtico**, **criatividade**, **intelig\u00eancia emocional** e **resolu\u00e7\u00e3o de problemas complexos** se torna exponencialmente mais importante. N\u00e3o se trata de competir com a IA, mas de aprender a colaborar com ela.<\/p>\n<p>O mercado de trabalho est\u00e1 passando por uma reconfigura\u00e7\u00e3o massiva. Relat\u00f3rios de organiza\u00e7\u00f5es como o F\u00f3rum Econ\u00f4mico Mundial consistentemente apontam para a necessidade urgente de requalifica\u00e7\u00e3o (reskilling) e aprimoramento (upskilling) da for\u00e7a de trabalho global. Profiss\u00f5es que antes eram consideradas seguras est\u00e3o sendo transformadas, enquanto novas carreiras, impens\u00e1veis h\u00e1 uma d\u00e9cada, est\u00e3o emergindo. Especialistas em IA, engenheiros de prompt, eticistas de IA e analistas de dados s\u00e3o apenas alguns exemplos. A educa\u00e7\u00e3o cont\u00ednua e a mentalidade de aprendizado ao longo da vida n\u00e3o s\u00e3o mais clich\u00eas motivacionais, mas imperativos profissionais.<\/p>\n<p>Para as empresas, investir em programas de treinamento em IA para seus colaboradores n\u00e3o \u00e9 um custo, mas um investimento estrat\u00e9gico. Capacitar a equipe para entender e utilizar ferramentas de IA n\u00e3o apenas supera a resist\u00eancia inicial, mas tamb\u00e9m desbloqueia novas camadas de produtividade e inova\u00e7\u00e3o. \u00c9 uma abordagem que transforma o medo em empoderamento, e a resist\u00eancia em colabora\u00e7\u00e3o. Al\u00e9m disso, promover uma cultura organizacional que valorize a experimenta\u00e7\u00e3o, a aprendizagem e a flexibilidade \u00e9 essencial. Empresas que conseguem cultivar essa mentalidade estar\u00e3o mais bem-posicionadas para navegar nas turbul\u00eancias da transforma\u00e7\u00e3o digital.<\/p>\n<p>Olhando para o Brasil, a <strong>ado\u00e7\u00e3o de intelig\u00eancia artificial<\/strong> ainda enfrenta desafios como o acesso limitado a tecnologias avan\u00e7adas e a escassez de profissionais qualificados. No entanto, h\u00e1 um enorme potencial para a IA impulsionar a competitividade em setores como agroneg\u00f3cio, varejo e servi\u00e7os. A educa\u00e7\u00e3o e a capacita\u00e7\u00e3o s\u00e3o chaves para que o pa\u00eds n\u00e3o apenas consuma, mas tamb\u00e9m crie e lidere na era da IA, evitando que hist\u00f3rias como a da IgniteTech se tornem uma norma dolorosa em solo nacional.<\/p>\n<p>A experi\u00eancia da IgniteTech e de seu CEO Eric Vaughan \u00e9 um lembrete contundente: a in\u00e9rcia em rela\u00e7\u00e3o \u00e0 IA pode ter consequ\u00eancias devastadoras. O futuro pertence \u00e0queles que n\u00e3o apenas abra\u00e7am a tecnologia, mas que tamb\u00e9m cultivam uma cultura de adaptabilidade e aprendizado cont\u00ednuo. N\u00e3o se trata apenas de instalar novos softwares, mas de reconfigurar mentalidades e processos para operar em sintonia com a intelig\u00eancia artificial.<\/p>\n<p>A revolu\u00e7\u00e3o da IA n\u00e3o espera. Empresas e profissionais que ignoram essa realidade correm o risco de ficarem para tr\u00e1s. \u00c9 hora de investir em conhecimento, promover a curiosidade e entender que a IA \u00e9 uma ferramenta poderosa que, quando bem empregada, potencializa o talento humano, em vez de substitu\u00ed-lo. O caminho \u00e0 frente pode ser desafiador, mas a recompensa de uma sociedade e economia mais inteligentes e eficientes certamente vale o esfor\u00e7o de adapta\u00e7\u00e3o.<\/p>\n","protected":false},"excerpt":{"rendered":"<p>A velocidade com que a intelig\u00eancia artificial (IA) est\u00e1 redefinindo o mundo corporativo \u00e9 assustadora para alguns e inspiradora para outros. Em meio a essa revolu\u00e7\u00e3o, hist\u00f3rias como a de Eric Vaughan, CEO da IgniteTech, ecoam como um alerta severo: adaptar-se \u00e0 IA n\u00e3o \u00e9 mais uma op\u00e7\u00e3o, mas uma quest\u00e3o de sobreviv\u00eancia. Em uma [&hellip;]<\/p>\n","protected":false},"author":1,"featured_media":3157,"comment_status":"open","ping_status":"open","sticky":false,"template":"","format":"standard","meta":{"_yoast_wpseo_focuskw":"ado\u00e7\u00e3o de intelig\u00eancia artificial","_yoast_wpseo_metadesc":"Explore o impacto disruptivo da ado\u00e7\u00e3o de intelig\u00eancia artificial no mercado de trabalho e o pol\u00eamico caso de um CEO que demitiu 80% da equipe por falta de adapta\u00e7\u00e3o. Descubra por que a IA \u00e9 uma necessidade estrat\u00e9gica e como sua empresa pode se preparar para o futuro. #InteligenciaArtificial #FuturoDoTrabalho #TransformacaoDigital","footnotes":""},"categories":[2],"tags":[],"class_list":["post-3158","post","type-post","status-publish","format-standard","has-post-thumbnail","hentry","category-novidades"],"yoast_head":"<!-- This site is optimized with the Yoast SEO plugin v25.6 - https:\/\/yoast.com\/wordpress\/plugins\/seo\/ -->\n<title>Adapta\u00e7\u00e3o ou Obsolesc\u00eancia? O Caso do CEO que Demitiu Quase 80% da Equipe por Resist\u00eancia \u00e0 IA - Lacerda AI<\/title>\n<meta name=\"description\" content=\"Explore o impacto disruptivo da ado\u00e7\u00e3o de intelig\u00eancia artificial no mercado de trabalho e o pol\u00eamico caso de um CEO que demitiu 80% da equipe por falta de adapta\u00e7\u00e3o. Descubra por que a IA \u00e9 uma necessidade estrat\u00e9gica e como sua empresa pode se preparar para o futuro. #InteligenciaArtificial #FuturoDoTrabalho #TransformacaoDigital\" \/>\n<meta name=\"robots\" content=\"index, follow, max-snippet:-1, max-image-preview:large, max-video-preview:-1\" \/>\n<link rel=\"canonical\" href=\"https:\/\/lacerdaai.com\/br\/adaptacao-ou-obsolescencia-o-caso-do-ceo-que-demitiu-quase-80-da-equipe-por-resistencia-a-ia\/\" \/>\n<meta property=\"og:locale\" content=\"pt_BR\" \/>\n<meta property=\"og:type\" content=\"article\" \/>\n<meta property=\"og:title\" content=\"Adapta\u00e7\u00e3o ou Obsolesc\u00eancia? O Caso do CEO que Demitiu Quase 80% da Equipe por Resist\u00eancia \u00e0 IA - Lacerda AI\" \/>\n<meta property=\"og:description\" content=\"Explore o impacto disruptivo da ado\u00e7\u00e3o de intelig\u00eancia artificial no mercado de trabalho e o pol\u00eamico caso de um CEO que demitiu 80% da equipe por falta de adapta\u00e7\u00e3o. Descubra por que a IA \u00e9 uma necessidade estrat\u00e9gica e como sua empresa pode se preparar para o futuro. #InteligenciaArtificial #FuturoDoTrabalho #TransformacaoDigital\" \/>\n<meta property=\"og:url\" content=\"https:\/\/lacerdaai.com\/br\/adaptacao-ou-obsolescencia-o-caso-do-ceo-que-demitiu-quase-80-da-equipe-por-resistencia-a-ia\/\" \/>\n<meta property=\"og:site_name\" content=\"Lacerda AI\" \/>\n<meta property=\"article:published_time\" content=\"2026-01-12T07:42:40+00:00\" \/>\n<meta property=\"article:modified_time\" content=\"2026-01-12T07:42:41+00:00\" \/>\n<meta name=\"author\" content=\"Andr\u00e9 Lacerda\" \/>\n<meta name=\"twitter:card\" content=\"summary_large_image\" \/>\n<meta name=\"twitter:label1\" content=\"Escrito por\" \/>\n\t<meta name=\"twitter:data1\" content=\"Andr\u00e9 Lacerda\" \/>\n\t<meta name=\"twitter:label2\" content=\"Est. tempo de leitura\" \/>\n\t<meta name=\"twitter:data2\" content=\"7 minutos\" \/>\n<script type=\"application\/ld+json\" class=\"yoast-schema-graph\">{\"@context\":\"https:\/\/schema.org\",\"@graph\":[{\"@type\":\"WebPage\",\"@id\":\"https:\/\/lacerdaai.com\/br\/adaptacao-ou-obsolescencia-o-caso-do-ceo-que-demitiu-quase-80-da-equipe-por-resistencia-a-ia\/\",\"url\":\"https:\/\/lacerdaai.com\/br\/adaptacao-ou-obsolescencia-o-caso-do-ceo-que-demitiu-quase-80-da-equipe-por-resistencia-a-ia\/\",\"name\":\"Adapta\u00e7\u00e3o ou Obsolesc\u00eancia? O Caso do CEO que Demitiu Quase 80% da Equipe por Resist\u00eancia \u00e0 IA - Lacerda AI\",\"isPartOf\":{\"@id\":\"https:\/\/lacerdaai.com\/br\/#website\"},\"primaryImageOfPage\":{\"@id\":\"https:\/\/lacerdaai.com\/br\/adaptacao-ou-obsolescencia-o-caso-do-ceo-que-demitiu-quase-80-da-equipe-por-resistencia-a-ia\/#primaryimage\"},\"image\":{\"@id\":\"https:\/\/lacerdaai.com\/br\/adaptacao-ou-obsolescencia-o-caso-do-ceo-que-demitiu-quase-80-da-equipe-por-resistencia-a-ia\/#primaryimage\"},\"thumbnailUrl\":\"https:\/\/lacerdaai.com\/br\/wp-content\/uploads\/2026\/01\/imagem-37.jpg\",\"datePublished\":\"2026-01-12T07:42:40+00:00\",\"dateModified\":\"2026-01-12T07:42:41+00:00\",\"author\":{\"@id\":\"https:\/\/lacerdaai.com\/br\/#\/schema\/person\/8bad803c2e83a0c5c5c75e02a1c2248f\"},\"description\":\"Explore o impacto disruptivo da ado\u00e7\u00e3o de intelig\u00eancia artificial no mercado de trabalho e o pol\u00eamico caso de um CEO que demitiu 80% da equipe por falta de adapta\u00e7\u00e3o. Descubra por que a IA \u00e9 uma necessidade estrat\u00e9gica e como sua empresa pode se preparar para o futuro. #InteligenciaArtificial #FuturoDoTrabalho #TransformacaoDigital\",\"breadcrumb\":{\"@id\":\"https:\/\/lacerdaai.com\/br\/adaptacao-ou-obsolescencia-o-caso-do-ceo-que-demitiu-quase-80-da-equipe-por-resistencia-a-ia\/#breadcrumb\"},\"inLanguage\":\"pt-BR\",\"potentialAction\":[{\"@type\":\"ReadAction\",\"target\":[\"https:\/\/lacerdaai.com\/br\/adaptacao-ou-obsolescencia-o-caso-do-ceo-que-demitiu-quase-80-da-equipe-por-resistencia-a-ia\/\"]}]},{\"@type\":\"ImageObject\",\"inLanguage\":\"pt-BR\",\"@id\":\"https:\/\/lacerdaai.com\/br\/adaptacao-ou-obsolescencia-o-caso-do-ceo-que-demitiu-quase-80-da-equipe-por-resistencia-a-ia\/#primaryimage\",\"url\":\"https:\/\/lacerdaai.com\/br\/wp-content\/uploads\/2026\/01\/imagem-37.jpg\",\"contentUrl\":\"https:\/\/lacerdaai.com\/br\/wp-content\/uploads\/2026\/01\/imagem-37.jpg\",\"width\":1140,\"height\":726},{\"@type\":\"BreadcrumbList\",\"@id\":\"https:\/\/lacerdaai.com\/br\/adaptacao-ou-obsolescencia-o-caso-do-ceo-que-demitiu-quase-80-da-equipe-por-resistencia-a-ia\/#breadcrumb\",\"itemListElement\":[{\"@type\":\"ListItem\",\"position\":1,\"name\":\"In\u00edcio\",\"item\":\"https:\/\/lacerdaai.com\/br\/\"},{\"@type\":\"ListItem\",\"position\":2,\"name\":\"Adapta\u00e7\u00e3o ou Obsolesc\u00eancia? O Caso do CEO que Demitiu Quase 80% da Equipe por Resist\u00eancia \u00e0 IA\"}]},{\"@type\":\"WebSite\",\"@id\":\"https:\/\/lacerdaai.com\/br\/#website\",\"url\":\"https:\/\/lacerdaai.com\/br\/\",\"name\":\"Lacerda AI\",\"description\":\"Seu blog di\u00e1rio de novidades do mundo da Inteligencia Artificial\",\"potentialAction\":[{\"@type\":\"SearchAction\",\"target\":{\"@type\":\"EntryPoint\",\"urlTemplate\":\"https:\/\/lacerdaai.com\/br\/?s={search_term_string}\"},\"query-input\":{\"@type\":\"PropertyValueSpecification\",\"valueRequired\":true,\"valueName\":\"search_term_string\"}}],\"inLanguage\":\"pt-BR\"},{\"@type\":\"Person\",\"@id\":\"https:\/\/lacerdaai.com\/br\/#\/schema\/person\/8bad803c2e83a0c5c5c75e02a1c2248f\",\"name\":\"Andr\u00e9 Lacerda\",\"image\":{\"@type\":\"ImageObject\",\"inLanguage\":\"pt-BR\",\"@id\":\"https:\/\/lacerdaai.com\/br\/#\/schema\/person\/image\/\",\"url\":\"https:\/\/secure.gravatar.com\/avatar\/f5c1fa5ad9763f54c1f223c3fc91f131da6288c9f9e28d74bb3c355ad99af205?s=96&d=mm&r=g\",\"contentUrl\":\"https:\/\/secure.gravatar.com\/avatar\/f5c1fa5ad9763f54c1f223c3fc91f131da6288c9f9e28d74bb3c355ad99af205?s=96&d=mm&r=g\",\"caption\":\"Andr\u00e9 Lacerda\"},\"description\":\"Sou o Andr\u00e9 Lacerda, tenho 35 anos e sou apaixonado por tecnologia, intelig\u00eancia artificial e boas hist\u00f3rias. Me formei em Tecnologia e Jornalismo \u2014 sim, uma mistura meio improv\u00e1vel, mas que combina muito comigo. J\u00e1 morei no Canad\u00e1 e na Espanha, e essas experi\u00eancias me ajudaram a enxergar a inova\u00e7\u00e3o com um olhar mais global (e a me virar bem em tr\u00eas idiomas \ud83d\ude04). Trabalhei em algumas das maiores empresas de tecnologia do mercado e, hoje, atuo como consultor ajudando neg\u00f3cios a entenderem e aplicarem IA de forma pr\u00e1tica, estrat\u00e9gica e humana. Gosto de traduzir o complexo em algo simples \u2014 e \u00e9 isso que voc\u00ea vai encontrar por aqui.\",\"sameAs\":[\"http:\/\/lacerdaai.com\/br\"],\"url\":\"https:\/\/lacerdaai.com\/br\/author\/red-admin\/\"}]}<\/script>\n<!-- \/ Yoast SEO plugin. -->","yoast_head_json":{"title":"Adapta\u00e7\u00e3o ou Obsolesc\u00eancia? O Caso do CEO que Demitiu Quase 80% da Equipe por Resist\u00eancia \u00e0 IA - Lacerda AI","description":"Explore o impacto disruptivo da ado\u00e7\u00e3o de intelig\u00eancia artificial no mercado de trabalho e o pol\u00eamico caso de um CEO que demitiu 80% da equipe por falta de adapta\u00e7\u00e3o. Descubra por que a IA \u00e9 uma necessidade estrat\u00e9gica e como sua empresa pode se preparar para o futuro. #InteligenciaArtificial #FuturoDoTrabalho #TransformacaoDigital","robots":{"index":"index","follow":"follow","max-snippet":"max-snippet:-1","max-image-preview":"max-image-preview:large","max-video-preview":"max-video-preview:-1"},"canonical":"https:\/\/lacerdaai.com\/br\/adaptacao-ou-obsolescencia-o-caso-do-ceo-que-demitiu-quase-80-da-equipe-por-resistencia-a-ia\/","og_locale":"pt_BR","og_type":"article","og_title":"Adapta\u00e7\u00e3o ou Obsolesc\u00eancia? O Caso do CEO que Demitiu Quase 80% da Equipe por Resist\u00eancia \u00e0 IA - Lacerda AI","og_description":"Explore o impacto disruptivo da ado\u00e7\u00e3o de intelig\u00eancia artificial no mercado de trabalho e o pol\u00eamico caso de um CEO que demitiu 80% da equipe por falta de adapta\u00e7\u00e3o. Descubra por que a IA \u00e9 uma necessidade estrat\u00e9gica e como sua empresa pode se preparar para o futuro. #InteligenciaArtificial #FuturoDoTrabalho #TransformacaoDigital","og_url":"https:\/\/lacerdaai.com\/br\/adaptacao-ou-obsolescencia-o-caso-do-ceo-que-demitiu-quase-80-da-equipe-por-resistencia-a-ia\/","og_site_name":"Lacerda AI","article_published_time":"2026-01-12T07:42:40+00:00","article_modified_time":"2026-01-12T07:42:41+00:00","author":"Andr\u00e9 Lacerda","twitter_card":"summary_large_image","twitter_misc":{"Escrito por":"Andr\u00e9 Lacerda","Est. tempo de leitura":"7 minutos"},"schema":{"@context":"https:\/\/schema.org","@graph":[{"@type":"WebPage","@id":"https:\/\/lacerdaai.com\/br\/adaptacao-ou-obsolescencia-o-caso-do-ceo-que-demitiu-quase-80-da-equipe-por-resistencia-a-ia\/","url":"https:\/\/lacerdaai.com\/br\/adaptacao-ou-obsolescencia-o-caso-do-ceo-que-demitiu-quase-80-da-equipe-por-resistencia-a-ia\/","name":"Adapta\u00e7\u00e3o ou Obsolesc\u00eancia? O Caso do CEO que Demitiu Quase 80% da Equipe por Resist\u00eancia \u00e0 IA - Lacerda AI","isPartOf":{"@id":"https:\/\/lacerdaai.com\/br\/#website"},"primaryImageOfPage":{"@id":"https:\/\/lacerdaai.com\/br\/adaptacao-ou-obsolescencia-o-caso-do-ceo-que-demitiu-quase-80-da-equipe-por-resistencia-a-ia\/#primaryimage"},"image":{"@id":"https:\/\/lacerdaai.com\/br\/adaptacao-ou-obsolescencia-o-caso-do-ceo-que-demitiu-quase-80-da-equipe-por-resistencia-a-ia\/#primaryimage"},"thumbnailUrl":"https:\/\/lacerdaai.com\/br\/wp-content\/uploads\/2026\/01\/imagem-37.jpg","datePublished":"2026-01-12T07:42:40+00:00","dateModified":"2026-01-12T07:42:41+00:00","author":{"@id":"https:\/\/lacerdaai.com\/br\/#\/schema\/person\/8bad803c2e83a0c5c5c75e02a1c2248f"},"description":"Explore o impacto disruptivo da ado\u00e7\u00e3o de intelig\u00eancia artificial no mercado de trabalho e o pol\u00eamico caso de um CEO que demitiu 80% da equipe por falta de adapta\u00e7\u00e3o. Descubra por que a IA \u00e9 uma necessidade estrat\u00e9gica e como sua empresa pode se preparar para o futuro. #InteligenciaArtificial #FuturoDoTrabalho #TransformacaoDigital","breadcrumb":{"@id":"https:\/\/lacerdaai.com\/br\/adaptacao-ou-obsolescencia-o-caso-do-ceo-que-demitiu-quase-80-da-equipe-por-resistencia-a-ia\/#breadcrumb"},"inLanguage":"pt-BR","potentialAction":[{"@type":"ReadAction","target":["https:\/\/lacerdaai.com\/br\/adaptacao-ou-obsolescencia-o-caso-do-ceo-que-demitiu-quase-80-da-equipe-por-resistencia-a-ia\/"]}]},{"@type":"ImageObject","inLanguage":"pt-BR","@id":"https:\/\/lacerdaai.com\/br\/adaptacao-ou-obsolescencia-o-caso-do-ceo-que-demitiu-quase-80-da-equipe-por-resistencia-a-ia\/#primaryimage","url":"https:\/\/lacerdaai.com\/br\/wp-content\/uploads\/2026\/01\/imagem-37.jpg","contentUrl":"https:\/\/lacerdaai.com\/br\/wp-content\/uploads\/2026\/01\/imagem-37.jpg","width":1140,"height":726},{"@type":"BreadcrumbList","@id":"https:\/\/lacerdaai.com\/br\/adaptacao-ou-obsolescencia-o-caso-do-ceo-que-demitiu-quase-80-da-equipe-por-resistencia-a-ia\/#breadcrumb","itemListElement":[{"@type":"ListItem","position":1,"name":"In\u00edcio","item":"https:\/\/lacerdaai.com\/br\/"},{"@type":"ListItem","position":2,"name":"Adapta\u00e7\u00e3o ou Obsolesc\u00eancia? O Caso do CEO que Demitiu Quase 80% da Equipe por Resist\u00eancia \u00e0 IA"}]},{"@type":"WebSite","@id":"https:\/\/lacerdaai.com\/br\/#website","url":"https:\/\/lacerdaai.com\/br\/","name":"Lacerda AI","description":"Seu blog di\u00e1rio de novidades do mundo da Inteligencia Artificial","potentialAction":[{"@type":"SearchAction","target":{"@type":"EntryPoint","urlTemplate":"https:\/\/lacerdaai.com\/br\/?s={search_term_string}"},"query-input":{"@type":"PropertyValueSpecification","valueRequired":true,"valueName":"search_term_string"}}],"inLanguage":"pt-BR"},{"@type":"Person","@id":"https:\/\/lacerdaai.com\/br\/#\/schema\/person\/8bad803c2e83a0c5c5c75e02a1c2248f","name":"Andr\u00e9 Lacerda","image":{"@type":"ImageObject","inLanguage":"pt-BR","@id":"https:\/\/lacerdaai.com\/br\/#\/schema\/person\/image\/","url":"https:\/\/secure.gravatar.com\/avatar\/f5c1fa5ad9763f54c1f223c3fc91f131da6288c9f9e28d74bb3c355ad99af205?s=96&d=mm&r=g","contentUrl":"https:\/\/secure.gravatar.com\/avatar\/f5c1fa5ad9763f54c1f223c3fc91f131da6288c9f9e28d74bb3c355ad99af205?s=96&d=mm&r=g","caption":"Andr\u00e9 Lacerda"},"description":"Sou o Andr\u00e9 Lacerda, tenho 35 anos e sou apaixonado por tecnologia, intelig\u00eancia artificial e boas hist\u00f3rias. Me formei em Tecnologia e Jornalismo \u2014 sim, uma mistura meio improv\u00e1vel, mas que combina muito comigo. J\u00e1 morei no Canad\u00e1 e na Espanha, e essas experi\u00eancias me ajudaram a enxergar a inova\u00e7\u00e3o com um olhar mais global (e a me virar bem em tr\u00eas idiomas \ud83d\ude04). Trabalhei em algumas das maiores empresas de tecnologia do mercado e, hoje, atuo como consultor ajudando neg\u00f3cios a entenderem e aplicarem IA de forma pr\u00e1tica, estrat\u00e9gica e humana. Gosto de traduzir o complexo em algo simples \u2014 e \u00e9 isso que voc\u00ea vai encontrar por aqui.","sameAs":["http:\/\/lacerdaai.com\/br"],"url":"https:\/\/lacerdaai.com\/br\/author\/red-admin\/"}]}},"_links":{"self":[{"href":"https:\/\/lacerdaai.com\/br\/wp-json\/wp\/v2\/posts\/3158","targetHints":{"allow":["GET"]}}],"collection":[{"href":"https:\/\/lacerdaai.com\/br\/wp-json\/wp\/v2\/posts"}],"about":[{"href":"https:\/\/lacerdaai.com\/br\/wp-json\/wp\/v2\/types\/post"}],"author":[{"embeddable":true,"href":"https:\/\/lacerdaai.com\/br\/wp-json\/wp\/v2\/users\/1"}],"replies":[{"embeddable":true,"href":"https:\/\/lacerdaai.com\/br\/wp-json\/wp\/v2\/comments?post=3158"}],"version-history":[{"count":1,"href":"https:\/\/lacerdaai.com\/br\/wp-json\/wp\/v2\/posts\/3158\/revisions"}],"predecessor-version":[{"id":3159,"href":"https:\/\/lacerdaai.com\/br\/wp-json\/wp\/v2\/posts\/3158\/revisions\/3159"}],"wp:featuredmedia":[{"embeddable":true,"href":"https:\/\/lacerdaai.com\/br\/wp-json\/wp\/v2\/media\/3157"}],"wp:attachment":[{"href":"https:\/\/lacerdaai.com\/br\/wp-json\/wp\/v2\/media?parent=3158"}],"wp:term":[{"taxonomy":"category","embeddable":true,"href":"https:\/\/lacerdaai.com\/br\/wp-json\/wp\/v2\/categories?post=3158"},{"taxonomy":"post_tag","embeddable":true,"href":"https:\/\/lacerdaai.com\/br\/wp-json\/wp\/v2\/tags?post=3158"}],"curies":[{"name":"wp","href":"https:\/\/api.w.org\/{rel}","templated":true}]}}