{"id":3167,"date":"2026-01-12T20:42:23","date_gmt":"2026-01-12T23:42:23","guid":{"rendered":"https:\/\/lacerdaai.com\/br\/a-febre-da-ia-e-a-calma-dos-fabricantes-por-que-a-escassez-de-memoria-nao-acelera-a-producao\/"},"modified":"2026-01-12T20:42:24","modified_gmt":"2026-01-12T23:42:24","slug":"a-febre-da-ia-e-a-calma-dos-fabricantes-por-que-a-escassez-de-memoria-nao-acelera-a-producao","status":"publish","type":"post","link":"https:\/\/lacerdaai.com\/br\/a-febre-da-ia-e-a-calma-dos-fabricantes-por-que-a-escassez-de-memoria-nao-acelera-a-producao\/","title":{"rendered":"A Febre da IA e a Calma dos Fabricantes: Por Que a Escassez de Mem\u00f3ria N\u00e3o Acelera a Produ\u00e7\u00e3o?"},"content":{"rendered":"<p>A intelig\u00eancia artificial (IA) tem sido a for\u00e7a motriz por tr\u00e1s de uma revolu\u00e7\u00e3o tecnol\u00f3gica sem precedentes, transformando ind\u00fastrias, impulsionando a inova\u00e7\u00e3o e redefinindo a maneira como interagimos com o mundo digital. Modelos de linguagem grandes (LLMs), sistemas de reconhecimento de imagem e ve\u00edculos aut\u00f4nomos exigem um poder de processamento e, crucialmente, uma capacidade de armazenamento e acesso a dados que beira o inimagin\u00e1vel. Em meio a essa explos\u00e3o de demanda, um gargalo preocupante come\u00e7a a se manifestar: a escassez de chips de mem\u00f3ria de alto desempenho. Esperar\u00edamos que, diante de uma demanda t\u00e3o voraz e lucrativa, os grandes fabricantes como SanDisk, Western Digital, Seagate e Micron Technologies estivessem correndo para expandir suas linhas de produ\u00e7\u00e3o. No entanto, o cen\u00e1rio atual \u00e9 de uma cautela surpreendente. Eles n\u00e3o apenas n\u00e3o est\u00e3o acelerando a produ\u00e7\u00e3o em massa, como parecem estar mantendo a oferta intencionalmente abaixo da demanda. Mas por qu\u00ea? O que leva essas pot\u00eancias da ind\u00fastria a segurar o \u00edmpeto em um mercado t\u00e3o aquecido? A resposta reside em uma complexa intersec\u00e7\u00e3o de hist\u00f3ria, economia e estrat\u00e9gia tecnol\u00f3gica que desvendaremos neste artigo.<\/p>\n<p>### A Ascens\u00e3o da <strong>Mem\u00f3ria para IA<\/strong> e o Dilema da Oferta<\/p>\n<p>A ascens\u00e3o mete\u00f3rica da intelig\u00eancia artificial n\u00e3o \u00e9 apenas uma quest\u00e3o de algoritmos sofisticados; ela depende fundamentalmente de hardware robusto, e a mem\u00f3ria \u00e9, sem d\u00favida, um dos seus pilares mais cr\u00edticos. Desde a ascens\u00e3o de grandes modelos de linguagem como o GPT-4 at\u00e9 a prolifera\u00e7\u00e3o de sistemas de vis\u00e3o computacional e o desenvolvimento cont\u00ednuo de redes neurais complexas, a necessidade de chips de mem\u00f3ria de alta largura de banda e baixa lat\u00eancia disparou. Estamos falando n\u00e3o apenas de gigabytes, mas de terabytes de dados sendo processados e acessados em velocidades vertiginosas, 24 horas por dia, 7 dias por semana, nos centros de dados que alimentam a revolu\u00e7\u00e3o da IA. Os chips de mem\u00f3ria de alto desempenho, especialmente a High Bandwidth Memory (HBM), tornaram-se o Santo Graal para as cargas de trabalho de IA. Diferente da DRAM convencional, a HBM empilha v\u00e1rias camadas de chips de mem\u00f3ria verticalmente, conectando-as por meio de uma interface mais ampla e eficiente. Isso permite uma taxa de transfer\u00eancia de dados significativamente maior e um consumo de energia mais baixo, caracter\u00edsticas indispens\u00e1veis para treinar e executar modelos de IA que podem ter centenas de bilh\u00f5es de par\u00e2metros. Imagine o c\u00e9rebro humano, mas processando informa\u00e7\u00f5es em uma escala exponencialmente maior; a HBM \u00e9 a infraestrutura de neur\u00f4nios e sinapses que permite essa proeza. A demanda por esses chips, impulsionada por gigantes como NVIDIA, AMD e Intel, que os integram em seus aceleradores de IA, est\u00e1 crescendo a uma taxa sem precedentes, criando um cen\u00e1rio onde a oferta mal consegue acompanhar. No entanto, a relut\u00e2ncia dos produtores em inundar o mercado com mais chips n\u00e3o \u00e9 meramente uma quest\u00e3o de incapacidade; \u00e9 uma decis\u00e3o calculada, profundamente enraizada em li\u00e7\u00f5es amargas do passado.<\/p>\n<p>### O Trauma do Passado e a Cautela no Presente: Por Que os Fabricantes Freiam?<\/p>\n<p>A hist\u00f3ria da ind\u00fastria de semicondutores, e mais especificamente a de chips de mem\u00f3ria, \u00e9 pontilhada por ciclos de euforia e desespero. Per\u00edodos de alta demanda e lucros astron\u00f4micos foram, com frequ\u00eancia, seguidos por excesso de produ\u00e7\u00e3o, resultando em colapsos de pre\u00e7os e perdas bilion\u00e1rias. Fabricantes como Micron, Samsung e SK Hynix (que hoje dominam o mercado de HBM) vivenciaram esses ciclos de \u201cboom and bust\u201d repetidamente. Na virada do mil\u00eanio, por exemplo, o estouro da bolha das pontocom levou a uma superoferta massiva de chips DRAM, mergulhando a ind\u00fastria em anos de margens baixas e reestrutura\u00e7\u00f5es dolorosas. Mais recentemente, em 2018-2019 e novamente em 2022-2023, vimos quedas significativas nos pre\u00e7os da DRAM e NAND devido a um enfraquecimento da demanda de PCs e smartphones, o que for\u00e7ou as empresas a cortar a produ\u00e7\u00e3o e os investimentos para estabilizar o mercado. Esse hist\u00f3rico de volatilidade gerou uma cultura de extrema cautela. Expandir a capacidade de produ\u00e7\u00e3o de chips \u00e9 um empreendimento gigantesco e incrivelmente caro. A constru\u00e7\u00e3o de uma nova &#8216;fab&#8217; (f\u00e1brica de semicondutores) pode custar dezenas de bilh\u00f5es de d\u00f3lares e levar anos para ser conclu\u00edda e entrar em plena opera\u00e7\u00e3o. Al\u00e9m do investimento inicial, h\u00e1 os altos custos operacionais, a necessidade de m\u00e3o de obra altamente qualificada e a complexidade inerente \u00e0 fabrica\u00e7\u00e3o de semicondutores de ponta. A decis\u00e3o de investir em uma nova fab n\u00e3o pode ser tomada levianamente, pois um erro de c\u00e1lculo na demanda futura pode levar a uma capacidade ociosa e preju\u00edzos colossais. Portanto, os fabricantes est\u00e3o, de certa forma, optando por um caminho mais seguro: manter a oferta controlada. Essa estrat\u00e9gia permite que eles mantenham os pre\u00e7os elevados, garantindo margens de lucro saud\u00e1veis e recuperando investimentos em P&#038;D, enquanto avaliam cuidadosamente a sustentabilidade de longo prazo da demanda por IA. \u00c9 uma dan\u00e7a delicada entre capitalizar a oportunidade presente e evitar as armadilhas de uma superprodu\u00e7\u00e3o que poderia desvalorizar seus pr\u00f3prios produtos no futuro. Eles n\u00e3o querem repetir os erros do passado, quando a corrida para atender a uma demanda tempor\u00e1ria resultou em um mercado saturado e pouco lucrativo. Al\u00e9m disso, a produ\u00e7\u00e3o de HBM \u00e9 significativamente mais complexa do que a de DRAM convencional. Ela envolve processos de empilhamento e encapsulamento que exigem equipamentos especializados e um know-how t\u00e9cnico ainda mais refinado, o que limita a rapidez com que a capacidade de produ\u00e7\u00e3o pode ser expandida. Essa complexidade adiciona outra camada de hesita\u00e7\u00e3o aos planos de expans\u00e3o.<\/p>\n<p>### Os Desafios da Expans\u00e3o e o Futuro da Produ\u00e7\u00e3o de Chips<\/p>\n<p>A lentid\u00e3o na expans\u00e3o da produ\u00e7\u00e3o de chips de mem\u00f3ria para atender \u00e0 demanda da IA n\u00e3o \u00e9 apenas uma quest\u00e3o de estrat\u00e9gia financeira, mas tamb\u00e9m de desafios operacionais e tecnol\u00f3gicos substanciais. A complexidade do processo de fabrica\u00e7\u00e3o de semicondutores modernos \u00e9 monumental. Cada nova gera\u00e7\u00e3o de chips exige nanotecnologia mais avan\u00e7ada, m\u00e1quinas de litografia ultravioleta extrema (EUV) que custam centenas de milh\u00f5es de d\u00f3lares e um ambiente de fabrica\u00e7\u00e3o quase perfeito, livre de qualquer contamina\u00e7\u00e3o. N\u00e3o \u00e9 algo que se possa escalar da noite para o dia. As principais empresas do setor, como a Micron, por exemplo, t\u00eam anunciado planos de expans\u00e3o, mas s\u00e3o projetos de longo prazo, com previs\u00f5es de nova capacidade entrando em opera\u00e7\u00e3o daqui a dois ou tr\u00eas anos, no m\u00ednimo. Isso significa que, no curto e m\u00e9dio prazos, a escassez pode persistir ou at\u00e9 se intensificar, especialmente para a HBM mais avan\u00e7ada. A geopol\u00edtica tamb\u00e9m desempenha um papel crescente. A concentra\u00e7\u00e3o da produ\u00e7\u00e3o de chips de ponta em algumas regi\u00f5es, como Taiwan e Coreia do Sul, cria vulnerabilidades na cadeia de suprimentos. Governos ao redor do mundo est\u00e3o buscando incentivar a produ\u00e7\u00e3o dom\u00e9stica, o que pode levar a novos investimentos e f\u00e1bricas, mas tamb\u00e9m introduz complexidades adicionais em termos de subs\u00eddios, regulamenta\u00e7\u00f5es e prazos de implementa\u00e7\u00e3o. A escassez de m\u00e3o de obra qualificada \u00e9 outro obst\u00e1culo. A ind\u00fastria de semicondutores exige engenheiros e t\u00e9cnicos altamente especializados, e h\u00e1 uma lacuna crescente entre a demanda por esses profissionais e a oferta dispon\u00edvel. A forma\u00e7\u00e3o dessa m\u00e3o de obra leva tempo e investimento, dificultando a acelera\u00e7\u00e3o da produ\u00e7\u00e3o. Olhando para o futuro, a demanda por <strong>mem\u00f3ria para IA<\/strong> s\u00f3 tende a crescer. Com a IA se tornando mais onipresente, desde a borda da rede (edge AI) at\u00e9 a nuvem, a necessidade de solu\u00e7\u00f5es de mem\u00f3ria inovadoras e eficientes ser\u00e1 ainda maior. Pesquisadores e empresas est\u00e3o explorando novas arquiteturas de mem\u00f3ria e computa\u00e7\u00e3o, como a computa\u00e7\u00e3o em mem\u00f3ria (in-memory computing) e mem\u00f3rias n\u00e3o-vol\u00e1teis de pr\u00f3xima gera\u00e7\u00e3o, que poderiam, no futuro, aliviar parte da press\u00e3o sobre os atuais tipos de mem\u00f3ria. No entanto, essas tecnologias ainda est\u00e3o em est\u00e1gios iniciais de desenvolvimento e levar\u00e3o tempo para se tornarem comercialmente vi\u00e1veis e em larga escala. Por enquanto, a ind\u00fastria deve equilibrar a necessidade urgente de expans\u00e3o com a prud\u00eancia ditada pela experi\u00eancia, garantindo que o crescimento seja sustent\u00e1vel e lucrativo para todos os envolvidos.<\/p>\n<p>Em suma, a aparente hesita\u00e7\u00e3o dos fabricantes de mem\u00f3ria em acelerar a produ\u00e7\u00e3o para saciar a sede insaci\u00e1vel da IA n\u00e3o \u00e9 um sinal de fraqueza ou falta de vis\u00e3o, mas sim uma estrat\u00e9gia calculada, moldada por d\u00e9cadas de experi\u00eancia em um mercado notoriamente vol\u00e1til. Eles operam em um ambiente onde o custo da expans\u00e3o \u00e9 astron\u00f4mico e o risco de uma superoferta \u00e9 uma amea\u00e7a constante. Ao manter um controle rigoroso sobre a capacidade, os fabricantes n\u00e3o apenas garantem a sustentabilidade de suas margens de lucro, mas tamb\u00e9m tentam criar um ambiente de mercado mais est\u00e1vel, evitando os ciclos selvagens de \u201cboom and bust\u201d que j\u00e1 assolaram a ind\u00fastria.<\/p>\n<p>Para o entusiasta da IA e para o mercado em geral, isso significa que a inova\u00e7\u00e3o cont\u00ednua na intelig\u00eancia artificial estar\u00e1 intrinsecamente ligada \u00e0 capacidade da ind\u00fastria de mem\u00f3ria de escalar de forma inteligente e sustent\u00e1vel. Os pre\u00e7os dos chips de mem\u00f3ria de alto desempenho provavelmente permanecer\u00e3o elevados por um tempo, e as empresas de IA precisar\u00e3o otimizar ainda mais o uso de seus recursos de hardware. O futuro da IA \u00e9 brilhante, mas seu caminho ser\u00e1 pavimentado n\u00e3o apenas com algoritmos e dados, mas tamb\u00e9m com a capacidade estrat\u00e9gica da ind\u00fastria de semicondutores de atender \u00e0 sua fome de mem\u00f3ria de forma prudente e planejada. A colabora\u00e7\u00e3o entre desenvolvedores de IA e fabricantes de hardware ser\u00e1 crucial para navegar neste cen\u00e1rio desafiador e garantir que a revolu\u00e7\u00e3o da intelig\u00eancia artificial continue a prosperar sem gargalos insuper\u00e1veis.<\/p>\n","protected":false},"excerpt":{"rendered":"<p>A intelig\u00eancia artificial (IA) tem sido a for\u00e7a motriz por tr\u00e1s de uma revolu\u00e7\u00e3o tecnol\u00f3gica sem precedentes, transformando ind\u00fastrias, impulsionando a inova\u00e7\u00e3o e redefinindo a maneira como interagimos com o mundo digital. Modelos de linguagem grandes (LLMs), sistemas de reconhecimento de imagem e ve\u00edculos aut\u00f4nomos exigem um poder de processamento e, crucialmente, uma capacidade de [&hellip;]<\/p>\n","protected":false},"author":1,"featured_media":3166,"comment_status":"open","ping_status":"open","sticky":false,"template":"","format":"standard","meta":{"_yoast_wpseo_focuskw":"mem\u00f3ria para IA","_yoast_wpseo_metadesc":"Descubra o paradoxo da intelig\u00eancia artificial: por que, apesar da crescente demanda por chips de mem\u00f3ria, os gigantes da ind\u00fastria como Micron e Western Digital agem com cautela, sem se apressar para aumentar a oferta. Entenda os desafios e a estrat\u00e9gia por tr\u00e1s dessa decis\u00e3o.","footnotes":""},"categories":[2],"tags":[],"class_list":["post-3167","post","type-post","status-publish","format-standard","has-post-thumbnail","hentry","category-novidades"],"yoast_head":"<!-- This site is optimized with the Yoast SEO plugin v25.6 - https:\/\/yoast.com\/wordpress\/plugins\/seo\/ -->\n<title>A Febre da IA e a Calma dos Fabricantes: Por Que a Escassez de Mem\u00f3ria N\u00e3o Acelera a Produ\u00e7\u00e3o? - Lacerda AI<\/title>\n<meta name=\"description\" content=\"Descubra o paradoxo da intelig\u00eancia artificial: por que, apesar da crescente demanda por chips de mem\u00f3ria, os gigantes da ind\u00fastria como Micron e Western Digital agem com cautela, sem se apressar para aumentar a oferta. Entenda os desafios e a estrat\u00e9gia por tr\u00e1s dessa decis\u00e3o.\" \/>\n<meta name=\"robots\" content=\"index, follow, max-snippet:-1, max-image-preview:large, max-video-preview:-1\" \/>\n<link rel=\"canonical\" href=\"https:\/\/lacerdaai.com\/br\/a-febre-da-ia-e-a-calma-dos-fabricantes-por-que-a-escassez-de-memoria-nao-acelera-a-producao\/\" \/>\n<meta property=\"og:locale\" content=\"pt_BR\" \/>\n<meta property=\"og:type\" content=\"article\" \/>\n<meta property=\"og:title\" content=\"A Febre da IA e a Calma dos Fabricantes: Por Que a Escassez de Mem\u00f3ria N\u00e3o Acelera a Produ\u00e7\u00e3o? - Lacerda AI\" \/>\n<meta property=\"og:description\" content=\"Descubra o paradoxo da intelig\u00eancia artificial: por que, apesar da crescente demanda por chips de mem\u00f3ria, os gigantes da ind\u00fastria como Micron e Western Digital agem com cautela, sem se apressar para aumentar a oferta. Entenda os desafios e a estrat\u00e9gia por tr\u00e1s dessa decis\u00e3o.\" \/>\n<meta property=\"og:url\" content=\"https:\/\/lacerdaai.com\/br\/a-febre-da-ia-e-a-calma-dos-fabricantes-por-que-a-escassez-de-memoria-nao-acelera-a-producao\/\" \/>\n<meta property=\"og:site_name\" content=\"Lacerda AI\" \/>\n<meta property=\"article:published_time\" content=\"2026-01-12T23:42:23+00:00\" \/>\n<meta property=\"article:modified_time\" content=\"2026-01-12T23:42:24+00:00\" \/>\n<meta name=\"author\" content=\"Andr\u00e9 Lacerda\" \/>\n<meta name=\"twitter:card\" content=\"summary_large_image\" \/>\n<meta name=\"twitter:label1\" content=\"Escrito por\" \/>\n\t<meta name=\"twitter:data1\" content=\"Andr\u00e9 Lacerda\" \/>\n\t<meta name=\"twitter:label2\" content=\"Est. tempo de leitura\" \/>\n\t<meta name=\"twitter:data2\" content=\"9 minutos\" \/>\n<script type=\"application\/ld+json\" class=\"yoast-schema-graph\">{\"@context\":\"https:\/\/schema.org\",\"@graph\":[{\"@type\":\"WebPage\",\"@id\":\"https:\/\/lacerdaai.com\/br\/a-febre-da-ia-e-a-calma-dos-fabricantes-por-que-a-escassez-de-memoria-nao-acelera-a-producao\/\",\"url\":\"https:\/\/lacerdaai.com\/br\/a-febre-da-ia-e-a-calma-dos-fabricantes-por-que-a-escassez-de-memoria-nao-acelera-a-producao\/\",\"name\":\"A Febre da IA e a Calma dos Fabricantes: Por Que a Escassez de Mem\u00f3ria N\u00e3o Acelera a Produ\u00e7\u00e3o? - Lacerda AI\",\"isPartOf\":{\"@id\":\"https:\/\/lacerdaai.com\/br\/#website\"},\"primaryImageOfPage\":{\"@id\":\"https:\/\/lacerdaai.com\/br\/a-febre-da-ia-e-a-calma-dos-fabricantes-por-que-a-escassez-de-memoria-nao-acelera-a-producao\/#primaryimage\"},\"image\":{\"@id\":\"https:\/\/lacerdaai.com\/br\/a-febre-da-ia-e-a-calma-dos-fabricantes-por-que-a-escassez-de-memoria-nao-acelera-a-producao\/#primaryimage\"},\"thumbnailUrl\":\"https:\/\/lacerdaai.com\/br\/wp-content\/uploads\/2026\/01\/imagem-40.jpg\",\"datePublished\":\"2026-01-12T23:42:23+00:00\",\"dateModified\":\"2026-01-12T23:42:24+00:00\",\"author\":{\"@id\":\"https:\/\/lacerdaai.com\/br\/#\/schema\/person\/8bad803c2e83a0c5c5c75e02a1c2248f\"},\"description\":\"Descubra o paradoxo da intelig\u00eancia artificial: por que, apesar da crescente demanda por chips de mem\u00f3ria, os gigantes da ind\u00fastria como Micron e Western Digital agem com cautela, sem se apressar para aumentar a oferta. Entenda os desafios e a estrat\u00e9gia por tr\u00e1s dessa decis\u00e3o.\",\"breadcrumb\":{\"@id\":\"https:\/\/lacerdaai.com\/br\/a-febre-da-ia-e-a-calma-dos-fabricantes-por-que-a-escassez-de-memoria-nao-acelera-a-producao\/#breadcrumb\"},\"inLanguage\":\"pt-BR\",\"potentialAction\":[{\"@type\":\"ReadAction\",\"target\":[\"https:\/\/lacerdaai.com\/br\/a-febre-da-ia-e-a-calma-dos-fabricantes-por-que-a-escassez-de-memoria-nao-acelera-a-producao\/\"]}]},{\"@type\":\"ImageObject\",\"inLanguage\":\"pt-BR\",\"@id\":\"https:\/\/lacerdaai.com\/br\/a-febre-da-ia-e-a-calma-dos-fabricantes-por-que-a-escassez-de-memoria-nao-acelera-a-producao\/#primaryimage\",\"url\":\"https:\/\/lacerdaai.com\/br\/wp-content\/uploads\/2026\/01\/imagem-40.jpg\",\"contentUrl\":\"https:\/\/lacerdaai.com\/br\/wp-content\/uploads\/2026\/01\/imagem-40.jpg\",\"width\":1280,\"height\":640},{\"@type\":\"BreadcrumbList\",\"@id\":\"https:\/\/lacerdaai.com\/br\/a-febre-da-ia-e-a-calma-dos-fabricantes-por-que-a-escassez-de-memoria-nao-acelera-a-producao\/#breadcrumb\",\"itemListElement\":[{\"@type\":\"ListItem\",\"position\":1,\"name\":\"In\u00edcio\",\"item\":\"https:\/\/lacerdaai.com\/br\/\"},{\"@type\":\"ListItem\",\"position\":2,\"name\":\"A Febre da IA e a Calma dos Fabricantes: Por Que a Escassez de Mem\u00f3ria N\u00e3o Acelera a Produ\u00e7\u00e3o?\"}]},{\"@type\":\"WebSite\",\"@id\":\"https:\/\/lacerdaai.com\/br\/#website\",\"url\":\"https:\/\/lacerdaai.com\/br\/\",\"name\":\"Lacerda AI\",\"description\":\"Seu blog di\u00e1rio de novidades do mundo da Inteligencia Artificial\",\"potentialAction\":[{\"@type\":\"SearchAction\",\"target\":{\"@type\":\"EntryPoint\",\"urlTemplate\":\"https:\/\/lacerdaai.com\/br\/?s={search_term_string}\"},\"query-input\":{\"@type\":\"PropertyValueSpecification\",\"valueRequired\":true,\"valueName\":\"search_term_string\"}}],\"inLanguage\":\"pt-BR\"},{\"@type\":\"Person\",\"@id\":\"https:\/\/lacerdaai.com\/br\/#\/schema\/person\/8bad803c2e83a0c5c5c75e02a1c2248f\",\"name\":\"Andr\u00e9 Lacerda\",\"image\":{\"@type\":\"ImageObject\",\"inLanguage\":\"pt-BR\",\"@id\":\"https:\/\/lacerdaai.com\/br\/#\/schema\/person\/image\/\",\"url\":\"https:\/\/secure.gravatar.com\/avatar\/f5c1fa5ad9763f54c1f223c3fc91f131da6288c9f9e28d74bb3c355ad99af205?s=96&d=mm&r=g\",\"contentUrl\":\"https:\/\/secure.gravatar.com\/avatar\/f5c1fa5ad9763f54c1f223c3fc91f131da6288c9f9e28d74bb3c355ad99af205?s=96&d=mm&r=g\",\"caption\":\"Andr\u00e9 Lacerda\"},\"description\":\"Sou o Andr\u00e9 Lacerda, tenho 35 anos e sou apaixonado por tecnologia, intelig\u00eancia artificial e boas hist\u00f3rias. Me formei em Tecnologia e Jornalismo \u2014 sim, uma mistura meio improv\u00e1vel, mas que combina muito comigo. J\u00e1 morei no Canad\u00e1 e na Espanha, e essas experi\u00eancias me ajudaram a enxergar a inova\u00e7\u00e3o com um olhar mais global (e a me virar bem em tr\u00eas idiomas \ud83d\ude04). Trabalhei em algumas das maiores empresas de tecnologia do mercado e, hoje, atuo como consultor ajudando neg\u00f3cios a entenderem e aplicarem IA de forma pr\u00e1tica, estrat\u00e9gica e humana. Gosto de traduzir o complexo em algo simples \u2014 e \u00e9 isso que voc\u00ea vai encontrar por aqui.\",\"sameAs\":[\"http:\/\/lacerdaai.com\/br\"],\"url\":\"https:\/\/lacerdaai.com\/br\/author\/red-admin\/\"}]}<\/script>\n<!-- \/ Yoast SEO plugin. -->","yoast_head_json":{"title":"A Febre da IA e a Calma dos Fabricantes: Por Que a Escassez de Mem\u00f3ria N\u00e3o Acelera a Produ\u00e7\u00e3o? - Lacerda AI","description":"Descubra o paradoxo da intelig\u00eancia artificial: por que, apesar da crescente demanda por chips de mem\u00f3ria, os gigantes da ind\u00fastria como Micron e Western Digital agem com cautela, sem se apressar para aumentar a oferta. Entenda os desafios e a estrat\u00e9gia por tr\u00e1s dessa decis\u00e3o.","robots":{"index":"index","follow":"follow","max-snippet":"max-snippet:-1","max-image-preview":"max-image-preview:large","max-video-preview":"max-video-preview:-1"},"canonical":"https:\/\/lacerdaai.com\/br\/a-febre-da-ia-e-a-calma-dos-fabricantes-por-que-a-escassez-de-memoria-nao-acelera-a-producao\/","og_locale":"pt_BR","og_type":"article","og_title":"A Febre da IA e a Calma dos Fabricantes: Por Que a Escassez de Mem\u00f3ria N\u00e3o Acelera a Produ\u00e7\u00e3o? - Lacerda AI","og_description":"Descubra o paradoxo da intelig\u00eancia artificial: por que, apesar da crescente demanda por chips de mem\u00f3ria, os gigantes da ind\u00fastria como Micron e Western Digital agem com cautela, sem se apressar para aumentar a oferta. Entenda os desafios e a estrat\u00e9gia por tr\u00e1s dessa decis\u00e3o.","og_url":"https:\/\/lacerdaai.com\/br\/a-febre-da-ia-e-a-calma-dos-fabricantes-por-que-a-escassez-de-memoria-nao-acelera-a-producao\/","og_site_name":"Lacerda AI","article_published_time":"2026-01-12T23:42:23+00:00","article_modified_time":"2026-01-12T23:42:24+00:00","author":"Andr\u00e9 Lacerda","twitter_card":"summary_large_image","twitter_misc":{"Escrito por":"Andr\u00e9 Lacerda","Est. tempo de leitura":"9 minutos"},"schema":{"@context":"https:\/\/schema.org","@graph":[{"@type":"WebPage","@id":"https:\/\/lacerdaai.com\/br\/a-febre-da-ia-e-a-calma-dos-fabricantes-por-que-a-escassez-de-memoria-nao-acelera-a-producao\/","url":"https:\/\/lacerdaai.com\/br\/a-febre-da-ia-e-a-calma-dos-fabricantes-por-que-a-escassez-de-memoria-nao-acelera-a-producao\/","name":"A Febre da IA e a Calma dos Fabricantes: Por Que a Escassez de Mem\u00f3ria N\u00e3o Acelera a Produ\u00e7\u00e3o? - Lacerda AI","isPartOf":{"@id":"https:\/\/lacerdaai.com\/br\/#website"},"primaryImageOfPage":{"@id":"https:\/\/lacerdaai.com\/br\/a-febre-da-ia-e-a-calma-dos-fabricantes-por-que-a-escassez-de-memoria-nao-acelera-a-producao\/#primaryimage"},"image":{"@id":"https:\/\/lacerdaai.com\/br\/a-febre-da-ia-e-a-calma-dos-fabricantes-por-que-a-escassez-de-memoria-nao-acelera-a-producao\/#primaryimage"},"thumbnailUrl":"https:\/\/lacerdaai.com\/br\/wp-content\/uploads\/2026\/01\/imagem-40.jpg","datePublished":"2026-01-12T23:42:23+00:00","dateModified":"2026-01-12T23:42:24+00:00","author":{"@id":"https:\/\/lacerdaai.com\/br\/#\/schema\/person\/8bad803c2e83a0c5c5c75e02a1c2248f"},"description":"Descubra o paradoxo da intelig\u00eancia artificial: por que, apesar da crescente demanda por chips de mem\u00f3ria, os gigantes da ind\u00fastria como Micron e Western Digital agem com cautela, sem se apressar para aumentar a oferta. Entenda os desafios e a estrat\u00e9gia por tr\u00e1s dessa decis\u00e3o.","breadcrumb":{"@id":"https:\/\/lacerdaai.com\/br\/a-febre-da-ia-e-a-calma-dos-fabricantes-por-que-a-escassez-de-memoria-nao-acelera-a-producao\/#breadcrumb"},"inLanguage":"pt-BR","potentialAction":[{"@type":"ReadAction","target":["https:\/\/lacerdaai.com\/br\/a-febre-da-ia-e-a-calma-dos-fabricantes-por-que-a-escassez-de-memoria-nao-acelera-a-producao\/"]}]},{"@type":"ImageObject","inLanguage":"pt-BR","@id":"https:\/\/lacerdaai.com\/br\/a-febre-da-ia-e-a-calma-dos-fabricantes-por-que-a-escassez-de-memoria-nao-acelera-a-producao\/#primaryimage","url":"https:\/\/lacerdaai.com\/br\/wp-content\/uploads\/2026\/01\/imagem-40.jpg","contentUrl":"https:\/\/lacerdaai.com\/br\/wp-content\/uploads\/2026\/01\/imagem-40.jpg","width":1280,"height":640},{"@type":"BreadcrumbList","@id":"https:\/\/lacerdaai.com\/br\/a-febre-da-ia-e-a-calma-dos-fabricantes-por-que-a-escassez-de-memoria-nao-acelera-a-producao\/#breadcrumb","itemListElement":[{"@type":"ListItem","position":1,"name":"In\u00edcio","item":"https:\/\/lacerdaai.com\/br\/"},{"@type":"ListItem","position":2,"name":"A Febre da IA e a Calma dos Fabricantes: Por Que a Escassez de Mem\u00f3ria N\u00e3o Acelera a Produ\u00e7\u00e3o?"}]},{"@type":"WebSite","@id":"https:\/\/lacerdaai.com\/br\/#website","url":"https:\/\/lacerdaai.com\/br\/","name":"Lacerda AI","description":"Seu blog di\u00e1rio de novidades do mundo da Inteligencia Artificial","potentialAction":[{"@type":"SearchAction","target":{"@type":"EntryPoint","urlTemplate":"https:\/\/lacerdaai.com\/br\/?s={search_term_string}"},"query-input":{"@type":"PropertyValueSpecification","valueRequired":true,"valueName":"search_term_string"}}],"inLanguage":"pt-BR"},{"@type":"Person","@id":"https:\/\/lacerdaai.com\/br\/#\/schema\/person\/8bad803c2e83a0c5c5c75e02a1c2248f","name":"Andr\u00e9 Lacerda","image":{"@type":"ImageObject","inLanguage":"pt-BR","@id":"https:\/\/lacerdaai.com\/br\/#\/schema\/person\/image\/","url":"https:\/\/secure.gravatar.com\/avatar\/f5c1fa5ad9763f54c1f223c3fc91f131da6288c9f9e28d74bb3c355ad99af205?s=96&d=mm&r=g","contentUrl":"https:\/\/secure.gravatar.com\/avatar\/f5c1fa5ad9763f54c1f223c3fc91f131da6288c9f9e28d74bb3c355ad99af205?s=96&d=mm&r=g","caption":"Andr\u00e9 Lacerda"},"description":"Sou o Andr\u00e9 Lacerda, tenho 35 anos e sou apaixonado por tecnologia, intelig\u00eancia artificial e boas hist\u00f3rias. Me formei em Tecnologia e Jornalismo \u2014 sim, uma mistura meio improv\u00e1vel, mas que combina muito comigo. J\u00e1 morei no Canad\u00e1 e na Espanha, e essas experi\u00eancias me ajudaram a enxergar a inova\u00e7\u00e3o com um olhar mais global (e a me virar bem em tr\u00eas idiomas \ud83d\ude04). Trabalhei em algumas das maiores empresas de tecnologia do mercado e, hoje, atuo como consultor ajudando neg\u00f3cios a entenderem e aplicarem IA de forma pr\u00e1tica, estrat\u00e9gica e humana. Gosto de traduzir o complexo em algo simples \u2014 e \u00e9 isso que voc\u00ea vai encontrar por aqui.","sameAs":["http:\/\/lacerdaai.com\/br"],"url":"https:\/\/lacerdaai.com\/br\/author\/red-admin\/"}]}},"_links":{"self":[{"href":"https:\/\/lacerdaai.com\/br\/wp-json\/wp\/v2\/posts\/3167","targetHints":{"allow":["GET"]}}],"collection":[{"href":"https:\/\/lacerdaai.com\/br\/wp-json\/wp\/v2\/posts"}],"about":[{"href":"https:\/\/lacerdaai.com\/br\/wp-json\/wp\/v2\/types\/post"}],"author":[{"embeddable":true,"href":"https:\/\/lacerdaai.com\/br\/wp-json\/wp\/v2\/users\/1"}],"replies":[{"embeddable":true,"href":"https:\/\/lacerdaai.com\/br\/wp-json\/wp\/v2\/comments?post=3167"}],"version-history":[{"count":1,"href":"https:\/\/lacerdaai.com\/br\/wp-json\/wp\/v2\/posts\/3167\/revisions"}],"predecessor-version":[{"id":3168,"href":"https:\/\/lacerdaai.com\/br\/wp-json\/wp\/v2\/posts\/3167\/revisions\/3168"}],"wp:featuredmedia":[{"embeddable":true,"href":"https:\/\/lacerdaai.com\/br\/wp-json\/wp\/v2\/media\/3166"}],"wp:attachment":[{"href":"https:\/\/lacerdaai.com\/br\/wp-json\/wp\/v2\/media?parent=3167"}],"wp:term":[{"taxonomy":"category","embeddable":true,"href":"https:\/\/lacerdaai.com\/br\/wp-json\/wp\/v2\/categories?post=3167"},{"taxonomy":"post_tag","embeddable":true,"href":"https:\/\/lacerdaai.com\/br\/wp-json\/wp\/v2\/tags?post=3167"}],"curies":[{"name":"wp","href":"https:\/\/api.w.org\/{rel}","templated":true}]}}