{"id":3179,"date":"2026-01-13T16:43:34","date_gmt":"2026-01-13T19:43:34","guid":{"rendered":"https:\/\/lacerdaai.com\/br\/alem-do-codigo-a-ascensao-da-infraestrutura-de-ia-centrada-na-comunidade-e-o-compromisso-responsavel-da-microsoft\/"},"modified":"2026-01-13T16:43:38","modified_gmt":"2026-01-13T19:43:38","slug":"alem-do-codigo-a-ascensao-da-infraestrutura-de-ia-centrada-na-comunidade-e-o-compromisso-responsavel-da-microsoft","status":"publish","type":"post","link":"https:\/\/lacerdaai.com\/br\/alem-do-codigo-a-ascensao-da-infraestrutura-de-ia-centrada-na-comunidade-e-o-compromisso-responsavel-da-microsoft\/","title":{"rendered":"Al\u00e9m do C\u00f3digo: A Ascens\u00e3o da Infraestrutura de IA Centrada na Comunidade e o Compromisso Respons\u00e1vel da Microsoft"},"content":{"rendered":"<p>A intelig\u00eancia artificial est\u00e1, sem d\u00favida, no centro das maiores transforma\u00e7\u00f5es tecnol\u00f3gicas do nosso tempo. Desde assistentes virtuais em nossos bolsos at\u00e9 sistemas complexos que otimizam cidades e desvendam mist\u00e9rios cient\u00edficos, a IA est\u00e1 remodelando nosso mundo em uma velocidade vertiginosa. No entanto, junto com o entusiasmo pelas possibilidades infinitas, surgem quest\u00f5es cruciais: como podemos garantir que essa tecnologia poderosa seja desenvolvida e implantada de forma \u00e9tica, justa e, acima de tudo, acess\u00edvel a todos? N\u00e3o podemos permitir que o futuro da IA seja moldado por um pequeno grupo de especialistas ou corpora\u00e7\u00f5es; ele deve ser um esfor\u00e7o coletivo, impulsionado por uma diversidade de vozes e perspectivas.<\/p>\n<p>\u00c9 nesse contexto de urg\u00eancia e oportunidade que emerge um movimento transformador: a constru\u00e7\u00e3o de uma intelig\u00eancia artificial que prioriza a comunidade em sua ess\u00eancia. Recentemente, a Microsoft deu um passo significativo nessa dire\u00e7\u00e3o, anunciando uma nova iniciativa focada em desenvolver o que eles chamam de **infraestrutura de IA centrada na comunidade**. Este n\u00e3o \u00e9 apenas um termo da moda ou um projeto isolado; \u00e9 um compromisso profundo de abordar o desenvolvimento da IA de uma maneira fundamentalmente diferente \u2014 com responsabilidade, transpar\u00eancia e uma dedica\u00e7\u00e3o inabal\u00e1vel \u00e0 colabora\u00e7\u00e3o. Prepare-se para mergulhar em um futuro onde a intelig\u00eancia artificial \u00e9 verdadeiramente um bem comum, constru\u00eddo por e para as pessoas.<\/p>\n<p>### **Infraestrutura de IA Centrada na Comunidade**: O Que Realmente Significa?<\/p>\n<p>Quando falamos em **infraestrutura de IA centrada na comunidade**, estamos nos referindo a algo que vai muito al\u00e9m da simples ideia de c\u00f3digo aberto. Embora o open source seja um componente vital, ele \u00e9 apenas o ponto de partida. Uma infraestrutura de IA focada na comunidade \u00e9 um ecossistema robusto, projetado desde sua concep\u00e7\u00e3o para fomentar a participa\u00e7\u00e3o ativa, a governan\u00e7a compartilhada e a ades\u00e3o a valores coletivos de \u00e9tica e inclus\u00e3o. Em vez de um modelo em que poucas entidades propriet\u00e1rias det\u00eam as chaves do reino da IA, essa abordagem busca democratizar o acesso \u00e0s ferramentas, modelos, dados e conhecimentos necess\u00e1rios para criar e implantar solu\u00e7\u00f5es de intelig\u00eancia artificial.<\/p>\n<p>Imagine um cen\u00e1rio onde desenvolvedores independentes, pesquisadores acad\u00eamicos, startups inovadoras e at\u00e9 mesmo cidad\u00e3os comuns podem contribuir, colaborar e se beneficiar de avan\u00e7os em IA sem barreiras significativas. Isso significa acesso facilitado a modelos pr\u00e9-treinados, estruturas de machine learning (como PyTorch e TensorFlow, que j\u00e1 t\u00eam uma forte base comunit\u00e1ria), conjuntos de dados abertos e ferramentas que promovem a interpretabilidade e a explicabilidade dos algoritmos. A ideia \u00e9 criar um terreno f\u00e9rtil onde a inova\u00e7\u00e3o n\u00e3o seja restrita a laborat\u00f3rios de elite, mas possa florescer em qualquer lugar onde haja curiosidade e paix\u00e3o.<\/p>\n<p>Os princ\u00edpios que norteiam essa infraestrutura s\u00e3o cruciais: transpar\u00eancia nos processos de desenvolvimento e tomada de decis\u00e3o; fairness (equidade) na mitiga\u00e7\u00e3o de vieses algor\u00edtmicos; responsabilidade na forma como a IA \u00e9 projetada e utilizada; e inclus\u00e3o, garantindo que diversas vozes sejam ouvidas e que as solu\u00e7\u00f5es de IA atendam \u00e0s necessidades de uma ampla gama de comunidades, e n\u00e3o apenas de algumas. Em sua ess\u00eancia, a **infraestrutura de IA centrada na comunidade** representa um convite aberto para que todos participem da constru\u00e7\u00e3o do futuro da intelig\u00eancia artificial, transformando-a de uma tecnologia de elite em uma ferramenta poderosa para o empoderamento coletivo.<\/p>\n<p>### Por Que a Abordagem Centrada na Comunidade \u00e9 Crucial para o Futuro da IA?<\/p>\n<p>A ascens\u00e3o da intelig\u00eancia artificial trouxe consigo um leque de desafios que exigem uma resposta coletiva e inovadora. O desenvolvimento tradicional e muitas vezes fechado da IA tem levantado preocupa\u00e7\u00f5es leg\u00edtimas sobre vi\u00e9s algor\u00edtmico, quest\u00f5es de privacidade e a concentra\u00e7\u00e3o de poder em poucas m\u00e3os. Modelos treinados com dados n\u00e3o representativos podem perpetuar e at\u00e9 amplificar preconceitos existentes na sociedade, levando a resultados discriminat\u00f3rios em \u00e1reas cr\u00edticas como sa\u00fade, justi\u00e7a e emprego. Al\u00e9m disso, a opacidade de muitos sistemas de IA dificulta a compreens\u00e3o de como as decis\u00f5es s\u00e3o tomadas, minando a confian\u00e7a p\u00fablica e a capacidade de responsabiliza\u00e7\u00e3o.<\/p>\n<p>A abordagem centrada na comunidade surge como um ant\u00eddoto vital para esses problemas. Em primeiro lugar, a for\u00e7a da diversidade \u00e9 ineg\u00e1vel. Quando uma ampla gama de pessoas \u2014 de diferentes origens, culturas, g\u00eaneros e forma\u00e7\u00f5es \u2014 contribui para o design, treinamento e avalia\u00e7\u00e3o de sistemas de IA, a probabilidade de identificar e mitigar vieses aumenta exponencialmente. A experi\u00eancia coletiva e as m\u00faltiplas perspectivas levam a solu\u00e7\u00f5es mais robustas, justas e adapt\u00e1veis \u00e0s complexidades do mundo real. \u00c9 a sabedoria das multid\u00f5es aplicada \u00e0 engenharia da intelig\u00eancia artificial.<\/p>\n<p>Em segundo lugar, a colabora\u00e7\u00e3o comunit\u00e1ria acelera a inova\u00e7\u00e3o de maneiras que o desenvolvimento isolado jamais conseguiria. Ao compartilhar recursos, ideias e conhecimentos, os desenvolvedores podem construir sobre o trabalho uns dos outros, evitando a reinven\u00e7\u00e3o da roda e impulsionando avan\u00e7os mais r\u00e1pidos. Ferramentas, bibliotecas e modelos se tornam mais acess\u00edveis e aprimorados por um ciclo cont\u00ednuo de feedback e melhorias. Essa sinergia n\u00e3o s\u00f3 democratiza o acesso \u00e0 tecnologia de ponta, como tamb\u00e9m estimula a cria\u00e7\u00e3o de casos de uso inesperados e solu\u00e7\u00f5es inovadoras que talvez n\u00e3o surgissem em ambientes fechados.<\/p>\n<p>Finalmente, a necessidade de responsabilidade compartilhada no cen\u00e1rio da IA nunca foi t\u00e3o premente. A intelig\u00eancia artificial tem o potencial de impactar profundamente a vida das pessoas, e \u00e9 imperativo que os padr\u00f5es \u00e9ticos sejam estabelecidos coletivamente. Uma abordagem centrada na comunidade permite que diretrizes de IA respons\u00e1vel sejam desenvolvidas em consenso, refletindo os valores de uma sociedade mais ampla. Isso ajuda a garantir que a IA seja projetada para o bem-estar social, funcionando como um bem p\u00fablico e n\u00e3o apenas como uma ferramenta para lucro ou controle. Ao construir uma **infraestrutura de IA centrada na comunidade**, estamos investindo em um futuro onde a tecnologia \u00e9 transparente, confi\u00e1vel e serve verdadeiramente \u00e0 humanidade.<\/p>\n<p>### O Papel da Microsoft e o Caminho para uma IA Mais Justa e Acess\u00edvel<\/p>\n<p>A iniciativa da Microsoft de construir uma **infraestrutura de IA centrada na comunidade** \u00e9 um movimento estrat\u00e9gico e louv\u00e1vel, que ecoa a crescente demanda por IA \u00e9tica e inclusiva. A empresa, uma das l\u00edderes globais em tecnologia, tem uma responsabilidade significativa e o potencial de impactar milh\u00f5es de desenvolvedores e bilh\u00f5es de usu\u00e1rios. Ao se comprometer a \u201cfazer esse trabalho de forma diferente de alguns outros e de forma respons\u00e1vel\u201d, a Microsoft sinaliza uma mudan\u00e7a de paradigma, reconhecendo que o futuro da IA n\u00e3o pode ser constru\u00eddo apenas de cima para baixo.<\/p>\n<p>Para materializar essa vis\u00e3o, a Microsoft j\u00e1 tem demonstrado um compromisso multifacetado. Primeiramente, atrav\u00e9s de suas contribui\u00e7\u00f5es para o universo open source, que incluem projetos como o .NET, VS Code e ONNX (Open Neural Network Exchange), que visam padronizar a interoperabilidade de modelos de IA. Essa abertura permite que desenvolvedores em todo o mundo utilizem e melhorem as tecnologias da Microsoft, integrando-as em seus pr\u00f3prios projetos. Al\u00e9m disso, a empresa tem investido pesadamente em suas ferramentas de IA Respons\u00e1vel, que est\u00e3o sendo integradas nas ofertas de Azure AI, ajudando desenvolvedores a identificar e mitigar vieses, a entender o comportamento dos modelos (XAI \u2013 Explainable AI) e a garantir a seguran\u00e7a e privacidade dos dados.<\/p>\n<p>Outro pilar fundamental \u00e9 a promo\u00e7\u00e3o de parcerias estrat\u00e9gicas. A Microsoft tem colaborado ativamente com institui\u00e7\u00f5es acad\u00eamicas, governos e organiza\u00e7\u00f5es n\u00e3o governamentais para estabelecer padr\u00f5es \u00e9ticos para a IA, realizar pesquisas conjuntas e desenvolver programas de capacita\u00e7\u00e3o. Essas colabora\u00e7\u00f5es s\u00e3o essenciais para garantir que as perspectivas de diversas partes interessadas sejam incorporadas no desenvolvimento da IA e que a tecnologia seja aplicada de forma ben\u00e9fica em diversos contextos sociais. A acessibilidade dos servi\u00e7os de IA do Azure, juntamente com as ferramentas robustas para desenvolvedores, empodera pequenas e m\u00e9dias empresas, startups e pesquisadores a construir e implantar solu\u00e7\u00f5es de IA que, de outra forma, exigiriam investimentos proibitivos em infraestrutura.<\/p>\n<p>Claro, o caminho para uma IA verdadeiramente centrada na comunidade n\u00e3o \u00e9 isento de desafios. Uma empresa do porte da Microsoft precisa navegar entre a inova\u00e7\u00e3o propriet\u00e1ria e o compromisso com o ecossistema aberto, garantindo que suas contribui\u00e7\u00f5es sejam genu\u00ednas e que a comunidade se sinta verdadeiramente engajada. No entanto, o compromisso declarado e as a\u00e7\u00f5es j\u00e1 tomadas indicam uma dire\u00e7\u00e3o clara: a de que o futuro da IA \u00e9 colaborativo, \u00e9tico e acess\u00edvel. A vis\u00e3o de longo prazo \u00e9 um ecossistema de IA mais inclusivo, inovador e, acima de tudo, confi\u00e1vel, onde a tecnologia serve como um motor para o progresso humano de forma equitativa.<\/p>\n<p>### Conclus\u00e3o: Construindo um Futuro de IA Juntos<\/p>\n<p>A jornada para a constru\u00e7\u00e3o de uma **infraestrutura de IA centrada na comunidade** \u00e9 um dos empreendimentos mais importantes da era digital. Ela representa um reconhecimento fundamental de que a intelig\u00eancia artificial, em sua ess\u00eancia, n\u00e3o \u00e9 apenas uma proeza tecnol\u00f3gica, mas uma for\u00e7a social poderosa que deve ser moldada pela coletividade. Ao democratizar o acesso, promover a \u00e9tica e incentivar a colabora\u00e7\u00e3o, estamos garantindo que os benef\u00edcios da IA sejam compartilhados amplamente, mitigando riscos e construindo um futuro mais justo e inovador para todos. \u00c9 um chamado para ir al\u00e9m do c\u00f3digo e construir pontes de conhecimento e coopera\u00e7\u00e3o.<\/p>\n<p>A iniciativa da Microsoft neste campo \u00e9 um testemunho da crescente maturidade e responsabilidade que as grandes empresas de tecnologia est\u00e3o assumindo. Ao se posicionar como um facilitador de uma IA mais aberta e \u00e9tica, a empresa n\u00e3o apenas fortalece seu pr\u00f3prio ecossistema, mas tamb\u00e9m contribui significativamente para o bem comum. Este \u00e9 um caminho cont\u00ednuo, que exigir\u00e1 persist\u00eancia, aprendizado e, acima de tudo, o engajamento ativo de desenvolvedores, pesquisadores, formuladores de pol\u00edticas e cidad\u00e3os. O futuro da IA \u00e9 um projeto que nos convida a todos a participar, a questionar e a construir juntos, garantindo que essa tecnologia revolucion\u00e1ria nos leve a um amanh\u00e3 mais promissor.<\/p>\n","protected":false},"excerpt":{"rendered":"<p>A intelig\u00eancia artificial est\u00e1, sem d\u00favida, no centro das maiores transforma\u00e7\u00f5es tecnol\u00f3gicas do nosso tempo. Desde assistentes virtuais em nossos bolsos at\u00e9 sistemas complexos que otimizam cidades e desvendam mist\u00e9rios cient\u00edficos, a IA est\u00e1 remodelando nosso mundo em uma velocidade vertiginosa. No entanto, junto com o entusiasmo pelas possibilidades infinitas, surgem quest\u00f5es cruciais: como podemos [&hellip;]<\/p>\n","protected":false},"author":1,"featured_media":3178,"comment_status":"open","ping_status":"open","sticky":false,"template":"","format":"standard","meta":{"_yoast_wpseo_focuskw":"Infraestrutura de IA Centrada na Comunidade","_yoast_wpseo_metadesc":"Explore como a **infraestrutura de IA centrada na comunidade** est\u00e1 moldando um futuro mais \u00e9tico, inclusivo e inovador para a intelig\u00eancia artificial. Descubra o papel da Microsoft neste movimento transformador.","footnotes":""},"categories":[2],"tags":[],"class_list":["post-3179","post","type-post","status-publish","format-standard","has-post-thumbnail","hentry","category-novidades"],"yoast_head":"<!-- This site is optimized with the Yoast SEO plugin v25.6 - https:\/\/yoast.com\/wordpress\/plugins\/seo\/ -->\n<title>Al\u00e9m do C\u00f3digo: A Ascens\u00e3o da Infraestrutura de IA Centrada na Comunidade e o Compromisso Respons\u00e1vel da Microsoft - Lacerda AI<\/title>\n<meta name=\"description\" content=\"Explore como a **infraestrutura de IA centrada na comunidade** est\u00e1 moldando um futuro mais \u00e9tico, inclusivo e inovador para a intelig\u00eancia artificial. Descubra o papel da Microsoft neste movimento transformador.\" \/>\n<meta name=\"robots\" content=\"index, follow, max-snippet:-1, max-image-preview:large, max-video-preview:-1\" \/>\n<link rel=\"canonical\" href=\"https:\/\/lacerdaai.com\/br\/alem-do-codigo-a-ascensao-da-infraestrutura-de-ia-centrada-na-comunidade-e-o-compromisso-responsavel-da-microsoft\/\" \/>\n<meta property=\"og:locale\" content=\"pt_BR\" \/>\n<meta property=\"og:type\" content=\"article\" \/>\n<meta property=\"og:title\" content=\"Al\u00e9m do C\u00f3digo: A Ascens\u00e3o da Infraestrutura de IA Centrada na Comunidade e o Compromisso Respons\u00e1vel da Microsoft - Lacerda AI\" \/>\n<meta property=\"og:description\" content=\"Explore como a **infraestrutura de IA centrada na comunidade** est\u00e1 moldando um futuro mais \u00e9tico, inclusivo e inovador para a intelig\u00eancia artificial. Descubra o papel da Microsoft neste movimento transformador.\" \/>\n<meta property=\"og:url\" content=\"https:\/\/lacerdaai.com\/br\/alem-do-codigo-a-ascensao-da-infraestrutura-de-ia-centrada-na-comunidade-e-o-compromisso-responsavel-da-microsoft\/\" \/>\n<meta property=\"og:site_name\" content=\"Lacerda AI\" \/>\n<meta property=\"article:published_time\" content=\"2026-01-13T19:43:34+00:00\" \/>\n<meta property=\"article:modified_time\" content=\"2026-01-13T19:43:38+00:00\" \/>\n<meta name=\"author\" content=\"Andr\u00e9 Lacerda\" \/>\n<meta name=\"twitter:card\" content=\"summary_large_image\" \/>\n<meta name=\"twitter:label1\" content=\"Escrito por\" \/>\n\t<meta name=\"twitter:data1\" content=\"Andr\u00e9 Lacerda\" \/>\n\t<meta name=\"twitter:label2\" content=\"Est. tempo de leitura\" \/>\n\t<meta name=\"twitter:data2\" content=\"9 minutos\" \/>\n<script type=\"application\/ld+json\" class=\"yoast-schema-graph\">{\"@context\":\"https:\/\/schema.org\",\"@graph\":[{\"@type\":\"WebPage\",\"@id\":\"https:\/\/lacerdaai.com\/br\/alem-do-codigo-a-ascensao-da-infraestrutura-de-ia-centrada-na-comunidade-e-o-compromisso-responsavel-da-microsoft\/\",\"url\":\"https:\/\/lacerdaai.com\/br\/alem-do-codigo-a-ascensao-da-infraestrutura-de-ia-centrada-na-comunidade-e-o-compromisso-responsavel-da-microsoft\/\",\"name\":\"Al\u00e9m do C\u00f3digo: A Ascens\u00e3o da Infraestrutura de IA Centrada na Comunidade e o Compromisso Respons\u00e1vel da Microsoft - Lacerda AI\",\"isPartOf\":{\"@id\":\"https:\/\/lacerdaai.com\/br\/#website\"},\"primaryImageOfPage\":{\"@id\":\"https:\/\/lacerdaai.com\/br\/alem-do-codigo-a-ascensao-da-infraestrutura-de-ia-centrada-na-comunidade-e-o-compromisso-responsavel-da-microsoft\/#primaryimage\"},\"image\":{\"@id\":\"https:\/\/lacerdaai.com\/br\/alem-do-codigo-a-ascensao-da-infraestrutura-de-ia-centrada-na-comunidade-e-o-compromisso-responsavel-da-microsoft\/#primaryimage\"},\"thumbnailUrl\":\"https:\/\/lacerdaai.com\/br\/wp-content\/uploads\/2026\/01\/imagem-7.png\",\"datePublished\":\"2026-01-13T19:43:34+00:00\",\"dateModified\":\"2026-01-13T19:43:38+00:00\",\"author\":{\"@id\":\"https:\/\/lacerdaai.com\/br\/#\/schema\/person\/8bad803c2e83a0c5c5c75e02a1c2248f\"},\"description\":\"Explore como a **infraestrutura de IA centrada na comunidade** est\u00e1 moldando um futuro mais \u00e9tico, inclusivo e inovador para a intelig\u00eancia artificial. Descubra o papel da Microsoft neste movimento transformador.\",\"breadcrumb\":{\"@id\":\"https:\/\/lacerdaai.com\/br\/alem-do-codigo-a-ascensao-da-infraestrutura-de-ia-centrada-na-comunidade-e-o-compromisso-responsavel-da-microsoft\/#breadcrumb\"},\"inLanguage\":\"pt-BR\",\"potentialAction\":[{\"@type\":\"ReadAction\",\"target\":[\"https:\/\/lacerdaai.com\/br\/alem-do-codigo-a-ascensao-da-infraestrutura-de-ia-centrada-na-comunidade-e-o-compromisso-responsavel-da-microsoft\/\"]}]},{\"@type\":\"ImageObject\",\"inLanguage\":\"pt-BR\",\"@id\":\"https:\/\/lacerdaai.com\/br\/alem-do-codigo-a-ascensao-da-infraestrutura-de-ia-centrada-na-comunidade-e-o-compromisso-responsavel-da-microsoft\/#primaryimage\",\"url\":\"https:\/\/lacerdaai.com\/br\/wp-content\/uploads\/2026\/01\/imagem-7.png\",\"contentUrl\":\"https:\/\/lacerdaai.com\/br\/wp-content\/uploads\/2026\/01\/imagem-7.png\",\"width\":1024,\"height\":576},{\"@type\":\"BreadcrumbList\",\"@id\":\"https:\/\/lacerdaai.com\/br\/alem-do-codigo-a-ascensao-da-infraestrutura-de-ia-centrada-na-comunidade-e-o-compromisso-responsavel-da-microsoft\/#breadcrumb\",\"itemListElement\":[{\"@type\":\"ListItem\",\"position\":1,\"name\":\"In\u00edcio\",\"item\":\"https:\/\/lacerdaai.com\/br\/\"},{\"@type\":\"ListItem\",\"position\":2,\"name\":\"Al\u00e9m do C\u00f3digo: A Ascens\u00e3o da Infraestrutura de IA Centrada na Comunidade e o Compromisso Respons\u00e1vel da Microsoft\"}]},{\"@type\":\"WebSite\",\"@id\":\"https:\/\/lacerdaai.com\/br\/#website\",\"url\":\"https:\/\/lacerdaai.com\/br\/\",\"name\":\"Lacerda AI\",\"description\":\"Seu blog di\u00e1rio de novidades do mundo da Inteligencia Artificial\",\"potentialAction\":[{\"@type\":\"SearchAction\",\"target\":{\"@type\":\"EntryPoint\",\"urlTemplate\":\"https:\/\/lacerdaai.com\/br\/?s={search_term_string}\"},\"query-input\":{\"@type\":\"PropertyValueSpecification\",\"valueRequired\":true,\"valueName\":\"search_term_string\"}}],\"inLanguage\":\"pt-BR\"},{\"@type\":\"Person\",\"@id\":\"https:\/\/lacerdaai.com\/br\/#\/schema\/person\/8bad803c2e83a0c5c5c75e02a1c2248f\",\"name\":\"Andr\u00e9 Lacerda\",\"image\":{\"@type\":\"ImageObject\",\"inLanguage\":\"pt-BR\",\"@id\":\"https:\/\/lacerdaai.com\/br\/#\/schema\/person\/image\/\",\"url\":\"https:\/\/secure.gravatar.com\/avatar\/f5c1fa5ad9763f54c1f223c3fc91f131da6288c9f9e28d74bb3c355ad99af205?s=96&d=mm&r=g\",\"contentUrl\":\"https:\/\/secure.gravatar.com\/avatar\/f5c1fa5ad9763f54c1f223c3fc91f131da6288c9f9e28d74bb3c355ad99af205?s=96&d=mm&r=g\",\"caption\":\"Andr\u00e9 Lacerda\"},\"description\":\"Sou o Andr\u00e9 Lacerda, tenho 35 anos e sou apaixonado por tecnologia, intelig\u00eancia artificial e boas hist\u00f3rias. Me formei em Tecnologia e Jornalismo \u2014 sim, uma mistura meio improv\u00e1vel, mas que combina muito comigo. J\u00e1 morei no Canad\u00e1 e na Espanha, e essas experi\u00eancias me ajudaram a enxergar a inova\u00e7\u00e3o com um olhar mais global (e a me virar bem em tr\u00eas idiomas \ud83d\ude04). Trabalhei em algumas das maiores empresas de tecnologia do mercado e, hoje, atuo como consultor ajudando neg\u00f3cios a entenderem e aplicarem IA de forma pr\u00e1tica, estrat\u00e9gica e humana. Gosto de traduzir o complexo em algo simples \u2014 e \u00e9 isso que voc\u00ea vai encontrar por aqui.\",\"sameAs\":[\"http:\/\/lacerdaai.com\/br\"],\"url\":\"https:\/\/lacerdaai.com\/br\/author\/red-admin\/\"}]}<\/script>\n<!-- \/ Yoast SEO plugin. -->","yoast_head_json":{"title":"Al\u00e9m do C\u00f3digo: A Ascens\u00e3o da Infraestrutura de IA Centrada na Comunidade e o Compromisso Respons\u00e1vel da Microsoft - Lacerda AI","description":"Explore como a **infraestrutura de IA centrada na comunidade** est\u00e1 moldando um futuro mais \u00e9tico, inclusivo e inovador para a intelig\u00eancia artificial. Descubra o papel da Microsoft neste movimento transformador.","robots":{"index":"index","follow":"follow","max-snippet":"max-snippet:-1","max-image-preview":"max-image-preview:large","max-video-preview":"max-video-preview:-1"},"canonical":"https:\/\/lacerdaai.com\/br\/alem-do-codigo-a-ascensao-da-infraestrutura-de-ia-centrada-na-comunidade-e-o-compromisso-responsavel-da-microsoft\/","og_locale":"pt_BR","og_type":"article","og_title":"Al\u00e9m do C\u00f3digo: A Ascens\u00e3o da Infraestrutura de IA Centrada na Comunidade e o Compromisso Respons\u00e1vel da Microsoft - Lacerda AI","og_description":"Explore como a **infraestrutura de IA centrada na comunidade** est\u00e1 moldando um futuro mais \u00e9tico, inclusivo e inovador para a intelig\u00eancia artificial. Descubra o papel da Microsoft neste movimento transformador.","og_url":"https:\/\/lacerdaai.com\/br\/alem-do-codigo-a-ascensao-da-infraestrutura-de-ia-centrada-na-comunidade-e-o-compromisso-responsavel-da-microsoft\/","og_site_name":"Lacerda AI","article_published_time":"2026-01-13T19:43:34+00:00","article_modified_time":"2026-01-13T19:43:38+00:00","author":"Andr\u00e9 Lacerda","twitter_card":"summary_large_image","twitter_misc":{"Escrito por":"Andr\u00e9 Lacerda","Est. tempo de leitura":"9 minutos"},"schema":{"@context":"https:\/\/schema.org","@graph":[{"@type":"WebPage","@id":"https:\/\/lacerdaai.com\/br\/alem-do-codigo-a-ascensao-da-infraestrutura-de-ia-centrada-na-comunidade-e-o-compromisso-responsavel-da-microsoft\/","url":"https:\/\/lacerdaai.com\/br\/alem-do-codigo-a-ascensao-da-infraestrutura-de-ia-centrada-na-comunidade-e-o-compromisso-responsavel-da-microsoft\/","name":"Al\u00e9m do C\u00f3digo: A Ascens\u00e3o da Infraestrutura de IA Centrada na Comunidade e o Compromisso Respons\u00e1vel da Microsoft - Lacerda AI","isPartOf":{"@id":"https:\/\/lacerdaai.com\/br\/#website"},"primaryImageOfPage":{"@id":"https:\/\/lacerdaai.com\/br\/alem-do-codigo-a-ascensao-da-infraestrutura-de-ia-centrada-na-comunidade-e-o-compromisso-responsavel-da-microsoft\/#primaryimage"},"image":{"@id":"https:\/\/lacerdaai.com\/br\/alem-do-codigo-a-ascensao-da-infraestrutura-de-ia-centrada-na-comunidade-e-o-compromisso-responsavel-da-microsoft\/#primaryimage"},"thumbnailUrl":"https:\/\/lacerdaai.com\/br\/wp-content\/uploads\/2026\/01\/imagem-7.png","datePublished":"2026-01-13T19:43:34+00:00","dateModified":"2026-01-13T19:43:38+00:00","author":{"@id":"https:\/\/lacerdaai.com\/br\/#\/schema\/person\/8bad803c2e83a0c5c5c75e02a1c2248f"},"description":"Explore como a **infraestrutura de IA centrada na comunidade** est\u00e1 moldando um futuro mais \u00e9tico, inclusivo e inovador para a intelig\u00eancia artificial. Descubra o papel da Microsoft neste movimento transformador.","breadcrumb":{"@id":"https:\/\/lacerdaai.com\/br\/alem-do-codigo-a-ascensao-da-infraestrutura-de-ia-centrada-na-comunidade-e-o-compromisso-responsavel-da-microsoft\/#breadcrumb"},"inLanguage":"pt-BR","potentialAction":[{"@type":"ReadAction","target":["https:\/\/lacerdaai.com\/br\/alem-do-codigo-a-ascensao-da-infraestrutura-de-ia-centrada-na-comunidade-e-o-compromisso-responsavel-da-microsoft\/"]}]},{"@type":"ImageObject","inLanguage":"pt-BR","@id":"https:\/\/lacerdaai.com\/br\/alem-do-codigo-a-ascensao-da-infraestrutura-de-ia-centrada-na-comunidade-e-o-compromisso-responsavel-da-microsoft\/#primaryimage","url":"https:\/\/lacerdaai.com\/br\/wp-content\/uploads\/2026\/01\/imagem-7.png","contentUrl":"https:\/\/lacerdaai.com\/br\/wp-content\/uploads\/2026\/01\/imagem-7.png","width":1024,"height":576},{"@type":"BreadcrumbList","@id":"https:\/\/lacerdaai.com\/br\/alem-do-codigo-a-ascensao-da-infraestrutura-de-ia-centrada-na-comunidade-e-o-compromisso-responsavel-da-microsoft\/#breadcrumb","itemListElement":[{"@type":"ListItem","position":1,"name":"In\u00edcio","item":"https:\/\/lacerdaai.com\/br\/"},{"@type":"ListItem","position":2,"name":"Al\u00e9m do C\u00f3digo: A Ascens\u00e3o da Infraestrutura de IA Centrada na Comunidade e o Compromisso Respons\u00e1vel da Microsoft"}]},{"@type":"WebSite","@id":"https:\/\/lacerdaai.com\/br\/#website","url":"https:\/\/lacerdaai.com\/br\/","name":"Lacerda AI","description":"Seu blog di\u00e1rio de novidades do mundo da Inteligencia Artificial","potentialAction":[{"@type":"SearchAction","target":{"@type":"EntryPoint","urlTemplate":"https:\/\/lacerdaai.com\/br\/?s={search_term_string}"},"query-input":{"@type":"PropertyValueSpecification","valueRequired":true,"valueName":"search_term_string"}}],"inLanguage":"pt-BR"},{"@type":"Person","@id":"https:\/\/lacerdaai.com\/br\/#\/schema\/person\/8bad803c2e83a0c5c5c75e02a1c2248f","name":"Andr\u00e9 Lacerda","image":{"@type":"ImageObject","inLanguage":"pt-BR","@id":"https:\/\/lacerdaai.com\/br\/#\/schema\/person\/image\/","url":"https:\/\/secure.gravatar.com\/avatar\/f5c1fa5ad9763f54c1f223c3fc91f131da6288c9f9e28d74bb3c355ad99af205?s=96&d=mm&r=g","contentUrl":"https:\/\/secure.gravatar.com\/avatar\/f5c1fa5ad9763f54c1f223c3fc91f131da6288c9f9e28d74bb3c355ad99af205?s=96&d=mm&r=g","caption":"Andr\u00e9 Lacerda"},"description":"Sou o Andr\u00e9 Lacerda, tenho 35 anos e sou apaixonado por tecnologia, intelig\u00eancia artificial e boas hist\u00f3rias. Me formei em Tecnologia e Jornalismo \u2014 sim, uma mistura meio improv\u00e1vel, mas que combina muito comigo. J\u00e1 morei no Canad\u00e1 e na Espanha, e essas experi\u00eancias me ajudaram a enxergar a inova\u00e7\u00e3o com um olhar mais global (e a me virar bem em tr\u00eas idiomas \ud83d\ude04). Trabalhei em algumas das maiores empresas de tecnologia do mercado e, hoje, atuo como consultor ajudando neg\u00f3cios a entenderem e aplicarem IA de forma pr\u00e1tica, estrat\u00e9gica e humana. Gosto de traduzir o complexo em algo simples \u2014 e \u00e9 isso que voc\u00ea vai encontrar por aqui.","sameAs":["http:\/\/lacerdaai.com\/br"],"url":"https:\/\/lacerdaai.com\/br\/author\/red-admin\/"}]}},"_links":{"self":[{"href":"https:\/\/lacerdaai.com\/br\/wp-json\/wp\/v2\/posts\/3179","targetHints":{"allow":["GET"]}}],"collection":[{"href":"https:\/\/lacerdaai.com\/br\/wp-json\/wp\/v2\/posts"}],"about":[{"href":"https:\/\/lacerdaai.com\/br\/wp-json\/wp\/v2\/types\/post"}],"author":[{"embeddable":true,"href":"https:\/\/lacerdaai.com\/br\/wp-json\/wp\/v2\/users\/1"}],"replies":[{"embeddable":true,"href":"https:\/\/lacerdaai.com\/br\/wp-json\/wp\/v2\/comments?post=3179"}],"version-history":[{"count":1,"href":"https:\/\/lacerdaai.com\/br\/wp-json\/wp\/v2\/posts\/3179\/revisions"}],"predecessor-version":[{"id":3180,"href":"https:\/\/lacerdaai.com\/br\/wp-json\/wp\/v2\/posts\/3179\/revisions\/3180"}],"wp:featuredmedia":[{"embeddable":true,"href":"https:\/\/lacerdaai.com\/br\/wp-json\/wp\/v2\/media\/3178"}],"wp:attachment":[{"href":"https:\/\/lacerdaai.com\/br\/wp-json\/wp\/v2\/media?parent=3179"}],"wp:term":[{"taxonomy":"category","embeddable":true,"href":"https:\/\/lacerdaai.com\/br\/wp-json\/wp\/v2\/categories?post=3179"},{"taxonomy":"post_tag","embeddable":true,"href":"https:\/\/lacerdaai.com\/br\/wp-json\/wp\/v2\/tags?post=3179"}],"curies":[{"name":"wp","href":"https:\/\/api.w.org\/{rel}","templated":true}]}}