{"id":3182,"date":"2026-01-14T00:42:51","date_gmt":"2026-01-14T03:42:51","guid":{"rendered":"https:\/\/lacerdaai.com\/br\/escandalos-digitais-e-a-ameaca-da-ia-quando-famosos-viram-alvo-de-conteudo-falso\/"},"modified":"2026-01-14T00:42:52","modified_gmt":"2026-01-14T03:42:52","slug":"escandalos-digitais-e-a-ameaca-da-ia-quando-famosos-viram-alvo-de-conteudo-falso","status":"publish","type":"post","link":"https:\/\/lacerdaai.com\/br\/escandalos-digitais-e-a-ameaca-da-ia-quando-famosos-viram-alvo-de-conteudo-falso\/","title":{"rendered":"Esc\u00e2ndalos Digitais e a Amea\u00e7a da IA: Quando Famosos Viram Alvo de Conte\u00fado Falso"},"content":{"rendered":"<p>A era digital, com toda a sua conectividade e inova\u00e7\u00e3o, nos trouxe ferramentas poderosas para a comunica\u00e7\u00e3o e a criatividade. Mas, como uma moeda de duas faces, ela tamb\u00e9m abriu portas para desafios sem precedentes, especialmente com o avan\u00e7o vertiginoso da intelig\u00eancia artificial. Recentemente, a internet foi palco de um fen\u00f4meno perturbador: imagens falsas e profundamente realistas de personalidades globais, como LeBron James, Dwayne \u201cThe Rock\u201d Johnson, o streamer iShowSpeed e at\u00e9 mesmo o l\u00edder pol\u00edtico Nicol\u00e1s Maduro, viralizaram em plataformas como o Instagram, supostamente envolvidos em cen\u00e1rios \u00edntimos com influenciadores criados por IA. Essas imagens, embora totalmente fabricadas, t\u00eam o poder de abalar reputa\u00e7\u00f5es, gerar manchetes e, mais gravemente, minar a confian\u00e7a do p\u00fablico no que \u00e9 real e no que \u00e9 artificial. \u00c9 um sintoma alarmante de como a tecnologia de ponta, nas m\u00e3os erradas, pode se transformar em uma arma potente. Neste artigo, vamos mergulhar fundo na ascens\u00e3o dessa nova forma de ataque digital, entender a tecnologia por tr\u00e1s dela e explorar as implica\u00e7\u00f5es para celebridades, criadores de conte\u00fado e, por que n\u00e3o, para todos n\u00f3s, que navegamos neste complexo mar digital.<\/p>\n<p>### <strong>Desinforma\u00e7\u00e3o Gerada por IA<\/strong>: A Nova Arma na Guerra da Reputa\u00e7\u00e3o Digital<\/p>\n<p>O termo <strong>Desinforma\u00e7\u00e3o Gerada por IA<\/strong> soa como algo sa\u00eddo de um filme de fic\u00e7\u00e3o cient\u00edfica, mas \u00e9 uma realidade muito presente e crescente. Antigamente, criar uma imagem falsa convincente exigia horas de trabalho de um designer gr\u00e1fico talentoso com softwares complexos. Hoje, a intelig\u00eancia artificial generativa, impulsionada por modelos como o DALL-E, Stable Diffusion e Midjourney, democratizou esse processo a ponto de qualquer pessoa com acesso a um computador e alguns comandos de texto poder criar cen\u00e1rios visuais hiper-realistas em quest\u00e3o de segundos. As imagens de LeBron James, The Rock e outras figuras p\u00fablicas, em situa\u00e7\u00f5es comprometedoras com modelos de IA, s\u00e3o um exemplo gritante desse poder. Elas n\u00e3o s\u00e3o apenas montagens grosseiras; s\u00e3o cria\u00e7\u00f5es sofisticadas que exploram vulnerabilidades da percep\u00e7\u00e3o humana e da nossa confian\u00e7a em representa\u00e7\u00f5es visuais.<\/p>\n<p>Essas representa\u00e7\u00f5es sint\u00e9ticas, muitas vezes impec\u00e1veis em detalhes, s\u00e3o criadas por algoritmos que aprenderam a partir de vastos bancos de dados de imagens reais. Eles conseguem replicar n\u00e3o apenas a apar\u00eancia de uma pessoa, mas tamb\u00e9m a ilumina\u00e7\u00e3o, texturas e at\u00e9 mesmo as nuances emocionais que tornam uma foto cr\u00edvel. O perigo reside exatamente a\u00ed: na capacidade de gerar uma \u201cverdade\u201d alternativa que, \u00e0 primeira vista, \u00e9 quase indistingu\u00edvel da realidade. E, quando essa \u201cverdade\u201d \u00e9 usada para difamar ou criar esc\u00e2ndalos, o impacto pode ser devastador. Celebridades, por estarem constantemente sob os holofotes, tornam-se alvos f\u00e1ceis e de alto impacto, pois o p\u00fablico est\u00e1 naturalmente predisposto a consumir not\u00edcias sobre suas vidas, independentemente da veracidade.<\/p>\n<p>A dissemina\u00e7\u00e3o dessa <strong>Desinforma\u00e7\u00e3o Gerada por IA<\/strong> \u00e9 potencializada pelas redes sociais. Plataformas como o Instagram, com sua \u00eanfase visual e a velocidade com que o conte\u00fado \u00e9 compartilhado, criam um ambiente f\u00e9rtil para a viraliza\u00e7\u00e3o de tais imagens. Em minutos, um conte\u00fado malicioso pode alcan\u00e7ar milh\u00f5es de pessoas, moldando percep\u00e7\u00f5es e gerando debates baseados em algo que nunca existiu. O anonimato, ou pseud\u00f4nimo, que muitos usu\u00e1rios desfrutam nas redes sociais, tamb\u00e9m encoraja a cria\u00e7\u00e3o e o compartilhamento de conte\u00fado difamat\u00f3rio sem as consequ\u00eancias imediatas que teriam no mundo offline. Estamos presenciando uma escalada na capacidade de manipular a realidade a tal ponto que a \u201cp\u00f3s-verdade\u201d n\u00e3o \u00e9 mais apenas uma quest\u00e3o de interpreta\u00e7\u00e3o de fatos, mas sim da pr\u00f3pria fabrica\u00e7\u00e3o de \u201cfatos\u201d por meio da tecnologia.<\/p>\n<p>### O Fen\u00f4meno dos Influenciadores de IA e o Limite da \u00c9tica<\/p>\n<p>O surgimento dos influenciadores de IA por si s\u00f3 j\u00e1 \u00e9 um fen\u00f4meno fascinante e controverso. Personagens como Lil Miquela, Lu do Magalu ou Shudu Gram conquistaram milh\u00f5es de seguidores, parcerias com grandes marcas e at\u00e9 mesmo participa\u00e7\u00f5es em eventos de moda e m\u00fasica. Eles s\u00e3o criados por algoritmos e designers digitais para personificar ideais de beleza, estilo ou um estilo de vida aspiracional, oferecendo uma forma de branding e marketing inovadora. No entanto, o uso desses avatares digitais para criar cen\u00e1rios sexuais com figuras p\u00fablicas eleva a discuss\u00e3o a um patamar completamente diferente, borrando perigosamente as linhas entre a inova\u00e7\u00e3o tecnol\u00f3gica e a explora\u00e7\u00e3o maliciosa. A quest\u00e3o n\u00e3o \u00e9 mais se a IA pode ser criativa, mas sim se ela pode ser usada para difamar e prejudicar indiv\u00edduos reais sem consentimento.<\/p>\n<p>A \u00e9tica por tr\u00e1s da cria\u00e7\u00e3o e dissemina\u00e7\u00e3o dessas imagens \u00e9 um campo minado. Onde est\u00e1 o limite da liberdade de express\u00e3o quando essa express\u00e3o \u00e9 gerada artificialmente para denegrir a imagem de algu\u00e9m? As v\u00edtimas dessas manipula\u00e7\u00f5es enfrentam n\u00e3o apenas o constrangimento p\u00fablico, mas tamb\u00e9m o dif\u00edcil e muitas vezes infrut\u00edfero trabalho de provar que as imagens s\u00e3o falsas, uma tarefa que se torna cada vez mais complexa \u00e0 medida que a IA se aprimora. A reputa\u00e7\u00e3o, tanto pessoal quanto profissional, pode ser gravemente afetada, e a recupera\u00e7\u00e3o pode levar anos, ou ser imposs\u00edvel. Al\u00e9m disso, essa pr\u00e1tica lan\u00e7a uma sombra sobre toda a ind\u00fastria de influenciadores de IA, que tem o potencial de ser uma ferramenta criativa e positiva, mas que agora \u00e9 manchada por associa\u00e7\u00f5es com esc\u00e2ndalos e cal\u00fanias.<\/p>\n<p>\u00c9 crucial diferenciar entre a cria\u00e7\u00e3o de arte e entretenimento com IA, que pode ser inofensiva e at\u00e9 mesmo inspiradora, e a gera\u00e7\u00e3o de conte\u00fado falso com inten\u00e7\u00e3o maliciosa. Quando influenciadores de IA s\u00e3o instrumentalizados para simular esc\u00e2ndalos sexuais, eles deixam de ser personagens fict\u00edcios inofensivos e se tornam ferramentas de difama\u00e7\u00e3o. Este cen\u00e1rio levanta quest\u00f5es urgentes sobre a responsabilidade dos criadores de IA, das plataformas que hospedam esses conte\u00fados e dos pr\u00f3prios usu\u00e1rios que os compartilham. A aus\u00eancia de um marco regulat\u00f3rio claro e a natureza global da internet tornam a tarefa de combater essa forma de cal\u00fania digital ainda mais desafiadora, exigindo uma reflex\u00e3o profunda sobre os valores \u00e9ticos que devem guiar o desenvolvimento e o uso da intelig\u00eancia artificial.<\/p>\n<p>### Navegando na Tempestade Digital: Desafios e Solu\u00e7\u00f5es<\/p>\n<p>Combater a crescente onda de <strong>Desinforma\u00e7\u00e3o Gerada por IA<\/strong> \u00e9 um dos maiores desafios da nossa era digital. A velocidade com que essas imagens falsas s\u00e3o criadas e se espalham supera em muito a capacidade das plataformas e das autoridades de reagir. As plataformas de m\u00eddia social, como o Instagram, est\u00e3o em uma corrida constante para desenvolver e implementar tecnologias de detec\u00e7\u00e3o de IA e pol\u00edticas de modera\u00e7\u00e3o de conte\u00fado mais robustas. No entanto, \u00e0 medida que a IA generativa se torna mais sofisticada, as ferramentas de detec\u00e7\u00e3o precisam ser igualmente avan\u00e7adas, criando um ciclo cont\u00ednuo de aprimoramento em ambos os lados.<\/p>\n<p>Para as v\u00edtimas, o processo de retifica\u00e7\u00e3o \u00e9 muitas vezes desgastante e ineficaz. Remover conte\u00fado viralizado da internet \u00e9 como tentar pegar fuma\u00e7a: mesmo que uma imagem seja tirada de uma plataforma, ela pode ressurgir em outra ou em f\u00f3runs menos regulados. Isso destaca a necessidade de mecanismos legais mais \u00e1geis e eficazes para lidar com difama\u00e7\u00e3o digital, que muitas vezes n\u00e3o acompanham o ritmo da tecnologia. A legisla\u00e7\u00e3o em muitos pa\u00edses ainda est\u00e1 se adaptando \u00e0 realidade da internet, e a aplica\u00e7\u00e3o de leis de cal\u00fania e difama\u00e7\u00e3o a conte\u00fados gerados por IA apresenta complexidades jur\u00eddicas sem precedentes. Quem \u00e9 o respons\u00e1vel legal quando a IA cria a imagem e um usu\u00e1rio a dissemina?<\/p>\n<p>Entretanto, h\u00e1 esperan\u00e7a no horizonte. Uma das solu\u00e7\u00f5es mais promissoras \u00e9 o desenvolvimento de tecnologias de \u201cmarca d&#8217;\u00e1gua digital\u201d invis\u00edvel ou metadados incorporados nas imagens geradas por IA. Isso permitiria que as plataformas e o p\u00fablico verificassem a autenticidade de uma imagem, indicando se ela foi criada por IA. Iniciativas como o C2PA (Coalition for Content Provenance and Authenticity) buscam criar um padr\u00e3o global para essa proveni\u00eancia de conte\u00fado. Al\u00e9m disso, a educa\u00e7\u00e3o digital e a alfabetiza\u00e7\u00e3o midi\u00e1tica s\u00e3o ferramentas essenciais. Ensinar as pessoas a questionar a fonte de uma imagem, a identificar sinais de manipula\u00e7\u00e3o e a pensar criticamente antes de compartilhar \u00e9 fundamental para construir uma sociedade mais resistente \u00e0 desinforma\u00e7\u00e3o. O investimento em pesquisa e desenvolvimento de IA para detec\u00e7\u00e3o de deepfakes e outras formas de conte\u00fado sint\u00e9tico tamb\u00e9m \u00e9 crucial, com a IA sendo usada para combater os problemas que ela mesma pode criar.<\/p>\n<p>Em \u00faltima an\u00e1lise, a batalha contra a <strong>Desinforma\u00e7\u00e3o Gerada por IA<\/strong> n\u00e3o \u00e9 apenas tecnol\u00f3gica, mas tamb\u00e9m social e \u00e9tica. Requer uma colabora\u00e7\u00e3o multifacetada entre governos, empresas de tecnologia, institui\u00e7\u00f5es acad\u00eamicas e a sociedade civil. \u00c9 um apelo \u00e0 responsabilidade no desenvolvimento da IA, \u00e0 transpar\u00eancia no uso e \u00e0 vigil\u00e2ncia constante por parte de todos n\u00f3s que consumimos e criamos conte\u00fado digital. Somente assim poderemos proteger a integridade da informa\u00e7\u00e3o e a dignidade das pessoas na era da intelig\u00eancia artificial.<\/p>\n<p>### Conclus\u00e3o: Navegando no Labirinto da Realidade Digital<\/p>\n<p>A ascens\u00e3o da intelig\u00eancia artificial generativa trouxe consigo um poder sem precedentes, capaz de replicar e at\u00e9 mesmo criar realidades visuais com uma fidelidade impressionante. No entanto, como vimos, essa mesma capacidade pode ser distorcida para fins maliciosos, gerando <strong>Desinforma\u00e7\u00e3o Gerada por IA<\/strong> que amea\u00e7a reputa\u00e7\u00f5es e dilui a fronteira entre o real e o fabricado. Os esc\u00e2ndalos envolvendo figuras p\u00fablicas e influenciadores de IA s\u00e3o apenas um vislumbre do potencial destrutivo dessa tecnologia quando desprovida de \u00e9tica e responsabilidade. O desafio \u00e9 imenso, mas a necessidade de enfrent\u00e1-lo \u00e9 urgente. Precisamos de uma abordagem proativa que combine avan\u00e7os tecnol\u00f3gicos em detec\u00e7\u00e3o, legisla\u00e7\u00e3o adaptada e uma forte campanha de educa\u00e7\u00e3o para o letramento digital, capacitando os usu\u00e1rios a discernir a verdade em um cen\u00e1rio cada vez mais complexo.<\/p>\n<p>O futuro da internet e da nossa percep\u00e7\u00e3o da realidade depender\u00e1 em grande parte de como lidaremos com essa nova era de conte\u00fado sint\u00e9tico. \u00c9 um momento de reflex\u00e3o profunda sobre os valores que queremos preservar na sociedade digital. Como entusiasta da IA e redator, acredito firmemente no potencial transformador e positivo dessa tecnologia. Mas \u00e9 imperativo que o seu desenvolvimento e aplica\u00e7\u00e3o sejam guiados por princ\u00edpios \u00e9ticos e um compromisso inabal\u00e1vel com a verdade e a integridade. A luta contra a desinforma\u00e7\u00e3o \u00e9 uma batalha cont\u00ednua, e a vigil\u00e2ncia coletiva ser\u00e1 a nossa melhor defesa contra a manipula\u00e7\u00e3o da realidade que a IA, de forma inadvertida ou intencional, pode nos apresentar.<\/p>\n","protected":false},"excerpt":{"rendered":"<p>A era digital, com toda a sua conectividade e inova\u00e7\u00e3o, nos trouxe ferramentas poderosas para a comunica\u00e7\u00e3o e a criatividade. Mas, como uma moeda de duas faces, ela tamb\u00e9m abriu portas para desafios sem precedentes, especialmente com o avan\u00e7o vertiginoso da intelig\u00eancia artificial. Recentemente, a internet foi palco de um fen\u00f4meno perturbador: imagens falsas e [&hellip;]<\/p>\n","protected":false},"author":1,"featured_media":3181,"comment_status":"open","ping_status":"open","sticky":false,"template":"","format":"standard","meta":{"_yoast_wpseo_focuskw":"Desinforma\u00e7\u00e3o Gerada por IA","_yoast_wpseo_metadesc":"Explore como a desinforma\u00e7\u00e3o gerada por IA est\u00e1 sendo usada para criar esc\u00e2ndalos falsos envolvendo celebridades e o impacto na reputa\u00e7\u00e3o digital. Entenda os desafios e solu\u00e7\u00f5es para combater essa nova onda de ataques virtuais.","footnotes":""},"categories":[2],"tags":[],"class_list":["post-3182","post","type-post","status-publish","format-standard","has-post-thumbnail","hentry","category-novidades"],"yoast_head":"<!-- This site is optimized with the Yoast SEO plugin v25.6 - https:\/\/yoast.com\/wordpress\/plugins\/seo\/ -->\n<title>Esc\u00e2ndalos Digitais e a Amea\u00e7a da IA: Quando Famosos Viram Alvo de Conte\u00fado Falso - Lacerda AI<\/title>\n<meta name=\"description\" content=\"Explore como a desinforma\u00e7\u00e3o gerada por IA est\u00e1 sendo usada para criar esc\u00e2ndalos falsos envolvendo celebridades e o impacto na reputa\u00e7\u00e3o digital. Entenda os desafios e solu\u00e7\u00f5es para combater essa nova onda de ataques virtuais.\" \/>\n<meta name=\"robots\" content=\"index, follow, max-snippet:-1, max-image-preview:large, max-video-preview:-1\" \/>\n<link rel=\"canonical\" href=\"https:\/\/lacerdaai.com\/br\/escandalos-digitais-e-a-ameaca-da-ia-quando-famosos-viram-alvo-de-conteudo-falso\/\" \/>\n<meta property=\"og:locale\" content=\"pt_BR\" \/>\n<meta property=\"og:type\" content=\"article\" \/>\n<meta property=\"og:title\" content=\"Esc\u00e2ndalos Digitais e a Amea\u00e7a da IA: Quando Famosos Viram Alvo de Conte\u00fado Falso - Lacerda AI\" \/>\n<meta property=\"og:description\" content=\"Explore como a desinforma\u00e7\u00e3o gerada por IA est\u00e1 sendo usada para criar esc\u00e2ndalos falsos envolvendo celebridades e o impacto na reputa\u00e7\u00e3o digital. Entenda os desafios e solu\u00e7\u00f5es para combater essa nova onda de ataques virtuais.\" \/>\n<meta property=\"og:url\" content=\"https:\/\/lacerdaai.com\/br\/escandalos-digitais-e-a-ameaca-da-ia-quando-famosos-viram-alvo-de-conteudo-falso\/\" \/>\n<meta property=\"og:site_name\" content=\"Lacerda AI\" \/>\n<meta property=\"article:published_time\" content=\"2026-01-14T03:42:51+00:00\" \/>\n<meta property=\"article:modified_time\" content=\"2026-01-14T03:42:52+00:00\" \/>\n<meta name=\"author\" content=\"Andr\u00e9 Lacerda\" \/>\n<meta name=\"twitter:card\" content=\"summary_large_image\" \/>\n<meta name=\"twitter:label1\" content=\"Escrito por\" \/>\n\t<meta name=\"twitter:data1\" content=\"Andr\u00e9 Lacerda\" \/>\n\t<meta name=\"twitter:label2\" content=\"Est. tempo de leitura\" \/>\n\t<meta name=\"twitter:data2\" content=\"9 minutos\" \/>\n<script type=\"application\/ld+json\" class=\"yoast-schema-graph\">{\"@context\":\"https:\/\/schema.org\",\"@graph\":[{\"@type\":\"WebPage\",\"@id\":\"https:\/\/lacerdaai.com\/br\/escandalos-digitais-e-a-ameaca-da-ia-quando-famosos-viram-alvo-de-conteudo-falso\/\",\"url\":\"https:\/\/lacerdaai.com\/br\/escandalos-digitais-e-a-ameaca-da-ia-quando-famosos-viram-alvo-de-conteudo-falso\/\",\"name\":\"Esc\u00e2ndalos Digitais e a Amea\u00e7a da IA: Quando Famosos Viram Alvo de Conte\u00fado Falso - Lacerda AI\",\"isPartOf\":{\"@id\":\"https:\/\/lacerdaai.com\/br\/#website\"},\"primaryImageOfPage\":{\"@id\":\"https:\/\/lacerdaai.com\/br\/escandalos-digitais-e-a-ameaca-da-ia-quando-famosos-viram-alvo-de-conteudo-falso\/#primaryimage\"},\"image\":{\"@id\":\"https:\/\/lacerdaai.com\/br\/escandalos-digitais-e-a-ameaca-da-ia-quando-famosos-viram-alvo-de-conteudo-falso\/#primaryimage\"},\"thumbnailUrl\":\"https:\/\/lacerdaai.com\/br\/wp-content\/uploads\/2026\/01\/imagem-8.png\",\"datePublished\":\"2026-01-14T03:42:51+00:00\",\"dateModified\":\"2026-01-14T03:42:52+00:00\",\"author\":{\"@id\":\"https:\/\/lacerdaai.com\/br\/#\/schema\/person\/8bad803c2e83a0c5c5c75e02a1c2248f\"},\"description\":\"Explore como a desinforma\u00e7\u00e3o gerada por IA est\u00e1 sendo usada para criar esc\u00e2ndalos falsos envolvendo celebridades e o impacto na reputa\u00e7\u00e3o digital. Entenda os desafios e solu\u00e7\u00f5es para combater essa nova onda de ataques virtuais.\",\"breadcrumb\":{\"@id\":\"https:\/\/lacerdaai.com\/br\/escandalos-digitais-e-a-ameaca-da-ia-quando-famosos-viram-alvo-de-conteudo-falso\/#breadcrumb\"},\"inLanguage\":\"pt-BR\",\"potentialAction\":[{\"@type\":\"ReadAction\",\"target\":[\"https:\/\/lacerdaai.com\/br\/escandalos-digitais-e-a-ameaca-da-ia-quando-famosos-viram-alvo-de-conteudo-falso\/\"]}]},{\"@type\":\"ImageObject\",\"inLanguage\":\"pt-BR\",\"@id\":\"https:\/\/lacerdaai.com\/br\/escandalos-digitais-e-a-ameaca-da-ia-quando-famosos-viram-alvo-de-conteudo-falso\/#primaryimage\",\"url\":\"https:\/\/lacerdaai.com\/br\/wp-content\/uploads\/2026\/01\/imagem-8.png\",\"contentUrl\":\"https:\/\/lacerdaai.com\/br\/wp-content\/uploads\/2026\/01\/imagem-8.png\",\"width\":1200,\"height\":792},{\"@type\":\"BreadcrumbList\",\"@id\":\"https:\/\/lacerdaai.com\/br\/escandalos-digitais-e-a-ameaca-da-ia-quando-famosos-viram-alvo-de-conteudo-falso\/#breadcrumb\",\"itemListElement\":[{\"@type\":\"ListItem\",\"position\":1,\"name\":\"In\u00edcio\",\"item\":\"https:\/\/lacerdaai.com\/br\/\"},{\"@type\":\"ListItem\",\"position\":2,\"name\":\"Esc\u00e2ndalos Digitais e a Amea\u00e7a da IA: Quando Famosos Viram Alvo de Conte\u00fado Falso\"}]},{\"@type\":\"WebSite\",\"@id\":\"https:\/\/lacerdaai.com\/br\/#website\",\"url\":\"https:\/\/lacerdaai.com\/br\/\",\"name\":\"Lacerda AI\",\"description\":\"Seu blog di\u00e1rio de novidades do mundo da Inteligencia Artificial\",\"potentialAction\":[{\"@type\":\"SearchAction\",\"target\":{\"@type\":\"EntryPoint\",\"urlTemplate\":\"https:\/\/lacerdaai.com\/br\/?s={search_term_string}\"},\"query-input\":{\"@type\":\"PropertyValueSpecification\",\"valueRequired\":true,\"valueName\":\"search_term_string\"}}],\"inLanguage\":\"pt-BR\"},{\"@type\":\"Person\",\"@id\":\"https:\/\/lacerdaai.com\/br\/#\/schema\/person\/8bad803c2e83a0c5c5c75e02a1c2248f\",\"name\":\"Andr\u00e9 Lacerda\",\"image\":{\"@type\":\"ImageObject\",\"inLanguage\":\"pt-BR\",\"@id\":\"https:\/\/lacerdaai.com\/br\/#\/schema\/person\/image\/\",\"url\":\"https:\/\/secure.gravatar.com\/avatar\/f5c1fa5ad9763f54c1f223c3fc91f131da6288c9f9e28d74bb3c355ad99af205?s=96&d=mm&r=g\",\"contentUrl\":\"https:\/\/secure.gravatar.com\/avatar\/f5c1fa5ad9763f54c1f223c3fc91f131da6288c9f9e28d74bb3c355ad99af205?s=96&d=mm&r=g\",\"caption\":\"Andr\u00e9 Lacerda\"},\"description\":\"Sou o Andr\u00e9 Lacerda, tenho 35 anos e sou apaixonado por tecnologia, intelig\u00eancia artificial e boas hist\u00f3rias. Me formei em Tecnologia e Jornalismo \u2014 sim, uma mistura meio improv\u00e1vel, mas que combina muito comigo. J\u00e1 morei no Canad\u00e1 e na Espanha, e essas experi\u00eancias me ajudaram a enxergar a inova\u00e7\u00e3o com um olhar mais global (e a me virar bem em tr\u00eas idiomas \ud83d\ude04). Trabalhei em algumas das maiores empresas de tecnologia do mercado e, hoje, atuo como consultor ajudando neg\u00f3cios a entenderem e aplicarem IA de forma pr\u00e1tica, estrat\u00e9gica e humana. Gosto de traduzir o complexo em algo simples \u2014 e \u00e9 isso que voc\u00ea vai encontrar por aqui.\",\"sameAs\":[\"http:\/\/lacerdaai.com\/br\"],\"url\":\"https:\/\/lacerdaai.com\/br\/author\/red-admin\/\"}]}<\/script>\n<!-- \/ Yoast SEO plugin. -->","yoast_head_json":{"title":"Esc\u00e2ndalos Digitais e a Amea\u00e7a da IA: Quando Famosos Viram Alvo de Conte\u00fado Falso - Lacerda AI","description":"Explore como a desinforma\u00e7\u00e3o gerada por IA est\u00e1 sendo usada para criar esc\u00e2ndalos falsos envolvendo celebridades e o impacto na reputa\u00e7\u00e3o digital. Entenda os desafios e solu\u00e7\u00f5es para combater essa nova onda de ataques virtuais.","robots":{"index":"index","follow":"follow","max-snippet":"max-snippet:-1","max-image-preview":"max-image-preview:large","max-video-preview":"max-video-preview:-1"},"canonical":"https:\/\/lacerdaai.com\/br\/escandalos-digitais-e-a-ameaca-da-ia-quando-famosos-viram-alvo-de-conteudo-falso\/","og_locale":"pt_BR","og_type":"article","og_title":"Esc\u00e2ndalos Digitais e a Amea\u00e7a da IA: Quando Famosos Viram Alvo de Conte\u00fado Falso - Lacerda AI","og_description":"Explore como a desinforma\u00e7\u00e3o gerada por IA est\u00e1 sendo usada para criar esc\u00e2ndalos falsos envolvendo celebridades e o impacto na reputa\u00e7\u00e3o digital. Entenda os desafios e solu\u00e7\u00f5es para combater essa nova onda de ataques virtuais.","og_url":"https:\/\/lacerdaai.com\/br\/escandalos-digitais-e-a-ameaca-da-ia-quando-famosos-viram-alvo-de-conteudo-falso\/","og_site_name":"Lacerda AI","article_published_time":"2026-01-14T03:42:51+00:00","article_modified_time":"2026-01-14T03:42:52+00:00","author":"Andr\u00e9 Lacerda","twitter_card":"summary_large_image","twitter_misc":{"Escrito por":"Andr\u00e9 Lacerda","Est. tempo de leitura":"9 minutos"},"schema":{"@context":"https:\/\/schema.org","@graph":[{"@type":"WebPage","@id":"https:\/\/lacerdaai.com\/br\/escandalos-digitais-e-a-ameaca-da-ia-quando-famosos-viram-alvo-de-conteudo-falso\/","url":"https:\/\/lacerdaai.com\/br\/escandalos-digitais-e-a-ameaca-da-ia-quando-famosos-viram-alvo-de-conteudo-falso\/","name":"Esc\u00e2ndalos Digitais e a Amea\u00e7a da IA: Quando Famosos Viram Alvo de Conte\u00fado Falso - Lacerda AI","isPartOf":{"@id":"https:\/\/lacerdaai.com\/br\/#website"},"primaryImageOfPage":{"@id":"https:\/\/lacerdaai.com\/br\/escandalos-digitais-e-a-ameaca-da-ia-quando-famosos-viram-alvo-de-conteudo-falso\/#primaryimage"},"image":{"@id":"https:\/\/lacerdaai.com\/br\/escandalos-digitais-e-a-ameaca-da-ia-quando-famosos-viram-alvo-de-conteudo-falso\/#primaryimage"},"thumbnailUrl":"https:\/\/lacerdaai.com\/br\/wp-content\/uploads\/2026\/01\/imagem-8.png","datePublished":"2026-01-14T03:42:51+00:00","dateModified":"2026-01-14T03:42:52+00:00","author":{"@id":"https:\/\/lacerdaai.com\/br\/#\/schema\/person\/8bad803c2e83a0c5c5c75e02a1c2248f"},"description":"Explore como a desinforma\u00e7\u00e3o gerada por IA est\u00e1 sendo usada para criar esc\u00e2ndalos falsos envolvendo celebridades e o impacto na reputa\u00e7\u00e3o digital. Entenda os desafios e solu\u00e7\u00f5es para combater essa nova onda de ataques virtuais.","breadcrumb":{"@id":"https:\/\/lacerdaai.com\/br\/escandalos-digitais-e-a-ameaca-da-ia-quando-famosos-viram-alvo-de-conteudo-falso\/#breadcrumb"},"inLanguage":"pt-BR","potentialAction":[{"@type":"ReadAction","target":["https:\/\/lacerdaai.com\/br\/escandalos-digitais-e-a-ameaca-da-ia-quando-famosos-viram-alvo-de-conteudo-falso\/"]}]},{"@type":"ImageObject","inLanguage":"pt-BR","@id":"https:\/\/lacerdaai.com\/br\/escandalos-digitais-e-a-ameaca-da-ia-quando-famosos-viram-alvo-de-conteudo-falso\/#primaryimage","url":"https:\/\/lacerdaai.com\/br\/wp-content\/uploads\/2026\/01\/imagem-8.png","contentUrl":"https:\/\/lacerdaai.com\/br\/wp-content\/uploads\/2026\/01\/imagem-8.png","width":1200,"height":792},{"@type":"BreadcrumbList","@id":"https:\/\/lacerdaai.com\/br\/escandalos-digitais-e-a-ameaca-da-ia-quando-famosos-viram-alvo-de-conteudo-falso\/#breadcrumb","itemListElement":[{"@type":"ListItem","position":1,"name":"In\u00edcio","item":"https:\/\/lacerdaai.com\/br\/"},{"@type":"ListItem","position":2,"name":"Esc\u00e2ndalos Digitais e a Amea\u00e7a da IA: Quando Famosos Viram Alvo de Conte\u00fado Falso"}]},{"@type":"WebSite","@id":"https:\/\/lacerdaai.com\/br\/#website","url":"https:\/\/lacerdaai.com\/br\/","name":"Lacerda AI","description":"Seu blog di\u00e1rio de novidades do mundo da Inteligencia Artificial","potentialAction":[{"@type":"SearchAction","target":{"@type":"EntryPoint","urlTemplate":"https:\/\/lacerdaai.com\/br\/?s={search_term_string}"},"query-input":{"@type":"PropertyValueSpecification","valueRequired":true,"valueName":"search_term_string"}}],"inLanguage":"pt-BR"},{"@type":"Person","@id":"https:\/\/lacerdaai.com\/br\/#\/schema\/person\/8bad803c2e83a0c5c5c75e02a1c2248f","name":"Andr\u00e9 Lacerda","image":{"@type":"ImageObject","inLanguage":"pt-BR","@id":"https:\/\/lacerdaai.com\/br\/#\/schema\/person\/image\/","url":"https:\/\/secure.gravatar.com\/avatar\/f5c1fa5ad9763f54c1f223c3fc91f131da6288c9f9e28d74bb3c355ad99af205?s=96&d=mm&r=g","contentUrl":"https:\/\/secure.gravatar.com\/avatar\/f5c1fa5ad9763f54c1f223c3fc91f131da6288c9f9e28d74bb3c355ad99af205?s=96&d=mm&r=g","caption":"Andr\u00e9 Lacerda"},"description":"Sou o Andr\u00e9 Lacerda, tenho 35 anos e sou apaixonado por tecnologia, intelig\u00eancia artificial e boas hist\u00f3rias. Me formei em Tecnologia e Jornalismo \u2014 sim, uma mistura meio improv\u00e1vel, mas que combina muito comigo. J\u00e1 morei no Canad\u00e1 e na Espanha, e essas experi\u00eancias me ajudaram a enxergar a inova\u00e7\u00e3o com um olhar mais global (e a me virar bem em tr\u00eas idiomas \ud83d\ude04). Trabalhei em algumas das maiores empresas de tecnologia do mercado e, hoje, atuo como consultor ajudando neg\u00f3cios a entenderem e aplicarem IA de forma pr\u00e1tica, estrat\u00e9gica e humana. Gosto de traduzir o complexo em algo simples \u2014 e \u00e9 isso que voc\u00ea vai encontrar por aqui.","sameAs":["http:\/\/lacerdaai.com\/br"],"url":"https:\/\/lacerdaai.com\/br\/author\/red-admin\/"}]}},"_links":{"self":[{"href":"https:\/\/lacerdaai.com\/br\/wp-json\/wp\/v2\/posts\/3182","targetHints":{"allow":["GET"]}}],"collection":[{"href":"https:\/\/lacerdaai.com\/br\/wp-json\/wp\/v2\/posts"}],"about":[{"href":"https:\/\/lacerdaai.com\/br\/wp-json\/wp\/v2\/types\/post"}],"author":[{"embeddable":true,"href":"https:\/\/lacerdaai.com\/br\/wp-json\/wp\/v2\/users\/1"}],"replies":[{"embeddable":true,"href":"https:\/\/lacerdaai.com\/br\/wp-json\/wp\/v2\/comments?post=3182"}],"version-history":[{"count":1,"href":"https:\/\/lacerdaai.com\/br\/wp-json\/wp\/v2\/posts\/3182\/revisions"}],"predecessor-version":[{"id":3183,"href":"https:\/\/lacerdaai.com\/br\/wp-json\/wp\/v2\/posts\/3182\/revisions\/3183"}],"wp:featuredmedia":[{"embeddable":true,"href":"https:\/\/lacerdaai.com\/br\/wp-json\/wp\/v2\/media\/3181"}],"wp:attachment":[{"href":"https:\/\/lacerdaai.com\/br\/wp-json\/wp\/v2\/media?parent=3182"}],"wp:term":[{"taxonomy":"category","embeddable":true,"href":"https:\/\/lacerdaai.com\/br\/wp-json\/wp\/v2\/categories?post=3182"},{"taxonomy":"post_tag","embeddable":true,"href":"https:\/\/lacerdaai.com\/br\/wp-json\/wp\/v2\/tags?post=3182"}],"curies":[{"name":"wp","href":"https:\/\/api.w.org\/{rel}","templated":true}]}}