{"id":3194,"date":"2026-01-14T16:43:00","date_gmt":"2026-01-14T19:43:00","guid":{"rendered":"https:\/\/lacerdaai.com\/br\/da-realidade-virtual-a-inteligencia-artificial-a-grande-reorientacao-da-meta\/"},"modified":"2026-01-14T16:43:01","modified_gmt":"2026-01-14T19:43:01","slug":"da-realidade-virtual-a-inteligencia-artificial-a-grande-reorientacao-da-meta","status":"publish","type":"post","link":"https:\/\/lacerdaai.com\/br\/da-realidade-virtual-a-inteligencia-artificial-a-grande-reorientacao-da-meta\/","title":{"rendered":"Da Realidade Virtual \u00e0 Intelig\u00eancia Artificial: A Grande Reorienta\u00e7\u00e3o da Meta"},"content":{"rendered":"<p>Em um movimento que sinaliza uma profunda reorienta\u00e7\u00e3o estrat\u00e9gica, a Meta Platforms, gigante por tr\u00e1s de Facebook, Instagram e WhatsApp, iniciou um novo ciclo de demiss\u00f5es. Desta vez, o epicentro das mudan\u00e7as est\u00e1 no Reality Labs, a divis\u00e3o respons\u00e1vel pelo desenvolvimento do metaverso e de dispositivos de realidade virtual e aumentada. A not\u00edcia, que abalou a equipe da Bloomberg News ao revisar uma comunica\u00e7\u00e3o interna do CTO Andrew Bosworth, revela que aproximadamente 10% dos 15.000 funcion\u00e1rios do Reality Labs ser\u00e3o afetados, o que representa cerca de 1.500 profissionais. Mas o que realmente impulsiona essa decis\u00e3o? \u00c9 a ascens\u00e3o mete\u00f3rica da Intelig\u00eancia Artificial e a necessidade da Meta de garantir seu lugar na linha de frente dessa nova era tecnol\u00f3gica.<\/p>\n<p>Este n\u00e3o \u00e9 apenas um ajuste financeiro; \u00e9 uma declara\u00e7\u00e3o clara de que, embora o metaverso continue sendo uma aposta de longo prazo para a Meta, o presente e o futuro pr\u00f3ximo exigem um intenso <strong>foco da Meta em IA<\/strong>. A empresa est\u00e1 realocando recursos e talentos de forma agressiva para competir no cen\u00e1rio cada vez mais acirrado da intelig\u00eancia artificial generativa e seus dispositivos associados. Mas para entender a magnitude dessa guinada, precisamos revisitar a jornada da Meta at\u00e9 aqui.<\/p>\n<h3>O Sonho Bilion\u00e1rio do Metaverso e Seus Desafios<\/h3>\n<p>H\u00e1 poucos anos, Mark Zuckerberg era o evangelista mais fervoroso do metaverso, a vis\u00e3o de um universo virtual imersivo onde as pessoas poderiam trabalhar, socializar e se entreter. A ambi\u00e7\u00e3o era construir a pr\u00f3xima plataforma computacional, sucedendo a internet m\u00f3vel. Para isso, a empresa n\u00e3o poupou esfor\u00e7os nem bilh\u00f5es. O Reality Labs, rebatizado em 2021, viu investimentos astron\u00f4micos, ultrapassando dezenas de bilh\u00f5es de d\u00f3lares anualmente. A ideia era criar um ecossistema completo, com headsets de realidade virtual (Oculus\/Quest), avatares personaliz\u00e1veis e o mundo virtual Horizon Worlds.<\/p>\n<p>No entanto, a realidade do metaverso se mostrou mais complexa e cara do que o previsto. Apesar dos avan\u00e7os tecnol\u00f3gicos nos headsets Quest, a ado\u00e7\u00e3o em massa e a cria\u00e7\u00e3o de experi\u00eancias verdadeiramente envolventes no Horizon Worlds foram lentas. Muitos usu\u00e1rios relataram interfaces pouco intuitivas, gr\u00e1ficos aqu\u00e9m das expectativas e uma escassez de atividades que justificassem a imers\u00e3o di\u00e1ria. Economicamente, o Reality Labs se tornou um dreno financeiro substancial, com perdas operacionais acumuladas na casa das dezenas de bilh\u00f5es de d\u00f3lares, levantando questionamentos entre investidores e analistas sobre o retorno do investimento a longo prazo. A vis\u00e3o futurista de Zuckerberg colidia com os desafios pr\u00e1ticos de construir um universo digital do zero, com poucas aplica\u00e7\u00f5es que realmente ressoassem com o p\u00fablico geral de forma imediata.<\/p>\n<h3><strong>Foco da Meta em IA<\/strong>: Uma Reorienta\u00e7\u00e3o Necess\u00e1ria?<\/h3>\n<p>Enquanto o metaverso buscava seu lugar no futuro, a Intelig\u00eancia Artificial explodia no presente. A virada do ano de 2022 para 2023 marcou a ascens\u00e3o mete\u00f3rica da IA generativa, com o ChatGPT e outras ferramentas de texto e imagem transformando a percep\u00e7\u00e3o p\u00fablica sobre o que as m\u00e1quinas s\u00e3o capazes de fazer. De repente, a IA n\u00e3o era mais uma tecnologia distante, mas uma ferramenta poderosa, acess\u00edvel e com aplica\u00e7\u00f5es pr\u00e1ticas imediatas para milh\u00f5es de pessoas. A corrida pela lideran\u00e7a em IA se intensificou, e a Meta, com sua vasta base de dados e expertise em aprendizado de m\u00e1quina, n\u00e3o poderia ficar para tr\u00e1s.<\/p>\n<p>O <strong>foco da Meta em IA<\/strong> n\u00e3o \u00e9 algo novo, mas sua intensifica\u00e7\u00e3o e prioriza\u00e7\u00e3o atual representam uma mudan\u00e7a de marcha significativa. A empresa sempre utilizou IA para otimizar seus feeds de not\u00edcias, publicidade direcionada e modera\u00e7\u00e3o de conte\u00fado. No entanto, o cen\u00e1rio atual exige mais. A Meta est\u00e1 investindo pesadamente em modelos de linguagem grandes (LLMs), como a fam\u00edlia Llama, que s\u00e3o desenvolvidos com uma abordagem de c\u00f3digo aberto, contrastando com a estrat\u00e9gia mais fechada de concorrentes como OpenAI e Google. Essa escolha estrat\u00e9gica visa democratizar o acesso \u00e0 IA e fomentar um ecossistema de desenvolvedores que pode, em \u00faltima inst\u00e2ncia, beneficiar a pr\u00f3pria Meta.<\/p>\n<p>A estrat\u00e9gia de intelig\u00eancia artificial da Meta abrange diversas frentes: desde a cria\u00e7\u00e3o de assistentes de IA avan\u00e7ados para seus aplicativos de comunica\u00e7\u00e3o (WhatsApp, Messenger, Instagram), que podem ajudar os usu\u00e1rios a planejar viagens, responder perguntas e at\u00e9 gerar conte\u00fado, at\u00e9 o desenvolvimento de ferramentas de IA generativa para criadores de conte\u00fado e anunciantes. Essas ferramentas prometem otimizar campanhas, personalizar experi\u00eancias e, em \u00faltima an\u00e1lise, gerar mais receita para a empresa. A IA \u00e9 vista n\u00e3o apenas como um complemento, mas como o novo motor de crescimento e inova\u00e7\u00e3o para todo o seu portf\u00f3lio de produtos.<\/p>\n<h3>De Dispositivos Imersivos a Gadgets Inteligentes: A Vis\u00e3o da Meta para o Futuro da IA<\/h3>\n<p>O an\u00fancio de demiss\u00f5es no Reality Labs, embora doloroso, tamb\u00e9m \u00e9 um pren\u00fancio de uma nova era para os dispositivos da Meta. O metaverso como o conhecemos \u2013 um mundo virtual totalmente imersivo \u2013 pode ter desacelerado, mas a ideia de dispositivos que nos conectam ao digital de formas inovadoras n\u00e3o foi abandonada. Pelo contr\u00e1rio, ela est\u00e1 sendo reinventada com a intelig\u00eancia artificial no centro.<\/p>\n<p>Os \u00f3culos inteligentes Ray-Ban Meta, lan\u00e7ados recentemente, s\u00e3o um exemplo perfeito dessa nova dire\u00e7\u00e3o. Eles n\u00e3o s\u00e3o headsets volumosos para imers\u00e3o total, mas \u00f3culos discretos com c\u00e2meras, microfones e, crucialmente, capacidades de IA. Com um assistente de IA integrado, esses \u00f3culos podem responder a comandos de voz, tirar fotos e gravar v\u00eddeos, e at\u00e9 mesmo realizar tarefas mais complexas como tradu\u00e7\u00e3o em tempo real ou identifica\u00e7\u00e3o de objetos e pontos tur\u00edsticos. \u00c9 a IA se tornando um copiloto para a nossa vida di\u00e1ria, integrada a um acess\u00f3rio de moda e funcional.<\/p>\n<p>Essa \u00e9 a ess\u00eancia do que a Meta chama de \u201cAI devices\u201d \u2013 dispositivos que utilizam IA para aprimorar a intera\u00e7\u00e3o humana e a experi\u00eancia com o mundo real. Isso inclui n\u00e3o apenas futuros \u00f3culos de realidade aumentada (que ainda est\u00e3o no horizonte da Meta), mas tamb\u00e9m outros wearables e at\u00e9 mesmo novas itera\u00e7\u00f5es de headsets VR\/AR, que ser\u00e3o enriquecidos pela intelig\u00eancia artificial para criar avatares mais realistas, ambientes mais responsivos e intera\u00e7\u00f5es mais naturais. A Meta est\u00e1 apostando que a IA pode ser a chave para desbloquear o potencial de hardware que o metaverso, por si s\u00f3, n\u00e3o conseguiu concretizar rapidamente.<\/p>\n<p>O movimento da Meta n\u00e3o \u00e9 de abandono do metaverso, mas sim de uma recalibra\u00e7\u00e3o estrat\u00e9gica. A empresa agora v\u00ea a IA como o caminho para tornar o metaverso mais acess\u00edvel, \u00fatil e, finalmente, imersivo. A IA \u00e9 o ingrediente que faltava para dar vida ao mundo virtual, para preencher lacunas e para criar experi\u00eancias que antes pareciam distantes. Acredita-se que com a intelig\u00e2ncia artificial, a constru\u00e7\u00e3o de ambientes virtuais complexos e a intera\u00e7\u00e3o com eles se tornar\u00e1 mais org\u00e2nica e menos custosa, democratizando a cria\u00e7\u00e3o e o consumo de conte\u00fado no futuro universo digital.<\/p>\n<h3>Al\u00e9m dos Algoritmos: Como a IA Pode Remodelar o Ecossistema Meta<\/h3>\n<p>O impacto do <strong>foco da Meta em IA<\/strong> vai muito al\u00e9m de novos produtos e dispositivos. A intelig\u00eancia artificial tem o potencial de remodelar a pr\u00f3pria estrutura e os modelos de neg\u00f3cios da Meta. No curto prazo, a IA pode aprimorar a monetiza\u00e7\u00e3o de suas plataformas existentes, tornando os an\u00fancios mais eficazes e personalizados, e introduzindo novas formas de engajamento que podem manter os usu\u00e1rios mais tempo dentro do ecossistema Meta. Pense em assistentes de IA que geram legendas para suas fotos do Instagram, ou que ajudam pequenas empresas a criar campanhas publicit\u00e1rias completas com apenas alguns comandos de texto.<\/p>\n<p>No longo prazo, a IA pode ser a base para novos servi\u00e7os e plataformas inteiramente. A Meta, com seu imenso poder de processamento de dados e sua capacidade de desenvolver modelos de IA de ponta, est\u00e1 bem posicionada para se tornar uma provedora de infraestrutura de IA, oferecendo seus modelos Llama a outras empresas, por exemplo. Al\u00e9m disso, a integra\u00e7\u00e3o profunda da IA com a realidade aumentada e virtual poderia, eventualmente, materializar a vis\u00e3o original de um metaverso \u00fatil e atraente, mas de uma forma que prioriza a utilidade e a intera\u00e7\u00e3o inteligente no mundo real antes da imers\u00e3o completa.<\/p>\n<p>Essa mudan\u00e7a, embora desafiadora para os funcion\u00e1rios afetados, reflete uma realidade ineg\u00e1vel do mercado de tecnologia: a agilidade \u00e9 fundamental. Em um setor onde as tend\u00eancias e as tecnologias dominantes podem mudar rapidamente, a capacidade de pivoteamento estrat\u00e9gico \u00e9 crucial para a sobreviv\u00eancia e o crescimento. A Meta est\u00e1 respondendo \u00e0s press\u00f5es do mercado e \u00e0s oportunidades apresentadas pela IA, buscando solidificar sua posi\u00e7\u00e3o como uma for\u00e7a inovadora no cen\u00e1rio global.<\/p>\n<p>A transi\u00e7\u00e3o da Meta do metaverso puro para um <strong>foco da Meta em IA<\/strong>, especialmente em dispositivos inteligentes, \u00e9 um dos movimentos estrat\u00e9gicos mais significativos na ind\u00fastria de tecnologia recente. Ela reflete n\u00e3o apenas uma resposta \u00e0s realidades financeiras e de ado\u00e7\u00e3o do metaverso, mas tamb\u00e9m um reconhecimento do poder transformador e do potencial imediato da intelig\u00eancia artificial. Estamos testemunhando a empresa recalibrar sua b\u00fassola para navegar por um futuro onde a IA n\u00e3o \u00e9 apenas uma ferramenta, mas o cora\u00e7\u00e3o de novas experi\u00eancias e intera\u00e7\u00f5es digitais.<\/p>\n<p>Embora o sonho do metaverso ainda paire no horizonte como uma ambi\u00e7\u00e3o de longo prazo, a prioridade agora \u00e9 clara: a Meta quer estar na vanguarda da revolu\u00e7\u00e3o da IA. Como essa reorienta\u00e7\u00e3o se desenrolar\u00e1 e quais inova\u00e7\u00f5es ela trar\u00e1 \u00e9 algo que o tempo dir\u00e1, mas uma coisa \u00e9 certa: a jornada da Meta na era da intelig\u00eancia artificial est\u00e1 apenas come\u00e7ando, e ela promete ser t\u00e3o fascinante quanto transformadora.<\/p>\n","protected":false},"excerpt":{"rendered":"<p>Em um movimento que sinaliza uma profunda reorienta\u00e7\u00e3o estrat\u00e9gica, a Meta Platforms, gigante por tr\u00e1s de Facebook, Instagram e WhatsApp, iniciou um novo ciclo de demiss\u00f5es. Desta vez, o epicentro das mudan\u00e7as est\u00e1 no Reality Labs, a divis\u00e3o respons\u00e1vel pelo desenvolvimento do metaverso e de dispositivos de realidade virtual e aumentada. A not\u00edcia, que abalou [&hellip;]<\/p>\n","protected":false},"author":1,"featured_media":3193,"comment_status":"open","ping_status":"open","sticky":false,"template":"","format":"standard","meta":{"_yoast_wpseo_focuskw":"foco da Meta em IA","_yoast_wpseo_metadesc":"A Meta est\u00e1 reorganizando suas prioridades, diminuindo o investimento no metaverso para focar em IA. Entenda essa mudan\u00e7a estrat\u00e9gica, seus impactos e o futuro da tecnologia.","footnotes":""},"categories":[2],"tags":[],"class_list":["post-3194","post","type-post","status-publish","format-standard","has-post-thumbnail","hentry","category-novidades"],"yoast_head":"<!-- This site is optimized with the Yoast SEO plugin v25.6 - https:\/\/yoast.com\/wordpress\/plugins\/seo\/ -->\n<title>Da Realidade Virtual \u00e0 Intelig\u00eancia Artificial: A Grande Reorienta\u00e7\u00e3o da Meta - Lacerda AI<\/title>\n<meta name=\"description\" content=\"A Meta est\u00e1 reorganizando suas prioridades, diminuindo o investimento no metaverso para focar em IA. Entenda essa mudan\u00e7a estrat\u00e9gica, seus impactos e o futuro da tecnologia.\" \/>\n<meta name=\"robots\" content=\"index, follow, max-snippet:-1, max-image-preview:large, max-video-preview:-1\" \/>\n<link rel=\"canonical\" href=\"https:\/\/lacerdaai.com\/br\/da-realidade-virtual-a-inteligencia-artificial-a-grande-reorientacao-da-meta\/\" \/>\n<meta property=\"og:locale\" content=\"pt_BR\" \/>\n<meta property=\"og:type\" content=\"article\" \/>\n<meta property=\"og:title\" content=\"Da Realidade Virtual \u00e0 Intelig\u00eancia Artificial: A Grande Reorienta\u00e7\u00e3o da Meta - Lacerda AI\" \/>\n<meta property=\"og:description\" content=\"A Meta est\u00e1 reorganizando suas prioridades, diminuindo o investimento no metaverso para focar em IA. Entenda essa mudan\u00e7a estrat\u00e9gica, seus impactos e o futuro da tecnologia.\" \/>\n<meta property=\"og:url\" content=\"https:\/\/lacerdaai.com\/br\/da-realidade-virtual-a-inteligencia-artificial-a-grande-reorientacao-da-meta\/\" \/>\n<meta property=\"og:site_name\" content=\"Lacerda AI\" \/>\n<meta property=\"article:published_time\" content=\"2026-01-14T19:43:00+00:00\" \/>\n<meta property=\"article:modified_time\" content=\"2026-01-14T19:43:01+00:00\" \/>\n<meta name=\"author\" content=\"Andr\u00e9 Lacerda\" \/>\n<meta name=\"twitter:card\" content=\"summary_large_image\" \/>\n<meta name=\"twitter:label1\" content=\"Escrito por\" \/>\n\t<meta name=\"twitter:data1\" content=\"Andr\u00e9 Lacerda\" \/>\n\t<meta name=\"twitter:label2\" content=\"Est. tempo de leitura\" \/>\n\t<meta name=\"twitter:data2\" content=\"8 minutos\" \/>\n<script type=\"application\/ld+json\" class=\"yoast-schema-graph\">{\"@context\":\"https:\/\/schema.org\",\"@graph\":[{\"@type\":\"WebPage\",\"@id\":\"https:\/\/lacerdaai.com\/br\/da-realidade-virtual-a-inteligencia-artificial-a-grande-reorientacao-da-meta\/\",\"url\":\"https:\/\/lacerdaai.com\/br\/da-realidade-virtual-a-inteligencia-artificial-a-grande-reorientacao-da-meta\/\",\"name\":\"Da Realidade Virtual \u00e0 Intelig\u00eancia Artificial: A Grande Reorienta\u00e7\u00e3o da Meta - Lacerda AI\",\"isPartOf\":{\"@id\":\"https:\/\/lacerdaai.com\/br\/#website\"},\"primaryImageOfPage\":{\"@id\":\"https:\/\/lacerdaai.com\/br\/da-realidade-virtual-a-inteligencia-artificial-a-grande-reorientacao-da-meta\/#primaryimage\"},\"image\":{\"@id\":\"https:\/\/lacerdaai.com\/br\/da-realidade-virtual-a-inteligencia-artificial-a-grande-reorientacao-da-meta\/#primaryimage\"},\"thumbnailUrl\":\"https:\/\/lacerdaai.com\/br\/wp-content\/uploads\/2026\/01\/imagem-46.jpg\",\"datePublished\":\"2026-01-14T19:43:00+00:00\",\"dateModified\":\"2026-01-14T19:43:01+00:00\",\"author\":{\"@id\":\"https:\/\/lacerdaai.com\/br\/#\/schema\/person\/8bad803c2e83a0c5c5c75e02a1c2248f\"},\"description\":\"A Meta est\u00e1 reorganizando suas prioridades, diminuindo o investimento no metaverso para focar em IA. Entenda essa mudan\u00e7a estrat\u00e9gica, seus impactos e o futuro da tecnologia.\",\"breadcrumb\":{\"@id\":\"https:\/\/lacerdaai.com\/br\/da-realidade-virtual-a-inteligencia-artificial-a-grande-reorientacao-da-meta\/#breadcrumb\"},\"inLanguage\":\"pt-BR\",\"potentialAction\":[{\"@type\":\"ReadAction\",\"target\":[\"https:\/\/lacerdaai.com\/br\/da-realidade-virtual-a-inteligencia-artificial-a-grande-reorientacao-da-meta\/\"]}]},{\"@type\":\"ImageObject\",\"inLanguage\":\"pt-BR\",\"@id\":\"https:\/\/lacerdaai.com\/br\/da-realidade-virtual-a-inteligencia-artificial-a-grande-reorientacao-da-meta\/#primaryimage\",\"url\":\"https:\/\/lacerdaai.com\/br\/wp-content\/uploads\/2026\/01\/imagem-46.jpg\",\"contentUrl\":\"https:\/\/lacerdaai.com\/br\/wp-content\/uploads\/2026\/01\/imagem-46.jpg\",\"width\":1200,\"height\":799},{\"@type\":\"BreadcrumbList\",\"@id\":\"https:\/\/lacerdaai.com\/br\/da-realidade-virtual-a-inteligencia-artificial-a-grande-reorientacao-da-meta\/#breadcrumb\",\"itemListElement\":[{\"@type\":\"ListItem\",\"position\":1,\"name\":\"In\u00edcio\",\"item\":\"https:\/\/lacerdaai.com\/br\/\"},{\"@type\":\"ListItem\",\"position\":2,\"name\":\"Da Realidade Virtual \u00e0 Intelig\u00eancia Artificial: A Grande Reorienta\u00e7\u00e3o da Meta\"}]},{\"@type\":\"WebSite\",\"@id\":\"https:\/\/lacerdaai.com\/br\/#website\",\"url\":\"https:\/\/lacerdaai.com\/br\/\",\"name\":\"Lacerda AI\",\"description\":\"Seu blog di\u00e1rio de novidades do mundo da Inteligencia Artificial\",\"potentialAction\":[{\"@type\":\"SearchAction\",\"target\":{\"@type\":\"EntryPoint\",\"urlTemplate\":\"https:\/\/lacerdaai.com\/br\/?s={search_term_string}\"},\"query-input\":{\"@type\":\"PropertyValueSpecification\",\"valueRequired\":true,\"valueName\":\"search_term_string\"}}],\"inLanguage\":\"pt-BR\"},{\"@type\":\"Person\",\"@id\":\"https:\/\/lacerdaai.com\/br\/#\/schema\/person\/8bad803c2e83a0c5c5c75e02a1c2248f\",\"name\":\"Andr\u00e9 Lacerda\",\"image\":{\"@type\":\"ImageObject\",\"inLanguage\":\"pt-BR\",\"@id\":\"https:\/\/lacerdaai.com\/br\/#\/schema\/person\/image\/\",\"url\":\"https:\/\/secure.gravatar.com\/avatar\/f5c1fa5ad9763f54c1f223c3fc91f131da6288c9f9e28d74bb3c355ad99af205?s=96&d=mm&r=g\",\"contentUrl\":\"https:\/\/secure.gravatar.com\/avatar\/f5c1fa5ad9763f54c1f223c3fc91f131da6288c9f9e28d74bb3c355ad99af205?s=96&d=mm&r=g\",\"caption\":\"Andr\u00e9 Lacerda\"},\"description\":\"Sou o Andr\u00e9 Lacerda, tenho 35 anos e sou apaixonado por tecnologia, intelig\u00eancia artificial e boas hist\u00f3rias. Me formei em Tecnologia e Jornalismo \u2014 sim, uma mistura meio improv\u00e1vel, mas que combina muito comigo. J\u00e1 morei no Canad\u00e1 e na Espanha, e essas experi\u00eancias me ajudaram a enxergar a inova\u00e7\u00e3o com um olhar mais global (e a me virar bem em tr\u00eas idiomas \ud83d\ude04). Trabalhei em algumas das maiores empresas de tecnologia do mercado e, hoje, atuo como consultor ajudando neg\u00f3cios a entenderem e aplicarem IA de forma pr\u00e1tica, estrat\u00e9gica e humana. Gosto de traduzir o complexo em algo simples \u2014 e \u00e9 isso que voc\u00ea vai encontrar por aqui.\",\"sameAs\":[\"http:\/\/lacerdaai.com\/br\"],\"url\":\"https:\/\/lacerdaai.com\/br\/author\/red-admin\/\"}]}<\/script>\n<!-- \/ Yoast SEO plugin. -->","yoast_head_json":{"title":"Da Realidade Virtual \u00e0 Intelig\u00eancia Artificial: A Grande Reorienta\u00e7\u00e3o da Meta - Lacerda AI","description":"A Meta est\u00e1 reorganizando suas prioridades, diminuindo o investimento no metaverso para focar em IA. Entenda essa mudan\u00e7a estrat\u00e9gica, seus impactos e o futuro da tecnologia.","robots":{"index":"index","follow":"follow","max-snippet":"max-snippet:-1","max-image-preview":"max-image-preview:large","max-video-preview":"max-video-preview:-1"},"canonical":"https:\/\/lacerdaai.com\/br\/da-realidade-virtual-a-inteligencia-artificial-a-grande-reorientacao-da-meta\/","og_locale":"pt_BR","og_type":"article","og_title":"Da Realidade Virtual \u00e0 Intelig\u00eancia Artificial: A Grande Reorienta\u00e7\u00e3o da Meta - Lacerda AI","og_description":"A Meta est\u00e1 reorganizando suas prioridades, diminuindo o investimento no metaverso para focar em IA. Entenda essa mudan\u00e7a estrat\u00e9gica, seus impactos e o futuro da tecnologia.","og_url":"https:\/\/lacerdaai.com\/br\/da-realidade-virtual-a-inteligencia-artificial-a-grande-reorientacao-da-meta\/","og_site_name":"Lacerda AI","article_published_time":"2026-01-14T19:43:00+00:00","article_modified_time":"2026-01-14T19:43:01+00:00","author":"Andr\u00e9 Lacerda","twitter_card":"summary_large_image","twitter_misc":{"Escrito por":"Andr\u00e9 Lacerda","Est. tempo de leitura":"8 minutos"},"schema":{"@context":"https:\/\/schema.org","@graph":[{"@type":"WebPage","@id":"https:\/\/lacerdaai.com\/br\/da-realidade-virtual-a-inteligencia-artificial-a-grande-reorientacao-da-meta\/","url":"https:\/\/lacerdaai.com\/br\/da-realidade-virtual-a-inteligencia-artificial-a-grande-reorientacao-da-meta\/","name":"Da Realidade Virtual \u00e0 Intelig\u00eancia Artificial: A Grande Reorienta\u00e7\u00e3o da Meta - Lacerda AI","isPartOf":{"@id":"https:\/\/lacerdaai.com\/br\/#website"},"primaryImageOfPage":{"@id":"https:\/\/lacerdaai.com\/br\/da-realidade-virtual-a-inteligencia-artificial-a-grande-reorientacao-da-meta\/#primaryimage"},"image":{"@id":"https:\/\/lacerdaai.com\/br\/da-realidade-virtual-a-inteligencia-artificial-a-grande-reorientacao-da-meta\/#primaryimage"},"thumbnailUrl":"https:\/\/lacerdaai.com\/br\/wp-content\/uploads\/2026\/01\/imagem-46.jpg","datePublished":"2026-01-14T19:43:00+00:00","dateModified":"2026-01-14T19:43:01+00:00","author":{"@id":"https:\/\/lacerdaai.com\/br\/#\/schema\/person\/8bad803c2e83a0c5c5c75e02a1c2248f"},"description":"A Meta est\u00e1 reorganizando suas prioridades, diminuindo o investimento no metaverso para focar em IA. Entenda essa mudan\u00e7a estrat\u00e9gica, seus impactos e o futuro da tecnologia.","breadcrumb":{"@id":"https:\/\/lacerdaai.com\/br\/da-realidade-virtual-a-inteligencia-artificial-a-grande-reorientacao-da-meta\/#breadcrumb"},"inLanguage":"pt-BR","potentialAction":[{"@type":"ReadAction","target":["https:\/\/lacerdaai.com\/br\/da-realidade-virtual-a-inteligencia-artificial-a-grande-reorientacao-da-meta\/"]}]},{"@type":"ImageObject","inLanguage":"pt-BR","@id":"https:\/\/lacerdaai.com\/br\/da-realidade-virtual-a-inteligencia-artificial-a-grande-reorientacao-da-meta\/#primaryimage","url":"https:\/\/lacerdaai.com\/br\/wp-content\/uploads\/2026\/01\/imagem-46.jpg","contentUrl":"https:\/\/lacerdaai.com\/br\/wp-content\/uploads\/2026\/01\/imagem-46.jpg","width":1200,"height":799},{"@type":"BreadcrumbList","@id":"https:\/\/lacerdaai.com\/br\/da-realidade-virtual-a-inteligencia-artificial-a-grande-reorientacao-da-meta\/#breadcrumb","itemListElement":[{"@type":"ListItem","position":1,"name":"In\u00edcio","item":"https:\/\/lacerdaai.com\/br\/"},{"@type":"ListItem","position":2,"name":"Da Realidade Virtual \u00e0 Intelig\u00eancia Artificial: A Grande Reorienta\u00e7\u00e3o da Meta"}]},{"@type":"WebSite","@id":"https:\/\/lacerdaai.com\/br\/#website","url":"https:\/\/lacerdaai.com\/br\/","name":"Lacerda AI","description":"Seu blog di\u00e1rio de novidades do mundo da Inteligencia Artificial","potentialAction":[{"@type":"SearchAction","target":{"@type":"EntryPoint","urlTemplate":"https:\/\/lacerdaai.com\/br\/?s={search_term_string}"},"query-input":{"@type":"PropertyValueSpecification","valueRequired":true,"valueName":"search_term_string"}}],"inLanguage":"pt-BR"},{"@type":"Person","@id":"https:\/\/lacerdaai.com\/br\/#\/schema\/person\/8bad803c2e83a0c5c5c75e02a1c2248f","name":"Andr\u00e9 Lacerda","image":{"@type":"ImageObject","inLanguage":"pt-BR","@id":"https:\/\/lacerdaai.com\/br\/#\/schema\/person\/image\/","url":"https:\/\/secure.gravatar.com\/avatar\/f5c1fa5ad9763f54c1f223c3fc91f131da6288c9f9e28d74bb3c355ad99af205?s=96&d=mm&r=g","contentUrl":"https:\/\/secure.gravatar.com\/avatar\/f5c1fa5ad9763f54c1f223c3fc91f131da6288c9f9e28d74bb3c355ad99af205?s=96&d=mm&r=g","caption":"Andr\u00e9 Lacerda"},"description":"Sou o Andr\u00e9 Lacerda, tenho 35 anos e sou apaixonado por tecnologia, intelig\u00eancia artificial e boas hist\u00f3rias. Me formei em Tecnologia e Jornalismo \u2014 sim, uma mistura meio improv\u00e1vel, mas que combina muito comigo. J\u00e1 morei no Canad\u00e1 e na Espanha, e essas experi\u00eancias me ajudaram a enxergar a inova\u00e7\u00e3o com um olhar mais global (e a me virar bem em tr\u00eas idiomas \ud83d\ude04). Trabalhei em algumas das maiores empresas de tecnologia do mercado e, hoje, atuo como consultor ajudando neg\u00f3cios a entenderem e aplicarem IA de forma pr\u00e1tica, estrat\u00e9gica e humana. Gosto de traduzir o complexo em algo simples \u2014 e \u00e9 isso que voc\u00ea vai encontrar por aqui.","sameAs":["http:\/\/lacerdaai.com\/br"],"url":"https:\/\/lacerdaai.com\/br\/author\/red-admin\/"}]}},"_links":{"self":[{"href":"https:\/\/lacerdaai.com\/br\/wp-json\/wp\/v2\/posts\/3194","targetHints":{"allow":["GET"]}}],"collection":[{"href":"https:\/\/lacerdaai.com\/br\/wp-json\/wp\/v2\/posts"}],"about":[{"href":"https:\/\/lacerdaai.com\/br\/wp-json\/wp\/v2\/types\/post"}],"author":[{"embeddable":true,"href":"https:\/\/lacerdaai.com\/br\/wp-json\/wp\/v2\/users\/1"}],"replies":[{"embeddable":true,"href":"https:\/\/lacerdaai.com\/br\/wp-json\/wp\/v2\/comments?post=3194"}],"version-history":[{"count":1,"href":"https:\/\/lacerdaai.com\/br\/wp-json\/wp\/v2\/posts\/3194\/revisions"}],"predecessor-version":[{"id":3195,"href":"https:\/\/lacerdaai.com\/br\/wp-json\/wp\/v2\/posts\/3194\/revisions\/3195"}],"wp:featuredmedia":[{"embeddable":true,"href":"https:\/\/lacerdaai.com\/br\/wp-json\/wp\/v2\/media\/3193"}],"wp:attachment":[{"href":"https:\/\/lacerdaai.com\/br\/wp-json\/wp\/v2\/media?parent=3194"}],"wp:term":[{"taxonomy":"category","embeddable":true,"href":"https:\/\/lacerdaai.com\/br\/wp-json\/wp\/v2\/categories?post=3194"},{"taxonomy":"post_tag","embeddable":true,"href":"https:\/\/lacerdaai.com\/br\/wp-json\/wp\/v2\/tags?post=3194"}],"curies":[{"name":"wp","href":"https:\/\/api.w.org\/{rel}","templated":true}]}}