{"id":3197,"date":"2026-01-14T20:43:02","date_gmt":"2026-01-14T23:43:02","guid":{"rendered":"https:\/\/lacerdaai.com\/br\/escassez-de-ram-e-o-futuro-dos-pcs-com-ia-uma-pausa-necessaria-para-a-inovacao\/"},"modified":"2026-01-14T20:43:04","modified_gmt":"2026-01-14T23:43:04","slug":"escassez-de-ram-e-o-futuro-dos-pcs-com-ia-uma-pausa-necessaria-para-a-inovacao","status":"publish","type":"post","link":"https:\/\/lacerdaai.com\/br\/escassez-de-ram-e-o-futuro-dos-pcs-com-ia-uma-pausa-necessaria-para-a-inovacao\/","title":{"rendered":"Escassez de RAM e o Futuro dos PCs com IA: Uma Pausa Necess\u00e1ria para a Inova\u00e7\u00e3o?"},"content":{"rendered":"<p>A ind\u00fastria de tecnologia nunca para. Em um ciclo incessante de inova\u00e7\u00e3o, estamos constantemente em busca da pr\u00f3xima grande novidade que redefine nossa intera\u00e7\u00e3o com o mundo digital. Nos \u00faltimos anos, essa busca nos levou a um termo que tem ganhado cada vez mais destaque: os <strong>PCs com IA<\/strong>. Anunciados como a nova fronteira da computa\u00e7\u00e3o pessoal, esses dispositivos prometem trazer a intelig\u00eancia artificial diretamente para o seu desktop ou notebook, com capacidade de processamento local, maior privacidade e performance sem precedentes. Mas ser\u00e1 que estamos realmente prontos para essa revolu\u00e7\u00e3o, ou \u00e9 mais um cap\u00edtulo na longa hist\u00f3ria do hype tecnol\u00f3gico?<\/p>\n<p>Curiosamente, um fator inesperado pode estar atuando como um freio de arruma\u00e7\u00e3o nesse entusiasmo galopante: a escassez global de mem\u00f3ria RAM. O que, \u00e0 primeira vista, parece ser apenas mais um problema na cadeia de suprimentos de hardware, pode, na verdade, oferecer uma b\u00ean\u00e7\u00e3o disfar\u00e7ada, for\u00e7ando uma reavalia\u00e7\u00e3o cr\u00edtica do que realmente esperamos e precisamos dos nossos \u201ccomputadores inteligentes\u201d. \u00c0 medida que a demanda por chips de mem\u00f3ria de alta performance cresce e a oferta luta para acompanhar, o debate em torno dos <strong>PCs com IA<\/strong> pode ganhar uma camada extra de nuance, distanciando-se do marketing agressivo e se aproximando de uma discuss\u00e3o mais pragm\u00e1tica sobre funcionalidade e valor real.<\/p>\n<h2>O Que S\u00e3o Exatamente os <strong>PCs com IA<\/strong> e o que Eles Prometem?<\/h2>\n<p>Para desmistificar o conceito, \u00e9 crucial entender que um <strong>PC com IA<\/strong> n\u00e3o \u00e9 apenas um computador que roda aplicativos com intelig\u00eancia artificial (como um editor de imagens que usa IA para aprimorar fotos, algo que fazemos h\u00e1 anos). A verdadeira defini\u00e7\u00e3o reside na integra\u00e7\u00e3o de hardware dedicado e otimizado para o processamento de IA diretamente no dispositivo. Isso geralmente se manifesta na forma de Unidades de Processamento Neural (NPUs), coprocessadores especializados projetados para executar modelos de IA com muito mais efici\u00eancia energ\u00e9tica e velocidade do que as CPUs e GPUs tradicionais sozinhas.<\/p>\n<p>As promessas s\u00e3o muitas e tentadoras. Imagine um assistente virtual que entende seu contexto e prefer\u00eancias de forma mais profunda, processando suas informa\u00e7\u00f5es sem envi\u00e1-las para a nuvem. Pense em ferramentas de cria\u00e7\u00e3o de conte\u00fado que geram imagens, v\u00eddeos e textos em segundos, com base em comandos complexos, tudo isso rodando localmente no seu hardware. A edi\u00e7\u00e3o de v\u00eddeos e fotos, a otimiza\u00e7\u00e3o de jogos com upscaling inteligente, a tradu\u00e7\u00e3o simult\u00e2nea em chamadas de v\u00eddeo e a seguran\u00e7a aprimorada atrav\u00e9s de reconhecimento biom\u00e9trico avan\u00e7ado s\u00e3o apenas alguns exemplos do potencial vislumbrado. Essas m\u00e1quinas visam oferecer uma experi\u00eancia mais fluida, personalizada e segura, liberando o usu\u00e1rio da depend\u00eancia constante da conex\u00e3o com a internet e dos servidores de nuvem, especialmente em tarefas que exigem baixa lat\u00eancia e alta privacidade. A ideia \u00e9 que, ao trazer a IA para a &#8216;borda&#8217;, ou seja, para o pr\u00f3prio dispositivo, podemos desbloquear novas possibilidades que antes eram limitadas pela largura de banda e pela capacidade de processamento centralizado.<\/p>\n<p>As NPUs, nesse cen\u00e1rio, s\u00e3o os verdadeiros catalisadores. Elas s\u00e3o projetadas especificamente para lidar com as cargas de trabalho repetitivas e matriciais que s\u00e3o a espinha dorsal dos algoritmos de aprendizado de m\u00e1quina. Isso n\u00e3o apenas acelera o processamento, mas tamb\u00e9m o torna mais eficiente em termos de consumo de energia, um fator crucial para dispositivos m\u00f3veis como laptops. Gigantes como Intel, AMD e Qualcomm j\u00e1 est\u00e3o incorporando suas pr\u00f3prias vers\u00f5es de NPUs em seus processadores mais recentes, pavimentando o caminho para uma nova era de computa\u00e7\u00e3o. A expectativa \u00e9 que, com o tempo, esses chips se tornem t\u00e3o onipresentes quanto as GPUs s\u00e3o hoje, transformando fundamentalmente a forma como interagimos com nossos computadores e softwares.<\/p>\n<h2>A RAM, o Cora\u00e7\u00e3o da Mem\u00f3ria e o Gargalo Inesperado para a IA Local<\/h2>\n<p>Enquanto as NPUs recebem grande parte da aten\u00e7\u00e3o no debate sobre os <strong>PCs com IA<\/strong>, outro componente vital, muitas vezes subestimado, desempenha um papel igualmente crucial: a mem\u00f3ria RAM (Random Access Memory). A RAM \u00e9 a mem\u00f3ria de curto prazo do seu computador, onde todos os dados e programas em execu\u00e7\u00e3o s\u00e3o armazenados para acesso r\u00e1pido pela CPU e, agora, pelas NPUs. Sem RAM suficiente, mesmo o processador mais potente e a NPU mais eficiente seriam in\u00fateis, pois n\u00e3o teriam onde carregar os dados necess\u00e1rios para operar.<\/p>\n<p>No contexto da intelig\u00eancia artificial local, a import\u00e2ncia da RAM \u00e9 exponencial. Modelos de IA, especialmente os grandes modelos de linguagem (LLMs) que alimentam ferramentas como o ChatGPT, e os modelos de difus\u00e3o est\u00e1vel que geram imagens, exigem quantidades massivas de mem\u00f3ria para serem carregados e executados eficientemente no dispositivo. Um modelo de linguagem complexo pode precisar de dezenas de gigabytes de RAM apenas para armazenar seus par\u00e2metros e pesos, sem contar os dados de entrada e sa\u00edda. Quanto maior e mais sofisticado o modelo, maior a demanda por RAM. Isso significa que, para que um <strong>PC com IA<\/strong> realmente entregue a experi\u00eancia prometida de processamento local robusto, ele precisar\u00e1 de muito mais RAM do que os 8GB ou 16GB que s\u00e3o o padr\u00e3o para a maioria dos computadores hoje.<\/p>\n<p>E \u00e9 aqui que a atual escassez de RAM entra em jogo. V\u00e1rios fatores contribuem para esse cen\u00e1rio desafiador: interrup\u00e7\u00f5es na cadeia de suprimentos global, tens\u00f5es geopol\u00edticas, flutua\u00e7\u00f5es na demanda por componentes eletr\u00f4nicos em outras ind\u00fastrias e at\u00e9 mesmo a complexidade crescente na fabrica\u00e7\u00e3o de chips de mem\u00f3ria de \u00faltima gera\u00e7\u00e3o. Isso resulta em pre\u00e7os mais altos e disponibilidade limitada para m\u00f3dulos de RAM de alta capacidade e velocidade, justamente os tipos mais necess\u00e1rios para alimentar as ambi\u00e7\u00f5es dos <strong>PCs com IA<\/strong>. Para os fabricantes de hardware, isso significa custos de produ\u00e7\u00e3o elevados e dificuldades em escalar a produ\u00e7\u00e3o de m\u00e1quinas que atendam \u00e0s especifica\u00e7\u00f5es ideais de IA local.<\/p>\n<p>Para o consumidor final, a escassez se traduz em computadores mais caros ou com configura\u00e7\u00f5es de mem\u00f3ria mais modestas, que podem n\u00e3o ser totalmente capazes de aproveitar o potencial da IA local. Imagine comprar um <strong>PC com IA<\/strong> com NPU de ponta, apenas para descobrir que ele s\u00f3 tem 16GB de RAM, o que \u00e9 insuficiente para rodar a vers\u00e3o local de um LLM que requer 32GB ou mais. Isso frustraria as expectativas e destacaria a import\u00e2ncia de uma configura\u00e7\u00e3o de hardware balanceada. Portanto, essa escassez serve como um lembrete importante: a inova\u00e7\u00e3o em IA n\u00e3o \u00e9 apenas sobre ter um processador dedicado; \u00e9 sobre todo o ecossistema de hardware que o suporta, e a RAM \u00e9, sem d\u00favida, um dos pilares mais cr\u00edticos.<\/p>\n<h2>Hype vs. Realidade: Onde os <strong>PCs com IA<\/strong> Realmente se Encaixam Hoje?<\/h2>\n<p>Apesar de todo o entusiasmo e das promessas grandiosas, a realidade atual dos <strong>PCs com IA<\/strong> ainda est\u00e1 em um est\u00e1gio de desenvolvimento. Muitas das funcionalidades de IA que vemos em dispositivos hoje s\u00e3o, na verdade, integra\u00e7\u00f5es de IA baseada em nuvem, onde o processamento pesado acontece em grandes data centers e o resultado \u00e9 enviado de volta para o seu computador. Embora \u00fatil, isso n\u00e3o \u00e9 a mesma coisa que o processamento verdadeiramente local que as NPUs prometem. Para o usu\u00e1rio m\u00e9dio, a diferen\u00e7a pode ser sutil a princ\u00edpio, mas afeta a privacidade, a lat\u00eancia e a depend\u00eancia de uma conex\u00e3o constante com a internet.<\/p>\n<p>Ainda falta uma &#8216;killer app&#8217; disruptiva que demonstre inequivocamente o valor dos <strong>PCs com IA<\/strong> para o grande p\u00fablico. Sim, h\u00e1 otimiza\u00e7\u00f5es para videoconfer\u00eancias, melhorias em edi\u00e7\u00e3o de fotos e algumas assist\u00eancias de produtividade, mas muitas dessas tarefas podem ser realizadas com hardware existente e solu\u00e7\u00f5es baseadas em nuvem. A ado\u00e7\u00e3o generalizada vir\u00e1 quando houver aplicativos que simplesmente n\u00e3o funcionam t\u00e3o bem, ou n\u00e3o funcionam de forma alguma, sem o hardware de IA dedicado. O desafio para os desenvolvedores \u00e9 imenso: otimizar modelos complexos de IA para uma variedade crescente de arquiteturas de NPU, cada uma com suas pr\u00f3prias peculiaridades e SDKs, \u00e9 uma tarefa \u00e1rdua que demanda tempo e recursos.<\/p>\n<p>Al\u00e9m das quest\u00f5es de performance e aplica\u00e7\u00e3o, o debate sobre os <strong>PCs com IA<\/strong> tamb\u00e9m precisa considerar aspectos como consumo de energia e privacidade. Embora as NPUs sejam mais eficientes que as GPUs para certas tarefas de IA, rodar modelos complexos localmente ainda consome energia. Em um mundo cada vez mais consciente da sustentabilidade, a efici\u00eancia energ\u00e9tica ser\u00e1 um fator-chave. Quanto \u00e0 privacidade, a promessa de processamento local \u00e9 atraente, mas exige que os modelos de IA sejam cuidadosamente desenvolvidos para evitar vieses e garantir que os dados do usu\u00e1rio sejam tratados de forma \u00e9tica, mesmo que fiquem no dispositivo.<\/p>\n<p>No futuro, a vis\u00e3o de <strong>PCs com IA<\/strong> totalmente integrados e capazes \u00e9 fascinante. Imaginamos m\u00e1quinas que aprendem com nossos h\u00e1bitos em tempo real, antecipam nossas necessidades, protegem nossos dados de forma aut\u00f4noma e nos permitem interagir com a tecnologia de maneiras que hoje parecem fic\u00e7\u00e3o cient\u00edfica. No entanto, para chegar l\u00e1, ser\u00e1 preciso superar n\u00e3o apenas desafios de hardware, como a escassez de RAM, mas tamb\u00e9m a necessidade de um ecossistema de software maduro, padroniza\u00e7\u00e3o entre as diferentes NPUs e, crucialmente, o desenvolvimento de aplicativos que realmente justifiquem a migra\u00e7\u00e3o para essa nova plataforma. O lado positivo da atual &#8216;calmaria&#8217; causada pela escassez de RAM \u00e9 que ela nos d\u00e1 tempo para respirar, refletir e garantir que a pr\u00f3xima onda de inova\u00e7\u00e3o seja verdadeiramente significativa, e n\u00e3o apenas uma corrida por vendas baseada em marketing inflado.<\/p>\n<p>Os <strong>PCs com IA<\/strong> s\u00e3o, sem d\u00favida, o futuro da computa\u00e7\u00e3o pessoal. A converg\u00eancia da intelig\u00eancia artificial e do hardware local tem o potencial de transformar radicalmente nossa intera\u00e7\u00e3o com a tecnologia, oferecendo experi\u00eancias mais imersivas, eficientes e personalizadas. No entanto, como toda grande transi\u00e7\u00e3o tecnol\u00f3gica, o caminho n\u00e3o \u00e9 linear nem isento de obst\u00e1culos. A atual escassez de RAM, embora seja um contratempo para a cadeia de suprimentos, pode ser vista como um catalisador inesperado para uma reflex\u00e3o mais profunda. Ela nos for\u00e7a a questionar o ritmo do hype, a avaliar a verdadeira prontid\u00e3o da tecnologia e a garantir que o desenvolvimento seja guiado pela utilidade real e n\u00e3o apenas pela capacidade de adicionar um selo de &#8216;IA&#8217; a cada novo produto.<\/p>\n<p>Para que os <strong>PCs com IA<\/strong> atinjam seu verdadeiro potencial, precisamos de mais do que apenas hardware potente. Precisamos de um ecossistema de software robusto, de modelos de IA otimizados para operar eficientemente em dispositivos e, acima de tudo, de aplica\u00e7\u00f5es que resolvam problemas reais e melhorem genuinamente a vida dos usu\u00e1rios. A paci\u00eancia e o investimento estrat\u00e9gico em pesquisa e desenvolvimento, tanto em hardware quanto em software, ser\u00e3o cruciais para definir o sucesso dessa nova era. Que a pausa imposta pela limita\u00e7\u00e3o de RAM sirva n\u00e3o como um atraso, mas como uma oportunidade para solidificar as bases de uma inova\u00e7\u00e3o que seja n\u00e3o apenas inteligente, mas tamb\u00e9m sustent\u00e1vel e verdadeiramente \u00fatil para todos.<\/p>\n","protected":false},"excerpt":{"rendered":"<p>A ind\u00fastria de tecnologia nunca para. Em um ciclo incessante de inova\u00e7\u00e3o, estamos constantemente em busca da pr\u00f3xima grande novidade que redefine nossa intera\u00e7\u00e3o com o mundo digital. Nos \u00faltimos anos, essa busca nos levou a um termo que tem ganhado cada vez mais destaque: os PCs com IA. Anunciados como a nova fronteira da [&hellip;]<\/p>\n","protected":false},"author":1,"featured_media":3196,"comment_status":"open","ping_status":"open","sticky":false,"template":"","format":"standard","meta":{"_yoast_wpseo_focuskw":"PCs com IA","_yoast_wpseo_metadesc":"Entenda como a escassez de RAM global pode impactar a evolu\u00e7\u00e3o e o hype em torno dos PCs com IA. Analisamos o que s\u00e3o, suas promessas, desafios e o verdadeiro valor da intelig\u00eancia artificial no seu computador pessoal.","footnotes":""},"categories":[2],"tags":[],"class_list":["post-3197","post","type-post","status-publish","format-standard","has-post-thumbnail","hentry","category-novidades"],"yoast_head":"<!-- This site is optimized with the Yoast SEO plugin v25.6 - https:\/\/yoast.com\/wordpress\/plugins\/seo\/ -->\n<title>Escassez de RAM e o Futuro dos PCs com IA: Uma Pausa Necess\u00e1ria para a Inova\u00e7\u00e3o? - Lacerda AI<\/title>\n<meta name=\"description\" content=\"Entenda como a escassez de RAM global pode impactar a evolu\u00e7\u00e3o e o hype em torno dos PCs com IA. Analisamos o que s\u00e3o, suas promessas, desafios e o verdadeiro valor da intelig\u00eancia artificial no seu computador pessoal.\" \/>\n<meta name=\"robots\" content=\"index, follow, max-snippet:-1, max-image-preview:large, max-video-preview:-1\" \/>\n<link rel=\"canonical\" href=\"https:\/\/lacerdaai.com\/br\/escassez-de-ram-e-o-futuro-dos-pcs-com-ia-uma-pausa-necessaria-para-a-inovacao\/\" \/>\n<meta property=\"og:locale\" content=\"pt_BR\" \/>\n<meta property=\"og:type\" content=\"article\" \/>\n<meta property=\"og:title\" content=\"Escassez de RAM e o Futuro dos PCs com IA: Uma Pausa Necess\u00e1ria para a Inova\u00e7\u00e3o? - Lacerda AI\" \/>\n<meta property=\"og:description\" content=\"Entenda como a escassez de RAM global pode impactar a evolu\u00e7\u00e3o e o hype em torno dos PCs com IA. Analisamos o que s\u00e3o, suas promessas, desafios e o verdadeiro valor da intelig\u00eancia artificial no seu computador pessoal.\" \/>\n<meta property=\"og:url\" content=\"https:\/\/lacerdaai.com\/br\/escassez-de-ram-e-o-futuro-dos-pcs-com-ia-uma-pausa-necessaria-para-a-inovacao\/\" \/>\n<meta property=\"og:site_name\" content=\"Lacerda AI\" \/>\n<meta property=\"article:published_time\" content=\"2026-01-14T23:43:02+00:00\" \/>\n<meta property=\"article:modified_time\" content=\"2026-01-14T23:43:04+00:00\" \/>\n<meta name=\"author\" content=\"Andr\u00e9 Lacerda\" \/>\n<meta name=\"twitter:card\" content=\"summary_large_image\" \/>\n<meta name=\"twitter:label1\" content=\"Escrito por\" \/>\n\t<meta name=\"twitter:data1\" content=\"Andr\u00e9 Lacerda\" \/>\n\t<meta name=\"twitter:label2\" content=\"Est. tempo de leitura\" \/>\n\t<meta name=\"twitter:data2\" content=\"10 minutos\" \/>\n<script type=\"application\/ld+json\" class=\"yoast-schema-graph\">{\"@context\":\"https:\/\/schema.org\",\"@graph\":[{\"@type\":\"WebPage\",\"@id\":\"https:\/\/lacerdaai.com\/br\/escassez-de-ram-e-o-futuro-dos-pcs-com-ia-uma-pausa-necessaria-para-a-inovacao\/\",\"url\":\"https:\/\/lacerdaai.com\/br\/escassez-de-ram-e-o-futuro-dos-pcs-com-ia-uma-pausa-necessaria-para-a-inovacao\/\",\"name\":\"Escassez de RAM e o Futuro dos PCs com IA: Uma Pausa Necess\u00e1ria para a Inova\u00e7\u00e3o? - Lacerda AI\",\"isPartOf\":{\"@id\":\"https:\/\/lacerdaai.com\/br\/#website\"},\"primaryImageOfPage\":{\"@id\":\"https:\/\/lacerdaai.com\/br\/escassez-de-ram-e-o-futuro-dos-pcs-com-ia-uma-pausa-necessaria-para-a-inovacao\/#primaryimage\"},\"image\":{\"@id\":\"https:\/\/lacerdaai.com\/br\/escassez-de-ram-e-o-futuro-dos-pcs-com-ia-uma-pausa-necessaria-para-a-inovacao\/#primaryimage\"},\"thumbnailUrl\":\"https:\/\/lacerdaai.com\/br\/wp-content\/uploads\/2026\/01\/imagem-47.jpg\",\"datePublished\":\"2026-01-14T23:43:02+00:00\",\"dateModified\":\"2026-01-14T23:43:04+00:00\",\"author\":{\"@id\":\"https:\/\/lacerdaai.com\/br\/#\/schema\/person\/8bad803c2e83a0c5c5c75e02a1c2248f\"},\"description\":\"Entenda como a escassez de RAM global pode impactar a evolu\u00e7\u00e3o e o hype em torno dos PCs com IA. Analisamos o que s\u00e3o, suas promessas, desafios e o verdadeiro valor da intelig\u00eancia artificial no seu computador pessoal.\",\"breadcrumb\":{\"@id\":\"https:\/\/lacerdaai.com\/br\/escassez-de-ram-e-o-futuro-dos-pcs-com-ia-uma-pausa-necessaria-para-a-inovacao\/#breadcrumb\"},\"inLanguage\":\"pt-BR\",\"potentialAction\":[{\"@type\":\"ReadAction\",\"target\":[\"https:\/\/lacerdaai.com\/br\/escassez-de-ram-e-o-futuro-dos-pcs-com-ia-uma-pausa-necessaria-para-a-inovacao\/\"]}]},{\"@type\":\"ImageObject\",\"inLanguage\":\"pt-BR\",\"@id\":\"https:\/\/lacerdaai.com\/br\/escassez-de-ram-e-o-futuro-dos-pcs-com-ia-uma-pausa-necessaria-para-a-inovacao\/#primaryimage\",\"url\":\"https:\/\/lacerdaai.com\/br\/wp-content\/uploads\/2026\/01\/imagem-47.jpg\",\"contentUrl\":\"https:\/\/lacerdaai.com\/br\/wp-content\/uploads\/2026\/01\/imagem-47.jpg\",\"width\":1152,\"height\":648},{\"@type\":\"BreadcrumbList\",\"@id\":\"https:\/\/lacerdaai.com\/br\/escassez-de-ram-e-o-futuro-dos-pcs-com-ia-uma-pausa-necessaria-para-a-inovacao\/#breadcrumb\",\"itemListElement\":[{\"@type\":\"ListItem\",\"position\":1,\"name\":\"In\u00edcio\",\"item\":\"https:\/\/lacerdaai.com\/br\/\"},{\"@type\":\"ListItem\",\"position\":2,\"name\":\"Escassez de RAM e o Futuro dos PCs com IA: Uma Pausa Necess\u00e1ria para a Inova\u00e7\u00e3o?\"}]},{\"@type\":\"WebSite\",\"@id\":\"https:\/\/lacerdaai.com\/br\/#website\",\"url\":\"https:\/\/lacerdaai.com\/br\/\",\"name\":\"Lacerda AI\",\"description\":\"Seu blog di\u00e1rio de novidades do mundo da Inteligencia Artificial\",\"potentialAction\":[{\"@type\":\"SearchAction\",\"target\":{\"@type\":\"EntryPoint\",\"urlTemplate\":\"https:\/\/lacerdaai.com\/br\/?s={search_term_string}\"},\"query-input\":{\"@type\":\"PropertyValueSpecification\",\"valueRequired\":true,\"valueName\":\"search_term_string\"}}],\"inLanguage\":\"pt-BR\"},{\"@type\":\"Person\",\"@id\":\"https:\/\/lacerdaai.com\/br\/#\/schema\/person\/8bad803c2e83a0c5c5c75e02a1c2248f\",\"name\":\"Andr\u00e9 Lacerda\",\"image\":{\"@type\":\"ImageObject\",\"inLanguage\":\"pt-BR\",\"@id\":\"https:\/\/lacerdaai.com\/br\/#\/schema\/person\/image\/\",\"url\":\"https:\/\/secure.gravatar.com\/avatar\/f5c1fa5ad9763f54c1f223c3fc91f131da6288c9f9e28d74bb3c355ad99af205?s=96&d=mm&r=g\",\"contentUrl\":\"https:\/\/secure.gravatar.com\/avatar\/f5c1fa5ad9763f54c1f223c3fc91f131da6288c9f9e28d74bb3c355ad99af205?s=96&d=mm&r=g\",\"caption\":\"Andr\u00e9 Lacerda\"},\"description\":\"Sou o Andr\u00e9 Lacerda, tenho 35 anos e sou apaixonado por tecnologia, intelig\u00eancia artificial e boas hist\u00f3rias. Me formei em Tecnologia e Jornalismo \u2014 sim, uma mistura meio improv\u00e1vel, mas que combina muito comigo. J\u00e1 morei no Canad\u00e1 e na Espanha, e essas experi\u00eancias me ajudaram a enxergar a inova\u00e7\u00e3o com um olhar mais global (e a me virar bem em tr\u00eas idiomas \ud83d\ude04). Trabalhei em algumas das maiores empresas de tecnologia do mercado e, hoje, atuo como consultor ajudando neg\u00f3cios a entenderem e aplicarem IA de forma pr\u00e1tica, estrat\u00e9gica e humana. Gosto de traduzir o complexo em algo simples \u2014 e \u00e9 isso que voc\u00ea vai encontrar por aqui.\",\"sameAs\":[\"http:\/\/lacerdaai.com\/br\"],\"url\":\"https:\/\/lacerdaai.com\/br\/author\/red-admin\/\"}]}<\/script>\n<!-- \/ Yoast SEO plugin. -->","yoast_head_json":{"title":"Escassez de RAM e o Futuro dos PCs com IA: Uma Pausa Necess\u00e1ria para a Inova\u00e7\u00e3o? - Lacerda AI","description":"Entenda como a escassez de RAM global pode impactar a evolu\u00e7\u00e3o e o hype em torno dos PCs com IA. Analisamos o que s\u00e3o, suas promessas, desafios e o verdadeiro valor da intelig\u00eancia artificial no seu computador pessoal.","robots":{"index":"index","follow":"follow","max-snippet":"max-snippet:-1","max-image-preview":"max-image-preview:large","max-video-preview":"max-video-preview:-1"},"canonical":"https:\/\/lacerdaai.com\/br\/escassez-de-ram-e-o-futuro-dos-pcs-com-ia-uma-pausa-necessaria-para-a-inovacao\/","og_locale":"pt_BR","og_type":"article","og_title":"Escassez de RAM e o Futuro dos PCs com IA: Uma Pausa Necess\u00e1ria para a Inova\u00e7\u00e3o? - Lacerda AI","og_description":"Entenda como a escassez de RAM global pode impactar a evolu\u00e7\u00e3o e o hype em torno dos PCs com IA. Analisamos o que s\u00e3o, suas promessas, desafios e o verdadeiro valor da intelig\u00eancia artificial no seu computador pessoal.","og_url":"https:\/\/lacerdaai.com\/br\/escassez-de-ram-e-o-futuro-dos-pcs-com-ia-uma-pausa-necessaria-para-a-inovacao\/","og_site_name":"Lacerda AI","article_published_time":"2026-01-14T23:43:02+00:00","article_modified_time":"2026-01-14T23:43:04+00:00","author":"Andr\u00e9 Lacerda","twitter_card":"summary_large_image","twitter_misc":{"Escrito por":"Andr\u00e9 Lacerda","Est. tempo de leitura":"10 minutos"},"schema":{"@context":"https:\/\/schema.org","@graph":[{"@type":"WebPage","@id":"https:\/\/lacerdaai.com\/br\/escassez-de-ram-e-o-futuro-dos-pcs-com-ia-uma-pausa-necessaria-para-a-inovacao\/","url":"https:\/\/lacerdaai.com\/br\/escassez-de-ram-e-o-futuro-dos-pcs-com-ia-uma-pausa-necessaria-para-a-inovacao\/","name":"Escassez de RAM e o Futuro dos PCs com IA: Uma Pausa Necess\u00e1ria para a Inova\u00e7\u00e3o? - Lacerda AI","isPartOf":{"@id":"https:\/\/lacerdaai.com\/br\/#website"},"primaryImageOfPage":{"@id":"https:\/\/lacerdaai.com\/br\/escassez-de-ram-e-o-futuro-dos-pcs-com-ia-uma-pausa-necessaria-para-a-inovacao\/#primaryimage"},"image":{"@id":"https:\/\/lacerdaai.com\/br\/escassez-de-ram-e-o-futuro-dos-pcs-com-ia-uma-pausa-necessaria-para-a-inovacao\/#primaryimage"},"thumbnailUrl":"https:\/\/lacerdaai.com\/br\/wp-content\/uploads\/2026\/01\/imagem-47.jpg","datePublished":"2026-01-14T23:43:02+00:00","dateModified":"2026-01-14T23:43:04+00:00","author":{"@id":"https:\/\/lacerdaai.com\/br\/#\/schema\/person\/8bad803c2e83a0c5c5c75e02a1c2248f"},"description":"Entenda como a escassez de RAM global pode impactar a evolu\u00e7\u00e3o e o hype em torno dos PCs com IA. Analisamos o que s\u00e3o, suas promessas, desafios e o verdadeiro valor da intelig\u00eancia artificial no seu computador pessoal.","breadcrumb":{"@id":"https:\/\/lacerdaai.com\/br\/escassez-de-ram-e-o-futuro-dos-pcs-com-ia-uma-pausa-necessaria-para-a-inovacao\/#breadcrumb"},"inLanguage":"pt-BR","potentialAction":[{"@type":"ReadAction","target":["https:\/\/lacerdaai.com\/br\/escassez-de-ram-e-o-futuro-dos-pcs-com-ia-uma-pausa-necessaria-para-a-inovacao\/"]}]},{"@type":"ImageObject","inLanguage":"pt-BR","@id":"https:\/\/lacerdaai.com\/br\/escassez-de-ram-e-o-futuro-dos-pcs-com-ia-uma-pausa-necessaria-para-a-inovacao\/#primaryimage","url":"https:\/\/lacerdaai.com\/br\/wp-content\/uploads\/2026\/01\/imagem-47.jpg","contentUrl":"https:\/\/lacerdaai.com\/br\/wp-content\/uploads\/2026\/01\/imagem-47.jpg","width":1152,"height":648},{"@type":"BreadcrumbList","@id":"https:\/\/lacerdaai.com\/br\/escassez-de-ram-e-o-futuro-dos-pcs-com-ia-uma-pausa-necessaria-para-a-inovacao\/#breadcrumb","itemListElement":[{"@type":"ListItem","position":1,"name":"In\u00edcio","item":"https:\/\/lacerdaai.com\/br\/"},{"@type":"ListItem","position":2,"name":"Escassez de RAM e o Futuro dos PCs com IA: Uma Pausa Necess\u00e1ria para a Inova\u00e7\u00e3o?"}]},{"@type":"WebSite","@id":"https:\/\/lacerdaai.com\/br\/#website","url":"https:\/\/lacerdaai.com\/br\/","name":"Lacerda AI","description":"Seu blog di\u00e1rio de novidades do mundo da Inteligencia Artificial","potentialAction":[{"@type":"SearchAction","target":{"@type":"EntryPoint","urlTemplate":"https:\/\/lacerdaai.com\/br\/?s={search_term_string}"},"query-input":{"@type":"PropertyValueSpecification","valueRequired":true,"valueName":"search_term_string"}}],"inLanguage":"pt-BR"},{"@type":"Person","@id":"https:\/\/lacerdaai.com\/br\/#\/schema\/person\/8bad803c2e83a0c5c5c75e02a1c2248f","name":"Andr\u00e9 Lacerda","image":{"@type":"ImageObject","inLanguage":"pt-BR","@id":"https:\/\/lacerdaai.com\/br\/#\/schema\/person\/image\/","url":"https:\/\/secure.gravatar.com\/avatar\/f5c1fa5ad9763f54c1f223c3fc91f131da6288c9f9e28d74bb3c355ad99af205?s=96&d=mm&r=g","contentUrl":"https:\/\/secure.gravatar.com\/avatar\/f5c1fa5ad9763f54c1f223c3fc91f131da6288c9f9e28d74bb3c355ad99af205?s=96&d=mm&r=g","caption":"Andr\u00e9 Lacerda"},"description":"Sou o Andr\u00e9 Lacerda, tenho 35 anos e sou apaixonado por tecnologia, intelig\u00eancia artificial e boas hist\u00f3rias. Me formei em Tecnologia e Jornalismo \u2014 sim, uma mistura meio improv\u00e1vel, mas que combina muito comigo. J\u00e1 morei no Canad\u00e1 e na Espanha, e essas experi\u00eancias me ajudaram a enxergar a inova\u00e7\u00e3o com um olhar mais global (e a me virar bem em tr\u00eas idiomas \ud83d\ude04). Trabalhei em algumas das maiores empresas de tecnologia do mercado e, hoje, atuo como consultor ajudando neg\u00f3cios a entenderem e aplicarem IA de forma pr\u00e1tica, estrat\u00e9gica e humana. Gosto de traduzir o complexo em algo simples \u2014 e \u00e9 isso que voc\u00ea vai encontrar por aqui.","sameAs":["http:\/\/lacerdaai.com\/br"],"url":"https:\/\/lacerdaai.com\/br\/author\/red-admin\/"}]}},"_links":{"self":[{"href":"https:\/\/lacerdaai.com\/br\/wp-json\/wp\/v2\/posts\/3197","targetHints":{"allow":["GET"]}}],"collection":[{"href":"https:\/\/lacerdaai.com\/br\/wp-json\/wp\/v2\/posts"}],"about":[{"href":"https:\/\/lacerdaai.com\/br\/wp-json\/wp\/v2\/types\/post"}],"author":[{"embeddable":true,"href":"https:\/\/lacerdaai.com\/br\/wp-json\/wp\/v2\/users\/1"}],"replies":[{"embeddable":true,"href":"https:\/\/lacerdaai.com\/br\/wp-json\/wp\/v2\/comments?post=3197"}],"version-history":[{"count":1,"href":"https:\/\/lacerdaai.com\/br\/wp-json\/wp\/v2\/posts\/3197\/revisions"}],"predecessor-version":[{"id":3198,"href":"https:\/\/lacerdaai.com\/br\/wp-json\/wp\/v2\/posts\/3197\/revisions\/3198"}],"wp:featuredmedia":[{"embeddable":true,"href":"https:\/\/lacerdaai.com\/br\/wp-json\/wp\/v2\/media\/3196"}],"wp:attachment":[{"href":"https:\/\/lacerdaai.com\/br\/wp-json\/wp\/v2\/media?parent=3197"}],"wp:term":[{"taxonomy":"category","embeddable":true,"href":"https:\/\/lacerdaai.com\/br\/wp-json\/wp\/v2\/categories?post=3197"},{"taxonomy":"post_tag","embeddable":true,"href":"https:\/\/lacerdaai.com\/br\/wp-json\/wp\/v2\/tags?post=3197"}],"curies":[{"name":"wp","href":"https:\/\/api.w.org\/{rel}","templated":true}]}}