{"id":3203,"date":"2026-01-15T04:43:18","date_gmt":"2026-01-15T07:43:18","guid":{"rendered":"https:\/\/lacerdaai.com\/br\/matthew-mcconaughey-e-a-luta-inovadora-contra-a-ia-protegendo-a-identidade-na-era-digital\/"},"modified":"2026-01-15T04:43:20","modified_gmt":"2026-01-15T07:43:20","slug":"matthew-mcconaughey-e-a-luta-inovadora-contra-a-ia-protegendo-a-identidade-na-era-digital","status":"publish","type":"post","link":"https:\/\/lacerdaai.com\/br\/matthew-mcconaughey-e-a-luta-inovadora-contra-a-ia-protegendo-a-identidade-na-era-digital\/","title":{"rendered":"Matthew McConaughey e a Luta Inovadora Contra a IA: Protegendo a Identidade na Era Digital"},"content":{"rendered":"<p>A ascens\u00e3o da intelig\u00eancia artificial transformou radicalmente nossa intera\u00e7\u00e3o com o mundo digital. De assistentes virtuais a algoritmos de recomenda\u00e7\u00e3o, a IA permeia nosso cotidiano, trazendo inova\u00e7\u00f5es incr\u00edveis e, ao mesmo tempo, desafios complexes. Um desses desafios, que ganha contornos cada vez mais n\u00edtidos, \u00e9 o uso indevido da imagem e voz de indiv\u00edduos, especialmente figuras p\u00fablicas, por meio de tecnologias como os deepfakes. Em um movimento que pode redefinir as estrat\u00e9gias de defesa na era digital, o aclamado ator Matthew McConaughey est\u00e1 tomando medidas legais proativas, buscando registrar marcas de sua pr\u00f3pria imagem e express\u00f5es ic\u00f4nicas para combater futuros abusos de IA. Prepare-se para mergulhar em uma discuss\u00e3o fascinante sobre como a propriedade intelectual e a inova\u00e7\u00e3o tecnol\u00f3gica colidem, e o que isso significa para todos n\u00f3s na defesa da nossa identidade online.<\/p>\n<p>### **Prote\u00e7\u00e3o de imagem com IA**: A Estrat\u00e9gia Pioneira de Matthew McConaughey<\/p>\n<p>A ideia de registrar uma marca de si mesmo pode parecer, \u00e0 primeira vista, um tanto incomum. Contudo, no contexto da intelig\u00eancia artificial e da prolifera\u00e7\u00e3o de conte\u00fados gerados por IA, a iniciativa de Matthew McConaughey \u00e9 um movimento estrat\u00e9gico e potencialmente revolucion\u00e1rio. O ator, conhecido por frases marcantes como \u201cAlright, alright, alright\u201d e por seu olhar penetrante para a c\u00e2mera, est\u00e1 buscando registrar esses elementos distintivos como marcas. Mas o que isso realmente significa na pr\u00e1tica, e como pode ser usado para combater o uso indevido da sua imagem por meio de IA?<\/p>\n<p>Tradicionalmente, a marca comercial protege nomes, logotipos, slogans e outros identificadores que distinguem produtos ou servi\u00e7os de uma empresa no mercado. A iniciativa de McConaughey expande esse conceito para a **prote\u00e7\u00e3o de imagem com IA**, transformando caracter\u00edsticas intr\u00ednsecas \u00e0 sua persona p\u00fablica em ativos registr\u00e1veis. Ao ter a propriedade dessas marcas, McConaughey ganha uma ferramenta legal poderosa. Se um deepfake ou qualquer outro conte\u00fado gerado por IA usar sua voz com a frase \u201cAlright, alright, alright\u201d ou recriar sua express\u00e3o caracter\u00edstica em um contexto n\u00e3o autorizado, ele poder\u00e1 alegar viola\u00e7\u00e3o de marca. Isso pode oferecer um caminho mais direto para a\u00e7\u00f5es judiciais do que as leis de direitos autorais ou de direito de publicidade existentes, que muitas vezes lutam para se adaptar \u00e0 velocidade e complexidade das tecnologias de IA.<\/p>\n<p>Essa abordagem \u00e9 particularmente relevante porque os deepfakes \u2014 v\u00eddeos e \u00e1udios manipulados por IA que fazem com que pessoas pare\u00e7am dizer ou fazer coisas que nunca fizeram \u2014 se tornaram uma amea\u00e7a crescente. Eles podem ser usados para difama\u00e7\u00e3o, fraude, desinforma\u00e7\u00e3o e at\u00e9 mesmo chantagem. Para uma figura p\u00fablica como McConaughey, cuja carreira e reputa\u00e7\u00e3o dependem fortemente de sua imagem aut\u00eantica, a amea\u00e7a \u00e9 ainda mais palp\u00e1vel. A **prote\u00e7\u00e3o de imagem com IA** via registro de marca, neste cen\u00e1rio, n\u00e3o \u00e9 apenas sobre monetiza\u00e7\u00e3o, mas sim sobre o controle e a integridade da sua identidade digital.<\/p>\n<p>### O Avan\u00e7o dos Deepfakes e os Desafios Legais Existentes<\/p>\n<p>N\u00e3o \u00e9 exagero dizer que estamos vivendo na era da &#8220;p\u00f3s-verdade digital&#8221;, onde a linha entre o real e o artificial se torna cada vez mais t\u00eanue. Os deepfakes s\u00e3o, talvez, a manifesta\u00e7\u00e3o mais impressionante e preocupante dessa realidade. Com algoritmos de aprendizado de m\u00e1quina e redes neurais generativas adversariais (GANs), \u00e9 poss\u00edvel criar v\u00eddeos de pessoas que parecem incrivelmente reais, mas que s\u00e3o completamente fabricados. J\u00e1 vimos exemplos perturbadores que v\u00e3o desde v\u00eddeos de pol\u00edticos fazendo declara\u00e7\u00f5es falsas at\u00e9 produ\u00e7\u00f5es pornogr\u00e1ficas n\u00e3o consensuais envolvendo celebridades e pessoas comuns.<\/p>\n<p>O impacto desses conte\u00fados \u00e9 vasto. Para o p\u00fablico em geral, a capacidade de discernir a verdade se torna um desafio herc\u00faleo, minando a confian\u00e7a nas m\u00eddias e institui\u00e7\u00f5es. Para indiv\u00edduos, as consequ\u00eancias podem ser devastadoras, afetando reputa\u00e7\u00f5es, carreiras e at\u00e9 a sa\u00fade mental. Celebridades, em particular, s\u00e3o alvos frequentes devido \u00e0 sua visibilidade e ao valor de sua imagem. No Brasil e no mundo, a discuss\u00e3o sobre a criminaliza\u00e7\u00e3o de deepfakes maliciosos est\u00e1 em pauta, mas a legisla\u00e7\u00e3o muitas vezes anda a passos lentos em compara\u00e7\u00e3o com o ritmo da inova\u00e7\u00e3o tecnol\u00f3gica.<\/p>\n<p>As leis atuais, como as de direitos de imagem, direito de publicidade (no caso de celebridades), difama\u00e7\u00e3o ou cal\u00fania, oferecem alguma prote\u00e7\u00e3o, mas s\u00e3o frequentemente inadequadas para lidar com a natureza espec\u00edfica dos deepfakes. O \u00f4nus da prova pode ser dif\u00edcil, e as compensa\u00e7\u00f5es nem sempre reparam o dano causado pela r\u00e1pida dissemina\u00e7\u00e3o online. Al\u00e9m disso, a jurisdi\u00e7\u00e3o \u00e9 um labirinto quando o criador e o distribuidor do deepfake est\u00e3o em diferentes partes do mundo. A estrat\u00e9gia de McConaughey surge nesse v\u00e1cuo legal, buscando uma **prote\u00e7\u00e3o de imagem com IA** que seja mais direta e eficaz para combater o uso de sua &#8216;persona&#8217; digital.<\/p>\n<p>### Propriedade Intelectual na Era da IA: Um Novo Campo de Batalha<\/p>\n<p>A propriedade intelectual (PI) sempre foi um campo din\u00e2mico, adaptando-se a novas tecnologias e formas de express\u00e3o. Da inven\u00e7\u00e3o da fotografia ao surgimento da internet, as leis de direitos autorais, patentes e marcas tiveram que evoluir. A intelig\u00eancia artificial, no entanto, representa um salto qu\u00e2ntico, apresentando desafios sem precedentes. Quem \u00e9 o &#8216;autor&#8217; de uma obra gerada por IA? Quem det\u00e9m os direitos sobre uma voz ou imagem sintetizada? Essas s\u00e3o as perguntas que juristas, criadores e entusiastas de tecnologia est\u00e3o tentando responder.<\/p>\n<p>No contexto das celebridades, a quest\u00e3o da clonagem de voz e da recria\u00e7\u00e3o de rostos por IA \u00e9 particularmente cr\u00edtica. A voz de um ator ou cantor, ou a apar\u00eancia de uma estrela de cinema, \u00e9 parte integrante de sua marca pessoal e de seu valor comercial. Empresas de IA j\u00e1 demonstraram a capacidade de replicar vozes de forma assustadoramente precisa, gerando preocupa\u00e7\u00f5es sobre seu uso em publicidade, filmes e at\u00e9 mesmo em fraudes. Da mesma forma, a capacidade de gerar um ator digital &#8220;id\u00eantico&#8221; levanta quest\u00f5es sobre os direitos de herdeiros de artistas falecidos ou sobre a explora\u00e7\u00e3o de figuras p\u00fablicas que n\u00e3o consentiram com o uso de sua imagem.<\/p>\n<p>A movimenta\u00e7\u00e3o de Matthew McConaughey para registrar aspectos de sua persona como marca \u00e9 um indicativo de que as figuras p\u00fablicas est\u00e3o buscando solu\u00e7\u00f5es inovadoras para proteger seus ativos mais valiosos em um cen\u00e1rio digital em constante muta\u00e7\u00e3o. N\u00e3o se trata apenas de direitos de imagem, mas de estabelecer um precedente sobre como a identidade individual, com suas nuances e particularidades, pode ser defendida contra a apropria\u00e7\u00e3o por algoritmos. Essa **prote\u00e7\u00e3o de imagem com IA** pode inspirar outros a explorar o registro de elementos como padr\u00f5es de fala, gestos, e at\u00e9 mesmo a &#8216;aura&#8217; de suas marcas pessoais, criando um novo tipo de arsenal legal para enfrentar os desafios impostos pela IA.<\/p>\n<p>Essa \u00e9 uma corrida armamentista legal e tecnol\u00f3gica. Enquanto as tecnologias de IA se tornam mais sofisticadas, as estrat\u00e9gias de prote\u00e7\u00e3o devem evoluir da mesma forma. A busca por clareza legal e mecanismos de fiscaliza\u00e7\u00e3o robustos \u00e9 essencial para que o potencial transformador da IA possa ser explorado de forma \u00e9tica e respons\u00e1vel, sem comprometer a integridade e os direitos dos indiv\u00edduos.<\/p>\n<p>### O Futuro da Identidade Digital e a Responsabilidade da IA<\/p>\n<p>A iniciativa de Matthew McConaughey \u00e9 mais do que uma simples manobra legal; \u00e9 um alerta sobre a crescente necessidade de proteger nossa identidade em um mundo onde a distin\u00e7\u00e3o entre o real e o sint\u00e9tico se desfaz. \u00c0 medida que a IA se torna mais onipresente, a discuss\u00e3o sobre quem controla nossa imagem, nossa voz e nossa persona digital se torna central. Isso levanta quest\u00f5es profundas sobre o consentimento, a autonomia e a \u00e9tica no desenvolvimento e uso da intelig\u00eancia artificial.<\/p>\n<p>Para al\u00e9m das celebridades, essa discuss\u00e3o tem implica\u00e7\u00f5es para todos. Se a voz de um indiv\u00edduo comum pode ser clonada para cometer fraudes, ou sua imagem manipulada para espalhar desinforma\u00e7\u00e3o, a seguran\u00e7a e a privacidade de todos est\u00e3o em risco. A **prote\u00e7\u00e3o de imagem com IA** por meio de registros de marca pode ser um passo, mas o futuro exigir\u00e1 uma abordagem multifacetada, combinando avan\u00e7os tecnol\u00f3gicos em detec\u00e7\u00e3o de deepfakes, legisla\u00e7\u00e3o robusta e uma conscientiza\u00e7\u00e3o p\u00fablica cada vez maior.<\/p>\n<p>Desenvolvedores de IA, empresas de tecnologia e legisladores t\u00eam uma responsabilidade compartilhada em construir um ecossistema digital que priorize a seguran\u00e7a e os direitos humanos. Isso significa investir em mecanismos de autentica\u00e7\u00e3o de conte\u00fado, desenvolver padr\u00f5es \u00e9ticos para IA e criar marcos legais que acompanhem a evolu\u00e7\u00e3o tecnol\u00f3gica. A\u00e7\u00f5es individuais, como a de McConaughey, s\u00e3o catalisadores importantes para iniciar essas conversas e impulsionar a mudan\u00e7a necess\u00e1ria para garantir que a IA sirva \u00e0 humanidade, em vez de minar sua confian\u00e7a e integridade.<\/p>\n<p>A luta para proteger a identidade na era digital \u00e9 apenas o come\u00e7o. A iniciativa de Matthew McConaughey \u00e9 um farol que ilumina o caminho para novas formas de pensar a propriedade intelectual e os direitos individuais no s\u00e9culo XXI. Ao transformar gestos e frases em ativos protegidos, ele n\u00e3o apenas defende sua pr\u00f3pria marca, mas tamb\u00e9m pavimenta o caminho para que outros possam reivindicar o controle sobre sua pr\u00f3pria imagem e voz em um mundo cada vez mais moldado pela intelig\u00eancia artificial. O que est\u00e1 em jogo \u00e9 nada menos que a nossa capacidade de distinguir a verdade do fabricado, e de manter a autonomia sobre quem somos no espa\u00e7o digital.<\/p>\n","protected":false},"excerpt":{"rendered":"<p>A ascens\u00e3o da intelig\u00eancia artificial transformou radicalmente nossa intera\u00e7\u00e3o com o mundo digital. De assistentes virtuais a algoritmos de recomenda\u00e7\u00e3o, a IA permeia nosso cotidiano, trazendo inova\u00e7\u00f5es incr\u00edveis e, ao mesmo tempo, desafios complexes. Um desses desafios, que ganha contornos cada vez mais n\u00edtidos, \u00e9 o uso indevido da imagem e voz de indiv\u00edduos, especialmente [&hellip;]<\/p>\n","protected":false},"author":1,"featured_media":3202,"comment_status":"open","ping_status":"open","sticky":false,"template":"","format":"standard","meta":{"_yoast_wpseo_focuskw":"prote\u00e7\u00e3o de imagem com IA","_yoast_wpseo_metadesc":"Descubra como Matthew McConaughey est\u00e1 usando registros de marca para combater o uso indevido de IA e deepfakes, e o que isso significa para a prote\u00e7\u00e3o de imagem na era digital. Uma an\u00e1lise aprofundada sobre direitos autorais, intelig\u00eancia artificial e o futuro da identidade online.","footnotes":""},"categories":[2],"tags":[],"class_list":["post-3203","post","type-post","status-publish","format-standard","has-post-thumbnail","hentry","category-novidades"],"yoast_head":"<!-- This site is optimized with the Yoast SEO plugin v25.6 - https:\/\/yoast.com\/wordpress\/plugins\/seo\/ -->\n<title>Matthew McConaughey e a Luta Inovadora Contra a IA: Protegendo a Identidade na Era Digital - Lacerda AI<\/title>\n<meta name=\"description\" content=\"Descubra como Matthew McConaughey est\u00e1 usando registros de marca para combater o uso indevido de IA e deepfakes, e o que isso significa para a prote\u00e7\u00e3o de imagem na era digital. Uma an\u00e1lise aprofundada sobre direitos autorais, intelig\u00eancia artificial e o futuro da identidade online.\" \/>\n<meta name=\"robots\" content=\"index, follow, max-snippet:-1, max-image-preview:large, max-video-preview:-1\" \/>\n<link rel=\"canonical\" href=\"https:\/\/lacerdaai.com\/br\/matthew-mcconaughey-e-a-luta-inovadora-contra-a-ia-protegendo-a-identidade-na-era-digital\/\" \/>\n<meta property=\"og:locale\" content=\"pt_BR\" \/>\n<meta property=\"og:type\" content=\"article\" \/>\n<meta property=\"og:title\" content=\"Matthew McConaughey e a Luta Inovadora Contra a IA: Protegendo a Identidade na Era Digital - Lacerda AI\" \/>\n<meta property=\"og:description\" content=\"Descubra como Matthew McConaughey est\u00e1 usando registros de marca para combater o uso indevido de IA e deepfakes, e o que isso significa para a prote\u00e7\u00e3o de imagem na era digital. Uma an\u00e1lise aprofundada sobre direitos autorais, intelig\u00eancia artificial e o futuro da identidade online.\" \/>\n<meta property=\"og:url\" content=\"https:\/\/lacerdaai.com\/br\/matthew-mcconaughey-e-a-luta-inovadora-contra-a-ia-protegendo-a-identidade-na-era-digital\/\" \/>\n<meta property=\"og:site_name\" content=\"Lacerda AI\" \/>\n<meta property=\"article:published_time\" content=\"2026-01-15T07:43:18+00:00\" \/>\n<meta property=\"article:modified_time\" content=\"2026-01-15T07:43:20+00:00\" \/>\n<meta name=\"author\" content=\"Andr\u00e9 Lacerda\" \/>\n<meta name=\"twitter:card\" content=\"summary_large_image\" \/>\n<meta name=\"twitter:label1\" content=\"Escrito por\" \/>\n\t<meta name=\"twitter:data1\" content=\"Andr\u00e9 Lacerda\" \/>\n\t<meta name=\"twitter:label2\" content=\"Est. tempo de leitura\" \/>\n\t<meta name=\"twitter:data2\" content=\"8 minutos\" \/>\n<script type=\"application\/ld+json\" class=\"yoast-schema-graph\">{\"@context\":\"https:\/\/schema.org\",\"@graph\":[{\"@type\":\"WebPage\",\"@id\":\"https:\/\/lacerdaai.com\/br\/matthew-mcconaughey-e-a-luta-inovadora-contra-a-ia-protegendo-a-identidade-na-era-digital\/\",\"url\":\"https:\/\/lacerdaai.com\/br\/matthew-mcconaughey-e-a-luta-inovadora-contra-a-ia-protegendo-a-identidade-na-era-digital\/\",\"name\":\"Matthew McConaughey e a Luta Inovadora Contra a IA: Protegendo a Identidade na Era Digital - Lacerda AI\",\"isPartOf\":{\"@id\":\"https:\/\/lacerdaai.com\/br\/#website\"},\"primaryImageOfPage\":{\"@id\":\"https:\/\/lacerdaai.com\/br\/matthew-mcconaughey-e-a-luta-inovadora-contra-a-ia-protegendo-a-identidade-na-era-digital\/#primaryimage\"},\"image\":{\"@id\":\"https:\/\/lacerdaai.com\/br\/matthew-mcconaughey-e-a-luta-inovadora-contra-a-ia-protegendo-a-identidade-na-era-digital\/#primaryimage\"},\"thumbnailUrl\":\"https:\/\/lacerdaai.com\/br\/wp-content\/uploads\/2026\/01\/imagem-48.jpg\",\"datePublished\":\"2026-01-15T07:43:18+00:00\",\"dateModified\":\"2026-01-15T07:43:20+00:00\",\"author\":{\"@id\":\"https:\/\/lacerdaai.com\/br\/#\/schema\/person\/8bad803c2e83a0c5c5c75e02a1c2248f\"},\"description\":\"Descubra como Matthew McConaughey est\u00e1 usando registros de marca para combater o uso indevido de IA e deepfakes, e o que isso significa para a prote\u00e7\u00e3o de imagem na era digital. Uma an\u00e1lise aprofundada sobre direitos autorais, intelig\u00eancia artificial e o futuro da identidade online.\",\"breadcrumb\":{\"@id\":\"https:\/\/lacerdaai.com\/br\/matthew-mcconaughey-e-a-luta-inovadora-contra-a-ia-protegendo-a-identidade-na-era-digital\/#breadcrumb\"},\"inLanguage\":\"pt-BR\",\"potentialAction\":[{\"@type\":\"ReadAction\",\"target\":[\"https:\/\/lacerdaai.com\/br\/matthew-mcconaughey-e-a-luta-inovadora-contra-a-ia-protegendo-a-identidade-na-era-digital\/\"]}]},{\"@type\":\"ImageObject\",\"inLanguage\":\"pt-BR\",\"@id\":\"https:\/\/lacerdaai.com\/br\/matthew-mcconaughey-e-a-luta-inovadora-contra-a-ia-protegendo-a-identidade-na-era-digital\/#primaryimage\",\"url\":\"https:\/\/lacerdaai.com\/br\/wp-content\/uploads\/2026\/01\/imagem-48.jpg\",\"contentUrl\":\"https:\/\/lacerdaai.com\/br\/wp-content\/uploads\/2026\/01\/imagem-48.jpg\",\"width\":1280,\"height\":640},{\"@type\":\"BreadcrumbList\",\"@id\":\"https:\/\/lacerdaai.com\/br\/matthew-mcconaughey-e-a-luta-inovadora-contra-a-ia-protegendo-a-identidade-na-era-digital\/#breadcrumb\",\"itemListElement\":[{\"@type\":\"ListItem\",\"position\":1,\"name\":\"In\u00edcio\",\"item\":\"https:\/\/lacerdaai.com\/br\/\"},{\"@type\":\"ListItem\",\"position\":2,\"name\":\"Matthew McConaughey e a Luta Inovadora Contra a IA: Protegendo a Identidade na Era Digital\"}]},{\"@type\":\"WebSite\",\"@id\":\"https:\/\/lacerdaai.com\/br\/#website\",\"url\":\"https:\/\/lacerdaai.com\/br\/\",\"name\":\"Lacerda AI\",\"description\":\"Seu blog di\u00e1rio de novidades do mundo da Inteligencia Artificial\",\"potentialAction\":[{\"@type\":\"SearchAction\",\"target\":{\"@type\":\"EntryPoint\",\"urlTemplate\":\"https:\/\/lacerdaai.com\/br\/?s={search_term_string}\"},\"query-input\":{\"@type\":\"PropertyValueSpecification\",\"valueRequired\":true,\"valueName\":\"search_term_string\"}}],\"inLanguage\":\"pt-BR\"},{\"@type\":\"Person\",\"@id\":\"https:\/\/lacerdaai.com\/br\/#\/schema\/person\/8bad803c2e83a0c5c5c75e02a1c2248f\",\"name\":\"Andr\u00e9 Lacerda\",\"image\":{\"@type\":\"ImageObject\",\"inLanguage\":\"pt-BR\",\"@id\":\"https:\/\/lacerdaai.com\/br\/#\/schema\/person\/image\/\",\"url\":\"https:\/\/secure.gravatar.com\/avatar\/f5c1fa5ad9763f54c1f223c3fc91f131da6288c9f9e28d74bb3c355ad99af205?s=96&d=mm&r=g\",\"contentUrl\":\"https:\/\/secure.gravatar.com\/avatar\/f5c1fa5ad9763f54c1f223c3fc91f131da6288c9f9e28d74bb3c355ad99af205?s=96&d=mm&r=g\",\"caption\":\"Andr\u00e9 Lacerda\"},\"description\":\"Sou o Andr\u00e9 Lacerda, tenho 35 anos e sou apaixonado por tecnologia, intelig\u00eancia artificial e boas hist\u00f3rias. Me formei em Tecnologia e Jornalismo \u2014 sim, uma mistura meio improv\u00e1vel, mas que combina muito comigo. J\u00e1 morei no Canad\u00e1 e na Espanha, e essas experi\u00eancias me ajudaram a enxergar a inova\u00e7\u00e3o com um olhar mais global (e a me virar bem em tr\u00eas idiomas \ud83d\ude04). Trabalhei em algumas das maiores empresas de tecnologia do mercado e, hoje, atuo como consultor ajudando neg\u00f3cios a entenderem e aplicarem IA de forma pr\u00e1tica, estrat\u00e9gica e humana. Gosto de traduzir o complexo em algo simples \u2014 e \u00e9 isso que voc\u00ea vai encontrar por aqui.\",\"sameAs\":[\"http:\/\/lacerdaai.com\/br\"],\"url\":\"https:\/\/lacerdaai.com\/br\/author\/red-admin\/\"}]}<\/script>\n<!-- \/ Yoast SEO plugin. -->","yoast_head_json":{"title":"Matthew McConaughey e a Luta Inovadora Contra a IA: Protegendo a Identidade na Era Digital - Lacerda AI","description":"Descubra como Matthew McConaughey est\u00e1 usando registros de marca para combater o uso indevido de IA e deepfakes, e o que isso significa para a prote\u00e7\u00e3o de imagem na era digital. Uma an\u00e1lise aprofundada sobre direitos autorais, intelig\u00eancia artificial e o futuro da identidade online.","robots":{"index":"index","follow":"follow","max-snippet":"max-snippet:-1","max-image-preview":"max-image-preview:large","max-video-preview":"max-video-preview:-1"},"canonical":"https:\/\/lacerdaai.com\/br\/matthew-mcconaughey-e-a-luta-inovadora-contra-a-ia-protegendo-a-identidade-na-era-digital\/","og_locale":"pt_BR","og_type":"article","og_title":"Matthew McConaughey e a Luta Inovadora Contra a IA: Protegendo a Identidade na Era Digital - Lacerda AI","og_description":"Descubra como Matthew McConaughey est\u00e1 usando registros de marca para combater o uso indevido de IA e deepfakes, e o que isso significa para a prote\u00e7\u00e3o de imagem na era digital. Uma an\u00e1lise aprofundada sobre direitos autorais, intelig\u00eancia artificial e o futuro da identidade online.","og_url":"https:\/\/lacerdaai.com\/br\/matthew-mcconaughey-e-a-luta-inovadora-contra-a-ia-protegendo-a-identidade-na-era-digital\/","og_site_name":"Lacerda AI","article_published_time":"2026-01-15T07:43:18+00:00","article_modified_time":"2026-01-15T07:43:20+00:00","author":"Andr\u00e9 Lacerda","twitter_card":"summary_large_image","twitter_misc":{"Escrito por":"Andr\u00e9 Lacerda","Est. tempo de leitura":"8 minutos"},"schema":{"@context":"https:\/\/schema.org","@graph":[{"@type":"WebPage","@id":"https:\/\/lacerdaai.com\/br\/matthew-mcconaughey-e-a-luta-inovadora-contra-a-ia-protegendo-a-identidade-na-era-digital\/","url":"https:\/\/lacerdaai.com\/br\/matthew-mcconaughey-e-a-luta-inovadora-contra-a-ia-protegendo-a-identidade-na-era-digital\/","name":"Matthew McConaughey e a Luta Inovadora Contra a IA: Protegendo a Identidade na Era Digital - Lacerda AI","isPartOf":{"@id":"https:\/\/lacerdaai.com\/br\/#website"},"primaryImageOfPage":{"@id":"https:\/\/lacerdaai.com\/br\/matthew-mcconaughey-e-a-luta-inovadora-contra-a-ia-protegendo-a-identidade-na-era-digital\/#primaryimage"},"image":{"@id":"https:\/\/lacerdaai.com\/br\/matthew-mcconaughey-e-a-luta-inovadora-contra-a-ia-protegendo-a-identidade-na-era-digital\/#primaryimage"},"thumbnailUrl":"https:\/\/lacerdaai.com\/br\/wp-content\/uploads\/2026\/01\/imagem-48.jpg","datePublished":"2026-01-15T07:43:18+00:00","dateModified":"2026-01-15T07:43:20+00:00","author":{"@id":"https:\/\/lacerdaai.com\/br\/#\/schema\/person\/8bad803c2e83a0c5c5c75e02a1c2248f"},"description":"Descubra como Matthew McConaughey est\u00e1 usando registros de marca para combater o uso indevido de IA e deepfakes, e o que isso significa para a prote\u00e7\u00e3o de imagem na era digital. Uma an\u00e1lise aprofundada sobre direitos autorais, intelig\u00eancia artificial e o futuro da identidade online.","breadcrumb":{"@id":"https:\/\/lacerdaai.com\/br\/matthew-mcconaughey-e-a-luta-inovadora-contra-a-ia-protegendo-a-identidade-na-era-digital\/#breadcrumb"},"inLanguage":"pt-BR","potentialAction":[{"@type":"ReadAction","target":["https:\/\/lacerdaai.com\/br\/matthew-mcconaughey-e-a-luta-inovadora-contra-a-ia-protegendo-a-identidade-na-era-digital\/"]}]},{"@type":"ImageObject","inLanguage":"pt-BR","@id":"https:\/\/lacerdaai.com\/br\/matthew-mcconaughey-e-a-luta-inovadora-contra-a-ia-protegendo-a-identidade-na-era-digital\/#primaryimage","url":"https:\/\/lacerdaai.com\/br\/wp-content\/uploads\/2026\/01\/imagem-48.jpg","contentUrl":"https:\/\/lacerdaai.com\/br\/wp-content\/uploads\/2026\/01\/imagem-48.jpg","width":1280,"height":640},{"@type":"BreadcrumbList","@id":"https:\/\/lacerdaai.com\/br\/matthew-mcconaughey-e-a-luta-inovadora-contra-a-ia-protegendo-a-identidade-na-era-digital\/#breadcrumb","itemListElement":[{"@type":"ListItem","position":1,"name":"In\u00edcio","item":"https:\/\/lacerdaai.com\/br\/"},{"@type":"ListItem","position":2,"name":"Matthew McConaughey e a Luta Inovadora Contra a IA: Protegendo a Identidade na Era Digital"}]},{"@type":"WebSite","@id":"https:\/\/lacerdaai.com\/br\/#website","url":"https:\/\/lacerdaai.com\/br\/","name":"Lacerda AI","description":"Seu blog di\u00e1rio de novidades do mundo da Inteligencia Artificial","potentialAction":[{"@type":"SearchAction","target":{"@type":"EntryPoint","urlTemplate":"https:\/\/lacerdaai.com\/br\/?s={search_term_string}"},"query-input":{"@type":"PropertyValueSpecification","valueRequired":true,"valueName":"search_term_string"}}],"inLanguage":"pt-BR"},{"@type":"Person","@id":"https:\/\/lacerdaai.com\/br\/#\/schema\/person\/8bad803c2e83a0c5c5c75e02a1c2248f","name":"Andr\u00e9 Lacerda","image":{"@type":"ImageObject","inLanguage":"pt-BR","@id":"https:\/\/lacerdaai.com\/br\/#\/schema\/person\/image\/","url":"https:\/\/secure.gravatar.com\/avatar\/f5c1fa5ad9763f54c1f223c3fc91f131da6288c9f9e28d74bb3c355ad99af205?s=96&d=mm&r=g","contentUrl":"https:\/\/secure.gravatar.com\/avatar\/f5c1fa5ad9763f54c1f223c3fc91f131da6288c9f9e28d74bb3c355ad99af205?s=96&d=mm&r=g","caption":"Andr\u00e9 Lacerda"},"description":"Sou o Andr\u00e9 Lacerda, tenho 35 anos e sou apaixonado por tecnologia, intelig\u00eancia artificial e boas hist\u00f3rias. Me formei em Tecnologia e Jornalismo \u2014 sim, uma mistura meio improv\u00e1vel, mas que combina muito comigo. J\u00e1 morei no Canad\u00e1 e na Espanha, e essas experi\u00eancias me ajudaram a enxergar a inova\u00e7\u00e3o com um olhar mais global (e a me virar bem em tr\u00eas idiomas \ud83d\ude04). Trabalhei em algumas das maiores empresas de tecnologia do mercado e, hoje, atuo como consultor ajudando neg\u00f3cios a entenderem e aplicarem IA de forma pr\u00e1tica, estrat\u00e9gica e humana. Gosto de traduzir o complexo em algo simples \u2014 e \u00e9 isso que voc\u00ea vai encontrar por aqui.","sameAs":["http:\/\/lacerdaai.com\/br"],"url":"https:\/\/lacerdaai.com\/br\/author\/red-admin\/"}]}},"_links":{"self":[{"href":"https:\/\/lacerdaai.com\/br\/wp-json\/wp\/v2\/posts\/3203","targetHints":{"allow":["GET"]}}],"collection":[{"href":"https:\/\/lacerdaai.com\/br\/wp-json\/wp\/v2\/posts"}],"about":[{"href":"https:\/\/lacerdaai.com\/br\/wp-json\/wp\/v2\/types\/post"}],"author":[{"embeddable":true,"href":"https:\/\/lacerdaai.com\/br\/wp-json\/wp\/v2\/users\/1"}],"replies":[{"embeddable":true,"href":"https:\/\/lacerdaai.com\/br\/wp-json\/wp\/v2\/comments?post=3203"}],"version-history":[{"count":1,"href":"https:\/\/lacerdaai.com\/br\/wp-json\/wp\/v2\/posts\/3203\/revisions"}],"predecessor-version":[{"id":3204,"href":"https:\/\/lacerdaai.com\/br\/wp-json\/wp\/v2\/posts\/3203\/revisions\/3204"}],"wp:featuredmedia":[{"embeddable":true,"href":"https:\/\/lacerdaai.com\/br\/wp-json\/wp\/v2\/media\/3202"}],"wp:attachment":[{"href":"https:\/\/lacerdaai.com\/br\/wp-json\/wp\/v2\/media?parent=3203"}],"wp:term":[{"taxonomy":"category","embeddable":true,"href":"https:\/\/lacerdaai.com\/br\/wp-json\/wp\/v2\/categories?post=3203"},{"taxonomy":"post_tag","embeddable":true,"href":"https:\/\/lacerdaai.com\/br\/wp-json\/wp\/v2\/tags?post=3203"}],"curies":[{"name":"wp","href":"https:\/\/api.w.org\/{rel}","templated":true}]}}