{"id":3242,"date":"2026-01-17T12:42:25","date_gmt":"2026-01-17T15:42:25","guid":{"rendered":"https:\/\/lacerdaai.com\/br\/a-corrida-da-ia-desvendando-a-nova-fase-da-revolucao-tecnologica\/"},"modified":"2026-01-17T12:42:26","modified_gmt":"2026-01-17T15:42:26","slug":"a-corrida-da-ia-desvendando-a-nova-fase-da-revolucao-tecnologica","status":"publish","type":"post","link":"https:\/\/lacerdaai.com\/br\/a-corrida-da-ia-desvendando-a-nova-fase-da-revolucao-tecnologica\/","title":{"rendered":"A Corrida da IA: Desvendando a Nova Fase da Revolu\u00e7\u00e3o Tecnol\u00f3gica"},"content":{"rendered":"<p>No turbilh\u00e3o constante da inova\u00e7\u00e3o tecnol\u00f3gica, poucas \u00e1reas evoluem t\u00e3o rapidamente quanto a Intelig\u00eancia Artificial. O que antes era fic\u00e7\u00e3o cient\u00edfica, hoje molda nosso cotidiano, desde assistentes virtuais em nossos bolsos at\u00e9 sistemas complexos que otimizam ind\u00fastrias inteiras. E se voc\u00ea achava que a paisagem da IA j\u00e1 era din\u00e2mica, prepare-se: estamos testemunhando uma reconfigura\u00e7\u00e3o \u00e9pica. Os principais atores do setor, de gigantes estabelecidos a startups disruptivas, fizeram movimentos audaciosos que n\u00e3o apenas redesenharam o tabuleiro, mas sinalizaram a entrada da **corrida da IA** em uma fase completamente nova e, de certa forma, mais madura. Este artigo vai mergulhar nos sinais evidentes dessa transforma\u00e7\u00e3o, explicando o que est\u00e1 em jogo e o que podemos esperar desse futuro que se desenha diante de nossos olhos.<\/p>\n<h3><strong>Corrida da IA<\/strong>: Uma Reconfigura\u00e7\u00e3o Estrat\u00e9gica no Tabuleiro Global<\/h3>\n<p>A **corrida da IA** n\u00e3o \u00e9 apenas uma disputa por supremacia tecnol\u00f3gica; \u00e9 uma batalha por influ\u00eancia, por dados, por talentos e, fundamentalmente, pela capacidade de moldar a pr\u00f3xima era da humanidade. Nos \u00faltimos meses, vimos uma s\u00e9rie de eventos que, quando analisados em conjunto, revelam uma mudan\u00e7a profunda na din\u00e2mica competitiva. N\u00e3o se trata mais apenas de desenvolver o modelo mais impressionante ou o algoritmo mais complexo. A fase atual exige escala, monetiza\u00e7\u00e3o, integra\u00e7\u00e3o e uma vis\u00e3o estrat\u00e9gica que vai muito al\u00e9m da bancada de laborat\u00f3rio. Os movimentos recentes dos grandes players \u2013 OpenAI, Google, Microsoft, Anthropic, Amazon e Meta, entre outros \u2013 s\u00e3o mais do que simples atualiza\u00e7\u00f5es de produtos; s\u00e3o declara\u00e7\u00f5es de inten\u00e7\u00e3o, cada uma visando solidificar ou expandir sua posi\u00e7\u00e3o em um ecossistema que se tornou incrivelmente denso e competitivo. Esta nova fase \u00e9 marcada por uma s\u00e9rie de tend\u00eancias interligadas, que juntos, formam um panorama de inova\u00e7\u00e3o acelerada e desafios complexos.<\/p>\n<p>Um dos primeiros sinais dessa reconfigura\u00e7\u00e3o \u00e9 a intensifica\u00e7\u00e3o da busca por modelos de neg\u00f3cio sustent\u00e1veis. Com o custo de treinamento de modelos de linguagem cada vez maiores atingindo cifras astron\u00f4micas, a pesquisa e desenvolvimento puros n\u00e3o s\u00e3o mais suficientes. Vemos empresas como a OpenAI, por exemplo, explorando ativamente a monetiza\u00e7\u00e3o n\u00e3o apenas atrav\u00e9s de assinaturas premium para ferramentas como o ChatGPT Plus, mas tamb\u00e9m atrav\u00e9s de APIs robustas para desenvolvedores e, potencialmente, at\u00e9 mesmo novas formas de publicidade e parcerias corporativas de larga escala. Essa transi\u00e7\u00e3o do foco puramente acad\u00eamico para o comercial \u00e9 um divisor de \u00e1guas, transformando a IA de um empreendimento de pesquisa em um pilar fundamental da economia digital.<\/p>\n<p>Outro ponto crucial \u00e9 o surgimento e amadurecimento de m\u00faltiplos contendores de peso. Enquanto o ChatGPT da OpenAI inicialmente capturou a imagina\u00e7\u00e3o global, n\u00e3o demorou para que rivais robustos surgissem. Google, com seu ambicioso projeto Gemini, e a Anthropic, com sua s\u00e9rie de modelos Claude, est\u00e3o provando ser for\u00e7as formid\u00e1veis, cada um com abordagens distintas em termos de arquitetura de modelo, foco em seguran\u00e7a e \u00e9tica, e capacidades multimodais. Essa pluralidade de modelos de ponta fomenta uma competi\u00e7\u00e3o saud\u00e1vel que acelera a inova\u00e7\u00e3o em todas as frentes, desde a efici\u00eancia computacional at\u00e9 a capacidade de compreens\u00e3o e gera\u00e7\u00e3o de conte\u00fado complexo. O p\u00fablico se beneficia dessa competi\u00e7\u00e3o com escolhas mais variadas e tecnologias mais avan\u00e7adas \u00e0 sua disposi\u00e7\u00e3o.<\/p>\n<h3>Al\u00e9m da Superf\u00edcie: Os Sinais Evidentes de Uma Mudan\u00e7a de Paradigma<\/h3>\n<p>Aprofundando na an\u00e1lise, identificamos mais sinais que confirmam a entrada da **corrida da IA** em uma nova era. Um deles \u00e9 a busca incessante pela multimodality. N\u00e3o \u00e9 mais suficiente para um modelo de IA apenas processar texto. A capacidade de entender e gerar imagens, v\u00eddeos, \u00e1udios e at\u00e9 mesmo interagir com o mundo f\u00edsico est\u00e1 se tornando o novo padr\u00e3o-ouro. O Google Gemini, por exemplo, foi amplamente elogiado por sua capacidade nativa de trabalhar com diferentes tipos de dados, abrindo portas para aplica\u00e7\u00f5es que antes pareciam distantes, como a cria\u00e7\u00e3o autom\u00e1tica de v\u00eddeos a partir de descri\u00e7\u00f5es textuais ou a an\u00e1lise complexa de dados visuais para fins cient\u00edficos e comerciais. Essa converg\u00eancia de sentidos para a IA promete interfaces mais naturais e intuitivas, al\u00e9m de solu\u00e7\u00f5es para problemas mais complexos.<\/p>\n<p>Paralelamente, a integra\u00e7\u00e3o da IA em ecossistemas existentes est\u00e1 atingindo n\u00edveis sem precedentes. A Microsoft, com seu Copilot, tem mostrado como a IA pode ser incorporada de forma transparente em ferramentas de produtividade como Word, Excel e PowerPoint, transformando a maneira como trabalhamos. Da mesma forma, o Google est\u00e1 infundindo a IA em todo o seu pacote Workspace e em seu motor de busca, redefinindo a experi\u00eancia do usu\u00e1rio. Essa n\u00e3o \u00e9 apenas uma adi\u00e7\u00e3o de funcionalidade; \u00e9 uma reinven\u00e7\u00e3o de plataformas, onde a IA atua como um co-piloto inteligente, aumentando a efici\u00eancia e a criatividade. A barreira entre o software tradicional e a intelig\u00eancia artificial est\u00e1 se desfazendo, tornando a IA uma parte invis\u00edvel, por\u00e9m poderosa, de nossas vidas digitais.<\/p>\n<p>Outro sinal inconfund\u00edvel \u00e9 a crescente import\u00e2ncia da regulamenta\u00e7\u00e3o e da \u00e9tica. \u00c0 medida que a IA se torna mais poderosa e onipresente, as preocupa\u00e7\u00f5es com vieses, privacidade, seguran\u00e7a e o impacto social da tecnologia se tornam mais urgentes. Governos e organiza\u00e7\u00f5es internacionais, como a Uni\u00e3o Europeia com seu AI Act, est\u00e3o correndo para criar frameworks regulat\u00f3rios que possam guiar o desenvolvimento respons\u00e1vel da IA. Essa fase regulat\u00f3ria n\u00e3o \u00e9 um obst\u00e1culo, mas uma parte intr\u00ednseca da maturidade da tecnologia, exigindo que as empresas de IA invistam pesado em pesquisa sobre alinhamento, seguran\u00e7a e transpar\u00eancia. A capacidade de construir IA \u00e9tica e confi\u00e1vel se tornar\u00e1 um diferencial competitivo crucial, influenciando a confian\u00e7a do consumidor e a aceita\u00e7\u00e3o p\u00fablica.<\/p>\n<p>Por fim, mas n\u00e3o menos importante, a infraestrutura e a busca por chips especializados se tornaram um campo de batalha pr\u00f3prio. O treinamento e a infer\u00eancia de modelos de IA de ponta exigem poder computacional massivo. Isso levou a uma corrida para desenvolver e adquirir chips de IA mais eficientes, como as GPUs da NVIDIA, mas tamb\u00e9m impulsionou o desenvolvimento de ASICs (Application-Specific Integrated Circuits) personalizados por empresas como Google e Amazon. A otimiza\u00e7\u00e3o do hardware e do software para maximizar o desempenho e minimizar o consumo de energia \u00e9 uma quest\u00e3o cr\u00edtica que afeta n\u00e3o apenas os custos, mas tamb\u00e9m a pegada de carbono da IA. Quem dominar essa infraestrutura ter\u00e1 uma vantagem estrat\u00e9gica significativa, permitindo que suas inova\u00e7\u00f5es cheguem ao mercado mais rapidamente e de forma mais sustent\u00e1vel.<\/p>\n<h3>O Futuro Imediato: Desafios, Oportunidades e a Din\u00e2mica da Inova\u00e7\u00e3o<\/h3>\n<p>A nova fase da **corrida da IA** promete um futuro de oportunidades sem precedentes, mas tamb\u00e9m de desafios significativos. A democratiza\u00e7\u00e3o do acesso a ferramentas de IA avan\u00e7adas, por exemplo, tem o potencial de impulsionar a inova\u00e7\u00e3o em pequenas e m\u00e9dias empresas, permitindo que elas compitam com gigantes de forma mais eficaz. No entanto, a quest\u00e3o da disparidade de acesso e do &#8220;fosso digital&#8221; em rela\u00e7\u00e3o \u00e0 IA continua a ser uma preocupa\u00e7\u00e3o, especialmente em economias emergentes como o Brasil. A capacidade de adaptar e aplicar essas tecnologias em contextos locais, respeitando as nuances culturais e sociais, ser\u00e1 um fator-chave para o sucesso e a inclus\u00e3o.<\/p>\n<p>Al\u00e9m disso, \u00e0 medida que a IA se torna mais aut\u00f4noma e capaz de realizar tarefas complexas, o debate sobre o futuro do trabalho e a necessidade de requalifica\u00e7\u00e3o profissional se intensifica. Novas carreiras surgir\u00e3o, mas outras poder\u00e3o ser transformadas ou substitu\u00eddas. \u00c9 imperativo que governos, institui\u00e7\u00f5es de ensino e o setor privado colaborem para preparar a for\u00e7a de trabalho para essa nova realidade, investindo em educa\u00e7\u00e3o e treinamento em habilidades digitais e em IA. A **corrida da IA** n\u00e3o \u00e9 apenas sobre m\u00e1quinas; \u00e9 sobre pessoas e como elas interagem e se beneficiam dessas tecnologias que est\u00e3o redefinindo os limites do poss\u00edvel.<\/p>\n<p>Em suma, a **corrida da IA** entrou, de fato, em uma nova e emocionante fase. N\u00e3o estamos apenas construindo ferramentas mais inteligentes, mas sim moldando o tecido de nossa sociedade e economia. Os sinais s\u00e3o claros: a monetiza\u00e7\u00e3o, a diversidade de modelos avan\u00e7ados, a multimodalidade, a integra\u00e7\u00e3o profunda em nossos ecossistemas digitais, a urg\u00eancia da regulamenta\u00e7\u00e3o e a infraestrutura de hardware s\u00e3o os pilares dessa transforma\u00e7\u00e3o. \u00c9 um per\u00edodo de imensa criatividade e de dilemas \u00e9ticos complexos, onde cada movimento estrat\u00e9gico dos players globais ecoa em todo o mundo.<\/p>\n<p>Para n\u00f3s, entusiastas e profissionais da tecnologia, acompanhar essa evolu\u00e7\u00e3o n\u00e3o \u00e9 apenas uma curiosidade, mas uma necessidade. Entender essas din\u00e2micas nos permite n\u00e3o apenas prever o futuro, mas tamb\u00e9m participar ativamente de sua constru\u00e7\u00e3o. A IA n\u00e3o \u00e9 uma for\u00e7a est\u00e1tica; \u00e9 um fluxo cont\u00ednuo de inova\u00e7\u00e3o, impulsionado pela competi\u00e7\u00e3o e pela colabora\u00e7\u00e3o. As pr\u00f3ximas jogadas no tabuleiro prometem ser ainda mais fascinantes, e a capacidade de se adaptar e inovar ser\u00e1 a chave para quem pretende liderar essa revolu\u00e7\u00e3o que est\u00e1 apenas come\u00e7ando.<\/p>\n","protected":false},"excerpt":{"rendered":"<p>No turbilh\u00e3o constante da inova\u00e7\u00e3o tecnol\u00f3gica, poucas \u00e1reas evoluem t\u00e3o rapidamente quanto a Intelig\u00eancia Artificial. O que antes era fic\u00e7\u00e3o cient\u00edfica, hoje molda nosso cotidiano, desde assistentes virtuais em nossos bolsos at\u00e9 sistemas complexos que otimizam ind\u00fastrias inteiras. E se voc\u00ea achava que a paisagem da IA j\u00e1 era din\u00e2mica, prepare-se: estamos testemunhando uma reconfigura\u00e7\u00e3o [&hellip;]<\/p>\n","protected":false},"author":1,"featured_media":3241,"comment_status":"open","ping_status":"open","sticky":false,"template":"","format":"standard","meta":{"_yoast_wpseo_focuskw":"corrida da IA","_yoast_wpseo_metadesc":"Prepare-se para entender as recentes reviravoltas na **corrida da IA** que est\u00e3o redefinindo o futuro da tecnologia. Explore os sinais dessa nova fase e o que esperar dos gigantes da intelig\u00eancia artificial.","footnotes":""},"categories":[2],"tags":[],"class_list":["post-3242","post","type-post","status-publish","format-standard","has-post-thumbnail","hentry","category-novidades"],"yoast_head":"<!-- This site is optimized with the Yoast SEO plugin v25.6 - https:\/\/yoast.com\/wordpress\/plugins\/seo\/ -->\n<title>A Corrida da IA: Desvendando a Nova Fase da Revolu\u00e7\u00e3o Tecnol\u00f3gica - Lacerda AI<\/title>\n<meta name=\"description\" content=\"Prepare-se para entender as recentes reviravoltas na **corrida da IA** que est\u00e3o redefinindo o futuro da tecnologia. Explore os sinais dessa nova fase e o que esperar dos gigantes da intelig\u00eancia artificial.\" \/>\n<meta name=\"robots\" content=\"index, follow, max-snippet:-1, max-image-preview:large, max-video-preview:-1\" \/>\n<link rel=\"canonical\" href=\"https:\/\/lacerdaai.com\/br\/a-corrida-da-ia-desvendando-a-nova-fase-da-revolucao-tecnologica\/\" \/>\n<meta property=\"og:locale\" content=\"pt_BR\" \/>\n<meta property=\"og:type\" content=\"article\" \/>\n<meta property=\"og:title\" content=\"A Corrida da IA: Desvendando a Nova Fase da Revolu\u00e7\u00e3o Tecnol\u00f3gica - Lacerda AI\" \/>\n<meta property=\"og:description\" content=\"Prepare-se para entender as recentes reviravoltas na **corrida da IA** que est\u00e3o redefinindo o futuro da tecnologia. Explore os sinais dessa nova fase e o que esperar dos gigantes da intelig\u00eancia artificial.\" \/>\n<meta property=\"og:url\" content=\"https:\/\/lacerdaai.com\/br\/a-corrida-da-ia-desvendando-a-nova-fase-da-revolucao-tecnologica\/\" \/>\n<meta property=\"og:site_name\" content=\"Lacerda AI\" \/>\n<meta property=\"article:published_time\" content=\"2026-01-17T15:42:25+00:00\" \/>\n<meta property=\"article:modified_time\" content=\"2026-01-17T15:42:26+00:00\" \/>\n<meta name=\"author\" content=\"Andr\u00e9 Lacerda\" \/>\n<meta name=\"twitter:card\" content=\"summary_large_image\" \/>\n<meta name=\"twitter:label1\" content=\"Escrito por\" \/>\n\t<meta name=\"twitter:data1\" content=\"Andr\u00e9 Lacerda\" \/>\n\t<meta name=\"twitter:label2\" content=\"Est. tempo de leitura\" \/>\n\t<meta name=\"twitter:data2\" content=\"8 minutos\" \/>\n<script type=\"application\/ld+json\" class=\"yoast-schema-graph\">{\"@context\":\"https:\/\/schema.org\",\"@graph\":[{\"@type\":\"WebPage\",\"@id\":\"https:\/\/lacerdaai.com\/br\/a-corrida-da-ia-desvendando-a-nova-fase-da-revolucao-tecnologica\/\",\"url\":\"https:\/\/lacerdaai.com\/br\/a-corrida-da-ia-desvendando-a-nova-fase-da-revolucao-tecnologica\/\",\"name\":\"A Corrida da IA: Desvendando a Nova Fase da Revolu\u00e7\u00e3o Tecnol\u00f3gica - Lacerda AI\",\"isPartOf\":{\"@id\":\"https:\/\/lacerdaai.com\/br\/#website\"},\"primaryImageOfPage\":{\"@id\":\"https:\/\/lacerdaai.com\/br\/a-corrida-da-ia-desvendando-a-nova-fase-da-revolucao-tecnologica\/#primaryimage\"},\"image\":{\"@id\":\"https:\/\/lacerdaai.com\/br\/a-corrida-da-ia-desvendando-a-nova-fase-da-revolucao-tecnologica\/#primaryimage\"},\"thumbnailUrl\":\"https:\/\/lacerdaai.com\/br\/wp-content\/uploads\/2026\/01\/imagem-57.jpg\",\"datePublished\":\"2026-01-17T15:42:25+00:00\",\"dateModified\":\"2026-01-17T15:42:26+00:00\",\"author\":{\"@id\":\"https:\/\/lacerdaai.com\/br\/#\/schema\/person\/8bad803c2e83a0c5c5c75e02a1c2248f\"},\"description\":\"Prepare-se para entender as recentes reviravoltas na **corrida da IA** que est\u00e3o redefinindo o futuro da tecnologia. Explore os sinais dessa nova fase e o que esperar dos gigantes da intelig\u00eancia artificial.\",\"breadcrumb\":{\"@id\":\"https:\/\/lacerdaai.com\/br\/a-corrida-da-ia-desvendando-a-nova-fase-da-revolucao-tecnologica\/#breadcrumb\"},\"inLanguage\":\"pt-BR\",\"potentialAction\":[{\"@type\":\"ReadAction\",\"target\":[\"https:\/\/lacerdaai.com\/br\/a-corrida-da-ia-desvendando-a-nova-fase-da-revolucao-tecnologica\/\"]}]},{\"@type\":\"ImageObject\",\"inLanguage\":\"pt-BR\",\"@id\":\"https:\/\/lacerdaai.com\/br\/a-corrida-da-ia-desvendando-a-nova-fase-da-revolucao-tecnologica\/#primaryimage\",\"url\":\"https:\/\/lacerdaai.com\/br\/wp-content\/uploads\/2026\/01\/imagem-57.jpg\",\"contentUrl\":\"https:\/\/lacerdaai.com\/br\/wp-content\/uploads\/2026\/01\/imagem-57.jpg\",\"width\":1366,\"height\":768},{\"@type\":\"BreadcrumbList\",\"@id\":\"https:\/\/lacerdaai.com\/br\/a-corrida-da-ia-desvendando-a-nova-fase-da-revolucao-tecnologica\/#breadcrumb\",\"itemListElement\":[{\"@type\":\"ListItem\",\"position\":1,\"name\":\"In\u00edcio\",\"item\":\"https:\/\/lacerdaai.com\/br\/\"},{\"@type\":\"ListItem\",\"position\":2,\"name\":\"A Corrida da IA: Desvendando a Nova Fase da Revolu\u00e7\u00e3o Tecnol\u00f3gica\"}]},{\"@type\":\"WebSite\",\"@id\":\"https:\/\/lacerdaai.com\/br\/#website\",\"url\":\"https:\/\/lacerdaai.com\/br\/\",\"name\":\"Lacerda AI\",\"description\":\"Seu blog di\u00e1rio de novidades do mundo da Inteligencia Artificial\",\"potentialAction\":[{\"@type\":\"SearchAction\",\"target\":{\"@type\":\"EntryPoint\",\"urlTemplate\":\"https:\/\/lacerdaai.com\/br\/?s={search_term_string}\"},\"query-input\":{\"@type\":\"PropertyValueSpecification\",\"valueRequired\":true,\"valueName\":\"search_term_string\"}}],\"inLanguage\":\"pt-BR\"},{\"@type\":\"Person\",\"@id\":\"https:\/\/lacerdaai.com\/br\/#\/schema\/person\/8bad803c2e83a0c5c5c75e02a1c2248f\",\"name\":\"Andr\u00e9 Lacerda\",\"image\":{\"@type\":\"ImageObject\",\"inLanguage\":\"pt-BR\",\"@id\":\"https:\/\/lacerdaai.com\/br\/#\/schema\/person\/image\/\",\"url\":\"https:\/\/secure.gravatar.com\/avatar\/f5c1fa5ad9763f54c1f223c3fc91f131da6288c9f9e28d74bb3c355ad99af205?s=96&d=mm&r=g\",\"contentUrl\":\"https:\/\/secure.gravatar.com\/avatar\/f5c1fa5ad9763f54c1f223c3fc91f131da6288c9f9e28d74bb3c355ad99af205?s=96&d=mm&r=g\",\"caption\":\"Andr\u00e9 Lacerda\"},\"description\":\"Sou o Andr\u00e9 Lacerda, tenho 35 anos e sou apaixonado por tecnologia, intelig\u00eancia artificial e boas hist\u00f3rias. Me formei em Tecnologia e Jornalismo \u2014 sim, uma mistura meio improv\u00e1vel, mas que combina muito comigo. J\u00e1 morei no Canad\u00e1 e na Espanha, e essas experi\u00eancias me ajudaram a enxergar a inova\u00e7\u00e3o com um olhar mais global (e a me virar bem em tr\u00eas idiomas \ud83d\ude04). Trabalhei em algumas das maiores empresas de tecnologia do mercado e, hoje, atuo como consultor ajudando neg\u00f3cios a entenderem e aplicarem IA de forma pr\u00e1tica, estrat\u00e9gica e humana. Gosto de traduzir o complexo em algo simples \u2014 e \u00e9 isso que voc\u00ea vai encontrar por aqui.\",\"sameAs\":[\"http:\/\/lacerdaai.com\/br\"],\"url\":\"https:\/\/lacerdaai.com\/br\/author\/red-admin\/\"}]}<\/script>\n<!-- \/ Yoast SEO plugin. -->","yoast_head_json":{"title":"A Corrida da IA: Desvendando a Nova Fase da Revolu\u00e7\u00e3o Tecnol\u00f3gica - Lacerda AI","description":"Prepare-se para entender as recentes reviravoltas na **corrida da IA** que est\u00e3o redefinindo o futuro da tecnologia. Explore os sinais dessa nova fase e o que esperar dos gigantes da intelig\u00eancia artificial.","robots":{"index":"index","follow":"follow","max-snippet":"max-snippet:-1","max-image-preview":"max-image-preview:large","max-video-preview":"max-video-preview:-1"},"canonical":"https:\/\/lacerdaai.com\/br\/a-corrida-da-ia-desvendando-a-nova-fase-da-revolucao-tecnologica\/","og_locale":"pt_BR","og_type":"article","og_title":"A Corrida da IA: Desvendando a Nova Fase da Revolu\u00e7\u00e3o Tecnol\u00f3gica - Lacerda AI","og_description":"Prepare-se para entender as recentes reviravoltas na **corrida da IA** que est\u00e3o redefinindo o futuro da tecnologia. Explore os sinais dessa nova fase e o que esperar dos gigantes da intelig\u00eancia artificial.","og_url":"https:\/\/lacerdaai.com\/br\/a-corrida-da-ia-desvendando-a-nova-fase-da-revolucao-tecnologica\/","og_site_name":"Lacerda AI","article_published_time":"2026-01-17T15:42:25+00:00","article_modified_time":"2026-01-17T15:42:26+00:00","author":"Andr\u00e9 Lacerda","twitter_card":"summary_large_image","twitter_misc":{"Escrito por":"Andr\u00e9 Lacerda","Est. tempo de leitura":"8 minutos"},"schema":{"@context":"https:\/\/schema.org","@graph":[{"@type":"WebPage","@id":"https:\/\/lacerdaai.com\/br\/a-corrida-da-ia-desvendando-a-nova-fase-da-revolucao-tecnologica\/","url":"https:\/\/lacerdaai.com\/br\/a-corrida-da-ia-desvendando-a-nova-fase-da-revolucao-tecnologica\/","name":"A Corrida da IA: Desvendando a Nova Fase da Revolu\u00e7\u00e3o Tecnol\u00f3gica - Lacerda AI","isPartOf":{"@id":"https:\/\/lacerdaai.com\/br\/#website"},"primaryImageOfPage":{"@id":"https:\/\/lacerdaai.com\/br\/a-corrida-da-ia-desvendando-a-nova-fase-da-revolucao-tecnologica\/#primaryimage"},"image":{"@id":"https:\/\/lacerdaai.com\/br\/a-corrida-da-ia-desvendando-a-nova-fase-da-revolucao-tecnologica\/#primaryimage"},"thumbnailUrl":"https:\/\/lacerdaai.com\/br\/wp-content\/uploads\/2026\/01\/imagem-57.jpg","datePublished":"2026-01-17T15:42:25+00:00","dateModified":"2026-01-17T15:42:26+00:00","author":{"@id":"https:\/\/lacerdaai.com\/br\/#\/schema\/person\/8bad803c2e83a0c5c5c75e02a1c2248f"},"description":"Prepare-se para entender as recentes reviravoltas na **corrida da IA** que est\u00e3o redefinindo o futuro da tecnologia. Explore os sinais dessa nova fase e o que esperar dos gigantes da intelig\u00eancia artificial.","breadcrumb":{"@id":"https:\/\/lacerdaai.com\/br\/a-corrida-da-ia-desvendando-a-nova-fase-da-revolucao-tecnologica\/#breadcrumb"},"inLanguage":"pt-BR","potentialAction":[{"@type":"ReadAction","target":["https:\/\/lacerdaai.com\/br\/a-corrida-da-ia-desvendando-a-nova-fase-da-revolucao-tecnologica\/"]}]},{"@type":"ImageObject","inLanguage":"pt-BR","@id":"https:\/\/lacerdaai.com\/br\/a-corrida-da-ia-desvendando-a-nova-fase-da-revolucao-tecnologica\/#primaryimage","url":"https:\/\/lacerdaai.com\/br\/wp-content\/uploads\/2026\/01\/imagem-57.jpg","contentUrl":"https:\/\/lacerdaai.com\/br\/wp-content\/uploads\/2026\/01\/imagem-57.jpg","width":1366,"height":768},{"@type":"BreadcrumbList","@id":"https:\/\/lacerdaai.com\/br\/a-corrida-da-ia-desvendando-a-nova-fase-da-revolucao-tecnologica\/#breadcrumb","itemListElement":[{"@type":"ListItem","position":1,"name":"In\u00edcio","item":"https:\/\/lacerdaai.com\/br\/"},{"@type":"ListItem","position":2,"name":"A Corrida da IA: Desvendando a Nova Fase da Revolu\u00e7\u00e3o Tecnol\u00f3gica"}]},{"@type":"WebSite","@id":"https:\/\/lacerdaai.com\/br\/#website","url":"https:\/\/lacerdaai.com\/br\/","name":"Lacerda AI","description":"Seu blog di\u00e1rio de novidades do mundo da Inteligencia Artificial","potentialAction":[{"@type":"SearchAction","target":{"@type":"EntryPoint","urlTemplate":"https:\/\/lacerdaai.com\/br\/?s={search_term_string}"},"query-input":{"@type":"PropertyValueSpecification","valueRequired":true,"valueName":"search_term_string"}}],"inLanguage":"pt-BR"},{"@type":"Person","@id":"https:\/\/lacerdaai.com\/br\/#\/schema\/person\/8bad803c2e83a0c5c5c75e02a1c2248f","name":"Andr\u00e9 Lacerda","image":{"@type":"ImageObject","inLanguage":"pt-BR","@id":"https:\/\/lacerdaai.com\/br\/#\/schema\/person\/image\/","url":"https:\/\/secure.gravatar.com\/avatar\/f5c1fa5ad9763f54c1f223c3fc91f131da6288c9f9e28d74bb3c355ad99af205?s=96&d=mm&r=g","contentUrl":"https:\/\/secure.gravatar.com\/avatar\/f5c1fa5ad9763f54c1f223c3fc91f131da6288c9f9e28d74bb3c355ad99af205?s=96&d=mm&r=g","caption":"Andr\u00e9 Lacerda"},"description":"Sou o Andr\u00e9 Lacerda, tenho 35 anos e sou apaixonado por tecnologia, intelig\u00eancia artificial e boas hist\u00f3rias. Me formei em Tecnologia e Jornalismo \u2014 sim, uma mistura meio improv\u00e1vel, mas que combina muito comigo. J\u00e1 morei no Canad\u00e1 e na Espanha, e essas experi\u00eancias me ajudaram a enxergar a inova\u00e7\u00e3o com um olhar mais global (e a me virar bem em tr\u00eas idiomas \ud83d\ude04). Trabalhei em algumas das maiores empresas de tecnologia do mercado e, hoje, atuo como consultor ajudando neg\u00f3cios a entenderem e aplicarem IA de forma pr\u00e1tica, estrat\u00e9gica e humana. Gosto de traduzir o complexo em algo simples \u2014 e \u00e9 isso que voc\u00ea vai encontrar por aqui.","sameAs":["http:\/\/lacerdaai.com\/br"],"url":"https:\/\/lacerdaai.com\/br\/author\/red-admin\/"}]}},"_links":{"self":[{"href":"https:\/\/lacerdaai.com\/br\/wp-json\/wp\/v2\/posts\/3242","targetHints":{"allow":["GET"]}}],"collection":[{"href":"https:\/\/lacerdaai.com\/br\/wp-json\/wp\/v2\/posts"}],"about":[{"href":"https:\/\/lacerdaai.com\/br\/wp-json\/wp\/v2\/types\/post"}],"author":[{"embeddable":true,"href":"https:\/\/lacerdaai.com\/br\/wp-json\/wp\/v2\/users\/1"}],"replies":[{"embeddable":true,"href":"https:\/\/lacerdaai.com\/br\/wp-json\/wp\/v2\/comments?post=3242"}],"version-history":[{"count":1,"href":"https:\/\/lacerdaai.com\/br\/wp-json\/wp\/v2\/posts\/3242\/revisions"}],"predecessor-version":[{"id":3243,"href":"https:\/\/lacerdaai.com\/br\/wp-json\/wp\/v2\/posts\/3242\/revisions\/3243"}],"wp:featuredmedia":[{"embeddable":true,"href":"https:\/\/lacerdaai.com\/br\/wp-json\/wp\/v2\/media\/3241"}],"wp:attachment":[{"href":"https:\/\/lacerdaai.com\/br\/wp-json\/wp\/v2\/media?parent=3242"}],"wp:term":[{"taxonomy":"category","embeddable":true,"href":"https:\/\/lacerdaai.com\/br\/wp-json\/wp\/v2\/categories?post=3242"},{"taxonomy":"post_tag","embeddable":true,"href":"https:\/\/lacerdaai.com\/br\/wp-json\/wp\/v2\/tags?post=3242"}],"curies":[{"name":"wp","href":"https:\/\/api.w.org\/{rel}","templated":true}]}}