{"id":3272,"date":"2026-01-19T20:44:30","date_gmt":"2026-01-19T23:44:30","guid":{"rendered":"https:\/\/lacerdaai.com\/br\/a-sombra-da-inovacao-desafios-eticos-e-o-futuro-da-inteligencia-artificial-generativa\/"},"modified":"2026-01-19T20:44:32","modified_gmt":"2026-01-19T23:44:32","slug":"a-sombra-da-inovacao-desafios-eticos-e-o-futuro-da-inteligencia-artificial-generativa","status":"publish","type":"post","link":"https:\/\/lacerdaai.com\/br\/a-sombra-da-inovacao-desafios-eticos-e-o-futuro-da-inteligencia-artificial-generativa\/","title":{"rendered":"A Sombra da Inova\u00e7\u00e3o: Desafios \u00c9ticos e o Futuro da Intelig\u00eancia Artificial Generativa"},"content":{"rendered":"<p>No vibrante universo da tecnologia, poucas inova\u00e7\u00f5es capturam tanto a imagina\u00e7\u00e3o quanto a **Intelig\u00eancia Artificial Generativa**. Com a capacidade de criar textos, imagens, \u00e1udios e at\u00e9 v\u00eddeos que beiram a indistinguibilidade da realidade, essa tecnologia promete revolucionar in\u00fameras ind\u00fastrias, da arte \u00e0 medicina. No entanto, o poder inerente a essa inova\u00e7\u00e3o traz consigo uma responsabilidade colossal. Recentemente, o notici\u00e1rio global acendeu um alerta: o gerador de imagens de IA da xAI, a Grok, foi apontado como ferramenta para a cria\u00e7\u00e3o de imagens \u00edntimas n\u00e3o consensuais em plataformas como o X (antigo Twitter), expondo a vulnerabilidade de mulheres e levantando quest\u00f5es urgentes sobre \u00e9tica, privacidade e o uso indevido da IA. Este incidente n\u00e3o \u00e9 isolado; ele serve como um doloroso lembrete de que, ao lado do potencial transformador da IA, existe uma sombra crescente de riscos que exige nossa aten\u00e7\u00e3o imediata e a\u00e7\u00f5es concretas. Neste artigo, mergulharemos nos desafios \u00e9ticos que a **Intelig\u00eancia Artificial Generativa** nos imp\u00f5e, explorando n\u00e3o apenas os perigos, mas tamb\u00e9m o caminho para um futuro mais seguro e respons\u00e1vel, onde a inova\u00e7\u00e3o caminha de m\u00e3os dadas com a prote\u00e7\u00e3o humana.<\/p>\n<p>### A **Intelig\u00eancia Artificial Generativa**: Poder, Promessa e Perigos Inesperados<\/p>\n<p>A **Intelig\u00eancia Artificial Generativa** representa um salto qualitativo na evolu\u00e7\u00e3o da IA. Diferente dos sistemas que apenas processam dados ou reconhecem padr\u00f5es, os modelos generativos s\u00e3o capazes de criar conte\u00fado original a partir de um vasto conjunto de dados de treinamento. Imagine uma IA que pode escrever um roteiro de filme, compor uma sinfonia, projetar um novo produto ou, no contexto mais perturbador que estamos abordando, gerar imagens fotorrealistas de pessoas em situa\u00e7\u00f5es comprometedoras. Essa capacidade de \u201ccriar\u201d tem alimentado uma explos\u00e3o de inova\u00e7\u00e3o, democratizando ferramentas antes restritas a especialistas e abrindo portas para a criatividade em n\u00edveis sem precedentes.<\/p>\n<p>Desenvolvedores e entusiastas vislumbram um futuro onde a IA auxiliar\u00e1 em descobertas cient\u00edficas, otimizar\u00e1 processos criativos e tornar\u00e1 a tecnologia mais acess\u00edvel. Contudo, a mesma tecnologia que pode ser uma for\u00e7a para o bem \u00e9, em sua ess\u00eancia, uma ferramenta neutra, cujo impacto \u00e9 determinado pela inten\u00e7\u00e3o de quem a utiliza. O incidente com o gerador de imagens de IA da xAI \u00e9 um exemplo gritante de como a promessa da IA generativa pode ser distorcida, resultando em danos reais e profundos. A facilidade com que um indiv\u00edduo mal-intencionado pode alimentar um comando simples e obter uma imagem \u00edntima falsa \u00e9 alarmante. N\u00e3o se trata apenas de uma falha t\u00e9cnica, mas de uma brecha \u00e9tica que exp\u00f5e falhas na concep\u00e7\u00e3o, modera\u00e7\u00e3o e governan\u00e7a dessas poderosas ferramentas. A velocidade com que a tecnologia avan\u00e7a muitas vezes supera a capacidade da sociedade e dos legisladores de estabelecer salvaguardas adequadas, criando um v\u00e1cuo onde o uso indevido pode florescer.<\/p>\n<p>Estes sistemas, ao aprenderem com uma vasta quantidade de dados da internet, podem replicar ou amplificar vieses existentes, ou mesmo ser direcionados a prop\u00f3sitos maliciosos. A linha entre a liberdade de express\u00e3o e o abuso, entre a inova\u00e7\u00e3o e o dano, torna-se t\u00eanue. \u00c9 imperativo que, enquanto celebramos o potencial criativo da IA generativa, tamb\u00e9m enfrentemos de frente os perigos inerentes e trabalhemos incansavelmente para mitigar os riscos. Afinal, a verdadeira intelig\u00eancia n\u00e3o reside apenas na capacidade de criar, mas tamb\u00e9m na sabedoria de proteger aqueles que ser\u00e3o impactados por suas cria\u00e7\u00f5es.<\/p>\n<p>### O Alto Custo da N\u00e3o Consensualidade: Impacto Humano e a Queda de Barreiras Digitais<\/p>\n<p>Quando a **Intelig\u00eancia Artificial Generativa** \u00e9 desviada para a cria\u00e7\u00e3o de imagens n\u00e3o consensuais, o custo humano \u00e9 imenso e devastador. As v\u00edtimas, muitas vezes mulheres, enfrentam uma viola\u00e7\u00e3o profunda de sua privacidade e dignidade. Imagine ter sua imagem manipulada para criar cenas \u00edntimas falsas, distribu\u00eddas sem seu consentimento em plataformas digitais para milh\u00f5es de olhos. O impacto psicol\u00f3gico \u00e9 traum\u00e1tico: sentimentos de vergonha, humilha\u00e7\u00e3o, ansiedade, depress\u00e3o e at\u00e9 mesmo pensamentos suicidas s\u00e3o comuns. A sensa\u00e7\u00e3o de impot\u00eancia e a perda de controle sobre a pr\u00f3pria imagem s\u00e3o avassaladoras. A reputa\u00e7\u00e3o pessoal e profissional das v\u00edtimas pode ser irremediavelmente danificada, afetando relacionamentos, carreiras e a vida social. O que \u00e9 gerado digitalmente tem repercuss\u00f5es muito reais no mundo f\u00edsico.<\/p>\n<p>Essa forma de abuso online, muitas vezes referida como \u201cdeepfakes sexuais\u201d, n\u00e3o \u00e9 um problema novo, mas a IA generativa o amplificou exponencialmente. Antes, a cria\u00e7\u00e3o de tais imagens exigia habilidades t\u00e9cnicas complexas; hoje, com modelos de IA mais acess\u00edveis e intuitivos, qualquer um com uma inten\u00e7\u00e3o maliciosa e acesso \u00e0 internet pode gerar conte\u00fado convincente em quest\u00e3o de minutos. As barreiras t\u00e9cnicas para o abuso ca\u00edram drasticamente. Al\u00e9m disso, a facilidade de dissemina\u00e7\u00e3o em redes sociais e aplicativos de mensagens torna a remo\u00e7\u00e3o do conte\u00fado uma batalha quase imposs\u00edvel. Uma vez que uma imagem falsa \u00e9 publicada, ela pode ser copiada, compartilhada e republicada infinitamente, tornando a erradica\u00e7\u00e3o completa virtualmente invi\u00e1vel.<\/p>\n<p>O problema vai al\u00e9m de casos isolados com a Grok. A prolifera\u00e7\u00e3o de plataformas e ferramentas de IA que n\u00e3o implementam salvaguardas robustas cria um ambiente prop\u00edcio para o abuso em larga escala. A legisla\u00e7\u00e3o em muitos pa\u00edses, incluindo o Brasil, ainda engatinha para lidar com a complexidade e a rapidez desse tipo de crime. A falta de marcos legais claros, a dificuldade de identificar os respons\u00e1veis e a lentid\u00e3o dos processos judiciais deixam as v\u00edtimas em um limbo de desamparo. \u00c9 uma crise de \u00e9tica digital que exige uma resposta multifacetada, envolvendo n\u00e3o apenas leis mais rigorosas, mas tamb\u00e9m uma maior responsabilidade das empresas de tecnologia e uma conscientiza\u00e7\u00e3o p\u00fablica sobre os perigos e o impacto devastador dessas pr\u00e1ticas.<\/p>\n<p>### Construindo um Futuro Respons\u00e1vel: O Papel de Desenvolvedores, Plataformas e a Urg\u00eancia da Regulamenta\u00e7\u00e3o<\/p>\n<p>A tarefa de domar o poder da **Intelig\u00eancia Artificial Generativa** para garantir que ela sirva \u00e0 humanidade, e n\u00e3o a prejudique, \u00e9 complexa e exige um esfor\u00e7o colaborativo de diversas frentes. Primeiramente, a responsabilidade prim\u00e1ria recai sobre os desenvolvedores e empresas de IA. Companhias como a xAI, OpenAI, Google, Meta e tantas outras que est\u00e3o na vanguarda da IA generativa devem incorporar a \u00e9tica e a seguran\u00e7a no cerne de seus processos de design e desenvolvimento. Isso significa a implementa\u00e7\u00e3o de robustos \u201cguardrails\u201d e filtros de conte\u00fado que previnam a gera\u00e7\u00e3o de material expl\u00edcito n\u00e3o consensual. Modelos de IA precisam ser treinados para reconhecer e rejeitar solicita\u00e7\u00f5es maliciosas, e sistemas de detec\u00e7\u00e3o de conte\u00fado prejudicial devem ser continuamente aprimorados. A transpar\u00eancia sobre os m\u00e9todos de treinamento, os dados utilizados e as medidas de seguran\u00e7a implementadas \u00e9 fundamental para construir confian\u00e7a e responsabilidade.<\/p>\n<p>Em segundo lugar, as plataformas onde esse conte\u00fado \u00e9 disseminado \u2013 redes sociais, f\u00f3runs e aplicativos de mensagens \u2013 t\u00eam um papel crucial. Elas precisam fortalecer suas pol\u00edticas de modera\u00e7\u00e3o de conte\u00fado, tornando-as mais \u00e1geis e eficazes na identifica\u00e7\u00e3o e remo\u00e7\u00e3o de deepfakes sexuais e outras formas de abuso. Isso inclui investimentos em equipes de modera\u00e7\u00e3o, sistemas de detec\u00e7\u00e3o automatizados e canais claros e eficientes para den\u00fancias de usu\u00e1rios. A ina\u00e7\u00e3o ou lentid\u00e3o das plataformas em remover conte\u00fado abusivo pode amplificar o dano \u00e0s v\u00edtimas e sinalizar uma perigosa permissividade.<\/p>\n<p>Por fim, a urg\u00eancia da regulamenta\u00e7\u00e3o n\u00e3o pode ser subestimada. Governos e \u00f3rg\u00e3os reguladores em todo o mundo precisam agir rapidamente para criar marcos legais que abordem os desafios \u00fanicos da IA generativa. O Regulamento de IA da Uni\u00e3o Europeia (EU AI Act), por exemplo, \u00e9 um passo significativo, buscando classificar sistemas de IA com base em seus riscos e impor obriga\u00e7\u00f5es correspondentes. No Brasil, discuss\u00f5es sobre projetos de lei para regular a IA est\u00e3o em andamento, visando proteger os direitos fundamentais e a privacidade dos cidad\u00e3os. Essas leis devem n\u00e3o apenas criminalizar a cria\u00e7\u00e3o e dissemina\u00e7\u00e3o de conte\u00fado n\u00e3o consensual gerado por IA, mas tamb\u00e9m estabelecer mecanismos para responsabilizar as empresas de tecnologia por falhas em suas salvaguardas. A educa\u00e7\u00e3o p\u00fablica sobre os riscos e o empoderamento dos usu\u00e1rios para identificar e reportar conte\u00fado falso tamb\u00e9m s\u00e3o pilares essenciais.<\/p>\n<p>O futuro da **Intelig\u00eancia Artificial Generativa** depende fundamentalmente da nossa capacidade coletiva de equilibrar a inova\u00e7\u00e3o com a \u00e9tica, a liberdade com a seguran\u00e7a. N\u00e3o se trata de frear o progresso, mas de direcion\u00e1-lo com sabedoria e responsabilidade. Ao construir uma governan\u00e7a robusta, fomentar a colabora\u00e7\u00e3o entre desenvolvedores, plataformas e reguladores, e capacitar os usu\u00e1rios, podemos garantir que essa tecnologia transformadora seja uma for\u00e7a para o bem, enriquecendo nossas vidas sem comprometer nossa dignidade e seguran\u00e7a. A jornada para um ecossistema de IA \u00e9tico e seguro \u00e9 desafiadora, mas \u00e9 uma jornada que devemos empreender com determina\u00e7\u00e3o e senso de urg\u00eancia, para que a sombra da inova\u00e7\u00e3o n\u00e3o obscure\u00e7a seu brilho promissor.<\/p>\n<p>Estamos em um ponto de inflex\u00e3o na hist\u00f3ria da tecnologia, onde a **Intelig\u00eancia Artificial Generativa** nos oferece um espelho de nossos maiores potenciais e de nossos mais profundos desafios. Os incidentes envolvendo a cria\u00e7\u00e3o de imagens n\u00e3o consensuais por meio de IA, como os reportados com a Grok, s\u00e3o alarmes que n\u00e3o podemos ignorar. Eles nos for\u00e7am a confrontar a realidade de que a inova\u00e7\u00e3o sem responsabilidade pode levar a consequ\u00eancias devastadoras para indiv\u00edduos e para a sociedade como um todo. A complexidade de combater o uso indevido da IA exige uma abordagem multifacetada que inclua avan\u00e7os tecnol\u00f3gicos na detec\u00e7\u00e3o, legisla\u00e7\u00f5es adaptativas, e uma vigil\u00e2ncia constante por parte de todos os stakeholders.<\/p>\n<p>\u00c0 medida que avan\u00e7amos, \u00e9 imperativo que a discuss\u00e3o sobre a **Intelig\u00eancia Artificial Generativa** v\u00e1 al\u00e9m do entusiasmo pela novidade e se aprofunde nas implica\u00e7\u00f5es \u00e9ticas e sociais. A constru\u00e7\u00e3o de um futuro digital onde a IA seja uma ferramenta de empoderamento e n\u00e3o de opress\u00e3o depende da nossa capacidade de inovar com consci\u00eancia, de regulamentar com sabedoria e de educar com clareza. Somente atrav\u00e9s de um compromisso compartilhado com a \u00e9tica, a privacidade e a seguran\u00e7a, poderemos garantir que a promessa da intelig\u00eancia artificial se concretize em benef\u00edcio de toda a humanidade, transformando o potencial em progresso real e respons\u00e1vel.<\/p>\n","protected":false},"excerpt":{"rendered":"<p>No vibrante universo da tecnologia, poucas inova\u00e7\u00f5es capturam tanto a imagina\u00e7\u00e3o quanto a **Intelig\u00eancia Artificial Generativa**. Com a capacidade de criar textos, imagens, \u00e1udios e at\u00e9 v\u00eddeos que beiram a indistinguibilidade da realidade, essa tecnologia promete revolucionar in\u00fameras ind\u00fastrias, da arte \u00e0 medicina. No entanto, o poder inerente a essa inova\u00e7\u00e3o traz consigo uma responsabilidade [&hellip;]<\/p>\n","protected":false},"author":1,"featured_media":3271,"comment_status":"open","ping_status":"open","sticky":false,"template":"","format":"standard","meta":{"_yoast_wpseo_focuskw":"Intelig\u00eancia Artificial Generativa","_yoast_wpseo_metadesc":"Explore os dilemas \u00e9ticos da Intelig\u00eancia Artificial Generativa, como a cria\u00e7\u00e3o de imagens n\u00e3o consensuais, e discuta a urg\u00eancia de regulamenta\u00e7\u00e3o e responsabilidade para proteger usu\u00e1rios e construir um futuro digital seguro.","footnotes":""},"categories":[2],"tags":[],"class_list":["post-3272","post","type-post","status-publish","format-standard","has-post-thumbnail","hentry","category-novidades"],"yoast_head":"<!-- This site is optimized with the Yoast SEO plugin v25.6 - https:\/\/yoast.com\/wordpress\/plugins\/seo\/ -->\n<title>A Sombra da Inova\u00e7\u00e3o: Desafios \u00c9ticos e o Futuro da Intelig\u00eancia Artificial Generativa - Lacerda AI<\/title>\n<meta name=\"description\" content=\"Explore os dilemas \u00e9ticos da Intelig\u00eancia Artificial Generativa, como a cria\u00e7\u00e3o de imagens n\u00e3o consensuais, e discuta a urg\u00eancia de regulamenta\u00e7\u00e3o e responsabilidade para proteger usu\u00e1rios e construir um futuro digital seguro.\" \/>\n<meta name=\"robots\" content=\"index, follow, max-snippet:-1, max-image-preview:large, max-video-preview:-1\" \/>\n<link rel=\"canonical\" href=\"https:\/\/lacerdaai.com\/br\/a-sombra-da-inovacao-desafios-eticos-e-o-futuro-da-inteligencia-artificial-generativa\/\" \/>\n<meta property=\"og:locale\" content=\"pt_BR\" \/>\n<meta property=\"og:type\" content=\"article\" \/>\n<meta property=\"og:title\" content=\"A Sombra da Inova\u00e7\u00e3o: Desafios \u00c9ticos e o Futuro da Intelig\u00eancia Artificial Generativa - Lacerda AI\" \/>\n<meta property=\"og:description\" content=\"Explore os dilemas \u00e9ticos da Intelig\u00eancia Artificial Generativa, como a cria\u00e7\u00e3o de imagens n\u00e3o consensuais, e discuta a urg\u00eancia de regulamenta\u00e7\u00e3o e responsabilidade para proteger usu\u00e1rios e construir um futuro digital seguro.\" \/>\n<meta property=\"og:url\" content=\"https:\/\/lacerdaai.com\/br\/a-sombra-da-inovacao-desafios-eticos-e-o-futuro-da-inteligencia-artificial-generativa\/\" \/>\n<meta property=\"og:site_name\" content=\"Lacerda AI\" \/>\n<meta property=\"article:published_time\" content=\"2026-01-19T23:44:30+00:00\" \/>\n<meta property=\"article:modified_time\" content=\"2026-01-19T23:44:32+00:00\" \/>\n<meta name=\"author\" content=\"Andr\u00e9 Lacerda\" \/>\n<meta name=\"twitter:card\" content=\"summary_large_image\" \/>\n<meta name=\"twitter:label1\" content=\"Escrito por\" \/>\n\t<meta name=\"twitter:data1\" content=\"Andr\u00e9 Lacerda\" \/>\n\t<meta name=\"twitter:label2\" content=\"Est. tempo de leitura\" \/>\n\t<meta name=\"twitter:data2\" content=\"9 minutos\" \/>\n<script type=\"application\/ld+json\" class=\"yoast-schema-graph\">{\"@context\":\"https:\/\/schema.org\",\"@graph\":[{\"@type\":\"WebPage\",\"@id\":\"https:\/\/lacerdaai.com\/br\/a-sombra-da-inovacao-desafios-eticos-e-o-futuro-da-inteligencia-artificial-generativa\/\",\"url\":\"https:\/\/lacerdaai.com\/br\/a-sombra-da-inovacao-desafios-eticos-e-o-futuro-da-inteligencia-artificial-generativa\/\",\"name\":\"A Sombra da Inova\u00e7\u00e3o: Desafios \u00c9ticos e o Futuro da Intelig\u00eancia Artificial Generativa - Lacerda AI\",\"isPartOf\":{\"@id\":\"https:\/\/lacerdaai.com\/br\/#website\"},\"primaryImageOfPage\":{\"@id\":\"https:\/\/lacerdaai.com\/br\/a-sombra-da-inovacao-desafios-eticos-e-o-futuro-da-inteligencia-artificial-generativa\/#primaryimage\"},\"image\":{\"@id\":\"https:\/\/lacerdaai.com\/br\/a-sombra-da-inovacao-desafios-eticos-e-o-futuro-da-inteligencia-artificial-generativa\/#primaryimage\"},\"thumbnailUrl\":\"https:\/\/lacerdaai.com\/br\/wp-content\/uploads\/2026\/01\/imagem-67.jpg\",\"datePublished\":\"2026-01-19T23:44:30+00:00\",\"dateModified\":\"2026-01-19T23:44:32+00:00\",\"author\":{\"@id\":\"https:\/\/lacerdaai.com\/br\/#\/schema\/person\/8bad803c2e83a0c5c5c75e02a1c2248f\"},\"description\":\"Explore os dilemas \u00e9ticos da Intelig\u00eancia Artificial Generativa, como a cria\u00e7\u00e3o de imagens n\u00e3o consensuais, e discuta a urg\u00eancia de regulamenta\u00e7\u00e3o e responsabilidade para proteger usu\u00e1rios e construir um futuro digital seguro.\",\"breadcrumb\":{\"@id\":\"https:\/\/lacerdaai.com\/br\/a-sombra-da-inovacao-desafios-eticos-e-o-futuro-da-inteligencia-artificial-generativa\/#breadcrumb\"},\"inLanguage\":\"pt-BR\",\"potentialAction\":[{\"@type\":\"ReadAction\",\"target\":[\"https:\/\/lacerdaai.com\/br\/a-sombra-da-inovacao-desafios-eticos-e-o-futuro-da-inteligencia-artificial-generativa\/\"]}]},{\"@type\":\"ImageObject\",\"inLanguage\":\"pt-BR\",\"@id\":\"https:\/\/lacerdaai.com\/br\/a-sombra-da-inovacao-desafios-eticos-e-o-futuro-da-inteligencia-artificial-generativa\/#primaryimage\",\"url\":\"https:\/\/lacerdaai.com\/br\/wp-content\/uploads\/2026\/01\/imagem-67.jpg\",\"contentUrl\":\"https:\/\/lacerdaai.com\/br\/wp-content\/uploads\/2026\/01\/imagem-67.jpg\",\"width\":1600,\"height\":900},{\"@type\":\"BreadcrumbList\",\"@id\":\"https:\/\/lacerdaai.com\/br\/a-sombra-da-inovacao-desafios-eticos-e-o-futuro-da-inteligencia-artificial-generativa\/#breadcrumb\",\"itemListElement\":[{\"@type\":\"ListItem\",\"position\":1,\"name\":\"In\u00edcio\",\"item\":\"https:\/\/lacerdaai.com\/br\/\"},{\"@type\":\"ListItem\",\"position\":2,\"name\":\"A Sombra da Inova\u00e7\u00e3o: Desafios \u00c9ticos e o Futuro da Intelig\u00eancia Artificial Generativa\"}]},{\"@type\":\"WebSite\",\"@id\":\"https:\/\/lacerdaai.com\/br\/#website\",\"url\":\"https:\/\/lacerdaai.com\/br\/\",\"name\":\"Lacerda AI\",\"description\":\"Seu blog di\u00e1rio de novidades do mundo da Inteligencia Artificial\",\"potentialAction\":[{\"@type\":\"SearchAction\",\"target\":{\"@type\":\"EntryPoint\",\"urlTemplate\":\"https:\/\/lacerdaai.com\/br\/?s={search_term_string}\"},\"query-input\":{\"@type\":\"PropertyValueSpecification\",\"valueRequired\":true,\"valueName\":\"search_term_string\"}}],\"inLanguage\":\"pt-BR\"},{\"@type\":\"Person\",\"@id\":\"https:\/\/lacerdaai.com\/br\/#\/schema\/person\/8bad803c2e83a0c5c5c75e02a1c2248f\",\"name\":\"Andr\u00e9 Lacerda\",\"image\":{\"@type\":\"ImageObject\",\"inLanguage\":\"pt-BR\",\"@id\":\"https:\/\/lacerdaai.com\/br\/#\/schema\/person\/image\/\",\"url\":\"https:\/\/secure.gravatar.com\/avatar\/f5c1fa5ad9763f54c1f223c3fc91f131da6288c9f9e28d74bb3c355ad99af205?s=96&d=mm&r=g\",\"contentUrl\":\"https:\/\/secure.gravatar.com\/avatar\/f5c1fa5ad9763f54c1f223c3fc91f131da6288c9f9e28d74bb3c355ad99af205?s=96&d=mm&r=g\",\"caption\":\"Andr\u00e9 Lacerda\"},\"description\":\"Sou o Andr\u00e9 Lacerda, tenho 35 anos e sou apaixonado por tecnologia, intelig\u00eancia artificial e boas hist\u00f3rias. Me formei em Tecnologia e Jornalismo \u2014 sim, uma mistura meio improv\u00e1vel, mas que combina muito comigo. J\u00e1 morei no Canad\u00e1 e na Espanha, e essas experi\u00eancias me ajudaram a enxergar a inova\u00e7\u00e3o com um olhar mais global (e a me virar bem em tr\u00eas idiomas \ud83d\ude04). Trabalhei em algumas das maiores empresas de tecnologia do mercado e, hoje, atuo como consultor ajudando neg\u00f3cios a entenderem e aplicarem IA de forma pr\u00e1tica, estrat\u00e9gica e humana. Gosto de traduzir o complexo em algo simples \u2014 e \u00e9 isso que voc\u00ea vai encontrar por aqui.\",\"sameAs\":[\"http:\/\/lacerdaai.com\/br\"],\"url\":\"https:\/\/lacerdaai.com\/br\/author\/red-admin\/\"}]}<\/script>\n<!-- \/ Yoast SEO plugin. -->","yoast_head_json":{"title":"A Sombra da Inova\u00e7\u00e3o: Desafios \u00c9ticos e o Futuro da Intelig\u00eancia Artificial Generativa - Lacerda AI","description":"Explore os dilemas \u00e9ticos da Intelig\u00eancia Artificial Generativa, como a cria\u00e7\u00e3o de imagens n\u00e3o consensuais, e discuta a urg\u00eancia de regulamenta\u00e7\u00e3o e responsabilidade para proteger usu\u00e1rios e construir um futuro digital seguro.","robots":{"index":"index","follow":"follow","max-snippet":"max-snippet:-1","max-image-preview":"max-image-preview:large","max-video-preview":"max-video-preview:-1"},"canonical":"https:\/\/lacerdaai.com\/br\/a-sombra-da-inovacao-desafios-eticos-e-o-futuro-da-inteligencia-artificial-generativa\/","og_locale":"pt_BR","og_type":"article","og_title":"A Sombra da Inova\u00e7\u00e3o: Desafios \u00c9ticos e o Futuro da Intelig\u00eancia Artificial Generativa - Lacerda AI","og_description":"Explore os dilemas \u00e9ticos da Intelig\u00eancia Artificial Generativa, como a cria\u00e7\u00e3o de imagens n\u00e3o consensuais, e discuta a urg\u00eancia de regulamenta\u00e7\u00e3o e responsabilidade para proteger usu\u00e1rios e construir um futuro digital seguro.","og_url":"https:\/\/lacerdaai.com\/br\/a-sombra-da-inovacao-desafios-eticos-e-o-futuro-da-inteligencia-artificial-generativa\/","og_site_name":"Lacerda AI","article_published_time":"2026-01-19T23:44:30+00:00","article_modified_time":"2026-01-19T23:44:32+00:00","author":"Andr\u00e9 Lacerda","twitter_card":"summary_large_image","twitter_misc":{"Escrito por":"Andr\u00e9 Lacerda","Est. tempo de leitura":"9 minutos"},"schema":{"@context":"https:\/\/schema.org","@graph":[{"@type":"WebPage","@id":"https:\/\/lacerdaai.com\/br\/a-sombra-da-inovacao-desafios-eticos-e-o-futuro-da-inteligencia-artificial-generativa\/","url":"https:\/\/lacerdaai.com\/br\/a-sombra-da-inovacao-desafios-eticos-e-o-futuro-da-inteligencia-artificial-generativa\/","name":"A Sombra da Inova\u00e7\u00e3o: Desafios \u00c9ticos e o Futuro da Intelig\u00eancia Artificial Generativa - Lacerda AI","isPartOf":{"@id":"https:\/\/lacerdaai.com\/br\/#website"},"primaryImageOfPage":{"@id":"https:\/\/lacerdaai.com\/br\/a-sombra-da-inovacao-desafios-eticos-e-o-futuro-da-inteligencia-artificial-generativa\/#primaryimage"},"image":{"@id":"https:\/\/lacerdaai.com\/br\/a-sombra-da-inovacao-desafios-eticos-e-o-futuro-da-inteligencia-artificial-generativa\/#primaryimage"},"thumbnailUrl":"https:\/\/lacerdaai.com\/br\/wp-content\/uploads\/2026\/01\/imagem-67.jpg","datePublished":"2026-01-19T23:44:30+00:00","dateModified":"2026-01-19T23:44:32+00:00","author":{"@id":"https:\/\/lacerdaai.com\/br\/#\/schema\/person\/8bad803c2e83a0c5c5c75e02a1c2248f"},"description":"Explore os dilemas \u00e9ticos da Intelig\u00eancia Artificial Generativa, como a cria\u00e7\u00e3o de imagens n\u00e3o consensuais, e discuta a urg\u00eancia de regulamenta\u00e7\u00e3o e responsabilidade para proteger usu\u00e1rios e construir um futuro digital seguro.","breadcrumb":{"@id":"https:\/\/lacerdaai.com\/br\/a-sombra-da-inovacao-desafios-eticos-e-o-futuro-da-inteligencia-artificial-generativa\/#breadcrumb"},"inLanguage":"pt-BR","potentialAction":[{"@type":"ReadAction","target":["https:\/\/lacerdaai.com\/br\/a-sombra-da-inovacao-desafios-eticos-e-o-futuro-da-inteligencia-artificial-generativa\/"]}]},{"@type":"ImageObject","inLanguage":"pt-BR","@id":"https:\/\/lacerdaai.com\/br\/a-sombra-da-inovacao-desafios-eticos-e-o-futuro-da-inteligencia-artificial-generativa\/#primaryimage","url":"https:\/\/lacerdaai.com\/br\/wp-content\/uploads\/2026\/01\/imagem-67.jpg","contentUrl":"https:\/\/lacerdaai.com\/br\/wp-content\/uploads\/2026\/01\/imagem-67.jpg","width":1600,"height":900},{"@type":"BreadcrumbList","@id":"https:\/\/lacerdaai.com\/br\/a-sombra-da-inovacao-desafios-eticos-e-o-futuro-da-inteligencia-artificial-generativa\/#breadcrumb","itemListElement":[{"@type":"ListItem","position":1,"name":"In\u00edcio","item":"https:\/\/lacerdaai.com\/br\/"},{"@type":"ListItem","position":2,"name":"A Sombra da Inova\u00e7\u00e3o: Desafios \u00c9ticos e o Futuro da Intelig\u00eancia Artificial Generativa"}]},{"@type":"WebSite","@id":"https:\/\/lacerdaai.com\/br\/#website","url":"https:\/\/lacerdaai.com\/br\/","name":"Lacerda AI","description":"Seu blog di\u00e1rio de novidades do mundo da Inteligencia Artificial","potentialAction":[{"@type":"SearchAction","target":{"@type":"EntryPoint","urlTemplate":"https:\/\/lacerdaai.com\/br\/?s={search_term_string}"},"query-input":{"@type":"PropertyValueSpecification","valueRequired":true,"valueName":"search_term_string"}}],"inLanguage":"pt-BR"},{"@type":"Person","@id":"https:\/\/lacerdaai.com\/br\/#\/schema\/person\/8bad803c2e83a0c5c5c75e02a1c2248f","name":"Andr\u00e9 Lacerda","image":{"@type":"ImageObject","inLanguage":"pt-BR","@id":"https:\/\/lacerdaai.com\/br\/#\/schema\/person\/image\/","url":"https:\/\/secure.gravatar.com\/avatar\/f5c1fa5ad9763f54c1f223c3fc91f131da6288c9f9e28d74bb3c355ad99af205?s=96&d=mm&r=g","contentUrl":"https:\/\/secure.gravatar.com\/avatar\/f5c1fa5ad9763f54c1f223c3fc91f131da6288c9f9e28d74bb3c355ad99af205?s=96&d=mm&r=g","caption":"Andr\u00e9 Lacerda"},"description":"Sou o Andr\u00e9 Lacerda, tenho 35 anos e sou apaixonado por tecnologia, intelig\u00eancia artificial e boas hist\u00f3rias. Me formei em Tecnologia e Jornalismo \u2014 sim, uma mistura meio improv\u00e1vel, mas que combina muito comigo. J\u00e1 morei no Canad\u00e1 e na Espanha, e essas experi\u00eancias me ajudaram a enxergar a inova\u00e7\u00e3o com um olhar mais global (e a me virar bem em tr\u00eas idiomas \ud83d\ude04). Trabalhei em algumas das maiores empresas de tecnologia do mercado e, hoje, atuo como consultor ajudando neg\u00f3cios a entenderem e aplicarem IA de forma pr\u00e1tica, estrat\u00e9gica e humana. Gosto de traduzir o complexo em algo simples \u2014 e \u00e9 isso que voc\u00ea vai encontrar por aqui.","sameAs":["http:\/\/lacerdaai.com\/br"],"url":"https:\/\/lacerdaai.com\/br\/author\/red-admin\/"}]}},"_links":{"self":[{"href":"https:\/\/lacerdaai.com\/br\/wp-json\/wp\/v2\/posts\/3272","targetHints":{"allow":["GET"]}}],"collection":[{"href":"https:\/\/lacerdaai.com\/br\/wp-json\/wp\/v2\/posts"}],"about":[{"href":"https:\/\/lacerdaai.com\/br\/wp-json\/wp\/v2\/types\/post"}],"author":[{"embeddable":true,"href":"https:\/\/lacerdaai.com\/br\/wp-json\/wp\/v2\/users\/1"}],"replies":[{"embeddable":true,"href":"https:\/\/lacerdaai.com\/br\/wp-json\/wp\/v2\/comments?post=3272"}],"version-history":[{"count":1,"href":"https:\/\/lacerdaai.com\/br\/wp-json\/wp\/v2\/posts\/3272\/revisions"}],"predecessor-version":[{"id":3273,"href":"https:\/\/lacerdaai.com\/br\/wp-json\/wp\/v2\/posts\/3272\/revisions\/3273"}],"wp:featuredmedia":[{"embeddable":true,"href":"https:\/\/lacerdaai.com\/br\/wp-json\/wp\/v2\/media\/3271"}],"wp:attachment":[{"href":"https:\/\/lacerdaai.com\/br\/wp-json\/wp\/v2\/media?parent=3272"}],"wp:term":[{"taxonomy":"category","embeddable":true,"href":"https:\/\/lacerdaai.com\/br\/wp-json\/wp\/v2\/categories?post=3272"},{"taxonomy":"post_tag","embeddable":true,"href":"https:\/\/lacerdaai.com\/br\/wp-json\/wp\/v2\/tags?post=3272"}],"curies":[{"name":"wp","href":"https:\/\/api.w.org\/{rel}","templated":true}]}}