{"id":3284,"date":"2026-01-20T20:42:46","date_gmt":"2026-01-20T23:42:46","guid":{"rendered":"https:\/\/lacerdaai.com\/br\/a-corrida-da-ia-como-os-custos-de-energia-estao-moldando-o-futuro-da-inovacao-global\/"},"modified":"2026-01-20T20:42:48","modified_gmt":"2026-01-20T23:42:48","slug":"a-corrida-da-ia-como-os-custos-de-energia-estao-moldando-o-futuro-da-inovacao-global","status":"publish","type":"post","link":"https:\/\/lacerdaai.com\/br\/a-corrida-da-ia-como-os-custos-de-energia-estao-moldando-o-futuro-da-inovacao-global\/","title":{"rendered":"A Corrida da IA: Como os Custos de Energia Est\u00e3o Moldando o Futuro da Inova\u00e7\u00e3o Global"},"content":{"rendered":"<p>A Intelig\u00eancia Artificial (IA) tem se consolidado como a for\u00e7a motriz da pr\u00f3xima revolu\u00e7\u00e3o tecnol\u00f3gica, prometendo transformar ind\u00fastrias, redefinir a produtividade e impulsionar a inova\u00e7\u00e3o em escala global. No entanto, por tr\u00e1s da capacidade aparentemente ilimitada dos modelos de linguagem e dos algoritmos de aprendizado de m\u00e1quina, existe um elemento fundamental, mas frequentemente subestimado, que pode ditar quem sair\u00e1 vitorioso nesta corrida: a energia. \u00c9 o que afirma Satya Nadella, CEO da Microsoft, ao destacar que os custos de energia ser\u00e3o o fator preponderante que decidir\u00e1 quais pa\u00edses liderar\u00e3o o avan\u00e7o da IA.<\/p>\n<p>A vis\u00e3o de Nadella, compartilhada com a CNBC, ressalta uma verdade ineg\u00e1vel: a IA n\u00e3o opera no v\u00e1cuo. Cada avan\u00e7o, cada infer\u00eancia, cada c\u00e1lculo complexo exige uma quantidade monumental de poder computacional, e essa capacidade \u00e9 diretamente proporcional ao consumo de energia. Este artigo explora a intrincada rela\u00e7\u00e3o entre energia e intelig\u00eancia artificial, o impacto dos seus custos na competitividade global e os desafios que regi\u00f5es como a Europa e, por extens\u00e3o, o Brasil, enfrentam para se manterem relevantes nesse cen\u00e1rio de transforma\u00e7\u00e3o digital.<\/p>\n<h2><strong>Custos de energia na IA<\/strong>: O Motor Invis\u00edvel da Inova\u00e7\u00e3o<\/h2>\n<p>Quando falamos de intelig\u00eancia artificial, a imagem que geralmente nos vem \u00e0 mente s\u00e3o algoritmos sofisticados e capacidades quase m\u00e1gicas de processamento de dados. Contudo, a realidade por tr\u00e1s dessa magia \u00e9 muito mais prosaica e, ao mesmo tempo, estrat\u00e9gica: a IA \u00e9 uma tecnologia intensiva em energia. Desde o treinamento de grandes modelos de linguagem (LLMs) at\u00e9 a execu\u00e7\u00e3o de infer\u00eancias em tempo real, a demanda por eletricidade \u00e9 colossal e crescente.<\/p>\n<p>O processo de treinamento de um modelo de IA de ponta, como os da s\u00e9rie GPT ou Gemini, envolve o processamento de trilh\u00f5es de par\u00e2metros e terabytes de dados. Isso requer milhares de GPUs (unidades de processamento gr\u00e1fico) trabalhando em conjunto por semanas ou at\u00e9 meses, dentro de data centers gigantescos. Esses data centers s\u00e3o verdadeiras usinas de energia, consumindo o equivalente \u00e0 demanda de pequenas cidades. Cada servidor, cada chip, cada sistema de resfriamento para evitar o superaquecimento, exige uma alimenta\u00e7\u00e3o constante e robusta. E o que \u00e9 ainda mais impressionante \u00e9 que, mesmo ap\u00f3s o treinamento, a fase de infer\u00eancia \u2013 quando o modelo \u00e9 usado para gerar respostas, traduzir idiomas ou analisar imagens \u2013 tamb\u00e9m demanda energia significativa, especialmente quando escalada para milh\u00f5es de usu\u00e1rios.<\/p>\n<p>Pesquisas indicam que o consumo de energia de um \u00fanico treinamento de um modelo como o GPT-3 pode equivaler a centenas de toneladas de emiss\u00f5es de carbono. \u00c0 medida que os modelos se tornam mais complexos e os datasets maiores, essa pegada energ\u00e9tica tende a aumentar exponencialmente. A sustentabilidade e a efici\u00eancia energ\u00e9tica n\u00e3o s\u00e3o apenas preocupa\u00e7\u00f5es ambientais; elas se tornam imperativos econ\u00f4micos e estrat\u00e9gicos. Pa\u00edses e empresas com acesso a energia abundante, barata e, idealmente, limpa, ganham uma vantagem competitiva ineg\u00e1vel. N\u00e3o \u00e9 \u00e0 toa que grandes empresas de tecnologia est\u00e3o investindo pesadamente em data centers em regi\u00f5es com abund\u00e2ncia de energias renov\u00e1veis, como hidrel\u00e9tricas e e\u00f3licas, buscando n\u00e3o apenas reduzir custos, mas tamb\u00e9m alinhar-se com metas de descarboniza\u00e7\u00e3o.<\/p>\n<p>Essa demanda crescente tamb\u00e9m impulsiona a inova\u00e7\u00e3o em hardware. Fabricantes de chips como Nvidia, Intel e AMD est\u00e3o constantemente buscando desenvolver processadores mais eficientes em termos energ\u00e9ticos, capazes de realizar mais opera\u00e7\u00f5es por watt. Da mesma forma, algoritmos mais eficientes e arquiteturas de modelos otimizadas s\u00e3o desenvolvidos para reduzir a carga computacional e, consequentemente, o consumo de energia. A corrida pela IA, portanto, n\u00e3o \u00e9 apenas uma corrida por algoritmos superiores, mas tamb\u00e9m por uma infraestrutura energ\u00e9tica e de hardware que possa sustent\u00e1-los de forma econ\u00f4mica e ecologicamente vi\u00e1vel.<\/p>\n<h2>A Corrida da IA: Energia como Trunfo Geopol\u00edtico e Econ\u00f4mico<\/h2>\n<p>A afirma\u00e7\u00e3o de Nadella de que os <strong>custos de energia na IA<\/strong> definir\u00e3o os vencedores da corrida n\u00e3o \u00e9 um exagero. A capacidade de um pa\u00eds ou bloco econ\u00f4mico de fornecer energia barata e confi\u00e1vel para suas ind\u00fastrias de IA traduz-se diretamente em poder de inova\u00e7\u00e3o, velocidade de desenvolvimento e competitividade global. Isso eleva a energia de um mero insumo a um ativo estrat\u00e9gico de seguran\u00e7a nacional e prosperidade econ\u00f4mica.<\/p>\n<p>Observamos uma clara vantagem para pa\u00edses que j\u00e1 possuem infraestruturas energ\u00e9ticas robustas ou est\u00e3o investindo massivamente em fontes renov\u00e1veis. Os Estados Unidos, com sua vasta capacidade de energia e inova\u00e7\u00e3o em tecnologia, juntamente com a China, que tem investido pesadamente em energia e infraestrutura de IA, est\u00e3o na vanguarda. Ambos os pa\u00edses demonstram uma compreens\u00e3o profunda de que a supremacia tecnol\u00f3gica em IA est\u00e1 intrinsecamente ligada \u00e0 sua capacidade de sustentar o consumo energ\u00e9tico exponencial da tecnologia. Por outro lado, regi\u00f5es com alta depend\u00eancia de energia importada ou com custos energ\u00e9ticos elevados enfrentam um obst\u00e1culo significativo.<\/p>\n<p>A busca por energia barata e limpa leva a investimentos massivos em pesquisa e desenvolvimento em \u00e1reas como fus\u00e3o nuclear, armazenamento de energia em baterias de grande escala e otimiza\u00e7\u00e3o de redes el\u00e9tricas inteligentes. A localiza\u00e7\u00e3o de data centers, por exemplo, n\u00e3o \u00e9 mais decidida apenas pela proximidade de grandes centros populacionais ou cabos de fibra \u00f3ptica, mas cada vez mais pela disponibilidade de energia sustent\u00e1vel e de baixo custo. Isso pode levar a uma realoca\u00e7\u00e3o geogr\u00e1fica do poder de processamento da IA, beneficiando regi\u00f5es com recursos naturais favor\u00e1veis \u00e0 gera\u00e7\u00e3o de energia renov\u00e1vel.<\/p>\n<p>Al\u00e9m disso, a capacidade de gerar e gerenciar energia de forma eficiente para a IA tamb\u00e9m se reflete na soberania digital de um pa\u00eds. A depend\u00eancia de infraestruturas de IA baseadas em outros pa\u00edses, seja para treinamento ou infer\u00eancia, pode gerar vulnerabilidades em termos de seguran\u00e7a de dados e controle tecnol\u00f3gico. Por isso, muitos governos est\u00e3o incentivando o desenvolvimento de data centers nacionais e a autossufici\u00eancia energ\u00e9tica para suportar suas crescentes capacidades de IA.<\/p>\n<h2>O Desafio Europeu na Arena Global da IA<\/h2>\n<p>Nadella tamb\u00e9m apontou que a Europa precisa adotar uma perspectiva mais global para ser bem-sucedida na corrida da IA. Esta observa\u00e7\u00e3o \u00e9 particularmente relevante, pois a Uni\u00e3o Europeia, apesar de ser um bloco econ\u00f4mico poderoso com grande talento cient\u00edfico e uma forte base industrial, enfrenta desafios \u00fanicos no cen\u00e1rio da IA.<\/p>\n<p>Um dos principais obst\u00e1culos \u00e9 a fragmenta\u00e7\u00e3o do mercado e a complexidade regulat\u00f3ria. Embora o AI Act da UE seja um marco na governan\u00e7a da IA, estabelecendo padr\u00f5es \u00e9ticos e de seguran\u00e7a, a multiplicidade de abordagens regulat\u00f3rias entre os estados-membros pode, em alguns casos, desacelerar a inova\u00e7\u00e3o. Comparada aos mercados unificados dos EUA e da China, a Europa precisa harmonizar suas pol\u00edticas e estrat\u00e9gias para criar um ambiente mais \u00e1gil para o desenvolvimento e a implementa\u00e7\u00e3o da IA em larga escala.<\/p>\n<p>No que diz respeito \u00e0 energia, a Europa tem uma agenda ambiciosa de descarboniza\u00e7\u00e3o e investimentos em energias renov\u00e1veis. No entanto, a transi\u00e7\u00e3o energ\u00e9tica \u00e9 um processo complexo, e muitos pa\u00edses europeus ainda enfrentam custos de energia relativamente altos e depend\u00eancia de fontes externas, como o g\u00e1s natural, o que pode impactar diretamente a viabilidade econ\u00f4mica de grandes data centers e infraestruturas de IA. Para competir, a Europa precisar\u00e1 n\u00e3o apenas acelerar sua transi\u00e7\u00e3o para uma matriz energ\u00e9tica mais barata e limpa, mas tamb\u00e9m criar pol\u00edticas que incentivem a inova\u00e7\u00e3o em IA de forma competitiva, sem sobrecarregar as empresas com custos excessivos ou burocracia desnecess\u00e1ria.<\/p>\n<p>A perspectiva de Nadella sugere que a Europa deve olhar al\u00e9m de suas fronteiras, buscando colabora\u00e7\u00f5es globais em pesquisa e desenvolvimento, atraindo investimentos e talento, e garantindo que suas empresas de tecnologia possam competir em p\u00e9 de igualdade com as gigantes americanas e asi\u00e1ticas. Isso implica em fomentar um ecossistema de IA que seja n\u00e3o apenas \u00e9tico e seguro, mas tamb\u00e9m vibrante, inovador e escal\u00e1vel. A capacidade de unir for\u00e7as, criar um mercado digital coeso e investir massivamente em infraestrutura energ\u00e9tica e computacional ser\u00e1 crucial para que a Europa possa afirmar seu papel de lideran\u00e7a na era da intelig\u00eancia artificial.<\/p>\n<p>Para o Brasil, as li\u00e7\u00f5es s\u00e3o igualmente importantes. Com sua vasta capacidade de gera\u00e7\u00e3o de energia renov\u00e1vel, especialmente hidrel\u00e9trica, o pa\u00eds tem um potencial estrat\u00e9gico para se posicionar como um hub de data centers e desenvolvimento de IA, oferecendo energia mais limpa e competitiva. No entanto, a necessidade de investir em infraestrutura de rede robusta, talentos qualificados e um ambiente regulat\u00f3rio favor\u00e1vel s\u00e3o desafios que precisam ser superados para que o Brasil possa capitalizar sobre essa vantagem energ\u00e9tica e participar ativamente da corrida global da IA.<\/p>\n<h2>Conclus\u00e3o<\/h2>\n<p>A intelig\u00eancia artificial est\u00e1 redefinindo o futuro de maneira profunda e irrevers\u00edvel, mas sua ascens\u00e3o n\u00e3o \u00e9 isenta de desafios, sendo o custo e a disponibilidade de energia um dos mais cr\u00edticos. A perspicaz observa\u00e7\u00e3o de Satya Nadella serve como um lembrete contundente de que a supremacia na IA n\u00e3o ser\u00e1 alcan\u00e7ada apenas atrav\u00e9s de algoritmos inovadores ou de vastos conjuntos de dados, mas tamb\u00e9m pela capacidade de alimentar essa inova\u00e7\u00e3o de forma sustent\u00e1vel e econ\u00f4mica. A energia, outrora considerada um mero recurso, agora se manifesta como um trunfo geopol\u00edtico e econ\u00f4mico fundamental, capaz de moldar o mapa da competitividade global na era digital.<\/p>\n<p>Para na\u00e7\u00f5es e blocos como a Europa e o Brasil, a corrida da IA exige uma estrat\u00e9gia multifacetada que combine investimentos em infraestrutura energ\u00e9tica verde, pol\u00edticas que incentivem a inova\u00e7\u00e3o, desenvolvimento de talentos e uma mentalidade colaborativa e global. Aqueles que souberem equilibrar o \u00edmpeto tecnol\u00f3gico com a gest\u00e3o inteligente de seus recursos energ\u00e9ticos estar\u00e3o mais bem posicionados para liderar a pr\u00f3xima fronteira da intelig\u00eancia artificial, colhendo os frutos de uma revolu\u00e7\u00e3o que promete transformar a sociedade como a conhecemos.<\/p>\n","protected":false},"excerpt":{"rendered":"<p>A Intelig\u00eancia Artificial (IA) tem se consolidado como a for\u00e7a motriz da pr\u00f3xima revolu\u00e7\u00e3o tecnol\u00f3gica, prometendo transformar ind\u00fastrias, redefinir a produtividade e impulsionar a inova\u00e7\u00e3o em escala global. No entanto, por tr\u00e1s da capacidade aparentemente ilimitada dos modelos de linguagem e dos algoritmos de aprendizado de m\u00e1quina, existe um elemento fundamental, mas frequentemente subestimado, que [&hellip;]<\/p>\n","protected":false},"author":1,"featured_media":3283,"comment_status":"open","ping_status":"open","sticky":false,"template":"","format":"standard","meta":{"_yoast_wpseo_focuskw":"custos de energia na IA","_yoast_wpseo_metadesc":"Descubra como os custos de energia se tornaram um fator decisivo na corrida global pela IA, segundo Satya Nadella da Microsoft, e o que isso significa para a competitividade de pa\u00edses como o Brasil e a Europa. Uma an\u00e1lise aprofundada sobre o impacto energ\u00e9tico da intelig\u00eancia artificial.","footnotes":""},"categories":[2],"tags":[],"class_list":["post-3284","post","type-post","status-publish","format-standard","has-post-thumbnail","hentry","category-novidades"],"yoast_head":"<!-- This site is optimized with the Yoast SEO plugin v25.6 - https:\/\/yoast.com\/wordpress\/plugins\/seo\/ -->\n<title>A Corrida da IA: Como os Custos de Energia Est\u00e3o Moldando o Futuro da Inova\u00e7\u00e3o Global - Lacerda AI<\/title>\n<meta name=\"description\" content=\"Descubra como os custos de energia se tornaram um fator decisivo na corrida global pela IA, segundo Satya Nadella da Microsoft, e o que isso significa para a competitividade de pa\u00edses como o Brasil e a Europa. Uma an\u00e1lise aprofundada sobre o impacto energ\u00e9tico da intelig\u00eancia artificial.\" \/>\n<meta name=\"robots\" content=\"index, follow, max-snippet:-1, max-image-preview:large, max-video-preview:-1\" \/>\n<link rel=\"canonical\" href=\"https:\/\/lacerdaai.com\/br\/a-corrida-da-ia-como-os-custos-de-energia-estao-moldando-o-futuro-da-inovacao-global\/\" \/>\n<meta property=\"og:locale\" content=\"pt_BR\" \/>\n<meta property=\"og:type\" content=\"article\" \/>\n<meta property=\"og:title\" content=\"A Corrida da IA: Como os Custos de Energia Est\u00e3o Moldando o Futuro da Inova\u00e7\u00e3o Global - Lacerda AI\" \/>\n<meta property=\"og:description\" content=\"Descubra como os custos de energia se tornaram um fator decisivo na corrida global pela IA, segundo Satya Nadella da Microsoft, e o que isso significa para a competitividade de pa\u00edses como o Brasil e a Europa. Uma an\u00e1lise aprofundada sobre o impacto energ\u00e9tico da intelig\u00eancia artificial.\" \/>\n<meta property=\"og:url\" content=\"https:\/\/lacerdaai.com\/br\/a-corrida-da-ia-como-os-custos-de-energia-estao-moldando-o-futuro-da-inovacao-global\/\" \/>\n<meta property=\"og:site_name\" content=\"Lacerda AI\" \/>\n<meta property=\"article:published_time\" content=\"2026-01-20T23:42:46+00:00\" \/>\n<meta property=\"article:modified_time\" content=\"2026-01-20T23:42:48+00:00\" \/>\n<meta name=\"author\" content=\"Andr\u00e9 Lacerda\" \/>\n<meta name=\"twitter:card\" content=\"summary_large_image\" \/>\n<meta name=\"twitter:label1\" content=\"Escrito por\" \/>\n\t<meta name=\"twitter:data1\" content=\"Andr\u00e9 Lacerda\" \/>\n\t<meta name=\"twitter:label2\" content=\"Est. tempo de leitura\" \/>\n\t<meta name=\"twitter:data2\" content=\"9 minutos\" \/>\n<script type=\"application\/ld+json\" class=\"yoast-schema-graph\">{\"@context\":\"https:\/\/schema.org\",\"@graph\":[{\"@type\":\"WebPage\",\"@id\":\"https:\/\/lacerdaai.com\/br\/a-corrida-da-ia-como-os-custos-de-energia-estao-moldando-o-futuro-da-inovacao-global\/\",\"url\":\"https:\/\/lacerdaai.com\/br\/a-corrida-da-ia-como-os-custos-de-energia-estao-moldando-o-futuro-da-inovacao-global\/\",\"name\":\"A Corrida da IA: Como os Custos de Energia Est\u00e3o Moldando o Futuro da Inova\u00e7\u00e3o Global - Lacerda AI\",\"isPartOf\":{\"@id\":\"https:\/\/lacerdaai.com\/br\/#website\"},\"primaryImageOfPage\":{\"@id\":\"https:\/\/lacerdaai.com\/br\/a-corrida-da-ia-como-os-custos-de-energia-estao-moldando-o-futuro-da-inovacao-global\/#primaryimage\"},\"image\":{\"@id\":\"https:\/\/lacerdaai.com\/br\/a-corrida-da-ia-como-os-custos-de-energia-estao-moldando-o-futuro-da-inovacao-global\/#primaryimage\"},\"thumbnailUrl\":\"https:\/\/lacerdaai.com\/br\/wp-content\/uploads\/2026\/01\/imagem-71.jpg\",\"datePublished\":\"2026-01-20T23:42:46+00:00\",\"dateModified\":\"2026-01-20T23:42:48+00:00\",\"author\":{\"@id\":\"https:\/\/lacerdaai.com\/br\/#\/schema\/person\/8bad803c2e83a0c5c5c75e02a1c2248f\"},\"description\":\"Descubra como os custos de energia se tornaram um fator decisivo na corrida global pela IA, segundo Satya Nadella da Microsoft, e o que isso significa para a competitividade de pa\u00edses como o Brasil e a Europa. Uma an\u00e1lise aprofundada sobre o impacto energ\u00e9tico da intelig\u00eancia artificial.\",\"breadcrumb\":{\"@id\":\"https:\/\/lacerdaai.com\/br\/a-corrida-da-ia-como-os-custos-de-energia-estao-moldando-o-futuro-da-inovacao-global\/#breadcrumb\"},\"inLanguage\":\"pt-BR\",\"potentialAction\":[{\"@type\":\"ReadAction\",\"target\":[\"https:\/\/lacerdaai.com\/br\/a-corrida-da-ia-como-os-custos-de-energia-estao-moldando-o-futuro-da-inovacao-global\/\"]}]},{\"@type\":\"ImageObject\",\"inLanguage\":\"pt-BR\",\"@id\":\"https:\/\/lacerdaai.com\/br\/a-corrida-da-ia-como-os-custos-de-energia-estao-moldando-o-futuro-da-inovacao-global\/#primaryimage\",\"url\":\"https:\/\/lacerdaai.com\/br\/wp-content\/uploads\/2026\/01\/imagem-71.jpg\",\"contentUrl\":\"https:\/\/lacerdaai.com\/br\/wp-content\/uploads\/2026\/01\/imagem-71.jpg\",\"width\":1920,\"height\":1080},{\"@type\":\"BreadcrumbList\",\"@id\":\"https:\/\/lacerdaai.com\/br\/a-corrida-da-ia-como-os-custos-de-energia-estao-moldando-o-futuro-da-inovacao-global\/#breadcrumb\",\"itemListElement\":[{\"@type\":\"ListItem\",\"position\":1,\"name\":\"In\u00edcio\",\"item\":\"https:\/\/lacerdaai.com\/br\/\"},{\"@type\":\"ListItem\",\"position\":2,\"name\":\"A Corrida da IA: Como os Custos de Energia Est\u00e3o Moldando o Futuro da Inova\u00e7\u00e3o Global\"}]},{\"@type\":\"WebSite\",\"@id\":\"https:\/\/lacerdaai.com\/br\/#website\",\"url\":\"https:\/\/lacerdaai.com\/br\/\",\"name\":\"Lacerda AI\",\"description\":\"Seu blog di\u00e1rio de novidades do mundo da Inteligencia Artificial\",\"potentialAction\":[{\"@type\":\"SearchAction\",\"target\":{\"@type\":\"EntryPoint\",\"urlTemplate\":\"https:\/\/lacerdaai.com\/br\/?s={search_term_string}\"},\"query-input\":{\"@type\":\"PropertyValueSpecification\",\"valueRequired\":true,\"valueName\":\"search_term_string\"}}],\"inLanguage\":\"pt-BR\"},{\"@type\":\"Person\",\"@id\":\"https:\/\/lacerdaai.com\/br\/#\/schema\/person\/8bad803c2e83a0c5c5c75e02a1c2248f\",\"name\":\"Andr\u00e9 Lacerda\",\"image\":{\"@type\":\"ImageObject\",\"inLanguage\":\"pt-BR\",\"@id\":\"https:\/\/lacerdaai.com\/br\/#\/schema\/person\/image\/\",\"url\":\"https:\/\/secure.gravatar.com\/avatar\/f5c1fa5ad9763f54c1f223c3fc91f131da6288c9f9e28d74bb3c355ad99af205?s=96&d=mm&r=g\",\"contentUrl\":\"https:\/\/secure.gravatar.com\/avatar\/f5c1fa5ad9763f54c1f223c3fc91f131da6288c9f9e28d74bb3c355ad99af205?s=96&d=mm&r=g\",\"caption\":\"Andr\u00e9 Lacerda\"},\"description\":\"Sou o Andr\u00e9 Lacerda, tenho 35 anos e sou apaixonado por tecnologia, intelig\u00eancia artificial e boas hist\u00f3rias. Me formei em Tecnologia e Jornalismo \u2014 sim, uma mistura meio improv\u00e1vel, mas que combina muito comigo. J\u00e1 morei no Canad\u00e1 e na Espanha, e essas experi\u00eancias me ajudaram a enxergar a inova\u00e7\u00e3o com um olhar mais global (e a me virar bem em tr\u00eas idiomas \ud83d\ude04). Trabalhei em algumas das maiores empresas de tecnologia do mercado e, hoje, atuo como consultor ajudando neg\u00f3cios a entenderem e aplicarem IA de forma pr\u00e1tica, estrat\u00e9gica e humana. Gosto de traduzir o complexo em algo simples \u2014 e \u00e9 isso que voc\u00ea vai encontrar por aqui.\",\"sameAs\":[\"http:\/\/lacerdaai.com\/br\"],\"url\":\"https:\/\/lacerdaai.com\/br\/author\/red-admin\/\"}]}<\/script>\n<!-- \/ Yoast SEO plugin. -->","yoast_head_json":{"title":"A Corrida da IA: Como os Custos de Energia Est\u00e3o Moldando o Futuro da Inova\u00e7\u00e3o Global - Lacerda AI","description":"Descubra como os custos de energia se tornaram um fator decisivo na corrida global pela IA, segundo Satya Nadella da Microsoft, e o que isso significa para a competitividade de pa\u00edses como o Brasil e a Europa. Uma an\u00e1lise aprofundada sobre o impacto energ\u00e9tico da intelig\u00eancia artificial.","robots":{"index":"index","follow":"follow","max-snippet":"max-snippet:-1","max-image-preview":"max-image-preview:large","max-video-preview":"max-video-preview:-1"},"canonical":"https:\/\/lacerdaai.com\/br\/a-corrida-da-ia-como-os-custos-de-energia-estao-moldando-o-futuro-da-inovacao-global\/","og_locale":"pt_BR","og_type":"article","og_title":"A Corrida da IA: Como os Custos de Energia Est\u00e3o Moldando o Futuro da Inova\u00e7\u00e3o Global - Lacerda AI","og_description":"Descubra como os custos de energia se tornaram um fator decisivo na corrida global pela IA, segundo Satya Nadella da Microsoft, e o que isso significa para a competitividade de pa\u00edses como o Brasil e a Europa. Uma an\u00e1lise aprofundada sobre o impacto energ\u00e9tico da intelig\u00eancia artificial.","og_url":"https:\/\/lacerdaai.com\/br\/a-corrida-da-ia-como-os-custos-de-energia-estao-moldando-o-futuro-da-inovacao-global\/","og_site_name":"Lacerda AI","article_published_time":"2026-01-20T23:42:46+00:00","article_modified_time":"2026-01-20T23:42:48+00:00","author":"Andr\u00e9 Lacerda","twitter_card":"summary_large_image","twitter_misc":{"Escrito por":"Andr\u00e9 Lacerda","Est. tempo de leitura":"9 minutos"},"schema":{"@context":"https:\/\/schema.org","@graph":[{"@type":"WebPage","@id":"https:\/\/lacerdaai.com\/br\/a-corrida-da-ia-como-os-custos-de-energia-estao-moldando-o-futuro-da-inovacao-global\/","url":"https:\/\/lacerdaai.com\/br\/a-corrida-da-ia-como-os-custos-de-energia-estao-moldando-o-futuro-da-inovacao-global\/","name":"A Corrida da IA: Como os Custos de Energia Est\u00e3o Moldando o Futuro da Inova\u00e7\u00e3o Global - Lacerda AI","isPartOf":{"@id":"https:\/\/lacerdaai.com\/br\/#website"},"primaryImageOfPage":{"@id":"https:\/\/lacerdaai.com\/br\/a-corrida-da-ia-como-os-custos-de-energia-estao-moldando-o-futuro-da-inovacao-global\/#primaryimage"},"image":{"@id":"https:\/\/lacerdaai.com\/br\/a-corrida-da-ia-como-os-custos-de-energia-estao-moldando-o-futuro-da-inovacao-global\/#primaryimage"},"thumbnailUrl":"https:\/\/lacerdaai.com\/br\/wp-content\/uploads\/2026\/01\/imagem-71.jpg","datePublished":"2026-01-20T23:42:46+00:00","dateModified":"2026-01-20T23:42:48+00:00","author":{"@id":"https:\/\/lacerdaai.com\/br\/#\/schema\/person\/8bad803c2e83a0c5c5c75e02a1c2248f"},"description":"Descubra como os custos de energia se tornaram um fator decisivo na corrida global pela IA, segundo Satya Nadella da Microsoft, e o que isso significa para a competitividade de pa\u00edses como o Brasil e a Europa. Uma an\u00e1lise aprofundada sobre o impacto energ\u00e9tico da intelig\u00eancia artificial.","breadcrumb":{"@id":"https:\/\/lacerdaai.com\/br\/a-corrida-da-ia-como-os-custos-de-energia-estao-moldando-o-futuro-da-inovacao-global\/#breadcrumb"},"inLanguage":"pt-BR","potentialAction":[{"@type":"ReadAction","target":["https:\/\/lacerdaai.com\/br\/a-corrida-da-ia-como-os-custos-de-energia-estao-moldando-o-futuro-da-inovacao-global\/"]}]},{"@type":"ImageObject","inLanguage":"pt-BR","@id":"https:\/\/lacerdaai.com\/br\/a-corrida-da-ia-como-os-custos-de-energia-estao-moldando-o-futuro-da-inovacao-global\/#primaryimage","url":"https:\/\/lacerdaai.com\/br\/wp-content\/uploads\/2026\/01\/imagem-71.jpg","contentUrl":"https:\/\/lacerdaai.com\/br\/wp-content\/uploads\/2026\/01\/imagem-71.jpg","width":1920,"height":1080},{"@type":"BreadcrumbList","@id":"https:\/\/lacerdaai.com\/br\/a-corrida-da-ia-como-os-custos-de-energia-estao-moldando-o-futuro-da-inovacao-global\/#breadcrumb","itemListElement":[{"@type":"ListItem","position":1,"name":"In\u00edcio","item":"https:\/\/lacerdaai.com\/br\/"},{"@type":"ListItem","position":2,"name":"A Corrida da IA: Como os Custos de Energia Est\u00e3o Moldando o Futuro da Inova\u00e7\u00e3o Global"}]},{"@type":"WebSite","@id":"https:\/\/lacerdaai.com\/br\/#website","url":"https:\/\/lacerdaai.com\/br\/","name":"Lacerda AI","description":"Seu blog di\u00e1rio de novidades do mundo da Inteligencia Artificial","potentialAction":[{"@type":"SearchAction","target":{"@type":"EntryPoint","urlTemplate":"https:\/\/lacerdaai.com\/br\/?s={search_term_string}"},"query-input":{"@type":"PropertyValueSpecification","valueRequired":true,"valueName":"search_term_string"}}],"inLanguage":"pt-BR"},{"@type":"Person","@id":"https:\/\/lacerdaai.com\/br\/#\/schema\/person\/8bad803c2e83a0c5c5c75e02a1c2248f","name":"Andr\u00e9 Lacerda","image":{"@type":"ImageObject","inLanguage":"pt-BR","@id":"https:\/\/lacerdaai.com\/br\/#\/schema\/person\/image\/","url":"https:\/\/secure.gravatar.com\/avatar\/f5c1fa5ad9763f54c1f223c3fc91f131da6288c9f9e28d74bb3c355ad99af205?s=96&d=mm&r=g","contentUrl":"https:\/\/secure.gravatar.com\/avatar\/f5c1fa5ad9763f54c1f223c3fc91f131da6288c9f9e28d74bb3c355ad99af205?s=96&d=mm&r=g","caption":"Andr\u00e9 Lacerda"},"description":"Sou o Andr\u00e9 Lacerda, tenho 35 anos e sou apaixonado por tecnologia, intelig\u00eancia artificial e boas hist\u00f3rias. Me formei em Tecnologia e Jornalismo \u2014 sim, uma mistura meio improv\u00e1vel, mas que combina muito comigo. J\u00e1 morei no Canad\u00e1 e na Espanha, e essas experi\u00eancias me ajudaram a enxergar a inova\u00e7\u00e3o com um olhar mais global (e a me virar bem em tr\u00eas idiomas \ud83d\ude04). Trabalhei em algumas das maiores empresas de tecnologia do mercado e, hoje, atuo como consultor ajudando neg\u00f3cios a entenderem e aplicarem IA de forma pr\u00e1tica, estrat\u00e9gica e humana. Gosto de traduzir o complexo em algo simples \u2014 e \u00e9 isso que voc\u00ea vai encontrar por aqui.","sameAs":["http:\/\/lacerdaai.com\/br"],"url":"https:\/\/lacerdaai.com\/br\/author\/red-admin\/"}]}},"_links":{"self":[{"href":"https:\/\/lacerdaai.com\/br\/wp-json\/wp\/v2\/posts\/3284","targetHints":{"allow":["GET"]}}],"collection":[{"href":"https:\/\/lacerdaai.com\/br\/wp-json\/wp\/v2\/posts"}],"about":[{"href":"https:\/\/lacerdaai.com\/br\/wp-json\/wp\/v2\/types\/post"}],"author":[{"embeddable":true,"href":"https:\/\/lacerdaai.com\/br\/wp-json\/wp\/v2\/users\/1"}],"replies":[{"embeddable":true,"href":"https:\/\/lacerdaai.com\/br\/wp-json\/wp\/v2\/comments?post=3284"}],"version-history":[{"count":1,"href":"https:\/\/lacerdaai.com\/br\/wp-json\/wp\/v2\/posts\/3284\/revisions"}],"predecessor-version":[{"id":3285,"href":"https:\/\/lacerdaai.com\/br\/wp-json\/wp\/v2\/posts\/3284\/revisions\/3285"}],"wp:featuredmedia":[{"embeddable":true,"href":"https:\/\/lacerdaai.com\/br\/wp-json\/wp\/v2\/media\/3283"}],"wp:attachment":[{"href":"https:\/\/lacerdaai.com\/br\/wp-json\/wp\/v2\/media?parent=3284"}],"wp:term":[{"taxonomy":"category","embeddable":true,"href":"https:\/\/lacerdaai.com\/br\/wp-json\/wp\/v2\/categories?post=3284"},{"taxonomy":"post_tag","embeddable":true,"href":"https:\/\/lacerdaai.com\/br\/wp-json\/wp\/v2\/tags?post=3284"}],"curies":[{"name":"wp","href":"https:\/\/api.w.org\/{rel}","templated":true}]}}