{"id":3290,"date":"2026-01-21T04:43:23","date_gmt":"2026-01-21T07:43:23","guid":{"rendered":"https:\/\/lacerdaai.com\/br\/ia-big-tech-e-o-xadrez-global-quem-dita-as-regras-em-davos\/"},"modified":"2026-01-21T04:43:24","modified_gmt":"2026-01-21T07:43:24","slug":"ia-big-tech-e-o-xadrez-global-quem-dita-as-regras-em-davos","status":"publish","type":"post","link":"https:\/\/lacerdaai.com\/br\/ia-big-tech-e-o-xadrez-global-quem-dita-as-regras-em-davos\/","title":{"rendered":"IA, Big Tech e o Xadrez Global: Quem dita as regras em Davos?"},"content":{"rendered":"<p>## A Voz do Futuro no Corredor do Poder: Davos Sob a \u00d3tica da IA e da Big Tech<\/p>\n<p>Imagine um cen\u00e1rio onde os l\u00edderes mais influentes do mundo \u2013 chefes de estado, CEOs de multinacionais, pensadores renomados \u2013 se re\u00fanem para debater os desafios e oportunidades que moldar\u00e3o nosso futuro. Esse \u00e9 o F\u00f3rum Econ\u00f4mico Mundial em Davos, um espet\u00e1culo anual que, ao longo das d\u00e9cadas, tem sido um term\u00f4metro das grandes tend\u00eancias globais. No entanto, nos \u00faltimos anos, um fen\u00f4meno tem se destacado de forma ineg\u00e1vel: a crescente e avassaladora domin\u00e2ncia das empresas globais de tecnologia, cujos interesses, debates e inova\u00e7\u00f5es passaram a ofuscar (e muitas vezes ditar) as pautas de praticamente todos os outros setores. E no centro dessa revolu\u00e7\u00e3o, reinando soberana, est\u00e1 a <strong>Intelig\u00eancia Artificial<\/strong> (IA).<\/p>\n<p>Longe de ser apenas um tema na agenda, a IA transformou-se no cerne das discuss\u00f5es, impulsionando n\u00e3o s\u00f3 inova\u00e7\u00f5es e modelos de neg\u00f3cios, mas tamb\u00e9m redefinindo geopol\u00edtica, \u00e9tica, mercado de trabalho e at\u00e9 mesmo a pr\u00f3pria estrutura de poder. As Big Techs, com seu arsenal de algoritmos e dados, n\u00e3o s\u00e3o mais meros participantes; elas s\u00e3o os novos arquitetos do di\u00e1logo global. Este artigo mergulha nas profundezas dessa transforma\u00e7\u00e3o, explorando como a IA e as gigantes da tecnologia n\u00e3o apenas \u201cbrilham\u201d em Davos, mas efetivamente reescrevem o roteiro do futuro, muitas vezes \u00e0 revelia de outras vozes cruciais.<\/p>\n<p>### A <strong>Intelig\u00eancia Artificial<\/strong>: O Novo Protagonista em Davos<\/p>\n<p>Antigamente, Davos era palco para discuss\u00f5es sobre energia, com\u00e9rcio global, finan\u00e7as tradicionais e quest\u00f5es sociais urgentes. Hoje, ao caminhar pelos corredores repletos de pain\u00e9is e debates, \u00e9 quase imposs\u00edvel n\u00e3o ouvir a palavra &#8220;IA&#8221; ecoando em cada sala. A <strong>Intelig\u00eancia Artificial<\/strong> deixou de ser uma promessa futurista para se tornar uma realidade onipresente, permeando todos os aspectos da economia e da sociedade. Em Davos, essa realidade ganha contornos ainda mais n\u00edtidos.<\/p>\n<p>Por que tamanha centralidade? A resposta reside no potencial disruptivo da IA. Estamos falando de uma tecnologia capaz de otimizar processos industriais, revolucionar a medicina com diagn\u00f3sticos precisos e descobertas de novos f\u00e1rmacos, transformar a educa\u00e7\u00e3o, reimaginar cidades inteligentes e, \u00e9 claro, remodelar a for\u00e7a de trabalho global. Os l\u00edderes de Davos entendem que quem dominar a IA dominar\u00e1 o s\u00e9culo XXI. Governos veem nela uma ferramenta para aumentar a competitividade nacional e a seguran\u00e7a; empresas, uma alavanca para inova\u00e7\u00e3o e lucros sem precedentes. O entusiasmo \u00e9 palp\u00e1vel, mas o receio tamb\u00e9m \u00e9 uma sombra constante. Quest\u00f5es \u00e9ticas como vi\u00e9s algor\u00edtmico, privacidade de dados, desemprego tecnol\u00f3gico em massa e a possibilidade de uso indevido da IA para fins de vigil\u00e2ncia ou guerra s\u00e3o temas igualmente urgentes, debatidos com uma mistura de esperan\u00e7a e apreens\u00e3o.<\/p>\n<p>As sess\u00f5es dedicadas \u00e0 IA em Davos abordam desde a governan\u00e7a global de modelos de linguagem (LLMs) at\u00e9 a cria\u00e7\u00e3o de quadros regulat\u00f3rios para prevenir abusos. Gigantes da tecnologia como Google, Microsoft e OpenAI enviam seus CEOs e pesquisadores para apresentarem suas vis\u00f5es, muitas vezes influenciando diretamente as narrativas e as propostas de pol\u00edticas p\u00fablicas. \u00c9 um ecossistema onde a fronteira entre o desenvolvimento tecnol\u00f3gico e a formula\u00e7\u00e3o de pol\u00edticas se torna cada vez mais t\u00eanue, e a voz da Big Tech, cada vez mais alta.<\/p>\n<p>### Big Tech no Centro do Palco Global: Mais Poder do Que Governos?<\/p>\n<p>A ascens\u00e3o da <strong>Intelig\u00eancia Artificial<\/strong> est\u00e1 intrinsecamente ligada \u00e0 ascens\u00e3o das Big Techs. Empresas como Apple, Amazon, Meta (Facebook), Google (Alphabet) e Microsoft n\u00e3o s\u00e3o apenas as maiores em capitaliza\u00e7\u00e3o de mercado; elas s\u00e3o as principais investidoras, desenvolvedoras e aplicadoras de tecnologias de IA. Seu poder transcende as fronteiras nacionais, muitas vezes rivalizando ou at\u00e9 superando o de estados-na\u00e7\u00e3o em termos de influ\u00eancia econ\u00f4mica e cultural. Em Davos, essa realidade se manifesta de forma contundente.<\/p>\n<p>O F\u00f3rum Econ\u00f4mico Mundial, em sua ess\u00eancia, busca facilitar o di\u00e1logo entre o setor p\u00fablico e privado. Contudo, quando o setor privado em quest\u00e3o det\u00e9m o monop\u00f3lio sobre a infraestrutura digital do mundo, os dados que a alimentam e as tecnologias que a impulsionam, a balan\u00e7a de poder pende drasticamente. Os interesses das Big Techs \u2013 expans\u00e3o de mercado, desregulamenta\u00e7\u00e3o, prote\u00e7\u00e3o de patentes e acesso irrestrito a dados \u2013 muitas vezes se tornam as prioridades t\u00e1citas dos debates globais. Isso n\u00e3o significa que n\u00e3o haja discuss\u00f5es sobre os desafios, mas a estrutura desses debates pode ser sutilmente moldada por quem det\u00e9m as chaves para as solu\u00e7\u00f5es tecnol\u00f3gicas.<\/p>\n<p>Essas empresas n\u00e3o apenas participam; elas patrocinam eventos, hospedam pain\u00e9is exclusivos e t\u00eam seus executivos em posi\u00e7\u00f5es de destaque em comit\u00eas e conselhos estrat\u00e9gicos. A presen\u00e7a de seus lobistas e representantes em Davos \u00e9 uma demonstra\u00e7\u00e3o clara de que as decis\u00f5es sobre o futuro digital do planeta passam, inevitavelmente, por suas salas de diretoria. A quest\u00e3o que paira \u00e9: ser\u00e1 que os interesses corporativos, por mais leg\u00edtimos que sejam, est\u00e3o obscurecendo as necessidades e prioridades de outras partes interessadas, como a sociedade civil, pequenos neg\u00f3cios e na\u00e7\u00f5es em desenvolvimento?<\/p>\n<p>### Geopol\u00edtica da Tecnologia e o Futuro da Governan\u00e7a da IA<\/p>\n<p>A ascens\u00e3o da <strong>Intelig\u00eancia Artificial<\/strong> e o poder das Big Techs em Davos n\u00e3o podem ser analisados sem considerar o cen\u00e1rio geopol\u00edtico mais amplo. A era da tecnologia globalizada est\u00e1 colidindo com uma onda crescente de nacionalismo, protecionismo e competi\u00e7\u00e3o geopol\u00edtica. Figuras pol\u00edticas que abra\u00e7am narrativas populistas, como o ex-presidente Donald Trump (mencionado no t\u00edtulo original), embora n\u00e3o necessariamente presentes em todos os eventos de Davos, representam uma for\u00e7a que desafia a ordem globalista e, por consequ\u00eancia, a arquitetura aberta da internet e do desenvolvimento tecnol\u00f3gico.<\/p>\n<p>Em um mundo onde na\u00e7\u00f5es competem pela supremacia tecnol\u00f3gica, a IA torna-se um campo de batalha. Disputas sobre propriedade intelectual, padr\u00f5es tecnol\u00f3gicos e acesso a chips avan\u00e7ados moldam as pol\u00edticas comerciais e as rela\u00e7\u00f5es internacionais. A China, por exemplo, tem sua pr\u00f3pria estrat\u00e9gia ambiciosa para se tornar l\u00edder mundial em IA, investindo pesadamente em pesquisa e desenvolvimento, ao passo que os Estados Unidos buscam manter sua vanguarda com iniciativas como a Lei CHIPS. Esse cen\u00e1rio de competi\u00e7\u00e3o entre blocos impacta diretamente a governan\u00e7a da IA, tornando mais dif\u00edcil o consenso global sobre regulamenta\u00e7\u00f5es e padr\u00f5es \u00e9ticos.<\/p>\n<p>A tens\u00e3o entre a vis\u00e3o de um mundo digital sem fronteiras, defendida por muitas Big Techs, e a soberania digital que governos populistas e at\u00e9 democracias buscam impor \u2013 seja atrav\u00e9s da localiza\u00e7\u00e3o de dados, leis antitruste ou barreiras tecnol\u00f3gicas \u2013 \u00e9 um dos grandes dilemas de Davos. Como equilibrar a inova\u00e7\u00e3o e o livre fluxo de informa\u00e7\u00f5es com a prote\u00e7\u00e3o da privacidade dos cidad\u00e3os, a seguran\u00e7a nacional e a equidade social? A aus\u00eancia de um consenso robusto cria um v\u00e1cuo regulat\u00f3rio que as grandes empresas de tecnologia, com seus recursos e influ\u00eancia, s\u00e3o adeptas em navegar, muitas vezes definindo suas pr\u00f3prias &#8220;regras&#8221; em vez de se submeterem a um arcabou\u00e7o global. As discuss\u00f5es em Davos, portanto, tornam-se um microcosmo dessa batalha maior, onde o futuro da governan\u00e7a da IA \u00e9 constantemente negociado sob o escrut\u00ednio de diferentes agendas pol\u00edticas e econ\u00f4micas.<\/p>\n<p>## Conclus\u00e3o: Uma Balan\u00e7a de Poder em Constante Adapta\u00e7\u00e3o<\/p>\n<p>Davos, o palco da elite global, espelha a complexa e, por vezes, desafiadora realidade do nosso tempo. A proemin\u00eancia da <strong>Intelig\u00eancia Artificial<\/strong> e a influ\u00eancia avassaladora das Big Techs n\u00e3o s\u00e3o meras tend\u00eancias passageiras, mas sim a reconfigura\u00e7\u00e3o fundamental de como o poder \u00e9 exercido e as prioridades s\u00e3o definidas no cen\u00e1rio mundial. Embora o entusiasmo pela inova\u00e7\u00e3o e o potencial transformador da IA sejam compreens\u00edveis e, em muitos aspectos, promissores, \u00e9 crucial que o debate v\u00e1 al\u00e9m do deslumbramento tecnol\u00f3gico. Precisamos questionar quem realmente se beneficia dessa nova ordem, quem est\u00e1 sendo deixado para tr\u00e1s e como podemos garantir que o desenvolvimento da IA sirva a humanidade como um todo, e n\u00e3o apenas aos interesses de poucos privilegiados.<\/p>\n<p>O desafio para o futuro de Davos e para a governan\u00e7a global da tecnologia reside em encontrar um equil\u00edbrio entre a inova\u00e7\u00e3o impulsionada pela iniciativa privada e a necessidade de responsabilidade social e regulamenta\u00e7\u00e3o democr\u00e1tica. As vozes da sociedade civil, dos governos em desenvolvimento e dos especialistas em \u00e9tica devem ser amplificadas, garantindo que o di\u00e1logo n\u00e3o seja unidirecional. S\u00f3 assim poderemos construir um futuro onde a <strong>Intelig\u00eancia Artificial<\/strong> seja uma ferramenta para o progresso equitativo e sustent\u00e1vel, e n\u00e3o um instrumento que aprofunda as desigualdades existentes ou concentra o poder de forma perigosa. O espet\u00e1culo de Davos continua, mas com ele, a urgente necessidade de uma vis\u00e3o mais inclusiva e consciente sobre o destino que estamos construindo com a tecnologia.<\/p>\n","protected":false},"excerpt":{"rendered":"<p>## A Voz do Futuro no Corredor do Poder: Davos Sob a \u00d3tica da IA e da Big Tech Imagine um cen\u00e1rio onde os l\u00edderes mais influentes do mundo \u2013 chefes de estado, CEOs de multinacionais, pensadores renomados \u2013 se re\u00fanem para debater os desafios e oportunidades que moldar\u00e3o nosso futuro. Esse \u00e9 o F\u00f3rum [&hellip;]<\/p>\n","protected":false},"author":1,"featured_media":3289,"comment_status":"open","ping_status":"open","sticky":false,"template":"","format":"standard","meta":{"_yoast_wpseo_focuskw":"Intelig\u00eancia Artificial","_yoast_wpseo_metadesc":"Descubra como a Intelig\u00eancia Artificial e as Big Tech est\u00e3o redefinindo o palco do F\u00f3rum Econ\u00f4mico Mundial em Davos, influenciando debates e prioridades globais. Uma an\u00e1lise profunda sobre poder, tecnologia e o futuro da governan\u00e7a.","footnotes":""},"categories":[2],"tags":[],"class_list":["post-3290","post","type-post","status-publish","format-standard","has-post-thumbnail","hentry","category-novidades"],"yoast_head":"<!-- This site is optimized with the Yoast SEO plugin v25.6 - https:\/\/yoast.com\/wordpress\/plugins\/seo\/ -->\n<title>IA, Big Tech e o Xadrez Global: Quem dita as regras em Davos? - Lacerda AI<\/title>\n<meta name=\"description\" content=\"Descubra como a Intelig\u00eancia Artificial e as Big Tech est\u00e3o redefinindo o palco do F\u00f3rum Econ\u00f4mico Mundial em Davos, influenciando debates e prioridades globais. Uma an\u00e1lise profunda sobre poder, tecnologia e o futuro da governan\u00e7a.\" \/>\n<meta name=\"robots\" content=\"index, follow, max-snippet:-1, max-image-preview:large, max-video-preview:-1\" \/>\n<link rel=\"canonical\" href=\"https:\/\/lacerdaai.com\/br\/ia-big-tech-e-o-xadrez-global-quem-dita-as-regras-em-davos\/\" \/>\n<meta property=\"og:locale\" content=\"pt_BR\" \/>\n<meta property=\"og:type\" content=\"article\" \/>\n<meta property=\"og:title\" content=\"IA, Big Tech e o Xadrez Global: Quem dita as regras em Davos? - Lacerda AI\" \/>\n<meta property=\"og:description\" content=\"Descubra como a Intelig\u00eancia Artificial e as Big Tech est\u00e3o redefinindo o palco do F\u00f3rum Econ\u00f4mico Mundial em Davos, influenciando debates e prioridades globais. Uma an\u00e1lise profunda sobre poder, tecnologia e o futuro da governan\u00e7a.\" \/>\n<meta property=\"og:url\" content=\"https:\/\/lacerdaai.com\/br\/ia-big-tech-e-o-xadrez-global-quem-dita-as-regras-em-davos\/\" \/>\n<meta property=\"og:site_name\" content=\"Lacerda AI\" \/>\n<meta property=\"article:published_time\" content=\"2026-01-21T07:43:23+00:00\" \/>\n<meta property=\"article:modified_time\" content=\"2026-01-21T07:43:24+00:00\" \/>\n<meta name=\"author\" content=\"Andr\u00e9 Lacerda\" \/>\n<meta name=\"twitter:card\" content=\"summary_large_image\" \/>\n<meta name=\"twitter:label1\" content=\"Escrito por\" \/>\n\t<meta name=\"twitter:data1\" content=\"Andr\u00e9 Lacerda\" \/>\n\t<meta name=\"twitter:label2\" content=\"Est. tempo de leitura\" \/>\n\t<meta name=\"twitter:data2\" content=\"8 minutos\" \/>\n<script type=\"application\/ld+json\" class=\"yoast-schema-graph\">{\"@context\":\"https:\/\/schema.org\",\"@graph\":[{\"@type\":\"WebPage\",\"@id\":\"https:\/\/lacerdaai.com\/br\/ia-big-tech-e-o-xadrez-global-quem-dita-as-regras-em-davos\/\",\"url\":\"https:\/\/lacerdaai.com\/br\/ia-big-tech-e-o-xadrez-global-quem-dita-as-regras-em-davos\/\",\"name\":\"IA, Big Tech e o Xadrez Global: Quem dita as regras em Davos? - Lacerda AI\",\"isPartOf\":{\"@id\":\"https:\/\/lacerdaai.com\/br\/#website\"},\"primaryImageOfPage\":{\"@id\":\"https:\/\/lacerdaai.com\/br\/ia-big-tech-e-o-xadrez-global-quem-dita-as-regras-em-davos\/#primaryimage\"},\"image\":{\"@id\":\"https:\/\/lacerdaai.com\/br\/ia-big-tech-e-o-xadrez-global-quem-dita-as-regras-em-davos\/#primaryimage\"},\"thumbnailUrl\":\"https:\/\/lacerdaai.com\/br\/wp-content\/uploads\/2026\/01\/imagem-73-scaled.jpg\",\"datePublished\":\"2026-01-21T07:43:23+00:00\",\"dateModified\":\"2026-01-21T07:43:24+00:00\",\"author\":{\"@id\":\"https:\/\/lacerdaai.com\/br\/#\/schema\/person\/8bad803c2e83a0c5c5c75e02a1c2248f\"},\"description\":\"Descubra como a Intelig\u00eancia Artificial e as Big Tech est\u00e3o redefinindo o palco do F\u00f3rum Econ\u00f4mico Mundial em Davos, influenciando debates e prioridades globais. Uma an\u00e1lise profunda sobre poder, tecnologia e o futuro da governan\u00e7a.\",\"breadcrumb\":{\"@id\":\"https:\/\/lacerdaai.com\/br\/ia-big-tech-e-o-xadrez-global-quem-dita-as-regras-em-davos\/#breadcrumb\"},\"inLanguage\":\"pt-BR\",\"potentialAction\":[{\"@type\":\"ReadAction\",\"target\":[\"https:\/\/lacerdaai.com\/br\/ia-big-tech-e-o-xadrez-global-quem-dita-as-regras-em-davos\/\"]}]},{\"@type\":\"ImageObject\",\"inLanguage\":\"pt-BR\",\"@id\":\"https:\/\/lacerdaai.com\/br\/ia-big-tech-e-o-xadrez-global-quem-dita-as-regras-em-davos\/#primaryimage\",\"url\":\"https:\/\/lacerdaai.com\/br\/wp-content\/uploads\/2026\/01\/imagem-73-scaled.jpg\",\"contentUrl\":\"https:\/\/lacerdaai.com\/br\/wp-content\/uploads\/2026\/01\/imagem-73-scaled.jpg\",\"width\":2560,\"height\":1440},{\"@type\":\"BreadcrumbList\",\"@id\":\"https:\/\/lacerdaai.com\/br\/ia-big-tech-e-o-xadrez-global-quem-dita-as-regras-em-davos\/#breadcrumb\",\"itemListElement\":[{\"@type\":\"ListItem\",\"position\":1,\"name\":\"In\u00edcio\",\"item\":\"https:\/\/lacerdaai.com\/br\/\"},{\"@type\":\"ListItem\",\"position\":2,\"name\":\"IA, Big Tech e o Xadrez Global: Quem dita as regras em Davos?\"}]},{\"@type\":\"WebSite\",\"@id\":\"https:\/\/lacerdaai.com\/br\/#website\",\"url\":\"https:\/\/lacerdaai.com\/br\/\",\"name\":\"Lacerda AI\",\"description\":\"Seu blog di\u00e1rio de novidades do mundo da Inteligencia Artificial\",\"potentialAction\":[{\"@type\":\"SearchAction\",\"target\":{\"@type\":\"EntryPoint\",\"urlTemplate\":\"https:\/\/lacerdaai.com\/br\/?s={search_term_string}\"},\"query-input\":{\"@type\":\"PropertyValueSpecification\",\"valueRequired\":true,\"valueName\":\"search_term_string\"}}],\"inLanguage\":\"pt-BR\"},{\"@type\":\"Person\",\"@id\":\"https:\/\/lacerdaai.com\/br\/#\/schema\/person\/8bad803c2e83a0c5c5c75e02a1c2248f\",\"name\":\"Andr\u00e9 Lacerda\",\"image\":{\"@type\":\"ImageObject\",\"inLanguage\":\"pt-BR\",\"@id\":\"https:\/\/lacerdaai.com\/br\/#\/schema\/person\/image\/\",\"url\":\"https:\/\/secure.gravatar.com\/avatar\/f5c1fa5ad9763f54c1f223c3fc91f131da6288c9f9e28d74bb3c355ad99af205?s=96&d=mm&r=g\",\"contentUrl\":\"https:\/\/secure.gravatar.com\/avatar\/f5c1fa5ad9763f54c1f223c3fc91f131da6288c9f9e28d74bb3c355ad99af205?s=96&d=mm&r=g\",\"caption\":\"Andr\u00e9 Lacerda\"},\"description\":\"Sou o Andr\u00e9 Lacerda, tenho 35 anos e sou apaixonado por tecnologia, intelig\u00eancia artificial e boas hist\u00f3rias. Me formei em Tecnologia e Jornalismo \u2014 sim, uma mistura meio improv\u00e1vel, mas que combina muito comigo. J\u00e1 morei no Canad\u00e1 e na Espanha, e essas experi\u00eancias me ajudaram a enxergar a inova\u00e7\u00e3o com um olhar mais global (e a me virar bem em tr\u00eas idiomas \ud83d\ude04). Trabalhei em algumas das maiores empresas de tecnologia do mercado e, hoje, atuo como consultor ajudando neg\u00f3cios a entenderem e aplicarem IA de forma pr\u00e1tica, estrat\u00e9gica e humana. Gosto de traduzir o complexo em algo simples \u2014 e \u00e9 isso que voc\u00ea vai encontrar por aqui.\",\"sameAs\":[\"http:\/\/lacerdaai.com\/br\"],\"url\":\"https:\/\/lacerdaai.com\/br\/author\/red-admin\/\"}]}<\/script>\n<!-- \/ Yoast SEO plugin. -->","yoast_head_json":{"title":"IA, Big Tech e o Xadrez Global: Quem dita as regras em Davos? - Lacerda AI","description":"Descubra como a Intelig\u00eancia Artificial e as Big Tech est\u00e3o redefinindo o palco do F\u00f3rum Econ\u00f4mico Mundial em Davos, influenciando debates e prioridades globais. Uma an\u00e1lise profunda sobre poder, tecnologia e o futuro da governan\u00e7a.","robots":{"index":"index","follow":"follow","max-snippet":"max-snippet:-1","max-image-preview":"max-image-preview:large","max-video-preview":"max-video-preview:-1"},"canonical":"https:\/\/lacerdaai.com\/br\/ia-big-tech-e-o-xadrez-global-quem-dita-as-regras-em-davos\/","og_locale":"pt_BR","og_type":"article","og_title":"IA, Big Tech e o Xadrez Global: Quem dita as regras em Davos? - Lacerda AI","og_description":"Descubra como a Intelig\u00eancia Artificial e as Big Tech est\u00e3o redefinindo o palco do F\u00f3rum Econ\u00f4mico Mundial em Davos, influenciando debates e prioridades globais. Uma an\u00e1lise profunda sobre poder, tecnologia e o futuro da governan\u00e7a.","og_url":"https:\/\/lacerdaai.com\/br\/ia-big-tech-e-o-xadrez-global-quem-dita-as-regras-em-davos\/","og_site_name":"Lacerda AI","article_published_time":"2026-01-21T07:43:23+00:00","article_modified_time":"2026-01-21T07:43:24+00:00","author":"Andr\u00e9 Lacerda","twitter_card":"summary_large_image","twitter_misc":{"Escrito por":"Andr\u00e9 Lacerda","Est. tempo de leitura":"8 minutos"},"schema":{"@context":"https:\/\/schema.org","@graph":[{"@type":"WebPage","@id":"https:\/\/lacerdaai.com\/br\/ia-big-tech-e-o-xadrez-global-quem-dita-as-regras-em-davos\/","url":"https:\/\/lacerdaai.com\/br\/ia-big-tech-e-o-xadrez-global-quem-dita-as-regras-em-davos\/","name":"IA, Big Tech e o Xadrez Global: Quem dita as regras em Davos? - Lacerda AI","isPartOf":{"@id":"https:\/\/lacerdaai.com\/br\/#website"},"primaryImageOfPage":{"@id":"https:\/\/lacerdaai.com\/br\/ia-big-tech-e-o-xadrez-global-quem-dita-as-regras-em-davos\/#primaryimage"},"image":{"@id":"https:\/\/lacerdaai.com\/br\/ia-big-tech-e-o-xadrez-global-quem-dita-as-regras-em-davos\/#primaryimage"},"thumbnailUrl":"https:\/\/lacerdaai.com\/br\/wp-content\/uploads\/2026\/01\/imagem-73-scaled.jpg","datePublished":"2026-01-21T07:43:23+00:00","dateModified":"2026-01-21T07:43:24+00:00","author":{"@id":"https:\/\/lacerdaai.com\/br\/#\/schema\/person\/8bad803c2e83a0c5c5c75e02a1c2248f"},"description":"Descubra como a Intelig\u00eancia Artificial e as Big Tech est\u00e3o redefinindo o palco do F\u00f3rum Econ\u00f4mico Mundial em Davos, influenciando debates e prioridades globais. Uma an\u00e1lise profunda sobre poder, tecnologia e o futuro da governan\u00e7a.","breadcrumb":{"@id":"https:\/\/lacerdaai.com\/br\/ia-big-tech-e-o-xadrez-global-quem-dita-as-regras-em-davos\/#breadcrumb"},"inLanguage":"pt-BR","potentialAction":[{"@type":"ReadAction","target":["https:\/\/lacerdaai.com\/br\/ia-big-tech-e-o-xadrez-global-quem-dita-as-regras-em-davos\/"]}]},{"@type":"ImageObject","inLanguage":"pt-BR","@id":"https:\/\/lacerdaai.com\/br\/ia-big-tech-e-o-xadrez-global-quem-dita-as-regras-em-davos\/#primaryimage","url":"https:\/\/lacerdaai.com\/br\/wp-content\/uploads\/2026\/01\/imagem-73-scaled.jpg","contentUrl":"https:\/\/lacerdaai.com\/br\/wp-content\/uploads\/2026\/01\/imagem-73-scaled.jpg","width":2560,"height":1440},{"@type":"BreadcrumbList","@id":"https:\/\/lacerdaai.com\/br\/ia-big-tech-e-o-xadrez-global-quem-dita-as-regras-em-davos\/#breadcrumb","itemListElement":[{"@type":"ListItem","position":1,"name":"In\u00edcio","item":"https:\/\/lacerdaai.com\/br\/"},{"@type":"ListItem","position":2,"name":"IA, Big Tech e o Xadrez Global: Quem dita as regras em Davos?"}]},{"@type":"WebSite","@id":"https:\/\/lacerdaai.com\/br\/#website","url":"https:\/\/lacerdaai.com\/br\/","name":"Lacerda AI","description":"Seu blog di\u00e1rio de novidades do mundo da Inteligencia Artificial","potentialAction":[{"@type":"SearchAction","target":{"@type":"EntryPoint","urlTemplate":"https:\/\/lacerdaai.com\/br\/?s={search_term_string}"},"query-input":{"@type":"PropertyValueSpecification","valueRequired":true,"valueName":"search_term_string"}}],"inLanguage":"pt-BR"},{"@type":"Person","@id":"https:\/\/lacerdaai.com\/br\/#\/schema\/person\/8bad803c2e83a0c5c5c75e02a1c2248f","name":"Andr\u00e9 Lacerda","image":{"@type":"ImageObject","inLanguage":"pt-BR","@id":"https:\/\/lacerdaai.com\/br\/#\/schema\/person\/image\/","url":"https:\/\/secure.gravatar.com\/avatar\/f5c1fa5ad9763f54c1f223c3fc91f131da6288c9f9e28d74bb3c355ad99af205?s=96&d=mm&r=g","contentUrl":"https:\/\/secure.gravatar.com\/avatar\/f5c1fa5ad9763f54c1f223c3fc91f131da6288c9f9e28d74bb3c355ad99af205?s=96&d=mm&r=g","caption":"Andr\u00e9 Lacerda"},"description":"Sou o Andr\u00e9 Lacerda, tenho 35 anos e sou apaixonado por tecnologia, intelig\u00eancia artificial e boas hist\u00f3rias. Me formei em Tecnologia e Jornalismo \u2014 sim, uma mistura meio improv\u00e1vel, mas que combina muito comigo. J\u00e1 morei no Canad\u00e1 e na Espanha, e essas experi\u00eancias me ajudaram a enxergar a inova\u00e7\u00e3o com um olhar mais global (e a me virar bem em tr\u00eas idiomas \ud83d\ude04). Trabalhei em algumas das maiores empresas de tecnologia do mercado e, hoje, atuo como consultor ajudando neg\u00f3cios a entenderem e aplicarem IA de forma pr\u00e1tica, estrat\u00e9gica e humana. Gosto de traduzir o complexo em algo simples \u2014 e \u00e9 isso que voc\u00ea vai encontrar por aqui.","sameAs":["http:\/\/lacerdaai.com\/br"],"url":"https:\/\/lacerdaai.com\/br\/author\/red-admin\/"}]}},"_links":{"self":[{"href":"https:\/\/lacerdaai.com\/br\/wp-json\/wp\/v2\/posts\/3290","targetHints":{"allow":["GET"]}}],"collection":[{"href":"https:\/\/lacerdaai.com\/br\/wp-json\/wp\/v2\/posts"}],"about":[{"href":"https:\/\/lacerdaai.com\/br\/wp-json\/wp\/v2\/types\/post"}],"author":[{"embeddable":true,"href":"https:\/\/lacerdaai.com\/br\/wp-json\/wp\/v2\/users\/1"}],"replies":[{"embeddable":true,"href":"https:\/\/lacerdaai.com\/br\/wp-json\/wp\/v2\/comments?post=3290"}],"version-history":[{"count":1,"href":"https:\/\/lacerdaai.com\/br\/wp-json\/wp\/v2\/posts\/3290\/revisions"}],"predecessor-version":[{"id":3291,"href":"https:\/\/lacerdaai.com\/br\/wp-json\/wp\/v2\/posts\/3290\/revisions\/3291"}],"wp:featuredmedia":[{"embeddable":true,"href":"https:\/\/lacerdaai.com\/br\/wp-json\/wp\/v2\/media\/3289"}],"wp:attachment":[{"href":"https:\/\/lacerdaai.com\/br\/wp-json\/wp\/v2\/media?parent=3290"}],"wp:term":[{"taxonomy":"category","embeddable":true,"href":"https:\/\/lacerdaai.com\/br\/wp-json\/wp\/v2\/categories?post=3290"},{"taxonomy":"post_tag","embeddable":true,"href":"https:\/\/lacerdaai.com\/br\/wp-json\/wp\/v2\/tags?post=3290"}],"curies":[{"name":"wp","href":"https:\/\/api.w.org\/{rel}","templated":true}]}}