{"id":3296,"date":"2026-01-21T12:42:41","date_gmt":"2026-01-21T15:42:41","guid":{"rendered":"https:\/\/lacerdaai.com\/br\/o-terremoto-em-davos-ceo-da-anthropic-choca-com-criticas-a-venda-de-chips-para-a-china-e-a-geopolitica-da-ia-em-xeque\/"},"modified":"2026-01-21T12:42:42","modified_gmt":"2026-01-21T15:42:42","slug":"o-terremoto-em-davos-ceo-da-anthropic-choca-com-criticas-a-venda-de-chips-para-a-china-e-a-geopolitica-da-ia-em-xeque","status":"publish","type":"post","link":"https:\/\/lacerdaai.com\/br\/o-terremoto-em-davos-ceo-da-anthropic-choca-com-criticas-a-venda-de-chips-para-a-china-e-a-geopolitica-da-ia-em-xeque\/","title":{"rendered":"O Terremoto em Davos: CEO da Anthropic Choca com Cr\u00edticas \u00e0 Venda de Chips para a China e a Geopol\u00edtica da IA em Xeque"},"content":{"rendered":"<p>Em um cen\u00e1rio global cada vez mais interconectado, mas tamb\u00e9m permeado por tens\u00f5es crescentes, o F\u00f3rum Econ\u00f4mico Mundial em Davos frequentemente serve como palco para discuss\u00f5es que moldar\u00e3o o futuro. Contudo, em meio \u00e0s palestras sobre inova\u00e7\u00e3o, sustentabilidade e economia, um momento em particular capturou a aten\u00e7\u00e3o do mundo da tecnologia: a interven\u00e7\u00e3o contundente de Dario Amodei, CEO da Anthropic. Sua cr\u00edtica aberta e incisiva, direcionada tanto \u00e0 administra\u00e7\u00e3o dos EUA quanto \u00e0s empresas americanas de chips \u2014 em especial a Nvidia, uma parceira e investidora-chave de sua pr\u00f3pria empresa \u2014, revelou as rachaduras profundas na funda\u00e7\u00e3o da colabora\u00e7\u00e3o tecnol\u00f3gica global e colocou a complexa rela\u00e7\u00e3o entre inova\u00e7\u00e3o e seguran\u00e7a nacional sob os holofotes. N\u00e3o foi apenas um coment\u00e1rio; foi um grito de alerta que ecoou pelos corredores do poder e da inova\u00e7\u00e3o, for\u00e7ando uma reflex\u00e3o sobre os delicados equil\u00edbrios que sustentam o avan\u00e7o da intelig\u00eancia artificial.<\/p>\n<p>### <strong>Geopol\u00edtica da Intelig\u00eancia Artificial<\/strong>: O Palco de Davos e o Veredito de Amodei<\/p>\n<p>Davos, sin\u00f4nimo de encontros entre l\u00edderes mundiais, executivos de topo e pensadores influentes, \u00e9 o local onde as grandes narrativas sobre o futuro s\u00e3o tecidas. \u00c9 onde consensos s\u00e3o buscados e, por vezes, desafiados. A fala de Dario Amodei, no entanto, n\u00e3o buscou consenso, mas sim jogou um balde de \u00e1gua fria nas expectativas de uma globaliza\u00e7\u00e3o tecnol\u00f3gica sem impedimentos. Sua cr\u00edtica mirou na estrat\u00e9gia de empresas de chips americanas em continuar vendendo componentes avan\u00e7ados para a China, mesmo diante das restri\u00e7\u00f5es e preocupa\u00e7\u00f5es com a seguran\u00e7a nacional impostas pelo governo dos EUA. A gravidade de sua declara\u00e7\u00e3o foi amplificada pelo fato de que a Nvidia, um dos alvos indiretos de sua censura, n\u00e3o \u00e9 apenas um gigante da tecnologia de semicondutores, mas tamb\u00e9m um investidor e parceiro estrat\u00e9gico vital para a Anthropic, uma das empresas mais promissoras no campo da intelig\u00eancia artificial.<\/p>\n<p>Para entender a profundidade dessa cr\u00edtica, \u00e9 fundamental mergulhar no contexto da disputa tecnol\u00f3gica entre EUA e China. Nos \u00faltimos anos, Washington tem implementado uma s\u00e9rie de controles de exporta\u00e7\u00e3o visando impedir que a China acesse tecnologias de ponta, especialmente no setor de semicondutores. A justificativa \u00e9 que essas tecnologias poderiam ser usadas para fortalecer as capacidades militares chinesas ou para avan\u00e7ar em \u00e1reas cr\u00edticas de vigil\u00e2ncia, representando uma amea\u00e7a \u00e0 seguran\u00e7a nacional americana e \u00e0 ordem global. Chips de IA de alto desempenho, como os produzidos pela Nvidia, s\u00e3o a espinha dorsal de qualquer supercomputador ou sistema avan\u00e7ado de IA, tornando-os um ponto focal nessa guerra fria tecnol\u00f3gica. Amodei, com sua fala, argumentou que a flexibilidade ou o contorno dessas restri\u00e7\u00f5es por parte das empresas americanas mina os esfor\u00e7os do governo e, de certa forma, compromete os interesses de seguran\u00e7a de seu pr\u00f3prio pa\u00eds. Essa posi\u00e7\u00e3o \u00e9 particularmente ousada, dada a depend\u00eancia da Anthropic de tecnologias de hardware como as da Nvidia para treinar seus modelos de IA, como o Claude.<\/p>\n<p>### Anthropic, Nvidia e o Tabuleiro de Xadrez da IA Global<\/p>\n<p>A Anthropic, cofundada por Dario Amodei, \u00e9 uma das empresas que lideram a corrida para desenvolver intelig\u00eancia artificial generativa segura e robusta. Sua abordagem de \u201cConstitutional AI\u201d visa criar sistemas de IA que se alinhem a valores humanos complexos e princ\u00edpios \u00e9ticos, tornando-se uma voz proeminente na discuss\u00e3o sobre o desenvolvimento respons\u00e1vel da IA. A empresa atraiu investimentos significativos de gigantes como Google e Amazon, al\u00e9m da j\u00e1 mencionada Nvidia, o que demonstra a confian\u00e7a do mercado em sua vis\u00e3o e tecnologia. Por outro lado, a Nvidia \u00e9 a rainha incontest\u00e1vel do xadrez dos semicondutores para IA. Suas Unidades de Processamento Gr\u00e1fico (GPUs) s\u00e3o a infraestrutura essencial que impulsiona a maioria dos grandes modelos de linguagem e aplica\u00e7\u00f5es de IA em todo o mundo. A demanda por seus chips \u00e9 estratosf\u00e9rica, e sua valoriza\u00e7\u00e3o de mercado reflete essa domin\u00e2ncia quase monopolista em um setor crucial.<\/p>\n<p>O dilema surge quando os imperativos de neg\u00f3cios colidem com as estrat\u00e9gias geopol\u00edticas. A China \u00e9 um mercado gigantesco e lucrativo para a Nvidia, que tem buscado formas de adaptar seus produtos para cumprir as restri\u00e7\u00f5es americanas sem perder completamente o acesso a essa fatia de mercado. Isso, aos olhos de Amodei, pode ser visto como uma falha em alinhar os interesses corporativos com os mais amplos objetivos de seguran\u00e7a nacional e tecnol\u00f3gica. O CEO da Anthropic, ao inv\u00e9s de buscar a acomoda\u00e7\u00e3o, escolheu a confronta\u00e7\u00e3o p\u00fablica, destacando o intrincado emaranhado de parcerias, investimentos e lealdades que definem o ecossistema da IA. Sua cr\u00edtica n\u00e3o foi apenas sobre chips; foi sobre o compromisso moral e estrat\u00e9gico de empresas que est\u00e3o na vanguarda de uma tecnologia t\u00e3o transformadora quanto a IA. A quest\u00e3o central se tornou: at\u00e9 que ponto as empresas americanas devem priorizar o lucro em mercados estrangeiros, especialmente em pa\u00edses vistos como rivais estrat\u00e9gicos, quando h\u00e1 implica\u00e7\u00f5es claras para a seguran\u00e7a nacional e para o equil\u00edbrio de poder global na corrida pela IA?<\/p>\n<p>Essa tens\u00e3o \u00e9 um espelho das discuss\u00f5es mais amplas sobre o papel do setor privado nas disputas geopol\u00edticas. Embora as empresas geralmente busquem maximizar seus retornos para acionistas, o desenvolvimento de IA atingiu um ponto onde as ramifica\u00e7\u00f5es de seguran\u00e7a e defesa s\u00e3o ineg\u00e1veis. A capacidade de um pa\u00eds de desenvolver e implantar IA avan\u00e7ada pode definir sua proje\u00e7\u00e3o de poder militar, econ\u00f4mico e cultural. A cr\u00edtica de Amodei sugere que, para algumas figuras influentes na comunidade de IA, a gravidade da situa\u00e7\u00e3o exige que as empresas adotem uma postura mais alinhada com os objetivos estrat\u00e9gicos de seus pa\u00edses de origem, mesmo que isso signifique sacrificar lucros a curto prazo. \u00c9 uma convoca\u00e7\u00e3o para que a ind\u00fastria reconhe\u00e7a sua responsabilidade n\u00e3o apenas como inovadora, mas como ator geopol\u00edtico fundamental.<\/p>\n<p>### Implica\u00e7\u00f5es Profundas: O Futuro da Inova\u00e7\u00e3o e a Desglobaliza\u00e7\u00e3o da Tecnologia<\/p>\n<p>A fala de Amodei em Davos n\u00e3o \u00e9 um incidente isolado; ela \u00e9 um sintoma da crescente desglobaliza\u00e7\u00e3o tecnol\u00f3gica, onde as cadeias de suprimentos e os ecossistemas de inova\u00e7\u00e3o est\u00e3o sendo lentamente, mas inexoravelmente, divididos em blocos regionais ou ideol\u00f3gicos. As implica\u00e7\u00f5es dessa tend\u00eancia s\u00e3o profundas e abrangem desde a velocidade da inova\u00e7\u00e3o at\u00e9 a disponibilidade de talentos e o custo de produ\u00e7\u00e3o. Para o ecossistema da IA, isso significa uma potencial fragmenta\u00e7\u00e3o do conhecimento e dos recursos. Se o mundo da IA se dividir em ecossistemas distintos \u2014 um liderado pelos EUA e seus aliados, outro pela China \u2014, ter\u00edamos duplica\u00e7\u00e3o de esfor\u00e7os, padr\u00f5es incompat\u00edveis e uma poss\u00edvel desacelera\u00e7\u00e3o do progresso global. A colabora\u00e7\u00e3o transnacional, que tem sido um motor vital para a ci\u00eancia e a tecnologia, seria severamente limitada, atrasando descobertas e a resolu\u00e7\u00e3o de problemas globais que poderiam se beneficiar da IA.<\/p>\n<p>Economicamente, a desglobaliza\u00e7\u00e3o representa um desafio para as empresas que operam em escala global. As fabricantes de chips, como a Nvidia, se veem em uma encruzilhada: manter o acesso a mercados lucrativos como a China, ou alinhar-se estritamente com as pol\u00edticas de seu governo de origem, correndo o risco de perder uma parte significativa de sua receita. Essa press\u00e3o pode levar \u00e0 diversifica\u00e7\u00e3o de bases de fabrica\u00e7\u00e3o e pesquisa, mas tamb\u00e9m a um aumento nos custos e uma diminui\u00e7\u00e3o na efici\u00eancia. Para pa\u00edses como o Brasil, que dependem da importa\u00e7\u00e3o de tecnologia avan\u00e7ada e buscam desenvolver suas pr\u00f3prias capacidades em IA, essa fragmenta\u00e7\u00e3o pode significar acesso limitado a hardware e software de ponta, al\u00e9m de potenciais entraves para a forma\u00e7\u00e3o de parcerias estrat\u00e9gicas globais. A escolha de fornecedores e parceiros se tornaria cada vez mais complexa, influenciada n\u00e3o apenas pela qualidade ou pre\u00e7o, mas tamb\u00e9m pela origem geopol\u00edtica.<\/p>\n<p>Al\u00e9m disso, h\u00e1 a dimens\u00e3o \u00e9tica. A restri\u00e7\u00e3o do acesso a tecnologias de IA pode ser vista como uma forma de controle, levantando quest\u00f5es sobre a equidade no acesso \u00e0 inova\u00e7\u00e3o e o potencial impacto na capacidade de pa\u00edses em desenvolvimento de aproveitar os benef\u00edcios da IA para o progresso social e econ\u00f4mico. A discuss\u00e3o sobre a governan\u00e7a global da IA torna-se ainda mais urgente em um cen\u00e1rio onde a tecnologia \u00e9 crescentemente usada como ferramenta de poder. O que Amodei exp\u00f4s em Davos n\u00e3o \u00e9 apenas uma cr\u00edtica a uma empresa ou a uma pol\u00edtica; \u00e9 um convite para refletir sobre os sacrif\u00edcios que estamos dispostos a fazer \u2014 ou exigir \u2014 em nome da seguran\u00e7a nacional e da soberania tecnol\u00f3gica. A corrida pela IA n\u00e3o \u00e9 mais puramente tecnol\u00f3gica; ela \u00e9 um espelho das tens\u00f5es geopol\u00edticas que definem o s\u00e9culo XXI.<\/p>\n<p>A fala de Dario Amodei em Davos serve como um marco, um lembrete contundente de que a tecnologia n\u00e3o existe em um v\u00e1cuo. A <strong>Geopol\u00edtica da Intelig\u00eancia Artificial<\/strong>, antes um t\u00f3pico de nicho para especialistas, irrompeu no palco global, mostrando que as decis\u00f5es tomadas nos conselhos de administra\u00e7\u00e3o das grandes empresas de tecnologia est\u00e3o intrinsecamente ligadas \u00e0s estrat\u00e9gias de seguran\u00e7a nacional e ao futuro das rela\u00e7\u00f5es internacionais. As escolhas feitas por CEOs, governos e consumidores hoje moldar\u00e3o a paisagem tecnol\u00f3gica e, por extens\u00e3o, a ordem mundial de amanh\u00e3.<\/p>\n<p>O desafio \u00e0 frente \u00e9 imenso. Como equilibrar a busca pela inova\u00e7\u00e3o e pelo progresso com as leg\u00edtimas preocupa\u00e7\u00f5es de seguran\u00e7a nacional? Como garantir que os benef\u00edcios da IA sejam compartilhados globalmente, mesmo em um cen\u00e1rio de fragmenta\u00e7\u00e3o e competi\u00e7\u00e3o? O debate de Amodei em Davos n\u00e3o oferece respostas f\u00e1ceis, mas sim a certeza de que estamos em um ponto de inflex\u00e3o. As empresas de tecnologia, antes vistas como for\u00e7as neutras de progresso, s\u00e3o agora atores-chave em um jogo de poder global. Sua \u00e9tica, suas parcerias e suas estrat\u00e9gias de mercado ter\u00e3o consequ\u00eancias que reverberar\u00e3o muito al\u00e9m de seus balan\u00e7os financeiros, impactando a forma como a humanidade avan\u00e7a \u2013 ou n\u00e3o \u2013 na era da intelig\u00eancia artificial.<\/p>\n","protected":false},"excerpt":{"rendered":"<p>Em um cen\u00e1rio global cada vez mais interconectado, mas tamb\u00e9m permeado por tens\u00f5es crescentes, o F\u00f3rum Econ\u00f4mico Mundial em Davos frequentemente serve como palco para discuss\u00f5es que moldar\u00e3o o futuro. Contudo, em meio \u00e0s palestras sobre inova\u00e7\u00e3o, sustentabilidade e economia, um momento em particular capturou a aten\u00e7\u00e3o do mundo da tecnologia: a interven\u00e7\u00e3o contundente de [&hellip;]<\/p>\n","protected":false},"author":1,"featured_media":3295,"comment_status":"open","ping_status":"open","sticky":false,"template":"","format":"standard","meta":{"_yoast_wpseo_focuskw":"Geopol\u00edtica da Intelig\u00eancia Artificial","_yoast_wpseo_metadesc":"Dario Amodei, CEO da Anthropic, gerou ondas em Davos ao criticar abertamente a venda de chips dos EUA para a China, colocando a Geopol\u00edtica da Intelig\u00eancia Artificial no centro do debate global. Entenda as complexas implica\u00e7\u00f5es dessa confronta\u00e7\u00e3o para o futuro da tecnologia.","footnotes":""},"categories":[2],"tags":[],"class_list":["post-3296","post","type-post","status-publish","format-standard","has-post-thumbnail","hentry","category-novidades"],"yoast_head":"<!-- This site is optimized with the Yoast SEO plugin v25.6 - https:\/\/yoast.com\/wordpress\/plugins\/seo\/ -->\n<title>O Terremoto em Davos: CEO da Anthropic Choca com Cr\u00edticas \u00e0 Venda de Chips para a China e a Geopol\u00edtica da IA em Xeque - Lacerda AI<\/title>\n<meta name=\"description\" content=\"Dario Amodei, CEO da Anthropic, gerou ondas em Davos ao criticar abertamente a venda de chips dos EUA para a China, colocando a Geopol\u00edtica da Intelig\u00eancia Artificial no centro do debate global. Entenda as complexas implica\u00e7\u00f5es dessa confronta\u00e7\u00e3o para o futuro da tecnologia.\" \/>\n<meta name=\"robots\" content=\"index, follow, max-snippet:-1, max-image-preview:large, max-video-preview:-1\" \/>\n<link rel=\"canonical\" href=\"https:\/\/lacerdaai.com\/br\/o-terremoto-em-davos-ceo-da-anthropic-choca-com-criticas-a-venda-de-chips-para-a-china-e-a-geopolitica-da-ia-em-xeque\/\" \/>\n<meta property=\"og:locale\" content=\"pt_BR\" \/>\n<meta property=\"og:type\" content=\"article\" \/>\n<meta property=\"og:title\" content=\"O Terremoto em Davos: CEO da Anthropic Choca com Cr\u00edticas \u00e0 Venda de Chips para a China e a Geopol\u00edtica da IA em Xeque - Lacerda AI\" \/>\n<meta property=\"og:description\" content=\"Dario Amodei, CEO da Anthropic, gerou ondas em Davos ao criticar abertamente a venda de chips dos EUA para a China, colocando a Geopol\u00edtica da Intelig\u00eancia Artificial no centro do debate global. Entenda as complexas implica\u00e7\u00f5es dessa confronta\u00e7\u00e3o para o futuro da tecnologia.\" \/>\n<meta property=\"og:url\" content=\"https:\/\/lacerdaai.com\/br\/o-terremoto-em-davos-ceo-da-anthropic-choca-com-criticas-a-venda-de-chips-para-a-china-e-a-geopolitica-da-ia-em-xeque\/\" \/>\n<meta property=\"og:site_name\" content=\"Lacerda AI\" \/>\n<meta property=\"article:published_time\" content=\"2026-01-21T15:42:41+00:00\" \/>\n<meta property=\"article:modified_time\" content=\"2026-01-21T15:42:42+00:00\" \/>\n<meta name=\"author\" content=\"Andr\u00e9 Lacerda\" \/>\n<meta name=\"twitter:card\" content=\"summary_large_image\" \/>\n<meta name=\"twitter:label1\" content=\"Escrito por\" \/>\n\t<meta name=\"twitter:data1\" content=\"Andr\u00e9 Lacerda\" \/>\n\t<meta name=\"twitter:label2\" content=\"Est. tempo de leitura\" \/>\n\t<meta name=\"twitter:data2\" content=\"9 minutos\" \/>\n<script type=\"application\/ld+json\" class=\"yoast-schema-graph\">{\"@context\":\"https:\/\/schema.org\",\"@graph\":[{\"@type\":\"WebPage\",\"@id\":\"https:\/\/lacerdaai.com\/br\/o-terremoto-em-davos-ceo-da-anthropic-choca-com-criticas-a-venda-de-chips-para-a-china-e-a-geopolitica-da-ia-em-xeque\/\",\"url\":\"https:\/\/lacerdaai.com\/br\/o-terremoto-em-davos-ceo-da-anthropic-choca-com-criticas-a-venda-de-chips-para-a-china-e-a-geopolitica-da-ia-em-xeque\/\",\"name\":\"O Terremoto em Davos: CEO da Anthropic Choca com Cr\u00edticas \u00e0 Venda de Chips para a China e a Geopol\u00edtica da IA em Xeque - Lacerda AI\",\"isPartOf\":{\"@id\":\"https:\/\/lacerdaai.com\/br\/#website\"},\"primaryImageOfPage\":{\"@id\":\"https:\/\/lacerdaai.com\/br\/o-terremoto-em-davos-ceo-da-anthropic-choca-com-criticas-a-venda-de-chips-para-a-china-e-a-geopolitica-da-ia-em-xeque\/#primaryimage\"},\"image\":{\"@id\":\"https:\/\/lacerdaai.com\/br\/o-terremoto-em-davos-ceo-da-anthropic-choca-com-criticas-a-venda-de-chips-para-a-china-e-a-geopolitica-da-ia-em-xeque\/#primaryimage\"},\"thumbnailUrl\":\"https:\/\/lacerdaai.com\/br\/wp-content\/uploads\/2026\/01\/imagem-75.jpg\",\"datePublished\":\"2026-01-21T15:42:41+00:00\",\"dateModified\":\"2026-01-21T15:42:42+00:00\",\"author\":{\"@id\":\"https:\/\/lacerdaai.com\/br\/#\/schema\/person\/8bad803c2e83a0c5c5c75e02a1c2248f\"},\"description\":\"Dario Amodei, CEO da Anthropic, gerou ondas em Davos ao criticar abertamente a venda de chips dos EUA para a China, colocando a Geopol\u00edtica da Intelig\u00eancia Artificial no centro do debate global. Entenda as complexas implica\u00e7\u00f5es dessa confronta\u00e7\u00e3o para o futuro da tecnologia.\",\"breadcrumb\":{\"@id\":\"https:\/\/lacerdaai.com\/br\/o-terremoto-em-davos-ceo-da-anthropic-choca-com-criticas-a-venda-de-chips-para-a-china-e-a-geopolitica-da-ia-em-xeque\/#breadcrumb\"},\"inLanguage\":\"pt-BR\",\"potentialAction\":[{\"@type\":\"ReadAction\",\"target\":[\"https:\/\/lacerdaai.com\/br\/o-terremoto-em-davos-ceo-da-anthropic-choca-com-criticas-a-venda-de-chips-para-a-china-e-a-geopolitica-da-ia-em-xeque\/\"]}]},{\"@type\":\"ImageObject\",\"inLanguage\":\"pt-BR\",\"@id\":\"https:\/\/lacerdaai.com\/br\/o-terremoto-em-davos-ceo-da-anthropic-choca-com-criticas-a-venda-de-chips-para-a-china-e-a-geopolitica-da-ia-em-xeque\/#primaryimage\",\"url\":\"https:\/\/lacerdaai.com\/br\/wp-content\/uploads\/2026\/01\/imagem-75.jpg\",\"contentUrl\":\"https:\/\/lacerdaai.com\/br\/wp-content\/uploads\/2026\/01\/imagem-75.jpg\",\"width\":1024,\"height\":683,\"caption\":\"Dario Amodei, co-founder and chief executive officer of Anthropic, at the VivaTech conference in Paris, France, on Wednesday, May 22, 2024. The annual startup and technology events runs until May 25. Photographer: Benjamin Girette\/Bloomberg via Getty Images\"},{\"@type\":\"BreadcrumbList\",\"@id\":\"https:\/\/lacerdaai.com\/br\/o-terremoto-em-davos-ceo-da-anthropic-choca-com-criticas-a-venda-de-chips-para-a-china-e-a-geopolitica-da-ia-em-xeque\/#breadcrumb\",\"itemListElement\":[{\"@type\":\"ListItem\",\"position\":1,\"name\":\"In\u00edcio\",\"item\":\"https:\/\/lacerdaai.com\/br\/\"},{\"@type\":\"ListItem\",\"position\":2,\"name\":\"O Terremoto em Davos: CEO da Anthropic Choca com Cr\u00edticas \u00e0 Venda de Chips para a China e a Geopol\u00edtica da IA em Xeque\"}]},{\"@type\":\"WebSite\",\"@id\":\"https:\/\/lacerdaai.com\/br\/#website\",\"url\":\"https:\/\/lacerdaai.com\/br\/\",\"name\":\"Lacerda AI\",\"description\":\"Seu blog di\u00e1rio de novidades do mundo da Inteligencia Artificial\",\"potentialAction\":[{\"@type\":\"SearchAction\",\"target\":{\"@type\":\"EntryPoint\",\"urlTemplate\":\"https:\/\/lacerdaai.com\/br\/?s={search_term_string}\"},\"query-input\":{\"@type\":\"PropertyValueSpecification\",\"valueRequired\":true,\"valueName\":\"search_term_string\"}}],\"inLanguage\":\"pt-BR\"},{\"@type\":\"Person\",\"@id\":\"https:\/\/lacerdaai.com\/br\/#\/schema\/person\/8bad803c2e83a0c5c5c75e02a1c2248f\",\"name\":\"Andr\u00e9 Lacerda\",\"image\":{\"@type\":\"ImageObject\",\"inLanguage\":\"pt-BR\",\"@id\":\"https:\/\/lacerdaai.com\/br\/#\/schema\/person\/image\/\",\"url\":\"https:\/\/secure.gravatar.com\/avatar\/f5c1fa5ad9763f54c1f223c3fc91f131da6288c9f9e28d74bb3c355ad99af205?s=96&d=mm&r=g\",\"contentUrl\":\"https:\/\/secure.gravatar.com\/avatar\/f5c1fa5ad9763f54c1f223c3fc91f131da6288c9f9e28d74bb3c355ad99af205?s=96&d=mm&r=g\",\"caption\":\"Andr\u00e9 Lacerda\"},\"description\":\"Sou o Andr\u00e9 Lacerda, tenho 35 anos e sou apaixonado por tecnologia, intelig\u00eancia artificial e boas hist\u00f3rias. Me formei em Tecnologia e Jornalismo \u2014 sim, uma mistura meio improv\u00e1vel, mas que combina muito comigo. J\u00e1 morei no Canad\u00e1 e na Espanha, e essas experi\u00eancias me ajudaram a enxergar a inova\u00e7\u00e3o com um olhar mais global (e a me virar bem em tr\u00eas idiomas \ud83d\ude04). Trabalhei em algumas das maiores empresas de tecnologia do mercado e, hoje, atuo como consultor ajudando neg\u00f3cios a entenderem e aplicarem IA de forma pr\u00e1tica, estrat\u00e9gica e humana. Gosto de traduzir o complexo em algo simples \u2014 e \u00e9 isso que voc\u00ea vai encontrar por aqui.\",\"sameAs\":[\"http:\/\/lacerdaai.com\/br\"],\"url\":\"https:\/\/lacerdaai.com\/br\/author\/red-admin\/\"}]}<\/script>\n<!-- \/ Yoast SEO plugin. -->","yoast_head_json":{"title":"O Terremoto em Davos: CEO da Anthropic Choca com Cr\u00edticas \u00e0 Venda de Chips para a China e a Geopol\u00edtica da IA em Xeque - Lacerda AI","description":"Dario Amodei, CEO da Anthropic, gerou ondas em Davos ao criticar abertamente a venda de chips dos EUA para a China, colocando a Geopol\u00edtica da Intelig\u00eancia Artificial no centro do debate global. Entenda as complexas implica\u00e7\u00f5es dessa confronta\u00e7\u00e3o para o futuro da tecnologia.","robots":{"index":"index","follow":"follow","max-snippet":"max-snippet:-1","max-image-preview":"max-image-preview:large","max-video-preview":"max-video-preview:-1"},"canonical":"https:\/\/lacerdaai.com\/br\/o-terremoto-em-davos-ceo-da-anthropic-choca-com-criticas-a-venda-de-chips-para-a-china-e-a-geopolitica-da-ia-em-xeque\/","og_locale":"pt_BR","og_type":"article","og_title":"O Terremoto em Davos: CEO da Anthropic Choca com Cr\u00edticas \u00e0 Venda de Chips para a China e a Geopol\u00edtica da IA em Xeque - Lacerda AI","og_description":"Dario Amodei, CEO da Anthropic, gerou ondas em Davos ao criticar abertamente a venda de chips dos EUA para a China, colocando a Geopol\u00edtica da Intelig\u00eancia Artificial no centro do debate global. Entenda as complexas implica\u00e7\u00f5es dessa confronta\u00e7\u00e3o para o futuro da tecnologia.","og_url":"https:\/\/lacerdaai.com\/br\/o-terremoto-em-davos-ceo-da-anthropic-choca-com-criticas-a-venda-de-chips-para-a-china-e-a-geopolitica-da-ia-em-xeque\/","og_site_name":"Lacerda AI","article_published_time":"2026-01-21T15:42:41+00:00","article_modified_time":"2026-01-21T15:42:42+00:00","author":"Andr\u00e9 Lacerda","twitter_card":"summary_large_image","twitter_misc":{"Escrito por":"Andr\u00e9 Lacerda","Est. tempo de leitura":"9 minutos"},"schema":{"@context":"https:\/\/schema.org","@graph":[{"@type":"WebPage","@id":"https:\/\/lacerdaai.com\/br\/o-terremoto-em-davos-ceo-da-anthropic-choca-com-criticas-a-venda-de-chips-para-a-china-e-a-geopolitica-da-ia-em-xeque\/","url":"https:\/\/lacerdaai.com\/br\/o-terremoto-em-davos-ceo-da-anthropic-choca-com-criticas-a-venda-de-chips-para-a-china-e-a-geopolitica-da-ia-em-xeque\/","name":"O Terremoto em Davos: CEO da Anthropic Choca com Cr\u00edticas \u00e0 Venda de Chips para a China e a Geopol\u00edtica da IA em Xeque - Lacerda AI","isPartOf":{"@id":"https:\/\/lacerdaai.com\/br\/#website"},"primaryImageOfPage":{"@id":"https:\/\/lacerdaai.com\/br\/o-terremoto-em-davos-ceo-da-anthropic-choca-com-criticas-a-venda-de-chips-para-a-china-e-a-geopolitica-da-ia-em-xeque\/#primaryimage"},"image":{"@id":"https:\/\/lacerdaai.com\/br\/o-terremoto-em-davos-ceo-da-anthropic-choca-com-criticas-a-venda-de-chips-para-a-china-e-a-geopolitica-da-ia-em-xeque\/#primaryimage"},"thumbnailUrl":"https:\/\/lacerdaai.com\/br\/wp-content\/uploads\/2026\/01\/imagem-75.jpg","datePublished":"2026-01-21T15:42:41+00:00","dateModified":"2026-01-21T15:42:42+00:00","author":{"@id":"https:\/\/lacerdaai.com\/br\/#\/schema\/person\/8bad803c2e83a0c5c5c75e02a1c2248f"},"description":"Dario Amodei, CEO da Anthropic, gerou ondas em Davos ao criticar abertamente a venda de chips dos EUA para a China, colocando a Geopol\u00edtica da Intelig\u00eancia Artificial no centro do debate global. Entenda as complexas implica\u00e7\u00f5es dessa confronta\u00e7\u00e3o para o futuro da tecnologia.","breadcrumb":{"@id":"https:\/\/lacerdaai.com\/br\/o-terremoto-em-davos-ceo-da-anthropic-choca-com-criticas-a-venda-de-chips-para-a-china-e-a-geopolitica-da-ia-em-xeque\/#breadcrumb"},"inLanguage":"pt-BR","potentialAction":[{"@type":"ReadAction","target":["https:\/\/lacerdaai.com\/br\/o-terremoto-em-davos-ceo-da-anthropic-choca-com-criticas-a-venda-de-chips-para-a-china-e-a-geopolitica-da-ia-em-xeque\/"]}]},{"@type":"ImageObject","inLanguage":"pt-BR","@id":"https:\/\/lacerdaai.com\/br\/o-terremoto-em-davos-ceo-da-anthropic-choca-com-criticas-a-venda-de-chips-para-a-china-e-a-geopolitica-da-ia-em-xeque\/#primaryimage","url":"https:\/\/lacerdaai.com\/br\/wp-content\/uploads\/2026\/01\/imagem-75.jpg","contentUrl":"https:\/\/lacerdaai.com\/br\/wp-content\/uploads\/2026\/01\/imagem-75.jpg","width":1024,"height":683,"caption":"Dario Amodei, co-founder and chief executive officer of Anthropic, at the VivaTech conference in Paris, France, on Wednesday, May 22, 2024. The annual startup and technology events runs until May 25. Photographer: Benjamin Girette\/Bloomberg via Getty Images"},{"@type":"BreadcrumbList","@id":"https:\/\/lacerdaai.com\/br\/o-terremoto-em-davos-ceo-da-anthropic-choca-com-criticas-a-venda-de-chips-para-a-china-e-a-geopolitica-da-ia-em-xeque\/#breadcrumb","itemListElement":[{"@type":"ListItem","position":1,"name":"In\u00edcio","item":"https:\/\/lacerdaai.com\/br\/"},{"@type":"ListItem","position":2,"name":"O Terremoto em Davos: CEO da Anthropic Choca com Cr\u00edticas \u00e0 Venda de Chips para a China e a Geopol\u00edtica da IA em Xeque"}]},{"@type":"WebSite","@id":"https:\/\/lacerdaai.com\/br\/#website","url":"https:\/\/lacerdaai.com\/br\/","name":"Lacerda AI","description":"Seu blog di\u00e1rio de novidades do mundo da Inteligencia Artificial","potentialAction":[{"@type":"SearchAction","target":{"@type":"EntryPoint","urlTemplate":"https:\/\/lacerdaai.com\/br\/?s={search_term_string}"},"query-input":{"@type":"PropertyValueSpecification","valueRequired":true,"valueName":"search_term_string"}}],"inLanguage":"pt-BR"},{"@type":"Person","@id":"https:\/\/lacerdaai.com\/br\/#\/schema\/person\/8bad803c2e83a0c5c5c75e02a1c2248f","name":"Andr\u00e9 Lacerda","image":{"@type":"ImageObject","inLanguage":"pt-BR","@id":"https:\/\/lacerdaai.com\/br\/#\/schema\/person\/image\/","url":"https:\/\/secure.gravatar.com\/avatar\/f5c1fa5ad9763f54c1f223c3fc91f131da6288c9f9e28d74bb3c355ad99af205?s=96&d=mm&r=g","contentUrl":"https:\/\/secure.gravatar.com\/avatar\/f5c1fa5ad9763f54c1f223c3fc91f131da6288c9f9e28d74bb3c355ad99af205?s=96&d=mm&r=g","caption":"Andr\u00e9 Lacerda"},"description":"Sou o Andr\u00e9 Lacerda, tenho 35 anos e sou apaixonado por tecnologia, intelig\u00eancia artificial e boas hist\u00f3rias. Me formei em Tecnologia e Jornalismo \u2014 sim, uma mistura meio improv\u00e1vel, mas que combina muito comigo. J\u00e1 morei no Canad\u00e1 e na Espanha, e essas experi\u00eancias me ajudaram a enxergar a inova\u00e7\u00e3o com um olhar mais global (e a me virar bem em tr\u00eas idiomas \ud83d\ude04). Trabalhei em algumas das maiores empresas de tecnologia do mercado e, hoje, atuo como consultor ajudando neg\u00f3cios a entenderem e aplicarem IA de forma pr\u00e1tica, estrat\u00e9gica e humana. Gosto de traduzir o complexo em algo simples \u2014 e \u00e9 isso que voc\u00ea vai encontrar por aqui.","sameAs":["http:\/\/lacerdaai.com\/br"],"url":"https:\/\/lacerdaai.com\/br\/author\/red-admin\/"}]}},"_links":{"self":[{"href":"https:\/\/lacerdaai.com\/br\/wp-json\/wp\/v2\/posts\/3296","targetHints":{"allow":["GET"]}}],"collection":[{"href":"https:\/\/lacerdaai.com\/br\/wp-json\/wp\/v2\/posts"}],"about":[{"href":"https:\/\/lacerdaai.com\/br\/wp-json\/wp\/v2\/types\/post"}],"author":[{"embeddable":true,"href":"https:\/\/lacerdaai.com\/br\/wp-json\/wp\/v2\/users\/1"}],"replies":[{"embeddable":true,"href":"https:\/\/lacerdaai.com\/br\/wp-json\/wp\/v2\/comments?post=3296"}],"version-history":[{"count":1,"href":"https:\/\/lacerdaai.com\/br\/wp-json\/wp\/v2\/posts\/3296\/revisions"}],"predecessor-version":[{"id":3297,"href":"https:\/\/lacerdaai.com\/br\/wp-json\/wp\/v2\/posts\/3296\/revisions\/3297"}],"wp:featuredmedia":[{"embeddable":true,"href":"https:\/\/lacerdaai.com\/br\/wp-json\/wp\/v2\/media\/3295"}],"wp:attachment":[{"href":"https:\/\/lacerdaai.com\/br\/wp-json\/wp\/v2\/media?parent=3296"}],"wp:term":[{"taxonomy":"category","embeddable":true,"href":"https:\/\/lacerdaai.com\/br\/wp-json\/wp\/v2\/categories?post=3296"},{"taxonomy":"post_tag","embeddable":true,"href":"https:\/\/lacerdaai.com\/br\/wp-json\/wp\/v2\/tags?post=3296"}],"curies":[{"name":"wp","href":"https:\/\/api.w.org\/{rel}","templated":true}]}}