{"id":3338,"date":"2026-01-24T00:43:02","date_gmt":"2026-01-24T03:43:02","guid":{"rendered":"https:\/\/lacerdaai.com\/br\/a-revolucao-silenciosa-como-a-desinformacao-gerada-por-ia-esta-moldando-nosso-mundo\/"},"modified":"2026-01-24T00:43:04","modified_gmt":"2026-01-24T03:43:04","slug":"a-revolucao-silenciosa-como-a-desinformacao-gerada-por-ia-esta-moldando-nosso-mundo","status":"publish","type":"post","link":"https:\/\/lacerdaai.com\/br\/a-revolucao-silenciosa-como-a-desinformacao-gerada-por-ia-esta-moldando-nosso-mundo\/","title":{"rendered":"A Revolu\u00e7\u00e3o Silenciosa: Como a Desinforma\u00e7\u00e3o Gerada por IA Est\u00e1 Moldando Nosso Mundo"},"content":{"rendered":"<p>Em um mundo onde a informa\u00e7\u00e3o flui mais r\u00e1pido do que podemos process\u00e1-la, uma nova e poderosa for\u00e7a emergiu para desafiar nossa percep\u00e7\u00e3o da realidade: a intelig\u00eancia artificial. Longe de ser apenas uma ferramenta para automa\u00e7\u00e3o ou inova\u00e7\u00e3o, a IA agora det\u00e9m a capacidade de criar conte\u00fados t\u00e3o convincentes \u2013 sejam imagens, v\u00eddeos ou \u00e1udios \u2013 que distinguir o real do fabricado se tornou uma tarefa herc\u00falea. O caso recente, que viu a Casa Branca se pronunciar sobre uma imagem manipulada por IA, \u00e9 apenas a ponta do iceberg de um fen\u00f4meno que est\u00e1 redefinindo a paisagem da m\u00eddia, da pol\u00edtica e da confian\u00e7a p\u00fablica.<\/p>\n<p>N\u00e3o estamos falando de manipula\u00e7\u00f5es grosseiras que podiam ser facilmente desmascaradas no passado. As ferramentas de IA generativa de hoje s\u00e3o sofisticadas o suficiente para produzir &#8216;deepfakes&#8217; que enganam at\u00e9 mesmo os olhos mais atentos e os ouvidos mais treinados. Este cen\u00e1rio levanta quest\u00f5es fundamentais: como podemos confiar no que vemos e ouvimos? Quais s\u00e3o as implica\u00e7\u00f5es para a democracia, para a seguran\u00e7a individual e coletiva? Este artigo mergulha fundo no universo da <strong>desinforma\u00e7\u00e3o gerada por IA<\/strong>, explorando suas origens, seus perigos e as estrat\u00e9gias que est\u00e3o sendo desenvolvidas para combat\u00ea-la nesta nova era digital.<\/p>\n<h2>A Ascens\u00e3o da M\u00eddia Sint\u00e9tica e o Poder da Cria\u00e7\u00e3o Artificial<\/h2>\n<p>A tecnologia por tr\u00e1s da cria\u00e7\u00e3o de conte\u00fado falso com IA avan\u00e7ou a passos largos na \u00faltima d\u00e9cada. No cora\u00e7\u00e3o dessa revolu\u00e7\u00e3o est\u00e3o os modelos generativos, como as Redes Generativas Adversariais (GANs) e os mais recentes modelos de difus\u00e3o. As GANs, por exemplo, operam como um jogo de gato e rato: um gerador tenta criar imagens realistas, enquanto um discriminador tenta identificar quais s\u00e3o falsas. Com o tempo, o gerador aprende a enganar o discriminador, resultando em sa\u00eddas de alt\u00edssima qualidade. J\u00e1 os modelos de difus\u00e3o, como DALL-E 2, Midjourney e Stable Diffusion, operam desfazendo o &#8216;ru\u00eddo&#8217; de uma imagem para construir uma nova a partir de um texto descritivo (prompt), criando resultados incrivelmente fotorrealistas e criativos.<\/p>\n<p>Inicialmente, essas ferramentas eram usadas para fins art\u00edsticos, para prototipagem de design ou at\u00e9 mesmo para aprimorar a acessibilidade digital. No entanto, a mesma tecnologia que pode gerar arte inovadora ou otimizar processos industriais tamb\u00e9m pode ser facilmente mal utilizada. Criar uma imagem de uma pessoa em um local ou situa\u00e7\u00e3o em que ela nunca esteve, ou gerar um v\u00eddeo onde algu\u00e9m diz algo que jamais proferiu, \u00e9 agora uma quest\u00e3o de digitar alguns comandos. A barreira de entrada para a cria\u00e7\u00e3o de deepfakes diminuiu drasticamente, tornando essa capacidade acess\u00edvel a um p\u00fablico muito mais amplo, e n\u00e3o apenas a especialistas com recursos tecnol\u00f3gicos avan\u00e7ados. Isso representa uma democratiza\u00e7\u00e3o perigosa da manipula\u00e7\u00e3o, onde qualquer um pode se tornar um agente de desinforma\u00e7\u00e3o, intencional ou n\u00e3o.<\/p>\n<p>Os deepfakes n\u00e3o se limitam apenas a imagens est\u00e1ticas. V\u00eddeos e \u00e1udios s\u00e3o igualmente vulner\u00e1veis. A clonagem de voz, por exemplo, permite que criminosos simulem a voz de um familiar ou colega de trabalho para aplicar golpes financeiros. V\u00eddeos podem ser alterados para colocar palavras na boca de figuras p\u00fablicas, com sincroniza\u00e7\u00e3o labial perfeita e express\u00f5es faciais convincentes. Essas cria\u00e7\u00f5es s\u00e3o t\u00e3o aut\u00eanticas que desafiam a nossa capacidade humana de detec\u00e7\u00e3o, for\u00e7ando-nos a questionar se o que estamos vendo \u00e9, de fato, a realidade.<\/p>\n<h2>O Desafio da <strong>Desinforma\u00e7\u00e3o Gerada por IA<\/strong>: Impactos e Cen\u00e1rios<\/h2>\n<p>A prolifera\u00e7\u00e3o de conte\u00fados falsos gerados por IA transcende a mera brincadeira tecnol\u00f3gica, apresentando um risco sist\u00eamico com consequ\u00eancias abrangentes para a sociedade. Um dos cen\u00e1rios mais preocupantes \u00e9 a desestabiliza\u00e7\u00e3o pol\u00edtica. Em per\u00edodos eleitorais, a capacidade de fabricar declara\u00e7\u00f5es falsas de candidatos, v\u00eddeos de incidentes que nunca ocorreram ou imagens que denigrem a imagem de oponentes pode influenciar drasticamente a opini\u00e3o p\u00fablica e minar a confian\u00e7a nas institui\u00e7\u00f5es democr\u00e1ticas. A polariza\u00e7\u00e3o social \u00e9 amplificada, \u00e0 medida que grupos com diferentes agendas exploram essa ferramenta para semear disc\u00f3rdia e consolidar narrativas distorcidas.<\/p>\n<p>Al\u00e9m da esfera pol\u00edtica, a <strong>desinforma\u00e7\u00e3o gerada por IA<\/strong> tem impactos significativos na seguran\u00e7a e na economia. Crimes financeiros, como j\u00e1 mencionado, se tornam mais sofisticados com a clonagem de voz para golpes de CEO ou fraudes de identidade. Empresas podem sofrer danos reputacionais irrepar\u00e1veis devido \u00e0 dissemina\u00e7\u00e3o de v\u00eddeos falsos ou imagens comprometedoras de seus executivos ou produtos. A seguran\u00e7a nacional tamb\u00e9m est\u00e1 em xeque, com a possibilidade de atores maliciosos criarem narrativas falsas para incitar conflitos, desestabilizar economias ou at\u00e9 mesmo simular ataques, gerando p\u00e2nico e caos.<\/p>\n<p>A crise de confian\u00e7a gerada por esses conte\u00fados \u00e9 talvez o impacto mais insidioso. Se n\u00e3o podemos mais acreditar nos v\u00eddeos de not\u00edcias, nas fotos de eventos importantes ou nas grava\u00e7\u00f5es de \u00e1udio, onde reside a verdade? Essa d\u00favida constante pode levar a uma &#8216;crise epistemol\u00f3gica&#8217;, onde a pr\u00f3pria ideia de fatos objetivos se desintegra. Isso \u00e9 particularmente perigoso em um momento em que a imprensa profissional e os verificadores de fatos j\u00e1 enfrentam ataques e descredibilidade. A facilidade com que o p\u00fablico pode ser enganado corroi a base do debate p\u00fablico informado e racional, dificultando a tomada de decis\u00f5es coletivas e a constru\u00e7\u00e3o de um consenso social.<\/p>\n<p>O ritmo de dissemina\u00e7\u00e3o desses conte\u00fados tamb\u00e9m \u00e9 alarmante. Gra\u00e7as \u00e0s redes sociais e aos aplicativos de mensagens, uma imagem ou v\u00eddeo falso pode se tornar viral em quest\u00e3o de minutos, atingindo milh\u00f5es de pessoas antes mesmo que qualquer esfor\u00e7o de verifica\u00e7\u00e3o possa ser implementado. A velocidade com que a desinforma\u00e7\u00e3o se espalha supera em muito a velocidade com que a verdade pode ser restabelecida, criando um ciclo vicioso de incerteza e suspeita.<\/p>\n<h2>A Linha de Frente da Verifica\u00e7\u00e3o: Combatendo a Desinforma\u00e7\u00e3o Digital<\/h2>\n<p>Diante do cen\u00e1rio desafiador imposto pela <strong>desinforma\u00e7\u00e3o gerada por IA<\/strong>, uma robusta e multifacetada linha de frente tem se formado para proteger a integridade da informa\u00e7\u00e3o. Organiza\u00e7\u00f5es de verifica\u00e7\u00e3o de fatos, como a pr\u00f3pria BBC Verify mencionada no t\u00edtulo original, est\u00e3o na vanguarda, empregando uma combina\u00e7\u00e3o de jornalismo investigativo, ferramentas tecnol\u00f3gicas avan\u00e7adas e expertise humana para analisar e desmascarar conte\u00fados falsos. Seus especialistas s\u00e3o treinados para identificar sinais sutis de manipula\u00e7\u00e3o, desde inconsist\u00eancias na ilumina\u00e7\u00e3o ou sombreamento em imagens at\u00e9 padr\u00f5es an\u00f4malos em ondas de \u00e1udio.<\/p>\n<p>A tecnologia, que em parte criou o problema, tamb\u00e9m est\u00e1 sendo mobilizada como parte da solu\u00e7\u00e3o. Desenvolvedores est\u00e3o criando ferramentas de detec\u00e7\u00e3o de deepfakes baseadas em IA, que podem analisar caracter\u00edsticas pixel a pixel, procurar por artefatos digitais, inconsist\u00eancias na f\u00edsica (como reflexos irrealistas nos olhos) ou padr\u00f5es repetitivos que humanos n\u00e3o conseguiriam perceber. Algoritmos de aprendizado de m\u00e1quina s\u00e3o treinados em vastos conjuntos de dados de m\u00eddia real e sint\u00e9tica para identificar as assinaturas digitais exclusivas dos geradores de IA. No entanto, essa \u00e9 uma corrida armamentista constante: \u00e0 medida que as ferramentas de detec\u00e7\u00e3o se tornam mais sofisticadas, os geradores de IA tamb\u00e9m evoluem para contorn\u00e1-las.<\/p>\n<p>Outras abordagens tecnol\u00f3gicas incluem o desenvolvimento de sistemas de &#8216;provance de conte\u00fado&#8217;. Isso envolve a cria\u00e7\u00e3o de mecanismos de autentica\u00e7\u00e3o para o conte\u00fado digital desde o seu ponto de origem. Por exemplo, a tecnologia blockchain pode ser utilizada para registrar metadados e &#8216;impress\u00f5es digitais&#8217; de imagens e v\u00eddeos no momento da captura, criando um hist\u00f3rico imut\u00e1vel que pode ser consultado para verificar a autenticidade do material. Empresas de tecnologia tamb\u00e9m est\u00e3o explorando marcas d&#8217;\u00e1gua digitais invis\u00edveis ou assinaturas criptogr\u00e1ficas que atestam a origem e a integridade de um arquivo de m\u00eddia.<\/p>\n<p>Al\u00e9m da tecnologia, a educa\u00e7\u00e3o \u00e9 uma arma fundamental. A alfabetiza\u00e7\u00e3o midi\u00e1tica se torna mais crucial do que nunca. \u00c9 imperativo que os indiv\u00edduos, desde cedo, desenvolvam o pensamento cr\u00edtico para questionar a origem, o contexto e a veracidade da informa\u00e7\u00e3o que consomem. Isso inclui aprender a identificar fontes confi\u00e1veis, reconhecer vieses, e entender como as redes sociais e os algoritmos podem moldar sua bolha de informa\u00e7\u00e3o. Governos e institui\u00e7\u00f5es de ensino t\u00eam um papel vital em promover esses programas educacionais.<\/p>\n<p>As plataformas de m\u00eddia social tamb\u00e9m carregam uma enorme responsabilidade. Elas s\u00e3o os principais vetores de dissemina\u00e7\u00e3o da desinforma\u00e7\u00e3o e, portanto, precisam implementar pol\u00edticas mais rigorosas de modera\u00e7\u00e3o de conte\u00fado, investir em suas pr\u00f3prias equipes de verifica\u00e7\u00e3o de fatos e desenvolver algoritmos que priorizem informa\u00e7\u00f5es confi\u00e1veis. A press\u00e3o por regulamenta\u00e7\u00e3o governamental est\u00e1 crescendo em todo o mundo, com iniciativas como a Lei de IA da Uni\u00e3o Europeia buscando estabelecer regras claras para o desenvolvimento e uso \u00e9tico da intelig\u00eancia artificial, incluindo penalidades para a cria\u00e7\u00e3o e dissemina\u00e7\u00e3o maliciosa de deepfakes.<\/p>\n<h2>O Futuro da Verdade em um Mundo H\u00edbrido<\/h2>\n<p>A batalha contra a <strong>desinforma\u00e7\u00e3o gerada por IA<\/strong> n\u00e3o \u00e9 um evento isolado, mas sim uma guerra cont\u00ednua, uma corrida armamentista digital onde a inova\u00e7\u00e3o dos criadores de conte\u00fado sint\u00e9tico \u00e9 constantemente desafiada pela engenhosidade dos detectores e verificadores. Esse cen\u00e1rio nos for\u00e7a a repensar fundamentalmente nossa rela\u00e7\u00e3o com a informa\u00e7\u00e3o e a pr\u00f3pria natureza da realidade em um mundo que se torna cada vez mais h\u00edbrido, mesclando o f\u00edsico com o digital, o real com o sint\u00e9tico.<\/p>\n<p>O futuro exigir\u00e1 uma colabora\u00e7\u00e3o sem precedentes entre governos, empresas de tecnologia, institui\u00e7\u00f5es acad\u00eamicas, jornalistas e a sociedade civil. N\u00e3o h\u00e1 uma solu\u00e7\u00e3o \u00fanica e definitiva. Precisamos de abordagens que combinem o avan\u00e7o tecnol\u00f3gico em detec\u00e7\u00e3o, a imposi\u00e7\u00e3o de regulamenta\u00e7\u00f5es \u00e9ticas e claras, e um investimento maci\u00e7o na educa\u00e7\u00e3o para a literacia digital. A responsabilidade \u00e9 coletiva: cabe aos desenvolvedores de IA constru\u00edrem salvaguardas e considera\u00e7\u00f5es \u00e9ticas em seus modelos desde o in\u00edcio; \u00e0s plataformas, garantirem um ambiente seguro e transparente; e a cada indiv\u00edduo, cultivar um ceticismo saud\u00e1vel e uma busca ativa pela verdade.<\/p>\n<p>Enfrentar a era da <strong>desinforma\u00e7\u00e3o gerada por IA<\/strong> exige mais do que apenas a capacidade de identificar o que \u00e9 falso; exige a resili\u00eancia para defender a verdade, a capacidade de discernir em meio ao ru\u00eddo e o compromisso de construir uma sociedade informada e resiliente. O desafio \u00e9 imenso, mas a busca pela verdade \u00e9 atemporal, e as ferramentas para proteg\u00ea-la est\u00e3o evoluindo. Cabe a n\u00f3s, como cidad\u00e3os digitais, usar essas ferramentas com sabedoria e persist\u00eancia para que a realidade n\u00e3o se torne uma miragem em um mar de pixels e algoritmos.<\/p>\n","protected":false},"excerpt":{"rendered":"<p>Em um mundo onde a informa\u00e7\u00e3o flui mais r\u00e1pido do que podemos process\u00e1-la, uma nova e poderosa for\u00e7a emergiu para desafiar nossa percep\u00e7\u00e3o da realidade: a intelig\u00eancia artificial. Longe de ser apenas uma ferramenta para automa\u00e7\u00e3o ou inova\u00e7\u00e3o, a IA agora det\u00e9m a capacidade de criar conte\u00fados t\u00e3o convincentes \u2013 sejam imagens, v\u00eddeos ou \u00e1udios [&hellip;]<\/p>\n","protected":false},"author":1,"featured_media":3337,"comment_status":"open","ping_status":"open","sticky":false,"template":"","format":"standard","meta":{"_yoast_wpseo_focuskw":"desinforma\u00e7\u00e3o gerada por IA","_yoast_wpseo_metadesc":"Explore o impacto da desinforma\u00e7\u00e3o gerada por IA na sociedade, os desafios para a verifica\u00e7\u00e3o de fatos e as estrat\u00e9gias para proteger a verdade em um mundo digital cada vez mais complexo.","footnotes":""},"categories":[2],"tags":[],"class_list":["post-3338","post","type-post","status-publish","format-standard","has-post-thumbnail","hentry","category-novidades"],"yoast_head":"<!-- This site is optimized with the Yoast SEO plugin v25.6 - https:\/\/yoast.com\/wordpress\/plugins\/seo\/ -->\n<title>A Revolu\u00e7\u00e3o Silenciosa: Como a Desinforma\u00e7\u00e3o Gerada por IA Est\u00e1 Moldando Nosso Mundo - Lacerda AI<\/title>\n<meta name=\"description\" content=\"Explore o impacto da desinforma\u00e7\u00e3o gerada por IA na sociedade, os desafios para a verifica\u00e7\u00e3o de fatos e as estrat\u00e9gias para proteger a verdade em um mundo digital cada vez mais complexo.\" \/>\n<meta name=\"robots\" content=\"index, follow, max-snippet:-1, max-image-preview:large, max-video-preview:-1\" \/>\n<link rel=\"canonical\" href=\"https:\/\/lacerdaai.com\/br\/a-revolucao-silenciosa-como-a-desinformacao-gerada-por-ia-esta-moldando-nosso-mundo\/\" \/>\n<meta property=\"og:locale\" content=\"pt_BR\" \/>\n<meta property=\"og:type\" content=\"article\" \/>\n<meta property=\"og:title\" content=\"A Revolu\u00e7\u00e3o Silenciosa: Como a Desinforma\u00e7\u00e3o Gerada por IA Est\u00e1 Moldando Nosso Mundo - Lacerda AI\" \/>\n<meta property=\"og:description\" content=\"Explore o impacto da desinforma\u00e7\u00e3o gerada por IA na sociedade, os desafios para a verifica\u00e7\u00e3o de fatos e as estrat\u00e9gias para proteger a verdade em um mundo digital cada vez mais complexo.\" \/>\n<meta property=\"og:url\" content=\"https:\/\/lacerdaai.com\/br\/a-revolucao-silenciosa-como-a-desinformacao-gerada-por-ia-esta-moldando-nosso-mundo\/\" \/>\n<meta property=\"og:site_name\" content=\"Lacerda AI\" \/>\n<meta property=\"article:published_time\" content=\"2026-01-24T03:43:02+00:00\" \/>\n<meta property=\"article:modified_time\" content=\"2026-01-24T03:43:04+00:00\" \/>\n<meta name=\"author\" content=\"Andr\u00e9 Lacerda\" \/>\n<meta name=\"twitter:card\" content=\"summary_large_image\" \/>\n<meta name=\"twitter:label1\" content=\"Escrito por\" \/>\n\t<meta name=\"twitter:data1\" content=\"Andr\u00e9 Lacerda\" \/>\n\t<meta name=\"twitter:label2\" content=\"Est. tempo de leitura\" \/>\n\t<meta name=\"twitter:data2\" content=\"9 minutos\" \/>\n<script type=\"application\/ld+json\" class=\"yoast-schema-graph\">{\"@context\":\"https:\/\/schema.org\",\"@graph\":[{\"@type\":\"WebPage\",\"@id\":\"https:\/\/lacerdaai.com\/br\/a-revolucao-silenciosa-como-a-desinformacao-gerada-por-ia-esta-moldando-nosso-mundo\/\",\"url\":\"https:\/\/lacerdaai.com\/br\/a-revolucao-silenciosa-como-a-desinformacao-gerada-por-ia-esta-moldando-nosso-mundo\/\",\"name\":\"A Revolu\u00e7\u00e3o Silenciosa: Como a Desinforma\u00e7\u00e3o Gerada por IA Est\u00e1 Moldando Nosso Mundo - Lacerda AI\",\"isPartOf\":{\"@id\":\"https:\/\/lacerdaai.com\/br\/#website\"},\"primaryImageOfPage\":{\"@id\":\"https:\/\/lacerdaai.com\/br\/a-revolucao-silenciosa-como-a-desinformacao-gerada-por-ia-esta-moldando-nosso-mundo\/#primaryimage\"},\"image\":{\"@id\":\"https:\/\/lacerdaai.com\/br\/a-revolucao-silenciosa-como-a-desinformacao-gerada-por-ia-esta-moldando-nosso-mundo\/#primaryimage\"},\"thumbnailUrl\":\"https:\/\/lacerdaai.com\/br\/wp-content\/uploads\/2026\/01\/imagem-17.png\",\"datePublished\":\"2026-01-24T03:43:02+00:00\",\"dateModified\":\"2026-01-24T03:43:04+00:00\",\"author\":{\"@id\":\"https:\/\/lacerdaai.com\/br\/#\/schema\/person\/8bad803c2e83a0c5c5c75e02a1c2248f\"},\"description\":\"Explore o impacto da desinforma\u00e7\u00e3o gerada por IA na sociedade, os desafios para a verifica\u00e7\u00e3o de fatos e as estrat\u00e9gias para proteger a verdade em um mundo digital cada vez mais complexo.\",\"breadcrumb\":{\"@id\":\"https:\/\/lacerdaai.com\/br\/a-revolucao-silenciosa-como-a-desinformacao-gerada-por-ia-esta-moldando-nosso-mundo\/#breadcrumb\"},\"inLanguage\":\"pt-BR\",\"potentialAction\":[{\"@type\":\"ReadAction\",\"target\":[\"https:\/\/lacerdaai.com\/br\/a-revolucao-silenciosa-como-a-desinformacao-gerada-por-ia-esta-moldando-nosso-mundo\/\"]}]},{\"@type\":\"ImageObject\",\"inLanguage\":\"pt-BR\",\"@id\":\"https:\/\/lacerdaai.com\/br\/a-revolucao-silenciosa-como-a-desinformacao-gerada-por-ia-esta-moldando-nosso-mundo\/#primaryimage\",\"url\":\"https:\/\/lacerdaai.com\/br\/wp-content\/uploads\/2026\/01\/imagem-17.png\",\"contentUrl\":\"https:\/\/lacerdaai.com\/br\/wp-content\/uploads\/2026\/01\/imagem-17.png\",\"width\":1200,\"height\":675},{\"@type\":\"BreadcrumbList\",\"@id\":\"https:\/\/lacerdaai.com\/br\/a-revolucao-silenciosa-como-a-desinformacao-gerada-por-ia-esta-moldando-nosso-mundo\/#breadcrumb\",\"itemListElement\":[{\"@type\":\"ListItem\",\"position\":1,\"name\":\"In\u00edcio\",\"item\":\"https:\/\/lacerdaai.com\/br\/\"},{\"@type\":\"ListItem\",\"position\":2,\"name\":\"A Revolu\u00e7\u00e3o Silenciosa: Como a Desinforma\u00e7\u00e3o Gerada por IA Est\u00e1 Moldando Nosso Mundo\"}]},{\"@type\":\"WebSite\",\"@id\":\"https:\/\/lacerdaai.com\/br\/#website\",\"url\":\"https:\/\/lacerdaai.com\/br\/\",\"name\":\"Lacerda AI\",\"description\":\"Seu blog di\u00e1rio de novidades do mundo da Inteligencia Artificial\",\"potentialAction\":[{\"@type\":\"SearchAction\",\"target\":{\"@type\":\"EntryPoint\",\"urlTemplate\":\"https:\/\/lacerdaai.com\/br\/?s={search_term_string}\"},\"query-input\":{\"@type\":\"PropertyValueSpecification\",\"valueRequired\":true,\"valueName\":\"search_term_string\"}}],\"inLanguage\":\"pt-BR\"},{\"@type\":\"Person\",\"@id\":\"https:\/\/lacerdaai.com\/br\/#\/schema\/person\/8bad803c2e83a0c5c5c75e02a1c2248f\",\"name\":\"Andr\u00e9 Lacerda\",\"image\":{\"@type\":\"ImageObject\",\"inLanguage\":\"pt-BR\",\"@id\":\"https:\/\/lacerdaai.com\/br\/#\/schema\/person\/image\/\",\"url\":\"https:\/\/secure.gravatar.com\/avatar\/f5c1fa5ad9763f54c1f223c3fc91f131da6288c9f9e28d74bb3c355ad99af205?s=96&d=mm&r=g\",\"contentUrl\":\"https:\/\/secure.gravatar.com\/avatar\/f5c1fa5ad9763f54c1f223c3fc91f131da6288c9f9e28d74bb3c355ad99af205?s=96&d=mm&r=g\",\"caption\":\"Andr\u00e9 Lacerda\"},\"description\":\"Sou o Andr\u00e9 Lacerda, tenho 35 anos e sou apaixonado por tecnologia, intelig\u00eancia artificial e boas hist\u00f3rias. Me formei em Tecnologia e Jornalismo \u2014 sim, uma mistura meio improv\u00e1vel, mas que combina muito comigo. J\u00e1 morei no Canad\u00e1 e na Espanha, e essas experi\u00eancias me ajudaram a enxergar a inova\u00e7\u00e3o com um olhar mais global (e a me virar bem em tr\u00eas idiomas \ud83d\ude04). Trabalhei em algumas das maiores empresas de tecnologia do mercado e, hoje, atuo como consultor ajudando neg\u00f3cios a entenderem e aplicarem IA de forma pr\u00e1tica, estrat\u00e9gica e humana. Gosto de traduzir o complexo em algo simples \u2014 e \u00e9 isso que voc\u00ea vai encontrar por aqui.\",\"sameAs\":[\"http:\/\/lacerdaai.com\/br\"],\"url\":\"https:\/\/lacerdaai.com\/br\/author\/red-admin\/\"}]}<\/script>\n<!-- \/ Yoast SEO plugin. -->","yoast_head_json":{"title":"A Revolu\u00e7\u00e3o Silenciosa: Como a Desinforma\u00e7\u00e3o Gerada por IA Est\u00e1 Moldando Nosso Mundo - Lacerda AI","description":"Explore o impacto da desinforma\u00e7\u00e3o gerada por IA na sociedade, os desafios para a verifica\u00e7\u00e3o de fatos e as estrat\u00e9gias para proteger a verdade em um mundo digital cada vez mais complexo.","robots":{"index":"index","follow":"follow","max-snippet":"max-snippet:-1","max-image-preview":"max-image-preview:large","max-video-preview":"max-video-preview:-1"},"canonical":"https:\/\/lacerdaai.com\/br\/a-revolucao-silenciosa-como-a-desinformacao-gerada-por-ia-esta-moldando-nosso-mundo\/","og_locale":"pt_BR","og_type":"article","og_title":"A Revolu\u00e7\u00e3o Silenciosa: Como a Desinforma\u00e7\u00e3o Gerada por IA Est\u00e1 Moldando Nosso Mundo - Lacerda AI","og_description":"Explore o impacto da desinforma\u00e7\u00e3o gerada por IA na sociedade, os desafios para a verifica\u00e7\u00e3o de fatos e as estrat\u00e9gias para proteger a verdade em um mundo digital cada vez mais complexo.","og_url":"https:\/\/lacerdaai.com\/br\/a-revolucao-silenciosa-como-a-desinformacao-gerada-por-ia-esta-moldando-nosso-mundo\/","og_site_name":"Lacerda AI","article_published_time":"2026-01-24T03:43:02+00:00","article_modified_time":"2026-01-24T03:43:04+00:00","author":"Andr\u00e9 Lacerda","twitter_card":"summary_large_image","twitter_misc":{"Escrito por":"Andr\u00e9 Lacerda","Est. tempo de leitura":"9 minutos"},"schema":{"@context":"https:\/\/schema.org","@graph":[{"@type":"WebPage","@id":"https:\/\/lacerdaai.com\/br\/a-revolucao-silenciosa-como-a-desinformacao-gerada-por-ia-esta-moldando-nosso-mundo\/","url":"https:\/\/lacerdaai.com\/br\/a-revolucao-silenciosa-como-a-desinformacao-gerada-por-ia-esta-moldando-nosso-mundo\/","name":"A Revolu\u00e7\u00e3o Silenciosa: Como a Desinforma\u00e7\u00e3o Gerada por IA Est\u00e1 Moldando Nosso Mundo - Lacerda AI","isPartOf":{"@id":"https:\/\/lacerdaai.com\/br\/#website"},"primaryImageOfPage":{"@id":"https:\/\/lacerdaai.com\/br\/a-revolucao-silenciosa-como-a-desinformacao-gerada-por-ia-esta-moldando-nosso-mundo\/#primaryimage"},"image":{"@id":"https:\/\/lacerdaai.com\/br\/a-revolucao-silenciosa-como-a-desinformacao-gerada-por-ia-esta-moldando-nosso-mundo\/#primaryimage"},"thumbnailUrl":"https:\/\/lacerdaai.com\/br\/wp-content\/uploads\/2026\/01\/imagem-17.png","datePublished":"2026-01-24T03:43:02+00:00","dateModified":"2026-01-24T03:43:04+00:00","author":{"@id":"https:\/\/lacerdaai.com\/br\/#\/schema\/person\/8bad803c2e83a0c5c5c75e02a1c2248f"},"description":"Explore o impacto da desinforma\u00e7\u00e3o gerada por IA na sociedade, os desafios para a verifica\u00e7\u00e3o de fatos e as estrat\u00e9gias para proteger a verdade em um mundo digital cada vez mais complexo.","breadcrumb":{"@id":"https:\/\/lacerdaai.com\/br\/a-revolucao-silenciosa-como-a-desinformacao-gerada-por-ia-esta-moldando-nosso-mundo\/#breadcrumb"},"inLanguage":"pt-BR","potentialAction":[{"@type":"ReadAction","target":["https:\/\/lacerdaai.com\/br\/a-revolucao-silenciosa-como-a-desinformacao-gerada-por-ia-esta-moldando-nosso-mundo\/"]}]},{"@type":"ImageObject","inLanguage":"pt-BR","@id":"https:\/\/lacerdaai.com\/br\/a-revolucao-silenciosa-como-a-desinformacao-gerada-por-ia-esta-moldando-nosso-mundo\/#primaryimage","url":"https:\/\/lacerdaai.com\/br\/wp-content\/uploads\/2026\/01\/imagem-17.png","contentUrl":"https:\/\/lacerdaai.com\/br\/wp-content\/uploads\/2026\/01\/imagem-17.png","width":1200,"height":675},{"@type":"BreadcrumbList","@id":"https:\/\/lacerdaai.com\/br\/a-revolucao-silenciosa-como-a-desinformacao-gerada-por-ia-esta-moldando-nosso-mundo\/#breadcrumb","itemListElement":[{"@type":"ListItem","position":1,"name":"In\u00edcio","item":"https:\/\/lacerdaai.com\/br\/"},{"@type":"ListItem","position":2,"name":"A Revolu\u00e7\u00e3o Silenciosa: Como a Desinforma\u00e7\u00e3o Gerada por IA Est\u00e1 Moldando Nosso Mundo"}]},{"@type":"WebSite","@id":"https:\/\/lacerdaai.com\/br\/#website","url":"https:\/\/lacerdaai.com\/br\/","name":"Lacerda AI","description":"Seu blog di\u00e1rio de novidades do mundo da Inteligencia Artificial","potentialAction":[{"@type":"SearchAction","target":{"@type":"EntryPoint","urlTemplate":"https:\/\/lacerdaai.com\/br\/?s={search_term_string}"},"query-input":{"@type":"PropertyValueSpecification","valueRequired":true,"valueName":"search_term_string"}}],"inLanguage":"pt-BR"},{"@type":"Person","@id":"https:\/\/lacerdaai.com\/br\/#\/schema\/person\/8bad803c2e83a0c5c5c75e02a1c2248f","name":"Andr\u00e9 Lacerda","image":{"@type":"ImageObject","inLanguage":"pt-BR","@id":"https:\/\/lacerdaai.com\/br\/#\/schema\/person\/image\/","url":"https:\/\/secure.gravatar.com\/avatar\/f5c1fa5ad9763f54c1f223c3fc91f131da6288c9f9e28d74bb3c355ad99af205?s=96&d=mm&r=g","contentUrl":"https:\/\/secure.gravatar.com\/avatar\/f5c1fa5ad9763f54c1f223c3fc91f131da6288c9f9e28d74bb3c355ad99af205?s=96&d=mm&r=g","caption":"Andr\u00e9 Lacerda"},"description":"Sou o Andr\u00e9 Lacerda, tenho 35 anos e sou apaixonado por tecnologia, intelig\u00eancia artificial e boas hist\u00f3rias. Me formei em Tecnologia e Jornalismo \u2014 sim, uma mistura meio improv\u00e1vel, mas que combina muito comigo. J\u00e1 morei no Canad\u00e1 e na Espanha, e essas experi\u00eancias me ajudaram a enxergar a inova\u00e7\u00e3o com um olhar mais global (e a me virar bem em tr\u00eas idiomas \ud83d\ude04). Trabalhei em algumas das maiores empresas de tecnologia do mercado e, hoje, atuo como consultor ajudando neg\u00f3cios a entenderem e aplicarem IA de forma pr\u00e1tica, estrat\u00e9gica e humana. Gosto de traduzir o complexo em algo simples \u2014 e \u00e9 isso que voc\u00ea vai encontrar por aqui.","sameAs":["http:\/\/lacerdaai.com\/br"],"url":"https:\/\/lacerdaai.com\/br\/author\/red-admin\/"}]}},"_links":{"self":[{"href":"https:\/\/lacerdaai.com\/br\/wp-json\/wp\/v2\/posts\/3338","targetHints":{"allow":["GET"]}}],"collection":[{"href":"https:\/\/lacerdaai.com\/br\/wp-json\/wp\/v2\/posts"}],"about":[{"href":"https:\/\/lacerdaai.com\/br\/wp-json\/wp\/v2\/types\/post"}],"author":[{"embeddable":true,"href":"https:\/\/lacerdaai.com\/br\/wp-json\/wp\/v2\/users\/1"}],"replies":[{"embeddable":true,"href":"https:\/\/lacerdaai.com\/br\/wp-json\/wp\/v2\/comments?post=3338"}],"version-history":[{"count":1,"href":"https:\/\/lacerdaai.com\/br\/wp-json\/wp\/v2\/posts\/3338\/revisions"}],"predecessor-version":[{"id":3339,"href":"https:\/\/lacerdaai.com\/br\/wp-json\/wp\/v2\/posts\/3338\/revisions\/3339"}],"wp:featuredmedia":[{"embeddable":true,"href":"https:\/\/lacerdaai.com\/br\/wp-json\/wp\/v2\/media\/3337"}],"wp:attachment":[{"href":"https:\/\/lacerdaai.com\/br\/wp-json\/wp\/v2\/media?parent=3338"}],"wp:term":[{"taxonomy":"category","embeddable":true,"href":"https:\/\/lacerdaai.com\/br\/wp-json\/wp\/v2\/categories?post=3338"},{"taxonomy":"post_tag","embeddable":true,"href":"https:\/\/lacerdaai.com\/br\/wp-json\/wp\/v2\/tags?post=3338"}],"curies":[{"name":"wp","href":"https:\/\/api.w.org\/{rel}","templated":true}]}}