{"id":3362,"date":"2026-01-25T08:42:42","date_gmt":"2026-01-25T11:42:42","guid":{"rendered":"https:\/\/lacerdaai.com\/br\/o-desafio-da-inteligencia-artificial-na-politica-desinformacao-narrativas-e-o-caso-groenlandia\/"},"modified":"2026-01-25T08:42:43","modified_gmt":"2026-01-25T11:42:43","slug":"o-desafio-da-inteligencia-artificial-na-politica-desinformacao-narrativas-e-o-caso-groenlandia","status":"publish","type":"post","link":"https:\/\/lacerdaai.com\/br\/o-desafio-da-inteligencia-artificial-na-politica-desinformacao-narrativas-e-o-caso-groenlandia\/","title":{"rendered":"O Desafio da Intelig\u00eancia Artificial na Pol\u00edtica: Desinforma\u00e7\u00e3o, Narrativas e o Caso Groenl\u00e2ndia"},"content":{"rendered":"<p>A **Intelig\u00eancia Artificial** (IA) tem sido uma for\u00e7a transformadora em quase todos os setores da sociedade, e o campo pol\u00edtico n\u00e3o \u00e9 exce\u00e7\u00e3o. Se antes as campanhas eram dominadas por com\u00edcios e comerciais de TV, hoje, a batalha pela percep\u00e7\u00e3o p\u00fablica acontece em um universo digital complexo, onde algoritmos e dados reinam supremos. No entanto, com grande poder, vem uma grande responsabilidade \u2013 e um potencial ainda maior para a manipula\u00e7\u00e3o. Recentemente, um post oficial reacendeu a estranha \u201cobsess\u00e3o\u201d de um ex-presidente pela Groenl\u00e2ndia, e o que tornou o epis\u00f3dio ainda mais not\u00e1vel foi o papel, supostamente \u201cabsurdo\u201d, que a IA desempenhou. Esse evento, embora peculiar, serve como um microcosmo perfeito para discutirmos um dos maiores dilemas da nossa era digital: como a **Intelig\u00eancia Artificial** est\u00e1 moldando narrativas pol\u00edticas e o crescente desafio da desinforma\u00e7\u00e3o. Ser\u00e1 que estamos preparados para discernir a verdade em um cen\u00e1rio onde a IA pode criar realidades alternativas com uma facilidade sem precedentes?<\/p>\n<p>Este artigo mergulha nas profundezas dessa quest\u00e3o, explorando como a IA, quando mal utilizada, pode se tornar uma ferramenta poderosa para confundir, polarizar e at\u00e9 mesmo minar a pr\u00f3pria democracia. Vamos analisar o impacto dessa tecnologia no debate p\u00fablico, as t\u00e9cnicas que a tornam t\u00e3o perigosa nas m\u00e3os erradas e, crucialmente, o que n\u00f3s, como cidad\u00e3os e entusiastas de tecnologia, podemos fazer para navegar nesse labirinto digital. Prepare-se para questionar o que voc\u00ea l\u00ea, v\u00ea e ouve, porque a era da **Intelig\u00eancia Artificial** na pol\u00edtica j\u00e1 come\u00e7ou, e a desinforma\u00e7\u00e3o nunca foi t\u00e3o sofisticada.<\/p>\n<h3><strong>Intelig\u00eancia Artificial e desinforma\u00e7\u00e3o<\/strong>: Entendendo o Cen\u00e1rio Atual<\/h3>\n<p>A ascens\u00e3o da **Intelig\u00eancia Artificial e desinforma\u00e7\u00e3o** caminham lado a lado, formando uma din\u00e2mica complexa que redefine a forma como consumimos e processamos informa\u00e7\u00f5es. A IA moderna, especialmente os Grandes Modelos de Linguagem (LLMs) como o GPT-4, tem a capacidade de gerar textos coerentes, imagens fotorrealistas e at\u00e9 mesmo v\u00eddeos convincentes em quest\u00e3o de segundos. Essa capacidade, que por um lado democratiza a cria\u00e7\u00e3o de conte\u00fado e acelera a inova\u00e7\u00e3o, por outro, abre uma Caixa de Pandora para a prolifera\u00e7\u00e3o de informa\u00e7\u00f5es falsas ou enganosas.<\/p>\n<p>O exemplo do post sobre a Groenl\u00e2ndia, que resgatou uma \u201cfantasia\u201d pol\u00edtica antiga de forma question\u00e1vel, ilustra perfeitamente como a IA pode ser empregada. Imagine um algoritmo treinado para emular o estilo de comunica\u00e7\u00e3o de uma figura p\u00fablica espec\u00edfica. Ele poderia gerar publica\u00e7\u00f5es, tweets ou at\u00e9 discursos que, \u00e0 primeira vista, seriam indistingu\u00edveis dos originais. Se o objetivo \u00e9 reavivar uma pauta antiga, testar a rea\u00e7\u00e3o do p\u00fablico a uma ideia ou simplesmente criar uma distra\u00e7\u00e3o, a IA se torna uma ferramenta extremamente eficaz para isso. N\u00e3o se trata apenas de criar not\u00edcias falsas, mas de moldar narrativas, implantar sementes de d\u00favida e manipular a percep\u00e7\u00e3o p\u00fablica de maneira sutil e escal\u00e1vel.<\/p>\n<p>Historicamente, a propaganda e a manipula\u00e7\u00e3o pol\u00edtica n\u00e3o s\u00e3o novidade. Desde os panfletos revolucion\u00e1rios at\u00e9 os com\u00edcios de massa e a guerra fria da informa\u00e7\u00e3o, a persuas\u00e3o sempre foi uma arma. No entanto, a IA eleva esse jogo a um novo patamar. Antes, a produ\u00e7\u00e3o de conte\u00fado falso em larga escala era cara, demorada e exigia equipes humanas consider\u00e1veis. Com a IA, um \u00fanico operador pode gerar milh\u00f5es de pe\u00e7as de conte\u00fado personalizado, direcionado a grupos demogr\u00e1ficos espec\u00edficos, aproveitando dados psicogr\u00e1ficos e comportamentais para maximizar o impacto. A personaliza\u00e7\u00e3o da desinforma\u00e7\u00e3o \u00e9 um dos aspectos mais perturbadores, pois cada indiv\u00edduo pode ser alvo de uma \u201crealidade\u201d sob medida, tornando a identifica\u00e7\u00e3o da verdade ainda mais desafiadora. A capacidade de criar deepfakes, v\u00eddeos ou \u00e1udios que colocam palavras na boca de pessoas que nunca as disseram, \u00e9 outra fronteira perigosa, capaz de gerar crises diplom\u00e1ticas ou influenciar elei\u00e7\u00f5es de forma irrevers\u00edvel.<\/p>\n<h3>A Eros\u00e3o da Verdade: Como a IA Desafia a Confian\u00e7a P\u00fablica<\/h3>\n<p>O impacto mais profundo da **Intelig\u00eancia Artificial e desinforma\u00e7\u00e3o** \u00e9 a gradual eros\u00e3o da confian\u00e7a p\u00fablica nas institui\u00e7\u00f5es, na m\u00eddia e, em \u00faltima inst\u00e2ncia, na pr\u00f3pria realidade. Quando \u00e9 dif\u00edcil distinguir o que \u00e9 real do que \u00e9 fabricado, a base do debate democr\u00e1tico \u2013 o compartilhamento de fatos e informa\u00e7\u00f5es verific\u00e1veis \u2013 come\u00e7a a ruir. Vivemos em uma era em que a d\u00favida se torna a norma, e a verdade, uma quest\u00e3o de perspectiva.<\/p>\n<p>Pense no cen\u00e1rio onde um post gerado por IA pode reativar uma ideia bizarra, como a compra de um pa\u00eds, e fazer com que uma parcela da popula\u00e7\u00e3o passe a discuti-la com seriedade. Isso n\u00e3o apenas desvia a aten\u00e7\u00e3o de problemas reais, mas tamb\u00e9m normaliza o absurdo, empurrando os limites do que \u00e9 considerado um discurso aceit\u00e1vel. A IA permite que essas \u201cbolhas de realidade\u201d se formem e se solidifiquem com uma efici\u00eancia alarmante. As pessoas tendem a buscar informa\u00e7\u00f5es que confirmem suas cren\u00e7as existentes, um fen\u00f4meno conhecido como vi\u00e9s de confirma\u00e7\u00e3o. Algoritmos de IA, otimizados para maximizar o engajamento, exacerbam isso, apresentando aos usu\u00e1rios cada vez mais conte\u00fado que refor\u00e7a suas vis\u00f5es de mundo, criando c\u00e2maras de eco onde a desinforma\u00e7\u00e3o pode florescer sem ser contestada.<\/p>\n<p>A dificuldade para o cidad\u00e3o comum discernir o conte\u00fado gerado por IA \u00e9 um desafio crescente. As ferramentas de detec\u00e7\u00e3o de IA est\u00e3o em constante evolu\u00e7\u00e3o, mas o ritmo de avan\u00e7o da tecnologia generativa \u00e9 t\u00e3o r\u00e1pido que muitas vezes as ferramentas de detec\u00e7\u00e3o est\u00e3o sempre um passo atr\u00e1s. Um texto bem elaborado por um LLM pode passar por humano; uma imagem gerada por difus\u00e3o latente pode ser indistingu\u00edvel de uma fotografia; um deepfake pode iludir at\u00e9 olhos treinados. Isso coloca uma press\u00e3o imensa sobre os fact-checkers e a m\u00eddia tradicional, que precisam lutar contra uma mar\u00e9 crescente de conte\u00fado sint\u00e9tico, muitas vezes sem os recursos adequados. A reputa\u00e7\u00e3o de jornais e portais de not\u00edcias, constru\u00edda ao longo de d\u00e9cadas, pode ser abalada por uma \u00fanica not\u00edcia falsa amplificada por IA, que se espalha viralmente antes que qualquer corre\u00e7\u00e3o possa ser feita. A falta de confian\u00e7a resultante n\u00e3o afeta apenas a pol\u00edtica, mas a coes\u00e3o social como um todo, tornando mais dif\u00edcil para as comunidades encontrarem um terreno comum para discutir e resolver problemas.<\/p>\n<h3>Navegando no Labirinto Digital: Estrat\u00e9gias para Consumidores e Criadores de Conte\u00fado<\/h3>\n<p>Diante de um cen\u00e1rio onde a **Intelig\u00eancia Artificial e desinforma\u00e7\u00e3o** se entrela\u00e7am de forma t\u00e3o intrincada, a responsabilidade recai tanto sobre os consumidores quanto sobre os criadores de conte\u00fado e as plataformas. N\u00e3o podemos simplesmente nos render ao pessimismo tecnol\u00f3gico; precisamos nos armar com conhecimento e ferramentas para navegar nesse labirinto digital.<\/p>\n<p>Para os consumidores, o primeiro passo \u00e9 desenvolver um pensamento cr\u00edtico agu\u00e7ado. Isso significa ir al\u00e9m do t\u00edtulo e da primeira impress\u00e3o. Pergunte-se: qual \u00e9 a fonte desta informa\u00e7\u00e3o? \u00c9 um ve\u00edculo de not\u00edcias reconhecido e com hist\u00f3rico de checagem de fatos? A manchete parece sensacionalista demais para ser verdade? Verifique datas, autores e procure por m\u00faltiplas fontes confi\u00e1veis que corroborem a informa\u00e7\u00e3o. Ferramentas de busca reversa de imagens podem ajudar a identificar se uma foto foi manipulada ou usada fora de contexto. A desconfian\u00e7a saud\u00e1vel \u00e9 uma virtude na era da IA. Al\u00e9m disso, \u00e9 fundamental diversificar as fontes de informa\u00e7\u00e3o. N\u00e3o dependa de um \u00fanico ve\u00edculo ou plataforma; exponha-se a diferentes perspectivas e an\u00e1lises.<\/p>\n<p>Para os criadores de conte\u00fado e figuras p\u00fablicas, a \u00e9tica no uso da IA \u00e9 paramount. A tenta\u00e7\u00e3o de usar a IA para amplificar mensagens, mesmo que question\u00e1veis, pode ser grande, mas as consequ\u00eancias a longo prazo para a confian\u00e7a e a credibilidade podem ser devastadoras. A transpar\u00eancia \u00e9 essencial: se a IA foi usada para gerar parte de um conte\u00fado, isso deveria ser explicitamente declarado. Desenvolvedores de IA, por sua vez, t\u00eam a responsabilidade de construir sistemas com salvaguardas \u00e9ticas robustas, prevenindo o uso malicioso e incorporando mecanismos para detectar e sinalizar conte\u00fado sint\u00e9tico. Muitos est\u00e3o explorando solu\u00e7\u00f5es como marcas d&#8217;\u00e1gua digitais invis\u00edveis em m\u00eddias geradas por IA, ou metadados que indicam a origem artificial do conte\u00fado.<\/p>\n<p>As plataformas de m\u00eddia social, que servem como os principais canais de distribui\u00e7\u00e3o de informa\u00e7\u00f5es, enfrentam o desafio mais complexo. Elas precisam investir pesadamente em IA para combater IA, desenvolvendo algoritmos capazes de identificar padr\u00f5es de desinforma\u00e7\u00e3o e conte\u00fado gerado artificialmente em escala. Al\u00e9m disso, a implementa\u00e7\u00e3o de pol\u00edticas claras de modera\u00e7\u00e3o, a parceria com organiza\u00e7\u00f5es de verifica\u00e7\u00e3o de fatos e a promo\u00e7\u00e3o de fontes de not\u00edcias confi\u00e1veis s\u00e3o cruciais. A regulamenta\u00e7\u00e3o governamental tamb\u00e9m desempenha um papel, embora deva ser cuidadosamente calibrada para evitar a censura e proteger a liberdade de express\u00e3o, ao mesmo tempo em que mitiga os riscos sist\u00eamicos da desinforma\u00e7\u00e3o impulsionada por IA. A Uni\u00e3o Europeia, por exemplo, est\u00e1 na vanguarda com seu AI Act, que busca equilibrar inova\u00e7\u00e3o com seguran\u00e7a e direitos fundamentais.<\/p>\n<p>Em \u00faltima an\u00e1lise, a batalha contra a desinforma\u00e7\u00e3o na era da IA n\u00e3o \u00e9 apenas tecnol\u00f3gica, mas tamb\u00e9m educacional e cultural. Precisamos capacitar os cidad\u00e3os com as habilidades necess\u00e1rias para navegar no complexo ambiente informacional de hoje, e promover uma cultura de verifica\u00e7\u00e3o e responsabilidade.<\/p>\n<p>A **Intelig\u00eancia Artificial** \u00e9 uma for\u00e7a impar\u00e1vel, e sua integra\u00e7\u00e3o na pol\u00edtica \u00e9 um fato consumado. O epis\u00f3dio da Groenl\u00e2ndia, por mais exc\u00eantrico que possa parecer, \u00e9 um lembrete contundente de que estamos apenas arranhando a superf\u00edcie do impacto que essa tecnologia ter\u00e1 em nossa vida p\u00fablica. A capacidade de gerar narrativas convincentes, sejam elas baseadas em fatos ou em fantasias, com um custo e esfor\u00e7o m\u00ednimos, \u00e9 uma espada de dois gumes. Por um lado, oferece oportunidades sem precedentes para a comunica\u00e7\u00e3o eficaz e o engajamento c\u00edvico; por outro, apresenta um risco existencial para a veracidade e a confian\u00e7a, pilares fundamentais de qualquer sociedade democr\u00e1tica.<\/p>\n<p>O futuro da informa\u00e7\u00e3o depender\u00e1 de qu\u00e3o bem conseguimos nos adaptar. Precisamos de um compromisso coletivo \u2013 de desenvolvedores, legisladores, plataformas e, sobretudo, dos cidad\u00e3os \u2013 para desenvolver e implementar estrat\u00e9gias que promovam a literacia digital, a verifica\u00e7\u00e3o de fatos e um uso \u00e9tico da IA. A **Intelig\u00eancia Artificial e desinforma\u00e7\u00e3o** podem ser aliadas perigosas, mas tamb\u00e9m podemos transformar a IA em uma ferramenta para a verdade, se formos vigilantes e proativos. A escolha \u00e9 nossa: permitir que a IA nos leve a um futuro de realidades fragmentadas ou utiliz\u00e1-la para construir uma sociedade mais informada e resistente \u00e0 manipula\u00e7\u00e3o.<\/p>\n","protected":false},"excerpt":{"rendered":"<p>A **Intelig\u00eancia Artificial** (IA) tem sido uma for\u00e7a transformadora em quase todos os setores da sociedade, e o campo pol\u00edtico n\u00e3o \u00e9 exce\u00e7\u00e3o. Se antes as campanhas eram dominadas por com\u00edcios e comerciais de TV, hoje, a batalha pela percep\u00e7\u00e3o p\u00fablica acontece em um universo digital complexo, onde algoritmos e dados reinam supremos. No entanto, [&hellip;]<\/p>\n","protected":false},"author":1,"featured_media":3361,"comment_status":"open","ping_status":"open","sticky":false,"template":"","format":"standard","meta":{"_yoast_wpseo_focuskw":"Intelig\u00eancia Artificial e desinforma\u00e7\u00e3o","_yoast_wpseo_metadesc":"Explore como a Intelig\u00eancia Artificial est\u00e1 redefinindo as narrativas pol\u00edticas e o perigoso cen\u00e1rio da desinforma\u00e7\u00e3o. Analisamos o recente epis\u00f3dio envolvendo a 'obsess\u00e3o pela Groenl\u00e2ndia' e o uso controverso de IA, e os impactos na percep\u00e7\u00e3o p\u00fablica.","footnotes":""},"categories":[2],"tags":[],"class_list":["post-3362","post","type-post","status-publish","format-standard","has-post-thumbnail","hentry","category-novidades"],"yoast_head":"<!-- This site is optimized with the Yoast SEO plugin v25.6 - https:\/\/yoast.com\/wordpress\/plugins\/seo\/ -->\n<title>O Desafio da Intelig\u00eancia Artificial na Pol\u00edtica: Desinforma\u00e7\u00e3o, Narrativas e o Caso Groenl\u00e2ndia - Lacerda AI<\/title>\n<meta name=\"description\" content=\"Explore como a Intelig\u00eancia Artificial est\u00e1 redefinindo as narrativas pol\u00edticas e o perigoso cen\u00e1rio da desinforma\u00e7\u00e3o. Analisamos o recente epis\u00f3dio envolvendo a &#039;obsess\u00e3o pela Groenl\u00e2ndia&#039; e o uso controverso de IA, e os impactos na percep\u00e7\u00e3o p\u00fablica.\" \/>\n<meta name=\"robots\" content=\"index, follow, max-snippet:-1, max-image-preview:large, max-video-preview:-1\" \/>\n<link rel=\"canonical\" href=\"https:\/\/lacerdaai.com\/br\/o-desafio-da-inteligencia-artificial-na-politica-desinformacao-narrativas-e-o-caso-groenlandia\/\" \/>\n<meta property=\"og:locale\" content=\"pt_BR\" \/>\n<meta property=\"og:type\" content=\"article\" \/>\n<meta property=\"og:title\" content=\"O Desafio da Intelig\u00eancia Artificial na Pol\u00edtica: Desinforma\u00e7\u00e3o, Narrativas e o Caso Groenl\u00e2ndia - Lacerda AI\" \/>\n<meta property=\"og:description\" content=\"Explore como a Intelig\u00eancia Artificial est\u00e1 redefinindo as narrativas pol\u00edticas e o perigoso cen\u00e1rio da desinforma\u00e7\u00e3o. Analisamos o recente epis\u00f3dio envolvendo a &#039;obsess\u00e3o pela Groenl\u00e2ndia&#039; e o uso controverso de IA, e os impactos na percep\u00e7\u00e3o p\u00fablica.\" \/>\n<meta property=\"og:url\" content=\"https:\/\/lacerdaai.com\/br\/o-desafio-da-inteligencia-artificial-na-politica-desinformacao-narrativas-e-o-caso-groenlandia\/\" \/>\n<meta property=\"og:site_name\" content=\"Lacerda AI\" \/>\n<meta property=\"article:published_time\" content=\"2026-01-25T11:42:42+00:00\" \/>\n<meta property=\"article:modified_time\" content=\"2026-01-25T11:42:43+00:00\" \/>\n<meta name=\"author\" content=\"Andr\u00e9 Lacerda\" \/>\n<meta name=\"twitter:card\" content=\"summary_large_image\" \/>\n<meta name=\"twitter:label1\" content=\"Escrito por\" \/>\n\t<meta name=\"twitter:data1\" content=\"Andr\u00e9 Lacerda\" \/>\n\t<meta name=\"twitter:label2\" content=\"Est. tempo de leitura\" \/>\n\t<meta name=\"twitter:data2\" content=\"9 minutos\" \/>\n<script type=\"application\/ld+json\" class=\"yoast-schema-graph\">{\"@context\":\"https:\/\/schema.org\",\"@graph\":[{\"@type\":\"WebPage\",\"@id\":\"https:\/\/lacerdaai.com\/br\/o-desafio-da-inteligencia-artificial-na-politica-desinformacao-narrativas-e-o-caso-groenlandia\/\",\"url\":\"https:\/\/lacerdaai.com\/br\/o-desafio-da-inteligencia-artificial-na-politica-desinformacao-narrativas-e-o-caso-groenlandia\/\",\"name\":\"O Desafio da Intelig\u00eancia Artificial na Pol\u00edtica: Desinforma\u00e7\u00e3o, Narrativas e o Caso Groenl\u00e2ndia - Lacerda AI\",\"isPartOf\":{\"@id\":\"https:\/\/lacerdaai.com\/br\/#website\"},\"primaryImageOfPage\":{\"@id\":\"https:\/\/lacerdaai.com\/br\/o-desafio-da-inteligencia-artificial-na-politica-desinformacao-narrativas-e-o-caso-groenlandia\/#primaryimage\"},\"image\":{\"@id\":\"https:\/\/lacerdaai.com\/br\/o-desafio-da-inteligencia-artificial-na-politica-desinformacao-narrativas-e-o-caso-groenlandia\/#primaryimage\"},\"thumbnailUrl\":\"https:\/\/lacerdaai.com\/br\/wp-content\/uploads\/2026\/01\/imagem-91.jpg\",\"datePublished\":\"2026-01-25T11:42:42+00:00\",\"dateModified\":\"2026-01-25T11:42:43+00:00\",\"author\":{\"@id\":\"https:\/\/lacerdaai.com\/br\/#\/schema\/person\/8bad803c2e83a0c5c5c75e02a1c2248f\"},\"description\":\"Explore como a Intelig\u00eancia Artificial est\u00e1 redefinindo as narrativas pol\u00edticas e o perigoso cen\u00e1rio da desinforma\u00e7\u00e3o. Analisamos o recente epis\u00f3dio envolvendo a 'obsess\u00e3o pela Groenl\u00e2ndia' e o uso controverso de IA, e os impactos na percep\u00e7\u00e3o p\u00fablica.\",\"breadcrumb\":{\"@id\":\"https:\/\/lacerdaai.com\/br\/o-desafio-da-inteligencia-artificial-na-politica-desinformacao-narrativas-e-o-caso-groenlandia\/#breadcrumb\"},\"inLanguage\":\"pt-BR\",\"potentialAction\":[{\"@type\":\"ReadAction\",\"target\":[\"https:\/\/lacerdaai.com\/br\/o-desafio-da-inteligencia-artificial-na-politica-desinformacao-narrativas-e-o-caso-groenlandia\/\"]}]},{\"@type\":\"ImageObject\",\"inLanguage\":\"pt-BR\",\"@id\":\"https:\/\/lacerdaai.com\/br\/o-desafio-da-inteligencia-artificial-na-politica-desinformacao-narrativas-e-o-caso-groenlandia\/#primaryimage\",\"url\":\"https:\/\/lacerdaai.com\/br\/wp-content\/uploads\/2026\/01\/imagem-91.jpg\",\"contentUrl\":\"https:\/\/lacerdaai.com\/br\/wp-content\/uploads\/2026\/01\/imagem-91.jpg\",\"width\":1200,\"height\":630},{\"@type\":\"BreadcrumbList\",\"@id\":\"https:\/\/lacerdaai.com\/br\/o-desafio-da-inteligencia-artificial-na-politica-desinformacao-narrativas-e-o-caso-groenlandia\/#breadcrumb\",\"itemListElement\":[{\"@type\":\"ListItem\",\"position\":1,\"name\":\"In\u00edcio\",\"item\":\"https:\/\/lacerdaai.com\/br\/\"},{\"@type\":\"ListItem\",\"position\":2,\"name\":\"O Desafio da Intelig\u00eancia Artificial na Pol\u00edtica: Desinforma\u00e7\u00e3o, Narrativas e o Caso Groenl\u00e2ndia\"}]},{\"@type\":\"WebSite\",\"@id\":\"https:\/\/lacerdaai.com\/br\/#website\",\"url\":\"https:\/\/lacerdaai.com\/br\/\",\"name\":\"Lacerda AI\",\"description\":\"Seu blog di\u00e1rio de novidades do mundo da Inteligencia Artificial\",\"potentialAction\":[{\"@type\":\"SearchAction\",\"target\":{\"@type\":\"EntryPoint\",\"urlTemplate\":\"https:\/\/lacerdaai.com\/br\/?s={search_term_string}\"},\"query-input\":{\"@type\":\"PropertyValueSpecification\",\"valueRequired\":true,\"valueName\":\"search_term_string\"}}],\"inLanguage\":\"pt-BR\"},{\"@type\":\"Person\",\"@id\":\"https:\/\/lacerdaai.com\/br\/#\/schema\/person\/8bad803c2e83a0c5c5c75e02a1c2248f\",\"name\":\"Andr\u00e9 Lacerda\",\"image\":{\"@type\":\"ImageObject\",\"inLanguage\":\"pt-BR\",\"@id\":\"https:\/\/lacerdaai.com\/br\/#\/schema\/person\/image\/\",\"url\":\"https:\/\/secure.gravatar.com\/avatar\/f5c1fa5ad9763f54c1f223c3fc91f131da6288c9f9e28d74bb3c355ad99af205?s=96&d=mm&r=g\",\"contentUrl\":\"https:\/\/secure.gravatar.com\/avatar\/f5c1fa5ad9763f54c1f223c3fc91f131da6288c9f9e28d74bb3c355ad99af205?s=96&d=mm&r=g\",\"caption\":\"Andr\u00e9 Lacerda\"},\"description\":\"Sou o Andr\u00e9 Lacerda, tenho 35 anos e sou apaixonado por tecnologia, intelig\u00eancia artificial e boas hist\u00f3rias. Me formei em Tecnologia e Jornalismo \u2014 sim, uma mistura meio improv\u00e1vel, mas que combina muito comigo. J\u00e1 morei no Canad\u00e1 e na Espanha, e essas experi\u00eancias me ajudaram a enxergar a inova\u00e7\u00e3o com um olhar mais global (e a me virar bem em tr\u00eas idiomas \ud83d\ude04). Trabalhei em algumas das maiores empresas de tecnologia do mercado e, hoje, atuo como consultor ajudando neg\u00f3cios a entenderem e aplicarem IA de forma pr\u00e1tica, estrat\u00e9gica e humana. Gosto de traduzir o complexo em algo simples \u2014 e \u00e9 isso que voc\u00ea vai encontrar por aqui.\",\"sameAs\":[\"http:\/\/lacerdaai.com\/br\"],\"url\":\"https:\/\/lacerdaai.com\/br\/author\/red-admin\/\"}]}<\/script>\n<!-- \/ Yoast SEO plugin. -->","yoast_head_json":{"title":"O Desafio da Intelig\u00eancia Artificial na Pol\u00edtica: Desinforma\u00e7\u00e3o, Narrativas e o Caso Groenl\u00e2ndia - Lacerda AI","description":"Explore como a Intelig\u00eancia Artificial est\u00e1 redefinindo as narrativas pol\u00edticas e o perigoso cen\u00e1rio da desinforma\u00e7\u00e3o. Analisamos o recente epis\u00f3dio envolvendo a 'obsess\u00e3o pela Groenl\u00e2ndia' e o uso controverso de IA, e os impactos na percep\u00e7\u00e3o p\u00fablica.","robots":{"index":"index","follow":"follow","max-snippet":"max-snippet:-1","max-image-preview":"max-image-preview:large","max-video-preview":"max-video-preview:-1"},"canonical":"https:\/\/lacerdaai.com\/br\/o-desafio-da-inteligencia-artificial-na-politica-desinformacao-narrativas-e-o-caso-groenlandia\/","og_locale":"pt_BR","og_type":"article","og_title":"O Desafio da Intelig\u00eancia Artificial na Pol\u00edtica: Desinforma\u00e7\u00e3o, Narrativas e o Caso Groenl\u00e2ndia - Lacerda AI","og_description":"Explore como a Intelig\u00eancia Artificial est\u00e1 redefinindo as narrativas pol\u00edticas e o perigoso cen\u00e1rio da desinforma\u00e7\u00e3o. Analisamos o recente epis\u00f3dio envolvendo a 'obsess\u00e3o pela Groenl\u00e2ndia' e o uso controverso de IA, e os impactos na percep\u00e7\u00e3o p\u00fablica.","og_url":"https:\/\/lacerdaai.com\/br\/o-desafio-da-inteligencia-artificial-na-politica-desinformacao-narrativas-e-o-caso-groenlandia\/","og_site_name":"Lacerda AI","article_published_time":"2026-01-25T11:42:42+00:00","article_modified_time":"2026-01-25T11:42:43+00:00","author":"Andr\u00e9 Lacerda","twitter_card":"summary_large_image","twitter_misc":{"Escrito por":"Andr\u00e9 Lacerda","Est. tempo de leitura":"9 minutos"},"schema":{"@context":"https:\/\/schema.org","@graph":[{"@type":"WebPage","@id":"https:\/\/lacerdaai.com\/br\/o-desafio-da-inteligencia-artificial-na-politica-desinformacao-narrativas-e-o-caso-groenlandia\/","url":"https:\/\/lacerdaai.com\/br\/o-desafio-da-inteligencia-artificial-na-politica-desinformacao-narrativas-e-o-caso-groenlandia\/","name":"O Desafio da Intelig\u00eancia Artificial na Pol\u00edtica: Desinforma\u00e7\u00e3o, Narrativas e o Caso Groenl\u00e2ndia - Lacerda AI","isPartOf":{"@id":"https:\/\/lacerdaai.com\/br\/#website"},"primaryImageOfPage":{"@id":"https:\/\/lacerdaai.com\/br\/o-desafio-da-inteligencia-artificial-na-politica-desinformacao-narrativas-e-o-caso-groenlandia\/#primaryimage"},"image":{"@id":"https:\/\/lacerdaai.com\/br\/o-desafio-da-inteligencia-artificial-na-politica-desinformacao-narrativas-e-o-caso-groenlandia\/#primaryimage"},"thumbnailUrl":"https:\/\/lacerdaai.com\/br\/wp-content\/uploads\/2026\/01\/imagem-91.jpg","datePublished":"2026-01-25T11:42:42+00:00","dateModified":"2026-01-25T11:42:43+00:00","author":{"@id":"https:\/\/lacerdaai.com\/br\/#\/schema\/person\/8bad803c2e83a0c5c5c75e02a1c2248f"},"description":"Explore como a Intelig\u00eancia Artificial est\u00e1 redefinindo as narrativas pol\u00edticas e o perigoso cen\u00e1rio da desinforma\u00e7\u00e3o. Analisamos o recente epis\u00f3dio envolvendo a 'obsess\u00e3o pela Groenl\u00e2ndia' e o uso controverso de IA, e os impactos na percep\u00e7\u00e3o p\u00fablica.","breadcrumb":{"@id":"https:\/\/lacerdaai.com\/br\/o-desafio-da-inteligencia-artificial-na-politica-desinformacao-narrativas-e-o-caso-groenlandia\/#breadcrumb"},"inLanguage":"pt-BR","potentialAction":[{"@type":"ReadAction","target":["https:\/\/lacerdaai.com\/br\/o-desafio-da-inteligencia-artificial-na-politica-desinformacao-narrativas-e-o-caso-groenlandia\/"]}]},{"@type":"ImageObject","inLanguage":"pt-BR","@id":"https:\/\/lacerdaai.com\/br\/o-desafio-da-inteligencia-artificial-na-politica-desinformacao-narrativas-e-o-caso-groenlandia\/#primaryimage","url":"https:\/\/lacerdaai.com\/br\/wp-content\/uploads\/2026\/01\/imagem-91.jpg","contentUrl":"https:\/\/lacerdaai.com\/br\/wp-content\/uploads\/2026\/01\/imagem-91.jpg","width":1200,"height":630},{"@type":"BreadcrumbList","@id":"https:\/\/lacerdaai.com\/br\/o-desafio-da-inteligencia-artificial-na-politica-desinformacao-narrativas-e-o-caso-groenlandia\/#breadcrumb","itemListElement":[{"@type":"ListItem","position":1,"name":"In\u00edcio","item":"https:\/\/lacerdaai.com\/br\/"},{"@type":"ListItem","position":2,"name":"O Desafio da Intelig\u00eancia Artificial na Pol\u00edtica: Desinforma\u00e7\u00e3o, Narrativas e o Caso Groenl\u00e2ndia"}]},{"@type":"WebSite","@id":"https:\/\/lacerdaai.com\/br\/#website","url":"https:\/\/lacerdaai.com\/br\/","name":"Lacerda AI","description":"Seu blog di\u00e1rio de novidades do mundo da Inteligencia Artificial","potentialAction":[{"@type":"SearchAction","target":{"@type":"EntryPoint","urlTemplate":"https:\/\/lacerdaai.com\/br\/?s={search_term_string}"},"query-input":{"@type":"PropertyValueSpecification","valueRequired":true,"valueName":"search_term_string"}}],"inLanguage":"pt-BR"},{"@type":"Person","@id":"https:\/\/lacerdaai.com\/br\/#\/schema\/person\/8bad803c2e83a0c5c5c75e02a1c2248f","name":"Andr\u00e9 Lacerda","image":{"@type":"ImageObject","inLanguage":"pt-BR","@id":"https:\/\/lacerdaai.com\/br\/#\/schema\/person\/image\/","url":"https:\/\/secure.gravatar.com\/avatar\/f5c1fa5ad9763f54c1f223c3fc91f131da6288c9f9e28d74bb3c355ad99af205?s=96&d=mm&r=g","contentUrl":"https:\/\/secure.gravatar.com\/avatar\/f5c1fa5ad9763f54c1f223c3fc91f131da6288c9f9e28d74bb3c355ad99af205?s=96&d=mm&r=g","caption":"Andr\u00e9 Lacerda"},"description":"Sou o Andr\u00e9 Lacerda, tenho 35 anos e sou apaixonado por tecnologia, intelig\u00eancia artificial e boas hist\u00f3rias. Me formei em Tecnologia e Jornalismo \u2014 sim, uma mistura meio improv\u00e1vel, mas que combina muito comigo. J\u00e1 morei no Canad\u00e1 e na Espanha, e essas experi\u00eancias me ajudaram a enxergar a inova\u00e7\u00e3o com um olhar mais global (e a me virar bem em tr\u00eas idiomas \ud83d\ude04). Trabalhei em algumas das maiores empresas de tecnologia do mercado e, hoje, atuo como consultor ajudando neg\u00f3cios a entenderem e aplicarem IA de forma pr\u00e1tica, estrat\u00e9gica e humana. Gosto de traduzir o complexo em algo simples \u2014 e \u00e9 isso que voc\u00ea vai encontrar por aqui.","sameAs":["http:\/\/lacerdaai.com\/br"],"url":"https:\/\/lacerdaai.com\/br\/author\/red-admin\/"}]}},"_links":{"self":[{"href":"https:\/\/lacerdaai.com\/br\/wp-json\/wp\/v2\/posts\/3362","targetHints":{"allow":["GET"]}}],"collection":[{"href":"https:\/\/lacerdaai.com\/br\/wp-json\/wp\/v2\/posts"}],"about":[{"href":"https:\/\/lacerdaai.com\/br\/wp-json\/wp\/v2\/types\/post"}],"author":[{"embeddable":true,"href":"https:\/\/lacerdaai.com\/br\/wp-json\/wp\/v2\/users\/1"}],"replies":[{"embeddable":true,"href":"https:\/\/lacerdaai.com\/br\/wp-json\/wp\/v2\/comments?post=3362"}],"version-history":[{"count":1,"href":"https:\/\/lacerdaai.com\/br\/wp-json\/wp\/v2\/posts\/3362\/revisions"}],"predecessor-version":[{"id":3363,"href":"https:\/\/lacerdaai.com\/br\/wp-json\/wp\/v2\/posts\/3362\/revisions\/3363"}],"wp:featuredmedia":[{"embeddable":true,"href":"https:\/\/lacerdaai.com\/br\/wp-json\/wp\/v2\/media\/3361"}],"wp:attachment":[{"href":"https:\/\/lacerdaai.com\/br\/wp-json\/wp\/v2\/media?parent=3362"}],"wp:term":[{"taxonomy":"category","embeddable":true,"href":"https:\/\/lacerdaai.com\/br\/wp-json\/wp\/v2\/categories?post=3362"},{"taxonomy":"post_tag","embeddable":true,"href":"https:\/\/lacerdaai.com\/br\/wp-json\/wp\/v2\/tags?post=3362"}],"curies":[{"name":"wp","href":"https:\/\/api.w.org\/{rel}","templated":true}]}}