{"id":3383,"date":"2026-01-26T17:01:27","date_gmt":"2026-01-26T20:01:27","guid":{"rendered":"https:\/\/lacerdaai.com\/br\/poder-inimaginavel-e-o-teste-final-o-alerta-contundente-do-ceo-da-anthropic-sobre-o-futuro-da-ia\/"},"modified":"2026-01-26T17:01:28","modified_gmt":"2026-01-26T20:01:28","slug":"poder-inimaginavel-e-o-teste-final-o-alerta-contundente-do-ceo-da-anthropic-sobre-o-futuro-da-ia","status":"publish","type":"post","link":"https:\/\/lacerdaai.com\/br\/poder-inimaginavel-e-o-teste-final-o-alerta-contundente-do-ceo-da-anthropic-sobre-o-futuro-da-ia\/","title":{"rendered":"Poder Inimagin\u00e1vel e o Teste Final: O Alerta Contundente do CEO da Anthropic Sobre o Futuro da IA"},"content":{"rendered":"<p>Estamos vivendo um momento singular na hist\u00f3ria da humanidade. A Intelig\u00eancia Artificial (IA), antes relegada ao reino da fic\u00e7\u00e3o cient\u00edfica, agora \u00e9 uma realidade palp\u00e1vel, moldando nosso dia a dia de maneiras que poucos poderiam prever. De assistentes virtuais a carros aut\u00f4nomos, de descobertas cient\u00edficas revolucion\u00e1rias a novas formas de arte, a IA est\u00e1 redefinindo as fronteiras do que \u00e9 poss\u00edvel. Mas, por tr\u00e1s do brilho das inova\u00e7\u00f5es e do entusiasmo com as novas possibilidades, ecoa um alerta grave, um aviso que nos for\u00e7a a pausar e refletir.<\/p>\n<p>Dario Amodei, CEO da Anthropic \u2013 uma das empresas mais proeminentes no desenvolvimento de IA e focada em seguran\u00e7a \u2013, lan\u00e7ou uma advert\u00eancia contundente que ressoa nos corredores da inova\u00e7\u00e3o tecnol\u00f3gica: &#8220;A humanidade est\u00e1 prestes a receber um poder quase inimagin\u00e1vel.&#8221; Essa declara\u00e7\u00e3o, extra\u00edda de um cen\u00e1rio de r\u00e1pidas transforma\u00e7\u00f5es tecnol\u00f3gicas, n\u00e3o \u00e9 um mero exagero, mas sim um convite urgente para compreendermos que o **Impacto da Intelig\u00eancia Artificial** n\u00e3o apenas mudar\u00e1 o mundo, mas nos &#8220;testar\u00e1 como esp\u00e9cie&#8221;. Neste artigo, mergulharemos nas profundezas desse aviso, explorando o que significa possuir um poder t\u00e3o vasto, quais s\u00e3o os desafios existenciais que nos aguardam e como podemos, de forma proativa, navegar por essa nova era.<\/p>\n<p>### **Impacto da Intelig\u00eancia Artificial**: O Poder Inimagin\u00e1vel em Nossas M\u00e3os<\/p>\n<p>Quando Amodei fala em &#8220;poder quase inimagin\u00e1vel&#8221;, ele n\u00e3o est\u00e1 se referindo apenas \u00e0 capacidade de resolver problemas complexos ou automatizar tarefas rotineiras. Estamos testemunhando o surgimento de sistemas que exibem habilidades emergentes, muitas vezes surpreendentes at\u00e9 para seus criadores, em dom\u00ednios como racioc\u00ednio, criatividade e compreens\u00e3o de linguagem. Modelos de linguagem grandes (LLMs) como o GPT-4 da OpenAI, o Claude da pr\u00f3pria Anthropic, ou ferramentas de gera\u00e7\u00e3o de imagem como Midjourney e DALL-E, s\u00e3o apenas a ponta do iceberg. Eles demonstram uma capacidade de processar, sintetizar e gerar informa\u00e7\u00f5es que desafia nossa compreens\u00e3o tradicional de intelig\u00eancia. A IA j\u00e1 est\u00e1 acelerando a pesquisa cient\u00edfica, auxiliando na descoberta de novos materiais e medicamentos, otimizando cadeias de suprimentos globais e at\u00e9 mesmo compondo m\u00fasicas e escrevendo roteiros.<\/p>\n<p>Esse poder, no entanto, \u00e9 uma faca de dois gumes. Se, por um lado, ele promete solucionar alguns dos maiores desafios da humanidade \u2013 da cura de doen\u00e7as \u00e0 erradica\u00e7\u00e3o da pobreza e \u00e0 mitiga\u00e7\u00e3o das mudan\u00e7as clim\u00e1ticas \u2013, por outro, ele carrega consigo o potencial para riscos sem precedentes. A diferen\u00e7a fundamental entre a IA atual e as tecnologias anteriores reside em sua autonomia e adaptabilidade. Ao contr\u00e1rio de uma m\u00e1quina que apenas executa instru\u00e7\u00f5es programadas, a IA moderna pode aprender, evoluir e tomar decis\u00f5es, muitas vezes sem a necessidade de interven\u00e7\u00e3o humana constante. Isso nos leva a uma quest\u00e3o crucial: estamos realmente preparados para exercer controle sobre algo que pode superar nossa pr\u00f3pria intelig\u00eancia e capacidade de compreens\u00e3o? \u00c9 essa magnitude e a natureza multifacetada do **Impacto da Intelig\u00eancia Artificial** que nos for\u00e7am a reavaliar nossa posi\u00e7\u00e3o como esp\u00e9cie dominante e a reconsiderar as estruturas de governan\u00e7a e \u00e9tica que nos guiaram at\u00e9 agora.<\/p>\n<p>### O Grande Teste para a Humanidade: Desafios \u00c9ticos, Sociais e Existenciais<\/p>\n<p>O alerta de Amodei sobre a IA nos &#8220;testar como esp\u00e9cie&#8221; n\u00e3o \u00e9 alarmismo, mas sim uma proje\u00e7\u00e3o s\u00f3bria das profundas transforma\u00e7\u00f5es que j\u00e1 come\u00e7aram a se desenrolar. O teste se manifesta em m\u00faltiplas frentes. Em primeiro lugar, h\u00e1 os desafios \u00e9ticos. A IA pode perpetuar e at\u00e9 amplificar vieses humanos presentes nos dados de treinamento, resultando em discrimina\u00e7\u00e3o em sistemas de contrata\u00e7\u00e3o, justi\u00e7a criminal ou concess\u00e3o de cr\u00e9dito. A privacidade est\u00e1 sob constante amea\u00e7a \u00e0 medida que a IA aprimora a vigil\u00e2ncia e a an\u00e1lise de dados pessoais. A prolifera\u00e7\u00e3o de *deepfakes* e a capacidade de gerar desinforma\u00e7\u00e3o em massa podem corroer a confian\u00e7a p\u00fablica e desestabilizar democracias. Al\u00e9m disso, a \u00e9tica da guerra aut\u00f4noma, onde decis\u00f5es de vida ou morte s\u00e3o tomadas por m\u00e1quinas, levanta quest\u00f5es morais e legais complexas para as quais ainda n\u00e3o temos respostas claras.<\/p>\n<p>Em segundo lugar, os desafios sociais e econ\u00f4micos s\u00e3o imensos. A automa\u00e7\u00e3o impulsionada pela IA promete aumentar a produtividade, mas tamb\u00e9m pode levar ao deslocamento massivo de empregos, n\u00e3o apenas em setores de trabalho manual, mas tamb\u00e9m em profiss\u00f5es que exigem habilidades cognitivas, como reda\u00e7\u00e3o, design e programa\u00e7\u00e3o. Isso pode exacerbar a desigualdade econ\u00f4mica e social, criando uma clivagem entre aqueles que se beneficiam da IA e aqueles que s\u00e3o marginalizados por ela. A concentra\u00e7\u00e3o de poder nas m\u00e3os de poucas empresas e governos com acesso a tecnologias de IA avan\u00e7adas pode gerar novas formas de controle e domina\u00e7\u00e3o. A velocidade da disrup\u00e7\u00e3o social do **Impacto da Intelig\u00eancia Artificial** \u00e9 um fator cr\u00edtico, pois as sociedades e as institui\u00e7\u00f5es pol\u00edticas s\u00e3o notoriamente lentas para se adaptar a mudan\u00e7as t\u00e3o r\u00e1pidas.<\/p>\n<p>Por fim, e talvez o mais preocupante, est\u00e3o os desafios existenciais. Essa \u00e9 a ess\u00eancia do que Amodei e outros especialistas em seguran\u00e7a de IA, como Geoffrey Hinton e Yoshua Bengio, chamam de &#8220;problema de alinhamento&#8221;. Como garantimos que uma intelig\u00eancia muito superior \u00e0 nossa opere em conson\u00e2ncia com os valores e objetivos humanos? Uma IA superinteligente, mesmo que programada com boas inten\u00e7\u00f5es, pode interpretar seus objetivos de maneiras inesperadas e perigosas, como no famoso exemplo do &#8220;otimizador de clipes de papel&#8221; que consome todos os recursos do planeta para maximizar sua produ\u00e7\u00e3o, sem considerar outras prioridades humanas. A perda de controle, a subjuga\u00e7\u00e3o da ag\u00eancia humana e cen\u00e1rios de riscos catastr\u00f3ficos n\u00e3o s\u00e3o mais apenas enredos de fic\u00e7\u00e3o cient\u00edfica, mas t\u00f3picos de pesquisa s\u00e9ria para institui\u00e7\u00f5es como a Anthropic, que buscam desenvolver m\u00e9todos para garantir que a IA seja &#8220;\u00fatil, inofensiva e honesta&#8221;. Esse \u00e9, de fato, o teste definitivo para nossa sabedoria, nossa capacidade de colabora\u00e7\u00e3o e nossa pr\u00f3pria defini\u00e7\u00e3o de humanidade.<\/p>\n<p>### Navegando a Tempestade: Construindo um Futuro de IA Respons\u00e1vel<\/p>\n<p>Diante de um cen\u00e1rio t\u00e3o complexo, a quest\u00e3o fundamental se torna: como podemos mitigar os riscos do **Impacto da Intelig\u00eancia Artificial** e colher seus benef\u00edcios de forma respons\u00e1vel? A resposta reside em uma abordagem multifacetada que envolve governos, empresas de tecnologia, academia e a sociedade civil. Primeiramente, \u00e9 imperativo investir massivamente em pesquisa de seguran\u00e7a e alinhamento da IA. Empresas como a Anthropic j\u00e1 lideram esse esfor\u00e7o com abordagens como a &#8220;Constitutional AI&#8221;, que treina modelos para seguir um conjunto de princ\u00edpios \u00e9ticos, mas \u00e9 um campo que necessita de mais recursos e talentos. Precisamos de m\u00e9todos robustos para auditar sistemas de IA, torn\u00e1-los mais explic\u00e1veis (XAI \u2013 Explainable AI) e garantir que sejam transparentes em suas opera\u00e7\u00f5es.<\/p>\n<p>Em segundo lugar, a governan\u00e7a global da IA \u00e9 crucial. N\u00e3o \u00e9 uma quest\u00e3o que um \u00fanico pa\u00eds ou empresa possa resolver. \u00c9 necess\u00e1rio um di\u00e1logo internacional robusto para estabelecer normas, padr\u00f5es \u00e9ticos e talvez at\u00e9 tratados que regulem o desenvolvimento e o uso de IA avan\u00e7ada. Organiza\u00e7\u00f5es como a UNESCO j\u00e1 est\u00e3o em movimento com suas recomenda\u00e7\u00f5es sobre a \u00e9tica da IA, mas precisamos de mecanismos de implementa\u00e7\u00e3o mais eficazes e de consenso internacional. Al\u00e9m disso, a regula\u00e7\u00e3o deve ser \u00e1gil o suficiente para acompanhar o ritmo da inova\u00e7\u00e3o tecnol\u00f3gica, sem sufoc\u00e1-la, mas garantindo que o desenvolvimento ocorra dentro de limites seguros.<\/p>\n<p>Por fim, a educa\u00e7\u00e3o e a conscientiza\u00e7\u00e3o p\u00fablica s\u00e3o vitais. Precisamos capacitar as pessoas para entender o **Impacto da Intelig\u00eancia Artificial** em suas vidas, desenvolver pensamento cr\u00edtico em rela\u00e7\u00e3o \u00e0s informa\u00e7\u00f5es geradas por IA e participar ativamente do debate sobre seu futuro. A IA n\u00e3o \u00e9 uma for\u00e7a incontrol\u00e1vel; \u00e9 uma ferramenta poderosa que reflete as escolhas de seus criadores e usu\u00e1rios. Ao promover a alfabetiza\u00e7\u00e3o digital e \u00e9tica, podemos garantir que a sociedade esteja equipada para moldar a IA, em vez de ser passivamente moldada por ela. A colabora\u00e7\u00e3o entre humanos e IA, onde a m\u00e1quina amplia as capacidades humanas em vez de substitu\u00ed-las, deve ser o objetivo final, preservando a ag\u00eancia e os valores humanos.<\/p>\n<p>A advert\u00eancia de Dario Amodei n\u00e3o \u00e9 um chamado ao p\u00e2nico, mas sim um apelo \u00e0 responsabilidade e \u00e0 a\u00e7\u00e3o. O poder que a humanidade est\u00e1 prestes a manejar com a Intelig\u00eancia Artificial \u00e9, de fato, inimagin\u00e1vel, e com ele vem uma responsabilidade proporcional. O teste que a IA nos imp\u00f5e n\u00e3o \u00e9 apenas tecnol\u00f3gico, mas fundamentalmente humano, desafiando nossa \u00e9tica, nossa capacidade de colabora\u00e7\u00e3o e nossa vis\u00e3o para o futuro. Superar esse teste exigir\u00e1 sabedoria, humildade e um compromisso inabal\u00e1vel com o bem-estar coletivo.<\/p>\n<p>\u00c9 nossa prerrogativa e dever coletivo garantir que a era da **Intelig\u00eancia Artificial** seja marcada pela prosperidade e pelo avan\u00e7o humano, e n\u00e3o pela ru\u00edna. Ao enfrentarmos esses desafios de frente, com proatividade e um profundo senso de prop\u00f3sito, podemos guiar o desenvolvimento da IA de forma que ela sirva \u00e0 humanidade, nos elevando a novos patamares de exist\u00eancia, sem comprometer os valores que nos definem como esp\u00e9cie. O futuro n\u00e3o est\u00e1 escrito; est\u00e1 sendo constru\u00eddo agora, com cada decis\u00e3o que tomamos sobre como usar esse poder inimagin\u00e1vel.<\/p>\n","protected":false},"excerpt":{"rendered":"<p>Estamos vivendo um momento singular na hist\u00f3ria da humanidade. A Intelig\u00eancia Artificial (IA), antes relegada ao reino da fic\u00e7\u00e3o cient\u00edfica, agora \u00e9 uma realidade palp\u00e1vel, moldando nosso dia a dia de maneiras que poucos poderiam prever. De assistentes virtuais a carros aut\u00f4nomos, de descobertas cient\u00edficas revolucion\u00e1rias a novas formas de arte, a IA est\u00e1 redefinindo [&hellip;]<\/p>\n","protected":false},"author":1,"featured_media":3382,"comment_status":"open","ping_status":"open","sticky":false,"template":"","format":"standard","meta":{"_yoast_wpseo_focuskw":"Impacto da Intelig\u00eancia Artificial","_yoast_wpseo_metadesc":"Explore o aviso cr\u00edtico de Dario Amodei, CEO da Anthropic, sobre como o Impacto da Intelig\u00eancia Artificial representar\u00e1 um teste sem precedentes para a humanidade. Uma an\u00e1lise profunda dos desafios \u00e9ticos, sociais e existenciais que nos aguardam.","footnotes":""},"categories":[2],"tags":[],"class_list":["post-3383","post","type-post","status-publish","format-standard","has-post-thumbnail","hentry","category-novidades"],"yoast_head":"<!-- This site is optimized with the Yoast SEO plugin v25.6 - https:\/\/yoast.com\/wordpress\/plugins\/seo\/ -->\n<title>Poder Inimagin\u00e1vel e o Teste Final: O Alerta Contundente do CEO da Anthropic Sobre o Futuro da IA - Lacerda AI<\/title>\n<meta name=\"description\" content=\"Explore o aviso cr\u00edtico de Dario Amodei, CEO da Anthropic, sobre como o Impacto da Intelig\u00eancia Artificial representar\u00e1 um teste sem precedentes para a humanidade. Uma an\u00e1lise profunda dos desafios \u00e9ticos, sociais e existenciais que nos aguardam.\" \/>\n<meta name=\"robots\" content=\"index, follow, max-snippet:-1, max-image-preview:large, max-video-preview:-1\" \/>\n<link rel=\"canonical\" href=\"https:\/\/lacerdaai.com\/br\/poder-inimaginavel-e-o-teste-final-o-alerta-contundente-do-ceo-da-anthropic-sobre-o-futuro-da-ia\/\" \/>\n<meta property=\"og:locale\" content=\"pt_BR\" \/>\n<meta property=\"og:type\" content=\"article\" \/>\n<meta property=\"og:title\" content=\"Poder Inimagin\u00e1vel e o Teste Final: O Alerta Contundente do CEO da Anthropic Sobre o Futuro da IA - Lacerda AI\" \/>\n<meta property=\"og:description\" content=\"Explore o aviso cr\u00edtico de Dario Amodei, CEO da Anthropic, sobre como o Impacto da Intelig\u00eancia Artificial representar\u00e1 um teste sem precedentes para a humanidade. Uma an\u00e1lise profunda dos desafios \u00e9ticos, sociais e existenciais que nos aguardam.\" \/>\n<meta property=\"og:url\" content=\"https:\/\/lacerdaai.com\/br\/poder-inimaginavel-e-o-teste-final-o-alerta-contundente-do-ceo-da-anthropic-sobre-o-futuro-da-ia\/\" \/>\n<meta property=\"og:site_name\" content=\"Lacerda AI\" \/>\n<meta property=\"article:published_time\" content=\"2026-01-26T20:01:27+00:00\" \/>\n<meta property=\"article:modified_time\" content=\"2026-01-26T20:01:28+00:00\" \/>\n<meta name=\"author\" content=\"Andr\u00e9 Lacerda\" \/>\n<meta name=\"twitter:card\" content=\"summary_large_image\" \/>\n<meta name=\"twitter:label1\" content=\"Escrito por\" \/>\n\t<meta name=\"twitter:data1\" content=\"Andr\u00e9 Lacerda\" \/>\n\t<meta name=\"twitter:label2\" content=\"Est. tempo de leitura\" \/>\n\t<meta name=\"twitter:data2\" content=\"8 minutos\" \/>\n<script type=\"application\/ld+json\" class=\"yoast-schema-graph\">{\"@context\":\"https:\/\/schema.org\",\"@graph\":[{\"@type\":\"WebPage\",\"@id\":\"https:\/\/lacerdaai.com\/br\/poder-inimaginavel-e-o-teste-final-o-alerta-contundente-do-ceo-da-anthropic-sobre-o-futuro-da-ia\/\",\"url\":\"https:\/\/lacerdaai.com\/br\/poder-inimaginavel-e-o-teste-final-o-alerta-contundente-do-ceo-da-anthropic-sobre-o-futuro-da-ia\/\",\"name\":\"Poder Inimagin\u00e1vel e o Teste Final: O Alerta Contundente do CEO da Anthropic Sobre o Futuro da IA - Lacerda AI\",\"isPartOf\":{\"@id\":\"https:\/\/lacerdaai.com\/br\/#website\"},\"primaryImageOfPage\":{\"@id\":\"https:\/\/lacerdaai.com\/br\/poder-inimaginavel-e-o-teste-final-o-alerta-contundente-do-ceo-da-anthropic-sobre-o-futuro-da-ia\/#primaryimage\"},\"image\":{\"@id\":\"https:\/\/lacerdaai.com\/br\/poder-inimaginavel-e-o-teste-final-o-alerta-contundente-do-ceo-da-anthropic-sobre-o-futuro-da-ia\/#primaryimage\"},\"thumbnailUrl\":\"https:\/\/lacerdaai.com\/br\/wp-content\/uploads\/2026\/01\/imagem-98.jpg\",\"datePublished\":\"2026-01-26T20:01:27+00:00\",\"dateModified\":\"2026-01-26T20:01:28+00:00\",\"author\":{\"@id\":\"https:\/\/lacerdaai.com\/br\/#\/schema\/person\/8bad803c2e83a0c5c5c75e02a1c2248f\"},\"description\":\"Explore o aviso cr\u00edtico de Dario Amodei, CEO da Anthropic, sobre como o Impacto da Intelig\u00eancia Artificial representar\u00e1 um teste sem precedentes para a humanidade. Uma an\u00e1lise profunda dos desafios \u00e9ticos, sociais e existenciais que nos aguardam.\",\"breadcrumb\":{\"@id\":\"https:\/\/lacerdaai.com\/br\/poder-inimaginavel-e-o-teste-final-o-alerta-contundente-do-ceo-da-anthropic-sobre-o-futuro-da-ia\/#breadcrumb\"},\"inLanguage\":\"pt-BR\",\"potentialAction\":[{\"@type\":\"ReadAction\",\"target\":[\"https:\/\/lacerdaai.com\/br\/poder-inimaginavel-e-o-teste-final-o-alerta-contundente-do-ceo-da-anthropic-sobre-o-futuro-da-ia\/\"]}]},{\"@type\":\"ImageObject\",\"inLanguage\":\"pt-BR\",\"@id\":\"https:\/\/lacerdaai.com\/br\/poder-inimaginavel-e-o-teste-final-o-alerta-contundente-do-ceo-da-anthropic-sobre-o-futuro-da-ia\/#primaryimage\",\"url\":\"https:\/\/lacerdaai.com\/br\/wp-content\/uploads\/2026\/01\/imagem-98.jpg\",\"contentUrl\":\"https:\/\/lacerdaai.com\/br\/wp-content\/uploads\/2026\/01\/imagem-98.jpg\",\"width\":1366,\"height\":768},{\"@type\":\"BreadcrumbList\",\"@id\":\"https:\/\/lacerdaai.com\/br\/poder-inimaginavel-e-o-teste-final-o-alerta-contundente-do-ceo-da-anthropic-sobre-o-futuro-da-ia\/#breadcrumb\",\"itemListElement\":[{\"@type\":\"ListItem\",\"position\":1,\"name\":\"In\u00edcio\",\"item\":\"https:\/\/lacerdaai.com\/br\/\"},{\"@type\":\"ListItem\",\"position\":2,\"name\":\"Poder Inimagin\u00e1vel e o Teste Final: O Alerta Contundente do CEO da Anthropic Sobre o Futuro da IA\"}]},{\"@type\":\"WebSite\",\"@id\":\"https:\/\/lacerdaai.com\/br\/#website\",\"url\":\"https:\/\/lacerdaai.com\/br\/\",\"name\":\"Lacerda AI\",\"description\":\"Seu blog di\u00e1rio de novidades do mundo da Inteligencia Artificial\",\"potentialAction\":[{\"@type\":\"SearchAction\",\"target\":{\"@type\":\"EntryPoint\",\"urlTemplate\":\"https:\/\/lacerdaai.com\/br\/?s={search_term_string}\"},\"query-input\":{\"@type\":\"PropertyValueSpecification\",\"valueRequired\":true,\"valueName\":\"search_term_string\"}}],\"inLanguage\":\"pt-BR\"},{\"@type\":\"Person\",\"@id\":\"https:\/\/lacerdaai.com\/br\/#\/schema\/person\/8bad803c2e83a0c5c5c75e02a1c2248f\",\"name\":\"Andr\u00e9 Lacerda\",\"image\":{\"@type\":\"ImageObject\",\"inLanguage\":\"pt-BR\",\"@id\":\"https:\/\/lacerdaai.com\/br\/#\/schema\/person\/image\/\",\"url\":\"https:\/\/secure.gravatar.com\/avatar\/f5c1fa5ad9763f54c1f223c3fc91f131da6288c9f9e28d74bb3c355ad99af205?s=96&d=mm&r=g\",\"contentUrl\":\"https:\/\/secure.gravatar.com\/avatar\/f5c1fa5ad9763f54c1f223c3fc91f131da6288c9f9e28d74bb3c355ad99af205?s=96&d=mm&r=g\",\"caption\":\"Andr\u00e9 Lacerda\"},\"description\":\"Sou o Andr\u00e9 Lacerda, tenho 35 anos e sou apaixonado por tecnologia, intelig\u00eancia artificial e boas hist\u00f3rias. Me formei em Tecnologia e Jornalismo \u2014 sim, uma mistura meio improv\u00e1vel, mas que combina muito comigo. J\u00e1 morei no Canad\u00e1 e na Espanha, e essas experi\u00eancias me ajudaram a enxergar a inova\u00e7\u00e3o com um olhar mais global (e a me virar bem em tr\u00eas idiomas \ud83d\ude04). Trabalhei em algumas das maiores empresas de tecnologia do mercado e, hoje, atuo como consultor ajudando neg\u00f3cios a entenderem e aplicarem IA de forma pr\u00e1tica, estrat\u00e9gica e humana. Gosto de traduzir o complexo em algo simples \u2014 e \u00e9 isso que voc\u00ea vai encontrar por aqui.\",\"sameAs\":[\"http:\/\/lacerdaai.com\/br\"],\"url\":\"https:\/\/lacerdaai.com\/br\/author\/red-admin\/\"}]}<\/script>\n<!-- \/ Yoast SEO plugin. -->","yoast_head_json":{"title":"Poder Inimagin\u00e1vel e o Teste Final: O Alerta Contundente do CEO da Anthropic Sobre o Futuro da IA - Lacerda AI","description":"Explore o aviso cr\u00edtico de Dario Amodei, CEO da Anthropic, sobre como o Impacto da Intelig\u00eancia Artificial representar\u00e1 um teste sem precedentes para a humanidade. Uma an\u00e1lise profunda dos desafios \u00e9ticos, sociais e existenciais que nos aguardam.","robots":{"index":"index","follow":"follow","max-snippet":"max-snippet:-1","max-image-preview":"max-image-preview:large","max-video-preview":"max-video-preview:-1"},"canonical":"https:\/\/lacerdaai.com\/br\/poder-inimaginavel-e-o-teste-final-o-alerta-contundente-do-ceo-da-anthropic-sobre-o-futuro-da-ia\/","og_locale":"pt_BR","og_type":"article","og_title":"Poder Inimagin\u00e1vel e o Teste Final: O Alerta Contundente do CEO da Anthropic Sobre o Futuro da IA - Lacerda AI","og_description":"Explore o aviso cr\u00edtico de Dario Amodei, CEO da Anthropic, sobre como o Impacto da Intelig\u00eancia Artificial representar\u00e1 um teste sem precedentes para a humanidade. Uma an\u00e1lise profunda dos desafios \u00e9ticos, sociais e existenciais que nos aguardam.","og_url":"https:\/\/lacerdaai.com\/br\/poder-inimaginavel-e-o-teste-final-o-alerta-contundente-do-ceo-da-anthropic-sobre-o-futuro-da-ia\/","og_site_name":"Lacerda AI","article_published_time":"2026-01-26T20:01:27+00:00","article_modified_time":"2026-01-26T20:01:28+00:00","author":"Andr\u00e9 Lacerda","twitter_card":"summary_large_image","twitter_misc":{"Escrito por":"Andr\u00e9 Lacerda","Est. tempo de leitura":"8 minutos"},"schema":{"@context":"https:\/\/schema.org","@graph":[{"@type":"WebPage","@id":"https:\/\/lacerdaai.com\/br\/poder-inimaginavel-e-o-teste-final-o-alerta-contundente-do-ceo-da-anthropic-sobre-o-futuro-da-ia\/","url":"https:\/\/lacerdaai.com\/br\/poder-inimaginavel-e-o-teste-final-o-alerta-contundente-do-ceo-da-anthropic-sobre-o-futuro-da-ia\/","name":"Poder Inimagin\u00e1vel e o Teste Final: O Alerta Contundente do CEO da Anthropic Sobre o Futuro da IA - Lacerda AI","isPartOf":{"@id":"https:\/\/lacerdaai.com\/br\/#website"},"primaryImageOfPage":{"@id":"https:\/\/lacerdaai.com\/br\/poder-inimaginavel-e-o-teste-final-o-alerta-contundente-do-ceo-da-anthropic-sobre-o-futuro-da-ia\/#primaryimage"},"image":{"@id":"https:\/\/lacerdaai.com\/br\/poder-inimaginavel-e-o-teste-final-o-alerta-contundente-do-ceo-da-anthropic-sobre-o-futuro-da-ia\/#primaryimage"},"thumbnailUrl":"https:\/\/lacerdaai.com\/br\/wp-content\/uploads\/2026\/01\/imagem-98.jpg","datePublished":"2026-01-26T20:01:27+00:00","dateModified":"2026-01-26T20:01:28+00:00","author":{"@id":"https:\/\/lacerdaai.com\/br\/#\/schema\/person\/8bad803c2e83a0c5c5c75e02a1c2248f"},"description":"Explore o aviso cr\u00edtico de Dario Amodei, CEO da Anthropic, sobre como o Impacto da Intelig\u00eancia Artificial representar\u00e1 um teste sem precedentes para a humanidade. Uma an\u00e1lise profunda dos desafios \u00e9ticos, sociais e existenciais que nos aguardam.","breadcrumb":{"@id":"https:\/\/lacerdaai.com\/br\/poder-inimaginavel-e-o-teste-final-o-alerta-contundente-do-ceo-da-anthropic-sobre-o-futuro-da-ia\/#breadcrumb"},"inLanguage":"pt-BR","potentialAction":[{"@type":"ReadAction","target":["https:\/\/lacerdaai.com\/br\/poder-inimaginavel-e-o-teste-final-o-alerta-contundente-do-ceo-da-anthropic-sobre-o-futuro-da-ia\/"]}]},{"@type":"ImageObject","inLanguage":"pt-BR","@id":"https:\/\/lacerdaai.com\/br\/poder-inimaginavel-e-o-teste-final-o-alerta-contundente-do-ceo-da-anthropic-sobre-o-futuro-da-ia\/#primaryimage","url":"https:\/\/lacerdaai.com\/br\/wp-content\/uploads\/2026\/01\/imagem-98.jpg","contentUrl":"https:\/\/lacerdaai.com\/br\/wp-content\/uploads\/2026\/01\/imagem-98.jpg","width":1366,"height":768},{"@type":"BreadcrumbList","@id":"https:\/\/lacerdaai.com\/br\/poder-inimaginavel-e-o-teste-final-o-alerta-contundente-do-ceo-da-anthropic-sobre-o-futuro-da-ia\/#breadcrumb","itemListElement":[{"@type":"ListItem","position":1,"name":"In\u00edcio","item":"https:\/\/lacerdaai.com\/br\/"},{"@type":"ListItem","position":2,"name":"Poder Inimagin\u00e1vel e o Teste Final: O Alerta Contundente do CEO da Anthropic Sobre o Futuro da IA"}]},{"@type":"WebSite","@id":"https:\/\/lacerdaai.com\/br\/#website","url":"https:\/\/lacerdaai.com\/br\/","name":"Lacerda AI","description":"Seu blog di\u00e1rio de novidades do mundo da Inteligencia Artificial","potentialAction":[{"@type":"SearchAction","target":{"@type":"EntryPoint","urlTemplate":"https:\/\/lacerdaai.com\/br\/?s={search_term_string}"},"query-input":{"@type":"PropertyValueSpecification","valueRequired":true,"valueName":"search_term_string"}}],"inLanguage":"pt-BR"},{"@type":"Person","@id":"https:\/\/lacerdaai.com\/br\/#\/schema\/person\/8bad803c2e83a0c5c5c75e02a1c2248f","name":"Andr\u00e9 Lacerda","image":{"@type":"ImageObject","inLanguage":"pt-BR","@id":"https:\/\/lacerdaai.com\/br\/#\/schema\/person\/image\/","url":"https:\/\/secure.gravatar.com\/avatar\/f5c1fa5ad9763f54c1f223c3fc91f131da6288c9f9e28d74bb3c355ad99af205?s=96&d=mm&r=g","contentUrl":"https:\/\/secure.gravatar.com\/avatar\/f5c1fa5ad9763f54c1f223c3fc91f131da6288c9f9e28d74bb3c355ad99af205?s=96&d=mm&r=g","caption":"Andr\u00e9 Lacerda"},"description":"Sou o Andr\u00e9 Lacerda, tenho 35 anos e sou apaixonado por tecnologia, intelig\u00eancia artificial e boas hist\u00f3rias. Me formei em Tecnologia e Jornalismo \u2014 sim, uma mistura meio improv\u00e1vel, mas que combina muito comigo. J\u00e1 morei no Canad\u00e1 e na Espanha, e essas experi\u00eancias me ajudaram a enxergar a inova\u00e7\u00e3o com um olhar mais global (e a me virar bem em tr\u00eas idiomas \ud83d\ude04). Trabalhei em algumas das maiores empresas de tecnologia do mercado e, hoje, atuo como consultor ajudando neg\u00f3cios a entenderem e aplicarem IA de forma pr\u00e1tica, estrat\u00e9gica e humana. Gosto de traduzir o complexo em algo simples \u2014 e \u00e9 isso que voc\u00ea vai encontrar por aqui.","sameAs":["http:\/\/lacerdaai.com\/br"],"url":"https:\/\/lacerdaai.com\/br\/author\/red-admin\/"}]}},"_links":{"self":[{"href":"https:\/\/lacerdaai.com\/br\/wp-json\/wp\/v2\/posts\/3383","targetHints":{"allow":["GET"]}}],"collection":[{"href":"https:\/\/lacerdaai.com\/br\/wp-json\/wp\/v2\/posts"}],"about":[{"href":"https:\/\/lacerdaai.com\/br\/wp-json\/wp\/v2\/types\/post"}],"author":[{"embeddable":true,"href":"https:\/\/lacerdaai.com\/br\/wp-json\/wp\/v2\/users\/1"}],"replies":[{"embeddable":true,"href":"https:\/\/lacerdaai.com\/br\/wp-json\/wp\/v2\/comments?post=3383"}],"version-history":[{"count":1,"href":"https:\/\/lacerdaai.com\/br\/wp-json\/wp\/v2\/posts\/3383\/revisions"}],"predecessor-version":[{"id":3384,"href":"https:\/\/lacerdaai.com\/br\/wp-json\/wp\/v2\/posts\/3383\/revisions\/3384"}],"wp:featuredmedia":[{"embeddable":true,"href":"https:\/\/lacerdaai.com\/br\/wp-json\/wp\/v2\/media\/3382"}],"wp:attachment":[{"href":"https:\/\/lacerdaai.com\/br\/wp-json\/wp\/v2\/media?parent=3383"}],"wp:term":[{"taxonomy":"category","embeddable":true,"href":"https:\/\/lacerdaai.com\/br\/wp-json\/wp\/v2\/categories?post=3383"},{"taxonomy":"post_tag","embeddable":true,"href":"https:\/\/lacerdaai.com\/br\/wp-json\/wp\/v2\/tags?post=3383"}],"curies":[{"name":"wp","href":"https:\/\/api.w.org\/{rel}","templated":true}]}}