{"id":3386,"date":"2026-01-26T21:01:32","date_gmt":"2026-01-27T00:01:32","guid":{"rendered":"https:\/\/lacerdaai.com\/br\/o-alerta-profundo-como-a-inteligencia-artificial-testara-a-humanidade\/"},"modified":"2026-01-26T21:01:33","modified_gmt":"2026-01-27T00:01:33","slug":"o-alerta-profundo-como-a-inteligencia-artificial-testara-a-humanidade","status":"publish","type":"post","link":"https:\/\/lacerdaai.com\/br\/o-alerta-profundo-como-a-inteligencia-artificial-testara-a-humanidade\/","title":{"rendered":"O Alerta Profundo: Como a Intelig\u00eancia Artificial Testar\u00e1 a Humanidade"},"content":{"rendered":"<p>No limiar de uma nova era, a humanidade se encontra \u00e0 beira de uma transforma\u00e7\u00e3o sem precedentes. N\u00e3o \u00e9 uma utopia distante, nem uma distopia iminente, mas sim a concretiza\u00e7\u00e3o de um poder que, at\u00e9 pouco tempo atr\u00e1s, habitava apenas o reino da fic\u00e7\u00e3o cient\u00edfica. Este \u00e9 o poder da intelig\u00eancia artificial, uma for\u00e7a catal\u00edtica que promete redefinir os contornos de nossa exist\u00eancia. Dario Amodei, CEO da Anthropic \u2013 uma das empresas l\u00edderes na pesquisa e desenvolvimento de IA de ponta \u2013, ecoou um alerta profundo que ressoa nos corredores da tecnologia e al\u00e9m: \u201cA humanidade est\u00e1 prestes a receber um poder quase inimagin\u00e1vel.\u201d Sua advert\u00eancia n\u00e3o se limita a um vislumbre otimista ou pessimista, mas sim \u00e0 percep\u00e7\u00e3o de que essa ferramenta colossal inevitavelmente \u201cnos testar\u00e1 como esp\u00e9cie\u201d.<\/p>\n<p>Estamos falando de uma revolu\u00e7\u00e3o que vai al\u00e9m da automa\u00e7\u00e3o de tarefas ou da otimiza\u00e7\u00e3o de processos. A IA est\u00e1 evoluindo a um ritmo vertiginoso, e com ela, a capacidade de influenciar decis\u00f5es em escala global, de desvendar mist\u00e9rios cient\u00edficos complexos, de criar arte e de moldar percep\u00e7\u00f5es. Como navegaremos por essa nova paisagem? Quais ser\u00e3o os par\u00e2metros \u00e9ticos e morais que nos guiar\u00e3o? E, mais importante, estaremos prontos para enfrentar os desafios existenciais que o <strong>futuro da intelig\u00eancia artificial<\/strong> nos reserva? Este artigo mergulha fundo nessa reflex\u00e3o, explorando a magnitude desse poder, as provas que teremos de superar e os caminhos que podemos tra\u00e7ar para um amanh\u00e3 mais respons\u00e1vel e equitativo.<\/p>\n<p>### <strong>Futuro da Intelig\u00eancia Artificial<\/strong>: O Poder que Redefine a Exist\u00eancia Humana<\/p>\n<p>Quando Amodei fala em \u201cpoder inimagin\u00e1vel\u201d, ele n\u00e3o est\u00e1 exagerando. A intelig\u00eancia artificial, especialmente os modelos de linguagem grande (LLMs) e as IAs generativas que testemunhamos nos \u00faltimos anos, demonstrou uma capacidade surpreendente de processar, analisar e sintetizar informa\u00e7\u00f5es em volumes e velocidades que superam em muito as capacidades humanas. Pense na forma como a IA est\u00e1 acelerando a descoberta de novos medicamentos, otimizando cadeias de suprimentos globais, personalizando a educa\u00e7\u00e3o e at\u00e9 mesmo auxiliando na pesquisa clim\u00e1tica. O seu potencial para resolver problemas complexos e impulsionar o progresso humano \u00e9, de fato, colossal.<\/p>\n<p>Esse poder se manifesta em m\u00faltiplas dimens\u00f5es. No campo cient\u00edfico, a IA pode analisar petabytes de dados gen\u00f4micos para identificar padr\u00f5es de doen\u00e7as, ou simular o comportamento de mol\u00e9culas para projetar novos materiais com propriedades in\u00e9ditas. Na medicina, diagn\u00f3sticos mais precisos e tratamentos personalizados tornam-se uma realidade cada vez mais pr\u00f3xima. No setor criativo, ferramentas de IA generativa s\u00e3o capazes de compor m\u00fasicas, escrever roteiros e criar obras de arte que desafiam a nossa pr\u00f3pria compreens\u00e3o de autoria e criatividade. No ambiente corporativo, a IA aprimora a tomada de decis\u00f5es, automatiza tarefas repetitivas e otimiza a intera\u00e7\u00e3o com clientes, liberando o potencial humano para fun\u00e7\u00f5es mais estrat\u00e9gicas e inovadoras.<\/p>\n<p>No entanto, a beleza desse poder reside tamb\u00e9m na sua ambiguidade. A capacidade de criar e otimizar em tal escala pode ser usada para o bem ou para o mal. A mesma IA que pode sintetizar um novo antibi\u00f3tico, pode tamb\u00e9m ser usada para criar armas biol\u00f3gicas. A mesma ferramenta que personaliza a educa\u00e7\u00e3o, pode tamb\u00e9m ser usada para disseminar desinforma\u00e7\u00e3o em massa ou para manipular elei\u00e7\u00f5es. O cerne da quest\u00e3o \u00e9 que a IA n\u00e3o \u00e9 apenas uma ferramenta; ela \u00e9 um catalisador para a mudan\u00e7a em uma escala que desafia nossa imagina\u00e7\u00e3o e nossa capacidade de controle. A velocidade com que a intelig\u00eancia artificial se desenvolve, e a sua crescente autonomia, nos for\u00e7am a questionar se estamos construindo algo que podemos verdadeiramente compreender e governar. O <strong>futuro da intelig\u00eancia artificial<\/strong> \u00e9, portanto, um campo f\u00e9rtil tanto para a esperan\u00e7a quanto para a preocupa\u00e7\u00e3o, exigindo um n\u00edvel de responsabilidade e antecipa\u00e7\u00e3o que a humanidade nunca antes precisou exercer.<\/p>\n<p>### Os Desafios Inadi\u00e1veis: Como a IA Nos Colocar\u00e1 \u00e0 Prova<\/p>\n<p>A advert\u00eancia de Amodei sobre a IA nos \u201ctestar como esp\u00e9cie\u201d toca em um ponto crucial: a intelig\u00eancia artificial n\u00e3o \u00e9 apenas uma ferramenta tecnol\u00f3gica, mas um fen\u00f4meno que interpela nossas estruturas sociais, \u00e9ticas, econ\u00f4micas e at\u00e9 mesmo nossa pr\u00f3pria identidade. Os desafios que se apresentam s\u00e3o multifacetados e exigem uma abordagem colaborativa e proativa.<\/p>\n<p>Um dos testes mais evidentes reside na **\u00e9tica e moralidade**. Como garantimos que os algoritmos de IA sejam justos e imparciais? Quest\u00f5es de vi\u00e9s algor\u00edtmico j\u00e1 s\u00e3o amplamente discutidas, revelando como preconceitos presentes nos dados de treinamento podem ser amplificados e perpetuados por sistemas de IA, afetando desde processos de contrata\u00e7\u00e3o at\u00e9 decis\u00f5es judiciais. A responsabilidade por a\u00e7\u00f5es de uma IA aut\u00f4noma e a defini\u00e7\u00e3o de quem \u00e9 culpado em caso de erro s\u00e3o dilemas que exigem novas estruturas legais e filos\u00f3ficas. A chamada \u201c\u00e9tica da IA\u201d n\u00e3o \u00e9 um luxo, mas uma necessidade fundamental para evitar que a tecnologia reproduza ou intensifique desigualdades e injusti\u00e7as.<\/p>\n<p>Outro desafio premente \u00e9 a **seguran\u00e7a e o controle**. \u00c0 medida que a IA se torna mais sofisticada e aut\u00f4noma, surge a preocupa\u00e7\u00e3o com a \u201cquest\u00e3o do alinhamento\u201d: como podemos garantir que os objetivos de uma IA avan\u00e7ada estejam alinhados com os valores e o bem-estar da humanidade? Cen\u00e1rios onde IAs superinteligentes podem perseguir seus pr\u00f3prios objetivos de formas imprevis\u00edveis, ou at\u00e9 mesmo prejudiciais, s\u00e3o discuss\u00f5es s\u00e9rias entre pesquisadores. A prolifera\u00e7\u00e3o de armas aut\u00f4nomas, capazes de tomar decis\u00f5es de vida ou morte sem interven\u00e7\u00e3o humana, levanta quest\u00f5es existenciais sobre o controle da viol\u00eancia e a natureza da guerra. A resili\u00eancia e a seguran\u00e7a cibern\u00e9tica dos sistemas de IA tamb\u00e9m s\u00e3o cruciais, pois falhas ou ataques podem ter consequ\u00eancias catastr\u00f3ficas.<\/p>\n<p>O **impacto social e econ\u00f4mico** da IA \u00e9 outro terreno f\u00e9rtil para testes. A automa\u00e7\u00e3o massiva pode levar ao deslocamento de milh\u00f5es de empregos, exigindo uma reestrutura\u00e7\u00e3o profunda do mercado de trabalho e das redes de seguran\u00e7a social. A privacidade de dados \u00e9 constantemente desafiada pela capacidade da IA de coletar, analisar e inferir informa\u00e7\u00f5es pessoais em uma escala sem precedentes. Al\u00e9m disso, a capacidade da IA de gerar conte\u00fado convincente \u2013 como deepfakes e not\u00edcias falsas \u2013 pode corroer a confian\u00e7a p\u00fablica, polarizar sociedades e desestabilizar a democracia. A luta contra a desinforma\u00e7\u00e3o, amplificada pela IA, ser\u00e1 uma batalha constante.<\/p>\n<p>Finalmente, a **governan\u00e7a e a regula\u00e7\u00e3o** da IA representam um teste de nossa capacidade de coopera\u00e7\u00e3o global. Dada a natureza transfronteiri\u00e7a da tecnologia, nenhuma na\u00e7\u00e3o pode regul\u00e1-la isoladamente. \u00c9 necess\u00e1ria uma coordena\u00e7\u00e3o internacional para estabelecer padr\u00f5es de seguran\u00e7a, \u00e9tica e responsabilidade. Contudo, a velocidade do avan\u00e7o da IA muitas vezes supera a capacidade das institui\u00e7\u00f5es legislativas de compreender e responder adequadamente, criando um v\u00e1cuo regulat\u00f3rio que pode ser explorado. O <strong>futuro da intelig\u00eancia artificial<\/strong> depender\u00e1, em grande parte, da nossa habilidade coletiva de forjar um consenso sobre como construir e utilizar essa tecnologia de forma segura e ben\u00e9fica para todos.<\/p>\n<p>### Navegando pela Era da IA: Caminhos para um Amanh\u00e3 Respons\u00e1vel<\/p>\n<p>Diante dos desafios monumentais que a intelig\u00eancia artificial nos apresenta, \u00e9 fundamental que n\u00e3o nos resignemos a um fatalismo tecnol\u00f3gico. Pelo contr\u00e1rio, a vis\u00e3o de um <strong>futuro da intelig\u00eancia artificial<\/strong> que seja pr\u00f3spero e seguro para a humanidade exige uma a\u00e7\u00e3o proativa e um compromisso inabal\u00e1vel com a responsabilidade. Existem caminhos claros que podemos e devemos seguir para moldar essa era com sabedoria.<\/p>\n<p>Primeiramente, a **colabora\u00e7\u00e3o multissetorial** \u00e9 indispens\u00e1vel. Governos, empresas de tecnologia, academia, sociedade civil e at\u00e9 mesmo o p\u00fablico em geral precisam engajar-se em um di\u00e1logo cont\u00ednuo e construtivo. N\u00e3o podemos deixar o desenvolvimento da IA nas m\u00e3os exclusivas de poucos. Iniciativas como o Partnership on AI e discuss\u00f5es em f\u00f3runs internacionais como a ONU ou o G7 s\u00e3o vitais para estabelecer princ\u00edpios e diretrizes globais para a IA. O objetivo \u00e9 criar um ecossistema onde a inova\u00e7\u00e3o \u00e9 incentivada, mas sempre ancorada em considera\u00e7\u00f5es \u00e9ticas e sociais.<\/p>\n<p>Em segundo lugar, a **educa\u00e7\u00e3o e a alfabetiza\u00e7\u00e3o em IA** s\u00e3o cruciais. Precisamos capacitar as pessoas \u2013 desde estudantes at\u00e9 profissionais de todas as \u00e1reas \u2013 a compreender como a IA funciona, suas capacidades e limita\u00e7\u00f5es, e como interagir com ela de forma cr\u00edtica e eficaz. Isso inclui desenvolver novas habilidades para o mercado de trabalho, redefinir curr\u00edculos escolares e promover o pensamento cr\u00edtico para discernir informa\u00e7\u00f5es geradas por IA. A IA n\u00e3o \u00e9 um mon\u00f3lito m\u00e1gico, e desmistific\u00e1-la \u00e9 o primeiro passo para um uso consciente e respons\u00e1vel.<\/p>\n<p>Um pilar central para um futuro positivo da IA \u00e9 o **desenvolvimento de IA respons\u00e1vel e \u00e9tica**. Isso significa incorporar princ\u00edpios como transpar\u00eancia, explicabilidade, justi\u00e7a, privacidade e seguran\u00e7a desde o est\u00e1gio de design dos sistemas. A pesquisa em \u201cIA explic\u00e1vel\u201d (XAI) e em m\u00e9todos para auditar e mitigar vieses algor\u00edtmicos \u00e9 mais importante do que nunca. Empresas e desenvolvedores precisam adotar c\u00f3digos de conduta e padr\u00f5es \u00e9ticos rigorosos, indo al\u00e9m das exig\u00eancias regulat\u00f3rias m\u00ednimas. A ideia \u00e9 construir IAs que n\u00e3o apenas sejam poderosas, mas que tamb\u00e9m sejam confi\u00e1veis e alinhadas aos valores humanos.<\/p>\n<p>Al\u00e9m disso, a **pesquisa em seguran\u00e7a de IA** deve ser priorizada globalmente. Investimentos significativos s\u00e3o necess\u00e1rios para entender e mitigar os riscos existenciais, garantir o alinhamento de objetivos entre IAs avan\u00e7adas e humanos, e proteger contra usos maliciosos da tecnologia. Isso envolve o desenvolvimento de t\u00e9cnicas para controlar IAs, testar sua robustez e garantir que permane\u00e7am sob o comando humano em todos os cen\u00e1rios cr\u00edticos. O objetivo n\u00e3o \u00e9 frear o avan\u00e7o, mas garantir que ele ocorra de forma segura.<\/p>\n<p>Finalmente, \u00e9 imperativo que, em meio a toda essa tecnologia, nunca percamos de vista a **import\u00e2ncia da humanidade**. A IA pode otimizar, calcular e at\u00e9 criar, mas valores como empatia, consci\u00eancia, julgamento moral, criatividade genu\u00edna e a capacidade de amar s\u00e3o intrinsecamente humanos. Nossa tarefa n\u00e3o \u00e9 competir com a IA, mas sim alavanc\u00e1-la para amplificar o que h\u00e1 de melhor em n\u00f3s, liberando nosso potencial para a inova\u00e7\u00e3o e o bem-estar coletivo, mantendo o controle sobre nosso destino.<\/p>\n<p>A advert\u00eancia de Dario Amodei nos serve como um poderoso lembrete de que o <strong>futuro da intelig\u00eancia artificial<\/strong> n\u00e3o \u00e9 um destino pr\u00e9-determinado, mas uma tape\u00e7aria que estamos tecendo coletivamente a cada dia. Estamos, de fato, prestes a receber um poder quase inimagin\u00e1vel, e a forma como o empunharemos definir\u00e1 a pr\u00f3xima era da civiliza\u00e7\u00e3o. As provas que enfrentaremos ser\u00e3o complexas e exigir\u00e3o o melhor de nossa intelig\u00eancia, sabedoria e coopera\u00e7\u00e3o.<\/p>\n<p>\u00c9 crucial que abordemos esta era n\u00e3o com medo paralisante, mas com uma dose saud\u00e1vel de respeito e um compromisso inabal\u00e1vel com a constru\u00e7\u00e3o de um futuro onde a IA seja uma aliada para o progresso humano. A responsabilidade de garantir que a IA sirva \u00e0 humanidade, e n\u00e3o o contr\u00e1rio, recai sobre todos n\u00f3s. Ao unir for\u00e7as, priorizar a \u00e9tica, investir em seguran\u00e7a e educar nossas sociedades, podemos transformar o desafio em uma oportunidade sem precedentes para elevar a experi\u00eancia humana a novos patamares de prosperidade e bem-estar. O tempo para agir \u00e9 agora.<\/p>\n","protected":false},"excerpt":{"rendered":"<p>No limiar de uma nova era, a humanidade se encontra \u00e0 beira de uma transforma\u00e7\u00e3o sem precedentes. N\u00e3o \u00e9 uma utopia distante, nem uma distopia iminente, mas sim a concretiza\u00e7\u00e3o de um poder que, at\u00e9 pouco tempo atr\u00e1s, habitava apenas o reino da fic\u00e7\u00e3o cient\u00edfica. Este \u00e9 o poder da intelig\u00eancia artificial, uma for\u00e7a catal\u00edtica [&hellip;]<\/p>\n","protected":false},"author":1,"featured_media":3385,"comment_status":"open","ping_status":"open","sticky":false,"template":"","format":"standard","meta":{"_yoast_wpseo_focuskw":"futuro da intelig\u00eancia artificial","_yoast_wpseo_metadesc":"Dario Amodei, CEO da Anthropic, prev\u00ea que a IA nos entregar\u00e1 um poder inimagin\u00e1vel. Explore o **futuro da intelig\u00eancia artificial**, seus desafios \u00e9ticos, sociais e como nos prepararmos para a pr\u00f3xima era.","footnotes":""},"categories":[2],"tags":[],"class_list":["post-3386","post","type-post","status-publish","format-standard","has-post-thumbnail","hentry","category-novidades"],"yoast_head":"<!-- This site is optimized with the Yoast SEO plugin v25.6 - https:\/\/yoast.com\/wordpress\/plugins\/seo\/ -->\n<title>O Alerta Profundo: Como a Intelig\u00eancia Artificial Testar\u00e1 a Humanidade - Lacerda AI<\/title>\n<meta name=\"description\" content=\"Dario Amodei, CEO da Anthropic, prev\u00ea que a IA nos entregar\u00e1 um poder inimagin\u00e1vel. Explore o **futuro da intelig\u00eancia artificial**, seus desafios \u00e9ticos, sociais e como nos prepararmos para a pr\u00f3xima era.\" \/>\n<meta name=\"robots\" content=\"index, follow, max-snippet:-1, max-image-preview:large, max-video-preview:-1\" \/>\n<link rel=\"canonical\" href=\"https:\/\/lacerdaai.com\/br\/o-alerta-profundo-como-a-inteligencia-artificial-testara-a-humanidade\/\" \/>\n<meta property=\"og:locale\" content=\"pt_BR\" \/>\n<meta property=\"og:type\" content=\"article\" \/>\n<meta property=\"og:title\" content=\"O Alerta Profundo: Como a Intelig\u00eancia Artificial Testar\u00e1 a Humanidade - Lacerda AI\" \/>\n<meta property=\"og:description\" content=\"Dario Amodei, CEO da Anthropic, prev\u00ea que a IA nos entregar\u00e1 um poder inimagin\u00e1vel. Explore o **futuro da intelig\u00eancia artificial**, seus desafios \u00e9ticos, sociais e como nos prepararmos para a pr\u00f3xima era.\" \/>\n<meta property=\"og:url\" content=\"https:\/\/lacerdaai.com\/br\/o-alerta-profundo-como-a-inteligencia-artificial-testara-a-humanidade\/\" \/>\n<meta property=\"og:site_name\" content=\"Lacerda AI\" \/>\n<meta property=\"article:published_time\" content=\"2026-01-27T00:01:32+00:00\" \/>\n<meta property=\"article:modified_time\" content=\"2026-01-27T00:01:33+00:00\" \/>\n<meta name=\"author\" content=\"Andr\u00e9 Lacerda\" \/>\n<meta name=\"twitter:card\" content=\"summary_large_image\" \/>\n<meta name=\"twitter:label1\" content=\"Escrito por\" \/>\n\t<meta name=\"twitter:data1\" content=\"Andr\u00e9 Lacerda\" \/>\n\t<meta name=\"twitter:label2\" content=\"Est. tempo de leitura\" \/>\n\t<meta name=\"twitter:data2\" content=\"10 minutos\" \/>\n<script type=\"application\/ld+json\" class=\"yoast-schema-graph\">{\"@context\":\"https:\/\/schema.org\",\"@graph\":[{\"@type\":\"WebPage\",\"@id\":\"https:\/\/lacerdaai.com\/br\/o-alerta-profundo-como-a-inteligencia-artificial-testara-a-humanidade\/\",\"url\":\"https:\/\/lacerdaai.com\/br\/o-alerta-profundo-como-a-inteligencia-artificial-testara-a-humanidade\/\",\"name\":\"O Alerta Profundo: Como a Intelig\u00eancia Artificial Testar\u00e1 a Humanidade - Lacerda AI\",\"isPartOf\":{\"@id\":\"https:\/\/lacerdaai.com\/br\/#website\"},\"primaryImageOfPage\":{\"@id\":\"https:\/\/lacerdaai.com\/br\/o-alerta-profundo-como-a-inteligencia-artificial-testara-a-humanidade\/#primaryimage\"},\"image\":{\"@id\":\"https:\/\/lacerdaai.com\/br\/o-alerta-profundo-como-a-inteligencia-artificial-testara-a-humanidade\/#primaryimage\"},\"thumbnailUrl\":\"https:\/\/lacerdaai.com\/br\/wp-content\/uploads\/2026\/01\/imagem-99.jpg\",\"datePublished\":\"2026-01-27T00:01:32+00:00\",\"dateModified\":\"2026-01-27T00:01:33+00:00\",\"author\":{\"@id\":\"https:\/\/lacerdaai.com\/br\/#\/schema\/person\/8bad803c2e83a0c5c5c75e02a1c2248f\"},\"description\":\"Dario Amodei, CEO da Anthropic, prev\u00ea que a IA nos entregar\u00e1 um poder inimagin\u00e1vel. Explore o **futuro da intelig\u00eancia artificial**, seus desafios \u00e9ticos, sociais e como nos prepararmos para a pr\u00f3xima era.\",\"breadcrumb\":{\"@id\":\"https:\/\/lacerdaai.com\/br\/o-alerta-profundo-como-a-inteligencia-artificial-testara-a-humanidade\/#breadcrumb\"},\"inLanguage\":\"pt-BR\",\"potentialAction\":[{\"@type\":\"ReadAction\",\"target\":[\"https:\/\/lacerdaai.com\/br\/o-alerta-profundo-como-a-inteligencia-artificial-testara-a-humanidade\/\"]}]},{\"@type\":\"ImageObject\",\"inLanguage\":\"pt-BR\",\"@id\":\"https:\/\/lacerdaai.com\/br\/o-alerta-profundo-como-a-inteligencia-artificial-testara-a-humanidade\/#primaryimage\",\"url\":\"https:\/\/lacerdaai.com\/br\/wp-content\/uploads\/2026\/01\/imagem-99.jpg\",\"contentUrl\":\"https:\/\/lacerdaai.com\/br\/wp-content\/uploads\/2026\/01\/imagem-99.jpg\",\"width\":1366,\"height\":768},{\"@type\":\"BreadcrumbList\",\"@id\":\"https:\/\/lacerdaai.com\/br\/o-alerta-profundo-como-a-inteligencia-artificial-testara-a-humanidade\/#breadcrumb\",\"itemListElement\":[{\"@type\":\"ListItem\",\"position\":1,\"name\":\"In\u00edcio\",\"item\":\"https:\/\/lacerdaai.com\/br\/\"},{\"@type\":\"ListItem\",\"position\":2,\"name\":\"O Alerta Profundo: Como a Intelig\u00eancia Artificial Testar\u00e1 a Humanidade\"}]},{\"@type\":\"WebSite\",\"@id\":\"https:\/\/lacerdaai.com\/br\/#website\",\"url\":\"https:\/\/lacerdaai.com\/br\/\",\"name\":\"Lacerda AI\",\"description\":\"Seu blog di\u00e1rio de novidades do mundo da Inteligencia Artificial\",\"potentialAction\":[{\"@type\":\"SearchAction\",\"target\":{\"@type\":\"EntryPoint\",\"urlTemplate\":\"https:\/\/lacerdaai.com\/br\/?s={search_term_string}\"},\"query-input\":{\"@type\":\"PropertyValueSpecification\",\"valueRequired\":true,\"valueName\":\"search_term_string\"}}],\"inLanguage\":\"pt-BR\"},{\"@type\":\"Person\",\"@id\":\"https:\/\/lacerdaai.com\/br\/#\/schema\/person\/8bad803c2e83a0c5c5c75e02a1c2248f\",\"name\":\"Andr\u00e9 Lacerda\",\"image\":{\"@type\":\"ImageObject\",\"inLanguage\":\"pt-BR\",\"@id\":\"https:\/\/lacerdaai.com\/br\/#\/schema\/person\/image\/\",\"url\":\"https:\/\/secure.gravatar.com\/avatar\/f5c1fa5ad9763f54c1f223c3fc91f131da6288c9f9e28d74bb3c355ad99af205?s=96&d=mm&r=g\",\"contentUrl\":\"https:\/\/secure.gravatar.com\/avatar\/f5c1fa5ad9763f54c1f223c3fc91f131da6288c9f9e28d74bb3c355ad99af205?s=96&d=mm&r=g\",\"caption\":\"Andr\u00e9 Lacerda\"},\"description\":\"Sou o Andr\u00e9 Lacerda, tenho 35 anos e sou apaixonado por tecnologia, intelig\u00eancia artificial e boas hist\u00f3rias. Me formei em Tecnologia e Jornalismo \u2014 sim, uma mistura meio improv\u00e1vel, mas que combina muito comigo. J\u00e1 morei no Canad\u00e1 e na Espanha, e essas experi\u00eancias me ajudaram a enxergar a inova\u00e7\u00e3o com um olhar mais global (e a me virar bem em tr\u00eas idiomas \ud83d\ude04). Trabalhei em algumas das maiores empresas de tecnologia do mercado e, hoje, atuo como consultor ajudando neg\u00f3cios a entenderem e aplicarem IA de forma pr\u00e1tica, estrat\u00e9gica e humana. Gosto de traduzir o complexo em algo simples \u2014 e \u00e9 isso que voc\u00ea vai encontrar por aqui.\",\"sameAs\":[\"http:\/\/lacerdaai.com\/br\"],\"url\":\"https:\/\/lacerdaai.com\/br\/author\/red-admin\/\"}]}<\/script>\n<!-- \/ Yoast SEO plugin. -->","yoast_head_json":{"title":"O Alerta Profundo: Como a Intelig\u00eancia Artificial Testar\u00e1 a Humanidade - Lacerda AI","description":"Dario Amodei, CEO da Anthropic, prev\u00ea que a IA nos entregar\u00e1 um poder inimagin\u00e1vel. Explore o **futuro da intelig\u00eancia artificial**, seus desafios \u00e9ticos, sociais e como nos prepararmos para a pr\u00f3xima era.","robots":{"index":"index","follow":"follow","max-snippet":"max-snippet:-1","max-image-preview":"max-image-preview:large","max-video-preview":"max-video-preview:-1"},"canonical":"https:\/\/lacerdaai.com\/br\/o-alerta-profundo-como-a-inteligencia-artificial-testara-a-humanidade\/","og_locale":"pt_BR","og_type":"article","og_title":"O Alerta Profundo: Como a Intelig\u00eancia Artificial Testar\u00e1 a Humanidade - Lacerda AI","og_description":"Dario Amodei, CEO da Anthropic, prev\u00ea que a IA nos entregar\u00e1 um poder inimagin\u00e1vel. Explore o **futuro da intelig\u00eancia artificial**, seus desafios \u00e9ticos, sociais e como nos prepararmos para a pr\u00f3xima era.","og_url":"https:\/\/lacerdaai.com\/br\/o-alerta-profundo-como-a-inteligencia-artificial-testara-a-humanidade\/","og_site_name":"Lacerda AI","article_published_time":"2026-01-27T00:01:32+00:00","article_modified_time":"2026-01-27T00:01:33+00:00","author":"Andr\u00e9 Lacerda","twitter_card":"summary_large_image","twitter_misc":{"Escrito por":"Andr\u00e9 Lacerda","Est. tempo de leitura":"10 minutos"},"schema":{"@context":"https:\/\/schema.org","@graph":[{"@type":"WebPage","@id":"https:\/\/lacerdaai.com\/br\/o-alerta-profundo-como-a-inteligencia-artificial-testara-a-humanidade\/","url":"https:\/\/lacerdaai.com\/br\/o-alerta-profundo-como-a-inteligencia-artificial-testara-a-humanidade\/","name":"O Alerta Profundo: Como a Intelig\u00eancia Artificial Testar\u00e1 a Humanidade - Lacerda AI","isPartOf":{"@id":"https:\/\/lacerdaai.com\/br\/#website"},"primaryImageOfPage":{"@id":"https:\/\/lacerdaai.com\/br\/o-alerta-profundo-como-a-inteligencia-artificial-testara-a-humanidade\/#primaryimage"},"image":{"@id":"https:\/\/lacerdaai.com\/br\/o-alerta-profundo-como-a-inteligencia-artificial-testara-a-humanidade\/#primaryimage"},"thumbnailUrl":"https:\/\/lacerdaai.com\/br\/wp-content\/uploads\/2026\/01\/imagem-99.jpg","datePublished":"2026-01-27T00:01:32+00:00","dateModified":"2026-01-27T00:01:33+00:00","author":{"@id":"https:\/\/lacerdaai.com\/br\/#\/schema\/person\/8bad803c2e83a0c5c5c75e02a1c2248f"},"description":"Dario Amodei, CEO da Anthropic, prev\u00ea que a IA nos entregar\u00e1 um poder inimagin\u00e1vel. Explore o **futuro da intelig\u00eancia artificial**, seus desafios \u00e9ticos, sociais e como nos prepararmos para a pr\u00f3xima era.","breadcrumb":{"@id":"https:\/\/lacerdaai.com\/br\/o-alerta-profundo-como-a-inteligencia-artificial-testara-a-humanidade\/#breadcrumb"},"inLanguage":"pt-BR","potentialAction":[{"@type":"ReadAction","target":["https:\/\/lacerdaai.com\/br\/o-alerta-profundo-como-a-inteligencia-artificial-testara-a-humanidade\/"]}]},{"@type":"ImageObject","inLanguage":"pt-BR","@id":"https:\/\/lacerdaai.com\/br\/o-alerta-profundo-como-a-inteligencia-artificial-testara-a-humanidade\/#primaryimage","url":"https:\/\/lacerdaai.com\/br\/wp-content\/uploads\/2026\/01\/imagem-99.jpg","contentUrl":"https:\/\/lacerdaai.com\/br\/wp-content\/uploads\/2026\/01\/imagem-99.jpg","width":1366,"height":768},{"@type":"BreadcrumbList","@id":"https:\/\/lacerdaai.com\/br\/o-alerta-profundo-como-a-inteligencia-artificial-testara-a-humanidade\/#breadcrumb","itemListElement":[{"@type":"ListItem","position":1,"name":"In\u00edcio","item":"https:\/\/lacerdaai.com\/br\/"},{"@type":"ListItem","position":2,"name":"O Alerta Profundo: Como a Intelig\u00eancia Artificial Testar\u00e1 a Humanidade"}]},{"@type":"WebSite","@id":"https:\/\/lacerdaai.com\/br\/#website","url":"https:\/\/lacerdaai.com\/br\/","name":"Lacerda AI","description":"Seu blog di\u00e1rio de novidades do mundo da Inteligencia Artificial","potentialAction":[{"@type":"SearchAction","target":{"@type":"EntryPoint","urlTemplate":"https:\/\/lacerdaai.com\/br\/?s={search_term_string}"},"query-input":{"@type":"PropertyValueSpecification","valueRequired":true,"valueName":"search_term_string"}}],"inLanguage":"pt-BR"},{"@type":"Person","@id":"https:\/\/lacerdaai.com\/br\/#\/schema\/person\/8bad803c2e83a0c5c5c75e02a1c2248f","name":"Andr\u00e9 Lacerda","image":{"@type":"ImageObject","inLanguage":"pt-BR","@id":"https:\/\/lacerdaai.com\/br\/#\/schema\/person\/image\/","url":"https:\/\/secure.gravatar.com\/avatar\/f5c1fa5ad9763f54c1f223c3fc91f131da6288c9f9e28d74bb3c355ad99af205?s=96&d=mm&r=g","contentUrl":"https:\/\/secure.gravatar.com\/avatar\/f5c1fa5ad9763f54c1f223c3fc91f131da6288c9f9e28d74bb3c355ad99af205?s=96&d=mm&r=g","caption":"Andr\u00e9 Lacerda"},"description":"Sou o Andr\u00e9 Lacerda, tenho 35 anos e sou apaixonado por tecnologia, intelig\u00eancia artificial e boas hist\u00f3rias. Me formei em Tecnologia e Jornalismo \u2014 sim, uma mistura meio improv\u00e1vel, mas que combina muito comigo. J\u00e1 morei no Canad\u00e1 e na Espanha, e essas experi\u00eancias me ajudaram a enxergar a inova\u00e7\u00e3o com um olhar mais global (e a me virar bem em tr\u00eas idiomas \ud83d\ude04). Trabalhei em algumas das maiores empresas de tecnologia do mercado e, hoje, atuo como consultor ajudando neg\u00f3cios a entenderem e aplicarem IA de forma pr\u00e1tica, estrat\u00e9gica e humana. Gosto de traduzir o complexo em algo simples \u2014 e \u00e9 isso que voc\u00ea vai encontrar por aqui.","sameAs":["http:\/\/lacerdaai.com\/br"],"url":"https:\/\/lacerdaai.com\/br\/author\/red-admin\/"}]}},"_links":{"self":[{"href":"https:\/\/lacerdaai.com\/br\/wp-json\/wp\/v2\/posts\/3386","targetHints":{"allow":["GET"]}}],"collection":[{"href":"https:\/\/lacerdaai.com\/br\/wp-json\/wp\/v2\/posts"}],"about":[{"href":"https:\/\/lacerdaai.com\/br\/wp-json\/wp\/v2\/types\/post"}],"author":[{"embeddable":true,"href":"https:\/\/lacerdaai.com\/br\/wp-json\/wp\/v2\/users\/1"}],"replies":[{"embeddable":true,"href":"https:\/\/lacerdaai.com\/br\/wp-json\/wp\/v2\/comments?post=3386"}],"version-history":[{"count":1,"href":"https:\/\/lacerdaai.com\/br\/wp-json\/wp\/v2\/posts\/3386\/revisions"}],"predecessor-version":[{"id":3387,"href":"https:\/\/lacerdaai.com\/br\/wp-json\/wp\/v2\/posts\/3386\/revisions\/3387"}],"wp:featuredmedia":[{"embeddable":true,"href":"https:\/\/lacerdaai.com\/br\/wp-json\/wp\/v2\/media\/3385"}],"wp:attachment":[{"href":"https:\/\/lacerdaai.com\/br\/wp-json\/wp\/v2\/media?parent=3386"}],"wp:term":[{"taxonomy":"category","embeddable":true,"href":"https:\/\/lacerdaai.com\/br\/wp-json\/wp\/v2\/categories?post=3386"},{"taxonomy":"post_tag","embeddable":true,"href":"https:\/\/lacerdaai.com\/br\/wp-json\/wp\/v2\/tags?post=3386"}],"curies":[{"name":"wp","href":"https:\/\/api.w.org\/{rel}","templated":true}]}}