{"id":3410,"date":"2026-01-29T04:38:05","date_gmt":"2026-01-29T07:38:05","guid":{"rendered":"https:\/\/lacerdaai.com\/br\/tesla-navegando-pelos-ventos-contrarios-por-que-2025-pode-marcar-uma-queda-historica-de-receita\/"},"modified":"2026-01-29T04:38:06","modified_gmt":"2026-01-29T07:38:06","slug":"tesla-navegando-pelos-ventos-contrarios-por-que-2025-pode-marcar-uma-queda-historica-de-receita","status":"publish","type":"post","link":"https:\/\/lacerdaai.com\/br\/tesla-navegando-pelos-ventos-contrarios-por-que-2025-pode-marcar-uma-queda-historica-de-receita\/","title":{"rendered":"Tesla: Navegando Pelos Ventos Contr\u00e1rios \u2013 Por Que 2025 Pode Marcar Uma Queda Hist\u00f3rica de Receita?"},"content":{"rendered":"<p>A Tesla, sin\u00f4nimo de inova\u00e7\u00e3o e disrup\u00e7\u00e3o no setor automotivo, tem sido uma for\u00e7a impar\u00e1vel no avan\u00e7o dos ve\u00edculos el\u00e9tricos (EVs). Sob a lideran\u00e7a carism\u00e1tica e, por vezes, controversa de Elon Musk, a empresa n\u00e3o apenas popularizou os carros el\u00e9tricos, mas tamb\u00e9m redefiniu as expectativas para o transporte sustent\u00e1vel e a tecnologia automotiva. No entanto, o cen\u00e1rio global est\u00e1 em constante muta\u00e7\u00e3o, e mesmo gigantes como a Tesla n\u00e3o est\u00e3o imunes a ventos contr\u00e1rios. An\u00e1lises recentes, como a publicada pelo Financial Times, sugerem uma reviravolta significativa: a possibilidade de a Tesla enfrentar sua primeira queda anual de receita em 2025.<\/p>\n<p>Essa proje\u00e7\u00e3o, embora ainda hipot\u00e9tica e baseada em tend\u00eancias e cen\u00e1rios futuros, levanta quest\u00f5es cruciais sobre a resili\u00eancia da empresa em um mercado cada vez mais competitivo e politizado. N\u00e3o se trata apenas de uma flutua\u00e7\u00e3o econ\u00f4mica, mas sim da conflu\u00eancia de m\u00faltiplos fatores, desde pol\u00edticas governamentais at\u00e9 a percep\u00e7\u00e3o p\u00fablica do seu CEO. Como uma empresa que por muito tempo ditou o ritmo da inova\u00e7\u00e3o, a Tesla se encontra agora em um ponto de inflex\u00e3o, onde as for\u00e7as externas podem moldar seu destino de maneira sem precedentes. Este artigo mergulhar\u00e1 nas complexidades que podem levar a essa proje\u00e7\u00e3o, explorando o panorama pol\u00edtico, a din\u00e2mica do mercado e a influ\u00eancia da figura de Elon Musk.<\/p>\n<h2><strong>Desafios da Tesla no Mercado de EVs<\/strong>: A Batalha Pela Supremacia<\/h2>\n<p>Os <strong>desafios da Tesla no mercado de EVs<\/strong> s\u00e3o multifacetados e crescentes. O que antes era um playground quase exclusivo para a empresa de Musk, hoje \u00e9 um campo de batalha congestionado com jogadores de peso. A concorr\u00eancia explodiu nos \u00faltimos anos, vindo de todas as dire\u00e7\u00f5es. Montadoras tradicionais como Ford, General Motors, Volkswagen, Hyundai e BMW investiram bilh\u00f5es para lan\u00e7ar suas pr\u00f3prias linhas de ve\u00edculos el\u00e9tricos, muitas delas com modelos que rivalizam com a Tesla em alcance, tecnologia e design. Essas empresas possuem d\u00e9cadas de experi\u00eancia em fabrica\u00e7\u00e3o em larga escala, redes de concession\u00e1rias estabelecidas e cadeias de suprimentos robustas, o que as torna advers\u00e1rios formid\u00e1veis. Por exemplo, a Ford com sua linha F-150 Lightning ou a Volkswagen com a s\u00e9rie ID. s\u00e3o exemplos claros de como a concorr\u00eancia est\u00e1 se intensificando rapidamente.<\/p>\n<p>Al\u00e9m das montadoras tradicionais, novos entrantes ambiciosos, muitos deles da China, est\u00e3o ganhando terreno. Empresas como a BYD, Nio, Xpeng e Li Auto n\u00e3o s\u00f3 produzem EVs de alta qualidade a pre\u00e7os competitivos, mas tamb\u00e9m se beneficiam de um mercado dom\u00e9stico gigantesco e, em alguns casos, de apoio governamental substancial. A BYD, em particular, tem demonstrado um crescimento exponencial, superando a pr\u00f3pria Tesla em vendas globais de EVs em alguns trimestres. Essa press\u00e3o competitiva se traduz em uma guerra de pre\u00e7os, for\u00e7ando a Tesla a reduzir os valores de seus ve\u00edculos em diversas ocasi\u00f5es para manter a participa\u00e7\u00e3o de mercado, o que, por sua vez, impacta suas margens de lucro e receita total. A satura\u00e7\u00e3o de alguns segmentos do mercado e a desacelera\u00e7\u00e3o do crescimento em outros, especialmente em economias mais maduras, tamb\u00e9m contribuem para um cen\u00e1rio mais desafiador. A busca por inova\u00e7\u00f5es disruptivas e a capacidade de se diferenciar se tornam mais cr\u00edticas do que nunca para a Tesla manter sua lideran\u00e7a e superar esses <strong>desafios da Tesla no mercado de EVs<\/strong>.<\/p>\n<p>Outro aspecto crucial reside na cadeia de suprimentos e na fabrica\u00e7\u00e3o. Enquanto a Tesla tem se esfor\u00e7ado para verticalizar muitas de suas opera\u00e7\u00f5es, ela ainda depende de fornecedores externos para componentes chave, especialmente baterias e semicondutores. As interrup\u00e7\u00f5es globais, como as vistas durante a pandemia de COVID-19 e a guerra na Ucr\u00e2nia, expuseram a fragilidade dessas cadeias. A capacidade de produzir e entregar ve\u00edculos em volume, mantendo a qualidade e controlando os custos, \u00e9 um dos maiores <strong>desafios da Tesla no mercado de EVs<\/strong>. \u00c0 medida que a empresa expande sua presen\u00e7a global com novas gigaf\u00e1bricas, como a de Berlim e Austin, a complexidade log\u00edstica e a necessidade de adapta\u00e7\u00e3o \u00e0s regulamenta\u00e7\u00f5es locais adicionam camadas de dificuldade. A otimiza\u00e7\u00e3o desses processos e a garantia de um fluxo constante de componentes s\u00e3o essenciais para evitar atrasos na produ\u00e7\u00e3o e, consequentemente, perdas de receita em um ambiente t\u00e3o din\u00e2mico e competitivo.<\/p>\n<h2>As Ondas Pol\u00edticas: O Impacto das Pol\u00edticas de Donald Trump nos EVs<\/h2>\n<p>A pol\u00edtica e o mercado automotivo est\u00e3o intrinsecamente ligados, e um retorno de Donald Trump \u00e0 Casa Branca em 2025 poderia reconfigurar significativamente o cen\u00e1rio para os ve\u00edculos el\u00e9tricos nos Estados Unidos. Durante seu primeiro mandato, Trump demonstrou ceticismo em rela\u00e7\u00e3o \u00e0s pol\u00edticas clim\u00e1ticas e \u00e0 promo\u00e7\u00e3o de energias renov\u00e1veis, favorecendo a ind\u00fastria de combust\u00edveis f\u00f3sseis. Se ele retomar essa abordagem, as pol\u00edticas de seu governo poderiam impactar diretamente a demanda e a produ\u00e7\u00e3o de EVs, especialmente para a Tesla.<\/p>\n<p>Uma das preocupa\u00e7\u00f5es \u00e9 a possibilidade de o governo Trump revogar ou reduzir incentivos fiscais e subs\u00eddios para a compra de ve\u00edculos el\u00e9tricos. Atualmente, cr\u00e9ditos fiscais federais e estaduais desempenham um papel vital na redu\u00e7\u00e3o do custo inicial dos EVs, tornando-os mais acess\u00edveis aos consumidores. A remo\u00e7\u00e3o desses incentivos poderia diminuir o apelo financeiro dos carros el\u00e9tricos, desacelerando sua ado\u00e7\u00e3o. Al\u00e9m disso, a administra\u00e7\u00e3o Trump poderia relaxar os padr\u00f5es de efici\u00eancia de combust\u00edvel (CAFE standards), que impulsionam as montadoras a produzir ve\u00edculos mais eficientes, incluindo EVs, para cumprir as metas. Menos press\u00e3o regulat\u00f3ria significaria menos urg\u00eancia para as montadoras investirem pesadamente em eletrifica\u00e7\u00e3o, embora a transi\u00e7\u00e3o j\u00e1 esteja em curso globalmente.<\/p>\n<p>Outro ponto cr\u00edtico s\u00e3o as pol\u00edticas comerciais. Trump \u00e9 conhecido por sua postura protecionista, com a imposi\u00e7\u00e3o de tarifas sobre bens importados. Embora a Tesla produza ve\u00edculos nos EUA, sua cadeia de suprimentos \u00e9 global e a empresa depende de componentes de v\u00e1rios pa\u00edses. Novas tarifas poderiam aumentar os custos de produ\u00e7\u00e3o, tornando os carros da Tesla mais caros ou reduzindo suas margens de lucro. Al\u00e9m disso, uma postura mais agressiva em rela\u00e7\u00e3o \u00e0 China, um mercado crucial para a Tesla, poderia criar obst\u00e1culos adicionais. Restri\u00e7\u00f5es comerciais ou tens\u00f5es geopol\u00edticas poderiam afetar as vendas da Tesla na China ou a capacidade de exportar ve\u00edculos e componentes, adicionando complexidade aos j\u00e1 existentes <strong>desafios da Tesla no mercado de EVs<\/strong>. O cen\u00e1rio pol\u00edtico, portanto, n\u00e3o \u00e9 apenas um pano de fundo, mas uma for\u00e7a ativa capaz de remodelar a competitividade e a rentabilidade da Tesla.<\/p>\n<h2>Elon Musk: G\u00eanio Vision\u00e1rio ou Fator de Risco?<\/h2>\n<p>Elon Musk \u00e9, sem d\u00favida, uma das figuras mais influentes e reconhec\u00edveis do s\u00e9culo XXI. Seu carisma, vis\u00e3o ambiciosa e capacidade de mobilizar recursos para projetos que pareciam imposs\u00edveis o tornaram um \u00edcone. No entanto, sua personalidade polarizadora e suas atividades pol\u00edticas e sociais, especialmente nas redes sociais, t\u00eam gerado um crescente &#8220;backlash&#8221; de consumidores que pode estar se tornando um dos <strong>desafios da Tesla no mercado de EVs<\/strong>.<\/p>\n<p>Musk, que \u00e9 propriet\u00e1rio da plataforma X (antigo Twitter), frequentemente utiliza a rede para expressar opini\u00f5es pol\u00edticas fortes e, por vezes, controversas. Essas declara\u00e7\u00f5es, que abrangem desde quest\u00f5es de liberdade de express\u00e3o at\u00e9 cr\u00edticas a certas ideologias, t\u00eam alienado segmentos de consumidores que n\u00e3o compartilham de suas vis\u00f5es. Em um mundo cada vez mais consciente do alinhamento de valores com as marcas, a associa\u00e7\u00e3o de uma marca de alto perfil como a Tesla com as opini\u00f5es pessoais de seu CEO pode ser um divisor de \u00e1guas. Pesquisas de opini\u00e3o e discuss\u00f5es em f\u00f3runs online j\u00e1 apontam que a postura de Musk tem levado alguns potenciais compradores a reconsiderar a aquisi\u00e7\u00e3o de um ve\u00edculo Tesla, optando por concorrentes cujas marcas n\u00e3o est\u00e3o ligadas a figuras t\u00e3o polarizadoras. Esse fen\u00f4meno \u00e9 particularmente relevante em mercados ocidentais, onde a sensibilidade a quest\u00f5es sociais e pol\u00edticas \u00e9 elevada.<\/p>\n<p>O tempo e a aten\u00e7\u00e3o de Musk, divididos entre a Tesla, SpaceX, Neuralink, X e outras empreitadas, tamb\u00e9m s\u00e3o uma preocupa\u00e7\u00e3o para investidores e analistas. A percep\u00e7\u00e3o de que ele pode estar menos focado nos &#8220;<strong>desafios da Tesla no mercado de EVs<\/strong>&#8221; pode gerar instabilidade e questionamentos sobre a gest\u00e3o da empresa. Embora sua vis\u00e3o seja a for\u00e7a motriz por tr\u00e1s de muitas das inova\u00e7\u00f5es da Tesla, a depend\u00eancia excessiva de uma \u00fanica figura pode ser um risco. A imagem da marca Tesla, que antes era quase intoc\u00e1vel em sua aura de &#8220;cool&#8221; e futurismo, agora precisa navegar por \u00e1guas mais turbulentas, onde a performance do produto \u00e9 apenas uma parte da equa\u00e7\u00e3o. A sustentabilidade da reputa\u00e7\u00e3o da empresa, frente \u00e0s controv\u00e9rsias de seu l\u00edder, \u00e9 um dos mais complexos e talvez imprevis\u00edveis dos <strong>desafios da Tesla no mercado de EVs<\/strong>.<\/p>\n<h2>Inova\u00e7\u00e3o Cont\u00ednua: O Trunfo da Tesla em Meio \u00e0 Turbul\u00eancia<\/h2>\n<p>Apesar dos ventos contr\u00e1rios e dos <strong>desafios da Tesla no mercado de EVs<\/strong>, seria um erro subestimar a capacidade de inova\u00e7\u00e3o da empresa. A Tesla construiu sua reputa\u00e7\u00e3o n\u00e3o apenas com carros el\u00e9tricos, mas com a promessa de um futuro tecnologicamente avan\u00e7ado. E \u00e9 exatamente essa capacidade de ir al\u00e9m do convencional que pode ser seu maior trunfo para reverter a queda projetada e assegurar sua lideran\u00e7a a longo prazo.<\/p>\n<p>Em primeiro lugar, a Tesla continua na vanguarda da tecnologia de baterias. O desenvolvimento de c\u00e9lulas 4680, por exemplo, promete maior densidade energ\u00e9tica, custos de produ\u00e7\u00e3o mais baixos e uma cadeia de suprimentos mais sustent\u00e1vel. Avan\u00e7os nessa \u00e1rea s\u00e3o cruciais para oferecer ve\u00edculos com maior autonomia e pre\u00e7os mais acess\u00edveis, ampliando o mercado consumidor. Al\u00e9m disso, a empresa tem investido massivamente em intelig\u00eancia artificial e aprendizado de m\u00e1quina, elementos-chave para o aprimoramento cont\u00ednuo de seu sistema de Dire\u00e7\u00e3o Aut\u00f4noma Completa (FSD). Se o FSD alcan\u00e7ar a autonomia de n\u00edvel 5 (totalmente aut\u00f4nomo), isso n\u00e3o s\u00f3 revolucionaria o transporte pessoal, mas tamb\u00e9m abriria novas avenidas de receita atrav\u00e9s de servi\u00e7os de robot\u00e1xi, potencialmente criando um valor de mercado exponencialmente maior do que o atual.<\/p>\n<p>Para al\u00e9m dos ve\u00edculos, a Tesla est\u00e1 diversificando seu portf\u00f3lio. A divis\u00e3o de energia, com produtos como Powerwall e Megapack, oferece solu\u00e7\u00f5es de armazenamento de energia em escala residencial e de utilidade p\u00fablica, abordando a crescente demanda por infraestrutura de energia renov\u00e1vel. Essa \u00e1rea tem um potencial de crescimento imenso e pode se tornar uma fonte de receita cada vez mais significativa, mitigando a depend\u00eancia exclusiva das vendas de autom\u00f3veis. E, claro, h\u00e1 o ambicioso projeto do rob\u00f4 humanoide Optimus. Embora ainda em est\u00e1gios iniciais, o Optimus representa a incurs\u00e3o da Tesla na rob\u00f3tica de prop\u00f3sito geral, com o potencial de revolucionar ind\u00fastrias inteiras, desde a manufatura at\u00e9 servi\u00e7os dom\u00e9sticos. Esses projetos, embora de alto risco, demonstram a vis\u00e3o de longo prazo da Tesla e sua capacidade de se reinventar, buscando novas fronteiras tecnol\u00f3gicas que podem impulsionar o crescimento futuro e superar os atuais <strong>desafios da Tesla no mercado de EVs<\/strong>.<\/p>\n<h2>O Papel dos Mercados Globais: China e Europa no Equil\u00edbrio da Tesla<\/h2>\n<p>Embora as pol\u00edticas dos EUA e o carisma de Elon Musk dominem muitas das manchetes, a performance global da Tesla \u00e9 profundamente influenciada por seus resultados nos mercados da China e da Europa. Esses dois mercados, em particular, representam pilares cruciais para a estrat\u00e9gia de crescimento da empresa e para a supera\u00e7\u00e3o dos <strong>desafios da Tesla no mercado de EVs<\/strong>.<\/p>\n<p>A China \u00e9 o maior mercado de ve\u00edculos el\u00e9tricos do mundo e um campo de batalha intenso. A Gigafactory de Xangai tem sido uma pe\u00e7a central na capacidade de produ\u00e7\u00e3o e exporta\u00e7\u00e3o da Tesla, mas a concorr\u00eancia local \u00e9 feroz. Marcas chinesas como BYD, Nio, Xpeng e Li Auto n\u00e3o apenas dominam suas faixas de pre\u00e7o, mas tamb\u00e9m est\u00e3o inovando rapidamente e expandindo sua presen\u00e7a global. O sentimento nacionalista, o apoio governamental a marcas locais e a capacidade de adapta\u00e7\u00e3o r\u00e1pida \u00e0s prefer\u00eancias dos consumidores chineses d\u00e3o a esses concorrentes uma vantagem significativa. Para a Tesla, manter a relev\u00e2ncia e a participa\u00e7\u00e3o de mercado na China exige um equil\u00edbrio delicado entre inova\u00e7\u00e3o, otimiza\u00e7\u00e3o de custos e adapta\u00e7\u00e3o cultural, especialmente \u00e0 medida que as tens\u00f5es geopol\u00edticas entre EUA e China se mant\u00eam imprevis\u00edveis.<\/p>\n<p>Na Europa, a Tesla tamb\u00e9m enfrenta um cen\u00e1rio complexo. As pol\u00edticas governamentais em muitos pa\u00edses europeus s\u00e3o amplamente favor\u00e1veis \u00e0 ado\u00e7\u00e3o de EVs, com fortes incentivos e regulamenta\u00e7\u00f5es ambientais rigorosas. No entanto, as montadoras europeias tradicionais, como Volkswagen, Mercedes-Benz e BMW, est\u00e3o respondendo agressivamente, lan\u00e7ando uma vasta gama de modelos el\u00e9tricos que se adaptam bem aos gostos e infraestrutura locais. A Gigafactory de Berlim \u00e9 fundamental para atender \u00e0 demanda europeia, reduzindo custos de importa\u00e7\u00e3o e tempos de entrega, mas a segmenta\u00e7\u00e3o do mercado e as prefer\u00eancias regionais exigem uma estrat\u00e9gia de produto e marketing mais granular. Al\u00e9m disso, a infraestrutura de carregamento, embora em expans\u00e3o, ainda apresenta variabilidade entre os pa\u00edses, impactando a experi\u00eancia do usu\u00e1rio. O sucesso da Tesla nesses mercados n\u00e3o depende apenas da qualidade de seus ve\u00edculos, mas tamb\u00e9m de sua habilidade em navegar por complexas teias regulat\u00f3rias, culturais e competitivas, fatores que s\u00e3o essenciais para superar os <strong>desafios da Tesla no mercado de EVs<\/strong> e sustentar seu crescimento global.<\/p>\n<h2>Conclus\u00e3o: O Futuro da Tesla em um Cen\u00e1rio Mut\u00e1vel<\/h2>\n<p>A proje\u00e7\u00e3o de uma queda de receita para a Tesla em 2025 serve como um lembrete v\u00edvido de que nenhuma empresa, por mais inovadora e dominante que seja, est\u00e1 imune \u00e0s for\u00e7as din\u00e2micas do mercado e \u00e0s complexidades do cen\u00e1rio global. Os <strong>desafios da Tesla no mercado de EVs<\/strong> s\u00e3o m\u00faltiplos: desde a intensifica\u00e7\u00e3o da concorr\u00eancia e a satura\u00e7\u00e3o em certos segmentos, passando pela incerteza das pol\u00edticas governamentais nos EUA sob uma poss\u00edvel segunda administra\u00e7\u00e3o Trump, at\u00e9 o impacto da imagem p\u00fablica de seu carism\u00e1tico CEO. Essa conflu\u00eancia de fatores exige da Tesla n\u00e3o apenas a manuten\u00e7\u00e3o de sua excel\u00eancia tecnol\u00f3gica, mas uma agilidade estrat\u00e9gica sem precedentes.<\/p>\n<p>No entanto, a hist\u00f3ria da Tesla \u00e9 a hist\u00f3ria de supera\u00e7\u00e3o e disrup\u00e7\u00e3o. Sua aposta em inova\u00e7\u00e3o cont\u00ednua, desde avan\u00e7os em baterias e intelig\u00eancia artificial para dire\u00e7\u00e3o aut\u00f4noma at\u00e9 a expans\u00e3o para solu\u00e7\u00f5es de energia e rob\u00f3tica, demonstra um compromisso em criar o futuro, e n\u00e3o apenas reagir a ele. O caminho adiante ser\u00e1 \u00e1rduo, mas a capacidade da empresa de se adaptar, diversificar e capitalizar em novas fronteiras tecnol\u00f3gicas pode ser a chave para reverter as proje\u00e7\u00f5es negativas e pavimentar um novo ciclo de crescimento. O ano de 2025, se a proje\u00e7\u00e3o se concretizar, ser\u00e1 um teste de fogo para a resili\u00eancia e a vis\u00e3o de longo prazo da Tesla, definindo seu lugar n\u00e3o apenas no mercado de EVs, mas no futuro da tecnologia e da ind\u00fastria como um todo.<\/p>\n","protected":false},"excerpt":{"rendered":"<p>A Tesla, sin\u00f4nimo de inova\u00e7\u00e3o e disrup\u00e7\u00e3o no setor automotivo, tem sido uma for\u00e7a impar\u00e1vel no avan\u00e7o dos ve\u00edculos el\u00e9tricos (EVs). Sob a lideran\u00e7a carism\u00e1tica e, por vezes, controversa de Elon Musk, a empresa n\u00e3o apenas popularizou os carros el\u00e9tricos, mas tamb\u00e9m redefiniu as expectativas para o transporte sustent\u00e1vel e a tecnologia automotiva. No entanto, [&hellip;]<\/p>\n","protected":false},"author":1,"featured_media":3409,"comment_status":"open","ping_status":"open","sticky":false,"template":"","format":"standard","meta":{"_yoast_wpseo_focuskw":"Desafios da Tesla no Mercado de EVs","_yoast_wpseo_metadesc":"Explore os fatores que podem levar a Tesla \u00e0 sua primeira queda anual de receita em 2025, desde a intensa concorr\u00eancia no mercado de EVs at\u00e9 o impacto das pol\u00edticas de Donald Trump e o backlash de consumidores contra Elon Musk. Uma an\u00e1lise profunda dos desafios futuros da gigante automotiva.","footnotes":""},"categories":[2],"tags":[],"class_list":["post-3410","post","type-post","status-publish","format-standard","has-post-thumbnail","hentry","category-novidades"],"yoast_head":"<!-- This site is optimized with the Yoast SEO plugin v25.6 - https:\/\/yoast.com\/wordpress\/plugins\/seo\/ -->\n<title>Tesla: Navegando Pelos Ventos Contr\u00e1rios \u2013 Por Que 2025 Pode Marcar Uma Queda Hist\u00f3rica de Receita? - Lacerda AI<\/title>\n<meta name=\"description\" content=\"Explore os fatores que podem levar a Tesla \u00e0 sua primeira queda anual de receita em 2025, desde a intensa concorr\u00eancia no mercado de EVs at\u00e9 o impacto das pol\u00edticas de Donald Trump e o backlash de consumidores contra Elon Musk. Uma an\u00e1lise profunda dos desafios futuros da gigante automotiva.\" \/>\n<meta name=\"robots\" content=\"index, follow, max-snippet:-1, max-image-preview:large, max-video-preview:-1\" \/>\n<link rel=\"canonical\" href=\"https:\/\/lacerdaai.com\/br\/tesla-navegando-pelos-ventos-contrarios-por-que-2025-pode-marcar-uma-queda-historica-de-receita\/\" \/>\n<meta property=\"og:locale\" content=\"pt_BR\" \/>\n<meta property=\"og:type\" content=\"article\" \/>\n<meta property=\"og:title\" content=\"Tesla: Navegando Pelos Ventos Contr\u00e1rios \u2013 Por Que 2025 Pode Marcar Uma Queda Hist\u00f3rica de Receita? - Lacerda AI\" \/>\n<meta property=\"og:description\" content=\"Explore os fatores que podem levar a Tesla \u00e0 sua primeira queda anual de receita em 2025, desde a intensa concorr\u00eancia no mercado de EVs at\u00e9 o impacto das pol\u00edticas de Donald Trump e o backlash de consumidores contra Elon Musk. Uma an\u00e1lise profunda dos desafios futuros da gigante automotiva.\" \/>\n<meta property=\"og:url\" content=\"https:\/\/lacerdaai.com\/br\/tesla-navegando-pelos-ventos-contrarios-por-que-2025-pode-marcar-uma-queda-historica-de-receita\/\" \/>\n<meta property=\"og:site_name\" content=\"Lacerda AI\" \/>\n<meta property=\"article:published_time\" content=\"2026-01-29T07:38:05+00:00\" \/>\n<meta property=\"article:modified_time\" content=\"2026-01-29T07:38:06+00:00\" \/>\n<meta name=\"author\" content=\"Andr\u00e9 Lacerda\" \/>\n<meta name=\"twitter:card\" content=\"summary_large_image\" \/>\n<meta name=\"twitter:label1\" content=\"Escrito por\" \/>\n\t<meta name=\"twitter:data1\" content=\"Andr\u00e9 Lacerda\" \/>\n\t<meta name=\"twitter:label2\" content=\"Est. tempo de leitura\" \/>\n\t<meta name=\"twitter:data2\" content=\"13 minutos\" \/>\n<script type=\"application\/ld+json\" class=\"yoast-schema-graph\">{\"@context\":\"https:\/\/schema.org\",\"@graph\":[{\"@type\":\"WebPage\",\"@id\":\"https:\/\/lacerdaai.com\/br\/tesla-navegando-pelos-ventos-contrarios-por-que-2025-pode-marcar-uma-queda-historica-de-receita\/\",\"url\":\"https:\/\/lacerdaai.com\/br\/tesla-navegando-pelos-ventos-contrarios-por-que-2025-pode-marcar-uma-queda-historica-de-receita\/\",\"name\":\"Tesla: Navegando Pelos Ventos Contr\u00e1rios \u2013 Por Que 2025 Pode Marcar Uma Queda Hist\u00f3rica de Receita? - Lacerda AI\",\"isPartOf\":{\"@id\":\"https:\/\/lacerdaai.com\/br\/#website\"},\"primaryImageOfPage\":{\"@id\":\"https:\/\/lacerdaai.com\/br\/tesla-navegando-pelos-ventos-contrarios-por-que-2025-pode-marcar-uma-queda-historica-de-receita\/#primaryimage\"},\"image\":{\"@id\":\"https:\/\/lacerdaai.com\/br\/tesla-navegando-pelos-ventos-contrarios-por-que-2025-pode-marcar-uma-queda-historica-de-receita\/#primaryimage\"},\"thumbnailUrl\":\"https:\/\/lacerdaai.com\/br\/wp-content\/uploads\/2026\/01\/imagem-107.jpg\",\"datePublished\":\"2026-01-29T07:38:05+00:00\",\"dateModified\":\"2026-01-29T07:38:06+00:00\",\"author\":{\"@id\":\"https:\/\/lacerdaai.com\/br\/#\/schema\/person\/8bad803c2e83a0c5c5c75e02a1c2248f\"},\"description\":\"Explore os fatores que podem levar a Tesla \u00e0 sua primeira queda anual de receita em 2025, desde a intensa concorr\u00eancia no mercado de EVs at\u00e9 o impacto das pol\u00edticas de Donald Trump e o backlash de consumidores contra Elon Musk. Uma an\u00e1lise profunda dos desafios futuros da gigante automotiva.\",\"breadcrumb\":{\"@id\":\"https:\/\/lacerdaai.com\/br\/tesla-navegando-pelos-ventos-contrarios-por-que-2025-pode-marcar-uma-queda-historica-de-receita\/#breadcrumb\"},\"inLanguage\":\"pt-BR\",\"potentialAction\":[{\"@type\":\"ReadAction\",\"target\":[\"https:\/\/lacerdaai.com\/br\/tesla-navegando-pelos-ventos-contrarios-por-que-2025-pode-marcar-uma-queda-historica-de-receita\/\"]}]},{\"@type\":\"ImageObject\",\"inLanguage\":\"pt-BR\",\"@id\":\"https:\/\/lacerdaai.com\/br\/tesla-navegando-pelos-ventos-contrarios-por-que-2025-pode-marcar-uma-queda-historica-de-receita\/#primaryimage\",\"url\":\"https:\/\/lacerdaai.com\/br\/wp-content\/uploads\/2026\/01\/imagem-107.jpg\",\"contentUrl\":\"https:\/\/lacerdaai.com\/br\/wp-content\/uploads\/2026\/01\/imagem-107.jpg\",\"width\":2213,\"height\":1245},{\"@type\":\"BreadcrumbList\",\"@id\":\"https:\/\/lacerdaai.com\/br\/tesla-navegando-pelos-ventos-contrarios-por-que-2025-pode-marcar-uma-queda-historica-de-receita\/#breadcrumb\",\"itemListElement\":[{\"@type\":\"ListItem\",\"position\":1,\"name\":\"In\u00edcio\",\"item\":\"https:\/\/lacerdaai.com\/br\/\"},{\"@type\":\"ListItem\",\"position\":2,\"name\":\"Tesla: Navegando Pelos Ventos Contr\u00e1rios \u2013 Por Que 2025 Pode Marcar Uma Queda Hist\u00f3rica de Receita?\"}]},{\"@type\":\"WebSite\",\"@id\":\"https:\/\/lacerdaai.com\/br\/#website\",\"url\":\"https:\/\/lacerdaai.com\/br\/\",\"name\":\"Lacerda AI\",\"description\":\"Seu blog di\u00e1rio de novidades do mundo da Inteligencia Artificial\",\"potentialAction\":[{\"@type\":\"SearchAction\",\"target\":{\"@type\":\"EntryPoint\",\"urlTemplate\":\"https:\/\/lacerdaai.com\/br\/?s={search_term_string}\"},\"query-input\":{\"@type\":\"PropertyValueSpecification\",\"valueRequired\":true,\"valueName\":\"search_term_string\"}}],\"inLanguage\":\"pt-BR\"},{\"@type\":\"Person\",\"@id\":\"https:\/\/lacerdaai.com\/br\/#\/schema\/person\/8bad803c2e83a0c5c5c75e02a1c2248f\",\"name\":\"Andr\u00e9 Lacerda\",\"image\":{\"@type\":\"ImageObject\",\"inLanguage\":\"pt-BR\",\"@id\":\"https:\/\/lacerdaai.com\/br\/#\/schema\/person\/image\/\",\"url\":\"https:\/\/secure.gravatar.com\/avatar\/f5c1fa5ad9763f54c1f223c3fc91f131da6288c9f9e28d74bb3c355ad99af205?s=96&d=mm&r=g\",\"contentUrl\":\"https:\/\/secure.gravatar.com\/avatar\/f5c1fa5ad9763f54c1f223c3fc91f131da6288c9f9e28d74bb3c355ad99af205?s=96&d=mm&r=g\",\"caption\":\"Andr\u00e9 Lacerda\"},\"description\":\"Sou o Andr\u00e9 Lacerda, tenho 35 anos e sou apaixonado por tecnologia, intelig\u00eancia artificial e boas hist\u00f3rias. Me formei em Tecnologia e Jornalismo \u2014 sim, uma mistura meio improv\u00e1vel, mas que combina muito comigo. J\u00e1 morei no Canad\u00e1 e na Espanha, e essas experi\u00eancias me ajudaram a enxergar a inova\u00e7\u00e3o com um olhar mais global (e a me virar bem em tr\u00eas idiomas \ud83d\ude04). Trabalhei em algumas das maiores empresas de tecnologia do mercado e, hoje, atuo como consultor ajudando neg\u00f3cios a entenderem e aplicarem IA de forma pr\u00e1tica, estrat\u00e9gica e humana. Gosto de traduzir o complexo em algo simples \u2014 e \u00e9 isso que voc\u00ea vai encontrar por aqui.\",\"sameAs\":[\"http:\/\/lacerdaai.com\/br\"],\"url\":\"https:\/\/lacerdaai.com\/br\/author\/red-admin\/\"}]}<\/script>\n<!-- \/ Yoast SEO plugin. -->","yoast_head_json":{"title":"Tesla: Navegando Pelos Ventos Contr\u00e1rios \u2013 Por Que 2025 Pode Marcar Uma Queda Hist\u00f3rica de Receita? - Lacerda AI","description":"Explore os fatores que podem levar a Tesla \u00e0 sua primeira queda anual de receita em 2025, desde a intensa concorr\u00eancia no mercado de EVs at\u00e9 o impacto das pol\u00edticas de Donald Trump e o backlash de consumidores contra Elon Musk. Uma an\u00e1lise profunda dos desafios futuros da gigante automotiva.","robots":{"index":"index","follow":"follow","max-snippet":"max-snippet:-1","max-image-preview":"max-image-preview:large","max-video-preview":"max-video-preview:-1"},"canonical":"https:\/\/lacerdaai.com\/br\/tesla-navegando-pelos-ventos-contrarios-por-que-2025-pode-marcar-uma-queda-historica-de-receita\/","og_locale":"pt_BR","og_type":"article","og_title":"Tesla: Navegando Pelos Ventos Contr\u00e1rios \u2013 Por Que 2025 Pode Marcar Uma Queda Hist\u00f3rica de Receita? - Lacerda AI","og_description":"Explore os fatores que podem levar a Tesla \u00e0 sua primeira queda anual de receita em 2025, desde a intensa concorr\u00eancia no mercado de EVs at\u00e9 o impacto das pol\u00edticas de Donald Trump e o backlash de consumidores contra Elon Musk. Uma an\u00e1lise profunda dos desafios futuros da gigante automotiva.","og_url":"https:\/\/lacerdaai.com\/br\/tesla-navegando-pelos-ventos-contrarios-por-que-2025-pode-marcar-uma-queda-historica-de-receita\/","og_site_name":"Lacerda AI","article_published_time":"2026-01-29T07:38:05+00:00","article_modified_time":"2026-01-29T07:38:06+00:00","author":"Andr\u00e9 Lacerda","twitter_card":"summary_large_image","twitter_misc":{"Escrito por":"Andr\u00e9 Lacerda","Est. tempo de leitura":"13 minutos"},"schema":{"@context":"https:\/\/schema.org","@graph":[{"@type":"WebPage","@id":"https:\/\/lacerdaai.com\/br\/tesla-navegando-pelos-ventos-contrarios-por-que-2025-pode-marcar-uma-queda-historica-de-receita\/","url":"https:\/\/lacerdaai.com\/br\/tesla-navegando-pelos-ventos-contrarios-por-que-2025-pode-marcar-uma-queda-historica-de-receita\/","name":"Tesla: Navegando Pelos Ventos Contr\u00e1rios \u2013 Por Que 2025 Pode Marcar Uma Queda Hist\u00f3rica de Receita? - Lacerda AI","isPartOf":{"@id":"https:\/\/lacerdaai.com\/br\/#website"},"primaryImageOfPage":{"@id":"https:\/\/lacerdaai.com\/br\/tesla-navegando-pelos-ventos-contrarios-por-que-2025-pode-marcar-uma-queda-historica-de-receita\/#primaryimage"},"image":{"@id":"https:\/\/lacerdaai.com\/br\/tesla-navegando-pelos-ventos-contrarios-por-que-2025-pode-marcar-uma-queda-historica-de-receita\/#primaryimage"},"thumbnailUrl":"https:\/\/lacerdaai.com\/br\/wp-content\/uploads\/2026\/01\/imagem-107.jpg","datePublished":"2026-01-29T07:38:05+00:00","dateModified":"2026-01-29T07:38:06+00:00","author":{"@id":"https:\/\/lacerdaai.com\/br\/#\/schema\/person\/8bad803c2e83a0c5c5c75e02a1c2248f"},"description":"Explore os fatores que podem levar a Tesla \u00e0 sua primeira queda anual de receita em 2025, desde a intensa concorr\u00eancia no mercado de EVs at\u00e9 o impacto das pol\u00edticas de Donald Trump e o backlash de consumidores contra Elon Musk. Uma an\u00e1lise profunda dos desafios futuros da gigante automotiva.","breadcrumb":{"@id":"https:\/\/lacerdaai.com\/br\/tesla-navegando-pelos-ventos-contrarios-por-que-2025-pode-marcar-uma-queda-historica-de-receita\/#breadcrumb"},"inLanguage":"pt-BR","potentialAction":[{"@type":"ReadAction","target":["https:\/\/lacerdaai.com\/br\/tesla-navegando-pelos-ventos-contrarios-por-que-2025-pode-marcar-uma-queda-historica-de-receita\/"]}]},{"@type":"ImageObject","inLanguage":"pt-BR","@id":"https:\/\/lacerdaai.com\/br\/tesla-navegando-pelos-ventos-contrarios-por-que-2025-pode-marcar-uma-queda-historica-de-receita\/#primaryimage","url":"https:\/\/lacerdaai.com\/br\/wp-content\/uploads\/2026\/01\/imagem-107.jpg","contentUrl":"https:\/\/lacerdaai.com\/br\/wp-content\/uploads\/2026\/01\/imagem-107.jpg","width":2213,"height":1245},{"@type":"BreadcrumbList","@id":"https:\/\/lacerdaai.com\/br\/tesla-navegando-pelos-ventos-contrarios-por-que-2025-pode-marcar-uma-queda-historica-de-receita\/#breadcrumb","itemListElement":[{"@type":"ListItem","position":1,"name":"In\u00edcio","item":"https:\/\/lacerdaai.com\/br\/"},{"@type":"ListItem","position":2,"name":"Tesla: Navegando Pelos Ventos Contr\u00e1rios \u2013 Por Que 2025 Pode Marcar Uma Queda Hist\u00f3rica de Receita?"}]},{"@type":"WebSite","@id":"https:\/\/lacerdaai.com\/br\/#website","url":"https:\/\/lacerdaai.com\/br\/","name":"Lacerda AI","description":"Seu blog di\u00e1rio de novidades do mundo da Inteligencia Artificial","potentialAction":[{"@type":"SearchAction","target":{"@type":"EntryPoint","urlTemplate":"https:\/\/lacerdaai.com\/br\/?s={search_term_string}"},"query-input":{"@type":"PropertyValueSpecification","valueRequired":true,"valueName":"search_term_string"}}],"inLanguage":"pt-BR"},{"@type":"Person","@id":"https:\/\/lacerdaai.com\/br\/#\/schema\/person\/8bad803c2e83a0c5c5c75e02a1c2248f","name":"Andr\u00e9 Lacerda","image":{"@type":"ImageObject","inLanguage":"pt-BR","@id":"https:\/\/lacerdaai.com\/br\/#\/schema\/person\/image\/","url":"https:\/\/secure.gravatar.com\/avatar\/f5c1fa5ad9763f54c1f223c3fc91f131da6288c9f9e28d74bb3c355ad99af205?s=96&d=mm&r=g","contentUrl":"https:\/\/secure.gravatar.com\/avatar\/f5c1fa5ad9763f54c1f223c3fc91f131da6288c9f9e28d74bb3c355ad99af205?s=96&d=mm&r=g","caption":"Andr\u00e9 Lacerda"},"description":"Sou o Andr\u00e9 Lacerda, tenho 35 anos e sou apaixonado por tecnologia, intelig\u00eancia artificial e boas hist\u00f3rias. Me formei em Tecnologia e Jornalismo \u2014 sim, uma mistura meio improv\u00e1vel, mas que combina muito comigo. J\u00e1 morei no Canad\u00e1 e na Espanha, e essas experi\u00eancias me ajudaram a enxergar a inova\u00e7\u00e3o com um olhar mais global (e a me virar bem em tr\u00eas idiomas \ud83d\ude04). Trabalhei em algumas das maiores empresas de tecnologia do mercado e, hoje, atuo como consultor ajudando neg\u00f3cios a entenderem e aplicarem IA de forma pr\u00e1tica, estrat\u00e9gica e humana. Gosto de traduzir o complexo em algo simples \u2014 e \u00e9 isso que voc\u00ea vai encontrar por aqui.","sameAs":["http:\/\/lacerdaai.com\/br"],"url":"https:\/\/lacerdaai.com\/br\/author\/red-admin\/"}]}},"_links":{"self":[{"href":"https:\/\/lacerdaai.com\/br\/wp-json\/wp\/v2\/posts\/3410","targetHints":{"allow":["GET"]}}],"collection":[{"href":"https:\/\/lacerdaai.com\/br\/wp-json\/wp\/v2\/posts"}],"about":[{"href":"https:\/\/lacerdaai.com\/br\/wp-json\/wp\/v2\/types\/post"}],"author":[{"embeddable":true,"href":"https:\/\/lacerdaai.com\/br\/wp-json\/wp\/v2\/users\/1"}],"replies":[{"embeddable":true,"href":"https:\/\/lacerdaai.com\/br\/wp-json\/wp\/v2\/comments?post=3410"}],"version-history":[{"count":1,"href":"https:\/\/lacerdaai.com\/br\/wp-json\/wp\/v2\/posts\/3410\/revisions"}],"predecessor-version":[{"id":3411,"href":"https:\/\/lacerdaai.com\/br\/wp-json\/wp\/v2\/posts\/3410\/revisions\/3411"}],"wp:featuredmedia":[{"embeddable":true,"href":"https:\/\/lacerdaai.com\/br\/wp-json\/wp\/v2\/media\/3409"}],"wp:attachment":[{"href":"https:\/\/lacerdaai.com\/br\/wp-json\/wp\/v2\/media?parent=3410"}],"wp:term":[{"taxonomy":"category","embeddable":true,"href":"https:\/\/lacerdaai.com\/br\/wp-json\/wp\/v2\/categories?post=3410"},{"taxonomy":"post_tag","embeddable":true,"href":"https:\/\/lacerdaai.com\/br\/wp-json\/wp\/v2\/tags?post=3410"}],"curies":[{"name":"wp","href":"https:\/\/api.w.org\/{rel}","templated":true}]}}