{"id":3431,"date":"2026-01-30T16:38:16","date_gmt":"2026-01-30T19:38:16","guid":{"rendered":"https:\/\/lacerdaai.com\/br\/a-geracao-digital-e-o-dilema-da-ia-sera-que-a-inteligencia-artificial-esta-substituindo-nossas-habilidades-sociais\/"},"modified":"2026-01-30T16:38:20","modified_gmt":"2026-01-30T19:38:20","slug":"a-geracao-digital-e-o-dilema-da-ia-sera-que-a-inteligencia-artificial-esta-substituindo-nossas-habilidades-sociais","status":"publish","type":"post","link":"https:\/\/lacerdaai.com\/br\/a-geracao-digital-e-o-dilema-da-ia-sera-que-a-inteligencia-artificial-esta-substituindo-nossas-habilidades-sociais\/","title":{"rendered":"A Gera\u00e7\u00e3o Digital e o Dilema da IA: Ser\u00e1 que a Intelig\u00eancia Artificial est\u00e1 Substituindo Nossas Habilidades Sociais?"},"content":{"rendered":"<p>Imagine um mundo onde cada dilema social, cada conversa dif\u00edcil ou cada incerteza sobre como agir \u00e9 resolvido com a ajuda de uma tecnologia que aprende e se adapta. N\u00e3o \u00e9 fic\u00e7\u00e3o cient\u00edfica, mas uma realidade cada vez mais presente na vida dos jovens, impulsionada pela intelig\u00eancia artificial (IA). Mas, enquanto a IA promete conveni\u00eancia e respostas r\u00e1pidas, uma quest\u00e3o crucial emerge: estamos, sem perceber, permitindo que ela substitua o desenvolvimento de nossas mais intr\u00ednsecas intui\u00e7\u00f5es sociais, as mesmas que moldam nossa capacidade de nos conectar e florescer em sociedade? <\/p>\n<p>A era digital transformou radicalmente a maneira como nos comunicamos. Desde os primeiros computadores pessoais at\u00e9 os smartphones onipresentes, a tecnologia sempre redefiniu nossos limites sociais. Agora, a ascens\u00e3o da IA nos apresenta um novo paradigma. Chatbots que simulam conversas humanas, algoritmos de redes sociais que curam nossos feeds para nos manter engajados e at\u00e9 mesmo companheiros virtuais de IA est\u00e3o se tornando parte do cotidiano de muitos jovens. A conveni\u00eancia \u00e9 ineg\u00e1vel, mas a sombra de uma preocupa\u00e7\u00e3o ronda: o que acontece com a capacidade humana de navegar nas complexidades sociais quando uma m\u00e1quina est\u00e1 sempre pronta para oferecer um atalho?<\/p>\n<h3><strong>Intelig\u00eancia Artificial e Habilidades Sociais<\/strong>: Entendendo a Substitui\u00e7\u00e3o das Intui\u00e7\u00f5es<\/h3>\n<p>No cerne da preocupa\u00e7\u00e3o est\u00e1 a forma como a <strong>Intelig\u00eancia Artificial e Habilidades Sociais<\/strong> se entrela\u00e7am na vida dos jovens. A intui\u00e7\u00e3o social \u00e9 essa capacidade quase inata de \u201cler\u201d uma sala, interpretar a linguagem corporal, captar o tom de voz e entender as emo\u00e7\u00f5es n\u00e3o ditas. \u00c9 o que nos permite saber quando \u00e9 a hora de falar, quando silenciar, quando oferecer apoio ou quando recuar. Essa habilidade n\u00e3o nasce pronta; ela \u00e9 forjada por meio de milhares de intera\u00e7\u00f5es, de erros, de tentativas e de um complexo sistema de feedback que recebemos do mundo real.<\/p>\n<p>Contudo, a IA moderna, com seus algoritmos sofisticados e vastos bancos de dados, est\u00e1 come\u00e7ando a oferecer substitutos para esse processo org\u00e2nico. Pense nos assistentes de escrita baseados em IA que podem formular e-mails ou mensagens para diversas situa\u00e7\u00f5es, desde um pedido de desculpas at\u00e9 uma solicita\u00e7\u00e3o profissional. Ou em plataformas que sugerem respostas em aplicativos de namoro ou em intera\u00e7\u00f5es profissionais. Para um jovem inseguro ou ansioso, a tenta\u00e7\u00e3o de usar essas ferramentas para evitar o desconforto da incerteza social \u00e9 enorme. A IA pode simular conversas, prever rea\u00e7\u00f5es e at\u00e9 mesmo aconselhar sobre o \u201cmelhor\u201d curso de a\u00e7\u00e3o em um dilema social. Isso levanta o debate fundamental sobre se a facilidade da <strong>Intelig\u00eancia Artificial e Habilidades Sociais<\/strong> est\u00e1 realmente fortalecendo ou sutilmente erodindo nossa capacidade inata de nos conectar.<\/p>\n<p>A comodidade oferecida pela IA pode criar uma depend\u00eancia, onde a pr\u00e1tica de decifrar nuances sociais, de experimentar a frustra\u00e7\u00e3o de um mal-entendido ou de sentir a alegria de uma conex\u00e3o genu\u00edna, \u00e9 subestimada. A IA opera em l\u00f3gicas e dados, mas as rela\u00e7\u00f5es humanas s\u00e3o um emaranhado de emo\u00e7\u00f5es, subjetividades e imprevisibilidades. A pr\u00e1tica de lidar com essas vari\u00e1veis \u00e9 crucial para o amadurecimento emocional e social. Se os jovens est\u00e3o cada vez mais terceirizando essa pr\u00e1tica para algoritmos, como eles aprender\u00e3o a discernir a ironia, a empatia verdadeira ou a autenticidade de uma amizade? A capacidade de desenvolver uma robusta <strong>Intelig\u00eancia Artificial e Habilidades Sociais<\/strong> aut\u00eanticas depende da pr\u00e1tica e da exposi\u00e7\u00e3o ao imprevis\u00edvel, ao humano, ao real.<\/p>\n<h3>O Vazio da Conex\u00e3o Artificial: Desafios e Consequ\u00eancias<\/h3>\n<p>Apesar dos avan\u00e7os not\u00e1veis, a intera\u00e7\u00e3o com a IA, por mais sofisticada que seja, carece da riqueza e da profundidade que caracterizam as rela\u00e7\u00f5es humanas. A falta de feedback emocional aut\u00eantico \u00e9 um dos maiores desafios. Em uma conversa real, nosso c\u00e9rebro processa uma avalanche de informa\u00e7\u00f5es: express\u00f5es faciais, tom de voz, postura, gestos. Esses sinais nos permitem calibrar nossas respostas, desenvolver empatia e construir uma compreens\u00e3o m\u00fatua. A IA, por enquanto, pode simular esses feedbacks, mas n\u00e3o pode *sentir* ou *compreender* verdadeiramente o impacto emocional de uma intera\u00e7\u00e3o.<\/p>\n<p>O impacto da <strong>Intelig\u00eancia Artificial e Habilidades Sociais<\/strong> no longo prazo \u00e9 uma preocupa\u00e7\u00e3o crescente. A super-recorr\u00eancia a solu\u00e7\u00f5es de IA para lidar com intera\u00e7\u00f5es sociais pode levar a um empobrecimento das habilidades de comunica\u00e7\u00e3o interpessoal no mundo real. Isso se manifesta em dificuldades para iniciar e manter conversas, interpretar sinais n\u00e3o verbais, resolver conflitos sem a media\u00e7\u00e3o de uma tela, ou mesmo expressar emo\u00e7\u00f5es de forma adequada e genu\u00edna. Al\u00e9m disso, a constante exposi\u00e7\u00e3o a intera\u00e7\u00f5es mediadas por IA ou por algoritmos de redes sociais, que muitas vezes apresentam vers\u00f5es idealizadas ou filtradas da realidade, pode distorcer a percep\u00e7\u00e3o dos jovens sobre o que \u00e9 uma intera\u00e7\u00e3o social \u201cnormal\u201d ou \u201cbem-sucedida\u201d. Isso pode alimentar a ansiedade social, o medo de ser julgado e a sensa\u00e7\u00e3o de inadequa\u00e7\u00e3o, criando um ciclo vicioso de isolamento digital e dificuldade no mundo f\u00edsico.<\/p>\n<p>Estudos e observa\u00e7\u00f5es em psicologia e sociologia j\u00e1 apontam para a ironia da era digital: apesar de estarmos mais conectados do que nunca, muitos jovens relatam sentir-se mais sozinhos. A conveni\u00eancia de ter um assistente de IA ou um chatbot como confidente pode, paradoxalmente, diminuir o esfor\u00e7o necess\u00e1rio para cultivar amizades e relacionamentos significativos na vida real. Quando uma IA pode oferecer valida\u00e7\u00e3o e aten\u00e7\u00e3o 24 horas por dia, 7 dias por semana, sem o \u201cdrama\u201d ou a complexidade das emo\u00e7\u00f5es humanas, a motiva\u00e7\u00e3o para investir em conex\u00f5es que exigem vulnerabilidade e esfor\u00e7o pode diminuir. Ainda estamos aprendendo as nuances de como a <strong>Intelig\u00eancia Artificial e Habilidades Sociais<\/strong> podem coexistir de forma saud\u00e1vel. A quest\u00e3o da \u201cautenticidade\u201d nas intera\u00e7\u00f5es mediadas por IA \u00e9 central: pode uma conex\u00e3o ser verdadeiramente humana se uma das partes \u00e9 uma m\u00e1quina, por mais avan\u00e7ada que seja?<\/p>\n<h3>Navegando o Labirinto Digital: Construindo Habilidades Sociais na Era da IA<\/h3>\n<p>Reconhecer que a IA \u00e9 uma ferramenta poderosa e que veio para ficar \u00e9 o primeiro passo. O objetivo n\u00e3o \u00e9 demonizar a tecnologia, mas sim encontrar um equil\u00edbrio saud\u00e1vel, garantindo que o desenvolvimento das habilidades sociais essenciais n\u00e3o seja negligenciado. Para garantir que a <strong>Intelig\u00eancia Artificial e Habilidades Sociais<\/strong> evoluam de maneira complementar, \u00e9 preciso um esfor\u00e7o consciente e multifacetado, envolvendo jovens, pais, educadores e a pr\u00f3pria ind\u00fastria de tecnologia.<\/p>\n<p>Primeiramente, \u00e9 crucial incentivar e priorizar as intera\u00e7\u00f5es no mundo real. Isso significa encorajar atividades extracurriculares, esportes em equipe, clubes de debate, voluntariado e encontros sociais presenciais. Os pais podem liderar pelo exemplo, estabelecendo limites para o uso de telas e promovendo jantares em fam\u00edlia onde a comunica\u00e7\u00e3o face a face \u00e9 valorizada. As escolas t\u00eam um papel vital na educa\u00e7\u00e3o para a cidadania digital, ensinando n\u00e3o apenas como usar a tecnologia, mas tamb\u00e9m como ela afeta o comportamento e as rela\u00e7\u00f5es humanas. \u00c9 essencial educar os jovens sobre a rela\u00e7\u00e3o entre <strong>Intelig\u00eancia Artificial e Habilidades Sociais<\/strong>, mostrando tanto os benef\u00edcios quanto os riscos.<\/p>\n<p>Al\u00e9m disso, desenvolver a \u201cliteracia de IA\u201d \u00e9 fundamental. Isso implica ensinar os jovens a compreender como a IA funciona, suas limita\u00e7\u00f5es, vieses potenciais e a import\u00e2ncia de usar o pensamento cr\u00edtico ao interagir com ela. Eles precisam entender que, embora a IA possa ser uma ferramenta de apoio, ela n\u00e3o pode substituir a complexidade e a profundidade das emo\u00e7\u00f5es e intera\u00e7\u00f5es humanas. A verdadeira empatia, a capacidade de negociar, de perdoar, de amar e de construir um senso de comunidade, s\u00e3o experi\u00eancias intrinsecamente humanas que s\u00f3 podem ser plenamente desenvolvidas atrav\u00e9s da viv\u00eancia e da conex\u00e3o com outros seres humanos. A IA pode otimizar processos, mas aprimorar a alma humana e suas rela\u00e7\u00f5es continua sendo um trabalho exclusivamente nosso. O futuro de uma sociedade conectada e emp\u00e1tica depende de como escolhemos integrar a tecnologia em nossas vidas, sem perder de vista o que nos torna essencialmente humanos.<\/p>\n<p>A jornada entre a <strong>Intelig\u00eancia Artificial e Habilidades Sociais<\/strong> est\u00e1 apenas come\u00e7ando. Embora a IA ofere\u00e7a conveni\u00eancia e solu\u00e7\u00f5es para muitos dos desafios da vida moderna, ela tamb\u00e9m apresenta um dilema fundamental para o desenvolvimento social dos jovens. A tenta\u00e7\u00e3o de usar a IA como um atalho para evitar o desconforto e a incerteza das intera\u00e7\u00f5es humanas \u00e9 real e compreens\u00edvel, mas ceder a ela indiscriminadamente pode ter custos invis\u00edveis e de longo prazo para a nossa capacidade de nos conectar e prosperar em comunidade.<\/p>\n<p>O verdadeiro desafio para nossa gera\u00e7\u00e3o \u00e9 encontrar um equil\u00edbrio. Devemos abra\u00e7ar o potencial transformador da IA, ao mesmo tempo em que protegemos e nutrimos as qualidades humanas insubstitu\u00edveis que nos permitem formar la\u00e7os genu\u00ednos, desenvolver empatia e construir uma sociedade mais coesa. Nosso futuro n\u00e3o ser\u00e1 definido pela tecnologia por si s\u00f3, mas pela sabedoria com que a utilizamos. \u00c9 imperativo que invistamos tempo e esfor\u00e7o na educa\u00e7\u00e3o e na pr\u00e1tica de habilidades sociais no mundo real, garantindo que a conveni\u00eancia tecnol\u00f3gica n\u00e3o se torne um substituto para a riqueza das experi\u00eancias humanas. Nosso desafio \u00e9 garantir que a <strong>Intelig\u00eancia Artificial e Habilidades Sociais<\/strong> se desenvolvam em harmonia, enriquecendo a experi\u00eancia humana em vez de a diminuir.<\/p>\n","protected":false},"excerpt":{"rendered":"<p>Imagine um mundo onde cada dilema social, cada conversa dif\u00edcil ou cada incerteza sobre como agir \u00e9 resolvido com a ajuda de uma tecnologia que aprende e se adapta. N\u00e3o \u00e9 fic\u00e7\u00e3o cient\u00edfica, mas uma realidade cada vez mais presente na vida dos jovens, impulsionada pela intelig\u00eancia artificial (IA). Mas, enquanto a IA promete conveni\u00eancia [&hellip;]<\/p>\n","protected":false},"author":1,"featured_media":3430,"comment_status":"open","ping_status":"open","sticky":false,"template":"","format":"standard","meta":{"_yoast_wpseo_focuskw":"Intelig\u00eancia Artificial e Habilidades Sociais","_yoast_wpseo_metadesc":"Explore como a intelig\u00eancia artificial est\u00e1 moldando as intera\u00e7\u00f5es dos jovens, substituindo intui\u00e7\u00f5es sociais e os desafios para o desenvolvimento de habilidades essenciais no mundo real. Uma an\u00e1lise profunda sobre Intelig\u00eancia Artificial e Habilidades Sociais, e o futuro das rela\u00e7\u00f5es humanas.","footnotes":""},"categories":[2],"tags":[],"class_list":["post-3431","post","type-post","status-publish","format-standard","has-post-thumbnail","hentry","category-novidades"],"yoast_head":"<!-- This site is optimized with the Yoast SEO plugin v25.6 - https:\/\/yoast.com\/wordpress\/plugins\/seo\/ -->\n<title>A Gera\u00e7\u00e3o Digital e o Dilema da IA: Ser\u00e1 que a Intelig\u00eancia Artificial est\u00e1 Substituindo Nossas Habilidades Sociais? - Lacerda AI<\/title>\n<meta name=\"description\" content=\"Explore como a intelig\u00eancia artificial est\u00e1 moldando as intera\u00e7\u00f5es dos jovens, substituindo intui\u00e7\u00f5es sociais e os desafios para o desenvolvimento de habilidades essenciais no mundo real. Uma an\u00e1lise profunda sobre Intelig\u00eancia Artificial e Habilidades Sociais, e o futuro das rela\u00e7\u00f5es humanas.\" \/>\n<meta name=\"robots\" content=\"index, follow, max-snippet:-1, max-image-preview:large, max-video-preview:-1\" \/>\n<link rel=\"canonical\" href=\"https:\/\/lacerdaai.com\/br\/a-geracao-digital-e-o-dilema-da-ia-sera-que-a-inteligencia-artificial-esta-substituindo-nossas-habilidades-sociais\/\" \/>\n<meta property=\"og:locale\" content=\"pt_BR\" \/>\n<meta property=\"og:type\" content=\"article\" \/>\n<meta property=\"og:title\" content=\"A Gera\u00e7\u00e3o Digital e o Dilema da IA: Ser\u00e1 que a Intelig\u00eancia Artificial est\u00e1 Substituindo Nossas Habilidades Sociais? - Lacerda AI\" \/>\n<meta property=\"og:description\" content=\"Explore como a intelig\u00eancia artificial est\u00e1 moldando as intera\u00e7\u00f5es dos jovens, substituindo intui\u00e7\u00f5es sociais e os desafios para o desenvolvimento de habilidades essenciais no mundo real. Uma an\u00e1lise profunda sobre Intelig\u00eancia Artificial e Habilidades Sociais, e o futuro das rela\u00e7\u00f5es humanas.\" \/>\n<meta property=\"og:url\" content=\"https:\/\/lacerdaai.com\/br\/a-geracao-digital-e-o-dilema-da-ia-sera-que-a-inteligencia-artificial-esta-substituindo-nossas-habilidades-sociais\/\" \/>\n<meta property=\"og:site_name\" content=\"Lacerda AI\" \/>\n<meta property=\"article:published_time\" content=\"2026-01-30T19:38:16+00:00\" \/>\n<meta property=\"article:modified_time\" content=\"2026-01-30T19:38:20+00:00\" \/>\n<meta name=\"author\" content=\"Andr\u00e9 Lacerda\" \/>\n<meta name=\"twitter:card\" content=\"summary_large_image\" \/>\n<meta name=\"twitter:label1\" content=\"Escrito por\" \/>\n\t<meta name=\"twitter:data1\" content=\"Andr\u00e9 Lacerda\" \/>\n\t<meta name=\"twitter:label2\" content=\"Est. tempo de leitura\" \/>\n\t<meta name=\"twitter:data2\" content=\"8 minutos\" \/>\n<script type=\"application\/ld+json\" class=\"yoast-schema-graph\">{\"@context\":\"https:\/\/schema.org\",\"@graph\":[{\"@type\":\"WebPage\",\"@id\":\"https:\/\/lacerdaai.com\/br\/a-geracao-digital-e-o-dilema-da-ia-sera-que-a-inteligencia-artificial-esta-substituindo-nossas-habilidades-sociais\/\",\"url\":\"https:\/\/lacerdaai.com\/br\/a-geracao-digital-e-o-dilema-da-ia-sera-que-a-inteligencia-artificial-esta-substituindo-nossas-habilidades-sociais\/\",\"name\":\"A Gera\u00e7\u00e3o Digital e o Dilema da IA: Ser\u00e1 que a Intelig\u00eancia Artificial est\u00e1 Substituindo Nossas Habilidades Sociais? - Lacerda AI\",\"isPartOf\":{\"@id\":\"https:\/\/lacerdaai.com\/br\/#website\"},\"primaryImageOfPage\":{\"@id\":\"https:\/\/lacerdaai.com\/br\/a-geracao-digital-e-o-dilema-da-ia-sera-que-a-inteligencia-artificial-esta-substituindo-nossas-habilidades-sociais\/#primaryimage\"},\"image\":{\"@id\":\"https:\/\/lacerdaai.com\/br\/a-geracao-digital-e-o-dilema-da-ia-sera-que-a-inteligencia-artificial-esta-substituindo-nossas-habilidades-sociais\/#primaryimage\"},\"thumbnailUrl\":\"https:\/\/lacerdaai.com\/br\/wp-content\/uploads\/2026\/01\/imagem-114.jpg\",\"datePublished\":\"2026-01-30T19:38:16+00:00\",\"dateModified\":\"2026-01-30T19:38:20+00:00\",\"author\":{\"@id\":\"https:\/\/lacerdaai.com\/br\/#\/schema\/person\/8bad803c2e83a0c5c5c75e02a1c2248f\"},\"description\":\"Explore como a intelig\u00eancia artificial est\u00e1 moldando as intera\u00e7\u00f5es dos jovens, substituindo intui\u00e7\u00f5es sociais e os desafios para o desenvolvimento de habilidades essenciais no mundo real. Uma an\u00e1lise profunda sobre Intelig\u00eancia Artificial e Habilidades Sociais, e o futuro das rela\u00e7\u00f5es humanas.\",\"breadcrumb\":{\"@id\":\"https:\/\/lacerdaai.com\/br\/a-geracao-digital-e-o-dilema-da-ia-sera-que-a-inteligencia-artificial-esta-substituindo-nossas-habilidades-sociais\/#breadcrumb\"},\"inLanguage\":\"pt-BR\",\"potentialAction\":[{\"@type\":\"ReadAction\",\"target\":[\"https:\/\/lacerdaai.com\/br\/a-geracao-digital-e-o-dilema-da-ia-sera-que-a-inteligencia-artificial-esta-substituindo-nossas-habilidades-sociais\/\"]}]},{\"@type\":\"ImageObject\",\"inLanguage\":\"pt-BR\",\"@id\":\"https:\/\/lacerdaai.com\/br\/a-geracao-digital-e-o-dilema-da-ia-sera-que-a-inteligencia-artificial-esta-substituindo-nossas-habilidades-sociais\/#primaryimage\",\"url\":\"https:\/\/lacerdaai.com\/br\/wp-content\/uploads\/2026\/01\/imagem-114.jpg\",\"contentUrl\":\"https:\/\/lacerdaai.com\/br\/wp-content\/uploads\/2026\/01\/imagem-114.jpg\",\"width\":1600,\"height\":900},{\"@type\":\"BreadcrumbList\",\"@id\":\"https:\/\/lacerdaai.com\/br\/a-geracao-digital-e-o-dilema-da-ia-sera-que-a-inteligencia-artificial-esta-substituindo-nossas-habilidades-sociais\/#breadcrumb\",\"itemListElement\":[{\"@type\":\"ListItem\",\"position\":1,\"name\":\"In\u00edcio\",\"item\":\"https:\/\/lacerdaai.com\/br\/\"},{\"@type\":\"ListItem\",\"position\":2,\"name\":\"A Gera\u00e7\u00e3o Digital e o Dilema da IA: Ser\u00e1 que a Intelig\u00eancia Artificial est\u00e1 Substituindo Nossas Habilidades Sociais?\"}]},{\"@type\":\"WebSite\",\"@id\":\"https:\/\/lacerdaai.com\/br\/#website\",\"url\":\"https:\/\/lacerdaai.com\/br\/\",\"name\":\"Lacerda AI\",\"description\":\"Seu blog di\u00e1rio de novidades do mundo da Inteligencia Artificial\",\"potentialAction\":[{\"@type\":\"SearchAction\",\"target\":{\"@type\":\"EntryPoint\",\"urlTemplate\":\"https:\/\/lacerdaai.com\/br\/?s={search_term_string}\"},\"query-input\":{\"@type\":\"PropertyValueSpecification\",\"valueRequired\":true,\"valueName\":\"search_term_string\"}}],\"inLanguage\":\"pt-BR\"},{\"@type\":\"Person\",\"@id\":\"https:\/\/lacerdaai.com\/br\/#\/schema\/person\/8bad803c2e83a0c5c5c75e02a1c2248f\",\"name\":\"Andr\u00e9 Lacerda\",\"image\":{\"@type\":\"ImageObject\",\"inLanguage\":\"pt-BR\",\"@id\":\"https:\/\/lacerdaai.com\/br\/#\/schema\/person\/image\/\",\"url\":\"https:\/\/secure.gravatar.com\/avatar\/f5c1fa5ad9763f54c1f223c3fc91f131da6288c9f9e28d74bb3c355ad99af205?s=96&d=mm&r=g\",\"contentUrl\":\"https:\/\/secure.gravatar.com\/avatar\/f5c1fa5ad9763f54c1f223c3fc91f131da6288c9f9e28d74bb3c355ad99af205?s=96&d=mm&r=g\",\"caption\":\"Andr\u00e9 Lacerda\"},\"description\":\"Sou o Andr\u00e9 Lacerda, tenho 35 anos e sou apaixonado por tecnologia, intelig\u00eancia artificial e boas hist\u00f3rias. Me formei em Tecnologia e Jornalismo \u2014 sim, uma mistura meio improv\u00e1vel, mas que combina muito comigo. J\u00e1 morei no Canad\u00e1 e na Espanha, e essas experi\u00eancias me ajudaram a enxergar a inova\u00e7\u00e3o com um olhar mais global (e a me virar bem em tr\u00eas idiomas \ud83d\ude04). Trabalhei em algumas das maiores empresas de tecnologia do mercado e, hoje, atuo como consultor ajudando neg\u00f3cios a entenderem e aplicarem IA de forma pr\u00e1tica, estrat\u00e9gica e humana. Gosto de traduzir o complexo em algo simples \u2014 e \u00e9 isso que voc\u00ea vai encontrar por aqui.\",\"sameAs\":[\"http:\/\/lacerdaai.com\/br\"],\"url\":\"https:\/\/lacerdaai.com\/br\/author\/red-admin\/\"}]}<\/script>\n<!-- \/ Yoast SEO plugin. -->","yoast_head_json":{"title":"A Gera\u00e7\u00e3o Digital e o Dilema da IA: Ser\u00e1 que a Intelig\u00eancia Artificial est\u00e1 Substituindo Nossas Habilidades Sociais? - Lacerda AI","description":"Explore como a intelig\u00eancia artificial est\u00e1 moldando as intera\u00e7\u00f5es dos jovens, substituindo intui\u00e7\u00f5es sociais e os desafios para o desenvolvimento de habilidades essenciais no mundo real. Uma an\u00e1lise profunda sobre Intelig\u00eancia Artificial e Habilidades Sociais, e o futuro das rela\u00e7\u00f5es humanas.","robots":{"index":"index","follow":"follow","max-snippet":"max-snippet:-1","max-image-preview":"max-image-preview:large","max-video-preview":"max-video-preview:-1"},"canonical":"https:\/\/lacerdaai.com\/br\/a-geracao-digital-e-o-dilema-da-ia-sera-que-a-inteligencia-artificial-esta-substituindo-nossas-habilidades-sociais\/","og_locale":"pt_BR","og_type":"article","og_title":"A Gera\u00e7\u00e3o Digital e o Dilema da IA: Ser\u00e1 que a Intelig\u00eancia Artificial est\u00e1 Substituindo Nossas Habilidades Sociais? - Lacerda AI","og_description":"Explore como a intelig\u00eancia artificial est\u00e1 moldando as intera\u00e7\u00f5es dos jovens, substituindo intui\u00e7\u00f5es sociais e os desafios para o desenvolvimento de habilidades essenciais no mundo real. Uma an\u00e1lise profunda sobre Intelig\u00eancia Artificial e Habilidades Sociais, e o futuro das rela\u00e7\u00f5es humanas.","og_url":"https:\/\/lacerdaai.com\/br\/a-geracao-digital-e-o-dilema-da-ia-sera-que-a-inteligencia-artificial-esta-substituindo-nossas-habilidades-sociais\/","og_site_name":"Lacerda AI","article_published_time":"2026-01-30T19:38:16+00:00","article_modified_time":"2026-01-30T19:38:20+00:00","author":"Andr\u00e9 Lacerda","twitter_card":"summary_large_image","twitter_misc":{"Escrito por":"Andr\u00e9 Lacerda","Est. tempo de leitura":"8 minutos"},"schema":{"@context":"https:\/\/schema.org","@graph":[{"@type":"WebPage","@id":"https:\/\/lacerdaai.com\/br\/a-geracao-digital-e-o-dilema-da-ia-sera-que-a-inteligencia-artificial-esta-substituindo-nossas-habilidades-sociais\/","url":"https:\/\/lacerdaai.com\/br\/a-geracao-digital-e-o-dilema-da-ia-sera-que-a-inteligencia-artificial-esta-substituindo-nossas-habilidades-sociais\/","name":"A Gera\u00e7\u00e3o Digital e o Dilema da IA: Ser\u00e1 que a Intelig\u00eancia Artificial est\u00e1 Substituindo Nossas Habilidades Sociais? - Lacerda AI","isPartOf":{"@id":"https:\/\/lacerdaai.com\/br\/#website"},"primaryImageOfPage":{"@id":"https:\/\/lacerdaai.com\/br\/a-geracao-digital-e-o-dilema-da-ia-sera-que-a-inteligencia-artificial-esta-substituindo-nossas-habilidades-sociais\/#primaryimage"},"image":{"@id":"https:\/\/lacerdaai.com\/br\/a-geracao-digital-e-o-dilema-da-ia-sera-que-a-inteligencia-artificial-esta-substituindo-nossas-habilidades-sociais\/#primaryimage"},"thumbnailUrl":"https:\/\/lacerdaai.com\/br\/wp-content\/uploads\/2026\/01\/imagem-114.jpg","datePublished":"2026-01-30T19:38:16+00:00","dateModified":"2026-01-30T19:38:20+00:00","author":{"@id":"https:\/\/lacerdaai.com\/br\/#\/schema\/person\/8bad803c2e83a0c5c5c75e02a1c2248f"},"description":"Explore como a intelig\u00eancia artificial est\u00e1 moldando as intera\u00e7\u00f5es dos jovens, substituindo intui\u00e7\u00f5es sociais e os desafios para o desenvolvimento de habilidades essenciais no mundo real. Uma an\u00e1lise profunda sobre Intelig\u00eancia Artificial e Habilidades Sociais, e o futuro das rela\u00e7\u00f5es humanas.","breadcrumb":{"@id":"https:\/\/lacerdaai.com\/br\/a-geracao-digital-e-o-dilema-da-ia-sera-que-a-inteligencia-artificial-esta-substituindo-nossas-habilidades-sociais\/#breadcrumb"},"inLanguage":"pt-BR","potentialAction":[{"@type":"ReadAction","target":["https:\/\/lacerdaai.com\/br\/a-geracao-digital-e-o-dilema-da-ia-sera-que-a-inteligencia-artificial-esta-substituindo-nossas-habilidades-sociais\/"]}]},{"@type":"ImageObject","inLanguage":"pt-BR","@id":"https:\/\/lacerdaai.com\/br\/a-geracao-digital-e-o-dilema-da-ia-sera-que-a-inteligencia-artificial-esta-substituindo-nossas-habilidades-sociais\/#primaryimage","url":"https:\/\/lacerdaai.com\/br\/wp-content\/uploads\/2026\/01\/imagem-114.jpg","contentUrl":"https:\/\/lacerdaai.com\/br\/wp-content\/uploads\/2026\/01\/imagem-114.jpg","width":1600,"height":900},{"@type":"BreadcrumbList","@id":"https:\/\/lacerdaai.com\/br\/a-geracao-digital-e-o-dilema-da-ia-sera-que-a-inteligencia-artificial-esta-substituindo-nossas-habilidades-sociais\/#breadcrumb","itemListElement":[{"@type":"ListItem","position":1,"name":"In\u00edcio","item":"https:\/\/lacerdaai.com\/br\/"},{"@type":"ListItem","position":2,"name":"A Gera\u00e7\u00e3o Digital e o Dilema da IA: Ser\u00e1 que a Intelig\u00eancia Artificial est\u00e1 Substituindo Nossas Habilidades Sociais?"}]},{"@type":"WebSite","@id":"https:\/\/lacerdaai.com\/br\/#website","url":"https:\/\/lacerdaai.com\/br\/","name":"Lacerda AI","description":"Seu blog di\u00e1rio de novidades do mundo da Inteligencia Artificial","potentialAction":[{"@type":"SearchAction","target":{"@type":"EntryPoint","urlTemplate":"https:\/\/lacerdaai.com\/br\/?s={search_term_string}"},"query-input":{"@type":"PropertyValueSpecification","valueRequired":true,"valueName":"search_term_string"}}],"inLanguage":"pt-BR"},{"@type":"Person","@id":"https:\/\/lacerdaai.com\/br\/#\/schema\/person\/8bad803c2e83a0c5c5c75e02a1c2248f","name":"Andr\u00e9 Lacerda","image":{"@type":"ImageObject","inLanguage":"pt-BR","@id":"https:\/\/lacerdaai.com\/br\/#\/schema\/person\/image\/","url":"https:\/\/secure.gravatar.com\/avatar\/f5c1fa5ad9763f54c1f223c3fc91f131da6288c9f9e28d74bb3c355ad99af205?s=96&d=mm&r=g","contentUrl":"https:\/\/secure.gravatar.com\/avatar\/f5c1fa5ad9763f54c1f223c3fc91f131da6288c9f9e28d74bb3c355ad99af205?s=96&d=mm&r=g","caption":"Andr\u00e9 Lacerda"},"description":"Sou o Andr\u00e9 Lacerda, tenho 35 anos e sou apaixonado por tecnologia, intelig\u00eancia artificial e boas hist\u00f3rias. Me formei em Tecnologia e Jornalismo \u2014 sim, uma mistura meio improv\u00e1vel, mas que combina muito comigo. J\u00e1 morei no Canad\u00e1 e na Espanha, e essas experi\u00eancias me ajudaram a enxergar a inova\u00e7\u00e3o com um olhar mais global (e a me virar bem em tr\u00eas idiomas \ud83d\ude04). Trabalhei em algumas das maiores empresas de tecnologia do mercado e, hoje, atuo como consultor ajudando neg\u00f3cios a entenderem e aplicarem IA de forma pr\u00e1tica, estrat\u00e9gica e humana. Gosto de traduzir o complexo em algo simples \u2014 e \u00e9 isso que voc\u00ea vai encontrar por aqui.","sameAs":["http:\/\/lacerdaai.com\/br"],"url":"https:\/\/lacerdaai.com\/br\/author\/red-admin\/"}]}},"_links":{"self":[{"href":"https:\/\/lacerdaai.com\/br\/wp-json\/wp\/v2\/posts\/3431","targetHints":{"allow":["GET"]}}],"collection":[{"href":"https:\/\/lacerdaai.com\/br\/wp-json\/wp\/v2\/posts"}],"about":[{"href":"https:\/\/lacerdaai.com\/br\/wp-json\/wp\/v2\/types\/post"}],"author":[{"embeddable":true,"href":"https:\/\/lacerdaai.com\/br\/wp-json\/wp\/v2\/users\/1"}],"replies":[{"embeddable":true,"href":"https:\/\/lacerdaai.com\/br\/wp-json\/wp\/v2\/comments?post=3431"}],"version-history":[{"count":1,"href":"https:\/\/lacerdaai.com\/br\/wp-json\/wp\/v2\/posts\/3431\/revisions"}],"predecessor-version":[{"id":3432,"href":"https:\/\/lacerdaai.com\/br\/wp-json\/wp\/v2\/posts\/3431\/revisions\/3432"}],"wp:featuredmedia":[{"embeddable":true,"href":"https:\/\/lacerdaai.com\/br\/wp-json\/wp\/v2\/media\/3430"}],"wp:attachment":[{"href":"https:\/\/lacerdaai.com\/br\/wp-json\/wp\/v2\/media?parent=3431"}],"wp:term":[{"taxonomy":"category","embeddable":true,"href":"https:\/\/lacerdaai.com\/br\/wp-json\/wp\/v2\/categories?post=3431"},{"taxonomy":"post_tag","embeddable":true,"href":"https:\/\/lacerdaai.com\/br\/wp-json\/wp\/v2\/tags?post=3431"}],"curies":[{"name":"wp","href":"https:\/\/api.w.org\/{rel}","templated":true}]}}