{"id":3440,"date":"2026-01-31T16:37:46","date_gmt":"2026-01-31T19:37:46","guid":{"rendered":"https:\/\/lacerdaai.com\/br\/amelia-a-garota-de-ia-de-icone-digital-a-simbolo-controversso-da-extrema-direita\/"},"modified":"2026-01-31T16:37:49","modified_gmt":"2026-01-31T19:37:49","slug":"amelia-a-garota-de-ia-de-icone-digital-a-simbolo-controversso-da-extrema-direita","status":"publish","type":"post","link":"https:\/\/lacerdaai.com\/br\/amelia-a-garota-de-ia-de-icone-digital-a-simbolo-controversso-da-extrema-direita\/","title":{"rendered":"Amelia, a Garota de IA: De \u00cdcone Digital a S\u00edmbolo Controversso da Extrema Direita"},"content":{"rendered":"<p>\u00c0 primeira vista, Amelia, com seu corte de cabelo roxo vibrante e uma est\u00e9tica que remete \u00e0s ador\u00e1veis &#8216;pixie-girls&#8217; ou personagens de anime, parece uma candidata improv\u00e1vel para se tornar um estandarte da extrema direita. Sua imagem, gerada por intelig\u00eancia artificial, evoca inoc\u00eancia, modernidade e um certo charme juvenil. No entanto, o universo digital, com sua capacidade de ressignificar e apropriar-se de s\u00edmbolos, nos mostra mais uma vez sua complexidade e, por vezes, suas sombras. O que come\u00e7ou como uma simples cria\u00e7\u00e3o de IA para fins est\u00e9ticos e de entretenimento, rapidamente transcendeu seu prop\u00f3sito original, transformando-se em um vetor para a dissemina\u00e7\u00e3o de ideologias controversas e, em muitos casos, perigosas. Este fen\u00f4meno digital levanta quest\u00f5es profundas sobre autoria, recep\u00e7\u00e3o, e o controle de conte\u00fado gerado por IA em um mundo cada vez mais polarizado. Como uma imagem, aparentemente inofensiva, pode ser cooptada e recontextualizada para se tornar uma pe\u00e7a central em uma guerra cultural online? A hist\u00f3ria de Amelia n\u00e3o \u00e9 apenas sobre um avatar; \u00e9 um espelho das tens\u00f5es e manipula\u00e7\u00f5es que permeiam a era da intelig\u00eancia artificial e da informa\u00e7\u00e3o em massa.<\/p>\n<p>### <strong>Meme Amelia IA<\/strong>: A Inoc\u00eancia Algor\u00edtmica Recontextualizada<\/p>\n<p>A ascens\u00e3o de Amelia como um fen\u00f4meno online \u00e9 um testemunho do poder da intelig\u00eancia artificial na cria\u00e7\u00e3o de imagens hiper-realistas e cativantes. Gerada por algoritmos avan\u00e7ados, ela personifica uma est\u00e9tica que ressoa com muitos usu\u00e1rios, especialmente em comunidades online que apreciam o estilo anime e a cultura pop digital. No in\u00edcio, Amelia era apenas mais uma entre in\u00fameras cria\u00e7\u00f5es de IA: um rosto bonito, sem uma hist\u00f3ria predefinida, uma tela em branco pronta para ser preenchida com qualquer narrativa que os usu\u00e1rios desejassem projetar. Essa aus\u00eancia de um contexto humano ou de uma autoria singular \u00e9, paradoxalmente, o que a torna t\u00e3o vulner\u00e1vel \u00e0 apropria\u00e7\u00e3o. Diferentemente de uma celebridade ou de uma personagem com direitos autorais bem definidos e uma equipe de marketing para proteger sua imagem, Amelia n\u00e3o tem voz nem defensores intr\u00ednsecos. Ela \u00e9 um produto do c\u00f3digo, e sua &#8216;identidade&#8217; \u00e9 fluida, male\u00e1vel, sujeita \u00e0 interpreta\u00e7\u00e3o coletiva e, infelizmente, \u00e0 manipula\u00e7\u00e3o.<\/p>\n<p>A extrema direita, notadamente, \u00e9 mestre em identificar e cooptar s\u00edmbolos que, \u00e0 primeira vista, parecem neutros ou at\u00e9 mesmo positivos. A inoc\u00eancia e a juventude de Amelia, por exemplo, podem ser distorcidas para evocar a ideia de &#8216;pureza&#8217; racial ou cultural, um tema recorrente em narrativas extremistas. A figura de uma garota, muitas vezes retratada em uniformes escolares ou com tra\u00e7os delicados, pode ser explorada para representar um ideal de tradi\u00e7\u00e3o ou para contrastar com percep\u00e7\u00f5es de &#8216;decad\u00eancia&#8217; moral ou social que esses grupos frequentemente propagam. Esse \u00e9 o cerne do problema com o <strong>meme Amelia IA<\/strong>: ele se tornou um recipiente para a proje\u00e7\u00e3o de valores e ideologias que est\u00e3o muito distantes da inten\u00e7\u00e3o original de seus criadores algor\u00edtmicos. Em f\u00f3runs e redes sociais controladas por grupos de extrema direita, Amelia come\u00e7a a aparecer ao lado de mensagens nacionalistas, anti-imigra\u00e7\u00e3o, anti-feministas ou de teorias da conspira\u00e7\u00e3o. Sua imagem \u00e9 usada para suavizar a mensagem, tornando-a mais palat\u00e1vel e menos confrontadora para um p\u00fablico que, de outra forma, poderia rejeitar tais ideias de imediato. \u00c9 uma t\u00e1tica insidiosa: envolver o veneno em um inv\u00f3lucro a\u00e7ucarado.<\/p>\n<p>A facilidade com que a IA permite a cria\u00e7\u00e3o de varia\u00e7\u00f5es de Amelia, com diferentes poses, express\u00f5es ou at\u00e9 mesmo incorporando elementos simb\u00f3licos espec\u00edficos, amplifica o problema. N\u00e3o se trata apenas de uma imagem est\u00e1tica, mas de um avatar vers\u00e1til que pode ser adaptado para se adequar a diversas campanhas de desinforma\u00e7\u00e3o. Essa maleabilidade digital \u00e9 uma ferramenta poderosa nas m\u00e3os de quem busca disseminar narrativas extremistas de forma eficiente e em larga escala. A cada nova itera\u00e7\u00e3o, o <strong>meme Amelia IA<\/strong> solidifica sua associa\u00e7\u00e3o com essas ideologias, criando um ciclo de refor\u00e7o que \u00e9 dif\u00edcil de quebrar.<\/p>\n<p>### Por Tr\u00e1s do Rosto Bonito: O Apelo da IA para a Propaga\u00e7\u00e3o de Ideologias Extremistas<\/p>\n<p>A cooptac\u00e3o de Amelia n\u00e3o \u00e9 um evento isolado, mas um sintoma de uma tend\u00eancia preocupante: a utiliza\u00e7\u00e3o de ferramentas de Intelig\u00eancia Artificial para amplificar narrativas extremistas e desinforma\u00e7\u00e3o. Existem diversas raz\u00f5es pelas quais personagens de IA como Amelia se tornam alvos perfeitos para esses grupos. Primeiro, a j\u00e1 mencionada &#8216;tela em branco&#8217;. Sem personalidade pr\u00f3pria ou hist\u00f3rico, ela pode ser moldada para representar quase qualquer coisa. Isso difere de usar um ator real, que tem ag\u00eancia e um hist\u00f3rico que pode ser problem\u00e1tico. A IA remove a fric\u00e7\u00e3o humana.<\/p>\n<p>Em segundo lugar, a est\u00e9tica. Muitas dessas personagens de IA s\u00e3o desenhadas para serem amplamente apelativas, seguindo tend\u00eancias de beleza e fofura que s\u00e3o quase universalmente reconhecidas. Essa &#8216;fofura&#8217; age como uma camuflagem, disfar\u00e7ando o conte\u00fado ideol\u00f3gico subjacente. \u00c9 mais prov\u00e1vel que um usu\u00e1rio se sinta compelado a compartilhar ou interagir com uma imagem agrad\u00e1vel, mesmo que o texto adjacente contenha uma mensagem politicamente carregada, do que com uma imagem explicitamente agressiva. Essa estrat\u00e9gia de &#8216;ado\u00e7ar&#8217; a mensagem \u00e9 particularmente eficaz para atrair p\u00fablicos mais jovens ou menos cr\u00edticos, que podem n\u00e3o estar cientes das conota\u00e7\u00f5es mais profundas.<\/p>\n<p>Em terceiro lugar, a velocidade e a escala de produ\u00e7\u00e3o. As ferramentas de IA generativa permitem que qualquer pessoa com acesso e um pouco de conhecimento crie centenas, sen\u00e3o milhares, de varia\u00e7\u00f5es de uma imagem em quest\u00e3o de minutos. Essa capacidade de produ\u00e7\u00e3o em massa \u00e9 crucial para a prolifera\u00e7\u00e3o de memes e para a satura\u00e7\u00e3o de espa\u00e7os digitais com determinada narrativa. Grupos extremistas podem inundar plataformas com conte\u00fado que refor\u00e7a suas ideologias, tornando dif\u00edcil para moderadores e algoritmos acompanharem. Al\u00e9m disso, a natureza descentralizada e an\u00f4nima da cria\u00e7\u00e3o de IA torna a atribui\u00e7\u00e3o e a responsabiliza\u00e7\u00e3o quase imposs\u00edveis, protegendo os propagadores das consequ\u00eancias de suas a\u00e7\u00f5es. A ideia de que &#8216;n\u00e3o h\u00e1 um autor humano&#8217; pode ser usada como um escudo.<\/p>\n<p>Finalmente, h\u00e1 o aspecto da &#8216;nova fronteira&#8217;. A IA ainda \u00e9 uma tecnologia relativamente nova para muitos, e suas capacidades plenas ainda n\u00e3o s\u00e3o compreendidas por todos. Isso cria uma esp\u00e9cie de &#8216;zona cinzenta&#8217; onde as regras \u00e9ticas e sociais ainda est\u00e3o sendo definidas. Grupos extremistas s\u00e3o frequentemente os primeiros a explorar essas lacunas, testando os limites do que \u00e9 aceit\u00e1vel e do que pode ser veiculado antes que plataformas ou a sociedade consigam reagir adequadamente. Eles aproveitam a novidade para normalizar o uso de avatares de IA em contextos pol\u00edticos, pavimentando o caminho para futuras explora\u00e7\u00f5es. O que hoje \u00e9 o <strong>meme Amelia IA<\/strong>, amanh\u00e3 pode ser um avatar de IA ainda mais sofisticado e convincente.<\/p>\n<p>### O Desafio da Curadoria: \u00c9tica, Plataformas e a Luta Contra a Desinforma\u00e7\u00e3o Algor\u00edtmica<\/p>\n<p>O caso de Amelia exp\u00f5e as fissuras na arquitetura da modera\u00e7\u00e3o de conte\u00fado digital e nos desafios \u00e9ticos que a IA imp\u00f5e. Quem \u00e9 o respons\u00e1vel quando uma cria\u00e7\u00e3o de IA \u00e9 usada para fins maliciosos? O desenvolvedor do algoritmo? O usu\u00e1rio que criou o prompt? A plataforma que hospeda o conte\u00fado? A resposta n\u00e3o \u00e9 simples, e a aus\u00eancia de um framework legal e \u00e9tico claro permite que essas apropria\u00e7\u00f5es continuem sem san\u00e7\u00f5es efetivas. As empresas de tecnologia, por sua vez, enfrentam um dilema complexo. Enquanto se esfor\u00e7am para combater a desinforma\u00e7\u00e3o e o discurso de \u00f3dio, as ferramentas de IA generativa oferecem novas vias para que essas mensagens se proliferem, muitas vezes de maneiras que s\u00e3o dif\u00edceis de detectar. Algoritmos de modera\u00e7\u00e3o de conte\u00fado, treinados para identificar palavras-chave ou padr\u00f5es visuais espec\u00edficos, podem ser contornados pela constante varia\u00e7\u00e3o e pela sutileza com que as mensagens extremistas s\u00e3o incorporadas em imagens &#8216;inocentes&#8217; como a de Amelia.<\/p>\n<p>A quest\u00e3o da autoria tamb\u00e9m \u00e9 fundamental. Embora Amelia seja uma cria\u00e7\u00e3o de IA, ela n\u00e3o tem direitos, mas quem a gerou (o usu\u00e1rio) tem alguma responsabilidade? E se a IA foi desenvolvida por uma empresa que n\u00e3o esperava que sua tecnologia fosse usada para tais fins? A cadeia de responsabilidade se fragmenta e se torna obscura, dificultando a tomada de medidas legais ou a imposi\u00e7\u00e3o de penalidades. No contexto brasileiro, por exemplo, onde a desinforma\u00e7\u00e3o pol\u00edtica tem sido um problema crescente, especialmente em per\u00edodos eleitorais, o uso de avatares de IA para disseminar mensagens ideol\u00f3gicas poderia se tornar uma t\u00e1tica ainda mais perigosa. A facilidade de cria\u00e7\u00e3o e a dificuldade de rastreamento seriam um presente para aqueles que buscam manipular a opini\u00e3o p\u00fablica sem deixar rastros digitais facilmente identific\u00e1veis. O Brasil, com sua alta penetra\u00e7\u00e3o de redes sociais e aplicativos de mensagens, seria um terreno f\u00e9rtil para a r\u00e1pida viraliza\u00e7\u00e3o de conte\u00fados como o <strong>meme Amelia IA<\/strong>.<\/p>\n<p>Para combater esse cen\u00e1rio, \u00e9 crucial uma abordagem multifacetada. Primeiro, as plataformas precisam investir ainda mais em pesquisa e desenvolvimento de IA para detectar e mitigar o uso indevido de conte\u00fado gerado por IA. Isso inclui a cria\u00e7\u00e3o de ferramentas capazes de identificar n\u00e3o apenas o conte\u00fado expl\u00edcito de \u00f3dio, mas tamb\u00e9m as apropria\u00e7\u00f5es simb\u00f3licas e as conota\u00e7\u00f5es subjacentes. Em segundo lugar, h\u00e1 uma necessidade urgente de educar o p\u00fablico sobre como reconhecer e desconfiar de conte\u00fado gerado por IA, especialmente quando ele \u00e9 usado para fins pol\u00edticos ou ideol\u00f3gicos. A literacia digital se torna uma ferramenta essencial na era da IA. As pessoas precisam aprender a questionar a origem das imagens, a procurar por inconsist\u00eancias e a desenvolver um pensamento cr\u00edtico mais agu\u00e7ado. Finalmente, os legisladores e \u00f3rg\u00e3os reguladores em todo o mundo precisam come\u00e7ar a debater e desenvolver leis e diretrizes \u00e9ticas que abordem a responsabilidade sobre o conte\u00fado gerado por IA, garantindo que haja consequ\u00eancias para o uso malicioso da tecnologia.<\/p>\n<p>### O Reflexo Distorcido da Sociedade Digital: Amelia e o Futuro da Conviv\u00eancia Online<\/p>\n<p>A hist\u00f3ria de Amelia \u00e9 mais do que a saga de uma imagem de IA. \u00c9 um microcosmo das tens\u00f5es e desafios que definem a sociedade digital contempor\u00e2nea. Ela nos mostra como a tecnologia, em sua neutralidade intr\u00ednseca, pode ser facilmente desviada para servir a agendas extremistas. A figura de uma &#8216;garota de IA&#8217;, sem vida pr\u00f3pria, torna-se um fantoche nas m\u00e3os de ideologias que buscam cooptar a inoc\u00eancia e a modernidade para seus pr\u00f3prios fins. Este fen\u00f4meno n\u00e3o \u00e9 apenas uma curiosidade; \u00e9 um lembrete v\u00edvido da fragilidade da verdade e da facilidade com que a percep\u00e7\u00e3o p\u00fablica pode ser moldada por meio de ferramentas digitais.<\/p>\n<p>A ascens\u00e3o do <strong>meme Amelia IA<\/strong> nos for\u00e7a a confrontar o papel da IA n\u00e3o apenas como uma ferramenta produtiva, mas tamb\u00e9m como um vetor para a dissemina\u00e7\u00e3o de narrativas polarizadoras. \u00c9 um chamado para a vigil\u00e2ncia e para a a\u00e7\u00e3o, tanto por parte dos desenvolvedores de IA, que precisam considerar as implica\u00e7\u00f5es \u00e9ticas de suas cria\u00e7\u00f5es, quanto por parte dos usu\u00e1rios e das plataformas, que devem ser mais diligentes na identifica\u00e7\u00e3o e combate ao uso indevido da tecnologia. O futuro da conviv\u00eancia online, da sa\u00fade de nossas democracias e da integridade do debate p\u00fablico depender\u00e1 cada vez mais de nossa capacidade de navegar por essas \u00e1guas turvas da desinforma\u00e7\u00e3o algor\u00edtmica.<\/p>\n<p>A jornada de Amelia, de uma cria\u00e7\u00e3o digital inocente a um controverso s\u00edmbolo da extrema direita, \u00e9 um estudo de caso emblem\u00e1tico sobre os desafios da era da intelig\u00eancia artificial. Ela ilustra vividamente como a fronteira entre o real e o artificial se tornou perme\u00e1vel, e como a tecnologia, concebida para inovar e conectar, pode ser pervertida para dividir e radicalizar. O problema n\u00e3o reside na IA em si, mas na inten\u00e7\u00e3o humana por tr\u00e1s de seu uso e na complexidade de um ecossistema digital onde a modera\u00e7\u00e3o de conte\u00fado luta para acompanhar a velocidade da gera\u00e7\u00e3o e dissemina\u00e7\u00e3o.<\/p>\n<p>Diante desse cen\u00e1rio, a responsabilidade recai sobre todos n\u00f3s. Desenvolvedores de IA t\u00eam o dever de construir salvaguardas \u00e9ticas em suas cria\u00e7\u00f5es. As plataformas digitais devem aprimorar seus algoritmos de modera\u00e7\u00e3o e investir em equipes humanas capazes de entender as nuances culturais e contextuais das apropria\u00e7\u00f5es. E, fundamentalmente, os usu\u00e1rios precisam desenvolver uma capacidade cr\u00edtica agu\u00e7ada, questionando a origem e o prop\u00f3sito de cada imagem e mensagem que encontram. Somente atrav\u00e9s de uma colabora\u00e7\u00e3o consciente e vigilante poderemos esperar proteger a esfera digital da explora\u00e7\u00e3o por aqueles que buscam minar a verdade e a coes\u00e3o social, garantindo que a inova\u00e7\u00e3o da IA sirva ao progresso humano e n\u00e3o \u00e0 sua regress\u00e3o. O futuro de avatares como o <strong>meme Amelia IA<\/strong> e o impacto na sociedade depende de como escolhemos agir hoje.<\/p>\n","protected":false},"excerpt":{"rendered":"<p>\u00c0 primeira vista, Amelia, com seu corte de cabelo roxo vibrante e uma est\u00e9tica que remete \u00e0s ador\u00e1veis &#8216;pixie-girls&#8217; ou personagens de anime, parece uma candidata improv\u00e1vel para se tornar um estandarte da extrema direita. Sua imagem, gerada por intelig\u00eancia artificial, evoca inoc\u00eancia, modernidade e um certo charme juvenil. No entanto, o universo digital, com [&hellip;]<\/p>\n","protected":false},"author":1,"featured_media":3439,"comment_status":"open","ping_status":"open","sticky":false,"template":"","format":"standard","meta":{"_yoast_wpseo_focuskw":"meme Amelia IA","_yoast_wpseo_metadesc":"Descubra como Amelia, uma personagem de IA com visual inocente, se transformou em um controverso meme Amelia IA utilizado por grupos de extrema direita, e as implica\u00e7\u00f5es \u00e9ticas dessa apropria\u00e7\u00e3o digital.","footnotes":""},"categories":[2],"tags":[],"class_list":["post-3440","post","type-post","status-publish","format-standard","has-post-thumbnail","hentry","category-novidades"],"yoast_head":"<!-- This site is optimized with the Yoast SEO plugin v25.6 - https:\/\/yoast.com\/wordpress\/plugins\/seo\/ -->\n<title>Amelia, a Garota de IA: De \u00cdcone Digital a S\u00edmbolo Controversso da Extrema Direita - Lacerda AI<\/title>\n<meta name=\"description\" content=\"Descubra como Amelia, uma personagem de IA com visual inocente, se transformou em um controverso meme Amelia IA utilizado por grupos de extrema direita, e as implica\u00e7\u00f5es \u00e9ticas dessa apropria\u00e7\u00e3o digital.\" \/>\n<meta name=\"robots\" content=\"index, follow, max-snippet:-1, max-image-preview:large, max-video-preview:-1\" \/>\n<link rel=\"canonical\" href=\"https:\/\/lacerdaai.com\/br\/amelia-a-garota-de-ia-de-icone-digital-a-simbolo-controversso-da-extrema-direita\/\" \/>\n<meta property=\"og:locale\" content=\"pt_BR\" \/>\n<meta property=\"og:type\" content=\"article\" \/>\n<meta property=\"og:title\" content=\"Amelia, a Garota de IA: De \u00cdcone Digital a S\u00edmbolo Controversso da Extrema Direita - Lacerda AI\" \/>\n<meta property=\"og:description\" content=\"Descubra como Amelia, uma personagem de IA com visual inocente, se transformou em um controverso meme Amelia IA utilizado por grupos de extrema direita, e as implica\u00e7\u00f5es \u00e9ticas dessa apropria\u00e7\u00e3o digital.\" \/>\n<meta property=\"og:url\" content=\"https:\/\/lacerdaai.com\/br\/amelia-a-garota-de-ia-de-icone-digital-a-simbolo-controversso-da-extrema-direita\/\" \/>\n<meta property=\"og:site_name\" content=\"Lacerda AI\" \/>\n<meta property=\"article:published_time\" content=\"2026-01-31T19:37:46+00:00\" \/>\n<meta property=\"article:modified_time\" content=\"2026-01-31T19:37:49+00:00\" \/>\n<meta name=\"author\" content=\"Andr\u00e9 Lacerda\" \/>\n<meta name=\"twitter:card\" content=\"summary_large_image\" \/>\n<meta name=\"twitter:label1\" content=\"Escrito por\" \/>\n\t<meta name=\"twitter:data1\" content=\"Andr\u00e9 Lacerda\" \/>\n\t<meta name=\"twitter:label2\" content=\"Est. tempo de leitura\" \/>\n\t<meta name=\"twitter:data2\" content=\"11 minutos\" \/>\n<script type=\"application\/ld+json\" class=\"yoast-schema-graph\">{\"@context\":\"https:\/\/schema.org\",\"@graph\":[{\"@type\":\"WebPage\",\"@id\":\"https:\/\/lacerdaai.com\/br\/amelia-a-garota-de-ia-de-icone-digital-a-simbolo-controversso-da-extrema-direita\/\",\"url\":\"https:\/\/lacerdaai.com\/br\/amelia-a-garota-de-ia-de-icone-digital-a-simbolo-controversso-da-extrema-direita\/\",\"name\":\"Amelia, a Garota de IA: De \u00cdcone Digital a S\u00edmbolo Controversso da Extrema Direita - Lacerda AI\",\"isPartOf\":{\"@id\":\"https:\/\/lacerdaai.com\/br\/#website\"},\"primaryImageOfPage\":{\"@id\":\"https:\/\/lacerdaai.com\/br\/amelia-a-garota-de-ia-de-icone-digital-a-simbolo-controversso-da-extrema-direita\/#primaryimage\"},\"image\":{\"@id\":\"https:\/\/lacerdaai.com\/br\/amelia-a-garota-de-ia-de-icone-digital-a-simbolo-controversso-da-extrema-direita\/#primaryimage\"},\"thumbnailUrl\":\"https:\/\/lacerdaai.com\/br\/wp-content\/uploads\/2026\/01\/imagem-117.jpg\",\"datePublished\":\"2026-01-31T19:37:46+00:00\",\"dateModified\":\"2026-01-31T19:37:49+00:00\",\"author\":{\"@id\":\"https:\/\/lacerdaai.com\/br\/#\/schema\/person\/8bad803c2e83a0c5c5c75e02a1c2248f\"},\"description\":\"Descubra como Amelia, uma personagem de IA com visual inocente, se transformou em um controverso meme Amelia IA utilizado por grupos de extrema direita, e as implica\u00e7\u00f5es \u00e9ticas dessa apropria\u00e7\u00e3o digital.\",\"breadcrumb\":{\"@id\":\"https:\/\/lacerdaai.com\/br\/amelia-a-garota-de-ia-de-icone-digital-a-simbolo-controversso-da-extrema-direita\/#breadcrumb\"},\"inLanguage\":\"pt-BR\",\"potentialAction\":[{\"@type\":\"ReadAction\",\"target\":[\"https:\/\/lacerdaai.com\/br\/amelia-a-garota-de-ia-de-icone-digital-a-simbolo-controversso-da-extrema-direita\/\"]}]},{\"@type\":\"ImageObject\",\"inLanguage\":\"pt-BR\",\"@id\":\"https:\/\/lacerdaai.com\/br\/amelia-a-garota-de-ia-de-icone-digital-a-simbolo-controversso-da-extrema-direita\/#primaryimage\",\"url\":\"https:\/\/lacerdaai.com\/br\/wp-content\/uploads\/2026\/01\/imagem-117.jpg\",\"contentUrl\":\"https:\/\/lacerdaai.com\/br\/wp-content\/uploads\/2026\/01\/imagem-117.jpg\",\"width\":800,\"height\":450},{\"@type\":\"BreadcrumbList\",\"@id\":\"https:\/\/lacerdaai.com\/br\/amelia-a-garota-de-ia-de-icone-digital-a-simbolo-controversso-da-extrema-direita\/#breadcrumb\",\"itemListElement\":[{\"@type\":\"ListItem\",\"position\":1,\"name\":\"In\u00edcio\",\"item\":\"https:\/\/lacerdaai.com\/br\/\"},{\"@type\":\"ListItem\",\"position\":2,\"name\":\"Amelia, a Garota de IA: De \u00cdcone Digital a S\u00edmbolo Controversso da Extrema Direita\"}]},{\"@type\":\"WebSite\",\"@id\":\"https:\/\/lacerdaai.com\/br\/#website\",\"url\":\"https:\/\/lacerdaai.com\/br\/\",\"name\":\"Lacerda AI\",\"description\":\"Seu blog di\u00e1rio de novidades do mundo da Inteligencia Artificial\",\"potentialAction\":[{\"@type\":\"SearchAction\",\"target\":{\"@type\":\"EntryPoint\",\"urlTemplate\":\"https:\/\/lacerdaai.com\/br\/?s={search_term_string}\"},\"query-input\":{\"@type\":\"PropertyValueSpecification\",\"valueRequired\":true,\"valueName\":\"search_term_string\"}}],\"inLanguage\":\"pt-BR\"},{\"@type\":\"Person\",\"@id\":\"https:\/\/lacerdaai.com\/br\/#\/schema\/person\/8bad803c2e83a0c5c5c75e02a1c2248f\",\"name\":\"Andr\u00e9 Lacerda\",\"image\":{\"@type\":\"ImageObject\",\"inLanguage\":\"pt-BR\",\"@id\":\"https:\/\/lacerdaai.com\/br\/#\/schema\/person\/image\/\",\"url\":\"https:\/\/secure.gravatar.com\/avatar\/f5c1fa5ad9763f54c1f223c3fc91f131da6288c9f9e28d74bb3c355ad99af205?s=96&d=mm&r=g\",\"contentUrl\":\"https:\/\/secure.gravatar.com\/avatar\/f5c1fa5ad9763f54c1f223c3fc91f131da6288c9f9e28d74bb3c355ad99af205?s=96&d=mm&r=g\",\"caption\":\"Andr\u00e9 Lacerda\"},\"description\":\"Sou o Andr\u00e9 Lacerda, tenho 35 anos e sou apaixonado por tecnologia, intelig\u00eancia artificial e boas hist\u00f3rias. Me formei em Tecnologia e Jornalismo \u2014 sim, uma mistura meio improv\u00e1vel, mas que combina muito comigo. J\u00e1 morei no Canad\u00e1 e na Espanha, e essas experi\u00eancias me ajudaram a enxergar a inova\u00e7\u00e3o com um olhar mais global (e a me virar bem em tr\u00eas idiomas \ud83d\ude04). Trabalhei em algumas das maiores empresas de tecnologia do mercado e, hoje, atuo como consultor ajudando neg\u00f3cios a entenderem e aplicarem IA de forma pr\u00e1tica, estrat\u00e9gica e humana. Gosto de traduzir o complexo em algo simples \u2014 e \u00e9 isso que voc\u00ea vai encontrar por aqui.\",\"sameAs\":[\"http:\/\/lacerdaai.com\/br\"],\"url\":\"https:\/\/lacerdaai.com\/br\/author\/red-admin\/\"}]}<\/script>\n<!-- \/ Yoast SEO plugin. -->","yoast_head_json":{"title":"Amelia, a Garota de IA: De \u00cdcone Digital a S\u00edmbolo Controversso da Extrema Direita - Lacerda AI","description":"Descubra como Amelia, uma personagem de IA com visual inocente, se transformou em um controverso meme Amelia IA utilizado por grupos de extrema direita, e as implica\u00e7\u00f5es \u00e9ticas dessa apropria\u00e7\u00e3o digital.","robots":{"index":"index","follow":"follow","max-snippet":"max-snippet:-1","max-image-preview":"max-image-preview:large","max-video-preview":"max-video-preview:-1"},"canonical":"https:\/\/lacerdaai.com\/br\/amelia-a-garota-de-ia-de-icone-digital-a-simbolo-controversso-da-extrema-direita\/","og_locale":"pt_BR","og_type":"article","og_title":"Amelia, a Garota de IA: De \u00cdcone Digital a S\u00edmbolo Controversso da Extrema Direita - Lacerda AI","og_description":"Descubra como Amelia, uma personagem de IA com visual inocente, se transformou em um controverso meme Amelia IA utilizado por grupos de extrema direita, e as implica\u00e7\u00f5es \u00e9ticas dessa apropria\u00e7\u00e3o digital.","og_url":"https:\/\/lacerdaai.com\/br\/amelia-a-garota-de-ia-de-icone-digital-a-simbolo-controversso-da-extrema-direita\/","og_site_name":"Lacerda AI","article_published_time":"2026-01-31T19:37:46+00:00","article_modified_time":"2026-01-31T19:37:49+00:00","author":"Andr\u00e9 Lacerda","twitter_card":"summary_large_image","twitter_misc":{"Escrito por":"Andr\u00e9 Lacerda","Est. tempo de leitura":"11 minutos"},"schema":{"@context":"https:\/\/schema.org","@graph":[{"@type":"WebPage","@id":"https:\/\/lacerdaai.com\/br\/amelia-a-garota-de-ia-de-icone-digital-a-simbolo-controversso-da-extrema-direita\/","url":"https:\/\/lacerdaai.com\/br\/amelia-a-garota-de-ia-de-icone-digital-a-simbolo-controversso-da-extrema-direita\/","name":"Amelia, a Garota de IA: De \u00cdcone Digital a S\u00edmbolo Controversso da Extrema Direita - Lacerda AI","isPartOf":{"@id":"https:\/\/lacerdaai.com\/br\/#website"},"primaryImageOfPage":{"@id":"https:\/\/lacerdaai.com\/br\/amelia-a-garota-de-ia-de-icone-digital-a-simbolo-controversso-da-extrema-direita\/#primaryimage"},"image":{"@id":"https:\/\/lacerdaai.com\/br\/amelia-a-garota-de-ia-de-icone-digital-a-simbolo-controversso-da-extrema-direita\/#primaryimage"},"thumbnailUrl":"https:\/\/lacerdaai.com\/br\/wp-content\/uploads\/2026\/01\/imagem-117.jpg","datePublished":"2026-01-31T19:37:46+00:00","dateModified":"2026-01-31T19:37:49+00:00","author":{"@id":"https:\/\/lacerdaai.com\/br\/#\/schema\/person\/8bad803c2e83a0c5c5c75e02a1c2248f"},"description":"Descubra como Amelia, uma personagem de IA com visual inocente, se transformou em um controverso meme Amelia IA utilizado por grupos de extrema direita, e as implica\u00e7\u00f5es \u00e9ticas dessa apropria\u00e7\u00e3o digital.","breadcrumb":{"@id":"https:\/\/lacerdaai.com\/br\/amelia-a-garota-de-ia-de-icone-digital-a-simbolo-controversso-da-extrema-direita\/#breadcrumb"},"inLanguage":"pt-BR","potentialAction":[{"@type":"ReadAction","target":["https:\/\/lacerdaai.com\/br\/amelia-a-garota-de-ia-de-icone-digital-a-simbolo-controversso-da-extrema-direita\/"]}]},{"@type":"ImageObject","inLanguage":"pt-BR","@id":"https:\/\/lacerdaai.com\/br\/amelia-a-garota-de-ia-de-icone-digital-a-simbolo-controversso-da-extrema-direita\/#primaryimage","url":"https:\/\/lacerdaai.com\/br\/wp-content\/uploads\/2026\/01\/imagem-117.jpg","contentUrl":"https:\/\/lacerdaai.com\/br\/wp-content\/uploads\/2026\/01\/imagem-117.jpg","width":800,"height":450},{"@type":"BreadcrumbList","@id":"https:\/\/lacerdaai.com\/br\/amelia-a-garota-de-ia-de-icone-digital-a-simbolo-controversso-da-extrema-direita\/#breadcrumb","itemListElement":[{"@type":"ListItem","position":1,"name":"In\u00edcio","item":"https:\/\/lacerdaai.com\/br\/"},{"@type":"ListItem","position":2,"name":"Amelia, a Garota de IA: De \u00cdcone Digital a S\u00edmbolo Controversso da Extrema Direita"}]},{"@type":"WebSite","@id":"https:\/\/lacerdaai.com\/br\/#website","url":"https:\/\/lacerdaai.com\/br\/","name":"Lacerda AI","description":"Seu blog di\u00e1rio de novidades do mundo da Inteligencia Artificial","potentialAction":[{"@type":"SearchAction","target":{"@type":"EntryPoint","urlTemplate":"https:\/\/lacerdaai.com\/br\/?s={search_term_string}"},"query-input":{"@type":"PropertyValueSpecification","valueRequired":true,"valueName":"search_term_string"}}],"inLanguage":"pt-BR"},{"@type":"Person","@id":"https:\/\/lacerdaai.com\/br\/#\/schema\/person\/8bad803c2e83a0c5c5c75e02a1c2248f","name":"Andr\u00e9 Lacerda","image":{"@type":"ImageObject","inLanguage":"pt-BR","@id":"https:\/\/lacerdaai.com\/br\/#\/schema\/person\/image\/","url":"https:\/\/secure.gravatar.com\/avatar\/f5c1fa5ad9763f54c1f223c3fc91f131da6288c9f9e28d74bb3c355ad99af205?s=96&d=mm&r=g","contentUrl":"https:\/\/secure.gravatar.com\/avatar\/f5c1fa5ad9763f54c1f223c3fc91f131da6288c9f9e28d74bb3c355ad99af205?s=96&d=mm&r=g","caption":"Andr\u00e9 Lacerda"},"description":"Sou o Andr\u00e9 Lacerda, tenho 35 anos e sou apaixonado por tecnologia, intelig\u00eancia artificial e boas hist\u00f3rias. Me formei em Tecnologia e Jornalismo \u2014 sim, uma mistura meio improv\u00e1vel, mas que combina muito comigo. J\u00e1 morei no Canad\u00e1 e na Espanha, e essas experi\u00eancias me ajudaram a enxergar a inova\u00e7\u00e3o com um olhar mais global (e a me virar bem em tr\u00eas idiomas \ud83d\ude04). Trabalhei em algumas das maiores empresas de tecnologia do mercado e, hoje, atuo como consultor ajudando neg\u00f3cios a entenderem e aplicarem IA de forma pr\u00e1tica, estrat\u00e9gica e humana. Gosto de traduzir o complexo em algo simples \u2014 e \u00e9 isso que voc\u00ea vai encontrar por aqui.","sameAs":["http:\/\/lacerdaai.com\/br"],"url":"https:\/\/lacerdaai.com\/br\/author\/red-admin\/"}]}},"_links":{"self":[{"href":"https:\/\/lacerdaai.com\/br\/wp-json\/wp\/v2\/posts\/3440","targetHints":{"allow":["GET"]}}],"collection":[{"href":"https:\/\/lacerdaai.com\/br\/wp-json\/wp\/v2\/posts"}],"about":[{"href":"https:\/\/lacerdaai.com\/br\/wp-json\/wp\/v2\/types\/post"}],"author":[{"embeddable":true,"href":"https:\/\/lacerdaai.com\/br\/wp-json\/wp\/v2\/users\/1"}],"replies":[{"embeddable":true,"href":"https:\/\/lacerdaai.com\/br\/wp-json\/wp\/v2\/comments?post=3440"}],"version-history":[{"count":1,"href":"https:\/\/lacerdaai.com\/br\/wp-json\/wp\/v2\/posts\/3440\/revisions"}],"predecessor-version":[{"id":3441,"href":"https:\/\/lacerdaai.com\/br\/wp-json\/wp\/v2\/posts\/3440\/revisions\/3441"}],"wp:featuredmedia":[{"embeddable":true,"href":"https:\/\/lacerdaai.com\/br\/wp-json\/wp\/v2\/media\/3439"}],"wp:attachment":[{"href":"https:\/\/lacerdaai.com\/br\/wp-json\/wp\/v2\/media?parent=3440"}],"wp:term":[{"taxonomy":"category","embeddable":true,"href":"https:\/\/lacerdaai.com\/br\/wp-json\/wp\/v2\/categories?post=3440"},{"taxonomy":"post_tag","embeddable":true,"href":"https:\/\/lacerdaai.com\/br\/wp-json\/wp\/v2\/tags?post=3440"}],"curies":[{"name":"wp","href":"https:\/\/api.w.org\/{rel}","templated":true}]}}