{"id":3548,"date":"2026-02-07T16:38:14","date_gmt":"2026-02-07T19:38:14","guid":{"rendered":"https:\/\/lacerdaai.com\/br\/a-marcha-inusitada-por-que-um-fundador-de-startup-de-ia-lidera-um-protesto-contra-o-imposto-sobre-a-riqueza-na-california\/"},"modified":"2026-02-07T16:38:16","modified_gmt":"2026-02-07T19:38:16","slug":"a-marcha-inusitada-por-que-um-fundador-de-startup-de-ia-lidera-um-protesto-contra-o-imposto-sobre-a-riqueza-na-california","status":"publish","type":"post","link":"https:\/\/lacerdaai.com\/br\/a-marcha-inusitada-por-que-um-fundador-de-startup-de-ia-lidera-um-protesto-contra-o-imposto-sobre-a-riqueza-na-california\/","title":{"rendered":"A Marcha Inusitada: Por Que um Fundador de Startup de IA Lidera um Protesto Contra o Imposto sobre a Riqueza na Calif\u00f3rnia?"},"content":{"rendered":"<p>No vibrante e, por vezes, exc\u00eantrico ecossistema do Vale do Sil\u00edcio, onde a inova\u00e7\u00e3o \u00e9 rei e fortunas s\u00e3o constru\u00eddas em tempo recorde, surge uma voz de protesto que desafia o senso comum. Imagine a cena: um fundador de uma startup de intelig\u00eancia artificial, personificando o esp\u00edrito empreendedor que move a economia da Calif\u00f3rnia, n\u00e3o est\u00e1 celebrando uma nova rodada de investimentos ou o lan\u00e7amento de um produto revolucion\u00e1rio. Em vez disso, ele est\u00e1 planejando uma audaciosa \u201cMarcha dos Bilion\u00e1rios\u201d \u2013 um protesto inusitado contra a proposta de um novo imposto sobre a riqueza no estado. O que leva um inovador de ponta a tomar uma posi\u00e7\u00e3o t\u00e3o p\u00fablica e, para alguns, provocadora? \u00c9 uma pergunta que nos leva ao cerne de um debate complexo sobre equidade, economia e o futuro da inova\u00e7\u00e3o em uma das regi\u00f5es mais ricas e desiguais do mundo.<\/p>\n<p>A ideia de taxar os mais ricos n\u00e3o \u00e9 nova, mas a forma como ela ressurge e polariza opini\u00f5es, especialmente em ambientes de alta tecnologia como a Calif\u00f3rnia, \u00e9 fascinante. Este n\u00e3o \u00e9 um protesto trivial, e o organizador insiste que n\u00e3o \u00e9 uma piada. \u00c9 um sintoma de tens\u00f5es crescentes entre o desejo de redistribuir a riqueza para financiar servi\u00e7os p\u00fablicos e a preocupa\u00e7\u00e3o de que tal medida possa sufocar o motor da inova\u00e7\u00e3o e afastar o capital que impulsiona o progresso tecnol\u00f3gico. Mergulharemos nos detalhes dessa proposta tribut\u00e1ria, nos argumentos de ambos os lados e no que essa &#8216;Marcha dos Bilion\u00e1rios&#8217; realmente representa para o futuro da Calif\u00f3rnia e, por extens\u00e3o, para a economia global da tecnologia.<\/p>\n<h3>O Que \u00e9 o <strong>Imposto sobre a Riqueza<\/strong> e Por Que Ele Ganhou os Holofotes na Calif\u00f3rnia?<\/h3>\n<p>Para entender a controv\u00e9rsia, \u00e9 crucial primeiro definir o que \u00e9 um <strong>Imposto sobre a Riqueza<\/strong>. Diferente de impostos sobre a renda, que incidem sobre os ganhos anuais, ou impostos sobre bens, que s\u00e3o cobrados no momento da transa\u00e7\u00e3o ou sucess\u00e3o, o imposto sobre a riqueza \u2013 tamb\u00e9m conhecido como imposto sobre grandes fortunas ou patrim\u00f4nio \u2013 \u00e9 uma tributa\u00e7\u00e3o anual sobre o valor total do patrim\u00f4nio l\u00edquido de um indiv\u00edduo. Isso inclui n\u00e3o apenas dinheiro em contas banc\u00e1rias, mas tamb\u00e9m im\u00f3veis, a\u00e7\u00f5es, obras de arte, participa\u00e7\u00f5es em empresas e outros ativos. A proposta na Calif\u00f3rnia visava, por exemplo, aplicar uma taxa percentual (digamos, 1% a 1,5%) sobre o patrim\u00f4nio l\u00edquido de residentes que excedessem um determinado limite, como 50 milh\u00f5es de d\u00f3lares.<\/p>\n<p>A ideia por tr\u00e1s do imposto sobre a riqueza \u00e9 simples: combater a crescente desigualdade econ\u00f4mica. A Calif\u00f3rnia, embora seja a quinta maior economia do mundo e lar de muitos dos bilion\u00e1rios mais proeminentes do planeta, tamb\u00e9m enfrenta desafios sociais significativos, incluindo uma crise habitacional severa, altos n\u00edveis de pobreza e uma infraestrutura p\u00fablica pressionada. Proponentes argumentam que taxar a fortuna dos super-ricos geraria bilh\u00f5es de d\u00f3lares em receita que poderiam ser investidos em educa\u00e7\u00e3o, sa\u00fade, moradia e programas sociais, beneficiando a maioria da popula\u00e7\u00e3o.<\/p>\n<p>Historicamente, o imposto sobre a riqueza teve uma trajet\u00f3ria mista. Pa\u00edses como Fran\u00e7a, Alemanha e Su\u00e9cia o implementaram em algum momento, mas muitos acabaram por aboli-lo devido a dificuldades na arrecada\u00e7\u00e3o, fuga de capitais e questionamentos sobre sua efic\u00e1cia e constitucionalidade. No entanto, a discuss\u00e3o ressurgiu com for\u00e7a em economias avan\u00e7adas nos \u00faltimos anos, impulsionada pelo aumento da disparidade de renda e pela percep\u00e7\u00e3o de que os muito ricos n\u00e3o pagam sua \u201cparte justa\u201d em impostos em compara\u00e7\u00e3o com a classe m\u00e9dia e trabalhadora. A Calif\u00f3rnia, com sua inclina\u00e7\u00e3o progressista e sua vasta concentra\u00e7\u00e3o de riqueza tecnol\u00f3gica, tornou-se um campo de batalha natural para essa discuss\u00e3o.<\/p>\n<h3>Vozes Contra: Inova\u00e7\u00e3o, Capital e o Medo da Fuga de Talentos<\/h3>\n<p>\u00c9 neste cen\u00e1rio que o fundador de startup de IA entra em cena, liderando um coro de vozes preocupadas. Sua perspectiva, e a de muitos outros empreendedores e investidores, baseia-se em argumentos pragm\u00e1ticos e ideol\u00f3gicos. O principal deles \u00e9 que o <strong>Imposto sobre a Riqueza<\/strong> atua como um desincentivo \u00e0 inova\u00e7\u00e3o e ao empreendedorismo. Empreendedores, especialmente no setor de tecnologia, assumem riscos gigantescos, investindo anos de suas vidas e grande parte de seu capital em ventures incertas. O sucesso, quando acontece, \u00e9 muitas vezes o resultado de uma combina\u00e7\u00e3o de talento, trabalho \u00e1rduo e sorte. Taxar essa riqueza acumulada anualmente, eles argumentam, penaliza o sucesso e reduz o incentivo para criar as pr\u00f3ximas grandes empresas que geram empregos e avan\u00e7os tecnol\u00f3gicos.<\/p>\n<p>Consideremos o impacto no capital de risco. A Calif\u00f3rnia \u00e9 o epicentro global do venture capital, que financia a grande maioria das startups de tecnologia. Muitos dos investidores de venture capital s\u00e3o indiv\u00edduos de alto patrim\u00f4nio l\u00edquido. A amea\u00e7a de um imposto sobre a riqueza poderia lev\u00e1-los a realocar seus investimentos para estados ou pa\u00edses com regimes tribut\u00e1rios mais favor\u00e1veis, ou simplesmente a reduzir sua disposi\u00e7\u00e3o para investir em empresas de alto risco. Isso, por sua vez, poderia secar a fonte de capital para as startups, freando a inova\u00e7\u00e3o e o crescimento econ\u00f4mico do estado. Imagine um cen\u00e1rio onde a pr\u00f3xima grande inova\u00e7\u00e3o em IA ou biotecnologia decide nascer em outro lugar, simplesmente por causa de uma pol\u00edtica tribut\u00e1ria.<\/p>\n<p>Outro ponto frequentemente levantado \u00e9 a quest\u00e3o da \u201ctributa\u00e7\u00e3o dupla\u201d. A riqueza de muitos empreendedores j\u00e1 foi tributada como renda (sal\u00e1rios, ganhos de capital na venda de a\u00e7\u00f5es) e, em alguns casos, como imposto corporativo sobre os lucros da empresa. Impor um imposto anual sobre essa mesma riqueza seria, para alguns, uma forma injusta de confisco. H\u00e1 tamb\u00e9m a complexidade da avalia\u00e7\u00e3o de ativos il\u00edquidos, como a participa\u00e7\u00e3o em startups privadas. Como se valora anualmente uma empresa que ainda n\u00e3o abriu capital e cujo valor flutua drasticamente? Isso poderia levar a avalia\u00e7\u00f5es arbitr\u00e1rias e a problemas de liquidez, for\u00e7ando os propriet\u00e1rios a vender ativos para pagar impostos, mesmo quando n\u00e3o h\u00e1 necessidade econ\u00f4mica para tal.<\/p>\n<p>A \u201cMarcha dos Bilion\u00e1rios\u201d \u00e9, em parte, um ato simb\u00f3lico. \u00c9 uma tentativa de humanizar os ricos, de mostrar que n\u00e3o s\u00e3o apenas n\u00fameros abstratos, mas indiv\u00edduos que, na vis\u00e3o deles, contribuem significativamente para a sociedade atrav\u00e9s da cria\u00e7\u00e3o de empregos, inova\u00e7\u00e3o e filantropia. Embora o t\u00edtulo possa soar provocador e at\u00e9 mesmo insens\u00edvel para alguns, o objetivo \u00e9 chamar a aten\u00e7\u00e3o para o que eles veem como um ataque \u00e0 prosperidade econ\u00f4mica e \u00e0 liberdade individual. Eles argumentam que a fuga de talentos e capital para estados como Texas ou Fl\u00f3rida, que n\u00e3o t\u00eam imposto de renda estadual, j\u00e1 \u00e9 uma realidade na Calif\u00f3rnia, e um imposto sobre a riqueza s\u00f3 aceleraria essa tend\u00eancia, prejudicando a base tribut\u00e1ria de longo prazo do estado.<\/p>\n<h3>O Dilema da Equidade: Raz\u00f5es Para Tributar os Mais Ricos<\/h3>\n<p>No entanto, o debate n\u00e3o pode ser unilateral. H\u00e1 raz\u00f5es poderosas pelas quais a ideia de um <strong>Imposto sobre a Riqueza<\/strong> continua a ganhar for\u00e7a. A principal \u00e9 a crescente disparidade entre ricos e pobres. Nas \u00faltimas d\u00e9cadas, a riqueza tem se concentrado cada vez mais no topo da pir\u00e2mide econ\u00f4mica. Enquanto a Calif\u00f3rnia gera uma quantidade impressionante de riqueza, muitos de seus cidad\u00e3os lutam para pagar o aluguel, ter acesso a cuidados de sa\u00fade de qualidade ou garantir uma educa\u00e7\u00e3o decente para seus filhos. Proponentes do imposto sobre a riqueza argumentam que essa concentra\u00e7\u00e3o extrema de capital \u00e9 insustent\u00e1vel e corrosiva para a democracia e a coes\u00e3o social.<\/p>\n<p>Para defensores, a ideia de que os bilion\u00e1rios \u201cmereceram\u201d toda a sua fortuna por m\u00e9rito pr\u00f3prio \u00e9 simplista. Eles apontam para o papel de fatores sist\u00eamicos \u2013 como heran\u00e7a, pol\u00edticas tribut\u00e1rias favor\u00e1veis ao capital, o poder de mercado de grandes corpora\u00e7\u00f5es e a explora\u00e7\u00e3o de brechas legais \u2013 na acumula\u00e7\u00e3o de riqueza. Al\u00e9m disso, a riqueza acumulada muitas vezes beneficia-se da infraestrutura e dos servi\u00e7os p\u00fablicos financiados por todos os contribuintes, desde estradas e escolas at\u00e9 sistemas jur\u00eddicos e seguran\u00e7a. Portanto, argumenta-se que \u00e9 justo que os mais ricos contribuam proporcionalmente mais para a manuten\u00e7\u00e3o e melhoria desses sistemas.<\/p>\n<p>Um <strong>Imposto sobre a Riqueza<\/strong> \u00e9 visto como uma ferramenta para reequilibrar essa balan\u00e7a. As receitas geradas poderiam ser destinadas a programas de combate \u00e0 pobreza, investimentos em infraestrutura verde, moderniza\u00e7\u00e3o do sistema de sa\u00fade ou at\u00e9 mesmo a programas de renda b\u00e1sica universal. A ideia \u00e9 que a sociedade como um todo se beneficia quando a riqueza \u00e9 melhor distribu\u00edda e quando as oportunidades s\u00e3o mais equitativas. Pesquisas de opini\u00e3o em v\u00e1rios pa\u00edses, incluindo os Estados Unidos, frequentemente mostram um apoio significativo da popula\u00e7\u00e3o \u00e0 taxa\u00e7\u00e3o dos mais ricos, refletindo um sentimento generalizado de que a economia atual n\u00e3o funciona para todos.<\/p>\n<p>Al\u00e9m disso, a discuss\u00e3o sobre o imposto sobre a riqueza na Calif\u00f3rnia e em outros lugares \u00e9 parte de um debate mais amplo sobre o capitalismo moderno e seu futuro. \u00c9 poss\u00edvel ter uma economia din\u00e2mica e inovadora que tamb\u00e9m seja justa e inclusiva? Os defensores acreditam que sim, e que o imposto sobre a riqueza \u00e9 um passo necess\u00e1rio para alcan\u00e7ar esse equil\u00edbrio. Eles argumentam que a amea\u00e7a de fuga de capitais \u00e9 frequentemente exagerada e que um estado t\u00e3o atraente quanto a Calif\u00f3rnia, com seu clima, suas universidades de ponta e seu ecossistema de inova\u00e7\u00e3o, continuar\u00e1 a atrair talentos e investimentos, mesmo com um imposto sobre a riqueza.<\/p>\n<p>A complexidade de implementar um imposto sobre a riqueza \u00e9 ineg\u00e1vel, e os desafios n\u00e3o s\u00e3o pequenos. No entanto, para os que defendem, esses desafios n\u00e3o s\u00e3o intranspon\u00edveis e devem ser enfrentados em prol de uma sociedade mais justa e equitativa. A quest\u00e3o n\u00e3o \u00e9 se os bilion\u00e1rios contribuem para a economia, mas sim em que medida essa contribui\u00e7\u00e3o se traduz em benef\u00edcios para todos, e se a acumula\u00e7\u00e3o de riqueza em n\u00edveis t\u00e3o estratosf\u00e9ricos n\u00e3o gera externalidades negativas que exigem interven\u00e7\u00e3o estatal.<\/p>\n<p>Em \u00faltima an\u00e1lise, o debate \u00e9 sobre prioridades e valores. \u00c9 sobre o papel do governo na regula\u00e7\u00e3o da economia e na garantia de que o sucesso de alguns n\u00e3o venha \u00e0 custa da estagna\u00e7\u00e3o ou do sofrimento de outros. O fundador da startup de IA e sua \u201cMarcha dos Bilion\u00e1rios\u201d s\u00e3o apenas a ponta do iceberg de uma discuss\u00e3o muito maior e profundamente enraizada na identidade e nas aspira\u00e7\u00f5es da Calif\u00f3rnia e do mundo moderno.<\/p>\n<p>A &#8220;Marcha dos Bilion\u00e1rios&#8221; \u00e9, sem d\u00favida, um evento com grande potencial de repercuss\u00e3o, simbolizando a tens\u00e3o cont\u00ednua entre o \u00edmpeto capitalista da inova\u00e7\u00e3o e as demandas por maior equidade social. De um lado, temos a vis\u00e3o de que a riqueza \u00e9 um motor de progresso e que tax\u00e1-la excessivamente sufoca o esp\u00edrito empreendedor. Do outro, a convic\u00e7\u00e3o de que uma concentra\u00e7\u00e3o de riqueza t\u00e3o acentuada \u00e9 moralmente question\u00e1vel e economicamente prejudicial, exigindo que os mais afortunados contribuam mais para o bem-estar coletivo. Ambos os lados apresentam argumentos v\u00e1lidos e complexos, e a resolu\u00e7\u00e3o desse dilema moldar\u00e1 n\u00e3o apenas o futuro da Calif\u00f3rnia, mas tamb\u00e9m as pol\u00edticas econ\u00f4micas de outras regi\u00f5es pr\u00f3speras.<\/p>\n<p>Enquanto a Calif\u00f3rnia pondera os pr\u00f3s e contras de um <strong>Imposto sobre a Riqueza<\/strong>, o restante do mundo observa. O que acontece neste caldeir\u00e3o de inova\u00e7\u00e3o e ideologia ter\u00e1 implica\u00e7\u00f5es para a forma como as sociedades equilibram a cria\u00e7\u00e3o de riqueza com a sua distribui\u00e7\u00e3o. A capacidade de um estado de fomentar a inova\u00e7\u00e3o e, ao mesmo tempo, garantir uma vida digna para todos os seus cidad\u00e3os permanece um dos maiores desafios do nosso tempo. A voz do fundador da startup de IA, por mais controversa que seja, serve como um lembrete v\u00edvido de que as decis\u00f5es tribut\u00e1rias n\u00e3o s\u00e3o apenas n\u00fameros; elas s\u00e3o profundamente enraizadas em vis\u00f5es de mundo e afetam diretamente a trajet\u00f3ria de milh\u00f5es de vidas e o futuro da tecnologia.<\/p>\n","protected":false},"excerpt":{"rendered":"<p>No vibrante e, por vezes, exc\u00eantrico ecossistema do Vale do Sil\u00edcio, onde a inova\u00e7\u00e3o \u00e9 rei e fortunas s\u00e3o constru\u00eddas em tempo recorde, surge uma voz de protesto que desafia o senso comum. Imagine a cena: um fundador de uma startup de intelig\u00eancia artificial, personificando o esp\u00edrito empreendedor que move a economia da Calif\u00f3rnia, n\u00e3o [&hellip;]<\/p>\n","protected":false},"author":1,"featured_media":3547,"comment_status":"open","ping_status":"open","sticky":false,"template":"","format":"standard","meta":{"_yoast_wpseo_focuskw":"Imposto sobre a Riqueza","_yoast_wpseo_metadesc":"Descubra os bastidores da pol\u00eamica 'Marcha dos Bilion\u00e1rios' na Calif\u00f3rnia, organizada por um fundador de startup de IA em protesto contra o Imposto sobre a Riqueza. Entenda os argumentos, as implica\u00e7\u00f5es econ\u00f4micas e o dilema entre inova\u00e7\u00e3o e equidade social.","footnotes":""},"categories":[2],"tags":[],"class_list":["post-3548","post","type-post","status-publish","format-standard","has-post-thumbnail","hentry","category-novidades"],"yoast_head":"<!-- This site is optimized with the Yoast SEO plugin v25.6 - https:\/\/yoast.com\/wordpress\/plugins\/seo\/ -->\n<title>A Marcha Inusitada: Por Que um Fundador de Startup de IA Lidera um Protesto Contra o Imposto sobre a Riqueza na Calif\u00f3rnia? - Lacerda AI<\/title>\n<meta name=\"description\" content=\"Descubra os bastidores da pol\u00eamica &#039;Marcha dos Bilion\u00e1rios&#039; na Calif\u00f3rnia, organizada por um fundador de startup de IA em protesto contra o Imposto sobre a Riqueza. Entenda os argumentos, as implica\u00e7\u00f5es econ\u00f4micas e o dilema entre inova\u00e7\u00e3o e equidade social.\" \/>\n<meta name=\"robots\" content=\"index, follow, max-snippet:-1, max-image-preview:large, max-video-preview:-1\" \/>\n<link rel=\"canonical\" href=\"https:\/\/lacerdaai.com\/br\/a-marcha-inusitada-por-que-um-fundador-de-startup-de-ia-lidera-um-protesto-contra-o-imposto-sobre-a-riqueza-na-california\/\" \/>\n<meta property=\"og:locale\" content=\"pt_BR\" \/>\n<meta property=\"og:type\" content=\"article\" \/>\n<meta property=\"og:title\" content=\"A Marcha Inusitada: Por Que um Fundador de Startup de IA Lidera um Protesto Contra o Imposto sobre a Riqueza na Calif\u00f3rnia? - Lacerda AI\" \/>\n<meta property=\"og:description\" content=\"Descubra os bastidores da pol\u00eamica &#039;Marcha dos Bilion\u00e1rios&#039; na Calif\u00f3rnia, organizada por um fundador de startup de IA em protesto contra o Imposto sobre a Riqueza. Entenda os argumentos, as implica\u00e7\u00f5es econ\u00f4micas e o dilema entre inova\u00e7\u00e3o e equidade social.\" \/>\n<meta property=\"og:url\" content=\"https:\/\/lacerdaai.com\/br\/a-marcha-inusitada-por-que-um-fundador-de-startup-de-ia-lidera-um-protesto-contra-o-imposto-sobre-a-riqueza-na-california\/\" \/>\n<meta property=\"og:site_name\" content=\"Lacerda AI\" \/>\n<meta property=\"article:published_time\" content=\"2026-02-07T19:38:14+00:00\" \/>\n<meta property=\"article:modified_time\" content=\"2026-02-07T19:38:16+00:00\" \/>\n<meta name=\"author\" content=\"Andr\u00e9 Lacerda\" \/>\n<meta name=\"twitter:card\" content=\"summary_large_image\" \/>\n<meta name=\"twitter:label1\" content=\"Escrito por\" \/>\n\t<meta name=\"twitter:data1\" content=\"Andr\u00e9 Lacerda\" \/>\n\t<meta name=\"twitter:label2\" content=\"Est. tempo de leitura\" \/>\n\t<meta name=\"twitter:data2\" content=\"11 minutos\" \/>\n<script type=\"application\/ld+json\" class=\"yoast-schema-graph\">{\"@context\":\"https:\/\/schema.org\",\"@graph\":[{\"@type\":\"WebPage\",\"@id\":\"https:\/\/lacerdaai.com\/br\/a-marcha-inusitada-por-que-um-fundador-de-startup-de-ia-lidera-um-protesto-contra-o-imposto-sobre-a-riqueza-na-california\/\",\"url\":\"https:\/\/lacerdaai.com\/br\/a-marcha-inusitada-por-que-um-fundador-de-startup-de-ia-lidera-um-protesto-contra-o-imposto-sobre-a-riqueza-na-california\/\",\"name\":\"A Marcha Inusitada: Por Que um Fundador de Startup de IA Lidera um Protesto Contra o Imposto sobre a Riqueza na Calif\u00f3rnia? - Lacerda AI\",\"isPartOf\":{\"@id\":\"https:\/\/lacerdaai.com\/br\/#website\"},\"primaryImageOfPage\":{\"@id\":\"https:\/\/lacerdaai.com\/br\/a-marcha-inusitada-por-que-um-fundador-de-startup-de-ia-lidera-um-protesto-contra-o-imposto-sobre-a-riqueza-na-california\/#primaryimage\"},\"image\":{\"@id\":\"https:\/\/lacerdaai.com\/br\/a-marcha-inusitada-por-que-um-fundador-de-startup-de-ia-lidera-um-protesto-contra-o-imposto-sobre-a-riqueza-na-california\/#primaryimage\"},\"thumbnailUrl\":\"https:\/\/lacerdaai.com\/br\/wp-content\/uploads\/2026\/02\/imagem-29.jpg\",\"datePublished\":\"2026-02-07T19:38:14+00:00\",\"dateModified\":\"2026-02-07T19:38:16+00:00\",\"author\":{\"@id\":\"https:\/\/lacerdaai.com\/br\/#\/schema\/person\/8bad803c2e83a0c5c5c75e02a1c2248f\"},\"description\":\"Descubra os bastidores da pol\u00eamica 'Marcha dos Bilion\u00e1rios' na Calif\u00f3rnia, organizada por um fundador de startup de IA em protesto contra o Imposto sobre a Riqueza. Entenda os argumentos, as implica\u00e7\u00f5es econ\u00f4micas e o dilema entre inova\u00e7\u00e3o e equidade social.\",\"breadcrumb\":{\"@id\":\"https:\/\/lacerdaai.com\/br\/a-marcha-inusitada-por-que-um-fundador-de-startup-de-ia-lidera-um-protesto-contra-o-imposto-sobre-a-riqueza-na-california\/#breadcrumb\"},\"inLanguage\":\"pt-BR\",\"potentialAction\":[{\"@type\":\"ReadAction\",\"target\":[\"https:\/\/lacerdaai.com\/br\/a-marcha-inusitada-por-que-um-fundador-de-startup-de-ia-lidera-um-protesto-contra-o-imposto-sobre-a-riqueza-na-california\/\"]}]},{\"@type\":\"ImageObject\",\"inLanguage\":\"pt-BR\",\"@id\":\"https:\/\/lacerdaai.com\/br\/a-marcha-inusitada-por-que-um-fundador-de-startup-de-ia-lidera-um-protesto-contra-o-imposto-sobre-a-riqueza-na-california\/#primaryimage\",\"url\":\"https:\/\/lacerdaai.com\/br\/wp-content\/uploads\/2026\/02\/imagem-29.jpg\",\"contentUrl\":\"https:\/\/lacerdaai.com\/br\/wp-content\/uploads\/2026\/02\/imagem-29.jpg\",\"width\":1200,\"height\":675},{\"@type\":\"BreadcrumbList\",\"@id\":\"https:\/\/lacerdaai.com\/br\/a-marcha-inusitada-por-que-um-fundador-de-startup-de-ia-lidera-um-protesto-contra-o-imposto-sobre-a-riqueza-na-california\/#breadcrumb\",\"itemListElement\":[{\"@type\":\"ListItem\",\"position\":1,\"name\":\"In\u00edcio\",\"item\":\"https:\/\/lacerdaai.com\/br\/\"},{\"@type\":\"ListItem\",\"position\":2,\"name\":\"A Marcha Inusitada: Por Que um Fundador de Startup de IA Lidera um Protesto Contra o Imposto sobre a Riqueza na Calif\u00f3rnia?\"}]},{\"@type\":\"WebSite\",\"@id\":\"https:\/\/lacerdaai.com\/br\/#website\",\"url\":\"https:\/\/lacerdaai.com\/br\/\",\"name\":\"Lacerda AI\",\"description\":\"Seu blog di\u00e1rio de novidades do mundo da Inteligencia Artificial\",\"potentialAction\":[{\"@type\":\"SearchAction\",\"target\":{\"@type\":\"EntryPoint\",\"urlTemplate\":\"https:\/\/lacerdaai.com\/br\/?s={search_term_string}\"},\"query-input\":{\"@type\":\"PropertyValueSpecification\",\"valueRequired\":true,\"valueName\":\"search_term_string\"}}],\"inLanguage\":\"pt-BR\"},{\"@type\":\"Person\",\"@id\":\"https:\/\/lacerdaai.com\/br\/#\/schema\/person\/8bad803c2e83a0c5c5c75e02a1c2248f\",\"name\":\"Andr\u00e9 Lacerda\",\"image\":{\"@type\":\"ImageObject\",\"inLanguage\":\"pt-BR\",\"@id\":\"https:\/\/lacerdaai.com\/br\/#\/schema\/person\/image\/\",\"url\":\"https:\/\/secure.gravatar.com\/avatar\/f5c1fa5ad9763f54c1f223c3fc91f131da6288c9f9e28d74bb3c355ad99af205?s=96&d=mm&r=g\",\"contentUrl\":\"https:\/\/secure.gravatar.com\/avatar\/f5c1fa5ad9763f54c1f223c3fc91f131da6288c9f9e28d74bb3c355ad99af205?s=96&d=mm&r=g\",\"caption\":\"Andr\u00e9 Lacerda\"},\"description\":\"Sou o Andr\u00e9 Lacerda, tenho 35 anos e sou apaixonado por tecnologia, intelig\u00eancia artificial e boas hist\u00f3rias. Me formei em Tecnologia e Jornalismo \u2014 sim, uma mistura meio improv\u00e1vel, mas que combina muito comigo. J\u00e1 morei no Canad\u00e1 e na Espanha, e essas experi\u00eancias me ajudaram a enxergar a inova\u00e7\u00e3o com um olhar mais global (e a me virar bem em tr\u00eas idiomas \ud83d\ude04). Trabalhei em algumas das maiores empresas de tecnologia do mercado e, hoje, atuo como consultor ajudando neg\u00f3cios a entenderem e aplicarem IA de forma pr\u00e1tica, estrat\u00e9gica e humana. Gosto de traduzir o complexo em algo simples \u2014 e \u00e9 isso que voc\u00ea vai encontrar por aqui.\",\"sameAs\":[\"http:\/\/lacerdaai.com\/br\"],\"url\":\"https:\/\/lacerdaai.com\/br\/author\/red-admin\/\"}]}<\/script>\n<!-- \/ Yoast SEO plugin. -->","yoast_head_json":{"title":"A Marcha Inusitada: Por Que um Fundador de Startup de IA Lidera um Protesto Contra o Imposto sobre a Riqueza na Calif\u00f3rnia? - Lacerda AI","description":"Descubra os bastidores da pol\u00eamica 'Marcha dos Bilion\u00e1rios' na Calif\u00f3rnia, organizada por um fundador de startup de IA em protesto contra o Imposto sobre a Riqueza. Entenda os argumentos, as implica\u00e7\u00f5es econ\u00f4micas e o dilema entre inova\u00e7\u00e3o e equidade social.","robots":{"index":"index","follow":"follow","max-snippet":"max-snippet:-1","max-image-preview":"max-image-preview:large","max-video-preview":"max-video-preview:-1"},"canonical":"https:\/\/lacerdaai.com\/br\/a-marcha-inusitada-por-que-um-fundador-de-startup-de-ia-lidera-um-protesto-contra-o-imposto-sobre-a-riqueza-na-california\/","og_locale":"pt_BR","og_type":"article","og_title":"A Marcha Inusitada: Por Que um Fundador de Startup de IA Lidera um Protesto Contra o Imposto sobre a Riqueza na Calif\u00f3rnia? - Lacerda AI","og_description":"Descubra os bastidores da pol\u00eamica 'Marcha dos Bilion\u00e1rios' na Calif\u00f3rnia, organizada por um fundador de startup de IA em protesto contra o Imposto sobre a Riqueza. Entenda os argumentos, as implica\u00e7\u00f5es econ\u00f4micas e o dilema entre inova\u00e7\u00e3o e equidade social.","og_url":"https:\/\/lacerdaai.com\/br\/a-marcha-inusitada-por-que-um-fundador-de-startup-de-ia-lidera-um-protesto-contra-o-imposto-sobre-a-riqueza-na-california\/","og_site_name":"Lacerda AI","article_published_time":"2026-02-07T19:38:14+00:00","article_modified_time":"2026-02-07T19:38:16+00:00","author":"Andr\u00e9 Lacerda","twitter_card":"summary_large_image","twitter_misc":{"Escrito por":"Andr\u00e9 Lacerda","Est. tempo de leitura":"11 minutos"},"schema":{"@context":"https:\/\/schema.org","@graph":[{"@type":"WebPage","@id":"https:\/\/lacerdaai.com\/br\/a-marcha-inusitada-por-que-um-fundador-de-startup-de-ia-lidera-um-protesto-contra-o-imposto-sobre-a-riqueza-na-california\/","url":"https:\/\/lacerdaai.com\/br\/a-marcha-inusitada-por-que-um-fundador-de-startup-de-ia-lidera-um-protesto-contra-o-imposto-sobre-a-riqueza-na-california\/","name":"A Marcha Inusitada: Por Que um Fundador de Startup de IA Lidera um Protesto Contra o Imposto sobre a Riqueza na Calif\u00f3rnia? - Lacerda AI","isPartOf":{"@id":"https:\/\/lacerdaai.com\/br\/#website"},"primaryImageOfPage":{"@id":"https:\/\/lacerdaai.com\/br\/a-marcha-inusitada-por-que-um-fundador-de-startup-de-ia-lidera-um-protesto-contra-o-imposto-sobre-a-riqueza-na-california\/#primaryimage"},"image":{"@id":"https:\/\/lacerdaai.com\/br\/a-marcha-inusitada-por-que-um-fundador-de-startup-de-ia-lidera-um-protesto-contra-o-imposto-sobre-a-riqueza-na-california\/#primaryimage"},"thumbnailUrl":"https:\/\/lacerdaai.com\/br\/wp-content\/uploads\/2026\/02\/imagem-29.jpg","datePublished":"2026-02-07T19:38:14+00:00","dateModified":"2026-02-07T19:38:16+00:00","author":{"@id":"https:\/\/lacerdaai.com\/br\/#\/schema\/person\/8bad803c2e83a0c5c5c75e02a1c2248f"},"description":"Descubra os bastidores da pol\u00eamica 'Marcha dos Bilion\u00e1rios' na Calif\u00f3rnia, organizada por um fundador de startup de IA em protesto contra o Imposto sobre a Riqueza. Entenda os argumentos, as implica\u00e7\u00f5es econ\u00f4micas e o dilema entre inova\u00e7\u00e3o e equidade social.","breadcrumb":{"@id":"https:\/\/lacerdaai.com\/br\/a-marcha-inusitada-por-que-um-fundador-de-startup-de-ia-lidera-um-protesto-contra-o-imposto-sobre-a-riqueza-na-california\/#breadcrumb"},"inLanguage":"pt-BR","potentialAction":[{"@type":"ReadAction","target":["https:\/\/lacerdaai.com\/br\/a-marcha-inusitada-por-que-um-fundador-de-startup-de-ia-lidera-um-protesto-contra-o-imposto-sobre-a-riqueza-na-california\/"]}]},{"@type":"ImageObject","inLanguage":"pt-BR","@id":"https:\/\/lacerdaai.com\/br\/a-marcha-inusitada-por-que-um-fundador-de-startup-de-ia-lidera-um-protesto-contra-o-imposto-sobre-a-riqueza-na-california\/#primaryimage","url":"https:\/\/lacerdaai.com\/br\/wp-content\/uploads\/2026\/02\/imagem-29.jpg","contentUrl":"https:\/\/lacerdaai.com\/br\/wp-content\/uploads\/2026\/02\/imagem-29.jpg","width":1200,"height":675},{"@type":"BreadcrumbList","@id":"https:\/\/lacerdaai.com\/br\/a-marcha-inusitada-por-que-um-fundador-de-startup-de-ia-lidera-um-protesto-contra-o-imposto-sobre-a-riqueza-na-california\/#breadcrumb","itemListElement":[{"@type":"ListItem","position":1,"name":"In\u00edcio","item":"https:\/\/lacerdaai.com\/br\/"},{"@type":"ListItem","position":2,"name":"A Marcha Inusitada: Por Que um Fundador de Startup de IA Lidera um Protesto Contra o Imposto sobre a Riqueza na Calif\u00f3rnia?"}]},{"@type":"WebSite","@id":"https:\/\/lacerdaai.com\/br\/#website","url":"https:\/\/lacerdaai.com\/br\/","name":"Lacerda AI","description":"Seu blog di\u00e1rio de novidades do mundo da Inteligencia Artificial","potentialAction":[{"@type":"SearchAction","target":{"@type":"EntryPoint","urlTemplate":"https:\/\/lacerdaai.com\/br\/?s={search_term_string}"},"query-input":{"@type":"PropertyValueSpecification","valueRequired":true,"valueName":"search_term_string"}}],"inLanguage":"pt-BR"},{"@type":"Person","@id":"https:\/\/lacerdaai.com\/br\/#\/schema\/person\/8bad803c2e83a0c5c5c75e02a1c2248f","name":"Andr\u00e9 Lacerda","image":{"@type":"ImageObject","inLanguage":"pt-BR","@id":"https:\/\/lacerdaai.com\/br\/#\/schema\/person\/image\/","url":"https:\/\/secure.gravatar.com\/avatar\/f5c1fa5ad9763f54c1f223c3fc91f131da6288c9f9e28d74bb3c355ad99af205?s=96&d=mm&r=g","contentUrl":"https:\/\/secure.gravatar.com\/avatar\/f5c1fa5ad9763f54c1f223c3fc91f131da6288c9f9e28d74bb3c355ad99af205?s=96&d=mm&r=g","caption":"Andr\u00e9 Lacerda"},"description":"Sou o Andr\u00e9 Lacerda, tenho 35 anos e sou apaixonado por tecnologia, intelig\u00eancia artificial e boas hist\u00f3rias. Me formei em Tecnologia e Jornalismo \u2014 sim, uma mistura meio improv\u00e1vel, mas que combina muito comigo. J\u00e1 morei no Canad\u00e1 e na Espanha, e essas experi\u00eancias me ajudaram a enxergar a inova\u00e7\u00e3o com um olhar mais global (e a me virar bem em tr\u00eas idiomas \ud83d\ude04). Trabalhei em algumas das maiores empresas de tecnologia do mercado e, hoje, atuo como consultor ajudando neg\u00f3cios a entenderem e aplicarem IA de forma pr\u00e1tica, estrat\u00e9gica e humana. Gosto de traduzir o complexo em algo simples \u2014 e \u00e9 isso que voc\u00ea vai encontrar por aqui.","sameAs":["http:\/\/lacerdaai.com\/br"],"url":"https:\/\/lacerdaai.com\/br\/author\/red-admin\/"}]}},"_links":{"self":[{"href":"https:\/\/lacerdaai.com\/br\/wp-json\/wp\/v2\/posts\/3548","targetHints":{"allow":["GET"]}}],"collection":[{"href":"https:\/\/lacerdaai.com\/br\/wp-json\/wp\/v2\/posts"}],"about":[{"href":"https:\/\/lacerdaai.com\/br\/wp-json\/wp\/v2\/types\/post"}],"author":[{"embeddable":true,"href":"https:\/\/lacerdaai.com\/br\/wp-json\/wp\/v2\/users\/1"}],"replies":[{"embeddable":true,"href":"https:\/\/lacerdaai.com\/br\/wp-json\/wp\/v2\/comments?post=3548"}],"version-history":[{"count":1,"href":"https:\/\/lacerdaai.com\/br\/wp-json\/wp\/v2\/posts\/3548\/revisions"}],"predecessor-version":[{"id":3549,"href":"https:\/\/lacerdaai.com\/br\/wp-json\/wp\/v2\/posts\/3548\/revisions\/3549"}],"wp:featuredmedia":[{"embeddable":true,"href":"https:\/\/lacerdaai.com\/br\/wp-json\/wp\/v2\/media\/3547"}],"wp:attachment":[{"href":"https:\/\/lacerdaai.com\/br\/wp-json\/wp\/v2\/media?parent=3548"}],"wp:term":[{"taxonomy":"category","embeddable":true,"href":"https:\/\/lacerdaai.com\/br\/wp-json\/wp\/v2\/categories?post=3548"},{"taxonomy":"post_tag","embeddable":true,"href":"https:\/\/lacerdaai.com\/br\/wp-json\/wp\/v2\/tags?post=3548"}],"curies":[{"name":"wp","href":"https:\/\/api.w.org\/{rel}","templated":true}]}}