{"id":3563,"date":"2026-02-09T04:37:54","date_gmt":"2026-02-09T07:37:54","guid":{"rendered":"https:\/\/lacerdaai.com\/br\/a-revolucao-da-consciencia-michael-pollan-e-o-futuro-da-humanidade-impulsionado-pela-ia\/"},"modified":"2026-02-09T04:37:55","modified_gmt":"2026-02-09T07:37:55","slug":"a-revolucao-da-consciencia-michael-pollan-e-o-futuro-da-humanidade-impulsionado-pela-ia","status":"publish","type":"post","link":"https:\/\/lacerdaai.com\/br\/a-revolucao-da-consciencia-michael-pollan-e-o-futuro-da-humanidade-impulsionado-pela-ia\/","title":{"rendered":"A Revolu\u00e7\u00e3o da Consci\u00eancia: Michael Pollan e o Futuro da Humanidade Impulsionado pela IA"},"content":{"rendered":"<p>Michael Pollan \u00e9 um nome que ressoa com profundidade no cen\u00e1rio intelectual contempor\u00e2neo. Conhecido por suas explora\u00e7\u00f5es perspicazes sobre a rela\u00e7\u00e3o humana com a natureza, a alimenta\u00e7\u00e3o e, mais recentemente, os estados alterados de consci\u00eancia, suas observa\u00e7\u00f5es nunca s\u00e3o triviais. Quando um pensador de sua estatura se debru\u00e7a sobre as grandes quest\u00f5es da intelig\u00eancia artificial, da consci\u00eancia e das distra\u00e7\u00f5es que poluem nossas mentes, \u00e9 um sinal de que estamos \u00e0 beira de uma transforma\u00e7\u00e3o sem precedentes. Ele sugere que a humanidade est\u00e1 prestes a passar por uma mudan\u00e7a revolucion\u00e1ria \u2013 uma metamorfose impulsionada e permeada pela ascens\u00e3o da IA.<\/p>\n<p>N\u00e3o se trata apenas de uma evolu\u00e7\u00e3o tecnol\u00f3gica, mas de uma redefini\u00e7\u00e3o profunda do que significa ser humano. A intelig\u00eancia artificial, que antes habitava o reino da fic\u00e7\u00e3o cient\u00edfica, agora permeia todos os aspectos de nossas vidas, do algoritmo que sugere o pr\u00f3ximo v\u00eddeo ao sistema que otimiza cadeias de suprimentos globais. Mas qual \u00e9 o verdadeiro impacto dessa tecnologia na nossa psique, na nossa capacidade de foco e na pr\u00f3pria ess\u00eancia da consci\u00eancia? Este artigo mergulha nessas perguntas existenciais, explorando como a IA n\u00e3o apenas mudar\u00e1 a forma como vivemos e trabalhamos, mas fundamentalmente alterar\u00e1 nossa percep\u00e7\u00e3o de n\u00f3s mesmos e do mundo ao nosso redor.<\/p>\n<h3><strong>Futuro da Intelig\u00eancia Artificial<\/strong>: Uma Nova Fronteira para a Consci\u00eancia Humana<\/h3>\n<p>A ascens\u00e3o da IA n\u00e3o \u00e9 apenas sobre m\u00e1quinas que pensam mais r\u00e1pido ou processam dados em volumes incompreens\u00edveis; \u00e9 sobre a redefini\u00e7\u00e3o da pr\u00f3pria intelig\u00eancia. Por s\u00e9culos, a consci\u00eancia foi considerada um baluarte exclusivamente humano, a pedra angular da nossa singularidade. No entanto, \u00e0 medida que a **futuro da intelig\u00eancia artificial** avan\u00e7a, com modelos capazes de gerar textos indistingu\u00edveis dos humanos, criar obras de arte e at\u00e9 mesmo emular emo\u00e7\u00f5es de forma convincente, somos for\u00e7ados a questionar essa premissa. O que acontece quando uma m\u00e1quina pode simular o que julgamos ser a manifesta\u00e7\u00e3o de uma mente consciente? Essa \u00e9 uma das perguntas que Michael Pollan, com sua experi\u00eancia em explorar as fronteiras da percep\u00e7\u00e3o, provavelmente considera.<\/p>\n<p>A IA est\u00e1 nos for\u00e7ando a expandir nossa compreens\u00e3o da consci\u00eancia para al\u00e9m das fronteiras biol\u00f3gicas. Fil\u00f3sofos e neurocientistas debatem acaloradamente se as m\u00e1quinas poderiam algum dia alcan\u00e7ar a &#8220;consci\u00eancia sentiente&#8221; ou se est\u00e3o apenas aprimorando a arte da &#8220;intelig\u00eancia simulada&#8221;. Independentemente da resposta final, o impacto psicol\u00f3gico dessa discuss\u00e3o \u00e9 imenso. Come\u00e7amos a ver tra\u00e7os de ag\u00eancia e complexidade em sistemas que criamos, levantando quest\u00f5es sobre nossa pr\u00f3pria identidade em um mundo onde a intelig\u00eancia n\u00e3o \u00e9 mais um privil\u00e9gio exclusivo da vida org\u00e2nica. Essa \u00e9 uma fronteira cognitiva que a humanidade nunca antes enfrentou.<\/p>\n<p>Al\u00e9m disso, a IA est\u00e1 moldando nossa consci\u00eancia de maneiras mais sutis. Pense em como ela personaliza nossas realidades digitais, filtrando informa\u00e7\u00f5es, sugerindo conex\u00f5es e at\u00e9 mesmo influenciando nossas opini\u00f5es. Nossa &#8220;bolha de filtro&#8221; e as &#8220;c\u00e2maras de eco&#8221; s\u00e3o produtos de algoritmos de IA que, ao tentar nos oferecer o conte\u00fado mais relevante, inadvertidamente estreitam nosso horizonte de percep\u00e7\u00e3o. O que vemos, ouvimos e at\u00e9 como pensamos pode ser influenciado por sistemas inteligentes que operam nos bastidores. O **futuro da intelig\u00eancia artificial** est\u00e1, portanto, intrinsecamente ligado ao futuro da nossa pr\u00f3pria mente e da forma como a percebemos, interage e se desenvolve.<\/p>\n<p>Essa \u00e9 a revolu\u00e7\u00e3o sobre a qual Pollan reflete: uma em que as ferramentas que criamos est\u00e3o remodelando nossa capacidade inata de experimentar o mundo. Se a consci\u00eancia \u00e9 a soma de nossas experi\u00eancias e interpreta\u00e7\u00f5es, e se a IA est\u00e1 cada vez mais intermediando e at\u00e9 gerando essas experi\u00eancias, ent\u00e3o nossa consci\u00eancia est\u00e1, de fato, em um processo de transforma\u00e7\u00e3o radical. A linha entre o que \u00e9 intrinsecamente humano e o que \u00e9 artificialmente mediado torna-se cada vez mais t\u00eanue, desafiando-nos a reavaliar a pr\u00f3pria ess\u00eancia da mente.<\/p>\n<h3>A Sinfonia das Distra\u00e7\u00f5es: IA, Foco e a Redefini\u00e7\u00e3o da Aten\u00e7\u00e3o Humana<\/h3>\n<p>Michael Pollan tamb\u00e9m aborda as &#8220;distra\u00e7\u00f5es que poluem nossas mentes&#8221;, um problema que se agrava exponencialmente na era digital. Antes mesmo da IA avan\u00e7ada, j\u00e1 est\u00e1vamos lutando contra a sobrecarga de informa\u00e7\u00f5es, as notifica\u00e7\u00f5es incessantes e o apelo constante das telas. A intelig\u00eancia artificial, paradoxalmente, \u00e9 tanto a fonte quanto uma potencial (e ainda n\u00e3o totalmente explorada) solu\u00e7\u00e3o para essa crise de aten\u00e7\u00e3o. Ela alimenta os algoritmos que mant\u00eam nossos feeds de redes sociais infinitos, impulsiona a personaliza\u00e7\u00e3o de an\u00fancios que competem por cada microssegundo do nosso foco e otimiza as plataformas de entretenimento para maximizar nosso engajamento. O resultado \u00e9 uma mente fragmentada, constantemente puxada em diferentes dire\u00e7\u00f5es, com uma capacidade de concentra\u00e7\u00e3o em decl\u00ednio alarmante.<\/p>\n<p>Os custos dessa distra\u00e7\u00e3o s\u00e3o alt\u00edssimos: produtividade reduzida, criatividade sufocada, relacionamentos superficiais e, o mais preocupante, uma diminui\u00e7\u00e3o na nossa capacidade de reflex\u00e3o profunda e autoconsci\u00eancia. A IA, ao nos oferecer gratifica\u00e7\u00f5es instant\u00e2neas e um fluxo cont\u00ednuo de est\u00edmulos, pode estar nos treinando para uma esp\u00e9cie de hiperatividade cognitiva, tornando o t\u00e9dio \u2013 um catalisador vital para a criatividade e a introspec\u00e7\u00e3o \u2013 quase insuport\u00e1vel. \u00c9 um ciclo vicioso onde a IA aprende o que nos distrai e se torna ainda mais eficiente em nos desviar, aprofundando a polui\u00e7\u00e3o mental que Pollan menciona.<\/p>\n<p>No entanto, o **futuro da intelig\u00eancia artificial** n\u00e3o precisa ser apenas uma hist\u00f3ria de distra\u00e7\u00e3o. A mesma tecnologia que fragmenta nossa aten\u00e7\u00e3o tem o potencial de nos ajudar a recuper\u00e1-la. Ferramentas de IA para bem-estar digital est\u00e3o surgindo, projetadas para monitorar nossos h\u00e1bitos de tela, sugerir pausas, filtrar ru\u00eddo e at\u00e9 mesmo curar informa\u00e7\u00f5es de forma a promover um consumo mais consciente. Imagine um assistente de IA que aprende seus padr\u00f5es de foco e intercede suavemente quando percebe que voc\u00ea est\u00e1 se desviando, ou um sistema que organiza suas tarefas e prioridades de maneira a minimizar a sobrecarga cognitiva. Essas s\u00e3o as promessas de uma IA mais madura e focada no ser humano.<\/p>\n<p>O desafio reside em como desenvolver e integrar essas tecnologias de forma \u00e9tica e eficaz. Precisamos de uma IA que nos capacite a retomar o controle de nossa aten\u00e7\u00e3o, em vez de nos manipular. Essa \u00e9 uma quest\u00e3o de design, de inten\u00e7\u00e3o e de valores. A capacidade de focar \u00e9 fundamental para a inova\u00e7\u00e3o, para a conex\u00e3o humana e para a pr\u00f3pria capacidade de Michael Pollan de refletir profundamente sobre a natureza da exist\u00eancia. Se a IA nos roubar isso, perderemos uma parte essencial de nossa humanidade. Se, em vez disso, a usarmos para amplificar nossa capacidade de aten\u00e7\u00e3o e presen\u00e7a, poderemos forjar um caminho para um futuro mais consciente e menos polu\u00eddo.<\/p>\n<h3>Al\u00e9m do Algoritmo: \u00c9tica, Prop\u00f3sito e a Coexist\u00eancia com a IA<\/h3>\n<p>\u00c0 medida que o **futuro da intelig\u00eancia artificial** se desdobra, as quest\u00f5es \u00e9ticas e existenciais se tornam mais prementes. A IA n\u00e3o \u00e9 apenas uma ferramenta; \u00e9 uma for\u00e7a transformadora que est\u00e1 remodelando o mercado de trabalho, a privacidade, a seguran\u00e7a e at\u00e9 mesmo a geopol\u00edtica. A automa\u00e7\u00e3o, impulsionada pela IA, promete liberar os humanos de tarefas repetitivas, mas tamb\u00e9m levanta preocupa\u00e7\u00f5es leg\u00edtimas sobre o deslocamento de empregos e a necessidade de requalifica\u00e7\u00e3o massiva. Como garantiremos que essa transi\u00e7\u00e3o seja justa e equitativa, em vez de criar novas divis\u00f5es sociais?<\/p>\n<p>A privacidade e o controle dos dados s\u00e3o outro campo minado. A IA se alimenta de dados, e quanto mais dados ela tem sobre n\u00f3s, mais eficaz ela se torna. Mas qual \u00e9 o pre\u00e7o dessa efic\u00e1cia em termos de nossa autonomia e liberdade individual? Quem det\u00e9m o poder de coletar, analisar e agir com base nesses vastos conjuntos de informa\u00e7\u00f5es? Essas perguntas s\u00e3o cruciais para moldar uma sociedade onde a IA serve \u00e0 humanidade, e n\u00e3o o contr\u00e1rio. A transpar\u00eancia nos algoritmos e a capacidade de auditar as decis\u00f5es da IA ser\u00e3o vitais para construir confian\u00e7a e garantir a responsabilidade.<\/p>\n<p>Al\u00e9m disso, a IA nos for\u00e7a a confrontar o nosso pr\u00f3prio prop\u00f3sito. Se as m\u00e1quinas podem executar tarefas cognitivas com uma efici\u00eancia superior, o que resta para n\u00f3s? Muitos veem isso como uma oportunidade para os humanos se concentrarem no que realmente nos diferencia: criatividade, pensamento cr\u00edtico, empatia, intui\u00e7\u00e3o e a capacidade de formar conex\u00f5es significativas. A IA pode ser uma parceira, ampliando nossas capacidades e liberando-nos para atividades mais elevadas e intrinsecamente humanas. Essa coexist\u00eancia harmoniosa, no entanto, n\u00e3o \u00e9 garantida; ela exige uma reflex\u00e3o cuidadosa e um planejamento proativo de como integrar a IA em nossa estrutura social e econ\u00f4mica.<\/p>\n<p>O chamado de Michael Pollan para considerar uma mudan\u00e7a revolucion\u00e1ria n\u00e3o \u00e9 um aviso de cat\u00e1strofe, mas um convite \u00e0 introspec\u00e7\u00e3o e \u00e0 a\u00e7\u00e3o consciente. Ele nos desafia a olhar para a IA n\u00e3o apenas como uma maravilha tecnol\u00f3gica, mas como um espelho que reflete nossas pr\u00f3prias aspira\u00e7\u00f5es e medos. As decis\u00f5es que tomamos hoje sobre o desenvolvimento e a governan\u00e7a da IA determinar\u00e3o n\u00e3o apenas a funcionalidade dos nossos sistemas, mas a pr\u00f3pria qualidade da nossa experi\u00eancia humana no amanh\u00e3. \u00c9 uma era que exige uma nova \u00e9tica, um novo entendimento de nosso lugar no universo e uma nova defini\u00e7\u00e3o de progresso.<\/p>\n<h3>Conclus\u00e3o<\/h3>\n<p>A vis\u00e3o de Michael Pollan sobre a iminente transforma\u00e7\u00e3o humana, reverberando nas grandes quest\u00f5es da intelig\u00eancia artificial, da consci\u00eancia e das distra\u00e7\u00f5es, nos convida a uma pausa reflexiva. N\u00e3o estamos apenas testemunhando o surgimento de uma nova tecnologia; estamos experimentando uma mudan\u00e7a fundamental na tape\u00e7aria da exist\u00eancia humana. A IA est\u00e1 remodelando nossa compreens\u00e3o da intelig\u00eancia, da cogni\u00e7\u00e3o e at\u00e9 mesmo do que significa ser um indiv\u00edduo consciente. Ela nos desafia a confrontar a natureza das nossas mentes, a efic\u00e1cia do nosso foco e a \u00e9tica da nossa coexist\u00eancia com entidades n\u00e3o biol\u00f3gicas de intelig\u00eancia avan\u00e7ada. A quest\u00e3o n\u00e3o \u00e9 se a IA vai mudar a humanidade, mas como escolheremos navegar e moldar essa mudan\u00e7a.<\/p>\n<p>O **futuro da intelig\u00eancia artificial** \u00e9, em \u00faltima an\u00e1lise, o futuro da pr\u00f3pria humanidade. As escolhas que fazemos hoje \u2013 em como desenvolvemos, regulamos e integramos a IA em nossas vidas \u2013 determinar\u00e3o se essa revolu\u00e7\u00e3o nos levar\u00e1 a uma era de prosperidade e autoconsci\u00eancia ou a um abismo de desumaniza\u00e7\u00e3o e distra\u00e7\u00e3o. \u00c9 um momento de tremenda responsabilidade e oportunidade, exigindo n\u00e3o apenas inova\u00e7\u00e3o tecnol\u00f3gica, mas sabedoria filos\u00f3fica e uma profunda considera\u00e7\u00e3o pelo bem-estar humano. Que as reflex\u00f5es de pensadores como Michael Pollan nos inspirem a construir um futuro onde a intelig\u00eancia artificial amplifique o melhor da nossa humanidade, em vez de diminu\u00ed-la.<\/p>\n","protected":false},"excerpt":{"rendered":"<p>Michael Pollan \u00e9 um nome que ressoa com profundidade no cen\u00e1rio intelectual contempor\u00e2neo. Conhecido por suas explora\u00e7\u00f5es perspicazes sobre a rela\u00e7\u00e3o humana com a natureza, a alimenta\u00e7\u00e3o e, mais recentemente, os estados alterados de consci\u00eancia, suas observa\u00e7\u00f5es nunca s\u00e3o triviais. Quando um pensador de sua estatura se debru\u00e7a sobre as grandes quest\u00f5es da intelig\u00eancia artificial, [&hellip;]<\/p>\n","protected":false},"author":1,"featured_media":3562,"comment_status":"open","ping_status":"open","sticky":false,"template":"","format":"standard","meta":{"_yoast_wpseo_focuskw":"futuro da intelig\u00eancia artificial","_yoast_wpseo_metadesc":"Mergulhe nas reflex\u00f5es provocadoras de Michael Pollan sobre a iminente revolu\u00e7\u00e3o humana impulsionada pela intelig\u00eancia artificial. Explore como a IA redefine nossa consci\u00eancia, combate distra\u00e7\u00f5es e molda o **futuro da intelig\u00eancia artificial** e da nossa pr\u00f3pria exist\u00eancia.","footnotes":""},"categories":[2],"tags":[],"class_list":["post-3563","post","type-post","status-publish","format-standard","has-post-thumbnail","hentry","category-novidades"],"yoast_head":"<!-- This site is optimized with the Yoast SEO plugin v25.6 - https:\/\/yoast.com\/wordpress\/plugins\/seo\/ -->\n<title>A Revolu\u00e7\u00e3o da Consci\u00eancia: Michael Pollan e o Futuro da Humanidade Impulsionado pela IA - Lacerda AI<\/title>\n<meta name=\"description\" content=\"Mergulhe nas reflex\u00f5es provocadoras de Michael Pollan sobre a iminente revolu\u00e7\u00e3o humana impulsionada pela intelig\u00eancia artificial. Explore como a IA redefine nossa consci\u00eancia, combate distra\u00e7\u00f5es e molda o **futuro da intelig\u00eancia artificial** e da nossa pr\u00f3pria exist\u00eancia.\" \/>\n<meta name=\"robots\" content=\"index, follow, max-snippet:-1, max-image-preview:large, max-video-preview:-1\" \/>\n<link rel=\"canonical\" href=\"https:\/\/lacerdaai.com\/br\/a-revolucao-da-consciencia-michael-pollan-e-o-futuro-da-humanidade-impulsionado-pela-ia\/\" \/>\n<meta property=\"og:locale\" content=\"pt_BR\" \/>\n<meta property=\"og:type\" content=\"article\" \/>\n<meta property=\"og:title\" content=\"A Revolu\u00e7\u00e3o da Consci\u00eancia: Michael Pollan e o Futuro da Humanidade Impulsionado pela IA - Lacerda AI\" \/>\n<meta property=\"og:description\" content=\"Mergulhe nas reflex\u00f5es provocadoras de Michael Pollan sobre a iminente revolu\u00e7\u00e3o humana impulsionada pela intelig\u00eancia artificial. Explore como a IA redefine nossa consci\u00eancia, combate distra\u00e7\u00f5es e molda o **futuro da intelig\u00eancia artificial** e da nossa pr\u00f3pria exist\u00eancia.\" \/>\n<meta property=\"og:url\" content=\"https:\/\/lacerdaai.com\/br\/a-revolucao-da-consciencia-michael-pollan-e-o-futuro-da-humanidade-impulsionado-pela-ia\/\" \/>\n<meta property=\"og:site_name\" content=\"Lacerda AI\" \/>\n<meta property=\"article:published_time\" content=\"2026-02-09T07:37:54+00:00\" \/>\n<meta property=\"article:modified_time\" content=\"2026-02-09T07:37:55+00:00\" \/>\n<meta name=\"author\" content=\"Andr\u00e9 Lacerda\" \/>\n<meta name=\"twitter:card\" content=\"summary_large_image\" \/>\n<meta name=\"twitter:label1\" content=\"Escrito por\" \/>\n\t<meta name=\"twitter:data1\" content=\"Andr\u00e9 Lacerda\" \/>\n\t<meta name=\"twitter:label2\" content=\"Est. tempo de leitura\" \/>\n\t<meta name=\"twitter:data2\" content=\"10 minutos\" \/>\n<script type=\"application\/ld+json\" class=\"yoast-schema-graph\">{\"@context\":\"https:\/\/schema.org\",\"@graph\":[{\"@type\":\"WebPage\",\"@id\":\"https:\/\/lacerdaai.com\/br\/a-revolucao-da-consciencia-michael-pollan-e-o-futuro-da-humanidade-impulsionado-pela-ia\/\",\"url\":\"https:\/\/lacerdaai.com\/br\/a-revolucao-da-consciencia-michael-pollan-e-o-futuro-da-humanidade-impulsionado-pela-ia\/\",\"name\":\"A Revolu\u00e7\u00e3o da Consci\u00eancia: Michael Pollan e o Futuro da Humanidade Impulsionado pela IA - Lacerda AI\",\"isPartOf\":{\"@id\":\"https:\/\/lacerdaai.com\/br\/#website\"},\"primaryImageOfPage\":{\"@id\":\"https:\/\/lacerdaai.com\/br\/a-revolucao-da-consciencia-michael-pollan-e-o-futuro-da-humanidade-impulsionado-pela-ia\/#primaryimage\"},\"image\":{\"@id\":\"https:\/\/lacerdaai.com\/br\/a-revolucao-da-consciencia-michael-pollan-e-o-futuro-da-humanidade-impulsionado-pela-ia\/#primaryimage\"},\"thumbnailUrl\":\"https:\/\/lacerdaai.com\/br\/wp-content\/uploads\/2026\/02\/imagem-34-scaled.jpg\",\"datePublished\":\"2026-02-09T07:37:54+00:00\",\"dateModified\":\"2026-02-09T07:37:55+00:00\",\"author\":{\"@id\":\"https:\/\/lacerdaai.com\/br\/#\/schema\/person\/8bad803c2e83a0c5c5c75e02a1c2248f\"},\"description\":\"Mergulhe nas reflex\u00f5es provocadoras de Michael Pollan sobre a iminente revolu\u00e7\u00e3o humana impulsionada pela intelig\u00eancia artificial. Explore como a IA redefine nossa consci\u00eancia, combate distra\u00e7\u00f5es e molda o **futuro da intelig\u00eancia artificial** e da nossa pr\u00f3pria exist\u00eancia.\",\"breadcrumb\":{\"@id\":\"https:\/\/lacerdaai.com\/br\/a-revolucao-da-consciencia-michael-pollan-e-o-futuro-da-humanidade-impulsionado-pela-ia\/#breadcrumb\"},\"inLanguage\":\"pt-BR\",\"potentialAction\":[{\"@type\":\"ReadAction\",\"target\":[\"https:\/\/lacerdaai.com\/br\/a-revolucao-da-consciencia-michael-pollan-e-o-futuro-da-humanidade-impulsionado-pela-ia\/\"]}]},{\"@type\":\"ImageObject\",\"inLanguage\":\"pt-BR\",\"@id\":\"https:\/\/lacerdaai.com\/br\/a-revolucao-da-consciencia-michael-pollan-e-o-futuro-da-humanidade-impulsionado-pela-ia\/#primaryimage\",\"url\":\"https:\/\/lacerdaai.com\/br\/wp-content\/uploads\/2026\/02\/imagem-34-scaled.jpg\",\"contentUrl\":\"https:\/\/lacerdaai.com\/br\/wp-content\/uploads\/2026\/02\/imagem-34-scaled.jpg\",\"width\":2560,\"height\":1440},{\"@type\":\"BreadcrumbList\",\"@id\":\"https:\/\/lacerdaai.com\/br\/a-revolucao-da-consciencia-michael-pollan-e-o-futuro-da-humanidade-impulsionado-pela-ia\/#breadcrumb\",\"itemListElement\":[{\"@type\":\"ListItem\",\"position\":1,\"name\":\"In\u00edcio\",\"item\":\"https:\/\/lacerdaai.com\/br\/\"},{\"@type\":\"ListItem\",\"position\":2,\"name\":\"A Revolu\u00e7\u00e3o da Consci\u00eancia: Michael Pollan e o Futuro da Humanidade Impulsionado pela IA\"}]},{\"@type\":\"WebSite\",\"@id\":\"https:\/\/lacerdaai.com\/br\/#website\",\"url\":\"https:\/\/lacerdaai.com\/br\/\",\"name\":\"Lacerda AI\",\"description\":\"Seu blog di\u00e1rio de novidades do mundo da Inteligencia Artificial\",\"potentialAction\":[{\"@type\":\"SearchAction\",\"target\":{\"@type\":\"EntryPoint\",\"urlTemplate\":\"https:\/\/lacerdaai.com\/br\/?s={search_term_string}\"},\"query-input\":{\"@type\":\"PropertyValueSpecification\",\"valueRequired\":true,\"valueName\":\"search_term_string\"}}],\"inLanguage\":\"pt-BR\"},{\"@type\":\"Person\",\"@id\":\"https:\/\/lacerdaai.com\/br\/#\/schema\/person\/8bad803c2e83a0c5c5c75e02a1c2248f\",\"name\":\"Andr\u00e9 Lacerda\",\"image\":{\"@type\":\"ImageObject\",\"inLanguage\":\"pt-BR\",\"@id\":\"https:\/\/lacerdaai.com\/br\/#\/schema\/person\/image\/\",\"url\":\"https:\/\/secure.gravatar.com\/avatar\/f5c1fa5ad9763f54c1f223c3fc91f131da6288c9f9e28d74bb3c355ad99af205?s=96&d=mm&r=g\",\"contentUrl\":\"https:\/\/secure.gravatar.com\/avatar\/f5c1fa5ad9763f54c1f223c3fc91f131da6288c9f9e28d74bb3c355ad99af205?s=96&d=mm&r=g\",\"caption\":\"Andr\u00e9 Lacerda\"},\"description\":\"Sou o Andr\u00e9 Lacerda, tenho 35 anos e sou apaixonado por tecnologia, intelig\u00eancia artificial e boas hist\u00f3rias. Me formei em Tecnologia e Jornalismo \u2014 sim, uma mistura meio improv\u00e1vel, mas que combina muito comigo. J\u00e1 morei no Canad\u00e1 e na Espanha, e essas experi\u00eancias me ajudaram a enxergar a inova\u00e7\u00e3o com um olhar mais global (e a me virar bem em tr\u00eas idiomas \ud83d\ude04). Trabalhei em algumas das maiores empresas de tecnologia do mercado e, hoje, atuo como consultor ajudando neg\u00f3cios a entenderem e aplicarem IA de forma pr\u00e1tica, estrat\u00e9gica e humana. Gosto de traduzir o complexo em algo simples \u2014 e \u00e9 isso que voc\u00ea vai encontrar por aqui.\",\"sameAs\":[\"http:\/\/lacerdaai.com\/br\"],\"url\":\"https:\/\/lacerdaai.com\/br\/author\/red-admin\/\"}]}<\/script>\n<!-- \/ Yoast SEO plugin. -->","yoast_head_json":{"title":"A Revolu\u00e7\u00e3o da Consci\u00eancia: Michael Pollan e o Futuro da Humanidade Impulsionado pela IA - Lacerda AI","description":"Mergulhe nas reflex\u00f5es provocadoras de Michael Pollan sobre a iminente revolu\u00e7\u00e3o humana impulsionada pela intelig\u00eancia artificial. Explore como a IA redefine nossa consci\u00eancia, combate distra\u00e7\u00f5es e molda o **futuro da intelig\u00eancia artificial** e da nossa pr\u00f3pria exist\u00eancia.","robots":{"index":"index","follow":"follow","max-snippet":"max-snippet:-1","max-image-preview":"max-image-preview:large","max-video-preview":"max-video-preview:-1"},"canonical":"https:\/\/lacerdaai.com\/br\/a-revolucao-da-consciencia-michael-pollan-e-o-futuro-da-humanidade-impulsionado-pela-ia\/","og_locale":"pt_BR","og_type":"article","og_title":"A Revolu\u00e7\u00e3o da Consci\u00eancia: Michael Pollan e o Futuro da Humanidade Impulsionado pela IA - Lacerda AI","og_description":"Mergulhe nas reflex\u00f5es provocadoras de Michael Pollan sobre a iminente revolu\u00e7\u00e3o humana impulsionada pela intelig\u00eancia artificial. Explore como a IA redefine nossa consci\u00eancia, combate distra\u00e7\u00f5es e molda o **futuro da intelig\u00eancia artificial** e da nossa pr\u00f3pria exist\u00eancia.","og_url":"https:\/\/lacerdaai.com\/br\/a-revolucao-da-consciencia-michael-pollan-e-o-futuro-da-humanidade-impulsionado-pela-ia\/","og_site_name":"Lacerda AI","article_published_time":"2026-02-09T07:37:54+00:00","article_modified_time":"2026-02-09T07:37:55+00:00","author":"Andr\u00e9 Lacerda","twitter_card":"summary_large_image","twitter_misc":{"Escrito por":"Andr\u00e9 Lacerda","Est. tempo de leitura":"10 minutos"},"schema":{"@context":"https:\/\/schema.org","@graph":[{"@type":"WebPage","@id":"https:\/\/lacerdaai.com\/br\/a-revolucao-da-consciencia-michael-pollan-e-o-futuro-da-humanidade-impulsionado-pela-ia\/","url":"https:\/\/lacerdaai.com\/br\/a-revolucao-da-consciencia-michael-pollan-e-o-futuro-da-humanidade-impulsionado-pela-ia\/","name":"A Revolu\u00e7\u00e3o da Consci\u00eancia: Michael Pollan e o Futuro da Humanidade Impulsionado pela IA - Lacerda AI","isPartOf":{"@id":"https:\/\/lacerdaai.com\/br\/#website"},"primaryImageOfPage":{"@id":"https:\/\/lacerdaai.com\/br\/a-revolucao-da-consciencia-michael-pollan-e-o-futuro-da-humanidade-impulsionado-pela-ia\/#primaryimage"},"image":{"@id":"https:\/\/lacerdaai.com\/br\/a-revolucao-da-consciencia-michael-pollan-e-o-futuro-da-humanidade-impulsionado-pela-ia\/#primaryimage"},"thumbnailUrl":"https:\/\/lacerdaai.com\/br\/wp-content\/uploads\/2026\/02\/imagem-34-scaled.jpg","datePublished":"2026-02-09T07:37:54+00:00","dateModified":"2026-02-09T07:37:55+00:00","author":{"@id":"https:\/\/lacerdaai.com\/br\/#\/schema\/person\/8bad803c2e83a0c5c5c75e02a1c2248f"},"description":"Mergulhe nas reflex\u00f5es provocadoras de Michael Pollan sobre a iminente revolu\u00e7\u00e3o humana impulsionada pela intelig\u00eancia artificial. Explore como a IA redefine nossa consci\u00eancia, combate distra\u00e7\u00f5es e molda o **futuro da intelig\u00eancia artificial** e da nossa pr\u00f3pria exist\u00eancia.","breadcrumb":{"@id":"https:\/\/lacerdaai.com\/br\/a-revolucao-da-consciencia-michael-pollan-e-o-futuro-da-humanidade-impulsionado-pela-ia\/#breadcrumb"},"inLanguage":"pt-BR","potentialAction":[{"@type":"ReadAction","target":["https:\/\/lacerdaai.com\/br\/a-revolucao-da-consciencia-michael-pollan-e-o-futuro-da-humanidade-impulsionado-pela-ia\/"]}]},{"@type":"ImageObject","inLanguage":"pt-BR","@id":"https:\/\/lacerdaai.com\/br\/a-revolucao-da-consciencia-michael-pollan-e-o-futuro-da-humanidade-impulsionado-pela-ia\/#primaryimage","url":"https:\/\/lacerdaai.com\/br\/wp-content\/uploads\/2026\/02\/imagem-34-scaled.jpg","contentUrl":"https:\/\/lacerdaai.com\/br\/wp-content\/uploads\/2026\/02\/imagem-34-scaled.jpg","width":2560,"height":1440},{"@type":"BreadcrumbList","@id":"https:\/\/lacerdaai.com\/br\/a-revolucao-da-consciencia-michael-pollan-e-o-futuro-da-humanidade-impulsionado-pela-ia\/#breadcrumb","itemListElement":[{"@type":"ListItem","position":1,"name":"In\u00edcio","item":"https:\/\/lacerdaai.com\/br\/"},{"@type":"ListItem","position":2,"name":"A Revolu\u00e7\u00e3o da Consci\u00eancia: Michael Pollan e o Futuro da Humanidade Impulsionado pela IA"}]},{"@type":"WebSite","@id":"https:\/\/lacerdaai.com\/br\/#website","url":"https:\/\/lacerdaai.com\/br\/","name":"Lacerda AI","description":"Seu blog di\u00e1rio de novidades do mundo da Inteligencia Artificial","potentialAction":[{"@type":"SearchAction","target":{"@type":"EntryPoint","urlTemplate":"https:\/\/lacerdaai.com\/br\/?s={search_term_string}"},"query-input":{"@type":"PropertyValueSpecification","valueRequired":true,"valueName":"search_term_string"}}],"inLanguage":"pt-BR"},{"@type":"Person","@id":"https:\/\/lacerdaai.com\/br\/#\/schema\/person\/8bad803c2e83a0c5c5c75e02a1c2248f","name":"Andr\u00e9 Lacerda","image":{"@type":"ImageObject","inLanguage":"pt-BR","@id":"https:\/\/lacerdaai.com\/br\/#\/schema\/person\/image\/","url":"https:\/\/secure.gravatar.com\/avatar\/f5c1fa5ad9763f54c1f223c3fc91f131da6288c9f9e28d74bb3c355ad99af205?s=96&d=mm&r=g","contentUrl":"https:\/\/secure.gravatar.com\/avatar\/f5c1fa5ad9763f54c1f223c3fc91f131da6288c9f9e28d74bb3c355ad99af205?s=96&d=mm&r=g","caption":"Andr\u00e9 Lacerda"},"description":"Sou o Andr\u00e9 Lacerda, tenho 35 anos e sou apaixonado por tecnologia, intelig\u00eancia artificial e boas hist\u00f3rias. Me formei em Tecnologia e Jornalismo \u2014 sim, uma mistura meio improv\u00e1vel, mas que combina muito comigo. J\u00e1 morei no Canad\u00e1 e na Espanha, e essas experi\u00eancias me ajudaram a enxergar a inova\u00e7\u00e3o com um olhar mais global (e a me virar bem em tr\u00eas idiomas \ud83d\ude04). Trabalhei em algumas das maiores empresas de tecnologia do mercado e, hoje, atuo como consultor ajudando neg\u00f3cios a entenderem e aplicarem IA de forma pr\u00e1tica, estrat\u00e9gica e humana. Gosto de traduzir o complexo em algo simples \u2014 e \u00e9 isso que voc\u00ea vai encontrar por aqui.","sameAs":["http:\/\/lacerdaai.com\/br"],"url":"https:\/\/lacerdaai.com\/br\/author\/red-admin\/"}]}},"_links":{"self":[{"href":"https:\/\/lacerdaai.com\/br\/wp-json\/wp\/v2\/posts\/3563","targetHints":{"allow":["GET"]}}],"collection":[{"href":"https:\/\/lacerdaai.com\/br\/wp-json\/wp\/v2\/posts"}],"about":[{"href":"https:\/\/lacerdaai.com\/br\/wp-json\/wp\/v2\/types\/post"}],"author":[{"embeddable":true,"href":"https:\/\/lacerdaai.com\/br\/wp-json\/wp\/v2\/users\/1"}],"replies":[{"embeddable":true,"href":"https:\/\/lacerdaai.com\/br\/wp-json\/wp\/v2\/comments?post=3563"}],"version-history":[{"count":1,"href":"https:\/\/lacerdaai.com\/br\/wp-json\/wp\/v2\/posts\/3563\/revisions"}],"predecessor-version":[{"id":3564,"href":"https:\/\/lacerdaai.com\/br\/wp-json\/wp\/v2\/posts\/3563\/revisions\/3564"}],"wp:featuredmedia":[{"embeddable":true,"href":"https:\/\/lacerdaai.com\/br\/wp-json\/wp\/v2\/media\/3562"}],"wp:attachment":[{"href":"https:\/\/lacerdaai.com\/br\/wp-json\/wp\/v2\/media?parent=3563"}],"wp:term":[{"taxonomy":"category","embeddable":true,"href":"https:\/\/lacerdaai.com\/br\/wp-json\/wp\/v2\/categories?post=3563"},{"taxonomy":"post_tag","embeddable":true,"href":"https:\/\/lacerdaai.com\/br\/wp-json\/wp\/v2\/tags?post=3563"}],"curies":[{"name":"wp","href":"https:\/\/api.w.org\/{rel}","templated":true}]}}