{"id":3569,"date":"2026-02-09T16:37:59","date_gmt":"2026-02-09T19:37:59","guid":{"rendered":"https:\/\/lacerdaai.com\/br\/os-sonhadores-da-ia-empreendedores-que-repensam-o-futuro-e-o-impacto-na-sociedade\/"},"modified":"2026-02-09T16:38:00","modified_gmt":"2026-02-09T19:38:00","slug":"os-sonhadores-da-ia-empreendedores-que-repensam-o-futuro-e-o-impacto-na-sociedade","status":"publish","type":"post","link":"https:\/\/lacerdaai.com\/br\/os-sonhadores-da-ia-empreendedores-que-repensam-o-futuro-e-o-impacto-na-sociedade\/","title":{"rendered":"Os Sonhadores da IA: Empreendedores Que Repensam o Futuro e o Impacto na Sociedade"},"content":{"rendered":"<p>No vibrante cen\u00e1rio tecnol\u00f3gico de S\u00e3o Francisco, onde ideias revolucion\u00e1rias brotam a cada esquina e o cheiro de caf\u00e9 e inova\u00e7\u00e3o paira no ar, uma nova safra de empreendedores est\u00e1 redefinindo o jogo. Eles s\u00e3o jovens, ambiciosos e, como esperado, est\u00e3o apostando alto na intelig\u00eancia artificial. Mas h\u00e1 algo diferente neles. Longe do estere\u00f3tipo do \u201ctech bro\u201d focado apenas no pr\u00f3ximo unic\u00f3rnio, esses vision\u00e1rios trazem consigo uma camada extra de complexidade: a preocupa\u00e7\u00e3o genu\u00edna com o futuro e o **impacto social da IA** em nossas vidas. S\u00e3o sonhadores, sim, mas com os p\u00e9s no ch\u00e3o e a mente voltada para al\u00e9m dos algoritmos. Eles querem lucrar, \u00e9 claro, mas tamb\u00e9m se questionam profundamente sobre como essa tecnologia transformar\u00e1 a sociedade. E \u00e9 exatamente essa dualidade que os torna t\u00e3o fascinantes e relevantes para o nosso tempo. <\/p>\n<p>A intelig\u00eancia artificial deixou de ser um conceito de fic\u00e7\u00e3o cient\u00edfica para se tornar uma for\u00e7a motriz de transforma\u00e7\u00e3o em praticamente todos os setores. Desde a otimiza\u00e7\u00e3o de cadeias de suprimentos at\u00e9 o desenvolvimento de medicamentos personalizados, a IA est\u00e1 reescrevendo as regras do que \u00e9 poss\u00edvel. No epicentro dessa revolu\u00e7\u00e3o, encontramos mentes brilhantes que, impulsionadas pela cultura de inova\u00e7\u00e3o do Vale do Sil\u00edcio, est\u00e3o criando solu\u00e7\u00f5es que prometem remodelar a economia global. No entanto, o entusiasmo pelo progresso tecnol\u00f3gico vem acompanhado de uma reflex\u00e3o cada vez mais presente: quais as implica\u00e7\u00f5es \u00e9ticas e sociais de tanto poder? Como garantimos que a IA seja uma ferramenta para o bem-estar coletivo, e n\u00e3o para o aprofundamento de desigualdades ou a eros\u00e3o da privacidade? Essas s\u00e3o as perguntas que ecoam nos corredores das startups mais promissoras e nos debates dos investidores mais vision\u00e1rios.<\/p>\n<p>### O **Impacto Social da IA**: Al\u00e9m dos Algoritmos e Lucros<\/p>\n<p>A ascens\u00e3o mete\u00f3rica da intelig\u00eancia artificial trouxe consigo um turbilh\u00e3o de oportunidades e, inegavelmente, um conjunto complexo de desafios. Para a nova gera\u00e7\u00e3o de empreendedores, especialmente aqueles que emergem do caldeir\u00e3o de inova\u00e7\u00e3o de S\u00e3o Francisco, a busca pelo lucro \u00e9 apenas uma parte da equa\u00e7\u00e3o. H\u00e1 uma consci\u00eancia crescente, e muitas vezes dolorosa, sobre o vasto **impacto social da IA** que suas cria\u00e7\u00f5es podem ter. N\u00e3o se trata apenas de construir o pr\u00f3ximo grande aplicativo ou plataforma; trata-se de moldar o tecido da sociedade. E eles sabem disso. <\/p>\n<p>Em um passado n\u00e3o t\u00e3o distante, a \u00e9tica e as consequ\u00eancias sociais eram, por vezes, uma reflex\u00e3o tardia no ciclo de desenvolvimento tecnol\u00f3gico. Hoje, por\u00e9m, a narrativa est\u00e1 mudando. Jovens fundadores de startups de IA est\u00e3o mais propensos a integrar considera\u00e7\u00f5es \u00e9ticas desde o design inicial de seus produtos. Eles est\u00e3o cientes dos riscos de vi\u00e9s algor\u00edtmico, da privacidade de dados, da seguran\u00e7a da informa\u00e7\u00e3o e do potencial impacto no mercado de trabalho. Tomemos como exemplo a quest\u00e3o do vi\u00e9s. Sistemas de IA treinados com dados n\u00e3o representativos ou discriminat\u00f3rios podem perpetuar e at\u00e9 amplificar preconceitos existentes na sociedade. Imagine um algoritmo de contrata\u00e7\u00e3o que desfavorece candidatos de determinados grupos demogr\u00e1ficos, ou um sistema de reconhecimento facial que falha em identificar pessoas de cor com a mesma precis\u00e3o. Esses n\u00e3o s\u00e3o cen\u00e1rios hipot\u00e9ticos; s\u00e3o realidades que j\u00e1 testemunhamos.<\/p>\n<p>Essa nova consci\u00eancia tamb\u00e9m se estende \u00e0 forma como a IA pode redefinir o futuro do trabalho. Enquanto a automa\u00e7\u00e3o promete otimizar processos e liberar seres humanos para tarefas mais criativas e complexas, h\u00e1 uma preocupa\u00e7\u00e3o leg\u00edtima sobre o deslocamento de empregos em setores menos qualificados. Empreendedores com uma vis\u00e3o mais ampla est\u00e3o pensando em solu\u00e7\u00f5es que n\u00e3o apenas substituam tarefas, mas que tamb\u00e9m capacitem trabalhadores, ofere\u00e7am novas oportunidades de requalifica\u00e7\u00e3o e garantam uma transi\u00e7\u00e3o justa. Eles buscam construir uma IA \u201cpara as pessoas\u201d, onde a tecnologia serve como um motor de progresso humano, e n\u00e3o como uma amea\u00e7a existencial. Isso envolve a cria\u00e7\u00e3o de sistemas de IA explic\u00e1veis (XAI), onde os usu\u00e1rios podem entender como as decis\u00f5es s\u00e3o tomadas, e o investimento em IA que aumenta as capacidades humanas, em vez de simplesmente automatiz\u00e1-las. A busca por um equil\u00edbrio entre inova\u00e7\u00e3o disruptiva e responsabilidade social \u00e9 o que define essa nova onda de inovadores.<\/p>\n<p>### De Garagens a Gigantes: A Nova Gera\u00e7\u00e3o de Inovadores em IA<\/p>\n<p>A m\u00edstica de S\u00e3o Francisco e do Vale do Sil\u00edcio, com suas hist\u00f3rias de sucesso que nasceram em garagens e se tornaram imp\u00e9rios tecnol\u00f3gicos, continua a atrair os mais brilhantes e audaciosos. Mas a nova gera\u00e7\u00e3o de inovadores em IA n\u00e3o apenas replica o modelo de seus antecessores; ela o reinventa com uma dose de idealismo e pragmatismo. Eles n\u00e3o s\u00e3o apenas programadores brilhantes; s\u00e3o pensadores multidisciplinares, com forma\u00e7\u00f5es que variam de ci\u00eancia da computa\u00e7\u00e3o a filosofia, psicologia e pol\u00edticas p\u00fablicas. Essa diversidade de perspectivas \u00e9 crucial para abordar as complexidades intr\u00ednsecas da IA.<\/p>\n<p>Esses empreendedores n\u00e3o est\u00e3o construindo apenas rob\u00f4s ou algoritmos. Eles est\u00e3o desenvolvendo solu\u00e7\u00f5es para problemas globais urgentes. Pense em IA sendo aplicada para monitorar e combater as mudan\u00e7as clim\u00e1ticas, otimizar o consumo de energia em cidades inteligentes, diagnosticar doen\u00e7as com maior precis\u00e3o e rapidez ou personalizar a educa\u00e7\u00e3o para atender \u00e0s necessidades individuais de cada aluno. A IA para o bem social, a chamada \u201cAI for Good\u201d, \u00e9 uma bandeira que muitos carregam com orgulho. N\u00e3o \u00e9 apenas marketing; \u00e9 uma parte intr\u00ednseca de suas miss\u00f5es.<\/p>\n<p>Contudo, o caminho para transformar uma ideia em um gigante global \u00e9 repleto de obst\u00e1culos. A competi\u00e7\u00e3o \u00e9 feroz, o capital de risco \u00e9 abundante, mas seletivo, e o ritmo da inova\u00e7\u00e3o exige uma resili\u00eancia extraordin\u00e1ria. Al\u00e9m disso, a complexidade regulat\u00f3ria em torno da IA est\u00e1 apenas come\u00e7ando a ser delineada, com debates intensos sobre leis de privacidade de dados como o GDPR na Europa ou discuss\u00f5es sobre o uso \u00e9tico da IA em setores sens\u00edveis. Esses empreendedores precisam ser n\u00e3o apenas tecnicamente h\u00e1beis, mas tamb\u00e9m estrategistas vision\u00e1rios, capazes de navegar por esse labirinto de desafios t\u00e9cnicos, \u00e9ticos e legais. Eles buscam parcerias com governos, universidades e organiza\u00e7\u00f5es sem fins lucrativos, reconhecendo que a escala do **impacto social da IA** exige uma abordagem colaborativa e hol\u00edstica.<\/p>\n<p>### Navegando o Futuro: Desafios e Oportunidades na Era da Intelig\u00eancia Artificial<\/p>\n<p>\u00c0 medida que a intelig\u00eancia artificial amadurece e se integra mais profundamente em nossas vidas, os desafios e as oportunidades se tornam ainda mais acentuados. A capacidade da IA de processar e analisar vastas quantidades de dados em velocidades inigual\u00e1veis promete avan\u00e7os que antes pareciam inating\u00edveis. No entanto, com grande poder, vem grande responsabilidade. Os empreendedores de IA est\u00e3o na linha de frente dessa navega\u00e7\u00e3o, n\u00e3o apenas criando o futuro, mas tamb\u00e9m se responsabilizando por ele.<\/p>\n<p>Um dos maiores desafios reside na cria\u00e7\u00e3o de uma IA robusta e confi\u00e1vel. Sistemas de IA devem ser capazes de funcionar de forma segura e previs\u00edvel, mesmo em cen\u00e1rios inesperados. Isso \u00e9 particularmente cr\u00edtico em aplica\u00e7\u00f5es como carros aut\u00f4nomos ou diagn\u00f3sticos m\u00e9dicos. Falhas podem ter consequ\u00eancias catastr\u00f3ficas. Al\u00e9m disso, a seguran\u00e7a cibern\u00e9tica torna-se um campo de batalha ainda mais complexo com o avan\u00e7o da IA, onde ataques podem ser mais sofisticados e dif\u00edceis de detectar. A necessidade de governan\u00e7a da IA, tanto em n\u00edvel empresarial quanto global, \u00e9 ineg\u00e1vel, para que a tecnologia seja usada de forma alinhada aos valores humanos e aos direitos fundamentais.<\/p>\n<p>No lado das oportunidades, a IA oferece um potencial sem precedentes para resolver alguns dos problemas mais intrincados da humanidade. Desde a descoberta de novos materiais e a otimiza\u00e7\u00e3o de energias renov\u00e1veis at\u00e9 a personaliza\u00e7\u00e3o de experi\u00eancias de aprendizado e o acesso \u00e0 sa\u00fade em regi\u00f5es remotas. A IA pode ser uma for\u00e7a democratizante, capacitando indiv\u00edduos e comunidades que antes estavam \u00e0 margem do progresso tecnol\u00f3gico. A chave reside em como esses jovens empreendedores escolher\u00e3o aplicar essa tecnologia. Eles s\u00e3o os arquitetos de amanh\u00e3, e suas escolhas hoje determinar\u00e3o se a IA ser\u00e1 uma ferramenta para um futuro mais equitativo e pr\u00f3spero para todos, ou se aprofundar\u00e1 as divis\u00f5es existentes. A colabora\u00e7\u00e3o entre diferentes disciplinas, incluindo cientistas sociais, humanistas e formuladores de pol\u00edticas, \u00e9 vital para garantir que a IA seja desenvolvida com uma compreens\u00e3o abrangente de suas implica\u00e7\u00f5es para a humanidade.<\/p>\n<p>A intelig\u00eancia artificial \u00e9, sem d\u00favida, a tecnologia definidora do nosso s\u00e9culo. A forma como ela evoluir\u00e1 e moldar\u00e1 nossas sociedades depender\u00e1, em grande parte, da vis\u00e3o e da responsabilidade daqueles que a est\u00e3o construindo. Em S\u00e3o Francisco, e em outros polos de inova\u00e7\u00e3o ao redor do mundo, uma nova gera\u00e7\u00e3o de empreendedores est\u00e1 emergindo, equipada n\u00e3o apenas com talento t\u00e9cnico, mas tamb\u00e9m com uma consci\u00eancia \u00e9tica e um desejo genu\u00edno de criar um futuro melhor. Eles representam uma esperan\u00e7a de que o progresso tecnol\u00f3gico possa ser conciliado com o bem-estar social, desafiando a no\u00e7\u00e3o de que tecnologia e humanidade s\u00e3o entidades separadas. <\/p>\n<p>Esses \u201csonhadores da IA\u201d nos mostram que \u00e9 poss\u00edvel perseguir o sucesso financeiro enquanto se mant\u00e9m um olhar atento sobre o **impacto social da IA** e as responsabilidades inerentes a tanto poder. Suas hist\u00f3rias s\u00e3o um lembrete de que, mesmo em um mundo impulsionado por algoritmos e dados, a vis\u00e3o humana, a \u00e9tica e a compaix\u00e3o continuam sendo os pilares mais importantes para um futuro onde a intelig\u00eancia artificial serve verdadeiramente \u00e0 humanidade. \u00c9 uma jornada complexa, cheia de inc\u00f3gnitas, mas certamente uma jornada que vale a pena ser observada e, mais importante, moldada conscientemente.<\/p>\n","protected":false},"excerpt":{"rendered":"<p>No vibrante cen\u00e1rio tecnol\u00f3gico de S\u00e3o Francisco, onde ideias revolucion\u00e1rias brotam a cada esquina e o cheiro de caf\u00e9 e inova\u00e7\u00e3o paira no ar, uma nova safra de empreendedores est\u00e1 redefinindo o jogo. Eles s\u00e3o jovens, ambiciosos e, como esperado, est\u00e3o apostando alto na intelig\u00eancia artificial. Mas h\u00e1 algo diferente neles. Longe do estere\u00f3tipo do [&hellip;]<\/p>\n","protected":false},"author":1,"featured_media":3568,"comment_status":"open","ping_status":"open","sticky":false,"template":"","format":"standard","meta":{"_yoast_wpseo_focuskw":"impacto social da IA","_yoast_wpseo_metadesc":"Explore como uma nova gera\u00e7\u00e3o de empreendedores de IA est\u00e1 moldando o futuro, buscando inova\u00e7\u00e3o e lucro, mas com uma crescente preocupa\u00e7\u00e3o com o impacto social da IA e a \u00e9tica. Descubra como eles desafiam estere\u00f3tipos.","footnotes":""},"categories":[2],"tags":[],"class_list":["post-3569","post","type-post","status-publish","format-standard","has-post-thumbnail","hentry","category-novidades"],"yoast_head":"<!-- This site is optimized with the Yoast SEO plugin v25.6 - https:\/\/yoast.com\/wordpress\/plugins\/seo\/ -->\n<title>Os Sonhadores da IA: Empreendedores Que Repensam o Futuro e o Impacto na Sociedade - Lacerda AI<\/title>\n<meta name=\"description\" content=\"Explore como uma nova gera\u00e7\u00e3o de empreendedores de IA est\u00e1 moldando o futuro, buscando inova\u00e7\u00e3o e lucro, mas com uma crescente preocupa\u00e7\u00e3o com o impacto social da IA e a \u00e9tica. Descubra como eles desafiam estere\u00f3tipos.\" \/>\n<meta name=\"robots\" content=\"index, follow, max-snippet:-1, max-image-preview:large, max-video-preview:-1\" \/>\n<link rel=\"canonical\" href=\"https:\/\/lacerdaai.com\/br\/os-sonhadores-da-ia-empreendedores-que-repensam-o-futuro-e-o-impacto-na-sociedade\/\" \/>\n<meta property=\"og:locale\" content=\"pt_BR\" \/>\n<meta property=\"og:type\" content=\"article\" \/>\n<meta property=\"og:title\" content=\"Os Sonhadores da IA: Empreendedores Que Repensam o Futuro e o Impacto na Sociedade - Lacerda AI\" \/>\n<meta property=\"og:description\" content=\"Explore como uma nova gera\u00e7\u00e3o de empreendedores de IA est\u00e1 moldando o futuro, buscando inova\u00e7\u00e3o e lucro, mas com uma crescente preocupa\u00e7\u00e3o com o impacto social da IA e a \u00e9tica. Descubra como eles desafiam estere\u00f3tipos.\" \/>\n<meta property=\"og:url\" content=\"https:\/\/lacerdaai.com\/br\/os-sonhadores-da-ia-empreendedores-que-repensam-o-futuro-e-o-impacto-na-sociedade\/\" \/>\n<meta property=\"og:site_name\" content=\"Lacerda AI\" \/>\n<meta property=\"article:published_time\" content=\"2026-02-09T19:37:59+00:00\" \/>\n<meta property=\"article:modified_time\" content=\"2026-02-09T19:38:00+00:00\" \/>\n<meta name=\"author\" content=\"Andr\u00e9 Lacerda\" \/>\n<meta name=\"twitter:card\" content=\"summary_large_image\" \/>\n<meta name=\"twitter:label1\" content=\"Escrito por\" \/>\n\t<meta name=\"twitter:data1\" content=\"Andr\u00e9 Lacerda\" \/>\n\t<meta name=\"twitter:label2\" content=\"Est. tempo de leitura\" \/>\n\t<meta name=\"twitter:data2\" content=\"9 minutos\" \/>\n<script type=\"application\/ld+json\" class=\"yoast-schema-graph\">{\"@context\":\"https:\/\/schema.org\",\"@graph\":[{\"@type\":\"WebPage\",\"@id\":\"https:\/\/lacerdaai.com\/br\/os-sonhadores-da-ia-empreendedores-que-repensam-o-futuro-e-o-impacto-na-sociedade\/\",\"url\":\"https:\/\/lacerdaai.com\/br\/os-sonhadores-da-ia-empreendedores-que-repensam-o-futuro-e-o-impacto-na-sociedade\/\",\"name\":\"Os Sonhadores da IA: Empreendedores Que Repensam o Futuro e o Impacto na Sociedade - Lacerda AI\",\"isPartOf\":{\"@id\":\"https:\/\/lacerdaai.com\/br\/#website\"},\"primaryImageOfPage\":{\"@id\":\"https:\/\/lacerdaai.com\/br\/os-sonhadores-da-ia-empreendedores-que-repensam-o-futuro-e-o-impacto-na-sociedade\/#primaryimage\"},\"image\":{\"@id\":\"https:\/\/lacerdaai.com\/br\/os-sonhadores-da-ia-empreendedores-que-repensam-o-futuro-e-o-impacto-na-sociedade\/#primaryimage\"},\"thumbnailUrl\":\"https:\/\/lacerdaai.com\/br\/wp-content\/uploads\/2026\/02\/imagem-36-scaled.jpg\",\"datePublished\":\"2026-02-09T19:37:59+00:00\",\"dateModified\":\"2026-02-09T19:38:00+00:00\",\"author\":{\"@id\":\"https:\/\/lacerdaai.com\/br\/#\/schema\/person\/8bad803c2e83a0c5c5c75e02a1c2248f\"},\"description\":\"Explore como uma nova gera\u00e7\u00e3o de empreendedores de IA est\u00e1 moldando o futuro, buscando inova\u00e7\u00e3o e lucro, mas com uma crescente preocupa\u00e7\u00e3o com o impacto social da IA e a \u00e9tica. Descubra como eles desafiam estere\u00f3tipos.\",\"breadcrumb\":{\"@id\":\"https:\/\/lacerdaai.com\/br\/os-sonhadores-da-ia-empreendedores-que-repensam-o-futuro-e-o-impacto-na-sociedade\/#breadcrumb\"},\"inLanguage\":\"pt-BR\",\"potentialAction\":[{\"@type\":\"ReadAction\",\"target\":[\"https:\/\/lacerdaai.com\/br\/os-sonhadores-da-ia-empreendedores-que-repensam-o-futuro-e-o-impacto-na-sociedade\/\"]}]},{\"@type\":\"ImageObject\",\"inLanguage\":\"pt-BR\",\"@id\":\"https:\/\/lacerdaai.com\/br\/os-sonhadores-da-ia-empreendedores-que-repensam-o-futuro-e-o-impacto-na-sociedade\/#primaryimage\",\"url\":\"https:\/\/lacerdaai.com\/br\/wp-content\/uploads\/2026\/02\/imagem-36-scaled.jpg\",\"contentUrl\":\"https:\/\/lacerdaai.com\/br\/wp-content\/uploads\/2026\/02\/imagem-36-scaled.jpg\",\"width\":2560,\"height\":1440},{\"@type\":\"BreadcrumbList\",\"@id\":\"https:\/\/lacerdaai.com\/br\/os-sonhadores-da-ia-empreendedores-que-repensam-o-futuro-e-o-impacto-na-sociedade\/#breadcrumb\",\"itemListElement\":[{\"@type\":\"ListItem\",\"position\":1,\"name\":\"In\u00edcio\",\"item\":\"https:\/\/lacerdaai.com\/br\/\"},{\"@type\":\"ListItem\",\"position\":2,\"name\":\"Os Sonhadores da IA: Empreendedores Que Repensam o Futuro e o Impacto na Sociedade\"}]},{\"@type\":\"WebSite\",\"@id\":\"https:\/\/lacerdaai.com\/br\/#website\",\"url\":\"https:\/\/lacerdaai.com\/br\/\",\"name\":\"Lacerda AI\",\"description\":\"Seu blog di\u00e1rio de novidades do mundo da Inteligencia Artificial\",\"potentialAction\":[{\"@type\":\"SearchAction\",\"target\":{\"@type\":\"EntryPoint\",\"urlTemplate\":\"https:\/\/lacerdaai.com\/br\/?s={search_term_string}\"},\"query-input\":{\"@type\":\"PropertyValueSpecification\",\"valueRequired\":true,\"valueName\":\"search_term_string\"}}],\"inLanguage\":\"pt-BR\"},{\"@type\":\"Person\",\"@id\":\"https:\/\/lacerdaai.com\/br\/#\/schema\/person\/8bad803c2e83a0c5c5c75e02a1c2248f\",\"name\":\"Andr\u00e9 Lacerda\",\"image\":{\"@type\":\"ImageObject\",\"inLanguage\":\"pt-BR\",\"@id\":\"https:\/\/lacerdaai.com\/br\/#\/schema\/person\/image\/\",\"url\":\"https:\/\/secure.gravatar.com\/avatar\/f5c1fa5ad9763f54c1f223c3fc91f131da6288c9f9e28d74bb3c355ad99af205?s=96&d=mm&r=g\",\"contentUrl\":\"https:\/\/secure.gravatar.com\/avatar\/f5c1fa5ad9763f54c1f223c3fc91f131da6288c9f9e28d74bb3c355ad99af205?s=96&d=mm&r=g\",\"caption\":\"Andr\u00e9 Lacerda\"},\"description\":\"Sou o Andr\u00e9 Lacerda, tenho 35 anos e sou apaixonado por tecnologia, intelig\u00eancia artificial e boas hist\u00f3rias. Me formei em Tecnologia e Jornalismo \u2014 sim, uma mistura meio improv\u00e1vel, mas que combina muito comigo. J\u00e1 morei no Canad\u00e1 e na Espanha, e essas experi\u00eancias me ajudaram a enxergar a inova\u00e7\u00e3o com um olhar mais global (e a me virar bem em tr\u00eas idiomas \ud83d\ude04). Trabalhei em algumas das maiores empresas de tecnologia do mercado e, hoje, atuo como consultor ajudando neg\u00f3cios a entenderem e aplicarem IA de forma pr\u00e1tica, estrat\u00e9gica e humana. Gosto de traduzir o complexo em algo simples \u2014 e \u00e9 isso que voc\u00ea vai encontrar por aqui.\",\"sameAs\":[\"http:\/\/lacerdaai.com\/br\"],\"url\":\"https:\/\/lacerdaai.com\/br\/author\/red-admin\/\"}]}<\/script>\n<!-- \/ Yoast SEO plugin. -->","yoast_head_json":{"title":"Os Sonhadores da IA: Empreendedores Que Repensam o Futuro e o Impacto na Sociedade - Lacerda AI","description":"Explore como uma nova gera\u00e7\u00e3o de empreendedores de IA est\u00e1 moldando o futuro, buscando inova\u00e7\u00e3o e lucro, mas com uma crescente preocupa\u00e7\u00e3o com o impacto social da IA e a \u00e9tica. Descubra como eles desafiam estere\u00f3tipos.","robots":{"index":"index","follow":"follow","max-snippet":"max-snippet:-1","max-image-preview":"max-image-preview:large","max-video-preview":"max-video-preview:-1"},"canonical":"https:\/\/lacerdaai.com\/br\/os-sonhadores-da-ia-empreendedores-que-repensam-o-futuro-e-o-impacto-na-sociedade\/","og_locale":"pt_BR","og_type":"article","og_title":"Os Sonhadores da IA: Empreendedores Que Repensam o Futuro e o Impacto na Sociedade - Lacerda AI","og_description":"Explore como uma nova gera\u00e7\u00e3o de empreendedores de IA est\u00e1 moldando o futuro, buscando inova\u00e7\u00e3o e lucro, mas com uma crescente preocupa\u00e7\u00e3o com o impacto social da IA e a \u00e9tica. Descubra como eles desafiam estere\u00f3tipos.","og_url":"https:\/\/lacerdaai.com\/br\/os-sonhadores-da-ia-empreendedores-que-repensam-o-futuro-e-o-impacto-na-sociedade\/","og_site_name":"Lacerda AI","article_published_time":"2026-02-09T19:37:59+00:00","article_modified_time":"2026-02-09T19:38:00+00:00","author":"Andr\u00e9 Lacerda","twitter_card":"summary_large_image","twitter_misc":{"Escrito por":"Andr\u00e9 Lacerda","Est. tempo de leitura":"9 minutos"},"schema":{"@context":"https:\/\/schema.org","@graph":[{"@type":"WebPage","@id":"https:\/\/lacerdaai.com\/br\/os-sonhadores-da-ia-empreendedores-que-repensam-o-futuro-e-o-impacto-na-sociedade\/","url":"https:\/\/lacerdaai.com\/br\/os-sonhadores-da-ia-empreendedores-que-repensam-o-futuro-e-o-impacto-na-sociedade\/","name":"Os Sonhadores da IA: Empreendedores Que Repensam o Futuro e o Impacto na Sociedade - Lacerda AI","isPartOf":{"@id":"https:\/\/lacerdaai.com\/br\/#website"},"primaryImageOfPage":{"@id":"https:\/\/lacerdaai.com\/br\/os-sonhadores-da-ia-empreendedores-que-repensam-o-futuro-e-o-impacto-na-sociedade\/#primaryimage"},"image":{"@id":"https:\/\/lacerdaai.com\/br\/os-sonhadores-da-ia-empreendedores-que-repensam-o-futuro-e-o-impacto-na-sociedade\/#primaryimage"},"thumbnailUrl":"https:\/\/lacerdaai.com\/br\/wp-content\/uploads\/2026\/02\/imagem-36-scaled.jpg","datePublished":"2026-02-09T19:37:59+00:00","dateModified":"2026-02-09T19:38:00+00:00","author":{"@id":"https:\/\/lacerdaai.com\/br\/#\/schema\/person\/8bad803c2e83a0c5c5c75e02a1c2248f"},"description":"Explore como uma nova gera\u00e7\u00e3o de empreendedores de IA est\u00e1 moldando o futuro, buscando inova\u00e7\u00e3o e lucro, mas com uma crescente preocupa\u00e7\u00e3o com o impacto social da IA e a \u00e9tica. Descubra como eles desafiam estere\u00f3tipos.","breadcrumb":{"@id":"https:\/\/lacerdaai.com\/br\/os-sonhadores-da-ia-empreendedores-que-repensam-o-futuro-e-o-impacto-na-sociedade\/#breadcrumb"},"inLanguage":"pt-BR","potentialAction":[{"@type":"ReadAction","target":["https:\/\/lacerdaai.com\/br\/os-sonhadores-da-ia-empreendedores-que-repensam-o-futuro-e-o-impacto-na-sociedade\/"]}]},{"@type":"ImageObject","inLanguage":"pt-BR","@id":"https:\/\/lacerdaai.com\/br\/os-sonhadores-da-ia-empreendedores-que-repensam-o-futuro-e-o-impacto-na-sociedade\/#primaryimage","url":"https:\/\/lacerdaai.com\/br\/wp-content\/uploads\/2026\/02\/imagem-36-scaled.jpg","contentUrl":"https:\/\/lacerdaai.com\/br\/wp-content\/uploads\/2026\/02\/imagem-36-scaled.jpg","width":2560,"height":1440},{"@type":"BreadcrumbList","@id":"https:\/\/lacerdaai.com\/br\/os-sonhadores-da-ia-empreendedores-que-repensam-o-futuro-e-o-impacto-na-sociedade\/#breadcrumb","itemListElement":[{"@type":"ListItem","position":1,"name":"In\u00edcio","item":"https:\/\/lacerdaai.com\/br\/"},{"@type":"ListItem","position":2,"name":"Os Sonhadores da IA: Empreendedores Que Repensam o Futuro e o Impacto na Sociedade"}]},{"@type":"WebSite","@id":"https:\/\/lacerdaai.com\/br\/#website","url":"https:\/\/lacerdaai.com\/br\/","name":"Lacerda AI","description":"Seu blog di\u00e1rio de novidades do mundo da Inteligencia Artificial","potentialAction":[{"@type":"SearchAction","target":{"@type":"EntryPoint","urlTemplate":"https:\/\/lacerdaai.com\/br\/?s={search_term_string}"},"query-input":{"@type":"PropertyValueSpecification","valueRequired":true,"valueName":"search_term_string"}}],"inLanguage":"pt-BR"},{"@type":"Person","@id":"https:\/\/lacerdaai.com\/br\/#\/schema\/person\/8bad803c2e83a0c5c5c75e02a1c2248f","name":"Andr\u00e9 Lacerda","image":{"@type":"ImageObject","inLanguage":"pt-BR","@id":"https:\/\/lacerdaai.com\/br\/#\/schema\/person\/image\/","url":"https:\/\/secure.gravatar.com\/avatar\/f5c1fa5ad9763f54c1f223c3fc91f131da6288c9f9e28d74bb3c355ad99af205?s=96&d=mm&r=g","contentUrl":"https:\/\/secure.gravatar.com\/avatar\/f5c1fa5ad9763f54c1f223c3fc91f131da6288c9f9e28d74bb3c355ad99af205?s=96&d=mm&r=g","caption":"Andr\u00e9 Lacerda"},"description":"Sou o Andr\u00e9 Lacerda, tenho 35 anos e sou apaixonado por tecnologia, intelig\u00eancia artificial e boas hist\u00f3rias. Me formei em Tecnologia e Jornalismo \u2014 sim, uma mistura meio improv\u00e1vel, mas que combina muito comigo. J\u00e1 morei no Canad\u00e1 e na Espanha, e essas experi\u00eancias me ajudaram a enxergar a inova\u00e7\u00e3o com um olhar mais global (e a me virar bem em tr\u00eas idiomas \ud83d\ude04). Trabalhei em algumas das maiores empresas de tecnologia do mercado e, hoje, atuo como consultor ajudando neg\u00f3cios a entenderem e aplicarem IA de forma pr\u00e1tica, estrat\u00e9gica e humana. Gosto de traduzir o complexo em algo simples \u2014 e \u00e9 isso que voc\u00ea vai encontrar por aqui.","sameAs":["http:\/\/lacerdaai.com\/br"],"url":"https:\/\/lacerdaai.com\/br\/author\/red-admin\/"}]}},"_links":{"self":[{"href":"https:\/\/lacerdaai.com\/br\/wp-json\/wp\/v2\/posts\/3569","targetHints":{"allow":["GET"]}}],"collection":[{"href":"https:\/\/lacerdaai.com\/br\/wp-json\/wp\/v2\/posts"}],"about":[{"href":"https:\/\/lacerdaai.com\/br\/wp-json\/wp\/v2\/types\/post"}],"author":[{"embeddable":true,"href":"https:\/\/lacerdaai.com\/br\/wp-json\/wp\/v2\/users\/1"}],"replies":[{"embeddable":true,"href":"https:\/\/lacerdaai.com\/br\/wp-json\/wp\/v2\/comments?post=3569"}],"version-history":[{"count":1,"href":"https:\/\/lacerdaai.com\/br\/wp-json\/wp\/v2\/posts\/3569\/revisions"}],"predecessor-version":[{"id":3570,"href":"https:\/\/lacerdaai.com\/br\/wp-json\/wp\/v2\/posts\/3569\/revisions\/3570"}],"wp:featuredmedia":[{"embeddable":true,"href":"https:\/\/lacerdaai.com\/br\/wp-json\/wp\/v2\/media\/3568"}],"wp:attachment":[{"href":"https:\/\/lacerdaai.com\/br\/wp-json\/wp\/v2\/media?parent=3569"}],"wp:term":[{"taxonomy":"category","embeddable":true,"href":"https:\/\/lacerdaai.com\/br\/wp-json\/wp\/v2\/categories?post=3569"},{"taxonomy":"post_tag","embeddable":true,"href":"https:\/\/lacerdaai.com\/br\/wp-json\/wp\/v2\/tags?post=3569"}],"curies":[{"name":"wp","href":"https:\/\/api.w.org\/{rel}","templated":true}]}}