{"id":3572,"date":"2026-02-10T00:37:57","date_gmt":"2026-02-10T03:37:57","guid":{"rendered":"https:\/\/lacerdaai.com\/br\/ia-na-politica-quando-o-super-bowl-vira-palco-para-a-inteligencia-artificial-nas-campanhas\/"},"modified":"2026-02-10T00:37:59","modified_gmt":"2026-02-10T03:37:59","slug":"ia-na-politica-quando-o-super-bowl-vira-palco-para-a-inteligencia-artificial-nas-campanhas","status":"publish","type":"post","link":"https:\/\/lacerdaai.com\/br\/ia-na-politica-quando-o-super-bowl-vira-palco-para-a-inteligencia-artificial-nas-campanhas\/","title":{"rendered":"IA na Pol\u00edtica: Quando o Super Bowl Vira Palco para a Intelig\u00eancia Artificial nas Campanhas"},"content":{"rendered":"<p>## IA na Pol\u00edtica: Quando o Super Bowl Vira Palco para a Intelig\u00eancia Artificial nas Campanhas<\/p>\n<p>Imagine a cena: milh\u00f5es de olhos grudados na televis\u00e3o durante o Super Bowl, um dos maiores espet\u00e1culos televisivos do mundo, aguardando o pr\u00f3ximo touchdown, o show do intervalo ou os aguardados comerciais. \u00c9 nesse palco grandioso que, em meio \u00e0 euforia do jogo, a campanha do ex-presidente Donald Trump decidiu lan\u00e7ar um v\u00eddeo, com forte influ\u00eancia da **Intelig\u00eancia Artificial na pol\u00edtica**, enaltecendo sua gest\u00e3o. N\u00e3o foi um comercial qualquer, mas um lembrete v\u00edvido da crescente e, por vezes, controversa presen\u00e7a da IA no cerne da comunica\u00e7\u00e3o pol\u00edtica. Este evento, que ocorreu no Super Bowl de 2024, serve como um poderoso estudo de caso sobre como a tecnologia est\u00e1 remodelando a forma como candidatos e governos se conectam \u2013 ou tentam se conectar \u2013 com o eleitorado.<\/p>\n<p>A jogada estrat\u00e9gica da equipe de Trump de inserir conte\u00fado gerado por IA durante um dos hor\u00e1rios mais caros e visados da televis\u00e3o americana n\u00e3o \u00e9 apenas um sinal dos tempos; \u00e9 um marco. Mostra a aud\u00e1cia de explorar novas ferramentas digitais para moldar narrativas e, mais importante, o reconhecimento do imenso potencial \u2013 e dos riscos \u2013 que a intelig\u00eancia artificial representa para o futuro da pol\u00edtica. Mas o que exatamente significa um &#8216;v\u00eddeo cheio de IA&#8217;? E quais s\u00e3o as implica\u00e7\u00f5es de usar essa tecnologia para propagar mensagens pol\u00edticas, especialmente em um ambiente j\u00e1 polarizado e repleto de desinforma\u00e7\u00e3o? Vamos mergulhar nesse universo fascinante e complexo.<\/p>\n<p>### <strong>Intelig\u00eancia Artificial na pol\u00edtica<\/strong>: O Super Bowl como Palco para a Nova Era da Comunica\u00e7\u00e3o Eleitoral<\/p>\n<p>A ascens\u00e3o da Intelig\u00eancia Artificial no cen\u00e1rio global tem sido vertiginosa, e a pol\u00edtica n\u00e3o poderia ficar de fora. O caso do v\u00eddeo veiculado durante o Super Bowl \u00e9 emblem\u00e1tico. A decis\u00e3o de usar um momento de alta visibilidade para divulgar um material que, segundo reportagens, fazia uso intensivo de IA, sublinha uma mudan\u00e7a de paradigma. N\u00e3o estamos falando apenas de algoritmos sofisticados para an\u00e1lise de dados eleitorais ou microsegmenta\u00e7\u00e3o de eleitores, mas da cria\u00e7\u00e3o de conte\u00fado que desafia as no\u00e7\u00f5es tradicionais de autenticidade e autoria.<\/p>\n<p>Um v\u00eddeo &#8216;cheio de IA&#8217; pode significar uma s\u00e9rie de coisas: desde imagens geradas ou aprimoradas por IA (como *deepfakes* ou *shallowfakes* que manipulam v\u00eddeos existentes), vozes sintetizadas para imitar figuras p\u00fablicas, at\u00e9 roteiros e slogans criados por modelos de linguagem avan\u00e7ados. No contexto pol\u00edtico, essa capacidade abre um leque de possibilidades, tanto promissoras quanto perigosas. Por um lado, a IA pode democratizar a produ\u00e7\u00e3o de conte\u00fado, permitindo que campanhas com or\u00e7amentos menores criem materiais visuais e auditivos de alta qualidade. Ela pode personalizar mensagens para diferentes grupos demogr\u00e1ficos em uma escala sem precedentes, otimizando o engajamento e a persuas\u00e3o. A velocidade com que a IA pode gerar e adaptar conte\u00fado \u00e9 incompar\u00e1vel, um trunfo valioso no ritmo acelerado das campanhas modernas.<\/p>\n<p>Por outro lado, o uso de IA na comunica\u00e7\u00e3o pol\u00edtica levanta s\u00e9rias quest\u00f5es \u00e9ticas e de credibilidade. Como diferenciar o real do sint\u00e9tico? Como evitar que informa\u00e7\u00f5es falsas ou distorcidas se espalhem, potencialmente influenciando resultados eleitorais? A capacidade de gerar imagens e sons convincentes de algo que nunca aconteceu ou foi dito por algu\u00e9m \u00e9 um terreno f\u00e9rtil para a desinforma\u00e7\u00e3o e a manipula\u00e7\u00e3o. A campanha de Trump, ao optar por uma abordagem &#8216;sem desculpas&#8217; (unapologetic) em seu v\u00eddeo, sinaliza uma disposi\u00e7\u00e3o de testar os limites dessa nova fronteira, o que inevitavelmente gera debates acalorados sobre a responsabilidade e a \u00e9tica na era digital.<\/p>\n<p>### O Elo Sutil entre IA, Propaganda e Percep\u00e7\u00e3o P\u00fablica<\/p>\n<p>A propaganda pol\u00edtica sempre buscou as ferramentas mais eficazes para influenciar a percep\u00e7\u00e3o p\u00fablica. Desde os p\u00f4steres e r\u00e1dios do s\u00e9culo passado at\u00e9 a televis\u00e3o e, mais recentemente, as redes sociais, a tecnologia tem sido uma aliada constante. A **Intelig\u00eancia Artificial na pol\u00edtica** eleva essa din\u00e2mica a um n\u00edvel inteiramente novo, n\u00e3o apenas pela capacidade de alcance, mas pela sutileza e personaliza\u00e7\u00e3o do impacto. A IA permite que as campanhas n\u00e3o apenas transmitam mensagens, mas que as moldem de forma granular para ressoar com as emo\u00e7\u00f5es, os valores e os medos espec\u00edficos de cada segmento do eleitorado.<\/p>\n<p>Um dos usos mais sofisticados da IA \u00e9 a microsegmenta\u00e7\u00e3o de eleitores. Ao analisar vastas quantidades de dados \u2013 desde hist\u00f3rico de vota\u00e7\u00e3o e h\u00e1bitos de consumo de m\u00eddia at\u00e9 padr\u00f5es de navega\u00e7\u00e3o na internet e opini\u00f5es expressas em redes sociais \u2013 a IA pode construir perfis detalhados de eleitores. Com base nesses perfis, \u00e9 poss\u00edvel criar mensagens altamente personalizadas, entregues no formato e canal mais eficazes para cada indiv\u00edduo. Por exemplo, um eleitor preocupado com a economia pode receber um an\u00fancio focado em propostas fiscais, enquanto outro focado em quest\u00f5es ambientais receber\u00e1 conte\u00fado sobre sustentabilidade, tudo de forma autom\u00e1tica e otimizada por algoritmos. Isso cria uma &#8216;bolha de filtro&#8217; ou &#8216;c\u00e2mara de eco&#8217; onde o indiv\u00edduo \u00e9 constantemente exposto a informa\u00e7\u00f5es que refor\u00e7am suas cren\u00e7as existentes, tornando-o menos propenso a considerar perspectivas alternativas.<\/p>\n<p>A gera\u00e7\u00e3o de conte\u00fado sint\u00e9tico, como o visto no v\u00eddeo do Super Bowl, \u00e9 outra vertente poderosa. Ferramentas de IA generativa podem criar artigos de blog, posts para redes sociais, e-mails de campanha e at\u00e9 discursos com base em poucos comandos. A efic\u00e1cia reside n\u00e3o s\u00f3 na velocidade, mas na capacidade de adaptar o tom e o estilo para diferentes p\u00fablicos, garantindo que a mensagem seja sempre relevante e persuasiva. Contudo, essa capacidade levanta a quest\u00e3o da autenticidade. Quando um eleitor interage com um conte\u00fado gerado por IA, ele est\u00e1 recebendo uma mensagem genu\u00edna de um candidato ou uma constru\u00e7\u00e3o algor\u00edtmica projetada para otimizar sua resposta? A distin\u00e7\u00e3o se torna cada vez mais turva, minando a confian\u00e7a na informa\u00e7\u00e3o e, em \u00faltima inst\u00e2ncia, no processo democr\u00e1tico.<\/p>\n<p>### Desafios \u00c9ticos e o Futuro da Democracia na Era da IA<\/p>\n<p>O uso crescente da **Intelig\u00eancia Artificial na pol\u00edtica** traz consigo uma s\u00e9rie de desafios \u00e9ticos que precisam ser enfrentados urgentemente. O principal deles \u00e9 a quest\u00e3o da desinforma\u00e7\u00e3o e da manipula\u00e7\u00e3o. *Deepfakes* e outros conte\u00fados gerados por IA podem ser usados para criar cenas falsas, atribuir falas a pessoas que nunca as disseram ou distorcer a realidade de forma convincente, tornando extremamente dif\u00edcil para o cidad\u00e3o comum discernir a verdade. Em um ambiente eleitoral j\u00e1 aquecido, essa capacidade pode ter consequ\u00eancias desastrosas, minando a confian\u00e7a nas institui\u00e7\u00f5es, nos ve\u00edculos de comunica\u00e7\u00e3o e at\u00e9 nos pr\u00f3prios candidatos.<\/p>\n<p>Outra preocupa\u00e7\u00e3o \u00e9 a eros\u00e3o da privacidade. A coleta massiva de dados para alimentar algoritmos de IA levanta quest\u00f5es sobre o consentimento do eleitor e a seguran\u00e7a de suas informa\u00e7\u00f5es pessoais. Quem tem acesso a esses dados? Como eles s\u00e3o usados e protegidos? A personaliza\u00e7\u00e3o extrema, embora possa aumentar o engajamento, tamb\u00e9m pode levar \u00e0 explora\u00e7\u00e3o de vulnerabilidades psicol\u00f3gicas, com mensagens direcionadas para explorar preconceitos ou medos subconscientes. Isso pode ser visto como uma forma de manipula\u00e7\u00e3o que subverte o debate racional e a forma\u00e7\u00e3o de opini\u00e3o informada, pilares de qualquer democracia saud\u00e1vel.<\/p>\n<p>A responsabilidade pelo conte\u00fado gerado por IA tamb\u00e9m \u00e9 um dilema. Se um algoritmo cria uma mensagem difamat\u00f3ria ou enganosa, quem \u00e9 o respons\u00e1vel? A campanha que o utilizou? Os desenvolvedores da IA? A plataforma que o hospeda? A aus\u00eancia de regulamenta\u00e7\u00e3o clara e de mecanismos de fiscaliza\u00e7\u00e3o robustos deixa um v\u00e1cuo que pode ser explorado por atores mal-intencionados. Organiza\u00e7\u00f5es como a UNESCO e diversas comiss\u00f5es eleitorais ao redor do mundo j\u00e1 v\u00eam debatendo a necessidade de leis que exijam a rotulagem de conte\u00fado gerado por IA em campanhas pol\u00edticas, al\u00e9m de estabelecer limites para seu uso. A transpar\u00eancia se torna um valor inegoci\u00e1vel.<\/p>\n<p>### O Caminho a Seguir: Regulamenta\u00e7\u00e3o e Alfabetiza\u00e7\u00e3o Digital<\/p>\n<p>Diante desse cen\u00e1rio complexo, o caminho a seguir para a **Intelig\u00eancia Artificial na pol\u00edtica** requer uma abordagem multifacetada. A regulamenta\u00e7\u00e3o \u00e9 essencial. Governos e \u00f3rg\u00e3os reguladores precisam desenvolver leis claras que abordem a autenticidade do conte\u00fado, a privacidade dos dados, a responsabilidade e a transpar\u00eancia no uso da IA em campanhas. Isso inclui, talvez, a exig\u00eancia de &#8216;marcas d&#8217;\u00e1gua&#8217; digitais ou r\u00f3tulos expl\u00edcitos em todo o material pol\u00edtico gerado por IA, informando o eleitor sobre a origem sint\u00e9tica do conte\u00fado. Pa\u00edses como o Brasil, com um hist\u00f3rico recente de desafios relacionados \u00e0 desinforma\u00e7\u00e3o em elei\u00e7\u00f5es, precisam estar especialmente atentos e proativos nessa frente.<\/p>\n<p>Paralelamente \u00e0 regulamenta\u00e7\u00e3o, a alfabetiza\u00e7\u00e3o digital da popula\u00e7\u00e3o \u00e9 crucial. Em um mundo onde a linha entre o real e o artificial se esvai, educar os cidad\u00e3os para o pensamento cr\u00edtico, para a verifica\u00e7\u00e3o de fatos e para o reconhecimento de sinais de conte\u00fado gerado por IA torna-se uma prioridade. Escolas, universidades e a m\u00eddia t\u00eam um papel fundamental em equipar as pessoas com as ferramentas necess\u00e1rias para navegar com seguran\u00e7a e discernimento no ambiente digital. Afinal, a melhor defesa contra a desinforma\u00e7\u00e3o \u00e9 uma sociedade bem informada e c\u00e9tica.<\/p>\n<p>Por fim, \u00e9 imperativo que as plataformas de tecnologia assumam sua parte da responsabilidade. Elas devem investir em ferramentas de detec\u00e7\u00e3o de IA, colaborar com verificadores de fatos e implementar pol\u00edticas rigorosas contra o uso abusivo de suas tecnologias para a dissemina\u00e7\u00e3o de informa\u00e7\u00f5es falsas ou manipuladas. A democracia, em sua ess\u00eancia, depende de um eleitorado capaz de fazer escolhas informadas, e a **Intelig\u00eancia Artificial na pol\u00edtica** tem o poder de aprimorar ou corroer esse alicerce, dependendo de como a utilizamos e regulamentamos.<\/p>\n<p>A exibi\u00e7\u00e3o do v\u00eddeo de IA durante o Super Bowl serve como um lembrete contundente de que a era da intelig\u00eancia artificial na pol\u00edtica n\u00e3o \u00e9 uma proje\u00e7\u00e3o futura, mas uma realidade presente. As ferramentas est\u00e3o dispon\u00edveis, e sua utiliza\u00e7\u00e3o est\u00e1 se tornando cada vez mais sofisticada. Este \u00e9 um campo de batalha n\u00e3o apenas tecnol\u00f3gico, mas \u00e9tico e democr\u00e1tico, onde a vigil\u00e2ncia constante e o debate aberto s\u00e3o mais necess\u00e1rios do que nunca. \u00c9 hora de discutir, legislar e educar para garantir que a IA sirva \u00e0 democracia, e n\u00e3o o contr\u00e1rio.<\/p>\n","protected":false},"excerpt":{"rendered":"<p>## IA na Pol\u00edtica: Quando o Super Bowl Vira Palco para a Intelig\u00eancia Artificial nas Campanhas Imagine a cena: milh\u00f5es de olhos grudados na televis\u00e3o durante o Super Bowl, um dos maiores espet\u00e1culos televisivos do mundo, aguardando o pr\u00f3ximo touchdown, o show do intervalo ou os aguardados comerciais. \u00c9 nesse palco grandioso que, em meio [&hellip;]<\/p>\n","protected":false},"author":1,"featured_media":3571,"comment_status":"open","ping_status":"open","sticky":false,"template":"","format":"standard","meta":{"_yoast_wpseo_focuskw":"Intelig\u00eancia Artificial na pol\u00edtica","_yoast_wpseo_metadesc":"Explore como a Intelig\u00eancia Artificial est\u00e1 transformando a comunica\u00e7\u00e3o pol\u00edtica, desde v\u00eddeos gerados por IA at\u00e9 estrat\u00e9gias de campanha, e os desafios \u00e9ticos que surgem com essa nova fronteira digital.","footnotes":""},"categories":[2],"tags":[],"class_list":["post-3572","post","type-post","status-publish","format-standard","has-post-thumbnail","hentry","category-novidades"],"yoast_head":"<!-- This site is optimized with the Yoast SEO plugin v25.6 - https:\/\/yoast.com\/wordpress\/plugins\/seo\/ -->\n<title>IA na Pol\u00edtica: Quando o Super Bowl Vira Palco para a Intelig\u00eancia Artificial nas Campanhas - Lacerda AI<\/title>\n<meta name=\"description\" content=\"Explore como a Intelig\u00eancia Artificial est\u00e1 transformando a comunica\u00e7\u00e3o pol\u00edtica, desde v\u00eddeos gerados por IA at\u00e9 estrat\u00e9gias de campanha, e os desafios \u00e9ticos que surgem com essa nova fronteira digital.\" \/>\n<meta name=\"robots\" content=\"index, follow, max-snippet:-1, max-image-preview:large, max-video-preview:-1\" \/>\n<link rel=\"canonical\" href=\"https:\/\/lacerdaai.com\/br\/ia-na-politica-quando-o-super-bowl-vira-palco-para-a-inteligencia-artificial-nas-campanhas\/\" \/>\n<meta property=\"og:locale\" content=\"pt_BR\" \/>\n<meta property=\"og:type\" content=\"article\" \/>\n<meta property=\"og:title\" content=\"IA na Pol\u00edtica: Quando o Super Bowl Vira Palco para a Intelig\u00eancia Artificial nas Campanhas - Lacerda AI\" \/>\n<meta property=\"og:description\" content=\"Explore como a Intelig\u00eancia Artificial est\u00e1 transformando a comunica\u00e7\u00e3o pol\u00edtica, desde v\u00eddeos gerados por IA at\u00e9 estrat\u00e9gias de campanha, e os desafios \u00e9ticos que surgem com essa nova fronteira digital.\" \/>\n<meta property=\"og:url\" content=\"https:\/\/lacerdaai.com\/br\/ia-na-politica-quando-o-super-bowl-vira-palco-para-a-inteligencia-artificial-nas-campanhas\/\" \/>\n<meta property=\"og:site_name\" content=\"Lacerda AI\" \/>\n<meta property=\"article:published_time\" content=\"2026-02-10T03:37:57+00:00\" \/>\n<meta property=\"article:modified_time\" content=\"2026-02-10T03:37:59+00:00\" \/>\n<meta name=\"author\" content=\"Andr\u00e9 Lacerda\" \/>\n<meta name=\"twitter:card\" content=\"summary_large_image\" \/>\n<meta name=\"twitter:label1\" content=\"Escrito por\" \/>\n\t<meta name=\"twitter:data1\" content=\"Andr\u00e9 Lacerda\" \/>\n\t<meta name=\"twitter:label2\" content=\"Est. tempo de leitura\" \/>\n\t<meta name=\"twitter:data2\" content=\"9 minutos\" \/>\n<script type=\"application\/ld+json\" class=\"yoast-schema-graph\">{\"@context\":\"https:\/\/schema.org\",\"@graph\":[{\"@type\":\"WebPage\",\"@id\":\"https:\/\/lacerdaai.com\/br\/ia-na-politica-quando-o-super-bowl-vira-palco-para-a-inteligencia-artificial-nas-campanhas\/\",\"url\":\"https:\/\/lacerdaai.com\/br\/ia-na-politica-quando-o-super-bowl-vira-palco-para-a-inteligencia-artificial-nas-campanhas\/\",\"name\":\"IA na Pol\u00edtica: Quando o Super Bowl Vira Palco para a Intelig\u00eancia Artificial nas Campanhas - Lacerda AI\",\"isPartOf\":{\"@id\":\"https:\/\/lacerdaai.com\/br\/#website\"},\"primaryImageOfPage\":{\"@id\":\"https:\/\/lacerdaai.com\/br\/ia-na-politica-quando-o-super-bowl-vira-palco-para-a-inteligencia-artificial-nas-campanhas\/#primaryimage\"},\"image\":{\"@id\":\"https:\/\/lacerdaai.com\/br\/ia-na-politica-quando-o-super-bowl-vira-palco-para-a-inteligencia-artificial-nas-campanhas\/#primaryimage\"},\"thumbnailUrl\":\"https:\/\/lacerdaai.com\/br\/wp-content\/uploads\/2026\/02\/imagem-37.jpg\",\"datePublished\":\"2026-02-10T03:37:57+00:00\",\"dateModified\":\"2026-02-10T03:37:59+00:00\",\"author\":{\"@id\":\"https:\/\/lacerdaai.com\/br\/#\/schema\/person\/8bad803c2e83a0c5c5c75e02a1c2248f\"},\"description\":\"Explore como a Intelig\u00eancia Artificial est\u00e1 transformando a comunica\u00e7\u00e3o pol\u00edtica, desde v\u00eddeos gerados por IA at\u00e9 estrat\u00e9gias de campanha, e os desafios \u00e9ticos que surgem com essa nova fronteira digital.\",\"breadcrumb\":{\"@id\":\"https:\/\/lacerdaai.com\/br\/ia-na-politica-quando-o-super-bowl-vira-palco-para-a-inteligencia-artificial-nas-campanhas\/#breadcrumb\"},\"inLanguage\":\"pt-BR\",\"potentialAction\":[{\"@type\":\"ReadAction\",\"target\":[\"https:\/\/lacerdaai.com\/br\/ia-na-politica-quando-o-super-bowl-vira-palco-para-a-inteligencia-artificial-nas-campanhas\/\"]}]},{\"@type\":\"ImageObject\",\"inLanguage\":\"pt-BR\",\"@id\":\"https:\/\/lacerdaai.com\/br\/ia-na-politica-quando-o-super-bowl-vira-palco-para-a-inteligencia-artificial-nas-campanhas\/#primaryimage\",\"url\":\"https:\/\/lacerdaai.com\/br\/wp-content\/uploads\/2026\/02\/imagem-37.jpg\",\"contentUrl\":\"https:\/\/lacerdaai.com\/br\/wp-content\/uploads\/2026\/02\/imagem-37.jpg\",\"width\":1200,\"height\":730},{\"@type\":\"BreadcrumbList\",\"@id\":\"https:\/\/lacerdaai.com\/br\/ia-na-politica-quando-o-super-bowl-vira-palco-para-a-inteligencia-artificial-nas-campanhas\/#breadcrumb\",\"itemListElement\":[{\"@type\":\"ListItem\",\"position\":1,\"name\":\"In\u00edcio\",\"item\":\"https:\/\/lacerdaai.com\/br\/\"},{\"@type\":\"ListItem\",\"position\":2,\"name\":\"IA na Pol\u00edtica: Quando o Super Bowl Vira Palco para a Intelig\u00eancia Artificial nas Campanhas\"}]},{\"@type\":\"WebSite\",\"@id\":\"https:\/\/lacerdaai.com\/br\/#website\",\"url\":\"https:\/\/lacerdaai.com\/br\/\",\"name\":\"Lacerda AI\",\"description\":\"Seu blog di\u00e1rio de novidades do mundo da Inteligencia Artificial\",\"potentialAction\":[{\"@type\":\"SearchAction\",\"target\":{\"@type\":\"EntryPoint\",\"urlTemplate\":\"https:\/\/lacerdaai.com\/br\/?s={search_term_string}\"},\"query-input\":{\"@type\":\"PropertyValueSpecification\",\"valueRequired\":true,\"valueName\":\"search_term_string\"}}],\"inLanguage\":\"pt-BR\"},{\"@type\":\"Person\",\"@id\":\"https:\/\/lacerdaai.com\/br\/#\/schema\/person\/8bad803c2e83a0c5c5c75e02a1c2248f\",\"name\":\"Andr\u00e9 Lacerda\",\"image\":{\"@type\":\"ImageObject\",\"inLanguage\":\"pt-BR\",\"@id\":\"https:\/\/lacerdaai.com\/br\/#\/schema\/person\/image\/\",\"url\":\"https:\/\/secure.gravatar.com\/avatar\/f5c1fa5ad9763f54c1f223c3fc91f131da6288c9f9e28d74bb3c355ad99af205?s=96&d=mm&r=g\",\"contentUrl\":\"https:\/\/secure.gravatar.com\/avatar\/f5c1fa5ad9763f54c1f223c3fc91f131da6288c9f9e28d74bb3c355ad99af205?s=96&d=mm&r=g\",\"caption\":\"Andr\u00e9 Lacerda\"},\"description\":\"Sou o Andr\u00e9 Lacerda, tenho 35 anos e sou apaixonado por tecnologia, intelig\u00eancia artificial e boas hist\u00f3rias. Me formei em Tecnologia e Jornalismo \u2014 sim, uma mistura meio improv\u00e1vel, mas que combina muito comigo. J\u00e1 morei no Canad\u00e1 e na Espanha, e essas experi\u00eancias me ajudaram a enxergar a inova\u00e7\u00e3o com um olhar mais global (e a me virar bem em tr\u00eas idiomas \ud83d\ude04). Trabalhei em algumas das maiores empresas de tecnologia do mercado e, hoje, atuo como consultor ajudando neg\u00f3cios a entenderem e aplicarem IA de forma pr\u00e1tica, estrat\u00e9gica e humana. Gosto de traduzir o complexo em algo simples \u2014 e \u00e9 isso que voc\u00ea vai encontrar por aqui.\",\"sameAs\":[\"http:\/\/lacerdaai.com\/br\"],\"url\":\"https:\/\/lacerdaai.com\/br\/author\/red-admin\/\"}]}<\/script>\n<!-- \/ Yoast SEO plugin. -->","yoast_head_json":{"title":"IA na Pol\u00edtica: Quando o Super Bowl Vira Palco para a Intelig\u00eancia Artificial nas Campanhas - Lacerda AI","description":"Explore como a Intelig\u00eancia Artificial est\u00e1 transformando a comunica\u00e7\u00e3o pol\u00edtica, desde v\u00eddeos gerados por IA at\u00e9 estrat\u00e9gias de campanha, e os desafios \u00e9ticos que surgem com essa nova fronteira digital.","robots":{"index":"index","follow":"follow","max-snippet":"max-snippet:-1","max-image-preview":"max-image-preview:large","max-video-preview":"max-video-preview:-1"},"canonical":"https:\/\/lacerdaai.com\/br\/ia-na-politica-quando-o-super-bowl-vira-palco-para-a-inteligencia-artificial-nas-campanhas\/","og_locale":"pt_BR","og_type":"article","og_title":"IA na Pol\u00edtica: Quando o Super Bowl Vira Palco para a Intelig\u00eancia Artificial nas Campanhas - Lacerda AI","og_description":"Explore como a Intelig\u00eancia Artificial est\u00e1 transformando a comunica\u00e7\u00e3o pol\u00edtica, desde v\u00eddeos gerados por IA at\u00e9 estrat\u00e9gias de campanha, e os desafios \u00e9ticos que surgem com essa nova fronteira digital.","og_url":"https:\/\/lacerdaai.com\/br\/ia-na-politica-quando-o-super-bowl-vira-palco-para-a-inteligencia-artificial-nas-campanhas\/","og_site_name":"Lacerda AI","article_published_time":"2026-02-10T03:37:57+00:00","article_modified_time":"2026-02-10T03:37:59+00:00","author":"Andr\u00e9 Lacerda","twitter_card":"summary_large_image","twitter_misc":{"Escrito por":"Andr\u00e9 Lacerda","Est. tempo de leitura":"9 minutos"},"schema":{"@context":"https:\/\/schema.org","@graph":[{"@type":"WebPage","@id":"https:\/\/lacerdaai.com\/br\/ia-na-politica-quando-o-super-bowl-vira-palco-para-a-inteligencia-artificial-nas-campanhas\/","url":"https:\/\/lacerdaai.com\/br\/ia-na-politica-quando-o-super-bowl-vira-palco-para-a-inteligencia-artificial-nas-campanhas\/","name":"IA na Pol\u00edtica: Quando o Super Bowl Vira Palco para a Intelig\u00eancia Artificial nas Campanhas - Lacerda AI","isPartOf":{"@id":"https:\/\/lacerdaai.com\/br\/#website"},"primaryImageOfPage":{"@id":"https:\/\/lacerdaai.com\/br\/ia-na-politica-quando-o-super-bowl-vira-palco-para-a-inteligencia-artificial-nas-campanhas\/#primaryimage"},"image":{"@id":"https:\/\/lacerdaai.com\/br\/ia-na-politica-quando-o-super-bowl-vira-palco-para-a-inteligencia-artificial-nas-campanhas\/#primaryimage"},"thumbnailUrl":"https:\/\/lacerdaai.com\/br\/wp-content\/uploads\/2026\/02\/imagem-37.jpg","datePublished":"2026-02-10T03:37:57+00:00","dateModified":"2026-02-10T03:37:59+00:00","author":{"@id":"https:\/\/lacerdaai.com\/br\/#\/schema\/person\/8bad803c2e83a0c5c5c75e02a1c2248f"},"description":"Explore como a Intelig\u00eancia Artificial est\u00e1 transformando a comunica\u00e7\u00e3o pol\u00edtica, desde v\u00eddeos gerados por IA at\u00e9 estrat\u00e9gias de campanha, e os desafios \u00e9ticos que surgem com essa nova fronteira digital.","breadcrumb":{"@id":"https:\/\/lacerdaai.com\/br\/ia-na-politica-quando-o-super-bowl-vira-palco-para-a-inteligencia-artificial-nas-campanhas\/#breadcrumb"},"inLanguage":"pt-BR","potentialAction":[{"@type":"ReadAction","target":["https:\/\/lacerdaai.com\/br\/ia-na-politica-quando-o-super-bowl-vira-palco-para-a-inteligencia-artificial-nas-campanhas\/"]}]},{"@type":"ImageObject","inLanguage":"pt-BR","@id":"https:\/\/lacerdaai.com\/br\/ia-na-politica-quando-o-super-bowl-vira-palco-para-a-inteligencia-artificial-nas-campanhas\/#primaryimage","url":"https:\/\/lacerdaai.com\/br\/wp-content\/uploads\/2026\/02\/imagem-37.jpg","contentUrl":"https:\/\/lacerdaai.com\/br\/wp-content\/uploads\/2026\/02\/imagem-37.jpg","width":1200,"height":730},{"@type":"BreadcrumbList","@id":"https:\/\/lacerdaai.com\/br\/ia-na-politica-quando-o-super-bowl-vira-palco-para-a-inteligencia-artificial-nas-campanhas\/#breadcrumb","itemListElement":[{"@type":"ListItem","position":1,"name":"In\u00edcio","item":"https:\/\/lacerdaai.com\/br\/"},{"@type":"ListItem","position":2,"name":"IA na Pol\u00edtica: Quando o Super Bowl Vira Palco para a Intelig\u00eancia Artificial nas Campanhas"}]},{"@type":"WebSite","@id":"https:\/\/lacerdaai.com\/br\/#website","url":"https:\/\/lacerdaai.com\/br\/","name":"Lacerda AI","description":"Seu blog di\u00e1rio de novidades do mundo da Inteligencia Artificial","potentialAction":[{"@type":"SearchAction","target":{"@type":"EntryPoint","urlTemplate":"https:\/\/lacerdaai.com\/br\/?s={search_term_string}"},"query-input":{"@type":"PropertyValueSpecification","valueRequired":true,"valueName":"search_term_string"}}],"inLanguage":"pt-BR"},{"@type":"Person","@id":"https:\/\/lacerdaai.com\/br\/#\/schema\/person\/8bad803c2e83a0c5c5c75e02a1c2248f","name":"Andr\u00e9 Lacerda","image":{"@type":"ImageObject","inLanguage":"pt-BR","@id":"https:\/\/lacerdaai.com\/br\/#\/schema\/person\/image\/","url":"https:\/\/secure.gravatar.com\/avatar\/f5c1fa5ad9763f54c1f223c3fc91f131da6288c9f9e28d74bb3c355ad99af205?s=96&d=mm&r=g","contentUrl":"https:\/\/secure.gravatar.com\/avatar\/f5c1fa5ad9763f54c1f223c3fc91f131da6288c9f9e28d74bb3c355ad99af205?s=96&d=mm&r=g","caption":"Andr\u00e9 Lacerda"},"description":"Sou o Andr\u00e9 Lacerda, tenho 35 anos e sou apaixonado por tecnologia, intelig\u00eancia artificial e boas hist\u00f3rias. Me formei em Tecnologia e Jornalismo \u2014 sim, uma mistura meio improv\u00e1vel, mas que combina muito comigo. J\u00e1 morei no Canad\u00e1 e na Espanha, e essas experi\u00eancias me ajudaram a enxergar a inova\u00e7\u00e3o com um olhar mais global (e a me virar bem em tr\u00eas idiomas \ud83d\ude04). Trabalhei em algumas das maiores empresas de tecnologia do mercado e, hoje, atuo como consultor ajudando neg\u00f3cios a entenderem e aplicarem IA de forma pr\u00e1tica, estrat\u00e9gica e humana. Gosto de traduzir o complexo em algo simples \u2014 e \u00e9 isso que voc\u00ea vai encontrar por aqui.","sameAs":["http:\/\/lacerdaai.com\/br"],"url":"https:\/\/lacerdaai.com\/br\/author\/red-admin\/"}]}},"_links":{"self":[{"href":"https:\/\/lacerdaai.com\/br\/wp-json\/wp\/v2\/posts\/3572","targetHints":{"allow":["GET"]}}],"collection":[{"href":"https:\/\/lacerdaai.com\/br\/wp-json\/wp\/v2\/posts"}],"about":[{"href":"https:\/\/lacerdaai.com\/br\/wp-json\/wp\/v2\/types\/post"}],"author":[{"embeddable":true,"href":"https:\/\/lacerdaai.com\/br\/wp-json\/wp\/v2\/users\/1"}],"replies":[{"embeddable":true,"href":"https:\/\/lacerdaai.com\/br\/wp-json\/wp\/v2\/comments?post=3572"}],"version-history":[{"count":1,"href":"https:\/\/lacerdaai.com\/br\/wp-json\/wp\/v2\/posts\/3572\/revisions"}],"predecessor-version":[{"id":3573,"href":"https:\/\/lacerdaai.com\/br\/wp-json\/wp\/v2\/posts\/3572\/revisions\/3573"}],"wp:featuredmedia":[{"embeddable":true,"href":"https:\/\/lacerdaai.com\/br\/wp-json\/wp\/v2\/media\/3571"}],"wp:attachment":[{"href":"https:\/\/lacerdaai.com\/br\/wp-json\/wp\/v2\/media?parent=3572"}],"wp:term":[{"taxonomy":"category","embeddable":true,"href":"https:\/\/lacerdaai.com\/br\/wp-json\/wp\/v2\/categories?post=3572"},{"taxonomy":"post_tag","embeddable":true,"href":"https:\/\/lacerdaai.com\/br\/wp-json\/wp\/v2\/tags?post=3572"}],"curies":[{"name":"wp","href":"https:\/\/api.w.org\/{rel}","templated":true}]}}