{"id":3578,"date":"2026-02-10T08:38:05","date_gmt":"2026-02-10T11:38:05","guid":{"rendered":"https:\/\/lacerdaai.com\/br\/ia-no-trabalho-de-redutora-de-tarefas-a-intensificadora-de-demandas\/"},"modified":"2026-02-10T08:38:06","modified_gmt":"2026-02-10T11:38:06","slug":"ia-no-trabalho-de-redutora-de-tarefas-a-intensificadora-de-demandas","status":"publish","type":"post","link":"https:\/\/lacerdaai.com\/br\/ia-no-trabalho-de-redutora-de-tarefas-a-intensificadora-de-demandas\/","title":{"rendered":"IA no Trabalho: De Redutora de Tarefas a Intensificadora de Demandas?"},"content":{"rendered":"<p>## IA no Trabalho: De Redutora de Tarefas a Intensificadora de Demandas? Uma An\u00e1lise Profunda<\/p>\n<p>Desde que a intelig\u00eancia artificial (IA) deixou de ser apenas fic\u00e7\u00e3o cient\u00edfica para se tornar uma realidade palp\u00e1vel em nosso dia a dia, a promessa de um futuro com menos trabalho e mais tempo para tarefas de alto valor tem sido um dos seus maiores atrativos. A ideia de que rob\u00f4s e algoritmos assumiriam as tarefas mon\u00f3tonas e repetitivas, liberando os profissionais para se concentrarem em criatividade, estrat\u00e9gia e inova\u00e7\u00e3o, ecoa em salas de reuni\u00e3o e artigos de tecnologia por todo o mundo. Quem n\u00e3o gostaria de ter uma assistente virtual superinteligente para dar conta da papelada digital, permitindo-nos focar no que realmente importa?<\/p>\n<p>No entanto, a realidade do ch\u00e3o de f\u00e1brica \u2013 ou, neste caso, do escrit\u00f3rio digital \u2013 parece estar contando uma hist\u00f3ria diferente. Uma pesquisa recente, publicada pela Harvard Business Review, tem chocado o mercado ao revelar um paradoxo surpreendente: em vez de diminuir a carga de trabalho, as ferramentas de **intelig\u00eancia artificial** (IA) est\u00e3o, de forma consistente, intensificando-a. Longe de uma utopia de lazer e foco, muitos profissionais est\u00e3o se vendo imersos em um ritmo mais acelerado, com um escopo de tarefas ampliado e jornadas de trabalho estendidas, frequentemente sem um pedido expl\u00edcito para tal. Este cen\u00e1rio, embora possa soar como um aumento de produtividade imediato para algumas empresas, carrega consigo riscos significativos de exaust\u00e3o, burnout e uma qualidade de trabalho comprometida a longo prazo. \u00c9 fundamental que as empresas e os profissionais compreendam essa din\u00e2mica para construir um futuro de trabalho com IA que seja realmente sustent\u00e1vel e ben\u00e9fico para todos.<\/p>\n<p>### **IA e intensifica\u00e7\u00e3o do trabalho**: O Paradoxo da Produtividade na Era Digital<\/p>\n<p>A ascens\u00e3o da intelig\u00eancia artificial foi saudada como a grande libertadora das tarefas repetitivas e ma\u00e7antes. A vis\u00e3o era clara: a IA cuidaria do trabalho bra\u00e7al digital, permitindo que os humanos se concentrassem em aspectos mais estrat\u00e9gicos e criativos de suas fun\u00e7\u00f5es. Contudo, a pesquisa mencionada, ao inv\u00e9s de corroborar essa expectativa, aponta para uma tend\u00eancia alarmante: a **IA e intensifica\u00e7\u00e3o do trabalho** parecem andar de m\u00e3os dadas. O estudo revela que, com a ado\u00e7\u00e3o de ferramentas de IA, os funcion\u00e1rios tendem a trabalhar em um ritmo mais acelerado, assumindo um leque mais amplo de tarefas e estendendo suas horas de trabalho para al\u00e9m do expediente habitual. E o mais intrigante \u00e9 que muitas vezes essa intensifica\u00e7\u00e3o n\u00e3o \u00e9 uma diretriz da gest\u00e3o, mas uma consequ\u00eancia intr\u00ednseca da intera\u00e7\u00e3o humana com a tecnologia.<\/p>\n<p>Mas por que isso acontece? Diversos fatores contribuem para esse fen\u00f4meno. Primeiro, a pr\u00f3pria efici\u00eancia da IA pode gerar uma expectativa de maior produ\u00e7\u00e3o. Se um algoritmo consegue processar dados em segundos que antes levariam horas, a tend\u00eancia natural \u00e9 que mais dados sejam solicitados ou que mais an\u00e1lises sejam esperadas no mesmo per\u00edodo de tempo. Essa \u201cjanela de produtividade\u201d que a IA abre \u00e9 rapidamente preenchida com novas demandas, empurrando o limite da capacidade humana. Em segundo lugar, a facilidade de delega\u00e7\u00e3o de tarefas de baixo n\u00edvel para a IA pode levar a um ac\u00famulo de tarefas de alto n\u00edvel para os humanos. Em vez de simplesmente substituir uma tarefa, a IA libera tempo para o profissional se aprofundar em an\u00e1lises mais complexas, gerenciar mais projetos ou interagir com mais clientes \u2013 todas atividades que, embora de maior valor, tamb\u00e9m demandam mais energia e tempo.<\/p>\n<p>Al\u00e9m disso, existe uma sutil, mas poderosa, press\u00e3o psicol\u00f3gica. O simples fato de ter uma ferramenta altamente eficiente \u00e0 disposi\u00e7\u00e3o pode levar os funcion\u00e1rios a sentirem que *precisam* ser igualmente eficientes e produtivos para acompanhar o ritmo da m\u00e1quina. A linha entre o que \u00e9 trabalho humano e o que \u00e9 assist\u00eancia da IA se torna t\u00eanue, e a tenta\u00e7\u00e3o de usar a IA para &#8220;adiantar&#8221; tarefas, mesmo fora do hor\u00e1rio, pode ser grande. Essa \u201cprodutividade em velocidade de IA\u201d cria um ciclo vicioso: quanto mais a IA auxilia, mais se espera do humano, e quanto mais se espera, mais o humano recorre \u00e0 IA, acelerando ainda mais o ritmo. O que come\u00e7a como um impulso de produtividade, com o tempo, pode se transformar em uma corrida insustent\u00e1vel contra o rel\u00f3gio, onde a qualidade e o bem-estar dos profissionais ficam em segundo plano.<\/p>\n<p>### Os Perigos Ocultos da Carga de Trabalho Aumentada pela IA<\/p>\n<p>Apesar de um aumento inicial na produtividade poder parecer uma vit\u00f3ria para as organiza\u00e7\u00f5es, a intensifica\u00e7\u00e3o constante do trabalho, impulsionada pela IA, carrega consigo uma s\u00e9rie de perigos ocultos que podem minar o sucesso a longo prazo. O fen\u00f4meno da \u201cescalada da carga de trabalho\u201d (ou *workload creep*) \u00e9 um dos mais insidiosos. Ele se manifesta como um aumento gradual e quase impercept\u00edvel das responsabilidades, onde pequenas adi\u00e7\u00f5es di\u00e1rias se somam para criar uma montanha de tarefas que, de repente, se torna esmagadora. Imagine um assistente de IA que otimiza seu e-mail, mas em vez de reduzir o tempo gasto, voc\u00ea usa esse tempo extra para responder a mais e-mails, ou a iniciar mais conversas, aumentando sua interface com a demanda. A linha de chegada para um dia de trabalho produtivo se afasta cada vez mais.<\/p>\n<p>Essa escalada cont\u00ednua leva inevitavelmente \u00e0 fadiga cognitiva. O c\u00e9rebro humano, ao contr\u00e1rio de um algoritmo, n\u00e3o foi projetado para operar em velocidade m\u00e1xima por longos per\u00edodos sem pausas significativas. A constante necessidade de processar informa\u00e7\u00f5es, tomar decis\u00f5es e interagir com ferramentas de IA, que por sua natureza exigem aten\u00e7\u00e3o e discernimento, esgota os recursos mentais dos colaboradores. A fadiga cognitiva se manifesta em menor capacidade de concentra\u00e7\u00e3o, dificuldade em resolver problemas complexos e, criticamente, enfraquecimento na tomada de decis\u00f5es. Um profissional exausto \u00e9 mais propenso a cometer erros, ignorar detalhes importantes ou simplesmente escolher a op\u00e7\u00e3o mais f\u00e1cil, e n\u00e3o a melhor.<\/p>\n<p>O resultado final dessa equa\u00e7\u00e3o \u00e9 o temido *burnout*. Caracterizado por exaust\u00e3o f\u00edsica e mental, despersonaliza\u00e7\u00e3o e baixa realiza\u00e7\u00e3o profissional, o burnout n\u00e3o apenas afeta a sa\u00fade individual do colaborador, mas tamb\u00e9m a produtividade e o clima organizacional. Funcion\u00e1rios em burnout s\u00e3o menos engajados, faltam mais ao trabalho e, em muitos casos, acabam pedindo demiss\u00e3o. O custo de substituir e treinar novos talentos \u00e9 significativamente maior do que o investimento em pr\u00e1ticas de bem-estar e gest\u00e3o de carga de trabalho. Aquela produtividade inicial, celebrada no come\u00e7o da implementa\u00e7\u00e3o da IA, rapidamente d\u00e1 lugar a uma queda na qualidade do trabalho, um aumento na rotatividade de funcion\u00e1rios e outros problemas operacionais que comprometem a sa\u00fade financeira e reputacional da empresa. Ignorar esses riscos \u00e9 adotar uma vis\u00e3o m\u00edope sobre o impacto da IA no capital humano.<\/p>\n<p>### Construindo uma &#8216;Pr\u00e1tica de IA&#8217; Sustent\u00e1vel: O Caminho para o Equil\u00edbrio<\/p>\n<p>Diante do cen\u00e1rio de intensifica\u00e7\u00e3o do trabalho pela IA, a solu\u00e7\u00e3o n\u00e3o \u00e9 demonizar a tecnologia ou reverter sua ado\u00e7\u00e3o, mas sim aprender a gerenci\u00e1-la de forma inteligente e humana. O estudo da HBR sugere que as empresas precisam adotar uma \u201cpr\u00e1tica de IA\u201d \u2013 um conjunto de normas, padr\u00f5es e diretrizes para o uso da intelig\u00eancia artificial que priorize o bem-estar e a produtividade sustent\u00e1vel dos colaboradores. Essa pr\u00e1tica deve ser proativa e intencional, focando em tr\u00eas pilares fundamentais: pausas intencionais, sequenciamento de trabalho e aprimoramento do fator humano.<\/p>\n<p>As **pausas intencionais** s\u00e3o mais do que simples descansos. Tratam-se de interrup\u00e7\u00f5es planejadas no fluxo de trabalho com IA, que permitem aos profissionais se desconectarem e recarregarem suas energias cognitivas. Isso pode envolver a defini\u00e7\u00e3o de blocos de tempo espec\u00edficos do dia para tarefas que n\u00e3o envolvem IA, ou a cria\u00e7\u00e3o de &#8220;zonas livres de IA&#8221; para reflex\u00e3o e criatividade. \u00c9 essencial que as empresas incentivem e modelem esses comportamentos, mostrando que o tempo de inatividade n\u00e3o \u00e9 pregui\u00e7a, mas uma parte crucial da manuten\u00e7\u00e3o da performance e da sa\u00fade mental. A ideia \u00e9 combater a cultura do &#8220;sempre ligado&#8221; que a IA pode inadvertidamente promover, refor\u00e7ando que a verdadeira produtividade emerge de um ritmo equilibrado.<\/p>\n<p>O **sequenciamento de trabalho** refere-se \u00e0 organiza\u00e7\u00e3o l\u00f3gica e estrat\u00e9gica das tarefas que envolvem tanto a IA quanto a interven\u00e7\u00e3o humana. Em vez de simplesmente jogar todas as tarefas para a IA ou para o humano, a pr\u00e1tica de sequenciamento sugere um fluxo de trabalho otimizado. Isso pode significar que a IA realize o processamento inicial e a triagem, mas que a revis\u00e3o cr\u00edtica, a interpreta\u00e7\u00e3o contextual e a tomada de decis\u00e3o final sejam sempre reservadas aos humanos. Definir claramente os pontos de transi\u00e7\u00e3o entre o trabalho automatizado e o trabalho humano evita a sobrecarga e garante que cada parte do processo utilize seus pontos fortes de forma eficiente. Um exemplo seria a IA na cria\u00e7\u00e3o de rascunhos de conte\u00fado, mas a edi\u00e7\u00e3o, refinamento e toque criativo final sendo responsabilidade do redator humano, que tem a sensibilidade para nuances culturais e emocionais.<\/p>\n<p>Finalmente, o **aprimoramento do fator humano** \u00e9 talvez o pilar mais cr\u00edtico. Ele envolve reafirmar o valor insubstitu\u00edvel da intelig\u00eancia humana \u2013 criatividade, pensamento cr\u00edtico, empatia, julgamento \u00e9tico e capacidade de colabora\u00e7\u00e3o. As empresas devem investir em treinamento que n\u00e3o apenas ensine os funcion\u00e1rios a usar as ferramentas de IA, mas tamb\u00e9m a desenvolvam habilidades complementares \u00e0 IA, como a capacidade de questionar resultados gerados por algoritmos, de identificar vieses e de aplicar um discernimento que a m\u00e1quina ainda n\u00e3o possui. Isso significa promover uma cultura onde a IA \u00e9 vista como uma ferramenta poderosa para *ampliar* as capacidades humanas, e n\u00e3o para substitu\u00ed-las ou para criar um ritmo de trabalho desumano. \u00c9 sobre usar a IA para permitir que os humanos sejam *mais* humanos em seu trabalho, focando naquilo que nos torna \u00fanicos e valiosos.<\/p>\n<p>### Conclus\u00e3o: Navegando o Futuro com IA, Equil\u00edbrio e Consci\u00eancia<\/p>\n<p>A intelig\u00eancia artificial \u00e9, sem d\u00favida, uma for\u00e7a transformadora com o potencial de revolucionar a maneira como trabalhamos. No entanto, sua implementa\u00e7\u00e3o n\u00e3o \u00e9 uma panaceia para a produtividade e, como vemos, pode introduzir complexidades inesperadas, como a intensifica\u00e7\u00e3o da carga de trabalho e o risco de burnout. A chave para desvendar o verdadeiro potencial da IA n\u00e3o reside apenas em sua capacidade tecnol\u00f3gica, mas na sabedoria com que a integramos em nossas vidas profissionais. Ignorar os desafios humanos que ela apresenta seria um erro estrat\u00e9gico com consequ\u00eancias s\u00e9rias para o bem-estar dos colaboradores e a sustentabilidade das organiza\u00e7\u00f5es.<\/p>\n<p>Para um futuro de trabalho pr\u00f3spero, as empresas precisam ir al\u00e9m da mera automa\u00e7\u00e3o. Elas devem desenvolver uma \u201cpr\u00e1tica de IA\u201d consciente e \u00e9tica, que valorize o ser humano no centro de toda a inova\u00e7\u00e3o. Isso implica em criar ambientes onde a tecnologia serve para empoderar, e n\u00e3o para esgotar; onde a efici\u00eancia se equilibra com o bem-estar, e a busca por resultados coexiste com o respeito ao ritmo humano. Ao adotar uma abordagem equilibrada, que incorpora pausas intencionais, sequenciamento inteligente de tarefas e um firme compromisso com o aprimoramento das capacidades humanas, podemos garantir que a IA seja verdadeiramente uma aliada na constru\u00e7\u00e3o de um futuro de trabalho mais produtivo, satisfat\u00f3rio e, acima de tudo, humano.<\/p>\n","protected":false},"excerpt":{"rendered":"<p>## IA no Trabalho: De Redutora de Tarefas a Intensificadora de Demandas? Uma An\u00e1lise Profunda Desde que a intelig\u00eancia artificial (IA) deixou de ser apenas fic\u00e7\u00e3o cient\u00edfica para se tornar uma realidade palp\u00e1vel em nosso dia a dia, a promessa de um futuro com menos trabalho e mais tempo para tarefas de alto valor tem [&hellip;]<\/p>\n","protected":false},"author":1,"featured_media":3577,"comment_status":"open","ping_status":"open","sticky":false,"template":"","format":"standard","meta":{"_yoast_wpseo_focuskw":"IA e intensifica\u00e7\u00e3o do trabalho","_yoast_wpseo_metadesc":"Descubra o paradoxo da IA no ambiente de trabalho: ao inv\u00e9s de reduzir tarefas, ela intensifica a carga de trabalho. Entenda os riscos de burnout e como implementar uma 'pr\u00e1tica de IA' sustent\u00e1vel.","footnotes":""},"categories":[2],"tags":[],"class_list":["post-3578","post","type-post","status-publish","format-standard","has-post-thumbnail","hentry","category-novidades"],"yoast_head":"<!-- This site is optimized with the Yoast SEO plugin v25.6 - https:\/\/yoast.com\/wordpress\/plugins\/seo\/ -->\n<title>IA no Trabalho: De Redutora de Tarefas a Intensificadora de Demandas? - Lacerda AI<\/title>\n<meta name=\"description\" content=\"Descubra o paradoxo da IA no ambiente de trabalho: ao inv\u00e9s de reduzir tarefas, ela intensifica a carga de trabalho. Entenda os riscos de burnout e como implementar uma &#039;pr\u00e1tica de IA&#039; sustent\u00e1vel.\" \/>\n<meta name=\"robots\" content=\"index, follow, max-snippet:-1, max-image-preview:large, max-video-preview:-1\" \/>\n<link rel=\"canonical\" href=\"https:\/\/lacerdaai.com\/br\/ia-no-trabalho-de-redutora-de-tarefas-a-intensificadora-de-demandas\/\" \/>\n<meta property=\"og:locale\" content=\"pt_BR\" \/>\n<meta property=\"og:type\" content=\"article\" \/>\n<meta property=\"og:title\" content=\"IA no Trabalho: De Redutora de Tarefas a Intensificadora de Demandas? - Lacerda AI\" \/>\n<meta property=\"og:description\" content=\"Descubra o paradoxo da IA no ambiente de trabalho: ao inv\u00e9s de reduzir tarefas, ela intensifica a carga de trabalho. Entenda os riscos de burnout e como implementar uma &#039;pr\u00e1tica de IA&#039; sustent\u00e1vel.\" \/>\n<meta property=\"og:url\" content=\"https:\/\/lacerdaai.com\/br\/ia-no-trabalho-de-redutora-de-tarefas-a-intensificadora-de-demandas\/\" \/>\n<meta property=\"og:site_name\" content=\"Lacerda AI\" \/>\n<meta property=\"article:published_time\" content=\"2026-02-10T11:38:05+00:00\" \/>\n<meta property=\"article:modified_time\" content=\"2026-02-10T11:38:06+00:00\" \/>\n<meta name=\"author\" content=\"Andr\u00e9 Lacerda\" \/>\n<meta name=\"twitter:card\" content=\"summary_large_image\" \/>\n<meta name=\"twitter:label1\" content=\"Escrito por\" \/>\n\t<meta name=\"twitter:data1\" content=\"Andr\u00e9 Lacerda\" \/>\n\t<meta name=\"twitter:label2\" content=\"Est. tempo de leitura\" \/>\n\t<meta name=\"twitter:data2\" content=\"10 minutos\" \/>\n<script type=\"application\/ld+json\" class=\"yoast-schema-graph\">{\"@context\":\"https:\/\/schema.org\",\"@graph\":[{\"@type\":\"WebPage\",\"@id\":\"https:\/\/lacerdaai.com\/br\/ia-no-trabalho-de-redutora-de-tarefas-a-intensificadora-de-demandas\/\",\"url\":\"https:\/\/lacerdaai.com\/br\/ia-no-trabalho-de-redutora-de-tarefas-a-intensificadora-de-demandas\/\",\"name\":\"IA no Trabalho: De Redutora de Tarefas a Intensificadora de Demandas? - Lacerda AI\",\"isPartOf\":{\"@id\":\"https:\/\/lacerdaai.com\/br\/#website\"},\"primaryImageOfPage\":{\"@id\":\"https:\/\/lacerdaai.com\/br\/ia-no-trabalho-de-redutora-de-tarefas-a-intensificadora-de-demandas\/#primaryimage\"},\"image\":{\"@id\":\"https:\/\/lacerdaai.com\/br\/ia-no-trabalho-de-redutora-de-tarefas-a-intensificadora-de-demandas\/#primaryimage\"},\"thumbnailUrl\":\"https:\/\/lacerdaai.com\/br\/wp-content\/uploads\/2026\/02\/imagem-39.jpg\",\"datePublished\":\"2026-02-10T11:38:05+00:00\",\"dateModified\":\"2026-02-10T11:38:06+00:00\",\"author\":{\"@id\":\"https:\/\/lacerdaai.com\/br\/#\/schema\/person\/8bad803c2e83a0c5c5c75e02a1c2248f\"},\"description\":\"Descubra o paradoxo da IA no ambiente de trabalho: ao inv\u00e9s de reduzir tarefas, ela intensifica a carga de trabalho. Entenda os riscos de burnout e como implementar uma 'pr\u00e1tica de IA' sustent\u00e1vel.\",\"breadcrumb\":{\"@id\":\"https:\/\/lacerdaai.com\/br\/ia-no-trabalho-de-redutora-de-tarefas-a-intensificadora-de-demandas\/#breadcrumb\"},\"inLanguage\":\"pt-BR\",\"potentialAction\":[{\"@type\":\"ReadAction\",\"target\":[\"https:\/\/lacerdaai.com\/br\/ia-no-trabalho-de-redutora-de-tarefas-a-intensificadora-de-demandas\/\"]}]},{\"@type\":\"ImageObject\",\"inLanguage\":\"pt-BR\",\"@id\":\"https:\/\/lacerdaai.com\/br\/ia-no-trabalho-de-redutora-de-tarefas-a-intensificadora-de-demandas\/#primaryimage\",\"url\":\"https:\/\/lacerdaai.com\/br\/wp-content\/uploads\/2026\/02\/imagem-39.jpg\",\"contentUrl\":\"https:\/\/lacerdaai.com\/br\/wp-content\/uploads\/2026\/02\/imagem-39.jpg\",\"width\":1200,\"height\":675},{\"@type\":\"BreadcrumbList\",\"@id\":\"https:\/\/lacerdaai.com\/br\/ia-no-trabalho-de-redutora-de-tarefas-a-intensificadora-de-demandas\/#breadcrumb\",\"itemListElement\":[{\"@type\":\"ListItem\",\"position\":1,\"name\":\"In\u00edcio\",\"item\":\"https:\/\/lacerdaai.com\/br\/\"},{\"@type\":\"ListItem\",\"position\":2,\"name\":\"IA no Trabalho: De Redutora de Tarefas a Intensificadora de Demandas?\"}]},{\"@type\":\"WebSite\",\"@id\":\"https:\/\/lacerdaai.com\/br\/#website\",\"url\":\"https:\/\/lacerdaai.com\/br\/\",\"name\":\"Lacerda AI\",\"description\":\"Seu blog di\u00e1rio de novidades do mundo da Inteligencia Artificial\",\"potentialAction\":[{\"@type\":\"SearchAction\",\"target\":{\"@type\":\"EntryPoint\",\"urlTemplate\":\"https:\/\/lacerdaai.com\/br\/?s={search_term_string}\"},\"query-input\":{\"@type\":\"PropertyValueSpecification\",\"valueRequired\":true,\"valueName\":\"search_term_string\"}}],\"inLanguage\":\"pt-BR\"},{\"@type\":\"Person\",\"@id\":\"https:\/\/lacerdaai.com\/br\/#\/schema\/person\/8bad803c2e83a0c5c5c75e02a1c2248f\",\"name\":\"Andr\u00e9 Lacerda\",\"image\":{\"@type\":\"ImageObject\",\"inLanguage\":\"pt-BR\",\"@id\":\"https:\/\/lacerdaai.com\/br\/#\/schema\/person\/image\/\",\"url\":\"https:\/\/secure.gravatar.com\/avatar\/f5c1fa5ad9763f54c1f223c3fc91f131da6288c9f9e28d74bb3c355ad99af205?s=96&d=mm&r=g\",\"contentUrl\":\"https:\/\/secure.gravatar.com\/avatar\/f5c1fa5ad9763f54c1f223c3fc91f131da6288c9f9e28d74bb3c355ad99af205?s=96&d=mm&r=g\",\"caption\":\"Andr\u00e9 Lacerda\"},\"description\":\"Sou o Andr\u00e9 Lacerda, tenho 35 anos e sou apaixonado por tecnologia, intelig\u00eancia artificial e boas hist\u00f3rias. Me formei em Tecnologia e Jornalismo \u2014 sim, uma mistura meio improv\u00e1vel, mas que combina muito comigo. J\u00e1 morei no Canad\u00e1 e na Espanha, e essas experi\u00eancias me ajudaram a enxergar a inova\u00e7\u00e3o com um olhar mais global (e a me virar bem em tr\u00eas idiomas \ud83d\ude04). Trabalhei em algumas das maiores empresas de tecnologia do mercado e, hoje, atuo como consultor ajudando neg\u00f3cios a entenderem e aplicarem IA de forma pr\u00e1tica, estrat\u00e9gica e humana. Gosto de traduzir o complexo em algo simples \u2014 e \u00e9 isso que voc\u00ea vai encontrar por aqui.\",\"sameAs\":[\"http:\/\/lacerdaai.com\/br\"],\"url\":\"https:\/\/lacerdaai.com\/br\/author\/red-admin\/\"}]}<\/script>\n<!-- \/ Yoast SEO plugin. -->","yoast_head_json":{"title":"IA no Trabalho: De Redutora de Tarefas a Intensificadora de Demandas? - Lacerda AI","description":"Descubra o paradoxo da IA no ambiente de trabalho: ao inv\u00e9s de reduzir tarefas, ela intensifica a carga de trabalho. Entenda os riscos de burnout e como implementar uma 'pr\u00e1tica de IA' sustent\u00e1vel.","robots":{"index":"index","follow":"follow","max-snippet":"max-snippet:-1","max-image-preview":"max-image-preview:large","max-video-preview":"max-video-preview:-1"},"canonical":"https:\/\/lacerdaai.com\/br\/ia-no-trabalho-de-redutora-de-tarefas-a-intensificadora-de-demandas\/","og_locale":"pt_BR","og_type":"article","og_title":"IA no Trabalho: De Redutora de Tarefas a Intensificadora de Demandas? - Lacerda AI","og_description":"Descubra o paradoxo da IA no ambiente de trabalho: ao inv\u00e9s de reduzir tarefas, ela intensifica a carga de trabalho. Entenda os riscos de burnout e como implementar uma 'pr\u00e1tica de IA' sustent\u00e1vel.","og_url":"https:\/\/lacerdaai.com\/br\/ia-no-trabalho-de-redutora-de-tarefas-a-intensificadora-de-demandas\/","og_site_name":"Lacerda AI","article_published_time":"2026-02-10T11:38:05+00:00","article_modified_time":"2026-02-10T11:38:06+00:00","author":"Andr\u00e9 Lacerda","twitter_card":"summary_large_image","twitter_misc":{"Escrito por":"Andr\u00e9 Lacerda","Est. tempo de leitura":"10 minutos"},"schema":{"@context":"https:\/\/schema.org","@graph":[{"@type":"WebPage","@id":"https:\/\/lacerdaai.com\/br\/ia-no-trabalho-de-redutora-de-tarefas-a-intensificadora-de-demandas\/","url":"https:\/\/lacerdaai.com\/br\/ia-no-trabalho-de-redutora-de-tarefas-a-intensificadora-de-demandas\/","name":"IA no Trabalho: De Redutora de Tarefas a Intensificadora de Demandas? - Lacerda AI","isPartOf":{"@id":"https:\/\/lacerdaai.com\/br\/#website"},"primaryImageOfPage":{"@id":"https:\/\/lacerdaai.com\/br\/ia-no-trabalho-de-redutora-de-tarefas-a-intensificadora-de-demandas\/#primaryimage"},"image":{"@id":"https:\/\/lacerdaai.com\/br\/ia-no-trabalho-de-redutora-de-tarefas-a-intensificadora-de-demandas\/#primaryimage"},"thumbnailUrl":"https:\/\/lacerdaai.com\/br\/wp-content\/uploads\/2026\/02\/imagem-39.jpg","datePublished":"2026-02-10T11:38:05+00:00","dateModified":"2026-02-10T11:38:06+00:00","author":{"@id":"https:\/\/lacerdaai.com\/br\/#\/schema\/person\/8bad803c2e83a0c5c5c75e02a1c2248f"},"description":"Descubra o paradoxo da IA no ambiente de trabalho: ao inv\u00e9s de reduzir tarefas, ela intensifica a carga de trabalho. Entenda os riscos de burnout e como implementar uma 'pr\u00e1tica de IA' sustent\u00e1vel.","breadcrumb":{"@id":"https:\/\/lacerdaai.com\/br\/ia-no-trabalho-de-redutora-de-tarefas-a-intensificadora-de-demandas\/#breadcrumb"},"inLanguage":"pt-BR","potentialAction":[{"@type":"ReadAction","target":["https:\/\/lacerdaai.com\/br\/ia-no-trabalho-de-redutora-de-tarefas-a-intensificadora-de-demandas\/"]}]},{"@type":"ImageObject","inLanguage":"pt-BR","@id":"https:\/\/lacerdaai.com\/br\/ia-no-trabalho-de-redutora-de-tarefas-a-intensificadora-de-demandas\/#primaryimage","url":"https:\/\/lacerdaai.com\/br\/wp-content\/uploads\/2026\/02\/imagem-39.jpg","contentUrl":"https:\/\/lacerdaai.com\/br\/wp-content\/uploads\/2026\/02\/imagem-39.jpg","width":1200,"height":675},{"@type":"BreadcrumbList","@id":"https:\/\/lacerdaai.com\/br\/ia-no-trabalho-de-redutora-de-tarefas-a-intensificadora-de-demandas\/#breadcrumb","itemListElement":[{"@type":"ListItem","position":1,"name":"In\u00edcio","item":"https:\/\/lacerdaai.com\/br\/"},{"@type":"ListItem","position":2,"name":"IA no Trabalho: De Redutora de Tarefas a Intensificadora de Demandas?"}]},{"@type":"WebSite","@id":"https:\/\/lacerdaai.com\/br\/#website","url":"https:\/\/lacerdaai.com\/br\/","name":"Lacerda AI","description":"Seu blog di\u00e1rio de novidades do mundo da Inteligencia Artificial","potentialAction":[{"@type":"SearchAction","target":{"@type":"EntryPoint","urlTemplate":"https:\/\/lacerdaai.com\/br\/?s={search_term_string}"},"query-input":{"@type":"PropertyValueSpecification","valueRequired":true,"valueName":"search_term_string"}}],"inLanguage":"pt-BR"},{"@type":"Person","@id":"https:\/\/lacerdaai.com\/br\/#\/schema\/person\/8bad803c2e83a0c5c5c75e02a1c2248f","name":"Andr\u00e9 Lacerda","image":{"@type":"ImageObject","inLanguage":"pt-BR","@id":"https:\/\/lacerdaai.com\/br\/#\/schema\/person\/image\/","url":"https:\/\/secure.gravatar.com\/avatar\/f5c1fa5ad9763f54c1f223c3fc91f131da6288c9f9e28d74bb3c355ad99af205?s=96&d=mm&r=g","contentUrl":"https:\/\/secure.gravatar.com\/avatar\/f5c1fa5ad9763f54c1f223c3fc91f131da6288c9f9e28d74bb3c355ad99af205?s=96&d=mm&r=g","caption":"Andr\u00e9 Lacerda"},"description":"Sou o Andr\u00e9 Lacerda, tenho 35 anos e sou apaixonado por tecnologia, intelig\u00eancia artificial e boas hist\u00f3rias. Me formei em Tecnologia e Jornalismo \u2014 sim, uma mistura meio improv\u00e1vel, mas que combina muito comigo. J\u00e1 morei no Canad\u00e1 e na Espanha, e essas experi\u00eancias me ajudaram a enxergar a inova\u00e7\u00e3o com um olhar mais global (e a me virar bem em tr\u00eas idiomas \ud83d\ude04). Trabalhei em algumas das maiores empresas de tecnologia do mercado e, hoje, atuo como consultor ajudando neg\u00f3cios a entenderem e aplicarem IA de forma pr\u00e1tica, estrat\u00e9gica e humana. Gosto de traduzir o complexo em algo simples \u2014 e \u00e9 isso que voc\u00ea vai encontrar por aqui.","sameAs":["http:\/\/lacerdaai.com\/br"],"url":"https:\/\/lacerdaai.com\/br\/author\/red-admin\/"}]}},"_links":{"self":[{"href":"https:\/\/lacerdaai.com\/br\/wp-json\/wp\/v2\/posts\/3578","targetHints":{"allow":["GET"]}}],"collection":[{"href":"https:\/\/lacerdaai.com\/br\/wp-json\/wp\/v2\/posts"}],"about":[{"href":"https:\/\/lacerdaai.com\/br\/wp-json\/wp\/v2\/types\/post"}],"author":[{"embeddable":true,"href":"https:\/\/lacerdaai.com\/br\/wp-json\/wp\/v2\/users\/1"}],"replies":[{"embeddable":true,"href":"https:\/\/lacerdaai.com\/br\/wp-json\/wp\/v2\/comments?post=3578"}],"version-history":[{"count":1,"href":"https:\/\/lacerdaai.com\/br\/wp-json\/wp\/v2\/posts\/3578\/revisions"}],"predecessor-version":[{"id":3579,"href":"https:\/\/lacerdaai.com\/br\/wp-json\/wp\/v2\/posts\/3578\/revisions\/3579"}],"wp:featuredmedia":[{"embeddable":true,"href":"https:\/\/lacerdaai.com\/br\/wp-json\/wp\/v2\/media\/3577"}],"wp:attachment":[{"href":"https:\/\/lacerdaai.com\/br\/wp-json\/wp\/v2\/media?parent=3578"}],"wp:term":[{"taxonomy":"category","embeddable":true,"href":"https:\/\/lacerdaai.com\/br\/wp-json\/wp\/v2\/categories?post=3578"},{"taxonomy":"post_tag","embeddable":true,"href":"https:\/\/lacerdaai.com\/br\/wp-json\/wp\/v2\/tags?post=3578"}],"curies":[{"name":"wp","href":"https:\/\/api.w.org\/{rel}","templated":true}]}}